{"id":699,"date":"2024-08-26T08:12:00","date_gmt":"2024-08-26T06:12:00","guid":{"rendered":"https:\/\/www.accidentdutravail-idf.net\/blog\/le-president-du-medef-deplore-la-suspension-de-la-reforme-de-lassurance-chomage\/"},"modified":"2024-08-26T08:12:00","modified_gmt":"2024-08-26T06:12:00","slug":"le-president-du-medef-deplore-la-suspension-de-la-reforme-de-lassurance-chomage","status":"publish","type":"post","link":"https:\/\/www.accidentdutravail-idf.net\/blog\/le-president-du-medef-deplore-la-suspension-de-la-reforme-de-lassurance-chomage\/","title":{"rendered":"Le pr\u00e9sident du Medef d\u00e9plore la suspension de la r\u00e9forme de l&rsquo;assurance-ch\u00f4mage"},"content":{"rendered":"<div><img decoding=\"async\" src=\"https:\/\/www.accidentdutravail-idf.net\/blog\/wp-content\/uploads\/2024\/08\/le-president-du-medef-deplore-la-suspension-de-la-reforme-de-lassurance-chomage.jpg\" class=\"ff-og-image-inserted\"><\/div>\n<p>Lors du discours inaugural de la Rencontre des Entrepreneurs de France, le pr\u00e9sident du Medef a d\u00e9plor\u00e9 la suspension du d\u00e9cret r\u00e9formant l&rsquo;assurance-ch\u00f4mage.<\/p>\n<p>Lors du <a href=\"https:\/\/www.bfmtv.com\/economie\/entreprises\/direct-suivez-la-ref-du-medef-qui-lance-la-rentree-des-entreprises_LN-202408260348.html\" title=\"DIRECT. La Ref: Patrick Martin d\u00e9nonce le programme &quot;mortif\u00e8re et liberticide&quot; de LFI\" class=\"internal_link\" target=\"_blank\" rel=\"nofollow\">s\u00e9minaire de rentr\u00e9e des chefs d&rsquo;entreprise<\/a>, Patrick Martin, pr\u00e9sident du Medef a regrett\u00e9 l&rsquo;absence de mise en \u0153uvre de la <a href=\"https:\/\/www.bfmtv.com\/economie\/replay-emissions\/les-experts-du-soir\/assurance-chomage-fallait-il-la-suspendre-02-07_VN-202407020820.html\" title=\"Assurance-ch\u00f4mage : fallait-il la suspendre ? - 02\/07\" class=\"internal_link\" target=\"_blank\" rel=\"nofollow\">r\u00e9forme de l&rsquo;assurance-ch\u00f4mage<\/a> port\u00e9e par le gouvernement. \u00ab\u00a0Laissez-moi redire mon incompr\u00e9hension que le gouvernement ait suspendu son dernier d\u00e9cret assurance-ch\u00f4mage que nous souhaitions\u00a0\u00bb, at-t-il d\u00e9clar\u00e9 lors de son discours inaugural.<\/p>\n<p>Ce d\u00e9cret qui visait \u00e0 durcir les conditions d&rsquo;\u00e9ligibilit\u00e9 au ch\u00f4mage &#8211; notamment en allongant la p\u00e9riode travaill\u00e9e pour ouvrir des droits &#8211; a \u00e9t\u00e9 mis sur pause par le gouvernement apr\u00e8s la d\u00e9faite du camp pr\u00e9sidentiel aux \u00e9lections l\u00e9gislatives.<\/p>\n<p><a href=\"https:\/\/www.bfmtv.com\/economie\/economie-social\/assurance-chomage-le-patron-du-medef-defend-une-reforme-pour-le-plein-emploi_AV-202405210367.html\" title=\"Assurance-ch\u00f4mage: le patron du Medef d\u00e9fend une &quot;r\u00e9forme pour le plein emploi&quot;\" class=\"internal_link\" target=\"_blank\" rel=\"nofollow\">Cette intervention de Patrick Martin<\/a> s&rsquo;inscrit dans le prolongement des prises de positions du Medef. Apr\u00e8s quelques mois pendant lesquels cette r\u00e9forme n&rsquo;a pas \u00e9t\u00e9 consid\u00e9r\u00e9e comme une priorit\u00e9 majeure du mouvement patronal &#8211; lequel avait \u00e9chou\u00e9 \u00e0 rendre une copie satisfaisante avec les partenaires sociaux &#8211; le ton avait bel et bien chang\u00e9. En mai, le patron du Medef avait affich\u00e9 son soutien \u00e0 ce nouveau durcissement.<\/p>\n<p>Mais au-del\u00e0 des regrets de cette suspension, Patrick Martin a livr\u00e9 un plaidoyer en faveur du dialogue social et s&rsquo;est dit convaincu du \u00ab\u00a0r\u00f4le essentiel des partenaires sociaux\u00a0\u00bb.<\/p>\n<blockquote class=\"embed embed_quote\"><p><span>Malgr\u00e9 de r\u00e9els d\u00e9saccords sur les retraites ou l&rsquo;assurance ch\u00f4mage, le paritarisme n&rsquo;est pas mort\u00a0\u00bb, a t-il indiqu\u00e9.<\/span><\/p><\/blockquote>\n<p>Loin de privil\u00e9gier une reprise en main par l&rsquo;Etat, le pr\u00e9sident du Medef a \u00e9voqu\u00e9 les terrains d&rsquo;entente pass\u00e9s avec les organisations syndicales, dont la revalorisation des indemnit\u00e9s ch\u00f4mage, la lutte contre les accidents du travail, le refus de voir ponctionn\u00e9 le r\u00e9gime Agirc\/Arrco. Il a invit\u00e9 \u00e0 poursuivre ce travail commun pour travailler \u00e0 la \u00ab\u00a0r\u00e9concilliation de la croissance et des grandes mutations\u00a0\u00bb.<\/p>\n<div class=\"block_signature_parent\" id=\"block_signature_parent\">\n<div class=\"block_signature\">\n<p><span class=\"author_name\">Marine Landau<\/span><\/p>\n<\/div>\n<\/div>\n<p>accidentdutravail-idf.net vous a pr\u00e9par\u00e9 ce post qui informe du sujet \u00ab\u00a0Association Sportive Huisson-Longueville Essonne\u00a0\u00bb. La chronique se veut g\u00e9n\u00e9r\u00e9e du mieux possible. Vous pouvez utiliser les coordonn\u00e9es indiqu\u00e9es sur le site dans le but d\u2019apporter des explications sur ce post qui parle du th\u00e8me \u00ab\u00a0Association Sportive Huisson-Longueville Essonne\u00a0\u00bb. Le site accidentdutravail-idf.net a pour but de fournir diverses publications sur la th\u00e9matique Association Sportive Huisson-Longueville Essonne diffus\u00e9es sur le net. Il y aura plusieurs articles autour du sujet \u00ab\u00a0Association Sportive Huisson-Longueville Essonne\u00a0\u00bb dans quelques jours, nous vous invitons \u00e0 naviguer sur notre site web \u00e0 plusieurs reprises.<\/p>\n","protected":false},"excerpt":{"rendered":"<p>Lors du discours inaugural de la Rencontre des Entrepreneurs de France, le pr\u00e9sident du Medef a d\u00e9plor\u00e9 la suspension du d\u00e9cret r\u00e9formant l&rsquo;assurance-ch\u00f4mage. Lors du s\u00e9minaire de rentr\u00e9e des chefs d&rsquo;entreprise, Patrick Martin, pr\u00e9sident du Medef a regrett\u00e9 l&rsquo;absence de mise en \u0153uvre de la r\u00e9forme de l&rsquo;assurance-ch\u00f4mage port\u00e9e par le gouvernement. \u00ab\u00a0Laissez-moi redire mon &hellip; <\/p>\n<p class=\"link-more\"><a href=\"https:\/\/www.accidentdutravail-idf.net\/blog\/le-president-du-medef-deplore-la-suspension-de-la-reforme-de-lassurance-chomage\/\" class=\"more-link\">Continuer la lecture <span class=\"screen-reader-text\"> \u00ab\u00a0Le pr\u00e9sident du Medef d\u00e9plore la suspension de la r\u00e9forme de l&rsquo;assurance-ch\u00f4mage\u00a0\u00bb<\/span><\/a><\/p>\n","protected":false},"author":2,"featured_media":0,"comment_status":"closed","ping_status":"closed","sticky":false,"template":"","format":"standard","meta":{"footnotes":""},"categories":[5],"tags":[],"class_list":["post-699","post","type-post","status-publish","format-standard","hentry","category-securite-du-travail-en-ile-de-france-et-divers","entry"],"yoast_head":"<!-- This site is optimized with the Yoast SEO plugin v27.5 - https:\/\/yoast.com\/product\/yoast-seo-wordpress\/ -->\n<title>Le pr\u00e9sident du Medef d\u00e9plore la suspension de la r\u00e9forme de l&#039;assurance-ch\u00f4mage - ACCIDENTDUTRAVAIL-IDF<\/title>\n<meta name=\"description\" content=\"Le pr\u00e9sident du Medef d\u00e9plore la suspension de la r\u00e9forme de l&#039;assurance-ch\u00f4mage article de ACCIDENTDUTRAVAIL-IDF\" \/>\n<meta name=\"robots\" content=\"index, follow, max-snippet:-1, max-image-preview:large, max-video-preview:-1\" \/>\n<link rel=\"canonical\" href=\"https:\/\/www.accidentdutravail-idf.net\/blog\/le-president-du-medef-deplore-la-suspension-de-la-reforme-de-lassurance-chomage\/\" \/>\n<meta property=\"og:locale\" content=\"fr_FR\" \/>\n<meta property=\"og:type\" content=\"article\" \/>\n<meta property=\"og:title\" content=\"Le pr\u00e9sident du Medef d\u00e9plore la suspension de la r\u00e9forme de l&#039;assurance-ch\u00f4mage - ACCIDENTDUTRAVAIL-IDF\" \/>\n<meta property=\"og:description\" content=\"Le pr\u00e9sident du Medef d\u00e9plore la suspension de la r\u00e9forme de l&#039;assurance-ch\u00f4mage article de ACCIDENTDUTRAVAIL-IDF\" \/>\n<meta property=\"og:url\" content=\"https:\/\/www.accidentdutravail-idf.net\/blog\/le-president-du-medef-deplore-la-suspension-de-la-reforme-de-lassurance-chomage\/\" \/>\n<meta property=\"og:site_name\" content=\"ACCIDENTDUTRAVAIL-IDF\" \/>\n<meta property=\"article:published_time\" content=\"2024-08-26T06:12:00+00:00\" \/>\n<meta property=\"og:image\" content=\"https:\/\/www.accidentdutravail-idf.net\/blog\/wp-content\/uploads\/2024\/08\/le-president-du-medef-deplore-la-suspension-de-la-reforme-de-lassurance-chomage.jpg\" \/>\n<meta name=\"author\" content=\"Carlos Poulain\" \/>\n<meta name=\"twitter:card\" content=\"summary_large_image\" \/>\n<meta name=\"twitter:label1\" content=\"\u00c9crit par\" \/>\n\t<meta name=\"twitter:data1\" content=\"Carlos Poulain\" \/>\n\t<meta name=\"twitter:label2\" content=\"Dur\u00e9e de lecture estim\u00e9e\" \/>\n\t<meta name=\"twitter:data2\" content=\"2 minutes\" \/>\n<script type=\"application\/ld+json\" class=\"yoast-schema-graph\">{\"@context\":\"https:\\\/\\\/schema.org\",\"@graph\":[{\"@type\":\"Article\",\"@id\":\"https:\\\/\\\/www.accidentdutravail-idf.net\\\/blog\\\/le-president-du-medef-deplore-la-suspension-de-la-reforme-de-lassurance-chomage\\\/#article\",\"isPartOf\":{\"@id\":\"https:\\\/\\\/www.accidentdutravail-idf.net\\\/blog\\\/le-president-du-medef-deplore-la-suspension-de-la-reforme-de-lassurance-chomage\\\/\"},\"author\":{\"name\":\"Carlos Poulain\",\"@id\":\"https:\\\/\\\/www.accidentdutravail-idf.net\\\/blog\\\/#\\\/schema\\\/person\\\/3255d2f970de45e64bd9201f38e7b947\"},\"headline\":\"Le pr\u00e9sident du Medef d\u00e9plore la suspension de la r\u00e9forme de l&rsquo;assurance-ch\u00f4mage\",\"datePublished\":\"2024-08-26T06:12:00+00:00\",\"mainEntityOfPage\":{\"@id\":\"https:\\\/\\\/www.accidentdutravail-idf.net\\\/blog\\\/le-president-du-medef-deplore-la-suspension-de-la-reforme-de-lassurance-chomage\\\/\"},\"wordCount\":452,\"publisher\":{\"@id\":\"https:\\\/\\\/www.accidentdutravail-idf.net\\\/blog\\\/#organization\"},\"image\":{\"@id\":\"https:\\\/\\\/www.accidentdutravail-idf.net\\\/blog\\\/le-president-du-medef-deplore-la-suspension-de-la-reforme-de-lassurance-chomage\\\/#primaryimage\"},\"thumbnailUrl\":\"https:\\\/\\\/www.accidentdutravail-idf.net\\\/blog\\\/wp-content\\\/uploads\\\/2024\\\/08\\\/le-president-du-medef-deplore-la-suspension-de-la-reforme-de-lassurance-chomage.jpg\",\"articleSection\":[\"S\u00e9curit\u00e9 Du Travail En Ile-De-France Et Divers:\"],\"inLanguage\":\"fr-FR\"},{\"@type\":\"WebPage\",\"@id\":\"https:\\\/\\\/www.accidentdutravail-idf.net\\\/blog\\\/le-president-du-medef-deplore-la-suspension-de-la-reforme-de-lassurance-chomage\\\/\",\"url\":\"https:\\\/\\\/www.accidentdutravail-idf.net\\\/blog\\\/le-president-du-medef-deplore-la-suspension-de-la-reforme-de-lassurance-chomage\\\/\",\"name\":\"Le pr\u00e9sident du Medef d\u00e9plore la suspension de la r\u00e9forme de l'assurance-ch\u00f4mage - ACCIDENTDUTRAVAIL-IDF\",\"isPartOf\":{\"@id\":\"https:\\\/\\\/www.accidentdutravail-idf.net\\\/blog\\\/#website\"},\"primaryImageOfPage\":{\"@id\":\"https:\\\/\\\/www.accidentdutravail-idf.net\\\/blog\\\/le-president-du-medef-deplore-la-suspension-de-la-reforme-de-lassurance-chomage\\\/#primaryimage\"},\"image\":{\"@id\":\"https:\\\/\\\/www.accidentdutravail-idf.net\\\/blog\\\/le-president-du-medef-deplore-la-suspension-de-la-reforme-de-lassurance-chomage\\\/#primaryimage\"},\"thumbnailUrl\":\"https:\\\/\\\/www.accidentdutravail-idf.net\\\/blog\\\/wp-content\\\/uploads\\\/2024\\\/08\\\/le-president-du-medef-deplore-la-suspension-de-la-reforme-de-lassurance-chomage.jpg\",\"datePublished\":\"2024-08-26T06:12:00+00:00\",\"description\":\"Le pr\u00e9sident du Medef d\u00e9plore la suspension de la r\u00e9forme de l'assurance-ch\u00f4mage article de ACCIDENTDUTRAVAIL-IDF\",\"breadcrumb\":{\"@id\":\"https:\\\/\\\/www.accidentdutravail-idf.net\\\/blog\\\/le-president-du-medef-deplore-la-suspension-de-la-reforme-de-lassurance-chomage\\\/#breadcrumb\"},\"inLanguage\":\"fr-FR\",\"potentialAction\":[{\"@type\":\"ReadAction\",\"target\":[\"https:\\\/\\\/www.accidentdutravail-idf.net\\\/blog\\\/le-president-du-medef-deplore-la-suspension-de-la-reforme-de-lassurance-chomage\\\/\"]}]},{\"@type\":\"ImageObject\",\"inLanguage\":\"fr-FR\",\"@id\":\"https:\\\/\\\/www.accidentdutravail-idf.net\\\/blog\\\/le-president-du-medef-deplore-la-suspension-de-la-reforme-de-lassurance-chomage\\\/#primaryimage\",\"url\":\"https:\\\/\\\/www.accidentdutravail-idf.net\\\/blog\\\/wp-content\\\/uploads\\\/2024\\\/08\\\/le-president-du-medef-deplore-la-suspension-de-la-reforme-de-lassurance-chomage.jpg\",\"contentUrl\":\"https:\\\/\\\/www.accidentdutravail-idf.net\\\/blog\\\/wp-content\\\/uploads\\\/2024\\\/08\\\/le-president-du-medef-deplore-la-suspension-de-la-reforme-de-lassurance-chomage.jpg\"},{\"@type\":\"BreadcrumbList\",\"@id\":\"https:\\\/\\\/www.accidentdutravail-idf.net\\\/blog\\\/le-president-du-medef-deplore-la-suspension-de-la-reforme-de-lassurance-chomage\\\/#breadcrumb\",\"itemListElement\":[{\"@type\":\"ListItem\",\"position\":1,\"name\":\"Accueil\",\"item\":\"https:\\\/\\\/www.accidentdutravail-idf.net\\\/blog\\\/\"},{\"@type\":\"ListItem\",\"position\":2,\"name\":\"Le pr\u00e9sident du Medef d\u00e9plore la suspension de la r\u00e9forme de l&rsquo;assurance-ch\u00f4mage\"}]},{\"@type\":\"WebSite\",\"@id\":\"https:\\\/\\\/www.accidentdutravail-idf.net\\\/blog\\\/#website\",\"url\":\"https:\\\/\\\/www.accidentdutravail-idf.net\\\/blog\\\/\",\"name\":\"ACCIDENTDUTRAVAIL-IDF\",\"description\":\"Portail accidents du travail-maladies professionnelles des entreprises d&#039;Ile-de-France\",\"publisher\":{\"@id\":\"https:\\\/\\\/www.accidentdutravail-idf.net\\\/blog\\\/#organization\"},\"potentialAction\":[{\"@type\":\"SearchAction\",\"target\":{\"@type\":\"EntryPoint\",\"urlTemplate\":\"https:\\\/\\\/www.accidentdutravail-idf.net\\\/blog\\\/?s={search_term_string}\"},\"query-input\":{\"@type\":\"PropertyValueSpecification\",\"valueRequired\":true,\"valueName\":\"search_term_string\"}}],\"inLanguage\":\"fr-FR\"},{\"@type\":\"Organization\",\"@id\":\"https:\\\/\\\/www.accidentdutravail-idf.net\\\/blog\\\/#organization\",\"name\":\"accidentdutravail-idf\",\"url\":\"https:\\\/\\\/www.accidentdutravail-idf.net\\\/blog\\\/\",\"logo\":{\"@type\":\"ImageObject\",\"inLanguage\":\"fr-FR\",\"@id\":\"https:\\\/\\\/www.accidentdutravail-idf.net\\\/blog\\\/#\\\/schema\\\/logo\\\/image\\\/\",\"url\":\"https:\\\/\\\/www.accidentdutravail-idf.net\\\/blog\\\/wp-content\\\/uploads\\\/2022\\\/09\\\/logo-2.png\",\"contentUrl\":\"https:\\\/\\\/www.accidentdutravail-idf.net\\\/blog\\\/wp-content\\\/uploads\\\/2022\\\/09\\\/logo-2.png\",\"width\":380,\"height\":291,\"caption\":\"accidentdutravail-idf\"},\"image\":{\"@id\":\"https:\\\/\\\/www.accidentdutravail-idf.net\\\/blog\\\/#\\\/schema\\\/logo\\\/image\\\/\"}},{\"@type\":\"Person\",\"@id\":\"https:\\\/\\\/www.accidentdutravail-idf.net\\\/blog\\\/#\\\/schema\\\/person\\\/3255d2f970de45e64bd9201f38e7b947\",\"name\":\"Carlos Poulain\",\"image\":{\"@type\":\"ImageObject\",\"inLanguage\":\"fr-FR\",\"@id\":\"https:\\\/\\\/secure.gravatar.com\\\/avatar\\\/b1c2f9d3588e34e91adb093635df64ef4b2381991216be7576466cfcdca4baf3?s=96&d=mm&r=g\",\"url\":\"https:\\\/\\\/secure.gravatar.com\\\/avatar\\\/b1c2f9d3588e34e91adb093635df64ef4b2381991216be7576466cfcdca4baf3?s=96&d=mm&r=g\",\"contentUrl\":\"https:\\\/\\\/secure.gravatar.com\\\/avatar\\\/b1c2f9d3588e34e91adb093635df64ef4b2381991216be7576466cfcdca4baf3?s=96&d=mm&r=g\",\"caption\":\"Carlos Poulain\"},\"url\":\"https:\\\/\\\/www.accidentdutravail-idf.net\\\/blog\\\/author\\\/idfcarlos\\\/\"}]}<\/script>\n<!-- \/ Yoast SEO plugin. -->","yoast_head_json":{"title":"Le pr\u00e9sident du Medef d\u00e9plore la suspension de la r\u00e9forme de l'assurance-ch\u00f4mage - ACCIDENTDUTRAVAIL-IDF","description":"Le pr\u00e9sident du Medef d\u00e9plore la suspension de la r\u00e9forme de l'assurance-ch\u00f4mage article de ACCIDENTDUTRAVAIL-IDF","robots":{"index":"index","follow":"follow","max-snippet":"max-snippet:-1","max-image-preview":"max-image-preview:large","max-video-preview":"max-video-preview:-1"},"canonical":"https:\/\/www.accidentdutravail-idf.net\/blog\/le-president-du-medef-deplore-la-suspension-de-la-reforme-de-lassurance-chomage\/","og_locale":"fr_FR","og_type":"article","og_title":"Le pr\u00e9sident du Medef d\u00e9plore la suspension de la r\u00e9forme de l'assurance-ch\u00f4mage - ACCIDENTDUTRAVAIL-IDF","og_description":"Le pr\u00e9sident du Medef d\u00e9plore la suspension de la r\u00e9forme de l'assurance-ch\u00f4mage article de ACCIDENTDUTRAVAIL-IDF","og_url":"https:\/\/www.accidentdutravail-idf.net\/blog\/le-president-du-medef-deplore-la-suspension-de-la-reforme-de-lassurance-chomage\/","og_site_name":"ACCIDENTDUTRAVAIL-IDF","article_published_time":"2024-08-26T06:12:00+00:00","og_image":[{"url":"https:\/\/www.accidentdutravail-idf.net\/blog\/wp-content\/uploads\/2024\/08\/le-president-du-medef-deplore-la-suspension-de-la-reforme-de-lassurance-chomage.jpg","type":"","width":"","height":""}],"author":"Carlos Poulain","twitter_card":"summary_large_image","twitter_misc":{"\u00c9crit par":"Carlos Poulain","Dur\u00e9e de lecture estim\u00e9e":"2 minutes"},"schema":{"@context":"https:\/\/schema.org","@graph":[{"@type":"Article","@id":"https:\/\/www.accidentdutravail-idf.net\/blog\/le-president-du-medef-deplore-la-suspension-de-la-reforme-de-lassurance-chomage\/#article","isPartOf":{"@id":"https:\/\/www.accidentdutravail-idf.net\/blog\/le-president-du-medef-deplore-la-suspension-de-la-reforme-de-lassurance-chomage\/"},"author":{"name":"Carlos Poulain","@id":"https:\/\/www.accidentdutravail-idf.net\/blog\/#\/schema\/person\/3255d2f970de45e64bd9201f38e7b947"},"headline":"Le pr\u00e9sident du Medef d\u00e9plore la suspension de la r\u00e9forme de l&rsquo;assurance-ch\u00f4mage","datePublished":"2024-08-26T06:12:00+00:00","mainEntityOfPage":{"@id":"https:\/\/www.accidentdutravail-idf.net\/blog\/le-president-du-medef-deplore-la-suspension-de-la-reforme-de-lassurance-chomage\/"},"wordCount":452,"publisher":{"@id":"https:\/\/www.accidentdutravail-idf.net\/blog\/#organization"},"image":{"@id":"https:\/\/www.accidentdutravail-idf.net\/blog\/le-president-du-medef-deplore-la-suspension-de-la-reforme-de-lassurance-chomage\/#primaryimage"},"thumbnailUrl":"https:\/\/www.accidentdutravail-idf.net\/blog\/wp-content\/uploads\/2024\/08\/le-president-du-medef-deplore-la-suspension-de-la-reforme-de-lassurance-chomage.jpg","articleSection":["S\u00e9curit\u00e9 Du Travail En Ile-De-France Et Divers:"],"inLanguage":"fr-FR"},{"@type":"WebPage","@id":"https:\/\/www.accidentdutravail-idf.net\/blog\/le-president-du-medef-deplore-la-suspension-de-la-reforme-de-lassurance-chomage\/","url":"https:\/\/www.accidentdutravail-idf.net\/blog\/le-president-du-medef-deplore-la-suspension-de-la-reforme-de-lassurance-chomage\/","name":"Le pr\u00e9sident du Medef d\u00e9plore la suspension de la r\u00e9forme de l'assurance-ch\u00f4mage - ACCIDENTDUTRAVAIL-IDF","isPartOf":{"@id":"https:\/\/www.accidentdutravail-idf.net\/blog\/#website"},"primaryImageOfPage":{"@id":"https:\/\/www.accidentdutravail-idf.net\/blog\/le-president-du-medef-deplore-la-suspension-de-la-reforme-de-lassurance-chomage\/#primaryimage"},"image":{"@id":"https:\/\/www.accidentdutravail-idf.net\/blog\/le-president-du-medef-deplore-la-suspension-de-la-reforme-de-lassurance-chomage\/#primaryimage"},"thumbnailUrl":"https:\/\/www.accidentdutravail-idf.net\/blog\/wp-content\/uploads\/2024\/08\/le-president-du-medef-deplore-la-suspension-de-la-reforme-de-lassurance-chomage.jpg","datePublished":"2024-08-26T06:12:00+00:00","description":"Le pr\u00e9sident du Medef d\u00e9plore la suspension de la r\u00e9forme de l'assurance-ch\u00f4mage article de ACCIDENTDUTRAVAIL-IDF","breadcrumb":{"@id":"https:\/\/www.accidentdutravail-idf.net\/blog\/le-president-du-medef-deplore-la-suspension-de-la-reforme-de-lassurance-chomage\/#breadcrumb"},"inLanguage":"fr-FR","potentialAction":[{"@type":"ReadAction","target":["https:\/\/www.accidentdutravail-idf.net\/blog\/le-president-du-medef-deplore-la-suspension-de-la-reforme-de-lassurance-chomage\/"]}]},{"@type":"ImageObject","inLanguage":"fr-FR","@id":"https:\/\/www.accidentdutravail-idf.net\/blog\/le-president-du-medef-deplore-la-suspension-de-la-reforme-de-lassurance-chomage\/#primaryimage","url":"https:\/\/www.accidentdutravail-idf.net\/blog\/wp-content\/uploads\/2024\/08\/le-president-du-medef-deplore-la-suspension-de-la-reforme-de-lassurance-chomage.jpg","contentUrl":"https:\/\/www.accidentdutravail-idf.net\/blog\/wp-content\/uploads\/2024\/08\/le-president-du-medef-deplore-la-suspension-de-la-reforme-de-lassurance-chomage.jpg"},{"@type":"BreadcrumbList","@id":"https:\/\/www.accidentdutravail-idf.net\/blog\/le-president-du-medef-deplore-la-suspension-de-la-reforme-de-lassurance-chomage\/#breadcrumb","itemListElement":[{"@type":"ListItem","position":1,"name":"Accueil","item":"https:\/\/www.accidentdutravail-idf.net\/blog\/"},{"@type":"ListItem","position":2,"name":"Le pr\u00e9sident du Medef d\u00e9plore la suspension de la r\u00e9forme de l&rsquo;assurance-ch\u00f4mage"}]},{"@type":"WebSite","@id":"https:\/\/www.accidentdutravail-idf.net\/blog\/#website","url":"https:\/\/www.accidentdutravail-idf.net\/blog\/","name":"ACCIDENTDUTRAVAIL-IDF","description":"Portail accidents du travail-maladies professionnelles des entreprises d&#039;Ile-de-France","publisher":{"@id":"https:\/\/www.accidentdutravail-idf.net\/blog\/#organization"},"potentialAction":[{"@type":"SearchAction","target":{"@type":"EntryPoint","urlTemplate":"https:\/\/www.accidentdutravail-idf.net\/blog\/?s={search_term_string}"},"query-input":{"@type":"PropertyValueSpecification","valueRequired":true,"valueName":"search_term_string"}}],"inLanguage":"fr-FR"},{"@type":"Organization","@id":"https:\/\/www.accidentdutravail-idf.net\/blog\/#organization","name":"accidentdutravail-idf","url":"https:\/\/www.accidentdutravail-idf.net\/blog\/","logo":{"@type":"ImageObject","inLanguage":"fr-FR","@id":"https:\/\/www.accidentdutravail-idf.net\/blog\/#\/schema\/logo\/image\/","url":"https:\/\/www.accidentdutravail-idf.net\/blog\/wp-content\/uploads\/2022\/09\/logo-2.png","contentUrl":"https:\/\/www.accidentdutravail-idf.net\/blog\/wp-content\/uploads\/2022\/09\/logo-2.png","width":380,"height":291,"caption":"accidentdutravail-idf"},"image":{"@id":"https:\/\/www.accidentdutravail-idf.net\/blog\/#\/schema\/logo\/image\/"}},{"@type":"Person","@id":"https:\/\/www.accidentdutravail-idf.net\/blog\/#\/schema\/person\/3255d2f970de45e64bd9201f38e7b947","name":"Carlos Poulain","image":{"@type":"ImageObject","inLanguage":"fr-FR","@id":"https:\/\/secure.gravatar.com\/avatar\/b1c2f9d3588e34e91adb093635df64ef4b2381991216be7576466cfcdca4baf3?s=96&d=mm&r=g","url":"https:\/\/secure.gravatar.com\/avatar\/b1c2f9d3588e34e91adb093635df64ef4b2381991216be7576466cfcdca4baf3?s=96&d=mm&r=g","contentUrl":"https:\/\/secure.gravatar.com\/avatar\/b1c2f9d3588e34e91adb093635df64ef4b2381991216be7576466cfcdca4baf3?s=96&d=mm&r=g","caption":"Carlos Poulain"},"url":"https:\/\/www.accidentdutravail-idf.net\/blog\/author\/idfcarlos\/"}]}},"_links":{"self":[{"href":"https:\/\/www.accidentdutravail-idf.net\/blog\/wp-json\/wp\/v2\/posts\/699","targetHints":{"allow":["GET"]}}],"collection":[{"href":"https:\/\/www.accidentdutravail-idf.net\/blog\/wp-json\/wp\/v2\/posts"}],"about":[{"href":"https:\/\/www.accidentdutravail-idf.net\/blog\/wp-json\/wp\/v2\/types\/post"}],"author":[{"embeddable":true,"href":"https:\/\/www.accidentdutravail-idf.net\/blog\/wp-json\/wp\/v2\/users\/2"}],"replies":[{"embeddable":true,"href":"https:\/\/www.accidentdutravail-idf.net\/blog\/wp-json\/wp\/v2\/comments?post=699"}],"version-history":[{"count":0,"href":"https:\/\/www.accidentdutravail-idf.net\/blog\/wp-json\/wp\/v2\/posts\/699\/revisions"}],"wp:attachment":[{"href":"https:\/\/www.accidentdutravail-idf.net\/blog\/wp-json\/wp\/v2\/media?parent=699"}],"wp:term":[{"taxonomy":"category","embeddable":true,"href":"https:\/\/www.accidentdutravail-idf.net\/blog\/wp-json\/wp\/v2\/categories?post=699"},{"taxonomy":"post_tag","embeddable":true,"href":"https:\/\/www.accidentdutravail-idf.net\/blog\/wp-json\/wp\/v2\/tags?post=699"}],"curies":[{"name":"wp","href":"https:\/\/api.w.org\/{rel}","templated":true}]}}