{"id":689,"date":"2024-08-21T00:43:00","date_gmt":"2024-08-20T22:43:00","guid":{"rendered":"https:\/\/www.accidentdutravail-idf.net\/blog\/quand-la-canicule-rend-le-travail-difficile\/"},"modified":"2024-08-21T00:43:00","modified_gmt":"2024-08-20T22:43:00","slug":"quand-la-canicule-rend-le-travail-difficile","status":"publish","type":"post","link":"https:\/\/www.accidentdutravail-idf.net\/blog\/quand-la-canicule-rend-le-travail-difficile\/","title":{"rendered":"Quand la canicule rend le travail difficile"},"content":{"rendered":"<div><img decoding=\"async\" src=\"https:\/\/www.accidentdutravail-idf.net\/blog\/wp-content\/uploads\/2024\/08\/quand-la-canicule-rend-le-travail-difficile.jpg\" class=\"ff-og-image-inserted\"><\/div>\n<div class=\"paragraph\">\n<p>L\u2019effort en pleine chaleur, comme y sont contraints les ouvriers du BTP durant ces \u00e9pisodes caniculaires, peut augmenter les risques d\u2019accidents du travail. Fatigue, crampes, naus\u00e9es, maux de t\u00eate ou vertiges peuvent \u00eatre les premiers signes d\u2019un coup de chaleur, lequel peut avoir de graves cons\u00e9quences.<\/p>\n<p>\u00ab<i> Les canicules aujourd\u2019hui ne se g\u00e8rent plus en gestion de crise, puisqu\u2019elles sont de plus en plus fr\u00e9quentes, intenses et parfois m\u00eame plus longues, comme par exemple en 2022, o\u00f9 on a connu 33 jours de canicule, ce qui \u00e9tait un record depuis 1947<\/i> \u00bb, affirme Malika Benamar, de l\u2019Organisme professionnel de pr\u00e9vention du b\u00e2timent et des travaux publics d\u2019Occitanie (OPPBTP).<\/p>\n<p>L\u2019augmentation des risques professionnels li\u00e9s au travail sous de fortes chaleurs est donc bien connue et fait l\u2019objet d\u2019une campagne de pr\u00e9vention importante de la part du minist\u00e8re du travail, de la sant\u00e9 et des solidarit\u00e9s, des organismes du BTP ainsi que des employeurs. La possibilit\u00e9 de modifier ses horaires et de commencer plus t\u00f4t le matin pour \u00e9viter les pics de chaleur en pleine journ\u00e9e est une des premi\u00e8res mesures mises en place.<\/p>\n<p>C\u2019est ce que confirme Olivier Polge, secr\u00e9taire g\u00e9n\u00e9ral de la F\u00e9d\u00e9ration fran\u00e7aise du b\u00e2timent du Gard : \u00ab<i> \u00c0 partir du moment o\u00f9 nous respectons, bien s\u00fbr, les nuisances sonores \u00e0 proximit\u00e9 de certains \u00e9tablissements, \u00e7a nous permet de commencer les chantiers t\u00f4t le matin, de faire les t\u00e2ches les plus lourdes pour que nos compagnons puissent travailler dans des conditions plus agr\u00e9ables. <\/i>\u00bb<i> <\/i>Mais pour que de telles mesures soient mises en place, le d\u00e9partement doit avoir \u00e9t\u00e9 plac\u00e9 en alerte orange ou rouge.<\/p>\n<\/p><\/div>\n<p> Des risques mortels <\/p>\n<div class=\"paragraph\">\n<p>\u00ab <i>L\u2019effet de la temp\u00e9rature seul ne suffit pas pour dire si on est en risque ou pas. Il y a aussi l\u2019effet du vent, de l\u2019humidit\u00e9 et de cet ensoleillement qui va influer sur le risque de coup de chaleur <\/i>\u00bb<i>, <\/i>mart\u00e8le Malika Benamar, de l\u2019OPPBTP. \u00ab <i>Les travailleurs peuvent ressentir une capacit\u00e9 de sudation qui est d\u00e9pass\u00e9e, avoir des cellules du syst\u00e8me nerveux qui vont moins bien tourner quand les temp\u00e9ratures atteignent 41\u00b0 degr\u00e9s dans certains engins dont les cabines ne sont pas climatis\u00e9es. Il y a toute une s\u00e9rie de r\u00e9actions en cascade avec l\u2019activit\u00e9 physique qui vont se surajouter \u00e0 la surcharge thermique de l\u2019atmosph\u00e8re <\/i>\u00bb, ajoute-t-elle.<\/p>\n<p>Le suivi des pr\u00e9conisations par les ouvriers est donc primordial pour \u00e9viter tout accident. Les employeurs quant \u00e0 eux sont \u00e9galement tenus de respecter certaines mesures pour prot\u00e9ger les ouvriers, comme pr\u00e9voir de l\u2019eau potable temp\u00e9r\u00e9e en quantit\u00e9 suffisante ou un lieu de repos abrit\u00e9 de la chaleur. \u00ab <i>Il m\u2019est d\u00e9j\u00e0 arriv\u00e9 de ressentir un gros coup de fatigue en fin de matin\u00e9e o\u00f9 il fait d\u00e9j\u00e0 plus de trente degr\u00e9s<\/i> \u00bb, t\u00e9moigne Moises, grutier gardois qui, bien qu\u2019il se dise habitu\u00e9 \u00e0 la chaleur, ressent la difficult\u00e9 d\u2019une activit\u00e9 physique sous de telles temp\u00e9ratures. \u00ab <i>La salle de repos climatis\u00e9e est tr\u00e8s importante, elle nous garantie un endroit o\u00f9 respirer un peu<\/i> \u00bb. Pour rappel, les derniers chiffres de sant\u00e9 publique France indiquent 11 accidents mortels en lien possible avec la chaleur en 2023, des risques qui ne peuvent \u00eatre ignor\u00e9s.<\/p>\n<\/p><\/div>\n<p> accidentdutravail-idf.net vous a pr\u00e9par\u00e9 ce post qui informe du sujet \u00ab\u00a0Association Sportive Huisson-Longueville Essonne\u00a0\u00bb. La chronique se veut g\u00e9n\u00e9r\u00e9e du mieux possible. Vous pouvez utiliser les coordonn\u00e9es indiqu\u00e9es sur le site dans le but d\u2019apporter des explications sur ce post qui parle du th\u00e8me \u00ab\u00a0Association Sportive Huisson-Longueville Essonne\u00a0\u00bb. Le site accidentdutravail-idf.net a pour but de fournir diverses publications sur la th\u00e9matique Association Sportive Huisson-Longueville Essonne diffus\u00e9es sur le net. Il y aura plusieurs articles autour du sujet \u00ab\u00a0Association Sportive Huisson-Longueville Essonne\u00a0\u00bb dans quelques jours, nous vous invitons \u00e0 naviguer sur notre site web \u00e0 plusieurs reprises.<\/p>\n","protected":false},"excerpt":{"rendered":"<p>L\u2019effort en pleine chaleur, comme y sont contraints les ouvriers du BTP durant ces \u00e9pisodes caniculaires, peut augmenter les risques d\u2019accidents du travail. Fatigue, crampes, naus\u00e9es, maux de t\u00eate ou vertiges peuvent \u00eatre les premiers signes d\u2019un coup de chaleur, lequel peut avoir de graves cons\u00e9quences. \u00ab Les canicules aujourd\u2019hui ne se g\u00e8rent plus en &hellip; <\/p>\n<p class=\"link-more\"><a href=\"https:\/\/www.accidentdutravail-idf.net\/blog\/quand-la-canicule-rend-le-travail-difficile\/\" class=\"more-link\">Continuer la lecture <span class=\"screen-reader-text\"> \u00ab\u00a0Quand la canicule rend le travail difficile\u00a0\u00bb<\/span><\/a><\/p>\n","protected":false},"author":2,"featured_media":0,"comment_status":"closed","ping_status":"closed","sticky":false,"template":"","format":"standard","meta":{"footnotes":""},"categories":[5],"tags":[],"class_list":["post-689","post","type-post","status-publish","format-standard","hentry","category-securite-du-travail-en-ile-de-france-et-divers","entry"],"yoast_head":"<!-- This site is optimized with the Yoast SEO plugin v27.5 - https:\/\/yoast.com\/product\/yoast-seo-wordpress\/ -->\n<title>Quand la canicule rend le travail difficile - ACCIDENTDUTRAVAIL-IDF<\/title>\n<meta name=\"description\" content=\"Quand la canicule rend le travail difficile article de ACCIDENTDUTRAVAIL-IDF\" \/>\n<meta name=\"robots\" content=\"index, follow, max-snippet:-1, max-image-preview:large, max-video-preview:-1\" \/>\n<link rel=\"canonical\" href=\"https:\/\/www.accidentdutravail-idf.net\/blog\/quand-la-canicule-rend-le-travail-difficile\/\" \/>\n<meta property=\"og:locale\" content=\"fr_FR\" \/>\n<meta property=\"og:type\" content=\"article\" \/>\n<meta property=\"og:title\" content=\"Quand la canicule rend le travail difficile - ACCIDENTDUTRAVAIL-IDF\" \/>\n<meta property=\"og:description\" content=\"Quand la canicule rend le travail difficile article de ACCIDENTDUTRAVAIL-IDF\" \/>\n<meta property=\"og:url\" content=\"https:\/\/www.accidentdutravail-idf.net\/blog\/quand-la-canicule-rend-le-travail-difficile\/\" \/>\n<meta property=\"og:site_name\" content=\"ACCIDENTDUTRAVAIL-IDF\" \/>\n<meta property=\"article:published_time\" content=\"2024-08-20T22:43:00+00:00\" \/>\n<meta property=\"og:image\" content=\"https:\/\/www.accidentdutravail-idf.net\/blog\/wp-content\/uploads\/2024\/08\/quand-la-canicule-rend-le-travail-difficile.jpg\" \/>\n<meta name=\"author\" content=\"Carlos Poulain\" \/>\n<meta name=\"twitter:card\" content=\"summary_large_image\" \/>\n<meta name=\"twitter:label1\" content=\"\u00c9crit par\" \/>\n\t<meta name=\"twitter:data1\" content=\"Carlos Poulain\" \/>\n\t<meta name=\"twitter:label2\" content=\"Dur\u00e9e de lecture estim\u00e9e\" \/>\n\t<meta name=\"twitter:data2\" content=\"3 minutes\" \/>\n<script type=\"application\/ld+json\" class=\"yoast-schema-graph\">{\"@context\":\"https:\\\/\\\/schema.org\",\"@graph\":[{\"@type\":\"Article\",\"@id\":\"https:\\\/\\\/www.accidentdutravail-idf.net\\\/blog\\\/quand-la-canicule-rend-le-travail-difficile\\\/#article\",\"isPartOf\":{\"@id\":\"https:\\\/\\\/www.accidentdutravail-idf.net\\\/blog\\\/quand-la-canicule-rend-le-travail-difficile\\\/\"},\"author\":{\"name\":\"Carlos Poulain\",\"@id\":\"https:\\\/\\\/www.accidentdutravail-idf.net\\\/blog\\\/#\\\/schema\\\/person\\\/3255d2f970de45e64bd9201f38e7b947\"},\"headline\":\"Quand la canicule rend le travail difficile\",\"datePublished\":\"2024-08-20T22:43:00+00:00\",\"mainEntityOfPage\":{\"@id\":\"https:\\\/\\\/www.accidentdutravail-idf.net\\\/blog\\\/quand-la-canicule-rend-le-travail-difficile\\\/\"},\"wordCount\":686,\"publisher\":{\"@id\":\"https:\\\/\\\/www.accidentdutravail-idf.net\\\/blog\\\/#organization\"},\"image\":{\"@id\":\"https:\\\/\\\/www.accidentdutravail-idf.net\\\/blog\\\/quand-la-canicule-rend-le-travail-difficile\\\/#primaryimage\"},\"thumbnailUrl\":\"https:\\\/\\\/www.accidentdutravail-idf.net\\\/blog\\\/wp-content\\\/uploads\\\/2024\\\/08\\\/quand-la-canicule-rend-le-travail-difficile.jpg\",\"articleSection\":[\"S\u00e9curit\u00e9 Du Travail En Ile-De-France Et Divers:\"],\"inLanguage\":\"fr-FR\"},{\"@type\":\"WebPage\",\"@id\":\"https:\\\/\\\/www.accidentdutravail-idf.net\\\/blog\\\/quand-la-canicule-rend-le-travail-difficile\\\/\",\"url\":\"https:\\\/\\\/www.accidentdutravail-idf.net\\\/blog\\\/quand-la-canicule-rend-le-travail-difficile\\\/\",\"name\":\"Quand la canicule rend le travail difficile - ACCIDENTDUTRAVAIL-IDF\",\"isPartOf\":{\"@id\":\"https:\\\/\\\/www.accidentdutravail-idf.net\\\/blog\\\/#website\"},\"primaryImageOfPage\":{\"@id\":\"https:\\\/\\\/www.accidentdutravail-idf.net\\\/blog\\\/quand-la-canicule-rend-le-travail-difficile\\\/#primaryimage\"},\"image\":{\"@id\":\"https:\\\/\\\/www.accidentdutravail-idf.net\\\/blog\\\/quand-la-canicule-rend-le-travail-difficile\\\/#primaryimage\"},\"thumbnailUrl\":\"https:\\\/\\\/www.accidentdutravail-idf.net\\\/blog\\\/wp-content\\\/uploads\\\/2024\\\/08\\\/quand-la-canicule-rend-le-travail-difficile.jpg\",\"datePublished\":\"2024-08-20T22:43:00+00:00\",\"description\":\"Quand la canicule rend le travail difficile article de ACCIDENTDUTRAVAIL-IDF\",\"breadcrumb\":{\"@id\":\"https:\\\/\\\/www.accidentdutravail-idf.net\\\/blog\\\/quand-la-canicule-rend-le-travail-difficile\\\/#breadcrumb\"},\"inLanguage\":\"fr-FR\",\"potentialAction\":[{\"@type\":\"ReadAction\",\"target\":[\"https:\\\/\\\/www.accidentdutravail-idf.net\\\/blog\\\/quand-la-canicule-rend-le-travail-difficile\\\/\"]}]},{\"@type\":\"ImageObject\",\"inLanguage\":\"fr-FR\",\"@id\":\"https:\\\/\\\/www.accidentdutravail-idf.net\\\/blog\\\/quand-la-canicule-rend-le-travail-difficile\\\/#primaryimage\",\"url\":\"https:\\\/\\\/www.accidentdutravail-idf.net\\\/blog\\\/wp-content\\\/uploads\\\/2024\\\/08\\\/quand-la-canicule-rend-le-travail-difficile.jpg\",\"contentUrl\":\"https:\\\/\\\/www.accidentdutravail-idf.net\\\/blog\\\/wp-content\\\/uploads\\\/2024\\\/08\\\/quand-la-canicule-rend-le-travail-difficile.jpg\"},{\"@type\":\"BreadcrumbList\",\"@id\":\"https:\\\/\\\/www.accidentdutravail-idf.net\\\/blog\\\/quand-la-canicule-rend-le-travail-difficile\\\/#breadcrumb\",\"itemListElement\":[{\"@type\":\"ListItem\",\"position\":1,\"name\":\"Accueil\",\"item\":\"https:\\\/\\\/www.accidentdutravail-idf.net\\\/blog\\\/\"},{\"@type\":\"ListItem\",\"position\":2,\"name\":\"Quand la canicule rend le travail difficile\"}]},{\"@type\":\"WebSite\",\"@id\":\"https:\\\/\\\/www.accidentdutravail-idf.net\\\/blog\\\/#website\",\"url\":\"https:\\\/\\\/www.accidentdutravail-idf.net\\\/blog\\\/\",\"name\":\"ACCIDENTDUTRAVAIL-IDF\",\"description\":\"Portail accidents du travail-maladies professionnelles des entreprises d&#039;Ile-de-France\",\"publisher\":{\"@id\":\"https:\\\/\\\/www.accidentdutravail-idf.net\\\/blog\\\/#organization\"},\"potentialAction\":[{\"@type\":\"SearchAction\",\"target\":{\"@type\":\"EntryPoint\",\"urlTemplate\":\"https:\\\/\\\/www.accidentdutravail-idf.net\\\/blog\\\/?s={search_term_string}\"},\"query-input\":{\"@type\":\"PropertyValueSpecification\",\"valueRequired\":true,\"valueName\":\"search_term_string\"}}],\"inLanguage\":\"fr-FR\"},{\"@type\":\"Organization\",\"@id\":\"https:\\\/\\\/www.accidentdutravail-idf.net\\\/blog\\\/#organization\",\"name\":\"accidentdutravail-idf\",\"url\":\"https:\\\/\\\/www.accidentdutravail-idf.net\\\/blog\\\/\",\"logo\":{\"@type\":\"ImageObject\",\"inLanguage\":\"fr-FR\",\"@id\":\"https:\\\/\\\/www.accidentdutravail-idf.net\\\/blog\\\/#\\\/schema\\\/logo\\\/image\\\/\",\"url\":\"https:\\\/\\\/www.accidentdutravail-idf.net\\\/blog\\\/wp-content\\\/uploads\\\/2022\\\/09\\\/logo-2.png\",\"contentUrl\":\"https:\\\/\\\/www.accidentdutravail-idf.net\\\/blog\\\/wp-content\\\/uploads\\\/2022\\\/09\\\/logo-2.png\",\"width\":380,\"height\":291,\"caption\":\"accidentdutravail-idf\"},\"image\":{\"@id\":\"https:\\\/\\\/www.accidentdutravail-idf.net\\\/blog\\\/#\\\/schema\\\/logo\\\/image\\\/\"}},{\"@type\":\"Person\",\"@id\":\"https:\\\/\\\/www.accidentdutravail-idf.net\\\/blog\\\/#\\\/schema\\\/person\\\/3255d2f970de45e64bd9201f38e7b947\",\"name\":\"Carlos Poulain\",\"image\":{\"@type\":\"ImageObject\",\"inLanguage\":\"fr-FR\",\"@id\":\"https:\\\/\\\/secure.gravatar.com\\\/avatar\\\/b1c2f9d3588e34e91adb093635df64ef4b2381991216be7576466cfcdca4baf3?s=96&d=mm&r=g\",\"url\":\"https:\\\/\\\/secure.gravatar.com\\\/avatar\\\/b1c2f9d3588e34e91adb093635df64ef4b2381991216be7576466cfcdca4baf3?s=96&d=mm&r=g\",\"contentUrl\":\"https:\\\/\\\/secure.gravatar.com\\\/avatar\\\/b1c2f9d3588e34e91adb093635df64ef4b2381991216be7576466cfcdca4baf3?s=96&d=mm&r=g\",\"caption\":\"Carlos Poulain\"},\"url\":\"https:\\\/\\\/www.accidentdutravail-idf.net\\\/blog\\\/author\\\/idfcarlos\\\/\"}]}<\/script>\n<!-- \/ Yoast SEO plugin. -->","yoast_head_json":{"title":"Quand la canicule rend le travail difficile - ACCIDENTDUTRAVAIL-IDF","description":"Quand la canicule rend le travail difficile article de ACCIDENTDUTRAVAIL-IDF","robots":{"index":"index","follow":"follow","max-snippet":"max-snippet:-1","max-image-preview":"max-image-preview:large","max-video-preview":"max-video-preview:-1"},"canonical":"https:\/\/www.accidentdutravail-idf.net\/blog\/quand-la-canicule-rend-le-travail-difficile\/","og_locale":"fr_FR","og_type":"article","og_title":"Quand la canicule rend le travail difficile - ACCIDENTDUTRAVAIL-IDF","og_description":"Quand la canicule rend le travail difficile article de ACCIDENTDUTRAVAIL-IDF","og_url":"https:\/\/www.accidentdutravail-idf.net\/blog\/quand-la-canicule-rend-le-travail-difficile\/","og_site_name":"ACCIDENTDUTRAVAIL-IDF","article_published_time":"2024-08-20T22:43:00+00:00","og_image":[{"url":"https:\/\/www.accidentdutravail-idf.net\/blog\/wp-content\/uploads\/2024\/08\/quand-la-canicule-rend-le-travail-difficile.jpg","type":"","width":"","height":""}],"author":"Carlos Poulain","twitter_card":"summary_large_image","twitter_misc":{"\u00c9crit par":"Carlos Poulain","Dur\u00e9e de lecture estim\u00e9e":"3 minutes"},"schema":{"@context":"https:\/\/schema.org","@graph":[{"@type":"Article","@id":"https:\/\/www.accidentdutravail-idf.net\/blog\/quand-la-canicule-rend-le-travail-difficile\/#article","isPartOf":{"@id":"https:\/\/www.accidentdutravail-idf.net\/blog\/quand-la-canicule-rend-le-travail-difficile\/"},"author":{"name":"Carlos Poulain","@id":"https:\/\/www.accidentdutravail-idf.net\/blog\/#\/schema\/person\/3255d2f970de45e64bd9201f38e7b947"},"headline":"Quand la canicule rend le travail difficile","datePublished":"2024-08-20T22:43:00+00:00","mainEntityOfPage":{"@id":"https:\/\/www.accidentdutravail-idf.net\/blog\/quand-la-canicule-rend-le-travail-difficile\/"},"wordCount":686,"publisher":{"@id":"https:\/\/www.accidentdutravail-idf.net\/blog\/#organization"},"image":{"@id":"https:\/\/www.accidentdutravail-idf.net\/blog\/quand-la-canicule-rend-le-travail-difficile\/#primaryimage"},"thumbnailUrl":"https:\/\/www.accidentdutravail-idf.net\/blog\/wp-content\/uploads\/2024\/08\/quand-la-canicule-rend-le-travail-difficile.jpg","articleSection":["S\u00e9curit\u00e9 Du Travail En Ile-De-France Et Divers:"],"inLanguage":"fr-FR"},{"@type":"WebPage","@id":"https:\/\/www.accidentdutravail-idf.net\/blog\/quand-la-canicule-rend-le-travail-difficile\/","url":"https:\/\/www.accidentdutravail-idf.net\/blog\/quand-la-canicule-rend-le-travail-difficile\/","name":"Quand la canicule rend le travail difficile - ACCIDENTDUTRAVAIL-IDF","isPartOf":{"@id":"https:\/\/www.accidentdutravail-idf.net\/blog\/#website"},"primaryImageOfPage":{"@id":"https:\/\/www.accidentdutravail-idf.net\/blog\/quand-la-canicule-rend-le-travail-difficile\/#primaryimage"},"image":{"@id":"https:\/\/www.accidentdutravail-idf.net\/blog\/quand-la-canicule-rend-le-travail-difficile\/#primaryimage"},"thumbnailUrl":"https:\/\/www.accidentdutravail-idf.net\/blog\/wp-content\/uploads\/2024\/08\/quand-la-canicule-rend-le-travail-difficile.jpg","datePublished":"2024-08-20T22:43:00+00:00","description":"Quand la canicule rend le travail difficile article de ACCIDENTDUTRAVAIL-IDF","breadcrumb":{"@id":"https:\/\/www.accidentdutravail-idf.net\/blog\/quand-la-canicule-rend-le-travail-difficile\/#breadcrumb"},"inLanguage":"fr-FR","potentialAction":[{"@type":"ReadAction","target":["https:\/\/www.accidentdutravail-idf.net\/blog\/quand-la-canicule-rend-le-travail-difficile\/"]}]},{"@type":"ImageObject","inLanguage":"fr-FR","@id":"https:\/\/www.accidentdutravail-idf.net\/blog\/quand-la-canicule-rend-le-travail-difficile\/#primaryimage","url":"https:\/\/www.accidentdutravail-idf.net\/blog\/wp-content\/uploads\/2024\/08\/quand-la-canicule-rend-le-travail-difficile.jpg","contentUrl":"https:\/\/www.accidentdutravail-idf.net\/blog\/wp-content\/uploads\/2024\/08\/quand-la-canicule-rend-le-travail-difficile.jpg"},{"@type":"BreadcrumbList","@id":"https:\/\/www.accidentdutravail-idf.net\/blog\/quand-la-canicule-rend-le-travail-difficile\/#breadcrumb","itemListElement":[{"@type":"ListItem","position":1,"name":"Accueil","item":"https:\/\/www.accidentdutravail-idf.net\/blog\/"},{"@type":"ListItem","position":2,"name":"Quand la canicule rend le travail difficile"}]},{"@type":"WebSite","@id":"https:\/\/www.accidentdutravail-idf.net\/blog\/#website","url":"https:\/\/www.accidentdutravail-idf.net\/blog\/","name":"ACCIDENTDUTRAVAIL-IDF","description":"Portail accidents du travail-maladies professionnelles des entreprises d&#039;Ile-de-France","publisher":{"@id":"https:\/\/www.accidentdutravail-idf.net\/blog\/#organization"},"potentialAction":[{"@type":"SearchAction","target":{"@type":"EntryPoint","urlTemplate":"https:\/\/www.accidentdutravail-idf.net\/blog\/?s={search_term_string}"},"query-input":{"@type":"PropertyValueSpecification","valueRequired":true,"valueName":"search_term_string"}}],"inLanguage":"fr-FR"},{"@type":"Organization","@id":"https:\/\/www.accidentdutravail-idf.net\/blog\/#organization","name":"accidentdutravail-idf","url":"https:\/\/www.accidentdutravail-idf.net\/blog\/","logo":{"@type":"ImageObject","inLanguage":"fr-FR","@id":"https:\/\/www.accidentdutravail-idf.net\/blog\/#\/schema\/logo\/image\/","url":"https:\/\/www.accidentdutravail-idf.net\/blog\/wp-content\/uploads\/2022\/09\/logo-2.png","contentUrl":"https:\/\/www.accidentdutravail-idf.net\/blog\/wp-content\/uploads\/2022\/09\/logo-2.png","width":380,"height":291,"caption":"accidentdutravail-idf"},"image":{"@id":"https:\/\/www.accidentdutravail-idf.net\/blog\/#\/schema\/logo\/image\/"}},{"@type":"Person","@id":"https:\/\/www.accidentdutravail-idf.net\/blog\/#\/schema\/person\/3255d2f970de45e64bd9201f38e7b947","name":"Carlos Poulain","image":{"@type":"ImageObject","inLanguage":"fr-FR","@id":"https:\/\/secure.gravatar.com\/avatar\/b1c2f9d3588e34e91adb093635df64ef4b2381991216be7576466cfcdca4baf3?s=96&d=mm&r=g","url":"https:\/\/secure.gravatar.com\/avatar\/b1c2f9d3588e34e91adb093635df64ef4b2381991216be7576466cfcdca4baf3?s=96&d=mm&r=g","contentUrl":"https:\/\/secure.gravatar.com\/avatar\/b1c2f9d3588e34e91adb093635df64ef4b2381991216be7576466cfcdca4baf3?s=96&d=mm&r=g","caption":"Carlos Poulain"},"url":"https:\/\/www.accidentdutravail-idf.net\/blog\/author\/idfcarlos\/"}]}},"_links":{"self":[{"href":"https:\/\/www.accidentdutravail-idf.net\/blog\/wp-json\/wp\/v2\/posts\/689","targetHints":{"allow":["GET"]}}],"collection":[{"href":"https:\/\/www.accidentdutravail-idf.net\/blog\/wp-json\/wp\/v2\/posts"}],"about":[{"href":"https:\/\/www.accidentdutravail-idf.net\/blog\/wp-json\/wp\/v2\/types\/post"}],"author":[{"embeddable":true,"href":"https:\/\/www.accidentdutravail-idf.net\/blog\/wp-json\/wp\/v2\/users\/2"}],"replies":[{"embeddable":true,"href":"https:\/\/www.accidentdutravail-idf.net\/blog\/wp-json\/wp\/v2\/comments?post=689"}],"version-history":[{"count":0,"href":"https:\/\/www.accidentdutravail-idf.net\/blog\/wp-json\/wp\/v2\/posts\/689\/revisions"}],"wp:attachment":[{"href":"https:\/\/www.accidentdutravail-idf.net\/blog\/wp-json\/wp\/v2\/media?parent=689"}],"wp:term":[{"taxonomy":"category","embeddable":true,"href":"https:\/\/www.accidentdutravail-idf.net\/blog\/wp-json\/wp\/v2\/categories?post=689"},{"taxonomy":"post_tag","embeddable":true,"href":"https:\/\/www.accidentdutravail-idf.net\/blog\/wp-json\/wp\/v2\/tags?post=689"}],"curies":[{"name":"wp","href":"https:\/\/api.w.org\/{rel}","templated":true}]}}