{"id":688,"date":"2024-08-20T12:16:00","date_gmt":"2024-08-20T10:16:00","guid":{"rendered":"https:\/\/www.accidentdutravail-idf.net\/blog\/boulevard-ferme-accident-sur-le-periph-nouvelle-randonnee-les-infos-du-mardi-20-aout-a-caen\/"},"modified":"2024-08-20T12:16:00","modified_gmt":"2024-08-20T10:16:00","slug":"boulevard-ferme-accident-sur-le-periph-nouvelle-randonnee-les-infos-du-mardi-20-aout-a-caen","status":"publish","type":"post","link":"https:\/\/www.accidentdutravail-idf.net\/blog\/boulevard-ferme-accident-sur-le-periph-nouvelle-randonnee-les-infos-du-mardi-20-aout-a-caen\/","title":{"rendered":"Boulevard ferm\u00e9, accident sur le p\u00e9riph&rsquo;, nouvelle randonn\u00e9e\u2026 : les infos du mardi 20 ao\u00fbt \u00e0 Caen"},"content":{"rendered":"<div><img decoding=\"async\" src=\"https:\/\/www.accidentdutravail-idf.net\/blog\/wp-content\/uploads\/2024\/08\/boulevard-ferme-accident-sur-le-periph-nouvelle-randonnee-les-infos-du-mardi-20-aout-a-caen.jpg\" class=\"ff-og-image-inserted\"><\/div>\n<div class=\"ac-article-date\"> Par <strong> <a href=\"https:\/\/actu.fr\/auteur\/tess-laffeter\" title=\"Consulter tous les articles de Tess Laffeter\" target=\"_blank\" rel=\"nofollow\">Tess Laffeter<\/a> <\/strong> <span> Publi\u00e9 le  20 ao\u00fbt 2024 \u00e0 19h16  <\/span>\n<\/div>\n<div class=\"ac-article-follow\"> <a href=\"https:\/\/actu.fr\/mon-actu\" class=\"ac-article-follow__link\" rel=\"nofollow\" data-trk=\"{&quot;cta&quot;:{&quot;action&quot;:&quot;https:\\\/\\\/actu.fr\\\/mon-actu&quot;,&quot;category&quot;:&quot;mon compte&quot;,&quot;from&quot;:&quot;article header&quot;,&quot;name&quot;:&quot;Voir mon actu&quot;,&quot;type&quot;:&quot;cta&quot;}}\" target=\"_blank\">Voir mon actu<\/a> <button type=\"button\" class=\"ac-btn ac-btn--mini ac-btn--blue ac-icon--star-empty\" data-follow=\"Suivre Libert\u00e9 Caen\" data-unfollow=\"Retirer\">Suivre Libert\u00e9 Caen<\/button>\n<\/div>\n<p><b>Un boulevard de Caen ferm\u00e9 \u00e0 quatre reprises fin ao\u00fbt : 10 000 v\u00e9hicules l\u2019empruntent chaque jour<\/b><\/p>\n<p>Des travaux vont perturber la circulation sur le <a href=\"https:\/\/actu.fr\/normandie\/caen_14118\/un-boulevard-de-caen-ferme-a-quatre-reprises-fin-aout-10-000-vehicules-lempruntent-chaque-jour_61503210.html\" target=\"_blank\" rel=\"nofollow\">boulevard du Mar\u00e9chal Juin<\/a> \u00e0 Caen (Calvados), du lundi 26 au jeudi 29 ao\u00fbt 2024.<\/p>\n<p><b>Une voiture se retrouve sur le toit, au milieu du p\u00e9riph\u00e9rique de Caen<\/b><br \/>Un spectaculaire accident s\u2019est produit ce mardi 20 ao\u00fbt 2024, sur le p\u00e9riph\u00e9rique de Caen (Calvados). Une voiture <a href=\"https:\/\/actu.fr\/normandie\/caen_14118\/une-voiture-se-retrouve-sur-le-toit-au-milieu-du-peripherique-de-caen_61505269.html\" target=\"_blank\" rel=\"nofollow\">s\u2019est retrouv\u00e9e sur le toit<\/a>, au milieu des voies de circulation.&nbsp;<\/p>\n<p><b>\u00c0 40 mn de Caen, cette nouvelle randonn\u00e9e offre le plus beau panorama du Calvados<\/b><br \/>La Suisse Normande \u00e9toffe son catalogue de randonn\u00e9es avec la boucle de Cantepie (Calvados). Le circuit a obtenu le label qualit\u00e9 d\u00e9cern\u00e9 par Calvados Attractivit\u00e9. &gt; <a href=\"https:\/\/actu.fr\/normandie\/clecy_14162\/a-40-mn-de-caen-cette-nouvelle-randonnee-offre-le-plus-beau-panorama-du-calvados_61502400.html\" target=\"_blank\" rel=\"nofollow\">Lire l\u2019article<\/a><\/p>\n<p><b>Le week-end en amoureux \u00e0 Caen vire au cauchemar : il la frappe dans leur chambre d\u2019h\u00f4tel<\/b><br \/>Un homme de 27 ans a comparu pour violences conjugales devant le tribunal de Caen (Calvados), ce lundi 19 ao\u00fbt 2024. Les faits se sont d\u00e9roul\u00e9s \u00e0 l\u2019h\u00f4tel Ibis sur le port de Caen. &gt; <a href=\"https:\/\/actu.fr\/normandie\/caen_14118\/le-week-end-en-amoureux-a-caen-vire-au-cauchemar-il-la-frappe-dans-leur-chambre-dhotel_61504231.html\" target=\"_blank\" rel=\"nofollow\">Lire l\u2019article<\/a><\/p>\n<p><b>Quelle m\u00e9t\u00e9o et quels horaires pour les grandes mar\u00e9es sur la c\u00f4te de Nacre du 21 au 24 ao\u00fbt ?<\/b><\/p>\n<p><a href=\"https:\/\/actu.fr\/normandie\/ouistreham_14488\/quelle-meteo-et-quels-horaires-pour-les-grandes-marees-sur-la-cote-de-nacre-du-21-au-24-aout_61504094.html\" target=\"_blank\" rel=\"nofollow\">Les grandes mar\u00e9es<\/a> du 21 au 24 ao\u00fbt 2024 seront accompagn\u00e9es de rafales de vent sur la c\u00f4te de Nacre (Calvados).<\/p>\n<p><b>\u00c0 Caen, les Urgences de deux h\u00f4pitaux rouvrent<\/b><br \/>En cette fin d\u2019\u00e9t\u00e9 2024, les services des Urgences de la clinique Saint-Martin et de la polyclinique du Parc, \u00e0 Caen (Calvados), <a href=\"https:\/\/actu.fr\/normandie\/caen_14118\/a-caen-les-urgences-de-deux-hopitaux-rouvrent_61506098.html\" target=\"_blank\" rel=\"nofollow\">rouvrent leurs portes<\/a>, 24h\/24.<\/p>\n<p><i>Suivez toute l\u2019actualit\u00e9 de vos villes et m\u00e9dias favoris en vous inscrivant \u00e0 <a href=\"https:\/\/moncompte.actu.fr\" title=\"D\u00e9couvez Mon Actu\" rel=\"nofollow\" data-trk=\"{&quot;cta&quot;:{&quot;action&quot;:&quot;https:\\\/\\\/moncompte.actu.fr&quot;,&quot;category&quot;:&quot;mon compte&quot;,&quot;from&quot;:&quot;article footer&quot;,&quot;name&quot;:&quot;Mon actu&quot;,&quot;type&quot;:&quot;cta&quot;}}\" target=\"_blank\">Mon Actu<\/a>.<\/i><\/p>\n<p> accidentdutravail-idf.net vous a pr\u00e9par\u00e9 ce post qui informe du sujet \u00ab\u00a0Association Sportive Huisson-Longueville Essonne\u00a0\u00bb. La chronique se veut g\u00e9n\u00e9r\u00e9e du mieux possible. Vous pouvez utiliser les coordonn\u00e9es indiqu\u00e9es sur le site dans le but d\u2019apporter des explications sur ce post qui parle du th\u00e8me \u00ab\u00a0Association Sportive Huisson-Longueville Essonne\u00a0\u00bb. Le site accidentdutravail-idf.net a pour but de fournir diverses publications sur la th\u00e9matique Association Sportive Huisson-Longueville Essonne diffus\u00e9es sur le net. Il y aura plusieurs articles autour du sujet \u00ab\u00a0Association Sportive Huisson-Longueville Essonne\u00a0\u00bb dans quelques jours, nous vous invitons \u00e0 naviguer sur notre site web \u00e0 plusieurs reprises.<\/p>\n","protected":false},"excerpt":{"rendered":"<p>Par Tess Laffeter Publi\u00e9 le 20 ao\u00fbt 2024 \u00e0 19h16 Voir mon actu Suivre Libert\u00e9 Caen Un boulevard de Caen ferm\u00e9 \u00e0 quatre reprises fin ao\u00fbt : 10 000 v\u00e9hicules l\u2019empruntent chaque jour Des travaux vont perturber la circulation sur le boulevard du Mar\u00e9chal Juin \u00e0 Caen (Calvados), du lundi 26 au jeudi 29 ao\u00fbt &hellip; <\/p>\n<p class=\"link-more\"><a href=\"https:\/\/www.accidentdutravail-idf.net\/blog\/boulevard-ferme-accident-sur-le-periph-nouvelle-randonnee-les-infos-du-mardi-20-aout-a-caen\/\" class=\"more-link\">Continuer la lecture <span class=\"screen-reader-text\"> \u00ab\u00a0Boulevard ferm\u00e9, accident sur le p\u00e9riph&rsquo;, nouvelle randonn\u00e9e\u2026 : les infos du mardi 20 ao\u00fbt \u00e0 Caen\u00a0\u00bb<\/span><\/a><\/p>\n","protected":false},"author":2,"featured_media":0,"comment_status":"closed","ping_status":"closed","sticky":false,"template":"","format":"standard","meta":{"footnotes":""},"categories":[5],"tags":[],"class_list":["post-688","post","type-post","status-publish","format-standard","hentry","category-securite-du-travail-en-ile-de-france-et-divers","entry"],"yoast_head":"<!-- This site is optimized with the Yoast SEO plugin v27.5 - https:\/\/yoast.com\/product\/yoast-seo-wordpress\/ -->\n<title>Boulevard ferm\u00e9, accident sur le p\u00e9riph&#039;, nouvelle randonn\u00e9e\u2026 : les infos du mardi 20 ao\u00fbt \u00e0 Caen - ACCIDENTDUTRAVAIL-IDF<\/title>\n<meta name=\"description\" content=\"Boulevard ferm\u00e9, accident sur le p\u00e9riph&#039;, nouvelle randonn\u00e9e\u2026 : les infos du mardi 20 ao\u00fbt \u00e0 Caen article de ACCIDENTDUTRAVAIL-IDF\" \/>\n<meta name=\"robots\" content=\"index, follow, max-snippet:-1, max-image-preview:large, max-video-preview:-1\" \/>\n<link rel=\"canonical\" href=\"https:\/\/www.accidentdutravail-idf.net\/blog\/boulevard-ferme-accident-sur-le-periph-nouvelle-randonnee-les-infos-du-mardi-20-aout-a-caen\/\" \/>\n<meta property=\"og:locale\" content=\"fr_FR\" \/>\n<meta property=\"og:type\" content=\"article\" \/>\n<meta property=\"og:title\" content=\"Boulevard ferm\u00e9, accident sur le p\u00e9riph&#039;, nouvelle randonn\u00e9e\u2026 : les infos du mardi 20 ao\u00fbt \u00e0 Caen - ACCIDENTDUTRAVAIL-IDF\" \/>\n<meta property=\"og:description\" content=\"Boulevard ferm\u00e9, accident sur le p\u00e9riph&#039;, nouvelle randonn\u00e9e\u2026 : les infos du mardi 20 ao\u00fbt \u00e0 Caen article de ACCIDENTDUTRAVAIL-IDF\" \/>\n<meta property=\"og:url\" content=\"https:\/\/www.accidentdutravail-idf.net\/blog\/boulevard-ferme-accident-sur-le-periph-nouvelle-randonnee-les-infos-du-mardi-20-aout-a-caen\/\" \/>\n<meta property=\"og:site_name\" content=\"ACCIDENTDUTRAVAIL-IDF\" \/>\n<meta property=\"article:published_time\" content=\"2024-08-20T10:16:00+00:00\" \/>\n<meta property=\"og:image\" content=\"https:\/\/www.accidentdutravail-idf.net\/blog\/wp-content\/uploads\/2024\/08\/boulevard-ferme-accident-sur-le-periph-nouvelle-randonnee-les-infos-du-mardi-20-aout-a-caen.jpg\" \/>\n<meta name=\"author\" content=\"Carlos Poulain\" \/>\n<meta name=\"twitter:card\" content=\"summary_large_image\" \/>\n<meta name=\"twitter:label1\" content=\"\u00c9crit par\" \/>\n\t<meta name=\"twitter:data1\" content=\"Carlos Poulain\" \/>\n\t<meta name=\"twitter:label2\" content=\"Dur\u00e9e de lecture estim\u00e9e\" \/>\n\t<meta name=\"twitter:data2\" content=\"2 minutes\" \/>\n<script type=\"application\/ld+json\" class=\"yoast-schema-graph\">{\"@context\":\"https:\\\/\\\/schema.org\",\"@graph\":[{\"@type\":\"Article\",\"@id\":\"https:\\\/\\\/www.accidentdutravail-idf.net\\\/blog\\\/boulevard-ferme-accident-sur-le-periph-nouvelle-randonnee-les-infos-du-mardi-20-aout-a-caen\\\/#article\",\"isPartOf\":{\"@id\":\"https:\\\/\\\/www.accidentdutravail-idf.net\\\/blog\\\/boulevard-ferme-accident-sur-le-periph-nouvelle-randonnee-les-infos-du-mardi-20-aout-a-caen\\\/\"},\"author\":{\"name\":\"Carlos Poulain\",\"@id\":\"https:\\\/\\\/www.accidentdutravail-idf.net\\\/blog\\\/#\\\/schema\\\/person\\\/3255d2f970de45e64bd9201f38e7b947\"},\"headline\":\"Boulevard ferm\u00e9, accident sur le p\u00e9riph&rsquo;, nouvelle randonn\u00e9e\u2026 : les infos du mardi 20 ao\u00fbt \u00e0 Caen\",\"datePublished\":\"2024-08-20T10:16:00+00:00\",\"mainEntityOfPage\":{\"@id\":\"https:\\\/\\\/www.accidentdutravail-idf.net\\\/blog\\\/boulevard-ferme-accident-sur-le-periph-nouvelle-randonnee-les-infos-du-mardi-20-aout-a-caen\\\/\"},\"wordCount\":417,\"publisher\":{\"@id\":\"https:\\\/\\\/www.accidentdutravail-idf.net\\\/blog\\\/#organization\"},\"image\":{\"@id\":\"https:\\\/\\\/www.accidentdutravail-idf.net\\\/blog\\\/boulevard-ferme-accident-sur-le-periph-nouvelle-randonnee-les-infos-du-mardi-20-aout-a-caen\\\/#primaryimage\"},\"thumbnailUrl\":\"https:\\\/\\\/www.accidentdutravail-idf.net\\\/blog\\\/wp-content\\\/uploads\\\/2024\\\/08\\\/boulevard-ferme-accident-sur-le-periph-nouvelle-randonnee-les-infos-du-mardi-20-aout-a-caen.jpg\",\"articleSection\":[\"S\u00e9curit\u00e9 Du Travail En Ile-De-France Et Divers:\"],\"inLanguage\":\"fr-FR\"},{\"@type\":\"WebPage\",\"@id\":\"https:\\\/\\\/www.accidentdutravail-idf.net\\\/blog\\\/boulevard-ferme-accident-sur-le-periph-nouvelle-randonnee-les-infos-du-mardi-20-aout-a-caen\\\/\",\"url\":\"https:\\\/\\\/www.accidentdutravail-idf.net\\\/blog\\\/boulevard-ferme-accident-sur-le-periph-nouvelle-randonnee-les-infos-du-mardi-20-aout-a-caen\\\/\",\"name\":\"Boulevard ferm\u00e9, accident sur le p\u00e9riph', nouvelle randonn\u00e9e\u2026 : les infos du mardi 20 ao\u00fbt \u00e0 Caen - ACCIDENTDUTRAVAIL-IDF\",\"isPartOf\":{\"@id\":\"https:\\\/\\\/www.accidentdutravail-idf.net\\\/blog\\\/#website\"},\"primaryImageOfPage\":{\"@id\":\"https:\\\/\\\/www.accidentdutravail-idf.net\\\/blog\\\/boulevard-ferme-accident-sur-le-periph-nouvelle-randonnee-les-infos-du-mardi-20-aout-a-caen\\\/#primaryimage\"},\"image\":{\"@id\":\"https:\\\/\\\/www.accidentdutravail-idf.net\\\/blog\\\/boulevard-ferme-accident-sur-le-periph-nouvelle-randonnee-les-infos-du-mardi-20-aout-a-caen\\\/#primaryimage\"},\"thumbnailUrl\":\"https:\\\/\\\/www.accidentdutravail-idf.net\\\/blog\\\/wp-content\\\/uploads\\\/2024\\\/08\\\/boulevard-ferme-accident-sur-le-periph-nouvelle-randonnee-les-infos-du-mardi-20-aout-a-caen.jpg\",\"datePublished\":\"2024-08-20T10:16:00+00:00\",\"description\":\"Boulevard ferm\u00e9, accident sur le p\u00e9riph', nouvelle randonn\u00e9e\u2026 : les infos du mardi 20 ao\u00fbt \u00e0 Caen article de ACCIDENTDUTRAVAIL-IDF\",\"breadcrumb\":{\"@id\":\"https:\\\/\\\/www.accidentdutravail-idf.net\\\/blog\\\/boulevard-ferme-accident-sur-le-periph-nouvelle-randonnee-les-infos-du-mardi-20-aout-a-caen\\\/#breadcrumb\"},\"inLanguage\":\"fr-FR\",\"potentialAction\":[{\"@type\":\"ReadAction\",\"target\":[\"https:\\\/\\\/www.accidentdutravail-idf.net\\\/blog\\\/boulevard-ferme-accident-sur-le-periph-nouvelle-randonnee-les-infos-du-mardi-20-aout-a-caen\\\/\"]}]},{\"@type\":\"ImageObject\",\"inLanguage\":\"fr-FR\",\"@id\":\"https:\\\/\\\/www.accidentdutravail-idf.net\\\/blog\\\/boulevard-ferme-accident-sur-le-periph-nouvelle-randonnee-les-infos-du-mardi-20-aout-a-caen\\\/#primaryimage\",\"url\":\"https:\\\/\\\/www.accidentdutravail-idf.net\\\/blog\\\/wp-content\\\/uploads\\\/2024\\\/08\\\/boulevard-ferme-accident-sur-le-periph-nouvelle-randonnee-les-infos-du-mardi-20-aout-a-caen.jpg\",\"contentUrl\":\"https:\\\/\\\/www.accidentdutravail-idf.net\\\/blog\\\/wp-content\\\/uploads\\\/2024\\\/08\\\/boulevard-ferme-accident-sur-le-periph-nouvelle-randonnee-les-infos-du-mardi-20-aout-a-caen.jpg\"},{\"@type\":\"BreadcrumbList\",\"@id\":\"https:\\\/\\\/www.accidentdutravail-idf.net\\\/blog\\\/boulevard-ferme-accident-sur-le-periph-nouvelle-randonnee-les-infos-du-mardi-20-aout-a-caen\\\/#breadcrumb\",\"itemListElement\":[{\"@type\":\"ListItem\",\"position\":1,\"name\":\"Accueil\",\"item\":\"https:\\\/\\\/www.accidentdutravail-idf.net\\\/blog\\\/\"},{\"@type\":\"ListItem\",\"position\":2,\"name\":\"Boulevard ferm\u00e9, accident sur le p\u00e9riph&rsquo;, nouvelle randonn\u00e9e\u2026 : les infos du mardi 20 ao\u00fbt \u00e0 Caen\"}]},{\"@type\":\"WebSite\",\"@id\":\"https:\\\/\\\/www.accidentdutravail-idf.net\\\/blog\\\/#website\",\"url\":\"https:\\\/\\\/www.accidentdutravail-idf.net\\\/blog\\\/\",\"name\":\"ACCIDENTDUTRAVAIL-IDF\",\"description\":\"Portail accidents du travail-maladies professionnelles des entreprises d&#039;Ile-de-France\",\"publisher\":{\"@id\":\"https:\\\/\\\/www.accidentdutravail-idf.net\\\/blog\\\/#organization\"},\"potentialAction\":[{\"@type\":\"SearchAction\",\"target\":{\"@type\":\"EntryPoint\",\"urlTemplate\":\"https:\\\/\\\/www.accidentdutravail-idf.net\\\/blog\\\/?s={search_term_string}\"},\"query-input\":{\"@type\":\"PropertyValueSpecification\",\"valueRequired\":true,\"valueName\":\"search_term_string\"}}],\"inLanguage\":\"fr-FR\"},{\"@type\":\"Organization\",\"@id\":\"https:\\\/\\\/www.accidentdutravail-idf.net\\\/blog\\\/#organization\",\"name\":\"accidentdutravail-idf\",\"url\":\"https:\\\/\\\/www.accidentdutravail-idf.net\\\/blog\\\/\",\"logo\":{\"@type\":\"ImageObject\",\"inLanguage\":\"fr-FR\",\"@id\":\"https:\\\/\\\/www.accidentdutravail-idf.net\\\/blog\\\/#\\\/schema\\\/logo\\\/image\\\/\",\"url\":\"https:\\\/\\\/www.accidentdutravail-idf.net\\\/blog\\\/wp-content\\\/uploads\\\/2022\\\/09\\\/logo-2.png\",\"contentUrl\":\"https:\\\/\\\/www.accidentdutravail-idf.net\\\/blog\\\/wp-content\\\/uploads\\\/2022\\\/09\\\/logo-2.png\",\"width\":380,\"height\":291,\"caption\":\"accidentdutravail-idf\"},\"image\":{\"@id\":\"https:\\\/\\\/www.accidentdutravail-idf.net\\\/blog\\\/#\\\/schema\\\/logo\\\/image\\\/\"}},{\"@type\":\"Person\",\"@id\":\"https:\\\/\\\/www.accidentdutravail-idf.net\\\/blog\\\/#\\\/schema\\\/person\\\/3255d2f970de45e64bd9201f38e7b947\",\"name\":\"Carlos Poulain\",\"image\":{\"@type\":\"ImageObject\",\"inLanguage\":\"fr-FR\",\"@id\":\"https:\\\/\\\/secure.gravatar.com\\\/avatar\\\/b1c2f9d3588e34e91adb093635df64ef4b2381991216be7576466cfcdca4baf3?s=96&d=mm&r=g\",\"url\":\"https:\\\/\\\/secure.gravatar.com\\\/avatar\\\/b1c2f9d3588e34e91adb093635df64ef4b2381991216be7576466cfcdca4baf3?s=96&d=mm&r=g\",\"contentUrl\":\"https:\\\/\\\/secure.gravatar.com\\\/avatar\\\/b1c2f9d3588e34e91adb093635df64ef4b2381991216be7576466cfcdca4baf3?s=96&d=mm&r=g\",\"caption\":\"Carlos Poulain\"},\"url\":\"https:\\\/\\\/www.accidentdutravail-idf.net\\\/blog\\\/author\\\/idfcarlos\\\/\"}]}<\/script>\n<!-- \/ Yoast SEO plugin. -->","yoast_head_json":{"title":"Boulevard ferm\u00e9, accident sur le p\u00e9riph', nouvelle randonn\u00e9e\u2026 : les infos du mardi 20 ao\u00fbt \u00e0 Caen - ACCIDENTDUTRAVAIL-IDF","description":"Boulevard ferm\u00e9, accident sur le p\u00e9riph', nouvelle randonn\u00e9e\u2026 : les infos du mardi 20 ao\u00fbt \u00e0 Caen article de ACCIDENTDUTRAVAIL-IDF","robots":{"index":"index","follow":"follow","max-snippet":"max-snippet:-1","max-image-preview":"max-image-preview:large","max-video-preview":"max-video-preview:-1"},"canonical":"https:\/\/www.accidentdutravail-idf.net\/blog\/boulevard-ferme-accident-sur-le-periph-nouvelle-randonnee-les-infos-du-mardi-20-aout-a-caen\/","og_locale":"fr_FR","og_type":"article","og_title":"Boulevard ferm\u00e9, accident sur le p\u00e9riph', nouvelle randonn\u00e9e\u2026 : les infos du mardi 20 ao\u00fbt \u00e0 Caen - ACCIDENTDUTRAVAIL-IDF","og_description":"Boulevard ferm\u00e9, accident sur le p\u00e9riph', nouvelle randonn\u00e9e\u2026 : les infos du mardi 20 ao\u00fbt \u00e0 Caen article de ACCIDENTDUTRAVAIL-IDF","og_url":"https:\/\/www.accidentdutravail-idf.net\/blog\/boulevard-ferme-accident-sur-le-periph-nouvelle-randonnee-les-infos-du-mardi-20-aout-a-caen\/","og_site_name":"ACCIDENTDUTRAVAIL-IDF","article_published_time":"2024-08-20T10:16:00+00:00","og_image":[{"url":"https:\/\/www.accidentdutravail-idf.net\/blog\/wp-content\/uploads\/2024\/08\/boulevard-ferme-accident-sur-le-periph-nouvelle-randonnee-les-infos-du-mardi-20-aout-a-caen.jpg","type":"","width":"","height":""}],"author":"Carlos Poulain","twitter_card":"summary_large_image","twitter_misc":{"\u00c9crit par":"Carlos Poulain","Dur\u00e9e de lecture estim\u00e9e":"2 minutes"},"schema":{"@context":"https:\/\/schema.org","@graph":[{"@type":"Article","@id":"https:\/\/www.accidentdutravail-idf.net\/blog\/boulevard-ferme-accident-sur-le-periph-nouvelle-randonnee-les-infos-du-mardi-20-aout-a-caen\/#article","isPartOf":{"@id":"https:\/\/www.accidentdutravail-idf.net\/blog\/boulevard-ferme-accident-sur-le-periph-nouvelle-randonnee-les-infos-du-mardi-20-aout-a-caen\/"},"author":{"name":"Carlos Poulain","@id":"https:\/\/www.accidentdutravail-idf.net\/blog\/#\/schema\/person\/3255d2f970de45e64bd9201f38e7b947"},"headline":"Boulevard ferm\u00e9, accident sur le p\u00e9riph&rsquo;, nouvelle randonn\u00e9e\u2026 : les infos du mardi 20 ao\u00fbt \u00e0 Caen","datePublished":"2024-08-20T10:16:00+00:00","mainEntityOfPage":{"@id":"https:\/\/www.accidentdutravail-idf.net\/blog\/boulevard-ferme-accident-sur-le-periph-nouvelle-randonnee-les-infos-du-mardi-20-aout-a-caen\/"},"wordCount":417,"publisher":{"@id":"https:\/\/www.accidentdutravail-idf.net\/blog\/#organization"},"image":{"@id":"https:\/\/www.accidentdutravail-idf.net\/blog\/boulevard-ferme-accident-sur-le-periph-nouvelle-randonnee-les-infos-du-mardi-20-aout-a-caen\/#primaryimage"},"thumbnailUrl":"https:\/\/www.accidentdutravail-idf.net\/blog\/wp-content\/uploads\/2024\/08\/boulevard-ferme-accident-sur-le-periph-nouvelle-randonnee-les-infos-du-mardi-20-aout-a-caen.jpg","articleSection":["S\u00e9curit\u00e9 Du Travail En Ile-De-France Et Divers:"],"inLanguage":"fr-FR"},{"@type":"WebPage","@id":"https:\/\/www.accidentdutravail-idf.net\/blog\/boulevard-ferme-accident-sur-le-periph-nouvelle-randonnee-les-infos-du-mardi-20-aout-a-caen\/","url":"https:\/\/www.accidentdutravail-idf.net\/blog\/boulevard-ferme-accident-sur-le-periph-nouvelle-randonnee-les-infos-du-mardi-20-aout-a-caen\/","name":"Boulevard ferm\u00e9, accident sur le p\u00e9riph', nouvelle randonn\u00e9e\u2026 : les infos du mardi 20 ao\u00fbt \u00e0 Caen - ACCIDENTDUTRAVAIL-IDF","isPartOf":{"@id":"https:\/\/www.accidentdutravail-idf.net\/blog\/#website"},"primaryImageOfPage":{"@id":"https:\/\/www.accidentdutravail-idf.net\/blog\/boulevard-ferme-accident-sur-le-periph-nouvelle-randonnee-les-infos-du-mardi-20-aout-a-caen\/#primaryimage"},"image":{"@id":"https:\/\/www.accidentdutravail-idf.net\/blog\/boulevard-ferme-accident-sur-le-periph-nouvelle-randonnee-les-infos-du-mardi-20-aout-a-caen\/#primaryimage"},"thumbnailUrl":"https:\/\/www.accidentdutravail-idf.net\/blog\/wp-content\/uploads\/2024\/08\/boulevard-ferme-accident-sur-le-periph-nouvelle-randonnee-les-infos-du-mardi-20-aout-a-caen.jpg","datePublished":"2024-08-20T10:16:00+00:00","description":"Boulevard ferm\u00e9, accident sur le p\u00e9riph', nouvelle randonn\u00e9e\u2026 : les infos du mardi 20 ao\u00fbt \u00e0 Caen article de ACCIDENTDUTRAVAIL-IDF","breadcrumb":{"@id":"https:\/\/www.accidentdutravail-idf.net\/blog\/boulevard-ferme-accident-sur-le-periph-nouvelle-randonnee-les-infos-du-mardi-20-aout-a-caen\/#breadcrumb"},"inLanguage":"fr-FR","potentialAction":[{"@type":"ReadAction","target":["https:\/\/www.accidentdutravail-idf.net\/blog\/boulevard-ferme-accident-sur-le-periph-nouvelle-randonnee-les-infos-du-mardi-20-aout-a-caen\/"]}]},{"@type":"ImageObject","inLanguage":"fr-FR","@id":"https:\/\/www.accidentdutravail-idf.net\/blog\/boulevard-ferme-accident-sur-le-periph-nouvelle-randonnee-les-infos-du-mardi-20-aout-a-caen\/#primaryimage","url":"https:\/\/www.accidentdutravail-idf.net\/blog\/wp-content\/uploads\/2024\/08\/boulevard-ferme-accident-sur-le-periph-nouvelle-randonnee-les-infos-du-mardi-20-aout-a-caen.jpg","contentUrl":"https:\/\/www.accidentdutravail-idf.net\/blog\/wp-content\/uploads\/2024\/08\/boulevard-ferme-accident-sur-le-periph-nouvelle-randonnee-les-infos-du-mardi-20-aout-a-caen.jpg"},{"@type":"BreadcrumbList","@id":"https:\/\/www.accidentdutravail-idf.net\/blog\/boulevard-ferme-accident-sur-le-periph-nouvelle-randonnee-les-infos-du-mardi-20-aout-a-caen\/#breadcrumb","itemListElement":[{"@type":"ListItem","position":1,"name":"Accueil","item":"https:\/\/www.accidentdutravail-idf.net\/blog\/"},{"@type":"ListItem","position":2,"name":"Boulevard ferm\u00e9, accident sur le p\u00e9riph&rsquo;, nouvelle randonn\u00e9e\u2026 : les infos du mardi 20 ao\u00fbt \u00e0 Caen"}]},{"@type":"WebSite","@id":"https:\/\/www.accidentdutravail-idf.net\/blog\/#website","url":"https:\/\/www.accidentdutravail-idf.net\/blog\/","name":"ACCIDENTDUTRAVAIL-IDF","description":"Portail accidents du travail-maladies professionnelles des entreprises d&#039;Ile-de-France","publisher":{"@id":"https:\/\/www.accidentdutravail-idf.net\/blog\/#organization"},"potentialAction":[{"@type":"SearchAction","target":{"@type":"EntryPoint","urlTemplate":"https:\/\/www.accidentdutravail-idf.net\/blog\/?s={search_term_string}"},"query-input":{"@type":"PropertyValueSpecification","valueRequired":true,"valueName":"search_term_string"}}],"inLanguage":"fr-FR"},{"@type":"Organization","@id":"https:\/\/www.accidentdutravail-idf.net\/blog\/#organization","name":"accidentdutravail-idf","url":"https:\/\/www.accidentdutravail-idf.net\/blog\/","logo":{"@type":"ImageObject","inLanguage":"fr-FR","@id":"https:\/\/www.accidentdutravail-idf.net\/blog\/#\/schema\/logo\/image\/","url":"https:\/\/www.accidentdutravail-idf.net\/blog\/wp-content\/uploads\/2022\/09\/logo-2.png","contentUrl":"https:\/\/www.accidentdutravail-idf.net\/blog\/wp-content\/uploads\/2022\/09\/logo-2.png","width":380,"height":291,"caption":"accidentdutravail-idf"},"image":{"@id":"https:\/\/www.accidentdutravail-idf.net\/blog\/#\/schema\/logo\/image\/"}},{"@type":"Person","@id":"https:\/\/www.accidentdutravail-idf.net\/blog\/#\/schema\/person\/3255d2f970de45e64bd9201f38e7b947","name":"Carlos Poulain","image":{"@type":"ImageObject","inLanguage":"fr-FR","@id":"https:\/\/secure.gravatar.com\/avatar\/b1c2f9d3588e34e91adb093635df64ef4b2381991216be7576466cfcdca4baf3?s=96&d=mm&r=g","url":"https:\/\/secure.gravatar.com\/avatar\/b1c2f9d3588e34e91adb093635df64ef4b2381991216be7576466cfcdca4baf3?s=96&d=mm&r=g","contentUrl":"https:\/\/secure.gravatar.com\/avatar\/b1c2f9d3588e34e91adb093635df64ef4b2381991216be7576466cfcdca4baf3?s=96&d=mm&r=g","caption":"Carlos Poulain"},"url":"https:\/\/www.accidentdutravail-idf.net\/blog\/author\/idfcarlos\/"}]}},"_links":{"self":[{"href":"https:\/\/www.accidentdutravail-idf.net\/blog\/wp-json\/wp\/v2\/posts\/688","targetHints":{"allow":["GET"]}}],"collection":[{"href":"https:\/\/www.accidentdutravail-idf.net\/blog\/wp-json\/wp\/v2\/posts"}],"about":[{"href":"https:\/\/www.accidentdutravail-idf.net\/blog\/wp-json\/wp\/v2\/types\/post"}],"author":[{"embeddable":true,"href":"https:\/\/www.accidentdutravail-idf.net\/blog\/wp-json\/wp\/v2\/users\/2"}],"replies":[{"embeddable":true,"href":"https:\/\/www.accidentdutravail-idf.net\/blog\/wp-json\/wp\/v2\/comments?post=688"}],"version-history":[{"count":0,"href":"https:\/\/www.accidentdutravail-idf.net\/blog\/wp-json\/wp\/v2\/posts\/688\/revisions"}],"wp:attachment":[{"href":"https:\/\/www.accidentdutravail-idf.net\/blog\/wp-json\/wp\/v2\/media?parent=688"}],"wp:term":[{"taxonomy":"category","embeddable":true,"href":"https:\/\/www.accidentdutravail-idf.net\/blog\/wp-json\/wp\/v2\/categories?post=688"},{"taxonomy":"post_tag","embeddable":true,"href":"https:\/\/www.accidentdutravail-idf.net\/blog\/wp-json\/wp\/v2\/tags?post=688"}],"curies":[{"name":"wp","href":"https:\/\/api.w.org\/{rel}","templated":true}]}}