{"id":686,"date":"2024-08-18T20:30:00","date_gmt":"2024-08-18T18:30:00","guid":{"rendered":"https:\/\/www.accidentdutravail-idf.net\/blog\/travail-au-noir-quels-sont-les-risques-a-travailler-sans-etre-declare\/"},"modified":"2024-08-18T20:30:00","modified_gmt":"2024-08-18T18:30:00","slug":"travail-au-noir-quels-sont-les-risques-a-travailler-sans-etre-declare","status":"publish","type":"post","link":"https:\/\/www.accidentdutravail-idf.net\/blog\/travail-au-noir-quels-sont-les-risques-a-travailler-sans-etre-declare\/","title":{"rendered":"Travail au noir : quels sont les risques \u00e0 travailler sans \u00eatre d\u00e9clar\u00e9"},"content":{"rendered":"<div><img decoding=\"async\" src=\"https:\/\/www.accidentdutravail-idf.net\/blog\/wp-content\/uploads\/2024\/08\/travail-au-noir-quels-sont-les-risques-a-travailler-sans-etre-declare.jpg\" class=\"ff-og-image-inserted\"><\/div>\n<p>Le concept de \u00ab\u00a0travail au noir\u00a0\u00bb d\u00e9signe une pratique ancienne dans le monde du travail, mais sa qualification telle qu\u2019on la conna\u00eet aujourd\u2019hui n\u2019a \u00e9t\u00e9 inscrite dans le Code du travail qu\u2019en 1997. On parlait auparavant de travail clandestin pour d\u00e9signer le travail dissimul\u00e9 sans contrat de travail. Si cette pratique est encore tr\u00e8s r\u00e9pandue dans certains domaines d\u2019activit\u00e9, notamment ceux recourant en masse \u00e0 une main-d\u2019\u0153uvre peu qualifi\u00e9e voire sans papiers d\u2019identit\u00e9, elle expose ceux qui la commettent \u00e0 de lourdes peines. Et si les employeurs sont les plus s\u00e9v\u00e8rement punis, les travailleurs eux aussi ne sont pas \u00e0 l\u2019abri de sanctions.<\/p>\n<p>Le travail au noir consiste \u00e0 employer une personne dans le cadre d\u2019un travail r\u00e9mun\u00e9r\u00e9 sans qu\u2019elle soit d\u00e9clar\u00e9e aupr\u00e8s de l\u2019administration fiscale. De ce fait, l\u2019emploi ne donne lieu \u00e0 aucun contrat de travail et \u00e0 aucun bulletin de paie, la r\u00e9mun\u00e9ration se faisant en majorit\u00e9 directement en liquide de l\u2019employeur \u00e0 l\u2019employ\u00e9. Bien qu\u2019il soit ill\u00e9gal et s\u00e9v\u00e8rement r\u00e9prim\u00e9, de nombreux entrepreneurs recourent encore au travail au noir, car cela les exon\u00e8re de <a href=\"https:\/\/www.caminteresse.fr\/societe\/quelles-sont-les-primes-qui-sont-imposables-en-france-11191020\/\" rel=\"nofollow noopener\" target=\"_blank\" data-ylk=\"slk:toutes charges patronales et salariales;elm:context_link;itc:0;sec:content-canvas\" class=\"link \">toutes charges patronales et salariales<\/a>. Et bien que certains travailleurs puissent \u00eatre s\u00e9duits par la possibilit\u00e9 de ne payer aucune cotisation sur leur salaire brut, ils doivent savoir que le travail au noir ne leur donne acc\u00e8s \u00e0 aucune protection sociale, <a href=\"https:\/\/www.caminteresse.fr\/societe\/comment-fonctionne-le-systeme-de-retraite-11190095\/\" rel=\"nofollow noopener\" target=\"_blank\" data-ylk=\"slk:\u00e0 aucun droit \u00e0 la retraite;elm:context_link;itc:0;sec:content-canvas\" class=\"link \">\u00e0 aucun droit \u00e0 la retraite<\/a>, ni \u00e0 aucune couverture d\u2019assurance en cas de maladie professionnelle ou d\u2019accident du travail.<\/p>\n<p>Lorsqu\u2019un (&#8230;)<\/p>\n<p>(&#8230;) <a href=\"https:\/\/www.caminteresse.fr\/societe\/travail-au-noir-quels-sont-les-risques-a-travailler-sans-etre-declare-11196543\/\" rel=\"nofollow noopener\" target=\"_blank\" data-ylk=\"slk:Cliquez ici pour voir la suite;elm:context_link;itc:0;sec:content-canvas\" class=\"link \">Cliquez ici pour voir la suite<\/a><\/p>\n<p><a href=\"https:\/\/www.caminteresse.fr\/societe\/quels-sont-les-pays-ou-lon-paye-le-plus-dimpots-11196659\/\" rel=\"nofollow noopener\" target=\"_blank\" data-ylk=\"slk:Quels sont les pays o\u00f9 l\u2019on paye le plus d\u2019imp\u00f4ts ?;elm:context_link;itc:0;sec:content-canvas\" class=\"link \">Quels sont les pays o\u00f9 l\u2019on paye le plus d\u2019imp\u00f4ts ?<\/a><br \/><a href=\"https:\/\/www.caminteresse.fr\/societe\/arnaque-au-colis-vide-attention-a-cette-escroquerie-sur-vinted-11196547\/\" rel=\"nofollow noopener\" target=\"_blank\" data-ylk=\"slk:Arnaque au colis vide : attention \u00e0 cette escroquerie sur Vinted;elm:context_link;itc:0;sec:content-canvas\" class=\"link \">Arnaque au colis vide : attention \u00e0 cette escroquerie sur Vinted<\/a><br \/><a href=\"https:\/\/www.caminteresse.fr\/societe\/ordinateur-tablette-telephone-sont-ils-couverts-par-mon-assurance-habitation-11196621\/\" rel=\"nofollow noopener\" target=\"_blank\" data-ylk=\"slk:Ordinateur, tablette, t\u00e9l\u00e9phone : sont-ils couverts par mon assurance habitation ?;elm:context_link;itc:0;sec:content-canvas\" class=\"link \">Ordinateur, tablette, t\u00e9l\u00e9phone : sont-ils couverts par mon assurance habitation ?<\/a><br \/><a href=\"https:\/\/www.caminteresse.fr\/societe\/chomage-le-plein-emploi-un-objectif-qui-remonte-a-l-antiquite-11196505\/\" rel=\"nofollow noopener\" target=\"_blank\" data-ylk=\"slk:Ch\u00f4mage : le plein-emploi, un objectif qui remonte \u00e0 l'Antiquit\u00e9 !;elm:context_link;itc:0;sec:content-canvas\" class=\"link \">Ch\u00f4mage : le plein-emploi, un objectif qui remonte \u00e0 l&rsquo;Antiquit\u00e9 !<\/a><br \/><a href=\"https:\/\/www.caminteresse.fr\/societe\/voici-les-lois-les-plus-absurdes-encore-en-vigueur-en-france-11196614\/\" rel=\"nofollow noopener\" target=\"_blank\" data-ylk=\"slk:Voici les lois les plus absurdes encore en vigueur en France;elm:context_link;itc:0;sec:content-canvas\" class=\"link \">Voici les lois les plus absurdes encore en vigueur en France<\/a><\/p>\n<p>accidentdutravail-idf.net vous a pr\u00e9par\u00e9 ce post qui informe du sujet \u00ab\u00a0Association Sportive Huisson-Longueville Essonne\u00a0\u00bb. La chronique se veut g\u00e9n\u00e9r\u00e9e du mieux possible. Vous pouvez utiliser les coordonn\u00e9es indiqu\u00e9es sur le site dans le but d\u2019apporter des explications sur ce post qui parle du th\u00e8me \u00ab\u00a0Association Sportive Huisson-Longueville Essonne\u00a0\u00bb. Le site accidentdutravail-idf.net a pour but de fournir diverses publications sur la th\u00e9matique Association Sportive Huisson-Longueville Essonne diffus\u00e9es sur le net. Il y aura plusieurs articles autour du sujet \u00ab\u00a0Association Sportive Huisson-Longueville Essonne\u00a0\u00bb dans quelques jours, nous vous invitons \u00e0 naviguer sur notre site web \u00e0 plusieurs reprises.<\/p>\n","protected":false},"excerpt":{"rendered":"<p>Le concept de \u00ab\u00a0travail au noir\u00a0\u00bb d\u00e9signe une pratique ancienne dans le monde du travail, mais sa qualification telle qu\u2019on la conna\u00eet aujourd\u2019hui n\u2019a \u00e9t\u00e9 inscrite dans le Code du travail qu\u2019en 1997. On parlait auparavant de travail clandestin pour d\u00e9signer le travail dissimul\u00e9 sans contrat de travail. Si cette pratique est encore tr\u00e8s r\u00e9pandue &hellip; <\/p>\n<p class=\"link-more\"><a href=\"https:\/\/www.accidentdutravail-idf.net\/blog\/travail-au-noir-quels-sont-les-risques-a-travailler-sans-etre-declare\/\" class=\"more-link\">Continuer la lecture <span class=\"screen-reader-text\"> \u00ab\u00a0Travail au noir : quels sont les risques \u00e0 travailler sans \u00eatre d\u00e9clar\u00e9\u00a0\u00bb<\/span><\/a><\/p>\n","protected":false},"author":2,"featured_media":0,"comment_status":"closed","ping_status":"closed","sticky":false,"template":"","format":"standard","meta":{"footnotes":""},"categories":[5],"tags":[],"class_list":["post-686","post","type-post","status-publish","format-standard","hentry","category-securite-du-travail-en-ile-de-france-et-divers","entry"],"yoast_head":"<!-- This site is optimized with the Yoast SEO plugin v27.5 - https:\/\/yoast.com\/product\/yoast-seo-wordpress\/ -->\n<title>Travail au noir : quels sont les risques \u00e0 travailler sans \u00eatre d\u00e9clar\u00e9 - ACCIDENTDUTRAVAIL-IDF<\/title>\n<meta name=\"description\" content=\"Travail au noir : quels sont les risques \u00e0 travailler sans \u00eatre d\u00e9clar\u00e9 article de ACCIDENTDUTRAVAIL-IDF\" \/>\n<meta name=\"robots\" content=\"index, follow, max-snippet:-1, max-image-preview:large, max-video-preview:-1\" \/>\n<link rel=\"canonical\" href=\"https:\/\/www.accidentdutravail-idf.net\/blog\/travail-au-noir-quels-sont-les-risques-a-travailler-sans-etre-declare\/\" \/>\n<meta property=\"og:locale\" content=\"fr_FR\" \/>\n<meta property=\"og:type\" content=\"article\" \/>\n<meta property=\"og:title\" content=\"Travail au noir : quels sont les risques \u00e0 travailler sans \u00eatre d\u00e9clar\u00e9 - ACCIDENTDUTRAVAIL-IDF\" \/>\n<meta property=\"og:description\" content=\"Travail au noir : quels sont les risques \u00e0 travailler sans \u00eatre d\u00e9clar\u00e9 article de ACCIDENTDUTRAVAIL-IDF\" \/>\n<meta property=\"og:url\" content=\"https:\/\/www.accidentdutravail-idf.net\/blog\/travail-au-noir-quels-sont-les-risques-a-travailler-sans-etre-declare\/\" \/>\n<meta property=\"og:site_name\" content=\"ACCIDENTDUTRAVAIL-IDF\" \/>\n<meta property=\"article:published_time\" content=\"2024-08-18T18:30:00+00:00\" \/>\n<meta property=\"og:image\" content=\"https:\/\/www.accidentdutravail-idf.net\/blog\/wp-content\/uploads\/2024\/08\/travail-au-noir-quels-sont-les-risques-a-travailler-sans-etre-declare.jpg\" \/>\n<meta name=\"author\" content=\"Carlos Poulain\" \/>\n<meta name=\"twitter:card\" content=\"summary_large_image\" \/>\n<meta name=\"twitter:label1\" content=\"\u00c9crit par\" \/>\n\t<meta name=\"twitter:data1\" content=\"Carlos Poulain\" \/>\n\t<meta name=\"twitter:label2\" content=\"Dur\u00e9e de lecture estim\u00e9e\" \/>\n\t<meta name=\"twitter:data2\" content=\"2 minutes\" \/>\n<script type=\"application\/ld+json\" class=\"yoast-schema-graph\">{\"@context\":\"https:\\\/\\\/schema.org\",\"@graph\":[{\"@type\":\"Article\",\"@id\":\"https:\\\/\\\/www.accidentdutravail-idf.net\\\/blog\\\/travail-au-noir-quels-sont-les-risques-a-travailler-sans-etre-declare\\\/#article\",\"isPartOf\":{\"@id\":\"https:\\\/\\\/www.accidentdutravail-idf.net\\\/blog\\\/travail-au-noir-quels-sont-les-risques-a-travailler-sans-etre-declare\\\/\"},\"author\":{\"name\":\"Carlos Poulain\",\"@id\":\"https:\\\/\\\/www.accidentdutravail-idf.net\\\/blog\\\/#\\\/schema\\\/person\\\/3255d2f970de45e64bd9201f38e7b947\"},\"headline\":\"Travail au noir : quels sont les risques \u00e0 travailler sans \u00eatre d\u00e9clar\u00e9\",\"datePublished\":\"2024-08-18T18:30:00+00:00\",\"mainEntityOfPage\":{\"@id\":\"https:\\\/\\\/www.accidentdutravail-idf.net\\\/blog\\\/travail-au-noir-quels-sont-les-risques-a-travailler-sans-etre-declare\\\/\"},\"wordCount\":445,\"publisher\":{\"@id\":\"https:\\\/\\\/www.accidentdutravail-idf.net\\\/blog\\\/#organization\"},\"image\":{\"@id\":\"https:\\\/\\\/www.accidentdutravail-idf.net\\\/blog\\\/travail-au-noir-quels-sont-les-risques-a-travailler-sans-etre-declare\\\/#primaryimage\"},\"thumbnailUrl\":\"https:\\\/\\\/www.accidentdutravail-idf.net\\\/blog\\\/wp-content\\\/uploads\\\/2024\\\/08\\\/travail-au-noir-quels-sont-les-risques-a-travailler-sans-etre-declare.jpg\",\"articleSection\":[\"S\u00e9curit\u00e9 Du Travail En Ile-De-France Et Divers:\"],\"inLanguage\":\"fr-FR\"},{\"@type\":\"WebPage\",\"@id\":\"https:\\\/\\\/www.accidentdutravail-idf.net\\\/blog\\\/travail-au-noir-quels-sont-les-risques-a-travailler-sans-etre-declare\\\/\",\"url\":\"https:\\\/\\\/www.accidentdutravail-idf.net\\\/blog\\\/travail-au-noir-quels-sont-les-risques-a-travailler-sans-etre-declare\\\/\",\"name\":\"Travail au noir : quels sont les risques \u00e0 travailler sans \u00eatre d\u00e9clar\u00e9 - ACCIDENTDUTRAVAIL-IDF\",\"isPartOf\":{\"@id\":\"https:\\\/\\\/www.accidentdutravail-idf.net\\\/blog\\\/#website\"},\"primaryImageOfPage\":{\"@id\":\"https:\\\/\\\/www.accidentdutravail-idf.net\\\/blog\\\/travail-au-noir-quels-sont-les-risques-a-travailler-sans-etre-declare\\\/#primaryimage\"},\"image\":{\"@id\":\"https:\\\/\\\/www.accidentdutravail-idf.net\\\/blog\\\/travail-au-noir-quels-sont-les-risques-a-travailler-sans-etre-declare\\\/#primaryimage\"},\"thumbnailUrl\":\"https:\\\/\\\/www.accidentdutravail-idf.net\\\/blog\\\/wp-content\\\/uploads\\\/2024\\\/08\\\/travail-au-noir-quels-sont-les-risques-a-travailler-sans-etre-declare.jpg\",\"datePublished\":\"2024-08-18T18:30:00+00:00\",\"description\":\"Travail au noir : quels sont les risques \u00e0 travailler sans \u00eatre d\u00e9clar\u00e9 article de ACCIDENTDUTRAVAIL-IDF\",\"breadcrumb\":{\"@id\":\"https:\\\/\\\/www.accidentdutravail-idf.net\\\/blog\\\/travail-au-noir-quels-sont-les-risques-a-travailler-sans-etre-declare\\\/#breadcrumb\"},\"inLanguage\":\"fr-FR\",\"potentialAction\":[{\"@type\":\"ReadAction\",\"target\":[\"https:\\\/\\\/www.accidentdutravail-idf.net\\\/blog\\\/travail-au-noir-quels-sont-les-risques-a-travailler-sans-etre-declare\\\/\"]}]},{\"@type\":\"ImageObject\",\"inLanguage\":\"fr-FR\",\"@id\":\"https:\\\/\\\/www.accidentdutravail-idf.net\\\/blog\\\/travail-au-noir-quels-sont-les-risques-a-travailler-sans-etre-declare\\\/#primaryimage\",\"url\":\"https:\\\/\\\/www.accidentdutravail-idf.net\\\/blog\\\/wp-content\\\/uploads\\\/2024\\\/08\\\/travail-au-noir-quels-sont-les-risques-a-travailler-sans-etre-declare.jpg\",\"contentUrl\":\"https:\\\/\\\/www.accidentdutravail-idf.net\\\/blog\\\/wp-content\\\/uploads\\\/2024\\\/08\\\/travail-au-noir-quels-sont-les-risques-a-travailler-sans-etre-declare.jpg\"},{\"@type\":\"BreadcrumbList\",\"@id\":\"https:\\\/\\\/www.accidentdutravail-idf.net\\\/blog\\\/travail-au-noir-quels-sont-les-risques-a-travailler-sans-etre-declare\\\/#breadcrumb\",\"itemListElement\":[{\"@type\":\"ListItem\",\"position\":1,\"name\":\"Accueil\",\"item\":\"https:\\\/\\\/www.accidentdutravail-idf.net\\\/blog\\\/\"},{\"@type\":\"ListItem\",\"position\":2,\"name\":\"Travail au noir : quels sont les risques \u00e0 travailler sans \u00eatre d\u00e9clar\u00e9\"}]},{\"@type\":\"WebSite\",\"@id\":\"https:\\\/\\\/www.accidentdutravail-idf.net\\\/blog\\\/#website\",\"url\":\"https:\\\/\\\/www.accidentdutravail-idf.net\\\/blog\\\/\",\"name\":\"ACCIDENTDUTRAVAIL-IDF\",\"description\":\"Portail accidents du travail-maladies professionnelles des entreprises d&#039;Ile-de-France\",\"publisher\":{\"@id\":\"https:\\\/\\\/www.accidentdutravail-idf.net\\\/blog\\\/#organization\"},\"potentialAction\":[{\"@type\":\"SearchAction\",\"target\":{\"@type\":\"EntryPoint\",\"urlTemplate\":\"https:\\\/\\\/www.accidentdutravail-idf.net\\\/blog\\\/?s={search_term_string}\"},\"query-input\":{\"@type\":\"PropertyValueSpecification\",\"valueRequired\":true,\"valueName\":\"search_term_string\"}}],\"inLanguage\":\"fr-FR\"},{\"@type\":\"Organization\",\"@id\":\"https:\\\/\\\/www.accidentdutravail-idf.net\\\/blog\\\/#organization\",\"name\":\"accidentdutravail-idf\",\"url\":\"https:\\\/\\\/www.accidentdutravail-idf.net\\\/blog\\\/\",\"logo\":{\"@type\":\"ImageObject\",\"inLanguage\":\"fr-FR\",\"@id\":\"https:\\\/\\\/www.accidentdutravail-idf.net\\\/blog\\\/#\\\/schema\\\/logo\\\/image\\\/\",\"url\":\"https:\\\/\\\/www.accidentdutravail-idf.net\\\/blog\\\/wp-content\\\/uploads\\\/2022\\\/09\\\/logo-2.png\",\"contentUrl\":\"https:\\\/\\\/www.accidentdutravail-idf.net\\\/blog\\\/wp-content\\\/uploads\\\/2022\\\/09\\\/logo-2.png\",\"width\":380,\"height\":291,\"caption\":\"accidentdutravail-idf\"},\"image\":{\"@id\":\"https:\\\/\\\/www.accidentdutravail-idf.net\\\/blog\\\/#\\\/schema\\\/logo\\\/image\\\/\"}},{\"@type\":\"Person\",\"@id\":\"https:\\\/\\\/www.accidentdutravail-idf.net\\\/blog\\\/#\\\/schema\\\/person\\\/3255d2f970de45e64bd9201f38e7b947\",\"name\":\"Carlos Poulain\",\"image\":{\"@type\":\"ImageObject\",\"inLanguage\":\"fr-FR\",\"@id\":\"https:\\\/\\\/secure.gravatar.com\\\/avatar\\\/b1c2f9d3588e34e91adb093635df64ef4b2381991216be7576466cfcdca4baf3?s=96&d=mm&r=g\",\"url\":\"https:\\\/\\\/secure.gravatar.com\\\/avatar\\\/b1c2f9d3588e34e91adb093635df64ef4b2381991216be7576466cfcdca4baf3?s=96&d=mm&r=g\",\"contentUrl\":\"https:\\\/\\\/secure.gravatar.com\\\/avatar\\\/b1c2f9d3588e34e91adb093635df64ef4b2381991216be7576466cfcdca4baf3?s=96&d=mm&r=g\",\"caption\":\"Carlos Poulain\"},\"url\":\"https:\\\/\\\/www.accidentdutravail-idf.net\\\/blog\\\/author\\\/idfcarlos\\\/\"}]}<\/script>\n<!-- \/ Yoast SEO plugin. -->","yoast_head_json":{"title":"Travail au noir : quels sont les risques \u00e0 travailler sans \u00eatre d\u00e9clar\u00e9 - ACCIDENTDUTRAVAIL-IDF","description":"Travail au noir : quels sont les risques \u00e0 travailler sans \u00eatre d\u00e9clar\u00e9 article de ACCIDENTDUTRAVAIL-IDF","robots":{"index":"index","follow":"follow","max-snippet":"max-snippet:-1","max-image-preview":"max-image-preview:large","max-video-preview":"max-video-preview:-1"},"canonical":"https:\/\/www.accidentdutravail-idf.net\/blog\/travail-au-noir-quels-sont-les-risques-a-travailler-sans-etre-declare\/","og_locale":"fr_FR","og_type":"article","og_title":"Travail au noir : quels sont les risques \u00e0 travailler sans \u00eatre d\u00e9clar\u00e9 - ACCIDENTDUTRAVAIL-IDF","og_description":"Travail au noir : quels sont les risques \u00e0 travailler sans \u00eatre d\u00e9clar\u00e9 article de ACCIDENTDUTRAVAIL-IDF","og_url":"https:\/\/www.accidentdutravail-idf.net\/blog\/travail-au-noir-quels-sont-les-risques-a-travailler-sans-etre-declare\/","og_site_name":"ACCIDENTDUTRAVAIL-IDF","article_published_time":"2024-08-18T18:30:00+00:00","og_image":[{"url":"https:\/\/www.accidentdutravail-idf.net\/blog\/wp-content\/uploads\/2024\/08\/travail-au-noir-quels-sont-les-risques-a-travailler-sans-etre-declare.jpg","type":"","width":"","height":""}],"author":"Carlos Poulain","twitter_card":"summary_large_image","twitter_misc":{"\u00c9crit par":"Carlos Poulain","Dur\u00e9e de lecture estim\u00e9e":"2 minutes"},"schema":{"@context":"https:\/\/schema.org","@graph":[{"@type":"Article","@id":"https:\/\/www.accidentdutravail-idf.net\/blog\/travail-au-noir-quels-sont-les-risques-a-travailler-sans-etre-declare\/#article","isPartOf":{"@id":"https:\/\/www.accidentdutravail-idf.net\/blog\/travail-au-noir-quels-sont-les-risques-a-travailler-sans-etre-declare\/"},"author":{"name":"Carlos Poulain","@id":"https:\/\/www.accidentdutravail-idf.net\/blog\/#\/schema\/person\/3255d2f970de45e64bd9201f38e7b947"},"headline":"Travail au noir : quels sont les risques \u00e0 travailler sans \u00eatre d\u00e9clar\u00e9","datePublished":"2024-08-18T18:30:00+00:00","mainEntityOfPage":{"@id":"https:\/\/www.accidentdutravail-idf.net\/blog\/travail-au-noir-quels-sont-les-risques-a-travailler-sans-etre-declare\/"},"wordCount":445,"publisher":{"@id":"https:\/\/www.accidentdutravail-idf.net\/blog\/#organization"},"image":{"@id":"https:\/\/www.accidentdutravail-idf.net\/blog\/travail-au-noir-quels-sont-les-risques-a-travailler-sans-etre-declare\/#primaryimage"},"thumbnailUrl":"https:\/\/www.accidentdutravail-idf.net\/blog\/wp-content\/uploads\/2024\/08\/travail-au-noir-quels-sont-les-risques-a-travailler-sans-etre-declare.jpg","articleSection":["S\u00e9curit\u00e9 Du Travail En Ile-De-France Et Divers:"],"inLanguage":"fr-FR"},{"@type":"WebPage","@id":"https:\/\/www.accidentdutravail-idf.net\/blog\/travail-au-noir-quels-sont-les-risques-a-travailler-sans-etre-declare\/","url":"https:\/\/www.accidentdutravail-idf.net\/blog\/travail-au-noir-quels-sont-les-risques-a-travailler-sans-etre-declare\/","name":"Travail au noir : quels sont les risques \u00e0 travailler sans \u00eatre d\u00e9clar\u00e9 - ACCIDENTDUTRAVAIL-IDF","isPartOf":{"@id":"https:\/\/www.accidentdutravail-idf.net\/blog\/#website"},"primaryImageOfPage":{"@id":"https:\/\/www.accidentdutravail-idf.net\/blog\/travail-au-noir-quels-sont-les-risques-a-travailler-sans-etre-declare\/#primaryimage"},"image":{"@id":"https:\/\/www.accidentdutravail-idf.net\/blog\/travail-au-noir-quels-sont-les-risques-a-travailler-sans-etre-declare\/#primaryimage"},"thumbnailUrl":"https:\/\/www.accidentdutravail-idf.net\/blog\/wp-content\/uploads\/2024\/08\/travail-au-noir-quels-sont-les-risques-a-travailler-sans-etre-declare.jpg","datePublished":"2024-08-18T18:30:00+00:00","description":"Travail au noir : quels sont les risques \u00e0 travailler sans \u00eatre d\u00e9clar\u00e9 article de ACCIDENTDUTRAVAIL-IDF","breadcrumb":{"@id":"https:\/\/www.accidentdutravail-idf.net\/blog\/travail-au-noir-quels-sont-les-risques-a-travailler-sans-etre-declare\/#breadcrumb"},"inLanguage":"fr-FR","potentialAction":[{"@type":"ReadAction","target":["https:\/\/www.accidentdutravail-idf.net\/blog\/travail-au-noir-quels-sont-les-risques-a-travailler-sans-etre-declare\/"]}]},{"@type":"ImageObject","inLanguage":"fr-FR","@id":"https:\/\/www.accidentdutravail-idf.net\/blog\/travail-au-noir-quels-sont-les-risques-a-travailler-sans-etre-declare\/#primaryimage","url":"https:\/\/www.accidentdutravail-idf.net\/blog\/wp-content\/uploads\/2024\/08\/travail-au-noir-quels-sont-les-risques-a-travailler-sans-etre-declare.jpg","contentUrl":"https:\/\/www.accidentdutravail-idf.net\/blog\/wp-content\/uploads\/2024\/08\/travail-au-noir-quels-sont-les-risques-a-travailler-sans-etre-declare.jpg"},{"@type":"BreadcrumbList","@id":"https:\/\/www.accidentdutravail-idf.net\/blog\/travail-au-noir-quels-sont-les-risques-a-travailler-sans-etre-declare\/#breadcrumb","itemListElement":[{"@type":"ListItem","position":1,"name":"Accueil","item":"https:\/\/www.accidentdutravail-idf.net\/blog\/"},{"@type":"ListItem","position":2,"name":"Travail au noir : quels sont les risques \u00e0 travailler sans \u00eatre d\u00e9clar\u00e9"}]},{"@type":"WebSite","@id":"https:\/\/www.accidentdutravail-idf.net\/blog\/#website","url":"https:\/\/www.accidentdutravail-idf.net\/blog\/","name":"ACCIDENTDUTRAVAIL-IDF","description":"Portail accidents du travail-maladies professionnelles des entreprises d&#039;Ile-de-France","publisher":{"@id":"https:\/\/www.accidentdutravail-idf.net\/blog\/#organization"},"potentialAction":[{"@type":"SearchAction","target":{"@type":"EntryPoint","urlTemplate":"https:\/\/www.accidentdutravail-idf.net\/blog\/?s={search_term_string}"},"query-input":{"@type":"PropertyValueSpecification","valueRequired":true,"valueName":"search_term_string"}}],"inLanguage":"fr-FR"},{"@type":"Organization","@id":"https:\/\/www.accidentdutravail-idf.net\/blog\/#organization","name":"accidentdutravail-idf","url":"https:\/\/www.accidentdutravail-idf.net\/blog\/","logo":{"@type":"ImageObject","inLanguage":"fr-FR","@id":"https:\/\/www.accidentdutravail-idf.net\/blog\/#\/schema\/logo\/image\/","url":"https:\/\/www.accidentdutravail-idf.net\/blog\/wp-content\/uploads\/2022\/09\/logo-2.png","contentUrl":"https:\/\/www.accidentdutravail-idf.net\/blog\/wp-content\/uploads\/2022\/09\/logo-2.png","width":380,"height":291,"caption":"accidentdutravail-idf"},"image":{"@id":"https:\/\/www.accidentdutravail-idf.net\/blog\/#\/schema\/logo\/image\/"}},{"@type":"Person","@id":"https:\/\/www.accidentdutravail-idf.net\/blog\/#\/schema\/person\/3255d2f970de45e64bd9201f38e7b947","name":"Carlos Poulain","image":{"@type":"ImageObject","inLanguage":"fr-FR","@id":"https:\/\/secure.gravatar.com\/avatar\/b1c2f9d3588e34e91adb093635df64ef4b2381991216be7576466cfcdca4baf3?s=96&d=mm&r=g","url":"https:\/\/secure.gravatar.com\/avatar\/b1c2f9d3588e34e91adb093635df64ef4b2381991216be7576466cfcdca4baf3?s=96&d=mm&r=g","contentUrl":"https:\/\/secure.gravatar.com\/avatar\/b1c2f9d3588e34e91adb093635df64ef4b2381991216be7576466cfcdca4baf3?s=96&d=mm&r=g","caption":"Carlos Poulain"},"url":"https:\/\/www.accidentdutravail-idf.net\/blog\/author\/idfcarlos\/"}]}},"_links":{"self":[{"href":"https:\/\/www.accidentdutravail-idf.net\/blog\/wp-json\/wp\/v2\/posts\/686","targetHints":{"allow":["GET"]}}],"collection":[{"href":"https:\/\/www.accidentdutravail-idf.net\/blog\/wp-json\/wp\/v2\/posts"}],"about":[{"href":"https:\/\/www.accidentdutravail-idf.net\/blog\/wp-json\/wp\/v2\/types\/post"}],"author":[{"embeddable":true,"href":"https:\/\/www.accidentdutravail-idf.net\/blog\/wp-json\/wp\/v2\/users\/2"}],"replies":[{"embeddable":true,"href":"https:\/\/www.accidentdutravail-idf.net\/blog\/wp-json\/wp\/v2\/comments?post=686"}],"version-history":[{"count":0,"href":"https:\/\/www.accidentdutravail-idf.net\/blog\/wp-json\/wp\/v2\/posts\/686\/revisions"}],"wp:attachment":[{"href":"https:\/\/www.accidentdutravail-idf.net\/blog\/wp-json\/wp\/v2\/media?parent=686"}],"wp:term":[{"taxonomy":"category","embeddable":true,"href":"https:\/\/www.accidentdutravail-idf.net\/blog\/wp-json\/wp\/v2\/categories?post=686"},{"taxonomy":"post_tag","embeddable":true,"href":"https:\/\/www.accidentdutravail-idf.net\/blog\/wp-json\/wp\/v2\/tags?post=686"}],"curies":[{"name":"wp","href":"https:\/\/api.w.org\/{rel}","templated":true}]}}