{"id":681,"date":"2024-08-18T12:42:00","date_gmt":"2024-08-18T10:42:00","guid":{"rendered":"https:\/\/www.accidentdutravail-idf.net\/blog\/pres-de-rouen-deux-accidents-sur-la13-des-bouchons-sur-la-route-du-retour-des-vacances\/"},"modified":"2024-08-18T12:42:00","modified_gmt":"2024-08-18T10:42:00","slug":"pres-de-rouen-deux-accidents-sur-la13-des-bouchons-sur-la-route-du-retour-des-vacances","status":"publish","type":"post","link":"https:\/\/www.accidentdutravail-idf.net\/blog\/pres-de-rouen-deux-accidents-sur-la13-des-bouchons-sur-la-route-du-retour-des-vacances\/","title":{"rendered":"Pr\u00e8s de Rouen : deux accidents sur l\u2019A13, des bouchons sur la route du retour des vacances"},"content":{"rendered":"<div><img decoding=\"async\" src=\"https:\/\/www.accidentdutravail-idf.net\/blog\/wp-content\/uploads\/2024\/08\/pres-de-rouen-deux-accidents-sur-la13-des-bouchons-sur-la-route-du-retour-des-vacances.jpg\" class=\"ff-og-image-inserted\"><\/div>\n<div class=\"ac-article-date\"> Par <strong> <a href=\"https:\/\/actu.fr\/auteur\/aurelien-delavaud\" title=\"Consulter tous les articles de Aur\u00e9lien Delavaud\" rel=\"nofollow\" target=\"_blank\">Aur\u00e9lien Delavaud<\/a> <\/strong> <span> Publi\u00e9 le  18 ao\u00fbt 2024 \u00e0 19h42  <\/span>\n<\/div>\n<div class=\"ac-article-follow\"> <a href=\"https:\/\/actu.fr\/mon-actu\" class=\"ac-article-follow__link\" rel=\"nofollow\" data-trk=\"{&quot;cta&quot;:{&quot;action&quot;:&quot;https:\\\/\\\/actu.fr\\\/mon-actu&quot;,&quot;category&quot;:&quot;mon compte&quot;,&quot;from&quot;:&quot;article header&quot;,&quot;name&quot;:&quot;Voir mon actu&quot;,&quot;type&quot;:&quot;cta&quot;}}\" target=\"_blank\">Voir mon actu<\/a> <button type=\"button\" class=\"ac-btn ac-btn--mini ac-btn--blue ac-icon--star-empty\" data-follow=\"Suivre Le Journal d'Elbeuf\" data-unfollow=\"Retirer\">Suivre Le Journal d&rsquo;Elbeuf<\/button>\n<\/div>\n<p>Les secours ont eu du travail, sur l\u2019<b>autoroute A13<\/b>, dans le secteur de <a href=\"https:\/\/actu.fr\/normandie\/tourville-la-riviere_76705\" target=\"_blank\" rel=\"nofollow\">Tourville-la-Rivi\u00e8re<\/a>, le dimanche 18&nbsp;ao\u00fbt 2024, en d\u00e9but de soir\u00e9e.<\/p>\n<p>Sur les coups de 19\u2009h, un <b>accident impliquant trois v\u00e9hicules<\/b> s\u2019est produit dans le sens Rouen-Paris, sur le pont qui traverse la Seine.<\/p>\n<h2>Plusieurs kilom\u00e8tres de bouchons<\/h2>\n<p>Trois v\u00e9hicules de pompiers et la gendarmerie \u00e9taient sur place, mais la r\u00e9duction du nombre de voies a eu des cons\u00e9quences, sur un axe majeur et dans une soir\u00e9e <a href=\"https:\/\/actu.fr\/societe\/week-end-du-15-aout-des-bouchons-attendus-les-previsions-de-trafic-jour-par-jour-et-les-routes-a-eviter_61481001.html\" target=\"_blank\" rel=\"nofollow\">class\u00e9e rouge dans le sens des retours par Bison fut\u00e9<\/a>.<\/p>\n<p>En effet, un <b>bouchon s\u2019est form\u00e9 sur plusieurs kilom\u00e8tres<\/b>, jusqu\u2019au niveau de la sortie de Maison Br\u00fbl\u00e9e.<\/p>\n<p>En tout, 10 personnes ont \u00e9t\u00e9 impliqu\u00e9s, dont une femme, bless\u00e9e l\u00e9g\u00e8rement, qui a \u00e9t\u00e9 conduite vers l\u2019h\u00f4pital.&nbsp;<\/p>\n<h2>Un autre accident \u00e0 proximit\u00e9<\/h2>\n<p>Dans le m\u00eame temps, <b>un autre incident<\/b> s\u2019est produit quelques centaines de m\u00e8tres plus loin, mais dans l\u2019autre sens de circulation, au niveau de la sortie vers le centre commercial.<\/p>\n<figure id=\"dailymotion-embed-x7dyep\" class=\"ac-embed ac-embed--dailymotion ac-embed--inread3\" data-provider=\"dailymotion\"><figcaption>Vid\u00e9os : en ce moment sur Actu<\/figcaption><\/figure>\n<div class=\"ac-article-to-read\">\n<p>\u00c0 lire aussi<\/p>\n<\/div>\n<p>Cet autre accident a impliqu\u00e9 <b>une moto<\/b> seule, qui aurait gliss\u00e9 dans le virage.<\/p>\n<p>Sa conductrice, une femme de 28 ans, \u00e9galement consid\u00e9r\u00e9e comme \u00ab&nbsp;bless\u00e9 l\u00e9ger&nbsp;\u00bb par les pompiers, a \u00e9t\u00e9 conduite vers l\u2019h\u00f4pital.<\/p>\n<p><i>Suivez toute l\u2019actualit\u00e9 de vos villes et m\u00e9dias favoris en vous inscrivant \u00e0 <a href=\"https:\/\/moncompte.actu.fr\" title=\"D\u00e9couvez Mon Actu\" rel=\"nofollow\" data-trk=\"{&quot;cta&quot;:{&quot;action&quot;:&quot;https:\\\/\\\/moncompte.actu.fr&quot;,&quot;category&quot;:&quot;mon compte&quot;,&quot;from&quot;:&quot;article footer&quot;,&quot;name&quot;:&quot;Mon actu&quot;,&quot;type&quot;:&quot;cta&quot;}}\" target=\"_blank\">Mon Actu<\/a>.<\/i><\/p>\n<p> accidentdutravail-idf.net vous a pr\u00e9par\u00e9 ce post qui informe du sujet \u00ab\u00a0Association Sportive Huisson-Longueville Essonne\u00a0\u00bb. La chronique se veut g\u00e9n\u00e9r\u00e9e du mieux possible. Vous pouvez utiliser les coordonn\u00e9es indiqu\u00e9es sur le site dans le but d\u2019apporter des explications sur ce post qui parle du th\u00e8me \u00ab\u00a0Association Sportive Huisson-Longueville Essonne\u00a0\u00bb. Le site accidentdutravail-idf.net a pour but de fournir diverses publications sur la th\u00e9matique Association Sportive Huisson-Longueville Essonne diffus\u00e9es sur le net. Il y aura plusieurs articles autour du sujet \u00ab\u00a0Association Sportive Huisson-Longueville Essonne\u00a0\u00bb dans quelques jours, nous vous invitons \u00e0 naviguer sur notre site web \u00e0 plusieurs reprises.<\/p>\n","protected":false},"excerpt":{"rendered":"<p>Par Aur\u00e9lien Delavaud Publi\u00e9 le 18 ao\u00fbt 2024 \u00e0 19h42 Voir mon actu Suivre Le Journal d&rsquo;Elbeuf Les secours ont eu du travail, sur l\u2019autoroute A13, dans le secteur de Tourville-la-Rivi\u00e8re, le dimanche 18&nbsp;ao\u00fbt 2024, en d\u00e9but de soir\u00e9e. Sur les coups de 19\u2009h, un accident impliquant trois v\u00e9hicules s\u2019est produit dans le sens Rouen-Paris, &hellip; <\/p>\n<p class=\"link-more\"><a href=\"https:\/\/www.accidentdutravail-idf.net\/blog\/pres-de-rouen-deux-accidents-sur-la13-des-bouchons-sur-la-route-du-retour-des-vacances\/\" class=\"more-link\">Continuer la lecture <span class=\"screen-reader-text\"> \u00ab\u00a0Pr\u00e8s de Rouen : deux accidents sur l\u2019A13, des bouchons sur la route du retour des vacances\u00a0\u00bb<\/span><\/a><\/p>\n","protected":false},"author":2,"featured_media":0,"comment_status":"closed","ping_status":"closed","sticky":false,"template":"","format":"standard","meta":{"footnotes":""},"categories":[5],"tags":[],"class_list":["post-681","post","type-post","status-publish","format-standard","hentry","category-securite-du-travail-en-ile-de-france-et-divers","entry"],"yoast_head":"<!-- This site is optimized with the Yoast SEO plugin v27.5 - https:\/\/yoast.com\/product\/yoast-seo-wordpress\/ -->\n<title>Pr\u00e8s de Rouen : deux accidents sur l\u2019A13, des bouchons sur la route du retour des vacances - ACCIDENTDUTRAVAIL-IDF<\/title>\n<meta name=\"description\" content=\"Pr\u00e8s de Rouen : deux accidents sur l\u2019A13, des bouchons sur la route du retour des vacances article de ACCIDENTDUTRAVAIL-IDF\" \/>\n<meta name=\"robots\" content=\"index, follow, max-snippet:-1, max-image-preview:large, max-video-preview:-1\" \/>\n<link rel=\"canonical\" href=\"https:\/\/www.accidentdutravail-idf.net\/blog\/pres-de-rouen-deux-accidents-sur-la13-des-bouchons-sur-la-route-du-retour-des-vacances\/\" \/>\n<meta property=\"og:locale\" content=\"fr_FR\" \/>\n<meta property=\"og:type\" content=\"article\" \/>\n<meta property=\"og:title\" content=\"Pr\u00e8s de Rouen : deux accidents sur l\u2019A13, des bouchons sur la route du retour des vacances - ACCIDENTDUTRAVAIL-IDF\" \/>\n<meta property=\"og:description\" content=\"Pr\u00e8s de Rouen : deux accidents sur l\u2019A13, des bouchons sur la route du retour des vacances article de ACCIDENTDUTRAVAIL-IDF\" \/>\n<meta property=\"og:url\" content=\"https:\/\/www.accidentdutravail-idf.net\/blog\/pres-de-rouen-deux-accidents-sur-la13-des-bouchons-sur-la-route-du-retour-des-vacances\/\" \/>\n<meta property=\"og:site_name\" content=\"ACCIDENTDUTRAVAIL-IDF\" \/>\n<meta property=\"article:published_time\" content=\"2024-08-18T10:42:00+00:00\" \/>\n<meta property=\"og:image\" content=\"https:\/\/www.accidentdutravail-idf.net\/blog\/wp-content\/uploads\/2024\/08\/pres-de-rouen-deux-accidents-sur-la13-des-bouchons-sur-la-route-du-retour-des-vacances.jpg\" \/>\n<meta name=\"author\" content=\"Carlos Poulain\" \/>\n<meta name=\"twitter:card\" content=\"summary_large_image\" \/>\n<meta name=\"twitter:label1\" content=\"\u00c9crit par\" \/>\n\t<meta name=\"twitter:data1\" content=\"Carlos Poulain\" \/>\n\t<meta name=\"twitter:label2\" content=\"Dur\u00e9e de lecture estim\u00e9e\" \/>\n\t<meta name=\"twitter:data2\" content=\"2 minutes\" \/>\n<script type=\"application\/ld+json\" class=\"yoast-schema-graph\">{\"@context\":\"https:\\\/\\\/schema.org\",\"@graph\":[{\"@type\":\"Article\",\"@id\":\"https:\\\/\\\/www.accidentdutravail-idf.net\\\/blog\\\/pres-de-rouen-deux-accidents-sur-la13-des-bouchons-sur-la-route-du-retour-des-vacances\\\/#article\",\"isPartOf\":{\"@id\":\"https:\\\/\\\/www.accidentdutravail-idf.net\\\/blog\\\/pres-de-rouen-deux-accidents-sur-la13-des-bouchons-sur-la-route-du-retour-des-vacances\\\/\"},\"author\":{\"name\":\"Carlos Poulain\",\"@id\":\"https:\\\/\\\/www.accidentdutravail-idf.net\\\/blog\\\/#\\\/schema\\\/person\\\/3255d2f970de45e64bd9201f38e7b947\"},\"headline\":\"Pr\u00e8s de Rouen : deux accidents sur l\u2019A13, des bouchons sur la route du retour des vacances\",\"datePublished\":\"2024-08-18T10:42:00+00:00\",\"mainEntityOfPage\":{\"@id\":\"https:\\\/\\\/www.accidentdutravail-idf.net\\\/blog\\\/pres-de-rouen-deux-accidents-sur-la13-des-bouchons-sur-la-route-du-retour-des-vacances\\\/\"},\"wordCount\":390,\"publisher\":{\"@id\":\"https:\\\/\\\/www.accidentdutravail-idf.net\\\/blog\\\/#organization\"},\"image\":{\"@id\":\"https:\\\/\\\/www.accidentdutravail-idf.net\\\/blog\\\/pres-de-rouen-deux-accidents-sur-la13-des-bouchons-sur-la-route-du-retour-des-vacances\\\/#primaryimage\"},\"thumbnailUrl\":\"https:\\\/\\\/www.accidentdutravail-idf.net\\\/blog\\\/wp-content\\\/uploads\\\/2024\\\/08\\\/pres-de-rouen-deux-accidents-sur-la13-des-bouchons-sur-la-route-du-retour-des-vacances.jpg\",\"articleSection\":[\"S\u00e9curit\u00e9 Du Travail En Ile-De-France Et Divers:\"],\"inLanguage\":\"fr-FR\"},{\"@type\":\"WebPage\",\"@id\":\"https:\\\/\\\/www.accidentdutravail-idf.net\\\/blog\\\/pres-de-rouen-deux-accidents-sur-la13-des-bouchons-sur-la-route-du-retour-des-vacances\\\/\",\"url\":\"https:\\\/\\\/www.accidentdutravail-idf.net\\\/blog\\\/pres-de-rouen-deux-accidents-sur-la13-des-bouchons-sur-la-route-du-retour-des-vacances\\\/\",\"name\":\"Pr\u00e8s de Rouen : deux accidents sur l\u2019A13, des bouchons sur la route du retour des vacances - ACCIDENTDUTRAVAIL-IDF\",\"isPartOf\":{\"@id\":\"https:\\\/\\\/www.accidentdutravail-idf.net\\\/blog\\\/#website\"},\"primaryImageOfPage\":{\"@id\":\"https:\\\/\\\/www.accidentdutravail-idf.net\\\/blog\\\/pres-de-rouen-deux-accidents-sur-la13-des-bouchons-sur-la-route-du-retour-des-vacances\\\/#primaryimage\"},\"image\":{\"@id\":\"https:\\\/\\\/www.accidentdutravail-idf.net\\\/blog\\\/pres-de-rouen-deux-accidents-sur-la13-des-bouchons-sur-la-route-du-retour-des-vacances\\\/#primaryimage\"},\"thumbnailUrl\":\"https:\\\/\\\/www.accidentdutravail-idf.net\\\/blog\\\/wp-content\\\/uploads\\\/2024\\\/08\\\/pres-de-rouen-deux-accidents-sur-la13-des-bouchons-sur-la-route-du-retour-des-vacances.jpg\",\"datePublished\":\"2024-08-18T10:42:00+00:00\",\"description\":\"Pr\u00e8s de Rouen : deux accidents sur l\u2019A13, des bouchons sur la route du retour des vacances article de ACCIDENTDUTRAVAIL-IDF\",\"breadcrumb\":{\"@id\":\"https:\\\/\\\/www.accidentdutravail-idf.net\\\/blog\\\/pres-de-rouen-deux-accidents-sur-la13-des-bouchons-sur-la-route-du-retour-des-vacances\\\/#breadcrumb\"},\"inLanguage\":\"fr-FR\",\"potentialAction\":[{\"@type\":\"ReadAction\",\"target\":[\"https:\\\/\\\/www.accidentdutravail-idf.net\\\/blog\\\/pres-de-rouen-deux-accidents-sur-la13-des-bouchons-sur-la-route-du-retour-des-vacances\\\/\"]}]},{\"@type\":\"ImageObject\",\"inLanguage\":\"fr-FR\",\"@id\":\"https:\\\/\\\/www.accidentdutravail-idf.net\\\/blog\\\/pres-de-rouen-deux-accidents-sur-la13-des-bouchons-sur-la-route-du-retour-des-vacances\\\/#primaryimage\",\"url\":\"https:\\\/\\\/www.accidentdutravail-idf.net\\\/blog\\\/wp-content\\\/uploads\\\/2024\\\/08\\\/pres-de-rouen-deux-accidents-sur-la13-des-bouchons-sur-la-route-du-retour-des-vacances.jpg\",\"contentUrl\":\"https:\\\/\\\/www.accidentdutravail-idf.net\\\/blog\\\/wp-content\\\/uploads\\\/2024\\\/08\\\/pres-de-rouen-deux-accidents-sur-la13-des-bouchons-sur-la-route-du-retour-des-vacances.jpg\"},{\"@type\":\"BreadcrumbList\",\"@id\":\"https:\\\/\\\/www.accidentdutravail-idf.net\\\/blog\\\/pres-de-rouen-deux-accidents-sur-la13-des-bouchons-sur-la-route-du-retour-des-vacances\\\/#breadcrumb\",\"itemListElement\":[{\"@type\":\"ListItem\",\"position\":1,\"name\":\"Accueil\",\"item\":\"https:\\\/\\\/www.accidentdutravail-idf.net\\\/blog\\\/\"},{\"@type\":\"ListItem\",\"position\":2,\"name\":\"Pr\u00e8s de Rouen : deux accidents sur l\u2019A13, des bouchons sur la route du retour des vacances\"}]},{\"@type\":\"WebSite\",\"@id\":\"https:\\\/\\\/www.accidentdutravail-idf.net\\\/blog\\\/#website\",\"url\":\"https:\\\/\\\/www.accidentdutravail-idf.net\\\/blog\\\/\",\"name\":\"ACCIDENTDUTRAVAIL-IDF\",\"description\":\"Portail accidents du travail-maladies professionnelles des entreprises d&#039;Ile-de-France\",\"publisher\":{\"@id\":\"https:\\\/\\\/www.accidentdutravail-idf.net\\\/blog\\\/#organization\"},\"potentialAction\":[{\"@type\":\"SearchAction\",\"target\":{\"@type\":\"EntryPoint\",\"urlTemplate\":\"https:\\\/\\\/www.accidentdutravail-idf.net\\\/blog\\\/?s={search_term_string}\"},\"query-input\":{\"@type\":\"PropertyValueSpecification\",\"valueRequired\":true,\"valueName\":\"search_term_string\"}}],\"inLanguage\":\"fr-FR\"},{\"@type\":\"Organization\",\"@id\":\"https:\\\/\\\/www.accidentdutravail-idf.net\\\/blog\\\/#organization\",\"name\":\"accidentdutravail-idf\",\"url\":\"https:\\\/\\\/www.accidentdutravail-idf.net\\\/blog\\\/\",\"logo\":{\"@type\":\"ImageObject\",\"inLanguage\":\"fr-FR\",\"@id\":\"https:\\\/\\\/www.accidentdutravail-idf.net\\\/blog\\\/#\\\/schema\\\/logo\\\/image\\\/\",\"url\":\"https:\\\/\\\/www.accidentdutravail-idf.net\\\/blog\\\/wp-content\\\/uploads\\\/2022\\\/09\\\/logo-2.png\",\"contentUrl\":\"https:\\\/\\\/www.accidentdutravail-idf.net\\\/blog\\\/wp-content\\\/uploads\\\/2022\\\/09\\\/logo-2.png\",\"width\":380,\"height\":291,\"caption\":\"accidentdutravail-idf\"},\"image\":{\"@id\":\"https:\\\/\\\/www.accidentdutravail-idf.net\\\/blog\\\/#\\\/schema\\\/logo\\\/image\\\/\"}},{\"@type\":\"Person\",\"@id\":\"https:\\\/\\\/www.accidentdutravail-idf.net\\\/blog\\\/#\\\/schema\\\/person\\\/3255d2f970de45e64bd9201f38e7b947\",\"name\":\"Carlos Poulain\",\"image\":{\"@type\":\"ImageObject\",\"inLanguage\":\"fr-FR\",\"@id\":\"https:\\\/\\\/secure.gravatar.com\\\/avatar\\\/b1c2f9d3588e34e91adb093635df64ef4b2381991216be7576466cfcdca4baf3?s=96&d=mm&r=g\",\"url\":\"https:\\\/\\\/secure.gravatar.com\\\/avatar\\\/b1c2f9d3588e34e91adb093635df64ef4b2381991216be7576466cfcdca4baf3?s=96&d=mm&r=g\",\"contentUrl\":\"https:\\\/\\\/secure.gravatar.com\\\/avatar\\\/b1c2f9d3588e34e91adb093635df64ef4b2381991216be7576466cfcdca4baf3?s=96&d=mm&r=g\",\"caption\":\"Carlos Poulain\"},\"url\":\"https:\\\/\\\/www.accidentdutravail-idf.net\\\/blog\\\/author\\\/idfcarlos\\\/\"}]}<\/script>\n<!-- \/ Yoast SEO plugin. -->","yoast_head_json":{"title":"Pr\u00e8s de Rouen : deux accidents sur l\u2019A13, des bouchons sur la route du retour des vacances - ACCIDENTDUTRAVAIL-IDF","description":"Pr\u00e8s de Rouen : deux accidents sur l\u2019A13, des bouchons sur la route du retour des vacances article de ACCIDENTDUTRAVAIL-IDF","robots":{"index":"index","follow":"follow","max-snippet":"max-snippet:-1","max-image-preview":"max-image-preview:large","max-video-preview":"max-video-preview:-1"},"canonical":"https:\/\/www.accidentdutravail-idf.net\/blog\/pres-de-rouen-deux-accidents-sur-la13-des-bouchons-sur-la-route-du-retour-des-vacances\/","og_locale":"fr_FR","og_type":"article","og_title":"Pr\u00e8s de Rouen : deux accidents sur l\u2019A13, des bouchons sur la route du retour des vacances - ACCIDENTDUTRAVAIL-IDF","og_description":"Pr\u00e8s de Rouen : deux accidents sur l\u2019A13, des bouchons sur la route du retour des vacances article de ACCIDENTDUTRAVAIL-IDF","og_url":"https:\/\/www.accidentdutravail-idf.net\/blog\/pres-de-rouen-deux-accidents-sur-la13-des-bouchons-sur-la-route-du-retour-des-vacances\/","og_site_name":"ACCIDENTDUTRAVAIL-IDF","article_published_time":"2024-08-18T10:42:00+00:00","og_image":[{"url":"https:\/\/www.accidentdutravail-idf.net\/blog\/wp-content\/uploads\/2024\/08\/pres-de-rouen-deux-accidents-sur-la13-des-bouchons-sur-la-route-du-retour-des-vacances.jpg","type":"","width":"","height":""}],"author":"Carlos Poulain","twitter_card":"summary_large_image","twitter_misc":{"\u00c9crit par":"Carlos Poulain","Dur\u00e9e de lecture estim\u00e9e":"2 minutes"},"schema":{"@context":"https:\/\/schema.org","@graph":[{"@type":"Article","@id":"https:\/\/www.accidentdutravail-idf.net\/blog\/pres-de-rouen-deux-accidents-sur-la13-des-bouchons-sur-la-route-du-retour-des-vacances\/#article","isPartOf":{"@id":"https:\/\/www.accidentdutravail-idf.net\/blog\/pres-de-rouen-deux-accidents-sur-la13-des-bouchons-sur-la-route-du-retour-des-vacances\/"},"author":{"name":"Carlos Poulain","@id":"https:\/\/www.accidentdutravail-idf.net\/blog\/#\/schema\/person\/3255d2f970de45e64bd9201f38e7b947"},"headline":"Pr\u00e8s de Rouen : deux accidents sur l\u2019A13, des bouchons sur la route du retour des vacances","datePublished":"2024-08-18T10:42:00+00:00","mainEntityOfPage":{"@id":"https:\/\/www.accidentdutravail-idf.net\/blog\/pres-de-rouen-deux-accidents-sur-la13-des-bouchons-sur-la-route-du-retour-des-vacances\/"},"wordCount":390,"publisher":{"@id":"https:\/\/www.accidentdutravail-idf.net\/blog\/#organization"},"image":{"@id":"https:\/\/www.accidentdutravail-idf.net\/blog\/pres-de-rouen-deux-accidents-sur-la13-des-bouchons-sur-la-route-du-retour-des-vacances\/#primaryimage"},"thumbnailUrl":"https:\/\/www.accidentdutravail-idf.net\/blog\/wp-content\/uploads\/2024\/08\/pres-de-rouen-deux-accidents-sur-la13-des-bouchons-sur-la-route-du-retour-des-vacances.jpg","articleSection":["S\u00e9curit\u00e9 Du Travail En Ile-De-France Et Divers:"],"inLanguage":"fr-FR"},{"@type":"WebPage","@id":"https:\/\/www.accidentdutravail-idf.net\/blog\/pres-de-rouen-deux-accidents-sur-la13-des-bouchons-sur-la-route-du-retour-des-vacances\/","url":"https:\/\/www.accidentdutravail-idf.net\/blog\/pres-de-rouen-deux-accidents-sur-la13-des-bouchons-sur-la-route-du-retour-des-vacances\/","name":"Pr\u00e8s de Rouen : deux accidents sur l\u2019A13, des bouchons sur la route du retour des vacances - ACCIDENTDUTRAVAIL-IDF","isPartOf":{"@id":"https:\/\/www.accidentdutravail-idf.net\/blog\/#website"},"primaryImageOfPage":{"@id":"https:\/\/www.accidentdutravail-idf.net\/blog\/pres-de-rouen-deux-accidents-sur-la13-des-bouchons-sur-la-route-du-retour-des-vacances\/#primaryimage"},"image":{"@id":"https:\/\/www.accidentdutravail-idf.net\/blog\/pres-de-rouen-deux-accidents-sur-la13-des-bouchons-sur-la-route-du-retour-des-vacances\/#primaryimage"},"thumbnailUrl":"https:\/\/www.accidentdutravail-idf.net\/blog\/wp-content\/uploads\/2024\/08\/pres-de-rouen-deux-accidents-sur-la13-des-bouchons-sur-la-route-du-retour-des-vacances.jpg","datePublished":"2024-08-18T10:42:00+00:00","description":"Pr\u00e8s de Rouen : deux accidents sur l\u2019A13, des bouchons sur la route du retour des vacances article de ACCIDENTDUTRAVAIL-IDF","breadcrumb":{"@id":"https:\/\/www.accidentdutravail-idf.net\/blog\/pres-de-rouen-deux-accidents-sur-la13-des-bouchons-sur-la-route-du-retour-des-vacances\/#breadcrumb"},"inLanguage":"fr-FR","potentialAction":[{"@type":"ReadAction","target":["https:\/\/www.accidentdutravail-idf.net\/blog\/pres-de-rouen-deux-accidents-sur-la13-des-bouchons-sur-la-route-du-retour-des-vacances\/"]}]},{"@type":"ImageObject","inLanguage":"fr-FR","@id":"https:\/\/www.accidentdutravail-idf.net\/blog\/pres-de-rouen-deux-accidents-sur-la13-des-bouchons-sur-la-route-du-retour-des-vacances\/#primaryimage","url":"https:\/\/www.accidentdutravail-idf.net\/blog\/wp-content\/uploads\/2024\/08\/pres-de-rouen-deux-accidents-sur-la13-des-bouchons-sur-la-route-du-retour-des-vacances.jpg","contentUrl":"https:\/\/www.accidentdutravail-idf.net\/blog\/wp-content\/uploads\/2024\/08\/pres-de-rouen-deux-accidents-sur-la13-des-bouchons-sur-la-route-du-retour-des-vacances.jpg"},{"@type":"BreadcrumbList","@id":"https:\/\/www.accidentdutravail-idf.net\/blog\/pres-de-rouen-deux-accidents-sur-la13-des-bouchons-sur-la-route-du-retour-des-vacances\/#breadcrumb","itemListElement":[{"@type":"ListItem","position":1,"name":"Accueil","item":"https:\/\/www.accidentdutravail-idf.net\/blog\/"},{"@type":"ListItem","position":2,"name":"Pr\u00e8s de Rouen : deux accidents sur l\u2019A13, des bouchons sur la route du retour des vacances"}]},{"@type":"WebSite","@id":"https:\/\/www.accidentdutravail-idf.net\/blog\/#website","url":"https:\/\/www.accidentdutravail-idf.net\/blog\/","name":"ACCIDENTDUTRAVAIL-IDF","description":"Portail accidents du travail-maladies professionnelles des entreprises d&#039;Ile-de-France","publisher":{"@id":"https:\/\/www.accidentdutravail-idf.net\/blog\/#organization"},"potentialAction":[{"@type":"SearchAction","target":{"@type":"EntryPoint","urlTemplate":"https:\/\/www.accidentdutravail-idf.net\/blog\/?s={search_term_string}"},"query-input":{"@type":"PropertyValueSpecification","valueRequired":true,"valueName":"search_term_string"}}],"inLanguage":"fr-FR"},{"@type":"Organization","@id":"https:\/\/www.accidentdutravail-idf.net\/blog\/#organization","name":"accidentdutravail-idf","url":"https:\/\/www.accidentdutravail-idf.net\/blog\/","logo":{"@type":"ImageObject","inLanguage":"fr-FR","@id":"https:\/\/www.accidentdutravail-idf.net\/blog\/#\/schema\/logo\/image\/","url":"https:\/\/www.accidentdutravail-idf.net\/blog\/wp-content\/uploads\/2022\/09\/logo-2.png","contentUrl":"https:\/\/www.accidentdutravail-idf.net\/blog\/wp-content\/uploads\/2022\/09\/logo-2.png","width":380,"height":291,"caption":"accidentdutravail-idf"},"image":{"@id":"https:\/\/www.accidentdutravail-idf.net\/blog\/#\/schema\/logo\/image\/"}},{"@type":"Person","@id":"https:\/\/www.accidentdutravail-idf.net\/blog\/#\/schema\/person\/3255d2f970de45e64bd9201f38e7b947","name":"Carlos Poulain","image":{"@type":"ImageObject","inLanguage":"fr-FR","@id":"https:\/\/secure.gravatar.com\/avatar\/b1c2f9d3588e34e91adb093635df64ef4b2381991216be7576466cfcdca4baf3?s=96&d=mm&r=g","url":"https:\/\/secure.gravatar.com\/avatar\/b1c2f9d3588e34e91adb093635df64ef4b2381991216be7576466cfcdca4baf3?s=96&d=mm&r=g","contentUrl":"https:\/\/secure.gravatar.com\/avatar\/b1c2f9d3588e34e91adb093635df64ef4b2381991216be7576466cfcdca4baf3?s=96&d=mm&r=g","caption":"Carlos Poulain"},"url":"https:\/\/www.accidentdutravail-idf.net\/blog\/author\/idfcarlos\/"}]}},"_links":{"self":[{"href":"https:\/\/www.accidentdutravail-idf.net\/blog\/wp-json\/wp\/v2\/posts\/681","targetHints":{"allow":["GET"]}}],"collection":[{"href":"https:\/\/www.accidentdutravail-idf.net\/blog\/wp-json\/wp\/v2\/posts"}],"about":[{"href":"https:\/\/www.accidentdutravail-idf.net\/blog\/wp-json\/wp\/v2\/types\/post"}],"author":[{"embeddable":true,"href":"https:\/\/www.accidentdutravail-idf.net\/blog\/wp-json\/wp\/v2\/users\/2"}],"replies":[{"embeddable":true,"href":"https:\/\/www.accidentdutravail-idf.net\/blog\/wp-json\/wp\/v2\/comments?post=681"}],"version-history":[{"count":0,"href":"https:\/\/www.accidentdutravail-idf.net\/blog\/wp-json\/wp\/v2\/posts\/681\/revisions"}],"wp:attachment":[{"href":"https:\/\/www.accidentdutravail-idf.net\/blog\/wp-json\/wp\/v2\/media?parent=681"}],"wp:term":[{"taxonomy":"category","embeddable":true,"href":"https:\/\/www.accidentdutravail-idf.net\/blog\/wp-json\/wp\/v2\/categories?post=681"},{"taxonomy":"post_tag","embeddable":true,"href":"https:\/\/www.accidentdutravail-idf.net\/blog\/wp-json\/wp\/v2\/tags?post=681"}],"curies":[{"name":"wp","href":"https:\/\/api.w.org\/{rel}","templated":true}]}}