{"id":672,"date":"2024-08-15T03:25:00","date_gmt":"2024-08-15T01:25:00","guid":{"rendered":"https:\/\/www.accidentdutravail-idf.net\/blog\/meurthe-et-moselle-ce-que-lon-sait-sur-laccident-de-rafale-qui-a-provoque-la-mort-de-deux-pilotes\/"},"modified":"2024-08-15T03:25:00","modified_gmt":"2024-08-15T01:25:00","slug":"meurthe-et-moselle-ce-que-lon-sait-sur-laccident-de-rafale-qui-a-provoque-la-mort-de-deux-pilotes","status":"publish","type":"post","link":"https:\/\/www.accidentdutravail-idf.net\/blog\/meurthe-et-moselle-ce-que-lon-sait-sur-laccident-de-rafale-qui-a-provoque-la-mort-de-deux-pilotes\/","title":{"rendered":"Meurthe-et-Moselle : ce que l&rsquo;on sait sur l&rsquo;accident de Rafale qui a provoqu\u00e9 la mort de deux pilotes"},"content":{"rendered":"<p><!-- HTML_TAG_START -->Deux pilotes d&rsquo;un avion Rafale, <strong>un instructeur et son \u00e9l\u00e8ve<\/strong>, ont perdu la vie ce mercredi&nbsp;<!-- HTML_TAG_END --><a target=\"_blank\" rel=\"external noopener nofollow\" class=\"Link g-label-link svelte-gug9o8\" href=\"https:\/\/www.francebleu.fr\/infos\/faits-divers-justice\/crash-de-deux-avions-militaires-dans-le-toulois-5110388\"><!-- HTML_TAG_START -->apr\u00e8s \u00eatre entr\u00e9s en collision avec un autre Rafale en Meurthe-et-Moselle<!-- HTML_TAG_END --><\/a><!-- HTML_TAG_START -->. Un troisi\u00e8me pilote, aux commandes de l&rsquo;autre appareil, a pu s&rsquo;\u00e9jecter, sain et sauf. Le ministre d\u00e9missionnaire des Arm\u00e9es, S\u00e9bastien&nbsp;Lecornu, va se rendre sur place ce jeudi. Voici ce que l&rsquo;on sait de cet accident survenu au-dessus d&rsquo;une zone bois\u00e9e autour de Colombey-les-Belles.<!-- HTML_TAG_END --><\/p>\n<div class=\"EmbedInread svelte-18lc864\">\n<div class=\"AdsSlot svelte-m8wq8h inread forceDisplay\"> <img decoding=\"async\" src=\"https:\/\/www.francebleu.fr\/client\/immutable\/assets\/logo-ici-sad.C8Ts0-h1.svg\" alt width=\"50\" height=\"41\" class=\"svelte-m8wq8h\"> <\/div>\n<\/p><\/div>\n<h2><!-- HTML_TAG_START -->Que s&rsquo;est-il pass\u00e9&nbsp;?<!-- HTML_TAG_END --><\/h2>\n<p><!-- HTML_TAG_START -->Les deux Rafale, qui appartenaient \u00e0 l&rsquo;Escadron de Transformation Rafale 3\/4 Aquitaine, sont entr\u00e9s en collision vers 12h30 ce mercredi&nbsp;<em>\u00ab\u00a0lors d&rsquo;une man\u0153uvre de combat\u00a0\u00bb<\/em>, selon le minist\u00e8re des Arm\u00e9es. Ces avions de chasse&nbsp;rentraient \u00e0 la base a\u00e9rienne 113 de Saint-Dizier (Haute-Marne) apr\u00e8s une mission de ravitaillement en Allemagne, a pr\u00e9cis\u00e9 l&rsquo;Arm\u00e9e de l&rsquo;Air. L&rsquo;accident a eu lieu dans le secteur de Colombey-les-Belles, pr\u00e8s de Toul.<!-- HTML_TAG_END --><\/p>\n<p><!-- HTML_TAG_START -->loading<!-- HTML_TAG_END --><\/p>\n<p><!-- HTML_TAG_START -->Le pilote du premier&nbsp;Rafale&nbsp;s&rsquo;est \u00e9ject\u00e9 et a \u00e9t\u00e9 r\u00e9cup\u00e9r\u00e9 l\u00e9g\u00e8rement bless\u00e9 par les secours. Son&nbsp;appareil, carcasse encore fumante, a \u00e9t\u00e9 retrouv\u00e9 dans une zone foresti\u00e8re. L&rsquo;\u00e9pave du second avion dans lequel se trouvaient les deux pilotes d\u00e9c\u00e9d\u00e9s a \u00e9t\u00e9 rep\u00e9r\u00e9e <em>\u00ab\u00a0plus tard dans l&rsquo;apr\u00e8s-midi\u00a0\u00bb<\/em> sur la commune d&rsquo;Harmonville (Vosges), \u00e0 six kilom\u00e8tres de Colombey-les-Belles, a indiqu\u00e9 le minist\u00e8re.<!-- HTML_TAG_END --><\/p>\n<p><!-- HTML_TAG_START -->La collision a provoqu\u00e9 \u00ab\u00a0<em>une grosse explosion\u00a0\u00bb,<\/em> a racont\u00e9 Alexis Valiton \u00e0&nbsp;<!-- HTML_TAG_END --><a target=\"_blank\" rel=\"external noopener nofollow\" class=\"Link g-label-link svelte-gug9o8\" href=\"https:\/\/www.francebleu.fr\/infos\/faits-divers-justice\/accident-entre-deux-avions-militaires-en-meurthe-et-moselle-cela-a-dure-une-seconde-temoigne-un-riverain-4616491\"><!-- HTML_TAG_START -->France Bleu Sud Lorraine<!-- HTML_TAG_END --><\/a><!-- HTML_TAG_START -->. L&rsquo;agriculteur, bon connaisseur des environs, a particip\u00e9 aux recherches et a vu ce qu&rsquo;il restait d&rsquo;un des deux appareils, t\u00e9moignant ainsi de la violence du crash&nbsp;:&nbsp;<em>\u00ab\u00a0Il \u00e9tait en mille morceaux, avec des d\u00e9bris sur au moins un hectare. De la t\u00f4le, du plastique, des fusibles\u00a0\u00bb.&nbsp;\u00ab\u00a0Il y avait encore des petites flammes que les pompiers ont arros\u00e9es avec de la mousse\u00a0\u00bb,<\/em> a aussi indiqu\u00e9 le maire de Colombey-les-Belles, Benjamin Voinot.<!-- HTML_TAG_END --><\/p>\n<p><!-- HTML_TAG_START -->Les circonstances de la collision ne sont pas encore connues.&nbsp;<em>\u00ab\u00a0Des enqu\u00eates de s\u00e9curit\u00e9 et judiciaires ont \u00e9t\u00e9 ouvertes pour faire la lumi\u00e8re sur les raisons de cet accident\u00a0\u00bb<\/em>, a pr\u00e9cis\u00e9 l&rsquo;Arm\u00e9e de l&rsquo;Air et de l&rsquo;Espace. Par ailleurs, un num\u00e9ro d\u2019appel \u00e0 t\u00e9moignages a \u00e9t\u00e9 mis en place pour aider les autorit\u00e9s dans leur travail d&rsquo;enqu\u00eate&nbsp;: 09 70 80 90 40.<!-- HTML_TAG_END --><\/p>\n<h2><!-- HTML_TAG_START -->Qui sont les victimes&nbsp;?<!-- HTML_TAG_END --><\/h2>\n<p><!-- HTML_TAG_START -->Un temps port\u00e9s disparus apr\u00e8s l&rsquo;accident, les deux autres pilotes ont finalement \u00e9t\u00e9 retrouv\u00e9s sans vie, a annonc\u00e9 Emmanuel Macron dans la soir\u00e9e mercredi sur X. Il s&rsquo;agit du capitaine <strong>S\u00e9bastien Mabire, 36 ans,<\/strong>&nbsp;et du lieutenant <strong>Matthis Laurens, 29 ans.<\/strong>&nbsp;Le premier \u00e9tait pilote de chasse depuis 2013 et instructeur au sein de l&rsquo;escadron de transformation&nbsp;Rafale&nbsp;3\/4 \u00ab\u00a0Aquitaine\u00a0\u00bb depuis ao\u00fbt 2022, a pr\u00e9cis\u00e9 l&rsquo;arm\u00e9e de l&rsquo;Air et de l&rsquo;Espace sur X. D&rsquo;apr\u00e8s la m\u00eame source, il comptabilisait plus de <strong>2000 heures de vol et 47 missions de combat<\/strong>, r\u00e9alis\u00e9es dans le cadre de l\u2019op\u00e9ration Chammal qui lutte contre l&rsquo;\u00c9tat islamique.<!-- HTML_TAG_END --><\/p>\n<p><!-- HTML_TAG_START -->Il \u00e9tait l&rsquo;instructeur de Matthis Laurens, pilote de chasse stagiaire. Ce dernier avait \u00e9t\u00e9 affect\u00e9 sur&nbsp;Rafale&nbsp;au sein du r\u00e9giment de chasse 2\/30 \u00ab\u00a0Normandie-Ni\u00e9men\u00a0\u00bb depuis novembre 2023 et poursuivait son instruction au sein de l&rsquo;escadron de transformation&nbsp;Rafale&nbsp;3\/4 \u00ab\u00a0Aquitaine\u00a0\u00bb, selon la m\u00eame source. Il comptabilisait plus de 800 heures de vol. Concernant le pilote rescap\u00e9, son identit\u00e9 n&rsquo;a pas \u00e9t\u00e9 d\u00e9voil\u00e9e.<!-- HTML_TAG_END --><\/p>\n<h2><!-- HTML_TAG_START -->Le ministre des Arm\u00e9es se rend sur place<!-- HTML_TAG_END --><\/h2>\n<p><!-- HTML_TAG_START -->Le ministre d\u00e9missionnaire des Arm\u00e9es, S\u00e9bastien&nbsp;Lecornu, a annonc\u00e9 qu&rsquo;il se rendra ce jeudi apr\u00e8s-midi sur la base a\u00e9rienne 113 de Saint-Dizier (Haute-Marne), de laquelle \u00e9tait issu les deux militaires tu\u00e9s. <em>\u00ab\u00a0Ce soir, la Nation toute enti\u00e8re est reconnaissante&nbsp;: jamais, nous ne les oublierons\u00a0\u00bb,<\/em> avait-il \u00e9crit la veille dans un communiqu\u00e9. <em>\u00ab\u00a0La Nation partage la peine de leurs familles et fr\u00e8res d&rsquo;armes de la Base a\u00e9rienne 113 de Saint-Dizier\u00a0\u00bb<\/em>, a \u00e9galement d\u00e9clar\u00e9 le pr\u00e9sident de la R\u00e9publique.<!-- HTML_TAG_END --><\/p>\n<h2><!-- HTML_TAG_START -->Des accidents rares<!-- HTML_TAG_END --><\/h2>\n<p><!-- HTML_TAG_START -->Les accidents impliquant des&nbsp;Rafale&nbsp;sont relativement rares en France. Un appareil s&rsquo;est \u00e9cras\u00e9 en Corr\u00e8ze en d\u00e9cembre 2007, tuant son pilote Emmanuel Moriuser, 34 ans. Deux autres se sont percut\u00e9s au large de Perpignan en 2009, faisant un mort.<!-- HTML_TAG_END --><\/p>\n<div class=\"Visual svelte-oc3dae\">\n<div class=\"svelte-1oajubz\">\n<figure class=\"Figure svelte-1qxh27b\">\n<div class=\"svelte-1qxh27b\"><img decoding=\"async\" class=\"VisualPreview svelte-1rldrkz\" src=\"https:\/\/www.accidentdutravail-idf.net\/blog\/wp-content\/uploads\/2024\/08\/meurthe-et-moselle-ce-que-lon-sait-sur-laccident-de-rafale-qui-a-provoque-la-mort-de-deux-pilotes.jpg\" alt=\"Les obs\u00e8ques Emmanuel Moriuser en 2007 apr\u00e8s le crash de son Rafale en Corr\u00e8ze\" width=\"600\" height=\"399\"> <\/div><figcaption class=\"FigCaption g-body-3 svelte-10ri9z3\"><span>Les obs\u00e8ques Emmanuel Moriuser en 2007 apr\u00e8s le crash de son Rafale en Corr\u00e8ze<\/span> <span>\u00a9 Maxppp<\/span> &#8211; <span>Frederic HASLIN\/PHOTOPQR\/LE COURRIER PICARD<\/span> <\/figcaption><\/figure>\n<\/p><\/div>\n<\/p><\/div>\n<p>accidentdutravail-idf.net vous a pr\u00e9par\u00e9 ce post qui informe du sujet \u00ab\u00a0Association Sportive Huisson-Longueville Essonne\u00a0\u00bb. La chronique se veut g\u00e9n\u00e9r\u00e9e du mieux possible. Vous pouvez utiliser les coordonn\u00e9es indiqu\u00e9es sur le site dans le but d\u2019apporter des explications sur ce post qui parle du th\u00e8me \u00ab\u00a0Association Sportive Huisson-Longueville Essonne\u00a0\u00bb. Le site accidentdutravail-idf.net a pour but de fournir diverses publications sur la th\u00e9matique Association Sportive Huisson-Longueville Essonne diffus\u00e9es sur le net. Il y aura plusieurs articles autour du sujet \u00ab\u00a0Association Sportive Huisson-Longueville Essonne\u00a0\u00bb dans quelques jours, nous vous invitons \u00e0 naviguer sur notre site web \u00e0 plusieurs reprises.<\/p>\n","protected":false},"excerpt":{"rendered":"<p>Deux pilotes d&rsquo;un avion Rafale, un instructeur et son \u00e9l\u00e8ve, ont perdu la vie ce mercredi&nbsp;apr\u00e8s \u00eatre entr\u00e9s en collision avec un autre Rafale en Meurthe-et-Moselle. Un troisi\u00e8me pilote, aux commandes de l&rsquo;autre appareil, a pu s&rsquo;\u00e9jecter, sain et sauf. Le ministre d\u00e9missionnaire des Arm\u00e9es, S\u00e9bastien&nbsp;Lecornu, va se rendre sur place ce jeudi. Voici ce &hellip; <\/p>\n<p class=\"link-more\"><a href=\"https:\/\/www.accidentdutravail-idf.net\/blog\/meurthe-et-moselle-ce-que-lon-sait-sur-laccident-de-rafale-qui-a-provoque-la-mort-de-deux-pilotes\/\" class=\"more-link\">Continuer la lecture <span class=\"screen-reader-text\"> \u00ab\u00a0Meurthe-et-Moselle : ce que l&rsquo;on sait sur l&rsquo;accident de Rafale qui a provoqu\u00e9 la mort de deux pilotes\u00a0\u00bb<\/span><\/a><\/p>\n","protected":false},"author":2,"featured_media":0,"comment_status":"closed","ping_status":"closed","sticky":false,"template":"","format":"standard","meta":{"footnotes":""},"categories":[5],"tags":[],"class_list":["post-672","post","type-post","status-publish","format-standard","hentry","category-securite-du-travail-en-ile-de-france-et-divers","entry"],"yoast_head":"<!-- This site is optimized with the Yoast SEO plugin v27.5 - https:\/\/yoast.com\/product\/yoast-seo-wordpress\/ -->\n<title>Meurthe-et-Moselle : ce que l&#039;on sait sur l&#039;accident de Rafale qui a provoqu\u00e9 la mort de deux pilotes - ACCIDENTDUTRAVAIL-IDF<\/title>\n<meta name=\"description\" content=\"Meurthe-et-Moselle : ce que l&#039;on sait sur l&#039;accident de Rafale qui a provoqu\u00e9 la mort de deux pilotes article de ACCIDENTDUTRAVAIL-IDF\" \/>\n<meta name=\"robots\" content=\"index, follow, max-snippet:-1, max-image-preview:large, max-video-preview:-1\" \/>\n<link rel=\"canonical\" href=\"https:\/\/www.accidentdutravail-idf.net\/blog\/meurthe-et-moselle-ce-que-lon-sait-sur-laccident-de-rafale-qui-a-provoque-la-mort-de-deux-pilotes\/\" \/>\n<meta property=\"og:locale\" content=\"fr_FR\" \/>\n<meta property=\"og:type\" content=\"article\" \/>\n<meta property=\"og:title\" content=\"Meurthe-et-Moselle : ce que l&#039;on sait sur l&#039;accident de Rafale qui a provoqu\u00e9 la mort de deux pilotes - ACCIDENTDUTRAVAIL-IDF\" \/>\n<meta property=\"og:description\" content=\"Meurthe-et-Moselle : ce que l&#039;on sait sur l&#039;accident de Rafale qui a provoqu\u00e9 la mort de deux pilotes article de ACCIDENTDUTRAVAIL-IDF\" \/>\n<meta property=\"og:url\" content=\"https:\/\/www.accidentdutravail-idf.net\/blog\/meurthe-et-moselle-ce-que-lon-sait-sur-laccident-de-rafale-qui-a-provoque-la-mort-de-deux-pilotes\/\" \/>\n<meta property=\"og:site_name\" content=\"ACCIDENTDUTRAVAIL-IDF\" \/>\n<meta property=\"article:published_time\" content=\"2024-08-15T01:25:00+00:00\" \/>\n<meta property=\"og:image\" content=\"https:\/\/www.francebleu.fr\/client\/immutable\/assets\/logo-ici-sad.C8Ts0-h1.svg\" \/>\n<meta name=\"author\" content=\"Carlos Poulain\" \/>\n<meta name=\"twitter:card\" content=\"summary_large_image\" \/>\n<meta name=\"twitter:label1\" content=\"\u00c9crit par\" \/>\n\t<meta name=\"twitter:data1\" content=\"Carlos Poulain\" \/>\n\t<meta name=\"twitter:label2\" content=\"Dur\u00e9e de lecture estim\u00e9e\" \/>\n\t<meta name=\"twitter:data2\" content=\"4 minutes\" \/>\n<script type=\"application\/ld+json\" class=\"yoast-schema-graph\">{\"@context\":\"https:\\\/\\\/schema.org\",\"@graph\":[{\"@type\":\"Article\",\"@id\":\"https:\\\/\\\/www.accidentdutravail-idf.net\\\/blog\\\/meurthe-et-moselle-ce-que-lon-sait-sur-laccident-de-rafale-qui-a-provoque-la-mort-de-deux-pilotes\\\/#article\",\"isPartOf\":{\"@id\":\"https:\\\/\\\/www.accidentdutravail-idf.net\\\/blog\\\/meurthe-et-moselle-ce-que-lon-sait-sur-laccident-de-rafale-qui-a-provoque-la-mort-de-deux-pilotes\\\/\"},\"author\":{\"name\":\"Carlos Poulain\",\"@id\":\"https:\\\/\\\/www.accidentdutravail-idf.net\\\/blog\\\/#\\\/schema\\\/person\\\/3255d2f970de45e64bd9201f38e7b947\"},\"headline\":\"Meurthe-et-Moselle : ce que l&rsquo;on sait sur l&rsquo;accident de Rafale qui a provoqu\u00e9 la mort de deux pilotes\",\"datePublished\":\"2024-08-15T01:25:00+00:00\",\"mainEntityOfPage\":{\"@id\":\"https:\\\/\\\/www.accidentdutravail-idf.net\\\/blog\\\/meurthe-et-moselle-ce-que-lon-sait-sur-laccident-de-rafale-qui-a-provoque-la-mort-de-deux-pilotes\\\/\"},\"wordCount\":877,\"publisher\":{\"@id\":\"https:\\\/\\\/www.accidentdutravail-idf.net\\\/blog\\\/#organization\"},\"image\":{\"@id\":\"https:\\\/\\\/www.accidentdutravail-idf.net\\\/blog\\\/meurthe-et-moselle-ce-que-lon-sait-sur-laccident-de-rafale-qui-a-provoque-la-mort-de-deux-pilotes\\\/#primaryimage\"},\"thumbnailUrl\":\"https:\\\/\\\/www.francebleu.fr\\\/client\\\/immutable\\\/assets\\\/logo-ici-sad.C8Ts0-h1.svg\",\"articleSection\":[\"S\u00e9curit\u00e9 Du Travail En Ile-De-France Et Divers:\"],\"inLanguage\":\"fr-FR\"},{\"@type\":\"WebPage\",\"@id\":\"https:\\\/\\\/www.accidentdutravail-idf.net\\\/blog\\\/meurthe-et-moselle-ce-que-lon-sait-sur-laccident-de-rafale-qui-a-provoque-la-mort-de-deux-pilotes\\\/\",\"url\":\"https:\\\/\\\/www.accidentdutravail-idf.net\\\/blog\\\/meurthe-et-moselle-ce-que-lon-sait-sur-laccident-de-rafale-qui-a-provoque-la-mort-de-deux-pilotes\\\/\",\"name\":\"Meurthe-et-Moselle : ce que l'on sait sur l'accident de Rafale qui a provoqu\u00e9 la mort de deux pilotes - ACCIDENTDUTRAVAIL-IDF\",\"isPartOf\":{\"@id\":\"https:\\\/\\\/www.accidentdutravail-idf.net\\\/blog\\\/#website\"},\"primaryImageOfPage\":{\"@id\":\"https:\\\/\\\/www.accidentdutravail-idf.net\\\/blog\\\/meurthe-et-moselle-ce-que-lon-sait-sur-laccident-de-rafale-qui-a-provoque-la-mort-de-deux-pilotes\\\/#primaryimage\"},\"image\":{\"@id\":\"https:\\\/\\\/www.accidentdutravail-idf.net\\\/blog\\\/meurthe-et-moselle-ce-que-lon-sait-sur-laccident-de-rafale-qui-a-provoque-la-mort-de-deux-pilotes\\\/#primaryimage\"},\"thumbnailUrl\":\"https:\\\/\\\/www.francebleu.fr\\\/client\\\/immutable\\\/assets\\\/logo-ici-sad.C8Ts0-h1.svg\",\"datePublished\":\"2024-08-15T01:25:00+00:00\",\"description\":\"Meurthe-et-Moselle : ce que l'on sait sur l'accident de Rafale qui a provoqu\u00e9 la mort de deux pilotes article de ACCIDENTDUTRAVAIL-IDF\",\"breadcrumb\":{\"@id\":\"https:\\\/\\\/www.accidentdutravail-idf.net\\\/blog\\\/meurthe-et-moselle-ce-que-lon-sait-sur-laccident-de-rafale-qui-a-provoque-la-mort-de-deux-pilotes\\\/#breadcrumb\"},\"inLanguage\":\"fr-FR\",\"potentialAction\":[{\"@type\":\"ReadAction\",\"target\":[\"https:\\\/\\\/www.accidentdutravail-idf.net\\\/blog\\\/meurthe-et-moselle-ce-que-lon-sait-sur-laccident-de-rafale-qui-a-provoque-la-mort-de-deux-pilotes\\\/\"]}]},{\"@type\":\"ImageObject\",\"inLanguage\":\"fr-FR\",\"@id\":\"https:\\\/\\\/www.accidentdutravail-idf.net\\\/blog\\\/meurthe-et-moselle-ce-que-lon-sait-sur-laccident-de-rafale-qui-a-provoque-la-mort-de-deux-pilotes\\\/#primaryimage\",\"url\":\"https:\\\/\\\/www.francebleu.fr\\\/client\\\/immutable\\\/assets\\\/logo-ici-sad.C8Ts0-h1.svg\",\"contentUrl\":\"https:\\\/\\\/www.francebleu.fr\\\/client\\\/immutable\\\/assets\\\/logo-ici-sad.C8Ts0-h1.svg\"},{\"@type\":\"BreadcrumbList\",\"@id\":\"https:\\\/\\\/www.accidentdutravail-idf.net\\\/blog\\\/meurthe-et-moselle-ce-que-lon-sait-sur-laccident-de-rafale-qui-a-provoque-la-mort-de-deux-pilotes\\\/#breadcrumb\",\"itemListElement\":[{\"@type\":\"ListItem\",\"position\":1,\"name\":\"Accueil\",\"item\":\"https:\\\/\\\/www.accidentdutravail-idf.net\\\/blog\\\/\"},{\"@type\":\"ListItem\",\"position\":2,\"name\":\"Meurthe-et-Moselle : ce que l&rsquo;on sait sur l&rsquo;accident de Rafale qui a provoqu\u00e9 la mort de deux pilotes\"}]},{\"@type\":\"WebSite\",\"@id\":\"https:\\\/\\\/www.accidentdutravail-idf.net\\\/blog\\\/#website\",\"url\":\"https:\\\/\\\/www.accidentdutravail-idf.net\\\/blog\\\/\",\"name\":\"ACCIDENTDUTRAVAIL-IDF\",\"description\":\"Portail accidents du travail-maladies professionnelles des entreprises d&#039;Ile-de-France\",\"publisher\":{\"@id\":\"https:\\\/\\\/www.accidentdutravail-idf.net\\\/blog\\\/#organization\"},\"potentialAction\":[{\"@type\":\"SearchAction\",\"target\":{\"@type\":\"EntryPoint\",\"urlTemplate\":\"https:\\\/\\\/www.accidentdutravail-idf.net\\\/blog\\\/?s={search_term_string}\"},\"query-input\":{\"@type\":\"PropertyValueSpecification\",\"valueRequired\":true,\"valueName\":\"search_term_string\"}}],\"inLanguage\":\"fr-FR\"},{\"@type\":\"Organization\",\"@id\":\"https:\\\/\\\/www.accidentdutravail-idf.net\\\/blog\\\/#organization\",\"name\":\"accidentdutravail-idf\",\"url\":\"https:\\\/\\\/www.accidentdutravail-idf.net\\\/blog\\\/\",\"logo\":{\"@type\":\"ImageObject\",\"inLanguage\":\"fr-FR\",\"@id\":\"https:\\\/\\\/www.accidentdutravail-idf.net\\\/blog\\\/#\\\/schema\\\/logo\\\/image\\\/\",\"url\":\"https:\\\/\\\/www.accidentdutravail-idf.net\\\/blog\\\/wp-content\\\/uploads\\\/2022\\\/09\\\/logo-2.png\",\"contentUrl\":\"https:\\\/\\\/www.accidentdutravail-idf.net\\\/blog\\\/wp-content\\\/uploads\\\/2022\\\/09\\\/logo-2.png\",\"width\":380,\"height\":291,\"caption\":\"accidentdutravail-idf\"},\"image\":{\"@id\":\"https:\\\/\\\/www.accidentdutravail-idf.net\\\/blog\\\/#\\\/schema\\\/logo\\\/image\\\/\"}},{\"@type\":\"Person\",\"@id\":\"https:\\\/\\\/www.accidentdutravail-idf.net\\\/blog\\\/#\\\/schema\\\/person\\\/3255d2f970de45e64bd9201f38e7b947\",\"name\":\"Carlos Poulain\",\"image\":{\"@type\":\"ImageObject\",\"inLanguage\":\"fr-FR\",\"@id\":\"https:\\\/\\\/secure.gravatar.com\\\/avatar\\\/b1c2f9d3588e34e91adb093635df64ef4b2381991216be7576466cfcdca4baf3?s=96&d=mm&r=g\",\"url\":\"https:\\\/\\\/secure.gravatar.com\\\/avatar\\\/b1c2f9d3588e34e91adb093635df64ef4b2381991216be7576466cfcdca4baf3?s=96&d=mm&r=g\",\"contentUrl\":\"https:\\\/\\\/secure.gravatar.com\\\/avatar\\\/b1c2f9d3588e34e91adb093635df64ef4b2381991216be7576466cfcdca4baf3?s=96&d=mm&r=g\",\"caption\":\"Carlos Poulain\"},\"url\":\"https:\\\/\\\/www.accidentdutravail-idf.net\\\/blog\\\/author\\\/idfcarlos\\\/\"}]}<\/script>\n<!-- \/ Yoast SEO plugin. -->","yoast_head_json":{"title":"Meurthe-et-Moselle : ce que l'on sait sur l'accident de Rafale qui a provoqu\u00e9 la mort de deux pilotes - ACCIDENTDUTRAVAIL-IDF","description":"Meurthe-et-Moselle : ce que l'on sait sur l'accident de Rafale qui a provoqu\u00e9 la mort de deux pilotes article de ACCIDENTDUTRAVAIL-IDF","robots":{"index":"index","follow":"follow","max-snippet":"max-snippet:-1","max-image-preview":"max-image-preview:large","max-video-preview":"max-video-preview:-1"},"canonical":"https:\/\/www.accidentdutravail-idf.net\/blog\/meurthe-et-moselle-ce-que-lon-sait-sur-laccident-de-rafale-qui-a-provoque-la-mort-de-deux-pilotes\/","og_locale":"fr_FR","og_type":"article","og_title":"Meurthe-et-Moselle : ce que l'on sait sur l'accident de Rafale qui a provoqu\u00e9 la mort de deux pilotes - ACCIDENTDUTRAVAIL-IDF","og_description":"Meurthe-et-Moselle : ce que l'on sait sur l'accident de Rafale qui a provoqu\u00e9 la mort de deux pilotes article de ACCIDENTDUTRAVAIL-IDF","og_url":"https:\/\/www.accidentdutravail-idf.net\/blog\/meurthe-et-moselle-ce-que-lon-sait-sur-laccident-de-rafale-qui-a-provoque-la-mort-de-deux-pilotes\/","og_site_name":"ACCIDENTDUTRAVAIL-IDF","article_published_time":"2024-08-15T01:25:00+00:00","og_image":[{"url":"https:\/\/www.francebleu.fr\/client\/immutable\/assets\/logo-ici-sad.C8Ts0-h1.svg","type":"","width":"","height":""}],"author":"Carlos Poulain","twitter_card":"summary_large_image","twitter_misc":{"\u00c9crit par":"Carlos Poulain","Dur\u00e9e de lecture estim\u00e9e":"4 minutes"},"schema":{"@context":"https:\/\/schema.org","@graph":[{"@type":"Article","@id":"https:\/\/www.accidentdutravail-idf.net\/blog\/meurthe-et-moselle-ce-que-lon-sait-sur-laccident-de-rafale-qui-a-provoque-la-mort-de-deux-pilotes\/#article","isPartOf":{"@id":"https:\/\/www.accidentdutravail-idf.net\/blog\/meurthe-et-moselle-ce-que-lon-sait-sur-laccident-de-rafale-qui-a-provoque-la-mort-de-deux-pilotes\/"},"author":{"name":"Carlos Poulain","@id":"https:\/\/www.accidentdutravail-idf.net\/blog\/#\/schema\/person\/3255d2f970de45e64bd9201f38e7b947"},"headline":"Meurthe-et-Moselle : ce que l&rsquo;on sait sur l&rsquo;accident de Rafale qui a provoqu\u00e9 la mort de deux pilotes","datePublished":"2024-08-15T01:25:00+00:00","mainEntityOfPage":{"@id":"https:\/\/www.accidentdutravail-idf.net\/blog\/meurthe-et-moselle-ce-que-lon-sait-sur-laccident-de-rafale-qui-a-provoque-la-mort-de-deux-pilotes\/"},"wordCount":877,"publisher":{"@id":"https:\/\/www.accidentdutravail-idf.net\/blog\/#organization"},"image":{"@id":"https:\/\/www.accidentdutravail-idf.net\/blog\/meurthe-et-moselle-ce-que-lon-sait-sur-laccident-de-rafale-qui-a-provoque-la-mort-de-deux-pilotes\/#primaryimage"},"thumbnailUrl":"https:\/\/www.francebleu.fr\/client\/immutable\/assets\/logo-ici-sad.C8Ts0-h1.svg","articleSection":["S\u00e9curit\u00e9 Du Travail En Ile-De-France Et Divers:"],"inLanguage":"fr-FR"},{"@type":"WebPage","@id":"https:\/\/www.accidentdutravail-idf.net\/blog\/meurthe-et-moselle-ce-que-lon-sait-sur-laccident-de-rafale-qui-a-provoque-la-mort-de-deux-pilotes\/","url":"https:\/\/www.accidentdutravail-idf.net\/blog\/meurthe-et-moselle-ce-que-lon-sait-sur-laccident-de-rafale-qui-a-provoque-la-mort-de-deux-pilotes\/","name":"Meurthe-et-Moselle : ce que l'on sait sur l'accident de Rafale qui a provoqu\u00e9 la mort de deux pilotes - ACCIDENTDUTRAVAIL-IDF","isPartOf":{"@id":"https:\/\/www.accidentdutravail-idf.net\/blog\/#website"},"primaryImageOfPage":{"@id":"https:\/\/www.accidentdutravail-idf.net\/blog\/meurthe-et-moselle-ce-que-lon-sait-sur-laccident-de-rafale-qui-a-provoque-la-mort-de-deux-pilotes\/#primaryimage"},"image":{"@id":"https:\/\/www.accidentdutravail-idf.net\/blog\/meurthe-et-moselle-ce-que-lon-sait-sur-laccident-de-rafale-qui-a-provoque-la-mort-de-deux-pilotes\/#primaryimage"},"thumbnailUrl":"https:\/\/www.francebleu.fr\/client\/immutable\/assets\/logo-ici-sad.C8Ts0-h1.svg","datePublished":"2024-08-15T01:25:00+00:00","description":"Meurthe-et-Moselle : ce que l'on sait sur l'accident de Rafale qui a provoqu\u00e9 la mort de deux pilotes article de ACCIDENTDUTRAVAIL-IDF","breadcrumb":{"@id":"https:\/\/www.accidentdutravail-idf.net\/blog\/meurthe-et-moselle-ce-que-lon-sait-sur-laccident-de-rafale-qui-a-provoque-la-mort-de-deux-pilotes\/#breadcrumb"},"inLanguage":"fr-FR","potentialAction":[{"@type":"ReadAction","target":["https:\/\/www.accidentdutravail-idf.net\/blog\/meurthe-et-moselle-ce-que-lon-sait-sur-laccident-de-rafale-qui-a-provoque-la-mort-de-deux-pilotes\/"]}]},{"@type":"ImageObject","inLanguage":"fr-FR","@id":"https:\/\/www.accidentdutravail-idf.net\/blog\/meurthe-et-moselle-ce-que-lon-sait-sur-laccident-de-rafale-qui-a-provoque-la-mort-de-deux-pilotes\/#primaryimage","url":"https:\/\/www.francebleu.fr\/client\/immutable\/assets\/logo-ici-sad.C8Ts0-h1.svg","contentUrl":"https:\/\/www.francebleu.fr\/client\/immutable\/assets\/logo-ici-sad.C8Ts0-h1.svg"},{"@type":"BreadcrumbList","@id":"https:\/\/www.accidentdutravail-idf.net\/blog\/meurthe-et-moselle-ce-que-lon-sait-sur-laccident-de-rafale-qui-a-provoque-la-mort-de-deux-pilotes\/#breadcrumb","itemListElement":[{"@type":"ListItem","position":1,"name":"Accueil","item":"https:\/\/www.accidentdutravail-idf.net\/blog\/"},{"@type":"ListItem","position":2,"name":"Meurthe-et-Moselle : ce que l&rsquo;on sait sur l&rsquo;accident de Rafale qui a provoqu\u00e9 la mort de deux pilotes"}]},{"@type":"WebSite","@id":"https:\/\/www.accidentdutravail-idf.net\/blog\/#website","url":"https:\/\/www.accidentdutravail-idf.net\/blog\/","name":"ACCIDENTDUTRAVAIL-IDF","description":"Portail accidents du travail-maladies professionnelles des entreprises d&#039;Ile-de-France","publisher":{"@id":"https:\/\/www.accidentdutravail-idf.net\/blog\/#organization"},"potentialAction":[{"@type":"SearchAction","target":{"@type":"EntryPoint","urlTemplate":"https:\/\/www.accidentdutravail-idf.net\/blog\/?s={search_term_string}"},"query-input":{"@type":"PropertyValueSpecification","valueRequired":true,"valueName":"search_term_string"}}],"inLanguage":"fr-FR"},{"@type":"Organization","@id":"https:\/\/www.accidentdutravail-idf.net\/blog\/#organization","name":"accidentdutravail-idf","url":"https:\/\/www.accidentdutravail-idf.net\/blog\/","logo":{"@type":"ImageObject","inLanguage":"fr-FR","@id":"https:\/\/www.accidentdutravail-idf.net\/blog\/#\/schema\/logo\/image\/","url":"https:\/\/www.accidentdutravail-idf.net\/blog\/wp-content\/uploads\/2022\/09\/logo-2.png","contentUrl":"https:\/\/www.accidentdutravail-idf.net\/blog\/wp-content\/uploads\/2022\/09\/logo-2.png","width":380,"height":291,"caption":"accidentdutravail-idf"},"image":{"@id":"https:\/\/www.accidentdutravail-idf.net\/blog\/#\/schema\/logo\/image\/"}},{"@type":"Person","@id":"https:\/\/www.accidentdutravail-idf.net\/blog\/#\/schema\/person\/3255d2f970de45e64bd9201f38e7b947","name":"Carlos Poulain","image":{"@type":"ImageObject","inLanguage":"fr-FR","@id":"https:\/\/secure.gravatar.com\/avatar\/b1c2f9d3588e34e91adb093635df64ef4b2381991216be7576466cfcdca4baf3?s=96&d=mm&r=g","url":"https:\/\/secure.gravatar.com\/avatar\/b1c2f9d3588e34e91adb093635df64ef4b2381991216be7576466cfcdca4baf3?s=96&d=mm&r=g","contentUrl":"https:\/\/secure.gravatar.com\/avatar\/b1c2f9d3588e34e91adb093635df64ef4b2381991216be7576466cfcdca4baf3?s=96&d=mm&r=g","caption":"Carlos Poulain"},"url":"https:\/\/www.accidentdutravail-idf.net\/blog\/author\/idfcarlos\/"}]}},"_links":{"self":[{"href":"https:\/\/www.accidentdutravail-idf.net\/blog\/wp-json\/wp\/v2\/posts\/672","targetHints":{"allow":["GET"]}}],"collection":[{"href":"https:\/\/www.accidentdutravail-idf.net\/blog\/wp-json\/wp\/v2\/posts"}],"about":[{"href":"https:\/\/www.accidentdutravail-idf.net\/blog\/wp-json\/wp\/v2\/types\/post"}],"author":[{"embeddable":true,"href":"https:\/\/www.accidentdutravail-idf.net\/blog\/wp-json\/wp\/v2\/users\/2"}],"replies":[{"embeddable":true,"href":"https:\/\/www.accidentdutravail-idf.net\/blog\/wp-json\/wp\/v2\/comments?post=672"}],"version-history":[{"count":0,"href":"https:\/\/www.accidentdutravail-idf.net\/blog\/wp-json\/wp\/v2\/posts\/672\/revisions"}],"wp:attachment":[{"href":"https:\/\/www.accidentdutravail-idf.net\/blog\/wp-json\/wp\/v2\/media?parent=672"}],"wp:term":[{"taxonomy":"category","embeddable":true,"href":"https:\/\/www.accidentdutravail-idf.net\/blog\/wp-json\/wp\/v2\/categories?post=672"},{"taxonomy":"post_tag","embeddable":true,"href":"https:\/\/www.accidentdutravail-idf.net\/blog\/wp-json\/wp\/v2\/tags?post=672"}],"curies":[{"name":"wp","href":"https:\/\/api.w.org\/{rel}","templated":true}]}}