{"id":668,"date":"2024-08-14T02:47:00","date_gmt":"2024-08-14T00:47:00","guid":{"rendered":"https:\/\/www.accidentdutravail-idf.net\/blog\/accident-de-tracteur-mortel-un-jeune-apprenti-de-16-meurt-apres-avoir-ete-ecrase-par-un-engin-agricole\/"},"modified":"2024-08-14T02:47:00","modified_gmt":"2024-08-14T00:47:00","slug":"accident-de-tracteur-mortel-un-jeune-apprenti-de-16-meurt-apres-avoir-ete-ecrase-par-un-engin-agricole","status":"publish","type":"post","link":"https:\/\/www.accidentdutravail-idf.net\/blog\/accident-de-tracteur-mortel-un-jeune-apprenti-de-16-meurt-apres-avoir-ete-ecrase-par-un-engin-agricole\/","title":{"rendered":"Accident de tracteur mortel : un jeune apprenti de 16 meurt apr\u00e8s avoir \u00e9t\u00e9 \u00e9cras\u00e9 par un engin agricole"},"content":{"rendered":"<div><img decoding=\"async\" src=\"https:\/\/www.accidentdutravail-idf.net\/blog\/wp-content\/uploads\/2024\/08\/accident-de-tracteur-mortel-un-jeune-apprenti-de-16-meurt-apres-avoir-ete-ecrase-par-un-engin-agricole.jpg\" class=\"ff-og-image-inserted\"><\/div>\n<p> <span class=\"article-full__chapo-label hide-on-small-only\">l&rsquo;essentiel<\/span> Un jeune homme de 16 ans a \u00e9t\u00e9 \u00e9cras\u00e9 par un tracteur dans les Vosges. Hospitalis\u00e9 \u00e0 Nancy, il n\u2019a pas surv\u00e9cu \u00e0 ses blessures. <\/p>\n<div> <!-- Pub DFP Position [outstream] --> <\/p>\n<p>Un drame s\u2019est jou\u00e9 dans l\u2019est de la France. Un jeune apprenti de 16 ans a \u00e9t\u00e9 victime d\u2019un accident du travail ce lundi 12&nbsp;ao\u00fbt&nbsp;\u00e0 Hadol dans les Vosges. Comme le racontent nos confr\u00e8res de <em><a href=\"https:\/\/www.vosgesmatin.fr\/faits-divers-justice\/2024\/08\/12\/un-jeune-apprenti-entre-la-vie-et-la-mort-apres-avoir-ete-percute-par-un-engin-agricole-a-hadol\" target=\"_blank\" rel=\"noopener nofollow\">Vosges Matin<\/a><\/em>, l\u2019adolescent&nbsp;a \u00e9t\u00e9 \u00e9cras\u00e9 par un tracteur.<\/p>\n<h2 class=\"txt-int\">Une enqu\u00eate a \u00e9t\u00e9 ouverte<\/h2>\n<p>Le jeune mineur&nbsp;a rapidement \u00e9t\u00e9 pris en charge sur place par sept pompiers, selon le service d\u00e9partemental d\u2019incendie et de secours des Vosges, puis il a \u00e9t\u00e9&nbsp;transport\u00e9 vers Nancy pour une prise en charge plus compl\u00e8te.&nbsp;Les circonstances exactes de l\u2019accident sont encore inconnues et restent \u00e0 d\u00e9terminer.<\/p>\n<p><!-- Pub DFP Position [article] --> <\/p>\n<p class=\"std-elt__inline\"> <strong>A lire aussi :<\/strong> <a href=\"https:\/\/www.ladepeche.fr\/2024\/07\/16\/les-accidents-de-tracteur-se-multiplient-ces-derniers-jours-et-continuent-de-faire-des-morts-12085282.php\" target=\"_blank\" rel=\"nofollow\">Les accidents de tracteur se multiplient ces derniers jours et continuent de faire des morts<\/a> <\/p>\n<p>Contact\u00e9s par nos confr\u00e8res, les gendarmes ont confirm\u00e9 que l\u2019apprenti \u00e9tait d\u00e9c\u00e9d\u00e9&nbsp;\u00e0 la suite de ces&nbsp;blessures ce mardi 13&nbsp;ao\u00fbt en fin de matin\u00e9e. Une enqu\u00eate a \u00e9t\u00e9 ouverte pour voir plus clair dans le d\u00e9roulement des faits qui ont amen\u00e9 \u00e0 ce drame.<\/p>\n<\/p><\/div>\n<p>accidentdutravail-idf.net vous a pr\u00e9par\u00e9 ce post qui informe du sujet \u00ab\u00a0Association Sportive Huisson-Longueville Essonne\u00a0\u00bb. La chronique se veut g\u00e9n\u00e9r\u00e9e du mieux possible. Vous pouvez utiliser les coordonn\u00e9es indiqu\u00e9es sur le site dans le but d\u2019apporter des explications sur ce post qui parle du th\u00e8me \u00ab\u00a0Association Sportive Huisson-Longueville Essonne\u00a0\u00bb. Le site accidentdutravail-idf.net a pour but de fournir diverses publications sur la th\u00e9matique Association Sportive Huisson-Longueville Essonne diffus\u00e9es sur le net. Il y aura plusieurs articles autour du sujet \u00ab\u00a0Association Sportive Huisson-Longueville Essonne\u00a0\u00bb dans quelques jours, nous vous invitons \u00e0 naviguer sur notre site web \u00e0 plusieurs reprises.<\/p>\n","protected":false},"excerpt":{"rendered":"<p>l&rsquo;essentiel Un jeune homme de 16 ans a \u00e9t\u00e9 \u00e9cras\u00e9 par un tracteur dans les Vosges. Hospitalis\u00e9 \u00e0 Nancy, il n\u2019a pas surv\u00e9cu \u00e0 ses blessures. Un drame s\u2019est jou\u00e9 dans l\u2019est de la France. Un jeune apprenti de 16 ans a \u00e9t\u00e9 victime d\u2019un accident du travail ce lundi 12&nbsp;ao\u00fbt&nbsp;\u00e0 Hadol dans les Vosges. &hellip; <\/p>\n<p class=\"link-more\"><a href=\"https:\/\/www.accidentdutravail-idf.net\/blog\/accident-de-tracteur-mortel-un-jeune-apprenti-de-16-meurt-apres-avoir-ete-ecrase-par-un-engin-agricole\/\" class=\"more-link\">Continuer la lecture <span class=\"screen-reader-text\"> \u00ab\u00a0Accident de tracteur mortel : un jeune apprenti de 16 meurt apr\u00e8s avoir \u00e9t\u00e9 \u00e9cras\u00e9 par un engin agricole\u00a0\u00bb<\/span><\/a><\/p>\n","protected":false},"author":2,"featured_media":0,"comment_status":"closed","ping_status":"closed","sticky":false,"template":"","format":"standard","meta":{"footnotes":""},"categories":[5],"tags":[],"class_list":["post-668","post","type-post","status-publish","format-standard","hentry","category-securite-du-travail-en-ile-de-france-et-divers","entry"],"yoast_head":"<!-- This site is optimized with the Yoast SEO plugin v27.5 - https:\/\/yoast.com\/product\/yoast-seo-wordpress\/ -->\n<title>Accident de tracteur mortel : un jeune apprenti de 16 meurt apr\u00e8s avoir \u00e9t\u00e9 \u00e9cras\u00e9 par un engin agricole - ACCIDENTDUTRAVAIL-IDF<\/title>\n<meta name=\"description\" content=\"Accident de tracteur mortel : un jeune apprenti de 16 meurt apr\u00e8s avoir \u00e9t\u00e9 \u00e9cras\u00e9 par un engin agricole article de ACCIDENTDUTRAVAIL-IDF\" \/>\n<meta name=\"robots\" content=\"index, follow, max-snippet:-1, max-image-preview:large, max-video-preview:-1\" \/>\n<link rel=\"canonical\" href=\"https:\/\/www.accidentdutravail-idf.net\/blog\/accident-de-tracteur-mortel-un-jeune-apprenti-de-16-meurt-apres-avoir-ete-ecrase-par-un-engin-agricole\/\" \/>\n<meta property=\"og:locale\" content=\"fr_FR\" \/>\n<meta property=\"og:type\" content=\"article\" \/>\n<meta property=\"og:title\" content=\"Accident de tracteur mortel : un jeune apprenti de 16 meurt apr\u00e8s avoir \u00e9t\u00e9 \u00e9cras\u00e9 par un engin agricole - ACCIDENTDUTRAVAIL-IDF\" \/>\n<meta property=\"og:description\" content=\"Accident de tracteur mortel : un jeune apprenti de 16 meurt apr\u00e8s avoir \u00e9t\u00e9 \u00e9cras\u00e9 par un engin agricole article de ACCIDENTDUTRAVAIL-IDF\" \/>\n<meta property=\"og:url\" content=\"https:\/\/www.accidentdutravail-idf.net\/blog\/accident-de-tracteur-mortel-un-jeune-apprenti-de-16-meurt-apres-avoir-ete-ecrase-par-un-engin-agricole\/\" \/>\n<meta property=\"og:site_name\" content=\"ACCIDENTDUTRAVAIL-IDF\" \/>\n<meta property=\"article:published_time\" content=\"2024-08-14T00:47:00+00:00\" \/>\n<meta property=\"og:image\" content=\"https:\/\/www.accidentdutravail-idf.net\/blog\/wp-content\/uploads\/2024\/08\/accident-de-tracteur-mortel-un-jeune-apprenti-de-16-meurt-apres-avoir-ete-ecrase-par-un-engin-agricole.jpg\" \/>\n<meta name=\"author\" content=\"Carlos Poulain\" \/>\n<meta name=\"twitter:card\" content=\"summary_large_image\" \/>\n<meta name=\"twitter:label1\" content=\"\u00c9crit par\" \/>\n\t<meta name=\"twitter:data1\" content=\"Carlos Poulain\" \/>\n\t<meta name=\"twitter:label2\" content=\"Dur\u00e9e de lecture estim\u00e9e\" \/>\n\t<meta name=\"twitter:data2\" content=\"2 minutes\" \/>\n<script type=\"application\/ld+json\" class=\"yoast-schema-graph\">{\"@context\":\"https:\\\/\\\/schema.org\",\"@graph\":[{\"@type\":\"Article\",\"@id\":\"https:\\\/\\\/www.accidentdutravail-idf.net\\\/blog\\\/accident-de-tracteur-mortel-un-jeune-apprenti-de-16-meurt-apres-avoir-ete-ecrase-par-un-engin-agricole\\\/#article\",\"isPartOf\":{\"@id\":\"https:\\\/\\\/www.accidentdutravail-idf.net\\\/blog\\\/accident-de-tracteur-mortel-un-jeune-apprenti-de-16-meurt-apres-avoir-ete-ecrase-par-un-engin-agricole\\\/\"},\"author\":{\"name\":\"Carlos Poulain\",\"@id\":\"https:\\\/\\\/www.accidentdutravail-idf.net\\\/blog\\\/#\\\/schema\\\/person\\\/3255d2f970de45e64bd9201f38e7b947\"},\"headline\":\"Accident de tracteur mortel : un jeune apprenti de 16 meurt apr\u00e8s avoir \u00e9t\u00e9 \u00e9cras\u00e9 par un engin agricole\",\"datePublished\":\"2024-08-14T00:47:00+00:00\",\"mainEntityOfPage\":{\"@id\":\"https:\\\/\\\/www.accidentdutravail-idf.net\\\/blog\\\/accident-de-tracteur-mortel-un-jeune-apprenti-de-16-meurt-apres-avoir-ete-ecrase-par-un-engin-agricole\\\/\"},\"wordCount\":337,\"publisher\":{\"@id\":\"https:\\\/\\\/www.accidentdutravail-idf.net\\\/blog\\\/#organization\"},\"image\":{\"@id\":\"https:\\\/\\\/www.accidentdutravail-idf.net\\\/blog\\\/accident-de-tracteur-mortel-un-jeune-apprenti-de-16-meurt-apres-avoir-ete-ecrase-par-un-engin-agricole\\\/#primaryimage\"},\"thumbnailUrl\":\"https:\\\/\\\/www.accidentdutravail-idf.net\\\/blog\\\/wp-content\\\/uploads\\\/2024\\\/08\\\/accident-de-tracteur-mortel-un-jeune-apprenti-de-16-meurt-apres-avoir-ete-ecrase-par-un-engin-agricole.jpg\",\"articleSection\":[\"S\u00e9curit\u00e9 Du Travail En Ile-De-France Et Divers:\"],\"inLanguage\":\"fr-FR\"},{\"@type\":\"WebPage\",\"@id\":\"https:\\\/\\\/www.accidentdutravail-idf.net\\\/blog\\\/accident-de-tracteur-mortel-un-jeune-apprenti-de-16-meurt-apres-avoir-ete-ecrase-par-un-engin-agricole\\\/\",\"url\":\"https:\\\/\\\/www.accidentdutravail-idf.net\\\/blog\\\/accident-de-tracteur-mortel-un-jeune-apprenti-de-16-meurt-apres-avoir-ete-ecrase-par-un-engin-agricole\\\/\",\"name\":\"Accident de tracteur mortel : un jeune apprenti de 16 meurt apr\u00e8s avoir \u00e9t\u00e9 \u00e9cras\u00e9 par un engin agricole - ACCIDENTDUTRAVAIL-IDF\",\"isPartOf\":{\"@id\":\"https:\\\/\\\/www.accidentdutravail-idf.net\\\/blog\\\/#website\"},\"primaryImageOfPage\":{\"@id\":\"https:\\\/\\\/www.accidentdutravail-idf.net\\\/blog\\\/accident-de-tracteur-mortel-un-jeune-apprenti-de-16-meurt-apres-avoir-ete-ecrase-par-un-engin-agricole\\\/#primaryimage\"},\"image\":{\"@id\":\"https:\\\/\\\/www.accidentdutravail-idf.net\\\/blog\\\/accident-de-tracteur-mortel-un-jeune-apprenti-de-16-meurt-apres-avoir-ete-ecrase-par-un-engin-agricole\\\/#primaryimage\"},\"thumbnailUrl\":\"https:\\\/\\\/www.accidentdutravail-idf.net\\\/blog\\\/wp-content\\\/uploads\\\/2024\\\/08\\\/accident-de-tracteur-mortel-un-jeune-apprenti-de-16-meurt-apres-avoir-ete-ecrase-par-un-engin-agricole.jpg\",\"datePublished\":\"2024-08-14T00:47:00+00:00\",\"description\":\"Accident de tracteur mortel : un jeune apprenti de 16 meurt apr\u00e8s avoir \u00e9t\u00e9 \u00e9cras\u00e9 par un engin agricole article de ACCIDENTDUTRAVAIL-IDF\",\"breadcrumb\":{\"@id\":\"https:\\\/\\\/www.accidentdutravail-idf.net\\\/blog\\\/accident-de-tracteur-mortel-un-jeune-apprenti-de-16-meurt-apres-avoir-ete-ecrase-par-un-engin-agricole\\\/#breadcrumb\"},\"inLanguage\":\"fr-FR\",\"potentialAction\":[{\"@type\":\"ReadAction\",\"target\":[\"https:\\\/\\\/www.accidentdutravail-idf.net\\\/blog\\\/accident-de-tracteur-mortel-un-jeune-apprenti-de-16-meurt-apres-avoir-ete-ecrase-par-un-engin-agricole\\\/\"]}]},{\"@type\":\"ImageObject\",\"inLanguage\":\"fr-FR\",\"@id\":\"https:\\\/\\\/www.accidentdutravail-idf.net\\\/blog\\\/accident-de-tracteur-mortel-un-jeune-apprenti-de-16-meurt-apres-avoir-ete-ecrase-par-un-engin-agricole\\\/#primaryimage\",\"url\":\"https:\\\/\\\/www.accidentdutravail-idf.net\\\/blog\\\/wp-content\\\/uploads\\\/2024\\\/08\\\/accident-de-tracteur-mortel-un-jeune-apprenti-de-16-meurt-apres-avoir-ete-ecrase-par-un-engin-agricole.jpg\",\"contentUrl\":\"https:\\\/\\\/www.accidentdutravail-idf.net\\\/blog\\\/wp-content\\\/uploads\\\/2024\\\/08\\\/accident-de-tracteur-mortel-un-jeune-apprenti-de-16-meurt-apres-avoir-ete-ecrase-par-un-engin-agricole.jpg\"},{\"@type\":\"BreadcrumbList\",\"@id\":\"https:\\\/\\\/www.accidentdutravail-idf.net\\\/blog\\\/accident-de-tracteur-mortel-un-jeune-apprenti-de-16-meurt-apres-avoir-ete-ecrase-par-un-engin-agricole\\\/#breadcrumb\",\"itemListElement\":[{\"@type\":\"ListItem\",\"position\":1,\"name\":\"Accueil\",\"item\":\"https:\\\/\\\/www.accidentdutravail-idf.net\\\/blog\\\/\"},{\"@type\":\"ListItem\",\"position\":2,\"name\":\"Accident de tracteur mortel : un jeune apprenti de 16 meurt apr\u00e8s avoir \u00e9t\u00e9 \u00e9cras\u00e9 par un engin agricole\"}]},{\"@type\":\"WebSite\",\"@id\":\"https:\\\/\\\/www.accidentdutravail-idf.net\\\/blog\\\/#website\",\"url\":\"https:\\\/\\\/www.accidentdutravail-idf.net\\\/blog\\\/\",\"name\":\"ACCIDENTDUTRAVAIL-IDF\",\"description\":\"Portail accidents du travail-maladies professionnelles des entreprises d&#039;Ile-de-France\",\"publisher\":{\"@id\":\"https:\\\/\\\/www.accidentdutravail-idf.net\\\/blog\\\/#organization\"},\"potentialAction\":[{\"@type\":\"SearchAction\",\"target\":{\"@type\":\"EntryPoint\",\"urlTemplate\":\"https:\\\/\\\/www.accidentdutravail-idf.net\\\/blog\\\/?s={search_term_string}\"},\"query-input\":{\"@type\":\"PropertyValueSpecification\",\"valueRequired\":true,\"valueName\":\"search_term_string\"}}],\"inLanguage\":\"fr-FR\"},{\"@type\":\"Organization\",\"@id\":\"https:\\\/\\\/www.accidentdutravail-idf.net\\\/blog\\\/#organization\",\"name\":\"accidentdutravail-idf\",\"url\":\"https:\\\/\\\/www.accidentdutravail-idf.net\\\/blog\\\/\",\"logo\":{\"@type\":\"ImageObject\",\"inLanguage\":\"fr-FR\",\"@id\":\"https:\\\/\\\/www.accidentdutravail-idf.net\\\/blog\\\/#\\\/schema\\\/logo\\\/image\\\/\",\"url\":\"https:\\\/\\\/www.accidentdutravail-idf.net\\\/blog\\\/wp-content\\\/uploads\\\/2022\\\/09\\\/logo-2.png\",\"contentUrl\":\"https:\\\/\\\/www.accidentdutravail-idf.net\\\/blog\\\/wp-content\\\/uploads\\\/2022\\\/09\\\/logo-2.png\",\"width\":380,\"height\":291,\"caption\":\"accidentdutravail-idf\"},\"image\":{\"@id\":\"https:\\\/\\\/www.accidentdutravail-idf.net\\\/blog\\\/#\\\/schema\\\/logo\\\/image\\\/\"}},{\"@type\":\"Person\",\"@id\":\"https:\\\/\\\/www.accidentdutravail-idf.net\\\/blog\\\/#\\\/schema\\\/person\\\/3255d2f970de45e64bd9201f38e7b947\",\"name\":\"Carlos Poulain\",\"image\":{\"@type\":\"ImageObject\",\"inLanguage\":\"fr-FR\",\"@id\":\"https:\\\/\\\/secure.gravatar.com\\\/avatar\\\/b1c2f9d3588e34e91adb093635df64ef4b2381991216be7576466cfcdca4baf3?s=96&d=mm&r=g\",\"url\":\"https:\\\/\\\/secure.gravatar.com\\\/avatar\\\/b1c2f9d3588e34e91adb093635df64ef4b2381991216be7576466cfcdca4baf3?s=96&d=mm&r=g\",\"contentUrl\":\"https:\\\/\\\/secure.gravatar.com\\\/avatar\\\/b1c2f9d3588e34e91adb093635df64ef4b2381991216be7576466cfcdca4baf3?s=96&d=mm&r=g\",\"caption\":\"Carlos Poulain\"},\"url\":\"https:\\\/\\\/www.accidentdutravail-idf.net\\\/blog\\\/author\\\/idfcarlos\\\/\"}]}<\/script>\n<!-- \/ Yoast SEO plugin. -->","yoast_head_json":{"title":"Accident de tracteur mortel : un jeune apprenti de 16 meurt apr\u00e8s avoir \u00e9t\u00e9 \u00e9cras\u00e9 par un engin agricole - ACCIDENTDUTRAVAIL-IDF","description":"Accident de tracteur mortel : un jeune apprenti de 16 meurt apr\u00e8s avoir \u00e9t\u00e9 \u00e9cras\u00e9 par un engin agricole article de ACCIDENTDUTRAVAIL-IDF","robots":{"index":"index","follow":"follow","max-snippet":"max-snippet:-1","max-image-preview":"max-image-preview:large","max-video-preview":"max-video-preview:-1"},"canonical":"https:\/\/www.accidentdutravail-idf.net\/blog\/accident-de-tracteur-mortel-un-jeune-apprenti-de-16-meurt-apres-avoir-ete-ecrase-par-un-engin-agricole\/","og_locale":"fr_FR","og_type":"article","og_title":"Accident de tracteur mortel : un jeune apprenti de 16 meurt apr\u00e8s avoir \u00e9t\u00e9 \u00e9cras\u00e9 par un engin agricole - ACCIDENTDUTRAVAIL-IDF","og_description":"Accident de tracteur mortel : un jeune apprenti de 16 meurt apr\u00e8s avoir \u00e9t\u00e9 \u00e9cras\u00e9 par un engin agricole article de ACCIDENTDUTRAVAIL-IDF","og_url":"https:\/\/www.accidentdutravail-idf.net\/blog\/accident-de-tracteur-mortel-un-jeune-apprenti-de-16-meurt-apres-avoir-ete-ecrase-par-un-engin-agricole\/","og_site_name":"ACCIDENTDUTRAVAIL-IDF","article_published_time":"2024-08-14T00:47:00+00:00","og_image":[{"url":"https:\/\/www.accidentdutravail-idf.net\/blog\/wp-content\/uploads\/2024\/08\/accident-de-tracteur-mortel-un-jeune-apprenti-de-16-meurt-apres-avoir-ete-ecrase-par-un-engin-agricole.jpg","type":"","width":"","height":""}],"author":"Carlos Poulain","twitter_card":"summary_large_image","twitter_misc":{"\u00c9crit par":"Carlos Poulain","Dur\u00e9e de lecture estim\u00e9e":"2 minutes"},"schema":{"@context":"https:\/\/schema.org","@graph":[{"@type":"Article","@id":"https:\/\/www.accidentdutravail-idf.net\/blog\/accident-de-tracteur-mortel-un-jeune-apprenti-de-16-meurt-apres-avoir-ete-ecrase-par-un-engin-agricole\/#article","isPartOf":{"@id":"https:\/\/www.accidentdutravail-idf.net\/blog\/accident-de-tracteur-mortel-un-jeune-apprenti-de-16-meurt-apres-avoir-ete-ecrase-par-un-engin-agricole\/"},"author":{"name":"Carlos Poulain","@id":"https:\/\/www.accidentdutravail-idf.net\/blog\/#\/schema\/person\/3255d2f970de45e64bd9201f38e7b947"},"headline":"Accident de tracteur mortel : un jeune apprenti de 16 meurt apr\u00e8s avoir \u00e9t\u00e9 \u00e9cras\u00e9 par un engin agricole","datePublished":"2024-08-14T00:47:00+00:00","mainEntityOfPage":{"@id":"https:\/\/www.accidentdutravail-idf.net\/blog\/accident-de-tracteur-mortel-un-jeune-apprenti-de-16-meurt-apres-avoir-ete-ecrase-par-un-engin-agricole\/"},"wordCount":337,"publisher":{"@id":"https:\/\/www.accidentdutravail-idf.net\/blog\/#organization"},"image":{"@id":"https:\/\/www.accidentdutravail-idf.net\/blog\/accident-de-tracteur-mortel-un-jeune-apprenti-de-16-meurt-apres-avoir-ete-ecrase-par-un-engin-agricole\/#primaryimage"},"thumbnailUrl":"https:\/\/www.accidentdutravail-idf.net\/blog\/wp-content\/uploads\/2024\/08\/accident-de-tracteur-mortel-un-jeune-apprenti-de-16-meurt-apres-avoir-ete-ecrase-par-un-engin-agricole.jpg","articleSection":["S\u00e9curit\u00e9 Du Travail En Ile-De-France Et Divers:"],"inLanguage":"fr-FR"},{"@type":"WebPage","@id":"https:\/\/www.accidentdutravail-idf.net\/blog\/accident-de-tracteur-mortel-un-jeune-apprenti-de-16-meurt-apres-avoir-ete-ecrase-par-un-engin-agricole\/","url":"https:\/\/www.accidentdutravail-idf.net\/blog\/accident-de-tracteur-mortel-un-jeune-apprenti-de-16-meurt-apres-avoir-ete-ecrase-par-un-engin-agricole\/","name":"Accident de tracteur mortel : un jeune apprenti de 16 meurt apr\u00e8s avoir \u00e9t\u00e9 \u00e9cras\u00e9 par un engin agricole - ACCIDENTDUTRAVAIL-IDF","isPartOf":{"@id":"https:\/\/www.accidentdutravail-idf.net\/blog\/#website"},"primaryImageOfPage":{"@id":"https:\/\/www.accidentdutravail-idf.net\/blog\/accident-de-tracteur-mortel-un-jeune-apprenti-de-16-meurt-apres-avoir-ete-ecrase-par-un-engin-agricole\/#primaryimage"},"image":{"@id":"https:\/\/www.accidentdutravail-idf.net\/blog\/accident-de-tracteur-mortel-un-jeune-apprenti-de-16-meurt-apres-avoir-ete-ecrase-par-un-engin-agricole\/#primaryimage"},"thumbnailUrl":"https:\/\/www.accidentdutravail-idf.net\/blog\/wp-content\/uploads\/2024\/08\/accident-de-tracteur-mortel-un-jeune-apprenti-de-16-meurt-apres-avoir-ete-ecrase-par-un-engin-agricole.jpg","datePublished":"2024-08-14T00:47:00+00:00","description":"Accident de tracteur mortel : un jeune apprenti de 16 meurt apr\u00e8s avoir \u00e9t\u00e9 \u00e9cras\u00e9 par un engin agricole article de ACCIDENTDUTRAVAIL-IDF","breadcrumb":{"@id":"https:\/\/www.accidentdutravail-idf.net\/blog\/accident-de-tracteur-mortel-un-jeune-apprenti-de-16-meurt-apres-avoir-ete-ecrase-par-un-engin-agricole\/#breadcrumb"},"inLanguage":"fr-FR","potentialAction":[{"@type":"ReadAction","target":["https:\/\/www.accidentdutravail-idf.net\/blog\/accident-de-tracteur-mortel-un-jeune-apprenti-de-16-meurt-apres-avoir-ete-ecrase-par-un-engin-agricole\/"]}]},{"@type":"ImageObject","inLanguage":"fr-FR","@id":"https:\/\/www.accidentdutravail-idf.net\/blog\/accident-de-tracteur-mortel-un-jeune-apprenti-de-16-meurt-apres-avoir-ete-ecrase-par-un-engin-agricole\/#primaryimage","url":"https:\/\/www.accidentdutravail-idf.net\/blog\/wp-content\/uploads\/2024\/08\/accident-de-tracteur-mortel-un-jeune-apprenti-de-16-meurt-apres-avoir-ete-ecrase-par-un-engin-agricole.jpg","contentUrl":"https:\/\/www.accidentdutravail-idf.net\/blog\/wp-content\/uploads\/2024\/08\/accident-de-tracteur-mortel-un-jeune-apprenti-de-16-meurt-apres-avoir-ete-ecrase-par-un-engin-agricole.jpg"},{"@type":"BreadcrumbList","@id":"https:\/\/www.accidentdutravail-idf.net\/blog\/accident-de-tracteur-mortel-un-jeune-apprenti-de-16-meurt-apres-avoir-ete-ecrase-par-un-engin-agricole\/#breadcrumb","itemListElement":[{"@type":"ListItem","position":1,"name":"Accueil","item":"https:\/\/www.accidentdutravail-idf.net\/blog\/"},{"@type":"ListItem","position":2,"name":"Accident de tracteur mortel : un jeune apprenti de 16 meurt apr\u00e8s avoir \u00e9t\u00e9 \u00e9cras\u00e9 par un engin agricole"}]},{"@type":"WebSite","@id":"https:\/\/www.accidentdutravail-idf.net\/blog\/#website","url":"https:\/\/www.accidentdutravail-idf.net\/blog\/","name":"ACCIDENTDUTRAVAIL-IDF","description":"Portail accidents du travail-maladies professionnelles des entreprises d&#039;Ile-de-France","publisher":{"@id":"https:\/\/www.accidentdutravail-idf.net\/blog\/#organization"},"potentialAction":[{"@type":"SearchAction","target":{"@type":"EntryPoint","urlTemplate":"https:\/\/www.accidentdutravail-idf.net\/blog\/?s={search_term_string}"},"query-input":{"@type":"PropertyValueSpecification","valueRequired":true,"valueName":"search_term_string"}}],"inLanguage":"fr-FR"},{"@type":"Organization","@id":"https:\/\/www.accidentdutravail-idf.net\/blog\/#organization","name":"accidentdutravail-idf","url":"https:\/\/www.accidentdutravail-idf.net\/blog\/","logo":{"@type":"ImageObject","inLanguage":"fr-FR","@id":"https:\/\/www.accidentdutravail-idf.net\/blog\/#\/schema\/logo\/image\/","url":"https:\/\/www.accidentdutravail-idf.net\/blog\/wp-content\/uploads\/2022\/09\/logo-2.png","contentUrl":"https:\/\/www.accidentdutravail-idf.net\/blog\/wp-content\/uploads\/2022\/09\/logo-2.png","width":380,"height":291,"caption":"accidentdutravail-idf"},"image":{"@id":"https:\/\/www.accidentdutravail-idf.net\/blog\/#\/schema\/logo\/image\/"}},{"@type":"Person","@id":"https:\/\/www.accidentdutravail-idf.net\/blog\/#\/schema\/person\/3255d2f970de45e64bd9201f38e7b947","name":"Carlos Poulain","image":{"@type":"ImageObject","inLanguage":"fr-FR","@id":"https:\/\/secure.gravatar.com\/avatar\/b1c2f9d3588e34e91adb093635df64ef4b2381991216be7576466cfcdca4baf3?s=96&d=mm&r=g","url":"https:\/\/secure.gravatar.com\/avatar\/b1c2f9d3588e34e91adb093635df64ef4b2381991216be7576466cfcdca4baf3?s=96&d=mm&r=g","contentUrl":"https:\/\/secure.gravatar.com\/avatar\/b1c2f9d3588e34e91adb093635df64ef4b2381991216be7576466cfcdca4baf3?s=96&d=mm&r=g","caption":"Carlos Poulain"},"url":"https:\/\/www.accidentdutravail-idf.net\/blog\/author\/idfcarlos\/"}]}},"_links":{"self":[{"href":"https:\/\/www.accidentdutravail-idf.net\/blog\/wp-json\/wp\/v2\/posts\/668","targetHints":{"allow":["GET"]}}],"collection":[{"href":"https:\/\/www.accidentdutravail-idf.net\/blog\/wp-json\/wp\/v2\/posts"}],"about":[{"href":"https:\/\/www.accidentdutravail-idf.net\/blog\/wp-json\/wp\/v2\/types\/post"}],"author":[{"embeddable":true,"href":"https:\/\/www.accidentdutravail-idf.net\/blog\/wp-json\/wp\/v2\/users\/2"}],"replies":[{"embeddable":true,"href":"https:\/\/www.accidentdutravail-idf.net\/blog\/wp-json\/wp\/v2\/comments?post=668"}],"version-history":[{"count":0,"href":"https:\/\/www.accidentdutravail-idf.net\/blog\/wp-json\/wp\/v2\/posts\/668\/revisions"}],"wp:attachment":[{"href":"https:\/\/www.accidentdutravail-idf.net\/blog\/wp-json\/wp\/v2\/media?parent=668"}],"wp:term":[{"taxonomy":"category","embeddable":true,"href":"https:\/\/www.accidentdutravail-idf.net\/blog\/wp-json\/wp\/v2\/categories?post=668"},{"taxonomy":"post_tag","embeddable":true,"href":"https:\/\/www.accidentdutravail-idf.net\/blog\/wp-json\/wp\/v2\/tags?post=668"}],"curies":[{"name":"wp","href":"https:\/\/api.w.org\/{rel}","templated":true}]}}