{"id":654,"date":"2024-08-13T03:51:00","date_gmt":"2024-08-13T01:51:00","guid":{"rendered":"https:\/\/www.accidentdutravail-idf.net\/blog\/monde-du-travail-34-accidents-mortels-et-468-blesses-enregistres-depuis-2022\/"},"modified":"2024-08-13T03:51:00","modified_gmt":"2024-08-13T01:51:00","slug":"monde-du-travail-34-accidents-mortels-et-468-blesses-enregistres-depuis-2022","status":"publish","type":"post","link":"https:\/\/www.accidentdutravail-idf.net\/blog\/monde-du-travail-34-accidents-mortels-et-468-blesses-enregistres-depuis-2022\/","title":{"rendered":"Monde du travail: 34 accidents mortels et 468 bless\u00e9s enregistr\u00e9s depuis 2022"},"content":{"rendered":"<div><img decoding=\"async\" src=\"https:\/\/www.accidentdutravail-idf.net\/blog\/wp-content\/uploads\/2024\/08\/monde-du-travail-34-accidents-mortels-et-468-blesses-enregistres-depuis-2022.jpg\" class=\"ff-og-image-inserted\"><\/div>\n<p>34 accidents de travail mortels, et 468 bless\u00e9s enregistr\u00e9s de 2022, \u00e0 ce jour. Ce sont les chiffres fournis par Mariahven Caramben, conseiller en relations industrielles au minist\u00e8re du Travail.&nbsp;<\/p>\n<div class=\"inneradzone\">\n<h5>Publicit\u00e9<\/h5>\n<\/div>\n<p>Il s&rsquo;exprimait lors d&rsquo;un atelier organis\u00e9 par la Federation of Democratic Labour Union et la Federation of Local Government and other Labour Unions sur la sant\u00e9 et la s\u00e9curit\u00e9 au travail, \u00e0 Plaine-des-Papayes.&nbsp;<\/p>\n<p>D\u2019autre part, Mariahven Caramben a soulign\u00e9 l&rsquo;importance pour les employeurs et les employ\u00e9s de prendre des mesures de pr\u00e9caution sur leurs lieux de travail.<\/p>\n<p>accidentdutravail-idf.net vous a pr\u00e9par\u00e9 ce post qui informe du sujet \u00ab\u00a0Association Sportive Huisson-Longueville Essonne\u00a0\u00bb. La chronique se veut g\u00e9n\u00e9r\u00e9e du mieux possible. Vous pouvez utiliser les coordonn\u00e9es indiqu\u00e9es sur le site dans le but d\u2019apporter des explications sur ce post qui parle du th\u00e8me \u00ab\u00a0Association Sportive Huisson-Longueville Essonne\u00a0\u00bb. Le site accidentdutravail-idf.net a pour but de fournir diverses publications sur la th\u00e9matique Association Sportive Huisson-Longueville Essonne diffus\u00e9es sur le net. Il y aura plusieurs articles autour du sujet \u00ab\u00a0Association Sportive Huisson-Longueville Essonne\u00a0\u00bb dans quelques jours, nous vous invitons \u00e0 naviguer sur notre site web \u00e0 plusieurs reprises.<\/p>\n","protected":false},"excerpt":{"rendered":"<p>34 accidents de travail mortels, et 468 bless\u00e9s enregistr\u00e9s de 2022, \u00e0 ce jour. Ce sont les chiffres fournis par Mariahven Caramben, conseiller en relations industrielles au minist\u00e8re du Travail.&nbsp; Publicit\u00e9 Il s&rsquo;exprimait lors d&rsquo;un atelier organis\u00e9 par la Federation of Democratic Labour Union et la Federation of Local Government and other Labour Unions sur &hellip; <\/p>\n<p class=\"link-more\"><a href=\"https:\/\/www.accidentdutravail-idf.net\/blog\/monde-du-travail-34-accidents-mortels-et-468-blesses-enregistres-depuis-2022\/\" class=\"more-link\">Continuer la lecture <span class=\"screen-reader-text\"> \u00ab\u00a0Monde du travail: 34 accidents mortels et 468 bless\u00e9s enregistr\u00e9s depuis 2022\u00a0\u00bb<\/span><\/a><\/p>\n","protected":false},"author":2,"featured_media":0,"comment_status":"closed","ping_status":"closed","sticky":false,"template":"","format":"standard","meta":{"footnotes":""},"categories":[5],"tags":[],"class_list":["post-654","post","type-post","status-publish","format-standard","hentry","category-securite-du-travail-en-ile-de-france-et-divers","entry"],"yoast_head":"<!-- This site is optimized with the Yoast SEO plugin v27.5 - https:\/\/yoast.com\/product\/yoast-seo-wordpress\/ -->\n<title>Monde du travail: 34 accidents mortels et 468 bless\u00e9s enregistr\u00e9s depuis 2022 - ACCIDENTDUTRAVAIL-IDF<\/title>\n<meta name=\"description\" content=\"Monde du travail: 34 accidents mortels et 468 bless\u00e9s enregistr\u00e9s depuis 2022 article de ACCIDENTDUTRAVAIL-IDF\" \/>\n<meta name=\"robots\" content=\"index, follow, max-snippet:-1, max-image-preview:large, max-video-preview:-1\" \/>\n<link rel=\"canonical\" href=\"https:\/\/www.accidentdutravail-idf.net\/blog\/monde-du-travail-34-accidents-mortels-et-468-blesses-enregistres-depuis-2022\/\" \/>\n<meta property=\"og:locale\" content=\"fr_FR\" \/>\n<meta property=\"og:type\" content=\"article\" \/>\n<meta property=\"og:title\" content=\"Monde du travail: 34 accidents mortels et 468 bless\u00e9s enregistr\u00e9s depuis 2022 - ACCIDENTDUTRAVAIL-IDF\" \/>\n<meta property=\"og:description\" content=\"Monde du travail: 34 accidents mortels et 468 bless\u00e9s enregistr\u00e9s depuis 2022 article de ACCIDENTDUTRAVAIL-IDF\" \/>\n<meta property=\"og:url\" content=\"https:\/\/www.accidentdutravail-idf.net\/blog\/monde-du-travail-34-accidents-mortels-et-468-blesses-enregistres-depuis-2022\/\" \/>\n<meta property=\"og:site_name\" content=\"ACCIDENTDUTRAVAIL-IDF\" \/>\n<meta property=\"article:published_time\" content=\"2024-08-13T01:51:00+00:00\" \/>\n<meta property=\"og:image\" content=\"https:\/\/www.accidentdutravail-idf.net\/blog\/wp-content\/uploads\/2024\/08\/monde-du-travail-34-accidents-mortels-et-468-blesses-enregistres-depuis-2022.jpg\" \/>\n<meta name=\"author\" content=\"Carlos Poulain\" \/>\n<meta name=\"twitter:card\" content=\"summary_large_image\" \/>\n<meta name=\"twitter:label1\" content=\"\u00c9crit par\" \/>\n\t<meta name=\"twitter:data1\" content=\"Carlos Poulain\" \/>\n\t<meta name=\"twitter:label2\" content=\"Dur\u00e9e de lecture estim\u00e9e\" \/>\n\t<meta name=\"twitter:data2\" content=\"1 minute\" \/>\n<script type=\"application\/ld+json\" class=\"yoast-schema-graph\">{\"@context\":\"https:\\\/\\\/schema.org\",\"@graph\":[{\"@type\":\"Article\",\"@id\":\"https:\\\/\\\/www.accidentdutravail-idf.net\\\/blog\\\/monde-du-travail-34-accidents-mortels-et-468-blesses-enregistres-depuis-2022\\\/#article\",\"isPartOf\":{\"@id\":\"https:\\\/\\\/www.accidentdutravail-idf.net\\\/blog\\\/monde-du-travail-34-accidents-mortels-et-468-blesses-enregistres-depuis-2022\\\/\"},\"author\":{\"name\":\"Carlos Poulain\",\"@id\":\"https:\\\/\\\/www.accidentdutravail-idf.net\\\/blog\\\/#\\\/schema\\\/person\\\/3255d2f970de45e64bd9201f38e7b947\"},\"headline\":\"Monde du travail: 34 accidents mortels et 468 bless\u00e9s enregistr\u00e9s depuis 2022\",\"datePublished\":\"2024-08-13T01:51:00+00:00\",\"mainEntityOfPage\":{\"@id\":\"https:\\\/\\\/www.accidentdutravail-idf.net\\\/blog\\\/monde-du-travail-34-accidents-mortels-et-468-blesses-enregistres-depuis-2022\\\/\"},\"wordCount\":209,\"publisher\":{\"@id\":\"https:\\\/\\\/www.accidentdutravail-idf.net\\\/blog\\\/#organization\"},\"image\":{\"@id\":\"https:\\\/\\\/www.accidentdutravail-idf.net\\\/blog\\\/monde-du-travail-34-accidents-mortels-et-468-blesses-enregistres-depuis-2022\\\/#primaryimage\"},\"thumbnailUrl\":\"https:\\\/\\\/www.accidentdutravail-idf.net\\\/blog\\\/wp-content\\\/uploads\\\/2024\\\/08\\\/monde-du-travail-34-accidents-mortels-et-468-blesses-enregistres-depuis-2022.jpg\",\"articleSection\":[\"S\u00e9curit\u00e9 Du Travail En Ile-De-France Et Divers:\"],\"inLanguage\":\"fr-FR\"},{\"@type\":\"WebPage\",\"@id\":\"https:\\\/\\\/www.accidentdutravail-idf.net\\\/blog\\\/monde-du-travail-34-accidents-mortels-et-468-blesses-enregistres-depuis-2022\\\/\",\"url\":\"https:\\\/\\\/www.accidentdutravail-idf.net\\\/blog\\\/monde-du-travail-34-accidents-mortels-et-468-blesses-enregistres-depuis-2022\\\/\",\"name\":\"Monde du travail: 34 accidents mortels et 468 bless\u00e9s enregistr\u00e9s depuis 2022 - ACCIDENTDUTRAVAIL-IDF\",\"isPartOf\":{\"@id\":\"https:\\\/\\\/www.accidentdutravail-idf.net\\\/blog\\\/#website\"},\"primaryImageOfPage\":{\"@id\":\"https:\\\/\\\/www.accidentdutravail-idf.net\\\/blog\\\/monde-du-travail-34-accidents-mortels-et-468-blesses-enregistres-depuis-2022\\\/#primaryimage\"},\"image\":{\"@id\":\"https:\\\/\\\/www.accidentdutravail-idf.net\\\/blog\\\/monde-du-travail-34-accidents-mortels-et-468-blesses-enregistres-depuis-2022\\\/#primaryimage\"},\"thumbnailUrl\":\"https:\\\/\\\/www.accidentdutravail-idf.net\\\/blog\\\/wp-content\\\/uploads\\\/2024\\\/08\\\/monde-du-travail-34-accidents-mortels-et-468-blesses-enregistres-depuis-2022.jpg\",\"datePublished\":\"2024-08-13T01:51:00+00:00\",\"description\":\"Monde du travail: 34 accidents mortels et 468 bless\u00e9s enregistr\u00e9s depuis 2022 article de ACCIDENTDUTRAVAIL-IDF\",\"breadcrumb\":{\"@id\":\"https:\\\/\\\/www.accidentdutravail-idf.net\\\/blog\\\/monde-du-travail-34-accidents-mortels-et-468-blesses-enregistres-depuis-2022\\\/#breadcrumb\"},\"inLanguage\":\"fr-FR\",\"potentialAction\":[{\"@type\":\"ReadAction\",\"target\":[\"https:\\\/\\\/www.accidentdutravail-idf.net\\\/blog\\\/monde-du-travail-34-accidents-mortels-et-468-blesses-enregistres-depuis-2022\\\/\"]}]},{\"@type\":\"ImageObject\",\"inLanguage\":\"fr-FR\",\"@id\":\"https:\\\/\\\/www.accidentdutravail-idf.net\\\/blog\\\/monde-du-travail-34-accidents-mortels-et-468-blesses-enregistres-depuis-2022\\\/#primaryimage\",\"url\":\"https:\\\/\\\/www.accidentdutravail-idf.net\\\/blog\\\/wp-content\\\/uploads\\\/2024\\\/08\\\/monde-du-travail-34-accidents-mortels-et-468-blesses-enregistres-depuis-2022.jpg\",\"contentUrl\":\"https:\\\/\\\/www.accidentdutravail-idf.net\\\/blog\\\/wp-content\\\/uploads\\\/2024\\\/08\\\/monde-du-travail-34-accidents-mortels-et-468-blesses-enregistres-depuis-2022.jpg\"},{\"@type\":\"BreadcrumbList\",\"@id\":\"https:\\\/\\\/www.accidentdutravail-idf.net\\\/blog\\\/monde-du-travail-34-accidents-mortels-et-468-blesses-enregistres-depuis-2022\\\/#breadcrumb\",\"itemListElement\":[{\"@type\":\"ListItem\",\"position\":1,\"name\":\"Accueil\",\"item\":\"https:\\\/\\\/www.accidentdutravail-idf.net\\\/blog\\\/\"},{\"@type\":\"ListItem\",\"position\":2,\"name\":\"Monde du travail: 34 accidents mortels et 468 bless\u00e9s enregistr\u00e9s depuis 2022\"}]},{\"@type\":\"WebSite\",\"@id\":\"https:\\\/\\\/www.accidentdutravail-idf.net\\\/blog\\\/#website\",\"url\":\"https:\\\/\\\/www.accidentdutravail-idf.net\\\/blog\\\/\",\"name\":\"ACCIDENTDUTRAVAIL-IDF\",\"description\":\"Portail accidents du travail-maladies professionnelles des entreprises d&#039;Ile-de-France\",\"publisher\":{\"@id\":\"https:\\\/\\\/www.accidentdutravail-idf.net\\\/blog\\\/#organization\"},\"potentialAction\":[{\"@type\":\"SearchAction\",\"target\":{\"@type\":\"EntryPoint\",\"urlTemplate\":\"https:\\\/\\\/www.accidentdutravail-idf.net\\\/blog\\\/?s={search_term_string}\"},\"query-input\":{\"@type\":\"PropertyValueSpecification\",\"valueRequired\":true,\"valueName\":\"search_term_string\"}}],\"inLanguage\":\"fr-FR\"},{\"@type\":\"Organization\",\"@id\":\"https:\\\/\\\/www.accidentdutravail-idf.net\\\/blog\\\/#organization\",\"name\":\"accidentdutravail-idf\",\"url\":\"https:\\\/\\\/www.accidentdutravail-idf.net\\\/blog\\\/\",\"logo\":{\"@type\":\"ImageObject\",\"inLanguage\":\"fr-FR\",\"@id\":\"https:\\\/\\\/www.accidentdutravail-idf.net\\\/blog\\\/#\\\/schema\\\/logo\\\/image\\\/\",\"url\":\"https:\\\/\\\/www.accidentdutravail-idf.net\\\/blog\\\/wp-content\\\/uploads\\\/2022\\\/09\\\/logo-2.png\",\"contentUrl\":\"https:\\\/\\\/www.accidentdutravail-idf.net\\\/blog\\\/wp-content\\\/uploads\\\/2022\\\/09\\\/logo-2.png\",\"width\":380,\"height\":291,\"caption\":\"accidentdutravail-idf\"},\"image\":{\"@id\":\"https:\\\/\\\/www.accidentdutravail-idf.net\\\/blog\\\/#\\\/schema\\\/logo\\\/image\\\/\"}},{\"@type\":\"Person\",\"@id\":\"https:\\\/\\\/www.accidentdutravail-idf.net\\\/blog\\\/#\\\/schema\\\/person\\\/3255d2f970de45e64bd9201f38e7b947\",\"name\":\"Carlos Poulain\",\"image\":{\"@type\":\"ImageObject\",\"inLanguage\":\"fr-FR\",\"@id\":\"https:\\\/\\\/secure.gravatar.com\\\/avatar\\\/b1c2f9d3588e34e91adb093635df64ef4b2381991216be7576466cfcdca4baf3?s=96&d=mm&r=g\",\"url\":\"https:\\\/\\\/secure.gravatar.com\\\/avatar\\\/b1c2f9d3588e34e91adb093635df64ef4b2381991216be7576466cfcdca4baf3?s=96&d=mm&r=g\",\"contentUrl\":\"https:\\\/\\\/secure.gravatar.com\\\/avatar\\\/b1c2f9d3588e34e91adb093635df64ef4b2381991216be7576466cfcdca4baf3?s=96&d=mm&r=g\",\"caption\":\"Carlos Poulain\"},\"url\":\"https:\\\/\\\/www.accidentdutravail-idf.net\\\/blog\\\/author\\\/idfcarlos\\\/\"}]}<\/script>\n<!-- \/ Yoast SEO plugin. -->","yoast_head_json":{"title":"Monde du travail: 34 accidents mortels et 468 bless\u00e9s enregistr\u00e9s depuis 2022 - ACCIDENTDUTRAVAIL-IDF","description":"Monde du travail: 34 accidents mortels et 468 bless\u00e9s enregistr\u00e9s depuis 2022 article de ACCIDENTDUTRAVAIL-IDF","robots":{"index":"index","follow":"follow","max-snippet":"max-snippet:-1","max-image-preview":"max-image-preview:large","max-video-preview":"max-video-preview:-1"},"canonical":"https:\/\/www.accidentdutravail-idf.net\/blog\/monde-du-travail-34-accidents-mortels-et-468-blesses-enregistres-depuis-2022\/","og_locale":"fr_FR","og_type":"article","og_title":"Monde du travail: 34 accidents mortels et 468 bless\u00e9s enregistr\u00e9s depuis 2022 - ACCIDENTDUTRAVAIL-IDF","og_description":"Monde du travail: 34 accidents mortels et 468 bless\u00e9s enregistr\u00e9s depuis 2022 article de ACCIDENTDUTRAVAIL-IDF","og_url":"https:\/\/www.accidentdutravail-idf.net\/blog\/monde-du-travail-34-accidents-mortels-et-468-blesses-enregistres-depuis-2022\/","og_site_name":"ACCIDENTDUTRAVAIL-IDF","article_published_time":"2024-08-13T01:51:00+00:00","og_image":[{"url":"https:\/\/www.accidentdutravail-idf.net\/blog\/wp-content\/uploads\/2024\/08\/monde-du-travail-34-accidents-mortels-et-468-blesses-enregistres-depuis-2022.jpg","type":"","width":"","height":""}],"author":"Carlos Poulain","twitter_card":"summary_large_image","twitter_misc":{"\u00c9crit par":"Carlos Poulain","Dur\u00e9e de lecture estim\u00e9e":"1 minute"},"schema":{"@context":"https:\/\/schema.org","@graph":[{"@type":"Article","@id":"https:\/\/www.accidentdutravail-idf.net\/blog\/monde-du-travail-34-accidents-mortels-et-468-blesses-enregistres-depuis-2022\/#article","isPartOf":{"@id":"https:\/\/www.accidentdutravail-idf.net\/blog\/monde-du-travail-34-accidents-mortels-et-468-blesses-enregistres-depuis-2022\/"},"author":{"name":"Carlos Poulain","@id":"https:\/\/www.accidentdutravail-idf.net\/blog\/#\/schema\/person\/3255d2f970de45e64bd9201f38e7b947"},"headline":"Monde du travail: 34 accidents mortels et 468 bless\u00e9s enregistr\u00e9s depuis 2022","datePublished":"2024-08-13T01:51:00+00:00","mainEntityOfPage":{"@id":"https:\/\/www.accidentdutravail-idf.net\/blog\/monde-du-travail-34-accidents-mortels-et-468-blesses-enregistres-depuis-2022\/"},"wordCount":209,"publisher":{"@id":"https:\/\/www.accidentdutravail-idf.net\/blog\/#organization"},"image":{"@id":"https:\/\/www.accidentdutravail-idf.net\/blog\/monde-du-travail-34-accidents-mortels-et-468-blesses-enregistres-depuis-2022\/#primaryimage"},"thumbnailUrl":"https:\/\/www.accidentdutravail-idf.net\/blog\/wp-content\/uploads\/2024\/08\/monde-du-travail-34-accidents-mortels-et-468-blesses-enregistres-depuis-2022.jpg","articleSection":["S\u00e9curit\u00e9 Du Travail En Ile-De-France Et Divers:"],"inLanguage":"fr-FR"},{"@type":"WebPage","@id":"https:\/\/www.accidentdutravail-idf.net\/blog\/monde-du-travail-34-accidents-mortels-et-468-blesses-enregistres-depuis-2022\/","url":"https:\/\/www.accidentdutravail-idf.net\/blog\/monde-du-travail-34-accidents-mortels-et-468-blesses-enregistres-depuis-2022\/","name":"Monde du travail: 34 accidents mortels et 468 bless\u00e9s enregistr\u00e9s depuis 2022 - ACCIDENTDUTRAVAIL-IDF","isPartOf":{"@id":"https:\/\/www.accidentdutravail-idf.net\/blog\/#website"},"primaryImageOfPage":{"@id":"https:\/\/www.accidentdutravail-idf.net\/blog\/monde-du-travail-34-accidents-mortels-et-468-blesses-enregistres-depuis-2022\/#primaryimage"},"image":{"@id":"https:\/\/www.accidentdutravail-idf.net\/blog\/monde-du-travail-34-accidents-mortels-et-468-blesses-enregistres-depuis-2022\/#primaryimage"},"thumbnailUrl":"https:\/\/www.accidentdutravail-idf.net\/blog\/wp-content\/uploads\/2024\/08\/monde-du-travail-34-accidents-mortels-et-468-blesses-enregistres-depuis-2022.jpg","datePublished":"2024-08-13T01:51:00+00:00","description":"Monde du travail: 34 accidents mortels et 468 bless\u00e9s enregistr\u00e9s depuis 2022 article de ACCIDENTDUTRAVAIL-IDF","breadcrumb":{"@id":"https:\/\/www.accidentdutravail-idf.net\/blog\/monde-du-travail-34-accidents-mortels-et-468-blesses-enregistres-depuis-2022\/#breadcrumb"},"inLanguage":"fr-FR","potentialAction":[{"@type":"ReadAction","target":["https:\/\/www.accidentdutravail-idf.net\/blog\/monde-du-travail-34-accidents-mortels-et-468-blesses-enregistres-depuis-2022\/"]}]},{"@type":"ImageObject","inLanguage":"fr-FR","@id":"https:\/\/www.accidentdutravail-idf.net\/blog\/monde-du-travail-34-accidents-mortels-et-468-blesses-enregistres-depuis-2022\/#primaryimage","url":"https:\/\/www.accidentdutravail-idf.net\/blog\/wp-content\/uploads\/2024\/08\/monde-du-travail-34-accidents-mortels-et-468-blesses-enregistres-depuis-2022.jpg","contentUrl":"https:\/\/www.accidentdutravail-idf.net\/blog\/wp-content\/uploads\/2024\/08\/monde-du-travail-34-accidents-mortels-et-468-blesses-enregistres-depuis-2022.jpg"},{"@type":"BreadcrumbList","@id":"https:\/\/www.accidentdutravail-idf.net\/blog\/monde-du-travail-34-accidents-mortels-et-468-blesses-enregistres-depuis-2022\/#breadcrumb","itemListElement":[{"@type":"ListItem","position":1,"name":"Accueil","item":"https:\/\/www.accidentdutravail-idf.net\/blog\/"},{"@type":"ListItem","position":2,"name":"Monde du travail: 34 accidents mortels et 468 bless\u00e9s enregistr\u00e9s depuis 2022"}]},{"@type":"WebSite","@id":"https:\/\/www.accidentdutravail-idf.net\/blog\/#website","url":"https:\/\/www.accidentdutravail-idf.net\/blog\/","name":"ACCIDENTDUTRAVAIL-IDF","description":"Portail accidents du travail-maladies professionnelles des entreprises d&#039;Ile-de-France","publisher":{"@id":"https:\/\/www.accidentdutravail-idf.net\/blog\/#organization"},"potentialAction":[{"@type":"SearchAction","target":{"@type":"EntryPoint","urlTemplate":"https:\/\/www.accidentdutravail-idf.net\/blog\/?s={search_term_string}"},"query-input":{"@type":"PropertyValueSpecification","valueRequired":true,"valueName":"search_term_string"}}],"inLanguage":"fr-FR"},{"@type":"Organization","@id":"https:\/\/www.accidentdutravail-idf.net\/blog\/#organization","name":"accidentdutravail-idf","url":"https:\/\/www.accidentdutravail-idf.net\/blog\/","logo":{"@type":"ImageObject","inLanguage":"fr-FR","@id":"https:\/\/www.accidentdutravail-idf.net\/blog\/#\/schema\/logo\/image\/","url":"https:\/\/www.accidentdutravail-idf.net\/blog\/wp-content\/uploads\/2022\/09\/logo-2.png","contentUrl":"https:\/\/www.accidentdutravail-idf.net\/blog\/wp-content\/uploads\/2022\/09\/logo-2.png","width":380,"height":291,"caption":"accidentdutravail-idf"},"image":{"@id":"https:\/\/www.accidentdutravail-idf.net\/blog\/#\/schema\/logo\/image\/"}},{"@type":"Person","@id":"https:\/\/www.accidentdutravail-idf.net\/blog\/#\/schema\/person\/3255d2f970de45e64bd9201f38e7b947","name":"Carlos Poulain","image":{"@type":"ImageObject","inLanguage":"fr-FR","@id":"https:\/\/secure.gravatar.com\/avatar\/b1c2f9d3588e34e91adb093635df64ef4b2381991216be7576466cfcdca4baf3?s=96&d=mm&r=g","url":"https:\/\/secure.gravatar.com\/avatar\/b1c2f9d3588e34e91adb093635df64ef4b2381991216be7576466cfcdca4baf3?s=96&d=mm&r=g","contentUrl":"https:\/\/secure.gravatar.com\/avatar\/b1c2f9d3588e34e91adb093635df64ef4b2381991216be7576466cfcdca4baf3?s=96&d=mm&r=g","caption":"Carlos Poulain"},"url":"https:\/\/www.accidentdutravail-idf.net\/blog\/author\/idfcarlos\/"}]}},"_links":{"self":[{"href":"https:\/\/www.accidentdutravail-idf.net\/blog\/wp-json\/wp\/v2\/posts\/654","targetHints":{"allow":["GET"]}}],"collection":[{"href":"https:\/\/www.accidentdutravail-idf.net\/blog\/wp-json\/wp\/v2\/posts"}],"about":[{"href":"https:\/\/www.accidentdutravail-idf.net\/blog\/wp-json\/wp\/v2\/types\/post"}],"author":[{"embeddable":true,"href":"https:\/\/www.accidentdutravail-idf.net\/blog\/wp-json\/wp\/v2\/users\/2"}],"replies":[{"embeddable":true,"href":"https:\/\/www.accidentdutravail-idf.net\/blog\/wp-json\/wp\/v2\/comments?post=654"}],"version-history":[{"count":0,"href":"https:\/\/www.accidentdutravail-idf.net\/blog\/wp-json\/wp\/v2\/posts\/654\/revisions"}],"wp:attachment":[{"href":"https:\/\/www.accidentdutravail-idf.net\/blog\/wp-json\/wp\/v2\/media?parent=654"}],"wp:term":[{"taxonomy":"category","embeddable":true,"href":"https:\/\/www.accidentdutravail-idf.net\/blog\/wp-json\/wp\/v2\/categories?post=654"},{"taxonomy":"post_tag","embeddable":true,"href":"https:\/\/www.accidentdutravail-idf.net\/blog\/wp-json\/wp\/v2\/tags?post=654"}],"curies":[{"name":"wp","href":"https:\/\/api.w.org\/{rel}","templated":true}]}}