{"id":653,"date":"2024-08-12T12:29:00","date_gmt":"2024-08-12T10:29:00","guid":{"rendered":"https:\/\/www.accidentdutravail-idf.net\/blog\/en-cotes-darmor-les-services-de-letat-seront-fermes-du-15-au-18-aout\/"},"modified":"2024-08-12T12:29:00","modified_gmt":"2024-08-12T10:29:00","slug":"en-cotes-darmor-les-services-de-letat-seront-fermes-du-15-au-18-aout","status":"publish","type":"post","link":"https:\/\/www.accidentdutravail-idf.net\/blog\/en-cotes-darmor-les-services-de-letat-seront-fermes-du-15-au-18-aout\/","title":{"rendered":"En C\u00f4tes-d\u2019Armor, les services de l\u2019\u00c9tat seront ferm\u00e9s du 15 au 18 ao\u00fbt"},"content":{"rendered":"<div><img decoding=\"async\" src=\"https:\/\/www.accidentdutravail-idf.net\/blog\/wp-content\/uploads\/2024\/08\/en-cotes-darmor-les-services-de-letat-seront-fermes-du-15-au-18-aout.jpg\" class=\"ff-og-image-inserted\"><\/div>\n<p>Les <a href=\"https:\/\/www.letelegramme.fr\/france\/paris-2024-aura-marque-lhistoire-des-jeux-6641819.php\" target=\"_blank\" rel=\"noopener nofollow\">Jeux<\/a> termin\u00e9s, c\u2019est l\u2019heure des vacances pour les services de l\u2019\u00c9tat dans les C\u00f4tes-d\u2019Armor. La pr\u00e9fecture \u00e0 Saint-Brieuc, les sous-pr\u00e9fectures de Dinan, Guingamp et Lannion, l\u2019espace France services de Lannion, la Direction d\u00e9partementale des territoires et de la mer, la Direction d\u00e9partementale de l\u2019emploi, du travail et des solidarit\u00e9s, la Direction d\u00e9partementale de la protection des populations, la Direction d\u00e9partementale des finances publiques et la Direction d\u00e9partementale de l\u2019Agence r\u00e9gionale de sant\u00e9 seront ferm\u00e9s du jeudi 15 au dimanche 18 ao\u00fbt. Ils rouvriront leurs portes lundi 19 ao\u00fbt. \u00ab&nbsp;Tous ces services restent mobilis\u00e9s en cas d\u2019urgence&nbsp;\u00bb, fait savoir la pr\u00e9fecture.<\/p>\n<p>accidentdutravail-idf.net vous a pr\u00e9par\u00e9 ce post qui informe du sujet \u00ab\u00a0Association Sportive Huisson-Longueville Essonne\u00a0\u00bb. La chronique se veut g\u00e9n\u00e9r\u00e9e du mieux possible. Vous pouvez utiliser les coordonn\u00e9es indiqu\u00e9es sur le site dans le but d\u2019apporter des explications sur ce post qui parle du th\u00e8me \u00ab\u00a0Association Sportive Huisson-Longueville Essonne\u00a0\u00bb. Le site accidentdutravail-idf.net a pour but de fournir diverses publications sur la th\u00e9matique Association Sportive Huisson-Longueville Essonne diffus\u00e9es sur le net. Il y aura plusieurs articles autour du sujet \u00ab\u00a0Association Sportive Huisson-Longueville Essonne\u00a0\u00bb dans quelques jours, nous vous invitons \u00e0 naviguer sur notre site web \u00e0 plusieurs reprises.<\/p>\n","protected":false},"excerpt":{"rendered":"<p>Les Jeux termin\u00e9s, c\u2019est l\u2019heure des vacances pour les services de l\u2019\u00c9tat dans les C\u00f4tes-d\u2019Armor. La pr\u00e9fecture \u00e0 Saint-Brieuc, les sous-pr\u00e9fectures de Dinan, Guingamp et Lannion, l\u2019espace France services de Lannion, la Direction d\u00e9partementale des territoires et de la mer, la Direction d\u00e9partementale de l\u2019emploi, du travail et des solidarit\u00e9s, la Direction d\u00e9partementale de la &hellip; <\/p>\n<p class=\"link-more\"><a href=\"https:\/\/www.accidentdutravail-idf.net\/blog\/en-cotes-darmor-les-services-de-letat-seront-fermes-du-15-au-18-aout\/\" class=\"more-link\">Continuer la lecture <span class=\"screen-reader-text\"> \u00ab\u00a0En C\u00f4tes-d\u2019Armor, les services de l\u2019\u00c9tat seront ferm\u00e9s du 15 au 18 ao\u00fbt\u00a0\u00bb<\/span><\/a><\/p>\n","protected":false},"author":2,"featured_media":0,"comment_status":"closed","ping_status":"closed","sticky":false,"template":"","format":"standard","meta":{"footnotes":""},"categories":[5],"tags":[],"class_list":["post-653","post","type-post","status-publish","format-standard","hentry","category-securite-du-travail-en-ile-de-france-et-divers","entry"],"yoast_head":"<!-- This site is optimized with the Yoast SEO plugin v27.5 - https:\/\/yoast.com\/product\/yoast-seo-wordpress\/ -->\n<title>En C\u00f4tes-d\u2019Armor, les services de l\u2019\u00c9tat seront ferm\u00e9s du 15 au 18 ao\u00fbt - ACCIDENTDUTRAVAIL-IDF<\/title>\n<meta name=\"description\" content=\"En C\u00f4tes-d\u2019Armor, les services de l\u2019\u00c9tat seront ferm\u00e9s du 15 au 18 ao\u00fbt article de ACCIDENTDUTRAVAIL-IDF\" \/>\n<meta name=\"robots\" content=\"index, follow, max-snippet:-1, max-image-preview:large, max-video-preview:-1\" \/>\n<link rel=\"canonical\" href=\"https:\/\/www.accidentdutravail-idf.net\/blog\/en-cotes-darmor-les-services-de-letat-seront-fermes-du-15-au-18-aout\/\" \/>\n<meta property=\"og:locale\" content=\"fr_FR\" \/>\n<meta property=\"og:type\" content=\"article\" \/>\n<meta property=\"og:title\" content=\"En C\u00f4tes-d\u2019Armor, les services de l\u2019\u00c9tat seront ferm\u00e9s du 15 au 18 ao\u00fbt - ACCIDENTDUTRAVAIL-IDF\" \/>\n<meta property=\"og:description\" content=\"En C\u00f4tes-d\u2019Armor, les services de l\u2019\u00c9tat seront ferm\u00e9s du 15 au 18 ao\u00fbt article de ACCIDENTDUTRAVAIL-IDF\" \/>\n<meta property=\"og:url\" content=\"https:\/\/www.accidentdutravail-idf.net\/blog\/en-cotes-darmor-les-services-de-letat-seront-fermes-du-15-au-18-aout\/\" \/>\n<meta property=\"og:site_name\" content=\"ACCIDENTDUTRAVAIL-IDF\" \/>\n<meta property=\"article:published_time\" content=\"2024-08-12T10:29:00+00:00\" \/>\n<meta property=\"og:image\" content=\"https:\/\/www.accidentdutravail-idf.net\/blog\/wp-content\/uploads\/2024\/08\/en-cotes-darmor-les-services-de-letat-seront-fermes-du-15-au-18-aout.jpg\" \/>\n<meta name=\"author\" content=\"Carlos Poulain\" \/>\n<meta name=\"twitter:card\" content=\"summary_large_image\" \/>\n<meta name=\"twitter:label1\" content=\"\u00c9crit par\" \/>\n\t<meta name=\"twitter:data1\" content=\"Carlos Poulain\" \/>\n\t<meta name=\"twitter:label2\" content=\"Dur\u00e9e de lecture estim\u00e9e\" \/>\n\t<meta name=\"twitter:data2\" content=\"1 minute\" \/>\n<script type=\"application\/ld+json\" class=\"yoast-schema-graph\">{\"@context\":\"https:\\\/\\\/schema.org\",\"@graph\":[{\"@type\":\"Article\",\"@id\":\"https:\\\/\\\/www.accidentdutravail-idf.net\\\/blog\\\/en-cotes-darmor-les-services-de-letat-seront-fermes-du-15-au-18-aout\\\/#article\",\"isPartOf\":{\"@id\":\"https:\\\/\\\/www.accidentdutravail-idf.net\\\/blog\\\/en-cotes-darmor-les-services-de-letat-seront-fermes-du-15-au-18-aout\\\/\"},\"author\":{\"name\":\"Carlos Poulain\",\"@id\":\"https:\\\/\\\/www.accidentdutravail-idf.net\\\/blog\\\/#\\\/schema\\\/person\\\/3255d2f970de45e64bd9201f38e7b947\"},\"headline\":\"En C\u00f4tes-d\u2019Armor, les services de l\u2019\u00c9tat seront ferm\u00e9s du 15 au 18 ao\u00fbt\",\"datePublished\":\"2024-08-12T10:29:00+00:00\",\"mainEntityOfPage\":{\"@id\":\"https:\\\/\\\/www.accidentdutravail-idf.net\\\/blog\\\/en-cotes-darmor-les-services-de-letat-seront-fermes-du-15-au-18-aout\\\/\"},\"wordCount\":245,\"publisher\":{\"@id\":\"https:\\\/\\\/www.accidentdutravail-idf.net\\\/blog\\\/#organization\"},\"image\":{\"@id\":\"https:\\\/\\\/www.accidentdutravail-idf.net\\\/blog\\\/en-cotes-darmor-les-services-de-letat-seront-fermes-du-15-au-18-aout\\\/#primaryimage\"},\"thumbnailUrl\":\"https:\\\/\\\/www.accidentdutravail-idf.net\\\/blog\\\/wp-content\\\/uploads\\\/2024\\\/08\\\/en-cotes-darmor-les-services-de-letat-seront-fermes-du-15-au-18-aout.jpg\",\"articleSection\":[\"S\u00e9curit\u00e9 Du Travail En Ile-De-France Et Divers:\"],\"inLanguage\":\"fr-FR\"},{\"@type\":\"WebPage\",\"@id\":\"https:\\\/\\\/www.accidentdutravail-idf.net\\\/blog\\\/en-cotes-darmor-les-services-de-letat-seront-fermes-du-15-au-18-aout\\\/\",\"url\":\"https:\\\/\\\/www.accidentdutravail-idf.net\\\/blog\\\/en-cotes-darmor-les-services-de-letat-seront-fermes-du-15-au-18-aout\\\/\",\"name\":\"En C\u00f4tes-d\u2019Armor, les services de l\u2019\u00c9tat seront ferm\u00e9s du 15 au 18 ao\u00fbt - ACCIDENTDUTRAVAIL-IDF\",\"isPartOf\":{\"@id\":\"https:\\\/\\\/www.accidentdutravail-idf.net\\\/blog\\\/#website\"},\"primaryImageOfPage\":{\"@id\":\"https:\\\/\\\/www.accidentdutravail-idf.net\\\/blog\\\/en-cotes-darmor-les-services-de-letat-seront-fermes-du-15-au-18-aout\\\/#primaryimage\"},\"image\":{\"@id\":\"https:\\\/\\\/www.accidentdutravail-idf.net\\\/blog\\\/en-cotes-darmor-les-services-de-letat-seront-fermes-du-15-au-18-aout\\\/#primaryimage\"},\"thumbnailUrl\":\"https:\\\/\\\/www.accidentdutravail-idf.net\\\/blog\\\/wp-content\\\/uploads\\\/2024\\\/08\\\/en-cotes-darmor-les-services-de-letat-seront-fermes-du-15-au-18-aout.jpg\",\"datePublished\":\"2024-08-12T10:29:00+00:00\",\"description\":\"En C\u00f4tes-d\u2019Armor, les services de l\u2019\u00c9tat seront ferm\u00e9s du 15 au 18 ao\u00fbt article de ACCIDENTDUTRAVAIL-IDF\",\"breadcrumb\":{\"@id\":\"https:\\\/\\\/www.accidentdutravail-idf.net\\\/blog\\\/en-cotes-darmor-les-services-de-letat-seront-fermes-du-15-au-18-aout\\\/#breadcrumb\"},\"inLanguage\":\"fr-FR\",\"potentialAction\":[{\"@type\":\"ReadAction\",\"target\":[\"https:\\\/\\\/www.accidentdutravail-idf.net\\\/blog\\\/en-cotes-darmor-les-services-de-letat-seront-fermes-du-15-au-18-aout\\\/\"]}]},{\"@type\":\"ImageObject\",\"inLanguage\":\"fr-FR\",\"@id\":\"https:\\\/\\\/www.accidentdutravail-idf.net\\\/blog\\\/en-cotes-darmor-les-services-de-letat-seront-fermes-du-15-au-18-aout\\\/#primaryimage\",\"url\":\"https:\\\/\\\/www.accidentdutravail-idf.net\\\/blog\\\/wp-content\\\/uploads\\\/2024\\\/08\\\/en-cotes-darmor-les-services-de-letat-seront-fermes-du-15-au-18-aout.jpg\",\"contentUrl\":\"https:\\\/\\\/www.accidentdutravail-idf.net\\\/blog\\\/wp-content\\\/uploads\\\/2024\\\/08\\\/en-cotes-darmor-les-services-de-letat-seront-fermes-du-15-au-18-aout.jpg\"},{\"@type\":\"BreadcrumbList\",\"@id\":\"https:\\\/\\\/www.accidentdutravail-idf.net\\\/blog\\\/en-cotes-darmor-les-services-de-letat-seront-fermes-du-15-au-18-aout\\\/#breadcrumb\",\"itemListElement\":[{\"@type\":\"ListItem\",\"position\":1,\"name\":\"Accueil\",\"item\":\"https:\\\/\\\/www.accidentdutravail-idf.net\\\/blog\\\/\"},{\"@type\":\"ListItem\",\"position\":2,\"name\":\"En C\u00f4tes-d\u2019Armor, les services de l\u2019\u00c9tat seront ferm\u00e9s du 15 au 18 ao\u00fbt\"}]},{\"@type\":\"WebSite\",\"@id\":\"https:\\\/\\\/www.accidentdutravail-idf.net\\\/blog\\\/#website\",\"url\":\"https:\\\/\\\/www.accidentdutravail-idf.net\\\/blog\\\/\",\"name\":\"ACCIDENTDUTRAVAIL-IDF\",\"description\":\"Portail accidents du travail-maladies professionnelles des entreprises d&#039;Ile-de-France\",\"publisher\":{\"@id\":\"https:\\\/\\\/www.accidentdutravail-idf.net\\\/blog\\\/#organization\"},\"potentialAction\":[{\"@type\":\"SearchAction\",\"target\":{\"@type\":\"EntryPoint\",\"urlTemplate\":\"https:\\\/\\\/www.accidentdutravail-idf.net\\\/blog\\\/?s={search_term_string}\"},\"query-input\":{\"@type\":\"PropertyValueSpecification\",\"valueRequired\":true,\"valueName\":\"search_term_string\"}}],\"inLanguage\":\"fr-FR\"},{\"@type\":\"Organization\",\"@id\":\"https:\\\/\\\/www.accidentdutravail-idf.net\\\/blog\\\/#organization\",\"name\":\"accidentdutravail-idf\",\"url\":\"https:\\\/\\\/www.accidentdutravail-idf.net\\\/blog\\\/\",\"logo\":{\"@type\":\"ImageObject\",\"inLanguage\":\"fr-FR\",\"@id\":\"https:\\\/\\\/www.accidentdutravail-idf.net\\\/blog\\\/#\\\/schema\\\/logo\\\/image\\\/\",\"url\":\"https:\\\/\\\/www.accidentdutravail-idf.net\\\/blog\\\/wp-content\\\/uploads\\\/2022\\\/09\\\/logo-2.png\",\"contentUrl\":\"https:\\\/\\\/www.accidentdutravail-idf.net\\\/blog\\\/wp-content\\\/uploads\\\/2022\\\/09\\\/logo-2.png\",\"width\":380,\"height\":291,\"caption\":\"accidentdutravail-idf\"},\"image\":{\"@id\":\"https:\\\/\\\/www.accidentdutravail-idf.net\\\/blog\\\/#\\\/schema\\\/logo\\\/image\\\/\"}},{\"@type\":\"Person\",\"@id\":\"https:\\\/\\\/www.accidentdutravail-idf.net\\\/blog\\\/#\\\/schema\\\/person\\\/3255d2f970de45e64bd9201f38e7b947\",\"name\":\"Carlos Poulain\",\"image\":{\"@type\":\"ImageObject\",\"inLanguage\":\"fr-FR\",\"@id\":\"https:\\\/\\\/secure.gravatar.com\\\/avatar\\\/b1c2f9d3588e34e91adb093635df64ef4b2381991216be7576466cfcdca4baf3?s=96&d=mm&r=g\",\"url\":\"https:\\\/\\\/secure.gravatar.com\\\/avatar\\\/b1c2f9d3588e34e91adb093635df64ef4b2381991216be7576466cfcdca4baf3?s=96&d=mm&r=g\",\"contentUrl\":\"https:\\\/\\\/secure.gravatar.com\\\/avatar\\\/b1c2f9d3588e34e91adb093635df64ef4b2381991216be7576466cfcdca4baf3?s=96&d=mm&r=g\",\"caption\":\"Carlos Poulain\"},\"url\":\"https:\\\/\\\/www.accidentdutravail-idf.net\\\/blog\\\/author\\\/idfcarlos\\\/\"}]}<\/script>\n<!-- \/ Yoast SEO plugin. -->","yoast_head_json":{"title":"En C\u00f4tes-d\u2019Armor, les services de l\u2019\u00c9tat seront ferm\u00e9s du 15 au 18 ao\u00fbt - ACCIDENTDUTRAVAIL-IDF","description":"En C\u00f4tes-d\u2019Armor, les services de l\u2019\u00c9tat seront ferm\u00e9s du 15 au 18 ao\u00fbt article de ACCIDENTDUTRAVAIL-IDF","robots":{"index":"index","follow":"follow","max-snippet":"max-snippet:-1","max-image-preview":"max-image-preview:large","max-video-preview":"max-video-preview:-1"},"canonical":"https:\/\/www.accidentdutravail-idf.net\/blog\/en-cotes-darmor-les-services-de-letat-seront-fermes-du-15-au-18-aout\/","og_locale":"fr_FR","og_type":"article","og_title":"En C\u00f4tes-d\u2019Armor, les services de l\u2019\u00c9tat seront ferm\u00e9s du 15 au 18 ao\u00fbt - ACCIDENTDUTRAVAIL-IDF","og_description":"En C\u00f4tes-d\u2019Armor, les services de l\u2019\u00c9tat seront ferm\u00e9s du 15 au 18 ao\u00fbt article de ACCIDENTDUTRAVAIL-IDF","og_url":"https:\/\/www.accidentdutravail-idf.net\/blog\/en-cotes-darmor-les-services-de-letat-seront-fermes-du-15-au-18-aout\/","og_site_name":"ACCIDENTDUTRAVAIL-IDF","article_published_time":"2024-08-12T10:29:00+00:00","og_image":[{"url":"https:\/\/www.accidentdutravail-idf.net\/blog\/wp-content\/uploads\/2024\/08\/en-cotes-darmor-les-services-de-letat-seront-fermes-du-15-au-18-aout.jpg","type":"","width":"","height":""}],"author":"Carlos Poulain","twitter_card":"summary_large_image","twitter_misc":{"\u00c9crit par":"Carlos Poulain","Dur\u00e9e de lecture estim\u00e9e":"1 minute"},"schema":{"@context":"https:\/\/schema.org","@graph":[{"@type":"Article","@id":"https:\/\/www.accidentdutravail-idf.net\/blog\/en-cotes-darmor-les-services-de-letat-seront-fermes-du-15-au-18-aout\/#article","isPartOf":{"@id":"https:\/\/www.accidentdutravail-idf.net\/blog\/en-cotes-darmor-les-services-de-letat-seront-fermes-du-15-au-18-aout\/"},"author":{"name":"Carlos Poulain","@id":"https:\/\/www.accidentdutravail-idf.net\/blog\/#\/schema\/person\/3255d2f970de45e64bd9201f38e7b947"},"headline":"En C\u00f4tes-d\u2019Armor, les services de l\u2019\u00c9tat seront ferm\u00e9s du 15 au 18 ao\u00fbt","datePublished":"2024-08-12T10:29:00+00:00","mainEntityOfPage":{"@id":"https:\/\/www.accidentdutravail-idf.net\/blog\/en-cotes-darmor-les-services-de-letat-seront-fermes-du-15-au-18-aout\/"},"wordCount":245,"publisher":{"@id":"https:\/\/www.accidentdutravail-idf.net\/blog\/#organization"},"image":{"@id":"https:\/\/www.accidentdutravail-idf.net\/blog\/en-cotes-darmor-les-services-de-letat-seront-fermes-du-15-au-18-aout\/#primaryimage"},"thumbnailUrl":"https:\/\/www.accidentdutravail-idf.net\/blog\/wp-content\/uploads\/2024\/08\/en-cotes-darmor-les-services-de-letat-seront-fermes-du-15-au-18-aout.jpg","articleSection":["S\u00e9curit\u00e9 Du Travail En Ile-De-France Et Divers:"],"inLanguage":"fr-FR"},{"@type":"WebPage","@id":"https:\/\/www.accidentdutravail-idf.net\/blog\/en-cotes-darmor-les-services-de-letat-seront-fermes-du-15-au-18-aout\/","url":"https:\/\/www.accidentdutravail-idf.net\/blog\/en-cotes-darmor-les-services-de-letat-seront-fermes-du-15-au-18-aout\/","name":"En C\u00f4tes-d\u2019Armor, les services de l\u2019\u00c9tat seront ferm\u00e9s du 15 au 18 ao\u00fbt - ACCIDENTDUTRAVAIL-IDF","isPartOf":{"@id":"https:\/\/www.accidentdutravail-idf.net\/blog\/#website"},"primaryImageOfPage":{"@id":"https:\/\/www.accidentdutravail-idf.net\/blog\/en-cotes-darmor-les-services-de-letat-seront-fermes-du-15-au-18-aout\/#primaryimage"},"image":{"@id":"https:\/\/www.accidentdutravail-idf.net\/blog\/en-cotes-darmor-les-services-de-letat-seront-fermes-du-15-au-18-aout\/#primaryimage"},"thumbnailUrl":"https:\/\/www.accidentdutravail-idf.net\/blog\/wp-content\/uploads\/2024\/08\/en-cotes-darmor-les-services-de-letat-seront-fermes-du-15-au-18-aout.jpg","datePublished":"2024-08-12T10:29:00+00:00","description":"En C\u00f4tes-d\u2019Armor, les services de l\u2019\u00c9tat seront ferm\u00e9s du 15 au 18 ao\u00fbt article de ACCIDENTDUTRAVAIL-IDF","breadcrumb":{"@id":"https:\/\/www.accidentdutravail-idf.net\/blog\/en-cotes-darmor-les-services-de-letat-seront-fermes-du-15-au-18-aout\/#breadcrumb"},"inLanguage":"fr-FR","potentialAction":[{"@type":"ReadAction","target":["https:\/\/www.accidentdutravail-idf.net\/blog\/en-cotes-darmor-les-services-de-letat-seront-fermes-du-15-au-18-aout\/"]}]},{"@type":"ImageObject","inLanguage":"fr-FR","@id":"https:\/\/www.accidentdutravail-idf.net\/blog\/en-cotes-darmor-les-services-de-letat-seront-fermes-du-15-au-18-aout\/#primaryimage","url":"https:\/\/www.accidentdutravail-idf.net\/blog\/wp-content\/uploads\/2024\/08\/en-cotes-darmor-les-services-de-letat-seront-fermes-du-15-au-18-aout.jpg","contentUrl":"https:\/\/www.accidentdutravail-idf.net\/blog\/wp-content\/uploads\/2024\/08\/en-cotes-darmor-les-services-de-letat-seront-fermes-du-15-au-18-aout.jpg"},{"@type":"BreadcrumbList","@id":"https:\/\/www.accidentdutravail-idf.net\/blog\/en-cotes-darmor-les-services-de-letat-seront-fermes-du-15-au-18-aout\/#breadcrumb","itemListElement":[{"@type":"ListItem","position":1,"name":"Accueil","item":"https:\/\/www.accidentdutravail-idf.net\/blog\/"},{"@type":"ListItem","position":2,"name":"En C\u00f4tes-d\u2019Armor, les services de l\u2019\u00c9tat seront ferm\u00e9s du 15 au 18 ao\u00fbt"}]},{"@type":"WebSite","@id":"https:\/\/www.accidentdutravail-idf.net\/blog\/#website","url":"https:\/\/www.accidentdutravail-idf.net\/blog\/","name":"ACCIDENTDUTRAVAIL-IDF","description":"Portail accidents du travail-maladies professionnelles des entreprises d&#039;Ile-de-France","publisher":{"@id":"https:\/\/www.accidentdutravail-idf.net\/blog\/#organization"},"potentialAction":[{"@type":"SearchAction","target":{"@type":"EntryPoint","urlTemplate":"https:\/\/www.accidentdutravail-idf.net\/blog\/?s={search_term_string}"},"query-input":{"@type":"PropertyValueSpecification","valueRequired":true,"valueName":"search_term_string"}}],"inLanguage":"fr-FR"},{"@type":"Organization","@id":"https:\/\/www.accidentdutravail-idf.net\/blog\/#organization","name":"accidentdutravail-idf","url":"https:\/\/www.accidentdutravail-idf.net\/blog\/","logo":{"@type":"ImageObject","inLanguage":"fr-FR","@id":"https:\/\/www.accidentdutravail-idf.net\/blog\/#\/schema\/logo\/image\/","url":"https:\/\/www.accidentdutravail-idf.net\/blog\/wp-content\/uploads\/2022\/09\/logo-2.png","contentUrl":"https:\/\/www.accidentdutravail-idf.net\/blog\/wp-content\/uploads\/2022\/09\/logo-2.png","width":380,"height":291,"caption":"accidentdutravail-idf"},"image":{"@id":"https:\/\/www.accidentdutravail-idf.net\/blog\/#\/schema\/logo\/image\/"}},{"@type":"Person","@id":"https:\/\/www.accidentdutravail-idf.net\/blog\/#\/schema\/person\/3255d2f970de45e64bd9201f38e7b947","name":"Carlos Poulain","image":{"@type":"ImageObject","inLanguage":"fr-FR","@id":"https:\/\/secure.gravatar.com\/avatar\/b1c2f9d3588e34e91adb093635df64ef4b2381991216be7576466cfcdca4baf3?s=96&d=mm&r=g","url":"https:\/\/secure.gravatar.com\/avatar\/b1c2f9d3588e34e91adb093635df64ef4b2381991216be7576466cfcdca4baf3?s=96&d=mm&r=g","contentUrl":"https:\/\/secure.gravatar.com\/avatar\/b1c2f9d3588e34e91adb093635df64ef4b2381991216be7576466cfcdca4baf3?s=96&d=mm&r=g","caption":"Carlos Poulain"},"url":"https:\/\/www.accidentdutravail-idf.net\/blog\/author\/idfcarlos\/"}]}},"_links":{"self":[{"href":"https:\/\/www.accidentdutravail-idf.net\/blog\/wp-json\/wp\/v2\/posts\/653","targetHints":{"allow":["GET"]}}],"collection":[{"href":"https:\/\/www.accidentdutravail-idf.net\/blog\/wp-json\/wp\/v2\/posts"}],"about":[{"href":"https:\/\/www.accidentdutravail-idf.net\/blog\/wp-json\/wp\/v2\/types\/post"}],"author":[{"embeddable":true,"href":"https:\/\/www.accidentdutravail-idf.net\/blog\/wp-json\/wp\/v2\/users\/2"}],"replies":[{"embeddable":true,"href":"https:\/\/www.accidentdutravail-idf.net\/blog\/wp-json\/wp\/v2\/comments?post=653"}],"version-history":[{"count":0,"href":"https:\/\/www.accidentdutravail-idf.net\/blog\/wp-json\/wp\/v2\/posts\/653\/revisions"}],"wp:attachment":[{"href":"https:\/\/www.accidentdutravail-idf.net\/blog\/wp-json\/wp\/v2\/media?parent=653"}],"wp:term":[{"taxonomy":"category","embeddable":true,"href":"https:\/\/www.accidentdutravail-idf.net\/blog\/wp-json\/wp\/v2\/categories?post=653"},{"taxonomy":"post_tag","embeddable":true,"href":"https:\/\/www.accidentdutravail-idf.net\/blog\/wp-json\/wp\/v2\/tags?post=653"}],"curies":[{"name":"wp","href":"https:\/\/api.w.org\/{rel}","templated":true}]}}