{"id":650,"date":"2024-08-12T02:24:00","date_gmt":"2024-08-12T00:24:00","guid":{"rendered":"https:\/\/www.accidentdutravail-idf.net\/blog\/jai-reussi-ce-travail-lara-fabian-se-confie-avec-fierte-sur-leducation-de-sa-fille-lou\/"},"modified":"2024-08-12T02:24:00","modified_gmt":"2024-08-12T00:24:00","slug":"jai-reussi-ce-travail-lara-fabian-se-confie-avec-fierte-sur-leducation-de-sa-fille-lou","status":"publish","type":"post","link":"https:\/\/www.accidentdutravail-idf.net\/blog\/jai-reussi-ce-travail-lara-fabian-se-confie-avec-fierte-sur-leducation-de-sa-fille-lou\/","title":{"rendered":"\u00ab\u00a0J\u2019ai r\u00e9ussi ce travail\u00a0\u00bb : Lara Fabian se confie avec fiert\u00e9 sur l\u2019\u00e9ducation de sa fille Lou"},"content":{"rendered":"<div><img decoding=\"async\" src=\"https:\/\/www.accidentdutravail-idf.net\/blog\/wp-content\/uploads\/2024\/08\/jai-reussi-ce-travail-lara-fabian-se-confie-avec-fierte-sur-leducation-de-sa-fille-lou.jpg\" class=\"ff-og-image-inserted\"><\/div>\n<p>C\u2019est en 2007 que Lara Fabian est devenue maman pour <strong>la premi\u00e8re fois d\u2019une petite Lou, fruit de son amour avec G\u00e9rard Pullicino.<\/strong> Si elle n\u2019est plus en couple avec le papa de son enfant, celle qui s\u2019est mari\u00e9e \u00e0 Gabriel di Giorgio depuis plus de 10 ans, est une m\u00e8re heureuse. En effet, pour nos confr\u00e8res de T\u00e9l\u00e9 7 jours, la chanteuse est revenue sur les points communs qu\u2019elle partage avec Lou qui va f\u00eater ses 17 ans : <strong><em>\u00ab\u00a0J&rsquo;ai confiance en elle. Comme moi, elle a h\u00e9rit\u00e9 de l&rsquo;univers artistique dans lequel elle a toujours baign\u00e9. Elle chante, joue du piano, de la guitare, mais je sais qu&rsquo;elle utilisera sa voix autrement\u201d,<\/em><\/strong> a alors confi\u00e9 l\u2019artiste.<\/p>\n<h2>Lara Fabian se f\u00e9licite pour l&rsquo;\u00e9ducation donn\u00e9e \u00e0 sa fille Lou<\/h2>\n<p>Et c\u2019est avec beaucoup de fiert\u00e9 que Lara Fabian reconna\u00eet ainsi les qualit\u00e9s et les valeurs de sa fille : \u00ab\u00a0<em>Lou est cent fois meilleure et plus forte que moi. Elle est plus d\u00e9tach\u00e9e. Parce que je l&rsquo;ai \u00e9duqu\u00e9e en ce sens. Je lui ai appris \u00e0 distinguer ce que nous sommes de ce que les autres pensent. J&rsquo;ai r\u00e9ussi ce travail, <strong>mais ce fut p\u00e9rilleux, car elle \u00e9tait partie pour \u00eatre comme sa m\u00e8re !\u00a0\u00bb.<\/strong><\/em> Ce n\u2019est pas la premi\u00e8re fois que la chanteuse \u00e9voque tous les talents de son enfant. En effet, lors de son interview pour 50\u2019Inside, elle \u00e9tait ravie de pouvoir partager les domaines de pr\u00e9dilection de sa fille.<\/p>\n<h2>Ses confidences touchantes sur les talents de son enfant<\/h2>\n<p>Des passions qu\u2019elle a su lui transmettre : <em>\u201cElle est (&#8230;)<\/em><\/p>\n<p><a href=\"https:\/\/www.closermag.fr\/people\/jai-reussi-ce-travail-lara-fabian-se-confie-avec-fierte-sur-leducation-de-sa-fille-lou-3465697\" rel=\"nofollow noopener\" target=\"_blank\" data-ylk=\"slk:Lire la suite sur Closer;elm:context_link;itc:0;sec:content-canvas\" class=\"link \">Lire la suite sur Closer<\/a><\/p>\n<p><a href=\"https:\/\/www.closermag.fr\/royautes\/kate-et-william-le-couple-a-brise-le-protocole-royal-une-reponse-aux-graves-accusations-du-prince-harry-3377563\" rel=\"nofollow noopener\" target=\"_blank\" data-ylk=\"slk:Kate et William : le couple a bris\u00e9 le protocole royal, une r\u00e9ponse aux graves accusations du prince Harry ?;elm:context_link;itc:0;sec:content-canvas\" class=\"link \">Kate et William : le couple a bris\u00e9 le protocole royal, une r\u00e9ponse aux graves accusations du prince Harry ?<\/a><br \/><a href=\"https:\/\/www.closermag.fr\/psycho_sexo\/quest-ce-qui-accelere-la-menopause-3465763\" rel=\"nofollow noopener\" target=\"_blank\" data-ylk=\"slk:Qu'est-ce-qui acc\u00e9l\u00e8re la m\u00e9nopause ?;elm:context_link;itc:0;sec:content-canvas\" class=\"link \">Qu&rsquo;est-ce-qui acc\u00e9l\u00e8re la m\u00e9nopause ?<\/a><br \/><a href=\"https:\/\/www.closermag.fr\/royautes\/kate-et-william-leducation-controversee-quil-donne-a-george-charlotte-et-louis-est-pourtant-la-meilleure-possible-3465853\" rel=\"nofollow noopener\" target=\"_blank\" data-ylk=\"slk:Kate et William : l\u2019\u00e9ducation controvers\u00e9e qu\u2019ils donnent \u00e0 George, Charlotte et Louis est pourtant la meilleure possible;elm:context_link;itc:0;sec:content-canvas\" class=\"link \">Kate et William : l\u2019\u00e9ducation controvers\u00e9e qu\u2019ils donnent \u00e0 George, Charlotte et Louis est pourtant la meilleure possible<\/a><br \/><a href=\"https:\/\/www.closermag.fr\/vecu\/isere-scene-dhorreur-une-femme-de-64-ans-poignardee-au-visage-par-son-fils-de-22-ans-3465840\" rel=\"nofollow noopener\" target=\"_blank\" data-ylk=\"slk:Is\u00e8re : sc\u00e8ne d\u2019horreur, une femme de 64 ans poignard\u00e9e au visage par son fils de 22 ans;elm:context_link;itc:0;sec:content-canvas\" class=\"link \">Is\u00e8re : sc\u00e8ne d\u2019horreur, une femme de 64 ans poignard\u00e9e au visage par son fils de 22 ans<\/a><br \/><a href=\"https:\/\/www.closermag.fr\/vecu\/ses-medecins-pensent-quil-est-anxieux-un-homme-de-28-ans-souffre-dune-maladie-mortelle-3449127\" rel=\"nofollow noopener\" target=\"_blank\" data-ylk=\"slk:Ses m\u00e9decins pensent qu'il est anxieux, un homme de 28 ans souffre d'une maladie mortelle;elm:context_link;itc:0;sec:content-canvas\" class=\"link \">Ses m\u00e9decins pensent qu&rsquo;il est anxieux, un homme de 28 ans souffre d&rsquo;une maladie mortelle<\/a><\/p>\n<p>accidentdutravail-idf.net vous a pr\u00e9par\u00e9 ce post qui informe du sujet \u00ab\u00a0Association Sportive Huisson-Longueville Essonne\u00a0\u00bb. La chronique se veut g\u00e9n\u00e9r\u00e9e du mieux possible. Vous pouvez utiliser les coordonn\u00e9es indiqu\u00e9es sur le site dans le but d\u2019apporter des explications sur ce post qui parle du th\u00e8me \u00ab\u00a0Association Sportive Huisson-Longueville Essonne\u00a0\u00bb. Le site accidentdutravail-idf.net a pour but de fournir diverses publications sur la th\u00e9matique Association Sportive Huisson-Longueville Essonne diffus\u00e9es sur le net. Il y aura plusieurs articles autour du sujet \u00ab\u00a0Association Sportive Huisson-Longueville Essonne\u00a0\u00bb dans quelques jours, nous vous invitons \u00e0 naviguer sur notre site web \u00e0 plusieurs reprises.<\/p>\n","protected":false},"excerpt":{"rendered":"<p>C\u2019est en 2007 que Lara Fabian est devenue maman pour la premi\u00e8re fois d\u2019une petite Lou, fruit de son amour avec G\u00e9rard Pullicino. Si elle n\u2019est plus en couple avec le papa de son enfant, celle qui s\u2019est mari\u00e9e \u00e0 Gabriel di Giorgio depuis plus de 10 ans, est une m\u00e8re heureuse. En effet, pour &hellip; <\/p>\n<p class=\"link-more\"><a href=\"https:\/\/www.accidentdutravail-idf.net\/blog\/jai-reussi-ce-travail-lara-fabian-se-confie-avec-fierte-sur-leducation-de-sa-fille-lou\/\" class=\"more-link\">Continuer la lecture <span class=\"screen-reader-text\"> \u00ab\u00a0\u00ab\u00a0J\u2019ai r\u00e9ussi ce travail\u00a0\u00bb : Lara Fabian se confie avec fiert\u00e9 sur l\u2019\u00e9ducation de sa fille Lou\u00a0\u00bb<\/span><\/a><\/p>\n","protected":false},"author":2,"featured_media":0,"comment_status":"closed","ping_status":"closed","sticky":false,"template":"","format":"standard","meta":{"footnotes":""},"categories":[5],"tags":[],"class_list":["post-650","post","type-post","status-publish","format-standard","hentry","category-securite-du-travail-en-ile-de-france-et-divers","entry"],"yoast_head":"<!-- This site is optimized with the Yoast SEO plugin v27.5 - https:\/\/yoast.com\/product\/yoast-seo-wordpress\/ -->\n<title>&quot;J\u2019ai r\u00e9ussi ce travail&quot; : Lara Fabian se confie avec fiert\u00e9 sur l\u2019\u00e9ducation de sa fille Lou - ACCIDENTDUTRAVAIL-IDF<\/title>\n<meta name=\"description\" content=\"&quot;J\u2019ai r\u00e9ussi ce travail&quot; : Lara Fabian se confie avec fiert\u00e9 sur l\u2019\u00e9ducation de sa fille Lou article de ACCIDENTDUTRAVAIL-IDF\" \/>\n<meta name=\"robots\" content=\"index, follow, max-snippet:-1, max-image-preview:large, max-video-preview:-1\" \/>\n<link rel=\"canonical\" href=\"https:\/\/www.accidentdutravail-idf.net\/blog\/jai-reussi-ce-travail-lara-fabian-se-confie-avec-fierte-sur-leducation-de-sa-fille-lou\/\" \/>\n<meta property=\"og:locale\" content=\"fr_FR\" \/>\n<meta property=\"og:type\" content=\"article\" \/>\n<meta property=\"og:title\" content=\"&quot;J\u2019ai r\u00e9ussi ce travail&quot; : Lara Fabian se confie avec fiert\u00e9 sur l\u2019\u00e9ducation de sa fille Lou - ACCIDENTDUTRAVAIL-IDF\" \/>\n<meta property=\"og:description\" content=\"&quot;J\u2019ai r\u00e9ussi ce travail&quot; : Lara Fabian se confie avec fiert\u00e9 sur l\u2019\u00e9ducation de sa fille Lou article de ACCIDENTDUTRAVAIL-IDF\" \/>\n<meta property=\"og:url\" content=\"https:\/\/www.accidentdutravail-idf.net\/blog\/jai-reussi-ce-travail-lara-fabian-se-confie-avec-fierte-sur-leducation-de-sa-fille-lou\/\" \/>\n<meta property=\"og:site_name\" content=\"ACCIDENTDUTRAVAIL-IDF\" \/>\n<meta property=\"article:published_time\" content=\"2024-08-12T00:24:00+00:00\" \/>\n<meta property=\"og:image\" content=\"https:\/\/www.accidentdutravail-idf.net\/blog\/wp-content\/uploads\/2024\/08\/jai-reussi-ce-travail-lara-fabian-se-confie-avec-fierte-sur-leducation-de-sa-fille-lou.jpg\" \/>\n<meta name=\"author\" content=\"Carlos Poulain\" \/>\n<meta name=\"twitter:card\" content=\"summary_large_image\" \/>\n<meta name=\"twitter:label1\" content=\"\u00c9crit par\" \/>\n\t<meta name=\"twitter:data1\" content=\"Carlos Poulain\" \/>\n\t<meta name=\"twitter:label2\" content=\"Dur\u00e9e de lecture estim\u00e9e\" \/>\n\t<meta name=\"twitter:data2\" content=\"2 minutes\" \/>\n<script type=\"application\/ld+json\" class=\"yoast-schema-graph\">{\"@context\":\"https:\\\/\\\/schema.org\",\"@graph\":[{\"@type\":\"Article\",\"@id\":\"https:\\\/\\\/www.accidentdutravail-idf.net\\\/blog\\\/jai-reussi-ce-travail-lara-fabian-se-confie-avec-fierte-sur-leducation-de-sa-fille-lou\\\/#article\",\"isPartOf\":{\"@id\":\"https:\\\/\\\/www.accidentdutravail-idf.net\\\/blog\\\/jai-reussi-ce-travail-lara-fabian-se-confie-avec-fierte-sur-leducation-de-sa-fille-lou\\\/\"},\"author\":{\"name\":\"Carlos Poulain\",\"@id\":\"https:\\\/\\\/www.accidentdutravail-idf.net\\\/blog\\\/#\\\/schema\\\/person\\\/3255d2f970de45e64bd9201f38e7b947\"},\"headline\":\"\u00ab\u00a0J\u2019ai r\u00e9ussi ce travail\u00a0\u00bb : Lara Fabian se confie avec fiert\u00e9 sur l\u2019\u00e9ducation de sa fille Lou\",\"datePublished\":\"2024-08-12T00:24:00+00:00\",\"mainEntityOfPage\":{\"@id\":\"https:\\\/\\\/www.accidentdutravail-idf.net\\\/blog\\\/jai-reussi-ce-travail-lara-fabian-se-confie-avec-fierte-sur-leducation-de-sa-fille-lou\\\/\"},\"wordCount\":489,\"publisher\":{\"@id\":\"https:\\\/\\\/www.accidentdutravail-idf.net\\\/blog\\\/#organization\"},\"image\":{\"@id\":\"https:\\\/\\\/www.accidentdutravail-idf.net\\\/blog\\\/jai-reussi-ce-travail-lara-fabian-se-confie-avec-fierte-sur-leducation-de-sa-fille-lou\\\/#primaryimage\"},\"thumbnailUrl\":\"https:\\\/\\\/www.accidentdutravail-idf.net\\\/blog\\\/wp-content\\\/uploads\\\/2024\\\/08\\\/jai-reussi-ce-travail-lara-fabian-se-confie-avec-fierte-sur-leducation-de-sa-fille-lou.jpg\",\"articleSection\":[\"S\u00e9curit\u00e9 Du Travail En Ile-De-France Et Divers:\"],\"inLanguage\":\"fr-FR\"},{\"@type\":\"WebPage\",\"@id\":\"https:\\\/\\\/www.accidentdutravail-idf.net\\\/blog\\\/jai-reussi-ce-travail-lara-fabian-se-confie-avec-fierte-sur-leducation-de-sa-fille-lou\\\/\",\"url\":\"https:\\\/\\\/www.accidentdutravail-idf.net\\\/blog\\\/jai-reussi-ce-travail-lara-fabian-se-confie-avec-fierte-sur-leducation-de-sa-fille-lou\\\/\",\"name\":\"\\\"J\u2019ai r\u00e9ussi ce travail\\\" : Lara Fabian se confie avec fiert\u00e9 sur l\u2019\u00e9ducation de sa fille Lou - ACCIDENTDUTRAVAIL-IDF\",\"isPartOf\":{\"@id\":\"https:\\\/\\\/www.accidentdutravail-idf.net\\\/blog\\\/#website\"},\"primaryImageOfPage\":{\"@id\":\"https:\\\/\\\/www.accidentdutravail-idf.net\\\/blog\\\/jai-reussi-ce-travail-lara-fabian-se-confie-avec-fierte-sur-leducation-de-sa-fille-lou\\\/#primaryimage\"},\"image\":{\"@id\":\"https:\\\/\\\/www.accidentdutravail-idf.net\\\/blog\\\/jai-reussi-ce-travail-lara-fabian-se-confie-avec-fierte-sur-leducation-de-sa-fille-lou\\\/#primaryimage\"},\"thumbnailUrl\":\"https:\\\/\\\/www.accidentdutravail-idf.net\\\/blog\\\/wp-content\\\/uploads\\\/2024\\\/08\\\/jai-reussi-ce-travail-lara-fabian-se-confie-avec-fierte-sur-leducation-de-sa-fille-lou.jpg\",\"datePublished\":\"2024-08-12T00:24:00+00:00\",\"description\":\"\\\"J\u2019ai r\u00e9ussi ce travail\\\" : Lara Fabian se confie avec fiert\u00e9 sur l\u2019\u00e9ducation de sa fille Lou article de ACCIDENTDUTRAVAIL-IDF\",\"breadcrumb\":{\"@id\":\"https:\\\/\\\/www.accidentdutravail-idf.net\\\/blog\\\/jai-reussi-ce-travail-lara-fabian-se-confie-avec-fierte-sur-leducation-de-sa-fille-lou\\\/#breadcrumb\"},\"inLanguage\":\"fr-FR\",\"potentialAction\":[{\"@type\":\"ReadAction\",\"target\":[\"https:\\\/\\\/www.accidentdutravail-idf.net\\\/blog\\\/jai-reussi-ce-travail-lara-fabian-se-confie-avec-fierte-sur-leducation-de-sa-fille-lou\\\/\"]}]},{\"@type\":\"ImageObject\",\"inLanguage\":\"fr-FR\",\"@id\":\"https:\\\/\\\/www.accidentdutravail-idf.net\\\/blog\\\/jai-reussi-ce-travail-lara-fabian-se-confie-avec-fierte-sur-leducation-de-sa-fille-lou\\\/#primaryimage\",\"url\":\"https:\\\/\\\/www.accidentdutravail-idf.net\\\/blog\\\/wp-content\\\/uploads\\\/2024\\\/08\\\/jai-reussi-ce-travail-lara-fabian-se-confie-avec-fierte-sur-leducation-de-sa-fille-lou.jpg\",\"contentUrl\":\"https:\\\/\\\/www.accidentdutravail-idf.net\\\/blog\\\/wp-content\\\/uploads\\\/2024\\\/08\\\/jai-reussi-ce-travail-lara-fabian-se-confie-avec-fierte-sur-leducation-de-sa-fille-lou.jpg\"},{\"@type\":\"BreadcrumbList\",\"@id\":\"https:\\\/\\\/www.accidentdutravail-idf.net\\\/blog\\\/jai-reussi-ce-travail-lara-fabian-se-confie-avec-fierte-sur-leducation-de-sa-fille-lou\\\/#breadcrumb\",\"itemListElement\":[{\"@type\":\"ListItem\",\"position\":1,\"name\":\"Accueil\",\"item\":\"https:\\\/\\\/www.accidentdutravail-idf.net\\\/blog\\\/\"},{\"@type\":\"ListItem\",\"position\":2,\"name\":\"\u00ab\u00a0J\u2019ai r\u00e9ussi ce travail\u00a0\u00bb : Lara Fabian se confie avec fiert\u00e9 sur l\u2019\u00e9ducation de sa fille Lou\"}]},{\"@type\":\"WebSite\",\"@id\":\"https:\\\/\\\/www.accidentdutravail-idf.net\\\/blog\\\/#website\",\"url\":\"https:\\\/\\\/www.accidentdutravail-idf.net\\\/blog\\\/\",\"name\":\"ACCIDENTDUTRAVAIL-IDF\",\"description\":\"Portail accidents du travail-maladies professionnelles des entreprises d&#039;Ile-de-France\",\"publisher\":{\"@id\":\"https:\\\/\\\/www.accidentdutravail-idf.net\\\/blog\\\/#organization\"},\"potentialAction\":[{\"@type\":\"SearchAction\",\"target\":{\"@type\":\"EntryPoint\",\"urlTemplate\":\"https:\\\/\\\/www.accidentdutravail-idf.net\\\/blog\\\/?s={search_term_string}\"},\"query-input\":{\"@type\":\"PropertyValueSpecification\",\"valueRequired\":true,\"valueName\":\"search_term_string\"}}],\"inLanguage\":\"fr-FR\"},{\"@type\":\"Organization\",\"@id\":\"https:\\\/\\\/www.accidentdutravail-idf.net\\\/blog\\\/#organization\",\"name\":\"accidentdutravail-idf\",\"url\":\"https:\\\/\\\/www.accidentdutravail-idf.net\\\/blog\\\/\",\"logo\":{\"@type\":\"ImageObject\",\"inLanguage\":\"fr-FR\",\"@id\":\"https:\\\/\\\/www.accidentdutravail-idf.net\\\/blog\\\/#\\\/schema\\\/logo\\\/image\\\/\",\"url\":\"https:\\\/\\\/www.accidentdutravail-idf.net\\\/blog\\\/wp-content\\\/uploads\\\/2022\\\/09\\\/logo-2.png\",\"contentUrl\":\"https:\\\/\\\/www.accidentdutravail-idf.net\\\/blog\\\/wp-content\\\/uploads\\\/2022\\\/09\\\/logo-2.png\",\"width\":380,\"height\":291,\"caption\":\"accidentdutravail-idf\"},\"image\":{\"@id\":\"https:\\\/\\\/www.accidentdutravail-idf.net\\\/blog\\\/#\\\/schema\\\/logo\\\/image\\\/\"}},{\"@type\":\"Person\",\"@id\":\"https:\\\/\\\/www.accidentdutravail-idf.net\\\/blog\\\/#\\\/schema\\\/person\\\/3255d2f970de45e64bd9201f38e7b947\",\"name\":\"Carlos Poulain\",\"image\":{\"@type\":\"ImageObject\",\"inLanguage\":\"fr-FR\",\"@id\":\"https:\\\/\\\/secure.gravatar.com\\\/avatar\\\/b1c2f9d3588e34e91adb093635df64ef4b2381991216be7576466cfcdca4baf3?s=96&d=mm&r=g\",\"url\":\"https:\\\/\\\/secure.gravatar.com\\\/avatar\\\/b1c2f9d3588e34e91adb093635df64ef4b2381991216be7576466cfcdca4baf3?s=96&d=mm&r=g\",\"contentUrl\":\"https:\\\/\\\/secure.gravatar.com\\\/avatar\\\/b1c2f9d3588e34e91adb093635df64ef4b2381991216be7576466cfcdca4baf3?s=96&d=mm&r=g\",\"caption\":\"Carlos Poulain\"},\"url\":\"https:\\\/\\\/www.accidentdutravail-idf.net\\\/blog\\\/author\\\/idfcarlos\\\/\"}]}<\/script>\n<!-- \/ Yoast SEO plugin. -->","yoast_head_json":{"title":"\"J\u2019ai r\u00e9ussi ce travail\" : Lara Fabian se confie avec fiert\u00e9 sur l\u2019\u00e9ducation de sa fille Lou - ACCIDENTDUTRAVAIL-IDF","description":"\"J\u2019ai r\u00e9ussi ce travail\" : Lara Fabian se confie avec fiert\u00e9 sur l\u2019\u00e9ducation de sa fille Lou article de ACCIDENTDUTRAVAIL-IDF","robots":{"index":"index","follow":"follow","max-snippet":"max-snippet:-1","max-image-preview":"max-image-preview:large","max-video-preview":"max-video-preview:-1"},"canonical":"https:\/\/www.accidentdutravail-idf.net\/blog\/jai-reussi-ce-travail-lara-fabian-se-confie-avec-fierte-sur-leducation-de-sa-fille-lou\/","og_locale":"fr_FR","og_type":"article","og_title":"\"J\u2019ai r\u00e9ussi ce travail\" : Lara Fabian se confie avec fiert\u00e9 sur l\u2019\u00e9ducation de sa fille Lou - ACCIDENTDUTRAVAIL-IDF","og_description":"\"J\u2019ai r\u00e9ussi ce travail\" : Lara Fabian se confie avec fiert\u00e9 sur l\u2019\u00e9ducation de sa fille Lou article de ACCIDENTDUTRAVAIL-IDF","og_url":"https:\/\/www.accidentdutravail-idf.net\/blog\/jai-reussi-ce-travail-lara-fabian-se-confie-avec-fierte-sur-leducation-de-sa-fille-lou\/","og_site_name":"ACCIDENTDUTRAVAIL-IDF","article_published_time":"2024-08-12T00:24:00+00:00","og_image":[{"url":"https:\/\/www.accidentdutravail-idf.net\/blog\/wp-content\/uploads\/2024\/08\/jai-reussi-ce-travail-lara-fabian-se-confie-avec-fierte-sur-leducation-de-sa-fille-lou.jpg","type":"","width":"","height":""}],"author":"Carlos Poulain","twitter_card":"summary_large_image","twitter_misc":{"\u00c9crit par":"Carlos Poulain","Dur\u00e9e de lecture estim\u00e9e":"2 minutes"},"schema":{"@context":"https:\/\/schema.org","@graph":[{"@type":"Article","@id":"https:\/\/www.accidentdutravail-idf.net\/blog\/jai-reussi-ce-travail-lara-fabian-se-confie-avec-fierte-sur-leducation-de-sa-fille-lou\/#article","isPartOf":{"@id":"https:\/\/www.accidentdutravail-idf.net\/blog\/jai-reussi-ce-travail-lara-fabian-se-confie-avec-fierte-sur-leducation-de-sa-fille-lou\/"},"author":{"name":"Carlos Poulain","@id":"https:\/\/www.accidentdutravail-idf.net\/blog\/#\/schema\/person\/3255d2f970de45e64bd9201f38e7b947"},"headline":"\u00ab\u00a0J\u2019ai r\u00e9ussi ce travail\u00a0\u00bb : Lara Fabian se confie avec fiert\u00e9 sur l\u2019\u00e9ducation de sa fille Lou","datePublished":"2024-08-12T00:24:00+00:00","mainEntityOfPage":{"@id":"https:\/\/www.accidentdutravail-idf.net\/blog\/jai-reussi-ce-travail-lara-fabian-se-confie-avec-fierte-sur-leducation-de-sa-fille-lou\/"},"wordCount":489,"publisher":{"@id":"https:\/\/www.accidentdutravail-idf.net\/blog\/#organization"},"image":{"@id":"https:\/\/www.accidentdutravail-idf.net\/blog\/jai-reussi-ce-travail-lara-fabian-se-confie-avec-fierte-sur-leducation-de-sa-fille-lou\/#primaryimage"},"thumbnailUrl":"https:\/\/www.accidentdutravail-idf.net\/blog\/wp-content\/uploads\/2024\/08\/jai-reussi-ce-travail-lara-fabian-se-confie-avec-fierte-sur-leducation-de-sa-fille-lou.jpg","articleSection":["S\u00e9curit\u00e9 Du Travail En Ile-De-France Et Divers:"],"inLanguage":"fr-FR"},{"@type":"WebPage","@id":"https:\/\/www.accidentdutravail-idf.net\/blog\/jai-reussi-ce-travail-lara-fabian-se-confie-avec-fierte-sur-leducation-de-sa-fille-lou\/","url":"https:\/\/www.accidentdutravail-idf.net\/blog\/jai-reussi-ce-travail-lara-fabian-se-confie-avec-fierte-sur-leducation-de-sa-fille-lou\/","name":"\"J\u2019ai r\u00e9ussi ce travail\" : Lara Fabian se confie avec fiert\u00e9 sur l\u2019\u00e9ducation de sa fille Lou - ACCIDENTDUTRAVAIL-IDF","isPartOf":{"@id":"https:\/\/www.accidentdutravail-idf.net\/blog\/#website"},"primaryImageOfPage":{"@id":"https:\/\/www.accidentdutravail-idf.net\/blog\/jai-reussi-ce-travail-lara-fabian-se-confie-avec-fierte-sur-leducation-de-sa-fille-lou\/#primaryimage"},"image":{"@id":"https:\/\/www.accidentdutravail-idf.net\/blog\/jai-reussi-ce-travail-lara-fabian-se-confie-avec-fierte-sur-leducation-de-sa-fille-lou\/#primaryimage"},"thumbnailUrl":"https:\/\/www.accidentdutravail-idf.net\/blog\/wp-content\/uploads\/2024\/08\/jai-reussi-ce-travail-lara-fabian-se-confie-avec-fierte-sur-leducation-de-sa-fille-lou.jpg","datePublished":"2024-08-12T00:24:00+00:00","description":"\"J\u2019ai r\u00e9ussi ce travail\" : Lara Fabian se confie avec fiert\u00e9 sur l\u2019\u00e9ducation de sa fille Lou article de ACCIDENTDUTRAVAIL-IDF","breadcrumb":{"@id":"https:\/\/www.accidentdutravail-idf.net\/blog\/jai-reussi-ce-travail-lara-fabian-se-confie-avec-fierte-sur-leducation-de-sa-fille-lou\/#breadcrumb"},"inLanguage":"fr-FR","potentialAction":[{"@type":"ReadAction","target":["https:\/\/www.accidentdutravail-idf.net\/blog\/jai-reussi-ce-travail-lara-fabian-se-confie-avec-fierte-sur-leducation-de-sa-fille-lou\/"]}]},{"@type":"ImageObject","inLanguage":"fr-FR","@id":"https:\/\/www.accidentdutravail-idf.net\/blog\/jai-reussi-ce-travail-lara-fabian-se-confie-avec-fierte-sur-leducation-de-sa-fille-lou\/#primaryimage","url":"https:\/\/www.accidentdutravail-idf.net\/blog\/wp-content\/uploads\/2024\/08\/jai-reussi-ce-travail-lara-fabian-se-confie-avec-fierte-sur-leducation-de-sa-fille-lou.jpg","contentUrl":"https:\/\/www.accidentdutravail-idf.net\/blog\/wp-content\/uploads\/2024\/08\/jai-reussi-ce-travail-lara-fabian-se-confie-avec-fierte-sur-leducation-de-sa-fille-lou.jpg"},{"@type":"BreadcrumbList","@id":"https:\/\/www.accidentdutravail-idf.net\/blog\/jai-reussi-ce-travail-lara-fabian-se-confie-avec-fierte-sur-leducation-de-sa-fille-lou\/#breadcrumb","itemListElement":[{"@type":"ListItem","position":1,"name":"Accueil","item":"https:\/\/www.accidentdutravail-idf.net\/blog\/"},{"@type":"ListItem","position":2,"name":"\u00ab\u00a0J\u2019ai r\u00e9ussi ce travail\u00a0\u00bb : Lara Fabian se confie avec fiert\u00e9 sur l\u2019\u00e9ducation de sa fille Lou"}]},{"@type":"WebSite","@id":"https:\/\/www.accidentdutravail-idf.net\/blog\/#website","url":"https:\/\/www.accidentdutravail-idf.net\/blog\/","name":"ACCIDENTDUTRAVAIL-IDF","description":"Portail accidents du travail-maladies professionnelles des entreprises d&#039;Ile-de-France","publisher":{"@id":"https:\/\/www.accidentdutravail-idf.net\/blog\/#organization"},"potentialAction":[{"@type":"SearchAction","target":{"@type":"EntryPoint","urlTemplate":"https:\/\/www.accidentdutravail-idf.net\/blog\/?s={search_term_string}"},"query-input":{"@type":"PropertyValueSpecification","valueRequired":true,"valueName":"search_term_string"}}],"inLanguage":"fr-FR"},{"@type":"Organization","@id":"https:\/\/www.accidentdutravail-idf.net\/blog\/#organization","name":"accidentdutravail-idf","url":"https:\/\/www.accidentdutravail-idf.net\/blog\/","logo":{"@type":"ImageObject","inLanguage":"fr-FR","@id":"https:\/\/www.accidentdutravail-idf.net\/blog\/#\/schema\/logo\/image\/","url":"https:\/\/www.accidentdutravail-idf.net\/blog\/wp-content\/uploads\/2022\/09\/logo-2.png","contentUrl":"https:\/\/www.accidentdutravail-idf.net\/blog\/wp-content\/uploads\/2022\/09\/logo-2.png","width":380,"height":291,"caption":"accidentdutravail-idf"},"image":{"@id":"https:\/\/www.accidentdutravail-idf.net\/blog\/#\/schema\/logo\/image\/"}},{"@type":"Person","@id":"https:\/\/www.accidentdutravail-idf.net\/blog\/#\/schema\/person\/3255d2f970de45e64bd9201f38e7b947","name":"Carlos Poulain","image":{"@type":"ImageObject","inLanguage":"fr-FR","@id":"https:\/\/secure.gravatar.com\/avatar\/b1c2f9d3588e34e91adb093635df64ef4b2381991216be7576466cfcdca4baf3?s=96&d=mm&r=g","url":"https:\/\/secure.gravatar.com\/avatar\/b1c2f9d3588e34e91adb093635df64ef4b2381991216be7576466cfcdca4baf3?s=96&d=mm&r=g","contentUrl":"https:\/\/secure.gravatar.com\/avatar\/b1c2f9d3588e34e91adb093635df64ef4b2381991216be7576466cfcdca4baf3?s=96&d=mm&r=g","caption":"Carlos Poulain"},"url":"https:\/\/www.accidentdutravail-idf.net\/blog\/author\/idfcarlos\/"}]}},"_links":{"self":[{"href":"https:\/\/www.accidentdutravail-idf.net\/blog\/wp-json\/wp\/v2\/posts\/650","targetHints":{"allow":["GET"]}}],"collection":[{"href":"https:\/\/www.accidentdutravail-idf.net\/blog\/wp-json\/wp\/v2\/posts"}],"about":[{"href":"https:\/\/www.accidentdutravail-idf.net\/blog\/wp-json\/wp\/v2\/types\/post"}],"author":[{"embeddable":true,"href":"https:\/\/www.accidentdutravail-idf.net\/blog\/wp-json\/wp\/v2\/users\/2"}],"replies":[{"embeddable":true,"href":"https:\/\/www.accidentdutravail-idf.net\/blog\/wp-json\/wp\/v2\/comments?post=650"}],"version-history":[{"count":0,"href":"https:\/\/www.accidentdutravail-idf.net\/blog\/wp-json\/wp\/v2\/posts\/650\/revisions"}],"wp:attachment":[{"href":"https:\/\/www.accidentdutravail-idf.net\/blog\/wp-json\/wp\/v2\/media?parent=650"}],"wp:term":[{"taxonomy":"category","embeddable":true,"href":"https:\/\/www.accidentdutravail-idf.net\/blog\/wp-json\/wp\/v2\/categories?post=650"},{"taxonomy":"post_tag","embeddable":true,"href":"https:\/\/www.accidentdutravail-idf.net\/blog\/wp-json\/wp\/v2\/tags?post=650"}],"curies":[{"name":"wp","href":"https:\/\/api.w.org\/{rel}","templated":true}]}}