{"id":647,"date":"2024-08-10T17:39:00","date_gmt":"2024-08-10T15:39:00","guid":{"rendered":"https:\/\/www.accidentdutravail-idf.net\/blog\/crash-dun-avion-au-bresil-apres-la-recuperation-des-corps-le-travail-didentification-des-62-victimes-commence\/"},"modified":"2024-08-10T17:39:00","modified_gmt":"2024-08-10T15:39:00","slug":"crash-dun-avion-au-bresil-apres-la-recuperation-des-corps-le-travail-didentification-des-62-victimes-commence","status":"publish","type":"post","link":"https:\/\/www.accidentdutravail-idf.net\/blog\/crash-dun-avion-au-bresil-apres-la-recuperation-des-corps-le-travail-didentification-des-62-victimes-commence\/","title":{"rendered":"Crash d\u2019un avion au Br\u00e9sil : apr\u00e8s la r\u00e9cup\u00e9ration des corps, le travail d\u2019identification des 62 victimes commence"},"content":{"rendered":"<figure class=\"article__media\">   <img decoding=\"async\" src=\"https:\/\/www.accidentdutravail-idf.net\/blog\/wp-content\/uploads\/2024\/08\/crash-dun-avion-au-bresil-apres-la-recuperation-des-corps-le-travail-didentification-des-62-victimes-commence.jpg\" alt=\"Des pompiers et des \u00e9quipes de secours interviennent sur le site o\u00f9 un avion s\u2019est \u00e9cras\u00e9 le 9&nbsp;ao\u00fbt&nbsp;2024&nbsp;\u00e0 Vinhedo, dans l\u2019Etat de Sao Paulo, au Br\u00e9sil.\" width=\"664\" height=\"443\">   <img decoding=\"async\" src=\"https:\/\/www.accidentdutravail-idf.net\/blog\/wp-content\/uploads\/2024\/08\/crash-dun-avion-au-bresil-apres-la-recuperation-des-corps-le-travail-didentification-des-62-victimes-commence.jpg\" alt=\"Des pompiers et des \u00e9quipes de secours interviennent sur le site o\u00f9 un avion s\u2019est \u00e9cras\u00e9 le 9&nbsp;ao\u00fbt&nbsp;2024&nbsp;\u00e0 Vinhedo, dans l\u2019Etat de Sao Paulo, au Br\u00e9sil.\"><figcaption class=\"article__legend\" aria-hidden=\"true\">Des pompiers et des \u00e9quipes de secours interviennent sur le site o\u00f9 un avion s\u2019est \u00e9cras\u00e9 le 9&nbsp;ao\u00fbt&nbsp;2024&nbsp;\u00e0 Vinhedo, dans l\u2019Etat de Sao Paulo, au Br\u00e9sil. <span class=\"article__credit\" aria-hidden=\"true\">ANDRE PENNER \/ AP<\/span> <\/figcaption><\/figure>\n<p class=\"article__paragraph \">Le lourd et macabre travail des \u00e9quipes de secours pour r\u00e9cup\u00e9rer les corps de 62&nbsp;victimes s\u2019est termin\u00e9, samedi 10&nbsp;ao\u00fbt, apr\u00e8s le crash, la veille, d\u2019un avion \u00e0 Vinhedo, une ville de 76&nbsp;000 habitants situ\u00e9e \u00e0 quelque 80 kilom\u00e8tres de Sao Paulo, dans le sud-est du Br\u00e9sil.<\/p>\n<p class=\"article__paragraph \"><em>\u00ab&nbsp;Au total, 62 corps (34 masculins et 28 f\u00e9minins) ont \u00e9t\u00e9 r\u00e9cup\u00e9r\u00e9s et achemin\u00e9s \u00e0 la morgue de Sao Paulo en vue de leur identification et de leur remise \u00e0 leurs familles&nbsp;\u00bb<\/em>, a fait savoir le gouvernement r\u00e9gional.<\/p>\n<p class=\"article__paragraph \">Les enqu\u00eateurs s\u2019emploient \u00e0 recueillir le mat\u00e9riel g\u00e9n\u00e9tique de proches des victimes pour identifier les restes retrouv\u00e9s. Deux corps ont d\u00e9j\u00e0 \u00e9t\u00e9 identifi\u00e9s, le pilote et le copilote, selon le maire de Vinhedo, Dario Pacheco.<\/p>\n<section class=\"catcher catcher--favoris\">\n<div class=\"catcher__content\"><span class=\"catcher__title catcher__title--hide\">Lire aussi |<\/span><span class=\"catcher__desc\"> <a href=\"https:\/\/www.lemonde.fr\/international\/article\/2024\/08\/09\/au-bresil-un-avion-transportant-62-personnes-s-est-ecrase-pres-de-sao-paulo_6274762_3210.html\" class=\"js-article-read-also catcher--favoris__link\" data-premium target=\"_blank\" rel=\"nofollow\">Au Br\u00e9sil, soixante-deux&nbsp;personnes sont mortes dans le crash d\u2019un&nbsp;avion pr\u00e8s de&nbsp;Sao Paulo<\/a> <\/span> <\/div>\n<p> <button class=\"lmd-btn-icon lmd-btn-icon--primary lmd-btn-icon--m js-trigger-favorite js-lmd-dropdown-favorite-toggler\" aria-expanded=\"false\" aria-controls=\"lmd-dropdown-favorite\" aria-label=\"Ajouter \u00e0 vos s\u00e9lections\" data-article-id=\"3385488\" data-position=\"lire aussi\" data-url=\"https:\/\/www.lemonde.fr\/international\/article\/2024\/08\/09\/au-bresil-un-avion-transportant-62-personnes-s-est-ecrase-pres-de-sao-paulo_6274762_3210.html\" data-status> <span class=\"icon__favorites\"><\/span> <span class=\"js-btn-icon-tooltip\" aria-hidden=\"true\">Ajouter \u00e0 vos s\u00e9lections<\/span> <\/button> <\/p>\n<\/section>\n<p class=\"article__paragraph \">Apr\u00e8s une impressionnante descente en piqu\u00e9 que montrent les vid\u00e9os partag\u00e9es sur les r\u00e9seaux sociaux par des habitants, l\u2019appareil s\u2019est bris\u00e9 dans le jardin d\u2019une maison d\u2019un complexe r\u00e9sidentiel.<\/p>\n<p class=\"article__paragraph \">Le Centre d\u2019investigation et de pr\u00e9vention des accidents a\u00e9ronautiques du Br\u00e9sil (Cenipa) a ouvert une enqu\u00eate et a entrepris l\u2019analyse des deux bo\u00eetes noires contenant les conversations dans la cabine et les donn\u00e9es du vol. Il pr\u00e9voit de publier <em>\u00ab&nbsp;dans un d\u00e9lai estim\u00e9 de 30 jours un rapport pr\u00e9liminaire sur l\u2019accident&nbsp;\u00bb<\/em>, a annonc\u00e9 l\u2019Arm\u00e9e de l\u2019air br\u00e9silienne (FAB).<\/p>\n<h2 class=\"article__sub-title\">Perte brutale d\u2019altitude<\/h2>\n<p class=\"article__paragraph \">Si aucun habitant de la r\u00e9sidence Recanto Florido n\u2019a \u00e9t\u00e9 bless\u00e9, le choc est \u00e9norme. <em>\u00ab&nbsp;Cela a \u00e9t\u00e9 une sensation de panique, d\u2019impuissance <\/em>(\u2026)<em>, quelque chose de vraiment tr\u00e8s triste&nbsp;\u00bb<\/em>, a confi\u00e9 Henrique, 38&nbsp;ans, pr\u00e9sidente de l\u2019association des voisins. Les r\u00e9sidents sont <em>\u00ab&nbsp;effray\u00e9s, atteints psychologiquement&nbsp;\u00bb<\/em>, a-t-elle ajout\u00e9, tr\u00e8s \u00e9mue. Le pr\u00e9sident br\u00e9silien, Luiz Inacio Lula da Silva, a d\u00e9cr\u00e9t\u00e9 trois jours de deuil national \u00e0 l suite de ce <em>\u00ab&nbsp;tragique accident&nbsp;\u00bb<\/em>.<\/p>\n<p class=\"article__paragraph \">L\u2019avion, du constructeur franco-italien ATR, transportait 58 passagers et quatre membres d\u2019\u00e9quipage, selon la compagnie a\u00e9rienne Voepass. Les victimes avaient des documents d\u2019identit\u00e9 \u00e9mis au Br\u00e9sil, d\u2019apr\u00e8s Voepass. Il y avait en outre une femme avec la double nationalit\u00e9 br\u00e9silienne et portugaise, ainsi qu\u2019une famille de trois V\u00e9n\u00e9zu\u00e9liens.<\/p>\n<p class=\"article__paragraph \">L\u2019appareil reliait Cascavel, dans l\u2019Etat du Parana (sud), \u00e0 l\u2019a\u00e9roport international de Guarulhos, \u00e0 Sao Paulo. Selon le site de suivi des vols Flight Radar 24, l\u2019avion a vol\u00e9 durant pr\u00e8s d\u2019une heure \u00e0 17&nbsp;000 pieds (5&nbsp;180 m\u00e8tres). A 13&nbsp;h&nbsp;21, heure&nbsp;locale, il a commenc\u00e9 \u00e0 perdre de l\u2019altitude et dans la minute suivante il a brutalement chut\u00e9 jusqu\u2019\u00e0 4&nbsp;100 pieds (1&nbsp;250 m\u00e8tres).<\/p>\n<p class=\"article__paragraph \">Selon la FAB, <em>\u00ab&nbsp;la perte de contact avec le radar a eu lieu \u00e0 13&nbsp;h&nbsp;22&nbsp;\u00bb<\/em> et auparavant l\u2019appareil n\u2019avait pas fait \u00e9tat d\u2019une <em>\u00ab&nbsp;situation d\u2019urgence&nbsp;\u00bb<\/em> ni de <em>\u00ab&nbsp;conditions m\u00e9t\u00e9orologiques adverses&nbsp;\u00bb<\/em>. L\u2019appareil s\u2019est \u00e9cras\u00e9 \u00e0 13&nbsp;h&nbsp;25.<\/p>\n<h2 class=\"article__sub-title\">L\u2019hypoth\u00e8se du gel<\/h2>\n<p class=\"article__paragraph \">D\u2019apr\u00e8s l\u2019Agence nationale de l\u2019aviation civile, l\u2019avion, qui volait depuis 2010, respectait toutes les normes en vigueur. Il avait fait l\u2019objet d\u2019op\u00e9rations de <em>\u00ab&nbsp;maintenance de routine la nuit pr\u00e9c\u00e9dente&nbsp;\u00bb<\/em> et quitt\u00e9 Ribeirao Preto, ville de l\u2019Etat de Sao Paulo o\u00f9 se situe le si\u00e8ge de Voepass, <em>\u00ab&nbsp;sans aucun probl\u00e8me technique&nbsp;\u00bb<\/em>, a pr\u00e9cis\u00e9 le directeur des op\u00e9rations de la compagnie, Marcel Moura.<\/p>\n<section class=\"inread inread--NL js-services-inread\">\n<p> Le Monde Application <\/p>\n<p> <a href=\"https:\/\/lamatinale.onelink.me\/gKMy\/oleq3grm\" class=\"inread__link js-services-inread-link\" target=\"_blank\" rel=\"noopener nofollow\"> <\/p>\n<p>La Matinale du Monde<\/p>\n<p>Chaque matin, retrouvez notre s\u00e9lection de 20 articles \u00e0 ne pas manquer<\/p>\n<p>T\u00e9l\u00e9charger l\u2019application<\/p>\n<p> <\/a> <\/section>\n<p class=\"article__paragraph \">Des sp\u00e9cialistes ont \u00e9mis l\u2019hypoth\u00e8se qu\u2019une formation de gel sur les ailes de l\u2019avion ait pu provoquer l\u2019accident. M.&nbsp;Moura a reconnu que ce mod\u00e8le d\u2019avion vole <em>\u00ab&nbsp;\u00e0 un type d\u2019altitude o\u00f9 il y a une plus grande sensibilit\u00e9 au gel&nbsp;\u00bb<\/em>. La m\u00e9t\u00e9o pr\u00e9voyait vendredi du gel mais dans le cadre <em>\u00ab&nbsp;des caract\u00e9ristiques acceptables pour un vol&nbsp;\u00bb<\/em>, a-t-il expliqu\u00e9.<\/p>\n<p class=\"article__paragraph \">Fond\u00e9e en&nbsp;1995 sous le nom de Passaredo, Voepass compte une flotte de quinze avions et est la quatri\u00e8me compagnie du march\u00e9 int\u00e9rieur br\u00e9silien, selon l\u2019entreprise. L\u2019avion du crash est de mod\u00e8le ATR 72-500. Le constructeur ATR, filiale d\u2019Airbus et de l\u2019italien Leonardo, a affirm\u00e9 que ses sp\u00e9cialistes <em>\u00ab&nbsp;sont pleinement engag\u00e9s pour soutenir l\u2019enqu\u00eate en cours&nbsp;\u00bb<\/em>.<\/p>\n<p class=\"article__paragraph \">Il s\u2019agit de la premi\u00e8re grande catastrophe a\u00e9rienne au Br\u00e9sil depuis dix-sept ans. En&nbsp;2009, un Airbus A330-230 d\u2019Air France, assurant la liaison entre Rio de Janeiro et Paris, s\u2019\u00e9tait ab\u00eem\u00e9 dans l\u2019Atlantique dans une zone de turbulences avec 228 personnes \u00e0 bord.<\/p>\n<section class=\"author\">\n<p class=\"author__detail\"> <span class=\"author__name\">Le Monde avec AFP<\/span> <\/p>\n<\/section>\n<section class=\"article__reactions\"> <a href=\"https:\/\/www.lemonde.fr\/syndication\/\" class=\"reuse__content\" title=\"R\u00e9utiliser ce contenu\" target=\"_blank\" rel=\"noopener nofollow\">R\u00e9utiliser ce contenu<\/a> <\/section>\n<p> accidentdutravail-idf.net vous a pr\u00e9par\u00e9 ce post qui informe du sujet \u00ab\u00a0Association Sportive Huisson-Longueville Essonne\u00a0\u00bb. La chronique se veut g\u00e9n\u00e9r\u00e9e du mieux possible. Vous pouvez utiliser les coordonn\u00e9es indiqu\u00e9es sur le site dans le but d\u2019apporter des explications sur ce post qui parle du th\u00e8me \u00ab\u00a0Association Sportive Huisson-Longueville Essonne\u00a0\u00bb. Le site accidentdutravail-idf.net a pour but de fournir diverses publications sur la th\u00e9matique Association Sportive Huisson-Longueville Essonne diffus\u00e9es sur le net. Il y aura plusieurs articles autour du sujet \u00ab\u00a0Association Sportive Huisson-Longueville Essonne\u00a0\u00bb dans quelques jours, nous vous invitons \u00e0 naviguer sur notre site web \u00e0 plusieurs reprises.<\/p>\n","protected":false},"excerpt":{"rendered":"<p>Des pompiers et des \u00e9quipes de secours interviennent sur le site o\u00f9 un avion s\u2019est \u00e9cras\u00e9 le 9&nbsp;ao\u00fbt&nbsp;2024&nbsp;\u00e0 Vinhedo, dans l\u2019Etat de Sao Paulo, au Br\u00e9sil. ANDRE PENNER \/ AP Le lourd et macabre travail des \u00e9quipes de secours pour r\u00e9cup\u00e9rer les corps de 62&nbsp;victimes s\u2019est termin\u00e9, samedi 10&nbsp;ao\u00fbt, apr\u00e8s le crash, la veille, d\u2019un &hellip; <\/p>\n<p class=\"link-more\"><a href=\"https:\/\/www.accidentdutravail-idf.net\/blog\/crash-dun-avion-au-bresil-apres-la-recuperation-des-corps-le-travail-didentification-des-62-victimes-commence\/\" class=\"more-link\">Continuer la lecture <span class=\"screen-reader-text\"> \u00ab\u00a0Crash d\u2019un avion au Br\u00e9sil : apr\u00e8s la r\u00e9cup\u00e9ration des corps, le travail d\u2019identification des 62 victimes commence\u00a0\u00bb<\/span><\/a><\/p>\n","protected":false},"author":2,"featured_media":0,"comment_status":"closed","ping_status":"closed","sticky":false,"template":"","format":"standard","meta":{"footnotes":""},"categories":[5],"tags":[],"class_list":["post-647","post","type-post","status-publish","format-standard","hentry","category-securite-du-travail-en-ile-de-france-et-divers","entry"],"yoast_head":"<!-- This site is optimized with the Yoast SEO plugin v27.5 - https:\/\/yoast.com\/product\/yoast-seo-wordpress\/ -->\n<title>Crash d\u2019un avion au Br\u00e9sil : apr\u00e8s la r\u00e9cup\u00e9ration des corps, le travail d\u2019identification des 62 victimes commence - ACCIDENTDUTRAVAIL-IDF<\/title>\n<meta name=\"description\" content=\"Crash d\u2019un avion au Br\u00e9sil : apr\u00e8s la r\u00e9cup\u00e9ration des corps, le travail d\u2019identification des 62 victimes commence article de ACCIDENTDUTRAVAIL-IDF\" \/>\n<meta name=\"robots\" content=\"index, follow, max-snippet:-1, max-image-preview:large, max-video-preview:-1\" \/>\n<link rel=\"canonical\" href=\"https:\/\/www.accidentdutravail-idf.net\/blog\/crash-dun-avion-au-bresil-apres-la-recuperation-des-corps-le-travail-didentification-des-62-victimes-commence\/\" \/>\n<meta property=\"og:locale\" content=\"fr_FR\" \/>\n<meta property=\"og:type\" content=\"article\" \/>\n<meta property=\"og:title\" content=\"Crash d\u2019un avion au Br\u00e9sil : apr\u00e8s la r\u00e9cup\u00e9ration des corps, le travail d\u2019identification des 62 victimes commence - ACCIDENTDUTRAVAIL-IDF\" \/>\n<meta property=\"og:description\" content=\"Crash d\u2019un avion au Br\u00e9sil : apr\u00e8s la r\u00e9cup\u00e9ration des corps, le travail d\u2019identification des 62 victimes commence article de ACCIDENTDUTRAVAIL-IDF\" \/>\n<meta property=\"og:url\" content=\"https:\/\/www.accidentdutravail-idf.net\/blog\/crash-dun-avion-au-bresil-apres-la-recuperation-des-corps-le-travail-didentification-des-62-victimes-commence\/\" \/>\n<meta property=\"og:site_name\" content=\"ACCIDENTDUTRAVAIL-IDF\" \/>\n<meta property=\"article:published_time\" content=\"2024-08-10T15:39:00+00:00\" \/>\n<meta property=\"og:image\" content=\"https:\/\/www.accidentdutravail-idf.net\/blog\/wp-content\/uploads\/2024\/08\/crash-dun-avion-au-bresil-apres-la-recuperation-des-corps-le-travail-didentification-des-62-victimes-commence.jpg\" \/>\n<meta name=\"author\" content=\"Carlos Poulain\" \/>\n<meta name=\"twitter:card\" content=\"summary_large_image\" \/>\n<meta name=\"twitter:label1\" content=\"\u00c9crit par\" \/>\n\t<meta name=\"twitter:data1\" content=\"Carlos Poulain\" \/>\n\t<meta name=\"twitter:label2\" content=\"Dur\u00e9e de lecture estim\u00e9e\" \/>\n\t<meta name=\"twitter:data2\" content=\"5 minutes\" \/>\n<script type=\"application\/ld+json\" class=\"yoast-schema-graph\">{\"@context\":\"https:\\\/\\\/schema.org\",\"@graph\":[{\"@type\":\"Article\",\"@id\":\"https:\\\/\\\/www.accidentdutravail-idf.net\\\/blog\\\/crash-dun-avion-au-bresil-apres-la-recuperation-des-corps-le-travail-didentification-des-62-victimes-commence\\\/#article\",\"isPartOf\":{\"@id\":\"https:\\\/\\\/www.accidentdutravail-idf.net\\\/blog\\\/crash-dun-avion-au-bresil-apres-la-recuperation-des-corps-le-travail-didentification-des-62-victimes-commence\\\/\"},\"author\":{\"name\":\"Carlos Poulain\",\"@id\":\"https:\\\/\\\/www.accidentdutravail-idf.net\\\/blog\\\/#\\\/schema\\\/person\\\/3255d2f970de45e64bd9201f38e7b947\"},\"headline\":\"Crash d\u2019un avion au Br\u00e9sil : apr\u00e8s la r\u00e9cup\u00e9ration des corps, le travail d\u2019identification des 62 victimes commence\",\"datePublished\":\"2024-08-10T15:39:00+00:00\",\"mainEntityOfPage\":{\"@id\":\"https:\\\/\\\/www.accidentdutravail-idf.net\\\/blog\\\/crash-dun-avion-au-bresil-apres-la-recuperation-des-corps-le-travail-didentification-des-62-victimes-commence\\\/\"},\"wordCount\":1027,\"publisher\":{\"@id\":\"https:\\\/\\\/www.accidentdutravail-idf.net\\\/blog\\\/#organization\"},\"image\":{\"@id\":\"https:\\\/\\\/www.accidentdutravail-idf.net\\\/blog\\\/crash-dun-avion-au-bresil-apres-la-recuperation-des-corps-le-travail-didentification-des-62-victimes-commence\\\/#primaryimage\"},\"thumbnailUrl\":\"https:\\\/\\\/www.accidentdutravail-idf.net\\\/blog\\\/wp-content\\\/uploads\\\/2024\\\/08\\\/crash-dun-avion-au-bresil-apres-la-recuperation-des-corps-le-travail-didentification-des-62-victimes-commence.jpg\",\"articleSection\":[\"S\u00e9curit\u00e9 Du Travail En Ile-De-France Et Divers:\"],\"inLanguage\":\"fr-FR\"},{\"@type\":\"WebPage\",\"@id\":\"https:\\\/\\\/www.accidentdutravail-idf.net\\\/blog\\\/crash-dun-avion-au-bresil-apres-la-recuperation-des-corps-le-travail-didentification-des-62-victimes-commence\\\/\",\"url\":\"https:\\\/\\\/www.accidentdutravail-idf.net\\\/blog\\\/crash-dun-avion-au-bresil-apres-la-recuperation-des-corps-le-travail-didentification-des-62-victimes-commence\\\/\",\"name\":\"Crash d\u2019un avion au Br\u00e9sil : apr\u00e8s la r\u00e9cup\u00e9ration des corps, le travail d\u2019identification des 62 victimes commence - ACCIDENTDUTRAVAIL-IDF\",\"isPartOf\":{\"@id\":\"https:\\\/\\\/www.accidentdutravail-idf.net\\\/blog\\\/#website\"},\"primaryImageOfPage\":{\"@id\":\"https:\\\/\\\/www.accidentdutravail-idf.net\\\/blog\\\/crash-dun-avion-au-bresil-apres-la-recuperation-des-corps-le-travail-didentification-des-62-victimes-commence\\\/#primaryimage\"},\"image\":{\"@id\":\"https:\\\/\\\/www.accidentdutravail-idf.net\\\/blog\\\/crash-dun-avion-au-bresil-apres-la-recuperation-des-corps-le-travail-didentification-des-62-victimes-commence\\\/#primaryimage\"},\"thumbnailUrl\":\"https:\\\/\\\/www.accidentdutravail-idf.net\\\/blog\\\/wp-content\\\/uploads\\\/2024\\\/08\\\/crash-dun-avion-au-bresil-apres-la-recuperation-des-corps-le-travail-didentification-des-62-victimes-commence.jpg\",\"datePublished\":\"2024-08-10T15:39:00+00:00\",\"description\":\"Crash d\u2019un avion au Br\u00e9sil : apr\u00e8s la r\u00e9cup\u00e9ration des corps, le travail d\u2019identification des 62 victimes commence article de ACCIDENTDUTRAVAIL-IDF\",\"breadcrumb\":{\"@id\":\"https:\\\/\\\/www.accidentdutravail-idf.net\\\/blog\\\/crash-dun-avion-au-bresil-apres-la-recuperation-des-corps-le-travail-didentification-des-62-victimes-commence\\\/#breadcrumb\"},\"inLanguage\":\"fr-FR\",\"potentialAction\":[{\"@type\":\"ReadAction\",\"target\":[\"https:\\\/\\\/www.accidentdutravail-idf.net\\\/blog\\\/crash-dun-avion-au-bresil-apres-la-recuperation-des-corps-le-travail-didentification-des-62-victimes-commence\\\/\"]}]},{\"@type\":\"ImageObject\",\"inLanguage\":\"fr-FR\",\"@id\":\"https:\\\/\\\/www.accidentdutravail-idf.net\\\/blog\\\/crash-dun-avion-au-bresil-apres-la-recuperation-des-corps-le-travail-didentification-des-62-victimes-commence\\\/#primaryimage\",\"url\":\"https:\\\/\\\/www.accidentdutravail-idf.net\\\/blog\\\/wp-content\\\/uploads\\\/2024\\\/08\\\/crash-dun-avion-au-bresil-apres-la-recuperation-des-corps-le-travail-didentification-des-62-victimes-commence.jpg\",\"contentUrl\":\"https:\\\/\\\/www.accidentdutravail-idf.net\\\/blog\\\/wp-content\\\/uploads\\\/2024\\\/08\\\/crash-dun-avion-au-bresil-apres-la-recuperation-des-corps-le-travail-didentification-des-62-victimes-commence.jpg\"},{\"@type\":\"BreadcrumbList\",\"@id\":\"https:\\\/\\\/www.accidentdutravail-idf.net\\\/blog\\\/crash-dun-avion-au-bresil-apres-la-recuperation-des-corps-le-travail-didentification-des-62-victimes-commence\\\/#breadcrumb\",\"itemListElement\":[{\"@type\":\"ListItem\",\"position\":1,\"name\":\"Accueil\",\"item\":\"https:\\\/\\\/www.accidentdutravail-idf.net\\\/blog\\\/\"},{\"@type\":\"ListItem\",\"position\":2,\"name\":\"Crash d\u2019un avion au Br\u00e9sil : apr\u00e8s la r\u00e9cup\u00e9ration des corps, le travail d\u2019identification des 62 victimes commence\"}]},{\"@type\":\"WebSite\",\"@id\":\"https:\\\/\\\/www.accidentdutravail-idf.net\\\/blog\\\/#website\",\"url\":\"https:\\\/\\\/www.accidentdutravail-idf.net\\\/blog\\\/\",\"name\":\"ACCIDENTDUTRAVAIL-IDF\",\"description\":\"Portail accidents du travail-maladies professionnelles des entreprises d&#039;Ile-de-France\",\"publisher\":{\"@id\":\"https:\\\/\\\/www.accidentdutravail-idf.net\\\/blog\\\/#organization\"},\"potentialAction\":[{\"@type\":\"SearchAction\",\"target\":{\"@type\":\"EntryPoint\",\"urlTemplate\":\"https:\\\/\\\/www.accidentdutravail-idf.net\\\/blog\\\/?s={search_term_string}\"},\"query-input\":{\"@type\":\"PropertyValueSpecification\",\"valueRequired\":true,\"valueName\":\"search_term_string\"}}],\"inLanguage\":\"fr-FR\"},{\"@type\":\"Organization\",\"@id\":\"https:\\\/\\\/www.accidentdutravail-idf.net\\\/blog\\\/#organization\",\"name\":\"accidentdutravail-idf\",\"url\":\"https:\\\/\\\/www.accidentdutravail-idf.net\\\/blog\\\/\",\"logo\":{\"@type\":\"ImageObject\",\"inLanguage\":\"fr-FR\",\"@id\":\"https:\\\/\\\/www.accidentdutravail-idf.net\\\/blog\\\/#\\\/schema\\\/logo\\\/image\\\/\",\"url\":\"https:\\\/\\\/www.accidentdutravail-idf.net\\\/blog\\\/wp-content\\\/uploads\\\/2022\\\/09\\\/logo-2.png\",\"contentUrl\":\"https:\\\/\\\/www.accidentdutravail-idf.net\\\/blog\\\/wp-content\\\/uploads\\\/2022\\\/09\\\/logo-2.png\",\"width\":380,\"height\":291,\"caption\":\"accidentdutravail-idf\"},\"image\":{\"@id\":\"https:\\\/\\\/www.accidentdutravail-idf.net\\\/blog\\\/#\\\/schema\\\/logo\\\/image\\\/\"}},{\"@type\":\"Person\",\"@id\":\"https:\\\/\\\/www.accidentdutravail-idf.net\\\/blog\\\/#\\\/schema\\\/person\\\/3255d2f970de45e64bd9201f38e7b947\",\"name\":\"Carlos Poulain\",\"image\":{\"@type\":\"ImageObject\",\"inLanguage\":\"fr-FR\",\"@id\":\"https:\\\/\\\/secure.gravatar.com\\\/avatar\\\/b1c2f9d3588e34e91adb093635df64ef4b2381991216be7576466cfcdca4baf3?s=96&d=mm&r=g\",\"url\":\"https:\\\/\\\/secure.gravatar.com\\\/avatar\\\/b1c2f9d3588e34e91adb093635df64ef4b2381991216be7576466cfcdca4baf3?s=96&d=mm&r=g\",\"contentUrl\":\"https:\\\/\\\/secure.gravatar.com\\\/avatar\\\/b1c2f9d3588e34e91adb093635df64ef4b2381991216be7576466cfcdca4baf3?s=96&d=mm&r=g\",\"caption\":\"Carlos Poulain\"},\"url\":\"https:\\\/\\\/www.accidentdutravail-idf.net\\\/blog\\\/author\\\/idfcarlos\\\/\"}]}<\/script>\n<!-- \/ Yoast SEO plugin. -->","yoast_head_json":{"title":"Crash d\u2019un avion au Br\u00e9sil : apr\u00e8s la r\u00e9cup\u00e9ration des corps, le travail d\u2019identification des 62 victimes commence - ACCIDENTDUTRAVAIL-IDF","description":"Crash d\u2019un avion au Br\u00e9sil : apr\u00e8s la r\u00e9cup\u00e9ration des corps, le travail d\u2019identification des 62 victimes commence article de ACCIDENTDUTRAVAIL-IDF","robots":{"index":"index","follow":"follow","max-snippet":"max-snippet:-1","max-image-preview":"max-image-preview:large","max-video-preview":"max-video-preview:-1"},"canonical":"https:\/\/www.accidentdutravail-idf.net\/blog\/crash-dun-avion-au-bresil-apres-la-recuperation-des-corps-le-travail-didentification-des-62-victimes-commence\/","og_locale":"fr_FR","og_type":"article","og_title":"Crash d\u2019un avion au Br\u00e9sil : apr\u00e8s la r\u00e9cup\u00e9ration des corps, le travail d\u2019identification des 62 victimes commence - ACCIDENTDUTRAVAIL-IDF","og_description":"Crash d\u2019un avion au Br\u00e9sil : apr\u00e8s la r\u00e9cup\u00e9ration des corps, le travail d\u2019identification des 62 victimes commence article de ACCIDENTDUTRAVAIL-IDF","og_url":"https:\/\/www.accidentdutravail-idf.net\/blog\/crash-dun-avion-au-bresil-apres-la-recuperation-des-corps-le-travail-didentification-des-62-victimes-commence\/","og_site_name":"ACCIDENTDUTRAVAIL-IDF","article_published_time":"2024-08-10T15:39:00+00:00","og_image":[{"url":"https:\/\/www.accidentdutravail-idf.net\/blog\/wp-content\/uploads\/2024\/08\/crash-dun-avion-au-bresil-apres-la-recuperation-des-corps-le-travail-didentification-des-62-victimes-commence.jpg","type":"","width":"","height":""}],"author":"Carlos Poulain","twitter_card":"summary_large_image","twitter_misc":{"\u00c9crit par":"Carlos Poulain","Dur\u00e9e de lecture estim\u00e9e":"5 minutes"},"schema":{"@context":"https:\/\/schema.org","@graph":[{"@type":"Article","@id":"https:\/\/www.accidentdutravail-idf.net\/blog\/crash-dun-avion-au-bresil-apres-la-recuperation-des-corps-le-travail-didentification-des-62-victimes-commence\/#article","isPartOf":{"@id":"https:\/\/www.accidentdutravail-idf.net\/blog\/crash-dun-avion-au-bresil-apres-la-recuperation-des-corps-le-travail-didentification-des-62-victimes-commence\/"},"author":{"name":"Carlos Poulain","@id":"https:\/\/www.accidentdutravail-idf.net\/blog\/#\/schema\/person\/3255d2f970de45e64bd9201f38e7b947"},"headline":"Crash d\u2019un avion au Br\u00e9sil : apr\u00e8s la r\u00e9cup\u00e9ration des corps, le travail d\u2019identification des 62 victimes commence","datePublished":"2024-08-10T15:39:00+00:00","mainEntityOfPage":{"@id":"https:\/\/www.accidentdutravail-idf.net\/blog\/crash-dun-avion-au-bresil-apres-la-recuperation-des-corps-le-travail-didentification-des-62-victimes-commence\/"},"wordCount":1027,"publisher":{"@id":"https:\/\/www.accidentdutravail-idf.net\/blog\/#organization"},"image":{"@id":"https:\/\/www.accidentdutravail-idf.net\/blog\/crash-dun-avion-au-bresil-apres-la-recuperation-des-corps-le-travail-didentification-des-62-victimes-commence\/#primaryimage"},"thumbnailUrl":"https:\/\/www.accidentdutravail-idf.net\/blog\/wp-content\/uploads\/2024\/08\/crash-dun-avion-au-bresil-apres-la-recuperation-des-corps-le-travail-didentification-des-62-victimes-commence.jpg","articleSection":["S\u00e9curit\u00e9 Du Travail En Ile-De-France Et Divers:"],"inLanguage":"fr-FR"},{"@type":"WebPage","@id":"https:\/\/www.accidentdutravail-idf.net\/blog\/crash-dun-avion-au-bresil-apres-la-recuperation-des-corps-le-travail-didentification-des-62-victimes-commence\/","url":"https:\/\/www.accidentdutravail-idf.net\/blog\/crash-dun-avion-au-bresil-apres-la-recuperation-des-corps-le-travail-didentification-des-62-victimes-commence\/","name":"Crash d\u2019un avion au Br\u00e9sil : apr\u00e8s la r\u00e9cup\u00e9ration des corps, le travail d\u2019identification des 62 victimes commence - ACCIDENTDUTRAVAIL-IDF","isPartOf":{"@id":"https:\/\/www.accidentdutravail-idf.net\/blog\/#website"},"primaryImageOfPage":{"@id":"https:\/\/www.accidentdutravail-idf.net\/blog\/crash-dun-avion-au-bresil-apres-la-recuperation-des-corps-le-travail-didentification-des-62-victimes-commence\/#primaryimage"},"image":{"@id":"https:\/\/www.accidentdutravail-idf.net\/blog\/crash-dun-avion-au-bresil-apres-la-recuperation-des-corps-le-travail-didentification-des-62-victimes-commence\/#primaryimage"},"thumbnailUrl":"https:\/\/www.accidentdutravail-idf.net\/blog\/wp-content\/uploads\/2024\/08\/crash-dun-avion-au-bresil-apres-la-recuperation-des-corps-le-travail-didentification-des-62-victimes-commence.jpg","datePublished":"2024-08-10T15:39:00+00:00","description":"Crash d\u2019un avion au Br\u00e9sil : apr\u00e8s la r\u00e9cup\u00e9ration des corps, le travail d\u2019identification des 62 victimes commence article de ACCIDENTDUTRAVAIL-IDF","breadcrumb":{"@id":"https:\/\/www.accidentdutravail-idf.net\/blog\/crash-dun-avion-au-bresil-apres-la-recuperation-des-corps-le-travail-didentification-des-62-victimes-commence\/#breadcrumb"},"inLanguage":"fr-FR","potentialAction":[{"@type":"ReadAction","target":["https:\/\/www.accidentdutravail-idf.net\/blog\/crash-dun-avion-au-bresil-apres-la-recuperation-des-corps-le-travail-didentification-des-62-victimes-commence\/"]}]},{"@type":"ImageObject","inLanguage":"fr-FR","@id":"https:\/\/www.accidentdutravail-idf.net\/blog\/crash-dun-avion-au-bresil-apres-la-recuperation-des-corps-le-travail-didentification-des-62-victimes-commence\/#primaryimage","url":"https:\/\/www.accidentdutravail-idf.net\/blog\/wp-content\/uploads\/2024\/08\/crash-dun-avion-au-bresil-apres-la-recuperation-des-corps-le-travail-didentification-des-62-victimes-commence.jpg","contentUrl":"https:\/\/www.accidentdutravail-idf.net\/blog\/wp-content\/uploads\/2024\/08\/crash-dun-avion-au-bresil-apres-la-recuperation-des-corps-le-travail-didentification-des-62-victimes-commence.jpg"},{"@type":"BreadcrumbList","@id":"https:\/\/www.accidentdutravail-idf.net\/blog\/crash-dun-avion-au-bresil-apres-la-recuperation-des-corps-le-travail-didentification-des-62-victimes-commence\/#breadcrumb","itemListElement":[{"@type":"ListItem","position":1,"name":"Accueil","item":"https:\/\/www.accidentdutravail-idf.net\/blog\/"},{"@type":"ListItem","position":2,"name":"Crash d\u2019un avion au Br\u00e9sil : apr\u00e8s la r\u00e9cup\u00e9ration des corps, le travail d\u2019identification des 62 victimes commence"}]},{"@type":"WebSite","@id":"https:\/\/www.accidentdutravail-idf.net\/blog\/#website","url":"https:\/\/www.accidentdutravail-idf.net\/blog\/","name":"ACCIDENTDUTRAVAIL-IDF","description":"Portail accidents du travail-maladies professionnelles des entreprises d&#039;Ile-de-France","publisher":{"@id":"https:\/\/www.accidentdutravail-idf.net\/blog\/#organization"},"potentialAction":[{"@type":"SearchAction","target":{"@type":"EntryPoint","urlTemplate":"https:\/\/www.accidentdutravail-idf.net\/blog\/?s={search_term_string}"},"query-input":{"@type":"PropertyValueSpecification","valueRequired":true,"valueName":"search_term_string"}}],"inLanguage":"fr-FR"},{"@type":"Organization","@id":"https:\/\/www.accidentdutravail-idf.net\/blog\/#organization","name":"accidentdutravail-idf","url":"https:\/\/www.accidentdutravail-idf.net\/blog\/","logo":{"@type":"ImageObject","inLanguage":"fr-FR","@id":"https:\/\/www.accidentdutravail-idf.net\/blog\/#\/schema\/logo\/image\/","url":"https:\/\/www.accidentdutravail-idf.net\/blog\/wp-content\/uploads\/2022\/09\/logo-2.png","contentUrl":"https:\/\/www.accidentdutravail-idf.net\/blog\/wp-content\/uploads\/2022\/09\/logo-2.png","width":380,"height":291,"caption":"accidentdutravail-idf"},"image":{"@id":"https:\/\/www.accidentdutravail-idf.net\/blog\/#\/schema\/logo\/image\/"}},{"@type":"Person","@id":"https:\/\/www.accidentdutravail-idf.net\/blog\/#\/schema\/person\/3255d2f970de45e64bd9201f38e7b947","name":"Carlos Poulain","image":{"@type":"ImageObject","inLanguage":"fr-FR","@id":"https:\/\/secure.gravatar.com\/avatar\/b1c2f9d3588e34e91adb093635df64ef4b2381991216be7576466cfcdca4baf3?s=96&d=mm&r=g","url":"https:\/\/secure.gravatar.com\/avatar\/b1c2f9d3588e34e91adb093635df64ef4b2381991216be7576466cfcdca4baf3?s=96&d=mm&r=g","contentUrl":"https:\/\/secure.gravatar.com\/avatar\/b1c2f9d3588e34e91adb093635df64ef4b2381991216be7576466cfcdca4baf3?s=96&d=mm&r=g","caption":"Carlos Poulain"},"url":"https:\/\/www.accidentdutravail-idf.net\/blog\/author\/idfcarlos\/"}]}},"_links":{"self":[{"href":"https:\/\/www.accidentdutravail-idf.net\/blog\/wp-json\/wp\/v2\/posts\/647","targetHints":{"allow":["GET"]}}],"collection":[{"href":"https:\/\/www.accidentdutravail-idf.net\/blog\/wp-json\/wp\/v2\/posts"}],"about":[{"href":"https:\/\/www.accidentdutravail-idf.net\/blog\/wp-json\/wp\/v2\/types\/post"}],"author":[{"embeddable":true,"href":"https:\/\/www.accidentdutravail-idf.net\/blog\/wp-json\/wp\/v2\/users\/2"}],"replies":[{"embeddable":true,"href":"https:\/\/www.accidentdutravail-idf.net\/blog\/wp-json\/wp\/v2\/comments?post=647"}],"version-history":[{"count":0,"href":"https:\/\/www.accidentdutravail-idf.net\/blog\/wp-json\/wp\/v2\/posts\/647\/revisions"}],"wp:attachment":[{"href":"https:\/\/www.accidentdutravail-idf.net\/blog\/wp-json\/wp\/v2\/media?parent=647"}],"wp:term":[{"taxonomy":"category","embeddable":true,"href":"https:\/\/www.accidentdutravail-idf.net\/blog\/wp-json\/wp\/v2\/categories?post=647"},{"taxonomy":"post_tag","embeddable":true,"href":"https:\/\/www.accidentdutravail-idf.net\/blog\/wp-json\/wp\/v2\/tags?post=647"}],"curies":[{"name":"wp","href":"https:\/\/api.w.org\/{rel}","templated":true}]}}