{"id":646,"date":"2024-08-11T04:30:00","date_gmt":"2024-08-11T02:30:00","guid":{"rendered":"https:\/\/www.accidentdutravail-idf.net\/blog\/il-faut-que-les-boites-noires-parlent-elles-pourront-nous-dire-ce-qui-sest-passe-lors-du-crash-de-lavion-au-bresil\/"},"modified":"2024-08-11T04:30:00","modified_gmt":"2024-08-11T02:30:00","slug":"il-faut-que-les-boites-noires-parlent-elles-pourront-nous-dire-ce-qui-sest-passe-lors-du-crash-de-lavion-au-bresil","status":"publish","type":"post","link":"https:\/\/www.accidentdutravail-idf.net\/blog\/il-faut-que-les-boites-noires-parlent-elles-pourront-nous-dire-ce-qui-sest-passe-lors-du-crash-de-lavion-au-bresil\/","title":{"rendered":"Il faut que les bo\u00eetes noires parlent : \u00ab\u00a0Elles pourront nous dire ce qui s\u2019est pass\u00e9\u00a0\u00bb lors du crash de l&rsquo;avion au Br\u00e9sil"},"content":{"rendered":"<div><img decoding=\"async\" src=\"https:\/\/www.accidentdutravail-idf.net\/blog\/wp-content\/uploads\/2024\/08\/il-faut-que-les-boites-noires-parlent-elles-pourront-nous-dire-ce-qui-sest-passe-lors-du-crash-de-lavion-au-bresil.png\" class=\"ff-og-image-inserted\"><\/div>\n<p> Apr\u00e8s le crash d\u2019un avion pr\u00e8s de S\u00e3o Paulo le 9&nbsp;ao\u00fbt 2024, les bo\u00eetes noires ont \u00e9t\u00e9 r\u00e9cup\u00e9r\u00e9es et une enqu\u00eate ouverte. Les investigations permettront d\u2019expliquer comment un tel accident a pu se produire et entra\u00eener la mort de 62 personnes. <\/p>\n<div> <!-- Pub DFP Position [outstream] --> <\/p>\n<p>Les informations les plus pr\u00e9cieuses du vol ATR-72 ont \u00e9t\u00e9 r\u00e9cup\u00e9r\u00e9es par les enqu\u00eateurs. Un long travail d\u2019investigations d\u00e9bute afin de d\u00e9terminer les causes du crash qui a entra\u00een\u00e9<a href=\"https:\/\/www.midilibre.fr\/2024\/08\/10\/video-il-est-tombe-du-ciel-et-a-explose-mort-de-tous-les-passagers-chute-pistes-ce-que-lon-sait-du-crash-dun-avion-au-bresil-12135021.php\" target=\"_blank\" rel=\"noopener nofollow\"> la mort de 62 personnes au Br\u00e9sil vendredi.<\/a><\/p>\n<p>Les deux bo\u00eetes noires de l\u2019appareil ont \u00e9t\u00e9 pr\u00e9lev\u00e9es, rapporte <em><a href=\"https:\/\/www.bfmtv.com\/international\/amerique-latine\/bresil\/bresil-apres-le-crash-d-un-avion-ayant-fait-62-morts-recuperation-des-corps-et-examen-des-boites-noires_AD-202408110056.html\" target=\"_blank\" rel=\"noopener nofollow\">BFMTV<\/a><\/em>, et devraient permettre de <a href=\"https:\/\/www.midilibre.fr\/2024\/08\/09\/video-crash-davion-au-bresil-lappareil-avec-62-personnes-a-bord-sest-ecrase-sur-la-ville-au-moins-quatre-personnes-sont-mortes-12134161.php\" target=\"_blank\" rel=\"noopener nofollow\">mieux comprendre l\u2019encha\u00eenement des \u00e9v\u00e8nements.<\/a><\/p>\n<p><!-- Pub DFP Position [article] --> <\/p>\n<h2 class=\"txt-int\">Un premier rapport dans 30 jours<\/h2>\n<p>Le&nbsp;Centre d\u2019investigation et de pr\u00e9vention des accidents a\u00e9ronautiques du Br\u00e9sil (Cenipa) a ouvert une enqu\u00eate. C\u2019est lui qui analysera le contenu des bo\u00eetes noires.<\/p>\n<div class=\"extemb-container\">\n<blockquote data-class=\"twitter-tweet\">\n<p lang=\"en\" dir=\"ltr\">2024-08-09: Voepass ATR-72 (PS-VPB, built 2010) was descending towards Sao Paulo when it entered a flap spin and lost altitude rapidly. Flight <a href=\"https:\/\/twitter.com\/hashtag\/2Z2283?src=hash&amp;ref_src=twsrc%5Etfw\" target=\"_blank\" rel=\"nofollow\">#2Z2283<\/a> from Cascavel to Sao Paulo-Guarulhos plummeted to the ground and impacted a residential area at <a href=\"https:\/\/twitter.com\/hashtag\/Vinhedo?src=hash&amp;ref_src=twsrc%5Etfw\" target=\"_blank\" rel=\"nofollow\">#Vinhedo<\/a>, approximately 65 km NW\u2026 <a href=\"https:\/\/t.co\/rln2xHY5AX\" target=\"_blank\" rel=\"nofollow\">pic.twitter.com\/rln2xHY5AX<\/a><\/p>\n<p>\u2014 JACDEC (@JacdecNew) <a href=\"https:\/\/twitter.com\/JacdecNew\/status\/1822005728267174221?ref_src=twsrc%5Etfw\" target=\"_blank\" rel=\"nofollow\">August 9, 2024<\/a><\/p><\/blockquote><\/div>\n<p>Elles contiennent les <strong>enregistrements des conversations<\/strong> en cabine, entre le pilote et son copilote, et pourraient donc indiquer quel genre de perturbations a&nbsp;entra\u00een\u00e9 l\u2019accident, et quelles&nbsp;actions ont \u00e9t\u00e9 mises en place pour les contrer.<\/p>\n<p>Il s\u2019agit <em>\u00ab\u00a0d\u2019informations importantes pourront nous dire ce qui s\u2019est pass\u00e9 lors de ce tragique \u00e9v\u00e9nement\u00a0\u00bb<\/em>, indique le chef de la Cepina, le g\u00e9n\u00e9ral Marcelo Moreno. L\u2019arm\u00e9e de l\u2019air br\u00e9silienne (FAB) a d\u2019ores et d\u00e9j\u00e0 annonc\u00e9 que<em> \u00ab\u00a0dans un d\u00e9lai de 30 jours\u00a0\u00bb, <\/em>un rapport pr\u00e9liminaire serait rendu public.<\/p>\n<h2 class=\"txt-int\">Premi\u00e8res pistes<\/h2>\n<p>Ce drame est difficile \u00e0 expliquer. Et pour cause, l\u2019avion respectait toutes<strong> les normes en vigueur,<\/strong> appuient nos confr\u00e8res. Pendant une heure, il a vol\u00e9 \u00e0 5&nbsp;180 m\u00e8tres d\u2019altitude, avant de redescendre doucement puis de brutalement chuter \u00e0 1&nbsp;250 m\u00e8tres, avant de se crasher.<\/p>\n<p>Le contact a \u00e9t\u00e9 perdu une minute avant que l\u2019avion ne commence \u00e0 perdre en altitude. L\u2019appareil n\u2019avait pas fait \u00e9tat de conditions m\u00e9t\u00e9orologiques <em>\u00ab\u00a0adverses\u00a0\u00bb<\/em>, et encore moins d\u2019une<em> \u00ab\u00a0situation d\u2019urgence\u00a0\u00bb<\/em>.<\/p>\n<p>La piste privil\u00e9gi\u00e9e pour le moment est celle de la <strong>formation de gel sur les ailes<\/strong> de l\u2019avion. Ce type d\u2019appareil est effectivement destin\u00e9 \u00e0 voler \u00e0 des altitudes<em> \u00ab\u00a0o\u00f9 il y a une plus grande sensibilit\u00e9 au gel\u00a0\u00bb<\/em>. M\u00eame si par ailleurs, la m\u00e9t\u00e9o annon\u00e7ait des conditions<em> \u00ab\u00a0acceptables pour un vol\u00a0\u00bb<\/em> vendredi.<\/p>\n<p>Les 62 corps des victimes ont \u00e9t\u00e9 r\u00e9cup\u00e9r\u00e9s et seront prochainement identifi\u00e9s. Pour le moment, on ne conna\u00eet que l\u2019identit\u00e9 du pilote et de son copilote. Trois jours de deuil&nbsp;national ont \u00e9t\u00e9 d\u00e9cr\u00e9t\u00e9s.<\/p>\n<\/p><\/div>\n<p>accidentdutravail-idf.net vous a pr\u00e9par\u00e9 ce post qui informe du sujet \u00ab\u00a0Association Sportive Huisson-Longueville Essonne\u00a0\u00bb. La chronique se veut g\u00e9n\u00e9r\u00e9e du mieux possible. Vous pouvez utiliser les coordonn\u00e9es indiqu\u00e9es sur le site dans le but d\u2019apporter des explications sur ce post qui parle du th\u00e8me \u00ab\u00a0Association Sportive Huisson-Longueville Essonne\u00a0\u00bb. Le site accidentdutravail-idf.net a pour but de fournir diverses publications sur la th\u00e9matique Association Sportive Huisson-Longueville Essonne diffus\u00e9es sur le net. Il y aura plusieurs articles autour du sujet \u00ab\u00a0Association Sportive Huisson-Longueville Essonne\u00a0\u00bb dans quelques jours, nous vous invitons \u00e0 naviguer sur notre site web \u00e0 plusieurs reprises.<\/p>\n","protected":false},"excerpt":{"rendered":"<p>Apr\u00e8s le crash d\u2019un avion pr\u00e8s de S\u00e3o Paulo le 9&nbsp;ao\u00fbt 2024, les bo\u00eetes noires ont \u00e9t\u00e9 r\u00e9cup\u00e9r\u00e9es et une enqu\u00eate ouverte. Les investigations permettront d\u2019expliquer comment un tel accident a pu se produire et entra\u00eener la mort de 62 personnes. Les informations les plus pr\u00e9cieuses du vol ATR-72 ont \u00e9t\u00e9 r\u00e9cup\u00e9r\u00e9es par les enqu\u00eateurs. &hellip; <\/p>\n<p class=\"link-more\"><a href=\"https:\/\/www.accidentdutravail-idf.net\/blog\/il-faut-que-les-boites-noires-parlent-elles-pourront-nous-dire-ce-qui-sest-passe-lors-du-crash-de-lavion-au-bresil\/\" class=\"more-link\">Continuer la lecture <span class=\"screen-reader-text\"> \u00ab\u00a0Il faut que les bo\u00eetes noires parlent : \u00ab\u00a0Elles pourront nous dire ce qui s\u2019est pass\u00e9\u00a0\u00bb lors du crash de l&rsquo;avion au Br\u00e9sil\u00a0\u00bb<\/span><\/a><\/p>\n","protected":false},"author":2,"featured_media":0,"comment_status":"closed","ping_status":"closed","sticky":false,"template":"","format":"standard","meta":{"footnotes":""},"categories":[5],"tags":[],"class_list":["post-646","post","type-post","status-publish","format-standard","hentry","category-securite-du-travail-en-ile-de-france-et-divers","entry"],"yoast_head":"<!-- This site is optimized with the Yoast SEO plugin v27.5 - https:\/\/yoast.com\/product\/yoast-seo-wordpress\/ -->\n<title>Il faut que les bo\u00eetes noires parlent : &quot;Elles pourront nous dire ce qui s\u2019est pass\u00e9&quot; lors du crash de l&#039;avion au Br\u00e9sil - ACCIDENTDUTRAVAIL-IDF<\/title>\n<meta name=\"description\" content=\"Il faut que les bo\u00eetes noires parlent : &quot;Elles pourront nous dire ce qui s\u2019est pass\u00e9&quot; lors du crash de l&#039;avion au Br\u00e9sil article de ACCIDENTDUTRAVAIL-IDF\" \/>\n<meta name=\"robots\" content=\"index, follow, max-snippet:-1, max-image-preview:large, max-video-preview:-1\" \/>\n<link rel=\"canonical\" href=\"https:\/\/www.accidentdutravail-idf.net\/blog\/il-faut-que-les-boites-noires-parlent-elles-pourront-nous-dire-ce-qui-sest-passe-lors-du-crash-de-lavion-au-bresil\/\" \/>\n<meta property=\"og:locale\" content=\"fr_FR\" \/>\n<meta property=\"og:type\" content=\"article\" \/>\n<meta property=\"og:title\" content=\"Il faut que les bo\u00eetes noires parlent : &quot;Elles pourront nous dire ce qui s\u2019est pass\u00e9&quot; lors du crash de l&#039;avion au Br\u00e9sil - ACCIDENTDUTRAVAIL-IDF\" \/>\n<meta property=\"og:description\" content=\"Il faut que les bo\u00eetes noires parlent : &quot;Elles pourront nous dire ce qui s\u2019est pass\u00e9&quot; lors du crash de l&#039;avion au Br\u00e9sil article de ACCIDENTDUTRAVAIL-IDF\" \/>\n<meta property=\"og:url\" content=\"https:\/\/www.accidentdutravail-idf.net\/blog\/il-faut-que-les-boites-noires-parlent-elles-pourront-nous-dire-ce-qui-sest-passe-lors-du-crash-de-lavion-au-bresil\/\" \/>\n<meta property=\"og:site_name\" content=\"ACCIDENTDUTRAVAIL-IDF\" \/>\n<meta property=\"article:published_time\" content=\"2024-08-11T02:30:00+00:00\" \/>\n<meta property=\"og:image\" content=\"https:\/\/www.accidentdutravail-idf.net\/blog\/wp-content\/uploads\/2024\/08\/il-faut-que-les-boites-noires-parlent-elles-pourront-nous-dire-ce-qui-sest-passe-lors-du-crash-de-lavion-au-bresil.png\" \/>\n<meta name=\"author\" content=\"Carlos Poulain\" \/>\n<meta name=\"twitter:card\" content=\"summary_large_image\" \/>\n<meta name=\"twitter:label1\" content=\"\u00c9crit par\" \/>\n\t<meta name=\"twitter:data1\" content=\"Carlos Poulain\" \/>\n\t<meta name=\"twitter:label2\" content=\"Dur\u00e9e de lecture estim\u00e9e\" \/>\n\t<meta name=\"twitter:data2\" content=\"3 minutes\" \/>\n<script type=\"application\/ld+json\" class=\"yoast-schema-graph\">{\"@context\":\"https:\\\/\\\/schema.org\",\"@graph\":[{\"@type\":\"Article\",\"@id\":\"https:\\\/\\\/www.accidentdutravail-idf.net\\\/blog\\\/il-faut-que-les-boites-noires-parlent-elles-pourront-nous-dire-ce-qui-sest-passe-lors-du-crash-de-lavion-au-bresil\\\/#article\",\"isPartOf\":{\"@id\":\"https:\\\/\\\/www.accidentdutravail-idf.net\\\/blog\\\/il-faut-que-les-boites-noires-parlent-elles-pourront-nous-dire-ce-qui-sest-passe-lors-du-crash-de-lavion-au-bresil\\\/\"},\"author\":{\"name\":\"Carlos Poulain\",\"@id\":\"https:\\\/\\\/www.accidentdutravail-idf.net\\\/blog\\\/#\\\/schema\\\/person\\\/3255d2f970de45e64bd9201f38e7b947\"},\"headline\":\"Il faut que les bo\u00eetes noires parlent : \u00ab\u00a0Elles pourront nous dire ce qui s\u2019est pass\u00e9\u00a0\u00bb lors du crash de l&rsquo;avion au Br\u00e9sil\",\"datePublished\":\"2024-08-11T02:30:00+00:00\",\"mainEntityOfPage\":{\"@id\":\"https:\\\/\\\/www.accidentdutravail-idf.net\\\/blog\\\/il-faut-que-les-boites-noires-parlent-elles-pourront-nous-dire-ce-qui-sest-passe-lors-du-crash-de-lavion-au-bresil\\\/\"},\"wordCount\":635,\"publisher\":{\"@id\":\"https:\\\/\\\/www.accidentdutravail-idf.net\\\/blog\\\/#organization\"},\"image\":{\"@id\":\"https:\\\/\\\/www.accidentdutravail-idf.net\\\/blog\\\/il-faut-que-les-boites-noires-parlent-elles-pourront-nous-dire-ce-qui-sest-passe-lors-du-crash-de-lavion-au-bresil\\\/#primaryimage\"},\"thumbnailUrl\":\"https:\\\/\\\/www.accidentdutravail-idf.net\\\/blog\\\/wp-content\\\/uploads\\\/2024\\\/08\\\/il-faut-que-les-boites-noires-parlent-elles-pourront-nous-dire-ce-qui-sest-passe-lors-du-crash-de-lavion-au-bresil.png\",\"articleSection\":[\"S\u00e9curit\u00e9 Du Travail En Ile-De-France Et Divers:\"],\"inLanguage\":\"fr-FR\"},{\"@type\":\"WebPage\",\"@id\":\"https:\\\/\\\/www.accidentdutravail-idf.net\\\/blog\\\/il-faut-que-les-boites-noires-parlent-elles-pourront-nous-dire-ce-qui-sest-passe-lors-du-crash-de-lavion-au-bresil\\\/\",\"url\":\"https:\\\/\\\/www.accidentdutravail-idf.net\\\/blog\\\/il-faut-que-les-boites-noires-parlent-elles-pourront-nous-dire-ce-qui-sest-passe-lors-du-crash-de-lavion-au-bresil\\\/\",\"name\":\"Il faut que les bo\u00eetes noires parlent : \\\"Elles pourront nous dire ce qui s\u2019est pass\u00e9\\\" lors du crash de l'avion au Br\u00e9sil - ACCIDENTDUTRAVAIL-IDF\",\"isPartOf\":{\"@id\":\"https:\\\/\\\/www.accidentdutravail-idf.net\\\/blog\\\/#website\"},\"primaryImageOfPage\":{\"@id\":\"https:\\\/\\\/www.accidentdutravail-idf.net\\\/blog\\\/il-faut-que-les-boites-noires-parlent-elles-pourront-nous-dire-ce-qui-sest-passe-lors-du-crash-de-lavion-au-bresil\\\/#primaryimage\"},\"image\":{\"@id\":\"https:\\\/\\\/www.accidentdutravail-idf.net\\\/blog\\\/il-faut-que-les-boites-noires-parlent-elles-pourront-nous-dire-ce-qui-sest-passe-lors-du-crash-de-lavion-au-bresil\\\/#primaryimage\"},\"thumbnailUrl\":\"https:\\\/\\\/www.accidentdutravail-idf.net\\\/blog\\\/wp-content\\\/uploads\\\/2024\\\/08\\\/il-faut-que-les-boites-noires-parlent-elles-pourront-nous-dire-ce-qui-sest-passe-lors-du-crash-de-lavion-au-bresil.png\",\"datePublished\":\"2024-08-11T02:30:00+00:00\",\"description\":\"Il faut que les bo\u00eetes noires parlent : \\\"Elles pourront nous dire ce qui s\u2019est pass\u00e9\\\" lors du crash de l'avion au Br\u00e9sil article de ACCIDENTDUTRAVAIL-IDF\",\"breadcrumb\":{\"@id\":\"https:\\\/\\\/www.accidentdutravail-idf.net\\\/blog\\\/il-faut-que-les-boites-noires-parlent-elles-pourront-nous-dire-ce-qui-sest-passe-lors-du-crash-de-lavion-au-bresil\\\/#breadcrumb\"},\"inLanguage\":\"fr-FR\",\"potentialAction\":[{\"@type\":\"ReadAction\",\"target\":[\"https:\\\/\\\/www.accidentdutravail-idf.net\\\/blog\\\/il-faut-que-les-boites-noires-parlent-elles-pourront-nous-dire-ce-qui-sest-passe-lors-du-crash-de-lavion-au-bresil\\\/\"]}]},{\"@type\":\"ImageObject\",\"inLanguage\":\"fr-FR\",\"@id\":\"https:\\\/\\\/www.accidentdutravail-idf.net\\\/blog\\\/il-faut-que-les-boites-noires-parlent-elles-pourront-nous-dire-ce-qui-sest-passe-lors-du-crash-de-lavion-au-bresil\\\/#primaryimage\",\"url\":\"https:\\\/\\\/www.accidentdutravail-idf.net\\\/blog\\\/wp-content\\\/uploads\\\/2024\\\/08\\\/il-faut-que-les-boites-noires-parlent-elles-pourront-nous-dire-ce-qui-sest-passe-lors-du-crash-de-lavion-au-bresil.png\",\"contentUrl\":\"https:\\\/\\\/www.accidentdutravail-idf.net\\\/blog\\\/wp-content\\\/uploads\\\/2024\\\/08\\\/il-faut-que-les-boites-noires-parlent-elles-pourront-nous-dire-ce-qui-sest-passe-lors-du-crash-de-lavion-au-bresil.png\"},{\"@type\":\"BreadcrumbList\",\"@id\":\"https:\\\/\\\/www.accidentdutravail-idf.net\\\/blog\\\/il-faut-que-les-boites-noires-parlent-elles-pourront-nous-dire-ce-qui-sest-passe-lors-du-crash-de-lavion-au-bresil\\\/#breadcrumb\",\"itemListElement\":[{\"@type\":\"ListItem\",\"position\":1,\"name\":\"Accueil\",\"item\":\"https:\\\/\\\/www.accidentdutravail-idf.net\\\/blog\\\/\"},{\"@type\":\"ListItem\",\"position\":2,\"name\":\"Il faut que les bo\u00eetes noires parlent : \u00ab\u00a0Elles pourront nous dire ce qui s\u2019est pass\u00e9\u00a0\u00bb lors du crash de l&rsquo;avion au Br\u00e9sil\"}]},{\"@type\":\"WebSite\",\"@id\":\"https:\\\/\\\/www.accidentdutravail-idf.net\\\/blog\\\/#website\",\"url\":\"https:\\\/\\\/www.accidentdutravail-idf.net\\\/blog\\\/\",\"name\":\"ACCIDENTDUTRAVAIL-IDF\",\"description\":\"Portail accidents du travail-maladies professionnelles des entreprises d&#039;Ile-de-France\",\"publisher\":{\"@id\":\"https:\\\/\\\/www.accidentdutravail-idf.net\\\/blog\\\/#organization\"},\"potentialAction\":[{\"@type\":\"SearchAction\",\"target\":{\"@type\":\"EntryPoint\",\"urlTemplate\":\"https:\\\/\\\/www.accidentdutravail-idf.net\\\/blog\\\/?s={search_term_string}\"},\"query-input\":{\"@type\":\"PropertyValueSpecification\",\"valueRequired\":true,\"valueName\":\"search_term_string\"}}],\"inLanguage\":\"fr-FR\"},{\"@type\":\"Organization\",\"@id\":\"https:\\\/\\\/www.accidentdutravail-idf.net\\\/blog\\\/#organization\",\"name\":\"accidentdutravail-idf\",\"url\":\"https:\\\/\\\/www.accidentdutravail-idf.net\\\/blog\\\/\",\"logo\":{\"@type\":\"ImageObject\",\"inLanguage\":\"fr-FR\",\"@id\":\"https:\\\/\\\/www.accidentdutravail-idf.net\\\/blog\\\/#\\\/schema\\\/logo\\\/image\\\/\",\"url\":\"https:\\\/\\\/www.accidentdutravail-idf.net\\\/blog\\\/wp-content\\\/uploads\\\/2022\\\/09\\\/logo-2.png\",\"contentUrl\":\"https:\\\/\\\/www.accidentdutravail-idf.net\\\/blog\\\/wp-content\\\/uploads\\\/2022\\\/09\\\/logo-2.png\",\"width\":380,\"height\":291,\"caption\":\"accidentdutravail-idf\"},\"image\":{\"@id\":\"https:\\\/\\\/www.accidentdutravail-idf.net\\\/blog\\\/#\\\/schema\\\/logo\\\/image\\\/\"}},{\"@type\":\"Person\",\"@id\":\"https:\\\/\\\/www.accidentdutravail-idf.net\\\/blog\\\/#\\\/schema\\\/person\\\/3255d2f970de45e64bd9201f38e7b947\",\"name\":\"Carlos Poulain\",\"image\":{\"@type\":\"ImageObject\",\"inLanguage\":\"fr-FR\",\"@id\":\"https:\\\/\\\/secure.gravatar.com\\\/avatar\\\/b1c2f9d3588e34e91adb093635df64ef4b2381991216be7576466cfcdca4baf3?s=96&d=mm&r=g\",\"url\":\"https:\\\/\\\/secure.gravatar.com\\\/avatar\\\/b1c2f9d3588e34e91adb093635df64ef4b2381991216be7576466cfcdca4baf3?s=96&d=mm&r=g\",\"contentUrl\":\"https:\\\/\\\/secure.gravatar.com\\\/avatar\\\/b1c2f9d3588e34e91adb093635df64ef4b2381991216be7576466cfcdca4baf3?s=96&d=mm&r=g\",\"caption\":\"Carlos Poulain\"},\"url\":\"https:\\\/\\\/www.accidentdutravail-idf.net\\\/blog\\\/author\\\/idfcarlos\\\/\"}]}<\/script>\n<!-- \/ Yoast SEO plugin. -->","yoast_head_json":{"title":"Il faut que les bo\u00eetes noires parlent : \"Elles pourront nous dire ce qui s\u2019est pass\u00e9\" lors du crash de l'avion au Br\u00e9sil - ACCIDENTDUTRAVAIL-IDF","description":"Il faut que les bo\u00eetes noires parlent : \"Elles pourront nous dire ce qui s\u2019est pass\u00e9\" lors du crash de l'avion au Br\u00e9sil article de ACCIDENTDUTRAVAIL-IDF","robots":{"index":"index","follow":"follow","max-snippet":"max-snippet:-1","max-image-preview":"max-image-preview:large","max-video-preview":"max-video-preview:-1"},"canonical":"https:\/\/www.accidentdutravail-idf.net\/blog\/il-faut-que-les-boites-noires-parlent-elles-pourront-nous-dire-ce-qui-sest-passe-lors-du-crash-de-lavion-au-bresil\/","og_locale":"fr_FR","og_type":"article","og_title":"Il faut que les bo\u00eetes noires parlent : \"Elles pourront nous dire ce qui s\u2019est pass\u00e9\" lors du crash de l'avion au Br\u00e9sil - ACCIDENTDUTRAVAIL-IDF","og_description":"Il faut que les bo\u00eetes noires parlent : \"Elles pourront nous dire ce qui s\u2019est pass\u00e9\" lors du crash de l'avion au Br\u00e9sil article de ACCIDENTDUTRAVAIL-IDF","og_url":"https:\/\/www.accidentdutravail-idf.net\/blog\/il-faut-que-les-boites-noires-parlent-elles-pourront-nous-dire-ce-qui-sest-passe-lors-du-crash-de-lavion-au-bresil\/","og_site_name":"ACCIDENTDUTRAVAIL-IDF","article_published_time":"2024-08-11T02:30:00+00:00","og_image":[{"url":"https:\/\/www.accidentdutravail-idf.net\/blog\/wp-content\/uploads\/2024\/08\/il-faut-que-les-boites-noires-parlent-elles-pourront-nous-dire-ce-qui-sest-passe-lors-du-crash-de-lavion-au-bresil.png","type":"","width":"","height":""}],"author":"Carlos Poulain","twitter_card":"summary_large_image","twitter_misc":{"\u00c9crit par":"Carlos Poulain","Dur\u00e9e de lecture estim\u00e9e":"3 minutes"},"schema":{"@context":"https:\/\/schema.org","@graph":[{"@type":"Article","@id":"https:\/\/www.accidentdutravail-idf.net\/blog\/il-faut-que-les-boites-noires-parlent-elles-pourront-nous-dire-ce-qui-sest-passe-lors-du-crash-de-lavion-au-bresil\/#article","isPartOf":{"@id":"https:\/\/www.accidentdutravail-idf.net\/blog\/il-faut-que-les-boites-noires-parlent-elles-pourront-nous-dire-ce-qui-sest-passe-lors-du-crash-de-lavion-au-bresil\/"},"author":{"name":"Carlos Poulain","@id":"https:\/\/www.accidentdutravail-idf.net\/blog\/#\/schema\/person\/3255d2f970de45e64bd9201f38e7b947"},"headline":"Il faut que les bo\u00eetes noires parlent : \u00ab\u00a0Elles pourront nous dire ce qui s\u2019est pass\u00e9\u00a0\u00bb lors du crash de l&rsquo;avion au Br\u00e9sil","datePublished":"2024-08-11T02:30:00+00:00","mainEntityOfPage":{"@id":"https:\/\/www.accidentdutravail-idf.net\/blog\/il-faut-que-les-boites-noires-parlent-elles-pourront-nous-dire-ce-qui-sest-passe-lors-du-crash-de-lavion-au-bresil\/"},"wordCount":635,"publisher":{"@id":"https:\/\/www.accidentdutravail-idf.net\/blog\/#organization"},"image":{"@id":"https:\/\/www.accidentdutravail-idf.net\/blog\/il-faut-que-les-boites-noires-parlent-elles-pourront-nous-dire-ce-qui-sest-passe-lors-du-crash-de-lavion-au-bresil\/#primaryimage"},"thumbnailUrl":"https:\/\/www.accidentdutravail-idf.net\/blog\/wp-content\/uploads\/2024\/08\/il-faut-que-les-boites-noires-parlent-elles-pourront-nous-dire-ce-qui-sest-passe-lors-du-crash-de-lavion-au-bresil.png","articleSection":["S\u00e9curit\u00e9 Du Travail En Ile-De-France Et Divers:"],"inLanguage":"fr-FR"},{"@type":"WebPage","@id":"https:\/\/www.accidentdutravail-idf.net\/blog\/il-faut-que-les-boites-noires-parlent-elles-pourront-nous-dire-ce-qui-sest-passe-lors-du-crash-de-lavion-au-bresil\/","url":"https:\/\/www.accidentdutravail-idf.net\/blog\/il-faut-que-les-boites-noires-parlent-elles-pourront-nous-dire-ce-qui-sest-passe-lors-du-crash-de-lavion-au-bresil\/","name":"Il faut que les bo\u00eetes noires parlent : \"Elles pourront nous dire ce qui s\u2019est pass\u00e9\" lors du crash de l'avion au Br\u00e9sil - ACCIDENTDUTRAVAIL-IDF","isPartOf":{"@id":"https:\/\/www.accidentdutravail-idf.net\/blog\/#website"},"primaryImageOfPage":{"@id":"https:\/\/www.accidentdutravail-idf.net\/blog\/il-faut-que-les-boites-noires-parlent-elles-pourront-nous-dire-ce-qui-sest-passe-lors-du-crash-de-lavion-au-bresil\/#primaryimage"},"image":{"@id":"https:\/\/www.accidentdutravail-idf.net\/blog\/il-faut-que-les-boites-noires-parlent-elles-pourront-nous-dire-ce-qui-sest-passe-lors-du-crash-de-lavion-au-bresil\/#primaryimage"},"thumbnailUrl":"https:\/\/www.accidentdutravail-idf.net\/blog\/wp-content\/uploads\/2024\/08\/il-faut-que-les-boites-noires-parlent-elles-pourront-nous-dire-ce-qui-sest-passe-lors-du-crash-de-lavion-au-bresil.png","datePublished":"2024-08-11T02:30:00+00:00","description":"Il faut que les bo\u00eetes noires parlent : \"Elles pourront nous dire ce qui s\u2019est pass\u00e9\" lors du crash de l'avion au Br\u00e9sil article de ACCIDENTDUTRAVAIL-IDF","breadcrumb":{"@id":"https:\/\/www.accidentdutravail-idf.net\/blog\/il-faut-que-les-boites-noires-parlent-elles-pourront-nous-dire-ce-qui-sest-passe-lors-du-crash-de-lavion-au-bresil\/#breadcrumb"},"inLanguage":"fr-FR","potentialAction":[{"@type":"ReadAction","target":["https:\/\/www.accidentdutravail-idf.net\/blog\/il-faut-que-les-boites-noires-parlent-elles-pourront-nous-dire-ce-qui-sest-passe-lors-du-crash-de-lavion-au-bresil\/"]}]},{"@type":"ImageObject","inLanguage":"fr-FR","@id":"https:\/\/www.accidentdutravail-idf.net\/blog\/il-faut-que-les-boites-noires-parlent-elles-pourront-nous-dire-ce-qui-sest-passe-lors-du-crash-de-lavion-au-bresil\/#primaryimage","url":"https:\/\/www.accidentdutravail-idf.net\/blog\/wp-content\/uploads\/2024\/08\/il-faut-que-les-boites-noires-parlent-elles-pourront-nous-dire-ce-qui-sest-passe-lors-du-crash-de-lavion-au-bresil.png","contentUrl":"https:\/\/www.accidentdutravail-idf.net\/blog\/wp-content\/uploads\/2024\/08\/il-faut-que-les-boites-noires-parlent-elles-pourront-nous-dire-ce-qui-sest-passe-lors-du-crash-de-lavion-au-bresil.png"},{"@type":"BreadcrumbList","@id":"https:\/\/www.accidentdutravail-idf.net\/blog\/il-faut-que-les-boites-noires-parlent-elles-pourront-nous-dire-ce-qui-sest-passe-lors-du-crash-de-lavion-au-bresil\/#breadcrumb","itemListElement":[{"@type":"ListItem","position":1,"name":"Accueil","item":"https:\/\/www.accidentdutravail-idf.net\/blog\/"},{"@type":"ListItem","position":2,"name":"Il faut que les bo\u00eetes noires parlent : \u00ab\u00a0Elles pourront nous dire ce qui s\u2019est pass\u00e9\u00a0\u00bb lors du crash de l&rsquo;avion au Br\u00e9sil"}]},{"@type":"WebSite","@id":"https:\/\/www.accidentdutravail-idf.net\/blog\/#website","url":"https:\/\/www.accidentdutravail-idf.net\/blog\/","name":"ACCIDENTDUTRAVAIL-IDF","description":"Portail accidents du travail-maladies professionnelles des entreprises d&#039;Ile-de-France","publisher":{"@id":"https:\/\/www.accidentdutravail-idf.net\/blog\/#organization"},"potentialAction":[{"@type":"SearchAction","target":{"@type":"EntryPoint","urlTemplate":"https:\/\/www.accidentdutravail-idf.net\/blog\/?s={search_term_string}"},"query-input":{"@type":"PropertyValueSpecification","valueRequired":true,"valueName":"search_term_string"}}],"inLanguage":"fr-FR"},{"@type":"Organization","@id":"https:\/\/www.accidentdutravail-idf.net\/blog\/#organization","name":"accidentdutravail-idf","url":"https:\/\/www.accidentdutravail-idf.net\/blog\/","logo":{"@type":"ImageObject","inLanguage":"fr-FR","@id":"https:\/\/www.accidentdutravail-idf.net\/blog\/#\/schema\/logo\/image\/","url":"https:\/\/www.accidentdutravail-idf.net\/blog\/wp-content\/uploads\/2022\/09\/logo-2.png","contentUrl":"https:\/\/www.accidentdutravail-idf.net\/blog\/wp-content\/uploads\/2022\/09\/logo-2.png","width":380,"height":291,"caption":"accidentdutravail-idf"},"image":{"@id":"https:\/\/www.accidentdutravail-idf.net\/blog\/#\/schema\/logo\/image\/"}},{"@type":"Person","@id":"https:\/\/www.accidentdutravail-idf.net\/blog\/#\/schema\/person\/3255d2f970de45e64bd9201f38e7b947","name":"Carlos Poulain","image":{"@type":"ImageObject","inLanguage":"fr-FR","@id":"https:\/\/secure.gravatar.com\/avatar\/b1c2f9d3588e34e91adb093635df64ef4b2381991216be7576466cfcdca4baf3?s=96&d=mm&r=g","url":"https:\/\/secure.gravatar.com\/avatar\/b1c2f9d3588e34e91adb093635df64ef4b2381991216be7576466cfcdca4baf3?s=96&d=mm&r=g","contentUrl":"https:\/\/secure.gravatar.com\/avatar\/b1c2f9d3588e34e91adb093635df64ef4b2381991216be7576466cfcdca4baf3?s=96&d=mm&r=g","caption":"Carlos Poulain"},"url":"https:\/\/www.accidentdutravail-idf.net\/blog\/author\/idfcarlos\/"}]}},"_links":{"self":[{"href":"https:\/\/www.accidentdutravail-idf.net\/blog\/wp-json\/wp\/v2\/posts\/646","targetHints":{"allow":["GET"]}}],"collection":[{"href":"https:\/\/www.accidentdutravail-idf.net\/blog\/wp-json\/wp\/v2\/posts"}],"about":[{"href":"https:\/\/www.accidentdutravail-idf.net\/blog\/wp-json\/wp\/v2\/types\/post"}],"author":[{"embeddable":true,"href":"https:\/\/www.accidentdutravail-idf.net\/blog\/wp-json\/wp\/v2\/users\/2"}],"replies":[{"embeddable":true,"href":"https:\/\/www.accidentdutravail-idf.net\/blog\/wp-json\/wp\/v2\/comments?post=646"}],"version-history":[{"count":0,"href":"https:\/\/www.accidentdutravail-idf.net\/blog\/wp-json\/wp\/v2\/posts\/646\/revisions"}],"wp:attachment":[{"href":"https:\/\/www.accidentdutravail-idf.net\/blog\/wp-json\/wp\/v2\/media?parent=646"}],"wp:term":[{"taxonomy":"category","embeddable":true,"href":"https:\/\/www.accidentdutravail-idf.net\/blog\/wp-json\/wp\/v2\/categories?post=646"},{"taxonomy":"post_tag","embeddable":true,"href":"https:\/\/www.accidentdutravail-idf.net\/blog\/wp-json\/wp\/v2\/tags?post=646"}],"curies":[{"name":"wp","href":"https:\/\/api.w.org\/{rel}","templated":true}]}}