{"id":638,"date":"2024-08-08T11:16:00","date_gmt":"2024-08-08T09:16:00","guid":{"rendered":"https:\/\/www.accidentdutravail-idf.net\/blog\/accident-de-camion-sur-lautoroute-a8-a-frejus-les-trois-voies-sont-desormais-rouvertes\/"},"modified":"2024-08-08T11:16:00","modified_gmt":"2024-08-08T09:16:00","slug":"accident-de-camion-sur-lautoroute-a8-a-frejus-les-trois-voies-sont-desormais-rouvertes","status":"publish","type":"post","link":"https:\/\/www.accidentdutravail-idf.net\/blog\/accident-de-camion-sur-lautoroute-a8-a-frejus-les-trois-voies-sont-desormais-rouvertes\/","title":{"rendered":"Accident de camion sur l\u2019autoroute A8 \u00e0 Fr\u00e9jus: les trois voies sont d\u00e9sormais rouvertes"},"content":{"rendered":"<div><img decoding=\"async\" src=\"https:\/\/www.accidentdutravail-idf.net\/blog\/wp-content\/uploads\/2024\/08\/accident-de-camion-sur-lautoroute-a8-a-frejus-les-trois-voies-sont-desormais-rouvertes.jpg\" class=\"ff-og-image-inserted\"><\/div>\n<div id=\"article-teaser\" data-poool-mode=\"custom\">\n<p>En effet, l\u2019entreprise Vinci Autoroutes vient d\u2019annoncer avoir rouvert \u00e0 la circulation la totalit\u00e9 des trois voies. L\u2019accident (dans lequel le chauffeur, un homme de 40 ans a \u00e9t\u00e9 gravement bless\u00e9) a fortement impact\u00e9 la circulation qui \u00e9tait consid\u00e9r\u00e9e comme \u00ab\u00a0tr\u00e8s difficile\u00a0\u00bb entre Mandelieu et Fr\u00e9jus, cet apr\u00e8s-midi.<\/p>\n<h2 class=\"title9\">Des travaux seront effectu\u00e9s sur la chauss\u00e9e<\/h2>\n<p><em>\u00ab\u00a0Depuis 12h40, la circulation a pu reprendre sur la voie de gauche, \u00e0 16h40 la voie du milieu a \u00e9t\u00e9 rendue \u00e0 la circulation et \u00e0 17h20l\u2019ensemble des voies sont circulables<\/em>, explique Vinci Autoroutes dans un communiqu\u00e9 adress\u00e9 \u00e0 Var-matin.<em> <\/em><\/p>\n<p><em>Le camion s\u2019\u00e9tant couch\u00e9 sur les voies, des op\u00e9rations de relevage ont \u00e9t\u00e9 n\u00e9cessaires et sont \u00e0 pr\u00e9sent termin\u00e9es. Cela permet la r\u00e9ouverture de l\u2019autoroute A8 sur la voie de gauche et du milieu en direction d\u2019Aix-en-Provence. Des travaux de nettoyage ont ensuite \u00e9t\u00e9 effectu\u00e9s pour pouvoir rouvrir l\u2019ensemble des voies \u00e0 la circulation. Des travaux de remise en \u00e9tat de la chauss\u00e9e ainsi que des \u00e9quipements de s\u00e9curit\u00e9 seront ensuite programm\u00e9s cette nuit et la nuit prochaine\u00a0\u00bb<\/em>.<\/p>\n<\/p><\/div>\n<p> accidentdutravail-idf.net vous a pr\u00e9par\u00e9 ce post qui informe du sujet \u00ab\u00a0Association Sportive Huisson-Longueville Essonne\u00a0\u00bb. La chronique se veut g\u00e9n\u00e9r\u00e9e du mieux possible. Vous pouvez utiliser les coordonn\u00e9es indiqu\u00e9es sur le site dans le but d\u2019apporter des explications sur ce post qui parle du th\u00e8me \u00ab\u00a0Association Sportive Huisson-Longueville Essonne\u00a0\u00bb. Le site accidentdutravail-idf.net a pour but de fournir diverses publications sur la th\u00e9matique Association Sportive Huisson-Longueville Essonne diffus\u00e9es sur le net. Il y aura plusieurs articles autour du sujet \u00ab\u00a0Association Sportive Huisson-Longueville Essonne\u00a0\u00bb dans quelques jours, nous vous invitons \u00e0 naviguer sur notre site web \u00e0 plusieurs reprises.<\/p>\n","protected":false},"excerpt":{"rendered":"<p>En effet, l\u2019entreprise Vinci Autoroutes vient d\u2019annoncer avoir rouvert \u00e0 la circulation la totalit\u00e9 des trois voies. L\u2019accident (dans lequel le chauffeur, un homme de 40 ans a \u00e9t\u00e9 gravement bless\u00e9) a fortement impact\u00e9 la circulation qui \u00e9tait consid\u00e9r\u00e9e comme \u00ab\u00a0tr\u00e8s difficile\u00a0\u00bb entre Mandelieu et Fr\u00e9jus, cet apr\u00e8s-midi. Des travaux seront effectu\u00e9s sur la chauss\u00e9e &hellip; <\/p>\n<p class=\"link-more\"><a href=\"https:\/\/www.accidentdutravail-idf.net\/blog\/accident-de-camion-sur-lautoroute-a8-a-frejus-les-trois-voies-sont-desormais-rouvertes\/\" class=\"more-link\">Continuer la lecture <span class=\"screen-reader-text\"> \u00ab\u00a0Accident de camion sur l\u2019autoroute A8 \u00e0 Fr\u00e9jus: les trois voies sont d\u00e9sormais rouvertes\u00a0\u00bb<\/span><\/a><\/p>\n","protected":false},"author":2,"featured_media":0,"comment_status":"closed","ping_status":"closed","sticky":false,"template":"","format":"standard","meta":{"footnotes":""},"categories":[5],"tags":[],"class_list":["post-638","post","type-post","status-publish","format-standard","hentry","category-securite-du-travail-en-ile-de-france-et-divers","entry"],"yoast_head":"<!-- This site is optimized with the Yoast SEO plugin v27.5 - https:\/\/yoast.com\/product\/yoast-seo-wordpress\/ -->\n<title>Accident de camion sur l\u2019autoroute A8 \u00e0 Fr\u00e9jus: les trois voies sont d\u00e9sormais rouvertes - ACCIDENTDUTRAVAIL-IDF<\/title>\n<meta name=\"description\" content=\"Accident de camion sur l\u2019autoroute A8 \u00e0 Fr\u00e9jus: les trois voies sont d\u00e9sormais rouvertes article de ACCIDENTDUTRAVAIL-IDF\" \/>\n<meta name=\"robots\" content=\"index, follow, max-snippet:-1, max-image-preview:large, max-video-preview:-1\" \/>\n<link rel=\"canonical\" href=\"https:\/\/www.accidentdutravail-idf.net\/blog\/accident-de-camion-sur-lautoroute-a8-a-frejus-les-trois-voies-sont-desormais-rouvertes\/\" \/>\n<meta property=\"og:locale\" content=\"fr_FR\" \/>\n<meta property=\"og:type\" content=\"article\" \/>\n<meta property=\"og:title\" content=\"Accident de camion sur l\u2019autoroute A8 \u00e0 Fr\u00e9jus: les trois voies sont d\u00e9sormais rouvertes - ACCIDENTDUTRAVAIL-IDF\" \/>\n<meta property=\"og:description\" content=\"Accident de camion sur l\u2019autoroute A8 \u00e0 Fr\u00e9jus: les trois voies sont d\u00e9sormais rouvertes article de ACCIDENTDUTRAVAIL-IDF\" \/>\n<meta property=\"og:url\" content=\"https:\/\/www.accidentdutravail-idf.net\/blog\/accident-de-camion-sur-lautoroute-a8-a-frejus-les-trois-voies-sont-desormais-rouvertes\/\" \/>\n<meta property=\"og:site_name\" content=\"ACCIDENTDUTRAVAIL-IDF\" \/>\n<meta property=\"article:published_time\" content=\"2024-08-08T09:16:00+00:00\" \/>\n<meta property=\"og:image\" content=\"https:\/\/www.accidentdutravail-idf.net\/blog\/wp-content\/uploads\/2024\/08\/accident-de-camion-sur-lautoroute-a8-a-frejus-les-trois-voies-sont-desormais-rouvertes.jpg\" \/>\n<meta name=\"author\" content=\"Carlos Poulain\" \/>\n<meta name=\"twitter:card\" content=\"summary_large_image\" \/>\n<meta name=\"twitter:label1\" content=\"\u00c9crit par\" \/>\n\t<meta name=\"twitter:data1\" content=\"Carlos Poulain\" \/>\n\t<meta name=\"twitter:label2\" content=\"Dur\u00e9e de lecture estim\u00e9e\" \/>\n\t<meta name=\"twitter:data2\" content=\"1 minute\" \/>\n<script type=\"application\/ld+json\" class=\"yoast-schema-graph\">{\"@context\":\"https:\\\/\\\/schema.org\",\"@graph\":[{\"@type\":\"Article\",\"@id\":\"https:\\\/\\\/www.accidentdutravail-idf.net\\\/blog\\\/accident-de-camion-sur-lautoroute-a8-a-frejus-les-trois-voies-sont-desormais-rouvertes\\\/#article\",\"isPartOf\":{\"@id\":\"https:\\\/\\\/www.accidentdutravail-idf.net\\\/blog\\\/accident-de-camion-sur-lautoroute-a8-a-frejus-les-trois-voies-sont-desormais-rouvertes\\\/\"},\"author\":{\"name\":\"Carlos Poulain\",\"@id\":\"https:\\\/\\\/www.accidentdutravail-idf.net\\\/blog\\\/#\\\/schema\\\/person\\\/3255d2f970de45e64bd9201f38e7b947\"},\"headline\":\"Accident de camion sur l\u2019autoroute A8 \u00e0 Fr\u00e9jus: les trois voies sont d\u00e9sormais rouvertes\",\"datePublished\":\"2024-08-08T09:16:00+00:00\",\"mainEntityOfPage\":{\"@id\":\"https:\\\/\\\/www.accidentdutravail-idf.net\\\/blog\\\/accident-de-camion-sur-lautoroute-a8-a-frejus-les-trois-voies-sont-desormais-rouvertes\\\/\"},\"wordCount\":312,\"publisher\":{\"@id\":\"https:\\\/\\\/www.accidentdutravail-idf.net\\\/blog\\\/#organization\"},\"image\":{\"@id\":\"https:\\\/\\\/www.accidentdutravail-idf.net\\\/blog\\\/accident-de-camion-sur-lautoroute-a8-a-frejus-les-trois-voies-sont-desormais-rouvertes\\\/#primaryimage\"},\"thumbnailUrl\":\"https:\\\/\\\/www.accidentdutravail-idf.net\\\/blog\\\/wp-content\\\/uploads\\\/2024\\\/08\\\/accident-de-camion-sur-lautoroute-a8-a-frejus-les-trois-voies-sont-desormais-rouvertes.jpg\",\"articleSection\":[\"S\u00e9curit\u00e9 Du Travail En Ile-De-France Et Divers:\"],\"inLanguage\":\"fr-FR\"},{\"@type\":\"WebPage\",\"@id\":\"https:\\\/\\\/www.accidentdutravail-idf.net\\\/blog\\\/accident-de-camion-sur-lautoroute-a8-a-frejus-les-trois-voies-sont-desormais-rouvertes\\\/\",\"url\":\"https:\\\/\\\/www.accidentdutravail-idf.net\\\/blog\\\/accident-de-camion-sur-lautoroute-a8-a-frejus-les-trois-voies-sont-desormais-rouvertes\\\/\",\"name\":\"Accident de camion sur l\u2019autoroute A8 \u00e0 Fr\u00e9jus: les trois voies sont d\u00e9sormais rouvertes - ACCIDENTDUTRAVAIL-IDF\",\"isPartOf\":{\"@id\":\"https:\\\/\\\/www.accidentdutravail-idf.net\\\/blog\\\/#website\"},\"primaryImageOfPage\":{\"@id\":\"https:\\\/\\\/www.accidentdutravail-idf.net\\\/blog\\\/accident-de-camion-sur-lautoroute-a8-a-frejus-les-trois-voies-sont-desormais-rouvertes\\\/#primaryimage\"},\"image\":{\"@id\":\"https:\\\/\\\/www.accidentdutravail-idf.net\\\/blog\\\/accident-de-camion-sur-lautoroute-a8-a-frejus-les-trois-voies-sont-desormais-rouvertes\\\/#primaryimage\"},\"thumbnailUrl\":\"https:\\\/\\\/www.accidentdutravail-idf.net\\\/blog\\\/wp-content\\\/uploads\\\/2024\\\/08\\\/accident-de-camion-sur-lautoroute-a8-a-frejus-les-trois-voies-sont-desormais-rouvertes.jpg\",\"datePublished\":\"2024-08-08T09:16:00+00:00\",\"description\":\"Accident de camion sur l\u2019autoroute A8 \u00e0 Fr\u00e9jus: les trois voies sont d\u00e9sormais rouvertes article de ACCIDENTDUTRAVAIL-IDF\",\"breadcrumb\":{\"@id\":\"https:\\\/\\\/www.accidentdutravail-idf.net\\\/blog\\\/accident-de-camion-sur-lautoroute-a8-a-frejus-les-trois-voies-sont-desormais-rouvertes\\\/#breadcrumb\"},\"inLanguage\":\"fr-FR\",\"potentialAction\":[{\"@type\":\"ReadAction\",\"target\":[\"https:\\\/\\\/www.accidentdutravail-idf.net\\\/blog\\\/accident-de-camion-sur-lautoroute-a8-a-frejus-les-trois-voies-sont-desormais-rouvertes\\\/\"]}]},{\"@type\":\"ImageObject\",\"inLanguage\":\"fr-FR\",\"@id\":\"https:\\\/\\\/www.accidentdutravail-idf.net\\\/blog\\\/accident-de-camion-sur-lautoroute-a8-a-frejus-les-trois-voies-sont-desormais-rouvertes\\\/#primaryimage\",\"url\":\"https:\\\/\\\/www.accidentdutravail-idf.net\\\/blog\\\/wp-content\\\/uploads\\\/2024\\\/08\\\/accident-de-camion-sur-lautoroute-a8-a-frejus-les-trois-voies-sont-desormais-rouvertes.jpg\",\"contentUrl\":\"https:\\\/\\\/www.accidentdutravail-idf.net\\\/blog\\\/wp-content\\\/uploads\\\/2024\\\/08\\\/accident-de-camion-sur-lautoroute-a8-a-frejus-les-trois-voies-sont-desormais-rouvertes.jpg\"},{\"@type\":\"BreadcrumbList\",\"@id\":\"https:\\\/\\\/www.accidentdutravail-idf.net\\\/blog\\\/accident-de-camion-sur-lautoroute-a8-a-frejus-les-trois-voies-sont-desormais-rouvertes\\\/#breadcrumb\",\"itemListElement\":[{\"@type\":\"ListItem\",\"position\":1,\"name\":\"Accueil\",\"item\":\"https:\\\/\\\/www.accidentdutravail-idf.net\\\/blog\\\/\"},{\"@type\":\"ListItem\",\"position\":2,\"name\":\"Accident de camion sur l\u2019autoroute A8 \u00e0 Fr\u00e9jus: les trois voies sont d\u00e9sormais rouvertes\"}]},{\"@type\":\"WebSite\",\"@id\":\"https:\\\/\\\/www.accidentdutravail-idf.net\\\/blog\\\/#website\",\"url\":\"https:\\\/\\\/www.accidentdutravail-idf.net\\\/blog\\\/\",\"name\":\"ACCIDENTDUTRAVAIL-IDF\",\"description\":\"Portail accidents du travail-maladies professionnelles des entreprises d&#039;Ile-de-France\",\"publisher\":{\"@id\":\"https:\\\/\\\/www.accidentdutravail-idf.net\\\/blog\\\/#organization\"},\"potentialAction\":[{\"@type\":\"SearchAction\",\"target\":{\"@type\":\"EntryPoint\",\"urlTemplate\":\"https:\\\/\\\/www.accidentdutravail-idf.net\\\/blog\\\/?s={search_term_string}\"},\"query-input\":{\"@type\":\"PropertyValueSpecification\",\"valueRequired\":true,\"valueName\":\"search_term_string\"}}],\"inLanguage\":\"fr-FR\"},{\"@type\":\"Organization\",\"@id\":\"https:\\\/\\\/www.accidentdutravail-idf.net\\\/blog\\\/#organization\",\"name\":\"accidentdutravail-idf\",\"url\":\"https:\\\/\\\/www.accidentdutravail-idf.net\\\/blog\\\/\",\"logo\":{\"@type\":\"ImageObject\",\"inLanguage\":\"fr-FR\",\"@id\":\"https:\\\/\\\/www.accidentdutravail-idf.net\\\/blog\\\/#\\\/schema\\\/logo\\\/image\\\/\",\"url\":\"https:\\\/\\\/www.accidentdutravail-idf.net\\\/blog\\\/wp-content\\\/uploads\\\/2022\\\/09\\\/logo-2.png\",\"contentUrl\":\"https:\\\/\\\/www.accidentdutravail-idf.net\\\/blog\\\/wp-content\\\/uploads\\\/2022\\\/09\\\/logo-2.png\",\"width\":380,\"height\":291,\"caption\":\"accidentdutravail-idf\"},\"image\":{\"@id\":\"https:\\\/\\\/www.accidentdutravail-idf.net\\\/blog\\\/#\\\/schema\\\/logo\\\/image\\\/\"}},{\"@type\":\"Person\",\"@id\":\"https:\\\/\\\/www.accidentdutravail-idf.net\\\/blog\\\/#\\\/schema\\\/person\\\/3255d2f970de45e64bd9201f38e7b947\",\"name\":\"Carlos Poulain\",\"image\":{\"@type\":\"ImageObject\",\"inLanguage\":\"fr-FR\",\"@id\":\"https:\\\/\\\/secure.gravatar.com\\\/avatar\\\/b1c2f9d3588e34e91adb093635df64ef4b2381991216be7576466cfcdca4baf3?s=96&d=mm&r=g\",\"url\":\"https:\\\/\\\/secure.gravatar.com\\\/avatar\\\/b1c2f9d3588e34e91adb093635df64ef4b2381991216be7576466cfcdca4baf3?s=96&d=mm&r=g\",\"contentUrl\":\"https:\\\/\\\/secure.gravatar.com\\\/avatar\\\/b1c2f9d3588e34e91adb093635df64ef4b2381991216be7576466cfcdca4baf3?s=96&d=mm&r=g\",\"caption\":\"Carlos Poulain\"},\"url\":\"https:\\\/\\\/www.accidentdutravail-idf.net\\\/blog\\\/author\\\/idfcarlos\\\/\"}]}<\/script>\n<!-- \/ Yoast SEO plugin. -->","yoast_head_json":{"title":"Accident de camion sur l\u2019autoroute A8 \u00e0 Fr\u00e9jus: les trois voies sont d\u00e9sormais rouvertes - ACCIDENTDUTRAVAIL-IDF","description":"Accident de camion sur l\u2019autoroute A8 \u00e0 Fr\u00e9jus: les trois voies sont d\u00e9sormais rouvertes article de ACCIDENTDUTRAVAIL-IDF","robots":{"index":"index","follow":"follow","max-snippet":"max-snippet:-1","max-image-preview":"max-image-preview:large","max-video-preview":"max-video-preview:-1"},"canonical":"https:\/\/www.accidentdutravail-idf.net\/blog\/accident-de-camion-sur-lautoroute-a8-a-frejus-les-trois-voies-sont-desormais-rouvertes\/","og_locale":"fr_FR","og_type":"article","og_title":"Accident de camion sur l\u2019autoroute A8 \u00e0 Fr\u00e9jus: les trois voies sont d\u00e9sormais rouvertes - ACCIDENTDUTRAVAIL-IDF","og_description":"Accident de camion sur l\u2019autoroute A8 \u00e0 Fr\u00e9jus: les trois voies sont d\u00e9sormais rouvertes article de ACCIDENTDUTRAVAIL-IDF","og_url":"https:\/\/www.accidentdutravail-idf.net\/blog\/accident-de-camion-sur-lautoroute-a8-a-frejus-les-trois-voies-sont-desormais-rouvertes\/","og_site_name":"ACCIDENTDUTRAVAIL-IDF","article_published_time":"2024-08-08T09:16:00+00:00","og_image":[{"url":"https:\/\/www.accidentdutravail-idf.net\/blog\/wp-content\/uploads\/2024\/08\/accident-de-camion-sur-lautoroute-a8-a-frejus-les-trois-voies-sont-desormais-rouvertes.jpg","type":"","width":"","height":""}],"author":"Carlos Poulain","twitter_card":"summary_large_image","twitter_misc":{"\u00c9crit par":"Carlos Poulain","Dur\u00e9e de lecture estim\u00e9e":"1 minute"},"schema":{"@context":"https:\/\/schema.org","@graph":[{"@type":"Article","@id":"https:\/\/www.accidentdutravail-idf.net\/blog\/accident-de-camion-sur-lautoroute-a8-a-frejus-les-trois-voies-sont-desormais-rouvertes\/#article","isPartOf":{"@id":"https:\/\/www.accidentdutravail-idf.net\/blog\/accident-de-camion-sur-lautoroute-a8-a-frejus-les-trois-voies-sont-desormais-rouvertes\/"},"author":{"name":"Carlos Poulain","@id":"https:\/\/www.accidentdutravail-idf.net\/blog\/#\/schema\/person\/3255d2f970de45e64bd9201f38e7b947"},"headline":"Accident de camion sur l\u2019autoroute A8 \u00e0 Fr\u00e9jus: les trois voies sont d\u00e9sormais rouvertes","datePublished":"2024-08-08T09:16:00+00:00","mainEntityOfPage":{"@id":"https:\/\/www.accidentdutravail-idf.net\/blog\/accident-de-camion-sur-lautoroute-a8-a-frejus-les-trois-voies-sont-desormais-rouvertes\/"},"wordCount":312,"publisher":{"@id":"https:\/\/www.accidentdutravail-idf.net\/blog\/#organization"},"image":{"@id":"https:\/\/www.accidentdutravail-idf.net\/blog\/accident-de-camion-sur-lautoroute-a8-a-frejus-les-trois-voies-sont-desormais-rouvertes\/#primaryimage"},"thumbnailUrl":"https:\/\/www.accidentdutravail-idf.net\/blog\/wp-content\/uploads\/2024\/08\/accident-de-camion-sur-lautoroute-a8-a-frejus-les-trois-voies-sont-desormais-rouvertes.jpg","articleSection":["S\u00e9curit\u00e9 Du Travail En Ile-De-France Et Divers:"],"inLanguage":"fr-FR"},{"@type":"WebPage","@id":"https:\/\/www.accidentdutravail-idf.net\/blog\/accident-de-camion-sur-lautoroute-a8-a-frejus-les-trois-voies-sont-desormais-rouvertes\/","url":"https:\/\/www.accidentdutravail-idf.net\/blog\/accident-de-camion-sur-lautoroute-a8-a-frejus-les-trois-voies-sont-desormais-rouvertes\/","name":"Accident de camion sur l\u2019autoroute A8 \u00e0 Fr\u00e9jus: les trois voies sont d\u00e9sormais rouvertes - ACCIDENTDUTRAVAIL-IDF","isPartOf":{"@id":"https:\/\/www.accidentdutravail-idf.net\/blog\/#website"},"primaryImageOfPage":{"@id":"https:\/\/www.accidentdutravail-idf.net\/blog\/accident-de-camion-sur-lautoroute-a8-a-frejus-les-trois-voies-sont-desormais-rouvertes\/#primaryimage"},"image":{"@id":"https:\/\/www.accidentdutravail-idf.net\/blog\/accident-de-camion-sur-lautoroute-a8-a-frejus-les-trois-voies-sont-desormais-rouvertes\/#primaryimage"},"thumbnailUrl":"https:\/\/www.accidentdutravail-idf.net\/blog\/wp-content\/uploads\/2024\/08\/accident-de-camion-sur-lautoroute-a8-a-frejus-les-trois-voies-sont-desormais-rouvertes.jpg","datePublished":"2024-08-08T09:16:00+00:00","description":"Accident de camion sur l\u2019autoroute A8 \u00e0 Fr\u00e9jus: les trois voies sont d\u00e9sormais rouvertes article de ACCIDENTDUTRAVAIL-IDF","breadcrumb":{"@id":"https:\/\/www.accidentdutravail-idf.net\/blog\/accident-de-camion-sur-lautoroute-a8-a-frejus-les-trois-voies-sont-desormais-rouvertes\/#breadcrumb"},"inLanguage":"fr-FR","potentialAction":[{"@type":"ReadAction","target":["https:\/\/www.accidentdutravail-idf.net\/blog\/accident-de-camion-sur-lautoroute-a8-a-frejus-les-trois-voies-sont-desormais-rouvertes\/"]}]},{"@type":"ImageObject","inLanguage":"fr-FR","@id":"https:\/\/www.accidentdutravail-idf.net\/blog\/accident-de-camion-sur-lautoroute-a8-a-frejus-les-trois-voies-sont-desormais-rouvertes\/#primaryimage","url":"https:\/\/www.accidentdutravail-idf.net\/blog\/wp-content\/uploads\/2024\/08\/accident-de-camion-sur-lautoroute-a8-a-frejus-les-trois-voies-sont-desormais-rouvertes.jpg","contentUrl":"https:\/\/www.accidentdutravail-idf.net\/blog\/wp-content\/uploads\/2024\/08\/accident-de-camion-sur-lautoroute-a8-a-frejus-les-trois-voies-sont-desormais-rouvertes.jpg"},{"@type":"BreadcrumbList","@id":"https:\/\/www.accidentdutravail-idf.net\/blog\/accident-de-camion-sur-lautoroute-a8-a-frejus-les-trois-voies-sont-desormais-rouvertes\/#breadcrumb","itemListElement":[{"@type":"ListItem","position":1,"name":"Accueil","item":"https:\/\/www.accidentdutravail-idf.net\/blog\/"},{"@type":"ListItem","position":2,"name":"Accident de camion sur l\u2019autoroute A8 \u00e0 Fr\u00e9jus: les trois voies sont d\u00e9sormais rouvertes"}]},{"@type":"WebSite","@id":"https:\/\/www.accidentdutravail-idf.net\/blog\/#website","url":"https:\/\/www.accidentdutravail-idf.net\/blog\/","name":"ACCIDENTDUTRAVAIL-IDF","description":"Portail accidents du travail-maladies professionnelles des entreprises d&#039;Ile-de-France","publisher":{"@id":"https:\/\/www.accidentdutravail-idf.net\/blog\/#organization"},"potentialAction":[{"@type":"SearchAction","target":{"@type":"EntryPoint","urlTemplate":"https:\/\/www.accidentdutravail-idf.net\/blog\/?s={search_term_string}"},"query-input":{"@type":"PropertyValueSpecification","valueRequired":true,"valueName":"search_term_string"}}],"inLanguage":"fr-FR"},{"@type":"Organization","@id":"https:\/\/www.accidentdutravail-idf.net\/blog\/#organization","name":"accidentdutravail-idf","url":"https:\/\/www.accidentdutravail-idf.net\/blog\/","logo":{"@type":"ImageObject","inLanguage":"fr-FR","@id":"https:\/\/www.accidentdutravail-idf.net\/blog\/#\/schema\/logo\/image\/","url":"https:\/\/www.accidentdutravail-idf.net\/blog\/wp-content\/uploads\/2022\/09\/logo-2.png","contentUrl":"https:\/\/www.accidentdutravail-idf.net\/blog\/wp-content\/uploads\/2022\/09\/logo-2.png","width":380,"height":291,"caption":"accidentdutravail-idf"},"image":{"@id":"https:\/\/www.accidentdutravail-idf.net\/blog\/#\/schema\/logo\/image\/"}},{"@type":"Person","@id":"https:\/\/www.accidentdutravail-idf.net\/blog\/#\/schema\/person\/3255d2f970de45e64bd9201f38e7b947","name":"Carlos Poulain","image":{"@type":"ImageObject","inLanguage":"fr-FR","@id":"https:\/\/secure.gravatar.com\/avatar\/b1c2f9d3588e34e91adb093635df64ef4b2381991216be7576466cfcdca4baf3?s=96&d=mm&r=g","url":"https:\/\/secure.gravatar.com\/avatar\/b1c2f9d3588e34e91adb093635df64ef4b2381991216be7576466cfcdca4baf3?s=96&d=mm&r=g","contentUrl":"https:\/\/secure.gravatar.com\/avatar\/b1c2f9d3588e34e91adb093635df64ef4b2381991216be7576466cfcdca4baf3?s=96&d=mm&r=g","caption":"Carlos Poulain"},"url":"https:\/\/www.accidentdutravail-idf.net\/blog\/author\/idfcarlos\/"}]}},"_links":{"self":[{"href":"https:\/\/www.accidentdutravail-idf.net\/blog\/wp-json\/wp\/v2\/posts\/638","targetHints":{"allow":["GET"]}}],"collection":[{"href":"https:\/\/www.accidentdutravail-idf.net\/blog\/wp-json\/wp\/v2\/posts"}],"about":[{"href":"https:\/\/www.accidentdutravail-idf.net\/blog\/wp-json\/wp\/v2\/types\/post"}],"author":[{"embeddable":true,"href":"https:\/\/www.accidentdutravail-idf.net\/blog\/wp-json\/wp\/v2\/users\/2"}],"replies":[{"embeddable":true,"href":"https:\/\/www.accidentdutravail-idf.net\/blog\/wp-json\/wp\/v2\/comments?post=638"}],"version-history":[{"count":0,"href":"https:\/\/www.accidentdutravail-idf.net\/blog\/wp-json\/wp\/v2\/posts\/638\/revisions"}],"wp:attachment":[{"href":"https:\/\/www.accidentdutravail-idf.net\/blog\/wp-json\/wp\/v2\/media?parent=638"}],"wp:term":[{"taxonomy":"category","embeddable":true,"href":"https:\/\/www.accidentdutravail-idf.net\/blog\/wp-json\/wp\/v2\/categories?post=638"},{"taxonomy":"post_tag","embeddable":true,"href":"https:\/\/www.accidentdutravail-idf.net\/blog\/wp-json\/wp\/v2\/tags?post=638"}],"curies":[{"name":"wp","href":"https:\/\/api.w.org\/{rel}","templated":true}]}}