{"id":637,"date":"2024-08-08T03:21:00","date_gmt":"2024-08-08T01:21:00","guid":{"rendered":"https:\/\/www.accidentdutravail-idf.net\/blog\/hausse-inquietante-du-nombre-daccidents-sur-les-routes-du-tarn-les-controles-vont-etre-renforces\/"},"modified":"2024-08-08T03:21:00","modified_gmt":"2024-08-08T01:21:00","slug":"hausse-inquietante-du-nombre-daccidents-sur-les-routes-du-tarn-les-controles-vont-etre-renforces","status":"publish","type":"post","link":"https:\/\/www.accidentdutravail-idf.net\/blog\/hausse-inquietante-du-nombre-daccidents-sur-les-routes-du-tarn-les-controles-vont-etre-renforces\/","title":{"rendered":"Hausse inqui\u00e9tante du nombre d\u2019accidents sur les routes du Tarn, les contr\u00f4les vont \u00eatre renforc\u00e9s"},"content":{"rendered":"<div><img decoding=\"async\" src=\"https:\/\/www.accidentdutravail-idf.net\/blog\/wp-content\/uploads\/2024\/08\/hausse-inquietante-du-nombre-daccidents-sur-les-routes-du-tarn-les-controles-vont-etre-renforces.jpg\" class=\"ff-og-image-inserted\"><\/div>\n<p> <span class=\"article-full__chapo-label hide-on-small-only\">l&rsquo;essentiel<\/span> Les accidents de la route dans le Tarn ont augment\u00e9 de 26&nbsp;% au premier semestre 2024 selon les donn\u00e9es provisoires publi\u00e9es par l\u2019observatoire d\u00e9partemental de la s\u00e9curit\u00e9 routi\u00e8re. Une tendance inqui\u00e9tante et qui s\u2019est encore accentu\u00e9e depuis le d\u00e9but de l\u2019\u00e9t\u00e9. Les contr\u00f4les routiers vont \u00eatre renforc\u00e9s. <\/p>\n<div data-state=\"fixed-height\" data-selection=\"disabled\"> <!-- Pub DFP Position [outstream] --> <\/p>\n<p>107 accidents, 13 personnes tu\u00e9es et 136 bless\u00e9es sur les routes du Tarn&nbsp;: les donn\u00e9es provisoires au premier semestre 2024, publi\u00e9es fin juillet par l\u2019observatoire d\u00e9partemental de la s\u00e9curit\u00e9 routi\u00e8re, refl\u00e8tent une tendance inqui\u00e9tante.<\/p>\n<p>Le nombre d\u2019accidents est&nbsp;en hausse de 26&nbsp;% par rapport au premier semestre 2023, celui des bless\u00e9s augmente de 25&nbsp;% et celui des d\u00e9c\u00e8s de 8&nbsp;%. Une augmentation est&nbsp;aussi constat\u00e9e&nbsp;par rapport \u00e0 la moyenne des cumuls 2017-2019 en ce qui concerne les accidents et les bless\u00e9s.<\/p>\n<p><!-- Pub DFP Position [article] --> <\/p>\n<p>Au-del\u00e0 des statistiques, l\u2019ins\u00e9curit\u00e9 routi\u00e8re se traduit par autant de drames humains, pour les victimes et pour leurs proches. Dans le Tarn, les accidents surviennent en majorit\u00e9 hors agglom\u00e9ration, sur le r\u00e9seau secondaire, et sont li\u00e9s en bonne partie \u00e0 des conduites \u00e0 risque&nbsp;: vitesse excessive, alcool et stup\u00e9fiants, refus de priorit\u00e9, inattention au volant\u2026<\/p>\n<h2 class=\"txt-int\">Renforcement des contr\u00f4les routiers<\/h2>\n<p>La&nbsp;situation actuelle est jug\u00e9e \u00ab\u00a0pr\u00e9occupante\u00a0\u00bb par les forces de l\u2019ordre, d\u2019autant plus qu\u2019elle s\u2019est&nbsp;aggrav\u00e9e avec l\u2019arriv\u00e9e des beaux jours. Depuis d\u00e9but juillet, plus d\u2019une trentaine d\u2019accidents corporels et au moins 6 morts sont \u00e0 ajouter \u00e0 ce triste bilan. \u00ab\u00a0On constate cet \u00e9t\u00e9 une d\u00e9gradation des comportements\u00a0\u00bb, souligne le groupement d\u00e9partemental de gendarmerie du Tarn. Les jeunes usagers de la route sont particuli\u00e8rement concern\u00e9s, notamment la nuit et sur les axes routiers connect\u00e9s \u00e0 l\u2019A68.<\/p>\n<p>La premi\u00e8re semaine d\u2019ao\u00fbt a connu&nbsp;<a href=\"https:\/\/www.ladepeche.fr\/2024\/08\/07\/il-percute-la-remorque-dun-tracteur-un-motard-tres-gravement-blesse-dans-un-accident-sur-la-rn126-12128954.php\" target=\"_self\" rel=\"noopener nofollow\">une v\u00e9ritable s\u00e9rie noire avec dix accidents de la route et 5 bless\u00e9s graves \u00e9vacu\u00e9s en urgence vers Toulouse<\/a>&nbsp;: un automobiliste \u00e0 Montans, une cycliste \u00e0 Escoussens, deux automobilistes \u00e0 Lempaut et un motard \u00e0 Puylaurens.<\/p>\n<p>Si les forces de l\u2019ordre du d\u00e9partement&nbsp;ont \u00e9t\u00e9 particuli\u00e8rement mobilis\u00e9es ces derniers mois pour s\u00e9curiser le chantier de l\u2019A69 et pour les JO de Paris, les&nbsp;contr\u00f4les routiers vont s\u2019intensifier afin de&nbsp;tenter d\u2019inverser la tendance. \u00ab\u00a0La peur du gendarme\u00a0\u00bb sur les routes fait toujours son effet.<\/p>\n<p>En parall\u00e8le, les actions de sensibilisation et de contr\u00f4le se poursuivent dans le cadre du&nbsp;plan&nbsp;d\u00e9partemental de lutte contre l\u2019ins\u00e9curit\u00e9 routi\u00e8re, qui couvre la p\u00e9riode 2023-2027 et qui fixe quatre \u00ab\u00a0enjeux prioritaires\u00a0\u00bb.<\/p>\n<h2 class=\"txt-int\">Les conduites \u00e0 risque<\/h2>\n<p>Les 2\/3 des usagers pr\u00e9sum\u00e9s responsables d\u2019accidents mortels ces derni\u00e8res ann\u00e9es dans le Tarn avaient adopt\u00e9 des conduites \u00e0 risque sur la route. Les actions de sensibilisation et de contr\u00f4le visent particuli\u00e8rement les lieux festifs (discoth\u00e8ques, f\u00eates de village, festivals). L\u2019accent est \u00e9galement mis sur la communication et la pr\u00e9vention ciblant les publics les plus jeunes.<\/p>\n<p>Autre enjeu prioritaire&nbsp;: les deux-roues motoris\u00e9s. Dans le Tarn, ils repr\u00e9sentent 20&nbsp;% des tu\u00e9s entre&nbsp;2017 et&nbsp;2021 et 14&nbsp;% des pr\u00e9sum\u00e9s responsables d\u2019accidents mortels. Principalement des motards de 25 \u00e0 64 ans hors agglom\u00e9ration et des cyclos et des jeunes de moins de 18 ans en agglom\u00e9ration. Les actions men\u00e9es portent sur la promotion de l\u2019importance du port d\u2019\u00e9quipement de s\u00e9curit\u00e9, la sensibilisation des jeunes utilisateurs de scooters&nbsp;mais aussi des contr\u00f4les sur la conformit\u00e9 des engins et des \u00e9quipements obligatoires aux abords des \u00e9tablissements scolaires.<\/p>\n<h2 class=\"txt-int\">\u00ab\u00a0Nouveaux modes de mobilit\u00e9 douce\u00a0\u00bb<\/h2>\n<p>Cyclistes, pi\u00e9tons et utilisateurs d\u2019engins de d\u00e9placement personnel motoris\u00e9s (EDPM&nbsp;: trottinettes \u00e9lectriques, monoroues, gyropodes, hoverboards) repr\u00e9sentent 18&nbsp;% des personnes tu\u00e9es sur les routes du Tarn ces derni\u00e8res ann\u00e9es. Les mineurs et les personnes \u00e2g\u00e9es de plus de 45 ans constituent la part la plus importante de ces usagers. L\u00e0&nbsp;aussi, les contr\u00f4les et les actions de sensibilisation ont \u00e9t\u00e9 renforc\u00e9s depuis le d\u00e9but de l\u2019ann\u00e9e, portant notamment sur la r\u00e9glementation et sur les \u00e9quipements de s\u00e9curit\u00e9.<\/p>\n<p>Enfin, le dernier enjeu prioritaire concerne le \u00ab\u00a0risque routier professionnel\u00a0\u00bb.&nbsp;9&nbsp;% des tu\u00e9s ont perdu la vie lors d\u2019un d\u00e9placement domicile-travail et 2&nbsp;% lors d\u2019un trajet professionnel. Les actions de sensibilisation et de contr\u00f4le visent principalement les employeurs et les utilisateurs de v\u00e9hicules d\u2019entreprise.<\/p>\n<\/p><\/div>\n<p>accidentdutravail-idf.net vous a pr\u00e9par\u00e9 ce post qui informe du sujet \u00ab\u00a0Association Sportive Huisson-Longueville Essonne\u00a0\u00bb. La chronique se veut g\u00e9n\u00e9r\u00e9e du mieux possible. Vous pouvez utiliser les coordonn\u00e9es indiqu\u00e9es sur le site dans le but d\u2019apporter des explications sur ce post qui parle du th\u00e8me \u00ab\u00a0Association Sportive Huisson-Longueville Essonne\u00a0\u00bb. Le site accidentdutravail-idf.net a pour but de fournir diverses publications sur la th\u00e9matique Association Sportive Huisson-Longueville Essonne diffus\u00e9es sur le net. Il y aura plusieurs articles autour du sujet \u00ab\u00a0Association Sportive Huisson-Longueville Essonne\u00a0\u00bb dans quelques jours, nous vous invitons \u00e0 naviguer sur notre site web \u00e0 plusieurs reprises.<\/p>\n","protected":false},"excerpt":{"rendered":"<p>l&rsquo;essentiel Les accidents de la route dans le Tarn ont augment\u00e9 de 26&nbsp;% au premier semestre 2024 selon les donn\u00e9es provisoires publi\u00e9es par l\u2019observatoire d\u00e9partemental de la s\u00e9curit\u00e9 routi\u00e8re. Une tendance inqui\u00e9tante et qui s\u2019est encore accentu\u00e9e depuis le d\u00e9but de l\u2019\u00e9t\u00e9. Les contr\u00f4les routiers vont \u00eatre renforc\u00e9s. 107 accidents, 13 personnes tu\u00e9es et 136 &hellip; <\/p>\n<p class=\"link-more\"><a href=\"https:\/\/www.accidentdutravail-idf.net\/blog\/hausse-inquietante-du-nombre-daccidents-sur-les-routes-du-tarn-les-controles-vont-etre-renforces\/\" class=\"more-link\">Continuer la lecture <span class=\"screen-reader-text\"> \u00ab\u00a0Hausse inqui\u00e9tante du nombre d\u2019accidents sur les routes du Tarn, les contr\u00f4les vont \u00eatre renforc\u00e9s\u00a0\u00bb<\/span><\/a><\/p>\n","protected":false},"author":2,"featured_media":0,"comment_status":"closed","ping_status":"closed","sticky":false,"template":"","format":"standard","meta":{"footnotes":""},"categories":[5],"tags":[],"class_list":["post-637","post","type-post","status-publish","format-standard","hentry","category-securite-du-travail-en-ile-de-france-et-divers","entry"],"yoast_head":"<!-- This site is optimized with the Yoast SEO plugin v27.5 - https:\/\/yoast.com\/product\/yoast-seo-wordpress\/ -->\n<title>Hausse inqui\u00e9tante du nombre d\u2019accidents sur les routes du Tarn, les contr\u00f4les vont \u00eatre renforc\u00e9s - ACCIDENTDUTRAVAIL-IDF<\/title>\n<meta name=\"description\" content=\"Hausse inqui\u00e9tante du nombre d\u2019accidents sur les routes du Tarn, les contr\u00f4les vont \u00eatre renforc\u00e9s article de ACCIDENTDUTRAVAIL-IDF\" \/>\n<meta name=\"robots\" content=\"index, follow, max-snippet:-1, max-image-preview:large, max-video-preview:-1\" \/>\n<link rel=\"canonical\" href=\"https:\/\/www.accidentdutravail-idf.net\/blog\/hausse-inquietante-du-nombre-daccidents-sur-les-routes-du-tarn-les-controles-vont-etre-renforces\/\" \/>\n<meta property=\"og:locale\" content=\"fr_FR\" \/>\n<meta property=\"og:type\" content=\"article\" \/>\n<meta property=\"og:title\" content=\"Hausse inqui\u00e9tante du nombre d\u2019accidents sur les routes du Tarn, les contr\u00f4les vont \u00eatre renforc\u00e9s - ACCIDENTDUTRAVAIL-IDF\" \/>\n<meta property=\"og:description\" content=\"Hausse inqui\u00e9tante du nombre d\u2019accidents sur les routes du Tarn, les contr\u00f4les vont \u00eatre renforc\u00e9s article de ACCIDENTDUTRAVAIL-IDF\" \/>\n<meta property=\"og:url\" content=\"https:\/\/www.accidentdutravail-idf.net\/blog\/hausse-inquietante-du-nombre-daccidents-sur-les-routes-du-tarn-les-controles-vont-etre-renforces\/\" \/>\n<meta property=\"og:site_name\" content=\"ACCIDENTDUTRAVAIL-IDF\" \/>\n<meta property=\"article:published_time\" content=\"2024-08-08T01:21:00+00:00\" \/>\n<meta property=\"og:image\" content=\"https:\/\/www.accidentdutravail-idf.net\/blog\/wp-content\/uploads\/2024\/08\/hausse-inquietante-du-nombre-daccidents-sur-les-routes-du-tarn-les-controles-vont-etre-renforces.jpg\" \/>\n<meta name=\"author\" content=\"Carlos Poulain\" \/>\n<meta name=\"twitter:card\" content=\"summary_large_image\" \/>\n<meta name=\"twitter:label1\" content=\"\u00c9crit par\" \/>\n\t<meta name=\"twitter:data1\" content=\"Carlos Poulain\" \/>\n\t<meta name=\"twitter:label2\" content=\"Dur\u00e9e de lecture estim\u00e9e\" \/>\n\t<meta name=\"twitter:data2\" content=\"4 minutes\" \/>\n<script type=\"application\/ld+json\" class=\"yoast-schema-graph\">{\"@context\":\"https:\\\/\\\/schema.org\",\"@graph\":[{\"@type\":\"Article\",\"@id\":\"https:\\\/\\\/www.accidentdutravail-idf.net\\\/blog\\\/hausse-inquietante-du-nombre-daccidents-sur-les-routes-du-tarn-les-controles-vont-etre-renforces\\\/#article\",\"isPartOf\":{\"@id\":\"https:\\\/\\\/www.accidentdutravail-idf.net\\\/blog\\\/hausse-inquietante-du-nombre-daccidents-sur-les-routes-du-tarn-les-controles-vont-etre-renforces\\\/\"},\"author\":{\"name\":\"Carlos Poulain\",\"@id\":\"https:\\\/\\\/www.accidentdutravail-idf.net\\\/blog\\\/#\\\/schema\\\/person\\\/3255d2f970de45e64bd9201f38e7b947\"},\"headline\":\"Hausse inqui\u00e9tante du nombre d\u2019accidents sur les routes du Tarn, les contr\u00f4les vont \u00eatre renforc\u00e9s\",\"datePublished\":\"2024-08-08T01:21:00+00:00\",\"mainEntityOfPage\":{\"@id\":\"https:\\\/\\\/www.accidentdutravail-idf.net\\\/blog\\\/hausse-inquietante-du-nombre-daccidents-sur-les-routes-du-tarn-les-controles-vont-etre-renforces\\\/\"},\"wordCount\":904,\"publisher\":{\"@id\":\"https:\\\/\\\/www.accidentdutravail-idf.net\\\/blog\\\/#organization\"},\"image\":{\"@id\":\"https:\\\/\\\/www.accidentdutravail-idf.net\\\/blog\\\/hausse-inquietante-du-nombre-daccidents-sur-les-routes-du-tarn-les-controles-vont-etre-renforces\\\/#primaryimage\"},\"thumbnailUrl\":\"https:\\\/\\\/www.accidentdutravail-idf.net\\\/blog\\\/wp-content\\\/uploads\\\/2024\\\/08\\\/hausse-inquietante-du-nombre-daccidents-sur-les-routes-du-tarn-les-controles-vont-etre-renforces.jpg\",\"articleSection\":[\"S\u00e9curit\u00e9 Du Travail En Ile-De-France Et Divers:\"],\"inLanguage\":\"fr-FR\"},{\"@type\":\"WebPage\",\"@id\":\"https:\\\/\\\/www.accidentdutravail-idf.net\\\/blog\\\/hausse-inquietante-du-nombre-daccidents-sur-les-routes-du-tarn-les-controles-vont-etre-renforces\\\/\",\"url\":\"https:\\\/\\\/www.accidentdutravail-idf.net\\\/blog\\\/hausse-inquietante-du-nombre-daccidents-sur-les-routes-du-tarn-les-controles-vont-etre-renforces\\\/\",\"name\":\"Hausse inqui\u00e9tante du nombre d\u2019accidents sur les routes du Tarn, les contr\u00f4les vont \u00eatre renforc\u00e9s - ACCIDENTDUTRAVAIL-IDF\",\"isPartOf\":{\"@id\":\"https:\\\/\\\/www.accidentdutravail-idf.net\\\/blog\\\/#website\"},\"primaryImageOfPage\":{\"@id\":\"https:\\\/\\\/www.accidentdutravail-idf.net\\\/blog\\\/hausse-inquietante-du-nombre-daccidents-sur-les-routes-du-tarn-les-controles-vont-etre-renforces\\\/#primaryimage\"},\"image\":{\"@id\":\"https:\\\/\\\/www.accidentdutravail-idf.net\\\/blog\\\/hausse-inquietante-du-nombre-daccidents-sur-les-routes-du-tarn-les-controles-vont-etre-renforces\\\/#primaryimage\"},\"thumbnailUrl\":\"https:\\\/\\\/www.accidentdutravail-idf.net\\\/blog\\\/wp-content\\\/uploads\\\/2024\\\/08\\\/hausse-inquietante-du-nombre-daccidents-sur-les-routes-du-tarn-les-controles-vont-etre-renforces.jpg\",\"datePublished\":\"2024-08-08T01:21:00+00:00\",\"description\":\"Hausse inqui\u00e9tante du nombre d\u2019accidents sur les routes du Tarn, les contr\u00f4les vont \u00eatre renforc\u00e9s article de ACCIDENTDUTRAVAIL-IDF\",\"breadcrumb\":{\"@id\":\"https:\\\/\\\/www.accidentdutravail-idf.net\\\/blog\\\/hausse-inquietante-du-nombre-daccidents-sur-les-routes-du-tarn-les-controles-vont-etre-renforces\\\/#breadcrumb\"},\"inLanguage\":\"fr-FR\",\"potentialAction\":[{\"@type\":\"ReadAction\",\"target\":[\"https:\\\/\\\/www.accidentdutravail-idf.net\\\/blog\\\/hausse-inquietante-du-nombre-daccidents-sur-les-routes-du-tarn-les-controles-vont-etre-renforces\\\/\"]}]},{\"@type\":\"ImageObject\",\"inLanguage\":\"fr-FR\",\"@id\":\"https:\\\/\\\/www.accidentdutravail-idf.net\\\/blog\\\/hausse-inquietante-du-nombre-daccidents-sur-les-routes-du-tarn-les-controles-vont-etre-renforces\\\/#primaryimage\",\"url\":\"https:\\\/\\\/www.accidentdutravail-idf.net\\\/blog\\\/wp-content\\\/uploads\\\/2024\\\/08\\\/hausse-inquietante-du-nombre-daccidents-sur-les-routes-du-tarn-les-controles-vont-etre-renforces.jpg\",\"contentUrl\":\"https:\\\/\\\/www.accidentdutravail-idf.net\\\/blog\\\/wp-content\\\/uploads\\\/2024\\\/08\\\/hausse-inquietante-du-nombre-daccidents-sur-les-routes-du-tarn-les-controles-vont-etre-renforces.jpg\"},{\"@type\":\"BreadcrumbList\",\"@id\":\"https:\\\/\\\/www.accidentdutravail-idf.net\\\/blog\\\/hausse-inquietante-du-nombre-daccidents-sur-les-routes-du-tarn-les-controles-vont-etre-renforces\\\/#breadcrumb\",\"itemListElement\":[{\"@type\":\"ListItem\",\"position\":1,\"name\":\"Accueil\",\"item\":\"https:\\\/\\\/www.accidentdutravail-idf.net\\\/blog\\\/\"},{\"@type\":\"ListItem\",\"position\":2,\"name\":\"Hausse inqui\u00e9tante du nombre d\u2019accidents sur les routes du Tarn, les contr\u00f4les vont \u00eatre renforc\u00e9s\"}]},{\"@type\":\"WebSite\",\"@id\":\"https:\\\/\\\/www.accidentdutravail-idf.net\\\/blog\\\/#website\",\"url\":\"https:\\\/\\\/www.accidentdutravail-idf.net\\\/blog\\\/\",\"name\":\"ACCIDENTDUTRAVAIL-IDF\",\"description\":\"Portail accidents du travail-maladies professionnelles des entreprises d&#039;Ile-de-France\",\"publisher\":{\"@id\":\"https:\\\/\\\/www.accidentdutravail-idf.net\\\/blog\\\/#organization\"},\"potentialAction\":[{\"@type\":\"SearchAction\",\"target\":{\"@type\":\"EntryPoint\",\"urlTemplate\":\"https:\\\/\\\/www.accidentdutravail-idf.net\\\/blog\\\/?s={search_term_string}\"},\"query-input\":{\"@type\":\"PropertyValueSpecification\",\"valueRequired\":true,\"valueName\":\"search_term_string\"}}],\"inLanguage\":\"fr-FR\"},{\"@type\":\"Organization\",\"@id\":\"https:\\\/\\\/www.accidentdutravail-idf.net\\\/blog\\\/#organization\",\"name\":\"accidentdutravail-idf\",\"url\":\"https:\\\/\\\/www.accidentdutravail-idf.net\\\/blog\\\/\",\"logo\":{\"@type\":\"ImageObject\",\"inLanguage\":\"fr-FR\",\"@id\":\"https:\\\/\\\/www.accidentdutravail-idf.net\\\/blog\\\/#\\\/schema\\\/logo\\\/image\\\/\",\"url\":\"https:\\\/\\\/www.accidentdutravail-idf.net\\\/blog\\\/wp-content\\\/uploads\\\/2022\\\/09\\\/logo-2.png\",\"contentUrl\":\"https:\\\/\\\/www.accidentdutravail-idf.net\\\/blog\\\/wp-content\\\/uploads\\\/2022\\\/09\\\/logo-2.png\",\"width\":380,\"height\":291,\"caption\":\"accidentdutravail-idf\"},\"image\":{\"@id\":\"https:\\\/\\\/www.accidentdutravail-idf.net\\\/blog\\\/#\\\/schema\\\/logo\\\/image\\\/\"}},{\"@type\":\"Person\",\"@id\":\"https:\\\/\\\/www.accidentdutravail-idf.net\\\/blog\\\/#\\\/schema\\\/person\\\/3255d2f970de45e64bd9201f38e7b947\",\"name\":\"Carlos Poulain\",\"image\":{\"@type\":\"ImageObject\",\"inLanguage\":\"fr-FR\",\"@id\":\"https:\\\/\\\/secure.gravatar.com\\\/avatar\\\/b1c2f9d3588e34e91adb093635df64ef4b2381991216be7576466cfcdca4baf3?s=96&d=mm&r=g\",\"url\":\"https:\\\/\\\/secure.gravatar.com\\\/avatar\\\/b1c2f9d3588e34e91adb093635df64ef4b2381991216be7576466cfcdca4baf3?s=96&d=mm&r=g\",\"contentUrl\":\"https:\\\/\\\/secure.gravatar.com\\\/avatar\\\/b1c2f9d3588e34e91adb093635df64ef4b2381991216be7576466cfcdca4baf3?s=96&d=mm&r=g\",\"caption\":\"Carlos Poulain\"},\"url\":\"https:\\\/\\\/www.accidentdutravail-idf.net\\\/blog\\\/author\\\/idfcarlos\\\/\"}]}<\/script>\n<!-- \/ Yoast SEO plugin. -->","yoast_head_json":{"title":"Hausse inqui\u00e9tante du nombre d\u2019accidents sur les routes du Tarn, les contr\u00f4les vont \u00eatre renforc\u00e9s - ACCIDENTDUTRAVAIL-IDF","description":"Hausse inqui\u00e9tante du nombre d\u2019accidents sur les routes du Tarn, les contr\u00f4les vont \u00eatre renforc\u00e9s article de ACCIDENTDUTRAVAIL-IDF","robots":{"index":"index","follow":"follow","max-snippet":"max-snippet:-1","max-image-preview":"max-image-preview:large","max-video-preview":"max-video-preview:-1"},"canonical":"https:\/\/www.accidentdutravail-idf.net\/blog\/hausse-inquietante-du-nombre-daccidents-sur-les-routes-du-tarn-les-controles-vont-etre-renforces\/","og_locale":"fr_FR","og_type":"article","og_title":"Hausse inqui\u00e9tante du nombre d\u2019accidents sur les routes du Tarn, les contr\u00f4les vont \u00eatre renforc\u00e9s - ACCIDENTDUTRAVAIL-IDF","og_description":"Hausse inqui\u00e9tante du nombre d\u2019accidents sur les routes du Tarn, les contr\u00f4les vont \u00eatre renforc\u00e9s article de ACCIDENTDUTRAVAIL-IDF","og_url":"https:\/\/www.accidentdutravail-idf.net\/blog\/hausse-inquietante-du-nombre-daccidents-sur-les-routes-du-tarn-les-controles-vont-etre-renforces\/","og_site_name":"ACCIDENTDUTRAVAIL-IDF","article_published_time":"2024-08-08T01:21:00+00:00","og_image":[{"url":"https:\/\/www.accidentdutravail-idf.net\/blog\/wp-content\/uploads\/2024\/08\/hausse-inquietante-du-nombre-daccidents-sur-les-routes-du-tarn-les-controles-vont-etre-renforces.jpg","type":"","width":"","height":""}],"author":"Carlos Poulain","twitter_card":"summary_large_image","twitter_misc":{"\u00c9crit par":"Carlos Poulain","Dur\u00e9e de lecture estim\u00e9e":"4 minutes"},"schema":{"@context":"https:\/\/schema.org","@graph":[{"@type":"Article","@id":"https:\/\/www.accidentdutravail-idf.net\/blog\/hausse-inquietante-du-nombre-daccidents-sur-les-routes-du-tarn-les-controles-vont-etre-renforces\/#article","isPartOf":{"@id":"https:\/\/www.accidentdutravail-idf.net\/blog\/hausse-inquietante-du-nombre-daccidents-sur-les-routes-du-tarn-les-controles-vont-etre-renforces\/"},"author":{"name":"Carlos Poulain","@id":"https:\/\/www.accidentdutravail-idf.net\/blog\/#\/schema\/person\/3255d2f970de45e64bd9201f38e7b947"},"headline":"Hausse inqui\u00e9tante du nombre d\u2019accidents sur les routes du Tarn, les contr\u00f4les vont \u00eatre renforc\u00e9s","datePublished":"2024-08-08T01:21:00+00:00","mainEntityOfPage":{"@id":"https:\/\/www.accidentdutravail-idf.net\/blog\/hausse-inquietante-du-nombre-daccidents-sur-les-routes-du-tarn-les-controles-vont-etre-renforces\/"},"wordCount":904,"publisher":{"@id":"https:\/\/www.accidentdutravail-idf.net\/blog\/#organization"},"image":{"@id":"https:\/\/www.accidentdutravail-idf.net\/blog\/hausse-inquietante-du-nombre-daccidents-sur-les-routes-du-tarn-les-controles-vont-etre-renforces\/#primaryimage"},"thumbnailUrl":"https:\/\/www.accidentdutravail-idf.net\/blog\/wp-content\/uploads\/2024\/08\/hausse-inquietante-du-nombre-daccidents-sur-les-routes-du-tarn-les-controles-vont-etre-renforces.jpg","articleSection":["S\u00e9curit\u00e9 Du Travail En Ile-De-France Et Divers:"],"inLanguage":"fr-FR"},{"@type":"WebPage","@id":"https:\/\/www.accidentdutravail-idf.net\/blog\/hausse-inquietante-du-nombre-daccidents-sur-les-routes-du-tarn-les-controles-vont-etre-renforces\/","url":"https:\/\/www.accidentdutravail-idf.net\/blog\/hausse-inquietante-du-nombre-daccidents-sur-les-routes-du-tarn-les-controles-vont-etre-renforces\/","name":"Hausse inqui\u00e9tante du nombre d\u2019accidents sur les routes du Tarn, les contr\u00f4les vont \u00eatre renforc\u00e9s - ACCIDENTDUTRAVAIL-IDF","isPartOf":{"@id":"https:\/\/www.accidentdutravail-idf.net\/blog\/#website"},"primaryImageOfPage":{"@id":"https:\/\/www.accidentdutravail-idf.net\/blog\/hausse-inquietante-du-nombre-daccidents-sur-les-routes-du-tarn-les-controles-vont-etre-renforces\/#primaryimage"},"image":{"@id":"https:\/\/www.accidentdutravail-idf.net\/blog\/hausse-inquietante-du-nombre-daccidents-sur-les-routes-du-tarn-les-controles-vont-etre-renforces\/#primaryimage"},"thumbnailUrl":"https:\/\/www.accidentdutravail-idf.net\/blog\/wp-content\/uploads\/2024\/08\/hausse-inquietante-du-nombre-daccidents-sur-les-routes-du-tarn-les-controles-vont-etre-renforces.jpg","datePublished":"2024-08-08T01:21:00+00:00","description":"Hausse inqui\u00e9tante du nombre d\u2019accidents sur les routes du Tarn, les contr\u00f4les vont \u00eatre renforc\u00e9s article de ACCIDENTDUTRAVAIL-IDF","breadcrumb":{"@id":"https:\/\/www.accidentdutravail-idf.net\/blog\/hausse-inquietante-du-nombre-daccidents-sur-les-routes-du-tarn-les-controles-vont-etre-renforces\/#breadcrumb"},"inLanguage":"fr-FR","potentialAction":[{"@type":"ReadAction","target":["https:\/\/www.accidentdutravail-idf.net\/blog\/hausse-inquietante-du-nombre-daccidents-sur-les-routes-du-tarn-les-controles-vont-etre-renforces\/"]}]},{"@type":"ImageObject","inLanguage":"fr-FR","@id":"https:\/\/www.accidentdutravail-idf.net\/blog\/hausse-inquietante-du-nombre-daccidents-sur-les-routes-du-tarn-les-controles-vont-etre-renforces\/#primaryimage","url":"https:\/\/www.accidentdutravail-idf.net\/blog\/wp-content\/uploads\/2024\/08\/hausse-inquietante-du-nombre-daccidents-sur-les-routes-du-tarn-les-controles-vont-etre-renforces.jpg","contentUrl":"https:\/\/www.accidentdutravail-idf.net\/blog\/wp-content\/uploads\/2024\/08\/hausse-inquietante-du-nombre-daccidents-sur-les-routes-du-tarn-les-controles-vont-etre-renforces.jpg"},{"@type":"BreadcrumbList","@id":"https:\/\/www.accidentdutravail-idf.net\/blog\/hausse-inquietante-du-nombre-daccidents-sur-les-routes-du-tarn-les-controles-vont-etre-renforces\/#breadcrumb","itemListElement":[{"@type":"ListItem","position":1,"name":"Accueil","item":"https:\/\/www.accidentdutravail-idf.net\/blog\/"},{"@type":"ListItem","position":2,"name":"Hausse inqui\u00e9tante du nombre d\u2019accidents sur les routes du Tarn, les contr\u00f4les vont \u00eatre renforc\u00e9s"}]},{"@type":"WebSite","@id":"https:\/\/www.accidentdutravail-idf.net\/blog\/#website","url":"https:\/\/www.accidentdutravail-idf.net\/blog\/","name":"ACCIDENTDUTRAVAIL-IDF","description":"Portail accidents du travail-maladies professionnelles des entreprises d&#039;Ile-de-France","publisher":{"@id":"https:\/\/www.accidentdutravail-idf.net\/blog\/#organization"},"potentialAction":[{"@type":"SearchAction","target":{"@type":"EntryPoint","urlTemplate":"https:\/\/www.accidentdutravail-idf.net\/blog\/?s={search_term_string}"},"query-input":{"@type":"PropertyValueSpecification","valueRequired":true,"valueName":"search_term_string"}}],"inLanguage":"fr-FR"},{"@type":"Organization","@id":"https:\/\/www.accidentdutravail-idf.net\/blog\/#organization","name":"accidentdutravail-idf","url":"https:\/\/www.accidentdutravail-idf.net\/blog\/","logo":{"@type":"ImageObject","inLanguage":"fr-FR","@id":"https:\/\/www.accidentdutravail-idf.net\/blog\/#\/schema\/logo\/image\/","url":"https:\/\/www.accidentdutravail-idf.net\/blog\/wp-content\/uploads\/2022\/09\/logo-2.png","contentUrl":"https:\/\/www.accidentdutravail-idf.net\/blog\/wp-content\/uploads\/2022\/09\/logo-2.png","width":380,"height":291,"caption":"accidentdutravail-idf"},"image":{"@id":"https:\/\/www.accidentdutravail-idf.net\/blog\/#\/schema\/logo\/image\/"}},{"@type":"Person","@id":"https:\/\/www.accidentdutravail-idf.net\/blog\/#\/schema\/person\/3255d2f970de45e64bd9201f38e7b947","name":"Carlos Poulain","image":{"@type":"ImageObject","inLanguage":"fr-FR","@id":"https:\/\/secure.gravatar.com\/avatar\/b1c2f9d3588e34e91adb093635df64ef4b2381991216be7576466cfcdca4baf3?s=96&d=mm&r=g","url":"https:\/\/secure.gravatar.com\/avatar\/b1c2f9d3588e34e91adb093635df64ef4b2381991216be7576466cfcdca4baf3?s=96&d=mm&r=g","contentUrl":"https:\/\/secure.gravatar.com\/avatar\/b1c2f9d3588e34e91adb093635df64ef4b2381991216be7576466cfcdca4baf3?s=96&d=mm&r=g","caption":"Carlos Poulain"},"url":"https:\/\/www.accidentdutravail-idf.net\/blog\/author\/idfcarlos\/"}]}},"_links":{"self":[{"href":"https:\/\/www.accidentdutravail-idf.net\/blog\/wp-json\/wp\/v2\/posts\/637","targetHints":{"allow":["GET"]}}],"collection":[{"href":"https:\/\/www.accidentdutravail-idf.net\/blog\/wp-json\/wp\/v2\/posts"}],"about":[{"href":"https:\/\/www.accidentdutravail-idf.net\/blog\/wp-json\/wp\/v2\/types\/post"}],"author":[{"embeddable":true,"href":"https:\/\/www.accidentdutravail-idf.net\/blog\/wp-json\/wp\/v2\/users\/2"}],"replies":[{"embeddable":true,"href":"https:\/\/www.accidentdutravail-idf.net\/blog\/wp-json\/wp\/v2\/comments?post=637"}],"version-history":[{"count":0,"href":"https:\/\/www.accidentdutravail-idf.net\/blog\/wp-json\/wp\/v2\/posts\/637\/revisions"}],"wp:attachment":[{"href":"https:\/\/www.accidentdutravail-idf.net\/blog\/wp-json\/wp\/v2\/media?parent=637"}],"wp:term":[{"taxonomy":"category","embeddable":true,"href":"https:\/\/www.accidentdutravail-idf.net\/blog\/wp-json\/wp\/v2\/categories?post=637"},{"taxonomy":"post_tag","embeddable":true,"href":"https:\/\/www.accidentdutravail-idf.net\/blog\/wp-json\/wp\/v2\/tags?post=637"}],"curies":[{"name":"wp","href":"https:\/\/api.w.org\/{rel}","templated":true}]}}