{"id":633,"date":"2024-08-06T11:47:00","date_gmt":"2024-08-06T09:47:00","guid":{"rendered":"https:\/\/www.accidentdutravail-idf.net\/blog\/accident-du-travail-mortel-dans-le-val-doise-un-ouvrier-decede-apres-un-choc-a-la-tete\/"},"modified":"2024-08-06T11:47:00","modified_gmt":"2024-08-06T09:47:00","slug":"accident-du-travail-mortel-dans-le-val-doise-un-ouvrier-decede-apres-un-choc-a-la-tete","status":"publish","type":"post","link":"https:\/\/www.accidentdutravail-idf.net\/blog\/accident-du-travail-mortel-dans-le-val-doise-un-ouvrier-decede-apres-un-choc-a-la-tete\/","title":{"rendered":"Accident du travail mortel dans le Val-d&rsquo;Oise, un ouvrier d\u00e9c\u00e9d\u00e9 apr\u00e8s un choc \u00e0 la t\u00eate"},"content":{"rendered":"<div><img decoding=\"async\" src=\"https:\/\/www.accidentdutravail-idf.net\/blog\/wp-content\/uploads\/2024\/08\/accident-du-travail-mortel-dans-le-val-doise-un-ouvrier-decede-apres-un-choc-a-la-tete.jpg\" class=\"ff-og-image-inserted\"><\/div>\n<div class=\"ac-article-date\"> Par <strong> <a href=\"https:\/\/actu.fr\/auteur\/journaliste-rg\" title=\"Consulter tous les articles de R\u00e9daction Pontoise\" rel=\"nofollow\" target=\"_blank\">R\u00e9daction Pontoise<\/a> <\/strong> <span> Publi\u00e9 le  6 ao\u00fbt 2024 \u00e0 18h46  <\/span>\n<\/div>\n<div class=\"ac-article-follow\"> <a href=\"https:\/\/actu.fr\/mon-actu\" class=\"ac-article-follow__link\" rel=\"nofollow\" data-trk=\"{&quot;cta&quot;:{&quot;action&quot;:&quot;https:\\\/\\\/actu.fr\\\/mon-actu&quot;,&quot;category&quot;:&quot;mon compte&quot;,&quot;from&quot;:&quot;article header&quot;,&quot;name&quot;:&quot;Voir mon actu&quot;,&quot;type&quot;:&quot;cta&quot;}}\" target=\"_blank\">Voir mon actu<\/a> <button type=\"button\" class=\"ac-btn ac-btn--mini ac-btn--blue ac-icon--star-empty\" data-follow=\"Suivre La Gazette du Val d'Oise\" data-unfollow=\"Retirer\">Suivre La Gazette du Val d&rsquo;Oise<\/button>\n<\/div>\n<p>Un dramatique <b>accident du travail <\/b>s\u2019est produit, mardi 6 ao\u00fbt 2024, dans la commune du <a href=\"https:\/\/actu.fr\/ile-de-france\/le-thillay_95612\/\" target=\"_blank\" rel=\"nofollow\">Thillay<\/a> (<b>Val-d\u2019Oise<\/b>).<\/p>\n<p>Il \u00e9tait 14h45 lorsque les pompiers ont \u00e9t\u00e9 alert\u00e9s pour une personne inconsciente dans une entreprise de transport, situ\u00e9e chemin des Glirettes.<\/p>\n<h2>Choc \u00e0 la t\u00eate<\/h2>\n<p>Alors qu\u2019elle \u00e9tait suspendue \u00e0 une grue, une poutre a bascul\u00e9 avant de retomber violemment sur la t\u00eate d\u2019un employ\u00e9 de la soci\u00e9t\u00e9. .<\/p>\n<p>Malgr\u00e9 l\u2019intervention rapide des secours, la victime, un homme \u00e2g\u00e9 de 47 ans, se trouvait en arr\u00eat cardio-respiratoire. Il a \u00e9t\u00e9 d\u00e9clar\u00e9 d\u00e9c\u00e9d\u00e9 sur place par le m\u00e9decin du Smur.<\/p>\n<p>La cellule d\u2019urgence m\u00e9dico-psychologique (Cump) \u00e9tait pr\u00e9sente pour prendre en charge sept adultes et un adolescent, choqu\u00e9s, et tous coll\u00e8gues de la victime.<\/p>\n<figure class=\"ac-embed ac-embed--google\" data-provider=\"google\" data-cmp-purpose=\"embedInfographie\">\n<\/figure>\n<p><i>Suivez toute l\u2019actualit\u00e9 de vos villes et m\u00e9dias favoris en vous inscrivant \u00e0 <a href=\"https:\/\/moncompte.actu.fr\" title=\"D\u00e9couvez Mon Actu\" rel=\"nofollow\" data-trk=\"{&quot;cta&quot;:{&quot;action&quot;:&quot;https:\\\/\\\/moncompte.actu.fr&quot;,&quot;category&quot;:&quot;mon compte&quot;,&quot;from&quot;:&quot;article footer&quot;,&quot;name&quot;:&quot;Mon actu&quot;,&quot;type&quot;:&quot;cta&quot;}}\" target=\"_blank\">Mon Actu<\/a>.<\/i><\/p>\n<p> accidentdutravail-idf.net vous a pr\u00e9par\u00e9 ce post qui informe du sujet \u00ab\u00a0Association Sportive Huisson-Longueville Essonne\u00a0\u00bb. La chronique se veut g\u00e9n\u00e9r\u00e9e du mieux possible. Vous pouvez utiliser les coordonn\u00e9es indiqu\u00e9es sur le site dans le but d\u2019apporter des explications sur ce post qui parle du th\u00e8me \u00ab\u00a0Association Sportive Huisson-Longueville Essonne\u00a0\u00bb. Le site accidentdutravail-idf.net a pour but de fournir diverses publications sur la th\u00e9matique Association Sportive Huisson-Longueville Essonne diffus\u00e9es sur le net. Il y aura plusieurs articles autour du sujet \u00ab\u00a0Association Sportive Huisson-Longueville Essonne\u00a0\u00bb dans quelques jours, nous vous invitons \u00e0 naviguer sur notre site web \u00e0 plusieurs reprises.<\/p>\n","protected":false},"excerpt":{"rendered":"<p>Par R\u00e9daction Pontoise Publi\u00e9 le 6 ao\u00fbt 2024 \u00e0 18h46 Voir mon actu Suivre La Gazette du Val d&rsquo;Oise Un dramatique accident du travail s\u2019est produit, mardi 6 ao\u00fbt 2024, dans la commune du Thillay (Val-d\u2019Oise). Il \u00e9tait 14h45 lorsque les pompiers ont \u00e9t\u00e9 alert\u00e9s pour une personne inconsciente dans une entreprise de transport, situ\u00e9e &hellip; <\/p>\n<p class=\"link-more\"><a href=\"https:\/\/www.accidentdutravail-idf.net\/blog\/accident-du-travail-mortel-dans-le-val-doise-un-ouvrier-decede-apres-un-choc-a-la-tete\/\" class=\"more-link\">Continuer la lecture <span class=\"screen-reader-text\"> \u00ab\u00a0Accident du travail mortel dans le Val-d&rsquo;Oise, un ouvrier d\u00e9c\u00e9d\u00e9 apr\u00e8s un choc \u00e0 la t\u00eate\u00a0\u00bb<\/span><\/a><\/p>\n","protected":false},"author":2,"featured_media":0,"comment_status":"closed","ping_status":"closed","sticky":false,"template":"","format":"standard","meta":{"footnotes":""},"categories":[5],"tags":[],"class_list":["post-633","post","type-post","status-publish","format-standard","hentry","category-securite-du-travail-en-ile-de-france-et-divers","entry"],"yoast_head":"<!-- This site is optimized with the Yoast SEO plugin v27.5 - https:\/\/yoast.com\/product\/yoast-seo-wordpress\/ -->\n<title>Accident du travail mortel dans le Val-d&#039;Oise, un ouvrier d\u00e9c\u00e9d\u00e9 apr\u00e8s un choc \u00e0 la t\u00eate - ACCIDENTDUTRAVAIL-IDF<\/title>\n<meta name=\"description\" content=\"Accident du travail mortel dans le Val-d&#039;Oise, un ouvrier d\u00e9c\u00e9d\u00e9 apr\u00e8s un choc \u00e0 la t\u00eate article de ACCIDENTDUTRAVAIL-IDF\" \/>\n<meta name=\"robots\" content=\"index, follow, max-snippet:-1, max-image-preview:large, max-video-preview:-1\" \/>\n<link rel=\"canonical\" href=\"https:\/\/www.accidentdutravail-idf.net\/blog\/accident-du-travail-mortel-dans-le-val-doise-un-ouvrier-decede-apres-un-choc-a-la-tete\/\" \/>\n<meta property=\"og:locale\" content=\"fr_FR\" \/>\n<meta property=\"og:type\" content=\"article\" \/>\n<meta property=\"og:title\" content=\"Accident du travail mortel dans le Val-d&#039;Oise, un ouvrier d\u00e9c\u00e9d\u00e9 apr\u00e8s un choc \u00e0 la t\u00eate - ACCIDENTDUTRAVAIL-IDF\" \/>\n<meta property=\"og:description\" content=\"Accident du travail mortel dans le Val-d&#039;Oise, un ouvrier d\u00e9c\u00e9d\u00e9 apr\u00e8s un choc \u00e0 la t\u00eate article de ACCIDENTDUTRAVAIL-IDF\" \/>\n<meta property=\"og:url\" content=\"https:\/\/www.accidentdutravail-idf.net\/blog\/accident-du-travail-mortel-dans-le-val-doise-un-ouvrier-decede-apres-un-choc-a-la-tete\/\" \/>\n<meta property=\"og:site_name\" content=\"ACCIDENTDUTRAVAIL-IDF\" \/>\n<meta property=\"article:published_time\" content=\"2024-08-06T09:47:00+00:00\" \/>\n<meta property=\"og:image\" content=\"https:\/\/www.accidentdutravail-idf.net\/blog\/wp-content\/uploads\/2024\/08\/accident-du-travail-mortel-dans-le-val-doise-un-ouvrier-decede-apres-un-choc-a-la-tete.jpg\" \/>\n<meta name=\"author\" content=\"Carlos Poulain\" \/>\n<meta name=\"twitter:card\" content=\"summary_large_image\" \/>\n<meta name=\"twitter:label1\" content=\"\u00c9crit par\" \/>\n\t<meta name=\"twitter:data1\" content=\"Carlos Poulain\" \/>\n\t<meta name=\"twitter:label2\" content=\"Dur\u00e9e de lecture estim\u00e9e\" \/>\n\t<meta name=\"twitter:data2\" content=\"1 minute\" \/>\n<script type=\"application\/ld+json\" class=\"yoast-schema-graph\">{\"@context\":\"https:\\\/\\\/schema.org\",\"@graph\":[{\"@type\":\"Article\",\"@id\":\"https:\\\/\\\/www.accidentdutravail-idf.net\\\/blog\\\/accident-du-travail-mortel-dans-le-val-doise-un-ouvrier-decede-apres-un-choc-a-la-tete\\\/#article\",\"isPartOf\":{\"@id\":\"https:\\\/\\\/www.accidentdutravail-idf.net\\\/blog\\\/accident-du-travail-mortel-dans-le-val-doise-un-ouvrier-decede-apres-un-choc-a-la-tete\\\/\"},\"author\":{\"name\":\"Carlos Poulain\",\"@id\":\"https:\\\/\\\/www.accidentdutravail-idf.net\\\/blog\\\/#\\\/schema\\\/person\\\/3255d2f970de45e64bd9201f38e7b947\"},\"headline\":\"Accident du travail mortel dans le Val-d&rsquo;Oise, un ouvrier d\u00e9c\u00e9d\u00e9 apr\u00e8s un choc \u00e0 la t\u00eate\",\"datePublished\":\"2024-08-06T09:47:00+00:00\",\"mainEntityOfPage\":{\"@id\":\"https:\\\/\\\/www.accidentdutravail-idf.net\\\/blog\\\/accident-du-travail-mortel-dans-le-val-doise-un-ouvrier-decede-apres-un-choc-a-la-tete\\\/\"},\"wordCount\":294,\"publisher\":{\"@id\":\"https:\\\/\\\/www.accidentdutravail-idf.net\\\/blog\\\/#organization\"},\"image\":{\"@id\":\"https:\\\/\\\/www.accidentdutravail-idf.net\\\/blog\\\/accident-du-travail-mortel-dans-le-val-doise-un-ouvrier-decede-apres-un-choc-a-la-tete\\\/#primaryimage\"},\"thumbnailUrl\":\"https:\\\/\\\/www.accidentdutravail-idf.net\\\/blog\\\/wp-content\\\/uploads\\\/2024\\\/08\\\/accident-du-travail-mortel-dans-le-val-doise-un-ouvrier-decede-apres-un-choc-a-la-tete.jpg\",\"articleSection\":[\"S\u00e9curit\u00e9 Du Travail En Ile-De-France Et Divers:\"],\"inLanguage\":\"fr-FR\"},{\"@type\":\"WebPage\",\"@id\":\"https:\\\/\\\/www.accidentdutravail-idf.net\\\/blog\\\/accident-du-travail-mortel-dans-le-val-doise-un-ouvrier-decede-apres-un-choc-a-la-tete\\\/\",\"url\":\"https:\\\/\\\/www.accidentdutravail-idf.net\\\/blog\\\/accident-du-travail-mortel-dans-le-val-doise-un-ouvrier-decede-apres-un-choc-a-la-tete\\\/\",\"name\":\"Accident du travail mortel dans le Val-d'Oise, un ouvrier d\u00e9c\u00e9d\u00e9 apr\u00e8s un choc \u00e0 la t\u00eate - ACCIDENTDUTRAVAIL-IDF\",\"isPartOf\":{\"@id\":\"https:\\\/\\\/www.accidentdutravail-idf.net\\\/blog\\\/#website\"},\"primaryImageOfPage\":{\"@id\":\"https:\\\/\\\/www.accidentdutravail-idf.net\\\/blog\\\/accident-du-travail-mortel-dans-le-val-doise-un-ouvrier-decede-apres-un-choc-a-la-tete\\\/#primaryimage\"},\"image\":{\"@id\":\"https:\\\/\\\/www.accidentdutravail-idf.net\\\/blog\\\/accident-du-travail-mortel-dans-le-val-doise-un-ouvrier-decede-apres-un-choc-a-la-tete\\\/#primaryimage\"},\"thumbnailUrl\":\"https:\\\/\\\/www.accidentdutravail-idf.net\\\/blog\\\/wp-content\\\/uploads\\\/2024\\\/08\\\/accident-du-travail-mortel-dans-le-val-doise-un-ouvrier-decede-apres-un-choc-a-la-tete.jpg\",\"datePublished\":\"2024-08-06T09:47:00+00:00\",\"description\":\"Accident du travail mortel dans le Val-d'Oise, un ouvrier d\u00e9c\u00e9d\u00e9 apr\u00e8s un choc \u00e0 la t\u00eate article de ACCIDENTDUTRAVAIL-IDF\",\"breadcrumb\":{\"@id\":\"https:\\\/\\\/www.accidentdutravail-idf.net\\\/blog\\\/accident-du-travail-mortel-dans-le-val-doise-un-ouvrier-decede-apres-un-choc-a-la-tete\\\/#breadcrumb\"},\"inLanguage\":\"fr-FR\",\"potentialAction\":[{\"@type\":\"ReadAction\",\"target\":[\"https:\\\/\\\/www.accidentdutravail-idf.net\\\/blog\\\/accident-du-travail-mortel-dans-le-val-doise-un-ouvrier-decede-apres-un-choc-a-la-tete\\\/\"]}]},{\"@type\":\"ImageObject\",\"inLanguage\":\"fr-FR\",\"@id\":\"https:\\\/\\\/www.accidentdutravail-idf.net\\\/blog\\\/accident-du-travail-mortel-dans-le-val-doise-un-ouvrier-decede-apres-un-choc-a-la-tete\\\/#primaryimage\",\"url\":\"https:\\\/\\\/www.accidentdutravail-idf.net\\\/blog\\\/wp-content\\\/uploads\\\/2024\\\/08\\\/accident-du-travail-mortel-dans-le-val-doise-un-ouvrier-decede-apres-un-choc-a-la-tete.jpg\",\"contentUrl\":\"https:\\\/\\\/www.accidentdutravail-idf.net\\\/blog\\\/wp-content\\\/uploads\\\/2024\\\/08\\\/accident-du-travail-mortel-dans-le-val-doise-un-ouvrier-decede-apres-un-choc-a-la-tete.jpg\"},{\"@type\":\"BreadcrumbList\",\"@id\":\"https:\\\/\\\/www.accidentdutravail-idf.net\\\/blog\\\/accident-du-travail-mortel-dans-le-val-doise-un-ouvrier-decede-apres-un-choc-a-la-tete\\\/#breadcrumb\",\"itemListElement\":[{\"@type\":\"ListItem\",\"position\":1,\"name\":\"Accueil\",\"item\":\"https:\\\/\\\/www.accidentdutravail-idf.net\\\/blog\\\/\"},{\"@type\":\"ListItem\",\"position\":2,\"name\":\"Accident du travail mortel dans le Val-d&rsquo;Oise, un ouvrier d\u00e9c\u00e9d\u00e9 apr\u00e8s un choc \u00e0 la t\u00eate\"}]},{\"@type\":\"WebSite\",\"@id\":\"https:\\\/\\\/www.accidentdutravail-idf.net\\\/blog\\\/#website\",\"url\":\"https:\\\/\\\/www.accidentdutravail-idf.net\\\/blog\\\/\",\"name\":\"ACCIDENTDUTRAVAIL-IDF\",\"description\":\"Portail accidents du travail-maladies professionnelles des entreprises d&#039;Ile-de-France\",\"publisher\":{\"@id\":\"https:\\\/\\\/www.accidentdutravail-idf.net\\\/blog\\\/#organization\"},\"potentialAction\":[{\"@type\":\"SearchAction\",\"target\":{\"@type\":\"EntryPoint\",\"urlTemplate\":\"https:\\\/\\\/www.accidentdutravail-idf.net\\\/blog\\\/?s={search_term_string}\"},\"query-input\":{\"@type\":\"PropertyValueSpecification\",\"valueRequired\":true,\"valueName\":\"search_term_string\"}}],\"inLanguage\":\"fr-FR\"},{\"@type\":\"Organization\",\"@id\":\"https:\\\/\\\/www.accidentdutravail-idf.net\\\/blog\\\/#organization\",\"name\":\"accidentdutravail-idf\",\"url\":\"https:\\\/\\\/www.accidentdutravail-idf.net\\\/blog\\\/\",\"logo\":{\"@type\":\"ImageObject\",\"inLanguage\":\"fr-FR\",\"@id\":\"https:\\\/\\\/www.accidentdutravail-idf.net\\\/blog\\\/#\\\/schema\\\/logo\\\/image\\\/\",\"url\":\"https:\\\/\\\/www.accidentdutravail-idf.net\\\/blog\\\/wp-content\\\/uploads\\\/2022\\\/09\\\/logo-2.png\",\"contentUrl\":\"https:\\\/\\\/www.accidentdutravail-idf.net\\\/blog\\\/wp-content\\\/uploads\\\/2022\\\/09\\\/logo-2.png\",\"width\":380,\"height\":291,\"caption\":\"accidentdutravail-idf\"},\"image\":{\"@id\":\"https:\\\/\\\/www.accidentdutravail-idf.net\\\/blog\\\/#\\\/schema\\\/logo\\\/image\\\/\"}},{\"@type\":\"Person\",\"@id\":\"https:\\\/\\\/www.accidentdutravail-idf.net\\\/blog\\\/#\\\/schema\\\/person\\\/3255d2f970de45e64bd9201f38e7b947\",\"name\":\"Carlos Poulain\",\"image\":{\"@type\":\"ImageObject\",\"inLanguage\":\"fr-FR\",\"@id\":\"https:\\\/\\\/secure.gravatar.com\\\/avatar\\\/b1c2f9d3588e34e91adb093635df64ef4b2381991216be7576466cfcdca4baf3?s=96&d=mm&r=g\",\"url\":\"https:\\\/\\\/secure.gravatar.com\\\/avatar\\\/b1c2f9d3588e34e91adb093635df64ef4b2381991216be7576466cfcdca4baf3?s=96&d=mm&r=g\",\"contentUrl\":\"https:\\\/\\\/secure.gravatar.com\\\/avatar\\\/b1c2f9d3588e34e91adb093635df64ef4b2381991216be7576466cfcdca4baf3?s=96&d=mm&r=g\",\"caption\":\"Carlos Poulain\"},\"url\":\"https:\\\/\\\/www.accidentdutravail-idf.net\\\/blog\\\/author\\\/idfcarlos\\\/\"}]}<\/script>\n<!-- \/ Yoast SEO plugin. -->","yoast_head_json":{"title":"Accident du travail mortel dans le Val-d'Oise, un ouvrier d\u00e9c\u00e9d\u00e9 apr\u00e8s un choc \u00e0 la t\u00eate - ACCIDENTDUTRAVAIL-IDF","description":"Accident du travail mortel dans le Val-d'Oise, un ouvrier d\u00e9c\u00e9d\u00e9 apr\u00e8s un choc \u00e0 la t\u00eate article de ACCIDENTDUTRAVAIL-IDF","robots":{"index":"index","follow":"follow","max-snippet":"max-snippet:-1","max-image-preview":"max-image-preview:large","max-video-preview":"max-video-preview:-1"},"canonical":"https:\/\/www.accidentdutravail-idf.net\/blog\/accident-du-travail-mortel-dans-le-val-doise-un-ouvrier-decede-apres-un-choc-a-la-tete\/","og_locale":"fr_FR","og_type":"article","og_title":"Accident du travail mortel dans le Val-d'Oise, un ouvrier d\u00e9c\u00e9d\u00e9 apr\u00e8s un choc \u00e0 la t\u00eate - ACCIDENTDUTRAVAIL-IDF","og_description":"Accident du travail mortel dans le Val-d'Oise, un ouvrier d\u00e9c\u00e9d\u00e9 apr\u00e8s un choc \u00e0 la t\u00eate article de ACCIDENTDUTRAVAIL-IDF","og_url":"https:\/\/www.accidentdutravail-idf.net\/blog\/accident-du-travail-mortel-dans-le-val-doise-un-ouvrier-decede-apres-un-choc-a-la-tete\/","og_site_name":"ACCIDENTDUTRAVAIL-IDF","article_published_time":"2024-08-06T09:47:00+00:00","og_image":[{"url":"https:\/\/www.accidentdutravail-idf.net\/blog\/wp-content\/uploads\/2024\/08\/accident-du-travail-mortel-dans-le-val-doise-un-ouvrier-decede-apres-un-choc-a-la-tete.jpg","type":"","width":"","height":""}],"author":"Carlos Poulain","twitter_card":"summary_large_image","twitter_misc":{"\u00c9crit par":"Carlos Poulain","Dur\u00e9e de lecture estim\u00e9e":"1 minute"},"schema":{"@context":"https:\/\/schema.org","@graph":[{"@type":"Article","@id":"https:\/\/www.accidentdutravail-idf.net\/blog\/accident-du-travail-mortel-dans-le-val-doise-un-ouvrier-decede-apres-un-choc-a-la-tete\/#article","isPartOf":{"@id":"https:\/\/www.accidentdutravail-idf.net\/blog\/accident-du-travail-mortel-dans-le-val-doise-un-ouvrier-decede-apres-un-choc-a-la-tete\/"},"author":{"name":"Carlos Poulain","@id":"https:\/\/www.accidentdutravail-idf.net\/blog\/#\/schema\/person\/3255d2f970de45e64bd9201f38e7b947"},"headline":"Accident du travail mortel dans le Val-d&rsquo;Oise, un ouvrier d\u00e9c\u00e9d\u00e9 apr\u00e8s un choc \u00e0 la t\u00eate","datePublished":"2024-08-06T09:47:00+00:00","mainEntityOfPage":{"@id":"https:\/\/www.accidentdutravail-idf.net\/blog\/accident-du-travail-mortel-dans-le-val-doise-un-ouvrier-decede-apres-un-choc-a-la-tete\/"},"wordCount":294,"publisher":{"@id":"https:\/\/www.accidentdutravail-idf.net\/blog\/#organization"},"image":{"@id":"https:\/\/www.accidentdutravail-idf.net\/blog\/accident-du-travail-mortel-dans-le-val-doise-un-ouvrier-decede-apres-un-choc-a-la-tete\/#primaryimage"},"thumbnailUrl":"https:\/\/www.accidentdutravail-idf.net\/blog\/wp-content\/uploads\/2024\/08\/accident-du-travail-mortel-dans-le-val-doise-un-ouvrier-decede-apres-un-choc-a-la-tete.jpg","articleSection":["S\u00e9curit\u00e9 Du Travail En Ile-De-France Et Divers:"],"inLanguage":"fr-FR"},{"@type":"WebPage","@id":"https:\/\/www.accidentdutravail-idf.net\/blog\/accident-du-travail-mortel-dans-le-val-doise-un-ouvrier-decede-apres-un-choc-a-la-tete\/","url":"https:\/\/www.accidentdutravail-idf.net\/blog\/accident-du-travail-mortel-dans-le-val-doise-un-ouvrier-decede-apres-un-choc-a-la-tete\/","name":"Accident du travail mortel dans le Val-d'Oise, un ouvrier d\u00e9c\u00e9d\u00e9 apr\u00e8s un choc \u00e0 la t\u00eate - ACCIDENTDUTRAVAIL-IDF","isPartOf":{"@id":"https:\/\/www.accidentdutravail-idf.net\/blog\/#website"},"primaryImageOfPage":{"@id":"https:\/\/www.accidentdutravail-idf.net\/blog\/accident-du-travail-mortel-dans-le-val-doise-un-ouvrier-decede-apres-un-choc-a-la-tete\/#primaryimage"},"image":{"@id":"https:\/\/www.accidentdutravail-idf.net\/blog\/accident-du-travail-mortel-dans-le-val-doise-un-ouvrier-decede-apres-un-choc-a-la-tete\/#primaryimage"},"thumbnailUrl":"https:\/\/www.accidentdutravail-idf.net\/blog\/wp-content\/uploads\/2024\/08\/accident-du-travail-mortel-dans-le-val-doise-un-ouvrier-decede-apres-un-choc-a-la-tete.jpg","datePublished":"2024-08-06T09:47:00+00:00","description":"Accident du travail mortel dans le Val-d'Oise, un ouvrier d\u00e9c\u00e9d\u00e9 apr\u00e8s un choc \u00e0 la t\u00eate article de ACCIDENTDUTRAVAIL-IDF","breadcrumb":{"@id":"https:\/\/www.accidentdutravail-idf.net\/blog\/accident-du-travail-mortel-dans-le-val-doise-un-ouvrier-decede-apres-un-choc-a-la-tete\/#breadcrumb"},"inLanguage":"fr-FR","potentialAction":[{"@type":"ReadAction","target":["https:\/\/www.accidentdutravail-idf.net\/blog\/accident-du-travail-mortel-dans-le-val-doise-un-ouvrier-decede-apres-un-choc-a-la-tete\/"]}]},{"@type":"ImageObject","inLanguage":"fr-FR","@id":"https:\/\/www.accidentdutravail-idf.net\/blog\/accident-du-travail-mortel-dans-le-val-doise-un-ouvrier-decede-apres-un-choc-a-la-tete\/#primaryimage","url":"https:\/\/www.accidentdutravail-idf.net\/blog\/wp-content\/uploads\/2024\/08\/accident-du-travail-mortel-dans-le-val-doise-un-ouvrier-decede-apres-un-choc-a-la-tete.jpg","contentUrl":"https:\/\/www.accidentdutravail-idf.net\/blog\/wp-content\/uploads\/2024\/08\/accident-du-travail-mortel-dans-le-val-doise-un-ouvrier-decede-apres-un-choc-a-la-tete.jpg"},{"@type":"BreadcrumbList","@id":"https:\/\/www.accidentdutravail-idf.net\/blog\/accident-du-travail-mortel-dans-le-val-doise-un-ouvrier-decede-apres-un-choc-a-la-tete\/#breadcrumb","itemListElement":[{"@type":"ListItem","position":1,"name":"Accueil","item":"https:\/\/www.accidentdutravail-idf.net\/blog\/"},{"@type":"ListItem","position":2,"name":"Accident du travail mortel dans le Val-d&rsquo;Oise, un ouvrier d\u00e9c\u00e9d\u00e9 apr\u00e8s un choc \u00e0 la t\u00eate"}]},{"@type":"WebSite","@id":"https:\/\/www.accidentdutravail-idf.net\/blog\/#website","url":"https:\/\/www.accidentdutravail-idf.net\/blog\/","name":"ACCIDENTDUTRAVAIL-IDF","description":"Portail accidents du travail-maladies professionnelles des entreprises d&#039;Ile-de-France","publisher":{"@id":"https:\/\/www.accidentdutravail-idf.net\/blog\/#organization"},"potentialAction":[{"@type":"SearchAction","target":{"@type":"EntryPoint","urlTemplate":"https:\/\/www.accidentdutravail-idf.net\/blog\/?s={search_term_string}"},"query-input":{"@type":"PropertyValueSpecification","valueRequired":true,"valueName":"search_term_string"}}],"inLanguage":"fr-FR"},{"@type":"Organization","@id":"https:\/\/www.accidentdutravail-idf.net\/blog\/#organization","name":"accidentdutravail-idf","url":"https:\/\/www.accidentdutravail-idf.net\/blog\/","logo":{"@type":"ImageObject","inLanguage":"fr-FR","@id":"https:\/\/www.accidentdutravail-idf.net\/blog\/#\/schema\/logo\/image\/","url":"https:\/\/www.accidentdutravail-idf.net\/blog\/wp-content\/uploads\/2022\/09\/logo-2.png","contentUrl":"https:\/\/www.accidentdutravail-idf.net\/blog\/wp-content\/uploads\/2022\/09\/logo-2.png","width":380,"height":291,"caption":"accidentdutravail-idf"},"image":{"@id":"https:\/\/www.accidentdutravail-idf.net\/blog\/#\/schema\/logo\/image\/"}},{"@type":"Person","@id":"https:\/\/www.accidentdutravail-idf.net\/blog\/#\/schema\/person\/3255d2f970de45e64bd9201f38e7b947","name":"Carlos Poulain","image":{"@type":"ImageObject","inLanguage":"fr-FR","@id":"https:\/\/secure.gravatar.com\/avatar\/b1c2f9d3588e34e91adb093635df64ef4b2381991216be7576466cfcdca4baf3?s=96&d=mm&r=g","url":"https:\/\/secure.gravatar.com\/avatar\/b1c2f9d3588e34e91adb093635df64ef4b2381991216be7576466cfcdca4baf3?s=96&d=mm&r=g","contentUrl":"https:\/\/secure.gravatar.com\/avatar\/b1c2f9d3588e34e91adb093635df64ef4b2381991216be7576466cfcdca4baf3?s=96&d=mm&r=g","caption":"Carlos Poulain"},"url":"https:\/\/www.accidentdutravail-idf.net\/blog\/author\/idfcarlos\/"}]}},"_links":{"self":[{"href":"https:\/\/www.accidentdutravail-idf.net\/blog\/wp-json\/wp\/v2\/posts\/633","targetHints":{"allow":["GET"]}}],"collection":[{"href":"https:\/\/www.accidentdutravail-idf.net\/blog\/wp-json\/wp\/v2\/posts"}],"about":[{"href":"https:\/\/www.accidentdutravail-idf.net\/blog\/wp-json\/wp\/v2\/types\/post"}],"author":[{"embeddable":true,"href":"https:\/\/www.accidentdutravail-idf.net\/blog\/wp-json\/wp\/v2\/users\/2"}],"replies":[{"embeddable":true,"href":"https:\/\/www.accidentdutravail-idf.net\/blog\/wp-json\/wp\/v2\/comments?post=633"}],"version-history":[{"count":0,"href":"https:\/\/www.accidentdutravail-idf.net\/blog\/wp-json\/wp\/v2\/posts\/633\/revisions"}],"wp:attachment":[{"href":"https:\/\/www.accidentdutravail-idf.net\/blog\/wp-json\/wp\/v2\/media?parent=633"}],"wp:term":[{"taxonomy":"category","embeddable":true,"href":"https:\/\/www.accidentdutravail-idf.net\/blog\/wp-json\/wp\/v2\/categories?post=633"},{"taxonomy":"post_tag","embeddable":true,"href":"https:\/\/www.accidentdutravail-idf.net\/blog\/wp-json\/wp\/v2\/tags?post=633"}],"curies":[{"name":"wp","href":"https:\/\/api.w.org\/{rel}","templated":true}]}}