{"id":622,"date":"2024-07-30T07:00:00","date_gmt":"2024-07-30T05:00:00","guid":{"rendered":"https:\/\/www.accidentdutravail-idf.net\/blog\/jo-2024-les-accidents-du-travail-ont-ete-reduits-sur-les-chantiers\/"},"modified":"2024-07-30T07:00:00","modified_gmt":"2024-07-30T05:00:00","slug":"jo-2024-les-accidents-du-travail-ont-ete-reduits-sur-les-chantiers","status":"publish","type":"post","link":"https:\/\/www.accidentdutravail-idf.net\/blog\/jo-2024-les-accidents-du-travail-ont-ete-reduits-sur-les-chantiers\/","title":{"rendered":"JO 2024: les accidents du travail ont \u00e9t\u00e9 r\u00e9duits sur les chantiers"},"content":{"rendered":"<p>\nLes <strong><a title href=\"https:\/\/www.lemoniteur.fr\/chantiers\/\" rel target class=\"lien-contextuel\" target=\"_blank\" rel=\"nofollow\">chantiers<\/a> des b\u00e2timents des Jeux olympiques et paralympiques de Paris ont provoqu\u00e9 peu d&rsquo;accidents du travail<\/strong>, s&rsquo;est f\u00e9licit\u00e9 mardi 30 juillet, l&rsquo;ex-num\u00e9ro un de la CGT Bernard Thibault, charg\u00e9 du suivi social de l&rsquo;organisation de la comp\u00e9tition.<\/p>\n<p> \u00ab\u00a0Si on prend le <strong>nombre d&rsquo;heures travaill\u00e9es, rapport\u00e9e \u00e0 la moyenne nationale, on a eu quatre fois moins d&rsquo;accidents <\/strong>du travail sur les chantiers JO\u00a0\u00bb, a r\u00e9sum\u00e9 M. Thibault sur franceinfo.<\/p>\n<p>\nL&rsquo;ancien secr\u00e9taire g\u00e9n\u00e9ral de la CGT (1999-2013), qui si\u00e8ge au sein du Comit\u00e9 d&rsquo;organisation des JO et repr\u00e9sente les signataires de la charte sociale, avait d\u00e9j\u00e0 donn\u00e9 des chiffres semblables dans les mois pr\u00e9c\u00e9dant la comp\u00e9tition. Il peut d\u00e9sormais fournir un bilan final.<\/p>\n<p>\nLes <strong>70 chantiers des Jeux olympiques ont recens\u00e9 \u00ab\u00a0181 accidents, une trentaine d&rsquo;accidents graves et aucun accident mortel\u00a0\u00bb<\/strong>, a-t-il d\u00e9taill\u00e9, alors que plusieurs cas meurtriers ont par exemple \u00e9t\u00e9 enregistr\u00e9s sur les chantiers du m\u00e9tro du Grand Paris. Les accidents graves, \u00ab\u00a0\u00e7a peut \u00eatre des fractures, des blessures profondes, (mais) pour l&rsquo;essentiel pas de blessure irr\u00e9m\u00e9diable\u00a0\u00bb, a-t-il pr\u00e9cis\u00e9.<\/p>\n<p>\nSelon M. Thibault, ces r\u00e9sultats ont \u00e9t\u00e9 <strong>obtenus en imposant aux groupes du <a title=\"L'actualit\u00e9 BTP\" href=\"https:\/\/www.lemoniteur.fr\/btp\/\" rel target class=\"lien-contextuel\" target=\"_blank\" rel=\"nofollow\">BTP<\/a> des r\u00e8gles et des contr\u00f4les plus stricts <\/strong>que ce que pr\u00e9voit le Code du travail.<\/p>\n<p>\nLes grands groupes comme <a title=\"L'actualit\u00e9 BTP sur l'entreprise Bouygues\" href=\"https:\/\/www.lemoniteur.fr\/bouygues\/\" rel target class=\"lien-contextuel\" target=\"_blank\" rel=\"nofollow\">Bouygues<\/a> ou Vinci, qui chapeautent la r\u00e9alisation des chantiers dans leur ensemble, ont notamment \u00e9t\u00e9 tenus responsables des conditions de travail de salari\u00e9s qui ne d\u00e9pendent pas directement d&rsquo;eux, mais des nombreux sous-traitants \u00e0 l&rsquo;oeuvre dans le BTP.<\/p>\n<p> \u00ab\u00a0Au-del\u00e0 des JO, (\u00e7a) montre qu&rsquo;on peut travailler autrement sur les chantiers du b\u00e2timent en France et faire reculer le nombre d&rsquo;accidents\u00a0\u00bb, a jug\u00e9 M. Thibault.<\/p>\n<h2 class=\"interTitre\"> \u00ab\u00a0Nettoyage social\u00a0\u00bb<\/h2>\n<p>\nL&rsquo;ex-leader syndical a par ailleurs reconnu que les accusations de \u00ab\u00a0nettoyage social\u00a0\u00bb, port\u00e9es par des associations apr\u00e8s le d\u00e9mant\u00e8lement de campements ill\u00e9gaux, correspondaient \u00e0 une r\u00e9alit\u00e9.<\/p>\n<p> \u00ab\u00a0Comme le font toutes les villes organisatrices de grands \u00e9v\u00e9nements, les pouvoirs publics s&rsquo;efforcent de m\u00e9nager des images pr\u00e9sentables et, lorsqu&rsquo;on a des personnes \u00e0 la rue, c&rsquo;est consid\u00e9r\u00e9 comme non-pr\u00e9sentable\u00a0\u00bb, a regrett\u00e9 M. Thibault. \u00ab\u00a0<strong>Donc on cr\u00e9e les conditions pour les effacer du paysage.<\/strong>\u00ab\u00a0<\/p>\n<div class=\"articleContent__absolute\">\n<section class=\"is-marginBottom-20\" data-xiti-promotion-adid=\"125\" data-xiti-promotion-format=\"sous-article\" data-xiti-promotion-variant=\"standard\">\n<div class=\"editoCardType21\">\n<div data-xiti-chapter2=\"sous-article-meme-rubrique\">\n<p class=\"editoTitleType1 editoTitleType1--lagoon is-uppercase\">S\u00e9lectionn\u00e9 <b>pour vous<\/b><\/p>\n<section class=\"editoCardType21__content editoCardType21__content--first\">\n<a class=\"editoCardType21__link editoCardType21__containerImage\" href=\"https:\/\/www.lemoniteur.fr\/article\/la-grande-motte-reamenagement-pointilleux-le-long-du-port.2333201\" data-xiti-name=\"2333201\" target=\"_blank\" rel=\"nofollow\"><\/p>\n<figure class=\"is-margin-0\">\n<img decoding=\"async\" src=\"image\/gif;base64,R0lGODdhAQABAPAAAMPDwwAAACwAAAAAAQABAAACAkQBADs=\" data-original=\"\/mediatheque\/3\/0\/9\/002425903_256x170_c.jpg\" alt=\"La Grande-Motte : r\u00e9am\u00e9nagement pointilleux le long du port\"><\/figure>\n<p><\/a><\/section>\n<section class=\"editoCardType21__content \"><\/section>\n<section class=\"editoCardType21__content \"><\/section>\n<\/div>\n<\/div>\n<\/section>\n<\/div>\n<p>accidentdutravail-idf.net vous a pr\u00e9par\u00e9 ce post qui informe du sujet \u00ab\u00a0Association Sportive Huisson-Longueville Essonne\u00a0\u00bb. La chronique se veut g\u00e9n\u00e9r\u00e9e du mieux possible. Vous pouvez utiliser les coordonn\u00e9es indiqu\u00e9es sur le site dans le but d\u2019apporter des explications sur ce post qui parle du th\u00e8me \u00ab\u00a0Association Sportive Huisson-Longueville Essonne\u00a0\u00bb. Le site accidentdutravail-idf.net a pour but de fournir diverses publications sur la th\u00e9matique Association Sportive Huisson-Longueville Essonne diffus\u00e9es sur le net. Il y aura plusieurs articles autour du sujet \u00ab\u00a0Association Sportive Huisson-Longueville Essonne\u00a0\u00bb dans quelques jours, nous vous invitons \u00e0 naviguer sur notre site web \u00e0 plusieurs reprises.<\/p>\n","protected":false},"excerpt":{"rendered":"<p>Les chantiers des b\u00e2timents des Jeux olympiques et paralympiques de Paris ont provoqu\u00e9 peu d&rsquo;accidents du travail, s&rsquo;est f\u00e9licit\u00e9 mardi 30 juillet, l&rsquo;ex-num\u00e9ro un de la CGT Bernard Thibault, charg\u00e9 du suivi social de l&rsquo;organisation de la comp\u00e9tition. \u00ab\u00a0Si on prend le nombre d&rsquo;heures travaill\u00e9es, rapport\u00e9e \u00e0 la moyenne nationale, on a eu quatre fois &hellip; <\/p>\n<p class=\"link-more\"><a href=\"https:\/\/www.accidentdutravail-idf.net\/blog\/jo-2024-les-accidents-du-travail-ont-ete-reduits-sur-les-chantiers\/\" class=\"more-link\">Continuer la lecture <span class=\"screen-reader-text\"> \u00ab\u00a0JO 2024: les accidents du travail ont \u00e9t\u00e9 r\u00e9duits sur les chantiers\u00a0\u00bb<\/span><\/a><\/p>\n","protected":false},"author":2,"featured_media":0,"comment_status":"closed","ping_status":"closed","sticky":false,"template":"","format":"standard","meta":{"footnotes":""},"categories":[5],"tags":[],"class_list":["post-622","post","type-post","status-publish","format-standard","hentry","category-securite-du-travail-en-ile-de-france-et-divers","entry"],"yoast_head":"<!-- This site is optimized with the Yoast SEO plugin v27.5 - https:\/\/yoast.com\/product\/yoast-seo-wordpress\/ -->\n<title>JO 2024: les accidents du travail ont \u00e9t\u00e9 r\u00e9duits sur les chantiers - ACCIDENTDUTRAVAIL-IDF<\/title>\n<meta name=\"description\" content=\"JO 2024: les accidents du travail ont \u00e9t\u00e9 r\u00e9duits sur les chantiers article de ACCIDENTDUTRAVAIL-IDF\" \/>\n<meta name=\"robots\" content=\"index, follow, max-snippet:-1, max-image-preview:large, max-video-preview:-1\" \/>\n<link rel=\"canonical\" href=\"https:\/\/www.accidentdutravail-idf.net\/blog\/jo-2024-les-accidents-du-travail-ont-ete-reduits-sur-les-chantiers\/\" \/>\n<meta property=\"og:locale\" content=\"fr_FR\" \/>\n<meta property=\"og:type\" content=\"article\" \/>\n<meta property=\"og:title\" content=\"JO 2024: les accidents du travail ont \u00e9t\u00e9 r\u00e9duits sur les chantiers - ACCIDENTDUTRAVAIL-IDF\" \/>\n<meta property=\"og:description\" content=\"JO 2024: les accidents du travail ont \u00e9t\u00e9 r\u00e9duits sur les chantiers article de ACCIDENTDUTRAVAIL-IDF\" \/>\n<meta property=\"og:url\" content=\"https:\/\/www.accidentdutravail-idf.net\/blog\/jo-2024-les-accidents-du-travail-ont-ete-reduits-sur-les-chantiers\/\" \/>\n<meta property=\"og:site_name\" content=\"ACCIDENTDUTRAVAIL-IDF\" \/>\n<meta property=\"article:published_time\" content=\"2024-07-30T05:00:00+00:00\" \/>\n<meta name=\"author\" content=\"Carlos Poulain\" \/>\n<meta name=\"twitter:card\" content=\"summary_large_image\" \/>\n<meta name=\"twitter:label1\" content=\"\u00c9crit par\" \/>\n\t<meta name=\"twitter:data1\" content=\"Carlos Poulain\" \/>\n\t<meta name=\"twitter:label2\" content=\"Dur\u00e9e de lecture estim\u00e9e\" \/>\n\t<meta name=\"twitter:data2\" content=\"2 minutes\" \/>\n<script type=\"application\/ld+json\" class=\"yoast-schema-graph\">{\"@context\":\"https:\\\/\\\/schema.org\",\"@graph\":[{\"@type\":\"Article\",\"@id\":\"https:\\\/\\\/www.accidentdutravail-idf.net\\\/blog\\\/jo-2024-les-accidents-du-travail-ont-ete-reduits-sur-les-chantiers\\\/#article\",\"isPartOf\":{\"@id\":\"https:\\\/\\\/www.accidentdutravail-idf.net\\\/blog\\\/jo-2024-les-accidents-du-travail-ont-ete-reduits-sur-les-chantiers\\\/\"},\"author\":{\"name\":\"Carlos Poulain\",\"@id\":\"https:\\\/\\\/www.accidentdutravail-idf.net\\\/blog\\\/#\\\/schema\\\/person\\\/3255d2f970de45e64bd9201f38e7b947\"},\"headline\":\"JO 2024: les accidents du travail ont \u00e9t\u00e9 r\u00e9duits sur les chantiers\",\"datePublished\":\"2024-07-30T05:00:00+00:00\",\"mainEntityOfPage\":{\"@id\":\"https:\\\/\\\/www.accidentdutravail-idf.net\\\/blog\\\/jo-2024-les-accidents-du-travail-ont-ete-reduits-sur-les-chantiers\\\/\"},\"wordCount\":498,\"publisher\":{\"@id\":\"https:\\\/\\\/www.accidentdutravail-idf.net\\\/blog\\\/#organization\"},\"articleSection\":[\"S\u00e9curit\u00e9 Du Travail En Ile-De-France Et Divers:\"],\"inLanguage\":\"fr-FR\"},{\"@type\":\"WebPage\",\"@id\":\"https:\\\/\\\/www.accidentdutravail-idf.net\\\/blog\\\/jo-2024-les-accidents-du-travail-ont-ete-reduits-sur-les-chantiers\\\/\",\"url\":\"https:\\\/\\\/www.accidentdutravail-idf.net\\\/blog\\\/jo-2024-les-accidents-du-travail-ont-ete-reduits-sur-les-chantiers\\\/\",\"name\":\"JO 2024: les accidents du travail ont \u00e9t\u00e9 r\u00e9duits sur les chantiers - ACCIDENTDUTRAVAIL-IDF\",\"isPartOf\":{\"@id\":\"https:\\\/\\\/www.accidentdutravail-idf.net\\\/blog\\\/#website\"},\"datePublished\":\"2024-07-30T05:00:00+00:00\",\"description\":\"JO 2024: les accidents du travail ont \u00e9t\u00e9 r\u00e9duits sur les chantiers article de ACCIDENTDUTRAVAIL-IDF\",\"breadcrumb\":{\"@id\":\"https:\\\/\\\/www.accidentdutravail-idf.net\\\/blog\\\/jo-2024-les-accidents-du-travail-ont-ete-reduits-sur-les-chantiers\\\/#breadcrumb\"},\"inLanguage\":\"fr-FR\",\"potentialAction\":[{\"@type\":\"ReadAction\",\"target\":[\"https:\\\/\\\/www.accidentdutravail-idf.net\\\/blog\\\/jo-2024-les-accidents-du-travail-ont-ete-reduits-sur-les-chantiers\\\/\"]}]},{\"@type\":\"BreadcrumbList\",\"@id\":\"https:\\\/\\\/www.accidentdutravail-idf.net\\\/blog\\\/jo-2024-les-accidents-du-travail-ont-ete-reduits-sur-les-chantiers\\\/#breadcrumb\",\"itemListElement\":[{\"@type\":\"ListItem\",\"position\":1,\"name\":\"Accueil\",\"item\":\"https:\\\/\\\/www.accidentdutravail-idf.net\\\/blog\\\/\"},{\"@type\":\"ListItem\",\"position\":2,\"name\":\"JO 2024: les accidents du travail ont \u00e9t\u00e9 r\u00e9duits sur les chantiers\"}]},{\"@type\":\"WebSite\",\"@id\":\"https:\\\/\\\/www.accidentdutravail-idf.net\\\/blog\\\/#website\",\"url\":\"https:\\\/\\\/www.accidentdutravail-idf.net\\\/blog\\\/\",\"name\":\"ACCIDENTDUTRAVAIL-IDF\",\"description\":\"Portail accidents du travail-maladies professionnelles des entreprises d&#039;Ile-de-France\",\"publisher\":{\"@id\":\"https:\\\/\\\/www.accidentdutravail-idf.net\\\/blog\\\/#organization\"},\"potentialAction\":[{\"@type\":\"SearchAction\",\"target\":{\"@type\":\"EntryPoint\",\"urlTemplate\":\"https:\\\/\\\/www.accidentdutravail-idf.net\\\/blog\\\/?s={search_term_string}\"},\"query-input\":{\"@type\":\"PropertyValueSpecification\",\"valueRequired\":true,\"valueName\":\"search_term_string\"}}],\"inLanguage\":\"fr-FR\"},{\"@type\":\"Organization\",\"@id\":\"https:\\\/\\\/www.accidentdutravail-idf.net\\\/blog\\\/#organization\",\"name\":\"accidentdutravail-idf\",\"url\":\"https:\\\/\\\/www.accidentdutravail-idf.net\\\/blog\\\/\",\"logo\":{\"@type\":\"ImageObject\",\"inLanguage\":\"fr-FR\",\"@id\":\"https:\\\/\\\/www.accidentdutravail-idf.net\\\/blog\\\/#\\\/schema\\\/logo\\\/image\\\/\",\"url\":\"https:\\\/\\\/www.accidentdutravail-idf.net\\\/blog\\\/wp-content\\\/uploads\\\/2022\\\/09\\\/logo-2.png\",\"contentUrl\":\"https:\\\/\\\/www.accidentdutravail-idf.net\\\/blog\\\/wp-content\\\/uploads\\\/2022\\\/09\\\/logo-2.png\",\"width\":380,\"height\":291,\"caption\":\"accidentdutravail-idf\"},\"image\":{\"@id\":\"https:\\\/\\\/www.accidentdutravail-idf.net\\\/blog\\\/#\\\/schema\\\/logo\\\/image\\\/\"}},{\"@type\":\"Person\",\"@id\":\"https:\\\/\\\/www.accidentdutravail-idf.net\\\/blog\\\/#\\\/schema\\\/person\\\/3255d2f970de45e64bd9201f38e7b947\",\"name\":\"Carlos Poulain\",\"image\":{\"@type\":\"ImageObject\",\"inLanguage\":\"fr-FR\",\"@id\":\"https:\\\/\\\/secure.gravatar.com\\\/avatar\\\/b1c2f9d3588e34e91adb093635df64ef4b2381991216be7576466cfcdca4baf3?s=96&d=mm&r=g\",\"url\":\"https:\\\/\\\/secure.gravatar.com\\\/avatar\\\/b1c2f9d3588e34e91adb093635df64ef4b2381991216be7576466cfcdca4baf3?s=96&d=mm&r=g\",\"contentUrl\":\"https:\\\/\\\/secure.gravatar.com\\\/avatar\\\/b1c2f9d3588e34e91adb093635df64ef4b2381991216be7576466cfcdca4baf3?s=96&d=mm&r=g\",\"caption\":\"Carlos Poulain\"},\"url\":\"https:\\\/\\\/www.accidentdutravail-idf.net\\\/blog\\\/author\\\/idfcarlos\\\/\"}]}<\/script>\n<!-- \/ Yoast SEO plugin. -->","yoast_head_json":{"title":"JO 2024: les accidents du travail ont \u00e9t\u00e9 r\u00e9duits sur les chantiers - ACCIDENTDUTRAVAIL-IDF","description":"JO 2024: les accidents du travail ont \u00e9t\u00e9 r\u00e9duits sur les chantiers article de ACCIDENTDUTRAVAIL-IDF","robots":{"index":"index","follow":"follow","max-snippet":"max-snippet:-1","max-image-preview":"max-image-preview:large","max-video-preview":"max-video-preview:-1"},"canonical":"https:\/\/www.accidentdutravail-idf.net\/blog\/jo-2024-les-accidents-du-travail-ont-ete-reduits-sur-les-chantiers\/","og_locale":"fr_FR","og_type":"article","og_title":"JO 2024: les accidents du travail ont \u00e9t\u00e9 r\u00e9duits sur les chantiers - ACCIDENTDUTRAVAIL-IDF","og_description":"JO 2024: les accidents du travail ont \u00e9t\u00e9 r\u00e9duits sur les chantiers article de ACCIDENTDUTRAVAIL-IDF","og_url":"https:\/\/www.accidentdutravail-idf.net\/blog\/jo-2024-les-accidents-du-travail-ont-ete-reduits-sur-les-chantiers\/","og_site_name":"ACCIDENTDUTRAVAIL-IDF","article_published_time":"2024-07-30T05:00:00+00:00","author":"Carlos Poulain","twitter_card":"summary_large_image","twitter_misc":{"\u00c9crit par":"Carlos Poulain","Dur\u00e9e de lecture estim\u00e9e":"2 minutes"},"schema":{"@context":"https:\/\/schema.org","@graph":[{"@type":"Article","@id":"https:\/\/www.accidentdutravail-idf.net\/blog\/jo-2024-les-accidents-du-travail-ont-ete-reduits-sur-les-chantiers\/#article","isPartOf":{"@id":"https:\/\/www.accidentdutravail-idf.net\/blog\/jo-2024-les-accidents-du-travail-ont-ete-reduits-sur-les-chantiers\/"},"author":{"name":"Carlos Poulain","@id":"https:\/\/www.accidentdutravail-idf.net\/blog\/#\/schema\/person\/3255d2f970de45e64bd9201f38e7b947"},"headline":"JO 2024: les accidents du travail ont \u00e9t\u00e9 r\u00e9duits sur les chantiers","datePublished":"2024-07-30T05:00:00+00:00","mainEntityOfPage":{"@id":"https:\/\/www.accidentdutravail-idf.net\/blog\/jo-2024-les-accidents-du-travail-ont-ete-reduits-sur-les-chantiers\/"},"wordCount":498,"publisher":{"@id":"https:\/\/www.accidentdutravail-idf.net\/blog\/#organization"},"articleSection":["S\u00e9curit\u00e9 Du Travail En Ile-De-France Et Divers:"],"inLanguage":"fr-FR"},{"@type":"WebPage","@id":"https:\/\/www.accidentdutravail-idf.net\/blog\/jo-2024-les-accidents-du-travail-ont-ete-reduits-sur-les-chantiers\/","url":"https:\/\/www.accidentdutravail-idf.net\/blog\/jo-2024-les-accidents-du-travail-ont-ete-reduits-sur-les-chantiers\/","name":"JO 2024: les accidents du travail ont \u00e9t\u00e9 r\u00e9duits sur les chantiers - ACCIDENTDUTRAVAIL-IDF","isPartOf":{"@id":"https:\/\/www.accidentdutravail-idf.net\/blog\/#website"},"datePublished":"2024-07-30T05:00:00+00:00","description":"JO 2024: les accidents du travail ont \u00e9t\u00e9 r\u00e9duits sur les chantiers article de ACCIDENTDUTRAVAIL-IDF","breadcrumb":{"@id":"https:\/\/www.accidentdutravail-idf.net\/blog\/jo-2024-les-accidents-du-travail-ont-ete-reduits-sur-les-chantiers\/#breadcrumb"},"inLanguage":"fr-FR","potentialAction":[{"@type":"ReadAction","target":["https:\/\/www.accidentdutravail-idf.net\/blog\/jo-2024-les-accidents-du-travail-ont-ete-reduits-sur-les-chantiers\/"]}]},{"@type":"BreadcrumbList","@id":"https:\/\/www.accidentdutravail-idf.net\/blog\/jo-2024-les-accidents-du-travail-ont-ete-reduits-sur-les-chantiers\/#breadcrumb","itemListElement":[{"@type":"ListItem","position":1,"name":"Accueil","item":"https:\/\/www.accidentdutravail-idf.net\/blog\/"},{"@type":"ListItem","position":2,"name":"JO 2024: les accidents du travail ont \u00e9t\u00e9 r\u00e9duits sur les chantiers"}]},{"@type":"WebSite","@id":"https:\/\/www.accidentdutravail-idf.net\/blog\/#website","url":"https:\/\/www.accidentdutravail-idf.net\/blog\/","name":"ACCIDENTDUTRAVAIL-IDF","description":"Portail accidents du travail-maladies professionnelles des entreprises d&#039;Ile-de-France","publisher":{"@id":"https:\/\/www.accidentdutravail-idf.net\/blog\/#organization"},"potentialAction":[{"@type":"SearchAction","target":{"@type":"EntryPoint","urlTemplate":"https:\/\/www.accidentdutravail-idf.net\/blog\/?s={search_term_string}"},"query-input":{"@type":"PropertyValueSpecification","valueRequired":true,"valueName":"search_term_string"}}],"inLanguage":"fr-FR"},{"@type":"Organization","@id":"https:\/\/www.accidentdutravail-idf.net\/blog\/#organization","name":"accidentdutravail-idf","url":"https:\/\/www.accidentdutravail-idf.net\/blog\/","logo":{"@type":"ImageObject","inLanguage":"fr-FR","@id":"https:\/\/www.accidentdutravail-idf.net\/blog\/#\/schema\/logo\/image\/","url":"https:\/\/www.accidentdutravail-idf.net\/blog\/wp-content\/uploads\/2022\/09\/logo-2.png","contentUrl":"https:\/\/www.accidentdutravail-idf.net\/blog\/wp-content\/uploads\/2022\/09\/logo-2.png","width":380,"height":291,"caption":"accidentdutravail-idf"},"image":{"@id":"https:\/\/www.accidentdutravail-idf.net\/blog\/#\/schema\/logo\/image\/"}},{"@type":"Person","@id":"https:\/\/www.accidentdutravail-idf.net\/blog\/#\/schema\/person\/3255d2f970de45e64bd9201f38e7b947","name":"Carlos Poulain","image":{"@type":"ImageObject","inLanguage":"fr-FR","@id":"https:\/\/secure.gravatar.com\/avatar\/b1c2f9d3588e34e91adb093635df64ef4b2381991216be7576466cfcdca4baf3?s=96&d=mm&r=g","url":"https:\/\/secure.gravatar.com\/avatar\/b1c2f9d3588e34e91adb093635df64ef4b2381991216be7576466cfcdca4baf3?s=96&d=mm&r=g","contentUrl":"https:\/\/secure.gravatar.com\/avatar\/b1c2f9d3588e34e91adb093635df64ef4b2381991216be7576466cfcdca4baf3?s=96&d=mm&r=g","caption":"Carlos Poulain"},"url":"https:\/\/www.accidentdutravail-idf.net\/blog\/author\/idfcarlos\/"}]}},"_links":{"self":[{"href":"https:\/\/www.accidentdutravail-idf.net\/blog\/wp-json\/wp\/v2\/posts\/622","targetHints":{"allow":["GET"]}}],"collection":[{"href":"https:\/\/www.accidentdutravail-idf.net\/blog\/wp-json\/wp\/v2\/posts"}],"about":[{"href":"https:\/\/www.accidentdutravail-idf.net\/blog\/wp-json\/wp\/v2\/types\/post"}],"author":[{"embeddable":true,"href":"https:\/\/www.accidentdutravail-idf.net\/blog\/wp-json\/wp\/v2\/users\/2"}],"replies":[{"embeddable":true,"href":"https:\/\/www.accidentdutravail-idf.net\/blog\/wp-json\/wp\/v2\/comments?post=622"}],"version-history":[{"count":0,"href":"https:\/\/www.accidentdutravail-idf.net\/blog\/wp-json\/wp\/v2\/posts\/622\/revisions"}],"wp:attachment":[{"href":"https:\/\/www.accidentdutravail-idf.net\/blog\/wp-json\/wp\/v2\/media?parent=622"}],"wp:term":[{"taxonomy":"category","embeddable":true,"href":"https:\/\/www.accidentdutravail-idf.net\/blog\/wp-json\/wp\/v2\/categories?post=622"},{"taxonomy":"post_tag","embeddable":true,"href":"https:\/\/www.accidentdutravail-idf.net\/blog\/wp-json\/wp\/v2\/tags?post=622"}],"curies":[{"name":"wp","href":"https:\/\/api.w.org\/{rel}","templated":true}]}}