{"id":621,"date":"2024-07-29T10:18:00","date_gmt":"2024-07-29T08:18:00","guid":{"rendered":"https:\/\/www.accidentdutravail-idf.net\/blog\/accident-du-travail-dans-une-scierie-pres-de-niort-un-salarie-transporte-a-lhopital\/"},"modified":"2024-07-29T10:18:00","modified_gmt":"2024-07-29T08:18:00","slug":"accident-du-travail-dans-une-scierie-pres-de-niort-un-salarie-transporte-a-lhopital","status":"publish","type":"post","link":"https:\/\/www.accidentdutravail-idf.net\/blog\/accident-du-travail-dans-une-scierie-pres-de-niort-un-salarie-transporte-a-lhopital\/","title":{"rendered":"Accident du travail dans une scierie pr\u00e8s de Niort : un salari\u00e9 transport\u00e9 \u00e0 l\u2019h\u00f4pital"},"content":{"rendered":"<header class=\"su-article \">\n<p class=\"su-standfirst chapeau\">Lors d\u2019une marche arri\u00e8re avec un engin, un salari\u00e9 a roul\u00e9 sur les membres inf\u00e9rieurs de son coll\u00e8gue.<\/p>\n<div class=\"photo su-relative \">\n<figure>\n<div class=\"su-ratio-16-9 su-main-picture\"> <img decoding=\"async\" class=\"su-media\" src=\"https:\/\/www.accidentdutravail-idf.net\/blog\/wp-content\/uploads\/2024\/07\/accident-du-travail-dans-une-scierie-pres-de-niort-un-salarie-transporte-a-lhopital.jpg\" alt=\"La victime a \u00e9t\u00e9 prise en charge par les pompiers.\"> <\/div><figcaption><span>La victime a \u00e9t\u00e9 prise en charge par les pompiers. | <\/span>ILLUSTRATION CO &#8211; JOSSELIN CLAIR<\/figcaption><\/figure>\n<p> <button class=\"su-button-fullscreen\" data-oftriggerresize data-ofmodal=\"carrousel-plein-ecran\"> <span>Voir en plein \u00e9cran<\/span> <\/button> <\/div>\n<p>  <button class=\"btn btn-fermer\" title=\"Fermer le plein \u00e9cran\" data-ofmodal=\"carrousel-plein-ecran\"> <i class=\"su-icon ic-fermer\">fermer<\/i> <\/button> <\/p>\n<div class=\"carrousel snap-migrate\">\n<ul class=\"carrousel-conteneur su-not-list\" data-ofswipe=\"{&quot;rambo&quot;:2,&quot;sel&quot;:&quot;.photo&quot;, &quot;navSel&quot;:&quot;.carrousel-plein-ecran .carrousel-nav-bas .item&quot;}\">\n<li class=\"carrousel-contenu photo\" data-ofvwidth=\"{&quot;mobileOnly&quot;:false}\">\n<figure><img decoding=\"async\" data-ofmaxheight class=\"media lazyload\" alt=\"La victime a \u00e9t\u00e9 prise en charge par les pompiers.\" src=\"https:\/\/www.accidentdutravail-idf.net\/blog\/wp-content\/uploads\/2024\/07\/accident-du-travail-dans-une-scierie-pres-de-niort-un-salarie-transporte-a-lhopital.png\" data-oflazyload=\"{&quot;srcset&quot;:&quot;https:\/\/media.ouest-france.fr\/v1\/pictures\/MjAyNDA3OTFmNWU3N2U1YjM1MjNiOGY5N2ZjODdmMzg3MDEwMzQ?width=320&amp;focuspoint=50%2C25&amp;cropresize=1&amp;client_id=bpeditorial&amp;sign=a8d00855a2dd53e134ab77402cb4b850482375fd5882f88c82dc056ca910e3b9 320w,https:\/\/media.ouest-france.fr\/v1\/pictures\/MjAyNDA3OTFmNWU3N2U1YjM1MjNiOGY5N2ZjODdmMzg3MDEwMzQ?width=375&amp;focuspoint=50%2C25&amp;cropresize=1&amp;client_id=bpeditorial&amp;sign=9e149aaa366f305ad893013dd95fb1f8e5a30ba564c5a5657c6597363b0e4ac8 360w,https:\/\/media.ouest-france.fr\/v1\/pictures\/MjAyNDA3OTFmNWU3N2U1YjM1MjNiOGY5N2ZjODdmMzg3MDEwMzQ?width=480&amp;focuspoint=50%2C25&amp;cropresize=1&amp;client_id=bpeditorial&amp;sign=5e7d6df035d8e00d19f7d29519b7da45655149221b7ff1e4bb357af34cb5460a 480w,https:\/\/media.ouest-france.fr\/v1\/pictures\/MjAyNDA3OTFmNWU3N2U1YjM1MjNiOGY5N2ZjODdmMzg3MDEwMzQ?width=630&amp;focuspoint=50%2C25&amp;cropresize=1&amp;client_id=bpeditorial&amp;sign=56fc562e453531af5f9742a621f4a12badbbcb2ec7761d9220c2a63213d775a4 630w,https:\/\/media.ouest-france.fr\/v1\/pictures\/MjAyNDA3OTFmNWU3N2U1YjM1MjNiOGY5N2ZjODdmMzg3MDEwMzQ?width=940&amp;focuspoint=50%2C25&amp;cropresize=1&amp;client_id=bpeditorial&amp;sign=1fb78387694fc3fc571d75d7ef091ca129ac33b0e60d6870644b097c3a4b7cf5 940w,https:\/\/media.ouest-france.fr\/v1\/pictures\/MjAyNDA3OTFmNWU3N2U1YjM1MjNiOGY5N2ZjODdmMzg3MDEwMzQ?width=1260&amp;focuspoint=50%2C25&amp;cropresize=1&amp;client_id=bpeditorial&amp;sign=97d153c2a5496397a8c2f50b33708f9ca708510ef13203ec74f04cb307b8626a 1260w&quot;}\"><figcaption><span>La victime a \u00e9t\u00e9 prise en charge par les pompiers. | <\/span>ILLUSTRATION CO &#8211; JOSSELIN CLAIR<\/figcaption><\/figure>\n<\/li>\n<\/ul><\/div>\n<\/header>\n<div class=\"col-gauche\">\n<header class=\"metadata\"> <span class=\"auteur\"> <span class=\"su-source source-lien su-cockade-co\"><a href=\"https:\/\/www.ouest-france.fr\/le-courrier-de-l-ouest\/\" target=\"_blank\" rel=\"nofollow\">Le Courrier de l&rsquo;Ouest<\/a><\/span> <\/span> <span class=\"dates\"> <span class=\"date su-date\">Modifi\u00e9 le 29\/07\/2024 <span class=\"heure\"> \u00e0 19h18<\/span><\/span> <span class=\"date su-date su-hidden-xs su-hidden-sm su-hidden-md\">Publi\u00e9 le 29\/07\/2024 <span class=\"heure\"> \u00e0 19h11<\/span><\/span> <\/span> <\/header>\n<aside class=\"contenu-secondaire\" data-nosnippet>\n<p> <button class=\"action meta-readlater\"> <span data-trk-menuarticle=\"Lire plus tard\" role=\"button\" class=\"icon-signet\" title=\"Lire plus tard\" data-ofreadlater-id=\"da4f07e8-4dca-11ef-b8ce-b2976298b162\" data-ofreadlater-url=\"https:\/\/www.ouest-france.fr\/nouvelle-aquitaine\/secondigne-sur-belle-79170\/accident-du-travail-a-la-scierie-archimbaud-un-salarie-transporte-a-lhopital-da4f07e8-4dca-11ef-b8ce-b2976298b162\" data-ofreadlater-title=\"Accident du travail dans une scierie pr\u00e8s de Niort&nbsp;: un salari\u00e9 transport\u00e9 \u00e0 l\u2019h\u00f4pital\"><\/span> <span>Lire plus tard<\/span> <\/button> <\/p>\n<div class=\"su-visible-xl item su-clearfix\"> <button class=\"action su-row meta-btn su-vertical-center su-visible-xl\" data-sutoggleclass=\"[{&quot;sel&quot;:&quot;#partage-col-gauche&quot;,&quot;klass&quot;:&quot;su-hidden&quot;}]\"> <span data-trk-menuarticle=\"Partager\" class=\"icon icon-partage\"><\/span> <span class=\"su-text-left\">Partager<\/span> <\/button> <\/p>\n<ul id=\"partage-col-gauche\" class=\"reseaux-sociaux-list avec-noms pastilles su-not-list su-hidden\">\n<li class=\"item facebook\"><button data-trksocialnetwork=\"Facebook\" data-ofshare-open=\"{&quot;target&quot;: &quot;facebook&quot;, &quot;url&quot;: &quot;https:\/\/www.ouest-france.fr\/nouvelle-aquitaine\/secondigne-sur-belle-79170\/accident-du-travail-a-la-scierie-archimbaud-un-salarie-transporte-a-lhopital-da4f07e8-4dca-11ef-b8ce-b2976298b162&quot;, &quot;source&quot;: &quot;courrierouest&quot;}\" title=\"Partager sur Facebook\"><i class=\"icon icon-facebook\" data-trk-nav-bottom-sticky=\"Facebook\"><\/i><\/button><\/li>\n<li class=\"item twitter x\"><button data-trksocialnetwork=\"X\" data-ofshare-open=\"{&quot;target&quot;: &quot;twitter&quot;, &quot;url&quot;: &quot;https:\/\/www.ouest-france.fr\/nouvelle-aquitaine\/secondigne-sur-belle-79170\/accident-du-travail-a-la-scierie-archimbaud-un-salarie-transporte-a-lhopital-da4f07e8-4dca-11ef-b8ce-b2976298b162&quot;, &quot;source&quot;: &quot;courrierouest&quot;}\" title=\"Partager sur X\"><i class=\"icon\" data-trk-nav-bottom-sticky=\"X\"><img data-oflazyload=\"{&quot;src&quot;:&quot;https:\/\/media.ouest-france.fr\/v1\/fonts\/561e3fe971440ef51d73173055cd9263-twitter-blanc.svg&quot;}\"><\/i><\/button><\/li>\n<li class=\"item flipboard\"><button data-trksocialnetwork=\"Flipboard\" data-ofshare-open=\"{&quot;target&quot;: &quot;Flipboard&quot;, &quot;url&quot;: &quot;https:\/\/www.ouest-france.fr\/nouvelle-aquitaine\/secondigne-sur-belle-79170\/accident-du-travail-a-la-scierie-archimbaud-un-salarie-transporte-a-lhopital-da4f07e8-4dca-11ef-b8ce-b2976298b162&quot;, &quot;source&quot;: &quot;courrierouest&quot;}\" title=\"Partager sur Flipboard\"><i class=\"icon icon-flipboard\" data-trk-nav-bottom-sticky=\"Flipboard\"><\/i><\/button><\/li>\n<li class=\"item linkedin\"><button data-trksocialnetwork=\"LinkedIn\" data-ofshare-open=\"{&quot;target&quot;: &quot;LinkedIn&quot;, &quot;url&quot;: &quot;https:\/\/www.ouest-france.fr\/nouvelle-aquitaine\/secondigne-sur-belle-79170\/accident-du-travail-a-la-scierie-archimbaud-un-salarie-transporte-a-lhopital-da4f07e8-4dca-11ef-b8ce-b2976298b162&quot;, &quot;source&quot;: &quot;courrierouest&quot;}\" title=\"Partager sur LinkedIn\"><i class=\"icon icon-linkedin\" data-trk-nav-bottom-sticky=\"LinkedIn\"><\/i><\/button><\/li>\n<\/ul><\/div>\n<div data-trk=\"[{&amp;quot;n&amp;quot;:&amp;quot;platform-newsletters&amp;quot;,&amp;quot;o&amp;quot;:&amp;quot;Platform BP Newsletters&amp;quot;,&amp;quot;v&amp;quot;:&amp;quot;3.10.8&amp;quot;}]\" id=\"bloc_3quarts_1__parentOf__inscription_newsletter\" class=\"_b item\">\n<section id=\"newsletter-col-gauche\" class=\"su-negative bp-newsletters nl-e2001a bloc-newsletter newsletter-gauche su-visible-xl su-margin-bottom-xl\"> <label for=\"subscription-mail\" title=\"S'inscrire \u00e0 la Newsletter\" class=\"toggle-nl-col-gauche\" data-sutoggleclass=\"[{&quot;sel&quot;:&quot;.bloc-newsletter.newsletter-gauche .texte-rgpd.su-hidden&quot;,&quot;klass&quot;:&quot;su-hidden&quot;},{&quot;klass&quot;:&quot;su-hidden&quot;}]\"><\/label> <\/p>\n<p class=\"su-h3 su-margin-bottom-xs titre-bloc\">Newsletter Niort<\/p>\n<p>Chaque matin, recevez toute l\u2019information de Niort et de ses environs avec <strong>Le Courrier de l&rsquo;Ouest<\/strong><\/p>\n<p class=\"su-text-xsmall texte-rgpd su-hidden\">Votre e-mail, avec votre consentement, est utilis\u00e9 par Ouest-France pour recevoir notre newsletter. <a class=\"su-link-light\" href=\"https:\/\/www.ouest-france.fr\/politique-de-protection-des-donnees-personnelles\/\" target=\"_blank\" rel=\"nofollow\">En&nbsp;savoir&nbsp;plus<\/a>.<\/p>\n<\/section>\n<\/div>\n<\/aside><\/div>\n<div id=\"article-detail\" class=\"contenu-principal p402_premium \">\n<div class=\"su-article\">\n<p>Un accident du travail a eu lieu ce lundi 29&nbsp;juillet \u00e0 la scierie Archimbaud, \u00e0 Secondign\u00e9-sur-Belle. Selon les premi\u00e8res constatations, un employ\u00e9 qui effectuait une marche arri\u00e8re sur un engin, n\u2019aurait pas vu son coll\u00e8gue. Il lui a roul\u00e9 sur les membres inf\u00e9rieurs. La victime a \u00e9t\u00e9 transport\u00e9e au Centre hospitalier de Niort. L\u2019inspection du travail a \u00e9t\u00e9 avis\u00e9e.<\/p>\n<footer class=\"liste-tags su-margin-bottom-m\" data-ofstats-scroll=\"tags pied article\">\n<div class=\"su-carrousel snap-migrate\"><button class=\"su-button-left su-inactif inactif\" data-suswipeprev><span class=\"su-icon\">gauche<\/span><\/button><button class=\"su-button-right\" data-suswipenext><span class=\"su-icon\">droite<\/span><\/button><\/div>\n<\/footer><\/div>\n<\/p><\/div>\n<p> accidentdutravail-idf.net vous a pr\u00e9par\u00e9 ce post qui informe du sujet \u00ab\u00a0Association Sportive Huisson-Longueville Essonne\u00a0\u00bb. La chronique se veut g\u00e9n\u00e9r\u00e9e du mieux possible. Vous pouvez utiliser les coordonn\u00e9es indiqu\u00e9es sur le site dans le but d\u2019apporter des explications sur ce post qui parle du th\u00e8me \u00ab\u00a0Association Sportive Huisson-Longueville Essonne\u00a0\u00bb. Le site accidentdutravail-idf.net a pour but de fournir diverses publications sur la th\u00e9matique Association Sportive Huisson-Longueville Essonne diffus\u00e9es sur le net. Il y aura plusieurs articles autour du sujet \u00ab\u00a0Association Sportive Huisson-Longueville Essonne\u00a0\u00bb dans quelques jours, nous vous invitons \u00e0 naviguer sur notre site web \u00e0 plusieurs reprises.<\/p>\n","protected":false},"excerpt":{"rendered":"<p>Lors d\u2019une marche arri\u00e8re avec un engin, un salari\u00e9 a roul\u00e9 sur les membres inf\u00e9rieurs de son coll\u00e8gue. La victime a \u00e9t\u00e9 prise en charge par les pompiers. | ILLUSTRATION CO &#8211; JOSSELIN CLAIR Voir en plein \u00e9cran fermer La victime a \u00e9t\u00e9 prise en charge par les pompiers. | ILLUSTRATION CO &#8211; JOSSELIN CLAIR &hellip; <\/p>\n<p class=\"link-more\"><a href=\"https:\/\/www.accidentdutravail-idf.net\/blog\/accident-du-travail-dans-une-scierie-pres-de-niort-un-salarie-transporte-a-lhopital\/\" class=\"more-link\">Continuer la lecture <span class=\"screen-reader-text\"> \u00ab\u00a0Accident du travail dans une scierie pr\u00e8s de Niort : un salari\u00e9 transport\u00e9 \u00e0 l\u2019h\u00f4pital\u00a0\u00bb<\/span><\/a><\/p>\n","protected":false},"author":2,"featured_media":0,"comment_status":"closed","ping_status":"closed","sticky":false,"template":"","format":"standard","meta":{"footnotes":""},"categories":[5],"tags":[],"class_list":["post-621","post","type-post","status-publish","format-standard","hentry","category-securite-du-travail-en-ile-de-france-et-divers","entry"],"yoast_head":"<!-- This site is optimized with the Yoast SEO plugin v27.5 - https:\/\/yoast.com\/product\/yoast-seo-wordpress\/ -->\n<title>Accident du travail dans une scierie pr\u00e8s de Niort : un salari\u00e9 transport\u00e9 \u00e0 l\u2019h\u00f4pital - ACCIDENTDUTRAVAIL-IDF<\/title>\n<meta name=\"description\" content=\"Accident du travail dans une scierie pr\u00e8s de Niort : un salari\u00e9 transport\u00e9 \u00e0 l\u2019h\u00f4pital article de ACCIDENTDUTRAVAIL-IDF\" \/>\n<meta name=\"robots\" content=\"index, follow, max-snippet:-1, max-image-preview:large, max-video-preview:-1\" \/>\n<link rel=\"canonical\" href=\"https:\/\/www.accidentdutravail-idf.net\/blog\/accident-du-travail-dans-une-scierie-pres-de-niort-un-salarie-transporte-a-lhopital\/\" \/>\n<meta property=\"og:locale\" content=\"fr_FR\" \/>\n<meta property=\"og:type\" content=\"article\" \/>\n<meta property=\"og:title\" content=\"Accident du travail dans une scierie pr\u00e8s de Niort : un salari\u00e9 transport\u00e9 \u00e0 l\u2019h\u00f4pital - ACCIDENTDUTRAVAIL-IDF\" \/>\n<meta property=\"og:description\" content=\"Accident du travail dans une scierie pr\u00e8s de Niort : un salari\u00e9 transport\u00e9 \u00e0 l\u2019h\u00f4pital article de ACCIDENTDUTRAVAIL-IDF\" \/>\n<meta property=\"og:url\" content=\"https:\/\/www.accidentdutravail-idf.net\/blog\/accident-du-travail-dans-une-scierie-pres-de-niort-un-salarie-transporte-a-lhopital\/\" \/>\n<meta property=\"og:site_name\" content=\"ACCIDENTDUTRAVAIL-IDF\" \/>\n<meta property=\"article:published_time\" content=\"2024-07-29T08:18:00+00:00\" \/>\n<meta property=\"og:image\" content=\"https:\/\/www.accidentdutravail-idf.net\/blog\/wp-content\/uploads\/2024\/07\/accident-du-travail-dans-une-scierie-pres-de-niort-un-salarie-transporte-a-lhopital.jpg\" \/>\n<meta name=\"author\" content=\"Carlos Poulain\" \/>\n<meta name=\"twitter:card\" content=\"summary_large_image\" \/>\n<meta name=\"twitter:label1\" content=\"\u00c9crit par\" \/>\n\t<meta name=\"twitter:data1\" content=\"Carlos Poulain\" \/>\n\t<meta name=\"twitter:label2\" content=\"Dur\u00e9e de lecture estim\u00e9e\" \/>\n\t<meta name=\"twitter:data2\" content=\"1 minute\" \/>\n<script type=\"application\/ld+json\" class=\"yoast-schema-graph\">{\"@context\":\"https:\\\/\\\/schema.org\",\"@graph\":[{\"@type\":\"Article\",\"@id\":\"https:\\\/\\\/www.accidentdutravail-idf.net\\\/blog\\\/accident-du-travail-dans-une-scierie-pres-de-niort-un-salarie-transporte-a-lhopital\\\/#article\",\"isPartOf\":{\"@id\":\"https:\\\/\\\/www.accidentdutravail-idf.net\\\/blog\\\/accident-du-travail-dans-une-scierie-pres-de-niort-un-salarie-transporte-a-lhopital\\\/\"},\"author\":{\"name\":\"Carlos Poulain\",\"@id\":\"https:\\\/\\\/www.accidentdutravail-idf.net\\\/blog\\\/#\\\/schema\\\/person\\\/3255d2f970de45e64bd9201f38e7b947\"},\"headline\":\"Accident du travail dans une scierie pr\u00e8s de Niort : un salari\u00e9 transport\u00e9 \u00e0 l\u2019h\u00f4pital\",\"datePublished\":\"2024-07-29T08:18:00+00:00\",\"mainEntityOfPage\":{\"@id\":\"https:\\\/\\\/www.accidentdutravail-idf.net\\\/blog\\\/accident-du-travail-dans-une-scierie-pres-de-niort-un-salarie-transporte-a-lhopital\\\/\"},\"wordCount\":299,\"publisher\":{\"@id\":\"https:\\\/\\\/www.accidentdutravail-idf.net\\\/blog\\\/#organization\"},\"image\":{\"@id\":\"https:\\\/\\\/www.accidentdutravail-idf.net\\\/blog\\\/accident-du-travail-dans-une-scierie-pres-de-niort-un-salarie-transporte-a-lhopital\\\/#primaryimage\"},\"thumbnailUrl\":\"https:\\\/\\\/www.accidentdutravail-idf.net\\\/blog\\\/wp-content\\\/uploads\\\/2024\\\/07\\\/accident-du-travail-dans-une-scierie-pres-de-niort-un-salarie-transporte-a-lhopital.jpg\",\"articleSection\":[\"S\u00e9curit\u00e9 Du Travail En Ile-De-France Et Divers:\"],\"inLanguage\":\"fr-FR\"},{\"@type\":\"WebPage\",\"@id\":\"https:\\\/\\\/www.accidentdutravail-idf.net\\\/blog\\\/accident-du-travail-dans-une-scierie-pres-de-niort-un-salarie-transporte-a-lhopital\\\/\",\"url\":\"https:\\\/\\\/www.accidentdutravail-idf.net\\\/blog\\\/accident-du-travail-dans-une-scierie-pres-de-niort-un-salarie-transporte-a-lhopital\\\/\",\"name\":\"Accident du travail dans une scierie pr\u00e8s de Niort : un salari\u00e9 transport\u00e9 \u00e0 l\u2019h\u00f4pital - ACCIDENTDUTRAVAIL-IDF\",\"isPartOf\":{\"@id\":\"https:\\\/\\\/www.accidentdutravail-idf.net\\\/blog\\\/#website\"},\"primaryImageOfPage\":{\"@id\":\"https:\\\/\\\/www.accidentdutravail-idf.net\\\/blog\\\/accident-du-travail-dans-une-scierie-pres-de-niort-un-salarie-transporte-a-lhopital\\\/#primaryimage\"},\"image\":{\"@id\":\"https:\\\/\\\/www.accidentdutravail-idf.net\\\/blog\\\/accident-du-travail-dans-une-scierie-pres-de-niort-un-salarie-transporte-a-lhopital\\\/#primaryimage\"},\"thumbnailUrl\":\"https:\\\/\\\/www.accidentdutravail-idf.net\\\/blog\\\/wp-content\\\/uploads\\\/2024\\\/07\\\/accident-du-travail-dans-une-scierie-pres-de-niort-un-salarie-transporte-a-lhopital.jpg\",\"datePublished\":\"2024-07-29T08:18:00+00:00\",\"description\":\"Accident du travail dans une scierie pr\u00e8s de Niort : un salari\u00e9 transport\u00e9 \u00e0 l\u2019h\u00f4pital article de ACCIDENTDUTRAVAIL-IDF\",\"breadcrumb\":{\"@id\":\"https:\\\/\\\/www.accidentdutravail-idf.net\\\/blog\\\/accident-du-travail-dans-une-scierie-pres-de-niort-un-salarie-transporte-a-lhopital\\\/#breadcrumb\"},\"inLanguage\":\"fr-FR\",\"potentialAction\":[{\"@type\":\"ReadAction\",\"target\":[\"https:\\\/\\\/www.accidentdutravail-idf.net\\\/blog\\\/accident-du-travail-dans-une-scierie-pres-de-niort-un-salarie-transporte-a-lhopital\\\/\"]}]},{\"@type\":\"ImageObject\",\"inLanguage\":\"fr-FR\",\"@id\":\"https:\\\/\\\/www.accidentdutravail-idf.net\\\/blog\\\/accident-du-travail-dans-une-scierie-pres-de-niort-un-salarie-transporte-a-lhopital\\\/#primaryimage\",\"url\":\"https:\\\/\\\/www.accidentdutravail-idf.net\\\/blog\\\/wp-content\\\/uploads\\\/2024\\\/07\\\/accident-du-travail-dans-une-scierie-pres-de-niort-un-salarie-transporte-a-lhopital.jpg\",\"contentUrl\":\"https:\\\/\\\/www.accidentdutravail-idf.net\\\/blog\\\/wp-content\\\/uploads\\\/2024\\\/07\\\/accident-du-travail-dans-une-scierie-pres-de-niort-un-salarie-transporte-a-lhopital.jpg\"},{\"@type\":\"BreadcrumbList\",\"@id\":\"https:\\\/\\\/www.accidentdutravail-idf.net\\\/blog\\\/accident-du-travail-dans-une-scierie-pres-de-niort-un-salarie-transporte-a-lhopital\\\/#breadcrumb\",\"itemListElement\":[{\"@type\":\"ListItem\",\"position\":1,\"name\":\"Accueil\",\"item\":\"https:\\\/\\\/www.accidentdutravail-idf.net\\\/blog\\\/\"},{\"@type\":\"ListItem\",\"position\":2,\"name\":\"Accident du travail dans une scierie pr\u00e8s de Niort : un salari\u00e9 transport\u00e9 \u00e0 l\u2019h\u00f4pital\"}]},{\"@type\":\"WebSite\",\"@id\":\"https:\\\/\\\/www.accidentdutravail-idf.net\\\/blog\\\/#website\",\"url\":\"https:\\\/\\\/www.accidentdutravail-idf.net\\\/blog\\\/\",\"name\":\"ACCIDENTDUTRAVAIL-IDF\",\"description\":\"Portail accidents du travail-maladies professionnelles des entreprises d&#039;Ile-de-France\",\"publisher\":{\"@id\":\"https:\\\/\\\/www.accidentdutravail-idf.net\\\/blog\\\/#organization\"},\"potentialAction\":[{\"@type\":\"SearchAction\",\"target\":{\"@type\":\"EntryPoint\",\"urlTemplate\":\"https:\\\/\\\/www.accidentdutravail-idf.net\\\/blog\\\/?s={search_term_string}\"},\"query-input\":{\"@type\":\"PropertyValueSpecification\",\"valueRequired\":true,\"valueName\":\"search_term_string\"}}],\"inLanguage\":\"fr-FR\"},{\"@type\":\"Organization\",\"@id\":\"https:\\\/\\\/www.accidentdutravail-idf.net\\\/blog\\\/#organization\",\"name\":\"accidentdutravail-idf\",\"url\":\"https:\\\/\\\/www.accidentdutravail-idf.net\\\/blog\\\/\",\"logo\":{\"@type\":\"ImageObject\",\"inLanguage\":\"fr-FR\",\"@id\":\"https:\\\/\\\/www.accidentdutravail-idf.net\\\/blog\\\/#\\\/schema\\\/logo\\\/image\\\/\",\"url\":\"https:\\\/\\\/www.accidentdutravail-idf.net\\\/blog\\\/wp-content\\\/uploads\\\/2022\\\/09\\\/logo-2.png\",\"contentUrl\":\"https:\\\/\\\/www.accidentdutravail-idf.net\\\/blog\\\/wp-content\\\/uploads\\\/2022\\\/09\\\/logo-2.png\",\"width\":380,\"height\":291,\"caption\":\"accidentdutravail-idf\"},\"image\":{\"@id\":\"https:\\\/\\\/www.accidentdutravail-idf.net\\\/blog\\\/#\\\/schema\\\/logo\\\/image\\\/\"}},{\"@type\":\"Person\",\"@id\":\"https:\\\/\\\/www.accidentdutravail-idf.net\\\/blog\\\/#\\\/schema\\\/person\\\/3255d2f970de45e64bd9201f38e7b947\",\"name\":\"Carlos Poulain\",\"image\":{\"@type\":\"ImageObject\",\"inLanguage\":\"fr-FR\",\"@id\":\"https:\\\/\\\/secure.gravatar.com\\\/avatar\\\/b1c2f9d3588e34e91adb093635df64ef4b2381991216be7576466cfcdca4baf3?s=96&d=mm&r=g\",\"url\":\"https:\\\/\\\/secure.gravatar.com\\\/avatar\\\/b1c2f9d3588e34e91adb093635df64ef4b2381991216be7576466cfcdca4baf3?s=96&d=mm&r=g\",\"contentUrl\":\"https:\\\/\\\/secure.gravatar.com\\\/avatar\\\/b1c2f9d3588e34e91adb093635df64ef4b2381991216be7576466cfcdca4baf3?s=96&d=mm&r=g\",\"caption\":\"Carlos Poulain\"},\"url\":\"https:\\\/\\\/www.accidentdutravail-idf.net\\\/blog\\\/author\\\/idfcarlos\\\/\"}]}<\/script>\n<!-- \/ Yoast SEO plugin. -->","yoast_head_json":{"title":"Accident du travail dans une scierie pr\u00e8s de Niort : un salari\u00e9 transport\u00e9 \u00e0 l\u2019h\u00f4pital - ACCIDENTDUTRAVAIL-IDF","description":"Accident du travail dans une scierie pr\u00e8s de Niort : un salari\u00e9 transport\u00e9 \u00e0 l\u2019h\u00f4pital article de ACCIDENTDUTRAVAIL-IDF","robots":{"index":"index","follow":"follow","max-snippet":"max-snippet:-1","max-image-preview":"max-image-preview:large","max-video-preview":"max-video-preview:-1"},"canonical":"https:\/\/www.accidentdutravail-idf.net\/blog\/accident-du-travail-dans-une-scierie-pres-de-niort-un-salarie-transporte-a-lhopital\/","og_locale":"fr_FR","og_type":"article","og_title":"Accident du travail dans une scierie pr\u00e8s de Niort : un salari\u00e9 transport\u00e9 \u00e0 l\u2019h\u00f4pital - ACCIDENTDUTRAVAIL-IDF","og_description":"Accident du travail dans une scierie pr\u00e8s de Niort : un salari\u00e9 transport\u00e9 \u00e0 l\u2019h\u00f4pital article de ACCIDENTDUTRAVAIL-IDF","og_url":"https:\/\/www.accidentdutravail-idf.net\/blog\/accident-du-travail-dans-une-scierie-pres-de-niort-un-salarie-transporte-a-lhopital\/","og_site_name":"ACCIDENTDUTRAVAIL-IDF","article_published_time":"2024-07-29T08:18:00+00:00","og_image":[{"url":"https:\/\/www.accidentdutravail-idf.net\/blog\/wp-content\/uploads\/2024\/07\/accident-du-travail-dans-une-scierie-pres-de-niort-un-salarie-transporte-a-lhopital.jpg","type":"","width":"","height":""}],"author":"Carlos Poulain","twitter_card":"summary_large_image","twitter_misc":{"\u00c9crit par":"Carlos Poulain","Dur\u00e9e de lecture estim\u00e9e":"1 minute"},"schema":{"@context":"https:\/\/schema.org","@graph":[{"@type":"Article","@id":"https:\/\/www.accidentdutravail-idf.net\/blog\/accident-du-travail-dans-une-scierie-pres-de-niort-un-salarie-transporte-a-lhopital\/#article","isPartOf":{"@id":"https:\/\/www.accidentdutravail-idf.net\/blog\/accident-du-travail-dans-une-scierie-pres-de-niort-un-salarie-transporte-a-lhopital\/"},"author":{"name":"Carlos Poulain","@id":"https:\/\/www.accidentdutravail-idf.net\/blog\/#\/schema\/person\/3255d2f970de45e64bd9201f38e7b947"},"headline":"Accident du travail dans une scierie pr\u00e8s de Niort : un salari\u00e9 transport\u00e9 \u00e0 l\u2019h\u00f4pital","datePublished":"2024-07-29T08:18:00+00:00","mainEntityOfPage":{"@id":"https:\/\/www.accidentdutravail-idf.net\/blog\/accident-du-travail-dans-une-scierie-pres-de-niort-un-salarie-transporte-a-lhopital\/"},"wordCount":299,"publisher":{"@id":"https:\/\/www.accidentdutravail-idf.net\/blog\/#organization"},"image":{"@id":"https:\/\/www.accidentdutravail-idf.net\/blog\/accident-du-travail-dans-une-scierie-pres-de-niort-un-salarie-transporte-a-lhopital\/#primaryimage"},"thumbnailUrl":"https:\/\/www.accidentdutravail-idf.net\/blog\/wp-content\/uploads\/2024\/07\/accident-du-travail-dans-une-scierie-pres-de-niort-un-salarie-transporte-a-lhopital.jpg","articleSection":["S\u00e9curit\u00e9 Du Travail En Ile-De-France Et Divers:"],"inLanguage":"fr-FR"},{"@type":"WebPage","@id":"https:\/\/www.accidentdutravail-idf.net\/blog\/accident-du-travail-dans-une-scierie-pres-de-niort-un-salarie-transporte-a-lhopital\/","url":"https:\/\/www.accidentdutravail-idf.net\/blog\/accident-du-travail-dans-une-scierie-pres-de-niort-un-salarie-transporte-a-lhopital\/","name":"Accident du travail dans une scierie pr\u00e8s de Niort : un salari\u00e9 transport\u00e9 \u00e0 l\u2019h\u00f4pital - ACCIDENTDUTRAVAIL-IDF","isPartOf":{"@id":"https:\/\/www.accidentdutravail-idf.net\/blog\/#website"},"primaryImageOfPage":{"@id":"https:\/\/www.accidentdutravail-idf.net\/blog\/accident-du-travail-dans-une-scierie-pres-de-niort-un-salarie-transporte-a-lhopital\/#primaryimage"},"image":{"@id":"https:\/\/www.accidentdutravail-idf.net\/blog\/accident-du-travail-dans-une-scierie-pres-de-niort-un-salarie-transporte-a-lhopital\/#primaryimage"},"thumbnailUrl":"https:\/\/www.accidentdutravail-idf.net\/blog\/wp-content\/uploads\/2024\/07\/accident-du-travail-dans-une-scierie-pres-de-niort-un-salarie-transporte-a-lhopital.jpg","datePublished":"2024-07-29T08:18:00+00:00","description":"Accident du travail dans une scierie pr\u00e8s de Niort : un salari\u00e9 transport\u00e9 \u00e0 l\u2019h\u00f4pital article de ACCIDENTDUTRAVAIL-IDF","breadcrumb":{"@id":"https:\/\/www.accidentdutravail-idf.net\/blog\/accident-du-travail-dans-une-scierie-pres-de-niort-un-salarie-transporte-a-lhopital\/#breadcrumb"},"inLanguage":"fr-FR","potentialAction":[{"@type":"ReadAction","target":["https:\/\/www.accidentdutravail-idf.net\/blog\/accident-du-travail-dans-une-scierie-pres-de-niort-un-salarie-transporte-a-lhopital\/"]}]},{"@type":"ImageObject","inLanguage":"fr-FR","@id":"https:\/\/www.accidentdutravail-idf.net\/blog\/accident-du-travail-dans-une-scierie-pres-de-niort-un-salarie-transporte-a-lhopital\/#primaryimage","url":"https:\/\/www.accidentdutravail-idf.net\/blog\/wp-content\/uploads\/2024\/07\/accident-du-travail-dans-une-scierie-pres-de-niort-un-salarie-transporte-a-lhopital.jpg","contentUrl":"https:\/\/www.accidentdutravail-idf.net\/blog\/wp-content\/uploads\/2024\/07\/accident-du-travail-dans-une-scierie-pres-de-niort-un-salarie-transporte-a-lhopital.jpg"},{"@type":"BreadcrumbList","@id":"https:\/\/www.accidentdutravail-idf.net\/blog\/accident-du-travail-dans-une-scierie-pres-de-niort-un-salarie-transporte-a-lhopital\/#breadcrumb","itemListElement":[{"@type":"ListItem","position":1,"name":"Accueil","item":"https:\/\/www.accidentdutravail-idf.net\/blog\/"},{"@type":"ListItem","position":2,"name":"Accident du travail dans une scierie pr\u00e8s de Niort : un salari\u00e9 transport\u00e9 \u00e0 l\u2019h\u00f4pital"}]},{"@type":"WebSite","@id":"https:\/\/www.accidentdutravail-idf.net\/blog\/#website","url":"https:\/\/www.accidentdutravail-idf.net\/blog\/","name":"ACCIDENTDUTRAVAIL-IDF","description":"Portail accidents du travail-maladies professionnelles des entreprises d&#039;Ile-de-France","publisher":{"@id":"https:\/\/www.accidentdutravail-idf.net\/blog\/#organization"},"potentialAction":[{"@type":"SearchAction","target":{"@type":"EntryPoint","urlTemplate":"https:\/\/www.accidentdutravail-idf.net\/blog\/?s={search_term_string}"},"query-input":{"@type":"PropertyValueSpecification","valueRequired":true,"valueName":"search_term_string"}}],"inLanguage":"fr-FR"},{"@type":"Organization","@id":"https:\/\/www.accidentdutravail-idf.net\/blog\/#organization","name":"accidentdutravail-idf","url":"https:\/\/www.accidentdutravail-idf.net\/blog\/","logo":{"@type":"ImageObject","inLanguage":"fr-FR","@id":"https:\/\/www.accidentdutravail-idf.net\/blog\/#\/schema\/logo\/image\/","url":"https:\/\/www.accidentdutravail-idf.net\/blog\/wp-content\/uploads\/2022\/09\/logo-2.png","contentUrl":"https:\/\/www.accidentdutravail-idf.net\/blog\/wp-content\/uploads\/2022\/09\/logo-2.png","width":380,"height":291,"caption":"accidentdutravail-idf"},"image":{"@id":"https:\/\/www.accidentdutravail-idf.net\/blog\/#\/schema\/logo\/image\/"}},{"@type":"Person","@id":"https:\/\/www.accidentdutravail-idf.net\/blog\/#\/schema\/person\/3255d2f970de45e64bd9201f38e7b947","name":"Carlos Poulain","image":{"@type":"ImageObject","inLanguage":"fr-FR","@id":"https:\/\/secure.gravatar.com\/avatar\/b1c2f9d3588e34e91adb093635df64ef4b2381991216be7576466cfcdca4baf3?s=96&d=mm&r=g","url":"https:\/\/secure.gravatar.com\/avatar\/b1c2f9d3588e34e91adb093635df64ef4b2381991216be7576466cfcdca4baf3?s=96&d=mm&r=g","contentUrl":"https:\/\/secure.gravatar.com\/avatar\/b1c2f9d3588e34e91adb093635df64ef4b2381991216be7576466cfcdca4baf3?s=96&d=mm&r=g","caption":"Carlos Poulain"},"url":"https:\/\/www.accidentdutravail-idf.net\/blog\/author\/idfcarlos\/"}]}},"_links":{"self":[{"href":"https:\/\/www.accidentdutravail-idf.net\/blog\/wp-json\/wp\/v2\/posts\/621","targetHints":{"allow":["GET"]}}],"collection":[{"href":"https:\/\/www.accidentdutravail-idf.net\/blog\/wp-json\/wp\/v2\/posts"}],"about":[{"href":"https:\/\/www.accidentdutravail-idf.net\/blog\/wp-json\/wp\/v2\/types\/post"}],"author":[{"embeddable":true,"href":"https:\/\/www.accidentdutravail-idf.net\/blog\/wp-json\/wp\/v2\/users\/2"}],"replies":[{"embeddable":true,"href":"https:\/\/www.accidentdutravail-idf.net\/blog\/wp-json\/wp\/v2\/comments?post=621"}],"version-history":[{"count":0,"href":"https:\/\/www.accidentdutravail-idf.net\/blog\/wp-json\/wp\/v2\/posts\/621\/revisions"}],"wp:attachment":[{"href":"https:\/\/www.accidentdutravail-idf.net\/blog\/wp-json\/wp\/v2\/media?parent=621"}],"wp:term":[{"taxonomy":"category","embeddable":true,"href":"https:\/\/www.accidentdutravail-idf.net\/blog\/wp-json\/wp\/v2\/categories?post=621"},{"taxonomy":"post_tag","embeddable":true,"href":"https:\/\/www.accidentdutravail-idf.net\/blog\/wp-json\/wp\/v2\/tags?post=621"}],"curies":[{"name":"wp","href":"https:\/\/api.w.org\/{rel}","templated":true}]}}