{"id":618,"date":"2024-07-30T01:00:00","date_gmt":"2024-07-29T23:00:00","guid":{"rendered":"https:\/\/www.accidentdutravail-idf.net\/blog\/syndicats-et-patronat-daccord-pour-mieux-indemniser-les-accidents-du-travail\/"},"modified":"2024-07-30T01:00:00","modified_gmt":"2024-07-29T23:00:00","slug":"syndicats-et-patronat-daccord-pour-mieux-indemniser-les-accidents-du-travail","status":"publish","type":"post","link":"https:\/\/www.accidentdutravail-idf.net\/blog\/syndicats-et-patronat-daccord-pour-mieux-indemniser-les-accidents-du-travail\/","title":{"rendered":"Syndicats et patronat d&rsquo;accord pour mieux indemniser les accidents du travail"},"content":{"rendered":"<div><img decoding=\"async\" src=\"https:\/\/www.accidentdutravail-idf.net\/blog\/wp-content\/uploads\/2024\/07\/syndicats-et-patronat-daccord-pour-mieux-indemniser-les-accidents-du-travail.jpg\" class=\"ff-og-image-inserted\"><\/div>\n<p> Technique, la discussion, qui a dur\u00e9 pr\u00e8s de 10 mois, a \u00e9t\u00e9 accompagn\u00e9e par la direction de la S\u00e9curit\u00e9 sociale et l&rsquo;audition d&rsquo;associations de victimes. Une fa\u00e7on de s\u2019assurer que les partenaires sociaux allaient dans le bon sens, tout en respectant les \u00e9quilibres financiers de la branche accidents du travail-maladies professionnelles (AT-MP) de l\u2019Assurance maladie. Le texte sign\u00e9, un simple \u00abrelev\u00e9 de d\u00e9cision\u00bb dans le cadre du suivi d&rsquo;un ancien accord national, sera propos\u00e9 au futur gouvernement cet automne, pour qu\u2019il le transpose dans le projet de loi de financement de la s\u00e9curit\u00e9 sociale (PLFSS) pour 2025.<\/p>\n<h2 class=\"interTitre\"> Indemnisation suppl\u00e9mentaire<\/h2>\n<p> Le but de l\u2019accord est de revenir sur l\u2019interpr\u00e9tation de la l\u00e9gislation faite d\u00e9but 2023 par la Cour de cassation. La juridiction, dans un revirement de jurisprudence, avait estim\u00e9 que la rente habituellement vers\u00e9e \u00e0 une victime d\u2019AT\/MP gardant des s\u00e9quelles, ne couvrait que les pertes de gains professionnels, et non les cons\u00e9quences dans sa vie personnelle. Pour que le pr\u00e9judice personnel soit indemnis\u00e9, il faut, dit la Cour de cassation, qu\u2019une faute inexcusable de l\u2019employeur soit reconnue. Jusque-l\u00e0, la rente vers\u00e9e aux victimes, forfaitaire, \u00e9tait cens\u00e9e indemniser les deux types de pr\u00e9judices, sans condition.<\/p>\n<p> Pour les employeurs, le risque \u00e9tait grand de voir se multiplier les actions en justice pour faire reconna\u00eetre une faute inexcusable, alors que le syst\u00e8me actuel suscite peu de contentieux. Pour les organisations de salari\u00e9s, la fin de la \u00abdualit\u00e9\u00bb de la rente signifiait que de nombreuses victimes ne seraient plus indemnis\u00e9es pour les pr\u00e9judices subis dans leur vie personnelle.<\/p>\n<p> L\u2019accord trouv\u00e9 entre les partenaires sociaux partage la rente en deux : une part professionnelle, calcul\u00e9e comme aujourd\u2019hui, \u00e0 laquelle s\u2019ajoutera une part personnelle, prenant en compte les atteintes aux fonctions physiques, les douleurs et la perte de qualit\u00e9 de vie. <em>\u00abCela peut augmenter la rente de plusieurs milliers d\u2019euros par an\u00bb,<\/em> se r\u00e9jouit Eric Gautron, secr\u00e9taire conf\u00e9d\u00e9ral Force ouvri\u00e8re, qui salue <em>\u00ab une grande avanc\u00e9e <\/em>\u00bb pour les victimes. Dans un communiqu\u00e9, la CFDT estime qu\u2019il s\u2019agit <em>\u00abd\u2019une avanc\u00e9e notable pour toutes (les) victimes\u00bb.<\/em><\/p>\n<h2 class=\"interTitre\"> Branche exc\u00e9dentaire<\/h2>\n<p> Le texte apporte d\u2019autres avanc\u00e9es pour les salari\u00e9s victimes, comme la possibilit\u00e9, en cas d\u2019invalidit\u00e9 \u00e9lev\u00e9e, de percevoir une partie de la rente sous forme de capital, pour am\u00e9nager un domicile, par exemple. Il am\u00e9liore \u00e9galement la prise en charge des frais d\u2019appareillage et le recours \u00e0 une tierce personne.<\/p>\n<p> Selon l\u2019accord, son impact financier sera d\u2019environ 249 millions d\u2019euros en 2025. Un surco\u00fbt que cette branche exc\u00e9dentaire de l\u2019Assurance maladie (de 1,4 milliard d\u2019euros en 2023) devrait pouvoir encaisser. Accept\u00e9 par les organisations patronales parce qu\u2019il n\u2019entra\u00eene aucune augmentation des cotisations patronales, qui financent int\u00e9gralement la branche AT-MP.<\/p>\n<p> Reste \u00e0 savoir ce que fera le prochain gouvernement. C&rsquo;est l&rsquo;ancien qui avait demand\u00e9 aux partenaires sociaux de r\u00e9\u00e9crire leur texte : la transposition de leur accord national interprofessionnel (ANI) de juin 2023 sur la branche AT-MP dans le PLFSS pour 2024 avait \u00e9t\u00e9 retir\u00e9e de la loi apr\u00e8s protestation des associations de victimes et des syndicats, qui estimait la transposition non fid\u00e8le.<\/p>\n<p> accidentdutravail-idf.net vous a pr\u00e9par\u00e9 ce post qui informe du sujet \u00ab\u00a0Association Sportive Huisson-Longueville Essonne\u00a0\u00bb. La chronique se veut g\u00e9n\u00e9r\u00e9e du mieux possible. Vous pouvez utiliser les coordonn\u00e9es indiqu\u00e9es sur le site dans le but d\u2019apporter des explications sur ce post qui parle du th\u00e8me \u00ab\u00a0Association Sportive Huisson-Longueville Essonne\u00a0\u00bb. Le site accidentdutravail-idf.net a pour but de fournir diverses publications sur la th\u00e9matique Association Sportive Huisson-Longueville Essonne diffus\u00e9es sur le net. Il y aura plusieurs articles autour du sujet \u00ab\u00a0Association Sportive Huisson-Longueville Essonne\u00a0\u00bb dans quelques jours, nous vous invitons \u00e0 naviguer sur notre site web \u00e0 plusieurs reprises.<\/p>\n","protected":false},"excerpt":{"rendered":"<p>Technique, la discussion, qui a dur\u00e9 pr\u00e8s de 10 mois, a \u00e9t\u00e9 accompagn\u00e9e par la direction de la S\u00e9curit\u00e9 sociale et l&rsquo;audition d&rsquo;associations de victimes. Une fa\u00e7on de s\u2019assurer que les partenaires sociaux allaient dans le bon sens, tout en respectant les \u00e9quilibres financiers de la branche accidents du travail-maladies professionnelles (AT-MP) de l\u2019Assurance maladie. &hellip; <\/p>\n<p class=\"link-more\"><a href=\"https:\/\/www.accidentdutravail-idf.net\/blog\/syndicats-et-patronat-daccord-pour-mieux-indemniser-les-accidents-du-travail\/\" class=\"more-link\">Continuer la lecture <span class=\"screen-reader-text\"> \u00ab\u00a0Syndicats et patronat d&rsquo;accord pour mieux indemniser les accidents du travail\u00a0\u00bb<\/span><\/a><\/p>\n","protected":false},"author":2,"featured_media":0,"comment_status":"closed","ping_status":"closed","sticky":false,"template":"","format":"standard","meta":{"footnotes":""},"categories":[5],"tags":[],"class_list":["post-618","post","type-post","status-publish","format-standard","hentry","category-securite-du-travail-en-ile-de-france-et-divers","entry"],"yoast_head":"<!-- This site is optimized with the Yoast SEO plugin v27.5 - https:\/\/yoast.com\/product\/yoast-seo-wordpress\/ -->\n<title>Syndicats et patronat d&#039;accord pour mieux indemniser les accidents du travail - ACCIDENTDUTRAVAIL-IDF<\/title>\n<meta name=\"description\" content=\"Syndicats et patronat d&#039;accord pour mieux indemniser les accidents du travail article de ACCIDENTDUTRAVAIL-IDF\" \/>\n<meta name=\"robots\" content=\"index, follow, max-snippet:-1, max-image-preview:large, max-video-preview:-1\" \/>\n<link rel=\"canonical\" href=\"https:\/\/www.accidentdutravail-idf.net\/blog\/syndicats-et-patronat-daccord-pour-mieux-indemniser-les-accidents-du-travail\/\" \/>\n<meta property=\"og:locale\" content=\"fr_FR\" \/>\n<meta property=\"og:type\" content=\"article\" \/>\n<meta property=\"og:title\" content=\"Syndicats et patronat d&#039;accord pour mieux indemniser les accidents du travail - ACCIDENTDUTRAVAIL-IDF\" \/>\n<meta property=\"og:description\" content=\"Syndicats et patronat d&#039;accord pour mieux indemniser les accidents du travail article de ACCIDENTDUTRAVAIL-IDF\" \/>\n<meta property=\"og:url\" content=\"https:\/\/www.accidentdutravail-idf.net\/blog\/syndicats-et-patronat-daccord-pour-mieux-indemniser-les-accidents-du-travail\/\" \/>\n<meta property=\"og:site_name\" content=\"ACCIDENTDUTRAVAIL-IDF\" \/>\n<meta property=\"article:published_time\" content=\"2024-07-29T23:00:00+00:00\" \/>\n<meta property=\"og:image\" content=\"https:\/\/www.accidentdutravail-idf.net\/blog\/wp-content\/uploads\/2024\/07\/syndicats-et-patronat-daccord-pour-mieux-indemniser-les-accidents-du-travail.jpg\" \/>\n<meta name=\"author\" content=\"Carlos Poulain\" \/>\n<meta name=\"twitter:card\" content=\"summary_large_image\" \/>\n<meta name=\"twitter:label1\" content=\"\u00c9crit par\" \/>\n\t<meta name=\"twitter:data1\" content=\"Carlos Poulain\" \/>\n\t<meta name=\"twitter:label2\" content=\"Dur\u00e9e de lecture estim\u00e9e\" \/>\n\t<meta name=\"twitter:data2\" content=\"3 minutes\" \/>\n<script type=\"application\/ld+json\" class=\"yoast-schema-graph\">{\"@context\":\"https:\\\/\\\/schema.org\",\"@graph\":[{\"@type\":\"Article\",\"@id\":\"https:\\\/\\\/www.accidentdutravail-idf.net\\\/blog\\\/syndicats-et-patronat-daccord-pour-mieux-indemniser-les-accidents-du-travail\\\/#article\",\"isPartOf\":{\"@id\":\"https:\\\/\\\/www.accidentdutravail-idf.net\\\/blog\\\/syndicats-et-patronat-daccord-pour-mieux-indemniser-les-accidents-du-travail\\\/\"},\"author\":{\"name\":\"Carlos Poulain\",\"@id\":\"https:\\\/\\\/www.accidentdutravail-idf.net\\\/blog\\\/#\\\/schema\\\/person\\\/3255d2f970de45e64bd9201f38e7b947\"},\"headline\":\"Syndicats et patronat d&rsquo;accord pour mieux indemniser les accidents du travail\",\"datePublished\":\"2024-07-29T23:00:00+00:00\",\"mainEntityOfPage\":{\"@id\":\"https:\\\/\\\/www.accidentdutravail-idf.net\\\/blog\\\/syndicats-et-patronat-daccord-pour-mieux-indemniser-les-accidents-du-travail\\\/\"},\"wordCount\":673,\"publisher\":{\"@id\":\"https:\\\/\\\/www.accidentdutravail-idf.net\\\/blog\\\/#organization\"},\"image\":{\"@id\":\"https:\\\/\\\/www.accidentdutravail-idf.net\\\/blog\\\/syndicats-et-patronat-daccord-pour-mieux-indemniser-les-accidents-du-travail\\\/#primaryimage\"},\"thumbnailUrl\":\"https:\\\/\\\/www.accidentdutravail-idf.net\\\/blog\\\/wp-content\\\/uploads\\\/2024\\\/07\\\/syndicats-et-patronat-daccord-pour-mieux-indemniser-les-accidents-du-travail.jpg\",\"articleSection\":[\"S\u00e9curit\u00e9 Du Travail En Ile-De-France Et Divers:\"],\"inLanguage\":\"fr-FR\"},{\"@type\":\"WebPage\",\"@id\":\"https:\\\/\\\/www.accidentdutravail-idf.net\\\/blog\\\/syndicats-et-patronat-daccord-pour-mieux-indemniser-les-accidents-du-travail\\\/\",\"url\":\"https:\\\/\\\/www.accidentdutravail-idf.net\\\/blog\\\/syndicats-et-patronat-daccord-pour-mieux-indemniser-les-accidents-du-travail\\\/\",\"name\":\"Syndicats et patronat d'accord pour mieux indemniser les accidents du travail - ACCIDENTDUTRAVAIL-IDF\",\"isPartOf\":{\"@id\":\"https:\\\/\\\/www.accidentdutravail-idf.net\\\/blog\\\/#website\"},\"primaryImageOfPage\":{\"@id\":\"https:\\\/\\\/www.accidentdutravail-idf.net\\\/blog\\\/syndicats-et-patronat-daccord-pour-mieux-indemniser-les-accidents-du-travail\\\/#primaryimage\"},\"image\":{\"@id\":\"https:\\\/\\\/www.accidentdutravail-idf.net\\\/blog\\\/syndicats-et-patronat-daccord-pour-mieux-indemniser-les-accidents-du-travail\\\/#primaryimage\"},\"thumbnailUrl\":\"https:\\\/\\\/www.accidentdutravail-idf.net\\\/blog\\\/wp-content\\\/uploads\\\/2024\\\/07\\\/syndicats-et-patronat-daccord-pour-mieux-indemniser-les-accidents-du-travail.jpg\",\"datePublished\":\"2024-07-29T23:00:00+00:00\",\"description\":\"Syndicats et patronat d'accord pour mieux indemniser les accidents du travail article de ACCIDENTDUTRAVAIL-IDF\",\"breadcrumb\":{\"@id\":\"https:\\\/\\\/www.accidentdutravail-idf.net\\\/blog\\\/syndicats-et-patronat-daccord-pour-mieux-indemniser-les-accidents-du-travail\\\/#breadcrumb\"},\"inLanguage\":\"fr-FR\",\"potentialAction\":[{\"@type\":\"ReadAction\",\"target\":[\"https:\\\/\\\/www.accidentdutravail-idf.net\\\/blog\\\/syndicats-et-patronat-daccord-pour-mieux-indemniser-les-accidents-du-travail\\\/\"]}]},{\"@type\":\"ImageObject\",\"inLanguage\":\"fr-FR\",\"@id\":\"https:\\\/\\\/www.accidentdutravail-idf.net\\\/blog\\\/syndicats-et-patronat-daccord-pour-mieux-indemniser-les-accidents-du-travail\\\/#primaryimage\",\"url\":\"https:\\\/\\\/www.accidentdutravail-idf.net\\\/blog\\\/wp-content\\\/uploads\\\/2024\\\/07\\\/syndicats-et-patronat-daccord-pour-mieux-indemniser-les-accidents-du-travail.jpg\",\"contentUrl\":\"https:\\\/\\\/www.accidentdutravail-idf.net\\\/blog\\\/wp-content\\\/uploads\\\/2024\\\/07\\\/syndicats-et-patronat-daccord-pour-mieux-indemniser-les-accidents-du-travail.jpg\"},{\"@type\":\"BreadcrumbList\",\"@id\":\"https:\\\/\\\/www.accidentdutravail-idf.net\\\/blog\\\/syndicats-et-patronat-daccord-pour-mieux-indemniser-les-accidents-du-travail\\\/#breadcrumb\",\"itemListElement\":[{\"@type\":\"ListItem\",\"position\":1,\"name\":\"Accueil\",\"item\":\"https:\\\/\\\/www.accidentdutravail-idf.net\\\/blog\\\/\"},{\"@type\":\"ListItem\",\"position\":2,\"name\":\"Syndicats et patronat d&rsquo;accord pour mieux indemniser les accidents du travail\"}]},{\"@type\":\"WebSite\",\"@id\":\"https:\\\/\\\/www.accidentdutravail-idf.net\\\/blog\\\/#website\",\"url\":\"https:\\\/\\\/www.accidentdutravail-idf.net\\\/blog\\\/\",\"name\":\"ACCIDENTDUTRAVAIL-IDF\",\"description\":\"Portail accidents du travail-maladies professionnelles des entreprises d&#039;Ile-de-France\",\"publisher\":{\"@id\":\"https:\\\/\\\/www.accidentdutravail-idf.net\\\/blog\\\/#organization\"},\"potentialAction\":[{\"@type\":\"SearchAction\",\"target\":{\"@type\":\"EntryPoint\",\"urlTemplate\":\"https:\\\/\\\/www.accidentdutravail-idf.net\\\/blog\\\/?s={search_term_string}\"},\"query-input\":{\"@type\":\"PropertyValueSpecification\",\"valueRequired\":true,\"valueName\":\"search_term_string\"}}],\"inLanguage\":\"fr-FR\"},{\"@type\":\"Organization\",\"@id\":\"https:\\\/\\\/www.accidentdutravail-idf.net\\\/blog\\\/#organization\",\"name\":\"accidentdutravail-idf\",\"url\":\"https:\\\/\\\/www.accidentdutravail-idf.net\\\/blog\\\/\",\"logo\":{\"@type\":\"ImageObject\",\"inLanguage\":\"fr-FR\",\"@id\":\"https:\\\/\\\/www.accidentdutravail-idf.net\\\/blog\\\/#\\\/schema\\\/logo\\\/image\\\/\",\"url\":\"https:\\\/\\\/www.accidentdutravail-idf.net\\\/blog\\\/wp-content\\\/uploads\\\/2022\\\/09\\\/logo-2.png\",\"contentUrl\":\"https:\\\/\\\/www.accidentdutravail-idf.net\\\/blog\\\/wp-content\\\/uploads\\\/2022\\\/09\\\/logo-2.png\",\"width\":380,\"height\":291,\"caption\":\"accidentdutravail-idf\"},\"image\":{\"@id\":\"https:\\\/\\\/www.accidentdutravail-idf.net\\\/blog\\\/#\\\/schema\\\/logo\\\/image\\\/\"}},{\"@type\":\"Person\",\"@id\":\"https:\\\/\\\/www.accidentdutravail-idf.net\\\/blog\\\/#\\\/schema\\\/person\\\/3255d2f970de45e64bd9201f38e7b947\",\"name\":\"Carlos Poulain\",\"image\":{\"@type\":\"ImageObject\",\"inLanguage\":\"fr-FR\",\"@id\":\"https:\\\/\\\/secure.gravatar.com\\\/avatar\\\/b1c2f9d3588e34e91adb093635df64ef4b2381991216be7576466cfcdca4baf3?s=96&d=mm&r=g\",\"url\":\"https:\\\/\\\/secure.gravatar.com\\\/avatar\\\/b1c2f9d3588e34e91adb093635df64ef4b2381991216be7576466cfcdca4baf3?s=96&d=mm&r=g\",\"contentUrl\":\"https:\\\/\\\/secure.gravatar.com\\\/avatar\\\/b1c2f9d3588e34e91adb093635df64ef4b2381991216be7576466cfcdca4baf3?s=96&d=mm&r=g\",\"caption\":\"Carlos Poulain\"},\"url\":\"https:\\\/\\\/www.accidentdutravail-idf.net\\\/blog\\\/author\\\/idfcarlos\\\/\"}]}<\/script>\n<!-- \/ Yoast SEO plugin. -->","yoast_head_json":{"title":"Syndicats et patronat d'accord pour mieux indemniser les accidents du travail - ACCIDENTDUTRAVAIL-IDF","description":"Syndicats et patronat d'accord pour mieux indemniser les accidents du travail article de ACCIDENTDUTRAVAIL-IDF","robots":{"index":"index","follow":"follow","max-snippet":"max-snippet:-1","max-image-preview":"max-image-preview:large","max-video-preview":"max-video-preview:-1"},"canonical":"https:\/\/www.accidentdutravail-idf.net\/blog\/syndicats-et-patronat-daccord-pour-mieux-indemniser-les-accidents-du-travail\/","og_locale":"fr_FR","og_type":"article","og_title":"Syndicats et patronat d'accord pour mieux indemniser les accidents du travail - ACCIDENTDUTRAVAIL-IDF","og_description":"Syndicats et patronat d'accord pour mieux indemniser les accidents du travail article de ACCIDENTDUTRAVAIL-IDF","og_url":"https:\/\/www.accidentdutravail-idf.net\/blog\/syndicats-et-patronat-daccord-pour-mieux-indemniser-les-accidents-du-travail\/","og_site_name":"ACCIDENTDUTRAVAIL-IDF","article_published_time":"2024-07-29T23:00:00+00:00","og_image":[{"url":"https:\/\/www.accidentdutravail-idf.net\/blog\/wp-content\/uploads\/2024\/07\/syndicats-et-patronat-daccord-pour-mieux-indemniser-les-accidents-du-travail.jpg","type":"","width":"","height":""}],"author":"Carlos Poulain","twitter_card":"summary_large_image","twitter_misc":{"\u00c9crit par":"Carlos Poulain","Dur\u00e9e de lecture estim\u00e9e":"3 minutes"},"schema":{"@context":"https:\/\/schema.org","@graph":[{"@type":"Article","@id":"https:\/\/www.accidentdutravail-idf.net\/blog\/syndicats-et-patronat-daccord-pour-mieux-indemniser-les-accidents-du-travail\/#article","isPartOf":{"@id":"https:\/\/www.accidentdutravail-idf.net\/blog\/syndicats-et-patronat-daccord-pour-mieux-indemniser-les-accidents-du-travail\/"},"author":{"name":"Carlos Poulain","@id":"https:\/\/www.accidentdutravail-idf.net\/blog\/#\/schema\/person\/3255d2f970de45e64bd9201f38e7b947"},"headline":"Syndicats et patronat d&rsquo;accord pour mieux indemniser les accidents du travail","datePublished":"2024-07-29T23:00:00+00:00","mainEntityOfPage":{"@id":"https:\/\/www.accidentdutravail-idf.net\/blog\/syndicats-et-patronat-daccord-pour-mieux-indemniser-les-accidents-du-travail\/"},"wordCount":673,"publisher":{"@id":"https:\/\/www.accidentdutravail-idf.net\/blog\/#organization"},"image":{"@id":"https:\/\/www.accidentdutravail-idf.net\/blog\/syndicats-et-patronat-daccord-pour-mieux-indemniser-les-accidents-du-travail\/#primaryimage"},"thumbnailUrl":"https:\/\/www.accidentdutravail-idf.net\/blog\/wp-content\/uploads\/2024\/07\/syndicats-et-patronat-daccord-pour-mieux-indemniser-les-accidents-du-travail.jpg","articleSection":["S\u00e9curit\u00e9 Du Travail En Ile-De-France Et Divers:"],"inLanguage":"fr-FR"},{"@type":"WebPage","@id":"https:\/\/www.accidentdutravail-idf.net\/blog\/syndicats-et-patronat-daccord-pour-mieux-indemniser-les-accidents-du-travail\/","url":"https:\/\/www.accidentdutravail-idf.net\/blog\/syndicats-et-patronat-daccord-pour-mieux-indemniser-les-accidents-du-travail\/","name":"Syndicats et patronat d'accord pour mieux indemniser les accidents du travail - ACCIDENTDUTRAVAIL-IDF","isPartOf":{"@id":"https:\/\/www.accidentdutravail-idf.net\/blog\/#website"},"primaryImageOfPage":{"@id":"https:\/\/www.accidentdutravail-idf.net\/blog\/syndicats-et-patronat-daccord-pour-mieux-indemniser-les-accidents-du-travail\/#primaryimage"},"image":{"@id":"https:\/\/www.accidentdutravail-idf.net\/blog\/syndicats-et-patronat-daccord-pour-mieux-indemniser-les-accidents-du-travail\/#primaryimage"},"thumbnailUrl":"https:\/\/www.accidentdutravail-idf.net\/blog\/wp-content\/uploads\/2024\/07\/syndicats-et-patronat-daccord-pour-mieux-indemniser-les-accidents-du-travail.jpg","datePublished":"2024-07-29T23:00:00+00:00","description":"Syndicats et patronat d'accord pour mieux indemniser les accidents du travail article de ACCIDENTDUTRAVAIL-IDF","breadcrumb":{"@id":"https:\/\/www.accidentdutravail-idf.net\/blog\/syndicats-et-patronat-daccord-pour-mieux-indemniser-les-accidents-du-travail\/#breadcrumb"},"inLanguage":"fr-FR","potentialAction":[{"@type":"ReadAction","target":["https:\/\/www.accidentdutravail-idf.net\/blog\/syndicats-et-patronat-daccord-pour-mieux-indemniser-les-accidents-du-travail\/"]}]},{"@type":"ImageObject","inLanguage":"fr-FR","@id":"https:\/\/www.accidentdutravail-idf.net\/blog\/syndicats-et-patronat-daccord-pour-mieux-indemniser-les-accidents-du-travail\/#primaryimage","url":"https:\/\/www.accidentdutravail-idf.net\/blog\/wp-content\/uploads\/2024\/07\/syndicats-et-patronat-daccord-pour-mieux-indemniser-les-accidents-du-travail.jpg","contentUrl":"https:\/\/www.accidentdutravail-idf.net\/blog\/wp-content\/uploads\/2024\/07\/syndicats-et-patronat-daccord-pour-mieux-indemniser-les-accidents-du-travail.jpg"},{"@type":"BreadcrumbList","@id":"https:\/\/www.accidentdutravail-idf.net\/blog\/syndicats-et-patronat-daccord-pour-mieux-indemniser-les-accidents-du-travail\/#breadcrumb","itemListElement":[{"@type":"ListItem","position":1,"name":"Accueil","item":"https:\/\/www.accidentdutravail-idf.net\/blog\/"},{"@type":"ListItem","position":2,"name":"Syndicats et patronat d&rsquo;accord pour mieux indemniser les accidents du travail"}]},{"@type":"WebSite","@id":"https:\/\/www.accidentdutravail-idf.net\/blog\/#website","url":"https:\/\/www.accidentdutravail-idf.net\/blog\/","name":"ACCIDENTDUTRAVAIL-IDF","description":"Portail accidents du travail-maladies professionnelles des entreprises d&#039;Ile-de-France","publisher":{"@id":"https:\/\/www.accidentdutravail-idf.net\/blog\/#organization"},"potentialAction":[{"@type":"SearchAction","target":{"@type":"EntryPoint","urlTemplate":"https:\/\/www.accidentdutravail-idf.net\/blog\/?s={search_term_string}"},"query-input":{"@type":"PropertyValueSpecification","valueRequired":true,"valueName":"search_term_string"}}],"inLanguage":"fr-FR"},{"@type":"Organization","@id":"https:\/\/www.accidentdutravail-idf.net\/blog\/#organization","name":"accidentdutravail-idf","url":"https:\/\/www.accidentdutravail-idf.net\/blog\/","logo":{"@type":"ImageObject","inLanguage":"fr-FR","@id":"https:\/\/www.accidentdutravail-idf.net\/blog\/#\/schema\/logo\/image\/","url":"https:\/\/www.accidentdutravail-idf.net\/blog\/wp-content\/uploads\/2022\/09\/logo-2.png","contentUrl":"https:\/\/www.accidentdutravail-idf.net\/blog\/wp-content\/uploads\/2022\/09\/logo-2.png","width":380,"height":291,"caption":"accidentdutravail-idf"},"image":{"@id":"https:\/\/www.accidentdutravail-idf.net\/blog\/#\/schema\/logo\/image\/"}},{"@type":"Person","@id":"https:\/\/www.accidentdutravail-idf.net\/blog\/#\/schema\/person\/3255d2f970de45e64bd9201f38e7b947","name":"Carlos Poulain","image":{"@type":"ImageObject","inLanguage":"fr-FR","@id":"https:\/\/secure.gravatar.com\/avatar\/b1c2f9d3588e34e91adb093635df64ef4b2381991216be7576466cfcdca4baf3?s=96&d=mm&r=g","url":"https:\/\/secure.gravatar.com\/avatar\/b1c2f9d3588e34e91adb093635df64ef4b2381991216be7576466cfcdca4baf3?s=96&d=mm&r=g","contentUrl":"https:\/\/secure.gravatar.com\/avatar\/b1c2f9d3588e34e91adb093635df64ef4b2381991216be7576466cfcdca4baf3?s=96&d=mm&r=g","caption":"Carlos Poulain"},"url":"https:\/\/www.accidentdutravail-idf.net\/blog\/author\/idfcarlos\/"}]}},"_links":{"self":[{"href":"https:\/\/www.accidentdutravail-idf.net\/blog\/wp-json\/wp\/v2\/posts\/618","targetHints":{"allow":["GET"]}}],"collection":[{"href":"https:\/\/www.accidentdutravail-idf.net\/blog\/wp-json\/wp\/v2\/posts"}],"about":[{"href":"https:\/\/www.accidentdutravail-idf.net\/blog\/wp-json\/wp\/v2\/types\/post"}],"author":[{"embeddable":true,"href":"https:\/\/www.accidentdutravail-idf.net\/blog\/wp-json\/wp\/v2\/users\/2"}],"replies":[{"embeddable":true,"href":"https:\/\/www.accidentdutravail-idf.net\/blog\/wp-json\/wp\/v2\/comments?post=618"}],"version-history":[{"count":0,"href":"https:\/\/www.accidentdutravail-idf.net\/blog\/wp-json\/wp\/v2\/posts\/618\/revisions"}],"wp:attachment":[{"href":"https:\/\/www.accidentdutravail-idf.net\/blog\/wp-json\/wp\/v2\/media?parent=618"}],"wp:term":[{"taxonomy":"category","embeddable":true,"href":"https:\/\/www.accidentdutravail-idf.net\/blog\/wp-json\/wp\/v2\/categories?post=618"},{"taxonomy":"post_tag","embeddable":true,"href":"https:\/\/www.accidentdutravail-idf.net\/blog\/wp-json\/wp\/v2\/tags?post=618"}],"curies":[{"name":"wp","href":"https:\/\/api.w.org\/{rel}","templated":true}]}}