{"id":614,"date":"2024-07-29T00:00:00","date_gmt":"2024-07-28T22:00:00","guid":{"rendered":"https:\/\/www.accidentdutravail-idf.net\/blog\/a-orleans-les-travaux-sur-la-tangentielle-agacent-les-automobilistes\/"},"modified":"2024-07-29T00:00:00","modified_gmt":"2024-07-28T22:00:00","slug":"a-orleans-les-travaux-sur-la-tangentielle-agacent-les-automobilistes","status":"publish","type":"post","link":"https:\/\/www.accidentdutravail-idf.net\/blog\/a-orleans-les-travaux-sur-la-tangentielle-agacent-les-automobilistes\/","title":{"rendered":"A Orl\u00e9ans, les travaux sur la Tangentielle agacent les automobilistes"},"content":{"rendered":"<p><!-- HTML_TAG_START -->C&rsquo;est une route qui vous fait peut-\u00eatre grincer des dents, voire perdre votre sang-froid. La RD 2060, ou Tangentielle d&rsquo;Orl\u00e9ans, est en <strong>travaux entre Semoy et Saint-Jean-de-Braye<\/strong> depuis le 15 juillet. Le D\u00e9partement du Loiret profite des vacances estivales pour <strong>poursuivre l&rsquo;entretien pluriannuel de ses routes,<\/strong> une tranche chaque ann\u00e9e depuis 2020. Mais ces travaux de r\u00e9novation de la route perturbent la circulation et agacent de nombreux automobilistes.<!-- HTML_TAG_END --><\/p>\n<div class=\"EmbedInread svelte-18lc864\">\n<div class=\"AdsSlot svelte-m8wq8h inread forceDisplay\"> <img decoding=\"async\" src=\"https:\/\/www.francebleu.fr\/client\/immutable\/assets\/logo-ici-sad.C8Ts0-h1.svg\" alt width=\"50\" height=\"41\" class=\"svelte-m8wq8h\"> <\/div>\n<\/p><\/div>\n<h2><!-- HTML_TAG_START -->\u00ab\u00a0\u00c7a d\u00e9cale l&rsquo;heure pour se faire \u00e0 manger, l&rsquo;heure pour se poser\u00a0\u00bb<!-- HTML_TAG_END --><\/h2>\n<p><!-- HTML_TAG_START -->En temps normal, elle mettait une dizaine de minutes pour aller \u00e0 son travail, <strong>d\u00e9sormais, cela lui prend entre 30 et 50 minutes.<\/strong> <em>\u00ab\u00a0C&rsquo;est du temps en moins que l&rsquo;on passe chez soi le soir. \u00c7a d\u00e9cale l&rsquo;heure pour se faire \u00e0 manger, l&rsquo;heure pour se poser. Et encore, moi, je ne dois pas m&rsquo;occuper d&rsquo;enfants\u00a0\u00bb<\/em>, raconte Naomie, habitante de Fleury-les-Aubrais travaillant \u00e0 Ch\u00e9cy. La portion touch\u00e9e par les travaux est courte, seulement trois kilom\u00e8tres. Certaines bretelles sont ferm\u00e9es et <strong>la circulation ne se fait que sur deux voies.<\/strong> On pourrait \u00eatre tent\u00e9 d&#8217;emprunter des itin\u00e9raires bis, de couper par les petites routes. Mais ce n&rsquo;est pas vraiment utile selon Christophe, chauffeur de taxi sur Orl\u00e9ans depuis 13 ans. <em>\u00ab\u00a0On nous encourage \u00e0 \u00e9viter la Tangentielle. On pense gagner du temps parce qu&rsquo;on n&rsquo;est pas \u00e0 l&rsquo;arr\u00eat mais finalement, comme on a tous la m\u00eame id\u00e9e, \u00e7a ne sert quasiment \u00e0 rien.\u00a0\u00bb<\/em><!-- HTML_TAG_END --><\/p>\n<h2><!-- HTML_TAG_START -->Le D\u00e9partement appelle \u00e0 la patience et \u00e0 la compr\u00e9hension<!-- HTML_TAG_END --><\/h2>\n<p><!-- HTML_TAG_START -->Application d&rsquo;un enrob\u00e9 et pose de nouveaux joints de chauss\u00e9e, ces travaux doivent permettre de lutter contre l&rsquo;usure du bitume. <strong>Pr\u00e8s de 50.000 v\u00e9hicules<\/strong> empruntent chaque jour la Tangentielle, alors le D\u00e9partement surveille de pr\u00e8s l&rsquo;\u00e9tat de la route. <em>\u00ab\u00a0Je peux entendre que certains utilisateurs pensent qu&rsquo;on ne r\u00e9fl\u00e9chit pas aux cons\u00e9quences sur leur quotidien mais je peux vous assurer que c&rsquo;est quelque chose que l&rsquo;on prend en compte de bout en bout. On choisit toujours la p\u00e9riode la plus appropri\u00e9e pour pouvoir engager les travaux, en essayant de g\u00eaner le moins possible les usagers de la route mais aussi ceux qui habitent le long de cette route. C&rsquo;est pour \u00e7a qu&rsquo;on limite aussi les travaux de nuit\u00a0\u00bb<\/em>, explique Herv\u00e9 Gaurat, \u00e9lu d\u00e9partemental en charge des mobilit\u00e9s et de l&rsquo;am\u00e9nagement du territoire.<!-- HTML_TAG_END --><\/p>\n<h2><!-- HTML_TAG_START -->Une mauvaise p\u00e9riode \u00e0 traverser<!-- HTML_TAG_END --><\/h2>\n<p><!-- HTML_TAG_START -->Malheureusement, <strong>nuls travaux sans d\u00e9sagr\u00e9ment,<\/strong> c&rsquo;est un peu le message du D\u00e9partement. Et dans l&rsquo;ensemble, tout le monde semble quand m\u00eame le comprendre. <em>\u00ab\u00a0Mine de rien, les travaux n&rsquo;arrivent qu&rsquo;une seule fois dans l&rsquo;ann\u00e9e. Si on avait des routes chaotiques, on se plaindrait encore plus. Une fois que ce sera fini, on arr\u00eatera de r\u00e2ler\u00a0\u00bb<\/em>, relativise Naomie. M\u00eame \u00e9tat d&rsquo;esprit du c\u00f4t\u00e9 de Christophe. <em>\u00ab\u00a0S&rsquo;ils ne font rien, on ne sera pas contents, et quand il y a des travaux, on n&rsquo;est pas contents. Donc c&rsquo;est vrai qu&rsquo;au final, on n&rsquo;est jamais contents.\u00a0\u00bb<\/em> \u00c7a fait s\u00fbrement partie du charme \u00e0 la fran\u00e7aise. Quoi qu&rsquo;il en soit, il faudra encore un peu patienter avant de rouler \u00e0 nouveau librement sur la Tangentielle. Sous r\u00e9serve de conditions climatiques favorables, les travaux dans le sens Orl\u00e9ans-Montargis devraient \u00eatre termin\u00e9s ce vendredi 2 ao\u00fbt. <strong>Mais du 9 au 20 septembre rebelote,<\/strong> dans le sens Montargis-Orl\u00e9ans cette fois-ci, entre l&rsquo;\u00e9changeur de Ch\u00e9cy et celui de Dior, et alors que la rentr\u00e9e scolaire sera pass\u00e9e.<!-- HTML_TAG_END --><\/p>\n<p>accidentdutravail-idf.net vous a pr\u00e9par\u00e9 ce post qui informe du sujet \u00ab\u00a0Association Sportive Huisson-Longueville Essonne\u00a0\u00bb. La chronique se veut g\u00e9n\u00e9r\u00e9e du mieux possible. Vous pouvez utiliser les coordonn\u00e9es indiqu\u00e9es sur le site dans le but d\u2019apporter des explications sur ce post qui parle du th\u00e8me \u00ab\u00a0Association Sportive Huisson-Longueville Essonne\u00a0\u00bb. Le site accidentdutravail-idf.net a pour but de fournir diverses publications sur la th\u00e9matique Association Sportive Huisson-Longueville Essonne diffus\u00e9es sur le net. Il y aura plusieurs articles autour du sujet \u00ab\u00a0Association Sportive Huisson-Longueville Essonne\u00a0\u00bb dans quelques jours, nous vous invitons \u00e0 naviguer sur notre site web \u00e0 plusieurs reprises.<\/p>\n","protected":false},"excerpt":{"rendered":"<p>C&rsquo;est une route qui vous fait peut-\u00eatre grincer des dents, voire perdre votre sang-froid. La RD 2060, ou Tangentielle d&rsquo;Orl\u00e9ans, est en travaux entre Semoy et Saint-Jean-de-Braye depuis le 15 juillet. Le D\u00e9partement du Loiret profite des vacances estivales pour poursuivre l&rsquo;entretien pluriannuel de ses routes, une tranche chaque ann\u00e9e depuis 2020. Mais ces travaux &hellip; <\/p>\n<p class=\"link-more\"><a href=\"https:\/\/www.accidentdutravail-idf.net\/blog\/a-orleans-les-travaux-sur-la-tangentielle-agacent-les-automobilistes\/\" class=\"more-link\">Continuer la lecture <span class=\"screen-reader-text\"> \u00ab\u00a0A Orl\u00e9ans, les travaux sur la Tangentielle agacent les automobilistes\u00a0\u00bb<\/span><\/a><\/p>\n","protected":false},"author":2,"featured_media":0,"comment_status":"closed","ping_status":"closed","sticky":false,"template":"","format":"standard","meta":{"footnotes":""},"categories":[5],"tags":[],"class_list":["post-614","post","type-post","status-publish","format-standard","hentry","category-securite-du-travail-en-ile-de-france-et-divers","entry"],"yoast_head":"<!-- This site is optimized with the Yoast SEO plugin v27.5 - https:\/\/yoast.com\/product\/yoast-seo-wordpress\/ -->\n<title>A Orl\u00e9ans, les travaux sur la Tangentielle agacent les automobilistes - ACCIDENTDUTRAVAIL-IDF<\/title>\n<meta name=\"description\" content=\"A Orl\u00e9ans, les travaux sur la Tangentielle agacent les automobilistes article de ACCIDENTDUTRAVAIL-IDF\" \/>\n<meta name=\"robots\" content=\"index, follow, max-snippet:-1, max-image-preview:large, max-video-preview:-1\" \/>\n<link rel=\"canonical\" href=\"https:\/\/www.accidentdutravail-idf.net\/blog\/a-orleans-les-travaux-sur-la-tangentielle-agacent-les-automobilistes\/\" \/>\n<meta property=\"og:locale\" content=\"fr_FR\" \/>\n<meta property=\"og:type\" content=\"article\" \/>\n<meta property=\"og:title\" content=\"A Orl\u00e9ans, les travaux sur la Tangentielle agacent les automobilistes - ACCIDENTDUTRAVAIL-IDF\" \/>\n<meta property=\"og:description\" content=\"A Orl\u00e9ans, les travaux sur la Tangentielle agacent les automobilistes article de ACCIDENTDUTRAVAIL-IDF\" \/>\n<meta property=\"og:url\" content=\"https:\/\/www.accidentdutravail-idf.net\/blog\/a-orleans-les-travaux-sur-la-tangentielle-agacent-les-automobilistes\/\" \/>\n<meta property=\"og:site_name\" content=\"ACCIDENTDUTRAVAIL-IDF\" \/>\n<meta property=\"article:published_time\" content=\"2024-07-28T22:00:00+00:00\" \/>\n<meta property=\"og:image\" content=\"https:\/\/www.francebleu.fr\/client\/immutable\/assets\/logo-ici-sad.C8Ts0-h1.svg\" \/>\n<meta name=\"author\" content=\"Carlos Poulain\" \/>\n<meta name=\"twitter:card\" content=\"summary_large_image\" \/>\n<meta name=\"twitter:label1\" content=\"\u00c9crit par\" \/>\n\t<meta name=\"twitter:data1\" content=\"Carlos Poulain\" \/>\n\t<meta name=\"twitter:label2\" content=\"Dur\u00e9e de lecture estim\u00e9e\" \/>\n\t<meta name=\"twitter:data2\" content=\"3 minutes\" \/>\n<script type=\"application\/ld+json\" class=\"yoast-schema-graph\">{\"@context\":\"https:\\\/\\\/schema.org\",\"@graph\":[{\"@type\":\"Article\",\"@id\":\"https:\\\/\\\/www.accidentdutravail-idf.net\\\/blog\\\/a-orleans-les-travaux-sur-la-tangentielle-agacent-les-automobilistes\\\/#article\",\"isPartOf\":{\"@id\":\"https:\\\/\\\/www.accidentdutravail-idf.net\\\/blog\\\/a-orleans-les-travaux-sur-la-tangentielle-agacent-les-automobilistes\\\/\"},\"author\":{\"name\":\"Carlos Poulain\",\"@id\":\"https:\\\/\\\/www.accidentdutravail-idf.net\\\/blog\\\/#\\\/schema\\\/person\\\/3255d2f970de45e64bd9201f38e7b947\"},\"headline\":\"A Orl\u00e9ans, les travaux sur la Tangentielle agacent les automobilistes\",\"datePublished\":\"2024-07-28T22:00:00+00:00\",\"mainEntityOfPage\":{\"@id\":\"https:\\\/\\\/www.accidentdutravail-idf.net\\\/blog\\\/a-orleans-les-travaux-sur-la-tangentielle-agacent-les-automobilistes\\\/\"},\"wordCount\":698,\"publisher\":{\"@id\":\"https:\\\/\\\/www.accidentdutravail-idf.net\\\/blog\\\/#organization\"},\"image\":{\"@id\":\"https:\\\/\\\/www.accidentdutravail-idf.net\\\/blog\\\/a-orleans-les-travaux-sur-la-tangentielle-agacent-les-automobilistes\\\/#primaryimage\"},\"thumbnailUrl\":\"https:\\\/\\\/www.francebleu.fr\\\/client\\\/immutable\\\/assets\\\/logo-ici-sad.C8Ts0-h1.svg\",\"articleSection\":[\"S\u00e9curit\u00e9 Du Travail En Ile-De-France Et Divers:\"],\"inLanguage\":\"fr-FR\"},{\"@type\":\"WebPage\",\"@id\":\"https:\\\/\\\/www.accidentdutravail-idf.net\\\/blog\\\/a-orleans-les-travaux-sur-la-tangentielle-agacent-les-automobilistes\\\/\",\"url\":\"https:\\\/\\\/www.accidentdutravail-idf.net\\\/blog\\\/a-orleans-les-travaux-sur-la-tangentielle-agacent-les-automobilistes\\\/\",\"name\":\"A Orl\u00e9ans, les travaux sur la Tangentielle agacent les automobilistes - ACCIDENTDUTRAVAIL-IDF\",\"isPartOf\":{\"@id\":\"https:\\\/\\\/www.accidentdutravail-idf.net\\\/blog\\\/#website\"},\"primaryImageOfPage\":{\"@id\":\"https:\\\/\\\/www.accidentdutravail-idf.net\\\/blog\\\/a-orleans-les-travaux-sur-la-tangentielle-agacent-les-automobilistes\\\/#primaryimage\"},\"image\":{\"@id\":\"https:\\\/\\\/www.accidentdutravail-idf.net\\\/blog\\\/a-orleans-les-travaux-sur-la-tangentielle-agacent-les-automobilistes\\\/#primaryimage\"},\"thumbnailUrl\":\"https:\\\/\\\/www.francebleu.fr\\\/client\\\/immutable\\\/assets\\\/logo-ici-sad.C8Ts0-h1.svg\",\"datePublished\":\"2024-07-28T22:00:00+00:00\",\"description\":\"A Orl\u00e9ans, les travaux sur la Tangentielle agacent les automobilistes article de ACCIDENTDUTRAVAIL-IDF\",\"breadcrumb\":{\"@id\":\"https:\\\/\\\/www.accidentdutravail-idf.net\\\/blog\\\/a-orleans-les-travaux-sur-la-tangentielle-agacent-les-automobilistes\\\/#breadcrumb\"},\"inLanguage\":\"fr-FR\",\"potentialAction\":[{\"@type\":\"ReadAction\",\"target\":[\"https:\\\/\\\/www.accidentdutravail-idf.net\\\/blog\\\/a-orleans-les-travaux-sur-la-tangentielle-agacent-les-automobilistes\\\/\"]}]},{\"@type\":\"ImageObject\",\"inLanguage\":\"fr-FR\",\"@id\":\"https:\\\/\\\/www.accidentdutravail-idf.net\\\/blog\\\/a-orleans-les-travaux-sur-la-tangentielle-agacent-les-automobilistes\\\/#primaryimage\",\"url\":\"https:\\\/\\\/www.francebleu.fr\\\/client\\\/immutable\\\/assets\\\/logo-ici-sad.C8Ts0-h1.svg\",\"contentUrl\":\"https:\\\/\\\/www.francebleu.fr\\\/client\\\/immutable\\\/assets\\\/logo-ici-sad.C8Ts0-h1.svg\"},{\"@type\":\"BreadcrumbList\",\"@id\":\"https:\\\/\\\/www.accidentdutravail-idf.net\\\/blog\\\/a-orleans-les-travaux-sur-la-tangentielle-agacent-les-automobilistes\\\/#breadcrumb\",\"itemListElement\":[{\"@type\":\"ListItem\",\"position\":1,\"name\":\"Accueil\",\"item\":\"https:\\\/\\\/www.accidentdutravail-idf.net\\\/blog\\\/\"},{\"@type\":\"ListItem\",\"position\":2,\"name\":\"A Orl\u00e9ans, les travaux sur la Tangentielle agacent les automobilistes\"}]},{\"@type\":\"WebSite\",\"@id\":\"https:\\\/\\\/www.accidentdutravail-idf.net\\\/blog\\\/#website\",\"url\":\"https:\\\/\\\/www.accidentdutravail-idf.net\\\/blog\\\/\",\"name\":\"ACCIDENTDUTRAVAIL-IDF\",\"description\":\"Portail accidents du travail-maladies professionnelles des entreprises d&#039;Ile-de-France\",\"publisher\":{\"@id\":\"https:\\\/\\\/www.accidentdutravail-idf.net\\\/blog\\\/#organization\"},\"potentialAction\":[{\"@type\":\"SearchAction\",\"target\":{\"@type\":\"EntryPoint\",\"urlTemplate\":\"https:\\\/\\\/www.accidentdutravail-idf.net\\\/blog\\\/?s={search_term_string}\"},\"query-input\":{\"@type\":\"PropertyValueSpecification\",\"valueRequired\":true,\"valueName\":\"search_term_string\"}}],\"inLanguage\":\"fr-FR\"},{\"@type\":\"Organization\",\"@id\":\"https:\\\/\\\/www.accidentdutravail-idf.net\\\/blog\\\/#organization\",\"name\":\"accidentdutravail-idf\",\"url\":\"https:\\\/\\\/www.accidentdutravail-idf.net\\\/blog\\\/\",\"logo\":{\"@type\":\"ImageObject\",\"inLanguage\":\"fr-FR\",\"@id\":\"https:\\\/\\\/www.accidentdutravail-idf.net\\\/blog\\\/#\\\/schema\\\/logo\\\/image\\\/\",\"url\":\"https:\\\/\\\/www.accidentdutravail-idf.net\\\/blog\\\/wp-content\\\/uploads\\\/2022\\\/09\\\/logo-2.png\",\"contentUrl\":\"https:\\\/\\\/www.accidentdutravail-idf.net\\\/blog\\\/wp-content\\\/uploads\\\/2022\\\/09\\\/logo-2.png\",\"width\":380,\"height\":291,\"caption\":\"accidentdutravail-idf\"},\"image\":{\"@id\":\"https:\\\/\\\/www.accidentdutravail-idf.net\\\/blog\\\/#\\\/schema\\\/logo\\\/image\\\/\"}},{\"@type\":\"Person\",\"@id\":\"https:\\\/\\\/www.accidentdutravail-idf.net\\\/blog\\\/#\\\/schema\\\/person\\\/3255d2f970de45e64bd9201f38e7b947\",\"name\":\"Carlos Poulain\",\"image\":{\"@type\":\"ImageObject\",\"inLanguage\":\"fr-FR\",\"@id\":\"https:\\\/\\\/secure.gravatar.com\\\/avatar\\\/b1c2f9d3588e34e91adb093635df64ef4b2381991216be7576466cfcdca4baf3?s=96&d=mm&r=g\",\"url\":\"https:\\\/\\\/secure.gravatar.com\\\/avatar\\\/b1c2f9d3588e34e91adb093635df64ef4b2381991216be7576466cfcdca4baf3?s=96&d=mm&r=g\",\"contentUrl\":\"https:\\\/\\\/secure.gravatar.com\\\/avatar\\\/b1c2f9d3588e34e91adb093635df64ef4b2381991216be7576466cfcdca4baf3?s=96&d=mm&r=g\",\"caption\":\"Carlos Poulain\"},\"url\":\"https:\\\/\\\/www.accidentdutravail-idf.net\\\/blog\\\/author\\\/idfcarlos\\\/\"}]}<\/script>\n<!-- \/ Yoast SEO plugin. -->","yoast_head_json":{"title":"A Orl\u00e9ans, les travaux sur la Tangentielle agacent les automobilistes - ACCIDENTDUTRAVAIL-IDF","description":"A Orl\u00e9ans, les travaux sur la Tangentielle agacent les automobilistes article de ACCIDENTDUTRAVAIL-IDF","robots":{"index":"index","follow":"follow","max-snippet":"max-snippet:-1","max-image-preview":"max-image-preview:large","max-video-preview":"max-video-preview:-1"},"canonical":"https:\/\/www.accidentdutravail-idf.net\/blog\/a-orleans-les-travaux-sur-la-tangentielle-agacent-les-automobilistes\/","og_locale":"fr_FR","og_type":"article","og_title":"A Orl\u00e9ans, les travaux sur la Tangentielle agacent les automobilistes - ACCIDENTDUTRAVAIL-IDF","og_description":"A Orl\u00e9ans, les travaux sur la Tangentielle agacent les automobilistes article de ACCIDENTDUTRAVAIL-IDF","og_url":"https:\/\/www.accidentdutravail-idf.net\/blog\/a-orleans-les-travaux-sur-la-tangentielle-agacent-les-automobilistes\/","og_site_name":"ACCIDENTDUTRAVAIL-IDF","article_published_time":"2024-07-28T22:00:00+00:00","og_image":[{"url":"https:\/\/www.francebleu.fr\/client\/immutable\/assets\/logo-ici-sad.C8Ts0-h1.svg","type":"","width":"","height":""}],"author":"Carlos Poulain","twitter_card":"summary_large_image","twitter_misc":{"\u00c9crit par":"Carlos Poulain","Dur\u00e9e de lecture estim\u00e9e":"3 minutes"},"schema":{"@context":"https:\/\/schema.org","@graph":[{"@type":"Article","@id":"https:\/\/www.accidentdutravail-idf.net\/blog\/a-orleans-les-travaux-sur-la-tangentielle-agacent-les-automobilistes\/#article","isPartOf":{"@id":"https:\/\/www.accidentdutravail-idf.net\/blog\/a-orleans-les-travaux-sur-la-tangentielle-agacent-les-automobilistes\/"},"author":{"name":"Carlos Poulain","@id":"https:\/\/www.accidentdutravail-idf.net\/blog\/#\/schema\/person\/3255d2f970de45e64bd9201f38e7b947"},"headline":"A Orl\u00e9ans, les travaux sur la Tangentielle agacent les automobilistes","datePublished":"2024-07-28T22:00:00+00:00","mainEntityOfPage":{"@id":"https:\/\/www.accidentdutravail-idf.net\/blog\/a-orleans-les-travaux-sur-la-tangentielle-agacent-les-automobilistes\/"},"wordCount":698,"publisher":{"@id":"https:\/\/www.accidentdutravail-idf.net\/blog\/#organization"},"image":{"@id":"https:\/\/www.accidentdutravail-idf.net\/blog\/a-orleans-les-travaux-sur-la-tangentielle-agacent-les-automobilistes\/#primaryimage"},"thumbnailUrl":"https:\/\/www.francebleu.fr\/client\/immutable\/assets\/logo-ici-sad.C8Ts0-h1.svg","articleSection":["S\u00e9curit\u00e9 Du Travail En Ile-De-France Et Divers:"],"inLanguage":"fr-FR"},{"@type":"WebPage","@id":"https:\/\/www.accidentdutravail-idf.net\/blog\/a-orleans-les-travaux-sur-la-tangentielle-agacent-les-automobilistes\/","url":"https:\/\/www.accidentdutravail-idf.net\/blog\/a-orleans-les-travaux-sur-la-tangentielle-agacent-les-automobilistes\/","name":"A Orl\u00e9ans, les travaux sur la Tangentielle agacent les automobilistes - ACCIDENTDUTRAVAIL-IDF","isPartOf":{"@id":"https:\/\/www.accidentdutravail-idf.net\/blog\/#website"},"primaryImageOfPage":{"@id":"https:\/\/www.accidentdutravail-idf.net\/blog\/a-orleans-les-travaux-sur-la-tangentielle-agacent-les-automobilistes\/#primaryimage"},"image":{"@id":"https:\/\/www.accidentdutravail-idf.net\/blog\/a-orleans-les-travaux-sur-la-tangentielle-agacent-les-automobilistes\/#primaryimage"},"thumbnailUrl":"https:\/\/www.francebleu.fr\/client\/immutable\/assets\/logo-ici-sad.C8Ts0-h1.svg","datePublished":"2024-07-28T22:00:00+00:00","description":"A Orl\u00e9ans, les travaux sur la Tangentielle agacent les automobilistes article de ACCIDENTDUTRAVAIL-IDF","breadcrumb":{"@id":"https:\/\/www.accidentdutravail-idf.net\/blog\/a-orleans-les-travaux-sur-la-tangentielle-agacent-les-automobilistes\/#breadcrumb"},"inLanguage":"fr-FR","potentialAction":[{"@type":"ReadAction","target":["https:\/\/www.accidentdutravail-idf.net\/blog\/a-orleans-les-travaux-sur-la-tangentielle-agacent-les-automobilistes\/"]}]},{"@type":"ImageObject","inLanguage":"fr-FR","@id":"https:\/\/www.accidentdutravail-idf.net\/blog\/a-orleans-les-travaux-sur-la-tangentielle-agacent-les-automobilistes\/#primaryimage","url":"https:\/\/www.francebleu.fr\/client\/immutable\/assets\/logo-ici-sad.C8Ts0-h1.svg","contentUrl":"https:\/\/www.francebleu.fr\/client\/immutable\/assets\/logo-ici-sad.C8Ts0-h1.svg"},{"@type":"BreadcrumbList","@id":"https:\/\/www.accidentdutravail-idf.net\/blog\/a-orleans-les-travaux-sur-la-tangentielle-agacent-les-automobilistes\/#breadcrumb","itemListElement":[{"@type":"ListItem","position":1,"name":"Accueil","item":"https:\/\/www.accidentdutravail-idf.net\/blog\/"},{"@type":"ListItem","position":2,"name":"A Orl\u00e9ans, les travaux sur la Tangentielle agacent les automobilistes"}]},{"@type":"WebSite","@id":"https:\/\/www.accidentdutravail-idf.net\/blog\/#website","url":"https:\/\/www.accidentdutravail-idf.net\/blog\/","name":"ACCIDENTDUTRAVAIL-IDF","description":"Portail accidents du travail-maladies professionnelles des entreprises d&#039;Ile-de-France","publisher":{"@id":"https:\/\/www.accidentdutravail-idf.net\/blog\/#organization"},"potentialAction":[{"@type":"SearchAction","target":{"@type":"EntryPoint","urlTemplate":"https:\/\/www.accidentdutravail-idf.net\/blog\/?s={search_term_string}"},"query-input":{"@type":"PropertyValueSpecification","valueRequired":true,"valueName":"search_term_string"}}],"inLanguage":"fr-FR"},{"@type":"Organization","@id":"https:\/\/www.accidentdutravail-idf.net\/blog\/#organization","name":"accidentdutravail-idf","url":"https:\/\/www.accidentdutravail-idf.net\/blog\/","logo":{"@type":"ImageObject","inLanguage":"fr-FR","@id":"https:\/\/www.accidentdutravail-idf.net\/blog\/#\/schema\/logo\/image\/","url":"https:\/\/www.accidentdutravail-idf.net\/blog\/wp-content\/uploads\/2022\/09\/logo-2.png","contentUrl":"https:\/\/www.accidentdutravail-idf.net\/blog\/wp-content\/uploads\/2022\/09\/logo-2.png","width":380,"height":291,"caption":"accidentdutravail-idf"},"image":{"@id":"https:\/\/www.accidentdutravail-idf.net\/blog\/#\/schema\/logo\/image\/"}},{"@type":"Person","@id":"https:\/\/www.accidentdutravail-idf.net\/blog\/#\/schema\/person\/3255d2f970de45e64bd9201f38e7b947","name":"Carlos Poulain","image":{"@type":"ImageObject","inLanguage":"fr-FR","@id":"https:\/\/secure.gravatar.com\/avatar\/b1c2f9d3588e34e91adb093635df64ef4b2381991216be7576466cfcdca4baf3?s=96&d=mm&r=g","url":"https:\/\/secure.gravatar.com\/avatar\/b1c2f9d3588e34e91adb093635df64ef4b2381991216be7576466cfcdca4baf3?s=96&d=mm&r=g","contentUrl":"https:\/\/secure.gravatar.com\/avatar\/b1c2f9d3588e34e91adb093635df64ef4b2381991216be7576466cfcdca4baf3?s=96&d=mm&r=g","caption":"Carlos Poulain"},"url":"https:\/\/www.accidentdutravail-idf.net\/blog\/author\/idfcarlos\/"}]}},"_links":{"self":[{"href":"https:\/\/www.accidentdutravail-idf.net\/blog\/wp-json\/wp\/v2\/posts\/614","targetHints":{"allow":["GET"]}}],"collection":[{"href":"https:\/\/www.accidentdutravail-idf.net\/blog\/wp-json\/wp\/v2\/posts"}],"about":[{"href":"https:\/\/www.accidentdutravail-idf.net\/blog\/wp-json\/wp\/v2\/types\/post"}],"author":[{"embeddable":true,"href":"https:\/\/www.accidentdutravail-idf.net\/blog\/wp-json\/wp\/v2\/users\/2"}],"replies":[{"embeddable":true,"href":"https:\/\/www.accidentdutravail-idf.net\/blog\/wp-json\/wp\/v2\/comments?post=614"}],"version-history":[{"count":0,"href":"https:\/\/www.accidentdutravail-idf.net\/blog\/wp-json\/wp\/v2\/posts\/614\/revisions"}],"wp:attachment":[{"href":"https:\/\/www.accidentdutravail-idf.net\/blog\/wp-json\/wp\/v2\/media?parent=614"}],"wp:term":[{"taxonomy":"category","embeddable":true,"href":"https:\/\/www.accidentdutravail-idf.net\/blog\/wp-json\/wp\/v2\/categories?post=614"},{"taxonomy":"post_tag","embeddable":true,"href":"https:\/\/www.accidentdutravail-idf.net\/blog\/wp-json\/wp\/v2\/tags?post=614"}],"curies":[{"name":"wp","href":"https:\/\/api.w.org\/{rel}","templated":true}]}}