{"id":613,"date":"2024-07-28T15:48:00","date_gmt":"2024-07-28T13:48:00","guid":{"rendered":"https:\/\/www.accidentdutravail-idf.net\/blog\/accident-mortel-sur-le-boulevard-du-21e-regiment-daviation-a-nancy\/"},"modified":"2024-07-28T15:48:00","modified_gmt":"2024-07-28T13:48:00","slug":"accident-mortel-sur-le-boulevard-du-21e-regiment-daviation-a-nancy","status":"publish","type":"post","link":"https:\/\/www.accidentdutravail-idf.net\/blog\/accident-mortel-sur-le-boulevard-du-21e-regiment-daviation-a-nancy\/","title":{"rendered":"Accident mortel sur le boulevard du 21e R\u00e9giment d&rsquo;Aviation \u00e0 Nancy"},"content":{"rendered":"<h4><strong><span>Ce dimanche 28 juillet, un accident de la circulation a co\u00fbt\u00e9 la vie \u00e0 un conducteur de 19 ans. Le drame s\u2019est produit \u00e0 proximit\u00e9 du Port de Plaisance de Nancy.<\/span><\/strong><\/h4>\n<hr>\n<p class=\"p1\">Un dramatique accident de la circulation s\u2019est produit, dimanche 28 juillet vers 7h du matin, sur le boulevard du 21e R\u00e9giment d&rsquo;Aviation \u00e0 Nancy. Le conducteur, \u00e0 priori seul en cause, circulait en direction du quai Sainte Catherine, lorsqu&rsquo;il a soudainement perdu le contr\u00f4le de sa voiture pour percuter un arbre. Un passager \u00e0 ses c\u00f4t\u00e9s.&nbsp;<\/p>\n<p class=\"p1\">Malgr\u00e9 l&rsquo;intervention des sapeurs-pompiers et leur tentative de r\u00e9animation, le conducteur est d\u00e9c\u00e9d\u00e9. \u00c2g\u00e9 de 19 ans, il \u00e9tait originaire de Nancy. Dans ce m\u00eame v\u00e9hicule, le passager, indemne, a \u00e9t\u00e9 pris en charge par les secours.<\/p>\n<p class=\"p1\">Une enqu\u00eate a \u00e9t\u00e9 ouverte pour d\u00e9terminer toutes les circonstances de cet accident mortel.&nbsp;<\/p>\n<hr>\n<div class=\"fastsocialshare_container fastsocialshare-align-left\">\n<div class=\"fastsocialshare-subcontainer\">\n<div class=\"fastsocialshare-share-lin\"> <\/div>\n<div class=\"fastsocialshare-share-pinterest\"> <a href=\"https:\/\/www.pinterest.com\/pin\/create\/button\/\" data-pin-do=\"buttonBookmark\" data-pin-color=\"red\" target=\"_blank\" rel=\"nofollow\"><img decoding=\"async\" src=\"https:\/\/www.accidentdutravail-idf.net\/blog\/wp-content\/uploads\/2024\/07\/accident-mortel-sur-le-boulevard-du-21e-regiment-daviation-a-nancy.png\" alt=\"Pin It\"><\/a> <\/div>\n<\/div>\n<\/div>\n<p> accidentdutravail-idf.net vous a pr\u00e9par\u00e9 ce post qui informe du sujet \u00ab\u00a0Association Sportive Huisson-Longueville Essonne\u00a0\u00bb. La chronique se veut g\u00e9n\u00e9r\u00e9e du mieux possible. Vous pouvez utiliser les coordonn\u00e9es indiqu\u00e9es sur le site dans le but d\u2019apporter des explications sur ce post qui parle du th\u00e8me \u00ab\u00a0Association Sportive Huisson-Longueville Essonne\u00a0\u00bb. Le site accidentdutravail-idf.net a pour but de fournir diverses publications sur la th\u00e9matique Association Sportive Huisson-Longueville Essonne diffus\u00e9es sur le net. Il y aura plusieurs articles autour du sujet \u00ab\u00a0Association Sportive Huisson-Longueville Essonne\u00a0\u00bb dans quelques jours, nous vous invitons \u00e0 naviguer sur notre site web \u00e0 plusieurs reprises.<\/p>\n","protected":false},"excerpt":{"rendered":"<p>Ce dimanche 28 juillet, un accident de la circulation a co\u00fbt\u00e9 la vie \u00e0 un conducteur de 19 ans. Le drame s\u2019est produit \u00e0 proximit\u00e9 du Port de Plaisance de Nancy. Un dramatique accident de la circulation s\u2019est produit, dimanche 28 juillet vers 7h du matin, sur le boulevard du 21e R\u00e9giment d&rsquo;Aviation \u00e0 Nancy. &hellip; <\/p>\n<p class=\"link-more\"><a href=\"https:\/\/www.accidentdutravail-idf.net\/blog\/accident-mortel-sur-le-boulevard-du-21e-regiment-daviation-a-nancy\/\" class=\"more-link\">Continuer la lecture <span class=\"screen-reader-text\"> \u00ab\u00a0Accident mortel sur le boulevard du 21e R\u00e9giment d&rsquo;Aviation \u00e0 Nancy\u00a0\u00bb<\/span><\/a><\/p>\n","protected":false},"author":2,"featured_media":0,"comment_status":"closed","ping_status":"closed","sticky":false,"template":"","format":"standard","meta":{"footnotes":""},"categories":[5],"tags":[],"class_list":["post-613","post","type-post","status-publish","format-standard","hentry","category-securite-du-travail-en-ile-de-france-et-divers","entry"],"yoast_head":"<!-- This site is optimized with the Yoast SEO plugin v27.5 - https:\/\/yoast.com\/product\/yoast-seo-wordpress\/ -->\n<title>Accident mortel sur le boulevard du 21e R\u00e9giment d&#039;Aviation \u00e0 Nancy - ACCIDENTDUTRAVAIL-IDF<\/title>\n<meta name=\"description\" content=\"Accident mortel sur le boulevard du 21e R\u00e9giment d&#039;Aviation \u00e0 Nancy article de ACCIDENTDUTRAVAIL-IDF\" \/>\n<meta name=\"robots\" content=\"index, follow, max-snippet:-1, max-image-preview:large, max-video-preview:-1\" \/>\n<link rel=\"canonical\" href=\"https:\/\/www.accidentdutravail-idf.net\/blog\/accident-mortel-sur-le-boulevard-du-21e-regiment-daviation-a-nancy\/\" \/>\n<meta property=\"og:locale\" content=\"fr_FR\" \/>\n<meta property=\"og:type\" content=\"article\" \/>\n<meta property=\"og:title\" content=\"Accident mortel sur le boulevard du 21e R\u00e9giment d&#039;Aviation \u00e0 Nancy - ACCIDENTDUTRAVAIL-IDF\" \/>\n<meta property=\"og:description\" content=\"Accident mortel sur le boulevard du 21e R\u00e9giment d&#039;Aviation \u00e0 Nancy article de ACCIDENTDUTRAVAIL-IDF\" \/>\n<meta property=\"og:url\" content=\"https:\/\/www.accidentdutravail-idf.net\/blog\/accident-mortel-sur-le-boulevard-du-21e-regiment-daviation-a-nancy\/\" \/>\n<meta property=\"og:site_name\" content=\"ACCIDENTDUTRAVAIL-IDF\" \/>\n<meta property=\"article:published_time\" content=\"2024-07-28T13:48:00+00:00\" \/>\n<meta property=\"og:image\" content=\"https:\/\/www.accidentdutravail-idf.net\/blog\/wp-content\/uploads\/2024\/07\/accident-mortel-sur-le-boulevard-du-21e-regiment-daviation-a-nancy.png\" \/>\n<meta name=\"author\" content=\"Carlos Poulain\" \/>\n<meta name=\"twitter:card\" content=\"summary_large_image\" \/>\n<meta name=\"twitter:label1\" content=\"\u00c9crit par\" \/>\n\t<meta name=\"twitter:data1\" content=\"Carlos Poulain\" \/>\n\t<meta name=\"twitter:label2\" content=\"Dur\u00e9e de lecture estim\u00e9e\" \/>\n\t<meta name=\"twitter:data2\" content=\"1 minute\" \/>\n<script type=\"application\/ld+json\" class=\"yoast-schema-graph\">{\"@context\":\"https:\\\/\\\/schema.org\",\"@graph\":[{\"@type\":\"Article\",\"@id\":\"https:\\\/\\\/www.accidentdutravail-idf.net\\\/blog\\\/accident-mortel-sur-le-boulevard-du-21e-regiment-daviation-a-nancy\\\/#article\",\"isPartOf\":{\"@id\":\"https:\\\/\\\/www.accidentdutravail-idf.net\\\/blog\\\/accident-mortel-sur-le-boulevard-du-21e-regiment-daviation-a-nancy\\\/\"},\"author\":{\"name\":\"Carlos Poulain\",\"@id\":\"https:\\\/\\\/www.accidentdutravail-idf.net\\\/blog\\\/#\\\/schema\\\/person\\\/3255d2f970de45e64bd9201f38e7b947\"},\"headline\":\"Accident mortel sur le boulevard du 21e R\u00e9giment d&rsquo;Aviation \u00e0 Nancy\",\"datePublished\":\"2024-07-28T13:48:00+00:00\",\"mainEntityOfPage\":{\"@id\":\"https:\\\/\\\/www.accidentdutravail-idf.net\\\/blog\\\/accident-mortel-sur-le-boulevard-du-21e-regiment-daviation-a-nancy\\\/\"},\"wordCount\":262,\"publisher\":{\"@id\":\"https:\\\/\\\/www.accidentdutravail-idf.net\\\/blog\\\/#organization\"},\"image\":{\"@id\":\"https:\\\/\\\/www.accidentdutravail-idf.net\\\/blog\\\/accident-mortel-sur-le-boulevard-du-21e-regiment-daviation-a-nancy\\\/#primaryimage\"},\"thumbnailUrl\":\"https:\\\/\\\/www.accidentdutravail-idf.net\\\/blog\\\/wp-content\\\/uploads\\\/2024\\\/07\\\/accident-mortel-sur-le-boulevard-du-21e-regiment-daviation-a-nancy.png\",\"articleSection\":[\"S\u00e9curit\u00e9 Du Travail En Ile-De-France Et Divers:\"],\"inLanguage\":\"fr-FR\"},{\"@type\":\"WebPage\",\"@id\":\"https:\\\/\\\/www.accidentdutravail-idf.net\\\/blog\\\/accident-mortel-sur-le-boulevard-du-21e-regiment-daviation-a-nancy\\\/\",\"url\":\"https:\\\/\\\/www.accidentdutravail-idf.net\\\/blog\\\/accident-mortel-sur-le-boulevard-du-21e-regiment-daviation-a-nancy\\\/\",\"name\":\"Accident mortel sur le boulevard du 21e R\u00e9giment d'Aviation \u00e0 Nancy - ACCIDENTDUTRAVAIL-IDF\",\"isPartOf\":{\"@id\":\"https:\\\/\\\/www.accidentdutravail-idf.net\\\/blog\\\/#website\"},\"primaryImageOfPage\":{\"@id\":\"https:\\\/\\\/www.accidentdutravail-idf.net\\\/blog\\\/accident-mortel-sur-le-boulevard-du-21e-regiment-daviation-a-nancy\\\/#primaryimage\"},\"image\":{\"@id\":\"https:\\\/\\\/www.accidentdutravail-idf.net\\\/blog\\\/accident-mortel-sur-le-boulevard-du-21e-regiment-daviation-a-nancy\\\/#primaryimage\"},\"thumbnailUrl\":\"https:\\\/\\\/www.accidentdutravail-idf.net\\\/blog\\\/wp-content\\\/uploads\\\/2024\\\/07\\\/accident-mortel-sur-le-boulevard-du-21e-regiment-daviation-a-nancy.png\",\"datePublished\":\"2024-07-28T13:48:00+00:00\",\"description\":\"Accident mortel sur le boulevard du 21e R\u00e9giment d'Aviation \u00e0 Nancy article de ACCIDENTDUTRAVAIL-IDF\",\"breadcrumb\":{\"@id\":\"https:\\\/\\\/www.accidentdutravail-idf.net\\\/blog\\\/accident-mortel-sur-le-boulevard-du-21e-regiment-daviation-a-nancy\\\/#breadcrumb\"},\"inLanguage\":\"fr-FR\",\"potentialAction\":[{\"@type\":\"ReadAction\",\"target\":[\"https:\\\/\\\/www.accidentdutravail-idf.net\\\/blog\\\/accident-mortel-sur-le-boulevard-du-21e-regiment-daviation-a-nancy\\\/\"]}]},{\"@type\":\"ImageObject\",\"inLanguage\":\"fr-FR\",\"@id\":\"https:\\\/\\\/www.accidentdutravail-idf.net\\\/blog\\\/accident-mortel-sur-le-boulevard-du-21e-regiment-daviation-a-nancy\\\/#primaryimage\",\"url\":\"https:\\\/\\\/www.accidentdutravail-idf.net\\\/blog\\\/wp-content\\\/uploads\\\/2024\\\/07\\\/accident-mortel-sur-le-boulevard-du-21e-regiment-daviation-a-nancy.png\",\"contentUrl\":\"https:\\\/\\\/www.accidentdutravail-idf.net\\\/blog\\\/wp-content\\\/uploads\\\/2024\\\/07\\\/accident-mortel-sur-le-boulevard-du-21e-regiment-daviation-a-nancy.png\"},{\"@type\":\"BreadcrumbList\",\"@id\":\"https:\\\/\\\/www.accidentdutravail-idf.net\\\/blog\\\/accident-mortel-sur-le-boulevard-du-21e-regiment-daviation-a-nancy\\\/#breadcrumb\",\"itemListElement\":[{\"@type\":\"ListItem\",\"position\":1,\"name\":\"Accueil\",\"item\":\"https:\\\/\\\/www.accidentdutravail-idf.net\\\/blog\\\/\"},{\"@type\":\"ListItem\",\"position\":2,\"name\":\"Accident mortel sur le boulevard du 21e R\u00e9giment d&rsquo;Aviation \u00e0 Nancy\"}]},{\"@type\":\"WebSite\",\"@id\":\"https:\\\/\\\/www.accidentdutravail-idf.net\\\/blog\\\/#website\",\"url\":\"https:\\\/\\\/www.accidentdutravail-idf.net\\\/blog\\\/\",\"name\":\"ACCIDENTDUTRAVAIL-IDF\",\"description\":\"Portail accidents du travail-maladies professionnelles des entreprises d&#039;Ile-de-France\",\"publisher\":{\"@id\":\"https:\\\/\\\/www.accidentdutravail-idf.net\\\/blog\\\/#organization\"},\"potentialAction\":[{\"@type\":\"SearchAction\",\"target\":{\"@type\":\"EntryPoint\",\"urlTemplate\":\"https:\\\/\\\/www.accidentdutravail-idf.net\\\/blog\\\/?s={search_term_string}\"},\"query-input\":{\"@type\":\"PropertyValueSpecification\",\"valueRequired\":true,\"valueName\":\"search_term_string\"}}],\"inLanguage\":\"fr-FR\"},{\"@type\":\"Organization\",\"@id\":\"https:\\\/\\\/www.accidentdutravail-idf.net\\\/blog\\\/#organization\",\"name\":\"accidentdutravail-idf\",\"url\":\"https:\\\/\\\/www.accidentdutravail-idf.net\\\/blog\\\/\",\"logo\":{\"@type\":\"ImageObject\",\"inLanguage\":\"fr-FR\",\"@id\":\"https:\\\/\\\/www.accidentdutravail-idf.net\\\/blog\\\/#\\\/schema\\\/logo\\\/image\\\/\",\"url\":\"https:\\\/\\\/www.accidentdutravail-idf.net\\\/blog\\\/wp-content\\\/uploads\\\/2022\\\/09\\\/logo-2.png\",\"contentUrl\":\"https:\\\/\\\/www.accidentdutravail-idf.net\\\/blog\\\/wp-content\\\/uploads\\\/2022\\\/09\\\/logo-2.png\",\"width\":380,\"height\":291,\"caption\":\"accidentdutravail-idf\"},\"image\":{\"@id\":\"https:\\\/\\\/www.accidentdutravail-idf.net\\\/blog\\\/#\\\/schema\\\/logo\\\/image\\\/\"}},{\"@type\":\"Person\",\"@id\":\"https:\\\/\\\/www.accidentdutravail-idf.net\\\/blog\\\/#\\\/schema\\\/person\\\/3255d2f970de45e64bd9201f38e7b947\",\"name\":\"Carlos Poulain\",\"image\":{\"@type\":\"ImageObject\",\"inLanguage\":\"fr-FR\",\"@id\":\"https:\\\/\\\/secure.gravatar.com\\\/avatar\\\/b1c2f9d3588e34e91adb093635df64ef4b2381991216be7576466cfcdca4baf3?s=96&d=mm&r=g\",\"url\":\"https:\\\/\\\/secure.gravatar.com\\\/avatar\\\/b1c2f9d3588e34e91adb093635df64ef4b2381991216be7576466cfcdca4baf3?s=96&d=mm&r=g\",\"contentUrl\":\"https:\\\/\\\/secure.gravatar.com\\\/avatar\\\/b1c2f9d3588e34e91adb093635df64ef4b2381991216be7576466cfcdca4baf3?s=96&d=mm&r=g\",\"caption\":\"Carlos Poulain\"},\"url\":\"https:\\\/\\\/www.accidentdutravail-idf.net\\\/blog\\\/author\\\/idfcarlos\\\/\"}]}<\/script>\n<!-- \/ Yoast SEO plugin. -->","yoast_head_json":{"title":"Accident mortel sur le boulevard du 21e R\u00e9giment d'Aviation \u00e0 Nancy - ACCIDENTDUTRAVAIL-IDF","description":"Accident mortel sur le boulevard du 21e R\u00e9giment d'Aviation \u00e0 Nancy article de ACCIDENTDUTRAVAIL-IDF","robots":{"index":"index","follow":"follow","max-snippet":"max-snippet:-1","max-image-preview":"max-image-preview:large","max-video-preview":"max-video-preview:-1"},"canonical":"https:\/\/www.accidentdutravail-idf.net\/blog\/accident-mortel-sur-le-boulevard-du-21e-regiment-daviation-a-nancy\/","og_locale":"fr_FR","og_type":"article","og_title":"Accident mortel sur le boulevard du 21e R\u00e9giment d'Aviation \u00e0 Nancy - ACCIDENTDUTRAVAIL-IDF","og_description":"Accident mortel sur le boulevard du 21e R\u00e9giment d'Aviation \u00e0 Nancy article de ACCIDENTDUTRAVAIL-IDF","og_url":"https:\/\/www.accidentdutravail-idf.net\/blog\/accident-mortel-sur-le-boulevard-du-21e-regiment-daviation-a-nancy\/","og_site_name":"ACCIDENTDUTRAVAIL-IDF","article_published_time":"2024-07-28T13:48:00+00:00","og_image":[{"url":"https:\/\/www.accidentdutravail-idf.net\/blog\/wp-content\/uploads\/2024\/07\/accident-mortel-sur-le-boulevard-du-21e-regiment-daviation-a-nancy.png","type":"","width":"","height":""}],"author":"Carlos Poulain","twitter_card":"summary_large_image","twitter_misc":{"\u00c9crit par":"Carlos Poulain","Dur\u00e9e de lecture estim\u00e9e":"1 minute"},"schema":{"@context":"https:\/\/schema.org","@graph":[{"@type":"Article","@id":"https:\/\/www.accidentdutravail-idf.net\/blog\/accident-mortel-sur-le-boulevard-du-21e-regiment-daviation-a-nancy\/#article","isPartOf":{"@id":"https:\/\/www.accidentdutravail-idf.net\/blog\/accident-mortel-sur-le-boulevard-du-21e-regiment-daviation-a-nancy\/"},"author":{"name":"Carlos Poulain","@id":"https:\/\/www.accidentdutravail-idf.net\/blog\/#\/schema\/person\/3255d2f970de45e64bd9201f38e7b947"},"headline":"Accident mortel sur le boulevard du 21e R\u00e9giment d&rsquo;Aviation \u00e0 Nancy","datePublished":"2024-07-28T13:48:00+00:00","mainEntityOfPage":{"@id":"https:\/\/www.accidentdutravail-idf.net\/blog\/accident-mortel-sur-le-boulevard-du-21e-regiment-daviation-a-nancy\/"},"wordCount":262,"publisher":{"@id":"https:\/\/www.accidentdutravail-idf.net\/blog\/#organization"},"image":{"@id":"https:\/\/www.accidentdutravail-idf.net\/blog\/accident-mortel-sur-le-boulevard-du-21e-regiment-daviation-a-nancy\/#primaryimage"},"thumbnailUrl":"https:\/\/www.accidentdutravail-idf.net\/blog\/wp-content\/uploads\/2024\/07\/accident-mortel-sur-le-boulevard-du-21e-regiment-daviation-a-nancy.png","articleSection":["S\u00e9curit\u00e9 Du Travail En Ile-De-France Et Divers:"],"inLanguage":"fr-FR"},{"@type":"WebPage","@id":"https:\/\/www.accidentdutravail-idf.net\/blog\/accident-mortel-sur-le-boulevard-du-21e-regiment-daviation-a-nancy\/","url":"https:\/\/www.accidentdutravail-idf.net\/blog\/accident-mortel-sur-le-boulevard-du-21e-regiment-daviation-a-nancy\/","name":"Accident mortel sur le boulevard du 21e R\u00e9giment d'Aviation \u00e0 Nancy - ACCIDENTDUTRAVAIL-IDF","isPartOf":{"@id":"https:\/\/www.accidentdutravail-idf.net\/blog\/#website"},"primaryImageOfPage":{"@id":"https:\/\/www.accidentdutravail-idf.net\/blog\/accident-mortel-sur-le-boulevard-du-21e-regiment-daviation-a-nancy\/#primaryimage"},"image":{"@id":"https:\/\/www.accidentdutravail-idf.net\/blog\/accident-mortel-sur-le-boulevard-du-21e-regiment-daviation-a-nancy\/#primaryimage"},"thumbnailUrl":"https:\/\/www.accidentdutravail-idf.net\/blog\/wp-content\/uploads\/2024\/07\/accident-mortel-sur-le-boulevard-du-21e-regiment-daviation-a-nancy.png","datePublished":"2024-07-28T13:48:00+00:00","description":"Accident mortel sur le boulevard du 21e R\u00e9giment d'Aviation \u00e0 Nancy article de ACCIDENTDUTRAVAIL-IDF","breadcrumb":{"@id":"https:\/\/www.accidentdutravail-idf.net\/blog\/accident-mortel-sur-le-boulevard-du-21e-regiment-daviation-a-nancy\/#breadcrumb"},"inLanguage":"fr-FR","potentialAction":[{"@type":"ReadAction","target":["https:\/\/www.accidentdutravail-idf.net\/blog\/accident-mortel-sur-le-boulevard-du-21e-regiment-daviation-a-nancy\/"]}]},{"@type":"ImageObject","inLanguage":"fr-FR","@id":"https:\/\/www.accidentdutravail-idf.net\/blog\/accident-mortel-sur-le-boulevard-du-21e-regiment-daviation-a-nancy\/#primaryimage","url":"https:\/\/www.accidentdutravail-idf.net\/blog\/wp-content\/uploads\/2024\/07\/accident-mortel-sur-le-boulevard-du-21e-regiment-daviation-a-nancy.png","contentUrl":"https:\/\/www.accidentdutravail-idf.net\/blog\/wp-content\/uploads\/2024\/07\/accident-mortel-sur-le-boulevard-du-21e-regiment-daviation-a-nancy.png"},{"@type":"BreadcrumbList","@id":"https:\/\/www.accidentdutravail-idf.net\/blog\/accident-mortel-sur-le-boulevard-du-21e-regiment-daviation-a-nancy\/#breadcrumb","itemListElement":[{"@type":"ListItem","position":1,"name":"Accueil","item":"https:\/\/www.accidentdutravail-idf.net\/blog\/"},{"@type":"ListItem","position":2,"name":"Accident mortel sur le boulevard du 21e R\u00e9giment d&rsquo;Aviation \u00e0 Nancy"}]},{"@type":"WebSite","@id":"https:\/\/www.accidentdutravail-idf.net\/blog\/#website","url":"https:\/\/www.accidentdutravail-idf.net\/blog\/","name":"ACCIDENTDUTRAVAIL-IDF","description":"Portail accidents du travail-maladies professionnelles des entreprises d&#039;Ile-de-France","publisher":{"@id":"https:\/\/www.accidentdutravail-idf.net\/blog\/#organization"},"potentialAction":[{"@type":"SearchAction","target":{"@type":"EntryPoint","urlTemplate":"https:\/\/www.accidentdutravail-idf.net\/blog\/?s={search_term_string}"},"query-input":{"@type":"PropertyValueSpecification","valueRequired":true,"valueName":"search_term_string"}}],"inLanguage":"fr-FR"},{"@type":"Organization","@id":"https:\/\/www.accidentdutravail-idf.net\/blog\/#organization","name":"accidentdutravail-idf","url":"https:\/\/www.accidentdutravail-idf.net\/blog\/","logo":{"@type":"ImageObject","inLanguage":"fr-FR","@id":"https:\/\/www.accidentdutravail-idf.net\/blog\/#\/schema\/logo\/image\/","url":"https:\/\/www.accidentdutravail-idf.net\/blog\/wp-content\/uploads\/2022\/09\/logo-2.png","contentUrl":"https:\/\/www.accidentdutravail-idf.net\/blog\/wp-content\/uploads\/2022\/09\/logo-2.png","width":380,"height":291,"caption":"accidentdutravail-idf"},"image":{"@id":"https:\/\/www.accidentdutravail-idf.net\/blog\/#\/schema\/logo\/image\/"}},{"@type":"Person","@id":"https:\/\/www.accidentdutravail-idf.net\/blog\/#\/schema\/person\/3255d2f970de45e64bd9201f38e7b947","name":"Carlos Poulain","image":{"@type":"ImageObject","inLanguage":"fr-FR","@id":"https:\/\/secure.gravatar.com\/avatar\/b1c2f9d3588e34e91adb093635df64ef4b2381991216be7576466cfcdca4baf3?s=96&d=mm&r=g","url":"https:\/\/secure.gravatar.com\/avatar\/b1c2f9d3588e34e91adb093635df64ef4b2381991216be7576466cfcdca4baf3?s=96&d=mm&r=g","contentUrl":"https:\/\/secure.gravatar.com\/avatar\/b1c2f9d3588e34e91adb093635df64ef4b2381991216be7576466cfcdca4baf3?s=96&d=mm&r=g","caption":"Carlos Poulain"},"url":"https:\/\/www.accidentdutravail-idf.net\/blog\/author\/idfcarlos\/"}]}},"_links":{"self":[{"href":"https:\/\/www.accidentdutravail-idf.net\/blog\/wp-json\/wp\/v2\/posts\/613","targetHints":{"allow":["GET"]}}],"collection":[{"href":"https:\/\/www.accidentdutravail-idf.net\/blog\/wp-json\/wp\/v2\/posts"}],"about":[{"href":"https:\/\/www.accidentdutravail-idf.net\/blog\/wp-json\/wp\/v2\/types\/post"}],"author":[{"embeddable":true,"href":"https:\/\/www.accidentdutravail-idf.net\/blog\/wp-json\/wp\/v2\/users\/2"}],"replies":[{"embeddable":true,"href":"https:\/\/www.accidentdutravail-idf.net\/blog\/wp-json\/wp\/v2\/comments?post=613"}],"version-history":[{"count":0,"href":"https:\/\/www.accidentdutravail-idf.net\/blog\/wp-json\/wp\/v2\/posts\/613\/revisions"}],"wp:attachment":[{"href":"https:\/\/www.accidentdutravail-idf.net\/blog\/wp-json\/wp\/v2\/media?parent=613"}],"wp:term":[{"taxonomy":"category","embeddable":true,"href":"https:\/\/www.accidentdutravail-idf.net\/blog\/wp-json\/wp\/v2\/categories?post=613"},{"taxonomy":"post_tag","embeddable":true,"href":"https:\/\/www.accidentdutravail-idf.net\/blog\/wp-json\/wp\/v2\/tags?post=613"}],"curies":[{"name":"wp","href":"https:\/\/api.w.org\/{rel}","templated":true}]}}