{"id":611,"date":"2024-07-27T19:00:00","date_gmt":"2024-07-27T17:00:00","guid":{"rendered":"https:\/\/www.accidentdutravail-idf.net\/blog\/une-jeune-fille-renversee-a-trottinette-en-rentrant-du-travail-en-dordogne\/"},"modified":"2024-07-27T19:00:00","modified_gmt":"2024-07-27T17:00:00","slug":"une-jeune-fille-renversee-a-trottinette-en-rentrant-du-travail-en-dordogne","status":"publish","type":"post","link":"https:\/\/www.accidentdutravail-idf.net\/blog\/une-jeune-fille-renversee-a-trottinette-en-rentrant-du-travail-en-dordogne\/","title":{"rendered":"Une jeune fille renvers\u00e9e \u00e0 trottinette en rentrant du travail en Dordogne"},"content":{"rendered":"<figure class=\"medium\"> <img decoding=\"async\" id=\"20719496\" src=\"https:\/\/www.accidentdutravail-idf.net\/blog\/wp-content\/uploads\/2024\/07\/une-jeune-fille-renversee-a-trottinette-en-rentrant-du-travail-en-dordogne.jpg\" alt=\"La jeune femme a notamment eu d\u2019importantes \u00e9gratignures sur le c\u00f4t\u00e9 droit.\"><figcaption class=\"caption\">    <span>La jeune femme a notamment eu d\u2019importantes \u00e9gratignures sur le c\u00f4t\u00e9 droit.<\/span> <\/p>\n<p>Alyssia Gauthier<\/p>\n<\/figcaption><\/figure>\n<p>Vers 18 heures, vendredi 26&nbsp;juillet, alors qu\u2019elle rentrait de son job d\u2019\u00e9t\u00e9 au camping de la commune, elle s\u2019engageait sur le rond-point de la D3 \u00e0 proximit\u00e9 du magasin Leclerc. \u00ab&nbsp;Une voiture est arriv\u00e9e et m\u2019a percut\u00e9e. J\u2019ai \u00e9t\u00e9 \u00e9ject\u00e9e \u00e0 deux ou trois m\u00e8tres&nbsp;\u00bb, raconte-t-elle.<\/p>\n<div class=\"related-article base-margin-bottom\"> <span class=\"badge\">Sur le m\u00eame sujet<\/span> <\/div>\n<h2 class=\"article-subtitle\">\u00ab&nbsp;Des excuses&nbsp;\u00bb<\/h2>\n<p>La famille, qui a lanc\u00e9 un appel \u00e0 t\u00e9moins sur les r\u00e9seaux sociaux, assure que la conductrice serait sortie de la voiture puis repartie, sans aider la jeune fille, tandis que des t\u00e9moins se rapprochaient. \u00ab&nbsp;Elle a fait un d\u00e9lit de fuite&nbsp;\u00bb, peste Mikael Gauthier, le p\u00e8re d\u2019Alyssia. La gendarmerie d\u00e9ment, affirmant que la conductrice \u00e9tait encore sur place \u00e0 leur arriv\u00e9e.<\/p>\n<p>Alyssia souhaite \u00ab&nbsp;au moins des excuses et une trottinette&nbsp;\u00bb, la sienne n\u2019ayant pas r\u00e9sist\u00e9 au choc. Selon la famille, l\u2019h\u00f4pital de P\u00e9rigueux, o\u00f9 elle a \u00e9t\u00e9 conduite par les pompiers, lui aurait d\u00e9livr\u00e9 trois jours d\u2019ITT.<\/p>\n<p> accidentdutravail-idf.net vous a pr\u00e9par\u00e9 ce post qui informe du sujet \u00ab\u00a0Association Sportive Huisson-Longueville Essonne\u00a0\u00bb. La chronique se veut g\u00e9n\u00e9r\u00e9e du mieux possible. Vous pouvez utiliser les coordonn\u00e9es indiqu\u00e9es sur le site dans le but d\u2019apporter des explications sur ce post qui parle du th\u00e8me \u00ab\u00a0Association Sportive Huisson-Longueville Essonne\u00a0\u00bb. Le site accidentdutravail-idf.net a pour but de fournir diverses publications sur la th\u00e9matique Association Sportive Huisson-Longueville Essonne diffus\u00e9es sur le net. Il y aura plusieurs articles autour du sujet \u00ab\u00a0Association Sportive Huisson-Longueville Essonne\u00a0\u00bb dans quelques jours, nous vous invitons \u00e0 naviguer sur notre site web \u00e0 plusieurs reprises.<\/p>\n","protected":false},"excerpt":{"rendered":"<p>La jeune femme a notamment eu d\u2019importantes \u00e9gratignures sur le c\u00f4t\u00e9 droit. Alyssia Gauthier Vers 18 heures, vendredi 26&nbsp;juillet, alors qu\u2019elle rentrait de son job d\u2019\u00e9t\u00e9 au camping de la commune, elle s\u2019engageait sur le rond-point de la D3 \u00e0 proximit\u00e9 du magasin Leclerc. \u00ab&nbsp;Une voiture est arriv\u00e9e et m\u2019a percut\u00e9e. J\u2019ai \u00e9t\u00e9 \u00e9ject\u00e9e \u00e0 &hellip; <\/p>\n<p class=\"link-more\"><a href=\"https:\/\/www.accidentdutravail-idf.net\/blog\/une-jeune-fille-renversee-a-trottinette-en-rentrant-du-travail-en-dordogne\/\" class=\"more-link\">Continuer la lecture <span class=\"screen-reader-text\"> \u00ab\u00a0Une jeune fille renvers\u00e9e \u00e0 trottinette en rentrant du travail en Dordogne\u00a0\u00bb<\/span><\/a><\/p>\n","protected":false},"author":2,"featured_media":0,"comment_status":"closed","ping_status":"closed","sticky":false,"template":"","format":"standard","meta":{"footnotes":""},"categories":[5],"tags":[],"class_list":["post-611","post","type-post","status-publish","format-standard","hentry","category-securite-du-travail-en-ile-de-france-et-divers","entry"],"yoast_head":"<!-- This site is optimized with the Yoast SEO plugin v27.5 - https:\/\/yoast.com\/product\/yoast-seo-wordpress\/ -->\n<title>Une jeune fille renvers\u00e9e \u00e0 trottinette en rentrant du travail en Dordogne - ACCIDENTDUTRAVAIL-IDF<\/title>\n<meta name=\"description\" content=\"Une jeune fille renvers\u00e9e \u00e0 trottinette en rentrant du travail en Dordogne article de ACCIDENTDUTRAVAIL-IDF\" \/>\n<meta name=\"robots\" content=\"index, follow, max-snippet:-1, max-image-preview:large, max-video-preview:-1\" \/>\n<link rel=\"canonical\" href=\"https:\/\/www.accidentdutravail-idf.net\/blog\/une-jeune-fille-renversee-a-trottinette-en-rentrant-du-travail-en-dordogne\/\" \/>\n<meta property=\"og:locale\" content=\"fr_FR\" \/>\n<meta property=\"og:type\" content=\"article\" \/>\n<meta property=\"og:title\" content=\"Une jeune fille renvers\u00e9e \u00e0 trottinette en rentrant du travail en Dordogne - ACCIDENTDUTRAVAIL-IDF\" \/>\n<meta property=\"og:description\" content=\"Une jeune fille renvers\u00e9e \u00e0 trottinette en rentrant du travail en Dordogne article de ACCIDENTDUTRAVAIL-IDF\" \/>\n<meta property=\"og:url\" content=\"https:\/\/www.accidentdutravail-idf.net\/blog\/une-jeune-fille-renversee-a-trottinette-en-rentrant-du-travail-en-dordogne\/\" \/>\n<meta property=\"og:site_name\" content=\"ACCIDENTDUTRAVAIL-IDF\" \/>\n<meta property=\"article:published_time\" content=\"2024-07-27T17:00:00+00:00\" \/>\n<meta property=\"og:image\" content=\"https:\/\/www.accidentdutravail-idf.net\/blog\/wp-content\/uploads\/2024\/07\/une-jeune-fille-renversee-a-trottinette-en-rentrant-du-travail-en-dordogne.jpg\" \/>\n<meta name=\"author\" content=\"Carlos Poulain\" \/>\n<meta name=\"twitter:card\" content=\"summary_large_image\" \/>\n<meta name=\"twitter:label1\" content=\"\u00c9crit par\" \/>\n\t<meta name=\"twitter:data1\" content=\"Carlos Poulain\" \/>\n\t<meta name=\"twitter:label2\" content=\"Dur\u00e9e de lecture estim\u00e9e\" \/>\n\t<meta name=\"twitter:data2\" content=\"2 minutes\" \/>\n<script type=\"application\/ld+json\" class=\"yoast-schema-graph\">{\"@context\":\"https:\\\/\\\/schema.org\",\"@graph\":[{\"@type\":\"Article\",\"@id\":\"https:\\\/\\\/www.accidentdutravail-idf.net\\\/blog\\\/une-jeune-fille-renversee-a-trottinette-en-rentrant-du-travail-en-dordogne\\\/#article\",\"isPartOf\":{\"@id\":\"https:\\\/\\\/www.accidentdutravail-idf.net\\\/blog\\\/une-jeune-fille-renversee-a-trottinette-en-rentrant-du-travail-en-dordogne\\\/\"},\"author\":{\"name\":\"Carlos Poulain\",\"@id\":\"https:\\\/\\\/www.accidentdutravail-idf.net\\\/blog\\\/#\\\/schema\\\/person\\\/3255d2f970de45e64bd9201f38e7b947\"},\"headline\":\"Une jeune fille renvers\u00e9e \u00e0 trottinette en rentrant du travail en Dordogne\",\"datePublished\":\"2024-07-27T17:00:00+00:00\",\"mainEntityOfPage\":{\"@id\":\"https:\\\/\\\/www.accidentdutravail-idf.net\\\/blog\\\/une-jeune-fille-renversee-a-trottinette-en-rentrant-du-travail-en-dordogne\\\/\"},\"wordCount\":313,\"publisher\":{\"@id\":\"https:\\\/\\\/www.accidentdutravail-idf.net\\\/blog\\\/#organization\"},\"image\":{\"@id\":\"https:\\\/\\\/www.accidentdutravail-idf.net\\\/blog\\\/une-jeune-fille-renversee-a-trottinette-en-rentrant-du-travail-en-dordogne\\\/#primaryimage\"},\"thumbnailUrl\":\"https:\\\/\\\/www.accidentdutravail-idf.net\\\/blog\\\/wp-content\\\/uploads\\\/2024\\\/07\\\/une-jeune-fille-renversee-a-trottinette-en-rentrant-du-travail-en-dordogne.jpg\",\"articleSection\":[\"S\u00e9curit\u00e9 Du Travail En Ile-De-France Et Divers:\"],\"inLanguage\":\"fr-FR\"},{\"@type\":\"WebPage\",\"@id\":\"https:\\\/\\\/www.accidentdutravail-idf.net\\\/blog\\\/une-jeune-fille-renversee-a-trottinette-en-rentrant-du-travail-en-dordogne\\\/\",\"url\":\"https:\\\/\\\/www.accidentdutravail-idf.net\\\/blog\\\/une-jeune-fille-renversee-a-trottinette-en-rentrant-du-travail-en-dordogne\\\/\",\"name\":\"Une jeune fille renvers\u00e9e \u00e0 trottinette en rentrant du travail en Dordogne - ACCIDENTDUTRAVAIL-IDF\",\"isPartOf\":{\"@id\":\"https:\\\/\\\/www.accidentdutravail-idf.net\\\/blog\\\/#website\"},\"primaryImageOfPage\":{\"@id\":\"https:\\\/\\\/www.accidentdutravail-idf.net\\\/blog\\\/une-jeune-fille-renversee-a-trottinette-en-rentrant-du-travail-en-dordogne\\\/#primaryimage\"},\"image\":{\"@id\":\"https:\\\/\\\/www.accidentdutravail-idf.net\\\/blog\\\/une-jeune-fille-renversee-a-trottinette-en-rentrant-du-travail-en-dordogne\\\/#primaryimage\"},\"thumbnailUrl\":\"https:\\\/\\\/www.accidentdutravail-idf.net\\\/blog\\\/wp-content\\\/uploads\\\/2024\\\/07\\\/une-jeune-fille-renversee-a-trottinette-en-rentrant-du-travail-en-dordogne.jpg\",\"datePublished\":\"2024-07-27T17:00:00+00:00\",\"description\":\"Une jeune fille renvers\u00e9e \u00e0 trottinette en rentrant du travail en Dordogne article de ACCIDENTDUTRAVAIL-IDF\",\"breadcrumb\":{\"@id\":\"https:\\\/\\\/www.accidentdutravail-idf.net\\\/blog\\\/une-jeune-fille-renversee-a-trottinette-en-rentrant-du-travail-en-dordogne\\\/#breadcrumb\"},\"inLanguage\":\"fr-FR\",\"potentialAction\":[{\"@type\":\"ReadAction\",\"target\":[\"https:\\\/\\\/www.accidentdutravail-idf.net\\\/blog\\\/une-jeune-fille-renversee-a-trottinette-en-rentrant-du-travail-en-dordogne\\\/\"]}]},{\"@type\":\"ImageObject\",\"inLanguage\":\"fr-FR\",\"@id\":\"https:\\\/\\\/www.accidentdutravail-idf.net\\\/blog\\\/une-jeune-fille-renversee-a-trottinette-en-rentrant-du-travail-en-dordogne\\\/#primaryimage\",\"url\":\"https:\\\/\\\/www.accidentdutravail-idf.net\\\/blog\\\/wp-content\\\/uploads\\\/2024\\\/07\\\/une-jeune-fille-renversee-a-trottinette-en-rentrant-du-travail-en-dordogne.jpg\",\"contentUrl\":\"https:\\\/\\\/www.accidentdutravail-idf.net\\\/blog\\\/wp-content\\\/uploads\\\/2024\\\/07\\\/une-jeune-fille-renversee-a-trottinette-en-rentrant-du-travail-en-dordogne.jpg\"},{\"@type\":\"BreadcrumbList\",\"@id\":\"https:\\\/\\\/www.accidentdutravail-idf.net\\\/blog\\\/une-jeune-fille-renversee-a-trottinette-en-rentrant-du-travail-en-dordogne\\\/#breadcrumb\",\"itemListElement\":[{\"@type\":\"ListItem\",\"position\":1,\"name\":\"Accueil\",\"item\":\"https:\\\/\\\/www.accidentdutravail-idf.net\\\/blog\\\/\"},{\"@type\":\"ListItem\",\"position\":2,\"name\":\"Une jeune fille renvers\u00e9e \u00e0 trottinette en rentrant du travail en Dordogne\"}]},{\"@type\":\"WebSite\",\"@id\":\"https:\\\/\\\/www.accidentdutravail-idf.net\\\/blog\\\/#website\",\"url\":\"https:\\\/\\\/www.accidentdutravail-idf.net\\\/blog\\\/\",\"name\":\"ACCIDENTDUTRAVAIL-IDF\",\"description\":\"Portail accidents du travail-maladies professionnelles des entreprises d&#039;Ile-de-France\",\"publisher\":{\"@id\":\"https:\\\/\\\/www.accidentdutravail-idf.net\\\/blog\\\/#organization\"},\"potentialAction\":[{\"@type\":\"SearchAction\",\"target\":{\"@type\":\"EntryPoint\",\"urlTemplate\":\"https:\\\/\\\/www.accidentdutravail-idf.net\\\/blog\\\/?s={search_term_string}\"},\"query-input\":{\"@type\":\"PropertyValueSpecification\",\"valueRequired\":true,\"valueName\":\"search_term_string\"}}],\"inLanguage\":\"fr-FR\"},{\"@type\":\"Organization\",\"@id\":\"https:\\\/\\\/www.accidentdutravail-idf.net\\\/blog\\\/#organization\",\"name\":\"accidentdutravail-idf\",\"url\":\"https:\\\/\\\/www.accidentdutravail-idf.net\\\/blog\\\/\",\"logo\":{\"@type\":\"ImageObject\",\"inLanguage\":\"fr-FR\",\"@id\":\"https:\\\/\\\/www.accidentdutravail-idf.net\\\/blog\\\/#\\\/schema\\\/logo\\\/image\\\/\",\"url\":\"https:\\\/\\\/www.accidentdutravail-idf.net\\\/blog\\\/wp-content\\\/uploads\\\/2022\\\/09\\\/logo-2.png\",\"contentUrl\":\"https:\\\/\\\/www.accidentdutravail-idf.net\\\/blog\\\/wp-content\\\/uploads\\\/2022\\\/09\\\/logo-2.png\",\"width\":380,\"height\":291,\"caption\":\"accidentdutravail-idf\"},\"image\":{\"@id\":\"https:\\\/\\\/www.accidentdutravail-idf.net\\\/blog\\\/#\\\/schema\\\/logo\\\/image\\\/\"}},{\"@type\":\"Person\",\"@id\":\"https:\\\/\\\/www.accidentdutravail-idf.net\\\/blog\\\/#\\\/schema\\\/person\\\/3255d2f970de45e64bd9201f38e7b947\",\"name\":\"Carlos Poulain\",\"image\":{\"@type\":\"ImageObject\",\"inLanguage\":\"fr-FR\",\"@id\":\"https:\\\/\\\/secure.gravatar.com\\\/avatar\\\/b1c2f9d3588e34e91adb093635df64ef4b2381991216be7576466cfcdca4baf3?s=96&d=mm&r=g\",\"url\":\"https:\\\/\\\/secure.gravatar.com\\\/avatar\\\/b1c2f9d3588e34e91adb093635df64ef4b2381991216be7576466cfcdca4baf3?s=96&d=mm&r=g\",\"contentUrl\":\"https:\\\/\\\/secure.gravatar.com\\\/avatar\\\/b1c2f9d3588e34e91adb093635df64ef4b2381991216be7576466cfcdca4baf3?s=96&d=mm&r=g\",\"caption\":\"Carlos Poulain\"},\"url\":\"https:\\\/\\\/www.accidentdutravail-idf.net\\\/blog\\\/author\\\/idfcarlos\\\/\"}]}<\/script>\n<!-- \/ Yoast SEO plugin. -->","yoast_head_json":{"title":"Une jeune fille renvers\u00e9e \u00e0 trottinette en rentrant du travail en Dordogne - ACCIDENTDUTRAVAIL-IDF","description":"Une jeune fille renvers\u00e9e \u00e0 trottinette en rentrant du travail en Dordogne article de ACCIDENTDUTRAVAIL-IDF","robots":{"index":"index","follow":"follow","max-snippet":"max-snippet:-1","max-image-preview":"max-image-preview:large","max-video-preview":"max-video-preview:-1"},"canonical":"https:\/\/www.accidentdutravail-idf.net\/blog\/une-jeune-fille-renversee-a-trottinette-en-rentrant-du-travail-en-dordogne\/","og_locale":"fr_FR","og_type":"article","og_title":"Une jeune fille renvers\u00e9e \u00e0 trottinette en rentrant du travail en Dordogne - ACCIDENTDUTRAVAIL-IDF","og_description":"Une jeune fille renvers\u00e9e \u00e0 trottinette en rentrant du travail en Dordogne article de ACCIDENTDUTRAVAIL-IDF","og_url":"https:\/\/www.accidentdutravail-idf.net\/blog\/une-jeune-fille-renversee-a-trottinette-en-rentrant-du-travail-en-dordogne\/","og_site_name":"ACCIDENTDUTRAVAIL-IDF","article_published_time":"2024-07-27T17:00:00+00:00","og_image":[{"url":"https:\/\/www.accidentdutravail-idf.net\/blog\/wp-content\/uploads\/2024\/07\/une-jeune-fille-renversee-a-trottinette-en-rentrant-du-travail-en-dordogne.jpg","type":"","width":"","height":""}],"author":"Carlos Poulain","twitter_card":"summary_large_image","twitter_misc":{"\u00c9crit par":"Carlos Poulain","Dur\u00e9e de lecture estim\u00e9e":"2 minutes"},"schema":{"@context":"https:\/\/schema.org","@graph":[{"@type":"Article","@id":"https:\/\/www.accidentdutravail-idf.net\/blog\/une-jeune-fille-renversee-a-trottinette-en-rentrant-du-travail-en-dordogne\/#article","isPartOf":{"@id":"https:\/\/www.accidentdutravail-idf.net\/blog\/une-jeune-fille-renversee-a-trottinette-en-rentrant-du-travail-en-dordogne\/"},"author":{"name":"Carlos Poulain","@id":"https:\/\/www.accidentdutravail-idf.net\/blog\/#\/schema\/person\/3255d2f970de45e64bd9201f38e7b947"},"headline":"Une jeune fille renvers\u00e9e \u00e0 trottinette en rentrant du travail en Dordogne","datePublished":"2024-07-27T17:00:00+00:00","mainEntityOfPage":{"@id":"https:\/\/www.accidentdutravail-idf.net\/blog\/une-jeune-fille-renversee-a-trottinette-en-rentrant-du-travail-en-dordogne\/"},"wordCount":313,"publisher":{"@id":"https:\/\/www.accidentdutravail-idf.net\/blog\/#organization"},"image":{"@id":"https:\/\/www.accidentdutravail-idf.net\/blog\/une-jeune-fille-renversee-a-trottinette-en-rentrant-du-travail-en-dordogne\/#primaryimage"},"thumbnailUrl":"https:\/\/www.accidentdutravail-idf.net\/blog\/wp-content\/uploads\/2024\/07\/une-jeune-fille-renversee-a-trottinette-en-rentrant-du-travail-en-dordogne.jpg","articleSection":["S\u00e9curit\u00e9 Du Travail En Ile-De-France Et Divers:"],"inLanguage":"fr-FR"},{"@type":"WebPage","@id":"https:\/\/www.accidentdutravail-idf.net\/blog\/une-jeune-fille-renversee-a-trottinette-en-rentrant-du-travail-en-dordogne\/","url":"https:\/\/www.accidentdutravail-idf.net\/blog\/une-jeune-fille-renversee-a-trottinette-en-rentrant-du-travail-en-dordogne\/","name":"Une jeune fille renvers\u00e9e \u00e0 trottinette en rentrant du travail en Dordogne - ACCIDENTDUTRAVAIL-IDF","isPartOf":{"@id":"https:\/\/www.accidentdutravail-idf.net\/blog\/#website"},"primaryImageOfPage":{"@id":"https:\/\/www.accidentdutravail-idf.net\/blog\/une-jeune-fille-renversee-a-trottinette-en-rentrant-du-travail-en-dordogne\/#primaryimage"},"image":{"@id":"https:\/\/www.accidentdutravail-idf.net\/blog\/une-jeune-fille-renversee-a-trottinette-en-rentrant-du-travail-en-dordogne\/#primaryimage"},"thumbnailUrl":"https:\/\/www.accidentdutravail-idf.net\/blog\/wp-content\/uploads\/2024\/07\/une-jeune-fille-renversee-a-trottinette-en-rentrant-du-travail-en-dordogne.jpg","datePublished":"2024-07-27T17:00:00+00:00","description":"Une jeune fille renvers\u00e9e \u00e0 trottinette en rentrant du travail en Dordogne article de ACCIDENTDUTRAVAIL-IDF","breadcrumb":{"@id":"https:\/\/www.accidentdutravail-idf.net\/blog\/une-jeune-fille-renversee-a-trottinette-en-rentrant-du-travail-en-dordogne\/#breadcrumb"},"inLanguage":"fr-FR","potentialAction":[{"@type":"ReadAction","target":["https:\/\/www.accidentdutravail-idf.net\/blog\/une-jeune-fille-renversee-a-trottinette-en-rentrant-du-travail-en-dordogne\/"]}]},{"@type":"ImageObject","inLanguage":"fr-FR","@id":"https:\/\/www.accidentdutravail-idf.net\/blog\/une-jeune-fille-renversee-a-trottinette-en-rentrant-du-travail-en-dordogne\/#primaryimage","url":"https:\/\/www.accidentdutravail-idf.net\/blog\/wp-content\/uploads\/2024\/07\/une-jeune-fille-renversee-a-trottinette-en-rentrant-du-travail-en-dordogne.jpg","contentUrl":"https:\/\/www.accidentdutravail-idf.net\/blog\/wp-content\/uploads\/2024\/07\/une-jeune-fille-renversee-a-trottinette-en-rentrant-du-travail-en-dordogne.jpg"},{"@type":"BreadcrumbList","@id":"https:\/\/www.accidentdutravail-idf.net\/blog\/une-jeune-fille-renversee-a-trottinette-en-rentrant-du-travail-en-dordogne\/#breadcrumb","itemListElement":[{"@type":"ListItem","position":1,"name":"Accueil","item":"https:\/\/www.accidentdutravail-idf.net\/blog\/"},{"@type":"ListItem","position":2,"name":"Une jeune fille renvers\u00e9e \u00e0 trottinette en rentrant du travail en Dordogne"}]},{"@type":"WebSite","@id":"https:\/\/www.accidentdutravail-idf.net\/blog\/#website","url":"https:\/\/www.accidentdutravail-idf.net\/blog\/","name":"ACCIDENTDUTRAVAIL-IDF","description":"Portail accidents du travail-maladies professionnelles des entreprises d&#039;Ile-de-France","publisher":{"@id":"https:\/\/www.accidentdutravail-idf.net\/blog\/#organization"},"potentialAction":[{"@type":"SearchAction","target":{"@type":"EntryPoint","urlTemplate":"https:\/\/www.accidentdutravail-idf.net\/blog\/?s={search_term_string}"},"query-input":{"@type":"PropertyValueSpecification","valueRequired":true,"valueName":"search_term_string"}}],"inLanguage":"fr-FR"},{"@type":"Organization","@id":"https:\/\/www.accidentdutravail-idf.net\/blog\/#organization","name":"accidentdutravail-idf","url":"https:\/\/www.accidentdutravail-idf.net\/blog\/","logo":{"@type":"ImageObject","inLanguage":"fr-FR","@id":"https:\/\/www.accidentdutravail-idf.net\/blog\/#\/schema\/logo\/image\/","url":"https:\/\/www.accidentdutravail-idf.net\/blog\/wp-content\/uploads\/2022\/09\/logo-2.png","contentUrl":"https:\/\/www.accidentdutravail-idf.net\/blog\/wp-content\/uploads\/2022\/09\/logo-2.png","width":380,"height":291,"caption":"accidentdutravail-idf"},"image":{"@id":"https:\/\/www.accidentdutravail-idf.net\/blog\/#\/schema\/logo\/image\/"}},{"@type":"Person","@id":"https:\/\/www.accidentdutravail-idf.net\/blog\/#\/schema\/person\/3255d2f970de45e64bd9201f38e7b947","name":"Carlos Poulain","image":{"@type":"ImageObject","inLanguage":"fr-FR","@id":"https:\/\/secure.gravatar.com\/avatar\/b1c2f9d3588e34e91adb093635df64ef4b2381991216be7576466cfcdca4baf3?s=96&d=mm&r=g","url":"https:\/\/secure.gravatar.com\/avatar\/b1c2f9d3588e34e91adb093635df64ef4b2381991216be7576466cfcdca4baf3?s=96&d=mm&r=g","contentUrl":"https:\/\/secure.gravatar.com\/avatar\/b1c2f9d3588e34e91adb093635df64ef4b2381991216be7576466cfcdca4baf3?s=96&d=mm&r=g","caption":"Carlos Poulain"},"url":"https:\/\/www.accidentdutravail-idf.net\/blog\/author\/idfcarlos\/"}]}},"_links":{"self":[{"href":"https:\/\/www.accidentdutravail-idf.net\/blog\/wp-json\/wp\/v2\/posts\/611","targetHints":{"allow":["GET"]}}],"collection":[{"href":"https:\/\/www.accidentdutravail-idf.net\/blog\/wp-json\/wp\/v2\/posts"}],"about":[{"href":"https:\/\/www.accidentdutravail-idf.net\/blog\/wp-json\/wp\/v2\/types\/post"}],"author":[{"embeddable":true,"href":"https:\/\/www.accidentdutravail-idf.net\/blog\/wp-json\/wp\/v2\/users\/2"}],"replies":[{"embeddable":true,"href":"https:\/\/www.accidentdutravail-idf.net\/blog\/wp-json\/wp\/v2\/comments?post=611"}],"version-history":[{"count":0,"href":"https:\/\/www.accidentdutravail-idf.net\/blog\/wp-json\/wp\/v2\/posts\/611\/revisions"}],"wp:attachment":[{"href":"https:\/\/www.accidentdutravail-idf.net\/blog\/wp-json\/wp\/v2\/media?parent=611"}],"wp:term":[{"taxonomy":"category","embeddable":true,"href":"https:\/\/www.accidentdutravail-idf.net\/blog\/wp-json\/wp\/v2\/categories?post=611"},{"taxonomy":"post_tag","embeddable":true,"href":"https:\/\/www.accidentdutravail-idf.net\/blog\/wp-json\/wp\/v2\/tags?post=611"}],"curies":[{"name":"wp","href":"https:\/\/api.w.org\/{rel}","templated":true}]}}