{"id":605,"date":"2024-07-25T10:07:00","date_gmt":"2024-07-25T08:07:00","guid":{"rendered":"https:\/\/www.accidentdutravail-idf.net\/blog\/les-accidents-de-chasse-en-legere-hausse-cette-saison-le-nombre-de-deces-reste-stable\/"},"modified":"2024-07-25T10:07:00","modified_gmt":"2024-07-25T08:07:00","slug":"les-accidents-de-chasse-en-legere-hausse-cette-saison-le-nombre-de-deces-reste-stable","status":"publish","type":"post","link":"https:\/\/www.accidentdutravail-idf.net\/blog\/les-accidents-de-chasse-en-legere-hausse-cette-saison-le-nombre-de-deces-reste-stable\/","title":{"rendered":"Les accidents de chasse en l\u00e9g\u00e8re hausse cette saison, le nombre de d\u00e9c\u00e8s reste stable"},"content":{"rendered":"<p><!-- HTML_TAG_START -->Le nombre d&rsquo;accidents de chasse est l\u00e9g\u00e8rement reparti \u00e0 la hausse l&rsquo;an dernier, selon l&rsquo;Office fran\u00e7ais de la biodiversit\u00e9 ce jeudi.&nbsp;Sur la saison 2023\/2024, 97 accidents de chasse ont \u00e9t\u00e9 recens\u00e9s, contre 78 l&rsquo;an dernier, <strong>dont six mortels<\/strong>, uniquement parmi les chasseurs. La tendance reste toutefois clairement \u00e0 la baisse.<!-- HTML_TAG_END --><\/p>\n<div class=\"EmbedInread svelte-18lc864\">\n<div class=\"AdsSlot svelte-m8wq8h inread forceDisplay\"> <img decoding=\"async\" src=\"https:\/\/www.francebleu.fr\/client\/immutable\/assets\/logo-ici-sad.C8Ts0-h1.svg\" alt width=\"50\" height=\"41\" class=\"svelte-m8wq8h\"> <\/div>\n<\/p><\/div>\n<p><!-- HTML_TAG_START -->L&rsquo;OFB note notamment une \u00ab\u00a0<em>augmentation significative des auto-accidents (40% des accidents en 2023 contre 29% en moyenne sur 20 ans), dont trois accidents mortels sur les six recens\u00e9s\u00a0\u00bb<\/em>, pr\u00e9cise l&rsquo;organisme public. Par ailleurs, l&rsquo;an dernier, le nombre de victimes non-chasseurs a \u00e9t\u00e9 quasiment divis\u00e9 par deux (de 23 \u00e0 12), et aucune n&rsquo;a \u00e9t\u00e9 concern\u00e9e par un accident grave ou mortel.<!-- HTML_TAG_END --><\/p>\n<p><!-- HTML_TAG_START -->Sur les 20 derni\u00e8res ann\u00e9es, la tendance est malgr\u00e9 tout <em>\u00ab\u00a0positive\u00a0\u00bb<\/em> avec une baisse de 42% des accidents dans leur ensemble et de 77% des cas mortels. Pour la deuxi\u00e8me ann\u00e9e cons\u00e9cutive, le nombre d&rsquo;accidents mortels est au plus bas, souligne l&rsquo;OFB.<!-- HTML_TAG_END --><\/p>\n<p><!-- HTML_TAG_START --><em>\u00ab\u00a0Si un accident est toujours un accident de trop, le travail effectu\u00e9 avec la FNC (F\u00e9d\u00e9ration nationale des chasseurs, ndrl) pour renforcer la s\u00e9curit\u00e9 autour de la chasse a \u00e9t\u00e9 tr\u00e8s fort et commence \u00e0 porter ses fruits, (&#8230;) m\u00eame s&rsquo;il reste encore des leviers \u00e0 activer\u00a0\u00bb<\/em>, notamment autour de la formation, a r\u00e9agi aupr\u00e8s de l&rsquo;AFP Olivier Thibault directeur g\u00e9n\u00e9ral de l&rsquo;OFB.<!-- HTML_TAG_END --><\/p>\n<h2><!-- HTML_TAG_START -->Non-respect des r\u00e8gles<!-- HTML_TAG_END --><\/h2>\n<p><!-- HTML_TAG_START -->Lors des accidents recens\u00e9s pendant la chasse au grand gibier &#8211; qui concentre plus de la moiti\u00e9 des accidents &#8211; la cause principale provient du non-respect de l&rsquo;angle de 30\u00b0. Cette r\u00e8gle stipule qu&rsquo;il est interdit de tirer sur sa gauche et sur sa droite \u00e0 plus de 30\u00b0, points au-del\u00e0 desquels tirer repr\u00e9sente un danger pour les autres chasseurs. Viennent ensuite les soucis de manipulation. Cela montre la n\u00e9cessit\u00e9 de renforcer <em>\u00ab\u00a0l&rsquo;apprentissage des manipulations fondamentales des armes, leur transport et leur port en action de chasse\u00a0\u00bb<\/em>, souligne l&rsquo;OFB.<!-- HTML_TAG_END --><\/p>\n<p><!-- HTML_TAG_START -->En plus du permis de chasse, une <strong>formation de remise \u00e0 niveau d\u00e9cennale<\/strong> a \u00e9t\u00e9 mise en place en 2020, avec pour objectif que chaque chasseur l&rsquo;ait effectu\u00e9e d&rsquo;ici 2030. <em>\u00ab\u00a0Cela commence clairement \u00e0 monter en puissance\u00a0\u00bb<\/em>, constate M. Thibault. Selon lui, il faut toutefois encore renforcer la <em>\u00ab\u00a0sensibilisation\u00a0\u00bb<\/em> des chasseurs aux questions de s\u00e9curit\u00e9.<!-- HTML_TAG_END --><\/p>\n<p><!-- HTML_TAG_START -->Le gouvernement avait pr\u00e9sent\u00e9 l&rsquo;an dernier <!-- HTML_TAG_END --><a target=\"_blank\" rel=\"external noopener nofollow\" class=\"Link g-label-link svelte-q3rhvf\" href=\"https:\/\/www.francebleu.fr\/infos\/societe\/alcoolemie-application-mobile-formation-ce-que-l-on-sait-du-plan-du-gouvernement-pour-securiser-la-chasse-2642250\"><!-- HTML_TAG_START -->un plan visant \u00e0 mieux s\u00e9curiser<!-- HTML_TAG_END --><\/a><!-- HTML_TAG_START -->&nbsp;la chasse. Il a principalement d\u00e9bouch\u00e9 sur la&nbsp;<!-- HTML_TAG_END --><a target=\"_blank\" rel=\"external noopener nofollow\" class=\"Link g-label-link svelte-q3rhvf\" href=\"https:\/\/www.francebleu.fr\/infos\/agriculture-peche\/chasse-l-amende-pour-le-delit-de-chasse-en-etat-d-ivresse-entre-en-vigueur-ce-dimanche-3779921\"><!-- HTML_TAG_START -->cr\u00e9ation d&rsquo;une contravention<!-- HTML_TAG_END --><\/a><!-- HTML_TAG_START -->&nbsp;r\u00e9primant la chasse en <em>\u00ab\u00a0\u00e9tat d&rsquo;ivresse manifeste\u00a0\u00bb<\/em>, une mesure jug\u00e9e tr\u00e8s insuffisante par certaines associations, qui accusent l&rsquo;\u00c9tat d&rsquo;<em>\u00ab\u00a0inaction\u00a0\u00bb<\/em> sur les risques li\u00e9s \u00e0 la chasse. Elles r\u00e9clament notamment une interdiction de la chasse le week-end et des tirs \u00e0 proximit\u00e9 des habitations.<!-- HTML_TAG_END --><\/p>\n<aside class=\"BounceArticle svelte-1wz90hp\">\n<p>\u00c0 lire aussi<\/p>\n<div class=\"BounceArticle-wrapper svelte-1wz90hp\"><a class=\"Link g-link-m svelte-q3rhvf\" href=\"https:\/\/www.francebleu.fr\/infos\/faits-divers-justice\/accident-de-chasse-en-bearn-la-balle-a-frole-la-tete-du-jeune-homme-qui-habitait-la-maison-a-sainte-colome-3047283\" target=\"_blank\" rel=\"nofollow\"><\/p>\n<div class=\"container svelte-1wz90hp\">\n<div class=\"infos svelte-1wz90hp\">\n<p>Le 15\/01\/2024<\/p>\n<p>Accident de chasse en B\u00e9arn&nbsp;: la balle a fr\u00f4l\u00e9 la t\u00eate du jeune homme qui habitait la maison \u00e0 Sainte-Colome<\/p>\n<\/div>\n<\/div>\n<p><\/a> <\/div>\n<hr class=\"svelte-1wz90hp\"> <\/aside>\n<aside class=\"BounceArticle svelte-1wz90hp\">\n<p>\u00c0 lire aussi<\/p>\n<div class=\"BounceArticle-wrapper svelte-1wz90hp\"><a class=\"Link g-link-m svelte-q3rhvf\" href=\"https:\/\/www.francebleu.fr\/infos\/faits-divers-justice\/un-accident-de-chasse-mortel-a-gondreville-7402690\" target=\"_blank\" rel=\"nofollow\"><\/p>\n<div class=\"container svelte-1wz90hp\">\n<div class=\"infos svelte-1wz90hp\">\n<p>Le 14\/01\/2024<\/p>\n<p>Un accident de chasse mortel \u00e0 Gondreville, un homme en garde \u00e0 vue<\/p>\n<\/div>\n<\/div>\n<p><\/a> <\/div>\n<hr class=\"svelte-1wz90hp\"> <\/aside>\n<p>accidentdutravail-idf.net vous a pr\u00e9par\u00e9 ce post qui informe du sujet \u00ab\u00a0Association Sportive Huisson-Longueville Essonne\u00a0\u00bb. La chronique se veut g\u00e9n\u00e9r\u00e9e du mieux possible. Vous pouvez utiliser les coordonn\u00e9es indiqu\u00e9es sur le site dans le but d\u2019apporter des explications sur ce post qui parle du th\u00e8me \u00ab\u00a0Association Sportive Huisson-Longueville Essonne\u00a0\u00bb. Le site accidentdutravail-idf.net a pour but de fournir diverses publications sur la th\u00e9matique Association Sportive Huisson-Longueville Essonne diffus\u00e9es sur le net. Il y aura plusieurs articles autour du sujet \u00ab\u00a0Association Sportive Huisson-Longueville Essonne\u00a0\u00bb dans quelques jours, nous vous invitons \u00e0 naviguer sur notre site web \u00e0 plusieurs reprises.<\/p>\n","protected":false},"excerpt":{"rendered":"<p>Le nombre d&rsquo;accidents de chasse est l\u00e9g\u00e8rement reparti \u00e0 la hausse l&rsquo;an dernier, selon l&rsquo;Office fran\u00e7ais de la biodiversit\u00e9 ce jeudi.&nbsp;Sur la saison 2023\/2024, 97 accidents de chasse ont \u00e9t\u00e9 recens\u00e9s, contre 78 l&rsquo;an dernier, dont six mortels, uniquement parmi les chasseurs. La tendance reste toutefois clairement \u00e0 la baisse. L&rsquo;OFB note notamment une \u00ab\u00a0augmentation &hellip; <\/p>\n<p class=\"link-more\"><a href=\"https:\/\/www.accidentdutravail-idf.net\/blog\/les-accidents-de-chasse-en-legere-hausse-cette-saison-le-nombre-de-deces-reste-stable\/\" class=\"more-link\">Continuer la lecture <span class=\"screen-reader-text\"> \u00ab\u00a0Les accidents de chasse en l\u00e9g\u00e8re hausse cette saison, le nombre de d\u00e9c\u00e8s reste stable\u00a0\u00bb<\/span><\/a><\/p>\n","protected":false},"author":2,"featured_media":0,"comment_status":"closed","ping_status":"closed","sticky":false,"template":"","format":"standard","meta":{"footnotes":""},"categories":[5],"tags":[],"class_list":["post-605","post","type-post","status-publish","format-standard","hentry","category-securite-du-travail-en-ile-de-france-et-divers","entry"],"yoast_head":"<!-- This site is optimized with the Yoast SEO plugin v27.5 - https:\/\/yoast.com\/product\/yoast-seo-wordpress\/ -->\n<title>Les accidents de chasse en l\u00e9g\u00e8re hausse cette saison, le nombre de d\u00e9c\u00e8s reste stable - ACCIDENTDUTRAVAIL-IDF<\/title>\n<meta name=\"description\" content=\"Les accidents de chasse en l\u00e9g\u00e8re hausse cette saison, le nombre de d\u00e9c\u00e8s reste stable article de ACCIDENTDUTRAVAIL-IDF\" \/>\n<meta name=\"robots\" content=\"index, follow, max-snippet:-1, max-image-preview:large, max-video-preview:-1\" \/>\n<link rel=\"canonical\" href=\"https:\/\/www.accidentdutravail-idf.net\/blog\/les-accidents-de-chasse-en-legere-hausse-cette-saison-le-nombre-de-deces-reste-stable\/\" \/>\n<meta property=\"og:locale\" content=\"fr_FR\" \/>\n<meta property=\"og:type\" content=\"article\" \/>\n<meta property=\"og:title\" content=\"Les accidents de chasse en l\u00e9g\u00e8re hausse cette saison, le nombre de d\u00e9c\u00e8s reste stable - ACCIDENTDUTRAVAIL-IDF\" \/>\n<meta property=\"og:description\" content=\"Les accidents de chasse en l\u00e9g\u00e8re hausse cette saison, le nombre de d\u00e9c\u00e8s reste stable article de ACCIDENTDUTRAVAIL-IDF\" \/>\n<meta property=\"og:url\" content=\"https:\/\/www.accidentdutravail-idf.net\/blog\/les-accidents-de-chasse-en-legere-hausse-cette-saison-le-nombre-de-deces-reste-stable\/\" \/>\n<meta property=\"og:site_name\" content=\"ACCIDENTDUTRAVAIL-IDF\" \/>\n<meta property=\"article:published_time\" content=\"2024-07-25T08:07:00+00:00\" \/>\n<meta property=\"og:image\" content=\"https:\/\/www.francebleu.fr\/client\/immutable\/assets\/logo-ici-sad.C8Ts0-h1.svg\" \/>\n<meta name=\"author\" content=\"Carlos Poulain\" \/>\n<meta name=\"twitter:card\" content=\"summary_large_image\" \/>\n<meta name=\"twitter:label1\" content=\"\u00c9crit par\" \/>\n\t<meta name=\"twitter:data1\" content=\"Carlos Poulain\" \/>\n\t<meta name=\"twitter:label2\" content=\"Dur\u00e9e de lecture estim\u00e9e\" \/>\n\t<meta name=\"twitter:data2\" content=\"3 minutes\" \/>\n<script type=\"application\/ld+json\" class=\"yoast-schema-graph\">{\"@context\":\"https:\\\/\\\/schema.org\",\"@graph\":[{\"@type\":\"Article\",\"@id\":\"https:\\\/\\\/www.accidentdutravail-idf.net\\\/blog\\\/les-accidents-de-chasse-en-legere-hausse-cette-saison-le-nombre-de-deces-reste-stable\\\/#article\",\"isPartOf\":{\"@id\":\"https:\\\/\\\/www.accidentdutravail-idf.net\\\/blog\\\/les-accidents-de-chasse-en-legere-hausse-cette-saison-le-nombre-de-deces-reste-stable\\\/\"},\"author\":{\"name\":\"Carlos Poulain\",\"@id\":\"https:\\\/\\\/www.accidentdutravail-idf.net\\\/blog\\\/#\\\/schema\\\/person\\\/3255d2f970de45e64bd9201f38e7b947\"},\"headline\":\"Les accidents de chasse en l\u00e9g\u00e8re hausse cette saison, le nombre de d\u00e9c\u00e8s reste stable\",\"datePublished\":\"2024-07-25T08:07:00+00:00\",\"mainEntityOfPage\":{\"@id\":\"https:\\\/\\\/www.accidentdutravail-idf.net\\\/blog\\\/les-accidents-de-chasse-en-legere-hausse-cette-saison-le-nombre-de-deces-reste-stable\\\/\"},\"wordCount\":611,\"publisher\":{\"@id\":\"https:\\\/\\\/www.accidentdutravail-idf.net\\\/blog\\\/#organization\"},\"image\":{\"@id\":\"https:\\\/\\\/www.accidentdutravail-idf.net\\\/blog\\\/les-accidents-de-chasse-en-legere-hausse-cette-saison-le-nombre-de-deces-reste-stable\\\/#primaryimage\"},\"thumbnailUrl\":\"https:\\\/\\\/www.francebleu.fr\\\/client\\\/immutable\\\/assets\\\/logo-ici-sad.C8Ts0-h1.svg\",\"articleSection\":[\"S\u00e9curit\u00e9 Du Travail En Ile-De-France Et Divers:\"],\"inLanguage\":\"fr-FR\"},{\"@type\":\"WebPage\",\"@id\":\"https:\\\/\\\/www.accidentdutravail-idf.net\\\/blog\\\/les-accidents-de-chasse-en-legere-hausse-cette-saison-le-nombre-de-deces-reste-stable\\\/\",\"url\":\"https:\\\/\\\/www.accidentdutravail-idf.net\\\/blog\\\/les-accidents-de-chasse-en-legere-hausse-cette-saison-le-nombre-de-deces-reste-stable\\\/\",\"name\":\"Les accidents de chasse en l\u00e9g\u00e8re hausse cette saison, le nombre de d\u00e9c\u00e8s reste stable - ACCIDENTDUTRAVAIL-IDF\",\"isPartOf\":{\"@id\":\"https:\\\/\\\/www.accidentdutravail-idf.net\\\/blog\\\/#website\"},\"primaryImageOfPage\":{\"@id\":\"https:\\\/\\\/www.accidentdutravail-idf.net\\\/blog\\\/les-accidents-de-chasse-en-legere-hausse-cette-saison-le-nombre-de-deces-reste-stable\\\/#primaryimage\"},\"image\":{\"@id\":\"https:\\\/\\\/www.accidentdutravail-idf.net\\\/blog\\\/les-accidents-de-chasse-en-legere-hausse-cette-saison-le-nombre-de-deces-reste-stable\\\/#primaryimage\"},\"thumbnailUrl\":\"https:\\\/\\\/www.francebleu.fr\\\/client\\\/immutable\\\/assets\\\/logo-ici-sad.C8Ts0-h1.svg\",\"datePublished\":\"2024-07-25T08:07:00+00:00\",\"description\":\"Les accidents de chasse en l\u00e9g\u00e8re hausse cette saison, le nombre de d\u00e9c\u00e8s reste stable article de ACCIDENTDUTRAVAIL-IDF\",\"breadcrumb\":{\"@id\":\"https:\\\/\\\/www.accidentdutravail-idf.net\\\/blog\\\/les-accidents-de-chasse-en-legere-hausse-cette-saison-le-nombre-de-deces-reste-stable\\\/#breadcrumb\"},\"inLanguage\":\"fr-FR\",\"potentialAction\":[{\"@type\":\"ReadAction\",\"target\":[\"https:\\\/\\\/www.accidentdutravail-idf.net\\\/blog\\\/les-accidents-de-chasse-en-legere-hausse-cette-saison-le-nombre-de-deces-reste-stable\\\/\"]}]},{\"@type\":\"ImageObject\",\"inLanguage\":\"fr-FR\",\"@id\":\"https:\\\/\\\/www.accidentdutravail-idf.net\\\/blog\\\/les-accidents-de-chasse-en-legere-hausse-cette-saison-le-nombre-de-deces-reste-stable\\\/#primaryimage\",\"url\":\"https:\\\/\\\/www.francebleu.fr\\\/client\\\/immutable\\\/assets\\\/logo-ici-sad.C8Ts0-h1.svg\",\"contentUrl\":\"https:\\\/\\\/www.francebleu.fr\\\/client\\\/immutable\\\/assets\\\/logo-ici-sad.C8Ts0-h1.svg\"},{\"@type\":\"BreadcrumbList\",\"@id\":\"https:\\\/\\\/www.accidentdutravail-idf.net\\\/blog\\\/les-accidents-de-chasse-en-legere-hausse-cette-saison-le-nombre-de-deces-reste-stable\\\/#breadcrumb\",\"itemListElement\":[{\"@type\":\"ListItem\",\"position\":1,\"name\":\"Accueil\",\"item\":\"https:\\\/\\\/www.accidentdutravail-idf.net\\\/blog\\\/\"},{\"@type\":\"ListItem\",\"position\":2,\"name\":\"Les accidents de chasse en l\u00e9g\u00e8re hausse cette saison, le nombre de d\u00e9c\u00e8s reste stable\"}]},{\"@type\":\"WebSite\",\"@id\":\"https:\\\/\\\/www.accidentdutravail-idf.net\\\/blog\\\/#website\",\"url\":\"https:\\\/\\\/www.accidentdutravail-idf.net\\\/blog\\\/\",\"name\":\"ACCIDENTDUTRAVAIL-IDF\",\"description\":\"Portail accidents du travail-maladies professionnelles des entreprises d&#039;Ile-de-France\",\"publisher\":{\"@id\":\"https:\\\/\\\/www.accidentdutravail-idf.net\\\/blog\\\/#organization\"},\"potentialAction\":[{\"@type\":\"SearchAction\",\"target\":{\"@type\":\"EntryPoint\",\"urlTemplate\":\"https:\\\/\\\/www.accidentdutravail-idf.net\\\/blog\\\/?s={search_term_string}\"},\"query-input\":{\"@type\":\"PropertyValueSpecification\",\"valueRequired\":true,\"valueName\":\"search_term_string\"}}],\"inLanguage\":\"fr-FR\"},{\"@type\":\"Organization\",\"@id\":\"https:\\\/\\\/www.accidentdutravail-idf.net\\\/blog\\\/#organization\",\"name\":\"accidentdutravail-idf\",\"url\":\"https:\\\/\\\/www.accidentdutravail-idf.net\\\/blog\\\/\",\"logo\":{\"@type\":\"ImageObject\",\"inLanguage\":\"fr-FR\",\"@id\":\"https:\\\/\\\/www.accidentdutravail-idf.net\\\/blog\\\/#\\\/schema\\\/logo\\\/image\\\/\",\"url\":\"https:\\\/\\\/www.accidentdutravail-idf.net\\\/blog\\\/wp-content\\\/uploads\\\/2022\\\/09\\\/logo-2.png\",\"contentUrl\":\"https:\\\/\\\/www.accidentdutravail-idf.net\\\/blog\\\/wp-content\\\/uploads\\\/2022\\\/09\\\/logo-2.png\",\"width\":380,\"height\":291,\"caption\":\"accidentdutravail-idf\"},\"image\":{\"@id\":\"https:\\\/\\\/www.accidentdutravail-idf.net\\\/blog\\\/#\\\/schema\\\/logo\\\/image\\\/\"}},{\"@type\":\"Person\",\"@id\":\"https:\\\/\\\/www.accidentdutravail-idf.net\\\/blog\\\/#\\\/schema\\\/person\\\/3255d2f970de45e64bd9201f38e7b947\",\"name\":\"Carlos Poulain\",\"image\":{\"@type\":\"ImageObject\",\"inLanguage\":\"fr-FR\",\"@id\":\"https:\\\/\\\/secure.gravatar.com\\\/avatar\\\/b1c2f9d3588e34e91adb093635df64ef4b2381991216be7576466cfcdca4baf3?s=96&d=mm&r=g\",\"url\":\"https:\\\/\\\/secure.gravatar.com\\\/avatar\\\/b1c2f9d3588e34e91adb093635df64ef4b2381991216be7576466cfcdca4baf3?s=96&d=mm&r=g\",\"contentUrl\":\"https:\\\/\\\/secure.gravatar.com\\\/avatar\\\/b1c2f9d3588e34e91adb093635df64ef4b2381991216be7576466cfcdca4baf3?s=96&d=mm&r=g\",\"caption\":\"Carlos Poulain\"},\"url\":\"https:\\\/\\\/www.accidentdutravail-idf.net\\\/blog\\\/author\\\/idfcarlos\\\/\"}]}<\/script>\n<!-- \/ Yoast SEO plugin. -->","yoast_head_json":{"title":"Les accidents de chasse en l\u00e9g\u00e8re hausse cette saison, le nombre de d\u00e9c\u00e8s reste stable - ACCIDENTDUTRAVAIL-IDF","description":"Les accidents de chasse en l\u00e9g\u00e8re hausse cette saison, le nombre de d\u00e9c\u00e8s reste stable article de ACCIDENTDUTRAVAIL-IDF","robots":{"index":"index","follow":"follow","max-snippet":"max-snippet:-1","max-image-preview":"max-image-preview:large","max-video-preview":"max-video-preview:-1"},"canonical":"https:\/\/www.accidentdutravail-idf.net\/blog\/les-accidents-de-chasse-en-legere-hausse-cette-saison-le-nombre-de-deces-reste-stable\/","og_locale":"fr_FR","og_type":"article","og_title":"Les accidents de chasse en l\u00e9g\u00e8re hausse cette saison, le nombre de d\u00e9c\u00e8s reste stable - ACCIDENTDUTRAVAIL-IDF","og_description":"Les accidents de chasse en l\u00e9g\u00e8re hausse cette saison, le nombre de d\u00e9c\u00e8s reste stable article de ACCIDENTDUTRAVAIL-IDF","og_url":"https:\/\/www.accidentdutravail-idf.net\/blog\/les-accidents-de-chasse-en-legere-hausse-cette-saison-le-nombre-de-deces-reste-stable\/","og_site_name":"ACCIDENTDUTRAVAIL-IDF","article_published_time":"2024-07-25T08:07:00+00:00","og_image":[{"url":"https:\/\/www.francebleu.fr\/client\/immutable\/assets\/logo-ici-sad.C8Ts0-h1.svg","type":"","width":"","height":""}],"author":"Carlos Poulain","twitter_card":"summary_large_image","twitter_misc":{"\u00c9crit par":"Carlos Poulain","Dur\u00e9e de lecture estim\u00e9e":"3 minutes"},"schema":{"@context":"https:\/\/schema.org","@graph":[{"@type":"Article","@id":"https:\/\/www.accidentdutravail-idf.net\/blog\/les-accidents-de-chasse-en-legere-hausse-cette-saison-le-nombre-de-deces-reste-stable\/#article","isPartOf":{"@id":"https:\/\/www.accidentdutravail-idf.net\/blog\/les-accidents-de-chasse-en-legere-hausse-cette-saison-le-nombre-de-deces-reste-stable\/"},"author":{"name":"Carlos Poulain","@id":"https:\/\/www.accidentdutravail-idf.net\/blog\/#\/schema\/person\/3255d2f970de45e64bd9201f38e7b947"},"headline":"Les accidents de chasse en l\u00e9g\u00e8re hausse cette saison, le nombre de d\u00e9c\u00e8s reste stable","datePublished":"2024-07-25T08:07:00+00:00","mainEntityOfPage":{"@id":"https:\/\/www.accidentdutravail-idf.net\/blog\/les-accidents-de-chasse-en-legere-hausse-cette-saison-le-nombre-de-deces-reste-stable\/"},"wordCount":611,"publisher":{"@id":"https:\/\/www.accidentdutravail-idf.net\/blog\/#organization"},"image":{"@id":"https:\/\/www.accidentdutravail-idf.net\/blog\/les-accidents-de-chasse-en-legere-hausse-cette-saison-le-nombre-de-deces-reste-stable\/#primaryimage"},"thumbnailUrl":"https:\/\/www.francebleu.fr\/client\/immutable\/assets\/logo-ici-sad.C8Ts0-h1.svg","articleSection":["S\u00e9curit\u00e9 Du Travail En Ile-De-France Et Divers:"],"inLanguage":"fr-FR"},{"@type":"WebPage","@id":"https:\/\/www.accidentdutravail-idf.net\/blog\/les-accidents-de-chasse-en-legere-hausse-cette-saison-le-nombre-de-deces-reste-stable\/","url":"https:\/\/www.accidentdutravail-idf.net\/blog\/les-accidents-de-chasse-en-legere-hausse-cette-saison-le-nombre-de-deces-reste-stable\/","name":"Les accidents de chasse en l\u00e9g\u00e8re hausse cette saison, le nombre de d\u00e9c\u00e8s reste stable - ACCIDENTDUTRAVAIL-IDF","isPartOf":{"@id":"https:\/\/www.accidentdutravail-idf.net\/blog\/#website"},"primaryImageOfPage":{"@id":"https:\/\/www.accidentdutravail-idf.net\/blog\/les-accidents-de-chasse-en-legere-hausse-cette-saison-le-nombre-de-deces-reste-stable\/#primaryimage"},"image":{"@id":"https:\/\/www.accidentdutravail-idf.net\/blog\/les-accidents-de-chasse-en-legere-hausse-cette-saison-le-nombre-de-deces-reste-stable\/#primaryimage"},"thumbnailUrl":"https:\/\/www.francebleu.fr\/client\/immutable\/assets\/logo-ici-sad.C8Ts0-h1.svg","datePublished":"2024-07-25T08:07:00+00:00","description":"Les accidents de chasse en l\u00e9g\u00e8re hausse cette saison, le nombre de d\u00e9c\u00e8s reste stable article de ACCIDENTDUTRAVAIL-IDF","breadcrumb":{"@id":"https:\/\/www.accidentdutravail-idf.net\/blog\/les-accidents-de-chasse-en-legere-hausse-cette-saison-le-nombre-de-deces-reste-stable\/#breadcrumb"},"inLanguage":"fr-FR","potentialAction":[{"@type":"ReadAction","target":["https:\/\/www.accidentdutravail-idf.net\/blog\/les-accidents-de-chasse-en-legere-hausse-cette-saison-le-nombre-de-deces-reste-stable\/"]}]},{"@type":"ImageObject","inLanguage":"fr-FR","@id":"https:\/\/www.accidentdutravail-idf.net\/blog\/les-accidents-de-chasse-en-legere-hausse-cette-saison-le-nombre-de-deces-reste-stable\/#primaryimage","url":"https:\/\/www.francebleu.fr\/client\/immutable\/assets\/logo-ici-sad.C8Ts0-h1.svg","contentUrl":"https:\/\/www.francebleu.fr\/client\/immutable\/assets\/logo-ici-sad.C8Ts0-h1.svg"},{"@type":"BreadcrumbList","@id":"https:\/\/www.accidentdutravail-idf.net\/blog\/les-accidents-de-chasse-en-legere-hausse-cette-saison-le-nombre-de-deces-reste-stable\/#breadcrumb","itemListElement":[{"@type":"ListItem","position":1,"name":"Accueil","item":"https:\/\/www.accidentdutravail-idf.net\/blog\/"},{"@type":"ListItem","position":2,"name":"Les accidents de chasse en l\u00e9g\u00e8re hausse cette saison, le nombre de d\u00e9c\u00e8s reste stable"}]},{"@type":"WebSite","@id":"https:\/\/www.accidentdutravail-idf.net\/blog\/#website","url":"https:\/\/www.accidentdutravail-idf.net\/blog\/","name":"ACCIDENTDUTRAVAIL-IDF","description":"Portail accidents du travail-maladies professionnelles des entreprises d&#039;Ile-de-France","publisher":{"@id":"https:\/\/www.accidentdutravail-idf.net\/blog\/#organization"},"potentialAction":[{"@type":"SearchAction","target":{"@type":"EntryPoint","urlTemplate":"https:\/\/www.accidentdutravail-idf.net\/blog\/?s={search_term_string}"},"query-input":{"@type":"PropertyValueSpecification","valueRequired":true,"valueName":"search_term_string"}}],"inLanguage":"fr-FR"},{"@type":"Organization","@id":"https:\/\/www.accidentdutravail-idf.net\/blog\/#organization","name":"accidentdutravail-idf","url":"https:\/\/www.accidentdutravail-idf.net\/blog\/","logo":{"@type":"ImageObject","inLanguage":"fr-FR","@id":"https:\/\/www.accidentdutravail-idf.net\/blog\/#\/schema\/logo\/image\/","url":"https:\/\/www.accidentdutravail-idf.net\/blog\/wp-content\/uploads\/2022\/09\/logo-2.png","contentUrl":"https:\/\/www.accidentdutravail-idf.net\/blog\/wp-content\/uploads\/2022\/09\/logo-2.png","width":380,"height":291,"caption":"accidentdutravail-idf"},"image":{"@id":"https:\/\/www.accidentdutravail-idf.net\/blog\/#\/schema\/logo\/image\/"}},{"@type":"Person","@id":"https:\/\/www.accidentdutravail-idf.net\/blog\/#\/schema\/person\/3255d2f970de45e64bd9201f38e7b947","name":"Carlos Poulain","image":{"@type":"ImageObject","inLanguage":"fr-FR","@id":"https:\/\/secure.gravatar.com\/avatar\/b1c2f9d3588e34e91adb093635df64ef4b2381991216be7576466cfcdca4baf3?s=96&d=mm&r=g","url":"https:\/\/secure.gravatar.com\/avatar\/b1c2f9d3588e34e91adb093635df64ef4b2381991216be7576466cfcdca4baf3?s=96&d=mm&r=g","contentUrl":"https:\/\/secure.gravatar.com\/avatar\/b1c2f9d3588e34e91adb093635df64ef4b2381991216be7576466cfcdca4baf3?s=96&d=mm&r=g","caption":"Carlos Poulain"},"url":"https:\/\/www.accidentdutravail-idf.net\/blog\/author\/idfcarlos\/"}]}},"_links":{"self":[{"href":"https:\/\/www.accidentdutravail-idf.net\/blog\/wp-json\/wp\/v2\/posts\/605","targetHints":{"allow":["GET"]}}],"collection":[{"href":"https:\/\/www.accidentdutravail-idf.net\/blog\/wp-json\/wp\/v2\/posts"}],"about":[{"href":"https:\/\/www.accidentdutravail-idf.net\/blog\/wp-json\/wp\/v2\/types\/post"}],"author":[{"embeddable":true,"href":"https:\/\/www.accidentdutravail-idf.net\/blog\/wp-json\/wp\/v2\/users\/2"}],"replies":[{"embeddable":true,"href":"https:\/\/www.accidentdutravail-idf.net\/blog\/wp-json\/wp\/v2\/comments?post=605"}],"version-history":[{"count":0,"href":"https:\/\/www.accidentdutravail-idf.net\/blog\/wp-json\/wp\/v2\/posts\/605\/revisions"}],"wp:attachment":[{"href":"https:\/\/www.accidentdutravail-idf.net\/blog\/wp-json\/wp\/v2\/media?parent=605"}],"wp:term":[{"taxonomy":"category","embeddable":true,"href":"https:\/\/www.accidentdutravail-idf.net\/blog\/wp-json\/wp\/v2\/categories?post=605"},{"taxonomy":"post_tag","embeddable":true,"href":"https:\/\/www.accidentdutravail-idf.net\/blog\/wp-json\/wp\/v2\/tags?post=605"}],"curies":[{"name":"wp","href":"https:\/\/api.w.org\/{rel}","templated":true}]}}