{"id":600,"date":"2024-07-25T09:53:00","date_gmt":"2024-07-25T07:53:00","guid":{"rendered":"https:\/\/www.accidentdutravail-idf.net\/blog\/lorraine-coince-dans-une-machine-un-homme-de-58-ans-meurt-sur-son-lieu-de-travail\/"},"modified":"2024-07-25T09:53:00","modified_gmt":"2024-07-25T07:53:00","slug":"lorraine-coince-dans-une-machine-un-homme-de-58-ans-meurt-sur-son-lieu-de-travail","status":"publish","type":"post","link":"https:\/\/www.accidentdutravail-idf.net\/blog\/lorraine-coince-dans-une-machine-un-homme-de-58-ans-meurt-sur-son-lieu-de-travail\/","title":{"rendered":"Lorraine : coinc\u00e9 dans une machine, un homme de 58 ans meurt sur son lieu de travail"},"content":{"rendered":"<div><img decoding=\"async\" src=\"https:\/\/www.accidentdutravail-idf.net\/blog\/wp-content\/uploads\/2024\/07\/lorraine-coince-dans-une-machine-un-homme-de-58-ans-meurt-sur-son-lieu-de-travail.jpg\" class=\"ff-og-image-inserted\"><\/div>\n<div class=\"ac-article-date\"> Par <strong> <a href=\"https:\/\/actu.fr\/auteur\/pierre-emile-bouchy-actu-fr\" title=\"Consulter tous les articles de Paul-Emile Bouchy\" rel=\"nofollow\" target=\"_blank\">Paul-Emile Bouchy<\/a> <\/strong> <span> Publi\u00e9 le  25 juil. 2024 \u00e0 16h53  <\/span>\n<\/div>\n<div class=\"ac-article-follow\"> <a href=\"https:\/\/actu.fr\/mon-actu\" class=\"ac-article-follow__link\" rel=\"nofollow\" data-trk=\"{&quot;cta&quot;:{&quot;action&quot;:&quot;https:\\\/\\\/actu.fr\\\/mon-actu&quot;,&quot;category&quot;:&quot;mon compte&quot;,&quot;from&quot;:&quot;article header&quot;,&quot;name&quot;:&quot;Voir mon actu&quot;,&quot;type&quot;:&quot;cta&quot;}}\" target=\"_blank\">Voir mon actu<\/a> <button type=\"button\" class=\"ac-btn ac-btn--mini ac-btn--blue ac-icon--star-empty\" data-follow=\"Suivre Lorraine Actu\" data-unfollow=\"Retirer\">Suivre Lorraine Actu<\/button>\n<\/div>\n<p>Jeudi 25 juillet, un dramatique accident a eu lieu dans une scierie \u00e0 <strong>Saulxures-sur-Moselotte<\/strong>, dans les <a href=\"https:\/\/actu.fr\/grand-est\/vosges_88\/\" target=\"_blank\" rel=\"nofollow\">Vosges<\/a>, d\u2019apr\u00e8s une information de <a href=\"https:\/\/www.vosgesmatin.fr\/faits-divers-justice\/2024\/07\/25\/un-employe-de-scierie-decede-dans-un-accident-du-travail-a-saulxures-sur-moselotte\" target=\"_blank\" rel=\"nofollow\"><em>Vosges Matin<\/em> <\/a>confirm\u00e9e par <em>Lorraine Actu<\/em>.<\/p>\n<p>Malgr\u00e9 l\u2019intervention des pompiers, <strong>un employ\u00e9 \u00e2g\u00e9 de 58 ans est d\u00e9c\u00e9d\u00e9<\/strong>.<\/p>\n<div class=\"ac-article-to-read\">\n<div class=\"ac-article-to-read\">\n<p>\u00c0 lire aussi<\/p>\n<\/div>\n<\/div>\n<h2>L\u2019homme coinc\u00e9 dans une machine \u00e0 empaqueter<\/h2>\n<p>Les sapeurs-pompiers ont \u00e9t\u00e9 alert\u00e9s ce matin vers 9h20. Selon la gendarmerie des Vosges, l\u2019homme a eu les membres inf\u00e9rieurs sectionn\u00e9s dans une empaqueteuse et \u00e9tait <strong>en arr\u00eat cardio-respiratoire<\/strong> \u00e0 l\u2019arriv\u00e9e des pompiers.<\/p>\n<p>Ils ont tent\u00e9 de le r\u00e9animer. En vain. L\u2019homme a \u00e9t\u00e9 <strong>d\u00e9clar\u00e9 d\u00e9c\u00e9d\u00e9<\/strong> une heure plus tard.<\/p>\n<p>Une enqu\u00eate de gendarmerie a \u00e9t\u00e9 ouverte pour conna\u00eetre les circonstances de l\u2019accident.&nbsp;<\/p>\n<p><i>Suivez toute l\u2019actualit\u00e9 de vos villes et m\u00e9dias favoris en vous inscrivant \u00e0 <a href=\"https:\/\/moncompte.actu.fr\" title=\"D\u00e9couvez Mon Actu\" rel=\"nofollow\" data-trk=\"{&quot;cta&quot;:{&quot;action&quot;:&quot;https:\\\/\\\/moncompte.actu.fr&quot;,&quot;category&quot;:&quot;mon compte&quot;,&quot;from&quot;:&quot;article footer&quot;,&quot;name&quot;:&quot;Mon actu&quot;,&quot;type&quot;:&quot;cta&quot;}}\" target=\"_blank\">Mon Actu<\/a>.<\/i><\/p>\n<p> accidentdutravail-idf.net vous a pr\u00e9par\u00e9 ce post qui informe du sujet \u00ab\u00a0Association Sportive Huisson-Longueville Essonne\u00a0\u00bb. La chronique se veut g\u00e9n\u00e9r\u00e9e du mieux possible. Vous pouvez utiliser les coordonn\u00e9es indiqu\u00e9es sur le site dans le but d\u2019apporter des explications sur ce post qui parle du th\u00e8me \u00ab\u00a0Association Sportive Huisson-Longueville Essonne\u00a0\u00bb. Le site accidentdutravail-idf.net a pour but de fournir diverses publications sur la th\u00e9matique Association Sportive Huisson-Longueville Essonne diffus\u00e9es sur le net. Il y aura plusieurs articles autour du sujet \u00ab\u00a0Association Sportive Huisson-Longueville Essonne\u00a0\u00bb dans quelques jours, nous vous invitons \u00e0 naviguer sur notre site web \u00e0 plusieurs reprises.<\/p>\n","protected":false},"excerpt":{"rendered":"<p>Par Paul-Emile Bouchy Publi\u00e9 le 25 juil. 2024 \u00e0 16h53 Voir mon actu Suivre Lorraine Actu Jeudi 25 juillet, un dramatique accident a eu lieu dans une scierie \u00e0 Saulxures-sur-Moselotte, dans les Vosges, d\u2019apr\u00e8s une information de Vosges Matin confirm\u00e9e par Lorraine Actu. Malgr\u00e9 l\u2019intervention des pompiers, un employ\u00e9 \u00e2g\u00e9 de 58 ans est d\u00e9c\u00e9d\u00e9. &hellip; <\/p>\n<p class=\"link-more\"><a href=\"https:\/\/www.accidentdutravail-idf.net\/blog\/lorraine-coince-dans-une-machine-un-homme-de-58-ans-meurt-sur-son-lieu-de-travail\/\" class=\"more-link\">Continuer la lecture <span class=\"screen-reader-text\"> \u00ab\u00a0Lorraine : coinc\u00e9 dans une machine, un homme de 58 ans meurt sur son lieu de travail\u00a0\u00bb<\/span><\/a><\/p>\n","protected":false},"author":2,"featured_media":0,"comment_status":"closed","ping_status":"closed","sticky":false,"template":"","format":"standard","meta":{"footnotes":""},"categories":[5],"tags":[],"class_list":["post-600","post","type-post","status-publish","format-standard","hentry","category-securite-du-travail-en-ile-de-france-et-divers","entry"],"yoast_head":"<!-- This site is optimized with the Yoast SEO plugin v27.5 - https:\/\/yoast.com\/product\/yoast-seo-wordpress\/ -->\n<title>Lorraine : coinc\u00e9 dans une machine, un homme de 58 ans meurt sur son lieu de travail - ACCIDENTDUTRAVAIL-IDF<\/title>\n<meta name=\"description\" content=\"Lorraine : coinc\u00e9 dans une machine, un homme de 58 ans meurt sur son lieu de travail article de ACCIDENTDUTRAVAIL-IDF\" \/>\n<meta name=\"robots\" content=\"index, follow, max-snippet:-1, max-image-preview:large, max-video-preview:-1\" \/>\n<link rel=\"canonical\" href=\"https:\/\/www.accidentdutravail-idf.net\/blog\/lorraine-coince-dans-une-machine-un-homme-de-58-ans-meurt-sur-son-lieu-de-travail\/\" \/>\n<meta property=\"og:locale\" content=\"fr_FR\" \/>\n<meta property=\"og:type\" content=\"article\" \/>\n<meta property=\"og:title\" content=\"Lorraine : coinc\u00e9 dans une machine, un homme de 58 ans meurt sur son lieu de travail - ACCIDENTDUTRAVAIL-IDF\" \/>\n<meta property=\"og:description\" content=\"Lorraine : coinc\u00e9 dans une machine, un homme de 58 ans meurt sur son lieu de travail article de ACCIDENTDUTRAVAIL-IDF\" \/>\n<meta property=\"og:url\" content=\"https:\/\/www.accidentdutravail-idf.net\/blog\/lorraine-coince-dans-une-machine-un-homme-de-58-ans-meurt-sur-son-lieu-de-travail\/\" \/>\n<meta property=\"og:site_name\" content=\"ACCIDENTDUTRAVAIL-IDF\" \/>\n<meta property=\"article:published_time\" content=\"2024-07-25T07:53:00+00:00\" \/>\n<meta property=\"og:image\" content=\"https:\/\/www.accidentdutravail-idf.net\/blog\/wp-content\/uploads\/2024\/07\/lorraine-coince-dans-une-machine-un-homme-de-58-ans-meurt-sur-son-lieu-de-travail.jpg\" \/>\n<meta name=\"author\" content=\"Carlos Poulain\" \/>\n<meta name=\"twitter:card\" content=\"summary_large_image\" \/>\n<meta name=\"twitter:label1\" content=\"\u00c9crit par\" \/>\n\t<meta name=\"twitter:data1\" content=\"Carlos Poulain\" \/>\n\t<meta name=\"twitter:label2\" content=\"Dur\u00e9e de lecture estim\u00e9e\" \/>\n\t<meta name=\"twitter:data2\" content=\"1 minute\" \/>\n<script type=\"application\/ld+json\" class=\"yoast-schema-graph\">{\"@context\":\"https:\\\/\\\/schema.org\",\"@graph\":[{\"@type\":\"Article\",\"@id\":\"https:\\\/\\\/www.accidentdutravail-idf.net\\\/blog\\\/lorraine-coince-dans-une-machine-un-homme-de-58-ans-meurt-sur-son-lieu-de-travail\\\/#article\",\"isPartOf\":{\"@id\":\"https:\\\/\\\/www.accidentdutravail-idf.net\\\/blog\\\/lorraine-coince-dans-une-machine-un-homme-de-58-ans-meurt-sur-son-lieu-de-travail\\\/\"},\"author\":{\"name\":\"Carlos Poulain\",\"@id\":\"https:\\\/\\\/www.accidentdutravail-idf.net\\\/blog\\\/#\\\/schema\\\/person\\\/3255d2f970de45e64bd9201f38e7b947\"},\"headline\":\"Lorraine : coinc\u00e9 dans une machine, un homme de 58 ans meurt sur son lieu de travail\",\"datePublished\":\"2024-07-25T07:53:00+00:00\",\"mainEntityOfPage\":{\"@id\":\"https:\\\/\\\/www.accidentdutravail-idf.net\\\/blog\\\/lorraine-coince-dans-une-machine-un-homme-de-58-ans-meurt-sur-son-lieu-de-travail\\\/\"},\"wordCount\":279,\"publisher\":{\"@id\":\"https:\\\/\\\/www.accidentdutravail-idf.net\\\/blog\\\/#organization\"},\"image\":{\"@id\":\"https:\\\/\\\/www.accidentdutravail-idf.net\\\/blog\\\/lorraine-coince-dans-une-machine-un-homme-de-58-ans-meurt-sur-son-lieu-de-travail\\\/#primaryimage\"},\"thumbnailUrl\":\"https:\\\/\\\/www.accidentdutravail-idf.net\\\/blog\\\/wp-content\\\/uploads\\\/2024\\\/07\\\/lorraine-coince-dans-une-machine-un-homme-de-58-ans-meurt-sur-son-lieu-de-travail.jpg\",\"articleSection\":[\"S\u00e9curit\u00e9 Du Travail En Ile-De-France Et Divers:\"],\"inLanguage\":\"fr-FR\"},{\"@type\":\"WebPage\",\"@id\":\"https:\\\/\\\/www.accidentdutravail-idf.net\\\/blog\\\/lorraine-coince-dans-une-machine-un-homme-de-58-ans-meurt-sur-son-lieu-de-travail\\\/\",\"url\":\"https:\\\/\\\/www.accidentdutravail-idf.net\\\/blog\\\/lorraine-coince-dans-une-machine-un-homme-de-58-ans-meurt-sur-son-lieu-de-travail\\\/\",\"name\":\"Lorraine : coinc\u00e9 dans une machine, un homme de 58 ans meurt sur son lieu de travail - ACCIDENTDUTRAVAIL-IDF\",\"isPartOf\":{\"@id\":\"https:\\\/\\\/www.accidentdutravail-idf.net\\\/blog\\\/#website\"},\"primaryImageOfPage\":{\"@id\":\"https:\\\/\\\/www.accidentdutravail-idf.net\\\/blog\\\/lorraine-coince-dans-une-machine-un-homme-de-58-ans-meurt-sur-son-lieu-de-travail\\\/#primaryimage\"},\"image\":{\"@id\":\"https:\\\/\\\/www.accidentdutravail-idf.net\\\/blog\\\/lorraine-coince-dans-une-machine-un-homme-de-58-ans-meurt-sur-son-lieu-de-travail\\\/#primaryimage\"},\"thumbnailUrl\":\"https:\\\/\\\/www.accidentdutravail-idf.net\\\/blog\\\/wp-content\\\/uploads\\\/2024\\\/07\\\/lorraine-coince-dans-une-machine-un-homme-de-58-ans-meurt-sur-son-lieu-de-travail.jpg\",\"datePublished\":\"2024-07-25T07:53:00+00:00\",\"description\":\"Lorraine : coinc\u00e9 dans une machine, un homme de 58 ans meurt sur son lieu de travail article de ACCIDENTDUTRAVAIL-IDF\",\"breadcrumb\":{\"@id\":\"https:\\\/\\\/www.accidentdutravail-idf.net\\\/blog\\\/lorraine-coince-dans-une-machine-un-homme-de-58-ans-meurt-sur-son-lieu-de-travail\\\/#breadcrumb\"},\"inLanguage\":\"fr-FR\",\"potentialAction\":[{\"@type\":\"ReadAction\",\"target\":[\"https:\\\/\\\/www.accidentdutravail-idf.net\\\/blog\\\/lorraine-coince-dans-une-machine-un-homme-de-58-ans-meurt-sur-son-lieu-de-travail\\\/\"]}]},{\"@type\":\"ImageObject\",\"inLanguage\":\"fr-FR\",\"@id\":\"https:\\\/\\\/www.accidentdutravail-idf.net\\\/blog\\\/lorraine-coince-dans-une-machine-un-homme-de-58-ans-meurt-sur-son-lieu-de-travail\\\/#primaryimage\",\"url\":\"https:\\\/\\\/www.accidentdutravail-idf.net\\\/blog\\\/wp-content\\\/uploads\\\/2024\\\/07\\\/lorraine-coince-dans-une-machine-un-homme-de-58-ans-meurt-sur-son-lieu-de-travail.jpg\",\"contentUrl\":\"https:\\\/\\\/www.accidentdutravail-idf.net\\\/blog\\\/wp-content\\\/uploads\\\/2024\\\/07\\\/lorraine-coince-dans-une-machine-un-homme-de-58-ans-meurt-sur-son-lieu-de-travail.jpg\"},{\"@type\":\"BreadcrumbList\",\"@id\":\"https:\\\/\\\/www.accidentdutravail-idf.net\\\/blog\\\/lorraine-coince-dans-une-machine-un-homme-de-58-ans-meurt-sur-son-lieu-de-travail\\\/#breadcrumb\",\"itemListElement\":[{\"@type\":\"ListItem\",\"position\":1,\"name\":\"Accueil\",\"item\":\"https:\\\/\\\/www.accidentdutravail-idf.net\\\/blog\\\/\"},{\"@type\":\"ListItem\",\"position\":2,\"name\":\"Lorraine : coinc\u00e9 dans une machine, un homme de 58 ans meurt sur son lieu de travail\"}]},{\"@type\":\"WebSite\",\"@id\":\"https:\\\/\\\/www.accidentdutravail-idf.net\\\/blog\\\/#website\",\"url\":\"https:\\\/\\\/www.accidentdutravail-idf.net\\\/blog\\\/\",\"name\":\"ACCIDENTDUTRAVAIL-IDF\",\"description\":\"Portail accidents du travail-maladies professionnelles des entreprises d&#039;Ile-de-France\",\"publisher\":{\"@id\":\"https:\\\/\\\/www.accidentdutravail-idf.net\\\/blog\\\/#organization\"},\"potentialAction\":[{\"@type\":\"SearchAction\",\"target\":{\"@type\":\"EntryPoint\",\"urlTemplate\":\"https:\\\/\\\/www.accidentdutravail-idf.net\\\/blog\\\/?s={search_term_string}\"},\"query-input\":{\"@type\":\"PropertyValueSpecification\",\"valueRequired\":true,\"valueName\":\"search_term_string\"}}],\"inLanguage\":\"fr-FR\"},{\"@type\":\"Organization\",\"@id\":\"https:\\\/\\\/www.accidentdutravail-idf.net\\\/blog\\\/#organization\",\"name\":\"accidentdutravail-idf\",\"url\":\"https:\\\/\\\/www.accidentdutravail-idf.net\\\/blog\\\/\",\"logo\":{\"@type\":\"ImageObject\",\"inLanguage\":\"fr-FR\",\"@id\":\"https:\\\/\\\/www.accidentdutravail-idf.net\\\/blog\\\/#\\\/schema\\\/logo\\\/image\\\/\",\"url\":\"https:\\\/\\\/www.accidentdutravail-idf.net\\\/blog\\\/wp-content\\\/uploads\\\/2022\\\/09\\\/logo-2.png\",\"contentUrl\":\"https:\\\/\\\/www.accidentdutravail-idf.net\\\/blog\\\/wp-content\\\/uploads\\\/2022\\\/09\\\/logo-2.png\",\"width\":380,\"height\":291,\"caption\":\"accidentdutravail-idf\"},\"image\":{\"@id\":\"https:\\\/\\\/www.accidentdutravail-idf.net\\\/blog\\\/#\\\/schema\\\/logo\\\/image\\\/\"}},{\"@type\":\"Person\",\"@id\":\"https:\\\/\\\/www.accidentdutravail-idf.net\\\/blog\\\/#\\\/schema\\\/person\\\/3255d2f970de45e64bd9201f38e7b947\",\"name\":\"Carlos Poulain\",\"image\":{\"@type\":\"ImageObject\",\"inLanguage\":\"fr-FR\",\"@id\":\"https:\\\/\\\/secure.gravatar.com\\\/avatar\\\/b1c2f9d3588e34e91adb093635df64ef4b2381991216be7576466cfcdca4baf3?s=96&d=mm&r=g\",\"url\":\"https:\\\/\\\/secure.gravatar.com\\\/avatar\\\/b1c2f9d3588e34e91adb093635df64ef4b2381991216be7576466cfcdca4baf3?s=96&d=mm&r=g\",\"contentUrl\":\"https:\\\/\\\/secure.gravatar.com\\\/avatar\\\/b1c2f9d3588e34e91adb093635df64ef4b2381991216be7576466cfcdca4baf3?s=96&d=mm&r=g\",\"caption\":\"Carlos Poulain\"},\"url\":\"https:\\\/\\\/www.accidentdutravail-idf.net\\\/blog\\\/author\\\/idfcarlos\\\/\"}]}<\/script>\n<!-- \/ Yoast SEO plugin. -->","yoast_head_json":{"title":"Lorraine : coinc\u00e9 dans une machine, un homme de 58 ans meurt sur son lieu de travail - ACCIDENTDUTRAVAIL-IDF","description":"Lorraine : coinc\u00e9 dans une machine, un homme de 58 ans meurt sur son lieu de travail article de ACCIDENTDUTRAVAIL-IDF","robots":{"index":"index","follow":"follow","max-snippet":"max-snippet:-1","max-image-preview":"max-image-preview:large","max-video-preview":"max-video-preview:-1"},"canonical":"https:\/\/www.accidentdutravail-idf.net\/blog\/lorraine-coince-dans-une-machine-un-homme-de-58-ans-meurt-sur-son-lieu-de-travail\/","og_locale":"fr_FR","og_type":"article","og_title":"Lorraine : coinc\u00e9 dans une machine, un homme de 58 ans meurt sur son lieu de travail - ACCIDENTDUTRAVAIL-IDF","og_description":"Lorraine : coinc\u00e9 dans une machine, un homme de 58 ans meurt sur son lieu de travail article de ACCIDENTDUTRAVAIL-IDF","og_url":"https:\/\/www.accidentdutravail-idf.net\/blog\/lorraine-coince-dans-une-machine-un-homme-de-58-ans-meurt-sur-son-lieu-de-travail\/","og_site_name":"ACCIDENTDUTRAVAIL-IDF","article_published_time":"2024-07-25T07:53:00+00:00","og_image":[{"url":"https:\/\/www.accidentdutravail-idf.net\/blog\/wp-content\/uploads\/2024\/07\/lorraine-coince-dans-une-machine-un-homme-de-58-ans-meurt-sur-son-lieu-de-travail.jpg","type":"","width":"","height":""}],"author":"Carlos Poulain","twitter_card":"summary_large_image","twitter_misc":{"\u00c9crit par":"Carlos Poulain","Dur\u00e9e de lecture estim\u00e9e":"1 minute"},"schema":{"@context":"https:\/\/schema.org","@graph":[{"@type":"Article","@id":"https:\/\/www.accidentdutravail-idf.net\/blog\/lorraine-coince-dans-une-machine-un-homme-de-58-ans-meurt-sur-son-lieu-de-travail\/#article","isPartOf":{"@id":"https:\/\/www.accidentdutravail-idf.net\/blog\/lorraine-coince-dans-une-machine-un-homme-de-58-ans-meurt-sur-son-lieu-de-travail\/"},"author":{"name":"Carlos Poulain","@id":"https:\/\/www.accidentdutravail-idf.net\/blog\/#\/schema\/person\/3255d2f970de45e64bd9201f38e7b947"},"headline":"Lorraine : coinc\u00e9 dans une machine, un homme de 58 ans meurt sur son lieu de travail","datePublished":"2024-07-25T07:53:00+00:00","mainEntityOfPage":{"@id":"https:\/\/www.accidentdutravail-idf.net\/blog\/lorraine-coince-dans-une-machine-un-homme-de-58-ans-meurt-sur-son-lieu-de-travail\/"},"wordCount":279,"publisher":{"@id":"https:\/\/www.accidentdutravail-idf.net\/blog\/#organization"},"image":{"@id":"https:\/\/www.accidentdutravail-idf.net\/blog\/lorraine-coince-dans-une-machine-un-homme-de-58-ans-meurt-sur-son-lieu-de-travail\/#primaryimage"},"thumbnailUrl":"https:\/\/www.accidentdutravail-idf.net\/blog\/wp-content\/uploads\/2024\/07\/lorraine-coince-dans-une-machine-un-homme-de-58-ans-meurt-sur-son-lieu-de-travail.jpg","articleSection":["S\u00e9curit\u00e9 Du Travail En Ile-De-France Et Divers:"],"inLanguage":"fr-FR"},{"@type":"WebPage","@id":"https:\/\/www.accidentdutravail-idf.net\/blog\/lorraine-coince-dans-une-machine-un-homme-de-58-ans-meurt-sur-son-lieu-de-travail\/","url":"https:\/\/www.accidentdutravail-idf.net\/blog\/lorraine-coince-dans-une-machine-un-homme-de-58-ans-meurt-sur-son-lieu-de-travail\/","name":"Lorraine : coinc\u00e9 dans une machine, un homme de 58 ans meurt sur son lieu de travail - ACCIDENTDUTRAVAIL-IDF","isPartOf":{"@id":"https:\/\/www.accidentdutravail-idf.net\/blog\/#website"},"primaryImageOfPage":{"@id":"https:\/\/www.accidentdutravail-idf.net\/blog\/lorraine-coince-dans-une-machine-un-homme-de-58-ans-meurt-sur-son-lieu-de-travail\/#primaryimage"},"image":{"@id":"https:\/\/www.accidentdutravail-idf.net\/blog\/lorraine-coince-dans-une-machine-un-homme-de-58-ans-meurt-sur-son-lieu-de-travail\/#primaryimage"},"thumbnailUrl":"https:\/\/www.accidentdutravail-idf.net\/blog\/wp-content\/uploads\/2024\/07\/lorraine-coince-dans-une-machine-un-homme-de-58-ans-meurt-sur-son-lieu-de-travail.jpg","datePublished":"2024-07-25T07:53:00+00:00","description":"Lorraine : coinc\u00e9 dans une machine, un homme de 58 ans meurt sur son lieu de travail article de ACCIDENTDUTRAVAIL-IDF","breadcrumb":{"@id":"https:\/\/www.accidentdutravail-idf.net\/blog\/lorraine-coince-dans-une-machine-un-homme-de-58-ans-meurt-sur-son-lieu-de-travail\/#breadcrumb"},"inLanguage":"fr-FR","potentialAction":[{"@type":"ReadAction","target":["https:\/\/www.accidentdutravail-idf.net\/blog\/lorraine-coince-dans-une-machine-un-homme-de-58-ans-meurt-sur-son-lieu-de-travail\/"]}]},{"@type":"ImageObject","inLanguage":"fr-FR","@id":"https:\/\/www.accidentdutravail-idf.net\/blog\/lorraine-coince-dans-une-machine-un-homme-de-58-ans-meurt-sur-son-lieu-de-travail\/#primaryimage","url":"https:\/\/www.accidentdutravail-idf.net\/blog\/wp-content\/uploads\/2024\/07\/lorraine-coince-dans-une-machine-un-homme-de-58-ans-meurt-sur-son-lieu-de-travail.jpg","contentUrl":"https:\/\/www.accidentdutravail-idf.net\/blog\/wp-content\/uploads\/2024\/07\/lorraine-coince-dans-une-machine-un-homme-de-58-ans-meurt-sur-son-lieu-de-travail.jpg"},{"@type":"BreadcrumbList","@id":"https:\/\/www.accidentdutravail-idf.net\/blog\/lorraine-coince-dans-une-machine-un-homme-de-58-ans-meurt-sur-son-lieu-de-travail\/#breadcrumb","itemListElement":[{"@type":"ListItem","position":1,"name":"Accueil","item":"https:\/\/www.accidentdutravail-idf.net\/blog\/"},{"@type":"ListItem","position":2,"name":"Lorraine : coinc\u00e9 dans une machine, un homme de 58 ans meurt sur son lieu de travail"}]},{"@type":"WebSite","@id":"https:\/\/www.accidentdutravail-idf.net\/blog\/#website","url":"https:\/\/www.accidentdutravail-idf.net\/blog\/","name":"ACCIDENTDUTRAVAIL-IDF","description":"Portail accidents du travail-maladies professionnelles des entreprises d&#039;Ile-de-France","publisher":{"@id":"https:\/\/www.accidentdutravail-idf.net\/blog\/#organization"},"potentialAction":[{"@type":"SearchAction","target":{"@type":"EntryPoint","urlTemplate":"https:\/\/www.accidentdutravail-idf.net\/blog\/?s={search_term_string}"},"query-input":{"@type":"PropertyValueSpecification","valueRequired":true,"valueName":"search_term_string"}}],"inLanguage":"fr-FR"},{"@type":"Organization","@id":"https:\/\/www.accidentdutravail-idf.net\/blog\/#organization","name":"accidentdutravail-idf","url":"https:\/\/www.accidentdutravail-idf.net\/blog\/","logo":{"@type":"ImageObject","inLanguage":"fr-FR","@id":"https:\/\/www.accidentdutravail-idf.net\/blog\/#\/schema\/logo\/image\/","url":"https:\/\/www.accidentdutravail-idf.net\/blog\/wp-content\/uploads\/2022\/09\/logo-2.png","contentUrl":"https:\/\/www.accidentdutravail-idf.net\/blog\/wp-content\/uploads\/2022\/09\/logo-2.png","width":380,"height":291,"caption":"accidentdutravail-idf"},"image":{"@id":"https:\/\/www.accidentdutravail-idf.net\/blog\/#\/schema\/logo\/image\/"}},{"@type":"Person","@id":"https:\/\/www.accidentdutravail-idf.net\/blog\/#\/schema\/person\/3255d2f970de45e64bd9201f38e7b947","name":"Carlos Poulain","image":{"@type":"ImageObject","inLanguage":"fr-FR","@id":"https:\/\/secure.gravatar.com\/avatar\/b1c2f9d3588e34e91adb093635df64ef4b2381991216be7576466cfcdca4baf3?s=96&d=mm&r=g","url":"https:\/\/secure.gravatar.com\/avatar\/b1c2f9d3588e34e91adb093635df64ef4b2381991216be7576466cfcdca4baf3?s=96&d=mm&r=g","contentUrl":"https:\/\/secure.gravatar.com\/avatar\/b1c2f9d3588e34e91adb093635df64ef4b2381991216be7576466cfcdca4baf3?s=96&d=mm&r=g","caption":"Carlos Poulain"},"url":"https:\/\/www.accidentdutravail-idf.net\/blog\/author\/idfcarlos\/"}]}},"_links":{"self":[{"href":"https:\/\/www.accidentdutravail-idf.net\/blog\/wp-json\/wp\/v2\/posts\/600","targetHints":{"allow":["GET"]}}],"collection":[{"href":"https:\/\/www.accidentdutravail-idf.net\/blog\/wp-json\/wp\/v2\/posts"}],"about":[{"href":"https:\/\/www.accidentdutravail-idf.net\/blog\/wp-json\/wp\/v2\/types\/post"}],"author":[{"embeddable":true,"href":"https:\/\/www.accidentdutravail-idf.net\/blog\/wp-json\/wp\/v2\/users\/2"}],"replies":[{"embeddable":true,"href":"https:\/\/www.accidentdutravail-idf.net\/blog\/wp-json\/wp\/v2\/comments?post=600"}],"version-history":[{"count":0,"href":"https:\/\/www.accidentdutravail-idf.net\/blog\/wp-json\/wp\/v2\/posts\/600\/revisions"}],"wp:attachment":[{"href":"https:\/\/www.accidentdutravail-idf.net\/blog\/wp-json\/wp\/v2\/media?parent=600"}],"wp:term":[{"taxonomy":"category","embeddable":true,"href":"https:\/\/www.accidentdutravail-idf.net\/blog\/wp-json\/wp\/v2\/categories?post=600"},{"taxonomy":"post_tag","embeddable":true,"href":"https:\/\/www.accidentdutravail-idf.net\/blog\/wp-json\/wp\/v2\/tags?post=600"}],"curies":[{"name":"wp","href":"https:\/\/api.w.org\/{rel}","templated":true}]}}