{"id":598,"date":"2024-07-24T19:00:00","date_gmt":"2024-07-24T17:00:00","guid":{"rendered":"https:\/\/www.accidentdutravail-idf.net\/blog\/le-monde-du-droit-le-magazine-des-professions-juridiques\/"},"modified":"2024-07-24T19:00:00","modified_gmt":"2024-07-24T17:00:00","slug":"le-monde-du-droit-le-magazine-des-professions-juridiques","status":"publish","type":"post","link":"https:\/\/www.accidentdutravail-idf.net\/blog\/le-monde-du-droit-le-magazine-des-professions-juridiques\/","title":{"rendered":"LE MONDE DU DROIT : le magazine des professions juridiques"},"content":{"rendered":"<p><strong><\/p>\n<p>L&#8217;employeur est tenu \u00e0 des obligations strictes en mati\u00e8re de sant\u00e9 et de s\u00e9curit\u00e9 au travail de ses collaborateurs. Cela inclut la pr\u00e9vention des accidents et des risques professionnels, y compris ceux li\u00e9s \u00e0 l&rsquo;alcool\u00e9mie. Mais quelles sont les r\u00e8gles r\u00e9gissant le contr\u00f4le de l\u2019alcool\u00e9mie dans l\u2019entreprise ? Et quelles sanctions sont pr\u00e9vues si l\u2019\u00e9bri\u00e9t\u00e9 d\u2019un salari\u00e9 est confirm\u00e9e ? Explications avec&nbsp;Julie Baudet, associ\u00e9e, Oratio Avocats.<\/p>\n<p><\/strong> <\/p>\n<p>L&rsquo;\u00e9tat d&rsquo;\u00e9bri\u00e9t\u00e9 d&rsquo;un salari\u00e9, qu&rsquo;il ait consomm\u00e9 de l&rsquo;alcool avant de se rendre au travail ou sur le lieu de travail, comporte divers risques pour l&rsquo;int\u00e9ress\u00e9, pour les autres membres du personnel, et pour l&rsquo;entreprise elle-m\u00eame (absences \u00e9ventuelles au poste de travail, manque d&rsquo;efficacit\u00e9, voire erreurs dans son travail, difficult\u00e9 de concentration et de prise de d\u00e9cision, difficult\u00e9s relationnelles, voire altercations avec les autres membres de l&rsquo;entreprise, risques d&rsquo;accident\u2026).&nbsp;<\/p>\n<p>Pour ces diverses raisons, l&#8217;employeur peut souhaiter contr\u00f4ler le taux l&rsquo;alcool\u00e9mie d&rsquo;un salari\u00e9 \u00e0 titre pr\u00e9ventif ou lorsque le comportement de l&rsquo;int\u00e9ress\u00e9 laisse \u00e0 penser qu&rsquo;il est en \u00e9tat d&rsquo;\u00e9bri\u00e9t\u00e9. Cela se con\u00e7oit d&rsquo;autant plus que l&#8217;employeur a une obligation de s\u00e9curit\u00e9 en mati\u00e8re de protection de la sant\u00e9 et de la s\u00e9curit\u00e9 des travailleurs dans l&rsquo;entreprise et qu&rsquo;il doit en assurer l\u2019effectivit\u00e9. En outre, le Code du travail lui interdit de laisser entrer ou s\u00e9journer dans les lieux de travail des personnes en \u00e9tat d&rsquo;ivresse (C. trav. art. R 4228-21).<\/p>\n<h4>Le recours \u00e0 l\u2019\u00e9thylotest<\/h4>\n<p>Le recours \u00e0 un test d\u2019alcool\u00e9mie n\u2019est possible que s\u2019il a \u00e9t\u00e9 pr\u00e9vu dans le r\u00e8glement int\u00e9rieur de l\u2019entreprise et que les salari\u00e9s ont \u00e9t\u00e9 inform\u00e9s de son contenu. Une note de service, r\u00e9pondant aux m\u00eames formalit\u00e9s qu\u2019un r\u00e8glement int\u00e9rieur, peut \u00e9galement pr\u00e9voir la r\u00e9alisation d\u2019un tel test. Ces documents doivent \u00eatre extr\u00eamement pr\u00e9cis quant \u00e0 la marche \u00e0 suivre pour l\u2019effectuer.<\/p>\n<p>Compte tenu des risques d&rsquo;atteinte aux libert\u00e9s individuelles pouvant en r\u00e9sulter, la jurisprudence limite les situations dans lesquelles un test d\u2019alcool\u00e9mie peut \u00eatre r\u00e9alis\u00e9 et impose le respect d&rsquo;une proc\u00e9dure tendant \u00e0 garantir les droits du salari\u00e9&nbsp;:<\/p>\n<ul>\n<li>Le recours \u00e0 l\u2019\u00e9thylotest doit se justifier par des conditions de travail particuli\u00e8res&nbsp;(manipulation de produits dangereux, conduite d\u2019engins), ou par un \u00e9tat d\u2019\u00e9bri\u00e9t\u00e9 manifeste du salari\u00e9 qui expose des biens et des personnes \u00e0 un danger, de sorte qu\u2019il peut constituer une faute grave.<\/li>\n<\/ul>\n<ul>\n<li>Le test d\u2019alcool\u00e9mie doit avoir lieu pendant le temps de travail, mais il peut avoir lieu sur le lieu de travail ou en dehors (gendarmerie par exemple).<\/li>\n<\/ul>\n<ul>\n<li>Concernant la fr\u00e9quence des contr\u00f4les, il appartient \u00e0 l&#8217;employeur de les pr\u00e9voir et de les organiser de fa\u00e7on suffisamment espac\u00e9e et de les r\u00e9server \u00e0 une cat\u00e9gorie bien d\u00e9termin\u00e9e de salari\u00e9s, en fonction des risques auxquels ceux-ci exposent des tiers, afin que ces contr\u00f4les n&rsquo;apparaissent pas comme disproportionn\u00e9s et portant atteinte aux libert\u00e9s publiques.<\/li>\n<\/ul>\n<ul>\n<li>Le test doit par ailleurs \u00eatre fait de mani\u00e8re que le salari\u00e9 puisse le contester (et donc, demander une contre-expertise).&nbsp;<\/li>\n<\/ul>\n<h4>La r\u00e9alisation du test<\/h4>\n<p>Si les conditions sont remplies, le test peut \u00eatre r\u00e9alis\u00e9 par l\u2019employeur (ou une personne d\u00e9sign\u00e9e dans le r\u00e8glement int\u00e9rieur ou la note de service) via un alcootest jetable ou un \u00e9thylotest \u00e9lectronique homologu\u00e9. Si la pr\u00e9sence de la police n\u2019est pas n\u00e9cessaire, celle d\u2019un tiers (un \u00e9lu CSE ou un autre salari\u00e9) peut \u00eatre la bienvenue.&nbsp;<\/p>\n<p>Un salari\u00e9 qui refuserait de pratiquer un alcootest, alors que cette disposition est pr\u00e9vue dans le r\u00e8glement int\u00e9rieur ou la note de service, commet une faute et peut \u00eatre, \u00e0 ce titre, sanctionn\u00e9.&nbsp;&nbsp;<\/p>\n<h4>Si le test est positif<\/h4>\n<p>Si le test s\u2019av\u00e8re positif, l\u2019\u00e9tat d&rsquo;\u00e9bri\u00e9t\u00e9 du salari\u00e9 est confirm\u00e9. Il convient donc de le retirer de toute situation de travail potentiellement dangereuse pour lui et des tiers, notamment la conduite d\u2019un v\u00e9hicule si cela fait partie de ses missions. En effet, la responsabilit\u00e9 de l\u2019employeur peut \u00eatre engag\u00e9e en cas d\u2019accident. L\u2019article L.4121-1 du Code du travail, sur ce point, dispose \u00ab&nbsp;L&#8217;employeur prend les mesures n\u00e9cessaires pour assurer la s\u00e9curit\u00e9 et prot\u00e9ger la sant\u00e9 physique et mentale des travailleurs. [\u2026]&nbsp;\u00bb. Si l\u2019\u00e9tat du salari\u00e9 est pr\u00e9occupant, il convient d\u2019avertir les services de secours.&nbsp;<\/p>\n<p>Un test positif peut servir de fondement \u00e0 des sanctions&nbsp;: avertissement, mise \u00e0 pied disciplinaire, voire en fonction des circonstances et du poste, licenciement pour faute.&nbsp;<\/p>\n<p>L\u2019employeur qui envisage de licencier son salari\u00e9 en \u00e9tat d\u2019\u00e9bri\u00e9t\u00e9 doit, toutefois, pouvoir justifier qu\u2019il a, au pr\u00e9alable, tout mis en \u0153uvre pour pr\u00e9venir le risque de l\u2019alcool dans son entreprise. Il doit, \u00e9galement, avant d\u2019entamer cette d\u00e9marche, veiller \u00e0 se constituer un ensemble d\u2019\u00e9l\u00e9ments probants (ant\u00e9c\u00e9dents disciplinaires, ce que le salari\u00e9 a bu, quantit\u00e9, date et heure, t\u00e9moins, victimes, fr\u00e9quences, d\u00e9marche titubante du salari\u00e9, cons\u00e9quences sur son travail\u2026).&nbsp;<\/p>\n<div>\n<p>Si le salari\u00e9 a d\u00e9j\u00e0 commis de tels faits par le pass\u00e9, le caract\u00e8re r\u00e9cidiviste de son comportement peut justifier son licenciement. Le fait que le licenciement repose bien s\u00fbr une faute grave fait l\u2019objet d\u2019une appr\u00e9ciation au cas par cas par les juges.<\/p>\n<\/div>\n<p><strong>Julie Baudet, associ\u00e9e, Oratio Avocat<\/strong><\/p>\n<p>accidentdutravail-idf.net vous a pr\u00e9par\u00e9 ce post qui informe du sujet \u00ab\u00a0Association Sportive Huisson-Longueville Essonne\u00a0\u00bb. La chronique se veut g\u00e9n\u00e9r\u00e9e du mieux possible. Vous pouvez utiliser les coordonn\u00e9es indiqu\u00e9es sur le site dans le but d\u2019apporter des explications sur ce post qui parle du th\u00e8me \u00ab\u00a0Association Sportive Huisson-Longueville Essonne\u00a0\u00bb. Le site accidentdutravail-idf.net a pour but de fournir diverses publications sur la th\u00e9matique Association Sportive Huisson-Longueville Essonne diffus\u00e9es sur le net. Il y aura plusieurs articles autour du sujet \u00ab\u00a0Association Sportive Huisson-Longueville Essonne\u00a0\u00bb dans quelques jours, nous vous invitons \u00e0 naviguer sur notre site web \u00e0 plusieurs reprises.<\/p>\n","protected":false},"excerpt":{"rendered":"<p>L&#8217;employeur est tenu \u00e0 des obligations strictes en mati\u00e8re de sant\u00e9 et de s\u00e9curit\u00e9 au travail de ses collaborateurs. Cela inclut la pr\u00e9vention des accidents et des risques professionnels, y compris ceux li\u00e9s \u00e0 l&rsquo;alcool\u00e9mie. Mais quelles sont les r\u00e8gles r\u00e9gissant le contr\u00f4le de l\u2019alcool\u00e9mie dans l\u2019entreprise ? Et quelles sanctions sont pr\u00e9vues si l\u2019\u00e9bri\u00e9t\u00e9 &hellip; <\/p>\n<p class=\"link-more\"><a href=\"https:\/\/www.accidentdutravail-idf.net\/blog\/le-monde-du-droit-le-magazine-des-professions-juridiques\/\" class=\"more-link\">Continuer la lecture <span class=\"screen-reader-text\"> \u00ab\u00a0LE MONDE DU DROIT : le magazine des professions juridiques\u00a0\u00bb<\/span><\/a><\/p>\n","protected":false},"author":2,"featured_media":0,"comment_status":"closed","ping_status":"closed","sticky":false,"template":"","format":"standard","meta":{"footnotes":""},"categories":[5],"tags":[],"class_list":["post-598","post","type-post","status-publish","format-standard","hentry","category-securite-du-travail-en-ile-de-france-et-divers","entry"],"yoast_head":"<!-- This site is optimized with the Yoast SEO plugin v27.5 - https:\/\/yoast.com\/product\/yoast-seo-wordpress\/ -->\n<title>LE MONDE DU DROIT : le magazine des professions juridiques - ACCIDENTDUTRAVAIL-IDF<\/title>\n<meta name=\"description\" content=\"LE MONDE DU DROIT : le magazine des professions juridiques article de ACCIDENTDUTRAVAIL-IDF\" \/>\n<meta name=\"robots\" content=\"index, follow, max-snippet:-1, max-image-preview:large, max-video-preview:-1\" \/>\n<link rel=\"canonical\" href=\"https:\/\/www.accidentdutravail-idf.net\/blog\/le-monde-du-droit-le-magazine-des-professions-juridiques\/\" \/>\n<meta property=\"og:locale\" content=\"fr_FR\" \/>\n<meta property=\"og:type\" content=\"article\" \/>\n<meta property=\"og:title\" content=\"LE MONDE DU DROIT : le magazine des professions juridiques - ACCIDENTDUTRAVAIL-IDF\" \/>\n<meta property=\"og:description\" content=\"LE MONDE DU DROIT : le magazine des professions juridiques article de ACCIDENTDUTRAVAIL-IDF\" \/>\n<meta property=\"og:url\" content=\"https:\/\/www.accidentdutravail-idf.net\/blog\/le-monde-du-droit-le-magazine-des-professions-juridiques\/\" \/>\n<meta property=\"og:site_name\" content=\"ACCIDENTDUTRAVAIL-IDF\" \/>\n<meta property=\"article:published_time\" content=\"2024-07-24T17:00:00+00:00\" \/>\n<meta name=\"author\" content=\"Carlos Poulain\" \/>\n<meta name=\"twitter:card\" content=\"summary_large_image\" \/>\n<meta name=\"twitter:label1\" content=\"\u00c9crit par\" \/>\n\t<meta name=\"twitter:data1\" content=\"Carlos Poulain\" \/>\n\t<meta name=\"twitter:label2\" content=\"Dur\u00e9e de lecture estim\u00e9e\" \/>\n\t<meta name=\"twitter:data2\" content=\"5 minutes\" \/>\n<script type=\"application\/ld+json\" class=\"yoast-schema-graph\">{\"@context\":\"https:\\\/\\\/schema.org\",\"@graph\":[{\"@type\":\"Article\",\"@id\":\"https:\\\/\\\/www.accidentdutravail-idf.net\\\/blog\\\/le-monde-du-droit-le-magazine-des-professions-juridiques\\\/#article\",\"isPartOf\":{\"@id\":\"https:\\\/\\\/www.accidentdutravail-idf.net\\\/blog\\\/le-monde-du-droit-le-magazine-des-professions-juridiques\\\/\"},\"author\":{\"name\":\"Carlos Poulain\",\"@id\":\"https:\\\/\\\/www.accidentdutravail-idf.net\\\/blog\\\/#\\\/schema\\\/person\\\/3255d2f970de45e64bd9201f38e7b947\"},\"headline\":\"LE MONDE DU DROIT : le magazine des professions juridiques\",\"datePublished\":\"2024-07-24T17:00:00+00:00\",\"mainEntityOfPage\":{\"@id\":\"https:\\\/\\\/www.accidentdutravail-idf.net\\\/blog\\\/le-monde-du-droit-le-magazine-des-professions-juridiques\\\/\"},\"wordCount\":1067,\"publisher\":{\"@id\":\"https:\\\/\\\/www.accidentdutravail-idf.net\\\/blog\\\/#organization\"},\"articleSection\":[\"S\u00e9curit\u00e9 Du Travail En Ile-De-France Et Divers:\"],\"inLanguage\":\"fr-FR\"},{\"@type\":\"WebPage\",\"@id\":\"https:\\\/\\\/www.accidentdutravail-idf.net\\\/blog\\\/le-monde-du-droit-le-magazine-des-professions-juridiques\\\/\",\"url\":\"https:\\\/\\\/www.accidentdutravail-idf.net\\\/blog\\\/le-monde-du-droit-le-magazine-des-professions-juridiques\\\/\",\"name\":\"LE MONDE DU DROIT : le magazine des professions juridiques - ACCIDENTDUTRAVAIL-IDF\",\"isPartOf\":{\"@id\":\"https:\\\/\\\/www.accidentdutravail-idf.net\\\/blog\\\/#website\"},\"datePublished\":\"2024-07-24T17:00:00+00:00\",\"description\":\"LE MONDE DU DROIT : le magazine des professions juridiques article de ACCIDENTDUTRAVAIL-IDF\",\"breadcrumb\":{\"@id\":\"https:\\\/\\\/www.accidentdutravail-idf.net\\\/blog\\\/le-monde-du-droit-le-magazine-des-professions-juridiques\\\/#breadcrumb\"},\"inLanguage\":\"fr-FR\",\"potentialAction\":[{\"@type\":\"ReadAction\",\"target\":[\"https:\\\/\\\/www.accidentdutravail-idf.net\\\/blog\\\/le-monde-du-droit-le-magazine-des-professions-juridiques\\\/\"]}]},{\"@type\":\"BreadcrumbList\",\"@id\":\"https:\\\/\\\/www.accidentdutravail-idf.net\\\/blog\\\/le-monde-du-droit-le-magazine-des-professions-juridiques\\\/#breadcrumb\",\"itemListElement\":[{\"@type\":\"ListItem\",\"position\":1,\"name\":\"Accueil\",\"item\":\"https:\\\/\\\/www.accidentdutravail-idf.net\\\/blog\\\/\"},{\"@type\":\"ListItem\",\"position\":2,\"name\":\"LE MONDE DU DROIT : le magazine des professions juridiques\"}]},{\"@type\":\"WebSite\",\"@id\":\"https:\\\/\\\/www.accidentdutravail-idf.net\\\/blog\\\/#website\",\"url\":\"https:\\\/\\\/www.accidentdutravail-idf.net\\\/blog\\\/\",\"name\":\"ACCIDENTDUTRAVAIL-IDF\",\"description\":\"Portail accidents du travail-maladies professionnelles des entreprises d&#039;Ile-de-France\",\"publisher\":{\"@id\":\"https:\\\/\\\/www.accidentdutravail-idf.net\\\/blog\\\/#organization\"},\"potentialAction\":[{\"@type\":\"SearchAction\",\"target\":{\"@type\":\"EntryPoint\",\"urlTemplate\":\"https:\\\/\\\/www.accidentdutravail-idf.net\\\/blog\\\/?s={search_term_string}\"},\"query-input\":{\"@type\":\"PropertyValueSpecification\",\"valueRequired\":true,\"valueName\":\"search_term_string\"}}],\"inLanguage\":\"fr-FR\"},{\"@type\":\"Organization\",\"@id\":\"https:\\\/\\\/www.accidentdutravail-idf.net\\\/blog\\\/#organization\",\"name\":\"accidentdutravail-idf\",\"url\":\"https:\\\/\\\/www.accidentdutravail-idf.net\\\/blog\\\/\",\"logo\":{\"@type\":\"ImageObject\",\"inLanguage\":\"fr-FR\",\"@id\":\"https:\\\/\\\/www.accidentdutravail-idf.net\\\/blog\\\/#\\\/schema\\\/logo\\\/image\\\/\",\"url\":\"https:\\\/\\\/www.accidentdutravail-idf.net\\\/blog\\\/wp-content\\\/uploads\\\/2022\\\/09\\\/logo-2.png\",\"contentUrl\":\"https:\\\/\\\/www.accidentdutravail-idf.net\\\/blog\\\/wp-content\\\/uploads\\\/2022\\\/09\\\/logo-2.png\",\"width\":380,\"height\":291,\"caption\":\"accidentdutravail-idf\"},\"image\":{\"@id\":\"https:\\\/\\\/www.accidentdutravail-idf.net\\\/blog\\\/#\\\/schema\\\/logo\\\/image\\\/\"}},{\"@type\":\"Person\",\"@id\":\"https:\\\/\\\/www.accidentdutravail-idf.net\\\/blog\\\/#\\\/schema\\\/person\\\/3255d2f970de45e64bd9201f38e7b947\",\"name\":\"Carlos Poulain\",\"image\":{\"@type\":\"ImageObject\",\"inLanguage\":\"fr-FR\",\"@id\":\"https:\\\/\\\/secure.gravatar.com\\\/avatar\\\/b1c2f9d3588e34e91adb093635df64ef4b2381991216be7576466cfcdca4baf3?s=96&d=mm&r=g\",\"url\":\"https:\\\/\\\/secure.gravatar.com\\\/avatar\\\/b1c2f9d3588e34e91adb093635df64ef4b2381991216be7576466cfcdca4baf3?s=96&d=mm&r=g\",\"contentUrl\":\"https:\\\/\\\/secure.gravatar.com\\\/avatar\\\/b1c2f9d3588e34e91adb093635df64ef4b2381991216be7576466cfcdca4baf3?s=96&d=mm&r=g\",\"caption\":\"Carlos Poulain\"},\"url\":\"https:\\\/\\\/www.accidentdutravail-idf.net\\\/blog\\\/author\\\/idfcarlos\\\/\"}]}<\/script>\n<!-- \/ Yoast SEO plugin. -->","yoast_head_json":{"title":"LE MONDE DU DROIT : le magazine des professions juridiques - ACCIDENTDUTRAVAIL-IDF","description":"LE MONDE DU DROIT : le magazine des professions juridiques article de ACCIDENTDUTRAVAIL-IDF","robots":{"index":"index","follow":"follow","max-snippet":"max-snippet:-1","max-image-preview":"max-image-preview:large","max-video-preview":"max-video-preview:-1"},"canonical":"https:\/\/www.accidentdutravail-idf.net\/blog\/le-monde-du-droit-le-magazine-des-professions-juridiques\/","og_locale":"fr_FR","og_type":"article","og_title":"LE MONDE DU DROIT : le magazine des professions juridiques - ACCIDENTDUTRAVAIL-IDF","og_description":"LE MONDE DU DROIT : le magazine des professions juridiques article de ACCIDENTDUTRAVAIL-IDF","og_url":"https:\/\/www.accidentdutravail-idf.net\/blog\/le-monde-du-droit-le-magazine-des-professions-juridiques\/","og_site_name":"ACCIDENTDUTRAVAIL-IDF","article_published_time":"2024-07-24T17:00:00+00:00","author":"Carlos Poulain","twitter_card":"summary_large_image","twitter_misc":{"\u00c9crit par":"Carlos Poulain","Dur\u00e9e de lecture estim\u00e9e":"5 minutes"},"schema":{"@context":"https:\/\/schema.org","@graph":[{"@type":"Article","@id":"https:\/\/www.accidentdutravail-idf.net\/blog\/le-monde-du-droit-le-magazine-des-professions-juridiques\/#article","isPartOf":{"@id":"https:\/\/www.accidentdutravail-idf.net\/blog\/le-monde-du-droit-le-magazine-des-professions-juridiques\/"},"author":{"name":"Carlos Poulain","@id":"https:\/\/www.accidentdutravail-idf.net\/blog\/#\/schema\/person\/3255d2f970de45e64bd9201f38e7b947"},"headline":"LE MONDE DU DROIT : le magazine des professions juridiques","datePublished":"2024-07-24T17:00:00+00:00","mainEntityOfPage":{"@id":"https:\/\/www.accidentdutravail-idf.net\/blog\/le-monde-du-droit-le-magazine-des-professions-juridiques\/"},"wordCount":1067,"publisher":{"@id":"https:\/\/www.accidentdutravail-idf.net\/blog\/#organization"},"articleSection":["S\u00e9curit\u00e9 Du Travail En Ile-De-France Et Divers:"],"inLanguage":"fr-FR"},{"@type":"WebPage","@id":"https:\/\/www.accidentdutravail-idf.net\/blog\/le-monde-du-droit-le-magazine-des-professions-juridiques\/","url":"https:\/\/www.accidentdutravail-idf.net\/blog\/le-monde-du-droit-le-magazine-des-professions-juridiques\/","name":"LE MONDE DU DROIT : le magazine des professions juridiques - ACCIDENTDUTRAVAIL-IDF","isPartOf":{"@id":"https:\/\/www.accidentdutravail-idf.net\/blog\/#website"},"datePublished":"2024-07-24T17:00:00+00:00","description":"LE MONDE DU DROIT : le magazine des professions juridiques article de ACCIDENTDUTRAVAIL-IDF","breadcrumb":{"@id":"https:\/\/www.accidentdutravail-idf.net\/blog\/le-monde-du-droit-le-magazine-des-professions-juridiques\/#breadcrumb"},"inLanguage":"fr-FR","potentialAction":[{"@type":"ReadAction","target":["https:\/\/www.accidentdutravail-idf.net\/blog\/le-monde-du-droit-le-magazine-des-professions-juridiques\/"]}]},{"@type":"BreadcrumbList","@id":"https:\/\/www.accidentdutravail-idf.net\/blog\/le-monde-du-droit-le-magazine-des-professions-juridiques\/#breadcrumb","itemListElement":[{"@type":"ListItem","position":1,"name":"Accueil","item":"https:\/\/www.accidentdutravail-idf.net\/blog\/"},{"@type":"ListItem","position":2,"name":"LE MONDE DU DROIT : le magazine des professions juridiques"}]},{"@type":"WebSite","@id":"https:\/\/www.accidentdutravail-idf.net\/blog\/#website","url":"https:\/\/www.accidentdutravail-idf.net\/blog\/","name":"ACCIDENTDUTRAVAIL-IDF","description":"Portail accidents du travail-maladies professionnelles des entreprises d&#039;Ile-de-France","publisher":{"@id":"https:\/\/www.accidentdutravail-idf.net\/blog\/#organization"},"potentialAction":[{"@type":"SearchAction","target":{"@type":"EntryPoint","urlTemplate":"https:\/\/www.accidentdutravail-idf.net\/blog\/?s={search_term_string}"},"query-input":{"@type":"PropertyValueSpecification","valueRequired":true,"valueName":"search_term_string"}}],"inLanguage":"fr-FR"},{"@type":"Organization","@id":"https:\/\/www.accidentdutravail-idf.net\/blog\/#organization","name":"accidentdutravail-idf","url":"https:\/\/www.accidentdutravail-idf.net\/blog\/","logo":{"@type":"ImageObject","inLanguage":"fr-FR","@id":"https:\/\/www.accidentdutravail-idf.net\/blog\/#\/schema\/logo\/image\/","url":"https:\/\/www.accidentdutravail-idf.net\/blog\/wp-content\/uploads\/2022\/09\/logo-2.png","contentUrl":"https:\/\/www.accidentdutravail-idf.net\/blog\/wp-content\/uploads\/2022\/09\/logo-2.png","width":380,"height":291,"caption":"accidentdutravail-idf"},"image":{"@id":"https:\/\/www.accidentdutravail-idf.net\/blog\/#\/schema\/logo\/image\/"}},{"@type":"Person","@id":"https:\/\/www.accidentdutravail-idf.net\/blog\/#\/schema\/person\/3255d2f970de45e64bd9201f38e7b947","name":"Carlos Poulain","image":{"@type":"ImageObject","inLanguage":"fr-FR","@id":"https:\/\/secure.gravatar.com\/avatar\/b1c2f9d3588e34e91adb093635df64ef4b2381991216be7576466cfcdca4baf3?s=96&d=mm&r=g","url":"https:\/\/secure.gravatar.com\/avatar\/b1c2f9d3588e34e91adb093635df64ef4b2381991216be7576466cfcdca4baf3?s=96&d=mm&r=g","contentUrl":"https:\/\/secure.gravatar.com\/avatar\/b1c2f9d3588e34e91adb093635df64ef4b2381991216be7576466cfcdca4baf3?s=96&d=mm&r=g","caption":"Carlos Poulain"},"url":"https:\/\/www.accidentdutravail-idf.net\/blog\/author\/idfcarlos\/"}]}},"_links":{"self":[{"href":"https:\/\/www.accidentdutravail-idf.net\/blog\/wp-json\/wp\/v2\/posts\/598","targetHints":{"allow":["GET"]}}],"collection":[{"href":"https:\/\/www.accidentdutravail-idf.net\/blog\/wp-json\/wp\/v2\/posts"}],"about":[{"href":"https:\/\/www.accidentdutravail-idf.net\/blog\/wp-json\/wp\/v2\/types\/post"}],"author":[{"embeddable":true,"href":"https:\/\/www.accidentdutravail-idf.net\/blog\/wp-json\/wp\/v2\/users\/2"}],"replies":[{"embeddable":true,"href":"https:\/\/www.accidentdutravail-idf.net\/blog\/wp-json\/wp\/v2\/comments?post=598"}],"version-history":[{"count":0,"href":"https:\/\/www.accidentdutravail-idf.net\/blog\/wp-json\/wp\/v2\/posts\/598\/revisions"}],"wp:attachment":[{"href":"https:\/\/www.accidentdutravail-idf.net\/blog\/wp-json\/wp\/v2\/media?parent=598"}],"wp:term":[{"taxonomy":"category","embeddable":true,"href":"https:\/\/www.accidentdutravail-idf.net\/blog\/wp-json\/wp\/v2\/categories?post=598"},{"taxonomy":"post_tag","embeddable":true,"href":"https:\/\/www.accidentdutravail-idf.net\/blog\/wp-json\/wp\/v2\/tags?post=598"}],"curies":[{"name":"wp","href":"https:\/\/api.w.org\/{rel}","templated":true}]}}