{"id":577,"date":"2024-07-17T19:00:00","date_gmt":"2024-07-17T17:00:00","guid":{"rendered":"https:\/\/www.accidentdutravail-idf.net\/blog\/securite-routiere-au-travail-des-chiffres-cles-pour-sensibiliser-aux-risques-daccidents\/"},"modified":"2024-07-17T19:00:00","modified_gmt":"2024-07-17T17:00:00","slug":"securite-routiere-au-travail-des-chiffres-cles-pour-sensibiliser-aux-risques-daccidents","status":"publish","type":"post","link":"https:\/\/www.accidentdutravail-idf.net\/blog\/securite-routiere-au-travail-des-chiffres-cles-pour-sensibiliser-aux-risques-daccidents\/","title":{"rendered":"S\u00e9curit\u00e9 routi\u00e8re au travail : des chiffres cl\u00e9s pour sensibiliser aux risques d\u2019accidents"},"content":{"rendered":"<p>Les <strong>accidents routiers professionnels<\/strong> sont la deuxi\u00e8me cause de mortalit\u00e9 au travail en France. En moyenne, la route a g\u00e9n\u00e9r\u00e9 1,3 d\u00e9c\u00e8s par jour lors d\u2019un d\u00e9placement en lien avec le travail au cours de l\u2019ann\u00e9e 2022. Tous secteurs confondus, 485 personnes ont perdu la vie, sur le trajet domicile-travail ou lors d\u2019une mission.<\/p>\n<p>Ces chiffres sont issus de <a href=\"https:\/\/travail-emploi.gouv.fr\/IMG\/pdf\/risque-routier-2023.pdf\" target=\"_blank\" rel=\"nofollow\"><i>L\u2019essentiel du risque routier professionnel<\/i>,<\/a> r\u00e9cemment publi\u00e9 par le minist\u00e8re du Travail, de l\u2019Int\u00e9rieur, par la Cnam, la Mutualit\u00e9 sociale agricole (MSA), Sant\u00e9 publique France et l\u2019Observatoire national interminist\u00e9riel de la s\u00e9curit\u00e9 routi\u00e8re (ONISR).<\/p>\n<p>Les moins de 35&nbsp;ans sont les plus repr\u00e9sent\u00e9s dans les <strong>accidents mortels domicile travail<\/strong> (41&nbsp;% des d\u00e9c\u00e8s en 2022) et 39&nbsp;% des salari\u00e9s d\u00e9c\u00e9d\u00e9s ont moins d\u2019un an d\u2019anciennet\u00e9. <i>\u00ab<\/i>&nbsp;<i>La sensibilisation au risque routier professionnel doit se faire d\u00e8s l\u2019embauche<\/i>&nbsp;<i>\u00bb<\/i>, pr\u00e9conise le rapport. Sur les <strong>trajets de mission<\/strong>, les plus \u00e2g\u00e9s (55 ans et plus) sont en revanche les plus touch\u00e9s. En cause, la vitesse, l\u2019inattention, le refus de priorit\u00e9s, l\u2019alcool, la prise de stup\u00e9fiants, mais \u00e9galement la fatigue et la somnolence. Autre \u00e9l\u00e9ment relev\u00e9 par cette \u00e9tude, les salari\u00e9s d\u00e9c\u00e9d\u00e9s sont essentiellement des hommes.<\/p>\n<p>Dans le BTP, le secteur de la construction enregistre un taux de mortalit\u00e9 relativement \u00e9lev\u00e9 (18 d\u00e9c\u00e8s pour un million de salari\u00e9s), proche de celui des activit\u00e9s immobili\u00e8res et de la distribution d\u2019\u00e9lectricit\u00e9 et de gaz, selon les chiffres de la Cnam et de la MSA.<\/p>\n<p>Le document prodigue ensuite des conseils aux employeurs, pour <strong>\u00e9valuer le risque routier<\/strong> comme un risque professionnel \u00e0 part enti\u00e8re et mettre en place des leviers de pr\u00e9vention.<\/p>\n<div class=\"rich-text rich-text_display rich-text_img-center\">\n<p class=\"rich-text_img\"> <img decoding=\"async\" src=\"https:\/\/www.accidentdutravail-idf.net\/blog\/wp-content\/uploads\/2024\/07\/securite-routiere-au-travail-des-chiffres-cles-pour-sensibiliser-aux-risques-daccidents.jpg\" alt=\"Actu risque routier\"> &nbsp; <\/p>\n<\/div>\n<p> accidentdutravail-idf.net vous a pr\u00e9par\u00e9 ce post qui informe du sujet \u00ab\u00a0Association Sportive Huisson-Longueville Essonne\u00a0\u00bb. La chronique se veut g\u00e9n\u00e9r\u00e9e du mieux possible. Vous pouvez utiliser les coordonn\u00e9es indiqu\u00e9es sur le site dans le but d\u2019apporter des explications sur ce post qui parle du th\u00e8me \u00ab\u00a0Association Sportive Huisson-Longueville Essonne\u00a0\u00bb. Le site accidentdutravail-idf.net a pour but de fournir diverses publications sur la th\u00e9matique Association Sportive Huisson-Longueville Essonne diffus\u00e9es sur le net. Il y aura plusieurs articles autour du sujet \u00ab\u00a0Association Sportive Huisson-Longueville Essonne\u00a0\u00bb dans quelques jours, nous vous invitons \u00e0 naviguer sur notre site web \u00e0 plusieurs reprises.<\/p>\n","protected":false},"excerpt":{"rendered":"<p>Les accidents routiers professionnels sont la deuxi\u00e8me cause de mortalit\u00e9 au travail en France. En moyenne, la route a g\u00e9n\u00e9r\u00e9 1,3 d\u00e9c\u00e8s par jour lors d\u2019un d\u00e9placement en lien avec le travail au cours de l\u2019ann\u00e9e 2022. Tous secteurs confondus, 485 personnes ont perdu la vie, sur le trajet domicile-travail ou lors d\u2019une mission. Ces &hellip; <\/p>\n<p class=\"link-more\"><a href=\"https:\/\/www.accidentdutravail-idf.net\/blog\/securite-routiere-au-travail-des-chiffres-cles-pour-sensibiliser-aux-risques-daccidents\/\" class=\"more-link\">Continuer la lecture <span class=\"screen-reader-text\"> \u00ab\u00a0S\u00e9curit\u00e9 routi\u00e8re au travail : des chiffres cl\u00e9s pour sensibiliser aux risques d\u2019accidents\u00a0\u00bb<\/span><\/a><\/p>\n","protected":false},"author":2,"featured_media":0,"comment_status":"closed","ping_status":"closed","sticky":false,"template":"","format":"standard","meta":{"footnotes":""},"categories":[5],"tags":[],"class_list":["post-577","post","type-post","status-publish","format-standard","hentry","category-securite-du-travail-en-ile-de-france-et-divers","entry"],"yoast_head":"<!-- This site is optimized with the Yoast SEO plugin v27.5 - https:\/\/yoast.com\/product\/yoast-seo-wordpress\/ -->\n<title>S\u00e9curit\u00e9 routi\u00e8re au travail : des chiffres cl\u00e9s pour sensibiliser aux risques d\u2019accidents - ACCIDENTDUTRAVAIL-IDF<\/title>\n<meta name=\"description\" content=\"S\u00e9curit\u00e9 routi\u00e8re au travail : des chiffres cl\u00e9s pour sensibiliser aux risques d\u2019accidents article de ACCIDENTDUTRAVAIL-IDF\" \/>\n<meta name=\"robots\" content=\"index, follow, max-snippet:-1, max-image-preview:large, max-video-preview:-1\" \/>\n<link rel=\"canonical\" href=\"https:\/\/www.accidentdutravail-idf.net\/blog\/securite-routiere-au-travail-des-chiffres-cles-pour-sensibiliser-aux-risques-daccidents\/\" \/>\n<meta property=\"og:locale\" content=\"fr_FR\" \/>\n<meta property=\"og:type\" content=\"article\" \/>\n<meta property=\"og:title\" content=\"S\u00e9curit\u00e9 routi\u00e8re au travail : des chiffres cl\u00e9s pour sensibiliser aux risques d\u2019accidents - ACCIDENTDUTRAVAIL-IDF\" \/>\n<meta property=\"og:description\" content=\"S\u00e9curit\u00e9 routi\u00e8re au travail : des chiffres cl\u00e9s pour sensibiliser aux risques d\u2019accidents article de ACCIDENTDUTRAVAIL-IDF\" \/>\n<meta property=\"og:url\" content=\"https:\/\/www.accidentdutravail-idf.net\/blog\/securite-routiere-au-travail-des-chiffres-cles-pour-sensibiliser-aux-risques-daccidents\/\" \/>\n<meta property=\"og:site_name\" content=\"ACCIDENTDUTRAVAIL-IDF\" \/>\n<meta property=\"article:published_time\" content=\"2024-07-17T17:00:00+00:00\" \/>\n<meta property=\"og:image\" content=\"https:\/\/www.accidentdutravail-idf.net\/blog\/wp-content\/uploads\/2024\/07\/securite-routiere-au-travail-des-chiffres-cles-pour-sensibiliser-aux-risques-daccidents.jpg\" \/>\n<meta name=\"author\" content=\"Carlos Poulain\" \/>\n<meta name=\"twitter:card\" content=\"summary_large_image\" \/>\n<meta name=\"twitter:label1\" content=\"\u00c9crit par\" \/>\n\t<meta name=\"twitter:data1\" content=\"Carlos Poulain\" \/>\n\t<meta name=\"twitter:label2\" content=\"Dur\u00e9e de lecture estim\u00e9e\" \/>\n\t<meta name=\"twitter:data2\" content=\"2 minutes\" \/>\n<script type=\"application\/ld+json\" class=\"yoast-schema-graph\">{\"@context\":\"https:\\\/\\\/schema.org\",\"@graph\":[{\"@type\":\"Article\",\"@id\":\"https:\\\/\\\/www.accidentdutravail-idf.net\\\/blog\\\/securite-routiere-au-travail-des-chiffres-cles-pour-sensibiliser-aux-risques-daccidents\\\/#article\",\"isPartOf\":{\"@id\":\"https:\\\/\\\/www.accidentdutravail-idf.net\\\/blog\\\/securite-routiere-au-travail-des-chiffres-cles-pour-sensibiliser-aux-risques-daccidents\\\/\"},\"author\":{\"name\":\"Carlos Poulain\",\"@id\":\"https:\\\/\\\/www.accidentdutravail-idf.net\\\/blog\\\/#\\\/schema\\\/person\\\/3255d2f970de45e64bd9201f38e7b947\"},\"headline\":\"S\u00e9curit\u00e9 routi\u00e8re au travail : des chiffres cl\u00e9s pour sensibiliser aux risques d\u2019accidents\",\"datePublished\":\"2024-07-17T17:00:00+00:00\",\"mainEntityOfPage\":{\"@id\":\"https:\\\/\\\/www.accidentdutravail-idf.net\\\/blog\\\/securite-routiere-au-travail-des-chiffres-cles-pour-sensibiliser-aux-risques-daccidents\\\/\"},\"wordCount\":432,\"publisher\":{\"@id\":\"https:\\\/\\\/www.accidentdutravail-idf.net\\\/blog\\\/#organization\"},\"image\":{\"@id\":\"https:\\\/\\\/www.accidentdutravail-idf.net\\\/blog\\\/securite-routiere-au-travail-des-chiffres-cles-pour-sensibiliser-aux-risques-daccidents\\\/#primaryimage\"},\"thumbnailUrl\":\"https:\\\/\\\/www.accidentdutravail-idf.net\\\/blog\\\/wp-content\\\/uploads\\\/2024\\\/07\\\/securite-routiere-au-travail-des-chiffres-cles-pour-sensibiliser-aux-risques-daccidents.jpg\",\"articleSection\":[\"S\u00e9curit\u00e9 Du Travail En Ile-De-France Et Divers:\"],\"inLanguage\":\"fr-FR\"},{\"@type\":\"WebPage\",\"@id\":\"https:\\\/\\\/www.accidentdutravail-idf.net\\\/blog\\\/securite-routiere-au-travail-des-chiffres-cles-pour-sensibiliser-aux-risques-daccidents\\\/\",\"url\":\"https:\\\/\\\/www.accidentdutravail-idf.net\\\/blog\\\/securite-routiere-au-travail-des-chiffres-cles-pour-sensibiliser-aux-risques-daccidents\\\/\",\"name\":\"S\u00e9curit\u00e9 routi\u00e8re au travail : des chiffres cl\u00e9s pour sensibiliser aux risques d\u2019accidents - ACCIDENTDUTRAVAIL-IDF\",\"isPartOf\":{\"@id\":\"https:\\\/\\\/www.accidentdutravail-idf.net\\\/blog\\\/#website\"},\"primaryImageOfPage\":{\"@id\":\"https:\\\/\\\/www.accidentdutravail-idf.net\\\/blog\\\/securite-routiere-au-travail-des-chiffres-cles-pour-sensibiliser-aux-risques-daccidents\\\/#primaryimage\"},\"image\":{\"@id\":\"https:\\\/\\\/www.accidentdutravail-idf.net\\\/blog\\\/securite-routiere-au-travail-des-chiffres-cles-pour-sensibiliser-aux-risques-daccidents\\\/#primaryimage\"},\"thumbnailUrl\":\"https:\\\/\\\/www.accidentdutravail-idf.net\\\/blog\\\/wp-content\\\/uploads\\\/2024\\\/07\\\/securite-routiere-au-travail-des-chiffres-cles-pour-sensibiliser-aux-risques-daccidents.jpg\",\"datePublished\":\"2024-07-17T17:00:00+00:00\",\"description\":\"S\u00e9curit\u00e9 routi\u00e8re au travail : des chiffres cl\u00e9s pour sensibiliser aux risques d\u2019accidents article de ACCIDENTDUTRAVAIL-IDF\",\"breadcrumb\":{\"@id\":\"https:\\\/\\\/www.accidentdutravail-idf.net\\\/blog\\\/securite-routiere-au-travail-des-chiffres-cles-pour-sensibiliser-aux-risques-daccidents\\\/#breadcrumb\"},\"inLanguage\":\"fr-FR\",\"potentialAction\":[{\"@type\":\"ReadAction\",\"target\":[\"https:\\\/\\\/www.accidentdutravail-idf.net\\\/blog\\\/securite-routiere-au-travail-des-chiffres-cles-pour-sensibiliser-aux-risques-daccidents\\\/\"]}]},{\"@type\":\"ImageObject\",\"inLanguage\":\"fr-FR\",\"@id\":\"https:\\\/\\\/www.accidentdutravail-idf.net\\\/blog\\\/securite-routiere-au-travail-des-chiffres-cles-pour-sensibiliser-aux-risques-daccidents\\\/#primaryimage\",\"url\":\"https:\\\/\\\/www.accidentdutravail-idf.net\\\/blog\\\/wp-content\\\/uploads\\\/2024\\\/07\\\/securite-routiere-au-travail-des-chiffres-cles-pour-sensibiliser-aux-risques-daccidents.jpg\",\"contentUrl\":\"https:\\\/\\\/www.accidentdutravail-idf.net\\\/blog\\\/wp-content\\\/uploads\\\/2024\\\/07\\\/securite-routiere-au-travail-des-chiffres-cles-pour-sensibiliser-aux-risques-daccidents.jpg\"},{\"@type\":\"BreadcrumbList\",\"@id\":\"https:\\\/\\\/www.accidentdutravail-idf.net\\\/blog\\\/securite-routiere-au-travail-des-chiffres-cles-pour-sensibiliser-aux-risques-daccidents\\\/#breadcrumb\",\"itemListElement\":[{\"@type\":\"ListItem\",\"position\":1,\"name\":\"Accueil\",\"item\":\"https:\\\/\\\/www.accidentdutravail-idf.net\\\/blog\\\/\"},{\"@type\":\"ListItem\",\"position\":2,\"name\":\"S\u00e9curit\u00e9 routi\u00e8re au travail : des chiffres cl\u00e9s pour sensibiliser aux risques d\u2019accidents\"}]},{\"@type\":\"WebSite\",\"@id\":\"https:\\\/\\\/www.accidentdutravail-idf.net\\\/blog\\\/#website\",\"url\":\"https:\\\/\\\/www.accidentdutravail-idf.net\\\/blog\\\/\",\"name\":\"ACCIDENTDUTRAVAIL-IDF\",\"description\":\"Portail accidents du travail-maladies professionnelles des entreprises d&#039;Ile-de-France\",\"publisher\":{\"@id\":\"https:\\\/\\\/www.accidentdutravail-idf.net\\\/blog\\\/#organization\"},\"potentialAction\":[{\"@type\":\"SearchAction\",\"target\":{\"@type\":\"EntryPoint\",\"urlTemplate\":\"https:\\\/\\\/www.accidentdutravail-idf.net\\\/blog\\\/?s={search_term_string}\"},\"query-input\":{\"@type\":\"PropertyValueSpecification\",\"valueRequired\":true,\"valueName\":\"search_term_string\"}}],\"inLanguage\":\"fr-FR\"},{\"@type\":\"Organization\",\"@id\":\"https:\\\/\\\/www.accidentdutravail-idf.net\\\/blog\\\/#organization\",\"name\":\"accidentdutravail-idf\",\"url\":\"https:\\\/\\\/www.accidentdutravail-idf.net\\\/blog\\\/\",\"logo\":{\"@type\":\"ImageObject\",\"inLanguage\":\"fr-FR\",\"@id\":\"https:\\\/\\\/www.accidentdutravail-idf.net\\\/blog\\\/#\\\/schema\\\/logo\\\/image\\\/\",\"url\":\"https:\\\/\\\/www.accidentdutravail-idf.net\\\/blog\\\/wp-content\\\/uploads\\\/2022\\\/09\\\/logo-2.png\",\"contentUrl\":\"https:\\\/\\\/www.accidentdutravail-idf.net\\\/blog\\\/wp-content\\\/uploads\\\/2022\\\/09\\\/logo-2.png\",\"width\":380,\"height\":291,\"caption\":\"accidentdutravail-idf\"},\"image\":{\"@id\":\"https:\\\/\\\/www.accidentdutravail-idf.net\\\/blog\\\/#\\\/schema\\\/logo\\\/image\\\/\"}},{\"@type\":\"Person\",\"@id\":\"https:\\\/\\\/www.accidentdutravail-idf.net\\\/blog\\\/#\\\/schema\\\/person\\\/3255d2f970de45e64bd9201f38e7b947\",\"name\":\"Carlos Poulain\",\"image\":{\"@type\":\"ImageObject\",\"inLanguage\":\"fr-FR\",\"@id\":\"https:\\\/\\\/secure.gravatar.com\\\/avatar\\\/b1c2f9d3588e34e91adb093635df64ef4b2381991216be7576466cfcdca4baf3?s=96&d=mm&r=g\",\"url\":\"https:\\\/\\\/secure.gravatar.com\\\/avatar\\\/b1c2f9d3588e34e91adb093635df64ef4b2381991216be7576466cfcdca4baf3?s=96&d=mm&r=g\",\"contentUrl\":\"https:\\\/\\\/secure.gravatar.com\\\/avatar\\\/b1c2f9d3588e34e91adb093635df64ef4b2381991216be7576466cfcdca4baf3?s=96&d=mm&r=g\",\"caption\":\"Carlos Poulain\"},\"url\":\"https:\\\/\\\/www.accidentdutravail-idf.net\\\/blog\\\/author\\\/idfcarlos\\\/\"}]}<\/script>\n<!-- \/ Yoast SEO plugin. -->","yoast_head_json":{"title":"S\u00e9curit\u00e9 routi\u00e8re au travail : des chiffres cl\u00e9s pour sensibiliser aux risques d\u2019accidents - ACCIDENTDUTRAVAIL-IDF","description":"S\u00e9curit\u00e9 routi\u00e8re au travail : des chiffres cl\u00e9s pour sensibiliser aux risques d\u2019accidents article de ACCIDENTDUTRAVAIL-IDF","robots":{"index":"index","follow":"follow","max-snippet":"max-snippet:-1","max-image-preview":"max-image-preview:large","max-video-preview":"max-video-preview:-1"},"canonical":"https:\/\/www.accidentdutravail-idf.net\/blog\/securite-routiere-au-travail-des-chiffres-cles-pour-sensibiliser-aux-risques-daccidents\/","og_locale":"fr_FR","og_type":"article","og_title":"S\u00e9curit\u00e9 routi\u00e8re au travail : des chiffres cl\u00e9s pour sensibiliser aux risques d\u2019accidents - ACCIDENTDUTRAVAIL-IDF","og_description":"S\u00e9curit\u00e9 routi\u00e8re au travail : des chiffres cl\u00e9s pour sensibiliser aux risques d\u2019accidents article de ACCIDENTDUTRAVAIL-IDF","og_url":"https:\/\/www.accidentdutravail-idf.net\/blog\/securite-routiere-au-travail-des-chiffres-cles-pour-sensibiliser-aux-risques-daccidents\/","og_site_name":"ACCIDENTDUTRAVAIL-IDF","article_published_time":"2024-07-17T17:00:00+00:00","og_image":[{"url":"https:\/\/www.accidentdutravail-idf.net\/blog\/wp-content\/uploads\/2024\/07\/securite-routiere-au-travail-des-chiffres-cles-pour-sensibiliser-aux-risques-daccidents.jpg","type":"","width":"","height":""}],"author":"Carlos Poulain","twitter_card":"summary_large_image","twitter_misc":{"\u00c9crit par":"Carlos Poulain","Dur\u00e9e de lecture estim\u00e9e":"2 minutes"},"schema":{"@context":"https:\/\/schema.org","@graph":[{"@type":"Article","@id":"https:\/\/www.accidentdutravail-idf.net\/blog\/securite-routiere-au-travail-des-chiffres-cles-pour-sensibiliser-aux-risques-daccidents\/#article","isPartOf":{"@id":"https:\/\/www.accidentdutravail-idf.net\/blog\/securite-routiere-au-travail-des-chiffres-cles-pour-sensibiliser-aux-risques-daccidents\/"},"author":{"name":"Carlos Poulain","@id":"https:\/\/www.accidentdutravail-idf.net\/blog\/#\/schema\/person\/3255d2f970de45e64bd9201f38e7b947"},"headline":"S\u00e9curit\u00e9 routi\u00e8re au travail : des chiffres cl\u00e9s pour sensibiliser aux risques d\u2019accidents","datePublished":"2024-07-17T17:00:00+00:00","mainEntityOfPage":{"@id":"https:\/\/www.accidentdutravail-idf.net\/blog\/securite-routiere-au-travail-des-chiffres-cles-pour-sensibiliser-aux-risques-daccidents\/"},"wordCount":432,"publisher":{"@id":"https:\/\/www.accidentdutravail-idf.net\/blog\/#organization"},"image":{"@id":"https:\/\/www.accidentdutravail-idf.net\/blog\/securite-routiere-au-travail-des-chiffres-cles-pour-sensibiliser-aux-risques-daccidents\/#primaryimage"},"thumbnailUrl":"https:\/\/www.accidentdutravail-idf.net\/blog\/wp-content\/uploads\/2024\/07\/securite-routiere-au-travail-des-chiffres-cles-pour-sensibiliser-aux-risques-daccidents.jpg","articleSection":["S\u00e9curit\u00e9 Du Travail En Ile-De-France Et Divers:"],"inLanguage":"fr-FR"},{"@type":"WebPage","@id":"https:\/\/www.accidentdutravail-idf.net\/blog\/securite-routiere-au-travail-des-chiffres-cles-pour-sensibiliser-aux-risques-daccidents\/","url":"https:\/\/www.accidentdutravail-idf.net\/blog\/securite-routiere-au-travail-des-chiffres-cles-pour-sensibiliser-aux-risques-daccidents\/","name":"S\u00e9curit\u00e9 routi\u00e8re au travail : des chiffres cl\u00e9s pour sensibiliser aux risques d\u2019accidents - ACCIDENTDUTRAVAIL-IDF","isPartOf":{"@id":"https:\/\/www.accidentdutravail-idf.net\/blog\/#website"},"primaryImageOfPage":{"@id":"https:\/\/www.accidentdutravail-idf.net\/blog\/securite-routiere-au-travail-des-chiffres-cles-pour-sensibiliser-aux-risques-daccidents\/#primaryimage"},"image":{"@id":"https:\/\/www.accidentdutravail-idf.net\/blog\/securite-routiere-au-travail-des-chiffres-cles-pour-sensibiliser-aux-risques-daccidents\/#primaryimage"},"thumbnailUrl":"https:\/\/www.accidentdutravail-idf.net\/blog\/wp-content\/uploads\/2024\/07\/securite-routiere-au-travail-des-chiffres-cles-pour-sensibiliser-aux-risques-daccidents.jpg","datePublished":"2024-07-17T17:00:00+00:00","description":"S\u00e9curit\u00e9 routi\u00e8re au travail : des chiffres cl\u00e9s pour sensibiliser aux risques d\u2019accidents article de ACCIDENTDUTRAVAIL-IDF","breadcrumb":{"@id":"https:\/\/www.accidentdutravail-idf.net\/blog\/securite-routiere-au-travail-des-chiffres-cles-pour-sensibiliser-aux-risques-daccidents\/#breadcrumb"},"inLanguage":"fr-FR","potentialAction":[{"@type":"ReadAction","target":["https:\/\/www.accidentdutravail-idf.net\/blog\/securite-routiere-au-travail-des-chiffres-cles-pour-sensibiliser-aux-risques-daccidents\/"]}]},{"@type":"ImageObject","inLanguage":"fr-FR","@id":"https:\/\/www.accidentdutravail-idf.net\/blog\/securite-routiere-au-travail-des-chiffres-cles-pour-sensibiliser-aux-risques-daccidents\/#primaryimage","url":"https:\/\/www.accidentdutravail-idf.net\/blog\/wp-content\/uploads\/2024\/07\/securite-routiere-au-travail-des-chiffres-cles-pour-sensibiliser-aux-risques-daccidents.jpg","contentUrl":"https:\/\/www.accidentdutravail-idf.net\/blog\/wp-content\/uploads\/2024\/07\/securite-routiere-au-travail-des-chiffres-cles-pour-sensibiliser-aux-risques-daccidents.jpg"},{"@type":"BreadcrumbList","@id":"https:\/\/www.accidentdutravail-idf.net\/blog\/securite-routiere-au-travail-des-chiffres-cles-pour-sensibiliser-aux-risques-daccidents\/#breadcrumb","itemListElement":[{"@type":"ListItem","position":1,"name":"Accueil","item":"https:\/\/www.accidentdutravail-idf.net\/blog\/"},{"@type":"ListItem","position":2,"name":"S\u00e9curit\u00e9 routi\u00e8re au travail : des chiffres cl\u00e9s pour sensibiliser aux risques d\u2019accidents"}]},{"@type":"WebSite","@id":"https:\/\/www.accidentdutravail-idf.net\/blog\/#website","url":"https:\/\/www.accidentdutravail-idf.net\/blog\/","name":"ACCIDENTDUTRAVAIL-IDF","description":"Portail accidents du travail-maladies professionnelles des entreprises d&#039;Ile-de-France","publisher":{"@id":"https:\/\/www.accidentdutravail-idf.net\/blog\/#organization"},"potentialAction":[{"@type":"SearchAction","target":{"@type":"EntryPoint","urlTemplate":"https:\/\/www.accidentdutravail-idf.net\/blog\/?s={search_term_string}"},"query-input":{"@type":"PropertyValueSpecification","valueRequired":true,"valueName":"search_term_string"}}],"inLanguage":"fr-FR"},{"@type":"Organization","@id":"https:\/\/www.accidentdutravail-idf.net\/blog\/#organization","name":"accidentdutravail-idf","url":"https:\/\/www.accidentdutravail-idf.net\/blog\/","logo":{"@type":"ImageObject","inLanguage":"fr-FR","@id":"https:\/\/www.accidentdutravail-idf.net\/blog\/#\/schema\/logo\/image\/","url":"https:\/\/www.accidentdutravail-idf.net\/blog\/wp-content\/uploads\/2022\/09\/logo-2.png","contentUrl":"https:\/\/www.accidentdutravail-idf.net\/blog\/wp-content\/uploads\/2022\/09\/logo-2.png","width":380,"height":291,"caption":"accidentdutravail-idf"},"image":{"@id":"https:\/\/www.accidentdutravail-idf.net\/blog\/#\/schema\/logo\/image\/"}},{"@type":"Person","@id":"https:\/\/www.accidentdutravail-idf.net\/blog\/#\/schema\/person\/3255d2f970de45e64bd9201f38e7b947","name":"Carlos Poulain","image":{"@type":"ImageObject","inLanguage":"fr-FR","@id":"https:\/\/secure.gravatar.com\/avatar\/b1c2f9d3588e34e91adb093635df64ef4b2381991216be7576466cfcdca4baf3?s=96&d=mm&r=g","url":"https:\/\/secure.gravatar.com\/avatar\/b1c2f9d3588e34e91adb093635df64ef4b2381991216be7576466cfcdca4baf3?s=96&d=mm&r=g","contentUrl":"https:\/\/secure.gravatar.com\/avatar\/b1c2f9d3588e34e91adb093635df64ef4b2381991216be7576466cfcdca4baf3?s=96&d=mm&r=g","caption":"Carlos Poulain"},"url":"https:\/\/www.accidentdutravail-idf.net\/blog\/author\/idfcarlos\/"}]}},"_links":{"self":[{"href":"https:\/\/www.accidentdutravail-idf.net\/blog\/wp-json\/wp\/v2\/posts\/577","targetHints":{"allow":["GET"]}}],"collection":[{"href":"https:\/\/www.accidentdutravail-idf.net\/blog\/wp-json\/wp\/v2\/posts"}],"about":[{"href":"https:\/\/www.accidentdutravail-idf.net\/blog\/wp-json\/wp\/v2\/types\/post"}],"author":[{"embeddable":true,"href":"https:\/\/www.accidentdutravail-idf.net\/blog\/wp-json\/wp\/v2\/users\/2"}],"replies":[{"embeddable":true,"href":"https:\/\/www.accidentdutravail-idf.net\/blog\/wp-json\/wp\/v2\/comments?post=577"}],"version-history":[{"count":0,"href":"https:\/\/www.accidentdutravail-idf.net\/blog\/wp-json\/wp\/v2\/posts\/577\/revisions"}],"wp:attachment":[{"href":"https:\/\/www.accidentdutravail-idf.net\/blog\/wp-json\/wp\/v2\/media?parent=577"}],"wp:term":[{"taxonomy":"category","embeddable":true,"href":"https:\/\/www.accidentdutravail-idf.net\/blog\/wp-json\/wp\/v2\/categories?post=577"},{"taxonomy":"post_tag","embeddable":true,"href":"https:\/\/www.accidentdutravail-idf.net\/blog\/wp-json\/wp\/v2\/tags?post=577"}],"curies":[{"name":"wp","href":"https:\/\/api.w.org\/{rel}","templated":true}]}}