{"id":576,"date":"2024-07-15T03:59:00","date_gmt":"2024-07-15T01:59:00","guid":{"rendered":"https:\/\/www.accidentdutravail-idf.net\/blog\/un-ouvrier-de-60-ans-se-coince-le-pied-sous-un-engin-de-levage\/"},"modified":"2024-07-15T03:59:00","modified_gmt":"2024-07-15T01:59:00","slug":"un-ouvrier-de-60-ans-se-coince-le-pied-sous-un-engin-de-levage","status":"publish","type":"post","link":"https:\/\/www.accidentdutravail-idf.net\/blog\/un-ouvrier-de-60-ans-se-coince-le-pied-sous-un-engin-de-levage\/","title":{"rendered":"Un ouvrier de 60 ans se coince le pied sous un engin de levage"},"content":{"rendered":"<div><img decoding=\"async\" src=\"https:\/\/www.accidentdutravail-idf.net\/blog\/wp-content\/uploads\/2024\/07\/un-ouvrier-de-60-ans-se-coince-le-pied-sous-un-engin-de-levage.jpg\" class=\"ff-og-image-inserted\"><\/div>\n<p> <span class=\"article-full__chapo-label hide-on-small-only\">l&rsquo;essentiel<\/span> Un accident du travail est arriv\u00e9, ce lundi matin, \u00e0 Saint-Cirq-Lapopie. La victime, un homme de 60 ans, a \u00e9t\u00e9 transport\u00e9e au centre hospitalier de Cahors. <\/p>\n<div> <!-- Pub DFP Position [outstream] --> <\/p>\n<p>Ce lundi matin, vers 10&nbsp;h, un accident de travail est survenu \u00e0 Saint-Cirq-Lapopie, Combel de Berbondy, sur la D8 au niveau du parking P6.<\/p>\n<h2 class=\"txt-int\">Le pied coinc\u00e9 sous l\u2019engin<\/h2>\n<p>Un engin de levage s\u2019est renvers\u00e9 alors qu\u2019un ouvrier de 60 ans \u00e9tait \u00e0 son bord. Ce dernier, semi-\u00e9ject\u00e9 lors de la chute, s\u2019est retrouv\u00e9 le pied coinc\u00e9 sous le v\u00e9hicule. Les pompiers de Lalbenque, Cajarc, Caylus et le DDSIS (directeur d\u00e9partemental des services d\u2019incendie et de secours) \u00e9taient sur place pour secourir la victime. L\u2019homme a \u00e9t\u00e9 d\u00e9gag\u00e9 de la machine avant d\u2019\u00eatre transport\u00e9 \u00e0 l\u2019h\u00f4pital de Cahors. Il souffrirait d\u2019une fracture du tibia.<\/p>\n<p><!-- Pub DFP Position [article] --> <\/p>\n<p>L\u2019inspection du travail a \u00e9t\u00e9 avertie. Le chef de service de l\u2019entreprise s\u2019est rendu sur les lieux, tout comme l\u2019\u00e9dile de la commune, Fr\u00e9d\u00e9ric Decremps.<\/p>\n<h2 class=\"txt-int\">La route ouverte de nouveau \u00e0 la circulation<\/h2>\n<p><span><span><span><span><span><span><span><span><span><span><span><span><span><span><span><span><span><span><span>Suite \u00e0 cet&nbsp;accident, les \u00e9quipes du d\u00e9partement en charge des routes ont mis en place une d\u00e9viation temporaire par les RD 8, RD 181 et RD 662.<\/span><\/span><\/span><\/span><\/span><\/span><\/span><\/span><\/span><\/span><\/span><\/span><\/span><\/span><\/span><\/span><\/span><\/span><\/span><\/p>\n<p><span><span><span><span><span><span><span><span><span><span><span><span><span><span><span><span><span><span><span>Avant de remettre en place la circulation, l\u2019engin renvers\u00e9 lors de l\u2019accident a d\u00fb&nbsp;\u00eatre enlev\u00e9 par une d\u00e9panneuse et la route doit \u00eatre nettoy\u00e9e, des hydrocarbures ayant \u00e9t\u00e9 d\u00e9vers\u00e9s sur la chauss\u00e9e. En fin de journ\u00e9e, la circulation \u00e9tait de retour \u00e0 la normale.<\/span><\/span><\/span><\/span><\/span><\/span><\/span><\/span><\/span><\/span><\/span><\/span><\/span><\/span><\/span><\/span><\/span><\/span><\/span><\/p>\n<\/p><\/div>\n<p>accidentdutravail-idf.net vous a pr\u00e9par\u00e9 ce post qui informe du sujet \u00ab\u00a0Association Sportive Huisson-Longueville Essonne\u00a0\u00bb. La chronique se veut g\u00e9n\u00e9r\u00e9e du mieux possible. Vous pouvez utiliser les coordonn\u00e9es indiqu\u00e9es sur le site dans le but d\u2019apporter des explications sur ce post qui parle du th\u00e8me \u00ab\u00a0Association Sportive Huisson-Longueville Essonne\u00a0\u00bb. Le site accidentdutravail-idf.net a pour but de fournir diverses publications sur la th\u00e9matique Association Sportive Huisson-Longueville Essonne diffus\u00e9es sur le net. Il y aura plusieurs articles autour du sujet \u00ab\u00a0Association Sportive Huisson-Longueville Essonne\u00a0\u00bb dans quelques jours, nous vous invitons \u00e0 naviguer sur notre site web \u00e0 plusieurs reprises.<\/p>\n","protected":false},"excerpt":{"rendered":"<p>l&rsquo;essentiel Un accident du travail est arriv\u00e9, ce lundi matin, \u00e0 Saint-Cirq-Lapopie. La victime, un homme de 60 ans, a \u00e9t\u00e9 transport\u00e9e au centre hospitalier de Cahors. Ce lundi matin, vers 10&nbsp;h, un accident de travail est survenu \u00e0 Saint-Cirq-Lapopie, Combel de Berbondy, sur la D8 au niveau du parking P6. Le pied coinc\u00e9 sous &hellip; <\/p>\n<p class=\"link-more\"><a href=\"https:\/\/www.accidentdutravail-idf.net\/blog\/un-ouvrier-de-60-ans-se-coince-le-pied-sous-un-engin-de-levage\/\" class=\"more-link\">Continuer la lecture <span class=\"screen-reader-text\"> \u00ab\u00a0Un ouvrier de 60 ans se coince le pied sous un engin de levage\u00a0\u00bb<\/span><\/a><\/p>\n","protected":false},"author":2,"featured_media":0,"comment_status":"closed","ping_status":"closed","sticky":false,"template":"","format":"standard","meta":{"footnotes":""},"categories":[5],"tags":[],"class_list":["post-576","post","type-post","status-publish","format-standard","hentry","category-securite-du-travail-en-ile-de-france-et-divers","entry"],"yoast_head":"<!-- This site is optimized with the Yoast SEO plugin v27.5 - https:\/\/yoast.com\/product\/yoast-seo-wordpress\/ -->\n<title>Un ouvrier de 60 ans se coince le pied sous un engin de levage - ACCIDENTDUTRAVAIL-IDF<\/title>\n<meta name=\"description\" content=\"Un ouvrier de 60 ans se coince le pied sous un engin de levage article de ACCIDENTDUTRAVAIL-IDF\" \/>\n<meta name=\"robots\" content=\"index, follow, max-snippet:-1, max-image-preview:large, max-video-preview:-1\" \/>\n<link rel=\"canonical\" href=\"https:\/\/www.accidentdutravail-idf.net\/blog\/un-ouvrier-de-60-ans-se-coince-le-pied-sous-un-engin-de-levage\/\" \/>\n<meta property=\"og:locale\" content=\"fr_FR\" \/>\n<meta property=\"og:type\" content=\"article\" \/>\n<meta property=\"og:title\" content=\"Un ouvrier de 60 ans se coince le pied sous un engin de levage - ACCIDENTDUTRAVAIL-IDF\" \/>\n<meta property=\"og:description\" content=\"Un ouvrier de 60 ans se coince le pied sous un engin de levage article de ACCIDENTDUTRAVAIL-IDF\" \/>\n<meta property=\"og:url\" content=\"https:\/\/www.accidentdutravail-idf.net\/blog\/un-ouvrier-de-60-ans-se-coince-le-pied-sous-un-engin-de-levage\/\" \/>\n<meta property=\"og:site_name\" content=\"ACCIDENTDUTRAVAIL-IDF\" \/>\n<meta property=\"article:published_time\" content=\"2024-07-15T01:59:00+00:00\" \/>\n<meta property=\"og:image\" content=\"https:\/\/www.accidentdutravail-idf.net\/blog\/wp-content\/uploads\/2024\/07\/un-ouvrier-de-60-ans-se-coince-le-pied-sous-un-engin-de-levage.jpg\" \/>\n<meta name=\"author\" content=\"Carlos Poulain\" \/>\n<meta name=\"twitter:card\" content=\"summary_large_image\" \/>\n<meta name=\"twitter:label1\" content=\"\u00c9crit par\" \/>\n\t<meta name=\"twitter:data1\" content=\"Carlos Poulain\" \/>\n\t<meta name=\"twitter:label2\" content=\"Dur\u00e9e de lecture estim\u00e9e\" \/>\n\t<meta name=\"twitter:data2\" content=\"2 minutes\" \/>\n<script type=\"application\/ld+json\" class=\"yoast-schema-graph\">{\"@context\":\"https:\\\/\\\/schema.org\",\"@graph\":[{\"@type\":\"Article\",\"@id\":\"https:\\\/\\\/www.accidentdutravail-idf.net\\\/blog\\\/un-ouvrier-de-60-ans-se-coince-le-pied-sous-un-engin-de-levage\\\/#article\",\"isPartOf\":{\"@id\":\"https:\\\/\\\/www.accidentdutravail-idf.net\\\/blog\\\/un-ouvrier-de-60-ans-se-coince-le-pied-sous-un-engin-de-levage\\\/\"},\"author\":{\"name\":\"Carlos Poulain\",\"@id\":\"https:\\\/\\\/www.accidentdutravail-idf.net\\\/blog\\\/#\\\/schema\\\/person\\\/3255d2f970de45e64bd9201f38e7b947\"},\"headline\":\"Un ouvrier de 60 ans se coince le pied sous un engin de levage\",\"datePublished\":\"2024-07-15T01:59:00+00:00\",\"mainEntityOfPage\":{\"@id\":\"https:\\\/\\\/www.accidentdutravail-idf.net\\\/blog\\\/un-ouvrier-de-60-ans-se-coince-le-pied-sous-un-engin-de-levage\\\/\"},\"wordCount\":378,\"publisher\":{\"@id\":\"https:\\\/\\\/www.accidentdutravail-idf.net\\\/blog\\\/#organization\"},\"image\":{\"@id\":\"https:\\\/\\\/www.accidentdutravail-idf.net\\\/blog\\\/un-ouvrier-de-60-ans-se-coince-le-pied-sous-un-engin-de-levage\\\/#primaryimage\"},\"thumbnailUrl\":\"https:\\\/\\\/www.accidentdutravail-idf.net\\\/blog\\\/wp-content\\\/uploads\\\/2024\\\/07\\\/un-ouvrier-de-60-ans-se-coince-le-pied-sous-un-engin-de-levage.jpg\",\"articleSection\":[\"S\u00e9curit\u00e9 Du Travail En Ile-De-France Et Divers:\"],\"inLanguage\":\"fr-FR\"},{\"@type\":\"WebPage\",\"@id\":\"https:\\\/\\\/www.accidentdutravail-idf.net\\\/blog\\\/un-ouvrier-de-60-ans-se-coince-le-pied-sous-un-engin-de-levage\\\/\",\"url\":\"https:\\\/\\\/www.accidentdutravail-idf.net\\\/blog\\\/un-ouvrier-de-60-ans-se-coince-le-pied-sous-un-engin-de-levage\\\/\",\"name\":\"Un ouvrier de 60 ans se coince le pied sous un engin de levage - ACCIDENTDUTRAVAIL-IDF\",\"isPartOf\":{\"@id\":\"https:\\\/\\\/www.accidentdutravail-idf.net\\\/blog\\\/#website\"},\"primaryImageOfPage\":{\"@id\":\"https:\\\/\\\/www.accidentdutravail-idf.net\\\/blog\\\/un-ouvrier-de-60-ans-se-coince-le-pied-sous-un-engin-de-levage\\\/#primaryimage\"},\"image\":{\"@id\":\"https:\\\/\\\/www.accidentdutravail-idf.net\\\/blog\\\/un-ouvrier-de-60-ans-se-coince-le-pied-sous-un-engin-de-levage\\\/#primaryimage\"},\"thumbnailUrl\":\"https:\\\/\\\/www.accidentdutravail-idf.net\\\/blog\\\/wp-content\\\/uploads\\\/2024\\\/07\\\/un-ouvrier-de-60-ans-se-coince-le-pied-sous-un-engin-de-levage.jpg\",\"datePublished\":\"2024-07-15T01:59:00+00:00\",\"description\":\"Un ouvrier de 60 ans se coince le pied sous un engin de levage article de ACCIDENTDUTRAVAIL-IDF\",\"breadcrumb\":{\"@id\":\"https:\\\/\\\/www.accidentdutravail-idf.net\\\/blog\\\/un-ouvrier-de-60-ans-se-coince-le-pied-sous-un-engin-de-levage\\\/#breadcrumb\"},\"inLanguage\":\"fr-FR\",\"potentialAction\":[{\"@type\":\"ReadAction\",\"target\":[\"https:\\\/\\\/www.accidentdutravail-idf.net\\\/blog\\\/un-ouvrier-de-60-ans-se-coince-le-pied-sous-un-engin-de-levage\\\/\"]}]},{\"@type\":\"ImageObject\",\"inLanguage\":\"fr-FR\",\"@id\":\"https:\\\/\\\/www.accidentdutravail-idf.net\\\/blog\\\/un-ouvrier-de-60-ans-se-coince-le-pied-sous-un-engin-de-levage\\\/#primaryimage\",\"url\":\"https:\\\/\\\/www.accidentdutravail-idf.net\\\/blog\\\/wp-content\\\/uploads\\\/2024\\\/07\\\/un-ouvrier-de-60-ans-se-coince-le-pied-sous-un-engin-de-levage.jpg\",\"contentUrl\":\"https:\\\/\\\/www.accidentdutravail-idf.net\\\/blog\\\/wp-content\\\/uploads\\\/2024\\\/07\\\/un-ouvrier-de-60-ans-se-coince-le-pied-sous-un-engin-de-levage.jpg\"},{\"@type\":\"BreadcrumbList\",\"@id\":\"https:\\\/\\\/www.accidentdutravail-idf.net\\\/blog\\\/un-ouvrier-de-60-ans-se-coince-le-pied-sous-un-engin-de-levage\\\/#breadcrumb\",\"itemListElement\":[{\"@type\":\"ListItem\",\"position\":1,\"name\":\"Accueil\",\"item\":\"https:\\\/\\\/www.accidentdutravail-idf.net\\\/blog\\\/\"},{\"@type\":\"ListItem\",\"position\":2,\"name\":\"Un ouvrier de 60 ans se coince le pied sous un engin de levage\"}]},{\"@type\":\"WebSite\",\"@id\":\"https:\\\/\\\/www.accidentdutravail-idf.net\\\/blog\\\/#website\",\"url\":\"https:\\\/\\\/www.accidentdutravail-idf.net\\\/blog\\\/\",\"name\":\"ACCIDENTDUTRAVAIL-IDF\",\"description\":\"Portail accidents du travail-maladies professionnelles des entreprises d&#039;Ile-de-France\",\"publisher\":{\"@id\":\"https:\\\/\\\/www.accidentdutravail-idf.net\\\/blog\\\/#organization\"},\"potentialAction\":[{\"@type\":\"SearchAction\",\"target\":{\"@type\":\"EntryPoint\",\"urlTemplate\":\"https:\\\/\\\/www.accidentdutravail-idf.net\\\/blog\\\/?s={search_term_string}\"},\"query-input\":{\"@type\":\"PropertyValueSpecification\",\"valueRequired\":true,\"valueName\":\"search_term_string\"}}],\"inLanguage\":\"fr-FR\"},{\"@type\":\"Organization\",\"@id\":\"https:\\\/\\\/www.accidentdutravail-idf.net\\\/blog\\\/#organization\",\"name\":\"accidentdutravail-idf\",\"url\":\"https:\\\/\\\/www.accidentdutravail-idf.net\\\/blog\\\/\",\"logo\":{\"@type\":\"ImageObject\",\"inLanguage\":\"fr-FR\",\"@id\":\"https:\\\/\\\/www.accidentdutravail-idf.net\\\/blog\\\/#\\\/schema\\\/logo\\\/image\\\/\",\"url\":\"https:\\\/\\\/www.accidentdutravail-idf.net\\\/blog\\\/wp-content\\\/uploads\\\/2022\\\/09\\\/logo-2.png\",\"contentUrl\":\"https:\\\/\\\/www.accidentdutravail-idf.net\\\/blog\\\/wp-content\\\/uploads\\\/2022\\\/09\\\/logo-2.png\",\"width\":380,\"height\":291,\"caption\":\"accidentdutravail-idf\"},\"image\":{\"@id\":\"https:\\\/\\\/www.accidentdutravail-idf.net\\\/blog\\\/#\\\/schema\\\/logo\\\/image\\\/\"}},{\"@type\":\"Person\",\"@id\":\"https:\\\/\\\/www.accidentdutravail-idf.net\\\/blog\\\/#\\\/schema\\\/person\\\/3255d2f970de45e64bd9201f38e7b947\",\"name\":\"Carlos Poulain\",\"image\":{\"@type\":\"ImageObject\",\"inLanguage\":\"fr-FR\",\"@id\":\"https:\\\/\\\/secure.gravatar.com\\\/avatar\\\/b1c2f9d3588e34e91adb093635df64ef4b2381991216be7576466cfcdca4baf3?s=96&d=mm&r=g\",\"url\":\"https:\\\/\\\/secure.gravatar.com\\\/avatar\\\/b1c2f9d3588e34e91adb093635df64ef4b2381991216be7576466cfcdca4baf3?s=96&d=mm&r=g\",\"contentUrl\":\"https:\\\/\\\/secure.gravatar.com\\\/avatar\\\/b1c2f9d3588e34e91adb093635df64ef4b2381991216be7576466cfcdca4baf3?s=96&d=mm&r=g\",\"caption\":\"Carlos Poulain\"},\"url\":\"https:\\\/\\\/www.accidentdutravail-idf.net\\\/blog\\\/author\\\/idfcarlos\\\/\"}]}<\/script>\n<!-- \/ Yoast SEO plugin. -->","yoast_head_json":{"title":"Un ouvrier de 60 ans se coince le pied sous un engin de levage - ACCIDENTDUTRAVAIL-IDF","description":"Un ouvrier de 60 ans se coince le pied sous un engin de levage article de ACCIDENTDUTRAVAIL-IDF","robots":{"index":"index","follow":"follow","max-snippet":"max-snippet:-1","max-image-preview":"max-image-preview:large","max-video-preview":"max-video-preview:-1"},"canonical":"https:\/\/www.accidentdutravail-idf.net\/blog\/un-ouvrier-de-60-ans-se-coince-le-pied-sous-un-engin-de-levage\/","og_locale":"fr_FR","og_type":"article","og_title":"Un ouvrier de 60 ans se coince le pied sous un engin de levage - ACCIDENTDUTRAVAIL-IDF","og_description":"Un ouvrier de 60 ans se coince le pied sous un engin de levage article de ACCIDENTDUTRAVAIL-IDF","og_url":"https:\/\/www.accidentdutravail-idf.net\/blog\/un-ouvrier-de-60-ans-se-coince-le-pied-sous-un-engin-de-levage\/","og_site_name":"ACCIDENTDUTRAVAIL-IDF","article_published_time":"2024-07-15T01:59:00+00:00","og_image":[{"url":"https:\/\/www.accidentdutravail-idf.net\/blog\/wp-content\/uploads\/2024\/07\/un-ouvrier-de-60-ans-se-coince-le-pied-sous-un-engin-de-levage.jpg","type":"","width":"","height":""}],"author":"Carlos Poulain","twitter_card":"summary_large_image","twitter_misc":{"\u00c9crit par":"Carlos Poulain","Dur\u00e9e de lecture estim\u00e9e":"2 minutes"},"schema":{"@context":"https:\/\/schema.org","@graph":[{"@type":"Article","@id":"https:\/\/www.accidentdutravail-idf.net\/blog\/un-ouvrier-de-60-ans-se-coince-le-pied-sous-un-engin-de-levage\/#article","isPartOf":{"@id":"https:\/\/www.accidentdutravail-idf.net\/blog\/un-ouvrier-de-60-ans-se-coince-le-pied-sous-un-engin-de-levage\/"},"author":{"name":"Carlos Poulain","@id":"https:\/\/www.accidentdutravail-idf.net\/blog\/#\/schema\/person\/3255d2f970de45e64bd9201f38e7b947"},"headline":"Un ouvrier de 60 ans se coince le pied sous un engin de levage","datePublished":"2024-07-15T01:59:00+00:00","mainEntityOfPage":{"@id":"https:\/\/www.accidentdutravail-idf.net\/blog\/un-ouvrier-de-60-ans-se-coince-le-pied-sous-un-engin-de-levage\/"},"wordCount":378,"publisher":{"@id":"https:\/\/www.accidentdutravail-idf.net\/blog\/#organization"},"image":{"@id":"https:\/\/www.accidentdutravail-idf.net\/blog\/un-ouvrier-de-60-ans-se-coince-le-pied-sous-un-engin-de-levage\/#primaryimage"},"thumbnailUrl":"https:\/\/www.accidentdutravail-idf.net\/blog\/wp-content\/uploads\/2024\/07\/un-ouvrier-de-60-ans-se-coince-le-pied-sous-un-engin-de-levage.jpg","articleSection":["S\u00e9curit\u00e9 Du Travail En Ile-De-France Et Divers:"],"inLanguage":"fr-FR"},{"@type":"WebPage","@id":"https:\/\/www.accidentdutravail-idf.net\/blog\/un-ouvrier-de-60-ans-se-coince-le-pied-sous-un-engin-de-levage\/","url":"https:\/\/www.accidentdutravail-idf.net\/blog\/un-ouvrier-de-60-ans-se-coince-le-pied-sous-un-engin-de-levage\/","name":"Un ouvrier de 60 ans se coince le pied sous un engin de levage - ACCIDENTDUTRAVAIL-IDF","isPartOf":{"@id":"https:\/\/www.accidentdutravail-idf.net\/blog\/#website"},"primaryImageOfPage":{"@id":"https:\/\/www.accidentdutravail-idf.net\/blog\/un-ouvrier-de-60-ans-se-coince-le-pied-sous-un-engin-de-levage\/#primaryimage"},"image":{"@id":"https:\/\/www.accidentdutravail-idf.net\/blog\/un-ouvrier-de-60-ans-se-coince-le-pied-sous-un-engin-de-levage\/#primaryimage"},"thumbnailUrl":"https:\/\/www.accidentdutravail-idf.net\/blog\/wp-content\/uploads\/2024\/07\/un-ouvrier-de-60-ans-se-coince-le-pied-sous-un-engin-de-levage.jpg","datePublished":"2024-07-15T01:59:00+00:00","description":"Un ouvrier de 60 ans se coince le pied sous un engin de levage article de ACCIDENTDUTRAVAIL-IDF","breadcrumb":{"@id":"https:\/\/www.accidentdutravail-idf.net\/blog\/un-ouvrier-de-60-ans-se-coince-le-pied-sous-un-engin-de-levage\/#breadcrumb"},"inLanguage":"fr-FR","potentialAction":[{"@type":"ReadAction","target":["https:\/\/www.accidentdutravail-idf.net\/blog\/un-ouvrier-de-60-ans-se-coince-le-pied-sous-un-engin-de-levage\/"]}]},{"@type":"ImageObject","inLanguage":"fr-FR","@id":"https:\/\/www.accidentdutravail-idf.net\/blog\/un-ouvrier-de-60-ans-se-coince-le-pied-sous-un-engin-de-levage\/#primaryimage","url":"https:\/\/www.accidentdutravail-idf.net\/blog\/wp-content\/uploads\/2024\/07\/un-ouvrier-de-60-ans-se-coince-le-pied-sous-un-engin-de-levage.jpg","contentUrl":"https:\/\/www.accidentdutravail-idf.net\/blog\/wp-content\/uploads\/2024\/07\/un-ouvrier-de-60-ans-se-coince-le-pied-sous-un-engin-de-levage.jpg"},{"@type":"BreadcrumbList","@id":"https:\/\/www.accidentdutravail-idf.net\/blog\/un-ouvrier-de-60-ans-se-coince-le-pied-sous-un-engin-de-levage\/#breadcrumb","itemListElement":[{"@type":"ListItem","position":1,"name":"Accueil","item":"https:\/\/www.accidentdutravail-idf.net\/blog\/"},{"@type":"ListItem","position":2,"name":"Un ouvrier de 60 ans se coince le pied sous un engin de levage"}]},{"@type":"WebSite","@id":"https:\/\/www.accidentdutravail-idf.net\/blog\/#website","url":"https:\/\/www.accidentdutravail-idf.net\/blog\/","name":"ACCIDENTDUTRAVAIL-IDF","description":"Portail accidents du travail-maladies professionnelles des entreprises d&#039;Ile-de-France","publisher":{"@id":"https:\/\/www.accidentdutravail-idf.net\/blog\/#organization"},"potentialAction":[{"@type":"SearchAction","target":{"@type":"EntryPoint","urlTemplate":"https:\/\/www.accidentdutravail-idf.net\/blog\/?s={search_term_string}"},"query-input":{"@type":"PropertyValueSpecification","valueRequired":true,"valueName":"search_term_string"}}],"inLanguage":"fr-FR"},{"@type":"Organization","@id":"https:\/\/www.accidentdutravail-idf.net\/blog\/#organization","name":"accidentdutravail-idf","url":"https:\/\/www.accidentdutravail-idf.net\/blog\/","logo":{"@type":"ImageObject","inLanguage":"fr-FR","@id":"https:\/\/www.accidentdutravail-idf.net\/blog\/#\/schema\/logo\/image\/","url":"https:\/\/www.accidentdutravail-idf.net\/blog\/wp-content\/uploads\/2022\/09\/logo-2.png","contentUrl":"https:\/\/www.accidentdutravail-idf.net\/blog\/wp-content\/uploads\/2022\/09\/logo-2.png","width":380,"height":291,"caption":"accidentdutravail-idf"},"image":{"@id":"https:\/\/www.accidentdutravail-idf.net\/blog\/#\/schema\/logo\/image\/"}},{"@type":"Person","@id":"https:\/\/www.accidentdutravail-idf.net\/blog\/#\/schema\/person\/3255d2f970de45e64bd9201f38e7b947","name":"Carlos Poulain","image":{"@type":"ImageObject","inLanguage":"fr-FR","@id":"https:\/\/secure.gravatar.com\/avatar\/b1c2f9d3588e34e91adb093635df64ef4b2381991216be7576466cfcdca4baf3?s=96&d=mm&r=g","url":"https:\/\/secure.gravatar.com\/avatar\/b1c2f9d3588e34e91adb093635df64ef4b2381991216be7576466cfcdca4baf3?s=96&d=mm&r=g","contentUrl":"https:\/\/secure.gravatar.com\/avatar\/b1c2f9d3588e34e91adb093635df64ef4b2381991216be7576466cfcdca4baf3?s=96&d=mm&r=g","caption":"Carlos Poulain"},"url":"https:\/\/www.accidentdutravail-idf.net\/blog\/author\/idfcarlos\/"}]}},"_links":{"self":[{"href":"https:\/\/www.accidentdutravail-idf.net\/blog\/wp-json\/wp\/v2\/posts\/576","targetHints":{"allow":["GET"]}}],"collection":[{"href":"https:\/\/www.accidentdutravail-idf.net\/blog\/wp-json\/wp\/v2\/posts"}],"about":[{"href":"https:\/\/www.accidentdutravail-idf.net\/blog\/wp-json\/wp\/v2\/types\/post"}],"author":[{"embeddable":true,"href":"https:\/\/www.accidentdutravail-idf.net\/blog\/wp-json\/wp\/v2\/users\/2"}],"replies":[{"embeddable":true,"href":"https:\/\/www.accidentdutravail-idf.net\/blog\/wp-json\/wp\/v2\/comments?post=576"}],"version-history":[{"count":0,"href":"https:\/\/www.accidentdutravail-idf.net\/blog\/wp-json\/wp\/v2\/posts\/576\/revisions"}],"wp:attachment":[{"href":"https:\/\/www.accidentdutravail-idf.net\/blog\/wp-json\/wp\/v2\/media?parent=576"}],"wp:term":[{"taxonomy":"category","embeddable":true,"href":"https:\/\/www.accidentdutravail-idf.net\/blog\/wp-json\/wp\/v2\/categories?post=576"},{"taxonomy":"post_tag","embeddable":true,"href":"https:\/\/www.accidentdutravail-idf.net\/blog\/wp-json\/wp\/v2\/tags?post=576"}],"curies":[{"name":"wp","href":"https:\/\/api.w.org\/{rel}","templated":true}]}}