{"id":573,"date":"2024-07-16T22:35:00","date_gmt":"2024-07-16T20:35:00","guid":{"rendered":"https:\/\/www.accidentdutravail-idf.net\/blog\/une-avancee-pour-la-protection-des-travailleurs-du-btp-lors-depisodes-caniculaires\/"},"modified":"2024-07-16T22:35:00","modified_gmt":"2024-07-16T20:35:00","slug":"une-avancee-pour-la-protection-des-travailleurs-du-btp-lors-depisodes-caniculaires","status":"publish","type":"post","link":"https:\/\/www.accidentdutravail-idf.net\/blog\/une-avancee-pour-la-protection-des-travailleurs-du-btp-lors-depisodes-caniculaires\/","title":{"rendered":"Une avanc\u00e9e pour la protection des travailleurs du BTP lors d\u2019\u00e9pisodes caniculaires"},"content":{"rendered":"<figure class=\"article__media\">   <img decoding=\"async\" src=\"https:\/\/www.accidentdutravail-idf.net\/blog\/wp-content\/uploads\/2024\/07\/une-avancee-pour-la-protection-des-travailleurs-du-btp-lors-depisodes-caniculaires.jpg\" alt=\"Un chantier de construction \u00e0 Airvault (Deux-S\u00e8vres), le 5&nbsp;juillet&nbsp;2024. \" width=\"664\" height=\"443\">   <img decoding=\"async\" src=\"https:\/\/www.accidentdutravail-idf.net\/blog\/wp-content\/uploads\/2024\/07\/une-avancee-pour-la-protection-des-travailleurs-du-btp-lors-depisodes-caniculaires.jpg\" alt=\"Un chantier de construction \u00e0 Airvault (Deux-S\u00e8vres), le 5&nbsp;juillet&nbsp;2024. \"><figcaption class=\"article__legend\" aria-hidden=\"true\">Un chantier de construction \u00e0 Airvault (Deux-S\u00e8vres), le 5&nbsp;juillet&nbsp;2024. <span class=\"article__credit\" aria-hidden=\"true\">PHILIPPE LOPEZ \/ AFP<\/span> <\/figcaption><\/figure>\n<p class=\"article__paragraph \">Adaptation au r\u00e9chauffement climatique oblige, <a href=\"https:\/\/www.legifrance.gouv.fr\/jorf\/id\/JORFTEXT000049832099\" target=\"_blank\" rel=\"noopener nofollow\" title=\"Nouvelle fen\u00eatre\">un d\u00e9cret<\/a> que les travailleurs du b\u00e2timent et des travaux publics demandaient depuis longtemps est paru le 28&nbsp;juin au <em>Journal officiel<\/em>&nbsp;: la canicule rejoint la liste des intemp\u00e9ries ouvrant le droit au ch\u00f4mage technique sur les chantiers.<\/p>\n<section class=\"catcher catcher--favoris\">\n<div class=\"catcher__content\"><span class=\"catcher__title catcher__title--hide\">Lire aussi |<\/span><span class=\"catcher__desc\"> <span class=\"icon__premium\"><span class=\"sr-only\">Article r\u00e9serv\u00e9 \u00e0 nos abonn\u00e9s<\/span><\/span> <a href=\"https:\/\/www.lemonde.fr\/planete\/article\/2022\/06\/16\/s-il-fait-trop-chaud-on-s-arrete-dans-le-btp-des-chantiers-freines-par-la-canicule_6130547_3244.html\" class=\"js-article-read-also catcher--favoris__link\" data-premium=\"1\" target=\"_blank\" rel=\"nofollow\">\u00ab&nbsp;S\u2019il fait trop chaud, on s\u2019arr\u00eate&nbsp;\u00bb, dans le BTP des chantiers frein\u00e9s par la canicule<\/a> <\/span> <\/div>\n<p> <button class=\"lmd-btn-icon lmd-btn-icon--primary lmd-btn-icon--m js-trigger-favorite js-lmd-dropdown-favorite-toggler\" aria-expanded=\"false\" aria-controls=\"lmd-dropdown-favorite\" aria-label=\"Ajouter \u00e0 vos s\u00e9lections\" data-article-id=\"3275378\" data-position=\"lire aussi\" data-url=\"https:\/\/www.lemonde.fr\/planete\/article\/2022\/06\/16\/s-il-fait-trop-chaud-on-s-arrete-dans-le-btp-des-chantiers-freines-par-la-canicule_6130547_3244.html\" data-status> <span class=\"icon__favorites\"><\/span> <span class=\"js-btn-icon-tooltip\" aria-hidden=\"true\">Ajouter \u00e0 vos s\u00e9lections<\/span> <\/button> <\/p>\n<\/section>\n<p class=\"article__paragraph \"><em>\u00ab&nbsp;C\u2019est une revendication que nous portons depuis 2018, lorsque nous avons commenc\u00e9 \u00e0 constater de r\u00e9els soucis sur les chantiers \u00e0 la suite de coups de chaleur&nbsp;\u00bb<\/em>, rappelle Fr\u00e9d\u00e9ric Mau, secr\u00e9taire de la f\u00e9d\u00e9ration CGT Bois et construction, qui se <em>\u00ab&nbsp;f\u00e9licite&nbsp;\u00bb<\/em> de ce <em>\u00ab&nbsp;signal politique important&nbsp;: tout le monde sait d\u00e9sormais que travailler dehors par 40&nbsp;\u00b0C repr\u00e9sente un risque av\u00e9r\u00e9 pour la sant\u00e9&nbsp;\u00bb.<\/em> Il prend l\u2019exemple des ouvriers charg\u00e9s de la r\u00e9fection des chauss\u00e9es.<em> \u00ab&nbsp;L\u2019enrob\u00e9 d\u00e9pos\u00e9 est \u00e0 150-160&nbsp;\u00b0C. Donc imaginez quand vous avez les pieds dessus avec un environnement ext\u00e9rieur \u00e0 40&nbsp;\u00b0C\u2026 La temp\u00e9rature de l\u2019air ambiant peut atteindre 80&nbsp;\u00b0C, on l\u2019a mesur\u00e9&nbsp;! Et on a vu des \u00e9vanouissements, m\u00eame chez des gars aguerris&nbsp;!&nbsp;\u00bb<\/em><\/p>\n<p class=\"article__paragraph \">Onze accidents du travail mortels en lien possible avec la chaleur sont survenus durant l\u2019\u00e9t\u00e9 2023, dont pr\u00e8s de la moiti\u00e9 dans le cadre d\u2019une activit\u00e9 professionnelle de construction et travaux, notait, en f\u00e9vrier, Sant\u00e9 publique France dans son <a href=\"https:\/\/www.santepubliquefrance.fr\/presse\/2024\/bilan-canicule-et-sante-un-ete-2023-marque-par-4-episodes-de-canicule-avec-un-impact-sanitaire-important#:~:text=Sant%C3%A9%20publique%20France,-presse%40santepubliquefrance.fr&amp;text=Le%20nombre%20de%20d%C3%A9c%C3%A8s%20toutes,de%20surveillance%20de%20l'%C3%A9t%C3%A9.\" target=\"_blank\" rel=\"noopener nofollow\" title=\"Nouvelle fen\u00eatre\">bilan \u00ab&nbsp;Canicule et sant\u00e9&nbsp;\u00bb<\/a>. Des chiffres sous-estim\u00e9s, selon le secr\u00e9taire f\u00e9d\u00e9ral CGT, <em>\u00ab&nbsp;parce que les causes d\u2019un malaise mortel sont \u00e9videmment moins flagrantes que celles d\u2019un d\u00e9c\u00e8s cons\u00e9cutif \u00e0 une chute de hauteur&nbsp;\u00bb.<\/em><\/p>\n<h2 class=\"article__sub-title\">Mutualiser les risques<\/h2>\n<p class=\"article__paragraph \">Le nouveau d\u00e9cret met ainsi \u00e0 jour le r\u00e9gime \u00ab&nbsp;ch\u00f4mage intemp\u00e9ries&nbsp;\u00bb cr\u00e9\u00e9 dans le BTP au lendemain de la seconde guerre mondiale, un temps o\u00f9 les canicules ne rythmaient pas encore les \u00e9t\u00e9s fran\u00e7ais. Dans ce secteur o\u00f9 une bonne part du travail se fait en ext\u00e9rieur, il permet d\u2019un c\u00f4t\u00e9 aux salari\u00e9s d\u2019\u00eatre indemnis\u00e9s si des conditions m\u00e9t\u00e9orologiques extr\u00eames (vent violent, fortes pluies, neige, gel) les obligent \u00e0 cesser le travail. Et, de l\u2019autre, aux entreprises de mutualiser les risques par le biais d\u2019une cotisation \u00e0 un fonds de r\u00e9serve qui finance cette indemnit\u00e9 vers\u00e9e aux salari\u00e9s au ch\u00f4mage technique.<\/p>\n<p class=\"article__paragraph \">Mercredi 10&nbsp;juillet, Olivier Salleron, le pr\u00e9sident de la F\u00e9d\u00e9ration fran\u00e7aise du b\u00e2timent, puissant lobby du secteur, s\u2019est \u00e9galement r\u00e9joui, devant la presse, de cette avanc\u00e9e. Le r\u00e9gime intemp\u00e9rie se d\u00e9clenchera en cas de vigilance orange ou rouge annonc\u00e9e par M\u00e9t\u00e9o France. <em>\u00ab&nbsp;La caisse remboursera alors les salaires des compagnons, c\u2019est automatique, <\/em>a-t-il expliqu\u00e9.<em>&nbsp;Mais aussi en cas d\u2019arr\u00eat\u00e9 pr\u00e9fectoral.&nbsp;\u00bb<\/em> Pour l\u2019ann\u00e9e 2024, la caisse des cong\u00e9s ne versera toutefois que 80&nbsp;% du salaire, la diff\u00e9rence restant \u00e0 la charge des entreprises.<\/p>\n<p><strong>Il vous reste 43.49% de cet article \u00e0 lire. La suite est r\u00e9serv\u00e9e aux abonn\u00e9s.<\/strong><\/p>\n<p> accidentdutravail-idf.net vous a pr\u00e9par\u00e9 ce post qui informe du sujet \u00ab\u00a0Association Sportive Huisson-Longueville Essonne\u00a0\u00bb. La chronique se veut g\u00e9n\u00e9r\u00e9e du mieux possible. Vous pouvez utiliser les coordonn\u00e9es indiqu\u00e9es sur le site dans le but d\u2019apporter des explications sur ce post qui parle du th\u00e8me \u00ab\u00a0Association Sportive Huisson-Longueville Essonne\u00a0\u00bb. Le site accidentdutravail-idf.net a pour but de fournir diverses publications sur la th\u00e9matique Association Sportive Huisson-Longueville Essonne diffus\u00e9es sur le net. Il y aura plusieurs articles autour du sujet \u00ab\u00a0Association Sportive Huisson-Longueville Essonne\u00a0\u00bb dans quelques jours, nous vous invitons \u00e0 naviguer sur notre site web \u00e0 plusieurs reprises.<\/p>\n","protected":false},"excerpt":{"rendered":"<p>Un chantier de construction \u00e0 Airvault (Deux-S\u00e8vres), le 5&nbsp;juillet&nbsp;2024. PHILIPPE LOPEZ \/ AFP Adaptation au r\u00e9chauffement climatique oblige, un d\u00e9cret que les travailleurs du b\u00e2timent et des travaux publics demandaient depuis longtemps est paru le 28&nbsp;juin au Journal officiel&nbsp;: la canicule rejoint la liste des intemp\u00e9ries ouvrant le droit au ch\u00f4mage technique sur les chantiers. &hellip; <\/p>\n<p class=\"link-more\"><a href=\"https:\/\/www.accidentdutravail-idf.net\/blog\/une-avancee-pour-la-protection-des-travailleurs-du-btp-lors-depisodes-caniculaires\/\" class=\"more-link\">Continuer la lecture <span class=\"screen-reader-text\"> \u00ab\u00a0Une avanc\u00e9e pour la protection des travailleurs du BTP lors d\u2019\u00e9pisodes caniculaires\u00a0\u00bb<\/span><\/a><\/p>\n","protected":false},"author":2,"featured_media":0,"comment_status":"closed","ping_status":"closed","sticky":false,"template":"","format":"standard","meta":{"footnotes":""},"categories":[5],"tags":[],"class_list":["post-573","post","type-post","status-publish","format-standard","hentry","category-securite-du-travail-en-ile-de-france-et-divers","entry"],"yoast_head":"<!-- This site is optimized with the Yoast SEO plugin v27.5 - https:\/\/yoast.com\/product\/yoast-seo-wordpress\/ -->\n<title>Une avanc\u00e9e pour la protection des travailleurs du BTP lors d\u2019\u00e9pisodes caniculaires - ACCIDENTDUTRAVAIL-IDF<\/title>\n<meta name=\"description\" content=\"Une avanc\u00e9e pour la protection des travailleurs du BTP lors d\u2019\u00e9pisodes caniculaires article de ACCIDENTDUTRAVAIL-IDF\" \/>\n<meta name=\"robots\" content=\"index, follow, max-snippet:-1, max-image-preview:large, max-video-preview:-1\" \/>\n<link rel=\"canonical\" href=\"https:\/\/www.accidentdutravail-idf.net\/blog\/une-avancee-pour-la-protection-des-travailleurs-du-btp-lors-depisodes-caniculaires\/\" \/>\n<meta property=\"og:locale\" content=\"fr_FR\" \/>\n<meta property=\"og:type\" content=\"article\" \/>\n<meta property=\"og:title\" content=\"Une avanc\u00e9e pour la protection des travailleurs du BTP lors d\u2019\u00e9pisodes caniculaires - ACCIDENTDUTRAVAIL-IDF\" \/>\n<meta property=\"og:description\" content=\"Une avanc\u00e9e pour la protection des travailleurs du BTP lors d\u2019\u00e9pisodes caniculaires article de ACCIDENTDUTRAVAIL-IDF\" \/>\n<meta property=\"og:url\" content=\"https:\/\/www.accidentdutravail-idf.net\/blog\/une-avancee-pour-la-protection-des-travailleurs-du-btp-lors-depisodes-caniculaires\/\" \/>\n<meta property=\"og:site_name\" content=\"ACCIDENTDUTRAVAIL-IDF\" \/>\n<meta property=\"article:published_time\" content=\"2024-07-16T20:35:00+00:00\" \/>\n<meta property=\"og:image\" content=\"https:\/\/www.accidentdutravail-idf.net\/blog\/wp-content\/uploads\/2024\/07\/une-avancee-pour-la-protection-des-travailleurs-du-btp-lors-depisodes-caniculaires.jpg\" \/>\n<meta name=\"author\" content=\"Carlos Poulain\" \/>\n<meta name=\"twitter:card\" content=\"summary_large_image\" \/>\n<meta name=\"twitter:label1\" content=\"\u00c9crit par\" \/>\n\t<meta name=\"twitter:data1\" content=\"Carlos Poulain\" \/>\n\t<meta name=\"twitter:label2\" content=\"Dur\u00e9e de lecture estim\u00e9e\" \/>\n\t<meta name=\"twitter:data2\" content=\"3 minutes\" \/>\n<script type=\"application\/ld+json\" class=\"yoast-schema-graph\">{\"@context\":\"https:\\\/\\\/schema.org\",\"@graph\":[{\"@type\":\"Article\",\"@id\":\"https:\\\/\\\/www.accidentdutravail-idf.net\\\/blog\\\/une-avancee-pour-la-protection-des-travailleurs-du-btp-lors-depisodes-caniculaires\\\/#article\",\"isPartOf\":{\"@id\":\"https:\\\/\\\/www.accidentdutravail-idf.net\\\/blog\\\/une-avancee-pour-la-protection-des-travailleurs-du-btp-lors-depisodes-caniculaires\\\/\"},\"author\":{\"name\":\"Carlos Poulain\",\"@id\":\"https:\\\/\\\/www.accidentdutravail-idf.net\\\/blog\\\/#\\\/schema\\\/person\\\/3255d2f970de45e64bd9201f38e7b947\"},\"headline\":\"Une avanc\u00e9e pour la protection des travailleurs du BTP lors d\u2019\u00e9pisodes caniculaires\",\"datePublished\":\"2024-07-16T20:35:00+00:00\",\"mainEntityOfPage\":{\"@id\":\"https:\\\/\\\/www.accidentdutravail-idf.net\\\/blog\\\/une-avancee-pour-la-protection-des-travailleurs-du-btp-lors-depisodes-caniculaires\\\/\"},\"wordCount\":696,\"publisher\":{\"@id\":\"https:\\\/\\\/www.accidentdutravail-idf.net\\\/blog\\\/#organization\"},\"image\":{\"@id\":\"https:\\\/\\\/www.accidentdutravail-idf.net\\\/blog\\\/une-avancee-pour-la-protection-des-travailleurs-du-btp-lors-depisodes-caniculaires\\\/#primaryimage\"},\"thumbnailUrl\":\"https:\\\/\\\/www.accidentdutravail-idf.net\\\/blog\\\/wp-content\\\/uploads\\\/2024\\\/07\\\/une-avancee-pour-la-protection-des-travailleurs-du-btp-lors-depisodes-caniculaires.jpg\",\"articleSection\":[\"S\u00e9curit\u00e9 Du Travail En Ile-De-France Et Divers:\"],\"inLanguage\":\"fr-FR\"},{\"@type\":\"WebPage\",\"@id\":\"https:\\\/\\\/www.accidentdutravail-idf.net\\\/blog\\\/une-avancee-pour-la-protection-des-travailleurs-du-btp-lors-depisodes-caniculaires\\\/\",\"url\":\"https:\\\/\\\/www.accidentdutravail-idf.net\\\/blog\\\/une-avancee-pour-la-protection-des-travailleurs-du-btp-lors-depisodes-caniculaires\\\/\",\"name\":\"Une avanc\u00e9e pour la protection des travailleurs du BTP lors d\u2019\u00e9pisodes caniculaires - ACCIDENTDUTRAVAIL-IDF\",\"isPartOf\":{\"@id\":\"https:\\\/\\\/www.accidentdutravail-idf.net\\\/blog\\\/#website\"},\"primaryImageOfPage\":{\"@id\":\"https:\\\/\\\/www.accidentdutravail-idf.net\\\/blog\\\/une-avancee-pour-la-protection-des-travailleurs-du-btp-lors-depisodes-caniculaires\\\/#primaryimage\"},\"image\":{\"@id\":\"https:\\\/\\\/www.accidentdutravail-idf.net\\\/blog\\\/une-avancee-pour-la-protection-des-travailleurs-du-btp-lors-depisodes-caniculaires\\\/#primaryimage\"},\"thumbnailUrl\":\"https:\\\/\\\/www.accidentdutravail-idf.net\\\/blog\\\/wp-content\\\/uploads\\\/2024\\\/07\\\/une-avancee-pour-la-protection-des-travailleurs-du-btp-lors-depisodes-caniculaires.jpg\",\"datePublished\":\"2024-07-16T20:35:00+00:00\",\"description\":\"Une avanc\u00e9e pour la protection des travailleurs du BTP lors d\u2019\u00e9pisodes caniculaires article de ACCIDENTDUTRAVAIL-IDF\",\"breadcrumb\":{\"@id\":\"https:\\\/\\\/www.accidentdutravail-idf.net\\\/blog\\\/une-avancee-pour-la-protection-des-travailleurs-du-btp-lors-depisodes-caniculaires\\\/#breadcrumb\"},\"inLanguage\":\"fr-FR\",\"potentialAction\":[{\"@type\":\"ReadAction\",\"target\":[\"https:\\\/\\\/www.accidentdutravail-idf.net\\\/blog\\\/une-avancee-pour-la-protection-des-travailleurs-du-btp-lors-depisodes-caniculaires\\\/\"]}]},{\"@type\":\"ImageObject\",\"inLanguage\":\"fr-FR\",\"@id\":\"https:\\\/\\\/www.accidentdutravail-idf.net\\\/blog\\\/une-avancee-pour-la-protection-des-travailleurs-du-btp-lors-depisodes-caniculaires\\\/#primaryimage\",\"url\":\"https:\\\/\\\/www.accidentdutravail-idf.net\\\/blog\\\/wp-content\\\/uploads\\\/2024\\\/07\\\/une-avancee-pour-la-protection-des-travailleurs-du-btp-lors-depisodes-caniculaires.jpg\",\"contentUrl\":\"https:\\\/\\\/www.accidentdutravail-idf.net\\\/blog\\\/wp-content\\\/uploads\\\/2024\\\/07\\\/une-avancee-pour-la-protection-des-travailleurs-du-btp-lors-depisodes-caniculaires.jpg\"},{\"@type\":\"BreadcrumbList\",\"@id\":\"https:\\\/\\\/www.accidentdutravail-idf.net\\\/blog\\\/une-avancee-pour-la-protection-des-travailleurs-du-btp-lors-depisodes-caniculaires\\\/#breadcrumb\",\"itemListElement\":[{\"@type\":\"ListItem\",\"position\":1,\"name\":\"Accueil\",\"item\":\"https:\\\/\\\/www.accidentdutravail-idf.net\\\/blog\\\/\"},{\"@type\":\"ListItem\",\"position\":2,\"name\":\"Une avanc\u00e9e pour la protection des travailleurs du BTP lors d\u2019\u00e9pisodes caniculaires\"}]},{\"@type\":\"WebSite\",\"@id\":\"https:\\\/\\\/www.accidentdutravail-idf.net\\\/blog\\\/#website\",\"url\":\"https:\\\/\\\/www.accidentdutravail-idf.net\\\/blog\\\/\",\"name\":\"ACCIDENTDUTRAVAIL-IDF\",\"description\":\"Portail accidents du travail-maladies professionnelles des entreprises d&#039;Ile-de-France\",\"publisher\":{\"@id\":\"https:\\\/\\\/www.accidentdutravail-idf.net\\\/blog\\\/#organization\"},\"potentialAction\":[{\"@type\":\"SearchAction\",\"target\":{\"@type\":\"EntryPoint\",\"urlTemplate\":\"https:\\\/\\\/www.accidentdutravail-idf.net\\\/blog\\\/?s={search_term_string}\"},\"query-input\":{\"@type\":\"PropertyValueSpecification\",\"valueRequired\":true,\"valueName\":\"search_term_string\"}}],\"inLanguage\":\"fr-FR\"},{\"@type\":\"Organization\",\"@id\":\"https:\\\/\\\/www.accidentdutravail-idf.net\\\/blog\\\/#organization\",\"name\":\"accidentdutravail-idf\",\"url\":\"https:\\\/\\\/www.accidentdutravail-idf.net\\\/blog\\\/\",\"logo\":{\"@type\":\"ImageObject\",\"inLanguage\":\"fr-FR\",\"@id\":\"https:\\\/\\\/www.accidentdutravail-idf.net\\\/blog\\\/#\\\/schema\\\/logo\\\/image\\\/\",\"url\":\"https:\\\/\\\/www.accidentdutravail-idf.net\\\/blog\\\/wp-content\\\/uploads\\\/2022\\\/09\\\/logo-2.png\",\"contentUrl\":\"https:\\\/\\\/www.accidentdutravail-idf.net\\\/blog\\\/wp-content\\\/uploads\\\/2022\\\/09\\\/logo-2.png\",\"width\":380,\"height\":291,\"caption\":\"accidentdutravail-idf\"},\"image\":{\"@id\":\"https:\\\/\\\/www.accidentdutravail-idf.net\\\/blog\\\/#\\\/schema\\\/logo\\\/image\\\/\"}},{\"@type\":\"Person\",\"@id\":\"https:\\\/\\\/www.accidentdutravail-idf.net\\\/blog\\\/#\\\/schema\\\/person\\\/3255d2f970de45e64bd9201f38e7b947\",\"name\":\"Carlos Poulain\",\"image\":{\"@type\":\"ImageObject\",\"inLanguage\":\"fr-FR\",\"@id\":\"https:\\\/\\\/secure.gravatar.com\\\/avatar\\\/b1c2f9d3588e34e91adb093635df64ef4b2381991216be7576466cfcdca4baf3?s=96&d=mm&r=g\",\"url\":\"https:\\\/\\\/secure.gravatar.com\\\/avatar\\\/b1c2f9d3588e34e91adb093635df64ef4b2381991216be7576466cfcdca4baf3?s=96&d=mm&r=g\",\"contentUrl\":\"https:\\\/\\\/secure.gravatar.com\\\/avatar\\\/b1c2f9d3588e34e91adb093635df64ef4b2381991216be7576466cfcdca4baf3?s=96&d=mm&r=g\",\"caption\":\"Carlos Poulain\"},\"url\":\"https:\\\/\\\/www.accidentdutravail-idf.net\\\/blog\\\/author\\\/idfcarlos\\\/\"}]}<\/script>\n<!-- \/ Yoast SEO plugin. -->","yoast_head_json":{"title":"Une avanc\u00e9e pour la protection des travailleurs du BTP lors d\u2019\u00e9pisodes caniculaires - ACCIDENTDUTRAVAIL-IDF","description":"Une avanc\u00e9e pour la protection des travailleurs du BTP lors d\u2019\u00e9pisodes caniculaires article de ACCIDENTDUTRAVAIL-IDF","robots":{"index":"index","follow":"follow","max-snippet":"max-snippet:-1","max-image-preview":"max-image-preview:large","max-video-preview":"max-video-preview:-1"},"canonical":"https:\/\/www.accidentdutravail-idf.net\/blog\/une-avancee-pour-la-protection-des-travailleurs-du-btp-lors-depisodes-caniculaires\/","og_locale":"fr_FR","og_type":"article","og_title":"Une avanc\u00e9e pour la protection des travailleurs du BTP lors d\u2019\u00e9pisodes caniculaires - ACCIDENTDUTRAVAIL-IDF","og_description":"Une avanc\u00e9e pour la protection des travailleurs du BTP lors d\u2019\u00e9pisodes caniculaires article de ACCIDENTDUTRAVAIL-IDF","og_url":"https:\/\/www.accidentdutravail-idf.net\/blog\/une-avancee-pour-la-protection-des-travailleurs-du-btp-lors-depisodes-caniculaires\/","og_site_name":"ACCIDENTDUTRAVAIL-IDF","article_published_time":"2024-07-16T20:35:00+00:00","og_image":[{"url":"https:\/\/www.accidentdutravail-idf.net\/blog\/wp-content\/uploads\/2024\/07\/une-avancee-pour-la-protection-des-travailleurs-du-btp-lors-depisodes-caniculaires.jpg","type":"","width":"","height":""}],"author":"Carlos Poulain","twitter_card":"summary_large_image","twitter_misc":{"\u00c9crit par":"Carlos Poulain","Dur\u00e9e de lecture estim\u00e9e":"3 minutes"},"schema":{"@context":"https:\/\/schema.org","@graph":[{"@type":"Article","@id":"https:\/\/www.accidentdutravail-idf.net\/blog\/une-avancee-pour-la-protection-des-travailleurs-du-btp-lors-depisodes-caniculaires\/#article","isPartOf":{"@id":"https:\/\/www.accidentdutravail-idf.net\/blog\/une-avancee-pour-la-protection-des-travailleurs-du-btp-lors-depisodes-caniculaires\/"},"author":{"name":"Carlos Poulain","@id":"https:\/\/www.accidentdutravail-idf.net\/blog\/#\/schema\/person\/3255d2f970de45e64bd9201f38e7b947"},"headline":"Une avanc\u00e9e pour la protection des travailleurs du BTP lors d\u2019\u00e9pisodes caniculaires","datePublished":"2024-07-16T20:35:00+00:00","mainEntityOfPage":{"@id":"https:\/\/www.accidentdutravail-idf.net\/blog\/une-avancee-pour-la-protection-des-travailleurs-du-btp-lors-depisodes-caniculaires\/"},"wordCount":696,"publisher":{"@id":"https:\/\/www.accidentdutravail-idf.net\/blog\/#organization"},"image":{"@id":"https:\/\/www.accidentdutravail-idf.net\/blog\/une-avancee-pour-la-protection-des-travailleurs-du-btp-lors-depisodes-caniculaires\/#primaryimage"},"thumbnailUrl":"https:\/\/www.accidentdutravail-idf.net\/blog\/wp-content\/uploads\/2024\/07\/une-avancee-pour-la-protection-des-travailleurs-du-btp-lors-depisodes-caniculaires.jpg","articleSection":["S\u00e9curit\u00e9 Du Travail En Ile-De-France Et Divers:"],"inLanguage":"fr-FR"},{"@type":"WebPage","@id":"https:\/\/www.accidentdutravail-idf.net\/blog\/une-avancee-pour-la-protection-des-travailleurs-du-btp-lors-depisodes-caniculaires\/","url":"https:\/\/www.accidentdutravail-idf.net\/blog\/une-avancee-pour-la-protection-des-travailleurs-du-btp-lors-depisodes-caniculaires\/","name":"Une avanc\u00e9e pour la protection des travailleurs du BTP lors d\u2019\u00e9pisodes caniculaires - ACCIDENTDUTRAVAIL-IDF","isPartOf":{"@id":"https:\/\/www.accidentdutravail-idf.net\/blog\/#website"},"primaryImageOfPage":{"@id":"https:\/\/www.accidentdutravail-idf.net\/blog\/une-avancee-pour-la-protection-des-travailleurs-du-btp-lors-depisodes-caniculaires\/#primaryimage"},"image":{"@id":"https:\/\/www.accidentdutravail-idf.net\/blog\/une-avancee-pour-la-protection-des-travailleurs-du-btp-lors-depisodes-caniculaires\/#primaryimage"},"thumbnailUrl":"https:\/\/www.accidentdutravail-idf.net\/blog\/wp-content\/uploads\/2024\/07\/une-avancee-pour-la-protection-des-travailleurs-du-btp-lors-depisodes-caniculaires.jpg","datePublished":"2024-07-16T20:35:00+00:00","description":"Une avanc\u00e9e pour la protection des travailleurs du BTP lors d\u2019\u00e9pisodes caniculaires article de ACCIDENTDUTRAVAIL-IDF","breadcrumb":{"@id":"https:\/\/www.accidentdutravail-idf.net\/blog\/une-avancee-pour-la-protection-des-travailleurs-du-btp-lors-depisodes-caniculaires\/#breadcrumb"},"inLanguage":"fr-FR","potentialAction":[{"@type":"ReadAction","target":["https:\/\/www.accidentdutravail-idf.net\/blog\/une-avancee-pour-la-protection-des-travailleurs-du-btp-lors-depisodes-caniculaires\/"]}]},{"@type":"ImageObject","inLanguage":"fr-FR","@id":"https:\/\/www.accidentdutravail-idf.net\/blog\/une-avancee-pour-la-protection-des-travailleurs-du-btp-lors-depisodes-caniculaires\/#primaryimage","url":"https:\/\/www.accidentdutravail-idf.net\/blog\/wp-content\/uploads\/2024\/07\/une-avancee-pour-la-protection-des-travailleurs-du-btp-lors-depisodes-caniculaires.jpg","contentUrl":"https:\/\/www.accidentdutravail-idf.net\/blog\/wp-content\/uploads\/2024\/07\/une-avancee-pour-la-protection-des-travailleurs-du-btp-lors-depisodes-caniculaires.jpg"},{"@type":"BreadcrumbList","@id":"https:\/\/www.accidentdutravail-idf.net\/blog\/une-avancee-pour-la-protection-des-travailleurs-du-btp-lors-depisodes-caniculaires\/#breadcrumb","itemListElement":[{"@type":"ListItem","position":1,"name":"Accueil","item":"https:\/\/www.accidentdutravail-idf.net\/blog\/"},{"@type":"ListItem","position":2,"name":"Une avanc\u00e9e pour la protection des travailleurs du BTP lors d\u2019\u00e9pisodes caniculaires"}]},{"@type":"WebSite","@id":"https:\/\/www.accidentdutravail-idf.net\/blog\/#website","url":"https:\/\/www.accidentdutravail-idf.net\/blog\/","name":"ACCIDENTDUTRAVAIL-IDF","description":"Portail accidents du travail-maladies professionnelles des entreprises d&#039;Ile-de-France","publisher":{"@id":"https:\/\/www.accidentdutravail-idf.net\/blog\/#organization"},"potentialAction":[{"@type":"SearchAction","target":{"@type":"EntryPoint","urlTemplate":"https:\/\/www.accidentdutravail-idf.net\/blog\/?s={search_term_string}"},"query-input":{"@type":"PropertyValueSpecification","valueRequired":true,"valueName":"search_term_string"}}],"inLanguage":"fr-FR"},{"@type":"Organization","@id":"https:\/\/www.accidentdutravail-idf.net\/blog\/#organization","name":"accidentdutravail-idf","url":"https:\/\/www.accidentdutravail-idf.net\/blog\/","logo":{"@type":"ImageObject","inLanguage":"fr-FR","@id":"https:\/\/www.accidentdutravail-idf.net\/blog\/#\/schema\/logo\/image\/","url":"https:\/\/www.accidentdutravail-idf.net\/blog\/wp-content\/uploads\/2022\/09\/logo-2.png","contentUrl":"https:\/\/www.accidentdutravail-idf.net\/blog\/wp-content\/uploads\/2022\/09\/logo-2.png","width":380,"height":291,"caption":"accidentdutravail-idf"},"image":{"@id":"https:\/\/www.accidentdutravail-idf.net\/blog\/#\/schema\/logo\/image\/"}},{"@type":"Person","@id":"https:\/\/www.accidentdutravail-idf.net\/blog\/#\/schema\/person\/3255d2f970de45e64bd9201f38e7b947","name":"Carlos Poulain","image":{"@type":"ImageObject","inLanguage":"fr-FR","@id":"https:\/\/secure.gravatar.com\/avatar\/b1c2f9d3588e34e91adb093635df64ef4b2381991216be7576466cfcdca4baf3?s=96&d=mm&r=g","url":"https:\/\/secure.gravatar.com\/avatar\/b1c2f9d3588e34e91adb093635df64ef4b2381991216be7576466cfcdca4baf3?s=96&d=mm&r=g","contentUrl":"https:\/\/secure.gravatar.com\/avatar\/b1c2f9d3588e34e91adb093635df64ef4b2381991216be7576466cfcdca4baf3?s=96&d=mm&r=g","caption":"Carlos Poulain"},"url":"https:\/\/www.accidentdutravail-idf.net\/blog\/author\/idfcarlos\/"}]}},"_links":{"self":[{"href":"https:\/\/www.accidentdutravail-idf.net\/blog\/wp-json\/wp\/v2\/posts\/573","targetHints":{"allow":["GET"]}}],"collection":[{"href":"https:\/\/www.accidentdutravail-idf.net\/blog\/wp-json\/wp\/v2\/posts"}],"about":[{"href":"https:\/\/www.accidentdutravail-idf.net\/blog\/wp-json\/wp\/v2\/types\/post"}],"author":[{"embeddable":true,"href":"https:\/\/www.accidentdutravail-idf.net\/blog\/wp-json\/wp\/v2\/users\/2"}],"replies":[{"embeddable":true,"href":"https:\/\/www.accidentdutravail-idf.net\/blog\/wp-json\/wp\/v2\/comments?post=573"}],"version-history":[{"count":0,"href":"https:\/\/www.accidentdutravail-idf.net\/blog\/wp-json\/wp\/v2\/posts\/573\/revisions"}],"wp:attachment":[{"href":"https:\/\/www.accidentdutravail-idf.net\/blog\/wp-json\/wp\/v2\/media?parent=573"}],"wp:term":[{"taxonomy":"category","embeddable":true,"href":"https:\/\/www.accidentdutravail-idf.net\/blog\/wp-json\/wp\/v2\/categories?post=573"},{"taxonomy":"post_tag","embeddable":true,"href":"https:\/\/www.accidentdutravail-idf.net\/blog\/wp-json\/wp\/v2\/tags?post=573"}],"curies":[{"name":"wp","href":"https:\/\/api.w.org\/{rel}","templated":true}]}}