{"id":563,"date":"2024-07-15T04:20:00","date_gmt":"2024-07-15T02:20:00","guid":{"rendered":"https:\/\/www.accidentdutravail-idf.net\/blog\/infirmier-de-sante-au-travail-h-f\/"},"modified":"2024-07-15T04:20:00","modified_gmt":"2024-07-15T02:20:00","slug":"infirmier-de-sante-au-travail-h-f","status":"publish","type":"post","link":"https:\/\/www.accidentdutravail-idf.net\/blog\/infirmier-de-sante-au-travail-h-f\/","title":{"rendered":"INFIRMIER DE SANTE AU TRAVAIL H\/F"},"content":{"rendered":"<div data-v-a2da26ae>\n<p><h2 class=\"section-heading\" data-v-13616b5b data-v-78b86706> Descriptif du poste<br \/>\n<\/h2>\n<p> <span data-v-78b86706><br \/>\nNotre agence Ad\u00e9quat M\u00e9dical recrute pour un \u00e9tablissement public de sant\u00e9 mentale \u00e0 Le Mans, en CDI du lundi au vendredi de 8h30 \u00e0 17h00 (37h30) \u00e0 partir du 1er septembre : INFIRMIER(E) DE SANTE AU TRAVAIL Missions : &#8211; R\u00e9aliser des entretiens infirmier et assister le m\u00e9decin du travail lors des visites p\u00e9riodiques.<br \/>\n&#8211; Assurer la gestion physique et psychologique des accidents du travail<br \/>\n&#8211; Effectuer des \u00e9tudes ergonomiques de poste de travail<br \/>\n&#8211; Collaborer \u00e0 la formation des \u00e9tudiants infirmiers et participer aux diff\u00e9rentes instances en tant que membre consultatif &#8211; Etablir des fiches descriptives des maladies professionnelles<\/span> <\/p>\n<div class=\"section\" data-v-78b86706 data-v-a2da26ae>\n<h2 class=\"section-heading\" data-v-13616b5b data-v-78b86706> Profil recherch\u00e9<br \/>\n<\/h2>\n<p> <span data-v-78b86706>Votre profil : Un professionnel (H\/F) ayant une connaissance de la l\u00e9gislation du travail et de la fonction publique hospitali\u00e8re, une capacit\u00e9 \u00e0 travailler en \u00e9quipe et une qualit\u00e9 organisationnelle et autonome. Vous \u00eates un INFIRMIER DE SANTE AU TRAVAIL H\/F Qualifications : Vous \u00eates titulaire d&rsquo;un DIU Sant\u00e9 au travail qualification infirmier\/ Dipl\u00f4me d&rsquo;Etat infirmier (formation th\u00e9orique de 240 heures) &#8211; Stage de 105 heures en sant\u00e9 au travail.<br \/>\nR\u00e9mun\u00e9ration et avantages : &#8211; Salaire selon la grille de la Fonction Publique Hospitali\u00e8re<br \/>\n&#8211; Remboursement des frais de transport en commun \u00e0 hauteur de 75%<br \/>\n&#8211; RTT &#8211; CGOS<br \/>\n&#8211; V\u00e9hicule de service : en cas de d\u00e9placements sur les autres sites<br \/>\n&#8211; Service de Restauration Collective avec tarifs privil\u00e9gi\u00e9s<br \/>\n&#8211; Forfait mobilit\u00e9s durables (mode de transport alternatif et durable)L&rsquo;annonce ne correspond pas \u00e0 vos crit\u00e8res de recherches ? Contactez-nous pour un accompagnement personnalis\u00e9 dans vos recherches d&#8217;emploi, un interlocuteur d\u00e9di\u00e9 facilement joignable par t\u00e9l\u00e9phone est \u00e0 votre \u00e9coute. Qui sommes nous ? Ad\u00e9quat M\u00e9dical est l&rsquo;agence d&#8217;emploi sp\u00e9cialis\u00e9e dans le recrutement et l&rsquo;accompagnement des professionnels (H\/F) de sant\u00e9.<br \/>\nFacilitateur de recherche d&#8217;emploi, nous vous mettons en relation avec les \u00e9tablissements qui correspondent \u00e0 vos crit\u00e8res de recherches et surtout \u00e0 vos valeurs. Pour nous joindre : 02.55.46.35.32 Rejoignez le groupe Ad\u00e9quat, l&rsquo;acteur le plus dynamique du secteur de l&#8217;emploi depuis 3 ans ! Ad\u00e9quat, Simplement pour vous !<\/span> <\/div>\n<div class=\"section job--main--content--section\" data-v-78b86706 data-v-a2da26ae>\n<h2 class=\"section-heading\" data-v-13616b5b data-v-78b86706> \u00c0 propos de ADEQUAT<br \/>\n<\/h2>\n<p> <span data-v-78b86706>ADEQUAT<\/span> <\/p>\n<div class=\"job--main--content__about-company\" data-v-78b86706 data-v-a2da26ae><a href=\"https:\/\/emploi.lefigaro.fr\/entreprises\/150256639089979751\" data-v-a2da26ae target=\"_blank\" rel=\"nofollow\"> D\u00e9couvrir ADEQUAT <\/a><\/div>\n<\/p><\/div>\n<p> <!--&gt; --><\/div>\n<div data-v-a2da26ae>\n<div class=\"apply-card job--main--apply--sticky\" data-v-a5a6f784 data-v-a2da26ae>\n<p data-v-a5a6f784>D\u00e9posez votre candidature sur le site du recruteur<\/p>\n<p><button type=\"button\" class=\"btn btn-info\" data-v-079f082b> Postuler sur le site du recruteur <\/button><\/p>\n<\/div>\n<div class=\"alert-card job--main--alert--sticky\" data-v-3fff8064 data-v-a2da26ae>\n<div class=\"alert-card-wrapper\" data-v-3fff8064>\n<h2 class=\"alert-card-wrapper--title\" data-v-3fff8064>Cr\u00e9ez une alerte emploi<\/h2>\n<div class=\"alert-card-wrapper--infos\" data-v-3fff8064>\n<p class=\"alert-card-wrapper--text\" data-v-3fff8064> Recevez les offres similaires \u00e0 cette annonce : <\/p>\n<p class=\"alert-card-wrapper--recap\" data-v-3fff8064><span class=\"alert-card-wrapper--imp\" data-v-3fff8064>Action sociale<\/span> &#8211; <span class=\"alert-card-wrapper--imp\" data-v-3fff8064>Sarthe<\/span> en <span class=\"alert-card-wrapper--imp\" data-v-3fff8064>Int\u00e9rim<\/span><\/p>\n<p> <button type=\"button\" disabled=\"disabled\" class=\"v-btn v-btn--disabled v-btn--loading v-btn--outlined theme--light v-size--default\" data-v-3fff8064><span class=\"v-btn__content\"> Activer l\u2019alerte <\/span><span class=\"v-btn__loader\"><\/span><\/button><\/div>\n<\/div>\n<\/div>\n<p> <!--&gt;<\/div>\n\naccidentdutravail-idf.net vous a pr\u00e9par\u00e9 ce post qui informe du sujet \"Association Sportive Huisson-Longueville Essonne\". La chronique se veut g\u00e9n\u00e9r\u00e9e du mieux possible. Vous pouvez utiliser les coordonn\u00e9es indiqu\u00e9es sur le site dans le but d\u2019apporter des explications sur ce post qui parle du th\u00e8me \"Association Sportive Huisson-Longueville Essonne\". Le site accidentdutravail-idf.net a pour but de fournir diverses publications sur la th\u00e9matique Association Sportive Huisson-Longueville Essonne diffus\u00e9es sur le net. Il y aura plusieurs articles autour du sujet \"Association Sportive Huisson-Longueville Essonne\" dans quelques jours, nous vous invitons \u00e0 naviguer sur notre site web \u00e0 plusieurs reprises.--><\/p>\n","protected":false},"excerpt":{"rendered":"<p>Descriptif du poste Notre agence Ad\u00e9quat M\u00e9dical recrute pour un \u00e9tablissement public de sant\u00e9 mentale \u00e0 Le Mans, en CDI du lundi au vendredi de 8h30 \u00e0 17h00 (37h30) \u00e0 partir du 1er septembre : INFIRMIER(E) DE SANTE AU TRAVAIL Missions : &#8211; R\u00e9aliser des entretiens infirmier et assister le m\u00e9decin du travail lors des &hellip; <\/p>\n<p class=\"link-more\"><a href=\"https:\/\/www.accidentdutravail-idf.net\/blog\/infirmier-de-sante-au-travail-h-f\/\" class=\"more-link\">Continuer la lecture <span class=\"screen-reader-text\"> \u00ab\u00a0INFIRMIER DE SANTE AU TRAVAIL H\/F\u00a0\u00bb<\/span><\/a><\/p>\n","protected":false},"author":2,"featured_media":0,"comment_status":"closed","ping_status":"closed","sticky":false,"template":"","format":"standard","meta":{"footnotes":""},"categories":[5],"tags":[],"class_list":["post-563","post","type-post","status-publish","format-standard","hentry","category-securite-du-travail-en-ile-de-france-et-divers","entry"],"yoast_head":"<!-- This site is optimized with the Yoast SEO plugin v27.5 - https:\/\/yoast.com\/product\/yoast-seo-wordpress\/ -->\n<title>INFIRMIER DE SANTE AU TRAVAIL H\/F - ACCIDENTDUTRAVAIL-IDF<\/title>\n<meta name=\"description\" content=\"INFIRMIER DE SANTE AU TRAVAIL H\/F article de ACCIDENTDUTRAVAIL-IDF\" \/>\n<meta name=\"robots\" content=\"index, follow, max-snippet:-1, max-image-preview:large, max-video-preview:-1\" \/>\n<link rel=\"canonical\" href=\"https:\/\/www.accidentdutravail-idf.net\/blog\/infirmier-de-sante-au-travail-h-f\/\" \/>\n<meta property=\"og:locale\" content=\"fr_FR\" \/>\n<meta property=\"og:type\" content=\"article\" \/>\n<meta property=\"og:title\" content=\"INFIRMIER DE SANTE AU TRAVAIL H\/F - ACCIDENTDUTRAVAIL-IDF\" \/>\n<meta property=\"og:description\" content=\"INFIRMIER DE SANTE AU TRAVAIL H\/F article de ACCIDENTDUTRAVAIL-IDF\" \/>\n<meta property=\"og:url\" content=\"https:\/\/www.accidentdutravail-idf.net\/blog\/infirmier-de-sante-au-travail-h-f\/\" \/>\n<meta property=\"og:site_name\" content=\"ACCIDENTDUTRAVAIL-IDF\" \/>\n<meta property=\"article:published_time\" content=\"2024-07-15T02:20:00+00:00\" \/>\n<meta name=\"author\" content=\"Carlos Poulain\" \/>\n<meta name=\"twitter:card\" content=\"summary_large_image\" \/>\n<meta name=\"twitter:label1\" content=\"\u00c9crit par\" \/>\n\t<meta name=\"twitter:data1\" content=\"Carlos Poulain\" \/>\n\t<meta name=\"twitter:label2\" content=\"Dur\u00e9e de lecture estim\u00e9e\" \/>\n\t<meta name=\"twitter:data2\" content=\"2 minutes\" \/>\n<script type=\"application\/ld+json\" class=\"yoast-schema-graph\">{\"@context\":\"https:\\\/\\\/schema.org\",\"@graph\":[{\"@type\":\"Article\",\"@id\":\"https:\\\/\\\/www.accidentdutravail-idf.net\\\/blog\\\/infirmier-de-sante-au-travail-h-f\\\/#article\",\"isPartOf\":{\"@id\":\"https:\\\/\\\/www.accidentdutravail-idf.net\\\/blog\\\/infirmier-de-sante-au-travail-h-f\\\/\"},\"author\":{\"name\":\"Carlos Poulain\",\"@id\":\"https:\\\/\\\/www.accidentdutravail-idf.net\\\/blog\\\/#\\\/schema\\\/person\\\/3255d2f970de45e64bd9201f38e7b947\"},\"headline\":\"INFIRMIER DE SANTE AU TRAVAIL H\\\/F\",\"datePublished\":\"2024-07-15T02:20:00+00:00\",\"mainEntityOfPage\":{\"@id\":\"https:\\\/\\\/www.accidentdutravail-idf.net\\\/blog\\\/infirmier-de-sante-au-travail-h-f\\\/\"},\"wordCount\":393,\"publisher\":{\"@id\":\"https:\\\/\\\/www.accidentdutravail-idf.net\\\/blog\\\/#organization\"},\"articleSection\":[\"S\u00e9curit\u00e9 Du Travail En Ile-De-France Et Divers:\"],\"inLanguage\":\"fr-FR\"},{\"@type\":\"WebPage\",\"@id\":\"https:\\\/\\\/www.accidentdutravail-idf.net\\\/blog\\\/infirmier-de-sante-au-travail-h-f\\\/\",\"url\":\"https:\\\/\\\/www.accidentdutravail-idf.net\\\/blog\\\/infirmier-de-sante-au-travail-h-f\\\/\",\"name\":\"INFIRMIER DE SANTE AU TRAVAIL H\\\/F - ACCIDENTDUTRAVAIL-IDF\",\"isPartOf\":{\"@id\":\"https:\\\/\\\/www.accidentdutravail-idf.net\\\/blog\\\/#website\"},\"datePublished\":\"2024-07-15T02:20:00+00:00\",\"description\":\"INFIRMIER DE SANTE AU TRAVAIL H\\\/F article de ACCIDENTDUTRAVAIL-IDF\",\"breadcrumb\":{\"@id\":\"https:\\\/\\\/www.accidentdutravail-idf.net\\\/blog\\\/infirmier-de-sante-au-travail-h-f\\\/#breadcrumb\"},\"inLanguage\":\"fr-FR\",\"potentialAction\":[{\"@type\":\"ReadAction\",\"target\":[\"https:\\\/\\\/www.accidentdutravail-idf.net\\\/blog\\\/infirmier-de-sante-au-travail-h-f\\\/\"]}]},{\"@type\":\"BreadcrumbList\",\"@id\":\"https:\\\/\\\/www.accidentdutravail-idf.net\\\/blog\\\/infirmier-de-sante-au-travail-h-f\\\/#breadcrumb\",\"itemListElement\":[{\"@type\":\"ListItem\",\"position\":1,\"name\":\"Accueil\",\"item\":\"https:\\\/\\\/www.accidentdutravail-idf.net\\\/blog\\\/\"},{\"@type\":\"ListItem\",\"position\":2,\"name\":\"INFIRMIER DE SANTE AU TRAVAIL H\\\/F\"}]},{\"@type\":\"WebSite\",\"@id\":\"https:\\\/\\\/www.accidentdutravail-idf.net\\\/blog\\\/#website\",\"url\":\"https:\\\/\\\/www.accidentdutravail-idf.net\\\/blog\\\/\",\"name\":\"ACCIDENTDUTRAVAIL-IDF\",\"description\":\"Portail accidents du travail-maladies professionnelles des entreprises d&#039;Ile-de-France\",\"publisher\":{\"@id\":\"https:\\\/\\\/www.accidentdutravail-idf.net\\\/blog\\\/#organization\"},\"potentialAction\":[{\"@type\":\"SearchAction\",\"target\":{\"@type\":\"EntryPoint\",\"urlTemplate\":\"https:\\\/\\\/www.accidentdutravail-idf.net\\\/blog\\\/?s={search_term_string}\"},\"query-input\":{\"@type\":\"PropertyValueSpecification\",\"valueRequired\":true,\"valueName\":\"search_term_string\"}}],\"inLanguage\":\"fr-FR\"},{\"@type\":\"Organization\",\"@id\":\"https:\\\/\\\/www.accidentdutravail-idf.net\\\/blog\\\/#organization\",\"name\":\"accidentdutravail-idf\",\"url\":\"https:\\\/\\\/www.accidentdutravail-idf.net\\\/blog\\\/\",\"logo\":{\"@type\":\"ImageObject\",\"inLanguage\":\"fr-FR\",\"@id\":\"https:\\\/\\\/www.accidentdutravail-idf.net\\\/blog\\\/#\\\/schema\\\/logo\\\/image\\\/\",\"url\":\"https:\\\/\\\/www.accidentdutravail-idf.net\\\/blog\\\/wp-content\\\/uploads\\\/2022\\\/09\\\/logo-2.png\",\"contentUrl\":\"https:\\\/\\\/www.accidentdutravail-idf.net\\\/blog\\\/wp-content\\\/uploads\\\/2022\\\/09\\\/logo-2.png\",\"width\":380,\"height\":291,\"caption\":\"accidentdutravail-idf\"},\"image\":{\"@id\":\"https:\\\/\\\/www.accidentdutravail-idf.net\\\/blog\\\/#\\\/schema\\\/logo\\\/image\\\/\"}},{\"@type\":\"Person\",\"@id\":\"https:\\\/\\\/www.accidentdutravail-idf.net\\\/blog\\\/#\\\/schema\\\/person\\\/3255d2f970de45e64bd9201f38e7b947\",\"name\":\"Carlos Poulain\",\"image\":{\"@type\":\"ImageObject\",\"inLanguage\":\"fr-FR\",\"@id\":\"https:\\\/\\\/secure.gravatar.com\\\/avatar\\\/b1c2f9d3588e34e91adb093635df64ef4b2381991216be7576466cfcdca4baf3?s=96&d=mm&r=g\",\"url\":\"https:\\\/\\\/secure.gravatar.com\\\/avatar\\\/b1c2f9d3588e34e91adb093635df64ef4b2381991216be7576466cfcdca4baf3?s=96&d=mm&r=g\",\"contentUrl\":\"https:\\\/\\\/secure.gravatar.com\\\/avatar\\\/b1c2f9d3588e34e91adb093635df64ef4b2381991216be7576466cfcdca4baf3?s=96&d=mm&r=g\",\"caption\":\"Carlos Poulain\"},\"url\":\"https:\\\/\\\/www.accidentdutravail-idf.net\\\/blog\\\/author\\\/idfcarlos\\\/\"}]}<\/script>\n<!-- \/ Yoast SEO plugin. -->","yoast_head_json":{"title":"INFIRMIER DE SANTE AU TRAVAIL H\/F - ACCIDENTDUTRAVAIL-IDF","description":"INFIRMIER DE SANTE AU TRAVAIL H\/F article de ACCIDENTDUTRAVAIL-IDF","robots":{"index":"index","follow":"follow","max-snippet":"max-snippet:-1","max-image-preview":"max-image-preview:large","max-video-preview":"max-video-preview:-1"},"canonical":"https:\/\/www.accidentdutravail-idf.net\/blog\/infirmier-de-sante-au-travail-h-f\/","og_locale":"fr_FR","og_type":"article","og_title":"INFIRMIER DE SANTE AU TRAVAIL H\/F - ACCIDENTDUTRAVAIL-IDF","og_description":"INFIRMIER DE SANTE AU TRAVAIL H\/F article de ACCIDENTDUTRAVAIL-IDF","og_url":"https:\/\/www.accidentdutravail-idf.net\/blog\/infirmier-de-sante-au-travail-h-f\/","og_site_name":"ACCIDENTDUTRAVAIL-IDF","article_published_time":"2024-07-15T02:20:00+00:00","author":"Carlos Poulain","twitter_card":"summary_large_image","twitter_misc":{"\u00c9crit par":"Carlos Poulain","Dur\u00e9e de lecture estim\u00e9e":"2 minutes"},"schema":{"@context":"https:\/\/schema.org","@graph":[{"@type":"Article","@id":"https:\/\/www.accidentdutravail-idf.net\/blog\/infirmier-de-sante-au-travail-h-f\/#article","isPartOf":{"@id":"https:\/\/www.accidentdutravail-idf.net\/blog\/infirmier-de-sante-au-travail-h-f\/"},"author":{"name":"Carlos Poulain","@id":"https:\/\/www.accidentdutravail-idf.net\/blog\/#\/schema\/person\/3255d2f970de45e64bd9201f38e7b947"},"headline":"INFIRMIER DE SANTE AU TRAVAIL H\/F","datePublished":"2024-07-15T02:20:00+00:00","mainEntityOfPage":{"@id":"https:\/\/www.accidentdutravail-idf.net\/blog\/infirmier-de-sante-au-travail-h-f\/"},"wordCount":393,"publisher":{"@id":"https:\/\/www.accidentdutravail-idf.net\/blog\/#organization"},"articleSection":["S\u00e9curit\u00e9 Du Travail En Ile-De-France Et Divers:"],"inLanguage":"fr-FR"},{"@type":"WebPage","@id":"https:\/\/www.accidentdutravail-idf.net\/blog\/infirmier-de-sante-au-travail-h-f\/","url":"https:\/\/www.accidentdutravail-idf.net\/blog\/infirmier-de-sante-au-travail-h-f\/","name":"INFIRMIER DE SANTE AU TRAVAIL H\/F - ACCIDENTDUTRAVAIL-IDF","isPartOf":{"@id":"https:\/\/www.accidentdutravail-idf.net\/blog\/#website"},"datePublished":"2024-07-15T02:20:00+00:00","description":"INFIRMIER DE SANTE AU TRAVAIL H\/F article de ACCIDENTDUTRAVAIL-IDF","breadcrumb":{"@id":"https:\/\/www.accidentdutravail-idf.net\/blog\/infirmier-de-sante-au-travail-h-f\/#breadcrumb"},"inLanguage":"fr-FR","potentialAction":[{"@type":"ReadAction","target":["https:\/\/www.accidentdutravail-idf.net\/blog\/infirmier-de-sante-au-travail-h-f\/"]}]},{"@type":"BreadcrumbList","@id":"https:\/\/www.accidentdutravail-idf.net\/blog\/infirmier-de-sante-au-travail-h-f\/#breadcrumb","itemListElement":[{"@type":"ListItem","position":1,"name":"Accueil","item":"https:\/\/www.accidentdutravail-idf.net\/blog\/"},{"@type":"ListItem","position":2,"name":"INFIRMIER DE SANTE AU TRAVAIL H\/F"}]},{"@type":"WebSite","@id":"https:\/\/www.accidentdutravail-idf.net\/blog\/#website","url":"https:\/\/www.accidentdutravail-idf.net\/blog\/","name":"ACCIDENTDUTRAVAIL-IDF","description":"Portail accidents du travail-maladies professionnelles des entreprises d&#039;Ile-de-France","publisher":{"@id":"https:\/\/www.accidentdutravail-idf.net\/blog\/#organization"},"potentialAction":[{"@type":"SearchAction","target":{"@type":"EntryPoint","urlTemplate":"https:\/\/www.accidentdutravail-idf.net\/blog\/?s={search_term_string}"},"query-input":{"@type":"PropertyValueSpecification","valueRequired":true,"valueName":"search_term_string"}}],"inLanguage":"fr-FR"},{"@type":"Organization","@id":"https:\/\/www.accidentdutravail-idf.net\/blog\/#organization","name":"accidentdutravail-idf","url":"https:\/\/www.accidentdutravail-idf.net\/blog\/","logo":{"@type":"ImageObject","inLanguage":"fr-FR","@id":"https:\/\/www.accidentdutravail-idf.net\/blog\/#\/schema\/logo\/image\/","url":"https:\/\/www.accidentdutravail-idf.net\/blog\/wp-content\/uploads\/2022\/09\/logo-2.png","contentUrl":"https:\/\/www.accidentdutravail-idf.net\/blog\/wp-content\/uploads\/2022\/09\/logo-2.png","width":380,"height":291,"caption":"accidentdutravail-idf"},"image":{"@id":"https:\/\/www.accidentdutravail-idf.net\/blog\/#\/schema\/logo\/image\/"}},{"@type":"Person","@id":"https:\/\/www.accidentdutravail-idf.net\/blog\/#\/schema\/person\/3255d2f970de45e64bd9201f38e7b947","name":"Carlos Poulain","image":{"@type":"ImageObject","inLanguage":"fr-FR","@id":"https:\/\/secure.gravatar.com\/avatar\/b1c2f9d3588e34e91adb093635df64ef4b2381991216be7576466cfcdca4baf3?s=96&d=mm&r=g","url":"https:\/\/secure.gravatar.com\/avatar\/b1c2f9d3588e34e91adb093635df64ef4b2381991216be7576466cfcdca4baf3?s=96&d=mm&r=g","contentUrl":"https:\/\/secure.gravatar.com\/avatar\/b1c2f9d3588e34e91adb093635df64ef4b2381991216be7576466cfcdca4baf3?s=96&d=mm&r=g","caption":"Carlos Poulain"},"url":"https:\/\/www.accidentdutravail-idf.net\/blog\/author\/idfcarlos\/"}]}},"_links":{"self":[{"href":"https:\/\/www.accidentdutravail-idf.net\/blog\/wp-json\/wp\/v2\/posts\/563","targetHints":{"allow":["GET"]}}],"collection":[{"href":"https:\/\/www.accidentdutravail-idf.net\/blog\/wp-json\/wp\/v2\/posts"}],"about":[{"href":"https:\/\/www.accidentdutravail-idf.net\/blog\/wp-json\/wp\/v2\/types\/post"}],"author":[{"embeddable":true,"href":"https:\/\/www.accidentdutravail-idf.net\/blog\/wp-json\/wp\/v2\/users\/2"}],"replies":[{"embeddable":true,"href":"https:\/\/www.accidentdutravail-idf.net\/blog\/wp-json\/wp\/v2\/comments?post=563"}],"version-history":[{"count":0,"href":"https:\/\/www.accidentdutravail-idf.net\/blog\/wp-json\/wp\/v2\/posts\/563\/revisions"}],"wp:attachment":[{"href":"https:\/\/www.accidentdutravail-idf.net\/blog\/wp-json\/wp\/v2\/media?parent=563"}],"wp:term":[{"taxonomy":"category","embeddable":true,"href":"https:\/\/www.accidentdutravail-idf.net\/blog\/wp-json\/wp\/v2\/categories?post=563"},{"taxonomy":"post_tag","embeddable":true,"href":"https:\/\/www.accidentdutravail-idf.net\/blog\/wp-json\/wp\/v2\/tags?post=563"}],"curies":[{"name":"wp","href":"https:\/\/api.w.org\/{rel}","templated":true}]}}