{"id":560,"date":"2024-07-12T11:25:00","date_gmt":"2024-07-12T09:25:00","guid":{"rendered":"https:\/\/www.accidentdutravail-idf.net\/blog\/crash-de-lavion-de-gerard-leclerc-le-recit-des-dernieres-minutes-avant-laccident\/"},"modified":"2024-07-12T11:25:00","modified_gmt":"2024-07-12T09:25:00","slug":"crash-de-lavion-de-gerard-leclerc-le-recit-des-dernieres-minutes-avant-laccident","status":"publish","type":"post","link":"https:\/\/www.accidentdutravail-idf.net\/blog\/crash-de-lavion-de-gerard-leclerc-le-recit-des-dernieres-minutes-avant-laccident\/","title":{"rendered":"Crash de l\u2019avion de G\u00e9rard Leclerc : le r\u00e9cit des derni\u00e8res minutes avant l\u2019accident"},"content":{"rendered":"<header class=\"su-article su-premium payant \">\n<div class=\"su-responsive\">\n<p> <span class=\"su-visually-hidden\">Article premium, <\/span> R\u00e9serv\u00e9 aux&nbsp;abonn\u00e9s <\/p>\n<\/p><\/div>\n<p class=\"su-standfirst chapeau\">Le 15&nbsp;ao\u00fbt 2023, un avion priv\u00e9 s\u2019\u00e9crase pr\u00e8s de Saint-Nazaire, tuant ses occupants parmi lesquels le journaliste G\u00e9rard Leclerc. Apr\u00e8s un an de travail, le bureau enqu\u00eate accident d\u00e9taille les conditions du crash.<\/p>\n<div class=\"photo su-relative \">\n<figure>\n<div class=\"su-ratio-16-9 su-main-picture\"> <img decoding=\"async\" class=\"su-media\" src=\"https:\/\/www.accidentdutravail-idf.net\/blog\/wp-content\/uploads\/2024\/07\/crash-de-lavion-de-gerard-leclerc-le-recit-des-dernieres-minutes-avant-laccident.jpg\" alt=\"L\u2019avion avait \u00e0 son bord trois personnes dont le journaliste G\u00e9rard Leclerc.\"> <\/div><figcaption><span>L\u2019avion avait \u00e0 son bord trois personnes dont le journaliste G\u00e9rard Leclerc. | <\/span>JEROME FOUQUET \/ OUEST-FRANCE<\/figcaption><\/figure>\n<p> <button class=\"su-button-fullscreen\" data-oftriggerresize data-ofmodal=\"carrousel-plein-ecran\"> <span>Voir en plein \u00e9cran<\/span> <\/button> <\/div>\n<p>  <button class=\"btn btn-fermer\" title=\"Fermer le plein \u00e9cran\" data-ofmodal=\"carrousel-plein-ecran\"> <i class=\"su-icon ic-fermer\">fermer<\/i> <\/button> <\/p>\n<div class=\"carrousel snap-migrate\">\n<ul class=\"carrousel-conteneur su-not-list\" data-ofswipe=\"{&quot;rambo&quot;:2,&quot;sel&quot;:&quot;.photo&quot;, &quot;navSel&quot;:&quot;.carrousel-plein-ecran .carrousel-nav-bas .item&quot;}\">\n<li class=\"carrousel-contenu photo\" data-ofvwidth=\"{&quot;mobileOnly&quot;:false}\">\n<figure><img decoding=\"async\" data-ofmaxheight class=\"media lazyload\" alt=\"L\u2019avion avait \u00e0 son bord trois personnes dont le journaliste G\u00e9rard Leclerc.\" src=\"https:\/\/www.accidentdutravail-idf.net\/blog\/wp-content\/uploads\/2024\/07\/crash-de-lavion-de-gerard-leclerc-le-recit-des-dernieres-minutes-avant-laccident.png\" data-oflazyload=\"{&quot;srcset&quot;:&quot;https:\/\/media.ouest-france.fr\/v1\/pictures\/MjAyNDA3NTE5MGQzMmY4ZjRkYzllODgwODYzNDQ2NDhhNjY2MTI?width=320&amp;focuspoint=50%2C25&amp;cropresize=1&amp;client_id=bpeditorial&amp;sign=a9cfdfd59ac9ce2d341d01d79902ab677abfc5691575b6e74e542420fa9274a2 320w,https:\/\/media.ouest-france.fr\/v1\/pictures\/MjAyNDA3NTE5MGQzMmY4ZjRkYzllODgwODYzNDQ2NDhhNjY2MTI?width=375&amp;focuspoint=50%2C25&amp;cropresize=1&amp;client_id=bpeditorial&amp;sign=6d1038b8607fb2d14a630edec1834636ea2f608dce7f29a12ecaf52208c20001 360w,https:\/\/media.ouest-france.fr\/v1\/pictures\/MjAyNDA3NTE5MGQzMmY4ZjRkYzllODgwODYzNDQ2NDhhNjY2MTI?width=480&amp;focuspoint=50%2C25&amp;cropresize=1&amp;client_id=bpeditorial&amp;sign=0ec01d69bff93080f3347dfd8e81875b25ab5ff198b68403015ef950731459b7 480w,https:\/\/media.ouest-france.fr\/v1\/pictures\/MjAyNDA3NTE5MGQzMmY4ZjRkYzllODgwODYzNDQ2NDhhNjY2MTI?width=630&amp;focuspoint=50%2C25&amp;cropresize=1&amp;client_id=bpeditorial&amp;sign=533e40f382f87c162ef69acf9dc3550216bb80545b83122a417d361a51cdb0af 630w,https:\/\/media.ouest-france.fr\/v1\/pictures\/MjAyNDA3NTE5MGQzMmY4ZjRkYzllODgwODYzNDQ2NDhhNjY2MTI?width=940&amp;focuspoint=50%2C25&amp;cropresize=1&amp;client_id=bpeditorial&amp;sign=8e73706fb949f1fe2a0389e0fb318c497c87aee5c3854a0907fd230ff3e561ea 940w,https:\/\/media.ouest-france.fr\/v1\/pictures\/MjAyNDA3NTE5MGQzMmY4ZjRkYzllODgwODYzNDQ2NDhhNjY2MTI?width=1260&amp;focuspoint=50%2C25&amp;cropresize=1&amp;client_id=bpeditorial&amp;sign=90e88aa7ee1ba2fdd4fa5f0753f8f30ea7c68369fb9b7184ebf854db64dbaaeb 1260w&quot;}\"><figcaption><span>L\u2019avion avait \u00e0 son bord trois personnes dont le journaliste G\u00e9rard Leclerc. | <\/span>JEROME FOUQUET \/ OUEST-FRANCE<\/figcaption><\/figure>\n<\/li>\n<\/ul><\/div>\n<\/header>\n<div class=\"col-gauche\">\n<header class=\"metadata\"> <span class=\"auteur\"> <span class=\"su-source source-lien su-cockade-of\"><a href=\"https:\/\/www.ouest-france.fr\/\" target=\"_blank\" rel=\"nofollow\">Ouest-France<\/a><\/span> <span class=\"su-author\"> Thierry HAMEAU. <\/span> <\/span> <span class=\"dates\"> <span class=\"date su-date \">Publi\u00e9 le 12\/07\/2024 <span class=\"heure\"> \u00e0 20h25<\/span><\/span> <\/span> <\/header>\n<aside class=\"contenu-secondaire\" data-nosnippet>\n<p> <button class=\"action meta-readlater\"> <span data-trk-menuarticle=\"Lire plus tard\" role=\"button\" class=\"icon-signet\" title=\"Lire plus tard\" data-ofreadlater-id=\"3e206404-4076-11ef-b753-7a8e9818b180\" data-ofreadlater-url=\"https:\/\/www.ouest-france.fr\/societe\/faits-divers\/crash\/crash-de-lavion-de-gerard-leclerc-le-recit-des-dernieres-minutes-avant-laccident-3e206404-4076-11ef-b753-7a8e9818b180\" data-ofreadlater-title=\"INFO OUEST-FRANCE. Crash de l\u2019avion de G\u00e9rard Leclerc : r\u00e9cit des derni\u00e8res minutes avant l\u2019accident\"><\/span> <span>Lire plus tard<\/span> <\/button> <\/p>\n<div class=\"su-visible-xl item su-clearfix\"> <button class=\"action su-row meta-btn su-vertical-center su-visible-xl\" data-sutoggleclass=\"[{&quot;sel&quot;:&quot;#partage-col-gauche&quot;,&quot;klass&quot;:&quot;su-hidden&quot;}]\"> <span data-trk-menuarticle=\"Partager\" class=\"icon icon-partage\"><\/span> <span class=\"su-text-left\">Partager<\/span> <\/button> <\/p>\n<ul id=\"partage-col-gauche\" class=\"reseaux-sociaux-list avec-noms pastilles su-not-list su-hidden\">\n<li class=\"item facebook\"><button data-trksocialnetwork=\"Facebook\" data-ofshare-open=\"{&quot;target&quot;: &quot;facebook&quot;, &quot;url&quot;: &quot;https:\/\/www.ouest-france.fr\/societe\/faits-divers\/crash\/crash-de-lavion-de-gerard-leclerc-le-recit-des-dernieres-minutes-avant-laccident-3e206404-4076-11ef-b753-7a8e9818b180&quot;, &quot;source&quot;: &quot;ouestfrance&quot;}\" title=\"Partager sur Facebook\"><i class=\"icon icon-facebook\" data-trk-nav-bottom-sticky=\"Facebook\"><\/i><\/button><\/li>\n<li class=\"item twitter x\"><button data-trksocialnetwork=\"X\" data-ofshare-open=\"{&quot;target&quot;: &quot;twitter&quot;, &quot;url&quot;: &quot;https:\/\/www.ouest-france.fr\/societe\/faits-divers\/crash\/crash-de-lavion-de-gerard-leclerc-le-recit-des-dernieres-minutes-avant-laccident-3e206404-4076-11ef-b753-7a8e9818b180&quot;, &quot;source&quot;: &quot;ouestfrance&quot;}\" title=\"Partager sur X\"><i class=\"icon\" data-trk-nav-bottom-sticky=\"X\"><img data-oflazyload=\"{&quot;src&quot;:&quot;https:\/\/media.ouest-france.fr\/v1\/fonts\/561e3fe971440ef51d73173055cd9263-twitter-blanc.svg&quot;}\"><\/i><\/button><\/li>\n<li class=\"item flipboard\"><button data-trksocialnetwork=\"Flipboard\" data-ofshare-open=\"{&quot;target&quot;: &quot;Flipboard&quot;, &quot;url&quot;: &quot;https:\/\/www.ouest-france.fr\/societe\/faits-divers\/crash\/crash-de-lavion-de-gerard-leclerc-le-recit-des-dernieres-minutes-avant-laccident-3e206404-4076-11ef-b753-7a8e9818b180&quot;, &quot;source&quot;: &quot;ouestfrance&quot;}\" title=\"Partager sur Flipboard\"><i class=\"icon icon-flipboard\" data-trk-nav-bottom-sticky=\"Flipboard\"><\/i><\/button><\/li>\n<li class=\"item linkedin\"><button data-trksocialnetwork=\"LinkedIn\" data-ofshare-open=\"{&quot;target&quot;: &quot;LinkedIn&quot;, &quot;url&quot;: &quot;https:\/\/www.ouest-france.fr\/societe\/faits-divers\/crash\/crash-de-lavion-de-gerard-leclerc-le-recit-des-dernieres-minutes-avant-laccident-3e206404-4076-11ef-b753-7a8e9818b180&quot;, &quot;source&quot;: &quot;ouestfrance&quot;}\" title=\"Partager sur LinkedIn\"><i class=\"icon icon-linkedin\" data-trk-nav-bottom-sticky=\"LinkedIn\"><\/i><\/button><\/li>\n<\/ul><\/div>\n<div data-trk=\"[{&amp;quot;n&amp;quot;:&amp;quot;platform-newsletters&amp;quot;,&amp;quot;o&amp;quot;:&amp;quot;Platform BP Newsletters&amp;quot;,&amp;quot;v&amp;quot;:&amp;quot;3.10.7&amp;quot;}]\" id=\"bloc_3quarts_1__parentOf__inscription_newsletter\" class=\"_b item\">\n<section id=\"newsletter-col-gauche\" class=\"su-negative bp-newsletters nl-E2001A bloc-newsletter newsletter-gauche su-visible-xl su-margin-bottom-xl\"> <label for=\"subscription-mail\" title=\"S'inscrire \u00e0 la Newsletter\" class=\"toggle-nl-col-gauche\" data-sutoggleclass=\"[{&quot;sel&quot;:&quot;.bloc-newsletter.newsletter-gauche .texte-rgpd.su-hidden&quot;,&quot;klass&quot;:&quot;su-hidden&quot;},{&quot;klass&quot;:&quot;su-hidden&quot;}]\"><\/label> <\/p>\n<p class=\"su-h3 su-margin-bottom-xs titre-bloc\">Newsletter Justice et Faits Divers<\/p>\n<p>Chaque semaine, retrouvez les faits divers qui ont marqu\u00e9 l&rsquo;Ouest<\/p>\n<p class=\"su-text-xsmall texte-rgpd su-hidden\">Votre e-mail, avec votre consentement, est utilis\u00e9 par Ouest-France pour recevoir notre newsletter. <a class=\"su-link-light\" href=\"https:\/\/www.ouest-france.fr\/politique-de-protection-des-donnees-personnelles\/\" target=\"_blank\" rel=\"nofollow\">En&nbsp;savoir&nbsp;plus<\/a>.<\/p>\n<\/section>\n<\/div>\n<\/aside><\/div>\n<div id=\"article-detail\" class=\"contenu-principal p402_premium cache\">\n<div class=\"su-article\">\n<p>Le Bureau enqu\u00eate accident r\u00e9v\u00e8le, ce vendredi 12&nbsp;juillet, les conditions dans lesquelles s\u2019est produit l\u2019accident qui a co\u00fbt\u00e9 la vie aux trois occupants d\u2019un avion DR Robin 400&nbsp;le 15&nbsp;ao\u00fbt 2023. <a href=\"https:\/\/www.ouest-france.fr\/societe\/faits-divers\/crash-dun-avion-entre-nantes-et-la-baule-ce-que-lon-sait-de-lenquete-0453c48a-3ba1-11ee-b327-5225e698095e\" target=\"_self\" rel=\"noopener nofollow\">Le journaliste G\u00e9rard Leclerc pilotait l\u2019avion avec \u00e0 ses c\u00f4t\u00e9s deux passag\u00e8res. Il devait se rendre \u00e0 La Baule depuis Loudun pour un d\u00e9jeuner. et avait d\u00e9cal\u00e9 son d\u00e9part \u00e0 11&nbsp;h, apr\u00e8s un appel t\u00e9l\u00e9phonique aux services de M\u00e9t\u00e9o-France.<\/a><\/p>\n<p>Selon le sc\u00e9nario&#8230;<\/p>\n<\/p><\/div>\n<div class=\"mur\">\n<div class=\"compte\">\n<div data-trk=\"[{&amp;quot;n&amp;quot;:&amp;quot;platform-pied-article-moteur-marques-configurable&amp;quot;,&amp;quot;o&amp;quot;:&amp;quot;ouestfrance platform moteurs marques&amp;quot;,&amp;quot;v&amp;quot;:&amp;quot;3.12.0&amp;quot;}]\" id=\"bloc_3quarts_1__parentOf__mur_payant_configurable\" class=\"_b\">\n<div id=\"paywall-configurable\" class=\"su-relative mur-payant\" data-paywall>\n<div class=\"fallback\">\n<div class=\"su-bloc-loader su-hidden\">\n<p> <span class=\"su-visually-hidden\">Chargement en cours\u2026<\/span> <\/p>\n<\/p><\/div>\n<section data-btnfixed-href=\"https:\/\/abonnement.ouest-france.fr\/tunnel\/pack-essentiel-article\/124098124100?int_medium=lien&amp;int_content=page-article-payant_boutonjaune-paywall&amp;marquesource=OF&amp;rt=https:\/\/www.ouest-france.fr\/societe\/faits-divers\/crash\/crash-de-lavion-de-gerard-leclerc-le-recit-des-dernieres-minutes-avant-laccident-3e206404-4076-11ef-b753-7a8e9818b180\" data-btnfixed-libelle=\"S'abonner pour lire la suite\" data-btnfixed-class=\"su-subscription\">\n<p class=\"layus\">Il vous reste 80% de cet article \u00e0 lire.<\/p>\n<p> <span class=\"picto\"> <title>cadenas-ouvert<\/title>  &nbsp;<\/span> <span class=\"su-h2\"><span>Pour d&amp;eacutebloquer l&rsquo;article, <span>abonnez-vous<\/span><\/span><\/span> <\/p>\n<div class=\"pied-article spreadsheet\">\n<div class=\"inscription\">\n<div class=\"su-margin-bottom-s\">\n<div class=\"su-margin-bottom-s\">\n<p><strong>1<sup>\u00e8re<\/sup>&nbsp;semaine offerte puis 1<sup>\u20ac50<\/sup> \/ semaine<\/strong><\/p>\n<\/div>\n<p>Annulable \u00e0 tout moment<\/p><\/div>\n<\/p><\/div>\n<\/p><\/div>\n<\/section><\/div>\n<\/div>\n<\/div><\/div>\n<div data-trk=\"[{&amp;quot;n&amp;quot;:&amp;quot;platform-pied-article-moteur-marques-configurable&amp;quot;,&amp;quot;o&amp;quot;:&amp;quot;ouestfrance platform moteurs marques&amp;quot;,&amp;quot;v&amp;quot;:&amp;quot;3.12.0&amp;quot;}]\" id=\"bloc_3quarts_1__parentOf__cta_pied_article_anonyme_sticky\" class=\"_b with-barre-navigation-sticky\"> <a data-ida data-trkartmonet=\"Tunnel OF+\" class=\"su-button su-subscription lien-sticky-paywall btn-fixed su-hidden-lg su-hidden-xl\"> .mur&quot;,&quot;bottom&quot;:true,&quot;klass&quot;:&quot;su-hidden&quot;,&quot;inverted&quot;: true}\u00a0\u00bb data-trk-bloc=\u00a0\u00bbsticky\u00a0\u00bb href=\u00a0\u00bbhttps:\/\/abonnement.ouest-france.fr\/tunnel\/pack-essentiel-article\/124098124100?int_medium=lien&amp;int_content=page-article-payant_boutonjaune-paywall&amp;marquesource=OF&amp;rt=https:\/\/www.ouest-france.fr\/societe\/faits-divers\/crash\/crash-de-lavion-de-gerard-leclerc-le-recit-des-dernieres-minutes-avant-laccident-3e206404-4076-11ef-b753-7a8e9818b180&Prime;&gt;<strong>S&rsquo;abonner pour lire la suite<\/strong><\/a> <\/div>\n<\/p><\/div>\n<\/p><\/div>\n<p> accidentdutravail-idf.net vous a pr\u00e9par\u00e9 ce post qui informe du sujet \u00ab\u00a0Association Sportive Huisson-Longueville Essonne\u00a0\u00bb. La chronique se veut g\u00e9n\u00e9r\u00e9e du mieux possible. Vous pouvez utiliser les coordonn\u00e9es indiqu\u00e9es sur le site dans le but d\u2019apporter des explications sur ce post qui parle du th\u00e8me \u00ab\u00a0Association Sportive Huisson-Longueville Essonne\u00a0\u00bb. Le site accidentdutravail-idf.net a pour but de fournir diverses publications sur la th\u00e9matique Association Sportive Huisson-Longueville Essonne diffus\u00e9es sur le net. Il y aura plusieurs articles autour du sujet \u00ab\u00a0Association Sportive Huisson-Longueville Essonne\u00a0\u00bb dans quelques jours, nous vous invitons \u00e0 naviguer sur notre site web \u00e0 plusieurs reprises.<\/p>\n","protected":false},"excerpt":{"rendered":"<p>Article premium, R\u00e9serv\u00e9 aux&nbsp;abonn\u00e9s Le 15&nbsp;ao\u00fbt 2023, un avion priv\u00e9 s\u2019\u00e9crase pr\u00e8s de Saint-Nazaire, tuant ses occupants parmi lesquels le journaliste G\u00e9rard Leclerc. Apr\u00e8s un an de travail, le bureau enqu\u00eate accident d\u00e9taille les conditions du crash. L\u2019avion avait \u00e0 son bord trois personnes dont le journaliste G\u00e9rard Leclerc. | JEROME FOUQUET \/ OUEST-FRANCE Voir &hellip; <\/p>\n<p class=\"link-more\"><a href=\"https:\/\/www.accidentdutravail-idf.net\/blog\/crash-de-lavion-de-gerard-leclerc-le-recit-des-dernieres-minutes-avant-laccident\/\" class=\"more-link\">Continuer la lecture <span class=\"screen-reader-text\"> \u00ab\u00a0Crash de l\u2019avion de G\u00e9rard Leclerc : le r\u00e9cit des derni\u00e8res minutes avant l\u2019accident\u00a0\u00bb<\/span><\/a><\/p>\n","protected":false},"author":2,"featured_media":0,"comment_status":"closed","ping_status":"closed","sticky":false,"template":"","format":"standard","meta":{"footnotes":""},"categories":[5],"tags":[],"class_list":["post-560","post","type-post","status-publish","format-standard","hentry","category-securite-du-travail-en-ile-de-france-et-divers","entry"],"yoast_head":"<!-- This site is optimized with the Yoast SEO plugin v27.5 - https:\/\/yoast.com\/product\/yoast-seo-wordpress\/ -->\n<title>Crash de l\u2019avion de G\u00e9rard Leclerc : le r\u00e9cit des derni\u00e8res minutes avant l\u2019accident - ACCIDENTDUTRAVAIL-IDF<\/title>\n<meta name=\"description\" content=\"Crash de l\u2019avion de G\u00e9rard Leclerc : le r\u00e9cit des derni\u00e8res minutes avant l\u2019accident article de ACCIDENTDUTRAVAIL-IDF\" \/>\n<meta name=\"robots\" content=\"index, follow, max-snippet:-1, max-image-preview:large, max-video-preview:-1\" \/>\n<link rel=\"canonical\" href=\"https:\/\/www.accidentdutravail-idf.net\/blog\/crash-de-lavion-de-gerard-leclerc-le-recit-des-dernieres-minutes-avant-laccident\/\" \/>\n<meta property=\"og:locale\" content=\"fr_FR\" \/>\n<meta property=\"og:type\" content=\"article\" \/>\n<meta property=\"og:title\" content=\"Crash de l\u2019avion de G\u00e9rard Leclerc : le r\u00e9cit des derni\u00e8res minutes avant l\u2019accident - ACCIDENTDUTRAVAIL-IDF\" \/>\n<meta property=\"og:description\" content=\"Crash de l\u2019avion de G\u00e9rard Leclerc : le r\u00e9cit des derni\u00e8res minutes avant l\u2019accident article de ACCIDENTDUTRAVAIL-IDF\" \/>\n<meta property=\"og:url\" content=\"https:\/\/www.accidentdutravail-idf.net\/blog\/crash-de-lavion-de-gerard-leclerc-le-recit-des-dernieres-minutes-avant-laccident\/\" \/>\n<meta property=\"og:site_name\" content=\"ACCIDENTDUTRAVAIL-IDF\" \/>\n<meta property=\"article:published_time\" content=\"2024-07-12T09:25:00+00:00\" \/>\n<meta property=\"og:image\" content=\"https:\/\/www.accidentdutravail-idf.net\/blog\/wp-content\/uploads\/2024\/07\/crash-de-lavion-de-gerard-leclerc-le-recit-des-dernieres-minutes-avant-laccident.jpg\" \/>\n<meta name=\"author\" content=\"Carlos Poulain\" \/>\n<meta name=\"twitter:card\" content=\"summary_large_image\" \/>\n<meta name=\"twitter:label1\" content=\"\u00c9crit par\" \/>\n\t<meta name=\"twitter:data1\" content=\"Carlos Poulain\" \/>\n\t<meta name=\"twitter:label2\" content=\"Dur\u00e9e de lecture estim\u00e9e\" \/>\n\t<meta name=\"twitter:data2\" content=\"2 minutes\" \/>\n<script type=\"application\/ld+json\" class=\"yoast-schema-graph\">{\"@context\":\"https:\\\/\\\/schema.org\",\"@graph\":[{\"@type\":\"Article\",\"@id\":\"https:\\\/\\\/www.accidentdutravail-idf.net\\\/blog\\\/crash-de-lavion-de-gerard-leclerc-le-recit-des-dernieres-minutes-avant-laccident\\\/#article\",\"isPartOf\":{\"@id\":\"https:\\\/\\\/www.accidentdutravail-idf.net\\\/blog\\\/crash-de-lavion-de-gerard-leclerc-le-recit-des-dernieres-minutes-avant-laccident\\\/\"},\"author\":{\"name\":\"Carlos Poulain\",\"@id\":\"https:\\\/\\\/www.accidentdutravail-idf.net\\\/blog\\\/#\\\/schema\\\/person\\\/3255d2f970de45e64bd9201f38e7b947\"},\"headline\":\"Crash de l\u2019avion de G\u00e9rard Leclerc : le r\u00e9cit des derni\u00e8res minutes avant l\u2019accident\",\"datePublished\":\"2024-07-12T09:25:00+00:00\",\"mainEntityOfPage\":{\"@id\":\"https:\\\/\\\/www.accidentdutravail-idf.net\\\/blog\\\/crash-de-lavion-de-gerard-leclerc-le-recit-des-dernieres-minutes-avant-laccident\\\/\"},\"wordCount\":433,\"publisher\":{\"@id\":\"https:\\\/\\\/www.accidentdutravail-idf.net\\\/blog\\\/#organization\"},\"image\":{\"@id\":\"https:\\\/\\\/www.accidentdutravail-idf.net\\\/blog\\\/crash-de-lavion-de-gerard-leclerc-le-recit-des-dernieres-minutes-avant-laccident\\\/#primaryimage\"},\"thumbnailUrl\":\"https:\\\/\\\/www.accidentdutravail-idf.net\\\/blog\\\/wp-content\\\/uploads\\\/2024\\\/07\\\/crash-de-lavion-de-gerard-leclerc-le-recit-des-dernieres-minutes-avant-laccident.jpg\",\"articleSection\":[\"S\u00e9curit\u00e9 Du Travail En Ile-De-France Et Divers:\"],\"inLanguage\":\"fr-FR\"},{\"@type\":\"WebPage\",\"@id\":\"https:\\\/\\\/www.accidentdutravail-idf.net\\\/blog\\\/crash-de-lavion-de-gerard-leclerc-le-recit-des-dernieres-minutes-avant-laccident\\\/\",\"url\":\"https:\\\/\\\/www.accidentdutravail-idf.net\\\/blog\\\/crash-de-lavion-de-gerard-leclerc-le-recit-des-dernieres-minutes-avant-laccident\\\/\",\"name\":\"Crash de l\u2019avion de G\u00e9rard Leclerc : le r\u00e9cit des derni\u00e8res minutes avant l\u2019accident - ACCIDENTDUTRAVAIL-IDF\",\"isPartOf\":{\"@id\":\"https:\\\/\\\/www.accidentdutravail-idf.net\\\/blog\\\/#website\"},\"primaryImageOfPage\":{\"@id\":\"https:\\\/\\\/www.accidentdutravail-idf.net\\\/blog\\\/crash-de-lavion-de-gerard-leclerc-le-recit-des-dernieres-minutes-avant-laccident\\\/#primaryimage\"},\"image\":{\"@id\":\"https:\\\/\\\/www.accidentdutravail-idf.net\\\/blog\\\/crash-de-lavion-de-gerard-leclerc-le-recit-des-dernieres-minutes-avant-laccident\\\/#primaryimage\"},\"thumbnailUrl\":\"https:\\\/\\\/www.accidentdutravail-idf.net\\\/blog\\\/wp-content\\\/uploads\\\/2024\\\/07\\\/crash-de-lavion-de-gerard-leclerc-le-recit-des-dernieres-minutes-avant-laccident.jpg\",\"datePublished\":\"2024-07-12T09:25:00+00:00\",\"description\":\"Crash de l\u2019avion de G\u00e9rard Leclerc : le r\u00e9cit des derni\u00e8res minutes avant l\u2019accident article de ACCIDENTDUTRAVAIL-IDF\",\"breadcrumb\":{\"@id\":\"https:\\\/\\\/www.accidentdutravail-idf.net\\\/blog\\\/crash-de-lavion-de-gerard-leclerc-le-recit-des-dernieres-minutes-avant-laccident\\\/#breadcrumb\"},\"inLanguage\":\"fr-FR\",\"potentialAction\":[{\"@type\":\"ReadAction\",\"target\":[\"https:\\\/\\\/www.accidentdutravail-idf.net\\\/blog\\\/crash-de-lavion-de-gerard-leclerc-le-recit-des-dernieres-minutes-avant-laccident\\\/\"]}]},{\"@type\":\"ImageObject\",\"inLanguage\":\"fr-FR\",\"@id\":\"https:\\\/\\\/www.accidentdutravail-idf.net\\\/blog\\\/crash-de-lavion-de-gerard-leclerc-le-recit-des-dernieres-minutes-avant-laccident\\\/#primaryimage\",\"url\":\"https:\\\/\\\/www.accidentdutravail-idf.net\\\/blog\\\/wp-content\\\/uploads\\\/2024\\\/07\\\/crash-de-lavion-de-gerard-leclerc-le-recit-des-dernieres-minutes-avant-laccident.jpg\",\"contentUrl\":\"https:\\\/\\\/www.accidentdutravail-idf.net\\\/blog\\\/wp-content\\\/uploads\\\/2024\\\/07\\\/crash-de-lavion-de-gerard-leclerc-le-recit-des-dernieres-minutes-avant-laccident.jpg\"},{\"@type\":\"BreadcrumbList\",\"@id\":\"https:\\\/\\\/www.accidentdutravail-idf.net\\\/blog\\\/crash-de-lavion-de-gerard-leclerc-le-recit-des-dernieres-minutes-avant-laccident\\\/#breadcrumb\",\"itemListElement\":[{\"@type\":\"ListItem\",\"position\":1,\"name\":\"Accueil\",\"item\":\"https:\\\/\\\/www.accidentdutravail-idf.net\\\/blog\\\/\"},{\"@type\":\"ListItem\",\"position\":2,\"name\":\"Crash de l\u2019avion de G\u00e9rard Leclerc : le r\u00e9cit des derni\u00e8res minutes avant l\u2019accident\"}]},{\"@type\":\"WebSite\",\"@id\":\"https:\\\/\\\/www.accidentdutravail-idf.net\\\/blog\\\/#website\",\"url\":\"https:\\\/\\\/www.accidentdutravail-idf.net\\\/blog\\\/\",\"name\":\"ACCIDENTDUTRAVAIL-IDF\",\"description\":\"Portail accidents du travail-maladies professionnelles des entreprises d&#039;Ile-de-France\",\"publisher\":{\"@id\":\"https:\\\/\\\/www.accidentdutravail-idf.net\\\/blog\\\/#organization\"},\"potentialAction\":[{\"@type\":\"SearchAction\",\"target\":{\"@type\":\"EntryPoint\",\"urlTemplate\":\"https:\\\/\\\/www.accidentdutravail-idf.net\\\/blog\\\/?s={search_term_string}\"},\"query-input\":{\"@type\":\"PropertyValueSpecification\",\"valueRequired\":true,\"valueName\":\"search_term_string\"}}],\"inLanguage\":\"fr-FR\"},{\"@type\":\"Organization\",\"@id\":\"https:\\\/\\\/www.accidentdutravail-idf.net\\\/blog\\\/#organization\",\"name\":\"accidentdutravail-idf\",\"url\":\"https:\\\/\\\/www.accidentdutravail-idf.net\\\/blog\\\/\",\"logo\":{\"@type\":\"ImageObject\",\"inLanguage\":\"fr-FR\",\"@id\":\"https:\\\/\\\/www.accidentdutravail-idf.net\\\/blog\\\/#\\\/schema\\\/logo\\\/image\\\/\",\"url\":\"https:\\\/\\\/www.accidentdutravail-idf.net\\\/blog\\\/wp-content\\\/uploads\\\/2022\\\/09\\\/logo-2.png\",\"contentUrl\":\"https:\\\/\\\/www.accidentdutravail-idf.net\\\/blog\\\/wp-content\\\/uploads\\\/2022\\\/09\\\/logo-2.png\",\"width\":380,\"height\":291,\"caption\":\"accidentdutravail-idf\"},\"image\":{\"@id\":\"https:\\\/\\\/www.accidentdutravail-idf.net\\\/blog\\\/#\\\/schema\\\/logo\\\/image\\\/\"}},{\"@type\":\"Person\",\"@id\":\"https:\\\/\\\/www.accidentdutravail-idf.net\\\/blog\\\/#\\\/schema\\\/person\\\/3255d2f970de45e64bd9201f38e7b947\",\"name\":\"Carlos Poulain\",\"image\":{\"@type\":\"ImageObject\",\"inLanguage\":\"fr-FR\",\"@id\":\"https:\\\/\\\/secure.gravatar.com\\\/avatar\\\/b1c2f9d3588e34e91adb093635df64ef4b2381991216be7576466cfcdca4baf3?s=96&d=mm&r=g\",\"url\":\"https:\\\/\\\/secure.gravatar.com\\\/avatar\\\/b1c2f9d3588e34e91adb093635df64ef4b2381991216be7576466cfcdca4baf3?s=96&d=mm&r=g\",\"contentUrl\":\"https:\\\/\\\/secure.gravatar.com\\\/avatar\\\/b1c2f9d3588e34e91adb093635df64ef4b2381991216be7576466cfcdca4baf3?s=96&d=mm&r=g\",\"caption\":\"Carlos Poulain\"},\"url\":\"https:\\\/\\\/www.accidentdutravail-idf.net\\\/blog\\\/author\\\/idfcarlos\\\/\"}]}<\/script>\n<!-- \/ Yoast SEO plugin. -->","yoast_head_json":{"title":"Crash de l\u2019avion de G\u00e9rard Leclerc : le r\u00e9cit des derni\u00e8res minutes avant l\u2019accident - ACCIDENTDUTRAVAIL-IDF","description":"Crash de l\u2019avion de G\u00e9rard Leclerc : le r\u00e9cit des derni\u00e8res minutes avant l\u2019accident article de ACCIDENTDUTRAVAIL-IDF","robots":{"index":"index","follow":"follow","max-snippet":"max-snippet:-1","max-image-preview":"max-image-preview:large","max-video-preview":"max-video-preview:-1"},"canonical":"https:\/\/www.accidentdutravail-idf.net\/blog\/crash-de-lavion-de-gerard-leclerc-le-recit-des-dernieres-minutes-avant-laccident\/","og_locale":"fr_FR","og_type":"article","og_title":"Crash de l\u2019avion de G\u00e9rard Leclerc : le r\u00e9cit des derni\u00e8res minutes avant l\u2019accident - ACCIDENTDUTRAVAIL-IDF","og_description":"Crash de l\u2019avion de G\u00e9rard Leclerc : le r\u00e9cit des derni\u00e8res minutes avant l\u2019accident article de ACCIDENTDUTRAVAIL-IDF","og_url":"https:\/\/www.accidentdutravail-idf.net\/blog\/crash-de-lavion-de-gerard-leclerc-le-recit-des-dernieres-minutes-avant-laccident\/","og_site_name":"ACCIDENTDUTRAVAIL-IDF","article_published_time":"2024-07-12T09:25:00+00:00","og_image":[{"url":"https:\/\/www.accidentdutravail-idf.net\/blog\/wp-content\/uploads\/2024\/07\/crash-de-lavion-de-gerard-leclerc-le-recit-des-dernieres-minutes-avant-laccident.jpg","type":"","width":"","height":""}],"author":"Carlos Poulain","twitter_card":"summary_large_image","twitter_misc":{"\u00c9crit par":"Carlos Poulain","Dur\u00e9e de lecture estim\u00e9e":"2 minutes"},"schema":{"@context":"https:\/\/schema.org","@graph":[{"@type":"Article","@id":"https:\/\/www.accidentdutravail-idf.net\/blog\/crash-de-lavion-de-gerard-leclerc-le-recit-des-dernieres-minutes-avant-laccident\/#article","isPartOf":{"@id":"https:\/\/www.accidentdutravail-idf.net\/blog\/crash-de-lavion-de-gerard-leclerc-le-recit-des-dernieres-minutes-avant-laccident\/"},"author":{"name":"Carlos Poulain","@id":"https:\/\/www.accidentdutravail-idf.net\/blog\/#\/schema\/person\/3255d2f970de45e64bd9201f38e7b947"},"headline":"Crash de l\u2019avion de G\u00e9rard Leclerc : le r\u00e9cit des derni\u00e8res minutes avant l\u2019accident","datePublished":"2024-07-12T09:25:00+00:00","mainEntityOfPage":{"@id":"https:\/\/www.accidentdutravail-idf.net\/blog\/crash-de-lavion-de-gerard-leclerc-le-recit-des-dernieres-minutes-avant-laccident\/"},"wordCount":433,"publisher":{"@id":"https:\/\/www.accidentdutravail-idf.net\/blog\/#organization"},"image":{"@id":"https:\/\/www.accidentdutravail-idf.net\/blog\/crash-de-lavion-de-gerard-leclerc-le-recit-des-dernieres-minutes-avant-laccident\/#primaryimage"},"thumbnailUrl":"https:\/\/www.accidentdutravail-idf.net\/blog\/wp-content\/uploads\/2024\/07\/crash-de-lavion-de-gerard-leclerc-le-recit-des-dernieres-minutes-avant-laccident.jpg","articleSection":["S\u00e9curit\u00e9 Du Travail En Ile-De-France Et Divers:"],"inLanguage":"fr-FR"},{"@type":"WebPage","@id":"https:\/\/www.accidentdutravail-idf.net\/blog\/crash-de-lavion-de-gerard-leclerc-le-recit-des-dernieres-minutes-avant-laccident\/","url":"https:\/\/www.accidentdutravail-idf.net\/blog\/crash-de-lavion-de-gerard-leclerc-le-recit-des-dernieres-minutes-avant-laccident\/","name":"Crash de l\u2019avion de G\u00e9rard Leclerc : le r\u00e9cit des derni\u00e8res minutes avant l\u2019accident - ACCIDENTDUTRAVAIL-IDF","isPartOf":{"@id":"https:\/\/www.accidentdutravail-idf.net\/blog\/#website"},"primaryImageOfPage":{"@id":"https:\/\/www.accidentdutravail-idf.net\/blog\/crash-de-lavion-de-gerard-leclerc-le-recit-des-dernieres-minutes-avant-laccident\/#primaryimage"},"image":{"@id":"https:\/\/www.accidentdutravail-idf.net\/blog\/crash-de-lavion-de-gerard-leclerc-le-recit-des-dernieres-minutes-avant-laccident\/#primaryimage"},"thumbnailUrl":"https:\/\/www.accidentdutravail-idf.net\/blog\/wp-content\/uploads\/2024\/07\/crash-de-lavion-de-gerard-leclerc-le-recit-des-dernieres-minutes-avant-laccident.jpg","datePublished":"2024-07-12T09:25:00+00:00","description":"Crash de l\u2019avion de G\u00e9rard Leclerc : le r\u00e9cit des derni\u00e8res minutes avant l\u2019accident article de ACCIDENTDUTRAVAIL-IDF","breadcrumb":{"@id":"https:\/\/www.accidentdutravail-idf.net\/blog\/crash-de-lavion-de-gerard-leclerc-le-recit-des-dernieres-minutes-avant-laccident\/#breadcrumb"},"inLanguage":"fr-FR","potentialAction":[{"@type":"ReadAction","target":["https:\/\/www.accidentdutravail-idf.net\/blog\/crash-de-lavion-de-gerard-leclerc-le-recit-des-dernieres-minutes-avant-laccident\/"]}]},{"@type":"ImageObject","inLanguage":"fr-FR","@id":"https:\/\/www.accidentdutravail-idf.net\/blog\/crash-de-lavion-de-gerard-leclerc-le-recit-des-dernieres-minutes-avant-laccident\/#primaryimage","url":"https:\/\/www.accidentdutravail-idf.net\/blog\/wp-content\/uploads\/2024\/07\/crash-de-lavion-de-gerard-leclerc-le-recit-des-dernieres-minutes-avant-laccident.jpg","contentUrl":"https:\/\/www.accidentdutravail-idf.net\/blog\/wp-content\/uploads\/2024\/07\/crash-de-lavion-de-gerard-leclerc-le-recit-des-dernieres-minutes-avant-laccident.jpg"},{"@type":"BreadcrumbList","@id":"https:\/\/www.accidentdutravail-idf.net\/blog\/crash-de-lavion-de-gerard-leclerc-le-recit-des-dernieres-minutes-avant-laccident\/#breadcrumb","itemListElement":[{"@type":"ListItem","position":1,"name":"Accueil","item":"https:\/\/www.accidentdutravail-idf.net\/blog\/"},{"@type":"ListItem","position":2,"name":"Crash de l\u2019avion de G\u00e9rard Leclerc : le r\u00e9cit des derni\u00e8res minutes avant l\u2019accident"}]},{"@type":"WebSite","@id":"https:\/\/www.accidentdutravail-idf.net\/blog\/#website","url":"https:\/\/www.accidentdutravail-idf.net\/blog\/","name":"ACCIDENTDUTRAVAIL-IDF","description":"Portail accidents du travail-maladies professionnelles des entreprises d&#039;Ile-de-France","publisher":{"@id":"https:\/\/www.accidentdutravail-idf.net\/blog\/#organization"},"potentialAction":[{"@type":"SearchAction","target":{"@type":"EntryPoint","urlTemplate":"https:\/\/www.accidentdutravail-idf.net\/blog\/?s={search_term_string}"},"query-input":{"@type":"PropertyValueSpecification","valueRequired":true,"valueName":"search_term_string"}}],"inLanguage":"fr-FR"},{"@type":"Organization","@id":"https:\/\/www.accidentdutravail-idf.net\/blog\/#organization","name":"accidentdutravail-idf","url":"https:\/\/www.accidentdutravail-idf.net\/blog\/","logo":{"@type":"ImageObject","inLanguage":"fr-FR","@id":"https:\/\/www.accidentdutravail-idf.net\/blog\/#\/schema\/logo\/image\/","url":"https:\/\/www.accidentdutravail-idf.net\/blog\/wp-content\/uploads\/2022\/09\/logo-2.png","contentUrl":"https:\/\/www.accidentdutravail-idf.net\/blog\/wp-content\/uploads\/2022\/09\/logo-2.png","width":380,"height":291,"caption":"accidentdutravail-idf"},"image":{"@id":"https:\/\/www.accidentdutravail-idf.net\/blog\/#\/schema\/logo\/image\/"}},{"@type":"Person","@id":"https:\/\/www.accidentdutravail-idf.net\/blog\/#\/schema\/person\/3255d2f970de45e64bd9201f38e7b947","name":"Carlos Poulain","image":{"@type":"ImageObject","inLanguage":"fr-FR","@id":"https:\/\/secure.gravatar.com\/avatar\/b1c2f9d3588e34e91adb093635df64ef4b2381991216be7576466cfcdca4baf3?s=96&d=mm&r=g","url":"https:\/\/secure.gravatar.com\/avatar\/b1c2f9d3588e34e91adb093635df64ef4b2381991216be7576466cfcdca4baf3?s=96&d=mm&r=g","contentUrl":"https:\/\/secure.gravatar.com\/avatar\/b1c2f9d3588e34e91adb093635df64ef4b2381991216be7576466cfcdca4baf3?s=96&d=mm&r=g","caption":"Carlos Poulain"},"url":"https:\/\/www.accidentdutravail-idf.net\/blog\/author\/idfcarlos\/"}]}},"_links":{"self":[{"href":"https:\/\/www.accidentdutravail-idf.net\/blog\/wp-json\/wp\/v2\/posts\/560","targetHints":{"allow":["GET"]}}],"collection":[{"href":"https:\/\/www.accidentdutravail-idf.net\/blog\/wp-json\/wp\/v2\/posts"}],"about":[{"href":"https:\/\/www.accidentdutravail-idf.net\/blog\/wp-json\/wp\/v2\/types\/post"}],"author":[{"embeddable":true,"href":"https:\/\/www.accidentdutravail-idf.net\/blog\/wp-json\/wp\/v2\/users\/2"}],"replies":[{"embeddable":true,"href":"https:\/\/www.accidentdutravail-idf.net\/blog\/wp-json\/wp\/v2\/comments?post=560"}],"version-history":[{"count":0,"href":"https:\/\/www.accidentdutravail-idf.net\/blog\/wp-json\/wp\/v2\/posts\/560\/revisions"}],"wp:attachment":[{"href":"https:\/\/www.accidentdutravail-idf.net\/blog\/wp-json\/wp\/v2\/media?parent=560"}],"wp:term":[{"taxonomy":"category","embeddable":true,"href":"https:\/\/www.accidentdutravail-idf.net\/blog\/wp-json\/wp\/v2\/categories?post=560"},{"taxonomy":"post_tag","embeddable":true,"href":"https:\/\/www.accidentdutravail-idf.net\/blog\/wp-json\/wp\/v2\/tags?post=560"}],"curies":[{"name":"wp","href":"https:\/\/api.w.org\/{rel}","templated":true}]}}