{"id":558,"date":"2024-07-12T07:30:00","date_gmt":"2024-07-12T05:30:00","guid":{"rendered":"https:\/\/www.accidentdutravail-idf.net\/blog\/le-travail-constitue-une-cle-essentielle-pour-comprendre-la-crise-politique-en-france\/"},"modified":"2024-07-12T07:30:00","modified_gmt":"2024-07-12T05:30:00","slug":"le-travail-constitue-une-cle-essentielle-pour-comprendre-la-crise-politique-en-france","status":"publish","type":"post","link":"https:\/\/www.accidentdutravail-idf.net\/blog\/le-travail-constitue-une-cle-essentielle-pour-comprendre-la-crise-politique-en-france\/","title":{"rendered":"\u00ab\u00a0Le travail constitue une cl\u00e9 essentielle pour comprendre la crise politique en France\u00a0\u00bb"},"content":{"rendered":"<p>        <title>\u00ab\u00a0Le travail constitue une cl\u00e9 essentielle pour comprendre la crise politique en France\u00a0\u00bb<\/title>                                                  <!-- readCookie start --> <!-- readCookie end --> <!-- TagsVars start --> <!-- TagsVars end -->   <main class=\"main\"> <\/p>\n<div class=\"layout-grid container\">\n<div class=\"layout-grid__main\">\n<article class=\"article js-article \">\n<header class=\"article__header\">\n<figure class=\"article__image article__item\">\n<div class=\"responsive-image-wrapper\">   <img decoding=\"async\" class=\"responsive-image\" src=\"https:\/\/www.accidentdutravail-idf.net\/blog\/wp-content\/uploads\/2024\/07\/le-travail-constitue-une-cle-essentielle-pour-comprendre-la-crise-politique-en-france.jpg\" alt=\"Photo d'illustration.\" width=\"770\" height=\"462\">  <\/div><figcaption class=\"article__caption\"> Photo d&rsquo;illustration.<br \/>Mathieu Thomasset \/ Hans Lucas <\/figcaption><\/figure>\n<div class=\"article__wrapper\">\n<p><h2 class=\"article__subhead\">Tribune<\/h2>\n<\/p>\n<div class=\"article__item\">\n<address class=\"article__details\"> Par <span class=\"link__decoration\">Jean-Claude Delg\u00e8nes<\/span> <\/address>\n<p class=\"article__details\"> Publi\u00e9 le  12\/07\/2024 \u00e0 14:30  <\/p>\n<\/p><\/div>\n<\/p><\/div>\n<\/header>\n<div class=\"article__wrapper article__content\">\n<h2 class=\"article__headline article__item\">\n<p class=\"article-text article-body__item\"> Jean-Claude Delg\u00e8nes, pr\u00e9sident du cabinet Technologia, estime que le malaise grandissant des Fran\u00e7ais au travail, explique en partie la mont\u00e9e du Rassemblement national.\n<\/p>\n<\/h2>\n<div class=\"article-body js-article-body\">\n<p class=\"article-text article-body__item\"> Le travail, grand oubli\u00e9 une fois encore des derniers d\u00e9bats \u00e9lectoraux, constitue pourtant une cl\u00e9 essentielle pour comprendre la crise politique en France. En effet cette crise plonge aussi ses racines dans une d\u00e9gradation marqu\u00e9e des conditions de travail sur les quinze derni\u00e8res ann\u00e9es. Celle-ci concerne particuli\u00e8rement les services publics tels que la sant\u00e9 et l&rsquo;\u00e9ducation, mais elle s&rsquo;\u00e9tend bien au-del\u00e0. Les comparaisons internationales montrent que la France se situe parmi les pays europ\u00e9ens les plus affect\u00e9s par cette d\u00e9t\u00e9rioration.\n<\/p>\n<p class=\"article-text article-body__item\"> <strong>\u00c0 LIRE AUSSI : <a href=\"https:\/\/www.marianne.net\/societe\/assurance-chomage-arrets-maladie-les-profiteurs-du-systeme-cette-rengaine-qui-decrit-si-mal-le-monde-du-travail\" target=\"_blank\" rel=\"nofollow\">Assurance ch\u00f4mage, arr\u00eats maladie&nbsp;: les \u00ab\u00a0profiteurs du syst\u00e8me\u00a0\u00bb, cette rengaine qui d\u00e9crit si mal le monde du travail<\/a><\/strong>\n<\/p>\n<p class=\"article-text article-body__item\"> En France, <a href=\"https:\/\/orbi.uliege.be\/bitstream\/2268\/10258\/1\/200411_13.pdfhttps:\/\/orbi.uliege.be\/bitstream\/2268\/10258\/1\/200411_13.pdf\" rel=\"noopener nofollow\" target=\"_blank\">l\u2019\u00e9tude internationale InterHeart <\/a><br \/>\nsoulignait d\u00e9j\u00e0 en 2004 les effets du stress chronique professionnel, responsable d\u2019environ 4&nbsp;000 d\u00e9c\u00e8s annuels en raison d\u2019accidents cardiovasculaires. En 2017, une enqu\u00eate europ\u00e9enne du Centre d&rsquo;\u00c9tudes de l&rsquo;Emploi et du Travail montrait un recul constant des conditions de travail sur 15 ans, pla\u00e7ant notre pays aux c\u00f4t\u00e9s de l&rsquo;Espagne et de la Gr\u00e8ce en termes de d\u00e9gradation. Plus r\u00e9cemment, <a href=\"https:\/\/www.eurofound.europa.eu\/fr\/publications\/2023\/vivre-et-travailler-en-europe-en-2022\" rel=\"noopener nofollow\" target=\"_blank\">l\u2019\u00e9tude Eurofound <\/a><br \/>\na r\u00e9v\u00e9l\u00e9 en 2022 que 40&nbsp;% des travailleurs fran\u00e7ais subissaient des conditions de travail tendues, pla\u00e7ant la France au niveau de l&rsquo;Albanie au dernier rang des 36 pays analys\u00e9s.\n<\/p>\n<h2 class=\"article-heading article-body__item\">Malaise au travail<\/h2>\n<p class=\"article-text article-body__item\"> En 2022, <a href=\"https:\/\/dares.travail-emploi.gouv.fr\/publication\/la-france-vit-elle-une-grande-demission\" rel=\"noopener nofollow\" target=\"_blank\">plus de 2,5&nbsp;millions de salari\u00e9s en CDI ont d\u00e9missionn\u00e9<\/a><br \/>\n, signalant un <em>turnover<\/em> pr\u00e9occupant. La m\u00eame ann\u00e9e l\u2019absent\u00e9isme <a href=\"https:\/\/pro.apicil.com\/wp-content\/uploads\/sites\/3\/2023\/11\/Rapport-OAT-2023-APICIL.pdf\" rel=\"noopener nofollow\" target=\"_blank\">selon la mutuelle Apicil<\/a> a \u00e9galement augment\u00e9 de pr\u00e8s d\u2019un point atteignant 5,76&nbsp;%, avec un salari\u00e9 sur trois prenant au moins un jour d\u2019arr\u00eat maladie par an. Par ailleurs 108&nbsp;000 pathologies psychiques sont estim\u00e9es li\u00e9es au travail, m\u00eame si seulement un peu plus de 1&nbsp;800 sont reconnues comme maladies professionnelles. \u00c0 celles-ci il convient d\u2019ajouter, environ 28&nbsp;000 accidents du travail d&rsquo;origine psychique. Les pathologies psychiques sont d\u00e9sormais la premi\u00e8re cause d&rsquo;arr\u00eats de travail prolong\u00e9s, le burn-out entra\u00eenant en moyenne neuf mois d&rsquo;arr\u00eat. Une \u00e9tude de 2014 <a href=\"https:\/\/www.technologia.fr\/wp-content\/uploads\/2015\/01\/Fiche-Marketing-Burn-out.pdf\" rel=\"noopener nofollow\" target=\"_blank\">par le cabinet Technologia<\/a> montrait d\u00e9j\u00e0 que 3&nbsp;millions de salari\u00e9s \u00e9taient expos\u00e9s \u00e0 un risque \u00e9lev\u00e9 de burn-out.\n<\/p>\n<p> \u00ab&nbsp;La promotion sociale par le travail s&rsquo;est consid\u00e9rablement restreinte.&nbsp;\u00bb\n<\/p>\n<p class=\"article-text article-body__item\"> Qui plus est, la sinistralit\u00e9 reste \u00e0 un niveau sup\u00e9rieur aux pays europ\u00e9ens de r\u00e9f\u00e9rence. En 2021 en sus des 40&nbsp;852 maladies professionnelles ont \u00e9t\u00e9 enregistr\u00e9s 604&nbsp;565 accidents du travail dont 645 mortels auxquels s&rsquo;ajoutent 240 d\u00e9c\u00e8s sur la route. Chaque ann\u00e9e environ 900 \u00e0 1&nbsp;200 suicides surviennent avec une pr\u00e9somption d\u2019imputabilit\u00e9 au travail.\n<\/p>\n<p class=\"article-text article-body__item\"> La promotion sociale par le travail s&rsquo;est consid\u00e9rablement restreinte en raison de la sp\u00e9cialisation des firmes sur leur c\u0153ur de m\u00e9tier. Autrefois, des employ\u00e9s peu qualifi\u00e9s pouvaient entrer dans les entreprises \u00e0 des postes consid\u00e9r\u00e9s comme secondaires (maintenance, s\u00e9curit\u00e9, accueil, etc.) et, gr\u00e2ce \u00e0 leur s\u00e9rieux, gravir les \u00e9chelons. Aujourd&rsquo;hui, cette progression est difficile en raison de la sous-traitance de nombreuses activit\u00e9s. Cette stagnation d\u00e9courage les efforts et nourrit le d\u00e9senchantement, ce d&rsquo;autant plus que les salari\u00e9s craignent d\u00e9sormais que leurs enfants connaissent des trajectoires professionnelles moins favorables que les leurs.\n<\/p>\n<h2 class=\"article-heading article-body__item\">Une reconnaissance financi\u00e8re du travail jug\u00e9e insuffisante<\/h2>\n<p class=\"article-text article-body__item\"> La pr\u00e9carit\u00e9 financi\u00e8re est un autre facteur cl\u00e9 de compr\u00e9hension du mal-\u00eatre au travail et de la crise politique actuelle. En 2022, <a href=\"https:\/\/www.insee.fr\/fr\/statistiques\/7457170\" rel=\"noopener nofollow\" target=\"_blank\">selon l\u2019INSEE<\/a><br \/>\n, le salaire net moyen \u00e0 temps plein, c\u2019est-\u00e0-dire en dehors de cotisations sociales, \u00e9tait de 2&nbsp;520&nbsp;euros ; 10&nbsp;% des actifs recevaient 4&nbsp;160&nbsp;euros dont 1&nbsp;% pr\u00e8s de 10&nbsp;000&nbsp;euros ; 10&nbsp;% gagnaient moins de 1&nbsp;440&nbsp;euros mensuels. Un travailleur sur dix vivait en dessous du seuil de pauvret\u00e9.\n<\/p>\n<p class=\"article-text article-body__item\"> <strong>\u00c0 LIRE AUSSI : <a href=\"https:\/\/www.marianne.net\/agora\/analyses\/chomage-de-masse-societe-de-loisirs-surconsommation-le-droit-a-la-paresse-est-il-une-bonne-idee\" target=\"_blank\" rel=\"nofollow\">Ch\u00f4mage de masse, soci\u00e9t\u00e9 de loisirs, surconsommation\u2026 : Le droit \u00e0 la paresse est-il une bonne id\u00e9e ?<\/a><\/strong>\n<\/p>\n<p class=\"article-text article-body__item\"> Il est l\u00e9gitime de se demander pourquoi la France d\u00e9croche alors que d&rsquo;autres pays \u00e0 \u00e9conomie \u00e9quivalente font beaucoup mieux. Le mod\u00e8le manag\u00e9rial fran\u00e7ais est au c\u0153ur du probl\u00e8me, m\u00eame s&rsquo;il doit aussi \u00eatre la solution. Souvent centralis\u00e9 et autoritaire, il se caract\u00e9rise par une approche descendante&nbsp;: \u00ab&nbsp;Regardez-moi, j\u2019ai tout compris, je vous explique, vous appliquez et je contr\u00f4le.&nbsp;\u00bb\n<\/p>\n<p class=\"article-text article-body__item\"> Ces m\u00e9thodes de management r\u00e9sultent d&rsquo;une s\u00e9lection pr\u00e9coce, \u00e0 un \u00e2ge o\u00f9 l&rsquo;immaturit\u00e9 et l&rsquo;ultra-\u00e9litisme des cercles dirigeants pr\u00e9dominent. Cette s\u00e9lection \u00e0 huis clos, offrant des privil\u00e8ges \u00e0 vie, ne favorise ni la concertation ni la mobilisation participative des \u00e9nergies au sein des collectifs. Elle expose \u00e0 nombre d\u2019erreurs alors que les gouvernances collectives sont plus propices \u00e0 affronter la complexit\u00e9 pour des prises de d\u00e9cision plus \u00e9clair\u00e9es.\n<\/p>\n<p class=\"article-text article-body__item\"> Les limites de cette dimension \u00e9gotique sont \u00e9videntes dans notre monarchie r\u00e9publicaine qui accorde des pouvoirs immenses \u00e0 un seul homme en digne continuit\u00e9 de l\u2019esprit \u00ab&nbsp;Louis Quatorzien&nbsp;\u00bb. De m\u00eame peu de soci\u00e9t\u00e9s cultivent le sens du compromis. Les repr\u00e9sentants des salari\u00e9s sont h\u00e9las bien trop souvent m\u00e9pris\u00e9s par les dirigeants qui ne leur accordent que peu de cr\u00e9dit. Les organisations syndicales ne sont pas de v\u00e9ritables contre-pouvoirs au sein des entreprises.\n<\/p>\n<p class=\"article-text article-body__item\"> Elles sont certes inform\u00e9es et consult\u00e9es sur les changements qui sont le plus souvent con\u00e7us et impos\u00e9s unilat\u00e9ralement. Elles ne disposent que peu de leviers pour se faire entendre, \u00e0 l&rsquo;exception du blocage. \u00c0 l&rsquo;inverse, dans d&rsquo;autres pays comme l&rsquo;Allemagne ou les pays scandinaves, la culture du compromis pr\u00e9domine. De v\u00e9ritables accords sociaux se nouent au plus pr\u00e8s du terrain, et aucun grand changement ne s&rsquo;op\u00e8re sans qu\u2019une concertation r\u00e9elle avec les salari\u00e9s et leurs repr\u00e9sentants n\u2019intervienne.\n<\/p>\n<h2 class=\"article-heading article-body__item\">R\u00e9enchanter le travail<\/h2>\n<p class=\"article-text article-body__item\"> Afin de redonner espoir et revitaliser le pays, il est crucial d\u2019am\u00e9liorer les conditions de travail comme l\u2019expliquait derni\u00e8rement Edgar Morin qui propose d\u2019instaurer des \u00ab&nbsp;oasis de fraternit\u00e9&nbsp;\u00bb dans le d\u00e9sert (mais parfois la jungle) des entreprises. La France doit s\u2019inspirer des mod\u00e8les europ\u00e9ens plus performants et r\u00e9former son management. Un management bienveillant et participatif est essentiel pour restaurer des conditions de travail d\u00e9centes. Un travail sain r\u00e9pond \u00e0 plusieurs crit\u00e8res&nbsp;:\n<\/p>\n<p> \u00ab&nbsp;L\u2019univers de travail r\u00e9nov\u00e9 sera alors un puissant antidote contre le d\u00e9sespoir.&nbsp;\u00bb\n<\/p>\n<p class=\"article-text article-body__item\"> \u2022\tDes exigences proportionn\u00e9es aux comp\u00e9tences et \u00e0 l\u2019exp\u00e9rience.\n<\/p>\n<p class=\"article-text article-body__item\"> \u2022\tUn soutien de la hi\u00e9rarchie et des coll\u00e8gues, avec une reconnaissance du droit \u00e0 l&rsquo;erreur.\n<\/p>\n<p class=\"article-text article-body__item\"> \u2022\tUne reconnaissance \u00e9quitable, incluant des \u00e9carts de salaire justifi\u00e9s et l&rsquo;\u00e9galit\u00e9 salariale entre les sexes.\n<\/p>\n<p class=\"article-text article-body__item\"> \u2022\tUne autonomie et un pouvoir d\u2019agir pour les employ\u00e9s.\n<\/p>\n<p class=\"article-text article-body__item\"> \u2022\tDes valeurs align\u00e9es avec celles des individus.\n<\/p>\n<p class=\"article-text article-body__item\"> \u2022\tUn sens au travail, trouvant utilit\u00e9 pour la collectivit\u00e9 et alignement avec la vision des employ\u00e9s.\n<\/p>\n<p class=\"article-text article-body__item\"> \u2022\tDes relations de travail de qualit\u00e9, sans tol\u00e9rance pour le harc\u00e8lement moral, sexuel ou les agissements sexistes.\n<\/p>\n<p class=\"article-text article-body__item\"> <strong>\u00c0 LIRE AUSSI : <a href=\"https:\/\/www.marianne.net\/agora\/entretiens-et-debats\/francois-ruffin-nous-devons-retourner-la-rhetorique-anti-assistanat-en-parlant-des-assistes-den-haut\" target=\"_blank\" rel=\"nofollow\">Fran\u00e7ois Ruffin : \u00ab\u00a0Nous devons retourner la rh\u00e9torique anti-assistanat en parlant des assist\u00e9s d&rsquo;en haut\u00a0\u00bb<\/a><\/strong>\n<\/p>\n<p class=\"article-text article-body__item\"> Le vote pour le Rassemblement national est un message de d\u00e9sespoir et de protestation qu\u2019il convient d\u2019entendre, il est ancr\u00e9 mais il est possible d\u2019y r\u00e9pondre et d\u2019inverser cette dynamique funeste en s\u2019appuyant sur le travail, par nature social et unificateur au-del\u00e0 des diversit\u00e9s et diff\u00e9rences qui loin de diviser peuvent rapprocher les \u00eatres humains.\n<\/p>\n<p class=\"article-text article-body__item\"> Un management bienveillant et exigeant peut transformer l\u2019environnement de travail, r\u00e9duire le d\u00e9senchantement et am\u00e9liorer la satisfaction des Fran\u00e7ais. L\u2019univers de travail r\u00e9nov\u00e9 sera alors un puissant antidote contre le d\u00e9sespoir et la France reprendra confiance dans sa destin\u00e9e mill\u00e9naire.\n<\/p>\n<\/p><\/div>\n<address class=\"article-author article__item\">\n<ul class=\"article-author__list\">\n<li class=\"article-author__item\">   <img class=\"article-author__picture lazyload\" data-src=\"https:\/\/www.accidentdutravail-idf.net\/blog\/wp-content\/uploads\/2024\/07\/le-travail-constitue-une-cle-essentielle-pour-comprendre-la-crise-politique-en-france.png\" data-placeholder=\"https:\/\/www.accidentdutravail-idf.net\/blog\/wp-content\/uploads\/2024\/07\/le-travail-constitue-une-cle-essentielle-pour-comprendre-la-crise-politique-en-france.png\" alt=\"Jean-Claude Delg\u00e8nes\" width=\"55\" height=\"55\" loading=\"lazy\">\n<p class=\"article-author__details\"> Par <span class=\"link__decoration\">Jean-Claude Delg\u00e8nes<\/span> <\/p>\n<\/li>\n<\/ul><\/address>\n<\/p><\/div>\n<\/article><\/div>\n<div class=\"layout-grid__main\">\n<div class=\"layout-grid__item\">\n<div class=\"naa\">\n<h3 class=\"naa__title\">Nos abonn\u00e9s aiment<\/h3>\n<\/p><\/div>\n<\/p><\/div>\n<div class=\"layout-grid__item\">\n<div class=\"more-rubric \">\n<h3 class=\"more-rubric__heading\">Plus d&rsquo;Agora<\/h3>\n<\/p><\/div>\n<\/p><\/div>\n<div class=\"subscription-prompt layout-grid__item premium-hidden\">\n<h3 class=\"subscription-prompt__heading\">Votre abonnement nous engage<\/h3>\n<p class=\"subscription-prompt__text\"> En vous abonnant, vous soutenez le projet de la r\u00e9daction de Marianne : un journalisme libre, ni partisan, ni pactisant, toujours engag\u00e9 ; un journalisme \u00e0 la fois critique et force de proposition. <\/p>\n<p class=\"subscription-prompt__text subscription-prompt__text--red\"> Natacha Polony, directrice de la r\u00e9daction de Marianne <\/p>\n<\/p><\/div>\n<\/p><\/div>\n<div class=\"layout-grid__aside\">\n<div class=\"layout-grid__item\">\n<section class=\"magazine-block \" data-id>\n<div class=\"magazine-block__wrapper\"> <a class=\"magazine-block__cover\" href=\"https:\/\/www.marianne.net\/Abonnement?ref=https%3A%2F%2Fwww.marianne.net#xtatc=INT-44-[bloc-num-couv]\" data-href-premium=\"https:\/\/digital.marianne.net\/\" target=\"_blank\" rel=\"nofollow\"> <\/p>\n<div class=\"responsive-image-wrapper responsive-image-wrapper--magazine\"> <img decoding=\"async\" class=\"magazine-block__image responsive-image\" src=\"https:\/\/www.accidentdutravail-idf.net\/blog\/wp-content\/uploads\/2024\/07\/le-travail-constitue-une-cle-essentielle-pour-comprendre-la-crise-politique-en-france-1.jpg\" alt width=\"263\" height=\"347\" data-size=\"536,694\"> <\/div>\n<p> <\/a> <\/div>\n<\/section><\/div>\n<\/p><\/div>\n<\/p><\/div>\n<p> <\/main>  accidentdutravail-idf.net vous a pr\u00e9par\u00e9 ce post qui informe du sujet \u00ab\u00a0Association Sportive Huisson-Longueville Essonne\u00a0\u00bb. La chronique se veut g\u00e9n\u00e9r\u00e9e du mieux possible. Vous pouvez utiliser les coordonn\u00e9es indiqu\u00e9es sur le site dans le but d\u2019apporter des explications sur ce post qui parle du th\u00e8me \u00ab\u00a0Association Sportive Huisson-Longueville Essonne\u00a0\u00bb. Le site accidentdutravail-idf.net a pour but de fournir diverses publications sur la th\u00e9matique Association Sportive Huisson-Longueville Essonne diffus\u00e9es sur le net. Il y aura plusieurs articles autour du sujet \u00ab\u00a0Association Sportive Huisson-Longueville Essonne\u00a0\u00bb dans quelques jours, nous vous invitons \u00e0 naviguer sur notre site web \u00e0 plusieurs reprises.<\/p>\n","protected":false},"excerpt":{"rendered":"<p>\u00ab\u00a0Le travail constitue une cl\u00e9 essentielle pour comprendre la crise politique en France\u00a0\u00bb Photo d&rsquo;illustration.Mathieu Thomasset \/ Hans Lucas Tribune Par Jean-Claude Delg\u00e8nes Publi\u00e9 le 12\/07\/2024 \u00e0 14:30 Jean-Claude Delg\u00e8nes, pr\u00e9sident du cabinet Technologia, estime que le malaise grandissant des Fran\u00e7ais au travail, explique en partie la mont\u00e9e du Rassemblement national. Le travail, grand oubli\u00e9 &hellip; <\/p>\n<p class=\"link-more\"><a href=\"https:\/\/www.accidentdutravail-idf.net\/blog\/le-travail-constitue-une-cle-essentielle-pour-comprendre-la-crise-politique-en-france\/\" class=\"more-link\">Continuer la lecture <span class=\"screen-reader-text\"> \u00ab\u00a0\u00ab\u00a0Le travail constitue une cl\u00e9 essentielle pour comprendre la crise politique en France\u00a0\u00bb\u00a0\u00bb<\/span><\/a><\/p>\n","protected":false},"author":2,"featured_media":0,"comment_status":"closed","ping_status":"closed","sticky":false,"template":"","format":"standard","meta":{"footnotes":""},"categories":[5],"tags":[],"class_list":["post-558","post","type-post","status-publish","format-standard","hentry","category-securite-du-travail-en-ile-de-france-et-divers","entry"],"yoast_head":"<!-- This site is optimized with the Yoast SEO plugin v27.5 - https:\/\/yoast.com\/product\/yoast-seo-wordpress\/ -->\n<title>&quot;Le travail constitue une cl\u00e9 essentielle pour comprendre la crise politique en France&quot; - ACCIDENTDUTRAVAIL-IDF<\/title>\n<meta name=\"description\" content=\"&quot;Le travail constitue une cl\u00e9 essentielle pour comprendre la crise politique en France&quot; article de ACCIDENTDUTRAVAIL-IDF\" \/>\n<meta name=\"robots\" content=\"index, follow, max-snippet:-1, max-image-preview:large, max-video-preview:-1\" \/>\n<link rel=\"canonical\" href=\"https:\/\/www.accidentdutravail-idf.net\/blog\/le-travail-constitue-une-cle-essentielle-pour-comprendre-la-crise-politique-en-france\/\" \/>\n<meta property=\"og:locale\" content=\"fr_FR\" \/>\n<meta property=\"og:type\" content=\"article\" \/>\n<meta property=\"og:title\" content=\"&quot;Le travail constitue une cl\u00e9 essentielle pour comprendre la crise politique en France&quot; - ACCIDENTDUTRAVAIL-IDF\" \/>\n<meta property=\"og:description\" content=\"&quot;Le travail constitue une cl\u00e9 essentielle pour comprendre la crise politique en France&quot; article de ACCIDENTDUTRAVAIL-IDF\" \/>\n<meta property=\"og:url\" content=\"https:\/\/www.accidentdutravail-idf.net\/blog\/le-travail-constitue-une-cle-essentielle-pour-comprendre-la-crise-politique-en-france\/\" \/>\n<meta property=\"og:site_name\" content=\"ACCIDENTDUTRAVAIL-IDF\" \/>\n<meta property=\"article:published_time\" content=\"2024-07-12T05:30:00+00:00\" \/>\n<meta property=\"og:image\" content=\"https:\/\/www.accidentdutravail-idf.net\/blog\/wp-content\/uploads\/2024\/07\/le-travail-constitue-une-cle-essentielle-pour-comprendre-la-crise-politique-en-france.jpg\" \/>\n<meta name=\"author\" content=\"Carlos Poulain\" \/>\n<meta name=\"twitter:card\" content=\"summary_large_image\" \/>\n<meta name=\"twitter:label1\" content=\"\u00c9crit par\" \/>\n\t<meta name=\"twitter:data1\" content=\"Carlos Poulain\" \/>\n\t<meta name=\"twitter:label2\" content=\"Dur\u00e9e de lecture estim\u00e9e\" \/>\n\t<meta name=\"twitter:data2\" content=\"8 minutes\" \/>\n<script type=\"application\/ld+json\" class=\"yoast-schema-graph\">{\"@context\":\"https:\\\/\\\/schema.org\",\"@graph\":[{\"@type\":\"Article\",\"@id\":\"https:\\\/\\\/www.accidentdutravail-idf.net\\\/blog\\\/le-travail-constitue-une-cle-essentielle-pour-comprendre-la-crise-politique-en-france\\\/#article\",\"isPartOf\":{\"@id\":\"https:\\\/\\\/www.accidentdutravail-idf.net\\\/blog\\\/le-travail-constitue-une-cle-essentielle-pour-comprendre-la-crise-politique-en-france\\\/\"},\"author\":{\"name\":\"Carlos Poulain\",\"@id\":\"https:\\\/\\\/www.accidentdutravail-idf.net\\\/blog\\\/#\\\/schema\\\/person\\\/3255d2f970de45e64bd9201f38e7b947\"},\"headline\":\"\u00ab\u00a0Le travail constitue une cl\u00e9 essentielle pour comprendre la crise politique en France\u00a0\u00bb\",\"datePublished\":\"2024-07-12T05:30:00+00:00\",\"mainEntityOfPage\":{\"@id\":\"https:\\\/\\\/www.accidentdutravail-idf.net\\\/blog\\\/le-travail-constitue-une-cle-essentielle-pour-comprendre-la-crise-politique-en-france\\\/\"},\"wordCount\":1547,\"publisher\":{\"@id\":\"https:\\\/\\\/www.accidentdutravail-idf.net\\\/blog\\\/#organization\"},\"image\":{\"@id\":\"https:\\\/\\\/www.accidentdutravail-idf.net\\\/blog\\\/le-travail-constitue-une-cle-essentielle-pour-comprendre-la-crise-politique-en-france\\\/#primaryimage\"},\"thumbnailUrl\":\"https:\\\/\\\/www.accidentdutravail-idf.net\\\/blog\\\/wp-content\\\/uploads\\\/2024\\\/07\\\/le-travail-constitue-une-cle-essentielle-pour-comprendre-la-crise-politique-en-france.jpg\",\"articleSection\":[\"S\u00e9curit\u00e9 Du Travail En Ile-De-France Et Divers:\"],\"inLanguage\":\"fr-FR\"},{\"@type\":\"WebPage\",\"@id\":\"https:\\\/\\\/www.accidentdutravail-idf.net\\\/blog\\\/le-travail-constitue-une-cle-essentielle-pour-comprendre-la-crise-politique-en-france\\\/\",\"url\":\"https:\\\/\\\/www.accidentdutravail-idf.net\\\/blog\\\/le-travail-constitue-une-cle-essentielle-pour-comprendre-la-crise-politique-en-france\\\/\",\"name\":\"\\\"Le travail constitue une cl\u00e9 essentielle pour comprendre la crise politique en France\\\" - ACCIDENTDUTRAVAIL-IDF\",\"isPartOf\":{\"@id\":\"https:\\\/\\\/www.accidentdutravail-idf.net\\\/blog\\\/#website\"},\"primaryImageOfPage\":{\"@id\":\"https:\\\/\\\/www.accidentdutravail-idf.net\\\/blog\\\/le-travail-constitue-une-cle-essentielle-pour-comprendre-la-crise-politique-en-france\\\/#primaryimage\"},\"image\":{\"@id\":\"https:\\\/\\\/www.accidentdutravail-idf.net\\\/blog\\\/le-travail-constitue-une-cle-essentielle-pour-comprendre-la-crise-politique-en-france\\\/#primaryimage\"},\"thumbnailUrl\":\"https:\\\/\\\/www.accidentdutravail-idf.net\\\/blog\\\/wp-content\\\/uploads\\\/2024\\\/07\\\/le-travail-constitue-une-cle-essentielle-pour-comprendre-la-crise-politique-en-france.jpg\",\"datePublished\":\"2024-07-12T05:30:00+00:00\",\"description\":\"\\\"Le travail constitue une cl\u00e9 essentielle pour comprendre la crise politique en France\\\" article de ACCIDENTDUTRAVAIL-IDF\",\"breadcrumb\":{\"@id\":\"https:\\\/\\\/www.accidentdutravail-idf.net\\\/blog\\\/le-travail-constitue-une-cle-essentielle-pour-comprendre-la-crise-politique-en-france\\\/#breadcrumb\"},\"inLanguage\":\"fr-FR\",\"potentialAction\":[{\"@type\":\"ReadAction\",\"target\":[\"https:\\\/\\\/www.accidentdutravail-idf.net\\\/blog\\\/le-travail-constitue-une-cle-essentielle-pour-comprendre-la-crise-politique-en-france\\\/\"]}]},{\"@type\":\"ImageObject\",\"inLanguage\":\"fr-FR\",\"@id\":\"https:\\\/\\\/www.accidentdutravail-idf.net\\\/blog\\\/le-travail-constitue-une-cle-essentielle-pour-comprendre-la-crise-politique-en-france\\\/#primaryimage\",\"url\":\"https:\\\/\\\/www.accidentdutravail-idf.net\\\/blog\\\/wp-content\\\/uploads\\\/2024\\\/07\\\/le-travail-constitue-une-cle-essentielle-pour-comprendre-la-crise-politique-en-france.jpg\",\"contentUrl\":\"https:\\\/\\\/www.accidentdutravail-idf.net\\\/blog\\\/wp-content\\\/uploads\\\/2024\\\/07\\\/le-travail-constitue-une-cle-essentielle-pour-comprendre-la-crise-politique-en-france.jpg\"},{\"@type\":\"BreadcrumbList\",\"@id\":\"https:\\\/\\\/www.accidentdutravail-idf.net\\\/blog\\\/le-travail-constitue-une-cle-essentielle-pour-comprendre-la-crise-politique-en-france\\\/#breadcrumb\",\"itemListElement\":[{\"@type\":\"ListItem\",\"position\":1,\"name\":\"Accueil\",\"item\":\"https:\\\/\\\/www.accidentdutravail-idf.net\\\/blog\\\/\"},{\"@type\":\"ListItem\",\"position\":2,\"name\":\"\u00ab\u00a0Le travail constitue une cl\u00e9 essentielle pour comprendre la crise politique en France\u00a0\u00bb\"}]},{\"@type\":\"WebSite\",\"@id\":\"https:\\\/\\\/www.accidentdutravail-idf.net\\\/blog\\\/#website\",\"url\":\"https:\\\/\\\/www.accidentdutravail-idf.net\\\/blog\\\/\",\"name\":\"ACCIDENTDUTRAVAIL-IDF\",\"description\":\"Portail accidents du travail-maladies professionnelles des entreprises d&#039;Ile-de-France\",\"publisher\":{\"@id\":\"https:\\\/\\\/www.accidentdutravail-idf.net\\\/blog\\\/#organization\"},\"potentialAction\":[{\"@type\":\"SearchAction\",\"target\":{\"@type\":\"EntryPoint\",\"urlTemplate\":\"https:\\\/\\\/www.accidentdutravail-idf.net\\\/blog\\\/?s={search_term_string}\"},\"query-input\":{\"@type\":\"PropertyValueSpecification\",\"valueRequired\":true,\"valueName\":\"search_term_string\"}}],\"inLanguage\":\"fr-FR\"},{\"@type\":\"Organization\",\"@id\":\"https:\\\/\\\/www.accidentdutravail-idf.net\\\/blog\\\/#organization\",\"name\":\"accidentdutravail-idf\",\"url\":\"https:\\\/\\\/www.accidentdutravail-idf.net\\\/blog\\\/\",\"logo\":{\"@type\":\"ImageObject\",\"inLanguage\":\"fr-FR\",\"@id\":\"https:\\\/\\\/www.accidentdutravail-idf.net\\\/blog\\\/#\\\/schema\\\/logo\\\/image\\\/\",\"url\":\"https:\\\/\\\/www.accidentdutravail-idf.net\\\/blog\\\/wp-content\\\/uploads\\\/2022\\\/09\\\/logo-2.png\",\"contentUrl\":\"https:\\\/\\\/www.accidentdutravail-idf.net\\\/blog\\\/wp-content\\\/uploads\\\/2022\\\/09\\\/logo-2.png\",\"width\":380,\"height\":291,\"caption\":\"accidentdutravail-idf\"},\"image\":{\"@id\":\"https:\\\/\\\/www.accidentdutravail-idf.net\\\/blog\\\/#\\\/schema\\\/logo\\\/image\\\/\"}},{\"@type\":\"Person\",\"@id\":\"https:\\\/\\\/www.accidentdutravail-idf.net\\\/blog\\\/#\\\/schema\\\/person\\\/3255d2f970de45e64bd9201f38e7b947\",\"name\":\"Carlos Poulain\",\"image\":{\"@type\":\"ImageObject\",\"inLanguage\":\"fr-FR\",\"@id\":\"https:\\\/\\\/secure.gravatar.com\\\/avatar\\\/b1c2f9d3588e34e91adb093635df64ef4b2381991216be7576466cfcdca4baf3?s=96&d=mm&r=g\",\"url\":\"https:\\\/\\\/secure.gravatar.com\\\/avatar\\\/b1c2f9d3588e34e91adb093635df64ef4b2381991216be7576466cfcdca4baf3?s=96&d=mm&r=g\",\"contentUrl\":\"https:\\\/\\\/secure.gravatar.com\\\/avatar\\\/b1c2f9d3588e34e91adb093635df64ef4b2381991216be7576466cfcdca4baf3?s=96&d=mm&r=g\",\"caption\":\"Carlos Poulain\"},\"url\":\"https:\\\/\\\/www.accidentdutravail-idf.net\\\/blog\\\/author\\\/idfcarlos\\\/\"}]}<\/script>\n<!-- \/ Yoast SEO plugin. -->","yoast_head_json":{"title":"\"Le travail constitue une cl\u00e9 essentielle pour comprendre la crise politique en France\" - ACCIDENTDUTRAVAIL-IDF","description":"\"Le travail constitue une cl\u00e9 essentielle pour comprendre la crise politique en France\" article de ACCIDENTDUTRAVAIL-IDF","robots":{"index":"index","follow":"follow","max-snippet":"max-snippet:-1","max-image-preview":"max-image-preview:large","max-video-preview":"max-video-preview:-1"},"canonical":"https:\/\/www.accidentdutravail-idf.net\/blog\/le-travail-constitue-une-cle-essentielle-pour-comprendre-la-crise-politique-en-france\/","og_locale":"fr_FR","og_type":"article","og_title":"\"Le travail constitue une cl\u00e9 essentielle pour comprendre la crise politique en France\" - ACCIDENTDUTRAVAIL-IDF","og_description":"\"Le travail constitue une cl\u00e9 essentielle pour comprendre la crise politique en France\" article de ACCIDENTDUTRAVAIL-IDF","og_url":"https:\/\/www.accidentdutravail-idf.net\/blog\/le-travail-constitue-une-cle-essentielle-pour-comprendre-la-crise-politique-en-france\/","og_site_name":"ACCIDENTDUTRAVAIL-IDF","article_published_time":"2024-07-12T05:30:00+00:00","og_image":[{"url":"https:\/\/www.accidentdutravail-idf.net\/blog\/wp-content\/uploads\/2024\/07\/le-travail-constitue-une-cle-essentielle-pour-comprendre-la-crise-politique-en-france.jpg","type":"","width":"","height":""}],"author":"Carlos Poulain","twitter_card":"summary_large_image","twitter_misc":{"\u00c9crit par":"Carlos Poulain","Dur\u00e9e de lecture estim\u00e9e":"8 minutes"},"schema":{"@context":"https:\/\/schema.org","@graph":[{"@type":"Article","@id":"https:\/\/www.accidentdutravail-idf.net\/blog\/le-travail-constitue-une-cle-essentielle-pour-comprendre-la-crise-politique-en-france\/#article","isPartOf":{"@id":"https:\/\/www.accidentdutravail-idf.net\/blog\/le-travail-constitue-une-cle-essentielle-pour-comprendre-la-crise-politique-en-france\/"},"author":{"name":"Carlos Poulain","@id":"https:\/\/www.accidentdutravail-idf.net\/blog\/#\/schema\/person\/3255d2f970de45e64bd9201f38e7b947"},"headline":"\u00ab\u00a0Le travail constitue une cl\u00e9 essentielle pour comprendre la crise politique en France\u00a0\u00bb","datePublished":"2024-07-12T05:30:00+00:00","mainEntityOfPage":{"@id":"https:\/\/www.accidentdutravail-idf.net\/blog\/le-travail-constitue-une-cle-essentielle-pour-comprendre-la-crise-politique-en-france\/"},"wordCount":1547,"publisher":{"@id":"https:\/\/www.accidentdutravail-idf.net\/blog\/#organization"},"image":{"@id":"https:\/\/www.accidentdutravail-idf.net\/blog\/le-travail-constitue-une-cle-essentielle-pour-comprendre-la-crise-politique-en-france\/#primaryimage"},"thumbnailUrl":"https:\/\/www.accidentdutravail-idf.net\/blog\/wp-content\/uploads\/2024\/07\/le-travail-constitue-une-cle-essentielle-pour-comprendre-la-crise-politique-en-france.jpg","articleSection":["S\u00e9curit\u00e9 Du Travail En Ile-De-France Et Divers:"],"inLanguage":"fr-FR"},{"@type":"WebPage","@id":"https:\/\/www.accidentdutravail-idf.net\/blog\/le-travail-constitue-une-cle-essentielle-pour-comprendre-la-crise-politique-en-france\/","url":"https:\/\/www.accidentdutravail-idf.net\/blog\/le-travail-constitue-une-cle-essentielle-pour-comprendre-la-crise-politique-en-france\/","name":"\"Le travail constitue une cl\u00e9 essentielle pour comprendre la crise politique en France\" - ACCIDENTDUTRAVAIL-IDF","isPartOf":{"@id":"https:\/\/www.accidentdutravail-idf.net\/blog\/#website"},"primaryImageOfPage":{"@id":"https:\/\/www.accidentdutravail-idf.net\/blog\/le-travail-constitue-une-cle-essentielle-pour-comprendre-la-crise-politique-en-france\/#primaryimage"},"image":{"@id":"https:\/\/www.accidentdutravail-idf.net\/blog\/le-travail-constitue-une-cle-essentielle-pour-comprendre-la-crise-politique-en-france\/#primaryimage"},"thumbnailUrl":"https:\/\/www.accidentdutravail-idf.net\/blog\/wp-content\/uploads\/2024\/07\/le-travail-constitue-une-cle-essentielle-pour-comprendre-la-crise-politique-en-france.jpg","datePublished":"2024-07-12T05:30:00+00:00","description":"\"Le travail constitue une cl\u00e9 essentielle pour comprendre la crise politique en France\" article de ACCIDENTDUTRAVAIL-IDF","breadcrumb":{"@id":"https:\/\/www.accidentdutravail-idf.net\/blog\/le-travail-constitue-une-cle-essentielle-pour-comprendre-la-crise-politique-en-france\/#breadcrumb"},"inLanguage":"fr-FR","potentialAction":[{"@type":"ReadAction","target":["https:\/\/www.accidentdutravail-idf.net\/blog\/le-travail-constitue-une-cle-essentielle-pour-comprendre-la-crise-politique-en-france\/"]}]},{"@type":"ImageObject","inLanguage":"fr-FR","@id":"https:\/\/www.accidentdutravail-idf.net\/blog\/le-travail-constitue-une-cle-essentielle-pour-comprendre-la-crise-politique-en-france\/#primaryimage","url":"https:\/\/www.accidentdutravail-idf.net\/blog\/wp-content\/uploads\/2024\/07\/le-travail-constitue-une-cle-essentielle-pour-comprendre-la-crise-politique-en-france.jpg","contentUrl":"https:\/\/www.accidentdutravail-idf.net\/blog\/wp-content\/uploads\/2024\/07\/le-travail-constitue-une-cle-essentielle-pour-comprendre-la-crise-politique-en-france.jpg"},{"@type":"BreadcrumbList","@id":"https:\/\/www.accidentdutravail-idf.net\/blog\/le-travail-constitue-une-cle-essentielle-pour-comprendre-la-crise-politique-en-france\/#breadcrumb","itemListElement":[{"@type":"ListItem","position":1,"name":"Accueil","item":"https:\/\/www.accidentdutravail-idf.net\/blog\/"},{"@type":"ListItem","position":2,"name":"\u00ab\u00a0Le travail constitue une cl\u00e9 essentielle pour comprendre la crise politique en France\u00a0\u00bb"}]},{"@type":"WebSite","@id":"https:\/\/www.accidentdutravail-idf.net\/blog\/#website","url":"https:\/\/www.accidentdutravail-idf.net\/blog\/","name":"ACCIDENTDUTRAVAIL-IDF","description":"Portail accidents du travail-maladies professionnelles des entreprises d&#039;Ile-de-France","publisher":{"@id":"https:\/\/www.accidentdutravail-idf.net\/blog\/#organization"},"potentialAction":[{"@type":"SearchAction","target":{"@type":"EntryPoint","urlTemplate":"https:\/\/www.accidentdutravail-idf.net\/blog\/?s={search_term_string}"},"query-input":{"@type":"PropertyValueSpecification","valueRequired":true,"valueName":"search_term_string"}}],"inLanguage":"fr-FR"},{"@type":"Organization","@id":"https:\/\/www.accidentdutravail-idf.net\/blog\/#organization","name":"accidentdutravail-idf","url":"https:\/\/www.accidentdutravail-idf.net\/blog\/","logo":{"@type":"ImageObject","inLanguage":"fr-FR","@id":"https:\/\/www.accidentdutravail-idf.net\/blog\/#\/schema\/logo\/image\/","url":"https:\/\/www.accidentdutravail-idf.net\/blog\/wp-content\/uploads\/2022\/09\/logo-2.png","contentUrl":"https:\/\/www.accidentdutravail-idf.net\/blog\/wp-content\/uploads\/2022\/09\/logo-2.png","width":380,"height":291,"caption":"accidentdutravail-idf"},"image":{"@id":"https:\/\/www.accidentdutravail-idf.net\/blog\/#\/schema\/logo\/image\/"}},{"@type":"Person","@id":"https:\/\/www.accidentdutravail-idf.net\/blog\/#\/schema\/person\/3255d2f970de45e64bd9201f38e7b947","name":"Carlos Poulain","image":{"@type":"ImageObject","inLanguage":"fr-FR","@id":"https:\/\/secure.gravatar.com\/avatar\/b1c2f9d3588e34e91adb093635df64ef4b2381991216be7576466cfcdca4baf3?s=96&d=mm&r=g","url":"https:\/\/secure.gravatar.com\/avatar\/b1c2f9d3588e34e91adb093635df64ef4b2381991216be7576466cfcdca4baf3?s=96&d=mm&r=g","contentUrl":"https:\/\/secure.gravatar.com\/avatar\/b1c2f9d3588e34e91adb093635df64ef4b2381991216be7576466cfcdca4baf3?s=96&d=mm&r=g","caption":"Carlos Poulain"},"url":"https:\/\/www.accidentdutravail-idf.net\/blog\/author\/idfcarlos\/"}]}},"_links":{"self":[{"href":"https:\/\/www.accidentdutravail-idf.net\/blog\/wp-json\/wp\/v2\/posts\/558","targetHints":{"allow":["GET"]}}],"collection":[{"href":"https:\/\/www.accidentdutravail-idf.net\/blog\/wp-json\/wp\/v2\/posts"}],"about":[{"href":"https:\/\/www.accidentdutravail-idf.net\/blog\/wp-json\/wp\/v2\/types\/post"}],"author":[{"embeddable":true,"href":"https:\/\/www.accidentdutravail-idf.net\/blog\/wp-json\/wp\/v2\/users\/2"}],"replies":[{"embeddable":true,"href":"https:\/\/www.accidentdutravail-idf.net\/blog\/wp-json\/wp\/v2\/comments?post=558"}],"version-history":[{"count":0,"href":"https:\/\/www.accidentdutravail-idf.net\/blog\/wp-json\/wp\/v2\/posts\/558\/revisions"}],"wp:attachment":[{"href":"https:\/\/www.accidentdutravail-idf.net\/blog\/wp-json\/wp\/v2\/media?parent=558"}],"wp:term":[{"taxonomy":"category","embeddable":true,"href":"https:\/\/www.accidentdutravail-idf.net\/blog\/wp-json\/wp\/v2\/categories?post=558"},{"taxonomy":"post_tag","embeddable":true,"href":"https:\/\/www.accidentdutravail-idf.net\/blog\/wp-json\/wp\/v2\/tags?post=558"}],"curies":[{"name":"wp","href":"https:\/\/api.w.org\/{rel}","templated":true}]}}