{"id":554,"date":"2024-07-11T08:29:00","date_gmt":"2024-07-11T06:29:00","guid":{"rendered":"https:\/\/www.accidentdutravail-idf.net\/blog\/trois-salaries-brules-grievement-par-du-caramel-liquide-dans-une-entreprise-de-laisne\/"},"modified":"2024-07-11T08:29:00","modified_gmt":"2024-07-11T06:29:00","slug":"trois-salaries-brules-grievement-par-du-caramel-liquide-dans-une-entreprise-de-laisne","status":"publish","type":"post","link":"https:\/\/www.accidentdutravail-idf.net\/blog\/trois-salaries-brules-grievement-par-du-caramel-liquide-dans-une-entreprise-de-laisne\/","title":{"rendered":"Trois salari\u00e9s br\u00fbl\u00e9s gri\u00e8vement par du caramel liquide dans une entreprise de l\u2019Aisne"},"content":{"rendered":"<div><img decoding=\"async\" src=\"https:\/\/www.accidentdutravail-idf.net\/blog\/wp-content\/uploads\/2024\/07\/trois-salaries-brules-grievement-par-du-caramel-liquide-dans-une-entreprise-de-laisne.jpg\" class=\"ff-og-image-inserted\"><\/div>\n<div id>\n<p>Ce mercredi 10 juillet, peu avant 15 heures, trois salari\u00e9s de l\u2019entreprise Atelier D2I ont \u00e9t\u00e9 br\u00fbl\u00e9s gri\u00e8vement par du caramel liquide. Cet accident du travail est survenu alors que le caramel \u00e9tait port\u00e9 \u00e0 une temp\u00e9rature de 118\u00b0C dans une cuve. Les circonstances de l\u2019accident, survenu dans cette entreprise bas\u00e9e dans la zone du Griffon, entre Laon et Barenton-Bugny, demeurent floues.<\/p>\n<p><!-- \/\/ builder=DFPTagBuilder, site=REMENG, pageType=node, context=\/Sections\/L\\'Union\/Aisne\/Laon, position=article_article, edition=, domain=www.lardennais.fr --> <!-- \/\/ builder=DFPTagBuilder, site=REMENG, pageType=node, context=\/Sections\/L\\'Union\/Aisne\/Laon, position=article_article, edition=, domain=www.lardennais.fr -->  <!-- END scald=14461083 --><\/p>\n<p>Deux des victimes, un homme \u00e2g\u00e9 de 34 ans et une femme \u00e2g\u00e9e de 25 ans, ont \u00e9t\u00e9 hospitalis\u00e9es \u00e0 Laon. Le trentenaire, qui occupe le poste de chef de production, a eu les deux mains br\u00fbl\u00e9es. Sa coll\u00e8gue a \u00e9t\u00e9 touch\u00e9e au niveau du cou et d\u2019une oreille par des \u00e9claboussures du liquide. Le troisi\u00e8me salari\u00e9 bless\u00e9, \u00e2g\u00e9 pour sa part de 27 ans, a \u00e9t\u00e9 transf\u00e9r\u00e9 au service des grands br\u00fbl\u00e9s \u00e0 l\u2019h\u00f4pital de Lille. Il aurait \u00e9t\u00e9 asperg\u00e9 au niveau du cr\u00e2ne et du front ainsi que des avant-bras. Les trois employ\u00e9s de l\u2019entreprise sont embauch\u00e9s en CDI.<\/p>\n<p>Les policiers ont ouvert une enqu\u00eate pour d\u00e9terminer les causes de l\u2019accident<\/p>\n<p><!-- \/\/ builder=DFPTagBuilder, site=REMENG, pageType=node, context=\/Sections\/L\\'Union\/Aisne\/Laon, position=article_article, edition=, domain=www.lardennais.fr --> <\/p>\n<p>Une patrouille de police et les sapeurs-pompiers de Laon sont intervenus en moins d\u2019une quinzaine de minutes sur les lieux. En attendant les secours, les victimes se sont arros\u00e9es d\u2019eau froide pour calmer leurs douleurs.<\/p>\n<\/div>\n<div id><!-- \/\/ builder=DFPTagBuilder, site=REMENG, pageType=node, context=\/Sections\/L\\'Union\/Aisne\/Laon, position=article_pave_medium, edition=, domain=www.lardennais.fr --> <!-- \/\/ builder=DFPTagBuilder, site=REMENG, pageType=node, context=\/Sections\/L\\'Union\/Aisne\/Laon, position=article_pave_medium, edition=, domain=www.lardennais.fr --> <\/p>\n<p>Un officier de police judiciaire et des enqu\u00eateurs de l\u2019identit\u00e9 judiciaire se sont \u00e9galement pr\u00e9sent\u00e9s dans les locaux de l\u2019entreprise. Ils ont ouvert une enqu\u00eate pour d\u00e9terminer les causes de l\u2019accident. Ces fonctionnaires seront aid\u00e9s par l\u2019Inspection du travail dans leurs investigations qui devraient s\u2019\u00e9taler sur plusieurs semaines, voire plusieurs mois.<\/p>\n<p>L\u2019Atelier D2I existe depuis avril 1996. Cette soci\u00e9t\u00e9 est sp\u00e9cialis\u00e9e dans la confection de pr\u00e9parations avec des fruits et de sauces pour l\u2019agroalimentaire. Contact\u00e9e par <em>L\u2019union<\/em>, la direction de la soci\u00e9t\u00e9 ne s\u2019est pas exprim\u00e9e.<\/p>\n<\/div>\n<p>accidentdutravail-idf.net vous a pr\u00e9par\u00e9 ce post qui informe du sujet \u00ab\u00a0Association Sportive Huisson-Longueville Essonne\u00a0\u00bb. La chronique se veut g\u00e9n\u00e9r\u00e9e du mieux possible. Vous pouvez utiliser les coordonn\u00e9es indiqu\u00e9es sur le site dans le but d\u2019apporter des explications sur ce post qui parle du th\u00e8me \u00ab\u00a0Association Sportive Huisson-Longueville Essonne\u00a0\u00bb. Le site accidentdutravail-idf.net a pour but de fournir diverses publications sur la th\u00e9matique Association Sportive Huisson-Longueville Essonne diffus\u00e9es sur le net. Il y aura plusieurs articles autour du sujet \u00ab\u00a0Association Sportive Huisson-Longueville Essonne\u00a0\u00bb dans quelques jours, nous vous invitons \u00e0 naviguer sur notre site web \u00e0 plusieurs reprises.<\/p>\n","protected":false},"excerpt":{"rendered":"<p>Ce mercredi 10 juillet, peu avant 15 heures, trois salari\u00e9s de l\u2019entreprise Atelier D2I ont \u00e9t\u00e9 br\u00fbl\u00e9s gri\u00e8vement par du caramel liquide. Cet accident du travail est survenu alors que le caramel \u00e9tait port\u00e9 \u00e0 une temp\u00e9rature de 118\u00b0C dans une cuve. Les circonstances de l\u2019accident, survenu dans cette entreprise bas\u00e9e dans la zone du &hellip; <\/p>\n<p class=\"link-more\"><a href=\"https:\/\/www.accidentdutravail-idf.net\/blog\/trois-salaries-brules-grievement-par-du-caramel-liquide-dans-une-entreprise-de-laisne\/\" class=\"more-link\">Continuer la lecture <span class=\"screen-reader-text\"> \u00ab\u00a0Trois salari\u00e9s br\u00fbl\u00e9s gri\u00e8vement par du caramel liquide dans une entreprise de l\u2019Aisne\u00a0\u00bb<\/span><\/a><\/p>\n","protected":false},"author":2,"featured_media":0,"comment_status":"closed","ping_status":"closed","sticky":false,"template":"","format":"standard","meta":{"footnotes":""},"categories":[5],"tags":[],"class_list":["post-554","post","type-post","status-publish","format-standard","hentry","category-securite-du-travail-en-ile-de-france-et-divers","entry"],"yoast_head":"<!-- This site is optimized with the Yoast SEO plugin v27.5 - https:\/\/yoast.com\/product\/yoast-seo-wordpress\/ -->\n<title>Trois salari\u00e9s br\u00fbl\u00e9s gri\u00e8vement par du caramel liquide dans une entreprise de l\u2019Aisne - ACCIDENTDUTRAVAIL-IDF<\/title>\n<meta name=\"description\" content=\"Trois salari\u00e9s br\u00fbl\u00e9s gri\u00e8vement par du caramel liquide dans une entreprise de l\u2019Aisne article de ACCIDENTDUTRAVAIL-IDF\" \/>\n<meta name=\"robots\" content=\"index, follow, max-snippet:-1, max-image-preview:large, max-video-preview:-1\" \/>\n<link rel=\"canonical\" href=\"https:\/\/www.accidentdutravail-idf.net\/blog\/trois-salaries-brules-grievement-par-du-caramel-liquide-dans-une-entreprise-de-laisne\/\" \/>\n<meta property=\"og:locale\" content=\"fr_FR\" \/>\n<meta property=\"og:type\" content=\"article\" \/>\n<meta property=\"og:title\" content=\"Trois salari\u00e9s br\u00fbl\u00e9s gri\u00e8vement par du caramel liquide dans une entreprise de l\u2019Aisne - ACCIDENTDUTRAVAIL-IDF\" \/>\n<meta property=\"og:description\" content=\"Trois salari\u00e9s br\u00fbl\u00e9s gri\u00e8vement par du caramel liquide dans une entreprise de l\u2019Aisne article de ACCIDENTDUTRAVAIL-IDF\" \/>\n<meta property=\"og:url\" content=\"https:\/\/www.accidentdutravail-idf.net\/blog\/trois-salaries-brules-grievement-par-du-caramel-liquide-dans-une-entreprise-de-laisne\/\" \/>\n<meta property=\"og:site_name\" content=\"ACCIDENTDUTRAVAIL-IDF\" \/>\n<meta property=\"article:published_time\" content=\"2024-07-11T06:29:00+00:00\" \/>\n<meta property=\"og:image\" content=\"https:\/\/www.accidentdutravail-idf.net\/blog\/wp-content\/uploads\/2024\/07\/trois-salaries-brules-grievement-par-du-caramel-liquide-dans-une-entreprise-de-laisne.jpg\" \/>\n<meta name=\"author\" content=\"Carlos Poulain\" \/>\n<meta name=\"twitter:card\" content=\"summary_large_image\" \/>\n<meta name=\"twitter:label1\" content=\"\u00c9crit par\" \/>\n\t<meta name=\"twitter:data1\" content=\"Carlos Poulain\" \/>\n\t<meta name=\"twitter:label2\" content=\"Dur\u00e9e de lecture estim\u00e9e\" \/>\n\t<meta name=\"twitter:data2\" content=\"2 minutes\" \/>\n<script type=\"application\/ld+json\" class=\"yoast-schema-graph\">{\"@context\":\"https:\\\/\\\/schema.org\",\"@graph\":[{\"@type\":\"Article\",\"@id\":\"https:\\\/\\\/www.accidentdutravail-idf.net\\\/blog\\\/trois-salaries-brules-grievement-par-du-caramel-liquide-dans-une-entreprise-de-laisne\\\/#article\",\"isPartOf\":{\"@id\":\"https:\\\/\\\/www.accidentdutravail-idf.net\\\/blog\\\/trois-salaries-brules-grievement-par-du-caramel-liquide-dans-une-entreprise-de-laisne\\\/\"},\"author\":{\"name\":\"Carlos Poulain\",\"@id\":\"https:\\\/\\\/www.accidentdutravail-idf.net\\\/blog\\\/#\\\/schema\\\/person\\\/3255d2f970de45e64bd9201f38e7b947\"},\"headline\":\"Trois salari\u00e9s br\u00fbl\u00e9s gri\u00e8vement par du caramel liquide dans une entreprise de l\u2019Aisne\",\"datePublished\":\"2024-07-11T06:29:00+00:00\",\"mainEntityOfPage\":{\"@id\":\"https:\\\/\\\/www.accidentdutravail-idf.net\\\/blog\\\/trois-salaries-brules-grievement-par-du-caramel-liquide-dans-une-entreprise-de-laisne\\\/\"},\"wordCount\":466,\"publisher\":{\"@id\":\"https:\\\/\\\/www.accidentdutravail-idf.net\\\/blog\\\/#organization\"},\"image\":{\"@id\":\"https:\\\/\\\/www.accidentdutravail-idf.net\\\/blog\\\/trois-salaries-brules-grievement-par-du-caramel-liquide-dans-une-entreprise-de-laisne\\\/#primaryimage\"},\"thumbnailUrl\":\"https:\\\/\\\/www.accidentdutravail-idf.net\\\/blog\\\/wp-content\\\/uploads\\\/2024\\\/07\\\/trois-salaries-brules-grievement-par-du-caramel-liquide-dans-une-entreprise-de-laisne.jpg\",\"articleSection\":[\"S\u00e9curit\u00e9 Du Travail En Ile-De-France Et Divers:\"],\"inLanguage\":\"fr-FR\"},{\"@type\":\"WebPage\",\"@id\":\"https:\\\/\\\/www.accidentdutravail-idf.net\\\/blog\\\/trois-salaries-brules-grievement-par-du-caramel-liquide-dans-une-entreprise-de-laisne\\\/\",\"url\":\"https:\\\/\\\/www.accidentdutravail-idf.net\\\/blog\\\/trois-salaries-brules-grievement-par-du-caramel-liquide-dans-une-entreprise-de-laisne\\\/\",\"name\":\"Trois salari\u00e9s br\u00fbl\u00e9s gri\u00e8vement par du caramel liquide dans une entreprise de l\u2019Aisne - ACCIDENTDUTRAVAIL-IDF\",\"isPartOf\":{\"@id\":\"https:\\\/\\\/www.accidentdutravail-idf.net\\\/blog\\\/#website\"},\"primaryImageOfPage\":{\"@id\":\"https:\\\/\\\/www.accidentdutravail-idf.net\\\/blog\\\/trois-salaries-brules-grievement-par-du-caramel-liquide-dans-une-entreprise-de-laisne\\\/#primaryimage\"},\"image\":{\"@id\":\"https:\\\/\\\/www.accidentdutravail-idf.net\\\/blog\\\/trois-salaries-brules-grievement-par-du-caramel-liquide-dans-une-entreprise-de-laisne\\\/#primaryimage\"},\"thumbnailUrl\":\"https:\\\/\\\/www.accidentdutravail-idf.net\\\/blog\\\/wp-content\\\/uploads\\\/2024\\\/07\\\/trois-salaries-brules-grievement-par-du-caramel-liquide-dans-une-entreprise-de-laisne.jpg\",\"datePublished\":\"2024-07-11T06:29:00+00:00\",\"description\":\"Trois salari\u00e9s br\u00fbl\u00e9s gri\u00e8vement par du caramel liquide dans une entreprise de l\u2019Aisne article de ACCIDENTDUTRAVAIL-IDF\",\"breadcrumb\":{\"@id\":\"https:\\\/\\\/www.accidentdutravail-idf.net\\\/blog\\\/trois-salaries-brules-grievement-par-du-caramel-liquide-dans-une-entreprise-de-laisne\\\/#breadcrumb\"},\"inLanguage\":\"fr-FR\",\"potentialAction\":[{\"@type\":\"ReadAction\",\"target\":[\"https:\\\/\\\/www.accidentdutravail-idf.net\\\/blog\\\/trois-salaries-brules-grievement-par-du-caramel-liquide-dans-une-entreprise-de-laisne\\\/\"]}]},{\"@type\":\"ImageObject\",\"inLanguage\":\"fr-FR\",\"@id\":\"https:\\\/\\\/www.accidentdutravail-idf.net\\\/blog\\\/trois-salaries-brules-grievement-par-du-caramel-liquide-dans-une-entreprise-de-laisne\\\/#primaryimage\",\"url\":\"https:\\\/\\\/www.accidentdutravail-idf.net\\\/blog\\\/wp-content\\\/uploads\\\/2024\\\/07\\\/trois-salaries-brules-grievement-par-du-caramel-liquide-dans-une-entreprise-de-laisne.jpg\",\"contentUrl\":\"https:\\\/\\\/www.accidentdutravail-idf.net\\\/blog\\\/wp-content\\\/uploads\\\/2024\\\/07\\\/trois-salaries-brules-grievement-par-du-caramel-liquide-dans-une-entreprise-de-laisne.jpg\"},{\"@type\":\"BreadcrumbList\",\"@id\":\"https:\\\/\\\/www.accidentdutravail-idf.net\\\/blog\\\/trois-salaries-brules-grievement-par-du-caramel-liquide-dans-une-entreprise-de-laisne\\\/#breadcrumb\",\"itemListElement\":[{\"@type\":\"ListItem\",\"position\":1,\"name\":\"Accueil\",\"item\":\"https:\\\/\\\/www.accidentdutravail-idf.net\\\/blog\\\/\"},{\"@type\":\"ListItem\",\"position\":2,\"name\":\"Trois salari\u00e9s br\u00fbl\u00e9s gri\u00e8vement par du caramel liquide dans une entreprise de l\u2019Aisne\"}]},{\"@type\":\"WebSite\",\"@id\":\"https:\\\/\\\/www.accidentdutravail-idf.net\\\/blog\\\/#website\",\"url\":\"https:\\\/\\\/www.accidentdutravail-idf.net\\\/blog\\\/\",\"name\":\"ACCIDENTDUTRAVAIL-IDF\",\"description\":\"Portail accidents du travail-maladies professionnelles des entreprises d&#039;Ile-de-France\",\"publisher\":{\"@id\":\"https:\\\/\\\/www.accidentdutravail-idf.net\\\/blog\\\/#organization\"},\"potentialAction\":[{\"@type\":\"SearchAction\",\"target\":{\"@type\":\"EntryPoint\",\"urlTemplate\":\"https:\\\/\\\/www.accidentdutravail-idf.net\\\/blog\\\/?s={search_term_string}\"},\"query-input\":{\"@type\":\"PropertyValueSpecification\",\"valueRequired\":true,\"valueName\":\"search_term_string\"}}],\"inLanguage\":\"fr-FR\"},{\"@type\":\"Organization\",\"@id\":\"https:\\\/\\\/www.accidentdutravail-idf.net\\\/blog\\\/#organization\",\"name\":\"accidentdutravail-idf\",\"url\":\"https:\\\/\\\/www.accidentdutravail-idf.net\\\/blog\\\/\",\"logo\":{\"@type\":\"ImageObject\",\"inLanguage\":\"fr-FR\",\"@id\":\"https:\\\/\\\/www.accidentdutravail-idf.net\\\/blog\\\/#\\\/schema\\\/logo\\\/image\\\/\",\"url\":\"https:\\\/\\\/www.accidentdutravail-idf.net\\\/blog\\\/wp-content\\\/uploads\\\/2022\\\/09\\\/logo-2.png\",\"contentUrl\":\"https:\\\/\\\/www.accidentdutravail-idf.net\\\/blog\\\/wp-content\\\/uploads\\\/2022\\\/09\\\/logo-2.png\",\"width\":380,\"height\":291,\"caption\":\"accidentdutravail-idf\"},\"image\":{\"@id\":\"https:\\\/\\\/www.accidentdutravail-idf.net\\\/blog\\\/#\\\/schema\\\/logo\\\/image\\\/\"}},{\"@type\":\"Person\",\"@id\":\"https:\\\/\\\/www.accidentdutravail-idf.net\\\/blog\\\/#\\\/schema\\\/person\\\/3255d2f970de45e64bd9201f38e7b947\",\"name\":\"Carlos Poulain\",\"image\":{\"@type\":\"ImageObject\",\"inLanguage\":\"fr-FR\",\"@id\":\"https:\\\/\\\/secure.gravatar.com\\\/avatar\\\/b1c2f9d3588e34e91adb093635df64ef4b2381991216be7576466cfcdca4baf3?s=96&d=mm&r=g\",\"url\":\"https:\\\/\\\/secure.gravatar.com\\\/avatar\\\/b1c2f9d3588e34e91adb093635df64ef4b2381991216be7576466cfcdca4baf3?s=96&d=mm&r=g\",\"contentUrl\":\"https:\\\/\\\/secure.gravatar.com\\\/avatar\\\/b1c2f9d3588e34e91adb093635df64ef4b2381991216be7576466cfcdca4baf3?s=96&d=mm&r=g\",\"caption\":\"Carlos Poulain\"},\"url\":\"https:\\\/\\\/www.accidentdutravail-idf.net\\\/blog\\\/author\\\/idfcarlos\\\/\"}]}<\/script>\n<!-- \/ Yoast SEO plugin. -->","yoast_head_json":{"title":"Trois salari\u00e9s br\u00fbl\u00e9s gri\u00e8vement par du caramel liquide dans une entreprise de l\u2019Aisne - ACCIDENTDUTRAVAIL-IDF","description":"Trois salari\u00e9s br\u00fbl\u00e9s gri\u00e8vement par du caramel liquide dans une entreprise de l\u2019Aisne article de ACCIDENTDUTRAVAIL-IDF","robots":{"index":"index","follow":"follow","max-snippet":"max-snippet:-1","max-image-preview":"max-image-preview:large","max-video-preview":"max-video-preview:-1"},"canonical":"https:\/\/www.accidentdutravail-idf.net\/blog\/trois-salaries-brules-grievement-par-du-caramel-liquide-dans-une-entreprise-de-laisne\/","og_locale":"fr_FR","og_type":"article","og_title":"Trois salari\u00e9s br\u00fbl\u00e9s gri\u00e8vement par du caramel liquide dans une entreprise de l\u2019Aisne - ACCIDENTDUTRAVAIL-IDF","og_description":"Trois salari\u00e9s br\u00fbl\u00e9s gri\u00e8vement par du caramel liquide dans une entreprise de l\u2019Aisne article de ACCIDENTDUTRAVAIL-IDF","og_url":"https:\/\/www.accidentdutravail-idf.net\/blog\/trois-salaries-brules-grievement-par-du-caramel-liquide-dans-une-entreprise-de-laisne\/","og_site_name":"ACCIDENTDUTRAVAIL-IDF","article_published_time":"2024-07-11T06:29:00+00:00","og_image":[{"url":"https:\/\/www.accidentdutravail-idf.net\/blog\/wp-content\/uploads\/2024\/07\/trois-salaries-brules-grievement-par-du-caramel-liquide-dans-une-entreprise-de-laisne.jpg","type":"","width":"","height":""}],"author":"Carlos Poulain","twitter_card":"summary_large_image","twitter_misc":{"\u00c9crit par":"Carlos Poulain","Dur\u00e9e de lecture estim\u00e9e":"2 minutes"},"schema":{"@context":"https:\/\/schema.org","@graph":[{"@type":"Article","@id":"https:\/\/www.accidentdutravail-idf.net\/blog\/trois-salaries-brules-grievement-par-du-caramel-liquide-dans-une-entreprise-de-laisne\/#article","isPartOf":{"@id":"https:\/\/www.accidentdutravail-idf.net\/blog\/trois-salaries-brules-grievement-par-du-caramel-liquide-dans-une-entreprise-de-laisne\/"},"author":{"name":"Carlos Poulain","@id":"https:\/\/www.accidentdutravail-idf.net\/blog\/#\/schema\/person\/3255d2f970de45e64bd9201f38e7b947"},"headline":"Trois salari\u00e9s br\u00fbl\u00e9s gri\u00e8vement par du caramel liquide dans une entreprise de l\u2019Aisne","datePublished":"2024-07-11T06:29:00+00:00","mainEntityOfPage":{"@id":"https:\/\/www.accidentdutravail-idf.net\/blog\/trois-salaries-brules-grievement-par-du-caramel-liquide-dans-une-entreprise-de-laisne\/"},"wordCount":466,"publisher":{"@id":"https:\/\/www.accidentdutravail-idf.net\/blog\/#organization"},"image":{"@id":"https:\/\/www.accidentdutravail-idf.net\/blog\/trois-salaries-brules-grievement-par-du-caramel-liquide-dans-une-entreprise-de-laisne\/#primaryimage"},"thumbnailUrl":"https:\/\/www.accidentdutravail-idf.net\/blog\/wp-content\/uploads\/2024\/07\/trois-salaries-brules-grievement-par-du-caramel-liquide-dans-une-entreprise-de-laisne.jpg","articleSection":["S\u00e9curit\u00e9 Du Travail En Ile-De-France Et Divers:"],"inLanguage":"fr-FR"},{"@type":"WebPage","@id":"https:\/\/www.accidentdutravail-idf.net\/blog\/trois-salaries-brules-grievement-par-du-caramel-liquide-dans-une-entreprise-de-laisne\/","url":"https:\/\/www.accidentdutravail-idf.net\/blog\/trois-salaries-brules-grievement-par-du-caramel-liquide-dans-une-entreprise-de-laisne\/","name":"Trois salari\u00e9s br\u00fbl\u00e9s gri\u00e8vement par du caramel liquide dans une entreprise de l\u2019Aisne - ACCIDENTDUTRAVAIL-IDF","isPartOf":{"@id":"https:\/\/www.accidentdutravail-idf.net\/blog\/#website"},"primaryImageOfPage":{"@id":"https:\/\/www.accidentdutravail-idf.net\/blog\/trois-salaries-brules-grievement-par-du-caramel-liquide-dans-une-entreprise-de-laisne\/#primaryimage"},"image":{"@id":"https:\/\/www.accidentdutravail-idf.net\/blog\/trois-salaries-brules-grievement-par-du-caramel-liquide-dans-une-entreprise-de-laisne\/#primaryimage"},"thumbnailUrl":"https:\/\/www.accidentdutravail-idf.net\/blog\/wp-content\/uploads\/2024\/07\/trois-salaries-brules-grievement-par-du-caramel-liquide-dans-une-entreprise-de-laisne.jpg","datePublished":"2024-07-11T06:29:00+00:00","description":"Trois salari\u00e9s br\u00fbl\u00e9s gri\u00e8vement par du caramel liquide dans une entreprise de l\u2019Aisne article de ACCIDENTDUTRAVAIL-IDF","breadcrumb":{"@id":"https:\/\/www.accidentdutravail-idf.net\/blog\/trois-salaries-brules-grievement-par-du-caramel-liquide-dans-une-entreprise-de-laisne\/#breadcrumb"},"inLanguage":"fr-FR","potentialAction":[{"@type":"ReadAction","target":["https:\/\/www.accidentdutravail-idf.net\/blog\/trois-salaries-brules-grievement-par-du-caramel-liquide-dans-une-entreprise-de-laisne\/"]}]},{"@type":"ImageObject","inLanguage":"fr-FR","@id":"https:\/\/www.accidentdutravail-idf.net\/blog\/trois-salaries-brules-grievement-par-du-caramel-liquide-dans-une-entreprise-de-laisne\/#primaryimage","url":"https:\/\/www.accidentdutravail-idf.net\/blog\/wp-content\/uploads\/2024\/07\/trois-salaries-brules-grievement-par-du-caramel-liquide-dans-une-entreprise-de-laisne.jpg","contentUrl":"https:\/\/www.accidentdutravail-idf.net\/blog\/wp-content\/uploads\/2024\/07\/trois-salaries-brules-grievement-par-du-caramel-liquide-dans-une-entreprise-de-laisne.jpg"},{"@type":"BreadcrumbList","@id":"https:\/\/www.accidentdutravail-idf.net\/blog\/trois-salaries-brules-grievement-par-du-caramel-liquide-dans-une-entreprise-de-laisne\/#breadcrumb","itemListElement":[{"@type":"ListItem","position":1,"name":"Accueil","item":"https:\/\/www.accidentdutravail-idf.net\/blog\/"},{"@type":"ListItem","position":2,"name":"Trois salari\u00e9s br\u00fbl\u00e9s gri\u00e8vement par du caramel liquide dans une entreprise de l\u2019Aisne"}]},{"@type":"WebSite","@id":"https:\/\/www.accidentdutravail-idf.net\/blog\/#website","url":"https:\/\/www.accidentdutravail-idf.net\/blog\/","name":"ACCIDENTDUTRAVAIL-IDF","description":"Portail accidents du travail-maladies professionnelles des entreprises d&#039;Ile-de-France","publisher":{"@id":"https:\/\/www.accidentdutravail-idf.net\/blog\/#organization"},"potentialAction":[{"@type":"SearchAction","target":{"@type":"EntryPoint","urlTemplate":"https:\/\/www.accidentdutravail-idf.net\/blog\/?s={search_term_string}"},"query-input":{"@type":"PropertyValueSpecification","valueRequired":true,"valueName":"search_term_string"}}],"inLanguage":"fr-FR"},{"@type":"Organization","@id":"https:\/\/www.accidentdutravail-idf.net\/blog\/#organization","name":"accidentdutravail-idf","url":"https:\/\/www.accidentdutravail-idf.net\/blog\/","logo":{"@type":"ImageObject","inLanguage":"fr-FR","@id":"https:\/\/www.accidentdutravail-idf.net\/blog\/#\/schema\/logo\/image\/","url":"https:\/\/www.accidentdutravail-idf.net\/blog\/wp-content\/uploads\/2022\/09\/logo-2.png","contentUrl":"https:\/\/www.accidentdutravail-idf.net\/blog\/wp-content\/uploads\/2022\/09\/logo-2.png","width":380,"height":291,"caption":"accidentdutravail-idf"},"image":{"@id":"https:\/\/www.accidentdutravail-idf.net\/blog\/#\/schema\/logo\/image\/"}},{"@type":"Person","@id":"https:\/\/www.accidentdutravail-idf.net\/blog\/#\/schema\/person\/3255d2f970de45e64bd9201f38e7b947","name":"Carlos Poulain","image":{"@type":"ImageObject","inLanguage":"fr-FR","@id":"https:\/\/secure.gravatar.com\/avatar\/b1c2f9d3588e34e91adb093635df64ef4b2381991216be7576466cfcdca4baf3?s=96&d=mm&r=g","url":"https:\/\/secure.gravatar.com\/avatar\/b1c2f9d3588e34e91adb093635df64ef4b2381991216be7576466cfcdca4baf3?s=96&d=mm&r=g","contentUrl":"https:\/\/secure.gravatar.com\/avatar\/b1c2f9d3588e34e91adb093635df64ef4b2381991216be7576466cfcdca4baf3?s=96&d=mm&r=g","caption":"Carlos Poulain"},"url":"https:\/\/www.accidentdutravail-idf.net\/blog\/author\/idfcarlos\/"}]}},"_links":{"self":[{"href":"https:\/\/www.accidentdutravail-idf.net\/blog\/wp-json\/wp\/v2\/posts\/554","targetHints":{"allow":["GET"]}}],"collection":[{"href":"https:\/\/www.accidentdutravail-idf.net\/blog\/wp-json\/wp\/v2\/posts"}],"about":[{"href":"https:\/\/www.accidentdutravail-idf.net\/blog\/wp-json\/wp\/v2\/types\/post"}],"author":[{"embeddable":true,"href":"https:\/\/www.accidentdutravail-idf.net\/blog\/wp-json\/wp\/v2\/users\/2"}],"replies":[{"embeddable":true,"href":"https:\/\/www.accidentdutravail-idf.net\/blog\/wp-json\/wp\/v2\/comments?post=554"}],"version-history":[{"count":0,"href":"https:\/\/www.accidentdutravail-idf.net\/blog\/wp-json\/wp\/v2\/posts\/554\/revisions"}],"wp:attachment":[{"href":"https:\/\/www.accidentdutravail-idf.net\/blog\/wp-json\/wp\/v2\/media?parent=554"}],"wp:term":[{"taxonomy":"category","embeddable":true,"href":"https:\/\/www.accidentdutravail-idf.net\/blog\/wp-json\/wp\/v2\/categories?post=554"},{"taxonomy":"post_tag","embeddable":true,"href":"https:\/\/www.accidentdutravail-idf.net\/blog\/wp-json\/wp\/v2\/tags?post=554"}],"curies":[{"name":"wp","href":"https:\/\/api.w.org\/{rel}","templated":true}]}}