{"id":548,"date":"2024-07-10T11:10:00","date_gmt":"2024-07-10T09:10:00","guid":{"rendered":"https:\/\/www.accidentdutravail-idf.net\/blog\/afrique-du-sud-un-accident-de-minibus-coute-la-vie-a-12-ecoliers\/"},"modified":"2024-07-10T11:10:00","modified_gmt":"2024-07-10T09:10:00","slug":"afrique-du-sud-un-accident-de-minibus-coute-la-vie-a-12-ecoliers","status":"publish","type":"post","link":"https:\/\/www.accidentdutravail-idf.net\/blog\/afrique-du-sud-un-accident-de-minibus-coute-la-vie-a-12-ecoliers\/","title":{"rendered":"Afrique du Sud: un accident de minibus co\u00fbte la vie \u00e0 12 \u00e9coliers"},"content":{"rendered":"<div class=\"pave-censure text-center mb-2\">\n<a href=\"https:\/\/bit.ly\/3LiucUi\" target=\"_blank\" rel=\"noopener nofollow\"><br \/>\n<img decoding=\"async\" src=\"https:\/\/www.accidentdutravail-idf.net\/blog\/wp-content\/uploads\/2024\/07\/afrique-du-sud-un-accident-de-minibus-coute-la-vie-a-12-ecoliers.jpg\" class=\"img-responsive text-center\"><br \/>\n<\/a>\n<\/div>\n<p>Sept enfants ont aussi \u00e9t\u00e9 bless\u00e9s et transport\u00e9s d&rsquo;urgence \u00e0 l&rsquo;h\u00f4pital, selon un communiqu\u00e9 du gouvernement de la province de Gauteng, la plus peupl\u00e9e du pays et qui comprend Johannesburg et Pretoria.<\/p>\n<p>Selon les premiers \u00e9l\u00e9ments, le minibus s&rsquo;est renvers\u00e9 et a pris feu apr\u00e8s avoir \u00e9t\u00e9 heurt\u00e9 par un autre v\u00e9hicule.&nbsp;<\/p>\n<p>L&rsquo;\u00e2ge des petites victimes n&rsquo;\u00e9tait pas connu imm\u00e9diatement mais le minibus transportait habituellement des \u00e9l\u00e8ves de primaire, \u00e2g\u00e9s de six \u00e0 13 ans. &nbsp;<\/p>\n<p>Des images t\u00e9l\u00e9vis\u00e9es ont montr\u00e9 le minibus totalement d\u00e9truit par l&rsquo;incendie ainsi que des affaires scolaires calcin\u00e9s jonchant la route, pr\u00e8s de Merafong, \u00e0 environ 80 km au sud-ouest de Johannesburg.<\/p>\n<p>Selon le communiqu\u00e9 du gouvernement local, il s&rsquo;agit d\u00a0\u00bbun minibus de transport priv\u00e9\u00a0\u00bb, comme souvent en Afrique du Sud o\u00f9 les minibus qui sillonnent le pays et servent aux transports en commun sont priv\u00e9s.&nbsp;<\/p>\n<p>\u00ab\u00a0Sept autre \u00e9l\u00e8ves ont \u00e9t\u00e9 transport\u00e9s d&rsquo;urgence dans une installation m\u00e9dicale pour \u00eatre soign\u00e9s\u00a0\u00bb, a pr\u00e9cis\u00e9 ce communiqu\u00e9.<\/p>\n<p>Les corps des victimes calcin\u00e9s n&rsquo;ont pas pu \u00eatre identifi\u00e9s dans l&rsquo;imm\u00e9diat.<\/p>\n<p>\u00ab\u00a0Ils ont \u00e9t\u00e9 br\u00fbl\u00e9s au point de devenir m\u00e9connaissables. A ce stade, leur identification repose sur le travail des m\u00e9decins l\u00e9gistes\u00a0\u00bb, a d\u00e9clar\u00e9 \u00e0 l&rsquo;AFP le porte-parole de la police routi\u00e8re de Gauteng, Sello Maremane.<\/p>\n<p>Le ministre de l&rsquo;\u00c9ducation de la province de Gauteng, Matome Chiloane, cit\u00e9 par le communiqu\u00e9, a fait part de sa \u00ab\u00a0profonde tristesse\u00a0\u00bb \u00e9voquant une \u00ab\u00a0trag\u00e9die\u00a0\u00bb.<\/p>\n<p>\u00ab\u00a0La perte de nos enfants est un coup terrible pour notre communaut\u00e9, nos pens\u00e9es et nos pri\u00e8res vont aux familles des \u00e9l\u00e8ves d\u00e9c\u00e9d\u00e9s et bless\u00e9s\u00a0\u00bb, a-t-il ajout\u00e9.<\/p>\n<p><strong>&#8211; S\u00e9curit\u00e9 routi\u00e8re &#8211;<\/strong><\/p>\n<p>L&rsquo;Afrique du Sud, malgr\u00e9 un des r\u00e9seaux routiers les plus d\u00e9velopp\u00e9s du continent africain, a un mauvais bilan en mati\u00e8re de s\u00e9curit\u00e9 routi\u00e8re.<\/p>\n<p>\u00ab\u00a0Je dis toujours aux parents que nous devions v\u00e9rifier l&rsquo;\u00e9tat des v\u00e9hicules dans lesquels nous mettons nos enfants\u00a0\u00bb, a r\u00e9agi la ministre, venu sur les lieux de l&rsquo;accident.<\/p>\n<p>De nombreux parents sud-africains n&rsquo;ont cependant d&rsquo;autre choix que recourir \u00e0 des minibus priv\u00e9s pour envoyer leurs enfants \u00e0 l&rsquo;\u00e9cole.<\/p>\n<p>Et les accidents de minibus sont l\u00e9gions.<\/p>\n<p>En mai, 13 personnes ont perdu la vie dans une collision entre un minibus taxi et un camion sur l&rsquo;une des routes principales du Limpopo, dans le nord du pays. &nbsp;&nbsp;<\/p>\n<p>En mars, juste avant P\u00e2ques, la quasi-totalit\u00e9 des 45 passagers d&rsquo;un autocar reliant le Botswana \u00e0 la ville de p\u00e9lerinage de Moria sont mortes, dans la chute de leur v\u00e9hicule du haut d&rsquo;un pont, pr\u00e8s de Mmamatlakala, au Limpopo \u00e9galement.&nbsp;<\/p>\n<p>Cet accident est le plus meurtrier de l&rsquo;ann\u00e9e en Afrique du Sud.<\/p>\n<p>En f\u00e9vrier, en pleine campagne \u00e9lectorale, au moins neuf partisans de l&rsquo;ANC, le principal parti sud-africain, ont \u00e9t\u00e9 tu\u00e9s dans un accident de minibus en revenant d&rsquo;un meeting \u00e9lectoral dans l&rsquo;est du pays. &nbsp;&nbsp;<\/p>\n<div class=\"mb-3 mt-3 text-center\">\n<a href=\"https:\/\/bit.ly\/3xiCcBg\" target=\"_blank\" rel=\"noopener nofollow\"><br \/>\n<img decoding=\"async\" src=\"https:\/\/www.accidentdutravail-idf.net\/blog\/wp-content\/uploads\/2024\/07\/afrique-du-sud-un-accident-de-minibus-coute-la-vie-a-12-ecoliers.png\" alt=\"R\u00e9v\u00e9lations sur Huguette Bello Pr\u00e9sidente de La R\u00e9gion R\u00e9union\"><br \/>\n<\/a>\n<\/div>\n<div class=\"video-bottom-article mb-3\">\n<hr class=\"mt-2 mb-2\"> <a href=\"https:\/\/www.clicanoo.re\/actus-video\/\" target=\"_blank\" rel=\"nofollow\"><\/p>\n<h3 class=\"title-aside-2 mt-4\">Toute l&rsquo;actualit\u00e9 en vid\u00e9o<\/h3>\n<p><\/a>\n<\/div>\n<hr>\n<hr>\n<hr>\n<p> <span id=\"hyvor-talk-view\"><\/span><\/p>\n<section>\n<\/section>\n<p><button class=\"btn btn-danger mx-auto\">Recharger les commentaires<\/button> accidentdutravail-idf.net vous a pr\u00e9par\u00e9 ce post qui informe du sujet \u00ab\u00a0Association Sportive Huisson-Longueville Essonne\u00a0\u00bb. La chronique se veut g\u00e9n\u00e9r\u00e9e du mieux possible. Vous pouvez utiliser les coordonn\u00e9es indiqu\u00e9es sur le site dans le but d\u2019apporter des explications sur ce post qui parle du th\u00e8me \u00ab\u00a0Association Sportive Huisson-Longueville Essonne\u00a0\u00bb. Le site accidentdutravail-idf.net a pour but de fournir diverses publications sur la th\u00e9matique Association Sportive Huisson-Longueville Essonne diffus\u00e9es sur le net. Il y aura plusieurs articles autour du sujet \u00ab\u00a0Association Sportive Huisson-Longueville Essonne\u00a0\u00bb dans quelques jours, nous vous invitons \u00e0 naviguer sur notre site web \u00e0 plusieurs reprises.<\/p>\n","protected":false},"excerpt":{"rendered":"<p>Sept enfants ont aussi \u00e9t\u00e9 bless\u00e9s et transport\u00e9s d&rsquo;urgence \u00e0 l&rsquo;h\u00f4pital, selon un communiqu\u00e9 du gouvernement de la province de Gauteng, la plus peupl\u00e9e du pays et qui comprend Johannesburg et Pretoria. Selon les premiers \u00e9l\u00e9ments, le minibus s&rsquo;est renvers\u00e9 et a pris feu apr\u00e8s avoir \u00e9t\u00e9 heurt\u00e9 par un autre v\u00e9hicule.&nbsp; L&rsquo;\u00e2ge des petites &hellip; <\/p>\n<p class=\"link-more\"><a href=\"https:\/\/www.accidentdutravail-idf.net\/blog\/afrique-du-sud-un-accident-de-minibus-coute-la-vie-a-12-ecoliers\/\" class=\"more-link\">Continuer la lecture <span class=\"screen-reader-text\"> \u00ab\u00a0Afrique du Sud: un accident de minibus co\u00fbte la vie \u00e0 12 \u00e9coliers\u00a0\u00bb<\/span><\/a><\/p>\n","protected":false},"author":2,"featured_media":0,"comment_status":"closed","ping_status":"closed","sticky":false,"template":"","format":"standard","meta":{"footnotes":""},"categories":[5],"tags":[],"class_list":["post-548","post","type-post","status-publish","format-standard","hentry","category-securite-du-travail-en-ile-de-france-et-divers","entry"],"yoast_head":"<!-- This site is optimized with the Yoast SEO plugin v27.5 - https:\/\/yoast.com\/product\/yoast-seo-wordpress\/ -->\n<title>Afrique du Sud: un accident de minibus co\u00fbte la vie \u00e0 12 \u00e9coliers - ACCIDENTDUTRAVAIL-IDF<\/title>\n<meta name=\"description\" content=\"Afrique du Sud: un accident de minibus co\u00fbte la vie \u00e0 12 \u00e9coliers article de ACCIDENTDUTRAVAIL-IDF\" \/>\n<meta name=\"robots\" content=\"index, follow, max-snippet:-1, max-image-preview:large, max-video-preview:-1\" \/>\n<link rel=\"canonical\" href=\"https:\/\/www.accidentdutravail-idf.net\/blog\/afrique-du-sud-un-accident-de-minibus-coute-la-vie-a-12-ecoliers\/\" \/>\n<meta property=\"og:locale\" content=\"fr_FR\" \/>\n<meta property=\"og:type\" content=\"article\" \/>\n<meta property=\"og:title\" content=\"Afrique du Sud: un accident de minibus co\u00fbte la vie \u00e0 12 \u00e9coliers - ACCIDENTDUTRAVAIL-IDF\" \/>\n<meta property=\"og:description\" content=\"Afrique du Sud: un accident de minibus co\u00fbte la vie \u00e0 12 \u00e9coliers article de ACCIDENTDUTRAVAIL-IDF\" \/>\n<meta property=\"og:url\" content=\"https:\/\/www.accidentdutravail-idf.net\/blog\/afrique-du-sud-un-accident-de-minibus-coute-la-vie-a-12-ecoliers\/\" \/>\n<meta property=\"og:site_name\" content=\"ACCIDENTDUTRAVAIL-IDF\" \/>\n<meta property=\"article:published_time\" content=\"2024-07-10T09:10:00+00:00\" \/>\n<meta property=\"og:image\" content=\"https:\/\/www.accidentdutravail-idf.net\/blog\/wp-content\/uploads\/2024\/07\/afrique-du-sud-un-accident-de-minibus-coute-la-vie-a-12-ecoliers.jpg\" \/>\n<meta name=\"author\" content=\"Carlos Poulain\" \/>\n<meta name=\"twitter:card\" content=\"summary_large_image\" \/>\n<meta name=\"twitter:label1\" content=\"\u00c9crit par\" \/>\n\t<meta name=\"twitter:data1\" content=\"Carlos Poulain\" \/>\n\t<meta name=\"twitter:label2\" content=\"Dur\u00e9e de lecture estim\u00e9e\" \/>\n\t<meta name=\"twitter:data2\" content=\"3 minutes\" \/>\n<script type=\"application\/ld+json\" class=\"yoast-schema-graph\">{\"@context\":\"https:\\\/\\\/schema.org\",\"@graph\":[{\"@type\":\"Article\",\"@id\":\"https:\\\/\\\/www.accidentdutravail-idf.net\\\/blog\\\/afrique-du-sud-un-accident-de-minibus-coute-la-vie-a-12-ecoliers\\\/#article\",\"isPartOf\":{\"@id\":\"https:\\\/\\\/www.accidentdutravail-idf.net\\\/blog\\\/afrique-du-sud-un-accident-de-minibus-coute-la-vie-a-12-ecoliers\\\/\"},\"author\":{\"name\":\"Carlos Poulain\",\"@id\":\"https:\\\/\\\/www.accidentdutravail-idf.net\\\/blog\\\/#\\\/schema\\\/person\\\/3255d2f970de45e64bd9201f38e7b947\"},\"headline\":\"Afrique du Sud: un accident de minibus co\u00fbte la vie \u00e0 12 \u00e9coliers\",\"datePublished\":\"2024-07-10T09:10:00+00:00\",\"mainEntityOfPage\":{\"@id\":\"https:\\\/\\\/www.accidentdutravail-idf.net\\\/blog\\\/afrique-du-sud-un-accident-de-minibus-coute-la-vie-a-12-ecoliers\\\/\"},\"wordCount\":643,\"publisher\":{\"@id\":\"https:\\\/\\\/www.accidentdutravail-idf.net\\\/blog\\\/#organization\"},\"image\":{\"@id\":\"https:\\\/\\\/www.accidentdutravail-idf.net\\\/blog\\\/afrique-du-sud-un-accident-de-minibus-coute-la-vie-a-12-ecoliers\\\/#primaryimage\"},\"thumbnailUrl\":\"https:\\\/\\\/www.accidentdutravail-idf.net\\\/blog\\\/wp-content\\\/uploads\\\/2024\\\/07\\\/afrique-du-sud-un-accident-de-minibus-coute-la-vie-a-12-ecoliers.jpg\",\"articleSection\":[\"S\u00e9curit\u00e9 Du Travail En Ile-De-France Et Divers:\"],\"inLanguage\":\"fr-FR\"},{\"@type\":\"WebPage\",\"@id\":\"https:\\\/\\\/www.accidentdutravail-idf.net\\\/blog\\\/afrique-du-sud-un-accident-de-minibus-coute-la-vie-a-12-ecoliers\\\/\",\"url\":\"https:\\\/\\\/www.accidentdutravail-idf.net\\\/blog\\\/afrique-du-sud-un-accident-de-minibus-coute-la-vie-a-12-ecoliers\\\/\",\"name\":\"Afrique du Sud: un accident de minibus co\u00fbte la vie \u00e0 12 \u00e9coliers - ACCIDENTDUTRAVAIL-IDF\",\"isPartOf\":{\"@id\":\"https:\\\/\\\/www.accidentdutravail-idf.net\\\/blog\\\/#website\"},\"primaryImageOfPage\":{\"@id\":\"https:\\\/\\\/www.accidentdutravail-idf.net\\\/blog\\\/afrique-du-sud-un-accident-de-minibus-coute-la-vie-a-12-ecoliers\\\/#primaryimage\"},\"image\":{\"@id\":\"https:\\\/\\\/www.accidentdutravail-idf.net\\\/blog\\\/afrique-du-sud-un-accident-de-minibus-coute-la-vie-a-12-ecoliers\\\/#primaryimage\"},\"thumbnailUrl\":\"https:\\\/\\\/www.accidentdutravail-idf.net\\\/blog\\\/wp-content\\\/uploads\\\/2024\\\/07\\\/afrique-du-sud-un-accident-de-minibus-coute-la-vie-a-12-ecoliers.jpg\",\"datePublished\":\"2024-07-10T09:10:00+00:00\",\"description\":\"Afrique du Sud: un accident de minibus co\u00fbte la vie \u00e0 12 \u00e9coliers article de ACCIDENTDUTRAVAIL-IDF\",\"breadcrumb\":{\"@id\":\"https:\\\/\\\/www.accidentdutravail-idf.net\\\/blog\\\/afrique-du-sud-un-accident-de-minibus-coute-la-vie-a-12-ecoliers\\\/#breadcrumb\"},\"inLanguage\":\"fr-FR\",\"potentialAction\":[{\"@type\":\"ReadAction\",\"target\":[\"https:\\\/\\\/www.accidentdutravail-idf.net\\\/blog\\\/afrique-du-sud-un-accident-de-minibus-coute-la-vie-a-12-ecoliers\\\/\"]}]},{\"@type\":\"ImageObject\",\"inLanguage\":\"fr-FR\",\"@id\":\"https:\\\/\\\/www.accidentdutravail-idf.net\\\/blog\\\/afrique-du-sud-un-accident-de-minibus-coute-la-vie-a-12-ecoliers\\\/#primaryimage\",\"url\":\"https:\\\/\\\/www.accidentdutravail-idf.net\\\/blog\\\/wp-content\\\/uploads\\\/2024\\\/07\\\/afrique-du-sud-un-accident-de-minibus-coute-la-vie-a-12-ecoliers.jpg\",\"contentUrl\":\"https:\\\/\\\/www.accidentdutravail-idf.net\\\/blog\\\/wp-content\\\/uploads\\\/2024\\\/07\\\/afrique-du-sud-un-accident-de-minibus-coute-la-vie-a-12-ecoliers.jpg\"},{\"@type\":\"BreadcrumbList\",\"@id\":\"https:\\\/\\\/www.accidentdutravail-idf.net\\\/blog\\\/afrique-du-sud-un-accident-de-minibus-coute-la-vie-a-12-ecoliers\\\/#breadcrumb\",\"itemListElement\":[{\"@type\":\"ListItem\",\"position\":1,\"name\":\"Accueil\",\"item\":\"https:\\\/\\\/www.accidentdutravail-idf.net\\\/blog\\\/\"},{\"@type\":\"ListItem\",\"position\":2,\"name\":\"Afrique du Sud: un accident de minibus co\u00fbte la vie \u00e0 12 \u00e9coliers\"}]},{\"@type\":\"WebSite\",\"@id\":\"https:\\\/\\\/www.accidentdutravail-idf.net\\\/blog\\\/#website\",\"url\":\"https:\\\/\\\/www.accidentdutravail-idf.net\\\/blog\\\/\",\"name\":\"ACCIDENTDUTRAVAIL-IDF\",\"description\":\"Portail accidents du travail-maladies professionnelles des entreprises d&#039;Ile-de-France\",\"publisher\":{\"@id\":\"https:\\\/\\\/www.accidentdutravail-idf.net\\\/blog\\\/#organization\"},\"potentialAction\":[{\"@type\":\"SearchAction\",\"target\":{\"@type\":\"EntryPoint\",\"urlTemplate\":\"https:\\\/\\\/www.accidentdutravail-idf.net\\\/blog\\\/?s={search_term_string}\"},\"query-input\":{\"@type\":\"PropertyValueSpecification\",\"valueRequired\":true,\"valueName\":\"search_term_string\"}}],\"inLanguage\":\"fr-FR\"},{\"@type\":\"Organization\",\"@id\":\"https:\\\/\\\/www.accidentdutravail-idf.net\\\/blog\\\/#organization\",\"name\":\"accidentdutravail-idf\",\"url\":\"https:\\\/\\\/www.accidentdutravail-idf.net\\\/blog\\\/\",\"logo\":{\"@type\":\"ImageObject\",\"inLanguage\":\"fr-FR\",\"@id\":\"https:\\\/\\\/www.accidentdutravail-idf.net\\\/blog\\\/#\\\/schema\\\/logo\\\/image\\\/\",\"url\":\"https:\\\/\\\/www.accidentdutravail-idf.net\\\/blog\\\/wp-content\\\/uploads\\\/2022\\\/09\\\/logo-2.png\",\"contentUrl\":\"https:\\\/\\\/www.accidentdutravail-idf.net\\\/blog\\\/wp-content\\\/uploads\\\/2022\\\/09\\\/logo-2.png\",\"width\":380,\"height\":291,\"caption\":\"accidentdutravail-idf\"},\"image\":{\"@id\":\"https:\\\/\\\/www.accidentdutravail-idf.net\\\/blog\\\/#\\\/schema\\\/logo\\\/image\\\/\"}},{\"@type\":\"Person\",\"@id\":\"https:\\\/\\\/www.accidentdutravail-idf.net\\\/blog\\\/#\\\/schema\\\/person\\\/3255d2f970de45e64bd9201f38e7b947\",\"name\":\"Carlos Poulain\",\"image\":{\"@type\":\"ImageObject\",\"inLanguage\":\"fr-FR\",\"@id\":\"https:\\\/\\\/secure.gravatar.com\\\/avatar\\\/b1c2f9d3588e34e91adb093635df64ef4b2381991216be7576466cfcdca4baf3?s=96&d=mm&r=g\",\"url\":\"https:\\\/\\\/secure.gravatar.com\\\/avatar\\\/b1c2f9d3588e34e91adb093635df64ef4b2381991216be7576466cfcdca4baf3?s=96&d=mm&r=g\",\"contentUrl\":\"https:\\\/\\\/secure.gravatar.com\\\/avatar\\\/b1c2f9d3588e34e91adb093635df64ef4b2381991216be7576466cfcdca4baf3?s=96&d=mm&r=g\",\"caption\":\"Carlos Poulain\"},\"url\":\"https:\\\/\\\/www.accidentdutravail-idf.net\\\/blog\\\/author\\\/idfcarlos\\\/\"}]}<\/script>\n<!-- \/ Yoast SEO plugin. -->","yoast_head_json":{"title":"Afrique du Sud: un accident de minibus co\u00fbte la vie \u00e0 12 \u00e9coliers - ACCIDENTDUTRAVAIL-IDF","description":"Afrique du Sud: un accident de minibus co\u00fbte la vie \u00e0 12 \u00e9coliers article de ACCIDENTDUTRAVAIL-IDF","robots":{"index":"index","follow":"follow","max-snippet":"max-snippet:-1","max-image-preview":"max-image-preview:large","max-video-preview":"max-video-preview:-1"},"canonical":"https:\/\/www.accidentdutravail-idf.net\/blog\/afrique-du-sud-un-accident-de-minibus-coute-la-vie-a-12-ecoliers\/","og_locale":"fr_FR","og_type":"article","og_title":"Afrique du Sud: un accident de minibus co\u00fbte la vie \u00e0 12 \u00e9coliers - ACCIDENTDUTRAVAIL-IDF","og_description":"Afrique du Sud: un accident de minibus co\u00fbte la vie \u00e0 12 \u00e9coliers article de ACCIDENTDUTRAVAIL-IDF","og_url":"https:\/\/www.accidentdutravail-idf.net\/blog\/afrique-du-sud-un-accident-de-minibus-coute-la-vie-a-12-ecoliers\/","og_site_name":"ACCIDENTDUTRAVAIL-IDF","article_published_time":"2024-07-10T09:10:00+00:00","og_image":[{"url":"https:\/\/www.accidentdutravail-idf.net\/blog\/wp-content\/uploads\/2024\/07\/afrique-du-sud-un-accident-de-minibus-coute-la-vie-a-12-ecoliers.jpg","type":"","width":"","height":""}],"author":"Carlos Poulain","twitter_card":"summary_large_image","twitter_misc":{"\u00c9crit par":"Carlos Poulain","Dur\u00e9e de lecture estim\u00e9e":"3 minutes"},"schema":{"@context":"https:\/\/schema.org","@graph":[{"@type":"Article","@id":"https:\/\/www.accidentdutravail-idf.net\/blog\/afrique-du-sud-un-accident-de-minibus-coute-la-vie-a-12-ecoliers\/#article","isPartOf":{"@id":"https:\/\/www.accidentdutravail-idf.net\/blog\/afrique-du-sud-un-accident-de-minibus-coute-la-vie-a-12-ecoliers\/"},"author":{"name":"Carlos Poulain","@id":"https:\/\/www.accidentdutravail-idf.net\/blog\/#\/schema\/person\/3255d2f970de45e64bd9201f38e7b947"},"headline":"Afrique du Sud: un accident de minibus co\u00fbte la vie \u00e0 12 \u00e9coliers","datePublished":"2024-07-10T09:10:00+00:00","mainEntityOfPage":{"@id":"https:\/\/www.accidentdutravail-idf.net\/blog\/afrique-du-sud-un-accident-de-minibus-coute-la-vie-a-12-ecoliers\/"},"wordCount":643,"publisher":{"@id":"https:\/\/www.accidentdutravail-idf.net\/blog\/#organization"},"image":{"@id":"https:\/\/www.accidentdutravail-idf.net\/blog\/afrique-du-sud-un-accident-de-minibus-coute-la-vie-a-12-ecoliers\/#primaryimage"},"thumbnailUrl":"https:\/\/www.accidentdutravail-idf.net\/blog\/wp-content\/uploads\/2024\/07\/afrique-du-sud-un-accident-de-minibus-coute-la-vie-a-12-ecoliers.jpg","articleSection":["S\u00e9curit\u00e9 Du Travail En Ile-De-France Et Divers:"],"inLanguage":"fr-FR"},{"@type":"WebPage","@id":"https:\/\/www.accidentdutravail-idf.net\/blog\/afrique-du-sud-un-accident-de-minibus-coute-la-vie-a-12-ecoliers\/","url":"https:\/\/www.accidentdutravail-idf.net\/blog\/afrique-du-sud-un-accident-de-minibus-coute-la-vie-a-12-ecoliers\/","name":"Afrique du Sud: un accident de minibus co\u00fbte la vie \u00e0 12 \u00e9coliers - ACCIDENTDUTRAVAIL-IDF","isPartOf":{"@id":"https:\/\/www.accidentdutravail-idf.net\/blog\/#website"},"primaryImageOfPage":{"@id":"https:\/\/www.accidentdutravail-idf.net\/blog\/afrique-du-sud-un-accident-de-minibus-coute-la-vie-a-12-ecoliers\/#primaryimage"},"image":{"@id":"https:\/\/www.accidentdutravail-idf.net\/blog\/afrique-du-sud-un-accident-de-minibus-coute-la-vie-a-12-ecoliers\/#primaryimage"},"thumbnailUrl":"https:\/\/www.accidentdutravail-idf.net\/blog\/wp-content\/uploads\/2024\/07\/afrique-du-sud-un-accident-de-minibus-coute-la-vie-a-12-ecoliers.jpg","datePublished":"2024-07-10T09:10:00+00:00","description":"Afrique du Sud: un accident de minibus co\u00fbte la vie \u00e0 12 \u00e9coliers article de ACCIDENTDUTRAVAIL-IDF","breadcrumb":{"@id":"https:\/\/www.accidentdutravail-idf.net\/blog\/afrique-du-sud-un-accident-de-minibus-coute-la-vie-a-12-ecoliers\/#breadcrumb"},"inLanguage":"fr-FR","potentialAction":[{"@type":"ReadAction","target":["https:\/\/www.accidentdutravail-idf.net\/blog\/afrique-du-sud-un-accident-de-minibus-coute-la-vie-a-12-ecoliers\/"]}]},{"@type":"ImageObject","inLanguage":"fr-FR","@id":"https:\/\/www.accidentdutravail-idf.net\/blog\/afrique-du-sud-un-accident-de-minibus-coute-la-vie-a-12-ecoliers\/#primaryimage","url":"https:\/\/www.accidentdutravail-idf.net\/blog\/wp-content\/uploads\/2024\/07\/afrique-du-sud-un-accident-de-minibus-coute-la-vie-a-12-ecoliers.jpg","contentUrl":"https:\/\/www.accidentdutravail-idf.net\/blog\/wp-content\/uploads\/2024\/07\/afrique-du-sud-un-accident-de-minibus-coute-la-vie-a-12-ecoliers.jpg"},{"@type":"BreadcrumbList","@id":"https:\/\/www.accidentdutravail-idf.net\/blog\/afrique-du-sud-un-accident-de-minibus-coute-la-vie-a-12-ecoliers\/#breadcrumb","itemListElement":[{"@type":"ListItem","position":1,"name":"Accueil","item":"https:\/\/www.accidentdutravail-idf.net\/blog\/"},{"@type":"ListItem","position":2,"name":"Afrique du Sud: un accident de minibus co\u00fbte la vie \u00e0 12 \u00e9coliers"}]},{"@type":"WebSite","@id":"https:\/\/www.accidentdutravail-idf.net\/blog\/#website","url":"https:\/\/www.accidentdutravail-idf.net\/blog\/","name":"ACCIDENTDUTRAVAIL-IDF","description":"Portail accidents du travail-maladies professionnelles des entreprises d&#039;Ile-de-France","publisher":{"@id":"https:\/\/www.accidentdutravail-idf.net\/blog\/#organization"},"potentialAction":[{"@type":"SearchAction","target":{"@type":"EntryPoint","urlTemplate":"https:\/\/www.accidentdutravail-idf.net\/blog\/?s={search_term_string}"},"query-input":{"@type":"PropertyValueSpecification","valueRequired":true,"valueName":"search_term_string"}}],"inLanguage":"fr-FR"},{"@type":"Organization","@id":"https:\/\/www.accidentdutravail-idf.net\/blog\/#organization","name":"accidentdutravail-idf","url":"https:\/\/www.accidentdutravail-idf.net\/blog\/","logo":{"@type":"ImageObject","inLanguage":"fr-FR","@id":"https:\/\/www.accidentdutravail-idf.net\/blog\/#\/schema\/logo\/image\/","url":"https:\/\/www.accidentdutravail-idf.net\/blog\/wp-content\/uploads\/2022\/09\/logo-2.png","contentUrl":"https:\/\/www.accidentdutravail-idf.net\/blog\/wp-content\/uploads\/2022\/09\/logo-2.png","width":380,"height":291,"caption":"accidentdutravail-idf"},"image":{"@id":"https:\/\/www.accidentdutravail-idf.net\/blog\/#\/schema\/logo\/image\/"}},{"@type":"Person","@id":"https:\/\/www.accidentdutravail-idf.net\/blog\/#\/schema\/person\/3255d2f970de45e64bd9201f38e7b947","name":"Carlos Poulain","image":{"@type":"ImageObject","inLanguage":"fr-FR","@id":"https:\/\/secure.gravatar.com\/avatar\/b1c2f9d3588e34e91adb093635df64ef4b2381991216be7576466cfcdca4baf3?s=96&d=mm&r=g","url":"https:\/\/secure.gravatar.com\/avatar\/b1c2f9d3588e34e91adb093635df64ef4b2381991216be7576466cfcdca4baf3?s=96&d=mm&r=g","contentUrl":"https:\/\/secure.gravatar.com\/avatar\/b1c2f9d3588e34e91adb093635df64ef4b2381991216be7576466cfcdca4baf3?s=96&d=mm&r=g","caption":"Carlos Poulain"},"url":"https:\/\/www.accidentdutravail-idf.net\/blog\/author\/idfcarlos\/"}]}},"_links":{"self":[{"href":"https:\/\/www.accidentdutravail-idf.net\/blog\/wp-json\/wp\/v2\/posts\/548","targetHints":{"allow":["GET"]}}],"collection":[{"href":"https:\/\/www.accidentdutravail-idf.net\/blog\/wp-json\/wp\/v2\/posts"}],"about":[{"href":"https:\/\/www.accidentdutravail-idf.net\/blog\/wp-json\/wp\/v2\/types\/post"}],"author":[{"embeddable":true,"href":"https:\/\/www.accidentdutravail-idf.net\/blog\/wp-json\/wp\/v2\/users\/2"}],"replies":[{"embeddable":true,"href":"https:\/\/www.accidentdutravail-idf.net\/blog\/wp-json\/wp\/v2\/comments?post=548"}],"version-history":[{"count":0,"href":"https:\/\/www.accidentdutravail-idf.net\/blog\/wp-json\/wp\/v2\/posts\/548\/revisions"}],"wp:attachment":[{"href":"https:\/\/www.accidentdutravail-idf.net\/blog\/wp-json\/wp\/v2\/media?parent=548"}],"wp:term":[{"taxonomy":"category","embeddable":true,"href":"https:\/\/www.accidentdutravail-idf.net\/blog\/wp-json\/wp\/v2\/categories?post=548"},{"taxonomy":"post_tag","embeddable":true,"href":"https:\/\/www.accidentdutravail-idf.net\/blog\/wp-json\/wp\/v2\/tags?post=548"}],"curies":[{"name":"wp","href":"https:\/\/api.w.org\/{rel}","templated":true}]}}