{"id":545,"date":"2024-07-10T09:30:00","date_gmt":"2024-07-10T07:30:00","guid":{"rendered":"https:\/\/www.accidentdutravail-idf.net\/blog\/arnaud-mias-sociologue-notre-systeme-de-sante-au-travail-premier-pilier-de-letat-social-est-en-crise\/"},"modified":"2024-07-10T09:30:00","modified_gmt":"2024-07-10T07:30:00","slug":"arnaud-mias-sociologue-notre-systeme-de-sante-au-travail-premier-pilier-de-letat-social-est-en-crise","status":"publish","type":"post","link":"https:\/\/www.accidentdutravail-idf.net\/blog\/arnaud-mias-sociologue-notre-systeme-de-sante-au-travail-premier-pilier-de-letat-social-est-en-crise\/","title":{"rendered":"Arnaud Mias, sociologue : \u00ab Notre syst\u00e8me de sant\u00e9 au travail, premier pilier de l\u2019Etat social, est en crise"},"content":{"rendered":"<div><img decoding=\"async\" src=\"https:\/\/www.accidentdutravail-idf.net\/blog\/wp-content\/uploads\/2024\/07\/arnaud-mias-sociologue-notre-systeme-de-sante-au-travail-premier-pilier-de-letat-social-est-en-crise.jpg\" class=\"ff-og-image-inserted\"><\/div>\n<p class=\"article__paragraph \"><span class=\"article__inner\">C<\/span>haque jour, plus de deux salari\u00e9s meurent d\u2019un accident du travail en France, plus de 1&nbsp;500&nbsp;accidents du travail engendrent un arr\u00eat de travail et plus de 120&nbsp;nouvelles maladies provoqu\u00e9es par l\u2019activit\u00e9 professionnelle sont reconnues et indemnis\u00e9es par l\u2019Assurance-maladie. Pour beaucoup trop de Fran\u00e7ais, le travail est une source de danger et de maladie. Il est parfaitement possible d\u2019am\u00e9liorer cette situation et d\u2019ouvrir ainsi un horizon de conqu\u00eate sociale fondamentale pour de nombreux concitoyens, notamment issus des classes populaires.<\/p>\n<section class=\"catcher catcher--favoris\">\n<div class=\"catcher__content\"><span class=\"catcher__title catcher__title--hide\">Lire aussi (2023) |<\/span><span class=\"catcher__desc\"> <span class=\"icon__premium\"><span class=\"sr-only\">Article r\u00e9serv\u00e9 \u00e0 nos abonn\u00e9s<\/span><\/span> <a href=\"https:\/\/www.lemonde.fr\/emploi\/article\/2023\/12\/18\/l-horizon-fuyant-de-la-sante-au-travail_6206432_1698637.html\" class=\"js-article-read-also catcher--favoris__link\" data-premium=\"1\" target=\"_blank\" rel=\"nofollow\">\u00ab&nbsp;L\u2019horizon fuyant de la sant\u00e9 au travail&nbsp;\u00bb<\/a> <\/span> <\/div>\n<p> <button class=\"lmd-btn-icon lmd-btn-icon--primary lmd-btn-icon--m js-trigger-favorite js-lmd-dropdown-favorite-toggler\" aria-expanded=\"false\" aria-controls=\"lmd-dropdown-favorite\" aria-label=\"Ajouter \u00e0 vos s\u00e9lections\" data-article-id=\"3351674\" data-position=\"lire aussi\" data-url=\"https:\/\/www.lemonde.fr\/emploi\/article\/2023\/12\/18\/l-horizon-fuyant-de-la-sante-au-travail_6206432_1698637.html\" data-status> <span class=\"icon__favorites\"><\/span> <span class=\"js-btn-icon-tooltip\" aria-hidden=\"true\">Ajouter \u00e0 vos s\u00e9lections<\/span> <\/button> <\/p>\n<\/section>\n<p class=\"article__paragraph \">Ces chiffres devraient alerter sur l\u2019\u00e9tat des conditions de travail, d\u2019autant qu\u2019ils affichent une inqui\u00e9tante stabilit\u00e9 depuis plus de dix&nbsp;ans et qu\u2019ils sous-estiment l\u2019impact r\u00e9el des conditions de travail sur la sant\u00e9 des travailleurs. Chaque ann\u00e9e, moins de 300&nbsp;cancers sont effectivement reconnus comme maladies professionnelles \u2013 hormis ceux li\u00e9s aux expositions \u00e0 l\u2019amiante \u2013, alors que les \u00e9pid\u00e9miologistes les plus prudents estiment que le nombre de cancers li\u00e9s au travail est au moins vingt fois sup\u00e9rieur&nbsp;; un rapport de <a href=\"https:\/\/www.santepubliquefrance.fr\/presse\/2023\/troubles-musculo-squelettiques-et-souffrance-psychique-maladies-a-caractere-professionnel-les-plus-frequemment-signalees-et-en-augmentation\" target=\"_blank\" rel=\"noopener nofollow\" title=\"Nouvelle fen\u00eatre\">Sant\u00e9 publique France<\/a>, publi\u00e9 en avril&nbsp;2023, montre que les pathologies professionnelles non reconnues, \u00e0 commencer par la souffrance psychique, ne cessent de progresser.<\/p>\n<p class=\"article__paragraph \">Le probl\u00e8me d\u00e9borde la seule exp\u00e9rience de la maladie&nbsp;: selon les chiffres du minist\u00e8re du travail, <a href=\"https:\/\/dares.travail-emploi.gouv.fr\/sites\/default\/files\/cce92165fbf37551d78048a7f7ed8220\/Dares-Analyses_Facteurs%20qui%20influencent%20la%20capacite%20%C3%A0%20faire%20le%20meme%20travail%20jusqu%27a%20la%20retraite.pdf\" target=\"_blank\" rel=\"noopener nofollow\" title=\"Nouvelle fen\u00eatre\">37&nbsp;% des actifs fran\u00e7ais occup\u00e9s d\u00e9clarent leur travail <em>\u00ab&nbsp;insoutenable&nbsp;\u00bb<\/em><\/a>, au sens o\u00f9 ils ne se sentent pas capables de tenir jusqu\u2019\u00e0 la retraite.<\/p>\n<h2 class=\"article__sub-title\">Souffrance silencieuse<\/h2>\n<p class=\"article__paragraph \">Ces chiffres dissimulent par ailleurs de profondes in\u00e9galit\u00e9s sociales face \u00e0 la possibilit\u00e9 de pouvoir faire de son travail un facteur de d\u00e9veloppement de sa propre sant\u00e9. Ce sont les classes populaires qui sont les plus durement touch\u00e9es&nbsp;: ouvriers du BTP, <a href=\"https:\/\/www.sciencespo.fr\/liepp\/fr\/content\/annie-dussuet-francois-xavier-devetter-laura-nirello-emmanuelle-puissant-les-metiers-du-viei.html\" target=\"_blank\" rel=\"noopener nofollow\" title=\"Nouvelle fen\u00eatre\">aides \u00e0 domicile<\/a>, <a href=\"https:\/\/www.sciencespo.fr\/liepp\/fr\/content\/francois-xavier-devetter-julie-valentin-les-travailleurs-et-travailleuses-du-nettoyage-deux-.html\" target=\"_blank\" rel=\"noopener nofollow\" title=\"Nouvelle fen\u00eatre\">travailleurs du nettoyage<\/a> et de l\u2019industrie agroalimentaire, int\u00e9rimaires, <a href=\"https:\/\/www.sciencespo.fr\/liepp\/fr\/content\/corinne-perraudin-nadine-thevenot-le-travail-dans-la-sous-traitance-plus-penible-et-plus-dan.html\" target=\"_blank\" rel=\"noopener nofollow\" title=\"Nouvelle fen\u00eatre\">salari\u00e9s des entreprises sous-traitantes<\/a> dans l\u2019industrie ou de la logistique\u2026 Une souffrance silencieuse parce que tue et dissimul\u00e9e, qui nourrit le ressentiment social et son expression politique.<\/p>\n<section class=\"catcher catcher--favoris\">\n<div class=\"catcher__content\"><span class=\"catcher__title catcher__title--hide\">Lire aussi |<\/span><span class=\"catcher__desc\"> <span class=\"icon__premium\"><span class=\"sr-only\">Article r\u00e9serv\u00e9 \u00e0 nos abonn\u00e9s<\/span><\/span> <a href=\"https:\/\/www.lemonde.fr\/idees\/article\/2024\/07\/01\/l-impression-de-n-etre-plus-compris-ni-defendu-par-personne-dans-l-entreprise-alimente-le-sentiment-de-declassement-des-salaries-carburant-du-vote-rn_6245841_3232.html\" class=\"js-article-read-also catcher--favoris__link\" data-premium=\"1\" target=\"_blank\" rel=\"nofollow\">\u00ab&nbsp;L\u2019impression de n\u2019\u00eatre plus compris ni d\u00e9fendu par personne dans l\u2019entreprise alimente le sentiment de d\u00e9classement des salari\u00e9s, carburant du vote RN&nbsp;\u00bb<\/a> <\/span> <\/div>\n<p> <button class=\"lmd-btn-icon lmd-btn-icon--primary lmd-btn-icon--m js-trigger-favorite js-lmd-dropdown-favorite-toggler\" aria-expanded=\"false\" aria-controls=\"lmd-dropdown-favorite\" aria-label=\"Ajouter \u00e0 vos s\u00e9lections\" data-article-id=\"3380124\" data-position=\"lire aussi\" data-url=\"https:\/\/www.lemonde.fr\/idees\/article\/2024\/07\/01\/l-impression-de-n-etre-plus-compris-ni-defendu-par-personne-dans-l-entreprise-alimente-le-sentiment-de-declassement-des-salaries-carburant-du-vote-rn_6245841_3232.html\" data-status> <span class=\"icon__favorites\"><\/span> <span class=\"js-btn-icon-tooltip\" aria-hidden=\"true\">Ajouter \u00e0 vos s\u00e9lections<\/span> <\/button> <\/p>\n<\/section>\n<p class=\"article__paragraph \">Notre syst\u00e8me de sant\u00e9 au travail, premier pilier de l\u2019Etat social, construit d\u00e8s la fin du XIX<sup>e<\/sup>&nbsp;si\u00e8cle, est en crise. Harc\u00e8lement moral, suicides li\u00e9s au travail, risques psychosociaux, burn-out, mal-travail\u2026 Cela fait plus de deux d\u00e9cennies que les chiffres sont \u00e0 la hausse et que les corps professionnels charg\u00e9s de ces probl\u00e9matiques, m\u00e9decine du travail et inspection du travail au premier chef, connaissent des r\u00e9formes r\u00e9guli\u00e8res, destin\u00e9es, pr\u00e9tendument, \u00e0 rendre leurs actions plus efficaces, mais contribuent \u00e0 en <a href=\"https:\/\/www.ccomptes.fr\/sites\/default\/files\/2024-02\/20240229-S2024-0069-1-Gestion-RH-ministere-du-travail.pdf\" target=\"_blank\" rel=\"noopener nofollow\" title=\"Nouvelle fen\u00eatre\">r\u00e9duire le nombre et les moyens<\/a>. Cela fait aussi vingt ans que l\u2019on constate <a href=\"https:\/\/www.info.gouv.fr\/upload\/media\/default\/0001\/01\/2018_08_rapport_de_mme_charlotte_lecocq_sur_la_sante_au_travail_-_28.08.2018.pdf\" target=\"_blank\" rel=\"noopener nofollow\" title=\"Nouvelle fen\u00eatre\">les faibles effets de ces r\u00e9formes<\/a> ainsi que la faible progression d\u2019une culture de pr\u00e9vention dans les organisations,&nbsp;etc.<\/p>\n<p><strong>Il vous reste 53.95% de cet article \u00e0 lire. La suite est r\u00e9serv\u00e9e aux abonn\u00e9s.<\/strong><\/p>\n<p> accidentdutravail-idf.net vous a pr\u00e9par\u00e9 ce post qui informe du sujet \u00ab\u00a0Association Sportive Huisson-Longueville Essonne\u00a0\u00bb. La chronique se veut g\u00e9n\u00e9r\u00e9e du mieux possible. Vous pouvez utiliser les coordonn\u00e9es indiqu\u00e9es sur le site dans le but d\u2019apporter des explications sur ce post qui parle du th\u00e8me \u00ab\u00a0Association Sportive Huisson-Longueville Essonne\u00a0\u00bb. Le site accidentdutravail-idf.net a pour but de fournir diverses publications sur la th\u00e9matique Association Sportive Huisson-Longueville Essonne diffus\u00e9es sur le net. Il y aura plusieurs articles autour du sujet \u00ab\u00a0Association Sportive Huisson-Longueville Essonne\u00a0\u00bb dans quelques jours, nous vous invitons \u00e0 naviguer sur notre site web \u00e0 plusieurs reprises.<\/p>\n","protected":false},"excerpt":{"rendered":"<p>Chaque jour, plus de deux salari\u00e9s meurent d\u2019un accident du travail en France, plus de 1&nbsp;500&nbsp;accidents du travail engendrent un arr\u00eat de travail et plus de 120&nbsp;nouvelles maladies provoqu\u00e9es par l\u2019activit\u00e9 professionnelle sont reconnues et indemnis\u00e9es par l\u2019Assurance-maladie. Pour beaucoup trop de Fran\u00e7ais, le travail est une source de danger et de maladie. Il est &hellip; <\/p>\n<p class=\"link-more\"><a href=\"https:\/\/www.accidentdutravail-idf.net\/blog\/arnaud-mias-sociologue-notre-systeme-de-sante-au-travail-premier-pilier-de-letat-social-est-en-crise\/\" class=\"more-link\">Continuer la lecture <span class=\"screen-reader-text\"> \u00ab\u00a0Arnaud Mias, sociologue : \u00ab Notre syst\u00e8me de sant\u00e9 au travail, premier pilier de l\u2019Etat social, est en crise\u00a0\u00bb<\/span><\/a><\/p>\n","protected":false},"author":2,"featured_media":0,"comment_status":"closed","ping_status":"closed","sticky":false,"template":"","format":"standard","meta":{"footnotes":""},"categories":[5],"tags":[],"class_list":["post-545","post","type-post","status-publish","format-standard","hentry","category-securite-du-travail-en-ile-de-france-et-divers","entry"],"yoast_head":"<!-- This site is optimized with the Yoast SEO plugin v27.5 - https:\/\/yoast.com\/product\/yoast-seo-wordpress\/ -->\n<title>Arnaud Mias, sociologue : \u00ab Notre syst\u00e8me de sant\u00e9 au travail, premier pilier de l\u2019Etat social, est en crise - ACCIDENTDUTRAVAIL-IDF<\/title>\n<meta name=\"description\" content=\"Arnaud Mias, sociologue : \u00ab Notre syst\u00e8me de sant\u00e9 au travail, premier pilier de l\u2019Etat social, est en crise article de ACCIDENTDUTRAVAIL-IDF\" \/>\n<meta name=\"robots\" content=\"index, follow, max-snippet:-1, max-image-preview:large, max-video-preview:-1\" \/>\n<link rel=\"canonical\" href=\"https:\/\/www.accidentdutravail-idf.net\/blog\/arnaud-mias-sociologue-notre-systeme-de-sante-au-travail-premier-pilier-de-letat-social-est-en-crise\/\" \/>\n<meta property=\"og:locale\" content=\"fr_FR\" \/>\n<meta property=\"og:type\" content=\"article\" \/>\n<meta property=\"og:title\" content=\"Arnaud Mias, sociologue : \u00ab Notre syst\u00e8me de sant\u00e9 au travail, premier pilier de l\u2019Etat social, est en crise - ACCIDENTDUTRAVAIL-IDF\" \/>\n<meta property=\"og:description\" content=\"Arnaud Mias, sociologue : \u00ab Notre syst\u00e8me de sant\u00e9 au travail, premier pilier de l\u2019Etat social, est en crise article de ACCIDENTDUTRAVAIL-IDF\" \/>\n<meta property=\"og:url\" content=\"https:\/\/www.accidentdutravail-idf.net\/blog\/arnaud-mias-sociologue-notre-systeme-de-sante-au-travail-premier-pilier-de-letat-social-est-en-crise\/\" \/>\n<meta property=\"og:site_name\" content=\"ACCIDENTDUTRAVAIL-IDF\" \/>\n<meta property=\"article:published_time\" content=\"2024-07-10T07:30:00+00:00\" \/>\n<meta property=\"og:image\" content=\"https:\/\/www.accidentdutravail-idf.net\/blog\/wp-content\/uploads\/2024\/07\/arnaud-mias-sociologue-notre-systeme-de-sante-au-travail-premier-pilier-de-letat-social-est-en-crise.jpg\" \/>\n<meta name=\"author\" content=\"Carlos Poulain\" \/>\n<meta name=\"twitter:card\" content=\"summary_large_image\" \/>\n<meta name=\"twitter:label1\" content=\"\u00c9crit par\" \/>\n\t<meta name=\"twitter:data1\" content=\"Carlos Poulain\" \/>\n\t<meta name=\"twitter:label2\" content=\"Dur\u00e9e de lecture estim\u00e9e\" \/>\n\t<meta name=\"twitter:data2\" content=\"3 minutes\" \/>\n<script type=\"application\/ld+json\" class=\"yoast-schema-graph\">{\"@context\":\"https:\\\/\\\/schema.org\",\"@graph\":[{\"@type\":\"Article\",\"@id\":\"https:\\\/\\\/www.accidentdutravail-idf.net\\\/blog\\\/arnaud-mias-sociologue-notre-systeme-de-sante-au-travail-premier-pilier-de-letat-social-est-en-crise\\\/#article\",\"isPartOf\":{\"@id\":\"https:\\\/\\\/www.accidentdutravail-idf.net\\\/blog\\\/arnaud-mias-sociologue-notre-systeme-de-sante-au-travail-premier-pilier-de-letat-social-est-en-crise\\\/\"},\"author\":{\"name\":\"Carlos Poulain\",\"@id\":\"https:\\\/\\\/www.accidentdutravail-idf.net\\\/blog\\\/#\\\/schema\\\/person\\\/3255d2f970de45e64bd9201f38e7b947\"},\"headline\":\"Arnaud Mias, sociologue : \u00ab Notre syst\u00e8me de sant\u00e9 au travail, premier pilier de l\u2019Etat social, est en crise\",\"datePublished\":\"2024-07-10T07:30:00+00:00\",\"mainEntityOfPage\":{\"@id\":\"https:\\\/\\\/www.accidentdutravail-idf.net\\\/blog\\\/arnaud-mias-sociologue-notre-systeme-de-sante-au-travail-premier-pilier-de-letat-social-est-en-crise\\\/\"},\"wordCount\":683,\"publisher\":{\"@id\":\"https:\\\/\\\/www.accidentdutravail-idf.net\\\/blog\\\/#organization\"},\"image\":{\"@id\":\"https:\\\/\\\/www.accidentdutravail-idf.net\\\/blog\\\/arnaud-mias-sociologue-notre-systeme-de-sante-au-travail-premier-pilier-de-letat-social-est-en-crise\\\/#primaryimage\"},\"thumbnailUrl\":\"https:\\\/\\\/www.accidentdutravail-idf.net\\\/blog\\\/wp-content\\\/uploads\\\/2024\\\/07\\\/arnaud-mias-sociologue-notre-systeme-de-sante-au-travail-premier-pilier-de-letat-social-est-en-crise.jpg\",\"articleSection\":[\"S\u00e9curit\u00e9 Du Travail En Ile-De-France Et Divers:\"],\"inLanguage\":\"fr-FR\"},{\"@type\":\"WebPage\",\"@id\":\"https:\\\/\\\/www.accidentdutravail-idf.net\\\/blog\\\/arnaud-mias-sociologue-notre-systeme-de-sante-au-travail-premier-pilier-de-letat-social-est-en-crise\\\/\",\"url\":\"https:\\\/\\\/www.accidentdutravail-idf.net\\\/blog\\\/arnaud-mias-sociologue-notre-systeme-de-sante-au-travail-premier-pilier-de-letat-social-est-en-crise\\\/\",\"name\":\"Arnaud Mias, sociologue : \u00ab Notre syst\u00e8me de sant\u00e9 au travail, premier pilier de l\u2019Etat social, est en crise - ACCIDENTDUTRAVAIL-IDF\",\"isPartOf\":{\"@id\":\"https:\\\/\\\/www.accidentdutravail-idf.net\\\/blog\\\/#website\"},\"primaryImageOfPage\":{\"@id\":\"https:\\\/\\\/www.accidentdutravail-idf.net\\\/blog\\\/arnaud-mias-sociologue-notre-systeme-de-sante-au-travail-premier-pilier-de-letat-social-est-en-crise\\\/#primaryimage\"},\"image\":{\"@id\":\"https:\\\/\\\/www.accidentdutravail-idf.net\\\/blog\\\/arnaud-mias-sociologue-notre-systeme-de-sante-au-travail-premier-pilier-de-letat-social-est-en-crise\\\/#primaryimage\"},\"thumbnailUrl\":\"https:\\\/\\\/www.accidentdutravail-idf.net\\\/blog\\\/wp-content\\\/uploads\\\/2024\\\/07\\\/arnaud-mias-sociologue-notre-systeme-de-sante-au-travail-premier-pilier-de-letat-social-est-en-crise.jpg\",\"datePublished\":\"2024-07-10T07:30:00+00:00\",\"description\":\"Arnaud Mias, sociologue : \u00ab Notre syst\u00e8me de sant\u00e9 au travail, premier pilier de l\u2019Etat social, est en crise article de ACCIDENTDUTRAVAIL-IDF\",\"breadcrumb\":{\"@id\":\"https:\\\/\\\/www.accidentdutravail-idf.net\\\/blog\\\/arnaud-mias-sociologue-notre-systeme-de-sante-au-travail-premier-pilier-de-letat-social-est-en-crise\\\/#breadcrumb\"},\"inLanguage\":\"fr-FR\",\"potentialAction\":[{\"@type\":\"ReadAction\",\"target\":[\"https:\\\/\\\/www.accidentdutravail-idf.net\\\/blog\\\/arnaud-mias-sociologue-notre-systeme-de-sante-au-travail-premier-pilier-de-letat-social-est-en-crise\\\/\"]}]},{\"@type\":\"ImageObject\",\"inLanguage\":\"fr-FR\",\"@id\":\"https:\\\/\\\/www.accidentdutravail-idf.net\\\/blog\\\/arnaud-mias-sociologue-notre-systeme-de-sante-au-travail-premier-pilier-de-letat-social-est-en-crise\\\/#primaryimage\",\"url\":\"https:\\\/\\\/www.accidentdutravail-idf.net\\\/blog\\\/wp-content\\\/uploads\\\/2024\\\/07\\\/arnaud-mias-sociologue-notre-systeme-de-sante-au-travail-premier-pilier-de-letat-social-est-en-crise.jpg\",\"contentUrl\":\"https:\\\/\\\/www.accidentdutravail-idf.net\\\/blog\\\/wp-content\\\/uploads\\\/2024\\\/07\\\/arnaud-mias-sociologue-notre-systeme-de-sante-au-travail-premier-pilier-de-letat-social-est-en-crise.jpg\"},{\"@type\":\"BreadcrumbList\",\"@id\":\"https:\\\/\\\/www.accidentdutravail-idf.net\\\/blog\\\/arnaud-mias-sociologue-notre-systeme-de-sante-au-travail-premier-pilier-de-letat-social-est-en-crise\\\/#breadcrumb\",\"itemListElement\":[{\"@type\":\"ListItem\",\"position\":1,\"name\":\"Accueil\",\"item\":\"https:\\\/\\\/www.accidentdutravail-idf.net\\\/blog\\\/\"},{\"@type\":\"ListItem\",\"position\":2,\"name\":\"Arnaud Mias, sociologue : \u00ab Notre syst\u00e8me de sant\u00e9 au travail, premier pilier de l\u2019Etat social, est en crise\"}]},{\"@type\":\"WebSite\",\"@id\":\"https:\\\/\\\/www.accidentdutravail-idf.net\\\/blog\\\/#website\",\"url\":\"https:\\\/\\\/www.accidentdutravail-idf.net\\\/blog\\\/\",\"name\":\"ACCIDENTDUTRAVAIL-IDF\",\"description\":\"Portail accidents du travail-maladies professionnelles des entreprises d&#039;Ile-de-France\",\"publisher\":{\"@id\":\"https:\\\/\\\/www.accidentdutravail-idf.net\\\/blog\\\/#organization\"},\"potentialAction\":[{\"@type\":\"SearchAction\",\"target\":{\"@type\":\"EntryPoint\",\"urlTemplate\":\"https:\\\/\\\/www.accidentdutravail-idf.net\\\/blog\\\/?s={search_term_string}\"},\"query-input\":{\"@type\":\"PropertyValueSpecification\",\"valueRequired\":true,\"valueName\":\"search_term_string\"}}],\"inLanguage\":\"fr-FR\"},{\"@type\":\"Organization\",\"@id\":\"https:\\\/\\\/www.accidentdutravail-idf.net\\\/blog\\\/#organization\",\"name\":\"accidentdutravail-idf\",\"url\":\"https:\\\/\\\/www.accidentdutravail-idf.net\\\/blog\\\/\",\"logo\":{\"@type\":\"ImageObject\",\"inLanguage\":\"fr-FR\",\"@id\":\"https:\\\/\\\/www.accidentdutravail-idf.net\\\/blog\\\/#\\\/schema\\\/logo\\\/image\\\/\",\"url\":\"https:\\\/\\\/www.accidentdutravail-idf.net\\\/blog\\\/wp-content\\\/uploads\\\/2022\\\/09\\\/logo-2.png\",\"contentUrl\":\"https:\\\/\\\/www.accidentdutravail-idf.net\\\/blog\\\/wp-content\\\/uploads\\\/2022\\\/09\\\/logo-2.png\",\"width\":380,\"height\":291,\"caption\":\"accidentdutravail-idf\"},\"image\":{\"@id\":\"https:\\\/\\\/www.accidentdutravail-idf.net\\\/blog\\\/#\\\/schema\\\/logo\\\/image\\\/\"}},{\"@type\":\"Person\",\"@id\":\"https:\\\/\\\/www.accidentdutravail-idf.net\\\/blog\\\/#\\\/schema\\\/person\\\/3255d2f970de45e64bd9201f38e7b947\",\"name\":\"Carlos Poulain\",\"image\":{\"@type\":\"ImageObject\",\"inLanguage\":\"fr-FR\",\"@id\":\"https:\\\/\\\/secure.gravatar.com\\\/avatar\\\/b1c2f9d3588e34e91adb093635df64ef4b2381991216be7576466cfcdca4baf3?s=96&d=mm&r=g\",\"url\":\"https:\\\/\\\/secure.gravatar.com\\\/avatar\\\/b1c2f9d3588e34e91adb093635df64ef4b2381991216be7576466cfcdca4baf3?s=96&d=mm&r=g\",\"contentUrl\":\"https:\\\/\\\/secure.gravatar.com\\\/avatar\\\/b1c2f9d3588e34e91adb093635df64ef4b2381991216be7576466cfcdca4baf3?s=96&d=mm&r=g\",\"caption\":\"Carlos Poulain\"},\"url\":\"https:\\\/\\\/www.accidentdutravail-idf.net\\\/blog\\\/author\\\/idfcarlos\\\/\"}]}<\/script>\n<!-- \/ Yoast SEO plugin. -->","yoast_head_json":{"title":"Arnaud Mias, sociologue : \u00ab Notre syst\u00e8me de sant\u00e9 au travail, premier pilier de l\u2019Etat social, est en crise - ACCIDENTDUTRAVAIL-IDF","description":"Arnaud Mias, sociologue : \u00ab Notre syst\u00e8me de sant\u00e9 au travail, premier pilier de l\u2019Etat social, est en crise article de ACCIDENTDUTRAVAIL-IDF","robots":{"index":"index","follow":"follow","max-snippet":"max-snippet:-1","max-image-preview":"max-image-preview:large","max-video-preview":"max-video-preview:-1"},"canonical":"https:\/\/www.accidentdutravail-idf.net\/blog\/arnaud-mias-sociologue-notre-systeme-de-sante-au-travail-premier-pilier-de-letat-social-est-en-crise\/","og_locale":"fr_FR","og_type":"article","og_title":"Arnaud Mias, sociologue : \u00ab Notre syst\u00e8me de sant\u00e9 au travail, premier pilier de l\u2019Etat social, est en crise - ACCIDENTDUTRAVAIL-IDF","og_description":"Arnaud Mias, sociologue : \u00ab Notre syst\u00e8me de sant\u00e9 au travail, premier pilier de l\u2019Etat social, est en crise article de ACCIDENTDUTRAVAIL-IDF","og_url":"https:\/\/www.accidentdutravail-idf.net\/blog\/arnaud-mias-sociologue-notre-systeme-de-sante-au-travail-premier-pilier-de-letat-social-est-en-crise\/","og_site_name":"ACCIDENTDUTRAVAIL-IDF","article_published_time":"2024-07-10T07:30:00+00:00","og_image":[{"url":"https:\/\/www.accidentdutravail-idf.net\/blog\/wp-content\/uploads\/2024\/07\/arnaud-mias-sociologue-notre-systeme-de-sante-au-travail-premier-pilier-de-letat-social-est-en-crise.jpg","type":"","width":"","height":""}],"author":"Carlos Poulain","twitter_card":"summary_large_image","twitter_misc":{"\u00c9crit par":"Carlos Poulain","Dur\u00e9e de lecture estim\u00e9e":"3 minutes"},"schema":{"@context":"https:\/\/schema.org","@graph":[{"@type":"Article","@id":"https:\/\/www.accidentdutravail-idf.net\/blog\/arnaud-mias-sociologue-notre-systeme-de-sante-au-travail-premier-pilier-de-letat-social-est-en-crise\/#article","isPartOf":{"@id":"https:\/\/www.accidentdutravail-idf.net\/blog\/arnaud-mias-sociologue-notre-systeme-de-sante-au-travail-premier-pilier-de-letat-social-est-en-crise\/"},"author":{"name":"Carlos Poulain","@id":"https:\/\/www.accidentdutravail-idf.net\/blog\/#\/schema\/person\/3255d2f970de45e64bd9201f38e7b947"},"headline":"Arnaud Mias, sociologue : \u00ab Notre syst\u00e8me de sant\u00e9 au travail, premier pilier de l\u2019Etat social, est en crise","datePublished":"2024-07-10T07:30:00+00:00","mainEntityOfPage":{"@id":"https:\/\/www.accidentdutravail-idf.net\/blog\/arnaud-mias-sociologue-notre-systeme-de-sante-au-travail-premier-pilier-de-letat-social-est-en-crise\/"},"wordCount":683,"publisher":{"@id":"https:\/\/www.accidentdutravail-idf.net\/blog\/#organization"},"image":{"@id":"https:\/\/www.accidentdutravail-idf.net\/blog\/arnaud-mias-sociologue-notre-systeme-de-sante-au-travail-premier-pilier-de-letat-social-est-en-crise\/#primaryimage"},"thumbnailUrl":"https:\/\/www.accidentdutravail-idf.net\/blog\/wp-content\/uploads\/2024\/07\/arnaud-mias-sociologue-notre-systeme-de-sante-au-travail-premier-pilier-de-letat-social-est-en-crise.jpg","articleSection":["S\u00e9curit\u00e9 Du Travail En Ile-De-France Et Divers:"],"inLanguage":"fr-FR"},{"@type":"WebPage","@id":"https:\/\/www.accidentdutravail-idf.net\/blog\/arnaud-mias-sociologue-notre-systeme-de-sante-au-travail-premier-pilier-de-letat-social-est-en-crise\/","url":"https:\/\/www.accidentdutravail-idf.net\/blog\/arnaud-mias-sociologue-notre-systeme-de-sante-au-travail-premier-pilier-de-letat-social-est-en-crise\/","name":"Arnaud Mias, sociologue : \u00ab Notre syst\u00e8me de sant\u00e9 au travail, premier pilier de l\u2019Etat social, est en crise - ACCIDENTDUTRAVAIL-IDF","isPartOf":{"@id":"https:\/\/www.accidentdutravail-idf.net\/blog\/#website"},"primaryImageOfPage":{"@id":"https:\/\/www.accidentdutravail-idf.net\/blog\/arnaud-mias-sociologue-notre-systeme-de-sante-au-travail-premier-pilier-de-letat-social-est-en-crise\/#primaryimage"},"image":{"@id":"https:\/\/www.accidentdutravail-idf.net\/blog\/arnaud-mias-sociologue-notre-systeme-de-sante-au-travail-premier-pilier-de-letat-social-est-en-crise\/#primaryimage"},"thumbnailUrl":"https:\/\/www.accidentdutravail-idf.net\/blog\/wp-content\/uploads\/2024\/07\/arnaud-mias-sociologue-notre-systeme-de-sante-au-travail-premier-pilier-de-letat-social-est-en-crise.jpg","datePublished":"2024-07-10T07:30:00+00:00","description":"Arnaud Mias, sociologue : \u00ab Notre syst\u00e8me de sant\u00e9 au travail, premier pilier de l\u2019Etat social, est en crise article de ACCIDENTDUTRAVAIL-IDF","breadcrumb":{"@id":"https:\/\/www.accidentdutravail-idf.net\/blog\/arnaud-mias-sociologue-notre-systeme-de-sante-au-travail-premier-pilier-de-letat-social-est-en-crise\/#breadcrumb"},"inLanguage":"fr-FR","potentialAction":[{"@type":"ReadAction","target":["https:\/\/www.accidentdutravail-idf.net\/blog\/arnaud-mias-sociologue-notre-systeme-de-sante-au-travail-premier-pilier-de-letat-social-est-en-crise\/"]}]},{"@type":"ImageObject","inLanguage":"fr-FR","@id":"https:\/\/www.accidentdutravail-idf.net\/blog\/arnaud-mias-sociologue-notre-systeme-de-sante-au-travail-premier-pilier-de-letat-social-est-en-crise\/#primaryimage","url":"https:\/\/www.accidentdutravail-idf.net\/blog\/wp-content\/uploads\/2024\/07\/arnaud-mias-sociologue-notre-systeme-de-sante-au-travail-premier-pilier-de-letat-social-est-en-crise.jpg","contentUrl":"https:\/\/www.accidentdutravail-idf.net\/blog\/wp-content\/uploads\/2024\/07\/arnaud-mias-sociologue-notre-systeme-de-sante-au-travail-premier-pilier-de-letat-social-est-en-crise.jpg"},{"@type":"BreadcrumbList","@id":"https:\/\/www.accidentdutravail-idf.net\/blog\/arnaud-mias-sociologue-notre-systeme-de-sante-au-travail-premier-pilier-de-letat-social-est-en-crise\/#breadcrumb","itemListElement":[{"@type":"ListItem","position":1,"name":"Accueil","item":"https:\/\/www.accidentdutravail-idf.net\/blog\/"},{"@type":"ListItem","position":2,"name":"Arnaud Mias, sociologue : \u00ab Notre syst\u00e8me de sant\u00e9 au travail, premier pilier de l\u2019Etat social, est en crise"}]},{"@type":"WebSite","@id":"https:\/\/www.accidentdutravail-idf.net\/blog\/#website","url":"https:\/\/www.accidentdutravail-idf.net\/blog\/","name":"ACCIDENTDUTRAVAIL-IDF","description":"Portail accidents du travail-maladies professionnelles des entreprises d&#039;Ile-de-France","publisher":{"@id":"https:\/\/www.accidentdutravail-idf.net\/blog\/#organization"},"potentialAction":[{"@type":"SearchAction","target":{"@type":"EntryPoint","urlTemplate":"https:\/\/www.accidentdutravail-idf.net\/blog\/?s={search_term_string}"},"query-input":{"@type":"PropertyValueSpecification","valueRequired":true,"valueName":"search_term_string"}}],"inLanguage":"fr-FR"},{"@type":"Organization","@id":"https:\/\/www.accidentdutravail-idf.net\/blog\/#organization","name":"accidentdutravail-idf","url":"https:\/\/www.accidentdutravail-idf.net\/blog\/","logo":{"@type":"ImageObject","inLanguage":"fr-FR","@id":"https:\/\/www.accidentdutravail-idf.net\/blog\/#\/schema\/logo\/image\/","url":"https:\/\/www.accidentdutravail-idf.net\/blog\/wp-content\/uploads\/2022\/09\/logo-2.png","contentUrl":"https:\/\/www.accidentdutravail-idf.net\/blog\/wp-content\/uploads\/2022\/09\/logo-2.png","width":380,"height":291,"caption":"accidentdutravail-idf"},"image":{"@id":"https:\/\/www.accidentdutravail-idf.net\/blog\/#\/schema\/logo\/image\/"}},{"@type":"Person","@id":"https:\/\/www.accidentdutravail-idf.net\/blog\/#\/schema\/person\/3255d2f970de45e64bd9201f38e7b947","name":"Carlos Poulain","image":{"@type":"ImageObject","inLanguage":"fr-FR","@id":"https:\/\/secure.gravatar.com\/avatar\/b1c2f9d3588e34e91adb093635df64ef4b2381991216be7576466cfcdca4baf3?s=96&d=mm&r=g","url":"https:\/\/secure.gravatar.com\/avatar\/b1c2f9d3588e34e91adb093635df64ef4b2381991216be7576466cfcdca4baf3?s=96&d=mm&r=g","contentUrl":"https:\/\/secure.gravatar.com\/avatar\/b1c2f9d3588e34e91adb093635df64ef4b2381991216be7576466cfcdca4baf3?s=96&d=mm&r=g","caption":"Carlos Poulain"},"url":"https:\/\/www.accidentdutravail-idf.net\/blog\/author\/idfcarlos\/"}]}},"_links":{"self":[{"href":"https:\/\/www.accidentdutravail-idf.net\/blog\/wp-json\/wp\/v2\/posts\/545","targetHints":{"allow":["GET"]}}],"collection":[{"href":"https:\/\/www.accidentdutravail-idf.net\/blog\/wp-json\/wp\/v2\/posts"}],"about":[{"href":"https:\/\/www.accidentdutravail-idf.net\/blog\/wp-json\/wp\/v2\/types\/post"}],"author":[{"embeddable":true,"href":"https:\/\/www.accidentdutravail-idf.net\/blog\/wp-json\/wp\/v2\/users\/2"}],"replies":[{"embeddable":true,"href":"https:\/\/www.accidentdutravail-idf.net\/blog\/wp-json\/wp\/v2\/comments?post=545"}],"version-history":[{"count":0,"href":"https:\/\/www.accidentdutravail-idf.net\/blog\/wp-json\/wp\/v2\/posts\/545\/revisions"}],"wp:attachment":[{"href":"https:\/\/www.accidentdutravail-idf.net\/blog\/wp-json\/wp\/v2\/media?parent=545"}],"wp:term":[{"taxonomy":"category","embeddable":true,"href":"https:\/\/www.accidentdutravail-idf.net\/blog\/wp-json\/wp\/v2\/categories?post=545"},{"taxonomy":"post_tag","embeddable":true,"href":"https:\/\/www.accidentdutravail-idf.net\/blog\/wp-json\/wp\/v2\/tags?post=545"}],"curies":[{"name":"wp","href":"https:\/\/api.w.org\/{rel}","templated":true}]}}