{"id":544,"date":"2024-07-09T15:54:00","date_gmt":"2024-07-09T13:54:00","guid":{"rendered":"https:\/\/www.accidentdutravail-idf.net\/blog\/canicule-le-droit-du-travail-sadapte-aux-episodes-de-chaleur\/"},"modified":"2024-07-09T15:54:00","modified_gmt":"2024-07-09T13:54:00","slug":"canicule-le-droit-du-travail-sadapte-aux-episodes-de-chaleur","status":"publish","type":"post","link":"https:\/\/www.accidentdutravail-idf.net\/blog\/canicule-le-droit-du-travail-sadapte-aux-episodes-de-chaleur\/","title":{"rendered":"Canicule : le droit du travail s&rsquo;adapte aux \u00e9pisodes de chaleur"},"content":{"rendered":"<div class=\"content-cover-wrapper content-cover-wrapper--video\">\n<div class=\"c-time\">\n<p> <span class=\"publication-date__published\"> Publi\u00e9 le 09\/07\/2024 22:54 <\/span> <span class=\"publication-date__metadatas-separator\"><\/span> <span class=\"publication-date__modified\"> Mis \u00e0 jour le 09\/07\/2024 23:39 <\/span> <\/p>\n<p> <span class=\"reading-time\">  Dur\u00e9e de la vid\u00e9o : 2 min <\/span> <\/div>\n<div class=\"c-cover\">\n<figure data-cy=\"francetv-player-wrapper\" id=\"1cbfb018-3e2c-11ef-a551-1d9b04d96e88\" class=\"francetv-player-wrapper \" data-parameters=\"[]\">    <img decoding=\"async\" class=\"francetv-player-wrapper__image\" alt=\"Canicule : le droit du travail s'adapte aux \u00e9pisodes de chaleur\" width=\"432\" height=\"243\" src=\"https:\/\/www.accidentdutravail-idf.net\/blog\/wp-content\/uploads\/2024\/07\/canicule-le-droit-du-travail-sadapte-aux-episodes-de-chaleur.jpg\"><figcaption> Canicule : le droit du travail s&rsquo;adapte aux \u00e9pisodes de chaleur <span class=\"text-only-for-screen-reader\">Canicule : le droit du travail s&rsquo;adapte aux \u00e9pisodes de chaleur<\/span> <span>(France 2)<\/span> <\/figcaption><\/figure>\n<\/p><\/div>\n<\/p><\/div>\n<p> Pour les ouvriers du BTP, la canicule est devenue un motif de ch\u00f4mage technique. Pour les autres professions, l&#8217;employeur doit respecter des obligations.\n<\/p>\n<div class=\"c-body\">\n<p>Malgr\u00e9 une trentaine de degr\u00e9s \u00e0 l&rsquo;ombre, les ouvriers d&rsquo;un chantier \u00e0 Toulouse (Haute-Garonne) travaillent en plein soleil, mardi 9 juillet. Les entreprises du b\u00e2timent s&rsquo;habituent \u00e0 <a href=\"https:\/\/www.francetvinfo.fr\/replay-radio\/le-decryptage-eco\/info-franceinfo-le-gouvernement-veut-adapter-le-code-du-travail-au-rechauffement-climatique_6515867.html\" target=\"_blank\" rel=\"nofollow\">faire face \u00e0 la chaleur<\/a>, car le probl\u00e8me est de plus en plus fr\u00e9quent. Dans le secteur, la canicule est un motif de ch\u00f4mage technique pour les ouvriers, comme l&rsquo;\u00e9taient la neige, le gel et le vent.<\/p>\n<p>Apr\u00e8s avoir constat\u00e9 que la chaleur est trop importante sur le chantier, <em>\u00ab\u00a0on renvoie les ouvriers \u00e0 la maison et ils seront quand m\u00eame pay\u00e9s comme s&rsquo;ils avaient travaill\u00e9\u00a0\u00bb<\/em>, explique Hugo Pastorello, conducteur de travaux \u00ab\u00a0Thomas et Danizan\u00a0\u00bb. Les employ\u00e9s ne seront indemnis\u00e9s qu&rsquo;\u00e0 partir du deuxi\u00e8me jour. L&rsquo;avanc\u00e9e est majeure pour les travailleurs du BTP. Pour les autres professions, aucune temp\u00e9rature maximale n&rsquo;est indiqu\u00e9e dans le Code du travail. L&#8217;employeur a pour obligation de renouveler l&rsquo;air dans les locaux ferm\u00e9s ou de distribuer de l&rsquo;eau. Une entreprise adopte des horaires d\u00e9cal\u00e9s en cas de fortes chaleurs.<\/p>\n<p><span>Le r\u00e9sum\u00e9 et l&rsquo;\u00e9tude&nbsp;<\/span><a href=\"http:\/\/www.rexecode.fr\/public\/Analyses-et-previsions\/Veille-documentaire\/Document-de-la-semaine\/Risque-climatique-une-estimation-de-l-impact-de-la-canicule-de-l-ete-2023-sur-le-PIB-mondial-Allianz-Trade#:~:text=Selon%20la%20litt%C3%A9rature%2C%20la%20productivit%C3%A9,qualit%C3%A9%20des%20b%C3%A2timents%2C%20climatisation\" target=\"_blank\" rel=\"noopener nofollow\" data-auth=\"NotApplicable\" data-linkindex=\"0\" data-ogsc>\u00ab\u00a0Risque climatique: une estimation de l&rsquo;impact de la canicule de l&rsquo;\u00e9t\u00e9 2023 sur le PIB mondial\u00a0\u00bb<\/a><\/p>\n<p><em>Liste non exhaustive<\/em>.<\/p>\n<\/div>\n<section class=\"social-zone\">\n<div class=\"social-zone__wrapper\">\n<p class=\"social-zone__sentence\">Partager&nbsp;: <span class=\"sr-only\">l&rsquo;article sur les r\u00e9seaux sociaux<\/span><\/p>\n<\/p><\/div>\n<\/section>\n<div class=\"content-banner-nl\">\n<section data-cy=\"banner-nl-18h30\" class=\"banner-nl\">\n<div class=\"banner-nl__wrapper\">\n<div class=\"banner-nl__illustration\">  <img decoding=\"async\" src=\"https:\/\/www.francetvinfo.fr\/assets\/components\/newsletters\/banner-nl\/illustrations\/illustration-18h30-5c6e2028.svg\" class=\"banner-nl__illustration\" width=\"92\" alt>  <img decoding=\"async\" class=\"banner-nl__illustration lazyload\" width=\"92\" alt src=\"https:\/\/www.francetvinfo.fr\/assets\/components\/newsletters\/banner-nl\/illustrations\/illustration-18h30-5c6e2028.svg\"> <\/div>\n<div class=\"banner-nl__internal-wrapper\">\n<div class=\"banner-nl__heading\">\n<div class=\"banner-nl__heading-wrapper\">\n<p class=\"banner-nl__title\">L\u2019actu \u00e0 18h30<\/p>\n<p class=\"banner-nl__subtitle\" role=\"heading\">Tous les soirs, recevez l\u2019essentiel de l\u2019actualit\u00e9<\/p>\n<\/p><\/div>\n<\/p><\/div>\n<\/p><\/div>\n<\/p><\/div>\n<div class=\"banner-nl__legal-text\"> France T\u00e9l\u00e9visions collecte votre adresse e-mail pour vous adresser la newsletter \u00ab\u00a0L\u2019actu \u00e0 18h30\u00a0\u00bb. \u00c0 tout moment, vous pouvez vous d\u00e9sinscrire via le lien en bas de ces newsletters. Pour en savoir plus, consultez notre <a href=\"https:\/\/www.francetelevisions.fr\/groupe\/confidentialite\" rel=\"noopener nofollow\" target=\"_blank\" title=\"Consultez notre politique de confidentialit\u00e9 (nouvelle fen\u00eatre)\">politique de confidentialit\u00e9<\/a>. <\/div>\n<\/section><\/div>\n<p> &lt;!&#8211; \/esi-block\/contents::content\/same-topic\/{&quot;contentId&quot;:6656493}.html &#8211;&gt; <\/p>\n<section class=\"related-tags \">\n<p class=\"related-tags__title\" role=\"heading\"><!--no space -->les mots-cl\u00e9s associ\u00e9s \u00e0 cet article <\/p>\n<\/section>\n<p> accidentdutravail-idf.net vous a pr\u00e9par\u00e9 ce post qui informe du sujet \u00ab\u00a0Association Sportive Huisson-Longueville Essonne\u00a0\u00bb. La chronique se veut g\u00e9n\u00e9r\u00e9e du mieux possible. Vous pouvez utiliser les coordonn\u00e9es indiqu\u00e9es sur le site dans le but d\u2019apporter des explications sur ce post qui parle du th\u00e8me \u00ab\u00a0Association Sportive Huisson-Longueville Essonne\u00a0\u00bb. Le site accidentdutravail-idf.net a pour but de fournir diverses publications sur la th\u00e9matique Association Sportive Huisson-Longueville Essonne diffus\u00e9es sur le net. Il y aura plusieurs articles autour du sujet \u00ab\u00a0Association Sportive Huisson-Longueville Essonne\u00a0\u00bb dans quelques jours, nous vous invitons \u00e0 naviguer sur notre site web \u00e0 plusieurs reprises.<\/p>\n","protected":false},"excerpt":{"rendered":"<p>Publi\u00e9 le 09\/07\/2024 22:54 Mis \u00e0 jour le 09\/07\/2024 23:39 Dur\u00e9e de la vid\u00e9o : 2 min Canicule : le droit du travail s&rsquo;adapte aux \u00e9pisodes de chaleur Canicule : le droit du travail s&rsquo;adapte aux \u00e9pisodes de chaleur (France 2) Pour les ouvriers du BTP, la canicule est devenue un motif de ch\u00f4mage technique. &hellip; <\/p>\n<p class=\"link-more\"><a href=\"https:\/\/www.accidentdutravail-idf.net\/blog\/canicule-le-droit-du-travail-sadapte-aux-episodes-de-chaleur\/\" class=\"more-link\">Continuer la lecture <span class=\"screen-reader-text\"> \u00ab\u00a0Canicule : le droit du travail s&rsquo;adapte aux \u00e9pisodes de chaleur\u00a0\u00bb<\/span><\/a><\/p>\n","protected":false},"author":2,"featured_media":0,"comment_status":"closed","ping_status":"closed","sticky":false,"template":"","format":"standard","meta":{"footnotes":""},"categories":[5],"tags":[],"class_list":["post-544","post","type-post","status-publish","format-standard","hentry","category-securite-du-travail-en-ile-de-france-et-divers","entry"],"yoast_head":"<!-- This site is optimized with the Yoast SEO plugin v27.5 - https:\/\/yoast.com\/product\/yoast-seo-wordpress\/ -->\n<title>Canicule : le droit du travail s&#039;adapte aux \u00e9pisodes de chaleur - ACCIDENTDUTRAVAIL-IDF<\/title>\n<meta name=\"description\" content=\"Canicule : le droit du travail s&#039;adapte aux \u00e9pisodes de chaleur article de ACCIDENTDUTRAVAIL-IDF\" \/>\n<meta name=\"robots\" content=\"index, follow, max-snippet:-1, max-image-preview:large, max-video-preview:-1\" \/>\n<link rel=\"canonical\" href=\"https:\/\/www.accidentdutravail-idf.net\/blog\/canicule-le-droit-du-travail-sadapte-aux-episodes-de-chaleur\/\" \/>\n<meta property=\"og:locale\" content=\"fr_FR\" \/>\n<meta property=\"og:type\" content=\"article\" \/>\n<meta property=\"og:title\" content=\"Canicule : le droit du travail s&#039;adapte aux \u00e9pisodes de chaleur - ACCIDENTDUTRAVAIL-IDF\" \/>\n<meta property=\"og:description\" content=\"Canicule : le droit du travail s&#039;adapte aux \u00e9pisodes de chaleur article de ACCIDENTDUTRAVAIL-IDF\" \/>\n<meta property=\"og:url\" content=\"https:\/\/www.accidentdutravail-idf.net\/blog\/canicule-le-droit-du-travail-sadapte-aux-episodes-de-chaleur\/\" \/>\n<meta property=\"og:site_name\" content=\"ACCIDENTDUTRAVAIL-IDF\" \/>\n<meta property=\"article:published_time\" content=\"2024-07-09T13:54:00+00:00\" \/>\n<meta property=\"og:image\" content=\"https:\/\/www.accidentdutravail-idf.net\/blog\/wp-content\/uploads\/2024\/07\/canicule-le-droit-du-travail-sadapte-aux-episodes-de-chaleur.jpg\" \/>\n<meta name=\"author\" content=\"Carlos Poulain\" \/>\n<meta name=\"twitter:card\" content=\"summary_large_image\" \/>\n<meta name=\"twitter:label1\" content=\"\u00c9crit par\" \/>\n\t<meta name=\"twitter:data1\" content=\"Carlos Poulain\" \/>\n\t<meta name=\"twitter:label2\" content=\"Dur\u00e9e de lecture estim\u00e9e\" \/>\n\t<meta name=\"twitter:data2\" content=\"2 minutes\" \/>\n<script type=\"application\/ld+json\" class=\"yoast-schema-graph\">{\"@context\":\"https:\\\/\\\/schema.org\",\"@graph\":[{\"@type\":\"Article\",\"@id\":\"https:\\\/\\\/www.accidentdutravail-idf.net\\\/blog\\\/canicule-le-droit-du-travail-sadapte-aux-episodes-de-chaleur\\\/#article\",\"isPartOf\":{\"@id\":\"https:\\\/\\\/www.accidentdutravail-idf.net\\\/blog\\\/canicule-le-droit-du-travail-sadapte-aux-episodes-de-chaleur\\\/\"},\"author\":{\"name\":\"Carlos Poulain\",\"@id\":\"https:\\\/\\\/www.accidentdutravail-idf.net\\\/blog\\\/#\\\/schema\\\/person\\\/3255d2f970de45e64bd9201f38e7b947\"},\"headline\":\"Canicule : le droit du travail s&rsquo;adapte aux \u00e9pisodes de chaleur\",\"datePublished\":\"2024-07-09T13:54:00+00:00\",\"mainEntityOfPage\":{\"@id\":\"https:\\\/\\\/www.accidentdutravail-idf.net\\\/blog\\\/canicule-le-droit-du-travail-sadapte-aux-episodes-de-chaleur\\\/\"},\"wordCount\":451,\"publisher\":{\"@id\":\"https:\\\/\\\/www.accidentdutravail-idf.net\\\/blog\\\/#organization\"},\"image\":{\"@id\":\"https:\\\/\\\/www.accidentdutravail-idf.net\\\/blog\\\/canicule-le-droit-du-travail-sadapte-aux-episodes-de-chaleur\\\/#primaryimage\"},\"thumbnailUrl\":\"https:\\\/\\\/www.accidentdutravail-idf.net\\\/blog\\\/wp-content\\\/uploads\\\/2024\\\/07\\\/canicule-le-droit-du-travail-sadapte-aux-episodes-de-chaleur.jpg\",\"articleSection\":[\"S\u00e9curit\u00e9 Du Travail En Ile-De-France Et Divers:\"],\"inLanguage\":\"fr-FR\"},{\"@type\":\"WebPage\",\"@id\":\"https:\\\/\\\/www.accidentdutravail-idf.net\\\/blog\\\/canicule-le-droit-du-travail-sadapte-aux-episodes-de-chaleur\\\/\",\"url\":\"https:\\\/\\\/www.accidentdutravail-idf.net\\\/blog\\\/canicule-le-droit-du-travail-sadapte-aux-episodes-de-chaleur\\\/\",\"name\":\"Canicule : le droit du travail s'adapte aux \u00e9pisodes de chaleur - ACCIDENTDUTRAVAIL-IDF\",\"isPartOf\":{\"@id\":\"https:\\\/\\\/www.accidentdutravail-idf.net\\\/blog\\\/#website\"},\"primaryImageOfPage\":{\"@id\":\"https:\\\/\\\/www.accidentdutravail-idf.net\\\/blog\\\/canicule-le-droit-du-travail-sadapte-aux-episodes-de-chaleur\\\/#primaryimage\"},\"image\":{\"@id\":\"https:\\\/\\\/www.accidentdutravail-idf.net\\\/blog\\\/canicule-le-droit-du-travail-sadapte-aux-episodes-de-chaleur\\\/#primaryimage\"},\"thumbnailUrl\":\"https:\\\/\\\/www.accidentdutravail-idf.net\\\/blog\\\/wp-content\\\/uploads\\\/2024\\\/07\\\/canicule-le-droit-du-travail-sadapte-aux-episodes-de-chaleur.jpg\",\"datePublished\":\"2024-07-09T13:54:00+00:00\",\"description\":\"Canicule : le droit du travail s'adapte aux \u00e9pisodes de chaleur article de ACCIDENTDUTRAVAIL-IDF\",\"breadcrumb\":{\"@id\":\"https:\\\/\\\/www.accidentdutravail-idf.net\\\/blog\\\/canicule-le-droit-du-travail-sadapte-aux-episodes-de-chaleur\\\/#breadcrumb\"},\"inLanguage\":\"fr-FR\",\"potentialAction\":[{\"@type\":\"ReadAction\",\"target\":[\"https:\\\/\\\/www.accidentdutravail-idf.net\\\/blog\\\/canicule-le-droit-du-travail-sadapte-aux-episodes-de-chaleur\\\/\"]}]},{\"@type\":\"ImageObject\",\"inLanguage\":\"fr-FR\",\"@id\":\"https:\\\/\\\/www.accidentdutravail-idf.net\\\/blog\\\/canicule-le-droit-du-travail-sadapte-aux-episodes-de-chaleur\\\/#primaryimage\",\"url\":\"https:\\\/\\\/www.accidentdutravail-idf.net\\\/blog\\\/wp-content\\\/uploads\\\/2024\\\/07\\\/canicule-le-droit-du-travail-sadapte-aux-episodes-de-chaleur.jpg\",\"contentUrl\":\"https:\\\/\\\/www.accidentdutravail-idf.net\\\/blog\\\/wp-content\\\/uploads\\\/2024\\\/07\\\/canicule-le-droit-du-travail-sadapte-aux-episodes-de-chaleur.jpg\"},{\"@type\":\"BreadcrumbList\",\"@id\":\"https:\\\/\\\/www.accidentdutravail-idf.net\\\/blog\\\/canicule-le-droit-du-travail-sadapte-aux-episodes-de-chaleur\\\/#breadcrumb\",\"itemListElement\":[{\"@type\":\"ListItem\",\"position\":1,\"name\":\"Accueil\",\"item\":\"https:\\\/\\\/www.accidentdutravail-idf.net\\\/blog\\\/\"},{\"@type\":\"ListItem\",\"position\":2,\"name\":\"Canicule : le droit du travail s&rsquo;adapte aux \u00e9pisodes de chaleur\"}]},{\"@type\":\"WebSite\",\"@id\":\"https:\\\/\\\/www.accidentdutravail-idf.net\\\/blog\\\/#website\",\"url\":\"https:\\\/\\\/www.accidentdutravail-idf.net\\\/blog\\\/\",\"name\":\"ACCIDENTDUTRAVAIL-IDF\",\"description\":\"Portail accidents du travail-maladies professionnelles des entreprises d&#039;Ile-de-France\",\"publisher\":{\"@id\":\"https:\\\/\\\/www.accidentdutravail-idf.net\\\/blog\\\/#organization\"},\"potentialAction\":[{\"@type\":\"SearchAction\",\"target\":{\"@type\":\"EntryPoint\",\"urlTemplate\":\"https:\\\/\\\/www.accidentdutravail-idf.net\\\/blog\\\/?s={search_term_string}\"},\"query-input\":{\"@type\":\"PropertyValueSpecification\",\"valueRequired\":true,\"valueName\":\"search_term_string\"}}],\"inLanguage\":\"fr-FR\"},{\"@type\":\"Organization\",\"@id\":\"https:\\\/\\\/www.accidentdutravail-idf.net\\\/blog\\\/#organization\",\"name\":\"accidentdutravail-idf\",\"url\":\"https:\\\/\\\/www.accidentdutravail-idf.net\\\/blog\\\/\",\"logo\":{\"@type\":\"ImageObject\",\"inLanguage\":\"fr-FR\",\"@id\":\"https:\\\/\\\/www.accidentdutravail-idf.net\\\/blog\\\/#\\\/schema\\\/logo\\\/image\\\/\",\"url\":\"https:\\\/\\\/www.accidentdutravail-idf.net\\\/blog\\\/wp-content\\\/uploads\\\/2022\\\/09\\\/logo-2.png\",\"contentUrl\":\"https:\\\/\\\/www.accidentdutravail-idf.net\\\/blog\\\/wp-content\\\/uploads\\\/2022\\\/09\\\/logo-2.png\",\"width\":380,\"height\":291,\"caption\":\"accidentdutravail-idf\"},\"image\":{\"@id\":\"https:\\\/\\\/www.accidentdutravail-idf.net\\\/blog\\\/#\\\/schema\\\/logo\\\/image\\\/\"}},{\"@type\":\"Person\",\"@id\":\"https:\\\/\\\/www.accidentdutravail-idf.net\\\/blog\\\/#\\\/schema\\\/person\\\/3255d2f970de45e64bd9201f38e7b947\",\"name\":\"Carlos Poulain\",\"image\":{\"@type\":\"ImageObject\",\"inLanguage\":\"fr-FR\",\"@id\":\"https:\\\/\\\/secure.gravatar.com\\\/avatar\\\/b1c2f9d3588e34e91adb093635df64ef4b2381991216be7576466cfcdca4baf3?s=96&d=mm&r=g\",\"url\":\"https:\\\/\\\/secure.gravatar.com\\\/avatar\\\/b1c2f9d3588e34e91adb093635df64ef4b2381991216be7576466cfcdca4baf3?s=96&d=mm&r=g\",\"contentUrl\":\"https:\\\/\\\/secure.gravatar.com\\\/avatar\\\/b1c2f9d3588e34e91adb093635df64ef4b2381991216be7576466cfcdca4baf3?s=96&d=mm&r=g\",\"caption\":\"Carlos Poulain\"},\"url\":\"https:\\\/\\\/www.accidentdutravail-idf.net\\\/blog\\\/author\\\/idfcarlos\\\/\"}]}<\/script>\n<!-- \/ Yoast SEO plugin. -->","yoast_head_json":{"title":"Canicule : le droit du travail s'adapte aux \u00e9pisodes de chaleur - ACCIDENTDUTRAVAIL-IDF","description":"Canicule : le droit du travail s'adapte aux \u00e9pisodes de chaleur article de ACCIDENTDUTRAVAIL-IDF","robots":{"index":"index","follow":"follow","max-snippet":"max-snippet:-1","max-image-preview":"max-image-preview:large","max-video-preview":"max-video-preview:-1"},"canonical":"https:\/\/www.accidentdutravail-idf.net\/blog\/canicule-le-droit-du-travail-sadapte-aux-episodes-de-chaleur\/","og_locale":"fr_FR","og_type":"article","og_title":"Canicule : le droit du travail s'adapte aux \u00e9pisodes de chaleur - ACCIDENTDUTRAVAIL-IDF","og_description":"Canicule : le droit du travail s'adapte aux \u00e9pisodes de chaleur article de ACCIDENTDUTRAVAIL-IDF","og_url":"https:\/\/www.accidentdutravail-idf.net\/blog\/canicule-le-droit-du-travail-sadapte-aux-episodes-de-chaleur\/","og_site_name":"ACCIDENTDUTRAVAIL-IDF","article_published_time":"2024-07-09T13:54:00+00:00","og_image":[{"url":"https:\/\/www.accidentdutravail-idf.net\/blog\/wp-content\/uploads\/2024\/07\/canicule-le-droit-du-travail-sadapte-aux-episodes-de-chaleur.jpg","type":"","width":"","height":""}],"author":"Carlos Poulain","twitter_card":"summary_large_image","twitter_misc":{"\u00c9crit par":"Carlos Poulain","Dur\u00e9e de lecture estim\u00e9e":"2 minutes"},"schema":{"@context":"https:\/\/schema.org","@graph":[{"@type":"Article","@id":"https:\/\/www.accidentdutravail-idf.net\/blog\/canicule-le-droit-du-travail-sadapte-aux-episodes-de-chaleur\/#article","isPartOf":{"@id":"https:\/\/www.accidentdutravail-idf.net\/blog\/canicule-le-droit-du-travail-sadapte-aux-episodes-de-chaleur\/"},"author":{"name":"Carlos Poulain","@id":"https:\/\/www.accidentdutravail-idf.net\/blog\/#\/schema\/person\/3255d2f970de45e64bd9201f38e7b947"},"headline":"Canicule : le droit du travail s&rsquo;adapte aux \u00e9pisodes de chaleur","datePublished":"2024-07-09T13:54:00+00:00","mainEntityOfPage":{"@id":"https:\/\/www.accidentdutravail-idf.net\/blog\/canicule-le-droit-du-travail-sadapte-aux-episodes-de-chaleur\/"},"wordCount":451,"publisher":{"@id":"https:\/\/www.accidentdutravail-idf.net\/blog\/#organization"},"image":{"@id":"https:\/\/www.accidentdutravail-idf.net\/blog\/canicule-le-droit-du-travail-sadapte-aux-episodes-de-chaleur\/#primaryimage"},"thumbnailUrl":"https:\/\/www.accidentdutravail-idf.net\/blog\/wp-content\/uploads\/2024\/07\/canicule-le-droit-du-travail-sadapte-aux-episodes-de-chaleur.jpg","articleSection":["S\u00e9curit\u00e9 Du Travail En Ile-De-France Et Divers:"],"inLanguage":"fr-FR"},{"@type":"WebPage","@id":"https:\/\/www.accidentdutravail-idf.net\/blog\/canicule-le-droit-du-travail-sadapte-aux-episodes-de-chaleur\/","url":"https:\/\/www.accidentdutravail-idf.net\/blog\/canicule-le-droit-du-travail-sadapte-aux-episodes-de-chaleur\/","name":"Canicule : le droit du travail s'adapte aux \u00e9pisodes de chaleur - ACCIDENTDUTRAVAIL-IDF","isPartOf":{"@id":"https:\/\/www.accidentdutravail-idf.net\/blog\/#website"},"primaryImageOfPage":{"@id":"https:\/\/www.accidentdutravail-idf.net\/blog\/canicule-le-droit-du-travail-sadapte-aux-episodes-de-chaleur\/#primaryimage"},"image":{"@id":"https:\/\/www.accidentdutravail-idf.net\/blog\/canicule-le-droit-du-travail-sadapte-aux-episodes-de-chaleur\/#primaryimage"},"thumbnailUrl":"https:\/\/www.accidentdutravail-idf.net\/blog\/wp-content\/uploads\/2024\/07\/canicule-le-droit-du-travail-sadapte-aux-episodes-de-chaleur.jpg","datePublished":"2024-07-09T13:54:00+00:00","description":"Canicule : le droit du travail s'adapte aux \u00e9pisodes de chaleur article de ACCIDENTDUTRAVAIL-IDF","breadcrumb":{"@id":"https:\/\/www.accidentdutravail-idf.net\/blog\/canicule-le-droit-du-travail-sadapte-aux-episodes-de-chaleur\/#breadcrumb"},"inLanguage":"fr-FR","potentialAction":[{"@type":"ReadAction","target":["https:\/\/www.accidentdutravail-idf.net\/blog\/canicule-le-droit-du-travail-sadapte-aux-episodes-de-chaleur\/"]}]},{"@type":"ImageObject","inLanguage":"fr-FR","@id":"https:\/\/www.accidentdutravail-idf.net\/blog\/canicule-le-droit-du-travail-sadapte-aux-episodes-de-chaleur\/#primaryimage","url":"https:\/\/www.accidentdutravail-idf.net\/blog\/wp-content\/uploads\/2024\/07\/canicule-le-droit-du-travail-sadapte-aux-episodes-de-chaleur.jpg","contentUrl":"https:\/\/www.accidentdutravail-idf.net\/blog\/wp-content\/uploads\/2024\/07\/canicule-le-droit-du-travail-sadapte-aux-episodes-de-chaleur.jpg"},{"@type":"BreadcrumbList","@id":"https:\/\/www.accidentdutravail-idf.net\/blog\/canicule-le-droit-du-travail-sadapte-aux-episodes-de-chaleur\/#breadcrumb","itemListElement":[{"@type":"ListItem","position":1,"name":"Accueil","item":"https:\/\/www.accidentdutravail-idf.net\/blog\/"},{"@type":"ListItem","position":2,"name":"Canicule : le droit du travail s&rsquo;adapte aux \u00e9pisodes de chaleur"}]},{"@type":"WebSite","@id":"https:\/\/www.accidentdutravail-idf.net\/blog\/#website","url":"https:\/\/www.accidentdutravail-idf.net\/blog\/","name":"ACCIDENTDUTRAVAIL-IDF","description":"Portail accidents du travail-maladies professionnelles des entreprises d&#039;Ile-de-France","publisher":{"@id":"https:\/\/www.accidentdutravail-idf.net\/blog\/#organization"},"potentialAction":[{"@type":"SearchAction","target":{"@type":"EntryPoint","urlTemplate":"https:\/\/www.accidentdutravail-idf.net\/blog\/?s={search_term_string}"},"query-input":{"@type":"PropertyValueSpecification","valueRequired":true,"valueName":"search_term_string"}}],"inLanguage":"fr-FR"},{"@type":"Organization","@id":"https:\/\/www.accidentdutravail-idf.net\/blog\/#organization","name":"accidentdutravail-idf","url":"https:\/\/www.accidentdutravail-idf.net\/blog\/","logo":{"@type":"ImageObject","inLanguage":"fr-FR","@id":"https:\/\/www.accidentdutravail-idf.net\/blog\/#\/schema\/logo\/image\/","url":"https:\/\/www.accidentdutravail-idf.net\/blog\/wp-content\/uploads\/2022\/09\/logo-2.png","contentUrl":"https:\/\/www.accidentdutravail-idf.net\/blog\/wp-content\/uploads\/2022\/09\/logo-2.png","width":380,"height":291,"caption":"accidentdutravail-idf"},"image":{"@id":"https:\/\/www.accidentdutravail-idf.net\/blog\/#\/schema\/logo\/image\/"}},{"@type":"Person","@id":"https:\/\/www.accidentdutravail-idf.net\/blog\/#\/schema\/person\/3255d2f970de45e64bd9201f38e7b947","name":"Carlos Poulain","image":{"@type":"ImageObject","inLanguage":"fr-FR","@id":"https:\/\/secure.gravatar.com\/avatar\/b1c2f9d3588e34e91adb093635df64ef4b2381991216be7576466cfcdca4baf3?s=96&d=mm&r=g","url":"https:\/\/secure.gravatar.com\/avatar\/b1c2f9d3588e34e91adb093635df64ef4b2381991216be7576466cfcdca4baf3?s=96&d=mm&r=g","contentUrl":"https:\/\/secure.gravatar.com\/avatar\/b1c2f9d3588e34e91adb093635df64ef4b2381991216be7576466cfcdca4baf3?s=96&d=mm&r=g","caption":"Carlos Poulain"},"url":"https:\/\/www.accidentdutravail-idf.net\/blog\/author\/idfcarlos\/"}]}},"_links":{"self":[{"href":"https:\/\/www.accidentdutravail-idf.net\/blog\/wp-json\/wp\/v2\/posts\/544","targetHints":{"allow":["GET"]}}],"collection":[{"href":"https:\/\/www.accidentdutravail-idf.net\/blog\/wp-json\/wp\/v2\/posts"}],"about":[{"href":"https:\/\/www.accidentdutravail-idf.net\/blog\/wp-json\/wp\/v2\/types\/post"}],"author":[{"embeddable":true,"href":"https:\/\/www.accidentdutravail-idf.net\/blog\/wp-json\/wp\/v2\/users\/2"}],"replies":[{"embeddable":true,"href":"https:\/\/www.accidentdutravail-idf.net\/blog\/wp-json\/wp\/v2\/comments?post=544"}],"version-history":[{"count":0,"href":"https:\/\/www.accidentdutravail-idf.net\/blog\/wp-json\/wp\/v2\/posts\/544\/revisions"}],"wp:attachment":[{"href":"https:\/\/www.accidentdutravail-idf.net\/blog\/wp-json\/wp\/v2\/media?parent=544"}],"wp:term":[{"taxonomy":"category","embeddable":true,"href":"https:\/\/www.accidentdutravail-idf.net\/blog\/wp-json\/wp\/v2\/categories?post=544"},{"taxonomy":"post_tag","embeddable":true,"href":"https:\/\/www.accidentdutravail-idf.net\/blog\/wp-json\/wp\/v2\/tags?post=544"}],"curies":[{"name":"wp","href":"https:\/\/api.w.org\/{rel}","templated":true}]}}