{"id":536,"date":"2024-07-06T19:00:00","date_gmt":"2024-07-06T17:00:00","guid":{"rendered":"https:\/\/www.accidentdutravail-idf.net\/blog\/accidents-du-travail-et-maladies-professionnelles-une-feuille-de-route-pour-renforcer-la-prevention\/"},"modified":"2024-07-06T19:00:00","modified_gmt":"2024-07-06T17:00:00","slug":"accidents-du-travail-et-maladies-professionnelles-une-feuille-de-route-pour-renforcer-la-prevention","status":"publish","type":"post","link":"https:\/\/www.accidentdutravail-idf.net\/blog\/accidents-du-travail-et-maladies-professionnelles-une-feuille-de-route-pour-renforcer-la-prevention\/","title":{"rendered":"Accidents du travail et maladies professionnelles : une feuille de route pour renforcer la pr\u00e9vention"},"content":{"rendered":"<figure class=\"article__media\">   <img decoding=\"async\" src=\"https:\/\/www.accidentdutravail-idf.net\/blog\/wp-content\/uploads\/2024\/07\/accidents-du-travail-et-maladies-professionnelles-une-feuille-de-route-pour-renforcer-la-prevention.jpg\" alt=\"Une banderole lors d\u2019un rassemblement d\u2019un collectif de familles de victimes d\u2019accident du travail, \u00e0 Paris, le 4&nbsp;mars&nbsp;2023.\" width=\"664\" height=\"443\">   <img decoding=\"async\" src=\"https:\/\/www.accidentdutravail-idf.net\/blog\/wp-content\/uploads\/2024\/07\/accidents-du-travail-et-maladies-professionnelles-une-feuille-de-route-pour-renforcer-la-prevention.jpg\" alt=\"Une banderole lors d\u2019un rassemblement d\u2019un collectif de familles de victimes d\u2019accident du travail, \u00e0 Paris, le 4&nbsp;mars&nbsp;2023.\"><figcaption class=\"article__legend\" aria-hidden=\"true\">Une banderole lors d\u2019un rassemblement d\u2019un collectif de familles de victimes d\u2019accident du travail, \u00e0 Paris, le 4&nbsp;mars&nbsp;2023. <span class=\"article__credit\" aria-hidden=\"true\">STEPHANE DE SAKUTIN \/ AFP<\/span> <\/figcaption><\/figure>\n<p class=\"article__paragraph \">La feuille de route a \u00e9t\u00e9 fix\u00e9e in extremis, quelques jours avant le tr\u00e8s probable changement d\u2019\u00e9quipe gouvernementale. Vendredi 5&nbsp;juillet, le minist\u00e8re du travail et celui des comptes publics ont sign\u00e9 la convention<em> <\/em>qui d\u00e9finit, pour six ans, les objectifs et les moyens de la branche accidents du travail-maladies professionnelles (AT-MP) de la S\u00e9curit\u00e9 sociale. C\u2019est l\u2019aboutissement d\u2019une laborieuse gestation, qui \u00e9tait attendu depuis des mois par les acteurs d\u2019un \u00e9cosyst\u00e8me charg\u00e9 \u2013 en particulier \u2013 de r\u00e9duire les risques li\u00e9s \u00e0 l\u2019exercice d\u2019une activit\u00e9 dans le monde de l\u2019entreprise.<\/p>\n<p class=\"article__paragraph \">La branche AT-MP remplit trois missions&nbsp;: indemniser les victimes d\u2019un accident, ou d\u2019une pathologie, imputable au travail, d\u00e9terminer le taux de cotisation des employeurs qui financent le r\u00e9gime et engager des actions de pr\u00e9vention pour diminuer autant que possible les sources de \u00ab&nbsp;sinistralit\u00e9&nbsp;\u00bb (chutes, troubles musculo-squelettiques, exposition aux produits chimiques, souffrances psychosociales\u2026).<\/p>\n<p class=\"article__paragraph \">Le dispositif occupe une place \u00e0 part au sein de la \u00ab&nbsp;S\u00e9cu&nbsp;\u00bb&nbsp;: coiff\u00e9 d\u2019une commission dans laquelle si\u00e8gent des repr\u00e9sentants du patronat et des syndicats, ses interventions sont cadr\u00e9es par une<em> <\/em>convention pluriannuelle conclue avec l\u2019Etat. Celle qui a \u00e9t\u00e9 sign\u00e9e vendredi aurait d\u00fb \u00eatre ficel\u00e9e depuis longtemps car elle vaut pour la p\u00e9riode 2023-2028. Mais les discussions entre les protagonistes se sont \u00e9ternis\u00e9es en raison de d\u00e9saccords sur plusieurs points (am\u00e9lioration de l\u2019indemnisation, r\u00e9vision \u00e0 la hausse des cr\u00e9dits qui tracassait Bercy\u2026).<\/p>\n<h2 class=\"article__sub-title\">\u00ab&nbsp;Satisfaction&nbsp;\u00bb<\/h2>\n<p class=\"article__paragraph \">Finalement, un compromis a \u00e9t\u00e9 trouv\u00e9, dont l\u2019un des buts principaux est d\u2019accro\u00eetre les ressources en faveur de la lutte contre les risques professionnels. Le <em>\u00ab&nbsp;fonds national&nbsp;\u00bb<\/em> sp\u00e9cifique \u00e0 la pr\u00e9vention recevra pr\u00e8s de 62&nbsp;millions d\u2019euros en plus d\u2019ici \u00e0 2028, par rapport \u00e0 son budget de 2022. Cet effort permettra d\u2019\u00e9toffer le nombre d\u2019agents affect\u00e9s \u00e0 de telles missions (pr\u00e8s de deux cents&nbsp;postes suppl\u00e9mentaires, notamment de <em>\u00ab&nbsp;pr\u00e9venteurs&nbsp;\u00bb<\/em> et de <em>\u00ab&nbsp;contr\u00f4leurs-sant\u00e9&nbsp;\u00bb<\/em>), tout en augmentant l\u2019enveloppe allou\u00e9e \u00e0 l\u2019Institut national de recherche et de s\u00e9curit\u00e9 (INRS), un op\u00e9rateur-cl\u00e9 du syst\u00e8me.<\/p>\n<section class=\"catcher catcher--favoris\">\n<div class=\"catcher__content\"><span class=\"catcher__title catcher__title--hide\">Lire aussi |<\/span><span class=\"catcher__desc\"> <span class=\"icon__premium\"><span class=\"sr-only\">Article r\u00e9serv\u00e9 \u00e0 nos abonn\u00e9s<\/span><\/span> <a href=\"https:\/\/www.lemonde.fr\/politique\/article\/2024\/02\/15\/l-institut-charge-de-la-prevention-des-risques-professionnels-en-difficulte-budgetaire_6216680_823448.html\" class=\"js-article-read-also catcher--favoris__link\" data-premium=\"1\" target=\"_blank\" rel=\"nofollow\">L\u2019institut charg\u00e9 de la pr\u00e9vention des risques professionnels en difficult\u00e9 budg\u00e9taire<\/a> <\/span> <\/div>\n<p> <button class=\"lmd-btn-icon lmd-btn-icon--primary lmd-btn-icon--m js-trigger-favorite js-lmd-dropdown-favorite-toggler\" aria-expanded=\"false\" aria-controls=\"lmd-dropdown-favorite\" aria-label=\"Ajouter \u00e0 vos s\u00e9lections\" data-article-id=\"3359914\" data-position=\"lire aussi\" data-url=\"https:\/\/www.lemonde.fr\/politique\/article\/2024\/02\/15\/l-institut-charge-de-la-prevention-des-risques-professionnels-en-difficulte-budgetaire_6216680_823448.html\" data-status> <span class=\"icon__favorites\"><\/span> <span class=\"js-btn-icon-tooltip\" aria-hidden=\"true\">Ajouter \u00e0 vos s\u00e9lections<\/span> <\/button> <\/p>\n<\/section>\n<p class=\"article__paragraph \">Parall\u00e8lement, les aides aux entreprises seront port\u00e9es \u00e0 120&nbsp;millions d\u2019euros en&nbsp;2028, contre 80&nbsp;millions en&nbsp;2023. En outre, quelque 150&nbsp;millions d\u2019euros par an sont pr\u00e9vus pour soutenir les entreprises qui s\u2019attaquent \u00e0 <em>\u00ab&nbsp;l\u2019usure professionnelle&nbsp;\u00bb<\/em> de leurs salari\u00e9s en am\u00e9liorant <em>\u00ab&nbsp;l\u2019ergonomie&nbsp;\u00bb <\/em>des postes (limiter le port de charges lourdes, la r\u00e9p\u00e9tition des m\u00eames gestes,&nbsp;etc.).<\/p>\n<p><strong>Il vous reste 44.19% de cet article \u00e0 lire. La suite est r\u00e9serv\u00e9e aux abonn\u00e9s.<\/strong><\/p>\n<p> accidentdutravail-idf.net vous a pr\u00e9par\u00e9 ce post qui informe du sujet \u00ab\u00a0Association Sportive Huisson-Longueville Essonne\u00a0\u00bb. La chronique se veut g\u00e9n\u00e9r\u00e9e du mieux possible. Vous pouvez utiliser les coordonn\u00e9es indiqu\u00e9es sur le site dans le but d\u2019apporter des explications sur ce post qui parle du th\u00e8me \u00ab\u00a0Association Sportive Huisson-Longueville Essonne\u00a0\u00bb. Le site accidentdutravail-idf.net a pour but de fournir diverses publications sur la th\u00e9matique Association Sportive Huisson-Longueville Essonne diffus\u00e9es sur le net. Il y aura plusieurs articles autour du sujet \u00ab\u00a0Association Sportive Huisson-Longueville Essonne\u00a0\u00bb dans quelques jours, nous vous invitons \u00e0 naviguer sur notre site web \u00e0 plusieurs reprises.<\/p>\n","protected":false},"excerpt":{"rendered":"<p>Une banderole lors d\u2019un rassemblement d\u2019un collectif de familles de victimes d\u2019accident du travail, \u00e0 Paris, le 4&nbsp;mars&nbsp;2023. STEPHANE DE SAKUTIN \/ AFP La feuille de route a \u00e9t\u00e9 fix\u00e9e in extremis, quelques jours avant le tr\u00e8s probable changement d\u2019\u00e9quipe gouvernementale. Vendredi 5&nbsp;juillet, le minist\u00e8re du travail et celui des comptes publics ont sign\u00e9 la &hellip; <\/p>\n<p class=\"link-more\"><a href=\"https:\/\/www.accidentdutravail-idf.net\/blog\/accidents-du-travail-et-maladies-professionnelles-une-feuille-de-route-pour-renforcer-la-prevention\/\" class=\"more-link\">Continuer la lecture <span class=\"screen-reader-text\"> \u00ab\u00a0Accidents du travail et maladies professionnelles : une feuille de route pour renforcer la pr\u00e9vention\u00a0\u00bb<\/span><\/a><\/p>\n","protected":false},"author":2,"featured_media":0,"comment_status":"closed","ping_status":"closed","sticky":false,"template":"","format":"standard","meta":{"footnotes":""},"categories":[5],"tags":[],"class_list":["post-536","post","type-post","status-publish","format-standard","hentry","category-securite-du-travail-en-ile-de-france-et-divers","entry"],"yoast_head":"<!-- This site is optimized with the Yoast SEO plugin v27.5 - https:\/\/yoast.com\/product\/yoast-seo-wordpress\/ -->\n<title>Accidents du travail et maladies professionnelles : une feuille de route pour renforcer la pr\u00e9vention - ACCIDENTDUTRAVAIL-IDF<\/title>\n<meta name=\"description\" content=\"Accidents du travail et maladies professionnelles : une feuille de route pour renforcer la pr\u00e9vention article de ACCIDENTDUTRAVAIL-IDF\" \/>\n<meta name=\"robots\" content=\"index, follow, max-snippet:-1, max-image-preview:large, max-video-preview:-1\" \/>\n<link rel=\"canonical\" href=\"https:\/\/www.accidentdutravail-idf.net\/blog\/accidents-du-travail-et-maladies-professionnelles-une-feuille-de-route-pour-renforcer-la-prevention\/\" \/>\n<meta property=\"og:locale\" content=\"fr_FR\" \/>\n<meta property=\"og:type\" content=\"article\" \/>\n<meta property=\"og:title\" content=\"Accidents du travail et maladies professionnelles : une feuille de route pour renforcer la pr\u00e9vention - ACCIDENTDUTRAVAIL-IDF\" \/>\n<meta property=\"og:description\" content=\"Accidents du travail et maladies professionnelles : une feuille de route pour renforcer la pr\u00e9vention article de ACCIDENTDUTRAVAIL-IDF\" \/>\n<meta property=\"og:url\" content=\"https:\/\/www.accidentdutravail-idf.net\/blog\/accidents-du-travail-et-maladies-professionnelles-une-feuille-de-route-pour-renforcer-la-prevention\/\" \/>\n<meta property=\"og:site_name\" content=\"ACCIDENTDUTRAVAIL-IDF\" \/>\n<meta property=\"article:published_time\" content=\"2024-07-06T17:00:00+00:00\" \/>\n<meta property=\"og:image\" content=\"https:\/\/www.accidentdutravail-idf.net\/blog\/wp-content\/uploads\/2024\/07\/accidents-du-travail-et-maladies-professionnelles-une-feuille-de-route-pour-renforcer-la-prevention.jpg\" \/>\n<meta name=\"author\" content=\"Carlos Poulain\" \/>\n<meta name=\"twitter:card\" content=\"summary_large_image\" \/>\n<meta name=\"twitter:label1\" content=\"\u00c9crit par\" \/>\n\t<meta name=\"twitter:data1\" content=\"Carlos Poulain\" \/>\n\t<meta name=\"twitter:label2\" content=\"Dur\u00e9e de lecture estim\u00e9e\" \/>\n\t<meta name=\"twitter:data2\" content=\"3 minutes\" \/>\n<script type=\"application\/ld+json\" class=\"yoast-schema-graph\">{\"@context\":\"https:\\\/\\\/schema.org\",\"@graph\":[{\"@type\":\"Article\",\"@id\":\"https:\\\/\\\/www.accidentdutravail-idf.net\\\/blog\\\/accidents-du-travail-et-maladies-professionnelles-une-feuille-de-route-pour-renforcer-la-prevention\\\/#article\",\"isPartOf\":{\"@id\":\"https:\\\/\\\/www.accidentdutravail-idf.net\\\/blog\\\/accidents-du-travail-et-maladies-professionnelles-une-feuille-de-route-pour-renforcer-la-prevention\\\/\"},\"author\":{\"name\":\"Carlos Poulain\",\"@id\":\"https:\\\/\\\/www.accidentdutravail-idf.net\\\/blog\\\/#\\\/schema\\\/person\\\/3255d2f970de45e64bd9201f38e7b947\"},\"headline\":\"Accidents du travail et maladies professionnelles : une feuille de route pour renforcer la pr\u00e9vention\",\"datePublished\":\"2024-07-06T17:00:00+00:00\",\"mainEntityOfPage\":{\"@id\":\"https:\\\/\\\/www.accidentdutravail-idf.net\\\/blog\\\/accidents-du-travail-et-maladies-professionnelles-une-feuille-de-route-pour-renforcer-la-prevention\\\/\"},\"wordCount\":640,\"publisher\":{\"@id\":\"https:\\\/\\\/www.accidentdutravail-idf.net\\\/blog\\\/#organization\"},\"image\":{\"@id\":\"https:\\\/\\\/www.accidentdutravail-idf.net\\\/blog\\\/accidents-du-travail-et-maladies-professionnelles-une-feuille-de-route-pour-renforcer-la-prevention\\\/#primaryimage\"},\"thumbnailUrl\":\"https:\\\/\\\/www.accidentdutravail-idf.net\\\/blog\\\/wp-content\\\/uploads\\\/2024\\\/07\\\/accidents-du-travail-et-maladies-professionnelles-une-feuille-de-route-pour-renforcer-la-prevention.jpg\",\"articleSection\":[\"S\u00e9curit\u00e9 Du Travail En Ile-De-France Et Divers:\"],\"inLanguage\":\"fr-FR\"},{\"@type\":\"WebPage\",\"@id\":\"https:\\\/\\\/www.accidentdutravail-idf.net\\\/blog\\\/accidents-du-travail-et-maladies-professionnelles-une-feuille-de-route-pour-renforcer-la-prevention\\\/\",\"url\":\"https:\\\/\\\/www.accidentdutravail-idf.net\\\/blog\\\/accidents-du-travail-et-maladies-professionnelles-une-feuille-de-route-pour-renforcer-la-prevention\\\/\",\"name\":\"Accidents du travail et maladies professionnelles : une feuille de route pour renforcer la pr\u00e9vention - ACCIDENTDUTRAVAIL-IDF\",\"isPartOf\":{\"@id\":\"https:\\\/\\\/www.accidentdutravail-idf.net\\\/blog\\\/#website\"},\"primaryImageOfPage\":{\"@id\":\"https:\\\/\\\/www.accidentdutravail-idf.net\\\/blog\\\/accidents-du-travail-et-maladies-professionnelles-une-feuille-de-route-pour-renforcer-la-prevention\\\/#primaryimage\"},\"image\":{\"@id\":\"https:\\\/\\\/www.accidentdutravail-idf.net\\\/blog\\\/accidents-du-travail-et-maladies-professionnelles-une-feuille-de-route-pour-renforcer-la-prevention\\\/#primaryimage\"},\"thumbnailUrl\":\"https:\\\/\\\/www.accidentdutravail-idf.net\\\/blog\\\/wp-content\\\/uploads\\\/2024\\\/07\\\/accidents-du-travail-et-maladies-professionnelles-une-feuille-de-route-pour-renforcer-la-prevention.jpg\",\"datePublished\":\"2024-07-06T17:00:00+00:00\",\"description\":\"Accidents du travail et maladies professionnelles : une feuille de route pour renforcer la pr\u00e9vention article de ACCIDENTDUTRAVAIL-IDF\",\"breadcrumb\":{\"@id\":\"https:\\\/\\\/www.accidentdutravail-idf.net\\\/blog\\\/accidents-du-travail-et-maladies-professionnelles-une-feuille-de-route-pour-renforcer-la-prevention\\\/#breadcrumb\"},\"inLanguage\":\"fr-FR\",\"potentialAction\":[{\"@type\":\"ReadAction\",\"target\":[\"https:\\\/\\\/www.accidentdutravail-idf.net\\\/blog\\\/accidents-du-travail-et-maladies-professionnelles-une-feuille-de-route-pour-renforcer-la-prevention\\\/\"]}]},{\"@type\":\"ImageObject\",\"inLanguage\":\"fr-FR\",\"@id\":\"https:\\\/\\\/www.accidentdutravail-idf.net\\\/blog\\\/accidents-du-travail-et-maladies-professionnelles-une-feuille-de-route-pour-renforcer-la-prevention\\\/#primaryimage\",\"url\":\"https:\\\/\\\/www.accidentdutravail-idf.net\\\/blog\\\/wp-content\\\/uploads\\\/2024\\\/07\\\/accidents-du-travail-et-maladies-professionnelles-une-feuille-de-route-pour-renforcer-la-prevention.jpg\",\"contentUrl\":\"https:\\\/\\\/www.accidentdutravail-idf.net\\\/blog\\\/wp-content\\\/uploads\\\/2024\\\/07\\\/accidents-du-travail-et-maladies-professionnelles-une-feuille-de-route-pour-renforcer-la-prevention.jpg\"},{\"@type\":\"BreadcrumbList\",\"@id\":\"https:\\\/\\\/www.accidentdutravail-idf.net\\\/blog\\\/accidents-du-travail-et-maladies-professionnelles-une-feuille-de-route-pour-renforcer-la-prevention\\\/#breadcrumb\",\"itemListElement\":[{\"@type\":\"ListItem\",\"position\":1,\"name\":\"Accueil\",\"item\":\"https:\\\/\\\/www.accidentdutravail-idf.net\\\/blog\\\/\"},{\"@type\":\"ListItem\",\"position\":2,\"name\":\"Accidents du travail et maladies professionnelles : une feuille de route pour renforcer la pr\u00e9vention\"}]},{\"@type\":\"WebSite\",\"@id\":\"https:\\\/\\\/www.accidentdutravail-idf.net\\\/blog\\\/#website\",\"url\":\"https:\\\/\\\/www.accidentdutravail-idf.net\\\/blog\\\/\",\"name\":\"ACCIDENTDUTRAVAIL-IDF\",\"description\":\"Portail accidents du travail-maladies professionnelles des entreprises d&#039;Ile-de-France\",\"publisher\":{\"@id\":\"https:\\\/\\\/www.accidentdutravail-idf.net\\\/blog\\\/#organization\"},\"potentialAction\":[{\"@type\":\"SearchAction\",\"target\":{\"@type\":\"EntryPoint\",\"urlTemplate\":\"https:\\\/\\\/www.accidentdutravail-idf.net\\\/blog\\\/?s={search_term_string}\"},\"query-input\":{\"@type\":\"PropertyValueSpecification\",\"valueRequired\":true,\"valueName\":\"search_term_string\"}}],\"inLanguage\":\"fr-FR\"},{\"@type\":\"Organization\",\"@id\":\"https:\\\/\\\/www.accidentdutravail-idf.net\\\/blog\\\/#organization\",\"name\":\"accidentdutravail-idf\",\"url\":\"https:\\\/\\\/www.accidentdutravail-idf.net\\\/blog\\\/\",\"logo\":{\"@type\":\"ImageObject\",\"inLanguage\":\"fr-FR\",\"@id\":\"https:\\\/\\\/www.accidentdutravail-idf.net\\\/blog\\\/#\\\/schema\\\/logo\\\/image\\\/\",\"url\":\"https:\\\/\\\/www.accidentdutravail-idf.net\\\/blog\\\/wp-content\\\/uploads\\\/2022\\\/09\\\/logo-2.png\",\"contentUrl\":\"https:\\\/\\\/www.accidentdutravail-idf.net\\\/blog\\\/wp-content\\\/uploads\\\/2022\\\/09\\\/logo-2.png\",\"width\":380,\"height\":291,\"caption\":\"accidentdutravail-idf\"},\"image\":{\"@id\":\"https:\\\/\\\/www.accidentdutravail-idf.net\\\/blog\\\/#\\\/schema\\\/logo\\\/image\\\/\"}},{\"@type\":\"Person\",\"@id\":\"https:\\\/\\\/www.accidentdutravail-idf.net\\\/blog\\\/#\\\/schema\\\/person\\\/3255d2f970de45e64bd9201f38e7b947\",\"name\":\"Carlos Poulain\",\"image\":{\"@type\":\"ImageObject\",\"inLanguage\":\"fr-FR\",\"@id\":\"https:\\\/\\\/secure.gravatar.com\\\/avatar\\\/b1c2f9d3588e34e91adb093635df64ef4b2381991216be7576466cfcdca4baf3?s=96&d=mm&r=g\",\"url\":\"https:\\\/\\\/secure.gravatar.com\\\/avatar\\\/b1c2f9d3588e34e91adb093635df64ef4b2381991216be7576466cfcdca4baf3?s=96&d=mm&r=g\",\"contentUrl\":\"https:\\\/\\\/secure.gravatar.com\\\/avatar\\\/b1c2f9d3588e34e91adb093635df64ef4b2381991216be7576466cfcdca4baf3?s=96&d=mm&r=g\",\"caption\":\"Carlos Poulain\"},\"url\":\"https:\\\/\\\/www.accidentdutravail-idf.net\\\/blog\\\/author\\\/idfcarlos\\\/\"}]}<\/script>\n<!-- \/ Yoast SEO plugin. -->","yoast_head_json":{"title":"Accidents du travail et maladies professionnelles : une feuille de route pour renforcer la pr\u00e9vention - ACCIDENTDUTRAVAIL-IDF","description":"Accidents du travail et maladies professionnelles : une feuille de route pour renforcer la pr\u00e9vention article de ACCIDENTDUTRAVAIL-IDF","robots":{"index":"index","follow":"follow","max-snippet":"max-snippet:-1","max-image-preview":"max-image-preview:large","max-video-preview":"max-video-preview:-1"},"canonical":"https:\/\/www.accidentdutravail-idf.net\/blog\/accidents-du-travail-et-maladies-professionnelles-une-feuille-de-route-pour-renforcer-la-prevention\/","og_locale":"fr_FR","og_type":"article","og_title":"Accidents du travail et maladies professionnelles : une feuille de route pour renforcer la pr\u00e9vention - ACCIDENTDUTRAVAIL-IDF","og_description":"Accidents du travail et maladies professionnelles : une feuille de route pour renforcer la pr\u00e9vention article de ACCIDENTDUTRAVAIL-IDF","og_url":"https:\/\/www.accidentdutravail-idf.net\/blog\/accidents-du-travail-et-maladies-professionnelles-une-feuille-de-route-pour-renforcer-la-prevention\/","og_site_name":"ACCIDENTDUTRAVAIL-IDF","article_published_time":"2024-07-06T17:00:00+00:00","og_image":[{"url":"https:\/\/www.accidentdutravail-idf.net\/blog\/wp-content\/uploads\/2024\/07\/accidents-du-travail-et-maladies-professionnelles-une-feuille-de-route-pour-renforcer-la-prevention.jpg","type":"","width":"","height":""}],"author":"Carlos Poulain","twitter_card":"summary_large_image","twitter_misc":{"\u00c9crit par":"Carlos Poulain","Dur\u00e9e de lecture estim\u00e9e":"3 minutes"},"schema":{"@context":"https:\/\/schema.org","@graph":[{"@type":"Article","@id":"https:\/\/www.accidentdutravail-idf.net\/blog\/accidents-du-travail-et-maladies-professionnelles-une-feuille-de-route-pour-renforcer-la-prevention\/#article","isPartOf":{"@id":"https:\/\/www.accidentdutravail-idf.net\/blog\/accidents-du-travail-et-maladies-professionnelles-une-feuille-de-route-pour-renforcer-la-prevention\/"},"author":{"name":"Carlos Poulain","@id":"https:\/\/www.accidentdutravail-idf.net\/blog\/#\/schema\/person\/3255d2f970de45e64bd9201f38e7b947"},"headline":"Accidents du travail et maladies professionnelles : une feuille de route pour renforcer la pr\u00e9vention","datePublished":"2024-07-06T17:00:00+00:00","mainEntityOfPage":{"@id":"https:\/\/www.accidentdutravail-idf.net\/blog\/accidents-du-travail-et-maladies-professionnelles-une-feuille-de-route-pour-renforcer-la-prevention\/"},"wordCount":640,"publisher":{"@id":"https:\/\/www.accidentdutravail-idf.net\/blog\/#organization"},"image":{"@id":"https:\/\/www.accidentdutravail-idf.net\/blog\/accidents-du-travail-et-maladies-professionnelles-une-feuille-de-route-pour-renforcer-la-prevention\/#primaryimage"},"thumbnailUrl":"https:\/\/www.accidentdutravail-idf.net\/blog\/wp-content\/uploads\/2024\/07\/accidents-du-travail-et-maladies-professionnelles-une-feuille-de-route-pour-renforcer-la-prevention.jpg","articleSection":["S\u00e9curit\u00e9 Du Travail En Ile-De-France Et Divers:"],"inLanguage":"fr-FR"},{"@type":"WebPage","@id":"https:\/\/www.accidentdutravail-idf.net\/blog\/accidents-du-travail-et-maladies-professionnelles-une-feuille-de-route-pour-renforcer-la-prevention\/","url":"https:\/\/www.accidentdutravail-idf.net\/blog\/accidents-du-travail-et-maladies-professionnelles-une-feuille-de-route-pour-renforcer-la-prevention\/","name":"Accidents du travail et maladies professionnelles : une feuille de route pour renforcer la pr\u00e9vention - ACCIDENTDUTRAVAIL-IDF","isPartOf":{"@id":"https:\/\/www.accidentdutravail-idf.net\/blog\/#website"},"primaryImageOfPage":{"@id":"https:\/\/www.accidentdutravail-idf.net\/blog\/accidents-du-travail-et-maladies-professionnelles-une-feuille-de-route-pour-renforcer-la-prevention\/#primaryimage"},"image":{"@id":"https:\/\/www.accidentdutravail-idf.net\/blog\/accidents-du-travail-et-maladies-professionnelles-une-feuille-de-route-pour-renforcer-la-prevention\/#primaryimage"},"thumbnailUrl":"https:\/\/www.accidentdutravail-idf.net\/blog\/wp-content\/uploads\/2024\/07\/accidents-du-travail-et-maladies-professionnelles-une-feuille-de-route-pour-renforcer-la-prevention.jpg","datePublished":"2024-07-06T17:00:00+00:00","description":"Accidents du travail et maladies professionnelles : une feuille de route pour renforcer la pr\u00e9vention article de ACCIDENTDUTRAVAIL-IDF","breadcrumb":{"@id":"https:\/\/www.accidentdutravail-idf.net\/blog\/accidents-du-travail-et-maladies-professionnelles-une-feuille-de-route-pour-renforcer-la-prevention\/#breadcrumb"},"inLanguage":"fr-FR","potentialAction":[{"@type":"ReadAction","target":["https:\/\/www.accidentdutravail-idf.net\/blog\/accidents-du-travail-et-maladies-professionnelles-une-feuille-de-route-pour-renforcer-la-prevention\/"]}]},{"@type":"ImageObject","inLanguage":"fr-FR","@id":"https:\/\/www.accidentdutravail-idf.net\/blog\/accidents-du-travail-et-maladies-professionnelles-une-feuille-de-route-pour-renforcer-la-prevention\/#primaryimage","url":"https:\/\/www.accidentdutravail-idf.net\/blog\/wp-content\/uploads\/2024\/07\/accidents-du-travail-et-maladies-professionnelles-une-feuille-de-route-pour-renforcer-la-prevention.jpg","contentUrl":"https:\/\/www.accidentdutravail-idf.net\/blog\/wp-content\/uploads\/2024\/07\/accidents-du-travail-et-maladies-professionnelles-une-feuille-de-route-pour-renforcer-la-prevention.jpg"},{"@type":"BreadcrumbList","@id":"https:\/\/www.accidentdutravail-idf.net\/blog\/accidents-du-travail-et-maladies-professionnelles-une-feuille-de-route-pour-renforcer-la-prevention\/#breadcrumb","itemListElement":[{"@type":"ListItem","position":1,"name":"Accueil","item":"https:\/\/www.accidentdutravail-idf.net\/blog\/"},{"@type":"ListItem","position":2,"name":"Accidents du travail et maladies professionnelles : une feuille de route pour renforcer la pr\u00e9vention"}]},{"@type":"WebSite","@id":"https:\/\/www.accidentdutravail-idf.net\/blog\/#website","url":"https:\/\/www.accidentdutravail-idf.net\/blog\/","name":"ACCIDENTDUTRAVAIL-IDF","description":"Portail accidents du travail-maladies professionnelles des entreprises d&#039;Ile-de-France","publisher":{"@id":"https:\/\/www.accidentdutravail-idf.net\/blog\/#organization"},"potentialAction":[{"@type":"SearchAction","target":{"@type":"EntryPoint","urlTemplate":"https:\/\/www.accidentdutravail-idf.net\/blog\/?s={search_term_string}"},"query-input":{"@type":"PropertyValueSpecification","valueRequired":true,"valueName":"search_term_string"}}],"inLanguage":"fr-FR"},{"@type":"Organization","@id":"https:\/\/www.accidentdutravail-idf.net\/blog\/#organization","name":"accidentdutravail-idf","url":"https:\/\/www.accidentdutravail-idf.net\/blog\/","logo":{"@type":"ImageObject","inLanguage":"fr-FR","@id":"https:\/\/www.accidentdutravail-idf.net\/blog\/#\/schema\/logo\/image\/","url":"https:\/\/www.accidentdutravail-idf.net\/blog\/wp-content\/uploads\/2022\/09\/logo-2.png","contentUrl":"https:\/\/www.accidentdutravail-idf.net\/blog\/wp-content\/uploads\/2022\/09\/logo-2.png","width":380,"height":291,"caption":"accidentdutravail-idf"},"image":{"@id":"https:\/\/www.accidentdutravail-idf.net\/blog\/#\/schema\/logo\/image\/"}},{"@type":"Person","@id":"https:\/\/www.accidentdutravail-idf.net\/blog\/#\/schema\/person\/3255d2f970de45e64bd9201f38e7b947","name":"Carlos Poulain","image":{"@type":"ImageObject","inLanguage":"fr-FR","@id":"https:\/\/secure.gravatar.com\/avatar\/b1c2f9d3588e34e91adb093635df64ef4b2381991216be7576466cfcdca4baf3?s=96&d=mm&r=g","url":"https:\/\/secure.gravatar.com\/avatar\/b1c2f9d3588e34e91adb093635df64ef4b2381991216be7576466cfcdca4baf3?s=96&d=mm&r=g","contentUrl":"https:\/\/secure.gravatar.com\/avatar\/b1c2f9d3588e34e91adb093635df64ef4b2381991216be7576466cfcdca4baf3?s=96&d=mm&r=g","caption":"Carlos Poulain"},"url":"https:\/\/www.accidentdutravail-idf.net\/blog\/author\/idfcarlos\/"}]}},"_links":{"self":[{"href":"https:\/\/www.accidentdutravail-idf.net\/blog\/wp-json\/wp\/v2\/posts\/536","targetHints":{"allow":["GET"]}}],"collection":[{"href":"https:\/\/www.accidentdutravail-idf.net\/blog\/wp-json\/wp\/v2\/posts"}],"about":[{"href":"https:\/\/www.accidentdutravail-idf.net\/blog\/wp-json\/wp\/v2\/types\/post"}],"author":[{"embeddable":true,"href":"https:\/\/www.accidentdutravail-idf.net\/blog\/wp-json\/wp\/v2\/users\/2"}],"replies":[{"embeddable":true,"href":"https:\/\/www.accidentdutravail-idf.net\/blog\/wp-json\/wp\/v2\/comments?post=536"}],"version-history":[{"count":0,"href":"https:\/\/www.accidentdutravail-idf.net\/blog\/wp-json\/wp\/v2\/posts\/536\/revisions"}],"wp:attachment":[{"href":"https:\/\/www.accidentdutravail-idf.net\/blog\/wp-json\/wp\/v2\/media?parent=536"}],"wp:term":[{"taxonomy":"category","embeddable":true,"href":"https:\/\/www.accidentdutravail-idf.net\/blog\/wp-json\/wp\/v2\/categories?post=536"},{"taxonomy":"post_tag","embeddable":true,"href":"https:\/\/www.accidentdutravail-idf.net\/blog\/wp-json\/wp\/v2\/tags?post=536"}],"curies":[{"name":"wp","href":"https:\/\/api.w.org\/{rel}","templated":true}]}}