{"id":518,"date":"2024-07-02T23:46:00","date_gmt":"2024-07-02T21:46:00","guid":{"rendered":"https:\/\/www.accidentdutravail-idf.net\/blog\/bernay-le-pont-de-la-gare-va-etre-ferme-pour-travaux-du-8-au-26-juillet\/"},"modified":"2024-07-02T23:46:00","modified_gmt":"2024-07-02T21:46:00","slug":"bernay-le-pont-de-la-gare-va-etre-ferme-pour-travaux-du-8-au-26-juillet","status":"publish","type":"post","link":"https:\/\/www.accidentdutravail-idf.net\/blog\/bernay-le-pont-de-la-gare-va-etre-ferme-pour-travaux-du-8-au-26-juillet\/","title":{"rendered":"Bernay. Le pont de la gare va \u00eatre ferm\u00e9 pour travaux du 8 au 26 juillet"},"content":{"rendered":"<div class=\"ac-article-date\"> Par <strong> <a href=\"https:\/\/actu.fr\/auteur\/serge-velain\" title=\"Consulter tous les articles de serge.velain\" rel=\"nofollow\" target=\"_blank\">serge.velain<\/a> <\/strong> <span> Publi\u00e9 le  3 juil. 2024 \u00e0 6h46  <\/span>\n<\/div>\n<div class=\"ac-article-follow\"> <a href=\"https:\/\/actu.fr\/mon-actu\" class=\"ac-article-follow__link\" rel=\"nofollow\" data-trk=\"{&quot;cta&quot;:{&quot;action&quot;:&quot;https:\\\/\\\/actu.fr\\\/mon-actu&quot;,&quot;category&quot;:&quot;mon compte&quot;,&quot;from&quot;:&quot;article header&quot;,&quot;name&quot;:&quot;Voir mon actu&quot;,&quot;type&quot;:&quot;cta&quot;}}\" target=\"_blank\">Voir mon actu<\/a> <button type=\"button\" class=\"ac-btn ac-btn--mini ac-btn--blue ac-icon--star-empty\" data-follow=\"Suivre L'\u00c9veil Normand\" data-unfollow=\"Retirer\">Suivre L&rsquo;\u00c9veil Normand<\/button>\n<\/div>\n<p>Le pont de la SNCF, qui relie \u00e0 <a href=\"https:\/\/actu.fr\/normandie\/bernay_27056\/\" target=\"_blank\" rel=\"nofollow\">Bernay<\/a> (<a href=\"https:\/\/actu.fr\/27actu\/\" target=\"_blank\" rel=\"nofollow\">Eure<\/a>) la place de Verdun \u00e0 la rue Dupuy, va s\u2019offrir un lifting bien m\u00e9rit\u00e9, le <a href=\"https:\/\/eureennormandie.fr\/\" target=\"_blank\" rel=\"nofollow\">conseil d\u00e9partemental<\/a> d\u00e9boursant 400 000 \u20ac pour les travaux de r\u00e9novation qui y sont n\u00e9cessaires.&nbsp;<\/p>\n<p>Le chantier va durer plusieurs semaines, avec une premi\u00e8re phase qui va fortement impacter la circulation, puisque <b>du 8 au 26 juillet inclus, le pont sera totalement coup\u00e9 \u00e0 la circulation automobile, cycliste et pi\u00e9tonne<\/b>.<\/p>\n<div class=\"ac-article-to-read\">\n<p>\u00c0 lire aussi<\/p>\n<\/div>\n<p>\u00ab Ces trois semaines seront compliqu\u00e9es pour les Bernayens, mais ces derniers seront ensuite tranquilles pendant 20 ans \u00bb, \u00ab d\u00e9dramatise \u00bb le service communication du D\u00e9partement.<\/p>\n<p>En effet, le pont de la gare voit passer <b>pr\u00e8s de 10 000 v\u00e9hicules par jour, dont 400 poids-lourd<\/b>s.<\/p>\n<p>Construit en 1950, le pont SNCF de Bernay montre&nbsp; depuis quelques ann\u00e9es \u00ab des signes de faiblesse \u00bb, indique&nbsp; <b>Thierry Plouvier, vice-pr\u00e9sident du Conseil d\u00e9partemental en charge des Mobilit\u00e9s<\/b>. Il y a urgence, selon l\u2019\u00e9lu.<\/p>\n<figure id=\"dailymotion-embed-x7dyep\" class=\"ac-embed ac-embed--dailymotion ac-embed--inread3\" data-provider=\"dailymotion\"><figcaption>Vid\u00e9os : en ce moment sur Actu<\/figcaption><\/figure>\n<p>\u00ab Nous n\u2019attendrons pas un accident pour intervenir, la s\u00e9curit\u00e9 des Eurois est notre priorit\u00e9 \u00bb, dit-il.<\/p>\n<p>Et d\u2019ajouter que :<\/p>\n<blockquote class=\"ac-article-quote\">\n<p>Les dates de fermeture ont \u00e9t\u00e9 choisies en fonction du calendrier scolaire : nous attendions la pause estivale des transports scolaires, pour minimiser la g\u00eane caus\u00e9e par les d\u00e9viations.<\/p>\n<footer>Thierry Plouvier,vice-pr\u00e9sident du conseil d\u00e9partemental en charge des Mobilit\u00e9s.<\/footer>\n<\/blockquote>\n<h2>Des travaux en deux temps<\/h2>\n<p>Les travaux, r\u00e9alis\u00e9s par <b>l\u2019entreprise ViaFrance<\/b>, vont se d\u00e9rouler en deux \u00e9tapes.<\/p>\n<p>Durant la premi\u00e8re, du 8 au 26 juillet, il y aura&nbsp;<b>r\u00e9fection de l\u2019\u00e9tanch\u00e9it\u00e9 du pont et de la couche de roulement des trottoirs<\/b>. La route sera barr\u00e9e et interdite \u00e0 toute circulation pendant cette p\u00e9riode, pi\u00e9tons et cyclistes inclus.<\/p>\n<div class=\"ac-article-to-read\">\n<p>\u00c0 lire aussi<\/p>\n<\/div>\n<p>Durant la seconde, <b>\u00ab&nbsp;en cours de programmation&nbsp;\u00bb<\/b>&nbsp;(ni les dates ni les d\u00e9lais n\u2019ont \u00e9t\u00e9 indiqu\u00e9s), il s\u2019agira de <b>remplacer les garde-corp<\/b>s. Durant cette deuxi\u00e8me phase de travaux, la route sera ouverte en journ\u00e9e (sauf pour les poids-lourds) et en alternat la nuit.<\/p>\n<figure class=\"ac-article-content__figure\">\n<div class=\"ac-article-content__img\"> <img decoding=\"async\" loading=\"lazy\" class=\"size-large\" src=\"https:\/\/www.accidentdutravail-idf.net\/blog\/wp-content\/uploads\/2024\/07\/bernay-le-pont-de-la-gare-va-etre-ferme-pour-travaux-du-8-au-26-juillet.jpg\" alt=\"Le m\u00eame pont vu d'en dessous.\" width=\"960\" height=\"640\"><\/div><figcaption>Le m\u00eame pont vu d\u2019en dessous. \u00a9CD 27<\/figcaption><\/figure>\n<h2>Les d\u00e9viations mises en place<\/h2>\n<p>Concernant les v\u00e9hicules, des d\u00e9viations seront mises en place pour les v\u00e9hicules l\u00e9gers et pour les poids-lourds.<\/p>\n<p><b>Les v\u00e9hicules l\u00e9gers seront d\u00e9vi\u00e9s par la rue des Poilus<\/b> (pour ceux venant du \u00ab&nbsp;rond-point Intermarch\u00e9&nbsp;\u00bb) <b>et la rue Kl\u00e9ber Mercier<\/b> (pour ceux venant de la place de Verdun).<\/p>\n<div class=\"ac-article-to-read\">\n<p>\u00c0 lire aussi<\/p>\n<\/div>\n<p>Les<b> poids-lourds<\/b> seront les plus impact\u00e9s, avec <b>une d\u00e9viation de 40 km jusqu\u2019\u00e0 Conches-en-Ouche<\/b>.<\/p>\n<p>\u00ab&nbsp;Si les d\u00e9viations poids-lourds sont aussi importantes, c\u2019est parce que <b>nous devons trouver des routes de m\u00eame cat\u00e9gorie<\/b>, qui peuvent absorber le trafic de ces v\u00e9hicules&nbsp;\u00bb, souligne Thierry Plouvier.<\/p>\n<p><i>Suivez toute l\u2019actualit\u00e9 de vos villes et m\u00e9dias favoris en vous inscrivant \u00e0 <a href=\"https:\/\/moncompte.actu.fr\" title=\"D\u00e9couvez Mon Actu\" rel=\"nofollow\" data-trk=\"{&quot;cta&quot;:{&quot;action&quot;:&quot;https:\\\/\\\/moncompte.actu.fr&quot;,&quot;category&quot;:&quot;mon compte&quot;,&quot;from&quot;:&quot;article footer&quot;,&quot;name&quot;:&quot;Mon actu&quot;,&quot;type&quot;:&quot;cta&quot;}}\" target=\"_blank\">Mon Actu<\/a>.<\/i><\/p>\n<p> accidentdutravail-idf.net vous a pr\u00e9par\u00e9 ce post qui informe du sujet \u00ab\u00a0Association Sportive Huisson-Longueville Essonne\u00a0\u00bb. La chronique se veut g\u00e9n\u00e9r\u00e9e du mieux possible. Vous pouvez utiliser les coordonn\u00e9es indiqu\u00e9es sur le site dans le but d\u2019apporter des explications sur ce post qui parle du th\u00e8me \u00ab\u00a0Association Sportive Huisson-Longueville Essonne\u00a0\u00bb. Le site accidentdutravail-idf.net a pour but de fournir diverses publications sur la th\u00e9matique Association Sportive Huisson-Longueville Essonne diffus\u00e9es sur le net. Il y aura plusieurs articles autour du sujet \u00ab\u00a0Association Sportive Huisson-Longueville Essonne\u00a0\u00bb dans quelques jours, nous vous invitons \u00e0 naviguer sur notre site web \u00e0 plusieurs reprises.<\/p>\n","protected":false},"excerpt":{"rendered":"<p>Par serge.velain Publi\u00e9 le 3 juil. 2024 \u00e0 6h46 Voir mon actu Suivre L&rsquo;\u00c9veil Normand Le pont de la SNCF, qui relie \u00e0 Bernay (Eure) la place de Verdun \u00e0 la rue Dupuy, va s\u2019offrir un lifting bien m\u00e9rit\u00e9, le conseil d\u00e9partemental d\u00e9boursant 400 000 \u20ac pour les travaux de r\u00e9novation qui y sont n\u00e9cessaires.&nbsp; &hellip; <\/p>\n<p class=\"link-more\"><a href=\"https:\/\/www.accidentdutravail-idf.net\/blog\/bernay-le-pont-de-la-gare-va-etre-ferme-pour-travaux-du-8-au-26-juillet\/\" class=\"more-link\">Continuer la lecture <span class=\"screen-reader-text\"> \u00ab\u00a0Bernay. Le pont de la gare va \u00eatre ferm\u00e9 pour travaux du 8 au 26 juillet\u00a0\u00bb<\/span><\/a><\/p>\n","protected":false},"author":2,"featured_media":0,"comment_status":"closed","ping_status":"closed","sticky":false,"template":"","format":"standard","meta":{"footnotes":""},"categories":[5],"tags":[],"class_list":["post-518","post","type-post","status-publish","format-standard","hentry","category-securite-du-travail-en-ile-de-france-et-divers","entry"],"yoast_head":"<!-- This site is optimized with the Yoast SEO plugin v27.5 - https:\/\/yoast.com\/product\/yoast-seo-wordpress\/ -->\n<title>Bernay. Le pont de la gare va \u00eatre ferm\u00e9 pour travaux du 8 au 26 juillet - ACCIDENTDUTRAVAIL-IDF<\/title>\n<meta name=\"description\" content=\"Bernay. Le pont de la gare va \u00eatre ferm\u00e9 pour travaux du 8 au 26 juillet article de ACCIDENTDUTRAVAIL-IDF\" \/>\n<meta name=\"robots\" content=\"index, follow, max-snippet:-1, max-image-preview:large, max-video-preview:-1\" \/>\n<link rel=\"canonical\" href=\"https:\/\/www.accidentdutravail-idf.net\/blog\/bernay-le-pont-de-la-gare-va-etre-ferme-pour-travaux-du-8-au-26-juillet\/\" \/>\n<meta property=\"og:locale\" content=\"fr_FR\" \/>\n<meta property=\"og:type\" content=\"article\" \/>\n<meta property=\"og:title\" content=\"Bernay. Le pont de la gare va \u00eatre ferm\u00e9 pour travaux du 8 au 26 juillet - ACCIDENTDUTRAVAIL-IDF\" \/>\n<meta property=\"og:description\" content=\"Bernay. Le pont de la gare va \u00eatre ferm\u00e9 pour travaux du 8 au 26 juillet article de ACCIDENTDUTRAVAIL-IDF\" \/>\n<meta property=\"og:url\" content=\"https:\/\/www.accidentdutravail-idf.net\/blog\/bernay-le-pont-de-la-gare-va-etre-ferme-pour-travaux-du-8-au-26-juillet\/\" \/>\n<meta property=\"og:site_name\" content=\"ACCIDENTDUTRAVAIL-IDF\" \/>\n<meta property=\"article:published_time\" content=\"2024-07-02T21:46:00+00:00\" \/>\n<meta property=\"og:image\" content=\"https:\/\/www.accidentdutravail-idf.net\/blog\/wp-content\/uploads\/2024\/07\/bernay-le-pont-de-la-gare-va-etre-ferme-pour-travaux-du-8-au-26-juillet.jpg\" \/>\n<meta name=\"author\" content=\"Carlos Poulain\" \/>\n<meta name=\"twitter:card\" content=\"summary_large_image\" \/>\n<meta name=\"twitter:label1\" content=\"\u00c9crit par\" \/>\n\t<meta name=\"twitter:data1\" content=\"Carlos Poulain\" \/>\n\t<meta name=\"twitter:label2\" content=\"Dur\u00e9e de lecture estim\u00e9e\" \/>\n\t<meta name=\"twitter:data2\" content=\"3 minutes\" \/>\n<script type=\"application\/ld+json\" class=\"yoast-schema-graph\">{\"@context\":\"https:\\\/\\\/schema.org\",\"@graph\":[{\"@type\":\"Article\",\"@id\":\"https:\\\/\\\/www.accidentdutravail-idf.net\\\/blog\\\/bernay-le-pont-de-la-gare-va-etre-ferme-pour-travaux-du-8-au-26-juillet\\\/#article\",\"isPartOf\":{\"@id\":\"https:\\\/\\\/www.accidentdutravail-idf.net\\\/blog\\\/bernay-le-pont-de-la-gare-va-etre-ferme-pour-travaux-du-8-au-26-juillet\\\/\"},\"author\":{\"name\":\"Carlos Poulain\",\"@id\":\"https:\\\/\\\/www.accidentdutravail-idf.net\\\/blog\\\/#\\\/schema\\\/person\\\/3255d2f970de45e64bd9201f38e7b947\"},\"headline\":\"Bernay. Le pont de la gare va \u00eatre ferm\u00e9 pour travaux du 8 au 26 juillet\",\"datePublished\":\"2024-07-02T21:46:00+00:00\",\"mainEntityOfPage\":{\"@id\":\"https:\\\/\\\/www.accidentdutravail-idf.net\\\/blog\\\/bernay-le-pont-de-la-gare-va-etre-ferme-pour-travaux-du-8-au-26-juillet\\\/\"},\"wordCount\":627,\"publisher\":{\"@id\":\"https:\\\/\\\/www.accidentdutravail-idf.net\\\/blog\\\/#organization\"},\"image\":{\"@id\":\"https:\\\/\\\/www.accidentdutravail-idf.net\\\/blog\\\/bernay-le-pont-de-la-gare-va-etre-ferme-pour-travaux-du-8-au-26-juillet\\\/#primaryimage\"},\"thumbnailUrl\":\"https:\\\/\\\/www.accidentdutravail-idf.net\\\/blog\\\/wp-content\\\/uploads\\\/2024\\\/07\\\/bernay-le-pont-de-la-gare-va-etre-ferme-pour-travaux-du-8-au-26-juillet.jpg\",\"articleSection\":[\"S\u00e9curit\u00e9 Du Travail En Ile-De-France Et Divers:\"],\"inLanguage\":\"fr-FR\"},{\"@type\":\"WebPage\",\"@id\":\"https:\\\/\\\/www.accidentdutravail-idf.net\\\/blog\\\/bernay-le-pont-de-la-gare-va-etre-ferme-pour-travaux-du-8-au-26-juillet\\\/\",\"url\":\"https:\\\/\\\/www.accidentdutravail-idf.net\\\/blog\\\/bernay-le-pont-de-la-gare-va-etre-ferme-pour-travaux-du-8-au-26-juillet\\\/\",\"name\":\"Bernay. Le pont de la gare va \u00eatre ferm\u00e9 pour travaux du 8 au 26 juillet - ACCIDENTDUTRAVAIL-IDF\",\"isPartOf\":{\"@id\":\"https:\\\/\\\/www.accidentdutravail-idf.net\\\/blog\\\/#website\"},\"primaryImageOfPage\":{\"@id\":\"https:\\\/\\\/www.accidentdutravail-idf.net\\\/blog\\\/bernay-le-pont-de-la-gare-va-etre-ferme-pour-travaux-du-8-au-26-juillet\\\/#primaryimage\"},\"image\":{\"@id\":\"https:\\\/\\\/www.accidentdutravail-idf.net\\\/blog\\\/bernay-le-pont-de-la-gare-va-etre-ferme-pour-travaux-du-8-au-26-juillet\\\/#primaryimage\"},\"thumbnailUrl\":\"https:\\\/\\\/www.accidentdutravail-idf.net\\\/blog\\\/wp-content\\\/uploads\\\/2024\\\/07\\\/bernay-le-pont-de-la-gare-va-etre-ferme-pour-travaux-du-8-au-26-juillet.jpg\",\"datePublished\":\"2024-07-02T21:46:00+00:00\",\"description\":\"Bernay. Le pont de la gare va \u00eatre ferm\u00e9 pour travaux du 8 au 26 juillet article de ACCIDENTDUTRAVAIL-IDF\",\"breadcrumb\":{\"@id\":\"https:\\\/\\\/www.accidentdutravail-idf.net\\\/blog\\\/bernay-le-pont-de-la-gare-va-etre-ferme-pour-travaux-du-8-au-26-juillet\\\/#breadcrumb\"},\"inLanguage\":\"fr-FR\",\"potentialAction\":[{\"@type\":\"ReadAction\",\"target\":[\"https:\\\/\\\/www.accidentdutravail-idf.net\\\/blog\\\/bernay-le-pont-de-la-gare-va-etre-ferme-pour-travaux-du-8-au-26-juillet\\\/\"]}]},{\"@type\":\"ImageObject\",\"inLanguage\":\"fr-FR\",\"@id\":\"https:\\\/\\\/www.accidentdutravail-idf.net\\\/blog\\\/bernay-le-pont-de-la-gare-va-etre-ferme-pour-travaux-du-8-au-26-juillet\\\/#primaryimage\",\"url\":\"https:\\\/\\\/www.accidentdutravail-idf.net\\\/blog\\\/wp-content\\\/uploads\\\/2024\\\/07\\\/bernay-le-pont-de-la-gare-va-etre-ferme-pour-travaux-du-8-au-26-juillet.jpg\",\"contentUrl\":\"https:\\\/\\\/www.accidentdutravail-idf.net\\\/blog\\\/wp-content\\\/uploads\\\/2024\\\/07\\\/bernay-le-pont-de-la-gare-va-etre-ferme-pour-travaux-du-8-au-26-juillet.jpg\"},{\"@type\":\"BreadcrumbList\",\"@id\":\"https:\\\/\\\/www.accidentdutravail-idf.net\\\/blog\\\/bernay-le-pont-de-la-gare-va-etre-ferme-pour-travaux-du-8-au-26-juillet\\\/#breadcrumb\",\"itemListElement\":[{\"@type\":\"ListItem\",\"position\":1,\"name\":\"Accueil\",\"item\":\"https:\\\/\\\/www.accidentdutravail-idf.net\\\/blog\\\/\"},{\"@type\":\"ListItem\",\"position\":2,\"name\":\"Bernay. Le pont de la gare va \u00eatre ferm\u00e9 pour travaux du 8 au 26 juillet\"}]},{\"@type\":\"WebSite\",\"@id\":\"https:\\\/\\\/www.accidentdutravail-idf.net\\\/blog\\\/#website\",\"url\":\"https:\\\/\\\/www.accidentdutravail-idf.net\\\/blog\\\/\",\"name\":\"ACCIDENTDUTRAVAIL-IDF\",\"description\":\"Portail accidents du travail-maladies professionnelles des entreprises d&#039;Ile-de-France\",\"publisher\":{\"@id\":\"https:\\\/\\\/www.accidentdutravail-idf.net\\\/blog\\\/#organization\"},\"potentialAction\":[{\"@type\":\"SearchAction\",\"target\":{\"@type\":\"EntryPoint\",\"urlTemplate\":\"https:\\\/\\\/www.accidentdutravail-idf.net\\\/blog\\\/?s={search_term_string}\"},\"query-input\":{\"@type\":\"PropertyValueSpecification\",\"valueRequired\":true,\"valueName\":\"search_term_string\"}}],\"inLanguage\":\"fr-FR\"},{\"@type\":\"Organization\",\"@id\":\"https:\\\/\\\/www.accidentdutravail-idf.net\\\/blog\\\/#organization\",\"name\":\"accidentdutravail-idf\",\"url\":\"https:\\\/\\\/www.accidentdutravail-idf.net\\\/blog\\\/\",\"logo\":{\"@type\":\"ImageObject\",\"inLanguage\":\"fr-FR\",\"@id\":\"https:\\\/\\\/www.accidentdutravail-idf.net\\\/blog\\\/#\\\/schema\\\/logo\\\/image\\\/\",\"url\":\"https:\\\/\\\/www.accidentdutravail-idf.net\\\/blog\\\/wp-content\\\/uploads\\\/2022\\\/09\\\/logo-2.png\",\"contentUrl\":\"https:\\\/\\\/www.accidentdutravail-idf.net\\\/blog\\\/wp-content\\\/uploads\\\/2022\\\/09\\\/logo-2.png\",\"width\":380,\"height\":291,\"caption\":\"accidentdutravail-idf\"},\"image\":{\"@id\":\"https:\\\/\\\/www.accidentdutravail-idf.net\\\/blog\\\/#\\\/schema\\\/logo\\\/image\\\/\"}},{\"@type\":\"Person\",\"@id\":\"https:\\\/\\\/www.accidentdutravail-idf.net\\\/blog\\\/#\\\/schema\\\/person\\\/3255d2f970de45e64bd9201f38e7b947\",\"name\":\"Carlos Poulain\",\"image\":{\"@type\":\"ImageObject\",\"inLanguage\":\"fr-FR\",\"@id\":\"https:\\\/\\\/secure.gravatar.com\\\/avatar\\\/b1c2f9d3588e34e91adb093635df64ef4b2381991216be7576466cfcdca4baf3?s=96&d=mm&r=g\",\"url\":\"https:\\\/\\\/secure.gravatar.com\\\/avatar\\\/b1c2f9d3588e34e91adb093635df64ef4b2381991216be7576466cfcdca4baf3?s=96&d=mm&r=g\",\"contentUrl\":\"https:\\\/\\\/secure.gravatar.com\\\/avatar\\\/b1c2f9d3588e34e91adb093635df64ef4b2381991216be7576466cfcdca4baf3?s=96&d=mm&r=g\",\"caption\":\"Carlos Poulain\"},\"url\":\"https:\\\/\\\/www.accidentdutravail-idf.net\\\/blog\\\/author\\\/idfcarlos\\\/\"}]}<\/script>\n<!-- \/ Yoast SEO plugin. -->","yoast_head_json":{"title":"Bernay. Le pont de la gare va \u00eatre ferm\u00e9 pour travaux du 8 au 26 juillet - ACCIDENTDUTRAVAIL-IDF","description":"Bernay. Le pont de la gare va \u00eatre ferm\u00e9 pour travaux du 8 au 26 juillet article de ACCIDENTDUTRAVAIL-IDF","robots":{"index":"index","follow":"follow","max-snippet":"max-snippet:-1","max-image-preview":"max-image-preview:large","max-video-preview":"max-video-preview:-1"},"canonical":"https:\/\/www.accidentdutravail-idf.net\/blog\/bernay-le-pont-de-la-gare-va-etre-ferme-pour-travaux-du-8-au-26-juillet\/","og_locale":"fr_FR","og_type":"article","og_title":"Bernay. Le pont de la gare va \u00eatre ferm\u00e9 pour travaux du 8 au 26 juillet - ACCIDENTDUTRAVAIL-IDF","og_description":"Bernay. Le pont de la gare va \u00eatre ferm\u00e9 pour travaux du 8 au 26 juillet article de ACCIDENTDUTRAVAIL-IDF","og_url":"https:\/\/www.accidentdutravail-idf.net\/blog\/bernay-le-pont-de-la-gare-va-etre-ferme-pour-travaux-du-8-au-26-juillet\/","og_site_name":"ACCIDENTDUTRAVAIL-IDF","article_published_time":"2024-07-02T21:46:00+00:00","og_image":[{"url":"https:\/\/www.accidentdutravail-idf.net\/blog\/wp-content\/uploads\/2024\/07\/bernay-le-pont-de-la-gare-va-etre-ferme-pour-travaux-du-8-au-26-juillet.jpg","type":"","width":"","height":""}],"author":"Carlos Poulain","twitter_card":"summary_large_image","twitter_misc":{"\u00c9crit par":"Carlos Poulain","Dur\u00e9e de lecture estim\u00e9e":"3 minutes"},"schema":{"@context":"https:\/\/schema.org","@graph":[{"@type":"Article","@id":"https:\/\/www.accidentdutravail-idf.net\/blog\/bernay-le-pont-de-la-gare-va-etre-ferme-pour-travaux-du-8-au-26-juillet\/#article","isPartOf":{"@id":"https:\/\/www.accidentdutravail-idf.net\/blog\/bernay-le-pont-de-la-gare-va-etre-ferme-pour-travaux-du-8-au-26-juillet\/"},"author":{"name":"Carlos Poulain","@id":"https:\/\/www.accidentdutravail-idf.net\/blog\/#\/schema\/person\/3255d2f970de45e64bd9201f38e7b947"},"headline":"Bernay. Le pont de la gare va \u00eatre ferm\u00e9 pour travaux du 8 au 26 juillet","datePublished":"2024-07-02T21:46:00+00:00","mainEntityOfPage":{"@id":"https:\/\/www.accidentdutravail-idf.net\/blog\/bernay-le-pont-de-la-gare-va-etre-ferme-pour-travaux-du-8-au-26-juillet\/"},"wordCount":627,"publisher":{"@id":"https:\/\/www.accidentdutravail-idf.net\/blog\/#organization"},"image":{"@id":"https:\/\/www.accidentdutravail-idf.net\/blog\/bernay-le-pont-de-la-gare-va-etre-ferme-pour-travaux-du-8-au-26-juillet\/#primaryimage"},"thumbnailUrl":"https:\/\/www.accidentdutravail-idf.net\/blog\/wp-content\/uploads\/2024\/07\/bernay-le-pont-de-la-gare-va-etre-ferme-pour-travaux-du-8-au-26-juillet.jpg","articleSection":["S\u00e9curit\u00e9 Du Travail En Ile-De-France Et Divers:"],"inLanguage":"fr-FR"},{"@type":"WebPage","@id":"https:\/\/www.accidentdutravail-idf.net\/blog\/bernay-le-pont-de-la-gare-va-etre-ferme-pour-travaux-du-8-au-26-juillet\/","url":"https:\/\/www.accidentdutravail-idf.net\/blog\/bernay-le-pont-de-la-gare-va-etre-ferme-pour-travaux-du-8-au-26-juillet\/","name":"Bernay. Le pont de la gare va \u00eatre ferm\u00e9 pour travaux du 8 au 26 juillet - ACCIDENTDUTRAVAIL-IDF","isPartOf":{"@id":"https:\/\/www.accidentdutravail-idf.net\/blog\/#website"},"primaryImageOfPage":{"@id":"https:\/\/www.accidentdutravail-idf.net\/blog\/bernay-le-pont-de-la-gare-va-etre-ferme-pour-travaux-du-8-au-26-juillet\/#primaryimage"},"image":{"@id":"https:\/\/www.accidentdutravail-idf.net\/blog\/bernay-le-pont-de-la-gare-va-etre-ferme-pour-travaux-du-8-au-26-juillet\/#primaryimage"},"thumbnailUrl":"https:\/\/www.accidentdutravail-idf.net\/blog\/wp-content\/uploads\/2024\/07\/bernay-le-pont-de-la-gare-va-etre-ferme-pour-travaux-du-8-au-26-juillet.jpg","datePublished":"2024-07-02T21:46:00+00:00","description":"Bernay. Le pont de la gare va \u00eatre ferm\u00e9 pour travaux du 8 au 26 juillet article de ACCIDENTDUTRAVAIL-IDF","breadcrumb":{"@id":"https:\/\/www.accidentdutravail-idf.net\/blog\/bernay-le-pont-de-la-gare-va-etre-ferme-pour-travaux-du-8-au-26-juillet\/#breadcrumb"},"inLanguage":"fr-FR","potentialAction":[{"@type":"ReadAction","target":["https:\/\/www.accidentdutravail-idf.net\/blog\/bernay-le-pont-de-la-gare-va-etre-ferme-pour-travaux-du-8-au-26-juillet\/"]}]},{"@type":"ImageObject","inLanguage":"fr-FR","@id":"https:\/\/www.accidentdutravail-idf.net\/blog\/bernay-le-pont-de-la-gare-va-etre-ferme-pour-travaux-du-8-au-26-juillet\/#primaryimage","url":"https:\/\/www.accidentdutravail-idf.net\/blog\/wp-content\/uploads\/2024\/07\/bernay-le-pont-de-la-gare-va-etre-ferme-pour-travaux-du-8-au-26-juillet.jpg","contentUrl":"https:\/\/www.accidentdutravail-idf.net\/blog\/wp-content\/uploads\/2024\/07\/bernay-le-pont-de-la-gare-va-etre-ferme-pour-travaux-du-8-au-26-juillet.jpg"},{"@type":"BreadcrumbList","@id":"https:\/\/www.accidentdutravail-idf.net\/blog\/bernay-le-pont-de-la-gare-va-etre-ferme-pour-travaux-du-8-au-26-juillet\/#breadcrumb","itemListElement":[{"@type":"ListItem","position":1,"name":"Accueil","item":"https:\/\/www.accidentdutravail-idf.net\/blog\/"},{"@type":"ListItem","position":2,"name":"Bernay. Le pont de la gare va \u00eatre ferm\u00e9 pour travaux du 8 au 26 juillet"}]},{"@type":"WebSite","@id":"https:\/\/www.accidentdutravail-idf.net\/blog\/#website","url":"https:\/\/www.accidentdutravail-idf.net\/blog\/","name":"ACCIDENTDUTRAVAIL-IDF","description":"Portail accidents du travail-maladies professionnelles des entreprises d&#039;Ile-de-France","publisher":{"@id":"https:\/\/www.accidentdutravail-idf.net\/blog\/#organization"},"potentialAction":[{"@type":"SearchAction","target":{"@type":"EntryPoint","urlTemplate":"https:\/\/www.accidentdutravail-idf.net\/blog\/?s={search_term_string}"},"query-input":{"@type":"PropertyValueSpecification","valueRequired":true,"valueName":"search_term_string"}}],"inLanguage":"fr-FR"},{"@type":"Organization","@id":"https:\/\/www.accidentdutravail-idf.net\/blog\/#organization","name":"accidentdutravail-idf","url":"https:\/\/www.accidentdutravail-idf.net\/blog\/","logo":{"@type":"ImageObject","inLanguage":"fr-FR","@id":"https:\/\/www.accidentdutravail-idf.net\/blog\/#\/schema\/logo\/image\/","url":"https:\/\/www.accidentdutravail-idf.net\/blog\/wp-content\/uploads\/2022\/09\/logo-2.png","contentUrl":"https:\/\/www.accidentdutravail-idf.net\/blog\/wp-content\/uploads\/2022\/09\/logo-2.png","width":380,"height":291,"caption":"accidentdutravail-idf"},"image":{"@id":"https:\/\/www.accidentdutravail-idf.net\/blog\/#\/schema\/logo\/image\/"}},{"@type":"Person","@id":"https:\/\/www.accidentdutravail-idf.net\/blog\/#\/schema\/person\/3255d2f970de45e64bd9201f38e7b947","name":"Carlos Poulain","image":{"@type":"ImageObject","inLanguage":"fr-FR","@id":"https:\/\/secure.gravatar.com\/avatar\/b1c2f9d3588e34e91adb093635df64ef4b2381991216be7576466cfcdca4baf3?s=96&d=mm&r=g","url":"https:\/\/secure.gravatar.com\/avatar\/b1c2f9d3588e34e91adb093635df64ef4b2381991216be7576466cfcdca4baf3?s=96&d=mm&r=g","contentUrl":"https:\/\/secure.gravatar.com\/avatar\/b1c2f9d3588e34e91adb093635df64ef4b2381991216be7576466cfcdca4baf3?s=96&d=mm&r=g","caption":"Carlos Poulain"},"url":"https:\/\/www.accidentdutravail-idf.net\/blog\/author\/idfcarlos\/"}]}},"_links":{"self":[{"href":"https:\/\/www.accidentdutravail-idf.net\/blog\/wp-json\/wp\/v2\/posts\/518","targetHints":{"allow":["GET"]}}],"collection":[{"href":"https:\/\/www.accidentdutravail-idf.net\/blog\/wp-json\/wp\/v2\/posts"}],"about":[{"href":"https:\/\/www.accidentdutravail-idf.net\/blog\/wp-json\/wp\/v2\/types\/post"}],"author":[{"embeddable":true,"href":"https:\/\/www.accidentdutravail-idf.net\/blog\/wp-json\/wp\/v2\/users\/2"}],"replies":[{"embeddable":true,"href":"https:\/\/www.accidentdutravail-idf.net\/blog\/wp-json\/wp\/v2\/comments?post=518"}],"version-history":[{"count":0,"href":"https:\/\/www.accidentdutravail-idf.net\/blog\/wp-json\/wp\/v2\/posts\/518\/revisions"}],"wp:attachment":[{"href":"https:\/\/www.accidentdutravail-idf.net\/blog\/wp-json\/wp\/v2\/media?parent=518"}],"wp:term":[{"taxonomy":"category","embeddable":true,"href":"https:\/\/www.accidentdutravail-idf.net\/blog\/wp-json\/wp\/v2\/categories?post=518"},{"taxonomy":"post_tag","embeddable":true,"href":"https:\/\/www.accidentdutravail-idf.net\/blog\/wp-json\/wp\/v2\/tags?post=518"}],"curies":[{"name":"wp","href":"https:\/\/api.w.org\/{rel}","templated":true}]}}