{"id":510,"date":"2024-06-29T12:01:00","date_gmt":"2024-06-29T10:01:00","guid":{"rendered":"https:\/\/www.accidentdutravail-idf.net\/blog\/les-jambes-ecrasees-lors-dun-accident-de-travail-le-dur-et-long-combat-de-nicolas\/"},"modified":"2024-06-29T12:01:00","modified_gmt":"2024-06-29T10:01:00","slug":"les-jambes-ecrasees-lors-dun-accident-de-travail-le-dur-et-long-combat-de-nicolas","status":"publish","type":"post","link":"https:\/\/www.accidentdutravail-idf.net\/blog\/les-jambes-ecrasees-lors-dun-accident-de-travail-le-dur-et-long-combat-de-nicolas\/","title":{"rendered":"Les jambes \u00e9cras\u00e9es lors d\u2019un accident de travail, le dur et long combat de Nicolas"},"content":{"rendered":"<p> <span class=\"article-full__chapo-label hide-on-small-only\">l&rsquo;essentiel<\/span> Mi-avril \u00e0 Muret, un chauffeur a \u00e9t\u00e9 percut\u00e9 par un engin qui reculait. Bloqu\u00e9es contre son camion, ses deux jambes ont \u00e9t\u00e9 fracass\u00e9es. Apr\u00e8s une longue op\u00e9ration, Nicolas r\u00e9apprend \u00e0 marcher et soigne son moral dans un centre de r\u00e9\u00e9ducation, \u00e0 Colomiers. <\/p>\n<div data-state=\"fixed-height\" data-selection=\"disabled\"> <!-- Pub DFP Position [outstream] --> <\/p>\n<p>Les pouss\u00e9es des bras font avancer le fauteuil roulant dans les couloirs du Cabirol, \u00e0 Colomiers. Jambe gauche \u00e0 l\u2019horizontale bloqu\u00e9e dans une attelle, Nicolas Pinton sort de sa deuxi\u00e8me s\u00e9ance de kin\u00e9 quotidienne. \u00ab\u00a0C\u2019est&nbsp;dur\u00a0\u00bb, pr\u00e9vient ce chauffeur poids lourd. \u00ab\u00a0L\u2019accident \u00e7a fait plus de deux mois. Mais seul, je n\u2019arrive toujours pas \u00e0 marcher, m\u00eame avec des b\u00e9quilles.\u00a0\u00bb<\/p>\n<p>Son sourire ne cache ni la douleur, ni la col\u00e8re. \u00ab\u00a0Je serais mieux chez moi. Mais tant que je ne suis pas autonome, les m\u00e9decins ne veulent pas me l\u00e2cher. Faut que je progresse.\u00a0\u00bb Le d\u00e9fi&nbsp;est&nbsp;lanc\u00e9. Cet homme solide r\u00eave de son jardin \u00ab\u00a0en piteux \u00e9tat\u00a0\u00bb et de ses petits-enfants. \u00ab\u00a0Ils sont venus me voir mais, bon, ce n\u2019est&nbsp;pas pareil\u00a0\u00bb.<\/p>\n<p><!-- Pub DFP Position [article] --> <\/p>\n<h2 class=\"txt-int\">\u00ab\u00a0Le gars a recul\u00e9 \u00e0 toute vitesse\u00a0\u00bb<\/h2>\n<p>Le jeudi 18&nbsp;avril, au volant de son camion, il venait de d\u00e9charger de la terre dans une gravi\u00e8re de Muret. \u00ab\u00a0Je connais bien, j\u2019y vais souvent. Quand je suis arriv\u00e9, le chargeur se trouvait loin. J\u2019ai vid\u00e9 ma benne et suis descendu pour voir s\u2019il ne restait rien \u00e0 l\u2019int\u00e9rieur.\u00a0\u00bb<\/p>\n<p>Le drame s\u2019est&nbsp;jou\u00e9 \u00e0 ce moment-l\u00e0, en quelques secondes. \u00ab\u00a0Le type a recul\u00e9 \u00e0 toute vitesse. Je n\u2019ai rien vu, rien&nbsp;entendu. Pourtant il y a des alarmes, une cam\u00e9ra de recul \u00e9quipe l\u2019engin. Je me suis retrouv\u00e9 dans la boue, par terre. Au d\u00e9part je n\u2019avais m\u00eame pas mal\u2026\u00a0\u00bb<\/p>\n<div class=\"center-align\" data-protec-aida=\"image\">\n<figure class=\"std-img\" data-src=\"https:\/\/images.ladepeche.fr\/api\/v1\/images\/view\/667fc27bacb39418c01e0cd2\/original\/image.jpg?v=1\"> <img class=\"std-img__img responsive-img\" data-src=\"https:\/\/www.accidentdutravail-idf.net\/blog\/wp-content\/uploads\/2024\/06\/les-jambes-ecrasees-lors-dun-accident-de-travail-le-dur-et-long-combat-de-nicolas.jpg\" alt=\"En reculant, c\u2019est cet engin qui a percut\u00e9 Nicolas.\"><figcaption class=\"article-full__media-infos\"> <span class=\"article-full__media-legend\">En reculant, c\u2019est cet engin qui a percut\u00e9 Nicolas.<\/span> <span class=\"article-full__media-author\">DDM, &#8211; DR<\/span> <\/figcaption><\/figure>\n<\/div>\n<p>Pourtant son f\u00e9mur gauche venait de percer la peau de sa cuisse. Son tibia et son p\u00e9ron\u00e9 droit \u00e9taient fracass\u00e9s. \u00ab\u00a0Mes ligaments du genou gauche ont aussi c\u00e9d\u00e9\u00a0\u00bb, pr\u00e9cise la victime qui, pendant de tr\u00e8s longues minutes, a essay\u00e9 de donner l\u2019alerte. \u00ab\u00a0Personne ne me voyait et la douleur montait, horrible.\u00a0\u00bb<\/p>\n<p>Un autre chauffeur l\u2019a enfin aper\u00e7u. Pompiers et m\u00e9decin du Smur l\u2019ont \u00e9vacu\u00e9 vers l\u2019h\u00f4pital Purpan et les chirurgiens sp\u00e9cialis\u00e9s en orthop\u00e9die. Huit heures (!) d\u2019op\u00e9ration, dix jours d\u2019hospitalisation et des douleurs envahissantes. \u00ab\u00a0Je ne supportais ni la morphine, ni&nbsp;les anti-inflammatoires. J\u2019ai d\u00e9gust\u00e9. Par moments, m\u00eame encore aujourd\u2019hui, je me dis que j\u2019aurais mieux fait d\u2019y passer.\u00a0\u00bb<\/p>\n<div class=\"center-align\" data-protec-aida=\"image\">\n<figure class=\"std-img\" data-src=\"https:\/\/images.ladepeche.fr\/api\/v1\/images\/view\/667fc2feaac919722326de19\/original\/image.jpg?v=1\"> <img class=\"std-img__img responsive-img\" data-src=\"https:\/\/www.accidentdutravail-idf.net\/blog\/wp-content\/uploads\/2024\/06\/les-jambes-ecrasees-lors-dun-accident-de-travail-le-dur-et-long-combat-de-nicolas-1.jpg\" alt=\"Nicolas se trouvait sur le marchepied \u00e0 l\u2019arri\u00e8re de son camion quand il a \u00e9t\u00e9 percut\u00e9.\"><figcaption class=\"article-full__media-infos\"> <span class=\"article-full__media-legend\">Nicolas se trouvait sur le marchepied \u00e0 l\u2019arri\u00e8re de son camion quand il a \u00e9t\u00e9 percut\u00e9.<\/span> <span class=\"article-full__media-author\">DDM, &#8211; DR.<\/span> <\/figcaption><\/figure>\n<\/div>\n<h2 class=\"txt-int\">\u00ab\u00a0Faut que j\u2019arrive \u00e0 remarcher&nbsp;!\u00a0\u00bb<\/h2>\n<p>Sa femme lui fait les gros yeux quand il verbalise cette angoisse. Mais ces pens\u00e9es n\u00e9gatives, les s\u00e9ances de r\u00e9\u00e9ducation et les progr\u00e8s, longs \u00e0 se concr\u00e9tiser, ont du mal \u00e0 les chasser.<\/p>\n<p>\u00ab\u00a0Je souffre, je dors mal, je m\u2019angoisse, je ne r\u00e9ponds m\u00eame plus au t\u00e9l\u00e9phone. Mon m\u00e9tier, je l\u2019adorais. J\u2019avais un super patron qui a d\u2019ailleurs \u00e9t\u00e9 top lors de l\u2019accident. Je courrais trois fois par semaine. Je jardinais. J\u2019\u00e9tais hyperactif. L\u00e0&nbsp;? J\u2019ai perdu 10&nbsp;kg, je n\u2019ai plus de muscle, je ne peux pas rentrer chez moi et&nbsp;j\u2019ignore si je vais pouvoir retravailler.\u00a0\u00bb<\/p>\n<p>La voix se bloque, quelques larmes troublent ses yeux. Nicolas respire. \u00ab\u00a0J\u2019ai m\u00eame annul\u00e9&nbsp;mes vacances, la respiration de toute la famille\u2026 Faut que j\u2019arrive \u00e0 remarcher. Je rentrerai&nbsp;chez moi et je reviendrai, en h\u00f4pital&nbsp;de jour. Malheureusement les s\u00e9ances de kin\u00e9 sont loin d\u2019\u00eatre finies.\u00a0\u00bb<\/p>\n<p>Le sourire revient. Apr\u00e8s il faudra penser aux assurances, peut-\u00eatre \u00e0&nbsp;la justice avec l\u2019appuie de Me Alexandre Martin pour mesurer les cons\u00e9quences de cet accident \u00ab\u00a0qui n\u2019aurait pas d\u00fb arriver. Le gars n\u2019a pas \u00e9t\u00e9 vigilant. Les gendarmes sont venus me poser des questions. Ils voulaient savoir si j\u2019avais mon baudrier, mon gilet jaune. Je n\u2019en sais rien. Une chose est s\u00fbre&nbsp;: j\u2019avais mes deux jambes. Aujourd\u2019hui j\u2019essaye juste&nbsp;de les r\u00e9cup\u00e9rer.\u00a0\u00bb<\/p>\n<\/p><\/div>\n<p>accidentdutravail-idf.net vous a pr\u00e9par\u00e9 ce post qui informe du sujet \u00ab\u00a0Association Sportive Huisson-Longueville Essonne\u00a0\u00bb. La chronique se veut g\u00e9n\u00e9r\u00e9e du mieux possible. Vous pouvez utiliser les coordonn\u00e9es indiqu\u00e9es sur le site dans le but d\u2019apporter des explications sur ce post qui parle du th\u00e8me \u00ab\u00a0Association Sportive Huisson-Longueville Essonne\u00a0\u00bb. Le site accidentdutravail-idf.net a pour but de fournir diverses publications sur la th\u00e9matique Association Sportive Huisson-Longueville Essonne diffus\u00e9es sur le net. Il y aura plusieurs articles autour du sujet \u00ab\u00a0Association Sportive Huisson-Longueville Essonne\u00a0\u00bb dans quelques jours, nous vous invitons \u00e0 naviguer sur notre site web \u00e0 plusieurs reprises.<\/p>\n","protected":false},"excerpt":{"rendered":"<p>l&rsquo;essentiel Mi-avril \u00e0 Muret, un chauffeur a \u00e9t\u00e9 percut\u00e9 par un engin qui reculait. Bloqu\u00e9es contre son camion, ses deux jambes ont \u00e9t\u00e9 fracass\u00e9es. Apr\u00e8s une longue op\u00e9ration, Nicolas r\u00e9apprend \u00e0 marcher et soigne son moral dans un centre de r\u00e9\u00e9ducation, \u00e0 Colomiers. Les pouss\u00e9es des bras font avancer le fauteuil roulant dans les couloirs &hellip; <\/p>\n<p class=\"link-more\"><a href=\"https:\/\/www.accidentdutravail-idf.net\/blog\/les-jambes-ecrasees-lors-dun-accident-de-travail-le-dur-et-long-combat-de-nicolas\/\" class=\"more-link\">Continuer la lecture <span class=\"screen-reader-text\"> \u00ab\u00a0Les jambes \u00e9cras\u00e9es lors d\u2019un accident de travail, le dur et long combat de Nicolas\u00a0\u00bb<\/span><\/a><\/p>\n","protected":false},"author":2,"featured_media":0,"comment_status":"closed","ping_status":"closed","sticky":false,"template":"","format":"standard","meta":{"footnotes":""},"categories":[5],"tags":[],"class_list":["post-510","post","type-post","status-publish","format-standard","hentry","category-securite-du-travail-en-ile-de-france-et-divers","entry"],"yoast_head":"<!-- This site is optimized with the Yoast SEO plugin v27.5 - https:\/\/yoast.com\/product\/yoast-seo-wordpress\/ -->\n<title>Les jambes \u00e9cras\u00e9es lors d\u2019un accident de travail, le dur et long combat de Nicolas - ACCIDENTDUTRAVAIL-IDF<\/title>\n<meta name=\"description\" content=\"Les jambes \u00e9cras\u00e9es lors d\u2019un accident de travail, le dur et long combat de Nicolas article de ACCIDENTDUTRAVAIL-IDF\" \/>\n<meta name=\"robots\" content=\"index, follow, max-snippet:-1, max-image-preview:large, max-video-preview:-1\" \/>\n<link rel=\"canonical\" href=\"https:\/\/www.accidentdutravail-idf.net\/blog\/les-jambes-ecrasees-lors-dun-accident-de-travail-le-dur-et-long-combat-de-nicolas\/\" \/>\n<meta property=\"og:locale\" content=\"fr_FR\" \/>\n<meta property=\"og:type\" content=\"article\" \/>\n<meta property=\"og:title\" content=\"Les jambes \u00e9cras\u00e9es lors d\u2019un accident de travail, le dur et long combat de Nicolas - ACCIDENTDUTRAVAIL-IDF\" \/>\n<meta property=\"og:description\" content=\"Les jambes \u00e9cras\u00e9es lors d\u2019un accident de travail, le dur et long combat de Nicolas article de ACCIDENTDUTRAVAIL-IDF\" \/>\n<meta property=\"og:url\" content=\"https:\/\/www.accidentdutravail-idf.net\/blog\/les-jambes-ecrasees-lors-dun-accident-de-travail-le-dur-et-long-combat-de-nicolas\/\" \/>\n<meta property=\"og:site_name\" content=\"ACCIDENTDUTRAVAIL-IDF\" \/>\n<meta property=\"article:published_time\" content=\"2024-06-29T10:01:00+00:00\" \/>\n<meta property=\"og:image\" content=\"https:\/\/www.accidentdutravail-idf.net\/blog\/wp-content\/uploads\/2024\/06\/les-jambes-ecrasees-lors-dun-accident-de-travail-le-dur-et-long-combat-de-nicolas.jpg\" \/>\n<meta name=\"author\" content=\"Carlos Poulain\" \/>\n<meta name=\"twitter:card\" content=\"summary_large_image\" \/>\n<meta name=\"twitter:label1\" content=\"\u00c9crit par\" \/>\n\t<meta name=\"twitter:data1\" content=\"Carlos Poulain\" \/>\n\t<meta name=\"twitter:label2\" content=\"Dur\u00e9e de lecture estim\u00e9e\" \/>\n\t<meta name=\"twitter:data2\" content=\"4 minutes\" \/>\n<script type=\"application\/ld+json\" class=\"yoast-schema-graph\">{\"@context\":\"https:\\\/\\\/schema.org\",\"@graph\":[{\"@type\":\"Article\",\"@id\":\"https:\\\/\\\/www.accidentdutravail-idf.net\\\/blog\\\/les-jambes-ecrasees-lors-dun-accident-de-travail-le-dur-et-long-combat-de-nicolas\\\/#article\",\"isPartOf\":{\"@id\":\"https:\\\/\\\/www.accidentdutravail-idf.net\\\/blog\\\/les-jambes-ecrasees-lors-dun-accident-de-travail-le-dur-et-long-combat-de-nicolas\\\/\"},\"author\":{\"name\":\"Carlos Poulain\",\"@id\":\"https:\\\/\\\/www.accidentdutravail-idf.net\\\/blog\\\/#\\\/schema\\\/person\\\/3255d2f970de45e64bd9201f38e7b947\"},\"headline\":\"Les jambes \u00e9cras\u00e9es lors d\u2019un accident de travail, le dur et long combat de Nicolas\",\"datePublished\":\"2024-06-29T10:01:00+00:00\",\"mainEntityOfPage\":{\"@id\":\"https:\\\/\\\/www.accidentdutravail-idf.net\\\/blog\\\/les-jambes-ecrasees-lors-dun-accident-de-travail-le-dur-et-long-combat-de-nicolas\\\/\"},\"wordCount\":865,\"publisher\":{\"@id\":\"https:\\\/\\\/www.accidentdutravail-idf.net\\\/blog\\\/#organization\"},\"image\":{\"@id\":\"https:\\\/\\\/www.accidentdutravail-idf.net\\\/blog\\\/les-jambes-ecrasees-lors-dun-accident-de-travail-le-dur-et-long-combat-de-nicolas\\\/#primaryimage\"},\"thumbnailUrl\":\"https:\\\/\\\/www.accidentdutravail-idf.net\\\/blog\\\/wp-content\\\/uploads\\\/2024\\\/06\\\/les-jambes-ecrasees-lors-dun-accident-de-travail-le-dur-et-long-combat-de-nicolas.jpg\",\"articleSection\":[\"S\u00e9curit\u00e9 Du Travail En Ile-De-France Et Divers:\"],\"inLanguage\":\"fr-FR\"},{\"@type\":\"WebPage\",\"@id\":\"https:\\\/\\\/www.accidentdutravail-idf.net\\\/blog\\\/les-jambes-ecrasees-lors-dun-accident-de-travail-le-dur-et-long-combat-de-nicolas\\\/\",\"url\":\"https:\\\/\\\/www.accidentdutravail-idf.net\\\/blog\\\/les-jambes-ecrasees-lors-dun-accident-de-travail-le-dur-et-long-combat-de-nicolas\\\/\",\"name\":\"Les jambes \u00e9cras\u00e9es lors d\u2019un accident de travail, le dur et long combat de Nicolas - ACCIDENTDUTRAVAIL-IDF\",\"isPartOf\":{\"@id\":\"https:\\\/\\\/www.accidentdutravail-idf.net\\\/blog\\\/#website\"},\"primaryImageOfPage\":{\"@id\":\"https:\\\/\\\/www.accidentdutravail-idf.net\\\/blog\\\/les-jambes-ecrasees-lors-dun-accident-de-travail-le-dur-et-long-combat-de-nicolas\\\/#primaryimage\"},\"image\":{\"@id\":\"https:\\\/\\\/www.accidentdutravail-idf.net\\\/blog\\\/les-jambes-ecrasees-lors-dun-accident-de-travail-le-dur-et-long-combat-de-nicolas\\\/#primaryimage\"},\"thumbnailUrl\":\"https:\\\/\\\/www.accidentdutravail-idf.net\\\/blog\\\/wp-content\\\/uploads\\\/2024\\\/06\\\/les-jambes-ecrasees-lors-dun-accident-de-travail-le-dur-et-long-combat-de-nicolas.jpg\",\"datePublished\":\"2024-06-29T10:01:00+00:00\",\"description\":\"Les jambes \u00e9cras\u00e9es lors d\u2019un accident de travail, le dur et long combat de Nicolas article de ACCIDENTDUTRAVAIL-IDF\",\"breadcrumb\":{\"@id\":\"https:\\\/\\\/www.accidentdutravail-idf.net\\\/blog\\\/les-jambes-ecrasees-lors-dun-accident-de-travail-le-dur-et-long-combat-de-nicolas\\\/#breadcrumb\"},\"inLanguage\":\"fr-FR\",\"potentialAction\":[{\"@type\":\"ReadAction\",\"target\":[\"https:\\\/\\\/www.accidentdutravail-idf.net\\\/blog\\\/les-jambes-ecrasees-lors-dun-accident-de-travail-le-dur-et-long-combat-de-nicolas\\\/\"]}]},{\"@type\":\"ImageObject\",\"inLanguage\":\"fr-FR\",\"@id\":\"https:\\\/\\\/www.accidentdutravail-idf.net\\\/blog\\\/les-jambes-ecrasees-lors-dun-accident-de-travail-le-dur-et-long-combat-de-nicolas\\\/#primaryimage\",\"url\":\"https:\\\/\\\/www.accidentdutravail-idf.net\\\/blog\\\/wp-content\\\/uploads\\\/2024\\\/06\\\/les-jambes-ecrasees-lors-dun-accident-de-travail-le-dur-et-long-combat-de-nicolas.jpg\",\"contentUrl\":\"https:\\\/\\\/www.accidentdutravail-idf.net\\\/blog\\\/wp-content\\\/uploads\\\/2024\\\/06\\\/les-jambes-ecrasees-lors-dun-accident-de-travail-le-dur-et-long-combat-de-nicolas.jpg\"},{\"@type\":\"BreadcrumbList\",\"@id\":\"https:\\\/\\\/www.accidentdutravail-idf.net\\\/blog\\\/les-jambes-ecrasees-lors-dun-accident-de-travail-le-dur-et-long-combat-de-nicolas\\\/#breadcrumb\",\"itemListElement\":[{\"@type\":\"ListItem\",\"position\":1,\"name\":\"Accueil\",\"item\":\"https:\\\/\\\/www.accidentdutravail-idf.net\\\/blog\\\/\"},{\"@type\":\"ListItem\",\"position\":2,\"name\":\"Les jambes \u00e9cras\u00e9es lors d\u2019un accident de travail, le dur et long combat de Nicolas\"}]},{\"@type\":\"WebSite\",\"@id\":\"https:\\\/\\\/www.accidentdutravail-idf.net\\\/blog\\\/#website\",\"url\":\"https:\\\/\\\/www.accidentdutravail-idf.net\\\/blog\\\/\",\"name\":\"ACCIDENTDUTRAVAIL-IDF\",\"description\":\"Portail accidents du travail-maladies professionnelles des entreprises d&#039;Ile-de-France\",\"publisher\":{\"@id\":\"https:\\\/\\\/www.accidentdutravail-idf.net\\\/blog\\\/#organization\"},\"potentialAction\":[{\"@type\":\"SearchAction\",\"target\":{\"@type\":\"EntryPoint\",\"urlTemplate\":\"https:\\\/\\\/www.accidentdutravail-idf.net\\\/blog\\\/?s={search_term_string}\"},\"query-input\":{\"@type\":\"PropertyValueSpecification\",\"valueRequired\":true,\"valueName\":\"search_term_string\"}}],\"inLanguage\":\"fr-FR\"},{\"@type\":\"Organization\",\"@id\":\"https:\\\/\\\/www.accidentdutravail-idf.net\\\/blog\\\/#organization\",\"name\":\"accidentdutravail-idf\",\"url\":\"https:\\\/\\\/www.accidentdutravail-idf.net\\\/blog\\\/\",\"logo\":{\"@type\":\"ImageObject\",\"inLanguage\":\"fr-FR\",\"@id\":\"https:\\\/\\\/www.accidentdutravail-idf.net\\\/blog\\\/#\\\/schema\\\/logo\\\/image\\\/\",\"url\":\"https:\\\/\\\/www.accidentdutravail-idf.net\\\/blog\\\/wp-content\\\/uploads\\\/2022\\\/09\\\/logo-2.png\",\"contentUrl\":\"https:\\\/\\\/www.accidentdutravail-idf.net\\\/blog\\\/wp-content\\\/uploads\\\/2022\\\/09\\\/logo-2.png\",\"width\":380,\"height\":291,\"caption\":\"accidentdutravail-idf\"},\"image\":{\"@id\":\"https:\\\/\\\/www.accidentdutravail-idf.net\\\/blog\\\/#\\\/schema\\\/logo\\\/image\\\/\"}},{\"@type\":\"Person\",\"@id\":\"https:\\\/\\\/www.accidentdutravail-idf.net\\\/blog\\\/#\\\/schema\\\/person\\\/3255d2f970de45e64bd9201f38e7b947\",\"name\":\"Carlos Poulain\",\"image\":{\"@type\":\"ImageObject\",\"inLanguage\":\"fr-FR\",\"@id\":\"https:\\\/\\\/secure.gravatar.com\\\/avatar\\\/b1c2f9d3588e34e91adb093635df64ef4b2381991216be7576466cfcdca4baf3?s=96&d=mm&r=g\",\"url\":\"https:\\\/\\\/secure.gravatar.com\\\/avatar\\\/b1c2f9d3588e34e91adb093635df64ef4b2381991216be7576466cfcdca4baf3?s=96&d=mm&r=g\",\"contentUrl\":\"https:\\\/\\\/secure.gravatar.com\\\/avatar\\\/b1c2f9d3588e34e91adb093635df64ef4b2381991216be7576466cfcdca4baf3?s=96&d=mm&r=g\",\"caption\":\"Carlos Poulain\"},\"url\":\"https:\\\/\\\/www.accidentdutravail-idf.net\\\/blog\\\/author\\\/idfcarlos\\\/\"}]}<\/script>\n<!-- \/ Yoast SEO plugin. -->","yoast_head_json":{"title":"Les jambes \u00e9cras\u00e9es lors d\u2019un accident de travail, le dur et long combat de Nicolas - ACCIDENTDUTRAVAIL-IDF","description":"Les jambes \u00e9cras\u00e9es lors d\u2019un accident de travail, le dur et long combat de Nicolas article de ACCIDENTDUTRAVAIL-IDF","robots":{"index":"index","follow":"follow","max-snippet":"max-snippet:-1","max-image-preview":"max-image-preview:large","max-video-preview":"max-video-preview:-1"},"canonical":"https:\/\/www.accidentdutravail-idf.net\/blog\/les-jambes-ecrasees-lors-dun-accident-de-travail-le-dur-et-long-combat-de-nicolas\/","og_locale":"fr_FR","og_type":"article","og_title":"Les jambes \u00e9cras\u00e9es lors d\u2019un accident de travail, le dur et long combat de Nicolas - ACCIDENTDUTRAVAIL-IDF","og_description":"Les jambes \u00e9cras\u00e9es lors d\u2019un accident de travail, le dur et long combat de Nicolas article de ACCIDENTDUTRAVAIL-IDF","og_url":"https:\/\/www.accidentdutravail-idf.net\/blog\/les-jambes-ecrasees-lors-dun-accident-de-travail-le-dur-et-long-combat-de-nicolas\/","og_site_name":"ACCIDENTDUTRAVAIL-IDF","article_published_time":"2024-06-29T10:01:00+00:00","og_image":[{"url":"https:\/\/www.accidentdutravail-idf.net\/blog\/wp-content\/uploads\/2024\/06\/les-jambes-ecrasees-lors-dun-accident-de-travail-le-dur-et-long-combat-de-nicolas.jpg","type":"","width":"","height":""}],"author":"Carlos Poulain","twitter_card":"summary_large_image","twitter_misc":{"\u00c9crit par":"Carlos Poulain","Dur\u00e9e de lecture estim\u00e9e":"4 minutes"},"schema":{"@context":"https:\/\/schema.org","@graph":[{"@type":"Article","@id":"https:\/\/www.accidentdutravail-idf.net\/blog\/les-jambes-ecrasees-lors-dun-accident-de-travail-le-dur-et-long-combat-de-nicolas\/#article","isPartOf":{"@id":"https:\/\/www.accidentdutravail-idf.net\/blog\/les-jambes-ecrasees-lors-dun-accident-de-travail-le-dur-et-long-combat-de-nicolas\/"},"author":{"name":"Carlos Poulain","@id":"https:\/\/www.accidentdutravail-idf.net\/blog\/#\/schema\/person\/3255d2f970de45e64bd9201f38e7b947"},"headline":"Les jambes \u00e9cras\u00e9es lors d\u2019un accident de travail, le dur et long combat de Nicolas","datePublished":"2024-06-29T10:01:00+00:00","mainEntityOfPage":{"@id":"https:\/\/www.accidentdutravail-idf.net\/blog\/les-jambes-ecrasees-lors-dun-accident-de-travail-le-dur-et-long-combat-de-nicolas\/"},"wordCount":865,"publisher":{"@id":"https:\/\/www.accidentdutravail-idf.net\/blog\/#organization"},"image":{"@id":"https:\/\/www.accidentdutravail-idf.net\/blog\/les-jambes-ecrasees-lors-dun-accident-de-travail-le-dur-et-long-combat-de-nicolas\/#primaryimage"},"thumbnailUrl":"https:\/\/www.accidentdutravail-idf.net\/blog\/wp-content\/uploads\/2024\/06\/les-jambes-ecrasees-lors-dun-accident-de-travail-le-dur-et-long-combat-de-nicolas.jpg","articleSection":["S\u00e9curit\u00e9 Du Travail En Ile-De-France Et Divers:"],"inLanguage":"fr-FR"},{"@type":"WebPage","@id":"https:\/\/www.accidentdutravail-idf.net\/blog\/les-jambes-ecrasees-lors-dun-accident-de-travail-le-dur-et-long-combat-de-nicolas\/","url":"https:\/\/www.accidentdutravail-idf.net\/blog\/les-jambes-ecrasees-lors-dun-accident-de-travail-le-dur-et-long-combat-de-nicolas\/","name":"Les jambes \u00e9cras\u00e9es lors d\u2019un accident de travail, le dur et long combat de Nicolas - ACCIDENTDUTRAVAIL-IDF","isPartOf":{"@id":"https:\/\/www.accidentdutravail-idf.net\/blog\/#website"},"primaryImageOfPage":{"@id":"https:\/\/www.accidentdutravail-idf.net\/blog\/les-jambes-ecrasees-lors-dun-accident-de-travail-le-dur-et-long-combat-de-nicolas\/#primaryimage"},"image":{"@id":"https:\/\/www.accidentdutravail-idf.net\/blog\/les-jambes-ecrasees-lors-dun-accident-de-travail-le-dur-et-long-combat-de-nicolas\/#primaryimage"},"thumbnailUrl":"https:\/\/www.accidentdutravail-idf.net\/blog\/wp-content\/uploads\/2024\/06\/les-jambes-ecrasees-lors-dun-accident-de-travail-le-dur-et-long-combat-de-nicolas.jpg","datePublished":"2024-06-29T10:01:00+00:00","description":"Les jambes \u00e9cras\u00e9es lors d\u2019un accident de travail, le dur et long combat de Nicolas article de ACCIDENTDUTRAVAIL-IDF","breadcrumb":{"@id":"https:\/\/www.accidentdutravail-idf.net\/blog\/les-jambes-ecrasees-lors-dun-accident-de-travail-le-dur-et-long-combat-de-nicolas\/#breadcrumb"},"inLanguage":"fr-FR","potentialAction":[{"@type":"ReadAction","target":["https:\/\/www.accidentdutravail-idf.net\/blog\/les-jambes-ecrasees-lors-dun-accident-de-travail-le-dur-et-long-combat-de-nicolas\/"]}]},{"@type":"ImageObject","inLanguage":"fr-FR","@id":"https:\/\/www.accidentdutravail-idf.net\/blog\/les-jambes-ecrasees-lors-dun-accident-de-travail-le-dur-et-long-combat-de-nicolas\/#primaryimage","url":"https:\/\/www.accidentdutravail-idf.net\/blog\/wp-content\/uploads\/2024\/06\/les-jambes-ecrasees-lors-dun-accident-de-travail-le-dur-et-long-combat-de-nicolas.jpg","contentUrl":"https:\/\/www.accidentdutravail-idf.net\/blog\/wp-content\/uploads\/2024\/06\/les-jambes-ecrasees-lors-dun-accident-de-travail-le-dur-et-long-combat-de-nicolas.jpg"},{"@type":"BreadcrumbList","@id":"https:\/\/www.accidentdutravail-idf.net\/blog\/les-jambes-ecrasees-lors-dun-accident-de-travail-le-dur-et-long-combat-de-nicolas\/#breadcrumb","itemListElement":[{"@type":"ListItem","position":1,"name":"Accueil","item":"https:\/\/www.accidentdutravail-idf.net\/blog\/"},{"@type":"ListItem","position":2,"name":"Les jambes \u00e9cras\u00e9es lors d\u2019un accident de travail, le dur et long combat de Nicolas"}]},{"@type":"WebSite","@id":"https:\/\/www.accidentdutravail-idf.net\/blog\/#website","url":"https:\/\/www.accidentdutravail-idf.net\/blog\/","name":"ACCIDENTDUTRAVAIL-IDF","description":"Portail accidents du travail-maladies professionnelles des entreprises d&#039;Ile-de-France","publisher":{"@id":"https:\/\/www.accidentdutravail-idf.net\/blog\/#organization"},"potentialAction":[{"@type":"SearchAction","target":{"@type":"EntryPoint","urlTemplate":"https:\/\/www.accidentdutravail-idf.net\/blog\/?s={search_term_string}"},"query-input":{"@type":"PropertyValueSpecification","valueRequired":true,"valueName":"search_term_string"}}],"inLanguage":"fr-FR"},{"@type":"Organization","@id":"https:\/\/www.accidentdutravail-idf.net\/blog\/#organization","name":"accidentdutravail-idf","url":"https:\/\/www.accidentdutravail-idf.net\/blog\/","logo":{"@type":"ImageObject","inLanguage":"fr-FR","@id":"https:\/\/www.accidentdutravail-idf.net\/blog\/#\/schema\/logo\/image\/","url":"https:\/\/www.accidentdutravail-idf.net\/blog\/wp-content\/uploads\/2022\/09\/logo-2.png","contentUrl":"https:\/\/www.accidentdutravail-idf.net\/blog\/wp-content\/uploads\/2022\/09\/logo-2.png","width":380,"height":291,"caption":"accidentdutravail-idf"},"image":{"@id":"https:\/\/www.accidentdutravail-idf.net\/blog\/#\/schema\/logo\/image\/"}},{"@type":"Person","@id":"https:\/\/www.accidentdutravail-idf.net\/blog\/#\/schema\/person\/3255d2f970de45e64bd9201f38e7b947","name":"Carlos Poulain","image":{"@type":"ImageObject","inLanguage":"fr-FR","@id":"https:\/\/secure.gravatar.com\/avatar\/b1c2f9d3588e34e91adb093635df64ef4b2381991216be7576466cfcdca4baf3?s=96&d=mm&r=g","url":"https:\/\/secure.gravatar.com\/avatar\/b1c2f9d3588e34e91adb093635df64ef4b2381991216be7576466cfcdca4baf3?s=96&d=mm&r=g","contentUrl":"https:\/\/secure.gravatar.com\/avatar\/b1c2f9d3588e34e91adb093635df64ef4b2381991216be7576466cfcdca4baf3?s=96&d=mm&r=g","caption":"Carlos Poulain"},"url":"https:\/\/www.accidentdutravail-idf.net\/blog\/author\/idfcarlos\/"}]}},"_links":{"self":[{"href":"https:\/\/www.accidentdutravail-idf.net\/blog\/wp-json\/wp\/v2\/posts\/510","targetHints":{"allow":["GET"]}}],"collection":[{"href":"https:\/\/www.accidentdutravail-idf.net\/blog\/wp-json\/wp\/v2\/posts"}],"about":[{"href":"https:\/\/www.accidentdutravail-idf.net\/blog\/wp-json\/wp\/v2\/types\/post"}],"author":[{"embeddable":true,"href":"https:\/\/www.accidentdutravail-idf.net\/blog\/wp-json\/wp\/v2\/users\/2"}],"replies":[{"embeddable":true,"href":"https:\/\/www.accidentdutravail-idf.net\/blog\/wp-json\/wp\/v2\/comments?post=510"}],"version-history":[{"count":0,"href":"https:\/\/www.accidentdutravail-idf.net\/blog\/wp-json\/wp\/v2\/posts\/510\/revisions"}],"wp:attachment":[{"href":"https:\/\/www.accidentdutravail-idf.net\/blog\/wp-json\/wp\/v2\/media?parent=510"}],"wp:term":[{"taxonomy":"category","embeddable":true,"href":"https:\/\/www.accidentdutravail-idf.net\/blog\/wp-json\/wp\/v2\/categories?post=510"},{"taxonomy":"post_tag","embeddable":true,"href":"https:\/\/www.accidentdutravail-idf.net\/blog\/wp-json\/wp\/v2\/tags?post=510"}],"curies":[{"name":"wp","href":"https:\/\/api.w.org\/{rel}","templated":true}]}}