{"id":507,"date":"2024-06-26T19:01:00","date_gmt":"2024-06-26T17:01:00","guid":{"rendered":"https:\/\/www.accidentdutravail-idf.net\/blog\/accident-mortel-du-travail-le-sucrier-cristal-union-condamne-pour-homicide-involontaire\/"},"modified":"2024-06-26T19:01:00","modified_gmt":"2024-06-26T17:01:00","slug":"accident-mortel-du-travail-le-sucrier-cristal-union-condamne-pour-homicide-involontaire","status":"publish","type":"post","link":"https:\/\/www.accidentdutravail-idf.net\/blog\/accident-mortel-du-travail-le-sucrier-cristal-union-condamne-pour-homicide-involontaire\/","title":{"rendered":"Accident mortel du travail : le sucrier Cristal Union condamn\u00e9 pour homicide involontaire"},"content":{"rendered":"<p>Le tribunal judiciaire de Strasbourg a condamn\u00e9 le groupe sucrier \u00e0 60&nbsp;000&nbsp;euros d\u2019amende pour \u00ab&nbsp;homicide involontaire&nbsp;\u00bb, confirmant une information des \u00ab&nbsp;Derni\u00e8res nouvelles d\u2019Alsace&nbsp;\u00bb.<\/p>\n<div class=\"related-article related-article-premium base-margin-bottom\"> <span class=\"badge\">Sur le m\u00eame sujet<\/span> <\/p>\n<div class=\"image-on-right-1-4 mobile-image-on-right-1-4\">\n<section class=\"article\">\n<div class=\"inner-article\">\n<figure> <a href=\"https:\/\/www.sudouest.fr\/economie\/accidents-du-travail-ces-morts-que-l-on-ne-voit-pas-14352139.php\" title=\"Accidents du travail&nbsp;: ces morts que l\u2019on ne voit pas\" target=\"_blank\" rel=\"nofollow\"> <img decoding=\"async\" src=\"https:\/\/www.accidentdutravail-idf.net\/blog\/wp-content\/uploads\/2024\/06\/accident-mortel-du-travail-le-sucrier-cristal-union-condamne-pour-homicide-involontaire.jpg\" alt=\"Accidents du travail&nbsp;: ces morts que l\u2019on ne voit pas\"> <\/a> <\/figure>\n<div class=\"article-wrapper\"> <a href=\"https:\/\/www.sudouest.fr\/economie\/accidents-du-travail-ces-morts-que-l-on-ne-voit-pas-14352139.php\" title=\"Accidents du travail&nbsp;: ces morts que l\u2019on ne voit pas\" target=\"_blank\" rel=\"nofollow\"> <\/p>\n<p> Accidents du travail&nbsp;: ces morts que l\u2019on ne voit pas <\/p>\n<p> <\/a> <\/p>\n<p> Deux salari\u00e9s meurent au travail chaque jour. Depuis quatre ans, un prof d\u2019histoire recense ces victimes pour alerter l\u2019opinion. Son livre pointe les d\u00e9faillances du syst\u00e8me et plaide pour am\u00e9liorer la pr\u00e9vention dans les entreprises <\/p>\n<\/p><\/div>\n<\/p><\/div>\n<\/section><\/div>\n<\/div>\n<div class=\"related-article related-article-premium base-margin-bottom\"> <span class=\"badge\">Sur le m\u00eame sujet<\/span> <\/div>\n<p>Selon un repr\u00e9sentant du groupe pr\u00e9sent \u00e0 l\u2019audience et cit\u00e9 par le quotidien, le risque n\u2019avait \u00ab&nbsp;pas \u00e9t\u00e9 identifi\u00e9&nbsp;\u00bb sur le lieu de l\u2019accident.<\/p>\n<h2 class=\"article-subtitle\">Usine en d\u00e9labrement<\/h2>\n<p>\u00ab&nbsp;L\u2019usine \u00e9tait vraiment en d\u00e9labrement. Et il n\u2019y avait pas de s\u00e9curit\u00e9. S\u2019il y avait eu des barri\u00e8res de protection, l\u2019accident ne serait pas arriv\u00e9&nbsp;\u00bb, a d\u00e9clar\u00e9 le p\u00e8re de la victime, qui s\u2019est rendu sur place \u00e0 deux reprises. \u00c2g\u00e9 de 81&nbsp;ans, il vivait seul avec son fils jusqu\u2019\u00e0 son d\u00e9c\u00e8s. Il a regrett\u00e9 d\u2019avoir \u00e9t\u00e9 pr\u00e9venu de la tenue du proc\u00e8s seulement deux jours avant, ce qui ne lui a pas permis d\u2019assister \u00e0 l\u2019audience.<\/p>\n<p>Au moins sept travailleurs ont trouv\u00e9 la mort sur les sites de Cristal Union depuis 2010 en France, dont plusieurs cordistes, d\u2019apr\u00e8s l\u2019association Cordistes en col\u00e8re, cordistes solidaires.<\/p>\n<p> accidentdutravail-idf.net vous a pr\u00e9par\u00e9 ce post qui informe du sujet \u00ab\u00a0Association Sportive Huisson-Longueville Essonne\u00a0\u00bb. La chronique se veut g\u00e9n\u00e9r\u00e9e du mieux possible. Vous pouvez utiliser les coordonn\u00e9es indiqu\u00e9es sur le site dans le but d\u2019apporter des explications sur ce post qui parle du th\u00e8me \u00ab\u00a0Association Sportive Huisson-Longueville Essonne\u00a0\u00bb. Le site accidentdutravail-idf.net a pour but de fournir diverses publications sur la th\u00e9matique Association Sportive Huisson-Longueville Essonne diffus\u00e9es sur le net. Il y aura plusieurs articles autour du sujet \u00ab\u00a0Association Sportive Huisson-Longueville Essonne\u00a0\u00bb dans quelques jours, nous vous invitons \u00e0 naviguer sur notre site web \u00e0 plusieurs reprises.<\/p>\n","protected":false},"excerpt":{"rendered":"<p>Le tribunal judiciaire de Strasbourg a condamn\u00e9 le groupe sucrier \u00e0 60&nbsp;000&nbsp;euros d\u2019amende pour \u00ab&nbsp;homicide involontaire&nbsp;\u00bb, confirmant une information des \u00ab&nbsp;Derni\u00e8res nouvelles d\u2019Alsace&nbsp;\u00bb. Sur le m\u00eame sujet Accidents du travail&nbsp;: ces morts que l\u2019on ne voit pas Deux salari\u00e9s meurent au travail chaque jour. Depuis quatre ans, un prof d\u2019histoire recense ces victimes pour alerter &hellip; <\/p>\n<p class=\"link-more\"><a href=\"https:\/\/www.accidentdutravail-idf.net\/blog\/accident-mortel-du-travail-le-sucrier-cristal-union-condamne-pour-homicide-involontaire\/\" class=\"more-link\">Continuer la lecture <span class=\"screen-reader-text\"> \u00ab\u00a0Accident mortel du travail : le sucrier Cristal Union condamn\u00e9 pour homicide involontaire\u00a0\u00bb<\/span><\/a><\/p>\n","protected":false},"author":2,"featured_media":0,"comment_status":"closed","ping_status":"closed","sticky":false,"template":"","format":"standard","meta":{"footnotes":""},"categories":[5],"tags":[],"class_list":["post-507","post","type-post","status-publish","format-standard","hentry","category-securite-du-travail-en-ile-de-france-et-divers","entry"],"yoast_head":"<!-- This site is optimized with the Yoast SEO plugin v27.5 - https:\/\/yoast.com\/product\/yoast-seo-wordpress\/ -->\n<title>Accident mortel du travail : le sucrier Cristal Union condamn\u00e9 pour homicide involontaire - ACCIDENTDUTRAVAIL-IDF<\/title>\n<meta name=\"description\" content=\"Accident mortel du travail : le sucrier Cristal Union condamn\u00e9 pour homicide involontaire article de ACCIDENTDUTRAVAIL-IDF\" \/>\n<meta name=\"robots\" content=\"index, follow, max-snippet:-1, max-image-preview:large, max-video-preview:-1\" \/>\n<link rel=\"canonical\" href=\"https:\/\/www.accidentdutravail-idf.net\/blog\/accident-mortel-du-travail-le-sucrier-cristal-union-condamne-pour-homicide-involontaire\/\" \/>\n<meta property=\"og:locale\" content=\"fr_FR\" \/>\n<meta property=\"og:type\" content=\"article\" \/>\n<meta property=\"og:title\" content=\"Accident mortel du travail : le sucrier Cristal Union condamn\u00e9 pour homicide involontaire - ACCIDENTDUTRAVAIL-IDF\" \/>\n<meta property=\"og:description\" content=\"Accident mortel du travail : le sucrier Cristal Union condamn\u00e9 pour homicide involontaire article de ACCIDENTDUTRAVAIL-IDF\" \/>\n<meta property=\"og:url\" content=\"https:\/\/www.accidentdutravail-idf.net\/blog\/accident-mortel-du-travail-le-sucrier-cristal-union-condamne-pour-homicide-involontaire\/\" \/>\n<meta property=\"og:site_name\" content=\"ACCIDENTDUTRAVAIL-IDF\" \/>\n<meta property=\"article:published_time\" content=\"2024-06-26T17:01:00+00:00\" \/>\n<meta property=\"og:image\" content=\"https:\/\/www.accidentdutravail-idf.net\/blog\/wp-content\/uploads\/2024\/06\/accident-mortel-du-travail-le-sucrier-cristal-union-condamne-pour-homicide-involontaire.jpg\" \/>\n<meta name=\"author\" content=\"Carlos Poulain\" \/>\n<meta name=\"twitter:card\" content=\"summary_large_image\" \/>\n<meta name=\"twitter:label1\" content=\"\u00c9crit par\" \/>\n\t<meta name=\"twitter:data1\" content=\"Carlos Poulain\" \/>\n\t<meta name=\"twitter:label2\" content=\"Dur\u00e9e de lecture estim\u00e9e\" \/>\n\t<meta name=\"twitter:data2\" content=\"2 minutes\" \/>\n<script type=\"application\/ld+json\" class=\"yoast-schema-graph\">{\"@context\":\"https:\\\/\\\/schema.org\",\"@graph\":[{\"@type\":\"Article\",\"@id\":\"https:\\\/\\\/www.accidentdutravail-idf.net\\\/blog\\\/accident-mortel-du-travail-le-sucrier-cristal-union-condamne-pour-homicide-involontaire\\\/#article\",\"isPartOf\":{\"@id\":\"https:\\\/\\\/www.accidentdutravail-idf.net\\\/blog\\\/accident-mortel-du-travail-le-sucrier-cristal-union-condamne-pour-homicide-involontaire\\\/\"},\"author\":{\"name\":\"Carlos Poulain\",\"@id\":\"https:\\\/\\\/www.accidentdutravail-idf.net\\\/blog\\\/#\\\/schema\\\/person\\\/3255d2f970de45e64bd9201f38e7b947\"},\"headline\":\"Accident mortel du travail : le sucrier Cristal Union condamn\u00e9 pour homicide involontaire\",\"datePublished\":\"2024-06-26T17:01:00+00:00\",\"mainEntityOfPage\":{\"@id\":\"https:\\\/\\\/www.accidentdutravail-idf.net\\\/blog\\\/accident-mortel-du-travail-le-sucrier-cristal-union-condamne-pour-homicide-involontaire\\\/\"},\"wordCount\":373,\"publisher\":{\"@id\":\"https:\\\/\\\/www.accidentdutravail-idf.net\\\/blog\\\/#organization\"},\"image\":{\"@id\":\"https:\\\/\\\/www.accidentdutravail-idf.net\\\/blog\\\/accident-mortel-du-travail-le-sucrier-cristal-union-condamne-pour-homicide-involontaire\\\/#primaryimage\"},\"thumbnailUrl\":\"https:\\\/\\\/www.accidentdutravail-idf.net\\\/blog\\\/wp-content\\\/uploads\\\/2024\\\/06\\\/accident-mortel-du-travail-le-sucrier-cristal-union-condamne-pour-homicide-involontaire.jpg\",\"articleSection\":[\"S\u00e9curit\u00e9 Du Travail En Ile-De-France Et Divers:\"],\"inLanguage\":\"fr-FR\"},{\"@type\":\"WebPage\",\"@id\":\"https:\\\/\\\/www.accidentdutravail-idf.net\\\/blog\\\/accident-mortel-du-travail-le-sucrier-cristal-union-condamne-pour-homicide-involontaire\\\/\",\"url\":\"https:\\\/\\\/www.accidentdutravail-idf.net\\\/blog\\\/accident-mortel-du-travail-le-sucrier-cristal-union-condamne-pour-homicide-involontaire\\\/\",\"name\":\"Accident mortel du travail : le sucrier Cristal Union condamn\u00e9 pour homicide involontaire - ACCIDENTDUTRAVAIL-IDF\",\"isPartOf\":{\"@id\":\"https:\\\/\\\/www.accidentdutravail-idf.net\\\/blog\\\/#website\"},\"primaryImageOfPage\":{\"@id\":\"https:\\\/\\\/www.accidentdutravail-idf.net\\\/blog\\\/accident-mortel-du-travail-le-sucrier-cristal-union-condamne-pour-homicide-involontaire\\\/#primaryimage\"},\"image\":{\"@id\":\"https:\\\/\\\/www.accidentdutravail-idf.net\\\/blog\\\/accident-mortel-du-travail-le-sucrier-cristal-union-condamne-pour-homicide-involontaire\\\/#primaryimage\"},\"thumbnailUrl\":\"https:\\\/\\\/www.accidentdutravail-idf.net\\\/blog\\\/wp-content\\\/uploads\\\/2024\\\/06\\\/accident-mortel-du-travail-le-sucrier-cristal-union-condamne-pour-homicide-involontaire.jpg\",\"datePublished\":\"2024-06-26T17:01:00+00:00\",\"description\":\"Accident mortel du travail : le sucrier Cristal Union condamn\u00e9 pour homicide involontaire article de ACCIDENTDUTRAVAIL-IDF\",\"breadcrumb\":{\"@id\":\"https:\\\/\\\/www.accidentdutravail-idf.net\\\/blog\\\/accident-mortel-du-travail-le-sucrier-cristal-union-condamne-pour-homicide-involontaire\\\/#breadcrumb\"},\"inLanguage\":\"fr-FR\",\"potentialAction\":[{\"@type\":\"ReadAction\",\"target\":[\"https:\\\/\\\/www.accidentdutravail-idf.net\\\/blog\\\/accident-mortel-du-travail-le-sucrier-cristal-union-condamne-pour-homicide-involontaire\\\/\"]}]},{\"@type\":\"ImageObject\",\"inLanguage\":\"fr-FR\",\"@id\":\"https:\\\/\\\/www.accidentdutravail-idf.net\\\/blog\\\/accident-mortel-du-travail-le-sucrier-cristal-union-condamne-pour-homicide-involontaire\\\/#primaryimage\",\"url\":\"https:\\\/\\\/www.accidentdutravail-idf.net\\\/blog\\\/wp-content\\\/uploads\\\/2024\\\/06\\\/accident-mortel-du-travail-le-sucrier-cristal-union-condamne-pour-homicide-involontaire.jpg\",\"contentUrl\":\"https:\\\/\\\/www.accidentdutravail-idf.net\\\/blog\\\/wp-content\\\/uploads\\\/2024\\\/06\\\/accident-mortel-du-travail-le-sucrier-cristal-union-condamne-pour-homicide-involontaire.jpg\"},{\"@type\":\"BreadcrumbList\",\"@id\":\"https:\\\/\\\/www.accidentdutravail-idf.net\\\/blog\\\/accident-mortel-du-travail-le-sucrier-cristal-union-condamne-pour-homicide-involontaire\\\/#breadcrumb\",\"itemListElement\":[{\"@type\":\"ListItem\",\"position\":1,\"name\":\"Accueil\",\"item\":\"https:\\\/\\\/www.accidentdutravail-idf.net\\\/blog\\\/\"},{\"@type\":\"ListItem\",\"position\":2,\"name\":\"Accident mortel du travail : le sucrier Cristal Union condamn\u00e9 pour homicide involontaire\"}]},{\"@type\":\"WebSite\",\"@id\":\"https:\\\/\\\/www.accidentdutravail-idf.net\\\/blog\\\/#website\",\"url\":\"https:\\\/\\\/www.accidentdutravail-idf.net\\\/blog\\\/\",\"name\":\"ACCIDENTDUTRAVAIL-IDF\",\"description\":\"Portail accidents du travail-maladies professionnelles des entreprises d&#039;Ile-de-France\",\"publisher\":{\"@id\":\"https:\\\/\\\/www.accidentdutravail-idf.net\\\/blog\\\/#organization\"},\"potentialAction\":[{\"@type\":\"SearchAction\",\"target\":{\"@type\":\"EntryPoint\",\"urlTemplate\":\"https:\\\/\\\/www.accidentdutravail-idf.net\\\/blog\\\/?s={search_term_string}\"},\"query-input\":{\"@type\":\"PropertyValueSpecification\",\"valueRequired\":true,\"valueName\":\"search_term_string\"}}],\"inLanguage\":\"fr-FR\"},{\"@type\":\"Organization\",\"@id\":\"https:\\\/\\\/www.accidentdutravail-idf.net\\\/blog\\\/#organization\",\"name\":\"accidentdutravail-idf\",\"url\":\"https:\\\/\\\/www.accidentdutravail-idf.net\\\/blog\\\/\",\"logo\":{\"@type\":\"ImageObject\",\"inLanguage\":\"fr-FR\",\"@id\":\"https:\\\/\\\/www.accidentdutravail-idf.net\\\/blog\\\/#\\\/schema\\\/logo\\\/image\\\/\",\"url\":\"https:\\\/\\\/www.accidentdutravail-idf.net\\\/blog\\\/wp-content\\\/uploads\\\/2022\\\/09\\\/logo-2.png\",\"contentUrl\":\"https:\\\/\\\/www.accidentdutravail-idf.net\\\/blog\\\/wp-content\\\/uploads\\\/2022\\\/09\\\/logo-2.png\",\"width\":380,\"height\":291,\"caption\":\"accidentdutravail-idf\"},\"image\":{\"@id\":\"https:\\\/\\\/www.accidentdutravail-idf.net\\\/blog\\\/#\\\/schema\\\/logo\\\/image\\\/\"}},{\"@type\":\"Person\",\"@id\":\"https:\\\/\\\/www.accidentdutravail-idf.net\\\/blog\\\/#\\\/schema\\\/person\\\/3255d2f970de45e64bd9201f38e7b947\",\"name\":\"Carlos Poulain\",\"image\":{\"@type\":\"ImageObject\",\"inLanguage\":\"fr-FR\",\"@id\":\"https:\\\/\\\/secure.gravatar.com\\\/avatar\\\/b1c2f9d3588e34e91adb093635df64ef4b2381991216be7576466cfcdca4baf3?s=96&d=mm&r=g\",\"url\":\"https:\\\/\\\/secure.gravatar.com\\\/avatar\\\/b1c2f9d3588e34e91adb093635df64ef4b2381991216be7576466cfcdca4baf3?s=96&d=mm&r=g\",\"contentUrl\":\"https:\\\/\\\/secure.gravatar.com\\\/avatar\\\/b1c2f9d3588e34e91adb093635df64ef4b2381991216be7576466cfcdca4baf3?s=96&d=mm&r=g\",\"caption\":\"Carlos Poulain\"},\"url\":\"https:\\\/\\\/www.accidentdutravail-idf.net\\\/blog\\\/author\\\/idfcarlos\\\/\"}]}<\/script>\n<!-- \/ Yoast SEO plugin. -->","yoast_head_json":{"title":"Accident mortel du travail : le sucrier Cristal Union condamn\u00e9 pour homicide involontaire - ACCIDENTDUTRAVAIL-IDF","description":"Accident mortel du travail : le sucrier Cristal Union condamn\u00e9 pour homicide involontaire article de ACCIDENTDUTRAVAIL-IDF","robots":{"index":"index","follow":"follow","max-snippet":"max-snippet:-1","max-image-preview":"max-image-preview:large","max-video-preview":"max-video-preview:-1"},"canonical":"https:\/\/www.accidentdutravail-idf.net\/blog\/accident-mortel-du-travail-le-sucrier-cristal-union-condamne-pour-homicide-involontaire\/","og_locale":"fr_FR","og_type":"article","og_title":"Accident mortel du travail : le sucrier Cristal Union condamn\u00e9 pour homicide involontaire - ACCIDENTDUTRAVAIL-IDF","og_description":"Accident mortel du travail : le sucrier Cristal Union condamn\u00e9 pour homicide involontaire article de ACCIDENTDUTRAVAIL-IDF","og_url":"https:\/\/www.accidentdutravail-idf.net\/blog\/accident-mortel-du-travail-le-sucrier-cristal-union-condamne-pour-homicide-involontaire\/","og_site_name":"ACCIDENTDUTRAVAIL-IDF","article_published_time":"2024-06-26T17:01:00+00:00","og_image":[{"url":"https:\/\/www.accidentdutravail-idf.net\/blog\/wp-content\/uploads\/2024\/06\/accident-mortel-du-travail-le-sucrier-cristal-union-condamne-pour-homicide-involontaire.jpg","type":"","width":"","height":""}],"author":"Carlos Poulain","twitter_card":"summary_large_image","twitter_misc":{"\u00c9crit par":"Carlos Poulain","Dur\u00e9e de lecture estim\u00e9e":"2 minutes"},"schema":{"@context":"https:\/\/schema.org","@graph":[{"@type":"Article","@id":"https:\/\/www.accidentdutravail-idf.net\/blog\/accident-mortel-du-travail-le-sucrier-cristal-union-condamne-pour-homicide-involontaire\/#article","isPartOf":{"@id":"https:\/\/www.accidentdutravail-idf.net\/blog\/accident-mortel-du-travail-le-sucrier-cristal-union-condamne-pour-homicide-involontaire\/"},"author":{"name":"Carlos Poulain","@id":"https:\/\/www.accidentdutravail-idf.net\/blog\/#\/schema\/person\/3255d2f970de45e64bd9201f38e7b947"},"headline":"Accident mortel du travail : le sucrier Cristal Union condamn\u00e9 pour homicide involontaire","datePublished":"2024-06-26T17:01:00+00:00","mainEntityOfPage":{"@id":"https:\/\/www.accidentdutravail-idf.net\/blog\/accident-mortel-du-travail-le-sucrier-cristal-union-condamne-pour-homicide-involontaire\/"},"wordCount":373,"publisher":{"@id":"https:\/\/www.accidentdutravail-idf.net\/blog\/#organization"},"image":{"@id":"https:\/\/www.accidentdutravail-idf.net\/blog\/accident-mortel-du-travail-le-sucrier-cristal-union-condamne-pour-homicide-involontaire\/#primaryimage"},"thumbnailUrl":"https:\/\/www.accidentdutravail-idf.net\/blog\/wp-content\/uploads\/2024\/06\/accident-mortel-du-travail-le-sucrier-cristal-union-condamne-pour-homicide-involontaire.jpg","articleSection":["S\u00e9curit\u00e9 Du Travail En Ile-De-France Et Divers:"],"inLanguage":"fr-FR"},{"@type":"WebPage","@id":"https:\/\/www.accidentdutravail-idf.net\/blog\/accident-mortel-du-travail-le-sucrier-cristal-union-condamne-pour-homicide-involontaire\/","url":"https:\/\/www.accidentdutravail-idf.net\/blog\/accident-mortel-du-travail-le-sucrier-cristal-union-condamne-pour-homicide-involontaire\/","name":"Accident mortel du travail : le sucrier Cristal Union condamn\u00e9 pour homicide involontaire - ACCIDENTDUTRAVAIL-IDF","isPartOf":{"@id":"https:\/\/www.accidentdutravail-idf.net\/blog\/#website"},"primaryImageOfPage":{"@id":"https:\/\/www.accidentdutravail-idf.net\/blog\/accident-mortel-du-travail-le-sucrier-cristal-union-condamne-pour-homicide-involontaire\/#primaryimage"},"image":{"@id":"https:\/\/www.accidentdutravail-idf.net\/blog\/accident-mortel-du-travail-le-sucrier-cristal-union-condamne-pour-homicide-involontaire\/#primaryimage"},"thumbnailUrl":"https:\/\/www.accidentdutravail-idf.net\/blog\/wp-content\/uploads\/2024\/06\/accident-mortel-du-travail-le-sucrier-cristal-union-condamne-pour-homicide-involontaire.jpg","datePublished":"2024-06-26T17:01:00+00:00","description":"Accident mortel du travail : le sucrier Cristal Union condamn\u00e9 pour homicide involontaire article de ACCIDENTDUTRAVAIL-IDF","breadcrumb":{"@id":"https:\/\/www.accidentdutravail-idf.net\/blog\/accident-mortel-du-travail-le-sucrier-cristal-union-condamne-pour-homicide-involontaire\/#breadcrumb"},"inLanguage":"fr-FR","potentialAction":[{"@type":"ReadAction","target":["https:\/\/www.accidentdutravail-idf.net\/blog\/accident-mortel-du-travail-le-sucrier-cristal-union-condamne-pour-homicide-involontaire\/"]}]},{"@type":"ImageObject","inLanguage":"fr-FR","@id":"https:\/\/www.accidentdutravail-idf.net\/blog\/accident-mortel-du-travail-le-sucrier-cristal-union-condamne-pour-homicide-involontaire\/#primaryimage","url":"https:\/\/www.accidentdutravail-idf.net\/blog\/wp-content\/uploads\/2024\/06\/accident-mortel-du-travail-le-sucrier-cristal-union-condamne-pour-homicide-involontaire.jpg","contentUrl":"https:\/\/www.accidentdutravail-idf.net\/blog\/wp-content\/uploads\/2024\/06\/accident-mortel-du-travail-le-sucrier-cristal-union-condamne-pour-homicide-involontaire.jpg"},{"@type":"BreadcrumbList","@id":"https:\/\/www.accidentdutravail-idf.net\/blog\/accident-mortel-du-travail-le-sucrier-cristal-union-condamne-pour-homicide-involontaire\/#breadcrumb","itemListElement":[{"@type":"ListItem","position":1,"name":"Accueil","item":"https:\/\/www.accidentdutravail-idf.net\/blog\/"},{"@type":"ListItem","position":2,"name":"Accident mortel du travail : le sucrier Cristal Union condamn\u00e9 pour homicide involontaire"}]},{"@type":"WebSite","@id":"https:\/\/www.accidentdutravail-idf.net\/blog\/#website","url":"https:\/\/www.accidentdutravail-idf.net\/blog\/","name":"ACCIDENTDUTRAVAIL-IDF","description":"Portail accidents du travail-maladies professionnelles des entreprises d&#039;Ile-de-France","publisher":{"@id":"https:\/\/www.accidentdutravail-idf.net\/blog\/#organization"},"potentialAction":[{"@type":"SearchAction","target":{"@type":"EntryPoint","urlTemplate":"https:\/\/www.accidentdutravail-idf.net\/blog\/?s={search_term_string}"},"query-input":{"@type":"PropertyValueSpecification","valueRequired":true,"valueName":"search_term_string"}}],"inLanguage":"fr-FR"},{"@type":"Organization","@id":"https:\/\/www.accidentdutravail-idf.net\/blog\/#organization","name":"accidentdutravail-idf","url":"https:\/\/www.accidentdutravail-idf.net\/blog\/","logo":{"@type":"ImageObject","inLanguage":"fr-FR","@id":"https:\/\/www.accidentdutravail-idf.net\/blog\/#\/schema\/logo\/image\/","url":"https:\/\/www.accidentdutravail-idf.net\/blog\/wp-content\/uploads\/2022\/09\/logo-2.png","contentUrl":"https:\/\/www.accidentdutravail-idf.net\/blog\/wp-content\/uploads\/2022\/09\/logo-2.png","width":380,"height":291,"caption":"accidentdutravail-idf"},"image":{"@id":"https:\/\/www.accidentdutravail-idf.net\/blog\/#\/schema\/logo\/image\/"}},{"@type":"Person","@id":"https:\/\/www.accidentdutravail-idf.net\/blog\/#\/schema\/person\/3255d2f970de45e64bd9201f38e7b947","name":"Carlos Poulain","image":{"@type":"ImageObject","inLanguage":"fr-FR","@id":"https:\/\/secure.gravatar.com\/avatar\/b1c2f9d3588e34e91adb093635df64ef4b2381991216be7576466cfcdca4baf3?s=96&d=mm&r=g","url":"https:\/\/secure.gravatar.com\/avatar\/b1c2f9d3588e34e91adb093635df64ef4b2381991216be7576466cfcdca4baf3?s=96&d=mm&r=g","contentUrl":"https:\/\/secure.gravatar.com\/avatar\/b1c2f9d3588e34e91adb093635df64ef4b2381991216be7576466cfcdca4baf3?s=96&d=mm&r=g","caption":"Carlos Poulain"},"url":"https:\/\/www.accidentdutravail-idf.net\/blog\/author\/idfcarlos\/"}]}},"_links":{"self":[{"href":"https:\/\/www.accidentdutravail-idf.net\/blog\/wp-json\/wp\/v2\/posts\/507","targetHints":{"allow":["GET"]}}],"collection":[{"href":"https:\/\/www.accidentdutravail-idf.net\/blog\/wp-json\/wp\/v2\/posts"}],"about":[{"href":"https:\/\/www.accidentdutravail-idf.net\/blog\/wp-json\/wp\/v2\/types\/post"}],"author":[{"embeddable":true,"href":"https:\/\/www.accidentdutravail-idf.net\/blog\/wp-json\/wp\/v2\/users\/2"}],"replies":[{"embeddable":true,"href":"https:\/\/www.accidentdutravail-idf.net\/blog\/wp-json\/wp\/v2\/comments?post=507"}],"version-history":[{"count":0,"href":"https:\/\/www.accidentdutravail-idf.net\/blog\/wp-json\/wp\/v2\/posts\/507\/revisions"}],"wp:attachment":[{"href":"https:\/\/www.accidentdutravail-idf.net\/blog\/wp-json\/wp\/v2\/media?parent=507"}],"wp:term":[{"taxonomy":"category","embeddable":true,"href":"https:\/\/www.accidentdutravail-idf.net\/blog\/wp-json\/wp\/v2\/categories?post=507"},{"taxonomy":"post_tag","embeddable":true,"href":"https:\/\/www.accidentdutravail-idf.net\/blog\/wp-json\/wp\/v2\/tags?post=507"}],"curies":[{"name":"wp","href":"https:\/\/api.w.org\/{rel}","templated":true}]}}