{"id":502,"date":"2024-06-26T10:45:00","date_gmt":"2024-06-26T08:45:00","guid":{"rendered":"https:\/\/www.accidentdutravail-idf.net\/blog\/accidents-du-travail-les-interimaires-particulierement-touches\/"},"modified":"2024-06-26T10:45:00","modified_gmt":"2024-06-26T08:45:00","slug":"accidents-du-travail-les-interimaires-particulierement-touches","status":"publish","type":"post","link":"https:\/\/www.accidentdutravail-idf.net\/blog\/accidents-du-travail-les-interimaires-particulierement-touches\/","title":{"rendered":"Accidents du travail: les int\u00e9rimaires particuli\u00e8rement touch\u00e9s"},"content":{"rendered":"<header class=\"r-article--header\">\n<p>Afin d\u2019am\u00e9liorer la sant\u00e9 et la s\u00e9curit\u00e9 des int\u00e9rimaires, particuli\u00e8rement touch\u00e9s par les accidents du travail, un travail sp\u00e9cifique a \u00e9t\u00e9 engag\u00e9 dans le cadre du 4<sup>e<\/sup> plan R\u00e9gional de Sant\u00e9 au Travail.<\/p>\n<\/header>\n<figure role=\"img\" class=\"r-ratio--16-9 r-article--main-img\" aria-label=\"Edition num\u00e9rique des abonn\u00e9s\"> <img decoding=\"async\" class=\"r-img\" src=\"https:\/\/www.accidentdutravail-idf.net\/blog\/wp-content\/uploads\/2024\/06\/accidents-du-travail-les-interimaires-particulierement-touches.jpg\" alt=\"Edition num\u00e9rique des abonn\u00e9s\"> <\/figure>\n<address> Sponsoris\u00e9 par la DREETS <\/address>\n<p>\tPubli\u00e9: <span class=\"-is-colored\">26 Juin 2024 \u00e0 16h45<\/span> Modifi\u00e9: <span class=\"-is-colored\">26 Juin 2024 \u00e0 16h45<\/span><br \/>\n<span class=\"r-readtime\"><br \/>\n<span class=\"-not-xs\">Temps de lecture: <\/span><br \/>\n<span class=\"-is-colored\">3 min<\/span><br \/>\n<\/span><\/p>\n<p>Port\u00e9 par la Direction R\u00e9gionale de l&rsquo;Economie, de l&rsquo;Emploi et des Solidarit\u00e9s (<a href=\"https:\/\/d.docs.live.net\/7c84269ddf86694a\/Bureau\/GrosChat\/Pro\/Communication\/Newsmastermedia\/hauts-de-france.dreets.gouv.fr\/\" target=\"_blank\" rel=\"noopener nofollow\">DREETS<\/a><u>)<\/u>, <a href=\"https:\/\/hauts-de-france.dreets.gouv.fr\/Plan-regional-sante-au-travail-PRST-2021-2025-en-Hauts-de-France\" target=\"_blank\" rel=\"noopener nofollow\">le 4<sup>e<\/sup> plan R\u00e9gional de Sant\u00e9 au Travail<\/a><u> (2021-2025)<\/u>&nbsp; permet de r\u00e9unir 29 \u00e9quipes pluridisciplinaires. Celles-ci travaillent \u00e0 l\u2019\u00e9laboration d\u2019un programme d\u2019actions coordonn\u00e9es et cibl\u00e9es en faveur de la sant\u00e9 au travail. Parmi les th\u00e9matiques abord\u00e9es : la sant\u00e9 et la s\u00e9curit\u00e9 des int\u00e9rimaires.<\/p>\n<h2>Des int\u00e9rimaires particuli\u00e8rement touch\u00e9s par les accidents du travail<\/h2>\n<p>En 2021, 12 % des accidents du travail mortels en Hauts-de-France concernaient les int\u00e9rimaires. Concr\u00e8tement, cela signifie qu\u2019un int\u00e9rimaire a 1,8 fois plus de risque d\u2019\u00eatre victime d\u2019un accident qu\u2019un autre travailleur.<\/p>\n<p>2\/3 des accidents graves se concentrent dans 4 secteurs ayant recours r\u00e9guli\u00e8rement au travail temporaire, \u00e0 savoir&nbsp;:<\/p>\n<p>\u2022 L\u2019industrie des m\u00e9taux<\/p>\n<p>\u2022 L\u2019industrie agroalimentaire<\/p>\n<p>\u2022 La logistique<\/p>\n<p>\u2022 Le BTP<\/p>\n<p>Dans le cadre du 4e plan R\u00e9gional de Sant\u00e9 au Travail, les services de Pr\u00e9vention et de Sant\u00e9 au travail, les acteurs de l\u2019int\u00e9rim via le <a href=\"https:\/\/www.fastt.org\/\" target=\"_blank\" rel=\"noopener nofollow\">Fonds d&rsquo;Action Sociale du Travail Temporaire<\/a> (Fastt), la DREETS, la CARSAT, l&rsquo;OPPBTP, l&rsquo;ARACT et plusieurs services de pr\u00e9vention et de sant\u00e9 au travail ont d\u00e9cid\u00e9 de travailler collectivement pour lutter plus efficacement contre la sinistralit\u00e9 qui touche ces travailleurs vuln\u00e9rables.<\/p>\n<h2>L\u2019accueil des int\u00e9rimaires, une priorit\u00e9 pour pr\u00e9venir les accidents du travail<\/h2>\n<p>Si la diversit\u00e9 des profils, des \u00e2ges, des qualifications ou la dur\u00e9e d\u2019emploi rend difficile l\u2019\u00e9mergence de mesures globales, <a href=\"https:\/\/sante-travail-hdf.fr\/action\/assurer-la-sante-et-la-securite-par-laccueil-et-la-formation-des-nouveaux-embauches\/\" target=\"_blank\" rel=\"noopener nofollow\">l\u2019accueil des int\u00e9rimaires<\/a> est aujourd\u2019hui identifi\u00e9 comme un enjeu majeur pour am\u00e9liorer la sant\u00e9 et la s\u00e9curit\u00e9 de ce public.<\/p>\n<p>Par exemple, en Hauts-de-France, depuis deux ans, les acteurs de la Pr\u00e9vention et de la Sant\u00e9 au travail, la Soci\u00e9t\u00e9 du Canal, en charge de la construction du <a href=\"https:\/\/www.canal-seine-nord-europe.fr\/?doing_wp_cron=1716906930.3301990032196044921875\" target=\"_blank\" rel=\"noopener nofollow\">Canal Seine Nord Europe<\/a>, et les agences d\u2019emplois se sont unis pour s\u2019assurer que les int\u00e9rimaires <a href=\"https:\/\/sante-travail-hdf.fr\/action\/canal-seine-nord-europe-renforcer-la-sante-et-la-securite-des-interimaires\/\" target=\"_blank\" rel=\"noopener nofollow\">b\u00e9n\u00e9ficient d\u2019un accueil de qualit\u00e9<\/a> sur les chantiers de cette infrastructure majeure. Celui-ci comprend :<\/p>\n<p>\u2022 Un travail sp\u00e9cifique pour faciliter la mobilit\u00e9 des int\u00e9rimaires<\/p>\n<p>\u2022 L\u2019\u00e9laboration de r\u00e8gles et de consignes claires pour tous les domaines d\u2019intervention<\/p>\n<p>\u2022 Un acc\u00e8s garanti aux droits, notamment suivi de sant\u00e9, compl\u00e9mentaire et pr\u00e9voyance<\/p>\n<p>Toujours en Hauts-de-France, les agences d\u2019emploi ont aussi repens\u00e9 leur fa\u00e7on de communiquer avec leurs clients. Avec Kiabi par exemple, le dialogue s\u2019est nou\u00e9 tout au long de la mission des int\u00e9rimaires. Un travail sp\u00e9cifique a aussi \u00e9t\u00e9 men\u00e9 pour que l\u2019int\u00e9rimaire ne soit pas laiss\u00e9 seul : l\u2019aide d\u2019un tuteur peut ainsi l\u2019aider \u00e0 mieux comprendre son environnement de travail et \u00e0 ne pas se mettre en danger.<\/p>\n<h2>Encourager la pr\u00e9vention au sein des entreprises utilisatrices et des agences d\u2019emploi<\/h2>\n<p>Actuellement, les partenaires, r\u00e9unis dans le cadre du 4e plan R\u00e9gional de Sant\u00e9 au Travail, \u00e9laborent une feuille de route pour r\u00e9ussir \u00e0 mobiliser les branches professionnelles, mais aussi les TPE et les PME. Ces derni\u00e8res sont particuli\u00e8rement concern\u00e9es par les accidents du travail des int\u00e9rimaires.<\/p>\n<p>Si beaucoup reste \u00e0 faire, la pr\u00e9vention et la mise \u00e0 disposition d\u2019outils \u00e0 l\u2019intention des principaux utilisateurs du travail temporaire peuvent permettre un changement d\u2019approche&nbsp;: l\u2019int\u00e9rim ne doit pas \u00eatre synonyme de conditions de travail d\u00e9grad\u00e9es et les accidents du travail chez les int\u00e9rimaires ne sont pas une fatalit\u00e9.<\/p>\n<p><a href=\"https:\/\/sante-travail-hdf.fr\/\" target=\"_blank\" rel=\"noopener nofollow\">sante-travail-hdf.fr\/<\/a><\/p>\n<p> accidentdutravail-idf.net vous a pr\u00e9par\u00e9 ce post qui informe du sujet \u00ab\u00a0Association Sportive Huisson-Longueville Essonne\u00a0\u00bb. La chronique se veut g\u00e9n\u00e9r\u00e9e du mieux possible. Vous pouvez utiliser les coordonn\u00e9es indiqu\u00e9es sur le site dans le but d\u2019apporter des explications sur ce post qui parle du th\u00e8me \u00ab\u00a0Association Sportive Huisson-Longueville Essonne\u00a0\u00bb. Le site accidentdutravail-idf.net a pour but de fournir diverses publications sur la th\u00e9matique Association Sportive Huisson-Longueville Essonne diffus\u00e9es sur le net. Il y aura plusieurs articles autour du sujet \u00ab\u00a0Association Sportive Huisson-Longueville Essonne\u00a0\u00bb dans quelques jours, nous vous invitons \u00e0 naviguer sur notre site web \u00e0 plusieurs reprises.<\/p>\n","protected":false},"excerpt":{"rendered":"<p>Afin d\u2019am\u00e9liorer la sant\u00e9 et la s\u00e9curit\u00e9 des int\u00e9rimaires, particuli\u00e8rement touch\u00e9s par les accidents du travail, un travail sp\u00e9cifique a \u00e9t\u00e9 engag\u00e9 dans le cadre du 4e plan R\u00e9gional de Sant\u00e9 au Travail. Sponsoris\u00e9 par la DREETS Publi\u00e9: 26 Juin 2024 \u00e0 16h45 Modifi\u00e9: 26 Juin 2024 \u00e0 16h45 Temps de lecture: 3 min Port\u00e9 &hellip; <\/p>\n<p class=\"link-more\"><a href=\"https:\/\/www.accidentdutravail-idf.net\/blog\/accidents-du-travail-les-interimaires-particulierement-touches\/\" class=\"more-link\">Continuer la lecture <span class=\"screen-reader-text\"> \u00ab\u00a0Accidents du travail: les int\u00e9rimaires particuli\u00e8rement touch\u00e9s\u00a0\u00bb<\/span><\/a><\/p>\n","protected":false},"author":2,"featured_media":0,"comment_status":"closed","ping_status":"closed","sticky":false,"template":"","format":"standard","meta":{"footnotes":""},"categories":[5],"tags":[],"class_list":["post-502","post","type-post","status-publish","format-standard","hentry","category-securite-du-travail-en-ile-de-france-et-divers","entry"],"yoast_head":"<!-- This site is optimized with the Yoast SEO plugin v27.5 - https:\/\/yoast.com\/product\/yoast-seo-wordpress\/ -->\n<title>Accidents du travail: les int\u00e9rimaires particuli\u00e8rement touch\u00e9s - ACCIDENTDUTRAVAIL-IDF<\/title>\n<meta name=\"description\" content=\"Accidents du travail: les int\u00e9rimaires particuli\u00e8rement touch\u00e9s article de ACCIDENTDUTRAVAIL-IDF\" \/>\n<meta name=\"robots\" content=\"index, follow, max-snippet:-1, max-image-preview:large, max-video-preview:-1\" \/>\n<link rel=\"canonical\" href=\"https:\/\/www.accidentdutravail-idf.net\/blog\/accidents-du-travail-les-interimaires-particulierement-touches\/\" \/>\n<meta property=\"og:locale\" content=\"fr_FR\" \/>\n<meta property=\"og:type\" content=\"article\" \/>\n<meta property=\"og:title\" content=\"Accidents du travail: les int\u00e9rimaires particuli\u00e8rement touch\u00e9s - ACCIDENTDUTRAVAIL-IDF\" \/>\n<meta property=\"og:description\" content=\"Accidents du travail: les int\u00e9rimaires particuli\u00e8rement touch\u00e9s article de ACCIDENTDUTRAVAIL-IDF\" \/>\n<meta property=\"og:url\" content=\"https:\/\/www.accidentdutravail-idf.net\/blog\/accidents-du-travail-les-interimaires-particulierement-touches\/\" \/>\n<meta property=\"og:site_name\" content=\"ACCIDENTDUTRAVAIL-IDF\" \/>\n<meta property=\"article:published_time\" content=\"2024-06-26T08:45:00+00:00\" \/>\n<meta property=\"og:image\" content=\"https:\/\/www.accidentdutravail-idf.net\/blog\/wp-content\/uploads\/2024\/06\/accidents-du-travail-les-interimaires-particulierement-touches.jpg\" \/>\n<meta name=\"author\" content=\"Carlos Poulain\" \/>\n<meta name=\"twitter:card\" content=\"summary_large_image\" \/>\n<meta name=\"twitter:label1\" content=\"\u00c9crit par\" \/>\n\t<meta name=\"twitter:data1\" content=\"Carlos Poulain\" \/>\n\t<meta name=\"twitter:label2\" content=\"Dur\u00e9e de lecture estim\u00e9e\" \/>\n\t<meta name=\"twitter:data2\" content=\"4 minutes\" \/>\n<script type=\"application\/ld+json\" class=\"yoast-schema-graph\">{\"@context\":\"https:\\\/\\\/schema.org\",\"@graph\":[{\"@type\":\"Article\",\"@id\":\"https:\\\/\\\/www.accidentdutravail-idf.net\\\/blog\\\/accidents-du-travail-les-interimaires-particulierement-touches\\\/#article\",\"isPartOf\":{\"@id\":\"https:\\\/\\\/www.accidentdutravail-idf.net\\\/blog\\\/accidents-du-travail-les-interimaires-particulierement-touches\\\/\"},\"author\":{\"name\":\"Carlos Poulain\",\"@id\":\"https:\\\/\\\/www.accidentdutravail-idf.net\\\/blog\\\/#\\\/schema\\\/person\\\/3255d2f970de45e64bd9201f38e7b947\"},\"headline\":\"Accidents du travail: les int\u00e9rimaires particuli\u00e8rement touch\u00e9s\",\"datePublished\":\"2024-06-26T08:45:00+00:00\",\"mainEntityOfPage\":{\"@id\":\"https:\\\/\\\/www.accidentdutravail-idf.net\\\/blog\\\/accidents-du-travail-les-interimaires-particulierement-touches\\\/\"},\"wordCount\":757,\"publisher\":{\"@id\":\"https:\\\/\\\/www.accidentdutravail-idf.net\\\/blog\\\/#organization\"},\"image\":{\"@id\":\"https:\\\/\\\/www.accidentdutravail-idf.net\\\/blog\\\/accidents-du-travail-les-interimaires-particulierement-touches\\\/#primaryimage\"},\"thumbnailUrl\":\"https:\\\/\\\/www.accidentdutravail-idf.net\\\/blog\\\/wp-content\\\/uploads\\\/2024\\\/06\\\/accidents-du-travail-les-interimaires-particulierement-touches.jpg\",\"articleSection\":[\"S\u00e9curit\u00e9 Du Travail En Ile-De-France Et Divers:\"],\"inLanguage\":\"fr-FR\"},{\"@type\":\"WebPage\",\"@id\":\"https:\\\/\\\/www.accidentdutravail-idf.net\\\/blog\\\/accidents-du-travail-les-interimaires-particulierement-touches\\\/\",\"url\":\"https:\\\/\\\/www.accidentdutravail-idf.net\\\/blog\\\/accidents-du-travail-les-interimaires-particulierement-touches\\\/\",\"name\":\"Accidents du travail: les int\u00e9rimaires particuli\u00e8rement touch\u00e9s - ACCIDENTDUTRAVAIL-IDF\",\"isPartOf\":{\"@id\":\"https:\\\/\\\/www.accidentdutravail-idf.net\\\/blog\\\/#website\"},\"primaryImageOfPage\":{\"@id\":\"https:\\\/\\\/www.accidentdutravail-idf.net\\\/blog\\\/accidents-du-travail-les-interimaires-particulierement-touches\\\/#primaryimage\"},\"image\":{\"@id\":\"https:\\\/\\\/www.accidentdutravail-idf.net\\\/blog\\\/accidents-du-travail-les-interimaires-particulierement-touches\\\/#primaryimage\"},\"thumbnailUrl\":\"https:\\\/\\\/www.accidentdutravail-idf.net\\\/blog\\\/wp-content\\\/uploads\\\/2024\\\/06\\\/accidents-du-travail-les-interimaires-particulierement-touches.jpg\",\"datePublished\":\"2024-06-26T08:45:00+00:00\",\"description\":\"Accidents du travail: les int\u00e9rimaires particuli\u00e8rement touch\u00e9s article de ACCIDENTDUTRAVAIL-IDF\",\"breadcrumb\":{\"@id\":\"https:\\\/\\\/www.accidentdutravail-idf.net\\\/blog\\\/accidents-du-travail-les-interimaires-particulierement-touches\\\/#breadcrumb\"},\"inLanguage\":\"fr-FR\",\"potentialAction\":[{\"@type\":\"ReadAction\",\"target\":[\"https:\\\/\\\/www.accidentdutravail-idf.net\\\/blog\\\/accidents-du-travail-les-interimaires-particulierement-touches\\\/\"]}]},{\"@type\":\"ImageObject\",\"inLanguage\":\"fr-FR\",\"@id\":\"https:\\\/\\\/www.accidentdutravail-idf.net\\\/blog\\\/accidents-du-travail-les-interimaires-particulierement-touches\\\/#primaryimage\",\"url\":\"https:\\\/\\\/www.accidentdutravail-idf.net\\\/blog\\\/wp-content\\\/uploads\\\/2024\\\/06\\\/accidents-du-travail-les-interimaires-particulierement-touches.jpg\",\"contentUrl\":\"https:\\\/\\\/www.accidentdutravail-idf.net\\\/blog\\\/wp-content\\\/uploads\\\/2024\\\/06\\\/accidents-du-travail-les-interimaires-particulierement-touches.jpg\"},{\"@type\":\"BreadcrumbList\",\"@id\":\"https:\\\/\\\/www.accidentdutravail-idf.net\\\/blog\\\/accidents-du-travail-les-interimaires-particulierement-touches\\\/#breadcrumb\",\"itemListElement\":[{\"@type\":\"ListItem\",\"position\":1,\"name\":\"Accueil\",\"item\":\"https:\\\/\\\/www.accidentdutravail-idf.net\\\/blog\\\/\"},{\"@type\":\"ListItem\",\"position\":2,\"name\":\"Accidents du travail: les int\u00e9rimaires particuli\u00e8rement touch\u00e9s\"}]},{\"@type\":\"WebSite\",\"@id\":\"https:\\\/\\\/www.accidentdutravail-idf.net\\\/blog\\\/#website\",\"url\":\"https:\\\/\\\/www.accidentdutravail-idf.net\\\/blog\\\/\",\"name\":\"ACCIDENTDUTRAVAIL-IDF\",\"description\":\"Portail accidents du travail-maladies professionnelles des entreprises d&#039;Ile-de-France\",\"publisher\":{\"@id\":\"https:\\\/\\\/www.accidentdutravail-idf.net\\\/blog\\\/#organization\"},\"potentialAction\":[{\"@type\":\"SearchAction\",\"target\":{\"@type\":\"EntryPoint\",\"urlTemplate\":\"https:\\\/\\\/www.accidentdutravail-idf.net\\\/blog\\\/?s={search_term_string}\"},\"query-input\":{\"@type\":\"PropertyValueSpecification\",\"valueRequired\":true,\"valueName\":\"search_term_string\"}}],\"inLanguage\":\"fr-FR\"},{\"@type\":\"Organization\",\"@id\":\"https:\\\/\\\/www.accidentdutravail-idf.net\\\/blog\\\/#organization\",\"name\":\"accidentdutravail-idf\",\"url\":\"https:\\\/\\\/www.accidentdutravail-idf.net\\\/blog\\\/\",\"logo\":{\"@type\":\"ImageObject\",\"inLanguage\":\"fr-FR\",\"@id\":\"https:\\\/\\\/www.accidentdutravail-idf.net\\\/blog\\\/#\\\/schema\\\/logo\\\/image\\\/\",\"url\":\"https:\\\/\\\/www.accidentdutravail-idf.net\\\/blog\\\/wp-content\\\/uploads\\\/2022\\\/09\\\/logo-2.png\",\"contentUrl\":\"https:\\\/\\\/www.accidentdutravail-idf.net\\\/blog\\\/wp-content\\\/uploads\\\/2022\\\/09\\\/logo-2.png\",\"width\":380,\"height\":291,\"caption\":\"accidentdutravail-idf\"},\"image\":{\"@id\":\"https:\\\/\\\/www.accidentdutravail-idf.net\\\/blog\\\/#\\\/schema\\\/logo\\\/image\\\/\"}},{\"@type\":\"Person\",\"@id\":\"https:\\\/\\\/www.accidentdutravail-idf.net\\\/blog\\\/#\\\/schema\\\/person\\\/3255d2f970de45e64bd9201f38e7b947\",\"name\":\"Carlos Poulain\",\"image\":{\"@type\":\"ImageObject\",\"inLanguage\":\"fr-FR\",\"@id\":\"https:\\\/\\\/secure.gravatar.com\\\/avatar\\\/b1c2f9d3588e34e91adb093635df64ef4b2381991216be7576466cfcdca4baf3?s=96&d=mm&r=g\",\"url\":\"https:\\\/\\\/secure.gravatar.com\\\/avatar\\\/b1c2f9d3588e34e91adb093635df64ef4b2381991216be7576466cfcdca4baf3?s=96&d=mm&r=g\",\"contentUrl\":\"https:\\\/\\\/secure.gravatar.com\\\/avatar\\\/b1c2f9d3588e34e91adb093635df64ef4b2381991216be7576466cfcdca4baf3?s=96&d=mm&r=g\",\"caption\":\"Carlos Poulain\"},\"url\":\"https:\\\/\\\/www.accidentdutravail-idf.net\\\/blog\\\/author\\\/idfcarlos\\\/\"}]}<\/script>\n<!-- \/ Yoast SEO plugin. -->","yoast_head_json":{"title":"Accidents du travail: les int\u00e9rimaires particuli\u00e8rement touch\u00e9s - ACCIDENTDUTRAVAIL-IDF","description":"Accidents du travail: les int\u00e9rimaires particuli\u00e8rement touch\u00e9s article de ACCIDENTDUTRAVAIL-IDF","robots":{"index":"index","follow":"follow","max-snippet":"max-snippet:-1","max-image-preview":"max-image-preview:large","max-video-preview":"max-video-preview:-1"},"canonical":"https:\/\/www.accidentdutravail-idf.net\/blog\/accidents-du-travail-les-interimaires-particulierement-touches\/","og_locale":"fr_FR","og_type":"article","og_title":"Accidents du travail: les int\u00e9rimaires particuli\u00e8rement touch\u00e9s - ACCIDENTDUTRAVAIL-IDF","og_description":"Accidents du travail: les int\u00e9rimaires particuli\u00e8rement touch\u00e9s article de ACCIDENTDUTRAVAIL-IDF","og_url":"https:\/\/www.accidentdutravail-idf.net\/blog\/accidents-du-travail-les-interimaires-particulierement-touches\/","og_site_name":"ACCIDENTDUTRAVAIL-IDF","article_published_time":"2024-06-26T08:45:00+00:00","og_image":[{"url":"https:\/\/www.accidentdutravail-idf.net\/blog\/wp-content\/uploads\/2024\/06\/accidents-du-travail-les-interimaires-particulierement-touches.jpg","type":"","width":"","height":""}],"author":"Carlos Poulain","twitter_card":"summary_large_image","twitter_misc":{"\u00c9crit par":"Carlos Poulain","Dur\u00e9e de lecture estim\u00e9e":"4 minutes"},"schema":{"@context":"https:\/\/schema.org","@graph":[{"@type":"Article","@id":"https:\/\/www.accidentdutravail-idf.net\/blog\/accidents-du-travail-les-interimaires-particulierement-touches\/#article","isPartOf":{"@id":"https:\/\/www.accidentdutravail-idf.net\/blog\/accidents-du-travail-les-interimaires-particulierement-touches\/"},"author":{"name":"Carlos Poulain","@id":"https:\/\/www.accidentdutravail-idf.net\/blog\/#\/schema\/person\/3255d2f970de45e64bd9201f38e7b947"},"headline":"Accidents du travail: les int\u00e9rimaires particuli\u00e8rement touch\u00e9s","datePublished":"2024-06-26T08:45:00+00:00","mainEntityOfPage":{"@id":"https:\/\/www.accidentdutravail-idf.net\/blog\/accidents-du-travail-les-interimaires-particulierement-touches\/"},"wordCount":757,"publisher":{"@id":"https:\/\/www.accidentdutravail-idf.net\/blog\/#organization"},"image":{"@id":"https:\/\/www.accidentdutravail-idf.net\/blog\/accidents-du-travail-les-interimaires-particulierement-touches\/#primaryimage"},"thumbnailUrl":"https:\/\/www.accidentdutravail-idf.net\/blog\/wp-content\/uploads\/2024\/06\/accidents-du-travail-les-interimaires-particulierement-touches.jpg","articleSection":["S\u00e9curit\u00e9 Du Travail En Ile-De-France Et Divers:"],"inLanguage":"fr-FR"},{"@type":"WebPage","@id":"https:\/\/www.accidentdutravail-idf.net\/blog\/accidents-du-travail-les-interimaires-particulierement-touches\/","url":"https:\/\/www.accidentdutravail-idf.net\/blog\/accidents-du-travail-les-interimaires-particulierement-touches\/","name":"Accidents du travail: les int\u00e9rimaires particuli\u00e8rement touch\u00e9s - ACCIDENTDUTRAVAIL-IDF","isPartOf":{"@id":"https:\/\/www.accidentdutravail-idf.net\/blog\/#website"},"primaryImageOfPage":{"@id":"https:\/\/www.accidentdutravail-idf.net\/blog\/accidents-du-travail-les-interimaires-particulierement-touches\/#primaryimage"},"image":{"@id":"https:\/\/www.accidentdutravail-idf.net\/blog\/accidents-du-travail-les-interimaires-particulierement-touches\/#primaryimage"},"thumbnailUrl":"https:\/\/www.accidentdutravail-idf.net\/blog\/wp-content\/uploads\/2024\/06\/accidents-du-travail-les-interimaires-particulierement-touches.jpg","datePublished":"2024-06-26T08:45:00+00:00","description":"Accidents du travail: les int\u00e9rimaires particuli\u00e8rement touch\u00e9s article de ACCIDENTDUTRAVAIL-IDF","breadcrumb":{"@id":"https:\/\/www.accidentdutravail-idf.net\/blog\/accidents-du-travail-les-interimaires-particulierement-touches\/#breadcrumb"},"inLanguage":"fr-FR","potentialAction":[{"@type":"ReadAction","target":["https:\/\/www.accidentdutravail-idf.net\/blog\/accidents-du-travail-les-interimaires-particulierement-touches\/"]}]},{"@type":"ImageObject","inLanguage":"fr-FR","@id":"https:\/\/www.accidentdutravail-idf.net\/blog\/accidents-du-travail-les-interimaires-particulierement-touches\/#primaryimage","url":"https:\/\/www.accidentdutravail-idf.net\/blog\/wp-content\/uploads\/2024\/06\/accidents-du-travail-les-interimaires-particulierement-touches.jpg","contentUrl":"https:\/\/www.accidentdutravail-idf.net\/blog\/wp-content\/uploads\/2024\/06\/accidents-du-travail-les-interimaires-particulierement-touches.jpg"},{"@type":"BreadcrumbList","@id":"https:\/\/www.accidentdutravail-idf.net\/blog\/accidents-du-travail-les-interimaires-particulierement-touches\/#breadcrumb","itemListElement":[{"@type":"ListItem","position":1,"name":"Accueil","item":"https:\/\/www.accidentdutravail-idf.net\/blog\/"},{"@type":"ListItem","position":2,"name":"Accidents du travail: les int\u00e9rimaires particuli\u00e8rement touch\u00e9s"}]},{"@type":"WebSite","@id":"https:\/\/www.accidentdutravail-idf.net\/blog\/#website","url":"https:\/\/www.accidentdutravail-idf.net\/blog\/","name":"ACCIDENTDUTRAVAIL-IDF","description":"Portail accidents du travail-maladies professionnelles des entreprises d&#039;Ile-de-France","publisher":{"@id":"https:\/\/www.accidentdutravail-idf.net\/blog\/#organization"},"potentialAction":[{"@type":"SearchAction","target":{"@type":"EntryPoint","urlTemplate":"https:\/\/www.accidentdutravail-idf.net\/blog\/?s={search_term_string}"},"query-input":{"@type":"PropertyValueSpecification","valueRequired":true,"valueName":"search_term_string"}}],"inLanguage":"fr-FR"},{"@type":"Organization","@id":"https:\/\/www.accidentdutravail-idf.net\/blog\/#organization","name":"accidentdutravail-idf","url":"https:\/\/www.accidentdutravail-idf.net\/blog\/","logo":{"@type":"ImageObject","inLanguage":"fr-FR","@id":"https:\/\/www.accidentdutravail-idf.net\/blog\/#\/schema\/logo\/image\/","url":"https:\/\/www.accidentdutravail-idf.net\/blog\/wp-content\/uploads\/2022\/09\/logo-2.png","contentUrl":"https:\/\/www.accidentdutravail-idf.net\/blog\/wp-content\/uploads\/2022\/09\/logo-2.png","width":380,"height":291,"caption":"accidentdutravail-idf"},"image":{"@id":"https:\/\/www.accidentdutravail-idf.net\/blog\/#\/schema\/logo\/image\/"}},{"@type":"Person","@id":"https:\/\/www.accidentdutravail-idf.net\/blog\/#\/schema\/person\/3255d2f970de45e64bd9201f38e7b947","name":"Carlos Poulain","image":{"@type":"ImageObject","inLanguage":"fr-FR","@id":"https:\/\/secure.gravatar.com\/avatar\/b1c2f9d3588e34e91adb093635df64ef4b2381991216be7576466cfcdca4baf3?s=96&d=mm&r=g","url":"https:\/\/secure.gravatar.com\/avatar\/b1c2f9d3588e34e91adb093635df64ef4b2381991216be7576466cfcdca4baf3?s=96&d=mm&r=g","contentUrl":"https:\/\/secure.gravatar.com\/avatar\/b1c2f9d3588e34e91adb093635df64ef4b2381991216be7576466cfcdca4baf3?s=96&d=mm&r=g","caption":"Carlos Poulain"},"url":"https:\/\/www.accidentdutravail-idf.net\/blog\/author\/idfcarlos\/"}]}},"_links":{"self":[{"href":"https:\/\/www.accidentdutravail-idf.net\/blog\/wp-json\/wp\/v2\/posts\/502","targetHints":{"allow":["GET"]}}],"collection":[{"href":"https:\/\/www.accidentdutravail-idf.net\/blog\/wp-json\/wp\/v2\/posts"}],"about":[{"href":"https:\/\/www.accidentdutravail-idf.net\/blog\/wp-json\/wp\/v2\/types\/post"}],"author":[{"embeddable":true,"href":"https:\/\/www.accidentdutravail-idf.net\/blog\/wp-json\/wp\/v2\/users\/2"}],"replies":[{"embeddable":true,"href":"https:\/\/www.accidentdutravail-idf.net\/blog\/wp-json\/wp\/v2\/comments?post=502"}],"version-history":[{"count":0,"href":"https:\/\/www.accidentdutravail-idf.net\/blog\/wp-json\/wp\/v2\/posts\/502\/revisions"}],"wp:attachment":[{"href":"https:\/\/www.accidentdutravail-idf.net\/blog\/wp-json\/wp\/v2\/media?parent=502"}],"wp:term":[{"taxonomy":"category","embeddable":true,"href":"https:\/\/www.accidentdutravail-idf.net\/blog\/wp-json\/wp\/v2\/categories?post=502"},{"taxonomy":"post_tag","embeddable":true,"href":"https:\/\/www.accidentdutravail-idf.net\/blog\/wp-json\/wp\/v2\/tags?post=502"}],"curies":[{"name":"wp","href":"https:\/\/api.w.org\/{rel}","templated":true}]}}