{"id":492,"date":"2024-06-23T05:37:00","date_gmt":"2024-06-23T03:37:00","guid":{"rendered":"https:\/\/www.accidentdutravail-idf.net\/blog\/un-homme-decede-lors-dun-accident-du-travail-en-flandre\/"},"modified":"2024-06-23T05:37:00","modified_gmt":"2024-06-23T03:37:00","slug":"un-homme-decede-lors-dun-accident-du-travail-en-flandre","status":"publish","type":"post","link":"https:\/\/www.accidentdutravail-idf.net\/blog\/un-homme-decede-lors-dun-accident-du-travail-en-flandre\/","title":{"rendered":"Un homme d\u00e9c\u00e8de lors d&rsquo;un accident du travail en Flandre"},"content":{"rendered":"<div><img decoding=\"async\" src=\"https:\/\/www.dhnet.be\/resizer\/v2\/ALIKGVOSTJDQ3M6TIMIOJC3I3I.jpg?auth=077316be8ad1c6d6b03078e765dc6f4c4652d500c7d75f89f39992fe27ddb9a6&amp;width=1200&amp;height=630&amp;quality=85&amp;focal=2760%2C1840&amp;watermark=https%3A%2F%2Fcloudfront-eu-central-1.images.arcpublishing.com%2Fipmgroup%2FDZNGDE46VVGXRGHD3TEI5RB3GM.png%3A100%3A0%2C559\" class=\"ff-og-image-inserted\"><\/div>\n<p><title>Un homme d\u00e9c\u00e8de lors d&rsquo;un accident du travail en Flandre &#8211; La DH\/Les Sports+<\/title>\u00ab\u00a0,\u00a0\u00bblazyLoad\u00a0\u00bb:true},\u00a0\u00bbdisplayProperties\u00a0\u00bb:{},\u00a0\u00bblocalEdits\u00a0\u00bb:{},\u00a0\u00bbvariants\u00a0\u00bb:{}}}]},{\u00ab\u00a0collection\u00a0\u00bb:\u00a0\u00bbchains\u00a0\u00bb,\u00a0\u00bbtype\u00a0\u00bb:\u00a0\u00bbfull-width\u00a0\u00bb,\u00a0\u00bbprops\u00a0\u00bb:{\u00ab\u00a0collection\u00a0\u00bb:\u00a0\u00bbchains\u00a0\u00bb,\u00a0\u00bbtype\u00a0\u00bb:\u00a0\u00bbfull-width\u00a0\u00bb,\u00a0\u00bbid\u00a0\u00bb:\u00a0\u00bbc0fD5EG4ZqjV6cr\u00a0\u00bb,\u00a0\u00bbname\u00a0\u00bb:\u00a0\u00bbsection-d1a\u00a0\u00bb,\u00a0\u00bbcustomFields\u00a0\u00bb:{\u00ab\u00a0count\u00a0\u00bb:2,\u00a0\u00bbshowSubsections\u00a0\u00bb:false,\u00a0\u00bbstickyCol\u00a0\u00bb:1,\u00a0\u00bbenabledSectionsStrict\u00a0\u00bb:[],\u00a0\u00bbpbInternal_cloneId\u00a0\u00bb:\u00a0\u00bbc0f7gHDG0PkO7I1&Prime;,\u00a0\u00bbtype\u00a0\u00bb:\u00a0\u00bbsection\u00a0\u00bb,\u00a0\u00bbtitle\u00a0\u00bb:\u00a0\u00bbTous les scores de la Jupiler Pro League en live\u00a0\u00bb,\u00a0\u00bbenabledSections\u00a0\u00bb:[\u00ab\u00a0\/sports\/football\/division-1a\u00a0\u00bb]},\u00a0\u00bbdisplayProperties\u00a0\u00bb:{}},\u00a0\u00bbchildren\u00a0\u00bb:[{\u00ab\u00a0collection\u00a0\u00bb:\u00a0\u00bbfeatures\u00a0\u00bb,\u00a0\u00bbtype\u00a0\u00bb:\u00a0\u00bbcustom-html\/default\u00a0\u00bb,\u00a0\u00bbprops\u00a0\u00bb:{\u00ab\u00a0collection\u00a0\u00bb:\u00a0\u00bbfeatures\u00a0\u00bb,\u00a0\u00bbtype\u00a0\u00bb:\u00a0\u00bbcustom-html\/default\u00a0\u00bb,\u00a0\u00bbid\u00a0\u00bb:\u00a0\u00bbf0f1j8EZYqjV6nh\u00a0\u00bb,\u00a0\u00bbcontentConfig\u00a0\u00bb:{\u00ab\u00a0contentService\u00a0\u00bb:\u00a0\u00bb\u00a0\u00bb,\u00a0\u00bbcontentConfigValues\u00a0\u00bb:{},\u00a0\u00bbinherit\u00a0\u00bb:true},\u00a0\u00bbcustomFields\u00a0\u00bb:{\u00ab\u00a0visibility\u00a0\u00bb:\u00a0\u00bbVisible\u00a0\u00bb,\u00a0\u00bbresponsive\u00a0\u00bb:false,\u00a0\u00bbcentering\u00a0\u00bb:true,\u00a0\u00bbnoLazyLoad\u00a0\u00bb:false,\u00a0\u00bbcontent\u00a0\u00bb:\u00a0\u00bb\u00a0\u00bb,\u00a0\u00bbpbInternal_cloneId\u00a0\u00bb:\u00a0\u00bbf0fgrnpAmeTU2nr\u00a0\u00bb,\u00a0\u00bblazyLoad\u00a0\u00bb:true},\u00a0\u00bbdisplayProperties\u00a0\u00bb:{},\u00a0\u00bblocalEdits\u00a0\u00bb:{},\u00a0\u00bbvariants\u00a0\u00bb:{}}},{\u00ab\u00a0collection\u00a0\u00bb:\u00a0\u00bbfeatures\u00a0\u00bb,\u00a0\u00bbtype\u00a0\u00bb:\u00a0\u00bbcustom-html\/default\u00a0\u00bb,\u00a0\u00bbprops\u00a0\u00bb:{\u00ab\u00a0collection\u00a0\u00bb:\u00a0\u00bbfeatures\u00a0\u00bb,\u00a0\u00bbtype\u00a0\u00bb:\u00a0\u00bbcustom-html\/default\u00a0\u00bb,\u00a0\u00bbid\u00a0\u00bb:\u00a0\u00bbf0fnP0Q1ZqjV6Nz\u00a0\u00bb,\u00a0\u00bbcontentConfig\u00a0\u00bb:{\u00ab\u00a0contentService\u00a0\u00bb:\u00a0\u00bb\u00a0\u00bb,\u00a0\u00bbcontentConfigValues\u00a0\u00bb:{},\u00a0\u00bbinherit\u00a0\u00bb:true},\u00a0\u00bbcustomFields\u00a0\u00bb:{\u00ab\u00a0visibility\u00a0\u00bb:\u00a0\u00bbVisible\u00a0\u00bb,\u00a0\u00bbresponsive\u00a0\u00bb:false,\u00a0\u00bbcentering\u00a0\u00bb:true,\u00a0\u00bbnoLazyLoad\u00a0\u00bb:false,\u00a0\u00bbcontent\u00a0\u00bb:\u00a0\u00bb\u00a0\u00bb,\u00a0\u00bbpbInternal_cloneId\u00a0\u00bb:\u00a0\u00bbf0f2hHAV8uve2cp\u00a0\u00bb,\u00a0\u00bblazyLoad\u00a0\u00bb:true},\u00a0\u00bbdisplayProperties\u00a0\u00bb:{},\u00a0\u00bblocalEdits\u00a0\u00bb:{},\u00a0\u00bbvariants\u00a0\u00bb:{}}}]},{\u00ab\u00a0collection\u00a0\u00bb:\u00a0\u00bbchains\u00a0\u00bb,\u00a0\u00bbtype\u00a0\u00bb:\u00a0\u00bbfull-width\u00a0\u00bb,\u00a0\u00bbprops\u00a0\u00bb:{\u00ab\u00a0collection\u00a0\u00bb:\u00a0\u00bbchains\u00a0\u00bb,\u00a0\u00bbtype\u00a0\u00bb:\u00a0\u00bbfull-width\u00a0\u00bb,\u00a0\u00bbid\u00a0\u00bb:\u00a0\u00bbc0fmP0EMjtBn7vq\u00a0\u00bb,\u00a0\u00bbname\u00a0\u00bb:\u00a0\u00bbsection-d1a-1&Prime;,\u00a0\u00bbcustomFields\u00a0\u00bb:{\u00ab\u00a0count\u00a0\u00bb:2,\u00a0\u00bbshowSubsections\u00a0\u00bb:false,\u00a0\u00bbstickyCol\u00a0\u00bb:1,\u00a0\u00bbenabledSectionsStrict\u00a0\u00bb:[\u00ab\u00a0\/sports\/football\/division-1a\/standard\u00a0\u00bb],\u00a0\u00bbpbInternal_cloneId\u00a0\u00bb:\u00a0\u00bbc0fmP0EMjtBn7vq\u00a0\u00bb,\u00a0\u00bbtype\u00a0\u00bb:\u00a0\u00bbsection\u00a0\u00bb,\u00a0\u00bbtitle\u00a0\u00bb:\u00a0\u00bbTous les scores de la Jupiler Pro League en live\u00a0\u00bb,\u00a0\u00bbenabledSections\u00a0\u00bb:[],\u00a0\u00bbcontent\u00a0\u00bb:\u00a0\u00bb\u00a0\u00bb},\u00a0\u00bbdisplayProperties\u00a0\u00bb:{}},\u00a0\u00bbchildren\u00a0\u00bb:[{\u00ab\u00a0collection\u00a0\u00bb:\u00a0\u00bbfeatures\u00a0\u00bb,\u00a0\u00bbtype\u00a0\u00bb:\u00a0\u00bbcustom-html\/default\u00a0\u00bb,\u00a0\u00bbprops\u00a0\u00bb:{\u00ab\u00a0collection\u00a0\u00bb:\u00a0\u00bbfeatures\u00a0\u00bb,\u00a0\u00bbtype\u00a0\u00bb:\u00a0\u00bbcustom-html\/default\u00a0\u00bb,\u00a0\u00bbid\u00a0\u00bb:\u00a0\u00bbf0fc38u8jtBn7nV\u00a0\u00bb,\u00a0\u00bbcontentConfig\u00a0\u00bb:{\u00ab\u00a0contentService\u00a0\u00bb:\u00a0\u00bb\u00a0\u00bb,\u00a0\u00bbcontentConfigValues\u00a0\u00bb:{},\u00a0\u00bbinherit\u00a0\u00bb:true},\u00a0\u00bbcustomFields\u00a0\u00bb:{\u00ab\u00a0visibility\u00a0\u00bb:\u00a0\u00bbVisible\u00a0\u00bb,\u00a0\u00bbresponsive\u00a0\u00bb:false,\u00a0\u00bbcentering\u00a0\u00bb:true,\u00a0\u00bbnoLazyLoad\u00a0\u00bb:false,\u00a0\u00bbcontent\u00a0\u00bb:\u00a0\u00bb\u00a0\u00bb,\u00a0\u00bbpbInternal_cloneId\u00a0\u00bb:\u00a0\u00bbf0fgrnpAmeTU2nr\u00a0\u00bb,\u00a0\u00bblazyLoad\u00a0\u00bb:true},\u00a0\u00bbdisplayProperties\u00a0\u00bb:{},\u00a0\u00bblocalEdits\u00a0\u00bb:{},\u00a0\u00bbvariants\u00a0\u00bb:{}}},{\u00ab\u00a0collection\u00a0\u00bb:\u00a0\u00bbfeatures\u00a0\u00bb,\u00a0\u00bbtype\u00a0\u00bb:\u00a0\u00bbcustom-html\/default\u00a0\u00bb,\u00a0\u00bbprops\u00a0\u00bb:{\u00ab\u00a0collection\u00a0\u00bb:\u00a0\u00bbfeatures\u00a0\u00bb,\u00a0\u00bbtype\u00a0\u00bb:\u00a0\u00bbcustom-html\/default\u00a0\u00bb,\u00a0\u00bbid\u00a0\u00bb:\u00a0\u00bbf0fUSESAjtBn7vx\u00a0\u00bb,\u00a0\u00bbcontentConfig\u00a0\u00bb:{\u00ab\u00a0contentService\u00a0\u00bb:\u00a0\u00bb\u00a0\u00bb,\u00a0\u00bbcontentConfigValues\u00a0\u00bb:{},\u00a0\u00bbinherit\u00a0\u00bb:true},\u00a0\u00bbcustomFields\u00a0\u00bb:{\u00ab\u00a0visibility\u00a0\u00bb:\u00a0\u00bbVisible\u00a0\u00bb,\u00a0\u00bbresponsive\u00a0\u00bb:false,\u00a0\u00bbcentering\u00a0\u00bb:true,\u00a0\u00bbnoLazyLoad\u00a0\u00bb:false,\u00a0\u00bbcontent\u00a0\u00bb:\u00a0\u00bb\u00a0\u00bb,\u00a0\u00bbpbInternal_cloneId\u00a0\u00bb:\u00a0\u00bbf0f2hHAV8uve2cp\u00a0\u00bb,\u00a0\u00bblazyLoad\u00a0\u00bb:true},\u00a0\u00bbdisplayProperties\u00a0\u00bb:{},\u00a0\u00bblocalEdits\u00a0\u00bb:{},\u00a0\u00bbvariants\u00a0\u00bb:{}}}]},{\u00ab\u00a0collection\u00a0\u00bb:\u00a0\u00bbchains\u00a0\u00bb,\u00a0\u00bbtype\u00a0\u00bb:\u00a0\u00bbfull-width\u00a0\u00bb,\u00a0\u00bbprops\u00a0\u00bb:{\u00ab\u00a0collection\u00a0\u00bb:\u00a0\u00bbchains\u00a0\u00bb,\u00a0\u00bbtype\u00a0\u00bb:\u00a0\u00bbfull-width\u00a0\u00bb,\u00a0\u00bbid\u00a0\u00bb:\u00a0\u00bbc0fE6UMeZqjV6HO\u00a0\u00bb,\u00a0\u00bbname\u00a0\u00bb:\u00a0\u00bbsection-jupiler-pro-league\u00a0\u00bb,\u00a0\u00bbcustomFields\u00a0\u00bb:{\u00ab\u00a0count\u00a0\u00bb:2,\u00a0\u00bbshowSubsections\u00a0\u00bb:true,\u00a0\u00bbstickyCol\u00a0\u00bb:1,\u00a0\u00bbenabledSectionsStrict\u00a0\u00bb:[],\u00a0\u00bbpbInternal_cloneId\u00a0\u00bb:\u00a0\u00bbc0fyIeZRPoC1a8w\u00a0\u00bb,\u00a0\u00bbtype\u00a0\u00bb:\u00a0\u00bbsection\u00a0\u00bb,\u00a0\u00bbtitle\u00a0\u00bb:\u00a0\u00bbTous les scores de la Challenger Pro League en live\u00a0\u00bb,\u00a0\u00bbenabledSections\u00a0\u00bb:[\u00ab\u00a0\/sports\/football\/division-1b\u00a0\u00bb]},\u00a0\u00bbdisplayProperties\u00a0\u00bb:{}},\u00a0\u00bbchildren\u00a0\u00bb:[{\u00ab\u00a0collection\u00a0\u00bb:\u00a0\u00bbfeatures\u00a0\u00bb,\u00a0\u00bbtype\u00a0\u00bb:\u00a0\u00bbcustom-html\/default\u00a0\u00bb,\u00a0\u00bbprops\u00a0\u00bb:{\u00ab\u00a0collection\u00a0\u00bb:\u00a0\u00bbfeatures\u00a0\u00bb,\u00a0\u00bbtype\u00a0\u00bb:\u00a0\u00bbcustom-html\/default\u00a0\u00bb,\u00a0\u00bbid\u00a0\u00bb:\u00a0\u00bbf0fLFEz7ZqjV66H\u00a0\u00bb,\u00a0\u00bbcontentConfig\u00a0\u00bb:{\u00ab\u00a0contentService\u00a0\u00bb:\u00a0\u00bb\u00a0\u00bb,\u00a0\u00bbcontentConfigValues\u00a0\u00bb:{},\u00a0\u00bbinherit\u00a0\u00bb:true},\u00a0\u00bbcustomFields\u00a0\u00bb:{\u00ab\u00a0visibility\u00a0\u00bb:\u00a0\u00bbVisible\u00a0\u00bb,\u00a0\u00bbresponsive\u00a0\u00bb:false,\u00a0\u00bbcentering\u00a0\u00bb:true,\u00a0\u00bbnoLazyLoad\u00a0\u00bb:false,\u00a0\u00bbcontent\u00a0\u00bb:\u00a0\u00bb\u00a0\u00bb,\u00a0\u00bbpbInternal_cloneId\u00a0\u00bb:\u00a0\u00bbf0fVQW6rzdXM6ce\u00a0\u00bb,\u00a0\u00bblazyLoad\u00a0\u00bb:true},\u00a0\u00bbdisplayProperties\u00a0\u00bb:{},\u00a0\u00bblocalEdits\u00a0\u00bb:{},\u00a0\u00bbvariants\u00a0\u00bb:{}}},{\u00ab\u00a0collection\u00a0\u00bb:\u00a0\u00bbfeatures\u00a0\u00bb,\u00a0\u00bbtype\u00a0\u00bb:\u00a0\u00bbcustom-html\/default\u00a0\u00bb,\u00a0\u00bbprops\u00a0\u00bb:{\u00ab\u00a0collection\u00a0\u00bb:\u00a0\u00bbfeatures\u00a0\u00bb,\u00a0\u00bbtype\u00a0\u00bb:\u00a0\u00bbcustom-html\/default\u00a0\u00bb,\u00a0\u00bbid\u00a0\u00bb:\u00a0\u00bbf0fNjmkcZqjV6a2&Prime;,\u00a0\u00bbcontentConfig\u00a0\u00bb:{\u00ab\u00a0contentService\u00a0\u00bb:\u00a0\u00bb\u00a0\u00bb,\u00a0\u00bbcontentConfigValues\u00a0\u00bb:{},\u00a0\u00bbinherit\u00a0\u00bb:true},\u00a0\u00bbcustomFields\u00a0\u00bb:{\u00ab\u00a0visibility\u00a0\u00bb:\u00a0\u00bbVisible\u00a0\u00bb,\u00a0\u00bbresponsive\u00a0\u00bb:false,\u00a0\u00bbcentering\u00a0\u00bb:true,\u00a0\u00bbnoLazyLoad\u00a0\u00bb:false,\u00a0\u00bbcontent\u00a0\u00bb:\u00a0\u00bb\u00a0\u00bb,\u00a0\u00bbpbInternal_cloneId\u00a0\u00bb:\u00a0\u00bbf0fK4TiKPX1W2zy\u00a0\u00bb,\u00a0\u00bblazyLoad\u00a0\u00bb:true},\u00a0\u00bbdisplayProperties\u00a0\u00bb:{},\u00a0\u00bblocalEdits\u00a0\u00bb:{},\u00a0\u00bbvariants\u00a0\u00bb:{}}}]},{\u00ab\u00a0collection\u00a0\u00bb:\u00a0\u00bbchains\u00a0\u00bb,\u00a0\u00bbtype\u00a0\u00bb:\u00a0\u00bbfull-width\u00a0\u00bb,\u00a0\u00bbprops\u00a0\u00bb:{\u00ab\u00a0collection\u00a0\u00bb:\u00a0\u00bbchains\u00a0\u00bb,\u00a0\u00bbtype\u00a0\u00bb:\u00a0\u00bbfull-width\u00a0\u00bb,\u00a0\u00bbid\u00a0\u00bb:\u00a0\u00bbc0foJmvlZqjV6Jo\u00a0\u00bb,\u00a0\u00bbname\u00a0\u00bb:\u00a0\u00bbsection-championnats-etrangers\u00a0\u00bb,\u00a0\u00bbcustomFields\u00a0\u00bb:{\u00ab\u00a0count\u00a0\u00bb:1,\u00a0\u00bbshowSubsections\u00a0\u00bb:false,\u00a0\u00bbstickyCol\u00a0\u00bb:1,\u00a0\u00bbenabledSectionsStrict\u00a0\u00bb:[\u00ab\u00a0\/sports\/football\/europe\/championnatsetrangers\u00a0\u00bb],\u00a0\u00bbpbInternal_cloneId\u00a0\u00bb:\u00a0\u00bbc0fxTz0Cyt1N7k4&Prime;,\u00a0\u00bbsectionDhnet\u00a0\u00bb:null,\u00a0\u00bbtitle\u00a0\u00bb:\u00a0\u00bbTous les scores des championnats \u00e9trangers en live\u00a0\u00bb,\u00a0\u00bbtype\u00a0\u00bb:\u00a0\u00bbsection\u00a0\u00bb},\u00a0\u00bbdisplayProperties\u00a0\u00bb:{}},\u00a0\u00bbchildren\u00a0\u00bb:[{\u00ab\u00a0collection\u00a0\u00bb:\u00a0\u00bbfeatures\u00a0\u00bb,\u00a0\u00bbtype\u00a0\u00bb:\u00a0\u00bbcustom-html\/default\u00a0\u00bb,\u00a0\u00bbprops\u00a0\u00bb:{\u00ab\u00a0collection\u00a0\u00bb:\u00a0\u00bbfeatures\u00a0\u00bb,\u00a0\u00bbtype\u00a0\u00bb:\u00a0\u00bbcustom-html\/default\u00a0\u00bb,\u00a0\u00bbid\u00a0\u00bb:\u00a0\u00bbf0fyMCXiZqjV6Oq\u00a0\u00bb,\u00a0\u00bbcontentConfig\u00a0\u00bb:{\u00ab\u00a0contentService\u00a0\u00bb:\u00a0\u00bb\u00a0\u00bb,\u00a0\u00bbcontentConfigValues\u00a0\u00bb:{},\u00a0\u00bbinherit\u00a0\u00bb:true},\u00a0\u00bbcustomFields\u00a0\u00bb:{\u00ab\u00a0visibility\u00a0\u00bb:\u00a0\u00bbVisible\u00a0\u00bb,\u00a0\u00bbresponsive\u00a0\u00bb:false,\u00a0\u00bbcentering\u00a0\u00bb:true,\u00a0\u00bbnoLazyLoad\u00a0\u00bb:false,\u00a0\u00bbcontent\u00a0\u00bb:\u00a0\u00bb\u00a0\u00bb,\u00a0\u00bbpbInternal_cloneId\u00a0\u00bb:\u00a0\u00bbf0fQ1DNItrwNdxo\u00a0\u00bb,\u00a0\u00bblazyLoad\u00a0\u00bb:true},\u00a0\u00bbdisplayProperties\u00a0\u00bb:{},\u00a0\u00bblocalEdits\u00a0\u00bb:{},\u00a0\u00bbvariants\u00a0\u00bb:{}}}]},{\u00ab\u00a0collection\u00a0\u00bb:\u00a0\u00bbchains\u00a0\u00bb,\u00a0\u00bbtype\u00a0\u00bb:\u00a0\u00bbfull-width\u00a0\u00bb,\u00a0\u00bbprops\u00a0\u00bb:{\u00ab\u00a0collection\u00a0\u00bb:\u00a0\u00bbchains\u00a0\u00bb,\u00a0\u00bbtype\u00a0\u00bb:\u00a0\u00bbfull-width\u00a0\u00bb,\u00a0\u00bbid\u00a0\u00bb:\u00a0\u00bbc0fR2hJqZqjV6YS\u00a0\u00bb,\u00a0\u00bbname\u00a0\u00bb:\u00a0\u00bbsection-champions-league\u00a0\u00bb,\u00a0\u00bbcustomFields\u00a0\u00bb:{\u00ab\u00a0count\u00a0\u00bb:1,\u00a0\u00bbshowSubsections\u00a0\u00bb:true,\u00a0\u00bbstickyCol\u00a0\u00bb:1,\u00a0\u00bbenabledSectionsStrict\u00a0\u00bb:[\u00ab\u00a0\/sports\/football\/europe\/c1&Prime;],\u00a0\u00bbpbInternal_cloneId\u00a0\u00bb:\u00a0\u00bbc0fchqW1GjBO7Xz\u00a0\u00bb,\u00a0\u00bbtype\u00a0\u00bb:\u00a0\u00bbsection\u00a0\u00bb,\u00a0\u00bbtitle\u00a0\u00bb:\u00a0\u00bbTous les scores de la Champions League en live\u00a0\u00bb},\u00a0\u00bbdisplayProperties\u00a0\u00bb:{}},\u00a0\u00bbchildren\u00a0\u00bb:[{\u00ab\u00a0collection\u00a0\u00bb:\u00a0\u00bbfeatures\u00a0\u00bb,\u00a0\u00bbtype\u00a0\u00bb:\u00a0\u00bbcustom-html\/default\u00a0\u00bb,\u00a0\u00bbprops\u00a0\u00bb:{\u00ab\u00a0collection\u00a0\u00bb:\u00a0\u00bbfeatures\u00a0\u00bb,\u00a0\u00bbtype\u00a0\u00bb:\u00a0\u00bbcustom-html\/default\u00a0\u00bb,\u00a0\u00bbid\u00a0\u00bb:\u00a0\u00bbf0fp55woZqjV6Wd\u00a0\u00bb,\u00a0\u00bbcontentConfig\u00a0\u00bb:{\u00ab\u00a0contentService\u00a0\u00bb:\u00a0\u00bb\u00a0\u00bb,\u00a0\u00bbcontentConfigValues\u00a0\u00bb:{},\u00a0\u00bbinherit\u00a0\u00bb:true},\u00a0\u00bbcustomFields\u00a0\u00bb:{\u00ab\u00a0visibility\u00a0\u00bb:\u00a0\u00bbVisible\u00a0\u00bb,\u00a0\u00bbresponsive\u00a0\u00bb:false,\u00a0\u00bbcentering\u00a0\u00bb:true,\u00a0\u00bbnoLazyLoad\u00a0\u00bb:false,\u00a0\u00bbcontent\u00a0\u00bb:\u00a0\u00bb\u00a0\u00bb,\u00a0\u00bbpbInternal_cloneId\u00a0\u00bb:\u00a0\u00bbf0fI9madO5V93ll\u00a0\u00bb,\u00a0\u00bblazyLoad\u00a0\u00bb:true},\u00a0\u00bbdisplayProperties\u00a0\u00bb:{},\u00a0\u00bblocalEdits\u00a0\u00bb:{},\u00a0\u00bbvariants\u00a0\u00bb:{}}}]},{\u00ab\u00a0collection\u00a0\u00bb:\u00a0\u00bbchains\u00a0\u00bb,\u00a0\u00bbtype\u00a0\u00bb:\u00a0\u00bbfull-width\u00a0\u00bb,\u00a0\u00bbprops\u00a0\u00bb:{\u00ab\u00a0collection\u00a0\u00bb:\u00a0\u00bbchains\u00a0\u00bb,\u00a0\u00bbtype\u00a0\u00bb:\u00a0\u00bbfull-width\u00a0\u00bb,\u00a0\u00bbid\u00a0\u00bb:\u00a0\u00bbc0f9Ac4vZqjV6SA\u00a0\u00bb,\u00a0\u00bbname\u00a0\u00bb:\u00a0\u00bbsection-europa-league\u00a0\u00bb,\u00a0\u00bbcustomFields\u00a0\u00bb:{\u00ab\u00a0count\u00a0\u00bb:1,\u00a0\u00bbshowSubsections\u00a0\u00bb:false,\u00a0\u00bbstickyCol\u00a0\u00bb:1,\u00a0\u00bbenabledSectionsStrict\u00a0\u00bb:[\u00ab\u00a0\/sports\/football\/europe\/c2&Prime;],\u00a0\u00bbpbInternal_cloneId\u00a0\u00bb:\u00a0\u00bbc0fKOjSTYOKR2DG\u00a0\u00bb,\u00a0\u00bbtype\u00a0\u00bb:\u00a0\u00bbsection\u00a0\u00bb,\u00a0\u00bbtitle\u00a0\u00bb:\u00a0\u00bbTous les scores de l&rsquo;Europa League en live\u00a0\u00bb},\u00a0\u00bbdisplayProperties\u00a0\u00bb:{}},\u00a0\u00bbchildren\u00a0\u00bb:[{\u00ab\u00a0collection\u00a0\u00bb:\u00a0\u00bbfeatures\u00a0\u00bb,\u00a0\u00bbtype\u00a0\u00bb:\u00a0\u00bbcustom-html\/default\u00a0\u00bb,\u00a0\u00bbprops\u00a0\u00bb:{\u00ab\u00a0collection\u00a0\u00bb:\u00a0\u00bbfeatures\u00a0\u00bb,\u00a0\u00bbtype\u00a0\u00bb:\u00a0\u00bbcustom-html\/default\u00a0\u00bb,\u00a0\u00bbid\u00a0\u00bb:\u00a0\u00bbf0fTDb4tZqjV6oJ\u00a0\u00bb,\u00a0\u00bbcontentConfig\u00a0\u00bb:{\u00ab\u00a0contentService\u00a0\u00bb:\u00a0\u00bb\u00a0\u00bb,\u00a0\u00bbcontentConfigValues\u00a0\u00bb:{},\u00a0\u00bbinherit\u00a0\u00bb:true},\u00a0\u00bbcustomFields\u00a0\u00bb:{\u00ab\u00a0visibility\u00a0\u00bb:\u00a0\u00bbVisible\u00a0\u00bb,\u00a0\u00bbresponsive\u00a0\u00bb:false,\u00a0\u00bbcentering\u00a0\u00bb:true,\u00a0\u00bbnoLazyLoad\u00a0\u00bb:false,\u00a0\u00bbcontent\u00a0\u00bb:\u00a0\u00bb\u00a0\u00bb,\u00a0\u00bbpbInternal_cloneId\u00a0\u00bb:\u00a0\u00bbf0fApTFIkFXKaJT\u00a0\u00bb,\u00a0\u00bblazyLoad\u00a0\u00bb:true},\u00a0\u00bbdisplayProperties\u00a0\u00bb:{},\u00a0\u00bblocalEdits\u00a0\u00bb:{},\u00a0\u00bbvariants\u00a0\u00bb:{}}}]},{\u00ab\u00a0collection\u00a0\u00bb:\u00a0\u00bbchains\u00a0\u00bb,\u00a0\u00bbtype\u00a0\u00bb:\u00a0\u00bbfull-width\u00a0\u00bb,\u00a0\u00bbprops\u00a0\u00bb:{\u00ab\u00a0collection\u00a0\u00bb:\u00a0\u00bbchains\u00a0\u00bb,\u00a0\u00bbtype\u00a0\u00bb:\u00a0\u00bbfull-width\u00a0\u00bb,\u00a0\u00bbid\u00a0\u00bb:\u00a0\u00bbc0f6SKczZqjV6Bt\u00a0\u00bb,\u00a0\u00bbname\u00a0\u00bb:\u00a0\u00bbsection-conference-league\u00a0\u00bb,\u00a0\u00bbcustomFields\u00a0\u00bb:{\u00ab\u00a0count\u00a0\u00bb:1,\u00a0\u00bbshowSubsections\u00a0\u00bb:false,\u00a0\u00bbstickyCol\u00a0\u00bb:1,\u00a0\u00bbenabledSectionsStrict\u00a0\u00bb:[\u00ab\u00a0\/sports\/football\/europe\/c4&Prime;],\u00a0\u00bbpbInternal_cloneId\u00a0\u00bb:\u00a0\u00bbc0fmYTCUlNGO7QK\u00a0\u00bb,\u00a0\u00bbtitle\u00a0\u00bb:\u00a0\u00bbTous les scores de la Conference League en live\u00a0\u00bb,\u00a0\u00bbtype\u00a0\u00bb:\u00a0\u00bbsection\u00a0\u00bb},\u00a0\u00bbdisplayProperties\u00a0\u00bb:{}},\u00a0\u00bbchildren\u00a0\u00bb:[{\u00ab\u00a0collection\u00a0\u00bb:\u00a0\u00bbfeatures\u00a0\u00bb,\u00a0\u00bbtype\u00a0\u00bb:\u00a0\u00bbcustom-html\/default\u00a0\u00bb,\u00a0\u00bbprops\u00a0\u00bb:{\u00ab\u00a0collection\u00a0\u00bb:\u00a0\u00bbfeatures\u00a0\u00bb,\u00a0\u00bbtype\u00a0\u00bb:\u00a0\u00bbcustom-html\/default\u00a0\u00bb,\u00a0\u00bbid\u00a0\u00bb:\u00a0\u00bbf0f4V0dxZqjV6Qh\u00a0\u00bb,\u00a0\u00bbcontentConfig\u00a0\u00bb:{\u00ab\u00a0contentService\u00a0\u00bb:\u00a0\u00bb\u00a0\u00bb,\u00a0\u00bbcontentConfigValues\u00a0\u00bb:{},\u00a0\u00bbinherit\u00a0\u00bb:true},\u00a0\u00bbcustomFields\u00a0\u00bb:{\u00ab\u00a0visibility\u00a0\u00bb:\u00a0\u00bbVisible\u00a0\u00bb,\u00a0\u00bbresponsive\u00a0\u00bb:false,\u00a0\u00bbcentering\u00a0\u00bb:true,\u00a0\u00bbnoLazyLoad\u00a0\u00bb:false,\u00a0\u00bbcontent\u00a0\u00bb:\u00a0\u00bb\u00a0\u00bb,\u00a0\u00bbpbInternal_cloneId\u00a0\u00bb:\u00a0\u00bbf0fBs4R3hGiN1Qc\u00a0\u00bb,\u00a0\u00bblazyLoad\u00a0\u00bb:true},\u00a0\u00bbdisplayProperties\u00a0\u00bb:{},\u00a0\u00bblocalEdits\u00a0\u00bb:{},\u00a0\u00bbvariants\u00a0\u00bb:{}}}]},{\u00ab\u00a0collection\u00a0\u00bb:\u00a0\u00bbchains\u00a0\u00bb,\u00a0\u00bbtype\u00a0\u00bb:\u00a0\u00bbfull-width\u00a0\u00bb,\u00a0\u00bbprops\u00a0\u00bb:{\u00ab\u00a0collection\u00a0\u00bb:\u00a0\u00bbchains\u00a0\u00bb,\u00a0\u00bbtype\u00a0\u00bb:\u00a0\u00bbfull-width\u00a0\u00bb,\u00a0\u00bbid\u00a0\u00bb:\u00a0\u00bbc0fzn8UDZqjV688&Prime;,\u00a0\u00bbname\u00a0\u00bb:\u00a0\u00bbsection-formule1&Prime;,\u00a0\u00bbcustomFields\u00a0\u00bb:{\u00ab\u00a0count\u00a0\u00bb:1,\u00a0\u00bbshowSubsections\u00a0\u00bb:true,\u00a0\u00bbstickyCol\u00a0\u00bb:1,\u00a0\u00bbenabledSectionsStrict\u00a0\u00bb:[\u00ab\u00a0\/sports\/moteurs\/formule-1&Prime;],\u00a0\u00bbpbInternal_cloneId\u00a0\u00bb:\u00a0\u00bbc0fe8eZEEqK62Yq\u00a0\u00bb,\u00a0\u00bbtype\u00a0\u00bb:\u00a0\u00bbsection\u00a0\u00bb,\u00a0\u00bbtitle\u00a0\u00bb:\u00a0\u00bbTous les r\u00e9sultats de la Formule1 en live \u00ab\u00a0},\u00a0\u00bbdisplayProperties\u00a0\u00bb:{}},\u00a0\u00bbchildren\u00a0\u00bb:[{\u00ab\u00a0collection\u00a0\u00bb:\u00a0\u00bbfeatures\u00a0\u00bb,\u00a0\u00bbtype\u00a0\u00bb:\u00a0\u00bbcustom-html\/default\u00a0\u00bb,\u00a0\u00bbprops\u00a0\u00bb:{\u00ab\u00a0collection\u00a0\u00bb:\u00a0\u00bbfeatures\u00a0\u00bb,\u00a0\u00bbtype\u00a0\u00bb:\u00a0\u00bbcustom-html\/default\u00a0\u00bb,\u00a0\u00bbid\u00a0\u00bb:\u00a0\u00bbf0f4RQoBZqjV6kL\u00a0\u00bb,\u00a0\u00bbcontentConfig\u00a0\u00bb:{\u00ab\u00a0contentService\u00a0\u00bb:\u00a0\u00bb\u00a0\u00bb,\u00a0\u00bbcontentConfigValues\u00a0\u00bb:{},\u00a0\u00bbinherit\u00a0\u00bb:true},\u00a0\u00bbcustomFields\u00a0\u00bb:{\u00ab\u00a0visibility\u00a0\u00bb:\u00a0\u00bbVisible\u00a0\u00bb,\u00a0\u00bbresponsive\u00a0\u00bb:false,\u00a0\u00bbcentering\u00a0\u00bb:true,\u00a0\u00bbnoLazyLoad\u00a0\u00bb:false,\u00a0\u00bbcontent\u00a0\u00bb:\u00a0\u00bb\u00a0\u00bb,\u00a0\u00bbpbInternal_cloneId\u00a0\u00bb:\u00a0\u00bbf0fSAxdWnQYSaNU\u00a0\u00bb,\u00a0\u00bblazyLoad\u00a0\u00bb:true},\u00a0\u00bbdisplayProperties\u00a0\u00bb:{},\u00a0\u00bblocalEdits\u00a0\u00bb:{},\u00a0\u00bbvariants\u00a0\u00bb:{}}}]},{\u00ab\u00a0collection\u00a0\u00bb:\u00a0\u00bbchains\u00a0\u00bb,\u00a0\u00bbtype\u00a0\u00bb:\u00a0\u00bbfull-width\u00a0\u00bb,\u00a0\u00bbprops\u00a0\u00bb:{\u00ab\u00a0collection\u00a0\u00bb:\u00a0\u00bbchains\u00a0\u00bb,\u00a0\u00bbtype\u00a0\u00bb:\u00a0\u00bbfull-width\u00a0\u00bb,\u00a0\u00bbid\u00a0\u00bb:\u00a0\u00bbc0fR2wtKbxKi6EV\u00a0\u00bb,\u00a0\u00bbname\u00a0\u00bb:\u00a0\u00bbsection-formule1-1&Prime;,\u00a0\u00bbcustomFields\u00a0\u00bb:{\u00ab\u00a0count\u00a0\u00bb:1,\u00a0\u00bbshowSubsections\u00a0\u00bb:false,\u00a0\u00bbstickyCol\u00a0\u00bb:1,\u00a0\u00bbenabledSectionsStrict\u00a0\u00bb:[\u00ab\u00a0\/sports\/cyclisme\/tour-de-france\u00a0\u00bb],\u00a0\u00bbpbInternal_cloneId\u00a0\u00bb:\u00a0\u00bbc0fR2wtKbxKi6EV\u00a0\u00bb,\u00a0\u00bbtype\u00a0\u00bb:\u00a0\u00bbsection\u00a0\u00bb,\u00a0\u00bbtitle\u00a0\u00bb:\u00a0\u00bbTous les r\u00e9sultats du Tour de France \u00ab\u00a0},\u00a0\u00bbdisplayProperties\u00a0\u00bb:{}},\u00a0\u00bbchildren\u00a0\u00bb:[{\u00ab\u00a0collection\u00a0\u00bb:\u00a0\u00bbfeatures\u00a0\u00bb,\u00a0\u00bbtype\u00a0\u00bb:\u00a0\u00bbcustom-html\/default\u00a0\u00bb,\u00a0\u00bbprops\u00a0\u00bb:{\u00ab\u00a0collection\u00a0\u00bb:\u00a0\u00bbfeatures\u00a0\u00bb,\u00a0\u00bbtype\u00a0\u00bb:\u00a0\u00bbcustom-html\/default\u00a0\u00bb,\u00a0\u00bbid\u00a0\u00bb:\u00a0\u00bbf0fMjm7ubxKi6Aj\u00a0\u00bb,\u00a0\u00bbcontentConfig\u00a0\u00bb:{\u00ab\u00a0contentService\u00a0\u00bb:\u00a0\u00bb\u00a0\u00bb,\u00a0\u00bbcontentConfigValues\u00a0\u00bb:{},\u00a0\u00bbinherit\u00a0\u00bb:true},\u00a0\u00bbcustomFields\u00a0\u00bb:{\u00ab\u00a0visibility\u00a0\u00bb:\u00a0\u00bbVisible\u00a0\u00bb,\u00a0\u00bbresponsive\u00a0\u00bb:false,\u00a0\u00bbcentering\u00a0\u00bb:true,\u00a0\u00bbnoLazyLoad\u00a0\u00bb:false,\u00a0\u00bbcontent\u00a0\u00bb:\u00a0\u00bb\u00a0\u00bb,\u00a0\u00bbpbInternal_cloneId\u00a0\u00bb:\u00a0\u00bbf0fSAxdWnQYSaNU\u00a0\u00bb,\u00a0\u00bblazyLoad\u00a0\u00bb:true},\u00a0\u00bbdisplayProperties\u00a0\u00bb:{},\u00a0\u00bblocalEdits\u00a0\u00bb:{},\u00a0\u00bbvariants\u00a0\u00bb:{}}}]},{\u00ab\u00a0collection\u00a0\u00bb:\u00a0\u00bbchains\u00a0\u00bb,\u00a0\u00bbtype\u00a0\u00bb:\u00a0\u00bbfull-width\u00a0\u00bb,\u00a0\u00bbprops\u00a0\u00bb:{\u00ab\u00a0collection\u00a0\u00bb:\u00a0\u00bbchains\u00a0\u00bb,\u00a0\u00bbtype\u00a0\u00bb:\u00a0\u00bbfull-width\u00a0\u00bb,\u00a0\u00bbid\u00a0\u00bb:\u00a0\u00bbc0fz1RD5Ey1y7gr\u00a0\u00bb,\u00a0\u00bbname\u00a0\u00bb:\u00a0\u00bbsection-cyclisme-vuelta\u00a0\u00bb,\u00a0\u00bbcustomFields\u00a0\u00bb:{\u00ab\u00a0count\u00a0\u00bb:1,\u00a0\u00bbshowSubsections\u00a0\u00bb:false,\u00a0\u00bbstickyCol\u00a0\u00bb:1,\u00a0\u00bbenabledSectionsStrict\u00a0\u00bb:[\u00ab\u00a0\/sports\/cyclisme\/vuelta\u00a0\u00bb],\u00a0\u00bbpbInternal_cloneId\u00a0\u00bb:\u00a0\u00bbc0fz1RD5Ey1y7gr\u00a0\u00bb,\u00a0\u00bbtype\u00a0\u00bb:\u00a0\u00bbsection\u00a0\u00bb,\u00a0\u00bbtitle\u00a0\u00bb:\u00a0\u00bbLes classements de la Vuelta\u00a0\u00bb},\u00a0\u00bbdisplayProperties\u00a0\u00bb:{}},\u00a0\u00bbchildren\u00a0\u00bb:[{\u00ab\u00a0collection\u00a0\u00bb:\u00a0\u00bbfeatures\u00a0\u00bb,\u00a0\u00bbtype\u00a0\u00bb:\u00a0\u00bbcustom-html\/default\u00a0\u00bb,\u00a0\u00bbprops\u00a0\u00bb:{\u00ab\u00a0collection\u00a0\u00bb:\u00a0\u00bbfeatures\u00a0\u00bb,\u00a0\u00bbtype\u00a0\u00bb:\u00a0\u00bbcustom-html\/default\u00a0\u00bb,\u00a0\u00bbid\u00a0\u00bb:\u00a0\u00bbf0fvqORKDy1y71W\u00a0\u00bb,\u00a0\u00bbcontentConfig\u00a0\u00bb:{\u00ab\u00a0contentService\u00a0\u00bb:\u00a0\u00bb\u00a0\u00bb,\u00a0\u00bbcontentConfigValues\u00a0\u00bb:{},\u00a0\u00bbinherit\u00a0\u00bb:true},\u00a0\u00bbcustomFields\u00a0\u00bb:{\u00ab\u00a0visibility\u00a0\u00bb:\u00a0\u00bbVisible\u00a0\u00bb,\u00a0\u00bbresponsive\u00a0\u00bb:false,\u00a0\u00bbcentering\u00a0\u00bb:true,\u00a0\u00bbnoLazyLoad\u00a0\u00bb:false,\u00a0\u00bbcontent\u00a0\u00bb:\u00a0\u00bb\u00a0\u00bb,\u00a0\u00bbpbInternal_cloneId\u00a0\u00bb:\u00a0\u00bbf0fSAxdWnQYSaNU\u00a0\u00bb,\u00a0\u00bblazyLoad\u00a0\u00bb:true},\u00a0\u00bbdisplayProperties\u00a0\u00bb:{},\u00a0\u00bblocalEdits\u00a0\u00bb:{},\u00a0\u00bbvariants\u00a0\u00bb:{}}}]},{\u00ab\u00a0collection\u00a0\u00bb:\u00a0\u00bbchains\u00a0\u00bb,\u00a0\u00bbtype\u00a0\u00bb:\u00a0\u00bbfull-width\u00a0\u00bb,\u00a0\u00bbprops\u00a0\u00bb:{\u00ab\u00a0collection\u00a0\u00bb:\u00a0\u00bbchains\u00a0\u00bb,\u00a0\u00bbtype\u00a0\u00bb:\u00a0\u00bbfull-width\u00a0\u00bb,\u00a0\u00bbid\u00a0\u00bb:\u00a0\u00bbc0fPh733OL1K6Lo\u00a0\u00bb,\u00a0\u00bbcustomFields\u00a0\u00bb:{\u00ab\u00a0count\u00a0\u00bb:1,\u00a0\u00bbshowSubsections\u00a0\u00bb:true,\u00a0\u00bbstickyCol\u00a0\u00bb:1},\u00a0\u00bbdisplayProperties\u00a0\u00bb:{}},\u00a0\u00bbchildren\u00a0\u00bb:[{\u00ab\u00a0collection\u00a0\u00bb:\u00a0\u00bbfeatures\u00a0\u00bb,\u00a0\u00bbtype\u00a0\u00bb:\u00a0\u00bbstory-list\/top-5&Prime;,\u00a0\u00bbprops\u00a0\u00bb:{\u00ab\u00a0collection\u00a0\u00bb:\u00a0\u00bbfeatures\u00a0\u00bb,\u00a0\u00bbtype\u00a0\u00bb:\u00a0\u00bbstory-list\/top-5&Prime;,\u00a0\u00bbid\u00a0\u00bb:\u00a0\u00bbf0fC1XtGZqjV6cP\u00a0\u00bb,\u00a0\u00bbcontentConfig\u00a0\u00bb:{\u00ab\u00a0contentService\u00a0\u00bb:\u00a0\u00bb\u00a0\u00bb,\u00a0\u00bbcontentConfigValues\u00a0\u00bb:{},\u00a0\u00bbinherit\u00a0\u00bb:true},\u00a0\u00bbcustomFields\u00a0\u00bb:{\u00ab\u00a0visibility\u00a0\u00bb:\u00a0\u00bbVisible\u00a0\u00bb,\u00a0\u00bbhideImage\u00a0\u00bb:false,\u00a0\u00bbformat\u00a0\u00bb:\u00a0\u00bbLandscape\u00a0\u00bb,\u00a0\u00bborderBy\u00a0\u00bb:\u00a0\u00bbdisplay_date:desc\u00a0\u00bb,\u00a0\u00bbcount\u00a0\u00bb:4,\u00a0\u00bbcityEntity\u00a0\u00bb:\u00a0\u00bbbruxelles\u00a0\u00bb,\u00a0\u00bblineLength\u00a0\u00bb:2,\u00a0\u00bbcontainerDecoration\u00a0\u00bb:\u00a0\u00bbtitle + bord\u00a0\u00bb,\u00a0\u00bbtitle\u00a0\u00bb:\u00a0\u00bbLes plus consult\u00e9s\u00a0\u00bb,\u00a0\u00bbsource\u00a0\u00bb:\u00a0\u00bbSection courante (+ populaires)\u00a0\u00bb},\u00a0\u00bbdisplayProperties\u00a0\u00bb:{},\u00a0\u00bblocalEdits\u00a0\u00bb:{},\u00a0\u00bbvariants\u00a0\u00bb:{}}}]},{\u00ab\u00a0collection\u00a0\u00bb:\u00a0\u00bbfeatures\u00a0\u00bb,\u00a0\u00bbtype\u00a0\u00bb:\u00a0\u00bbjobat\/default\u00a0\u00bb,\u00a0\u00bbprops\u00a0\u00bb:{\u00ab\u00a0collection\u00a0\u00bb:\u00a0\u00bbfeatures\u00a0\u00bb,\u00a0\u00bbtype\u00a0\u00bb:\u00a0\u00bbjobat\/default\u00a0\u00bb,\u00a0\u00bbid\u00a0\u00bb:\u00a0\u00bbf0fCvPIMZqjV6xT\u00a0\u00bb,\u00a0\u00bbcontentConfig\u00a0\u00bb:{\u00ab\u00a0contentService\u00a0\u00bb:\u00a0\u00bb\u00a0\u00bb,\u00a0\u00bbcontentConfigValues\u00a0\u00bb:{},\u00a0\u00bbinherit\u00a0\u00bb:true},\u00a0\u00bbcustomFields\u00a0\u00bb:{\u00ab\u00a0visibility\u00a0\u00bb:\u00a0\u00bbVisible\u00a0\u00bb,\u00a0\u00bblazyLoad\u00a0\u00bb:true,\u00a0\u00bbarticleCategory\u00a0\u00bb:\u00a0\u00bbemploi\u00a0\u00bb,\u00a0\u00bbhideOnMobileApp\u00a0\u00bb:true,\u00a0\u00bbpbInternal_cloneId\u00a0\u00bb:\u00a0\u00bbf0fSXGXGxYHi4rb\u00a0\u00bb},\u00a0\u00bbdisplayProperties\u00a0\u00bb:{},\u00a0\u00bblocalEdits\u00a0\u00bb:{},\u00a0\u00bbvariants\u00a0\u00bb:{}}},{\u00ab\u00a0collection\u00a0\u00bb:\u00a0\u00bbchains\u00a0\u00bb,\u00a0\u00bbtype\u00a0\u00bb:\u00a0\u00bbrow-col\u00a0\u00bb,\u00a0\u00bbprops\u00a0\u00bb:{\u00ab\u00a0collection\u00a0\u00bb:\u00a0\u00bbchains\u00a0\u00bb,\u00a0\u00bbtype\u00a0\u00bb:\u00a0\u00bbrow-col\u00a0\u00bb,\u00a0\u00bbid\u00a0\u00bb:\u00a0\u00bbc0fNmdkXZqjV6lz\u00a0\u00bb,\u00a0\u00bbcustomFields\u00a0\u00bb:{\u00ab\u00a0count\u00a0\u00bb:3,\u00a0\u00bbtype\u00a0\u00bb:\u00a0\u00bb \u00ab\u00a0,\u00a0\u00bbstartCol2&Prime;:2,\u00a0\u00bbstartCol3&Prime;:3},\u00a0\u00bbdisplayProperties\u00a0\u00bb:{}},\u00a0\u00bbchildren\u00a0\u00bb:[{\u00ab\u00a0collection\u00a0\u00bb:\u00a0\u00bbfeatures\u00a0\u00bb,\u00a0\u00bbtype\u00a0\u00bb:\u00a0\u00bbstory-list\/image-annonce\u00a0\u00bb,\u00a0\u00bbprops\u00a0\u00bb:{\u00ab\u00a0collection\u00a0\u00bb:\u00a0\u00bbfeatures\u00a0\u00bb,\u00a0\u00bbtype\u00a0\u00bb:\u00a0\u00bbstory-list\/image-annonce\u00a0\u00bb,\u00a0\u00bbid\u00a0\u00bb:\u00a0\u00bbf0fmLjPOZqjV66x\u00a0\u00bb,\u00a0\u00bbcontentConfig\u00a0\u00bb:{\u00ab\u00a0contentService\u00a0\u00bb:\u00a0\u00bb\u00a0\u00bb,\u00a0\u00bbcontentConfigValues\u00a0\u00bb:{},\u00a0\u00bbinherit\u00a0\u00bb:true},\u00a0\u00bbcustomFields\u00a0\u00bb:{\u00ab\u00a0count\u00a0\u00bb:4,\u00a0\u00bbsource\u00a0\u00bb:\u00a0\u00bbrss-feed\u00a0\u00bb,\u00a0\u00bbrssUrl\u00a0\u00bb:\u00a0\u00bbhttps:\/\/gourmandiz.dhnet.be\/feed\u00a0\u00bb,\u00a0\u00bbcontentAlias\u00a0\u00bb:\u00a0\u00bb \u00ab\u00a0,\u00a0\u00bbcontainerDecoration\u00a0\u00bb:\u00a0\u00bbtitle + bord\u00a0\u00bb,\u00a0\u00bb_idSectionLaLibre\u00a0\u00bb:\u00a0\u00bb \u00ab\u00a0,\u00a0\u00bbrestriction\u00a0\u00bb:\u00a0\u00bb \u00ab\u00a0,\u00a0\u00bborderBy\u00a0\u00bb:\u00a0\u00bbdisplay_date:desc\u00a0\u00bb,\u00a0\u00bb_idSectionDhnet\u00a0\u00bb:\u00a0\u00bb \u00ab\u00a0,\u00a0\u00bbtitle\u00a0\u00bb:\u00a0\u00bbGourmandiz\u00a0\u00bb,\u00a0\u00bbvisibility\u00a0\u00bb:\u00a0\u00bbVisible\u00a0\u00bb,\u00a0\u00bbhideOnMobileApp\u00a0\u00bb:true},\u00a0\u00bbdisplayProperties\u00a0\u00bb:{},\u00a0\u00bblocalEdits\u00a0\u00bb:{},\u00a0\u00bbvariants\u00a0\u00bb:{}}},{\u00ab\u00a0collection\u00a0\u00bb:\u00a0\u00bbfeatures\u00a0\u00bb,\u00a0\u00bbtype\u00a0\u00bb:\u00a0\u00bbstory-list\/image-annonce\u00a0\u00bb,\u00a0\u00bbprops\u00a0\u00bb:{\u00ab\u00a0collection\u00a0\u00bb:\u00a0\u00bbfeatures\u00a0\u00bb,\u00a0\u00bbtype\u00a0\u00bb:\u00a0\u00bbstory-list\/image-annonce\u00a0\u00bb,\u00a0\u00bbid\u00a0\u00bb:\u00a0\u00bbf0fn8hRQZqjV6lK\u00a0\u00bb,\u00a0\u00bbcontentConfig\u00a0\u00bb:{\u00ab\u00a0contentService\u00a0\u00bb:\u00a0\u00bb\u00a0\u00bb,\u00a0\u00bbcontentConfigValues\u00a0\u00bb:{},\u00a0\u00bbinherit\u00a0\u00bb:true},\u00a0\u00bbcustomFields\u00a0\u00bb:{\u00ab\u00a0count\u00a0\u00bb:4,\u00a0\u00bbsource\u00a0\u00bb:\u00a0\u00bbrss-feed\u00a0\u00bb,\u00a0\u00bbrssUrl\u00a0\u00bb:\u00a0\u00bbhttps:\/\/parismatch.be\/feed\u00a0\u00bb,\u00a0\u00bbcontentAlias\u00a0\u00bb:\u00a0\u00bb \u00ab\u00a0,\u00a0\u00bbcontainerDecoration\u00a0\u00bb:\u00a0\u00bbtitle + bord\u00a0\u00bb,\u00a0\u00bb_idSectionLaLibre\u00a0\u00bb:\u00a0\u00bb \u00ab\u00a0,\u00a0\u00bbrestriction\u00a0\u00bb:\u00a0\u00bb \u00ab\u00a0,\u00a0\u00bborderBy\u00a0\u00bb:\u00a0\u00bbdisplay_date:desc\u00a0\u00bb,\u00a0\u00bb_idSectionDhnet\u00a0\u00bb:\u00a0\u00bb \u00ab\u00a0,\u00a0\u00bbtitle\u00a0\u00bb:\u00a0\u00bbParis Match\u00a0\u00bb,\u00a0\u00bbvisibility\u00a0\u00bb:\u00a0\u00bbVisible\u00a0\u00bb,\u00a0\u00bbhideOnMobileApp\u00a0\u00bb:true},\u00a0\u00bbdisplayProperties\u00a0\u00bb:{},\u00a0\u00bblocalEdits\u00a0\u00bb:{},\u00a0\u00bbvariants\u00a0\u00bb:{}}},{\u00ab\u00a0collection\u00a0\u00bb:\u00a0\u00bbfeatures\u00a0\u00bb,\u00a0\u00bbtype\u00a0\u00bb:\u00a0\u00bbcustom-html\/default\u00a0\u00bb,\u00a0\u00bbprops\u00a0\u00bb:{\u00ab\u00a0collection\u00a0\u00bb:\u00a0\u00bbfeatures\u00a0\u00bb,\u00a0\u00bbtype\u00a0\u00bb:\u00a0\u00bbcustom-html\/default\u00a0\u00bb,\u00a0\u00bbid\u00a0\u00bb:\u00a0\u00bbf0f7BnfTZqjV6zU\u00a0\u00bb,\u00a0\u00bbcontentConfig\u00a0\u00bb:{\u00ab\u00a0contentService\u00a0\u00bb:\u00a0\u00bb\u00a0\u00bb,\u00a0\u00bbcontentConfigValues\u00a0\u00bb:{},\u00a0\u00bbinherit\u00a0\u00bb:true},\u00a0\u00bbcustomFields\u00a0\u00bb:{\u00ab\u00a0visibility\u00a0\u00bb:\u00a0\u00bbVisible\u00a0\u00bb,\u00a0\u00bbcontainerDecoration\u00a0\u00bb:\u00a0\u00bbtitle + bord\u00a0\u00bb,\u00a0\u00bbtitle\u00a0\u00bb:\u00a0\u00bbLe d\u00e9bat DH du jour\u00a0\u00bb,\u00a0\u00bbresponsive\u00a0\u00bb:false,\u00a0\u00bbcentering\u00a0\u00bb:false,\u00a0\u00bbnoLazyLoad\u00a0\u00bb:true,\u00a0\u00bbcontent\u00a0\u00bb:\u00a0\u00bb\\n\u00a0\u00bb,\u00a0\u00bblazyLoad\u00a0\u00bb:false},\u00a0\u00bbdisplayProperties\u00a0\u00bb:{},\u00a0\u00bblocalEdits\u00a0\u00bb:{},\u00a0\u00bbvariants\u00a0\u00bb:{}}},{\u00ab\u00a0collection\u00a0\u00bb:\u00a0\u00bbfeatures\u00a0\u00bb,\u00a0\u00bbtype\u00a0\u00bb:\u00a0\u00bbcustom-page-html\/default\u00a0\u00bb,\u00a0\u00bbprops\u00a0\u00bb:{\u00ab\u00a0collection\u00a0\u00bb:\u00a0\u00bbfeatures\u00a0\u00bb,\u00a0\u00bbtype\u00a0\u00bb:\u00a0\u00bbcustom-page-html\/default\u00a0\u00bb,\u00a0\u00bbid\u00a0\u00bb:\u00a0\u00bbf0fitJ4At4fLCT\u00a0\u00bb,\u00a0\u00bbcontentConfig\u00a0\u00bb:{\u00ab\u00a0contentService\u00a0\u00bb:\u00a0\u00bb\u00a0\u00bb,\u00a0\u00bbcontentConfigValues\u00a0\u00bb:{},\u00a0\u00bbinherit\u00a0\u00bb:true},\u00a0\u00bbcustomFields\u00a0\u00bb:{\u00ab\u00a0title\u00a0\u00bb:\u00a0\u00bbLe d\u00e9bat DH du jour\u00a0\u00bb,\u00a0\u00bbscripts\u00a0\u00bb:\u00a0\u00bbaccidentdutravail-idf.net vous a pr\u00e9par\u00e9 ce post qui informe du sujet \u00ab\u00a0Association Sportive Huisson-Longueville Essonne\u00a0\u00bb. La chronique se veut g\u00e9n\u00e9r\u00e9e du mieux possible. Vous pouvez utiliser les coordonn\u00e9es indiqu\u00e9es sur le site dans le but d\u2019apporter des explications sur ce post qui parle du th\u00e8me \u00ab\u00a0Association Sportive Huisson-Longueville Essonne\u00a0\u00bb. Le site accidentdutravail-idf.net a pour but de fournir diverses publications sur la th\u00e9matique Association Sportive Huisson-Longueville Essonne diffus\u00e9es sur le net. Il y aura plusieurs articles autour du sujet \u00ab\u00a0Association Sportive Huisson-Longueville Essonne\u00a0\u00bb dans quelques jours, nous vous invitons \u00e0 naviguer sur notre site web \u00e0 plusieurs reprises.<\/p>\n","protected":false},"excerpt":{"rendered":"<p>Un homme d\u00e9c\u00e8de lors d&rsquo;un accident du travail en Flandre &#8211; La DH\/Les Sports+\u00ab\u00a0,\u00a0\u00bblazyLoad\u00a0\u00bb:true},\u00a0\u00bbdisplayProperties\u00a0\u00bb:{},\u00a0\u00bblocalEdits\u00a0\u00bb:{},\u00a0\u00bbvariants\u00a0\u00bb:{}}}]},{\u00ab\u00a0collection\u00a0\u00bb:\u00a0\u00bbchains\u00a0\u00bb,\u00a0\u00bbtype\u00a0\u00bb:\u00a0\u00bbfull-width\u00a0\u00bb,\u00a0\u00bbprops\u00a0\u00bb:{\u00ab\u00a0collection\u00a0\u00bb:\u00a0\u00bbchains\u00a0\u00bb,\u00a0\u00bbtype\u00a0\u00bb:\u00a0\u00bbfull-width\u00a0\u00bb,\u00a0\u00bbid\u00a0\u00bb:\u00a0\u00bbc0fD5EG4ZqjV6cr\u00a0\u00bb,\u00a0\u00bbname\u00a0\u00bb:\u00a0\u00bbsection-d1a\u00a0\u00bb,\u00a0\u00bbcustomFields\u00a0\u00bb:{\u00ab\u00a0count\u00a0\u00bb:2,\u00a0\u00bbshowSubsections\u00a0\u00bb:false,\u00a0\u00bbstickyCol\u00a0\u00bb:1,\u00a0\u00bbenabledSectionsStrict\u00a0\u00bb:[],\u00a0\u00bbpbInternal_cloneId\u00a0\u00bb:\u00a0\u00bbc0f7gHDG0PkO7I1&Prime;,\u00a0\u00bbtype\u00a0\u00bb:\u00a0\u00bbsection\u00a0\u00bb,\u00a0\u00bbtitle\u00a0\u00bb:\u00a0\u00bbTous les scores de la Jupiler Pro League en live\u00a0\u00bb,\u00a0\u00bbenabledSections\u00a0\u00bb:[\u00ab\u00a0\/sports\/football\/division-1a\u00a0\u00bb]},\u00a0\u00bbdisplayProperties\u00a0\u00bb:{}},\u00a0\u00bbchildren\u00a0\u00bb:[{\u00ab\u00a0collection\u00a0\u00bb:\u00a0\u00bbfeatures\u00a0\u00bb,\u00a0\u00bbtype\u00a0\u00bb:\u00a0\u00bbcustom-html\/default\u00a0\u00bb,\u00a0\u00bbprops\u00a0\u00bb:{\u00ab\u00a0collection\u00a0\u00bb:\u00a0\u00bbfeatures\u00a0\u00bb,\u00a0\u00bbtype\u00a0\u00bb:\u00a0\u00bbcustom-html\/default\u00a0\u00bb,\u00a0\u00bbid\u00a0\u00bb:\u00a0\u00bbf0f1j8EZYqjV6nh\u00a0\u00bb,\u00a0\u00bbcontentConfig\u00a0\u00bb:{\u00ab\u00a0contentService\u00a0\u00bb:\u00a0\u00bb\u00a0\u00bb,\u00a0\u00bbcontentConfigValues\u00a0\u00bb:{},\u00a0\u00bbinherit\u00a0\u00bb:true},\u00a0\u00bbcustomFields\u00a0\u00bb:{\u00ab\u00a0visibility\u00a0\u00bb:\u00a0\u00bbVisible\u00a0\u00bb,\u00a0\u00bbresponsive\u00a0\u00bb:false,\u00a0\u00bbcentering\u00a0\u00bb:true,\u00a0\u00bbnoLazyLoad\u00a0\u00bb:false,\u00a0\u00bbcontent\u00a0\u00bb:\u00a0\u00bb\u00a0\u00bb,\u00a0\u00bbpbInternal_cloneId\u00a0\u00bb:\u00a0\u00bbf0fgrnpAmeTU2nr\u00a0\u00bb,\u00a0\u00bblazyLoad\u00a0\u00bb:true},\u00a0\u00bbdisplayProperties\u00a0\u00bb:{},\u00a0\u00bblocalEdits\u00a0\u00bb:{},\u00a0\u00bbvariants\u00a0\u00bb:{}}},{\u00ab\u00a0collection\u00a0\u00bb:\u00a0\u00bbfeatures\u00a0\u00bb,\u00a0\u00bbtype\u00a0\u00bb:\u00a0\u00bbcustom-html\/default\u00a0\u00bb,\u00a0\u00bbprops\u00a0\u00bb:{\u00ab\u00a0collection\u00a0\u00bb:\u00a0\u00bbfeatures\u00a0\u00bb,\u00a0\u00bbtype\u00a0\u00bb:\u00a0\u00bbcustom-html\/default\u00a0\u00bb,\u00a0\u00bbid\u00a0\u00bb:\u00a0\u00bbf0fnP0Q1ZqjV6Nz\u00a0\u00bb,\u00a0\u00bbcontentConfig\u00a0\u00bb:{\u00ab\u00a0contentService\u00a0\u00bb:\u00a0\u00bb\u00a0\u00bb,\u00a0\u00bbcontentConfigValues\u00a0\u00bb:{},\u00a0\u00bbinherit\u00a0\u00bb:true},\u00a0\u00bbcustomFields\u00a0\u00bb:{\u00ab\u00a0visibility\u00a0\u00bb:\u00a0\u00bbVisible\u00a0\u00bb,\u00a0\u00bbresponsive\u00a0\u00bb:false,\u00a0\u00bbcentering\u00a0\u00bb:true,\u00a0\u00bbnoLazyLoad\u00a0\u00bb:false,\u00a0\u00bbcontent\u00a0\u00bb:\u00a0\u00bb\u00a0\u00bb,\u00a0\u00bbpbInternal_cloneId\u00a0\u00bb:\u00a0\u00bbf0f2hHAV8uve2cp\u00a0\u00bb,\u00a0\u00bblazyLoad\u00a0\u00bb:true},\u00a0\u00bbdisplayProperties\u00a0\u00bb:{},\u00a0\u00bblocalEdits\u00a0\u00bb:{},\u00a0\u00bbvariants\u00a0\u00bb:{}}}]},{\u00ab\u00a0collection\u00a0\u00bb:\u00a0\u00bbchains\u00a0\u00bb,\u00a0\u00bbtype\u00a0\u00bb:\u00a0\u00bbfull-width\u00a0\u00bb,\u00a0\u00bbprops\u00a0\u00bb:{\u00ab\u00a0collection\u00a0\u00bb:\u00a0\u00bbchains\u00a0\u00bb,\u00a0\u00bbtype\u00a0\u00bb:\u00a0\u00bbfull-width\u00a0\u00bb,\u00a0\u00bbid\u00a0\u00bb:\u00a0\u00bbc0fmP0EMjtBn7vq\u00a0\u00bb,\u00a0\u00bbname\u00a0\u00bb:\u00a0\u00bbsection-d1a-1&Prime;,\u00a0\u00bbcustomFields\u00a0\u00bb:{\u00ab\u00a0count\u00a0\u00bb:2,\u00a0\u00bbshowSubsections\u00a0\u00bb:false,\u00a0\u00bbstickyCol\u00a0\u00bb:1,\u00a0\u00bbenabledSectionsStrict\u00a0\u00bb:[\u00ab\u00a0\/sports\/football\/division-1a\/standard\u00a0\u00bb],\u00a0\u00bbpbInternal_cloneId\u00a0\u00bb:\u00a0\u00bbc0fmP0EMjtBn7vq\u00a0\u00bb,\u00a0\u00bbtype\u00a0\u00bb:\u00a0\u00bbsection\u00a0\u00bb,\u00a0\u00bbtitle\u00a0\u00bb:\u00a0\u00bbTous les scores de la Jupiler Pro League en live\u00a0\u00bb,\u00a0\u00bbenabledSections\u00a0\u00bb:[],\u00a0\u00bbcontent\u00a0\u00bb:\u00a0\u00bb\u00a0\u00bb},\u00a0\u00bbdisplayProperties\u00a0\u00bb:{}},\u00a0\u00bbchildren\u00a0\u00bb:[{\u00ab\u00a0collection\u00a0\u00bb:\u00a0\u00bbfeatures\u00a0\u00bb,\u00a0\u00bbtype\u00a0\u00bb:\u00a0\u00bbcustom-html\/default\u00a0\u00bb,\u00a0\u00bbprops\u00a0\u00bb:{\u00ab\u00a0collection\u00a0\u00bb:\u00a0\u00bbfeatures\u00a0\u00bb,\u00a0\u00bbtype\u00a0\u00bb:\u00a0\u00bbcustom-html\/default\u00a0\u00bb,\u00a0\u00bbid\u00a0\u00bb:\u00a0\u00bbf0fc38u8jtBn7nV\u00a0\u00bb,\u00a0\u00bbcontentConfig\u00a0\u00bb:{\u00ab\u00a0contentService\u00a0\u00bb:\u00a0\u00bb\u00a0\u00bb,\u00a0\u00bbcontentConfigValues\u00a0\u00bb:{},\u00a0\u00bbinherit\u00a0\u00bb:true},\u00a0\u00bbcustomFields\u00a0\u00bb:{\u00ab\u00a0visibility\u00a0\u00bb:\u00a0\u00bbVisible\u00a0\u00bb,\u00a0\u00bbresponsive\u00a0\u00bb:false,\u00a0\u00bbcentering\u00a0\u00bb:true,\u00a0\u00bbnoLazyLoad\u00a0\u00bb:false,\u00a0\u00bbcontent\u00a0\u00bb:\u00a0\u00bb\u00a0\u00bb,\u00a0\u00bbpbInternal_cloneId\u00a0\u00bb:\u00a0\u00bbf0fgrnpAmeTU2nr\u00a0\u00bb,\u00a0\u00bblazyLoad\u00a0\u00bb:true},\u00a0\u00bbdisplayProperties\u00a0\u00bb:{},\u00a0\u00bblocalEdits\u00a0\u00bb:{},\u00a0\u00bbvariants\u00a0\u00bb:{}}},{\u00ab\u00a0collection\u00a0\u00bb:\u00a0\u00bbfeatures\u00a0\u00bb,\u00a0\u00bbtype\u00a0\u00bb:\u00a0\u00bbcustom-html\/default\u00a0\u00bb,\u00a0\u00bbprops\u00a0\u00bb:{\u00ab\u00a0collection\u00a0\u00bb:\u00a0\u00bbfeatures\u00a0\u00bb,\u00a0\u00bbtype\u00a0\u00bb:\u00a0\u00bbcustom-html\/default\u00a0\u00bb,\u00a0\u00bbid\u00a0\u00bb:\u00a0\u00bbf0fUSESAjtBn7vx\u00a0\u00bb,\u00a0\u00bbcontentConfig\u00a0\u00bb:{\u00ab\u00a0contentService\u00a0\u00bb:\u00a0\u00bb\u00a0\u00bb,\u00a0\u00bbcontentConfigValues\u00a0\u00bb:{},\u00a0\u00bbinherit\u00a0\u00bb:true},\u00a0\u00bbcustomFields\u00a0\u00bb:{\u00ab\u00a0visibility\u00a0\u00bb:\u00a0\u00bbVisible\u00a0\u00bb,\u00a0\u00bbresponsive\u00a0\u00bb:false,\u00a0\u00bbcentering\u00a0\u00bb:true,\u00a0\u00bbnoLazyLoad\u00a0\u00bb:false,\u00a0\u00bbcontent\u00a0\u00bb:\u00a0\u00bb\u00a0\u00bb,\u00a0\u00bbpbInternal_cloneId\u00a0\u00bb:\u00a0\u00bbf0f2hHAV8uve2cp\u00a0\u00bb,\u00a0\u00bblazyLoad\u00a0\u00bb:true},\u00a0\u00bbdisplayProperties\u00a0\u00bb:{},\u00a0\u00bblocalEdits\u00a0\u00bb:{},\u00a0\u00bbvariants\u00a0\u00bb:{}}}]},{\u00ab\u00a0collection\u00a0\u00bb:\u00a0\u00bbchains\u00a0\u00bb,\u00a0\u00bbtype\u00a0\u00bb:\u00a0\u00bbfull-width\u00a0\u00bb,\u00a0\u00bbprops\u00a0\u00bb:{\u00ab\u00a0collection\u00a0\u00bb:\u00a0\u00bbchains\u00a0\u00bb,\u00a0\u00bbtype\u00a0\u00bb:\u00a0\u00bbfull-width\u00a0\u00bb,\u00a0\u00bbid\u00a0\u00bb:\u00a0\u00bbc0fE6UMeZqjV6HO\u00a0\u00bb,\u00a0\u00bbname\u00a0\u00bb:\u00a0\u00bbsection-jupiler-pro-league\u00a0\u00bb,\u00a0\u00bbcustomFields\u00a0\u00bb:{\u00ab\u00a0count\u00a0\u00bb:2,\u00a0\u00bbshowSubsections\u00a0\u00bb:true,\u00a0\u00bbstickyCol\u00a0\u00bb:1,\u00a0\u00bbenabledSectionsStrict\u00a0\u00bb:[],\u00a0\u00bbpbInternal_cloneId\u00a0\u00bb:\u00a0\u00bbc0fyIeZRPoC1a8w\u00a0\u00bb,\u00a0\u00bbtype\u00a0\u00bb:\u00a0\u00bbsection\u00a0\u00bb,\u00a0\u00bbtitle\u00a0\u00bb:\u00a0\u00bbTous les scores de la Challenger Pro League en live\u00a0\u00bb,\u00a0\u00bbenabledSections\u00a0\u00bb:[\u00ab\u00a0\/sports\/football\/division-1b\u00a0\u00bb]},\u00a0\u00bbdisplayProperties\u00a0\u00bb:{}},\u00a0\u00bbchildren\u00a0\u00bb:[{\u00ab\u00a0collection\u00a0\u00bb:\u00a0\u00bbfeatures\u00a0\u00bb,\u00a0\u00bbtype\u00a0\u00bb:\u00a0\u00bbcustom-html\/default\u00a0\u00bb,\u00a0\u00bbprops\u00a0\u00bb:{\u00ab\u00a0collection\u00a0\u00bb:\u00a0\u00bbfeatures\u00a0\u00bb,\u00a0\u00bbtype\u00a0\u00bb:\u00a0\u00bbcustom-html\/default\u00a0\u00bb,\u00a0\u00bbid\u00a0\u00bb:\u00a0\u00bbf0fLFEz7ZqjV66H\u00a0\u00bb,\u00a0\u00bbcontentConfig\u00a0\u00bb:{\u00ab\u00a0contentService\u00a0\u00bb:\u00a0\u00bb\u00a0\u00bb,\u00a0\u00bbcontentConfigValues\u00a0\u00bb:{},\u00a0\u00bbinherit\u00a0\u00bb:true},\u00a0\u00bbcustomFields\u00a0\u00bb:{\u00ab\u00a0visibility\u00a0\u00bb:\u00a0\u00bbVisible\u00a0\u00bb,\u00a0\u00bbresponsive\u00a0\u00bb:false,\u00a0\u00bbcentering\u00a0\u00bb:true,\u00a0\u00bbnoLazyLoad\u00a0\u00bb:false,\u00a0\u00bbcontent\u00a0\u00bb:\u00a0\u00bb\u00a0\u00bb,\u00a0\u00bbpbInternal_cloneId\u00a0\u00bb:\u00a0\u00bbf0fVQW6rzdXM6ce\u00a0\u00bb,\u00a0\u00bblazyLoad\u00a0\u00bb:true},\u00a0\u00bbdisplayProperties\u00a0\u00bb:{},\u00a0\u00bblocalEdits\u00a0\u00bb:{},\u00a0\u00bbvariants\u00a0\u00bb:{}}},{\u00ab\u00a0collection\u00a0\u00bb:\u00a0\u00bbfeatures\u00a0\u00bb,\u00a0\u00bbtype\u00a0\u00bb:\u00a0\u00bbcustom-html\/default\u00a0\u00bb,\u00a0\u00bbprops\u00a0\u00bb:{\u00ab\u00a0collection\u00a0\u00bb:\u00a0\u00bbfeatures\u00a0\u00bb,\u00a0\u00bbtype\u00a0\u00bb:\u00a0\u00bbcustom-html\/default\u00a0\u00bb,\u00a0\u00bbid\u00a0\u00bb:\u00a0\u00bbf0fNjmkcZqjV6a2&Prime;,\u00a0\u00bbcontentConfig\u00a0\u00bb:{\u00ab\u00a0contentService\u00a0\u00bb:\u00a0\u00bb\u00a0\u00bb,\u00a0\u00bbcontentConfigValues\u00a0\u00bb:{},\u00a0\u00bbinherit\u00a0\u00bb:true},\u00a0\u00bbcustomFields\u00a0\u00bb:{\u00ab\u00a0visibility\u00a0\u00bb:\u00a0\u00bbVisible\u00a0\u00bb,\u00a0\u00bbresponsive\u00a0\u00bb:false,\u00a0\u00bbcentering\u00a0\u00bb:true,\u00a0\u00bbnoLazyLoad\u00a0\u00bb:false,\u00a0\u00bbcontent\u00a0\u00bb:\u00a0\u00bb\u00a0\u00bb,\u00a0\u00bbpbInternal_cloneId\u00a0\u00bb:\u00a0\u00bbf0fK4TiKPX1W2zy\u00a0\u00bb,\u00a0\u00bblazyLoad\u00a0\u00bb:true},\u00a0\u00bbdisplayProperties\u00a0\u00bb:{},\u00a0\u00bblocalEdits\u00a0\u00bb:{},\u00a0\u00bbvariants\u00a0\u00bb:{}}}]},{\u00ab\u00a0collection\u00a0\u00bb:\u00a0\u00bbchains\u00a0\u00bb,\u00a0\u00bbtype\u00a0\u00bb:\u00a0\u00bbfull-width\u00a0\u00bb,\u00a0\u00bbprops\u00a0\u00bb:{\u00ab\u00a0collection\u00a0\u00bb:\u00a0\u00bbchains\u00a0\u00bb,\u00a0\u00bbtype\u00a0\u00bb:\u00a0\u00bbfull-width\u00a0\u00bb,\u00a0\u00bbid\u00a0\u00bb:\u00a0\u00bbc0foJmvlZqjV6Jo\u00a0\u00bb,\u00a0\u00bbname\u00a0\u00bb:\u00a0\u00bbsection-championnats-etrangers\u00a0\u00bb,\u00a0\u00bbcustomFields\u00a0\u00bb:{\u00ab\u00a0count\u00a0\u00bb:1,\u00a0\u00bbshowSubsections\u00a0\u00bb:false,\u00a0\u00bbstickyCol\u00a0\u00bb:1,\u00a0\u00bbenabledSectionsStrict\u00a0\u00bb:[\u00ab\u00a0\/sports\/football\/europe\/championnatsetrangers\u00a0\u00bb],\u00a0\u00bbpbInternal_cloneId\u00a0\u00bb:\u00a0\u00bbc0fxTz0Cyt1N7k4&Prime;,\u00a0\u00bbsectionDhnet\u00a0\u00bb:null,\u00a0\u00bbtitle\u00a0\u00bb:\u00a0\u00bbTous les scores des championnats \u00e9trangers en live\u00a0\u00bb,\u00a0\u00bbtype\u00a0\u00bb:\u00a0\u00bbsection\u00a0\u00bb},\u00a0\u00bbdisplayProperties\u00a0\u00bb:{}},\u00a0\u00bbchildren\u00a0\u00bb:[{\u00ab\u00a0collection\u00a0\u00bb:\u00a0\u00bbfeatures\u00a0\u00bb,\u00a0\u00bbtype\u00a0\u00bb:\u00a0\u00bbcustom-html\/default\u00a0\u00bb,\u00a0\u00bbprops\u00a0\u00bb:{\u00ab\u00a0collection\u00a0\u00bb:\u00a0\u00bbfeatures\u00a0\u00bb,\u00a0\u00bbtype\u00a0\u00bb:\u00a0\u00bbcustom-html\/default\u00a0\u00bb,\u00a0\u00bbid\u00a0\u00bb:\u00a0\u00bbf0fyMCXiZqjV6Oq\u00a0\u00bb,\u00a0\u00bbcontentConfig\u00a0\u00bb:{\u00ab\u00a0contentService\u00a0\u00bb:\u00a0\u00bb\u00a0\u00bb,\u00a0\u00bbcontentConfigValues\u00a0\u00bb:{},\u00a0\u00bbinherit\u00a0\u00bb:true},\u00a0\u00bbcustomFields\u00a0\u00bb:{\u00ab\u00a0visibility\u00a0\u00bb:\u00a0\u00bbVisible\u00a0\u00bb,\u00a0\u00bbresponsive\u00a0\u00bb:false,\u00a0\u00bbcentering\u00a0\u00bb:true,\u00a0\u00bbnoLazyLoad\u00a0\u00bb:false,\u00a0\u00bbcontent\u00a0\u00bb:\u00a0\u00bb\u00a0\u00bb,\u00a0\u00bbpbInternal_cloneId\u00a0\u00bb:\u00a0\u00bbf0fQ1DNItrwNdxo\u00a0\u00bb,\u00a0\u00bblazyLoad\u00a0\u00bb:true},\u00a0\u00bbdisplayProperties\u00a0\u00bb:{},\u00a0\u00bblocalEdits\u00a0\u00bb:{},\u00a0\u00bbvariants\u00a0\u00bb:{}}}]},{\u00ab\u00a0collection\u00a0\u00bb:\u00a0\u00bbchains\u00a0\u00bb,\u00a0\u00bbtype\u00a0\u00bb:\u00a0\u00bbfull-width\u00a0\u00bb,\u00a0\u00bbprops\u00a0\u00bb:{\u00ab\u00a0collection\u00a0\u00bb:\u00a0\u00bbchains\u00a0\u00bb,\u00a0\u00bbtype\u00a0\u00bb:\u00a0\u00bbfull-width\u00a0\u00bb,\u00a0\u00bbid\u00a0\u00bb:\u00a0\u00bbc0fR2hJqZqjV6YS\u00a0\u00bb,\u00a0\u00bbname\u00a0\u00bb:\u00a0\u00bbsection-champions-league\u00a0\u00bb,\u00a0\u00bbcustomFields\u00a0\u00bb:{\u00ab\u00a0count\u00a0\u00bb:1,\u00a0\u00bbshowSubsections\u00a0\u00bb:true,\u00a0\u00bbstickyCol\u00a0\u00bb:1,\u00a0\u00bbenabledSectionsStrict\u00a0\u00bb:[\u00ab\u00a0\/sports\/football\/europe\/c1&Prime;],\u00a0\u00bbpbInternal_cloneId\u00a0\u00bb:\u00a0\u00bbc0fchqW1GjBO7Xz\u00a0\u00bb,\u00a0\u00bbtype\u00a0\u00bb:\u00a0\u00bbsection\u00a0\u00bb,\u00a0\u00bbtitle\u00a0\u00bb:\u00a0\u00bbTous les scores de la Champions League en &hellip; <\/p>\n<p class=\"link-more\"><a href=\"https:\/\/www.accidentdutravail-idf.net\/blog\/un-homme-decede-lors-dun-accident-du-travail-en-flandre\/\" class=\"more-link\">Continuer la lecture <span class=\"screen-reader-text\"> \u00ab\u00a0Un homme d\u00e9c\u00e8de lors d&rsquo;un accident du travail en Flandre\u00a0\u00bb<\/span><\/a><\/p>\n","protected":false},"author":2,"featured_media":0,"comment_status":"closed","ping_status":"closed","sticky":false,"template":"","format":"standard","meta":{"footnotes":""},"categories":[5],"tags":[],"class_list":["post-492","post","type-post","status-publish","format-standard","hentry","category-securite-du-travail-en-ile-de-france-et-divers","entry"],"yoast_head":"<!-- This site is optimized with the Yoast SEO plugin v27.5 - https:\/\/yoast.com\/product\/yoast-seo-wordpress\/ -->\n<title>Un homme d\u00e9c\u00e8de lors d&#039;un accident du travail en Flandre - ACCIDENTDUTRAVAIL-IDF<\/title>\n<meta name=\"description\" content=\"Un homme d\u00e9c\u00e8de lors d&#039;un accident du travail en Flandre article de ACCIDENTDUTRAVAIL-IDF\" \/>\n<meta name=\"robots\" content=\"index, follow, max-snippet:-1, max-image-preview:large, max-video-preview:-1\" \/>\n<link rel=\"canonical\" href=\"https:\/\/www.accidentdutravail-idf.net\/blog\/un-homme-decede-lors-dun-accident-du-travail-en-flandre\/\" \/>\n<meta property=\"og:locale\" content=\"fr_FR\" \/>\n<meta property=\"og:type\" content=\"article\" \/>\n<meta property=\"og:title\" content=\"Un homme d\u00e9c\u00e8de lors d&#039;un accident du travail en Flandre - ACCIDENTDUTRAVAIL-IDF\" \/>\n<meta property=\"og:description\" content=\"Un homme d\u00e9c\u00e8de lors d&#039;un accident du travail en Flandre article de ACCIDENTDUTRAVAIL-IDF\" \/>\n<meta property=\"og:url\" content=\"https:\/\/www.accidentdutravail-idf.net\/blog\/un-homme-decede-lors-dun-accident-du-travail-en-flandre\/\" \/>\n<meta property=\"og:site_name\" content=\"ACCIDENTDUTRAVAIL-IDF\" \/>\n<meta property=\"article:published_time\" content=\"2024-06-23T03:37:00+00:00\" \/>\n<meta property=\"og:image\" content=\"https:\/\/www.dhnet.be\/resizer\/v2\/ALIKGVOSTJDQ3M6TIMIOJC3I3I.jpg?auth=077316be8ad1c6d6b03078e765dc6f4c4652d500c7d75f89f39992fe27ddb9a6&amp;width=1200&amp;height=630&amp;quality=85&amp;focal=2760%2C1840&amp;watermark=https%3A%2F%2Fcloudfront-eu-central-1.images.arcpublishing.com%2Fipmgroup%2FDZNGDE46VVGXRGHD3TEI5RB3GM.png%3A100%3A0%2C559\" \/>\n<meta name=\"author\" content=\"Carlos Poulain\" \/>\n<meta name=\"twitter:card\" content=\"summary_large_image\" \/>\n<meta name=\"twitter:label1\" content=\"\u00c9crit par\" \/>\n\t<meta name=\"twitter:data1\" content=\"Carlos Poulain\" \/>\n\t<meta name=\"twitter:label2\" content=\"Dur\u00e9e de lecture estim\u00e9e\" \/>\n\t<meta name=\"twitter:data2\" content=\"7 minutes\" \/>\n<script type=\"application\/ld+json\" class=\"yoast-schema-graph\">{\"@context\":\"https:\\\/\\\/schema.org\",\"@graph\":[{\"@type\":\"Article\",\"@id\":\"https:\\\/\\\/www.accidentdutravail-idf.net\\\/blog\\\/un-homme-decede-lors-dun-accident-du-travail-en-flandre\\\/#article\",\"isPartOf\":{\"@id\":\"https:\\\/\\\/www.accidentdutravail-idf.net\\\/blog\\\/un-homme-decede-lors-dun-accident-du-travail-en-flandre\\\/\"},\"author\":{\"name\":\"Carlos Poulain\",\"@id\":\"https:\\\/\\\/www.accidentdutravail-idf.net\\\/blog\\\/#\\\/schema\\\/person\\\/3255d2f970de45e64bd9201f38e7b947\"},\"headline\":\"Un homme d\u00e9c\u00e8de lors d&rsquo;un accident du travail en Flandre\",\"datePublished\":\"2024-06-23T03:37:00+00:00\",\"mainEntityOfPage\":{\"@id\":\"https:\\\/\\\/www.accidentdutravail-idf.net\\\/blog\\\/un-homme-decede-lors-dun-accident-du-travail-en-flandre\\\/\"},\"wordCount\":1456,\"publisher\":{\"@id\":\"https:\\\/\\\/www.accidentdutravail-idf.net\\\/blog\\\/#organization\"},\"image\":{\"@id\":\"https:\\\/\\\/www.accidentdutravail-idf.net\\\/blog\\\/un-homme-decede-lors-dun-accident-du-travail-en-flandre\\\/#primaryimage\"},\"thumbnailUrl\":\"https:\\\/\\\/www.dhnet.be\\\/resizer\\\/v2\\\/ALIKGVOSTJDQ3M6TIMIOJC3I3I.jpg?auth=077316be8ad1c6d6b03078e765dc6f4c4652d500c7d75f89f39992fe27ddb9a6&amp;width=1200&amp;height=630&amp;quality=85&amp;focal=2760%2C1840&amp;watermark=https%3A%2F%2Fcloudfront-eu-central-1.images.arcpublishing.com%2Fipmgroup%2FDZNGDE46VVGXRGHD3TEI5RB3GM.png%3A100%3A0%2C559\",\"articleSection\":[\"S\u00e9curit\u00e9 Du Travail En Ile-De-France Et Divers:\"],\"inLanguage\":\"fr-FR\"},{\"@type\":\"WebPage\",\"@id\":\"https:\\\/\\\/www.accidentdutravail-idf.net\\\/blog\\\/un-homme-decede-lors-dun-accident-du-travail-en-flandre\\\/\",\"url\":\"https:\\\/\\\/www.accidentdutravail-idf.net\\\/blog\\\/un-homme-decede-lors-dun-accident-du-travail-en-flandre\\\/\",\"name\":\"Un homme d\u00e9c\u00e8de lors d'un accident du travail en Flandre - ACCIDENTDUTRAVAIL-IDF\",\"isPartOf\":{\"@id\":\"https:\\\/\\\/www.accidentdutravail-idf.net\\\/blog\\\/#website\"},\"primaryImageOfPage\":{\"@id\":\"https:\\\/\\\/www.accidentdutravail-idf.net\\\/blog\\\/un-homme-decede-lors-dun-accident-du-travail-en-flandre\\\/#primaryimage\"},\"image\":{\"@id\":\"https:\\\/\\\/www.accidentdutravail-idf.net\\\/blog\\\/un-homme-decede-lors-dun-accident-du-travail-en-flandre\\\/#primaryimage\"},\"thumbnailUrl\":\"https:\\\/\\\/www.dhnet.be\\\/resizer\\\/v2\\\/ALIKGVOSTJDQ3M6TIMIOJC3I3I.jpg?auth=077316be8ad1c6d6b03078e765dc6f4c4652d500c7d75f89f39992fe27ddb9a6&amp;width=1200&amp;height=630&amp;quality=85&amp;focal=2760%2C1840&amp;watermark=https%3A%2F%2Fcloudfront-eu-central-1.images.arcpublishing.com%2Fipmgroup%2FDZNGDE46VVGXRGHD3TEI5RB3GM.png%3A100%3A0%2C559\",\"datePublished\":\"2024-06-23T03:37:00+00:00\",\"description\":\"Un homme d\u00e9c\u00e8de lors d'un accident du travail en Flandre article de ACCIDENTDUTRAVAIL-IDF\",\"breadcrumb\":{\"@id\":\"https:\\\/\\\/www.accidentdutravail-idf.net\\\/blog\\\/un-homme-decede-lors-dun-accident-du-travail-en-flandre\\\/#breadcrumb\"},\"inLanguage\":\"fr-FR\",\"potentialAction\":[{\"@type\":\"ReadAction\",\"target\":[\"https:\\\/\\\/www.accidentdutravail-idf.net\\\/blog\\\/un-homme-decede-lors-dun-accident-du-travail-en-flandre\\\/\"]}]},{\"@type\":\"ImageObject\",\"inLanguage\":\"fr-FR\",\"@id\":\"https:\\\/\\\/www.accidentdutravail-idf.net\\\/blog\\\/un-homme-decede-lors-dun-accident-du-travail-en-flandre\\\/#primaryimage\",\"url\":\"https:\\\/\\\/www.dhnet.be\\\/resizer\\\/v2\\\/ALIKGVOSTJDQ3M6TIMIOJC3I3I.jpg?auth=077316be8ad1c6d6b03078e765dc6f4c4652d500c7d75f89f39992fe27ddb9a6&amp;width=1200&amp;height=630&amp;quality=85&amp;focal=2760%2C1840&amp;watermark=https%3A%2F%2Fcloudfront-eu-central-1.images.arcpublishing.com%2Fipmgroup%2FDZNGDE46VVGXRGHD3TEI5RB3GM.png%3A100%3A0%2C559\",\"contentUrl\":\"https:\\\/\\\/www.dhnet.be\\\/resizer\\\/v2\\\/ALIKGVOSTJDQ3M6TIMIOJC3I3I.jpg?auth=077316be8ad1c6d6b03078e765dc6f4c4652d500c7d75f89f39992fe27ddb9a6&amp;width=1200&amp;height=630&amp;quality=85&amp;focal=2760%2C1840&amp;watermark=https%3A%2F%2Fcloudfront-eu-central-1.images.arcpublishing.com%2Fipmgroup%2FDZNGDE46VVGXRGHD3TEI5RB3GM.png%3A100%3A0%2C559\"},{\"@type\":\"BreadcrumbList\",\"@id\":\"https:\\\/\\\/www.accidentdutravail-idf.net\\\/blog\\\/un-homme-decede-lors-dun-accident-du-travail-en-flandre\\\/#breadcrumb\",\"itemListElement\":[{\"@type\":\"ListItem\",\"position\":1,\"name\":\"Accueil\",\"item\":\"https:\\\/\\\/www.accidentdutravail-idf.net\\\/blog\\\/\"},{\"@type\":\"ListItem\",\"position\":2,\"name\":\"Un homme d\u00e9c\u00e8de lors d&rsquo;un accident du travail en Flandre\"}]},{\"@type\":\"WebSite\",\"@id\":\"https:\\\/\\\/www.accidentdutravail-idf.net\\\/blog\\\/#website\",\"url\":\"https:\\\/\\\/www.accidentdutravail-idf.net\\\/blog\\\/\",\"name\":\"ACCIDENTDUTRAVAIL-IDF\",\"description\":\"Portail accidents du travail-maladies professionnelles des entreprises d&#039;Ile-de-France\",\"publisher\":{\"@id\":\"https:\\\/\\\/www.accidentdutravail-idf.net\\\/blog\\\/#organization\"},\"potentialAction\":[{\"@type\":\"SearchAction\",\"target\":{\"@type\":\"EntryPoint\",\"urlTemplate\":\"https:\\\/\\\/www.accidentdutravail-idf.net\\\/blog\\\/?s={search_term_string}\"},\"query-input\":{\"@type\":\"PropertyValueSpecification\",\"valueRequired\":true,\"valueName\":\"search_term_string\"}}],\"inLanguage\":\"fr-FR\"},{\"@type\":\"Organization\",\"@id\":\"https:\\\/\\\/www.accidentdutravail-idf.net\\\/blog\\\/#organization\",\"name\":\"accidentdutravail-idf\",\"url\":\"https:\\\/\\\/www.accidentdutravail-idf.net\\\/blog\\\/\",\"logo\":{\"@type\":\"ImageObject\",\"inLanguage\":\"fr-FR\",\"@id\":\"https:\\\/\\\/www.accidentdutravail-idf.net\\\/blog\\\/#\\\/schema\\\/logo\\\/image\\\/\",\"url\":\"https:\\\/\\\/www.accidentdutravail-idf.net\\\/blog\\\/wp-content\\\/uploads\\\/2022\\\/09\\\/logo-2.png\",\"contentUrl\":\"https:\\\/\\\/www.accidentdutravail-idf.net\\\/blog\\\/wp-content\\\/uploads\\\/2022\\\/09\\\/logo-2.png\",\"width\":380,\"height\":291,\"caption\":\"accidentdutravail-idf\"},\"image\":{\"@id\":\"https:\\\/\\\/www.accidentdutravail-idf.net\\\/blog\\\/#\\\/schema\\\/logo\\\/image\\\/\"}},{\"@type\":\"Person\",\"@id\":\"https:\\\/\\\/www.accidentdutravail-idf.net\\\/blog\\\/#\\\/schema\\\/person\\\/3255d2f970de45e64bd9201f38e7b947\",\"name\":\"Carlos Poulain\",\"image\":{\"@type\":\"ImageObject\",\"inLanguage\":\"fr-FR\",\"@id\":\"https:\\\/\\\/secure.gravatar.com\\\/avatar\\\/b1c2f9d3588e34e91adb093635df64ef4b2381991216be7576466cfcdca4baf3?s=96&d=mm&r=g\",\"url\":\"https:\\\/\\\/secure.gravatar.com\\\/avatar\\\/b1c2f9d3588e34e91adb093635df64ef4b2381991216be7576466cfcdca4baf3?s=96&d=mm&r=g\",\"contentUrl\":\"https:\\\/\\\/secure.gravatar.com\\\/avatar\\\/b1c2f9d3588e34e91adb093635df64ef4b2381991216be7576466cfcdca4baf3?s=96&d=mm&r=g\",\"caption\":\"Carlos Poulain\"},\"url\":\"https:\\\/\\\/www.accidentdutravail-idf.net\\\/blog\\\/author\\\/idfcarlos\\\/\"}]}<\/script>\n<!-- \/ Yoast SEO plugin. -->","yoast_head_json":{"title":"Un homme d\u00e9c\u00e8de lors d'un accident du travail en Flandre - ACCIDENTDUTRAVAIL-IDF","description":"Un homme d\u00e9c\u00e8de lors d'un accident du travail en Flandre article de ACCIDENTDUTRAVAIL-IDF","robots":{"index":"index","follow":"follow","max-snippet":"max-snippet:-1","max-image-preview":"max-image-preview:large","max-video-preview":"max-video-preview:-1"},"canonical":"https:\/\/www.accidentdutravail-idf.net\/blog\/un-homme-decede-lors-dun-accident-du-travail-en-flandre\/","og_locale":"fr_FR","og_type":"article","og_title":"Un homme d\u00e9c\u00e8de lors d'un accident du travail en Flandre - ACCIDENTDUTRAVAIL-IDF","og_description":"Un homme d\u00e9c\u00e8de lors d'un accident du travail en Flandre article de ACCIDENTDUTRAVAIL-IDF","og_url":"https:\/\/www.accidentdutravail-idf.net\/blog\/un-homme-decede-lors-dun-accident-du-travail-en-flandre\/","og_site_name":"ACCIDENTDUTRAVAIL-IDF","article_published_time":"2024-06-23T03:37:00+00:00","og_image":[{"url":"https:\/\/www.dhnet.be\/resizer\/v2\/ALIKGVOSTJDQ3M6TIMIOJC3I3I.jpg?auth=077316be8ad1c6d6b03078e765dc6f4c4652d500c7d75f89f39992fe27ddb9a6&amp;width=1200&amp;height=630&amp;quality=85&amp;focal=2760%2C1840&amp;watermark=https%3A%2F%2Fcloudfront-eu-central-1.images.arcpublishing.com%2Fipmgroup%2FDZNGDE46VVGXRGHD3TEI5RB3GM.png%3A100%3A0%2C559","type":"","width":"","height":""}],"author":"Carlos Poulain","twitter_card":"summary_large_image","twitter_misc":{"\u00c9crit par":"Carlos Poulain","Dur\u00e9e de lecture estim\u00e9e":"7 minutes"},"schema":{"@context":"https:\/\/schema.org","@graph":[{"@type":"Article","@id":"https:\/\/www.accidentdutravail-idf.net\/blog\/un-homme-decede-lors-dun-accident-du-travail-en-flandre\/#article","isPartOf":{"@id":"https:\/\/www.accidentdutravail-idf.net\/blog\/un-homme-decede-lors-dun-accident-du-travail-en-flandre\/"},"author":{"name":"Carlos Poulain","@id":"https:\/\/www.accidentdutravail-idf.net\/blog\/#\/schema\/person\/3255d2f970de45e64bd9201f38e7b947"},"headline":"Un homme d\u00e9c\u00e8de lors d&rsquo;un accident du travail en Flandre","datePublished":"2024-06-23T03:37:00+00:00","mainEntityOfPage":{"@id":"https:\/\/www.accidentdutravail-idf.net\/blog\/un-homme-decede-lors-dun-accident-du-travail-en-flandre\/"},"wordCount":1456,"publisher":{"@id":"https:\/\/www.accidentdutravail-idf.net\/blog\/#organization"},"image":{"@id":"https:\/\/www.accidentdutravail-idf.net\/blog\/un-homme-decede-lors-dun-accident-du-travail-en-flandre\/#primaryimage"},"thumbnailUrl":"https:\/\/www.dhnet.be\/resizer\/v2\/ALIKGVOSTJDQ3M6TIMIOJC3I3I.jpg?auth=077316be8ad1c6d6b03078e765dc6f4c4652d500c7d75f89f39992fe27ddb9a6&amp;width=1200&amp;height=630&amp;quality=85&amp;focal=2760%2C1840&amp;watermark=https%3A%2F%2Fcloudfront-eu-central-1.images.arcpublishing.com%2Fipmgroup%2FDZNGDE46VVGXRGHD3TEI5RB3GM.png%3A100%3A0%2C559","articleSection":["S\u00e9curit\u00e9 Du Travail En Ile-De-France Et Divers:"],"inLanguage":"fr-FR"},{"@type":"WebPage","@id":"https:\/\/www.accidentdutravail-idf.net\/blog\/un-homme-decede-lors-dun-accident-du-travail-en-flandre\/","url":"https:\/\/www.accidentdutravail-idf.net\/blog\/un-homme-decede-lors-dun-accident-du-travail-en-flandre\/","name":"Un homme d\u00e9c\u00e8de lors d'un accident du travail en Flandre - ACCIDENTDUTRAVAIL-IDF","isPartOf":{"@id":"https:\/\/www.accidentdutravail-idf.net\/blog\/#website"},"primaryImageOfPage":{"@id":"https:\/\/www.accidentdutravail-idf.net\/blog\/un-homme-decede-lors-dun-accident-du-travail-en-flandre\/#primaryimage"},"image":{"@id":"https:\/\/www.accidentdutravail-idf.net\/blog\/un-homme-decede-lors-dun-accident-du-travail-en-flandre\/#primaryimage"},"thumbnailUrl":"https:\/\/www.dhnet.be\/resizer\/v2\/ALIKGVOSTJDQ3M6TIMIOJC3I3I.jpg?auth=077316be8ad1c6d6b03078e765dc6f4c4652d500c7d75f89f39992fe27ddb9a6&amp;width=1200&amp;height=630&amp;quality=85&amp;focal=2760%2C1840&amp;watermark=https%3A%2F%2Fcloudfront-eu-central-1.images.arcpublishing.com%2Fipmgroup%2FDZNGDE46VVGXRGHD3TEI5RB3GM.png%3A100%3A0%2C559","datePublished":"2024-06-23T03:37:00+00:00","description":"Un homme d\u00e9c\u00e8de lors d'un accident du travail en Flandre article de ACCIDENTDUTRAVAIL-IDF","breadcrumb":{"@id":"https:\/\/www.accidentdutravail-idf.net\/blog\/un-homme-decede-lors-dun-accident-du-travail-en-flandre\/#breadcrumb"},"inLanguage":"fr-FR","potentialAction":[{"@type":"ReadAction","target":["https:\/\/www.accidentdutravail-idf.net\/blog\/un-homme-decede-lors-dun-accident-du-travail-en-flandre\/"]}]},{"@type":"ImageObject","inLanguage":"fr-FR","@id":"https:\/\/www.accidentdutravail-idf.net\/blog\/un-homme-decede-lors-dun-accident-du-travail-en-flandre\/#primaryimage","url":"https:\/\/www.dhnet.be\/resizer\/v2\/ALIKGVOSTJDQ3M6TIMIOJC3I3I.jpg?auth=077316be8ad1c6d6b03078e765dc6f4c4652d500c7d75f89f39992fe27ddb9a6&amp;width=1200&amp;height=630&amp;quality=85&amp;focal=2760%2C1840&amp;watermark=https%3A%2F%2Fcloudfront-eu-central-1.images.arcpublishing.com%2Fipmgroup%2FDZNGDE46VVGXRGHD3TEI5RB3GM.png%3A100%3A0%2C559","contentUrl":"https:\/\/www.dhnet.be\/resizer\/v2\/ALIKGVOSTJDQ3M6TIMIOJC3I3I.jpg?auth=077316be8ad1c6d6b03078e765dc6f4c4652d500c7d75f89f39992fe27ddb9a6&amp;width=1200&amp;height=630&amp;quality=85&amp;focal=2760%2C1840&amp;watermark=https%3A%2F%2Fcloudfront-eu-central-1.images.arcpublishing.com%2Fipmgroup%2FDZNGDE46VVGXRGHD3TEI5RB3GM.png%3A100%3A0%2C559"},{"@type":"BreadcrumbList","@id":"https:\/\/www.accidentdutravail-idf.net\/blog\/un-homme-decede-lors-dun-accident-du-travail-en-flandre\/#breadcrumb","itemListElement":[{"@type":"ListItem","position":1,"name":"Accueil","item":"https:\/\/www.accidentdutravail-idf.net\/blog\/"},{"@type":"ListItem","position":2,"name":"Un homme d\u00e9c\u00e8de lors d&rsquo;un accident du travail en Flandre"}]},{"@type":"WebSite","@id":"https:\/\/www.accidentdutravail-idf.net\/blog\/#website","url":"https:\/\/www.accidentdutravail-idf.net\/blog\/","name":"ACCIDENTDUTRAVAIL-IDF","description":"Portail accidents du travail-maladies professionnelles des entreprises d&#039;Ile-de-France","publisher":{"@id":"https:\/\/www.accidentdutravail-idf.net\/blog\/#organization"},"potentialAction":[{"@type":"SearchAction","target":{"@type":"EntryPoint","urlTemplate":"https:\/\/www.accidentdutravail-idf.net\/blog\/?s={search_term_string}"},"query-input":{"@type":"PropertyValueSpecification","valueRequired":true,"valueName":"search_term_string"}}],"inLanguage":"fr-FR"},{"@type":"Organization","@id":"https:\/\/www.accidentdutravail-idf.net\/blog\/#organization","name":"accidentdutravail-idf","url":"https:\/\/www.accidentdutravail-idf.net\/blog\/","logo":{"@type":"ImageObject","inLanguage":"fr-FR","@id":"https:\/\/www.accidentdutravail-idf.net\/blog\/#\/schema\/logo\/image\/","url":"https:\/\/www.accidentdutravail-idf.net\/blog\/wp-content\/uploads\/2022\/09\/logo-2.png","contentUrl":"https:\/\/www.accidentdutravail-idf.net\/blog\/wp-content\/uploads\/2022\/09\/logo-2.png","width":380,"height":291,"caption":"accidentdutravail-idf"},"image":{"@id":"https:\/\/www.accidentdutravail-idf.net\/blog\/#\/schema\/logo\/image\/"}},{"@type":"Person","@id":"https:\/\/www.accidentdutravail-idf.net\/blog\/#\/schema\/person\/3255d2f970de45e64bd9201f38e7b947","name":"Carlos Poulain","image":{"@type":"ImageObject","inLanguage":"fr-FR","@id":"https:\/\/secure.gravatar.com\/avatar\/b1c2f9d3588e34e91adb093635df64ef4b2381991216be7576466cfcdca4baf3?s=96&d=mm&r=g","url":"https:\/\/secure.gravatar.com\/avatar\/b1c2f9d3588e34e91adb093635df64ef4b2381991216be7576466cfcdca4baf3?s=96&d=mm&r=g","contentUrl":"https:\/\/secure.gravatar.com\/avatar\/b1c2f9d3588e34e91adb093635df64ef4b2381991216be7576466cfcdca4baf3?s=96&d=mm&r=g","caption":"Carlos Poulain"},"url":"https:\/\/www.accidentdutravail-idf.net\/blog\/author\/idfcarlos\/"}]}},"_links":{"self":[{"href":"https:\/\/www.accidentdutravail-idf.net\/blog\/wp-json\/wp\/v2\/posts\/492","targetHints":{"allow":["GET"]}}],"collection":[{"href":"https:\/\/www.accidentdutravail-idf.net\/blog\/wp-json\/wp\/v2\/posts"}],"about":[{"href":"https:\/\/www.accidentdutravail-idf.net\/blog\/wp-json\/wp\/v2\/types\/post"}],"author":[{"embeddable":true,"href":"https:\/\/www.accidentdutravail-idf.net\/blog\/wp-json\/wp\/v2\/users\/2"}],"replies":[{"embeddable":true,"href":"https:\/\/www.accidentdutravail-idf.net\/blog\/wp-json\/wp\/v2\/comments?post=492"}],"version-history":[{"count":0,"href":"https:\/\/www.accidentdutravail-idf.net\/blog\/wp-json\/wp\/v2\/posts\/492\/revisions"}],"wp:attachment":[{"href":"https:\/\/www.accidentdutravail-idf.net\/blog\/wp-json\/wp\/v2\/media?parent=492"}],"wp:term":[{"taxonomy":"category","embeddable":true,"href":"https:\/\/www.accidentdutravail-idf.net\/blog\/wp-json\/wp\/v2\/categories?post=492"},{"taxonomy":"post_tag","embeddable":true,"href":"https:\/\/www.accidentdutravail-idf.net\/blog\/wp-json\/wp\/v2\/tags?post=492"}],"curies":[{"name":"wp","href":"https:\/\/api.w.org\/{rel}","templated":true}]}}