{"id":486,"date":"2024-06-20T19:00:00","date_gmt":"2024-06-20T17:00:00","guid":{"rendered":"https:\/\/www.accidentdutravail-idf.net\/blog\/des-inondations-un-braquage-a-main-armee-un-grave-accident-du-travail-parmi-les-cinq-infos-du-vendredi-21-juin-dans-le-loiret\/"},"modified":"2024-06-20T19:00:00","modified_gmt":"2024-06-20T17:00:00","slug":"des-inondations-un-braquage-a-main-armee-un-grave-accident-du-travail-parmi-les-cinq-infos-du-vendredi-21-juin-dans-le-loiret","status":"publish","type":"post","link":"https:\/\/www.accidentdutravail-idf.net\/blog\/des-inondations-un-braquage-a-main-armee-un-grave-accident-du-travail-parmi-les-cinq-infos-du-vendredi-21-juin-dans-le-loiret\/","title":{"rendered":"Des inondations, un braquage \u00e0 main arm\u00e9e, un grave accident du travail&#8230; parmi les cinq infos du vendredi 21 juin dans le Loiret"},"content":{"rendered":"<p> Il est 20h30. Le moment de souffler un peu, de s&rsquo;accorder quelques minutes&#8230; Cinq informations ont marqu\u00e9 la journ\u00e9e. D\u00e9couvrez notre concentr\u00e9 d&rsquo;actu du jour, \u00e0 Orl\u00e9ans et dans le Loiret, en moins de deux minutes. <\/p>\n<div>\n<p>Que s&rsquo;est-il pass\u00e9, vendredi 21&nbsp;juin, \u00e0 Orl\u00e9ans et dans le Loiret&nbsp;? Et, surtout, que retenir de l&rsquo;actualit\u00e9&nbsp;?&nbsp;Voici une s\u00e9lection de cinq informations&nbsp;publi\u00e9es&nbsp;ce jour sur la&nbsp;<a href=\"https:\/\/www.larep.fr\/\" target=\"_blank\" rel=\"nofollow\">larep.fr<\/a>.&nbsp;Il est 20h30,&nbsp;voici notre r\u00e9cap&rsquo;.<\/p>\n<h2 class=\"h-pour-contre\">Inondations<\/h2>\n<p><img decoding=\"async\" class=\"iv3-image\" src=\"https:\/\/www.accidentdutravail-idf.net\/blog\/wp-content\/uploads\/2024\/06\/des-inondations-un-braquage-a-main-armee-un-grave-accident-du-travail-parmi-les-cinq-infos-du-vendredi-21-juin-dans-le-loiret.jpg\">Les communes du nord de la m\u00e9tropole d&rsquo;Orl\u00e9ans et <a href=\"https:\/\/www.larep.fr\/neuville-aux-bois-45170\/actualites\/fortes-pluies-de-nombreuses-interventions-des-pompiers-dans-le-loiret-pour-des-inondations_14522050\/\" target=\"_blank\" rel=\"nofollow\">Neuville-aux-Bois ont concentr\u00e9 les interventions des pompiers, <\/a>vendredi 21 juin au petit matin, en raison des fortes pluies et d&rsquo;inondations de locaux. \u00c0 Neuville-aux-Bois,&nbsp;\u00ab\u00a0en deux heures, c&rsquo;est l&rsquo;\u00e9quivalent de 10% des pr\u00e9cipitations de l&rsquo;ann\u00e9e. Les r\u00e9seaux n&rsquo;ont pas pu absorber\u00a0\u00bb, explique <a href=\"https:\/\/www.larep.fr\/neuville-aux-bois-45170\/actualites\/il-est-tombe-entre-60-et-70-mm-d-eau-en-deux-heures-pres-de-80-interventions-pour-des-sous-sols-inondes-a-neuville-aux-bois_14522270\/\" target=\"_blank\" rel=\"nofollow\">le maire qui n&rsquo;avait pas connu pareille situation depuis&nbsp;les inondations de 2016.<\/a><\/p>\n<p>Du fait de la m\u00e9t\u00e9o, plusieurs communes ont d\u00e9cid\u00e9 d&rsquo;annuler les \u00e9v\u00e9nements pr\u00e9vus dans le cadre de la f\u00eate de la musique ce soir, ou de les organiser en int\u00e9rieur. <a href=\"https:\/\/www.larep.fr\/orleans-45000\/actualites\/la-fete-de-la-musique-dans-le-loiret-va-t-elle-passer-entre-les-gouttes-et-les-orages_14522121\/\" target=\"_blank\" rel=\"nofollow\">Le point ici.&nbsp;<\/a><\/p>\n<p class=\"c-lireaussi\"><a href=\"https:\/\/www.larep.fr\/vitry-aux-loges-45530\/actualites\/les-gendarmes-du-loiret-lancent-un-appel-a-temoins-un-an-apres-la-decouverte-d-une-femme-retrouvee-morte-dans-le-canal-d-orleans_14522108\/\" target=\"_blank\" rel=\"nofollow\">Les gendarmes du Loiret lancent un appel \u00e0 t\u00e9moins un an apr\u00e8s la d\u00e9couverte d&rsquo;une femme retrouv\u00e9e morte dans le canal d&rsquo;Orl\u00e9ans<\/a><\/p>\n<h2 class=\"h-pour-contre\">Braquage<\/h2>\n<p><img decoding=\"async\" class=\"iv3-image\" src=\"https:\/\/www.accidentdutravail-idf.net\/blog\/wp-content\/uploads\/2024\/06\/des-inondations-un-braquage-a-main-armee-un-grave-accident-du-travail-parmi-les-cinq-infos-du-vendredi-21-juin-dans-le-loiret-1.jpg\">Aux alentours de 10 h 30, ce vendredi 21 juin, <a href=\"https:\/\/www.larep.fr\/gien-45500\/actualites\/un-braquage-a-eu-lieu-a-la-boutique-d-orange-a-gien-ce-vendredi-matin_14522213\/\" target=\"_blank\" rel=\"nofollow\">la boutique d&rsquo;Orange \u00e0 Gien, situ\u00e9e juste \u00e0 c\u00f4t\u00e9 du centre commercial Auchan, a \u00e9t\u00e9 braqu\u00e9e, par trois individus arm\u00e9s.<\/a> Des t\u00e9l\u00e9phones portables ont \u00e9t\u00e9 vol\u00e9s. Le personnel est, de son c\u00f4t\u00e9, hors de danger.<\/p>\n<div class=\"bloc file\">\n<div id=\"nl_RC_Loisirs\" class=\"row nl\">\n<div class=\"nl-logo\"> <img decoding=\"async\" src=\"https:\/\/www.larep.fr\/static\/bloc\/ripolinage\/newsletter\/logos\/IconeGratuite.svg\"> <\/div>\n<div class=\"nl-titre\">\n<p>Recevez par mail notre newsletter loisirs et retrouvez les id\u00e9es de sorties et d&rsquo;activit\u00e9s dans votre r\u00e9gion.<\/p>\n<\/p><\/div>\n<\/p><\/div>\n<\/div>\n<p class=\"c-lireaussi\"><a href=\"https:\/\/www.larep.fr\/paris-75000\/actualites\/va-a-la-niche-le-parquet-de-montargis-se-saisit-apres-les-propos-a-caractere-raciste-prononces-dans-envoye-special_14522321\/\" target=\"_blank\" rel=\"nofollow\">\u00ab\u00a0Va \u00e0 la niche\u00a0\u00bb : le parquet de Montargis se saisit apr\u00e8s les propos \u00e0 caract\u00e8re raciste prononc\u00e9s dans \u00ab\u00a0Envoy\u00e9 sp\u00e9cial\u00a0\u00bb<\/a><\/p>\n<h2 class=\"h-pour-contre\">Accident<\/h2>\n<p><img decoding=\"async\" class=\"iv3-image\" src=\"https:\/\/www.accidentdutravail-idf.net\/blog\/wp-content\/uploads\/2024\/06\/des-inondations-un-braquage-a-main-armee-un-grave-accident-du-travail-parmi-les-cinq-infos-du-vendredi-21-juin-dans-le-loiret-2.jpg\">Une armoire de deux \u00e0 trois tonnes est tomb\u00e9e sur trois hommes qui travaillaient sur le chantier du nouveau b\u00e2timent d&rsquo;ICT, \u00e0 Pannes, dans l&rsquo;agglom\u00e9ration montargoise, jeudi 20 juin. <a href=\"https:\/\/www.larep.fr\/pannes-45700\/actualites\/une-armoire-se-renverse-trois-hommes-grievement-blesses-sur-le-chantier-du-nouveau-batiment-de-l-usine-ict-de-pannes_14522188\/\" target=\"_blank\" rel=\"nofollow\">Deux des victimes \u00e9taient en urgence absolue.<\/a><\/p>\n<p class=\"c-lireaussi\"><a href=\"https:\/\/www.larep.fr\/orleans-45000\/actualites\/oiseaux-et-moutons-voles-flamant-rose-mutile-la-mairie-d-orleans-denonce-des-intrusions-nocturnes-au-parc-floral-de-la-source_14522242\/\" target=\"_blank\" rel=\"nofollow\">Oiseaux et moutons vol\u00e9s, flamant rose \u00ab\u00a0mutil\u00e9\u00a0\u00bb : la mairie d&rsquo;Orl\u00e9ans d\u00e9nonce des intrusions nocturnes au Parc floral de La Source<\/a><\/p>\n<h2 class=\"h-pour-contre\">\u00c9ducation<\/h2>\n<p>Personne ne pourra plus dire que le lyc\u00e9e en For\u00eat n\u2019est pas destin\u00e9 aux scientifiques. L\u2019\u00e9tablissement ouvrira \u00e0 la rentr\u00e9e 2024 une option sant\u00e9. Deux heures d\u2019enseignement par semaine, d\u2019octobre \u00e0 mai, le mercredi, avec notamment des rencontres avec des professionnels de sant\u00e9. Elle s\u2019adressera \u00e0 ses \u00e9l\u00e8ves de premi\u00e8re g\u00e9n\u00e9rale ayant choisi les trois sp\u00e9cialit\u00e9s math\u00e9matiques, physique-chimie, sciences et vie de la terre. Seuls trois \u00e9tablissements la proposeront dans l\u2019acad\u00e9mie et le<a href=\"https:\/\/www.larep.fr\/montargis-45200\/actualites\/loption-sante-presentee_14521995\/\" target=\"_blank\" rel=\"nofollow\"> lyc\u00e9e en For\u00eat est l\u2019unique dans le Loiret.&nbsp;<\/a><\/p>\n<p class=\"c-lireaussi\"><a href=\"https:\/\/www.larep.fr\/chapelle-saint-mesmin-45380\/actualites\/duralex-orleans-metropole-s-engage-a-racheter-le-site-pour-soutenir-le-projet-de-reprise-des-salaries_14521714\/\" target=\"_blank\" rel=\"nofollow\">Duralex : Orl\u00e9ans M\u00e9tropole s&rsquo;engage \u00e0 racheter le site pour soutenir le projet de reprise des salari\u00e9s<\/a><\/p>\n<h2 class=\"h-pour-contre\">Rugby<\/h2>\n<p><img decoding=\"async\" class=\"iv3-image\" src=\"https:\/\/www.accidentdutravail-idf.net\/blog\/wp-content\/uploads\/2024\/06\/des-inondations-un-braquage-a-main-armee-un-grave-accident-du-travail-parmi-les-cinq-infos-du-vendredi-21-juin-dans-le-loiret-3.jpg\">Deux premi\u00e8res recrues en provenance de Pro D2 sont annonc\u00e9es au RCO.&nbsp;Le club, qui acc\u00e8de \u00e0 la Nationale 2, le quatri\u00e8me niveau en France, ne veut pas s&rsquo;arr\u00eater en si bon chemin. <a href=\"https:\/\/www.larep.fr\/orleans-45000\/sports\/deux-premieres-recrues-en-provenance-de-pro-d2-annoncees-au-rugby-club-orleans_14521745\/\" target=\"_blank\" rel=\"nofollow\">Charles Brayer (Valence-Romans) et Jean-Victor Goillot (B\u00e9ziers) viennent renforcer l&rsquo;effectif des Loir\u00e9tains.<\/a><\/p>\n<p class=\"c-lireaussi\"><a href=\"https:\/\/www.larep.fr\/montargis-45200\/actualites\/pourquoi-l-agglomeration-de-montargis-achete-t-elle-15-hectares-de-foret-au-departement_14521422\/\" target=\"_blank\" rel=\"nofollow\">Pourquoi l&rsquo;Agglom\u00e9ration de Montargis ach\u00e8te-t-elle 15 hectares de for\u00eat au D\u00e9partement du Loiret ?<\/a><\/p>\n<\/p><\/div>\n<p>accidentdutravail-idf.net vous a pr\u00e9par\u00e9 ce post qui informe du sujet \u00ab\u00a0Association Sportive Huisson-Longueville Essonne\u00a0\u00bb. La chronique se veut g\u00e9n\u00e9r\u00e9e du mieux possible. Vous pouvez utiliser les coordonn\u00e9es indiqu\u00e9es sur le site dans le but d\u2019apporter des explications sur ce post qui parle du th\u00e8me \u00ab\u00a0Association Sportive Huisson-Longueville Essonne\u00a0\u00bb. Le site accidentdutravail-idf.net a pour but de fournir diverses publications sur la th\u00e9matique Association Sportive Huisson-Longueville Essonne diffus\u00e9es sur le net. Il y aura plusieurs articles autour du sujet \u00ab\u00a0Association Sportive Huisson-Longueville Essonne\u00a0\u00bb dans quelques jours, nous vous invitons \u00e0 naviguer sur notre site web \u00e0 plusieurs reprises.<\/p>\n","protected":false},"excerpt":{"rendered":"<p>Il est 20h30. Le moment de souffler un peu, de s&rsquo;accorder quelques minutes&#8230; Cinq informations ont marqu\u00e9 la journ\u00e9e. D\u00e9couvrez notre concentr\u00e9 d&rsquo;actu du jour, \u00e0 Orl\u00e9ans et dans le Loiret, en moins de deux minutes. Que s&rsquo;est-il pass\u00e9, vendredi 21&nbsp;juin, \u00e0 Orl\u00e9ans et dans le Loiret&nbsp;? Et, surtout, que retenir de l&rsquo;actualit\u00e9&nbsp;?&nbsp;Voici une s\u00e9lection &hellip; <\/p>\n<p class=\"link-more\"><a href=\"https:\/\/www.accidentdutravail-idf.net\/blog\/des-inondations-un-braquage-a-main-armee-un-grave-accident-du-travail-parmi-les-cinq-infos-du-vendredi-21-juin-dans-le-loiret\/\" class=\"more-link\">Continuer la lecture <span class=\"screen-reader-text\"> \u00ab\u00a0Des inondations, un braquage \u00e0 main arm\u00e9e, un grave accident du travail&#8230; parmi les cinq infos du vendredi 21 juin dans le Loiret\u00a0\u00bb<\/span><\/a><\/p>\n","protected":false},"author":2,"featured_media":0,"comment_status":"closed","ping_status":"closed","sticky":false,"template":"","format":"standard","meta":{"footnotes":""},"categories":[5],"tags":[],"class_list":["post-486","post","type-post","status-publish","format-standard","hentry","category-securite-du-travail-en-ile-de-france-et-divers","entry"],"yoast_head":"<!-- This site is optimized with the Yoast SEO plugin v27.5 - https:\/\/yoast.com\/product\/yoast-seo-wordpress\/ -->\n<title>Des inondations, un braquage \u00e0 main arm\u00e9e, un grave accident du travail... parmi les cinq infos du vendredi 21 juin dans le Loiret - ACCIDENTDUTRAVAIL-IDF<\/title>\n<meta name=\"description\" content=\"Des inondations, un braquage \u00e0 main arm\u00e9e, un grave accident du travail... parmi les cinq infos du vendredi 21 juin dans le Loiret article de ACCIDENTDUTRAVAIL-IDF\" \/>\n<meta name=\"robots\" content=\"index, follow, max-snippet:-1, max-image-preview:large, max-video-preview:-1\" \/>\n<link rel=\"canonical\" href=\"https:\/\/www.accidentdutravail-idf.net\/blog\/des-inondations-un-braquage-a-main-armee-un-grave-accident-du-travail-parmi-les-cinq-infos-du-vendredi-21-juin-dans-le-loiret\/\" \/>\n<meta property=\"og:locale\" content=\"fr_FR\" \/>\n<meta property=\"og:type\" content=\"article\" \/>\n<meta property=\"og:title\" content=\"Des inondations, un braquage \u00e0 main arm\u00e9e, un grave accident du travail... parmi les cinq infos du vendredi 21 juin dans le Loiret - ACCIDENTDUTRAVAIL-IDF\" \/>\n<meta property=\"og:description\" content=\"Des inondations, un braquage \u00e0 main arm\u00e9e, un grave accident du travail... parmi les cinq infos du vendredi 21 juin dans le Loiret article de ACCIDENTDUTRAVAIL-IDF\" \/>\n<meta property=\"og:url\" content=\"https:\/\/www.accidentdutravail-idf.net\/blog\/des-inondations-un-braquage-a-main-armee-un-grave-accident-du-travail-parmi-les-cinq-infos-du-vendredi-21-juin-dans-le-loiret\/\" \/>\n<meta property=\"og:site_name\" content=\"ACCIDENTDUTRAVAIL-IDF\" \/>\n<meta property=\"article:published_time\" content=\"2024-06-20T17:00:00+00:00\" \/>\n<meta property=\"og:image\" content=\"https:\/\/www.accidentdutravail-idf.net\/blog\/wp-content\/uploads\/2024\/06\/des-inondations-un-braquage-a-main-armee-un-grave-accident-du-travail-parmi-les-cinq-infos-du-vendredi-21-juin-dans-le-loiret.jpg\" \/>\n<meta name=\"author\" content=\"Carlos Poulain\" \/>\n<meta name=\"twitter:card\" content=\"summary_large_image\" \/>\n<meta name=\"twitter:label1\" content=\"\u00c9crit par\" \/>\n\t<meta name=\"twitter:data1\" content=\"Carlos Poulain\" \/>\n\t<meta name=\"twitter:label2\" content=\"Dur\u00e9e de lecture estim\u00e9e\" \/>\n\t<meta name=\"twitter:data2\" content=\"3 minutes\" \/>\n<script type=\"application\/ld+json\" class=\"yoast-schema-graph\">{\"@context\":\"https:\\\/\\\/schema.org\",\"@graph\":[{\"@type\":\"Article\",\"@id\":\"https:\\\/\\\/www.accidentdutravail-idf.net\\\/blog\\\/des-inondations-un-braquage-a-main-armee-un-grave-accident-du-travail-parmi-les-cinq-infos-du-vendredi-21-juin-dans-le-loiret\\\/#article\",\"isPartOf\":{\"@id\":\"https:\\\/\\\/www.accidentdutravail-idf.net\\\/blog\\\/des-inondations-un-braquage-a-main-armee-un-grave-accident-du-travail-parmi-les-cinq-infos-du-vendredi-21-juin-dans-le-loiret\\\/\"},\"author\":{\"name\":\"Carlos Poulain\",\"@id\":\"https:\\\/\\\/www.accidentdutravail-idf.net\\\/blog\\\/#\\\/schema\\\/person\\\/3255d2f970de45e64bd9201f38e7b947\"},\"headline\":\"Des inondations, un braquage \u00e0 main arm\u00e9e, un grave accident du travail&#8230; parmi les cinq infos du vendredi 21 juin dans le Loiret\",\"datePublished\":\"2024-06-20T17:00:00+00:00\",\"mainEntityOfPage\":{\"@id\":\"https:\\\/\\\/www.accidentdutravail-idf.net\\\/blog\\\/des-inondations-un-braquage-a-main-armee-un-grave-accident-du-travail-parmi-les-cinq-infos-du-vendredi-21-juin-dans-le-loiret\\\/\"},\"wordCount\":686,\"publisher\":{\"@id\":\"https:\\\/\\\/www.accidentdutravail-idf.net\\\/blog\\\/#organization\"},\"image\":{\"@id\":\"https:\\\/\\\/www.accidentdutravail-idf.net\\\/blog\\\/des-inondations-un-braquage-a-main-armee-un-grave-accident-du-travail-parmi-les-cinq-infos-du-vendredi-21-juin-dans-le-loiret\\\/#primaryimage\"},\"thumbnailUrl\":\"https:\\\/\\\/www.accidentdutravail-idf.net\\\/blog\\\/wp-content\\\/uploads\\\/2024\\\/06\\\/des-inondations-un-braquage-a-main-armee-un-grave-accident-du-travail-parmi-les-cinq-infos-du-vendredi-21-juin-dans-le-loiret.jpg\",\"articleSection\":[\"S\u00e9curit\u00e9 Du Travail En Ile-De-France Et Divers:\"],\"inLanguage\":\"fr-FR\"},{\"@type\":\"WebPage\",\"@id\":\"https:\\\/\\\/www.accidentdutravail-idf.net\\\/blog\\\/des-inondations-un-braquage-a-main-armee-un-grave-accident-du-travail-parmi-les-cinq-infos-du-vendredi-21-juin-dans-le-loiret\\\/\",\"url\":\"https:\\\/\\\/www.accidentdutravail-idf.net\\\/blog\\\/des-inondations-un-braquage-a-main-armee-un-grave-accident-du-travail-parmi-les-cinq-infos-du-vendredi-21-juin-dans-le-loiret\\\/\",\"name\":\"Des inondations, un braquage \u00e0 main arm\u00e9e, un grave accident du travail... parmi les cinq infos du vendredi 21 juin dans le Loiret - ACCIDENTDUTRAVAIL-IDF\",\"isPartOf\":{\"@id\":\"https:\\\/\\\/www.accidentdutravail-idf.net\\\/blog\\\/#website\"},\"primaryImageOfPage\":{\"@id\":\"https:\\\/\\\/www.accidentdutravail-idf.net\\\/blog\\\/des-inondations-un-braquage-a-main-armee-un-grave-accident-du-travail-parmi-les-cinq-infos-du-vendredi-21-juin-dans-le-loiret\\\/#primaryimage\"},\"image\":{\"@id\":\"https:\\\/\\\/www.accidentdutravail-idf.net\\\/blog\\\/des-inondations-un-braquage-a-main-armee-un-grave-accident-du-travail-parmi-les-cinq-infos-du-vendredi-21-juin-dans-le-loiret\\\/#primaryimage\"},\"thumbnailUrl\":\"https:\\\/\\\/www.accidentdutravail-idf.net\\\/blog\\\/wp-content\\\/uploads\\\/2024\\\/06\\\/des-inondations-un-braquage-a-main-armee-un-grave-accident-du-travail-parmi-les-cinq-infos-du-vendredi-21-juin-dans-le-loiret.jpg\",\"datePublished\":\"2024-06-20T17:00:00+00:00\",\"description\":\"Des inondations, un braquage \u00e0 main arm\u00e9e, un grave accident du travail... parmi les cinq infos du vendredi 21 juin dans le Loiret article de ACCIDENTDUTRAVAIL-IDF\",\"breadcrumb\":{\"@id\":\"https:\\\/\\\/www.accidentdutravail-idf.net\\\/blog\\\/des-inondations-un-braquage-a-main-armee-un-grave-accident-du-travail-parmi-les-cinq-infos-du-vendredi-21-juin-dans-le-loiret\\\/#breadcrumb\"},\"inLanguage\":\"fr-FR\",\"potentialAction\":[{\"@type\":\"ReadAction\",\"target\":[\"https:\\\/\\\/www.accidentdutravail-idf.net\\\/blog\\\/des-inondations-un-braquage-a-main-armee-un-grave-accident-du-travail-parmi-les-cinq-infos-du-vendredi-21-juin-dans-le-loiret\\\/\"]}]},{\"@type\":\"ImageObject\",\"inLanguage\":\"fr-FR\",\"@id\":\"https:\\\/\\\/www.accidentdutravail-idf.net\\\/blog\\\/des-inondations-un-braquage-a-main-armee-un-grave-accident-du-travail-parmi-les-cinq-infos-du-vendredi-21-juin-dans-le-loiret\\\/#primaryimage\",\"url\":\"https:\\\/\\\/www.accidentdutravail-idf.net\\\/blog\\\/wp-content\\\/uploads\\\/2024\\\/06\\\/des-inondations-un-braquage-a-main-armee-un-grave-accident-du-travail-parmi-les-cinq-infos-du-vendredi-21-juin-dans-le-loiret.jpg\",\"contentUrl\":\"https:\\\/\\\/www.accidentdutravail-idf.net\\\/blog\\\/wp-content\\\/uploads\\\/2024\\\/06\\\/des-inondations-un-braquage-a-main-armee-un-grave-accident-du-travail-parmi-les-cinq-infos-du-vendredi-21-juin-dans-le-loiret.jpg\"},{\"@type\":\"BreadcrumbList\",\"@id\":\"https:\\\/\\\/www.accidentdutravail-idf.net\\\/blog\\\/des-inondations-un-braquage-a-main-armee-un-grave-accident-du-travail-parmi-les-cinq-infos-du-vendredi-21-juin-dans-le-loiret\\\/#breadcrumb\",\"itemListElement\":[{\"@type\":\"ListItem\",\"position\":1,\"name\":\"Accueil\",\"item\":\"https:\\\/\\\/www.accidentdutravail-idf.net\\\/blog\\\/\"},{\"@type\":\"ListItem\",\"position\":2,\"name\":\"Des inondations, un braquage \u00e0 main arm\u00e9e, un grave accident du travail&#8230; parmi les cinq infos du vendredi 21 juin dans le Loiret\"}]},{\"@type\":\"WebSite\",\"@id\":\"https:\\\/\\\/www.accidentdutravail-idf.net\\\/blog\\\/#website\",\"url\":\"https:\\\/\\\/www.accidentdutravail-idf.net\\\/blog\\\/\",\"name\":\"ACCIDENTDUTRAVAIL-IDF\",\"description\":\"Portail accidents du travail-maladies professionnelles des entreprises d&#039;Ile-de-France\",\"publisher\":{\"@id\":\"https:\\\/\\\/www.accidentdutravail-idf.net\\\/blog\\\/#organization\"},\"potentialAction\":[{\"@type\":\"SearchAction\",\"target\":{\"@type\":\"EntryPoint\",\"urlTemplate\":\"https:\\\/\\\/www.accidentdutravail-idf.net\\\/blog\\\/?s={search_term_string}\"},\"query-input\":{\"@type\":\"PropertyValueSpecification\",\"valueRequired\":true,\"valueName\":\"search_term_string\"}}],\"inLanguage\":\"fr-FR\"},{\"@type\":\"Organization\",\"@id\":\"https:\\\/\\\/www.accidentdutravail-idf.net\\\/blog\\\/#organization\",\"name\":\"accidentdutravail-idf\",\"url\":\"https:\\\/\\\/www.accidentdutravail-idf.net\\\/blog\\\/\",\"logo\":{\"@type\":\"ImageObject\",\"inLanguage\":\"fr-FR\",\"@id\":\"https:\\\/\\\/www.accidentdutravail-idf.net\\\/blog\\\/#\\\/schema\\\/logo\\\/image\\\/\",\"url\":\"https:\\\/\\\/www.accidentdutravail-idf.net\\\/blog\\\/wp-content\\\/uploads\\\/2022\\\/09\\\/logo-2.png\",\"contentUrl\":\"https:\\\/\\\/www.accidentdutravail-idf.net\\\/blog\\\/wp-content\\\/uploads\\\/2022\\\/09\\\/logo-2.png\",\"width\":380,\"height\":291,\"caption\":\"accidentdutravail-idf\"},\"image\":{\"@id\":\"https:\\\/\\\/www.accidentdutravail-idf.net\\\/blog\\\/#\\\/schema\\\/logo\\\/image\\\/\"}},{\"@type\":\"Person\",\"@id\":\"https:\\\/\\\/www.accidentdutravail-idf.net\\\/blog\\\/#\\\/schema\\\/person\\\/3255d2f970de45e64bd9201f38e7b947\",\"name\":\"Carlos Poulain\",\"image\":{\"@type\":\"ImageObject\",\"inLanguage\":\"fr-FR\",\"@id\":\"https:\\\/\\\/secure.gravatar.com\\\/avatar\\\/b1c2f9d3588e34e91adb093635df64ef4b2381991216be7576466cfcdca4baf3?s=96&d=mm&r=g\",\"url\":\"https:\\\/\\\/secure.gravatar.com\\\/avatar\\\/b1c2f9d3588e34e91adb093635df64ef4b2381991216be7576466cfcdca4baf3?s=96&d=mm&r=g\",\"contentUrl\":\"https:\\\/\\\/secure.gravatar.com\\\/avatar\\\/b1c2f9d3588e34e91adb093635df64ef4b2381991216be7576466cfcdca4baf3?s=96&d=mm&r=g\",\"caption\":\"Carlos Poulain\"},\"url\":\"https:\\\/\\\/www.accidentdutravail-idf.net\\\/blog\\\/author\\\/idfcarlos\\\/\"}]}<\/script>\n<!-- \/ Yoast SEO plugin. -->","yoast_head_json":{"title":"Des inondations, un braquage \u00e0 main arm\u00e9e, un grave accident du travail... parmi les cinq infos du vendredi 21 juin dans le Loiret - ACCIDENTDUTRAVAIL-IDF","description":"Des inondations, un braquage \u00e0 main arm\u00e9e, un grave accident du travail... parmi les cinq infos du vendredi 21 juin dans le Loiret article de ACCIDENTDUTRAVAIL-IDF","robots":{"index":"index","follow":"follow","max-snippet":"max-snippet:-1","max-image-preview":"max-image-preview:large","max-video-preview":"max-video-preview:-1"},"canonical":"https:\/\/www.accidentdutravail-idf.net\/blog\/des-inondations-un-braquage-a-main-armee-un-grave-accident-du-travail-parmi-les-cinq-infos-du-vendredi-21-juin-dans-le-loiret\/","og_locale":"fr_FR","og_type":"article","og_title":"Des inondations, un braquage \u00e0 main arm\u00e9e, un grave accident du travail... parmi les cinq infos du vendredi 21 juin dans le Loiret - ACCIDENTDUTRAVAIL-IDF","og_description":"Des inondations, un braquage \u00e0 main arm\u00e9e, un grave accident du travail... parmi les cinq infos du vendredi 21 juin dans le Loiret article de ACCIDENTDUTRAVAIL-IDF","og_url":"https:\/\/www.accidentdutravail-idf.net\/blog\/des-inondations-un-braquage-a-main-armee-un-grave-accident-du-travail-parmi-les-cinq-infos-du-vendredi-21-juin-dans-le-loiret\/","og_site_name":"ACCIDENTDUTRAVAIL-IDF","article_published_time":"2024-06-20T17:00:00+00:00","og_image":[{"url":"https:\/\/www.accidentdutravail-idf.net\/blog\/wp-content\/uploads\/2024\/06\/des-inondations-un-braquage-a-main-armee-un-grave-accident-du-travail-parmi-les-cinq-infos-du-vendredi-21-juin-dans-le-loiret.jpg","type":"","width":"","height":""}],"author":"Carlos Poulain","twitter_card":"summary_large_image","twitter_misc":{"\u00c9crit par":"Carlos Poulain","Dur\u00e9e de lecture estim\u00e9e":"3 minutes"},"schema":{"@context":"https:\/\/schema.org","@graph":[{"@type":"Article","@id":"https:\/\/www.accidentdutravail-idf.net\/blog\/des-inondations-un-braquage-a-main-armee-un-grave-accident-du-travail-parmi-les-cinq-infos-du-vendredi-21-juin-dans-le-loiret\/#article","isPartOf":{"@id":"https:\/\/www.accidentdutravail-idf.net\/blog\/des-inondations-un-braquage-a-main-armee-un-grave-accident-du-travail-parmi-les-cinq-infos-du-vendredi-21-juin-dans-le-loiret\/"},"author":{"name":"Carlos Poulain","@id":"https:\/\/www.accidentdutravail-idf.net\/blog\/#\/schema\/person\/3255d2f970de45e64bd9201f38e7b947"},"headline":"Des inondations, un braquage \u00e0 main arm\u00e9e, un grave accident du travail&#8230; parmi les cinq infos du vendredi 21 juin dans le Loiret","datePublished":"2024-06-20T17:00:00+00:00","mainEntityOfPage":{"@id":"https:\/\/www.accidentdutravail-idf.net\/blog\/des-inondations-un-braquage-a-main-armee-un-grave-accident-du-travail-parmi-les-cinq-infos-du-vendredi-21-juin-dans-le-loiret\/"},"wordCount":686,"publisher":{"@id":"https:\/\/www.accidentdutravail-idf.net\/blog\/#organization"},"image":{"@id":"https:\/\/www.accidentdutravail-idf.net\/blog\/des-inondations-un-braquage-a-main-armee-un-grave-accident-du-travail-parmi-les-cinq-infos-du-vendredi-21-juin-dans-le-loiret\/#primaryimage"},"thumbnailUrl":"https:\/\/www.accidentdutravail-idf.net\/blog\/wp-content\/uploads\/2024\/06\/des-inondations-un-braquage-a-main-armee-un-grave-accident-du-travail-parmi-les-cinq-infos-du-vendredi-21-juin-dans-le-loiret.jpg","articleSection":["S\u00e9curit\u00e9 Du Travail En Ile-De-France Et Divers:"],"inLanguage":"fr-FR"},{"@type":"WebPage","@id":"https:\/\/www.accidentdutravail-idf.net\/blog\/des-inondations-un-braquage-a-main-armee-un-grave-accident-du-travail-parmi-les-cinq-infos-du-vendredi-21-juin-dans-le-loiret\/","url":"https:\/\/www.accidentdutravail-idf.net\/blog\/des-inondations-un-braquage-a-main-armee-un-grave-accident-du-travail-parmi-les-cinq-infos-du-vendredi-21-juin-dans-le-loiret\/","name":"Des inondations, un braquage \u00e0 main arm\u00e9e, un grave accident du travail... parmi les cinq infos du vendredi 21 juin dans le Loiret - ACCIDENTDUTRAVAIL-IDF","isPartOf":{"@id":"https:\/\/www.accidentdutravail-idf.net\/blog\/#website"},"primaryImageOfPage":{"@id":"https:\/\/www.accidentdutravail-idf.net\/blog\/des-inondations-un-braquage-a-main-armee-un-grave-accident-du-travail-parmi-les-cinq-infos-du-vendredi-21-juin-dans-le-loiret\/#primaryimage"},"image":{"@id":"https:\/\/www.accidentdutravail-idf.net\/blog\/des-inondations-un-braquage-a-main-armee-un-grave-accident-du-travail-parmi-les-cinq-infos-du-vendredi-21-juin-dans-le-loiret\/#primaryimage"},"thumbnailUrl":"https:\/\/www.accidentdutravail-idf.net\/blog\/wp-content\/uploads\/2024\/06\/des-inondations-un-braquage-a-main-armee-un-grave-accident-du-travail-parmi-les-cinq-infos-du-vendredi-21-juin-dans-le-loiret.jpg","datePublished":"2024-06-20T17:00:00+00:00","description":"Des inondations, un braquage \u00e0 main arm\u00e9e, un grave accident du travail... parmi les cinq infos du vendredi 21 juin dans le Loiret article de ACCIDENTDUTRAVAIL-IDF","breadcrumb":{"@id":"https:\/\/www.accidentdutravail-idf.net\/blog\/des-inondations-un-braquage-a-main-armee-un-grave-accident-du-travail-parmi-les-cinq-infos-du-vendredi-21-juin-dans-le-loiret\/#breadcrumb"},"inLanguage":"fr-FR","potentialAction":[{"@type":"ReadAction","target":["https:\/\/www.accidentdutravail-idf.net\/blog\/des-inondations-un-braquage-a-main-armee-un-grave-accident-du-travail-parmi-les-cinq-infos-du-vendredi-21-juin-dans-le-loiret\/"]}]},{"@type":"ImageObject","inLanguage":"fr-FR","@id":"https:\/\/www.accidentdutravail-idf.net\/blog\/des-inondations-un-braquage-a-main-armee-un-grave-accident-du-travail-parmi-les-cinq-infos-du-vendredi-21-juin-dans-le-loiret\/#primaryimage","url":"https:\/\/www.accidentdutravail-idf.net\/blog\/wp-content\/uploads\/2024\/06\/des-inondations-un-braquage-a-main-armee-un-grave-accident-du-travail-parmi-les-cinq-infos-du-vendredi-21-juin-dans-le-loiret.jpg","contentUrl":"https:\/\/www.accidentdutravail-idf.net\/blog\/wp-content\/uploads\/2024\/06\/des-inondations-un-braquage-a-main-armee-un-grave-accident-du-travail-parmi-les-cinq-infos-du-vendredi-21-juin-dans-le-loiret.jpg"},{"@type":"BreadcrumbList","@id":"https:\/\/www.accidentdutravail-idf.net\/blog\/des-inondations-un-braquage-a-main-armee-un-grave-accident-du-travail-parmi-les-cinq-infos-du-vendredi-21-juin-dans-le-loiret\/#breadcrumb","itemListElement":[{"@type":"ListItem","position":1,"name":"Accueil","item":"https:\/\/www.accidentdutravail-idf.net\/blog\/"},{"@type":"ListItem","position":2,"name":"Des inondations, un braquage \u00e0 main arm\u00e9e, un grave accident du travail&#8230; parmi les cinq infos du vendredi 21 juin dans le Loiret"}]},{"@type":"WebSite","@id":"https:\/\/www.accidentdutravail-idf.net\/blog\/#website","url":"https:\/\/www.accidentdutravail-idf.net\/blog\/","name":"ACCIDENTDUTRAVAIL-IDF","description":"Portail accidents du travail-maladies professionnelles des entreprises d&#039;Ile-de-France","publisher":{"@id":"https:\/\/www.accidentdutravail-idf.net\/blog\/#organization"},"potentialAction":[{"@type":"SearchAction","target":{"@type":"EntryPoint","urlTemplate":"https:\/\/www.accidentdutravail-idf.net\/blog\/?s={search_term_string}"},"query-input":{"@type":"PropertyValueSpecification","valueRequired":true,"valueName":"search_term_string"}}],"inLanguage":"fr-FR"},{"@type":"Organization","@id":"https:\/\/www.accidentdutravail-idf.net\/blog\/#organization","name":"accidentdutravail-idf","url":"https:\/\/www.accidentdutravail-idf.net\/blog\/","logo":{"@type":"ImageObject","inLanguage":"fr-FR","@id":"https:\/\/www.accidentdutravail-idf.net\/blog\/#\/schema\/logo\/image\/","url":"https:\/\/www.accidentdutravail-idf.net\/blog\/wp-content\/uploads\/2022\/09\/logo-2.png","contentUrl":"https:\/\/www.accidentdutravail-idf.net\/blog\/wp-content\/uploads\/2022\/09\/logo-2.png","width":380,"height":291,"caption":"accidentdutravail-idf"},"image":{"@id":"https:\/\/www.accidentdutravail-idf.net\/blog\/#\/schema\/logo\/image\/"}},{"@type":"Person","@id":"https:\/\/www.accidentdutravail-idf.net\/blog\/#\/schema\/person\/3255d2f970de45e64bd9201f38e7b947","name":"Carlos Poulain","image":{"@type":"ImageObject","inLanguage":"fr-FR","@id":"https:\/\/secure.gravatar.com\/avatar\/b1c2f9d3588e34e91adb093635df64ef4b2381991216be7576466cfcdca4baf3?s=96&d=mm&r=g","url":"https:\/\/secure.gravatar.com\/avatar\/b1c2f9d3588e34e91adb093635df64ef4b2381991216be7576466cfcdca4baf3?s=96&d=mm&r=g","contentUrl":"https:\/\/secure.gravatar.com\/avatar\/b1c2f9d3588e34e91adb093635df64ef4b2381991216be7576466cfcdca4baf3?s=96&d=mm&r=g","caption":"Carlos Poulain"},"url":"https:\/\/www.accidentdutravail-idf.net\/blog\/author\/idfcarlos\/"}]}},"_links":{"self":[{"href":"https:\/\/www.accidentdutravail-idf.net\/blog\/wp-json\/wp\/v2\/posts\/486","targetHints":{"allow":["GET"]}}],"collection":[{"href":"https:\/\/www.accidentdutravail-idf.net\/blog\/wp-json\/wp\/v2\/posts"}],"about":[{"href":"https:\/\/www.accidentdutravail-idf.net\/blog\/wp-json\/wp\/v2\/types\/post"}],"author":[{"embeddable":true,"href":"https:\/\/www.accidentdutravail-idf.net\/blog\/wp-json\/wp\/v2\/users\/2"}],"replies":[{"embeddable":true,"href":"https:\/\/www.accidentdutravail-idf.net\/blog\/wp-json\/wp\/v2\/comments?post=486"}],"version-history":[{"count":0,"href":"https:\/\/www.accidentdutravail-idf.net\/blog\/wp-json\/wp\/v2\/posts\/486\/revisions"}],"wp:attachment":[{"href":"https:\/\/www.accidentdutravail-idf.net\/blog\/wp-json\/wp\/v2\/media?parent=486"}],"wp:term":[{"taxonomy":"category","embeddable":true,"href":"https:\/\/www.accidentdutravail-idf.net\/blog\/wp-json\/wp\/v2\/categories?post=486"},{"taxonomy":"post_tag","embeddable":true,"href":"https:\/\/www.accidentdutravail-idf.net\/blog\/wp-json\/wp\/v2\/tags?post=486"}],"curies":[{"name":"wp","href":"https:\/\/api.w.org\/{rel}","templated":true}]}}