{"id":479,"date":"2024-06-19T13:10:00","date_gmt":"2024-06-19T11:10:00","guid":{"rendered":"https:\/\/www.accidentdutravail-idf.net\/blog\/un-saisonnier-indien-en-italie-victime-dun-accident-du-travail-meurt-apres-avoir-ete-abandonne-par-son-employeur\/"},"modified":"2024-06-19T13:10:00","modified_gmt":"2024-06-19T11:10:00","slug":"un-saisonnier-indien-en-italie-victime-dun-accident-du-travail-meurt-apres-avoir-ete-abandonne-par-son-employeur","status":"publish","type":"post","link":"https:\/\/www.accidentdutravail-idf.net\/blog\/un-saisonnier-indien-en-italie-victime-dun-accident-du-travail-meurt-apres-avoir-ete-abandonne-par-son-employeur\/","title":{"rendered":"Un saisonnier indien en Italie, victime d&rsquo;un accident du travail, meurt apr\u00e8s avoir \u00e9t\u00e9 abandonn\u00e9 par son employeur"},"content":{"rendered":"<div class=\"content-cover-wrapper\">\n<p> Alors qu&rsquo;il \u00ab\u00a0s&rsquo;occupait de couper le foin, l&rsquo;homme a eu un bras arrach\u00e9 par une machine et a subi d&rsquo;autres fractures graves\u00a0\u00bb, a rapport\u00e9 la F\u00e9d\u00e9ration des travailleurs de l&rsquo;industrie agricole.\n<\/p>\n<div class=\"signature \">\n<div class=\"signature__images\">     <img decoding=\"async\" src=\"https:\/\/www.accidentdutravail-idf.net\/blog\/wp-content\/uploads\/2024\/06\/un-saisonnier-indien-en-italie-victime-dun-accident-du-travail-meurt-apres-avoir-ete-abandonne-par-son-employeur.png\" class=\"signature__image\" width=\"100\" height=\"100\" data-sizes=\"auto\" alt>  <img decoding=\"async\" class=\"signature__image lazyload\" width=\"100\" height=\"100\" data-sizes=\"auto\" alt src=\"https:\/\/www.accidentdutravail-idf.net\/blog\/wp-content\/uploads\/2024\/06\/un-saisonnier-indien-en-italie-victime-dun-accident-du-travail-meurt-apres-avoir-ete-abandonne-par-son-employeur.png\">  <\/div>\n<div class=\"signature__authors\">\n<p> <span class=\"signature__groups\"> France T\u00e9l\u00e9visions <\/span> <\/p>\n<\/p><\/div>\n<\/p><\/div>\n<div class=\"c-time\">\n<p> <span class=\"publication-date__published\"> Publi\u00e9 le 19\/06\/2024 18:10 <\/span> <\/p>\n<p> <span class=\"reading-time\">  Temps de lecture : 1 min <\/span> <\/div>\n<div class=\"c-cover \">\n<figure>    <img decoding=\"async\" alt=\"Des moissons dans un champ de riz \u00e0 Larizzate, en Italie, le 14 septembre 2022. (MAURO UJETTO \/ NURPHOTO \/ AFP)\" width=\"432\" height=\"243\" src=\"https:\/\/www.accidentdutravail-idf.net\/blog\/wp-content\/uploads\/2024\/06\/un-saisonnier-indien-en-italie-victime-dun-accident-du-travail-meurt-apres-avoir-ete-abandonne-par-son-employeur.jpg\"><figcaption aria-hidden=\"true\">Des moissons dans un champ de riz \u00e0 Larizzate, en Italie, le 14 septembre 2022. <span>(MAURO UJETTO \/ NURPHOTO \/ AFP)<\/span><\/figcaption><\/figure>\n<\/p><\/div>\n<\/p><\/div>\n<div class=\"c-body\">\n<p>Un <a href=\"https:\/\/www.francetvinfo.fr\/societe\/immigration\/italie-le-gouvernement-de-giorgia-meloni-ouvre-450-000-titres-de-sejour-aux-travailleurs-etrangers_6257820.html\" target=\"_blank\" rel=\"nofollow\">travailleur saisonnier dans l&rsquo;agriculture<\/a> est mort, mercredi 19 juin \u00e0 Rome, deux jours apr\u00e8s avoir \u00e9t\u00e9 abandonn\u00e9 par son employeur avec un bras tranch\u00e9 \u00e0 la suite d&rsquo;un accident du travail. La ministre italienne du Travail, Marina Elvira Calderone, a d\u00e9nonc\u00e9 devant les d\u00e9put\u00e9s <em>\u00ab\u00a0un acte de barbarie\u00a0\u00bb.<\/em> Elle a pr\u00e9cis\u00e9 que l&rsquo;homme d&rsquo;une trentaine d&rsquo;ann\u00e9es, ressortissant indien,<em> \u00ab\u00a0travaillait sans avoir un contrat en r\u00e8gle\u00a0\u00bb<\/em>.<\/p>\n<p>D\u00e8s lundi, la F\u00e9d\u00e9ration des travailleurs de l&rsquo;industrie agricole avait signal\u00e9 qu&rsquo;un travailleur indien<em> \u00ab\u00a0qui s&rsquo;occupait de couper le foin a eu un bras arrach\u00e9 par une machine et a subi d&rsquo;autres fractures graves\u00a0\u00bb. \u00ab\u00a0Outre l&rsquo;horreur de l&rsquo;accident, il faut ajouter le fait qu&rsquo;au lieu d&rsquo;\u00eatre secouru par ses employeurs, il a \u00e9t\u00e9 d\u00e9charg\u00e9 comme un sac d&rsquo;ordures \u00e0 proximit\u00e9 de son domicile\u00a0\u00bb<\/em>, avait-elle d\u00e9nonc\u00e9.<\/p>\n<p><em>\u00ab\u00a0Sa compagne et ses amis nous ont contact\u00e9s, puis ont appel\u00e9 les secours. Il a \u00e9t\u00e9 h\u00e9liport\u00e9 dans un h\u00f4pital de Rome mais il est d\u00e9c\u00e9d\u00e9 \u00e0 la mi-journ\u00e9e\u00a0\u00bb<\/em> mercredi, a pr\u00e9cis\u00e9 \u00e0 l&rsquo;AFP le commandement des carabiniers de Latina, ville o\u00f9 a eu lieu l&rsquo;accident. Un grand nombre d&rsquo;immigr\u00e9s, notamment indiens, travaillent dans cette r\u00e9gion agricole situ\u00e9e \u00e0 une soixantaine de kilom\u00e8tres au sud-est de Rome. Une enqu\u00eate a \u00e9t\u00e9 ouverte pour omission de secours et homicide involontaire.<\/p>\n<\/div>\n<section class=\"social-zone\">\n<div class=\"social-zone__wrapper\">\n<p class=\"social-zone__sentence\">Partager&nbsp;: <span class=\"sr-only\">l&rsquo;article sur les r\u00e9seaux sociaux<\/span><\/p>\n<\/p><\/div>\n<\/section>\n<div class=\"content-banner-nl\">\n<section data-cy=\"banner-nl-monde\" class=\"banner-nl\">\n<div class=\"banner-nl__wrapper\">\n<div class=\"banner-nl__illustration\">  <img decoding=\"async\" src=\"https:\/\/www.francetvinfo.fr\/assets\/components\/newsletters\/banner-nl\/illustrations\/illustration-monde-2210e3ed.svg\" class=\"banner-nl__illustration\" width=\"92\" alt>  <img decoding=\"async\" class=\"banner-nl__illustration lazyload\" width=\"92\" alt src=\"https:\/\/www.francetvinfo.fr\/assets\/components\/newsletters\/banner-nl\/illustrations\/illustration-monde-2210e3ed.svg\"> <\/div>\n<div class=\"banner-nl__internal-wrapper\">\n<div class=\"banner-nl__heading\">\n<div class=\"banner-nl__heading-wrapper\">\n<p class=\"banner-nl__title\">La Quotidienne Monde<\/p>\n<p class=\"banner-nl__subtitle\" role=\"heading\">Retrouvez tous les jours \u00e0 19h les \u00e9v\u00e9nements marquants de l\u2019actualit\u00e9 internationale<\/p>\n<\/p><\/div>\n<\/p><\/div>\n<\/p><\/div>\n<\/p><\/div>\n<div class=\"banner-nl__legal-text\"> France T\u00e9l\u00e9visions collecte votre adresse e-mail pour vous adresser la newsletter \u00ab\u00a0La Quotidienne Monde\u00a0\u00bb. \u00c0 tout moment, vous pouvez vous d\u00e9sinscrire via le lien en bas de ces newsletters. Pour en savoir plus, consultez notre <a href=\"https:\/\/www.francetelevisions.fr\/groupe\/confidentialite\" rel=\"noopener nofollow\" target=\"_blank\" title=\"Consultez notre politique de confidentialit\u00e9 (nouvelle fen\u00eatre)\">politique de confidentialit\u00e9<\/a>. <\/div>\n<\/section><\/div>\n<p> &lt;!&#8211; \/esi-block\/contents::content\/same-topic\/{&quot;contentId&quot;:6613899}.html &#8211;&gt; <\/p>\n<section class=\"related-tags \">\n<p class=\"related-tags__title\" role=\"heading\"><!--no space -->les mots-cl\u00e9s associ\u00e9s \u00e0 cet article <\/p>\n<\/section>\n<p> accidentdutravail-idf.net vous a pr\u00e9par\u00e9 ce post qui informe du sujet \u00ab\u00a0Association Sportive Huisson-Longueville Essonne\u00a0\u00bb. La chronique se veut g\u00e9n\u00e9r\u00e9e du mieux possible. Vous pouvez utiliser les coordonn\u00e9es indiqu\u00e9es sur le site dans le but d\u2019apporter des explications sur ce post qui parle du th\u00e8me \u00ab\u00a0Association Sportive Huisson-Longueville Essonne\u00a0\u00bb. Le site accidentdutravail-idf.net a pour but de fournir diverses publications sur la th\u00e9matique Association Sportive Huisson-Longueville Essonne diffus\u00e9es sur le net. Il y aura plusieurs articles autour du sujet \u00ab\u00a0Association Sportive Huisson-Longueville Essonne\u00a0\u00bb dans quelques jours, nous vous invitons \u00e0 naviguer sur notre site web \u00e0 plusieurs reprises.<\/p>\n","protected":false},"excerpt":{"rendered":"<p>Alors qu&rsquo;il \u00ab\u00a0s&rsquo;occupait de couper le foin, l&rsquo;homme a eu un bras arrach\u00e9 par une machine et a subi d&rsquo;autres fractures graves\u00a0\u00bb, a rapport\u00e9 la F\u00e9d\u00e9ration des travailleurs de l&rsquo;industrie agricole. France T\u00e9l\u00e9visions Publi\u00e9 le 19\/06\/2024 18:10 Temps de lecture : 1 min Des moissons dans un champ de riz \u00e0 Larizzate, en Italie, le &hellip; <\/p>\n<p class=\"link-more\"><a href=\"https:\/\/www.accidentdutravail-idf.net\/blog\/un-saisonnier-indien-en-italie-victime-dun-accident-du-travail-meurt-apres-avoir-ete-abandonne-par-son-employeur\/\" class=\"more-link\">Continuer la lecture <span class=\"screen-reader-text\"> \u00ab\u00a0Un saisonnier indien en Italie, victime d&rsquo;un accident du travail, meurt apr\u00e8s avoir \u00e9t\u00e9 abandonn\u00e9 par son employeur\u00a0\u00bb<\/span><\/a><\/p>\n","protected":false},"author":2,"featured_media":0,"comment_status":"closed","ping_status":"closed","sticky":false,"template":"","format":"standard","meta":{"footnotes":""},"categories":[5],"tags":[],"class_list":["post-479","post","type-post","status-publish","format-standard","hentry","category-securite-du-travail-en-ile-de-france-et-divers","entry"],"yoast_head":"<!-- This site is optimized with the Yoast SEO plugin v27.5 - https:\/\/yoast.com\/product\/yoast-seo-wordpress\/ -->\n<title>Un saisonnier indien en Italie, victime d&#039;un accident du travail, meurt apr\u00e8s avoir \u00e9t\u00e9 abandonn\u00e9 par son employeur - ACCIDENTDUTRAVAIL-IDF<\/title>\n<meta name=\"description\" content=\"Un saisonnier indien en Italie, victime d&#039;un accident du travail, meurt apr\u00e8s avoir \u00e9t\u00e9 abandonn\u00e9 par son employeur article de ACCIDENTDUTRAVAIL-IDF\" \/>\n<meta name=\"robots\" content=\"index, follow, max-snippet:-1, max-image-preview:large, max-video-preview:-1\" \/>\n<link rel=\"canonical\" href=\"https:\/\/www.accidentdutravail-idf.net\/blog\/un-saisonnier-indien-en-italie-victime-dun-accident-du-travail-meurt-apres-avoir-ete-abandonne-par-son-employeur\/\" \/>\n<meta property=\"og:locale\" content=\"fr_FR\" \/>\n<meta property=\"og:type\" content=\"article\" \/>\n<meta property=\"og:title\" content=\"Un saisonnier indien en Italie, victime d&#039;un accident du travail, meurt apr\u00e8s avoir \u00e9t\u00e9 abandonn\u00e9 par son employeur - ACCIDENTDUTRAVAIL-IDF\" \/>\n<meta property=\"og:description\" content=\"Un saisonnier indien en Italie, victime d&#039;un accident du travail, meurt apr\u00e8s avoir \u00e9t\u00e9 abandonn\u00e9 par son employeur article de ACCIDENTDUTRAVAIL-IDF\" \/>\n<meta property=\"og:url\" content=\"https:\/\/www.accidentdutravail-idf.net\/blog\/un-saisonnier-indien-en-italie-victime-dun-accident-du-travail-meurt-apres-avoir-ete-abandonne-par-son-employeur\/\" \/>\n<meta property=\"og:site_name\" content=\"ACCIDENTDUTRAVAIL-IDF\" \/>\n<meta property=\"article:published_time\" content=\"2024-06-19T11:10:00+00:00\" \/>\n<meta property=\"og:image\" content=\"https:\/\/www.accidentdutravail-idf.net\/blog\/wp-content\/uploads\/2024\/06\/un-saisonnier-indien-en-italie-victime-dun-accident-du-travail-meurt-apres-avoir-ete-abandonne-par-son-employeur.png\" \/>\n<meta name=\"author\" content=\"Carlos Poulain\" \/>\n<meta name=\"twitter:card\" content=\"summary_large_image\" \/>\n<meta name=\"twitter:label1\" content=\"\u00c9crit par\" \/>\n\t<meta name=\"twitter:data1\" content=\"Carlos Poulain\" \/>\n\t<meta name=\"twitter:label2\" content=\"Dur\u00e9e de lecture estim\u00e9e\" \/>\n\t<meta name=\"twitter:data2\" content=\"2 minutes\" \/>\n<script type=\"application\/ld+json\" class=\"yoast-schema-graph\">{\"@context\":\"https:\\\/\\\/schema.org\",\"@graph\":[{\"@type\":\"Article\",\"@id\":\"https:\\\/\\\/www.accidentdutravail-idf.net\\\/blog\\\/un-saisonnier-indien-en-italie-victime-dun-accident-du-travail-meurt-apres-avoir-ete-abandonne-par-son-employeur\\\/#article\",\"isPartOf\":{\"@id\":\"https:\\\/\\\/www.accidentdutravail-idf.net\\\/blog\\\/un-saisonnier-indien-en-italie-victime-dun-accident-du-travail-meurt-apres-avoir-ete-abandonne-par-son-employeur\\\/\"},\"author\":{\"name\":\"Carlos Poulain\",\"@id\":\"https:\\\/\\\/www.accidentdutravail-idf.net\\\/blog\\\/#\\\/schema\\\/person\\\/3255d2f970de45e64bd9201f38e7b947\"},\"headline\":\"Un saisonnier indien en Italie, victime d&rsquo;un accident du travail, meurt apr\u00e8s avoir \u00e9t\u00e9 abandonn\u00e9 par son employeur\",\"datePublished\":\"2024-06-19T11:10:00+00:00\",\"mainEntityOfPage\":{\"@id\":\"https:\\\/\\\/www.accidentdutravail-idf.net\\\/blog\\\/un-saisonnier-indien-en-italie-victime-dun-accident-du-travail-meurt-apres-avoir-ete-abandonne-par-son-employeur\\\/\"},\"wordCount\":495,\"publisher\":{\"@id\":\"https:\\\/\\\/www.accidentdutravail-idf.net\\\/blog\\\/#organization\"},\"image\":{\"@id\":\"https:\\\/\\\/www.accidentdutravail-idf.net\\\/blog\\\/un-saisonnier-indien-en-italie-victime-dun-accident-du-travail-meurt-apres-avoir-ete-abandonne-par-son-employeur\\\/#primaryimage\"},\"thumbnailUrl\":\"https:\\\/\\\/www.accidentdutravail-idf.net\\\/blog\\\/wp-content\\\/uploads\\\/2024\\\/06\\\/un-saisonnier-indien-en-italie-victime-dun-accident-du-travail-meurt-apres-avoir-ete-abandonne-par-son-employeur.png\",\"articleSection\":[\"S\u00e9curit\u00e9 Du Travail En Ile-De-France Et Divers:\"],\"inLanguage\":\"fr-FR\"},{\"@type\":\"WebPage\",\"@id\":\"https:\\\/\\\/www.accidentdutravail-idf.net\\\/blog\\\/un-saisonnier-indien-en-italie-victime-dun-accident-du-travail-meurt-apres-avoir-ete-abandonne-par-son-employeur\\\/\",\"url\":\"https:\\\/\\\/www.accidentdutravail-idf.net\\\/blog\\\/un-saisonnier-indien-en-italie-victime-dun-accident-du-travail-meurt-apres-avoir-ete-abandonne-par-son-employeur\\\/\",\"name\":\"Un saisonnier indien en Italie, victime d'un accident du travail, meurt apr\u00e8s avoir \u00e9t\u00e9 abandonn\u00e9 par son employeur - ACCIDENTDUTRAVAIL-IDF\",\"isPartOf\":{\"@id\":\"https:\\\/\\\/www.accidentdutravail-idf.net\\\/blog\\\/#website\"},\"primaryImageOfPage\":{\"@id\":\"https:\\\/\\\/www.accidentdutravail-idf.net\\\/blog\\\/un-saisonnier-indien-en-italie-victime-dun-accident-du-travail-meurt-apres-avoir-ete-abandonne-par-son-employeur\\\/#primaryimage\"},\"image\":{\"@id\":\"https:\\\/\\\/www.accidentdutravail-idf.net\\\/blog\\\/un-saisonnier-indien-en-italie-victime-dun-accident-du-travail-meurt-apres-avoir-ete-abandonne-par-son-employeur\\\/#primaryimage\"},\"thumbnailUrl\":\"https:\\\/\\\/www.accidentdutravail-idf.net\\\/blog\\\/wp-content\\\/uploads\\\/2024\\\/06\\\/un-saisonnier-indien-en-italie-victime-dun-accident-du-travail-meurt-apres-avoir-ete-abandonne-par-son-employeur.png\",\"datePublished\":\"2024-06-19T11:10:00+00:00\",\"description\":\"Un saisonnier indien en Italie, victime d'un accident du travail, meurt apr\u00e8s avoir \u00e9t\u00e9 abandonn\u00e9 par son employeur article de ACCIDENTDUTRAVAIL-IDF\",\"breadcrumb\":{\"@id\":\"https:\\\/\\\/www.accidentdutravail-idf.net\\\/blog\\\/un-saisonnier-indien-en-italie-victime-dun-accident-du-travail-meurt-apres-avoir-ete-abandonne-par-son-employeur\\\/#breadcrumb\"},\"inLanguage\":\"fr-FR\",\"potentialAction\":[{\"@type\":\"ReadAction\",\"target\":[\"https:\\\/\\\/www.accidentdutravail-idf.net\\\/blog\\\/un-saisonnier-indien-en-italie-victime-dun-accident-du-travail-meurt-apres-avoir-ete-abandonne-par-son-employeur\\\/\"]}]},{\"@type\":\"ImageObject\",\"inLanguage\":\"fr-FR\",\"@id\":\"https:\\\/\\\/www.accidentdutravail-idf.net\\\/blog\\\/un-saisonnier-indien-en-italie-victime-dun-accident-du-travail-meurt-apres-avoir-ete-abandonne-par-son-employeur\\\/#primaryimage\",\"url\":\"https:\\\/\\\/www.accidentdutravail-idf.net\\\/blog\\\/wp-content\\\/uploads\\\/2024\\\/06\\\/un-saisonnier-indien-en-italie-victime-dun-accident-du-travail-meurt-apres-avoir-ete-abandonne-par-son-employeur.png\",\"contentUrl\":\"https:\\\/\\\/www.accidentdutravail-idf.net\\\/blog\\\/wp-content\\\/uploads\\\/2024\\\/06\\\/un-saisonnier-indien-en-italie-victime-dun-accident-du-travail-meurt-apres-avoir-ete-abandonne-par-son-employeur.png\"},{\"@type\":\"BreadcrumbList\",\"@id\":\"https:\\\/\\\/www.accidentdutravail-idf.net\\\/blog\\\/un-saisonnier-indien-en-italie-victime-dun-accident-du-travail-meurt-apres-avoir-ete-abandonne-par-son-employeur\\\/#breadcrumb\",\"itemListElement\":[{\"@type\":\"ListItem\",\"position\":1,\"name\":\"Accueil\",\"item\":\"https:\\\/\\\/www.accidentdutravail-idf.net\\\/blog\\\/\"},{\"@type\":\"ListItem\",\"position\":2,\"name\":\"Un saisonnier indien en Italie, victime d&rsquo;un accident du travail, meurt apr\u00e8s avoir \u00e9t\u00e9 abandonn\u00e9 par son employeur\"}]},{\"@type\":\"WebSite\",\"@id\":\"https:\\\/\\\/www.accidentdutravail-idf.net\\\/blog\\\/#website\",\"url\":\"https:\\\/\\\/www.accidentdutravail-idf.net\\\/blog\\\/\",\"name\":\"ACCIDENTDUTRAVAIL-IDF\",\"description\":\"Portail accidents du travail-maladies professionnelles des entreprises d&#039;Ile-de-France\",\"publisher\":{\"@id\":\"https:\\\/\\\/www.accidentdutravail-idf.net\\\/blog\\\/#organization\"},\"potentialAction\":[{\"@type\":\"SearchAction\",\"target\":{\"@type\":\"EntryPoint\",\"urlTemplate\":\"https:\\\/\\\/www.accidentdutravail-idf.net\\\/blog\\\/?s={search_term_string}\"},\"query-input\":{\"@type\":\"PropertyValueSpecification\",\"valueRequired\":true,\"valueName\":\"search_term_string\"}}],\"inLanguage\":\"fr-FR\"},{\"@type\":\"Organization\",\"@id\":\"https:\\\/\\\/www.accidentdutravail-idf.net\\\/blog\\\/#organization\",\"name\":\"accidentdutravail-idf\",\"url\":\"https:\\\/\\\/www.accidentdutravail-idf.net\\\/blog\\\/\",\"logo\":{\"@type\":\"ImageObject\",\"inLanguage\":\"fr-FR\",\"@id\":\"https:\\\/\\\/www.accidentdutravail-idf.net\\\/blog\\\/#\\\/schema\\\/logo\\\/image\\\/\",\"url\":\"https:\\\/\\\/www.accidentdutravail-idf.net\\\/blog\\\/wp-content\\\/uploads\\\/2022\\\/09\\\/logo-2.png\",\"contentUrl\":\"https:\\\/\\\/www.accidentdutravail-idf.net\\\/blog\\\/wp-content\\\/uploads\\\/2022\\\/09\\\/logo-2.png\",\"width\":380,\"height\":291,\"caption\":\"accidentdutravail-idf\"},\"image\":{\"@id\":\"https:\\\/\\\/www.accidentdutravail-idf.net\\\/blog\\\/#\\\/schema\\\/logo\\\/image\\\/\"}},{\"@type\":\"Person\",\"@id\":\"https:\\\/\\\/www.accidentdutravail-idf.net\\\/blog\\\/#\\\/schema\\\/person\\\/3255d2f970de45e64bd9201f38e7b947\",\"name\":\"Carlos Poulain\",\"image\":{\"@type\":\"ImageObject\",\"inLanguage\":\"fr-FR\",\"@id\":\"https:\\\/\\\/secure.gravatar.com\\\/avatar\\\/b1c2f9d3588e34e91adb093635df64ef4b2381991216be7576466cfcdca4baf3?s=96&d=mm&r=g\",\"url\":\"https:\\\/\\\/secure.gravatar.com\\\/avatar\\\/b1c2f9d3588e34e91adb093635df64ef4b2381991216be7576466cfcdca4baf3?s=96&d=mm&r=g\",\"contentUrl\":\"https:\\\/\\\/secure.gravatar.com\\\/avatar\\\/b1c2f9d3588e34e91adb093635df64ef4b2381991216be7576466cfcdca4baf3?s=96&d=mm&r=g\",\"caption\":\"Carlos Poulain\"},\"url\":\"https:\\\/\\\/www.accidentdutravail-idf.net\\\/blog\\\/author\\\/idfcarlos\\\/\"}]}<\/script>\n<!-- \/ Yoast SEO plugin. -->","yoast_head_json":{"title":"Un saisonnier indien en Italie, victime d'un accident du travail, meurt apr\u00e8s avoir \u00e9t\u00e9 abandonn\u00e9 par son employeur - ACCIDENTDUTRAVAIL-IDF","description":"Un saisonnier indien en Italie, victime d'un accident du travail, meurt apr\u00e8s avoir \u00e9t\u00e9 abandonn\u00e9 par son employeur article de ACCIDENTDUTRAVAIL-IDF","robots":{"index":"index","follow":"follow","max-snippet":"max-snippet:-1","max-image-preview":"max-image-preview:large","max-video-preview":"max-video-preview:-1"},"canonical":"https:\/\/www.accidentdutravail-idf.net\/blog\/un-saisonnier-indien-en-italie-victime-dun-accident-du-travail-meurt-apres-avoir-ete-abandonne-par-son-employeur\/","og_locale":"fr_FR","og_type":"article","og_title":"Un saisonnier indien en Italie, victime d'un accident du travail, meurt apr\u00e8s avoir \u00e9t\u00e9 abandonn\u00e9 par son employeur - ACCIDENTDUTRAVAIL-IDF","og_description":"Un saisonnier indien en Italie, victime d'un accident du travail, meurt apr\u00e8s avoir \u00e9t\u00e9 abandonn\u00e9 par son employeur article de ACCIDENTDUTRAVAIL-IDF","og_url":"https:\/\/www.accidentdutravail-idf.net\/blog\/un-saisonnier-indien-en-italie-victime-dun-accident-du-travail-meurt-apres-avoir-ete-abandonne-par-son-employeur\/","og_site_name":"ACCIDENTDUTRAVAIL-IDF","article_published_time":"2024-06-19T11:10:00+00:00","og_image":[{"url":"https:\/\/www.accidentdutravail-idf.net\/blog\/wp-content\/uploads\/2024\/06\/un-saisonnier-indien-en-italie-victime-dun-accident-du-travail-meurt-apres-avoir-ete-abandonne-par-son-employeur.png","type":"","width":"","height":""}],"author":"Carlos Poulain","twitter_card":"summary_large_image","twitter_misc":{"\u00c9crit par":"Carlos Poulain","Dur\u00e9e de lecture estim\u00e9e":"2 minutes"},"schema":{"@context":"https:\/\/schema.org","@graph":[{"@type":"Article","@id":"https:\/\/www.accidentdutravail-idf.net\/blog\/un-saisonnier-indien-en-italie-victime-dun-accident-du-travail-meurt-apres-avoir-ete-abandonne-par-son-employeur\/#article","isPartOf":{"@id":"https:\/\/www.accidentdutravail-idf.net\/blog\/un-saisonnier-indien-en-italie-victime-dun-accident-du-travail-meurt-apres-avoir-ete-abandonne-par-son-employeur\/"},"author":{"name":"Carlos Poulain","@id":"https:\/\/www.accidentdutravail-idf.net\/blog\/#\/schema\/person\/3255d2f970de45e64bd9201f38e7b947"},"headline":"Un saisonnier indien en Italie, victime d&rsquo;un accident du travail, meurt apr\u00e8s avoir \u00e9t\u00e9 abandonn\u00e9 par son employeur","datePublished":"2024-06-19T11:10:00+00:00","mainEntityOfPage":{"@id":"https:\/\/www.accidentdutravail-idf.net\/blog\/un-saisonnier-indien-en-italie-victime-dun-accident-du-travail-meurt-apres-avoir-ete-abandonne-par-son-employeur\/"},"wordCount":495,"publisher":{"@id":"https:\/\/www.accidentdutravail-idf.net\/blog\/#organization"},"image":{"@id":"https:\/\/www.accidentdutravail-idf.net\/blog\/un-saisonnier-indien-en-italie-victime-dun-accident-du-travail-meurt-apres-avoir-ete-abandonne-par-son-employeur\/#primaryimage"},"thumbnailUrl":"https:\/\/www.accidentdutravail-idf.net\/blog\/wp-content\/uploads\/2024\/06\/un-saisonnier-indien-en-italie-victime-dun-accident-du-travail-meurt-apres-avoir-ete-abandonne-par-son-employeur.png","articleSection":["S\u00e9curit\u00e9 Du Travail En Ile-De-France Et Divers:"],"inLanguage":"fr-FR"},{"@type":"WebPage","@id":"https:\/\/www.accidentdutravail-idf.net\/blog\/un-saisonnier-indien-en-italie-victime-dun-accident-du-travail-meurt-apres-avoir-ete-abandonne-par-son-employeur\/","url":"https:\/\/www.accidentdutravail-idf.net\/blog\/un-saisonnier-indien-en-italie-victime-dun-accident-du-travail-meurt-apres-avoir-ete-abandonne-par-son-employeur\/","name":"Un saisonnier indien en Italie, victime d'un accident du travail, meurt apr\u00e8s avoir \u00e9t\u00e9 abandonn\u00e9 par son employeur - ACCIDENTDUTRAVAIL-IDF","isPartOf":{"@id":"https:\/\/www.accidentdutravail-idf.net\/blog\/#website"},"primaryImageOfPage":{"@id":"https:\/\/www.accidentdutravail-idf.net\/blog\/un-saisonnier-indien-en-italie-victime-dun-accident-du-travail-meurt-apres-avoir-ete-abandonne-par-son-employeur\/#primaryimage"},"image":{"@id":"https:\/\/www.accidentdutravail-idf.net\/blog\/un-saisonnier-indien-en-italie-victime-dun-accident-du-travail-meurt-apres-avoir-ete-abandonne-par-son-employeur\/#primaryimage"},"thumbnailUrl":"https:\/\/www.accidentdutravail-idf.net\/blog\/wp-content\/uploads\/2024\/06\/un-saisonnier-indien-en-italie-victime-dun-accident-du-travail-meurt-apres-avoir-ete-abandonne-par-son-employeur.png","datePublished":"2024-06-19T11:10:00+00:00","description":"Un saisonnier indien en Italie, victime d'un accident du travail, meurt apr\u00e8s avoir \u00e9t\u00e9 abandonn\u00e9 par son employeur article de ACCIDENTDUTRAVAIL-IDF","breadcrumb":{"@id":"https:\/\/www.accidentdutravail-idf.net\/blog\/un-saisonnier-indien-en-italie-victime-dun-accident-du-travail-meurt-apres-avoir-ete-abandonne-par-son-employeur\/#breadcrumb"},"inLanguage":"fr-FR","potentialAction":[{"@type":"ReadAction","target":["https:\/\/www.accidentdutravail-idf.net\/blog\/un-saisonnier-indien-en-italie-victime-dun-accident-du-travail-meurt-apres-avoir-ete-abandonne-par-son-employeur\/"]}]},{"@type":"ImageObject","inLanguage":"fr-FR","@id":"https:\/\/www.accidentdutravail-idf.net\/blog\/un-saisonnier-indien-en-italie-victime-dun-accident-du-travail-meurt-apres-avoir-ete-abandonne-par-son-employeur\/#primaryimage","url":"https:\/\/www.accidentdutravail-idf.net\/blog\/wp-content\/uploads\/2024\/06\/un-saisonnier-indien-en-italie-victime-dun-accident-du-travail-meurt-apres-avoir-ete-abandonne-par-son-employeur.png","contentUrl":"https:\/\/www.accidentdutravail-idf.net\/blog\/wp-content\/uploads\/2024\/06\/un-saisonnier-indien-en-italie-victime-dun-accident-du-travail-meurt-apres-avoir-ete-abandonne-par-son-employeur.png"},{"@type":"BreadcrumbList","@id":"https:\/\/www.accidentdutravail-idf.net\/blog\/un-saisonnier-indien-en-italie-victime-dun-accident-du-travail-meurt-apres-avoir-ete-abandonne-par-son-employeur\/#breadcrumb","itemListElement":[{"@type":"ListItem","position":1,"name":"Accueil","item":"https:\/\/www.accidentdutravail-idf.net\/blog\/"},{"@type":"ListItem","position":2,"name":"Un saisonnier indien en Italie, victime d&rsquo;un accident du travail, meurt apr\u00e8s avoir \u00e9t\u00e9 abandonn\u00e9 par son employeur"}]},{"@type":"WebSite","@id":"https:\/\/www.accidentdutravail-idf.net\/blog\/#website","url":"https:\/\/www.accidentdutravail-idf.net\/blog\/","name":"ACCIDENTDUTRAVAIL-IDF","description":"Portail accidents du travail-maladies professionnelles des entreprises d&#039;Ile-de-France","publisher":{"@id":"https:\/\/www.accidentdutravail-idf.net\/blog\/#organization"},"potentialAction":[{"@type":"SearchAction","target":{"@type":"EntryPoint","urlTemplate":"https:\/\/www.accidentdutravail-idf.net\/blog\/?s={search_term_string}"},"query-input":{"@type":"PropertyValueSpecification","valueRequired":true,"valueName":"search_term_string"}}],"inLanguage":"fr-FR"},{"@type":"Organization","@id":"https:\/\/www.accidentdutravail-idf.net\/blog\/#organization","name":"accidentdutravail-idf","url":"https:\/\/www.accidentdutravail-idf.net\/blog\/","logo":{"@type":"ImageObject","inLanguage":"fr-FR","@id":"https:\/\/www.accidentdutravail-idf.net\/blog\/#\/schema\/logo\/image\/","url":"https:\/\/www.accidentdutravail-idf.net\/blog\/wp-content\/uploads\/2022\/09\/logo-2.png","contentUrl":"https:\/\/www.accidentdutravail-idf.net\/blog\/wp-content\/uploads\/2022\/09\/logo-2.png","width":380,"height":291,"caption":"accidentdutravail-idf"},"image":{"@id":"https:\/\/www.accidentdutravail-idf.net\/blog\/#\/schema\/logo\/image\/"}},{"@type":"Person","@id":"https:\/\/www.accidentdutravail-idf.net\/blog\/#\/schema\/person\/3255d2f970de45e64bd9201f38e7b947","name":"Carlos Poulain","image":{"@type":"ImageObject","inLanguage":"fr-FR","@id":"https:\/\/secure.gravatar.com\/avatar\/b1c2f9d3588e34e91adb093635df64ef4b2381991216be7576466cfcdca4baf3?s=96&d=mm&r=g","url":"https:\/\/secure.gravatar.com\/avatar\/b1c2f9d3588e34e91adb093635df64ef4b2381991216be7576466cfcdca4baf3?s=96&d=mm&r=g","contentUrl":"https:\/\/secure.gravatar.com\/avatar\/b1c2f9d3588e34e91adb093635df64ef4b2381991216be7576466cfcdca4baf3?s=96&d=mm&r=g","caption":"Carlos Poulain"},"url":"https:\/\/www.accidentdutravail-idf.net\/blog\/author\/idfcarlos\/"}]}},"_links":{"self":[{"href":"https:\/\/www.accidentdutravail-idf.net\/blog\/wp-json\/wp\/v2\/posts\/479","targetHints":{"allow":["GET"]}}],"collection":[{"href":"https:\/\/www.accidentdutravail-idf.net\/blog\/wp-json\/wp\/v2\/posts"}],"about":[{"href":"https:\/\/www.accidentdutravail-idf.net\/blog\/wp-json\/wp\/v2\/types\/post"}],"author":[{"embeddable":true,"href":"https:\/\/www.accidentdutravail-idf.net\/blog\/wp-json\/wp\/v2\/users\/2"}],"replies":[{"embeddable":true,"href":"https:\/\/www.accidentdutravail-idf.net\/blog\/wp-json\/wp\/v2\/comments?post=479"}],"version-history":[{"count":0,"href":"https:\/\/www.accidentdutravail-idf.net\/blog\/wp-json\/wp\/v2\/posts\/479\/revisions"}],"wp:attachment":[{"href":"https:\/\/www.accidentdutravail-idf.net\/blog\/wp-json\/wp\/v2\/media?parent=479"}],"wp:term":[{"taxonomy":"category","embeddable":true,"href":"https:\/\/www.accidentdutravail-idf.net\/blog\/wp-json\/wp\/v2\/categories?post=479"},{"taxonomy":"post_tag","embeddable":true,"href":"https:\/\/www.accidentdutravail-idf.net\/blog\/wp-json\/wp\/v2\/tags?post=479"}],"curies":[{"name":"wp","href":"https:\/\/api.w.org\/{rel}","templated":true}]}}