{"id":469,"date":"2024-06-18T05:22:00","date_gmt":"2024-06-18T03:22:00","guid":{"rendered":"https:\/\/www.accidentdutravail-idf.net\/blog\/ca-sest-passe-en-5-secondes-on-ne-peut-rien-faire-une-grue-seffondre-un-chef-dentreprise-meurt-sur-un-chantier-du-jura\/"},"modified":"2024-06-18T05:22:00","modified_gmt":"2024-06-18T03:22:00","slug":"ca-sest-passe-en-5-secondes-on-ne-peut-rien-faire-une-grue-seffondre-un-chef-dentreprise-meurt-sur-un-chantier-du-jura","status":"publish","type":"post","link":"https:\/\/www.accidentdutravail-idf.net\/blog\/ca-sest-passe-en-5-secondes-on-ne-peut-rien-faire-une-grue-seffondre-un-chef-dentreprise-meurt-sur-un-chantier-du-jura\/","title":{"rendered":"\u201c\u00c7a s\u2019est pass\u00e9 en 5 secondes, on ne peut rien faire\u201d : une grue s\u2019effondre, un chef d&rsquo;entreprise meurt sur un chantier du Jura"},"content":{"rendered":"<p class=\"article__intro\">Un terrible accident du travail s\u2019est produit ce mardi 18 juin en fin de matin\u00e9e sur la commune de Villevieux pr\u00e8s de Lons-le-Saunier dans le Jura. Voici ce que l\u2019on sait.<\/p>\n<p>L\u2019alerte a \u00e9t\u00e9 donn\u00e9e peu avant 11 heures au lieu dit Trepet.Sur le chantier de construction d\u2019un hangar m\u00e9tallique pr\u00e8s d\u2019une exploitation agricole, le drame s\u2019est nou\u00e9 en une fraction de secondes. Le propri\u00e9taire des lieux a assist\u00e9, impuissant, \u00e0 la sc\u00e8ne alors qu\u2019il venait voir ce chantier qui avait d\u00e9marr\u00e9 le matin. <em>\u201cJ\u2019ai vu la structure m\u00e9tallique se coucher de plus en plus. Je me suis dit, c\u2019est une entreprise, ils ont l\u2019habitude. Et la structure est partie, elle est venue taper contre le bras de la grue. La grue est tomb\u00e9e. Et en tombant, \u00e7a a pli\u00e9 la cabine. Elle a \u00e9t\u00e9 \u00e9cras\u00e9e et a percut\u00e9 en tombant la t\u00eate d\u2019un ouvrier\u201d<\/em> explique S\u00e9bastien Carmatrant au micro de nos journalistes Norbert Evangelista et Hugues Perret.<\/p>\n<div class=\"article-image__container\">\n<figure aria-hidden=\"true\">   <img width=\"600\" height=\"400\" class=\"article-image lazy\" data-src=\"https:\/\/www.accidentdutravail-idf.net\/blog\/wp-content\/uploads\/2024\/06\/ca-sest-passe-en-5-secondes-on-ne-peut-rien-faire-une-grue-seffondre-un-chef-dentreprise-meurt-sur-un-chantier-du-jura.webp\" alt=\"L'accident mortel du travail s'est produit sur la commune de Villedieux dans le Jura.\"><figcaption>\n<p> <span>L&rsquo;accident mortel du travail s&rsquo;est produit sur la commune de Villedieux dans le Jura.<\/span> <span class=\"separator\"> \u2022 <\/span> <span>\u00a9 Hugues Perret &#8211; France T\u00e9l\u00e9visions<\/span> <\/p>\n<\/figcaption><\/figure>\n<\/div>\n<p><span>Quatre ouvriers de l\u2019entreprise Bresse montage services travaillaient sur ce chantier de construction. La soci\u00e9t\u00e9 avait \u00e9t\u00e9 reprise par le fils. C\u2019est ce dernier \u00e2g\u00e9 de 49 ans qui se trouvait dans la grue. Il est d\u00e9c\u00e9d\u00e9 sous la violence du choc. Un autre homme de 24 ans est gravement bless\u00e9, avec un pronostic vital engag\u00e9. Il a \u00e9t\u00e9 h\u00e9liport\u00e9 vers le CHU de Besan\u00e7on.<\/span><\/p>\n<div class=\"article-image__container\">\n<figure aria-hidden=\"true\">   <img width=\"600\" height=\"400\" class=\"article-image lazy\" data-src=\"https:\/\/www.accidentdutravail-idf.net\/blog\/wp-content\/uploads\/2024\/06\/ca-sest-passe-en-5-secondes-on-ne-peut-rien-faire-une-grue-seffondre-un-chef-dentreprise-meurt-sur-un-chantier-du-jura-1.webp\" alt=\"Quatre ouvriers travaillaient sur le chantier o\u00f9 s'est produit l'accident.\"><figcaption>\n<p> <span>Quatre ouvriers travaillaient sur le chantier o\u00f9 s&rsquo;est produit l&rsquo;accident.<\/span> <span class=\"separator\"> \u2022 <\/span> <span>\u00a9 Hugues Perret &#8211; France T\u00e9l\u00e9visions<\/span> <\/p>\n<\/figcaption><\/figure>\n<\/div>\n<p><span> Les gendarmes de Lons-Le-Saunier sont charg\u00e9s de l\u2019enqu\u00eate en lien avec l&rsquo;inspection du travail. Ils&nbsp; vont entendre les t\u00e9moins du drame. Le mat\u00e9riel de chantier a \u00e9t\u00e9 fig\u00e9 pour le bon d\u00e9roulement de l\u2019enqu\u00eate. Ces ouvriers \u00e9taient charg\u00e9s de construire un hangar m\u00e9tallique de 220 m2 pour abriter du fourrage.<em> \u201cA premi\u00e8re vue tout \u00e9tait amarr\u00e9. Qu\u2019est-ce qui s\u2019est pass\u00e9 ? Je ne sais pas\u201d<\/em> confie l\u2019agriculteur. Le maire de la commune de Villedieux qui avait d\u00e9livr\u00e9 le permis de construire est rapidement venu sur les lieux de l\u2019accident mortel du travail. <em>\u201cC\u2019est rarissime de voir une poutre tomber sur une cabine de grue. Je suis tr\u00e8s touch\u00e9 par cette catastrophe et je pense \u00e0 la famille de ces ouvriers\u201d<\/em> exprime le maire de cette petite commune de 700 habitants.<\/span><\/p>\n<p><span>Chaque jour des hommes et des femmes meurent sur leur lieu de travail. En 2019, la France \u00e9tait le pays o\u00f9 le nombre de morts d\u2019accidents du travail \u00e9tait le plus \u00e9lev\u00e9, avec 3,5 morts pour 100 000 travailleurs. Selon les chiffres de la <\/span><a><span>Dares<\/span><\/a><span>, en 2005, il y a eu 460 accidents du travail mortels, 560 en 2009 et enfin 790 en 2019.<\/span><strong> <\/strong><\/p>\n<p><strong>En l\u2019espace de 15 ans, il y a eu 300 accidents du travail mortels en plus<\/strong><span>. Le secteur de la construction fait partie des secteurs les plus touch\u00e9s.<\/span><\/p>\n<p> accidentdutravail-idf.net vous a pr\u00e9par\u00e9 ce post qui informe du sujet \u00ab\u00a0Association Sportive Huisson-Longueville Essonne\u00a0\u00bb. La chronique se veut g\u00e9n\u00e9r\u00e9e du mieux possible. Vous pouvez utiliser les coordonn\u00e9es indiqu\u00e9es sur le site dans le but d\u2019apporter des explications sur ce post qui parle du th\u00e8me \u00ab\u00a0Association Sportive Huisson-Longueville Essonne\u00a0\u00bb. Le site accidentdutravail-idf.net a pour but de fournir diverses publications sur la th\u00e9matique Association Sportive Huisson-Longueville Essonne diffus\u00e9es sur le net. Il y aura plusieurs articles autour du sujet \u00ab\u00a0Association Sportive Huisson-Longueville Essonne\u00a0\u00bb dans quelques jours, nous vous invitons \u00e0 naviguer sur notre site web \u00e0 plusieurs reprises.<\/p>\n","protected":false},"excerpt":{"rendered":"<p>Un terrible accident du travail s\u2019est produit ce mardi 18 juin en fin de matin\u00e9e sur la commune de Villevieux pr\u00e8s de Lons-le-Saunier dans le Jura. Voici ce que l\u2019on sait. L\u2019alerte a \u00e9t\u00e9 donn\u00e9e peu avant 11 heures au lieu dit Trepet.Sur le chantier de construction d\u2019un hangar m\u00e9tallique pr\u00e8s d\u2019une exploitation agricole, le &hellip; <\/p>\n<p class=\"link-more\"><a href=\"https:\/\/www.accidentdutravail-idf.net\/blog\/ca-sest-passe-en-5-secondes-on-ne-peut-rien-faire-une-grue-seffondre-un-chef-dentreprise-meurt-sur-un-chantier-du-jura\/\" class=\"more-link\">Continuer la lecture <span class=\"screen-reader-text\"> \u00ab\u00a0\u201c\u00c7a s\u2019est pass\u00e9 en 5 secondes, on ne peut rien faire\u201d : une grue s\u2019effondre, un chef d&rsquo;entreprise meurt sur un chantier du Jura\u00a0\u00bb<\/span><\/a><\/p>\n","protected":false},"author":2,"featured_media":0,"comment_status":"closed","ping_status":"closed","sticky":false,"template":"","format":"standard","meta":{"footnotes":""},"categories":[5],"tags":[],"class_list":["post-469","post","type-post","status-publish","format-standard","hentry","category-securite-du-travail-en-ile-de-france-et-divers","entry"],"yoast_head":"<!-- This site is optimized with the Yoast SEO plugin v27.5 - https:\/\/yoast.com\/product\/yoast-seo-wordpress\/ -->\n<title>\u201c\u00c7a s\u2019est pass\u00e9 en 5 secondes, on ne peut rien faire\u201d : une grue s\u2019effondre, un chef d&#039;entreprise meurt sur un chantier du Jura - ACCIDENTDUTRAVAIL-IDF<\/title>\n<meta name=\"description\" content=\"\u201c\u00c7a s\u2019est pass\u00e9 en 5 secondes, on ne peut rien faire\u201d : une grue s\u2019effondre, un chef d&#039;entreprise meurt sur un chantier du Jura article de ACCIDENTDUTRAVAIL-IDF\" \/>\n<meta name=\"robots\" content=\"index, follow, max-snippet:-1, max-image-preview:large, max-video-preview:-1\" \/>\n<link rel=\"canonical\" href=\"https:\/\/www.accidentdutravail-idf.net\/blog\/ca-sest-passe-en-5-secondes-on-ne-peut-rien-faire-une-grue-seffondre-un-chef-dentreprise-meurt-sur-un-chantier-du-jura\/\" \/>\n<meta property=\"og:locale\" content=\"fr_FR\" \/>\n<meta property=\"og:type\" content=\"article\" \/>\n<meta property=\"og:title\" content=\"\u201c\u00c7a s\u2019est pass\u00e9 en 5 secondes, on ne peut rien faire\u201d : une grue s\u2019effondre, un chef d&#039;entreprise meurt sur un chantier du Jura - ACCIDENTDUTRAVAIL-IDF\" \/>\n<meta property=\"og:description\" content=\"\u201c\u00c7a s\u2019est pass\u00e9 en 5 secondes, on ne peut rien faire\u201d : une grue s\u2019effondre, un chef d&#039;entreprise meurt sur un chantier du Jura article de ACCIDENTDUTRAVAIL-IDF\" \/>\n<meta property=\"og:url\" content=\"https:\/\/www.accidentdutravail-idf.net\/blog\/ca-sest-passe-en-5-secondes-on-ne-peut-rien-faire-une-grue-seffondre-un-chef-dentreprise-meurt-sur-un-chantier-du-jura\/\" \/>\n<meta property=\"og:site_name\" content=\"ACCIDENTDUTRAVAIL-IDF\" \/>\n<meta property=\"article:published_time\" content=\"2024-06-18T03:22:00+00:00\" \/>\n<meta property=\"og:image\" content=\"https:\/\/www.accidentdutravail-idf.net\/blog\/wp-content\/uploads\/2024\/06\/ca-sest-passe-en-5-secondes-on-ne-peut-rien-faire-une-grue-seffondre-un-chef-dentreprise-meurt-sur-un-chantier-du-jura.webp\" \/>\n<meta name=\"author\" content=\"Carlos Poulain\" \/>\n<meta name=\"twitter:card\" content=\"summary_large_image\" \/>\n<meta name=\"twitter:label1\" content=\"\u00c9crit par\" \/>\n\t<meta name=\"twitter:data1\" content=\"Carlos Poulain\" \/>\n\t<meta name=\"twitter:label2\" content=\"Dur\u00e9e de lecture estim\u00e9e\" \/>\n\t<meta name=\"twitter:data2\" content=\"3 minutes\" \/>\n<script type=\"application\/ld+json\" class=\"yoast-schema-graph\">{\"@context\":\"https:\\\/\\\/schema.org\",\"@graph\":[{\"@type\":\"Article\",\"@id\":\"https:\\\/\\\/www.accidentdutravail-idf.net\\\/blog\\\/ca-sest-passe-en-5-secondes-on-ne-peut-rien-faire-une-grue-seffondre-un-chef-dentreprise-meurt-sur-un-chantier-du-jura\\\/#article\",\"isPartOf\":{\"@id\":\"https:\\\/\\\/www.accidentdutravail-idf.net\\\/blog\\\/ca-sest-passe-en-5-secondes-on-ne-peut-rien-faire-une-grue-seffondre-un-chef-dentreprise-meurt-sur-un-chantier-du-jura\\\/\"},\"author\":{\"name\":\"Carlos Poulain\",\"@id\":\"https:\\\/\\\/www.accidentdutravail-idf.net\\\/blog\\\/#\\\/schema\\\/person\\\/3255d2f970de45e64bd9201f38e7b947\"},\"headline\":\"\u201c\u00c7a s\u2019est pass\u00e9 en 5 secondes, on ne peut rien faire\u201d : une grue s\u2019effondre, un chef d&rsquo;entreprise meurt sur un chantier du Jura\",\"datePublished\":\"2024-06-18T03:22:00+00:00\",\"mainEntityOfPage\":{\"@id\":\"https:\\\/\\\/www.accidentdutravail-idf.net\\\/blog\\\/ca-sest-passe-en-5-secondes-on-ne-peut-rien-faire-une-grue-seffondre-un-chef-dentreprise-meurt-sur-un-chantier-du-jura\\\/\"},\"wordCount\":646,\"publisher\":{\"@id\":\"https:\\\/\\\/www.accidentdutravail-idf.net\\\/blog\\\/#organization\"},\"image\":{\"@id\":\"https:\\\/\\\/www.accidentdutravail-idf.net\\\/blog\\\/ca-sest-passe-en-5-secondes-on-ne-peut-rien-faire-une-grue-seffondre-un-chef-dentreprise-meurt-sur-un-chantier-du-jura\\\/#primaryimage\"},\"thumbnailUrl\":\"https:\\\/\\\/www.accidentdutravail-idf.net\\\/blog\\\/wp-content\\\/uploads\\\/2024\\\/06\\\/ca-sest-passe-en-5-secondes-on-ne-peut-rien-faire-une-grue-seffondre-un-chef-dentreprise-meurt-sur-un-chantier-du-jura.webp\",\"articleSection\":[\"S\u00e9curit\u00e9 Du Travail En Ile-De-France Et Divers:\"],\"inLanguage\":\"fr-FR\"},{\"@type\":\"WebPage\",\"@id\":\"https:\\\/\\\/www.accidentdutravail-idf.net\\\/blog\\\/ca-sest-passe-en-5-secondes-on-ne-peut-rien-faire-une-grue-seffondre-un-chef-dentreprise-meurt-sur-un-chantier-du-jura\\\/\",\"url\":\"https:\\\/\\\/www.accidentdutravail-idf.net\\\/blog\\\/ca-sest-passe-en-5-secondes-on-ne-peut-rien-faire-une-grue-seffondre-un-chef-dentreprise-meurt-sur-un-chantier-du-jura\\\/\",\"name\":\"\u201c\u00c7a s\u2019est pass\u00e9 en 5 secondes, on ne peut rien faire\u201d : une grue s\u2019effondre, un chef d'entreprise meurt sur un chantier du Jura - ACCIDENTDUTRAVAIL-IDF\",\"isPartOf\":{\"@id\":\"https:\\\/\\\/www.accidentdutravail-idf.net\\\/blog\\\/#website\"},\"primaryImageOfPage\":{\"@id\":\"https:\\\/\\\/www.accidentdutravail-idf.net\\\/blog\\\/ca-sest-passe-en-5-secondes-on-ne-peut-rien-faire-une-grue-seffondre-un-chef-dentreprise-meurt-sur-un-chantier-du-jura\\\/#primaryimage\"},\"image\":{\"@id\":\"https:\\\/\\\/www.accidentdutravail-idf.net\\\/blog\\\/ca-sest-passe-en-5-secondes-on-ne-peut-rien-faire-une-grue-seffondre-un-chef-dentreprise-meurt-sur-un-chantier-du-jura\\\/#primaryimage\"},\"thumbnailUrl\":\"https:\\\/\\\/www.accidentdutravail-idf.net\\\/blog\\\/wp-content\\\/uploads\\\/2024\\\/06\\\/ca-sest-passe-en-5-secondes-on-ne-peut-rien-faire-une-grue-seffondre-un-chef-dentreprise-meurt-sur-un-chantier-du-jura.webp\",\"datePublished\":\"2024-06-18T03:22:00+00:00\",\"description\":\"\u201c\u00c7a s\u2019est pass\u00e9 en 5 secondes, on ne peut rien faire\u201d : une grue s\u2019effondre, un chef d'entreprise meurt sur un chantier du Jura article de ACCIDENTDUTRAVAIL-IDF\",\"breadcrumb\":{\"@id\":\"https:\\\/\\\/www.accidentdutravail-idf.net\\\/blog\\\/ca-sest-passe-en-5-secondes-on-ne-peut-rien-faire-une-grue-seffondre-un-chef-dentreprise-meurt-sur-un-chantier-du-jura\\\/#breadcrumb\"},\"inLanguage\":\"fr-FR\",\"potentialAction\":[{\"@type\":\"ReadAction\",\"target\":[\"https:\\\/\\\/www.accidentdutravail-idf.net\\\/blog\\\/ca-sest-passe-en-5-secondes-on-ne-peut-rien-faire-une-grue-seffondre-un-chef-dentreprise-meurt-sur-un-chantier-du-jura\\\/\"]}]},{\"@type\":\"ImageObject\",\"inLanguage\":\"fr-FR\",\"@id\":\"https:\\\/\\\/www.accidentdutravail-idf.net\\\/blog\\\/ca-sest-passe-en-5-secondes-on-ne-peut-rien-faire-une-grue-seffondre-un-chef-dentreprise-meurt-sur-un-chantier-du-jura\\\/#primaryimage\",\"url\":\"https:\\\/\\\/www.accidentdutravail-idf.net\\\/blog\\\/wp-content\\\/uploads\\\/2024\\\/06\\\/ca-sest-passe-en-5-secondes-on-ne-peut-rien-faire-une-grue-seffondre-un-chef-dentreprise-meurt-sur-un-chantier-du-jura.webp\",\"contentUrl\":\"https:\\\/\\\/www.accidentdutravail-idf.net\\\/blog\\\/wp-content\\\/uploads\\\/2024\\\/06\\\/ca-sest-passe-en-5-secondes-on-ne-peut-rien-faire-une-grue-seffondre-un-chef-dentreprise-meurt-sur-un-chantier-du-jura.webp\"},{\"@type\":\"BreadcrumbList\",\"@id\":\"https:\\\/\\\/www.accidentdutravail-idf.net\\\/blog\\\/ca-sest-passe-en-5-secondes-on-ne-peut-rien-faire-une-grue-seffondre-un-chef-dentreprise-meurt-sur-un-chantier-du-jura\\\/#breadcrumb\",\"itemListElement\":[{\"@type\":\"ListItem\",\"position\":1,\"name\":\"Accueil\",\"item\":\"https:\\\/\\\/www.accidentdutravail-idf.net\\\/blog\\\/\"},{\"@type\":\"ListItem\",\"position\":2,\"name\":\"\u201c\u00c7a s\u2019est pass\u00e9 en 5 secondes, on ne peut rien faire\u201d : une grue s\u2019effondre, un chef d&rsquo;entreprise meurt sur un chantier du Jura\"}]},{\"@type\":\"WebSite\",\"@id\":\"https:\\\/\\\/www.accidentdutravail-idf.net\\\/blog\\\/#website\",\"url\":\"https:\\\/\\\/www.accidentdutravail-idf.net\\\/blog\\\/\",\"name\":\"ACCIDENTDUTRAVAIL-IDF\",\"description\":\"Portail accidents du travail-maladies professionnelles des entreprises d&#039;Ile-de-France\",\"publisher\":{\"@id\":\"https:\\\/\\\/www.accidentdutravail-idf.net\\\/blog\\\/#organization\"},\"potentialAction\":[{\"@type\":\"SearchAction\",\"target\":{\"@type\":\"EntryPoint\",\"urlTemplate\":\"https:\\\/\\\/www.accidentdutravail-idf.net\\\/blog\\\/?s={search_term_string}\"},\"query-input\":{\"@type\":\"PropertyValueSpecification\",\"valueRequired\":true,\"valueName\":\"search_term_string\"}}],\"inLanguage\":\"fr-FR\"},{\"@type\":\"Organization\",\"@id\":\"https:\\\/\\\/www.accidentdutravail-idf.net\\\/blog\\\/#organization\",\"name\":\"accidentdutravail-idf\",\"url\":\"https:\\\/\\\/www.accidentdutravail-idf.net\\\/blog\\\/\",\"logo\":{\"@type\":\"ImageObject\",\"inLanguage\":\"fr-FR\",\"@id\":\"https:\\\/\\\/www.accidentdutravail-idf.net\\\/blog\\\/#\\\/schema\\\/logo\\\/image\\\/\",\"url\":\"https:\\\/\\\/www.accidentdutravail-idf.net\\\/blog\\\/wp-content\\\/uploads\\\/2022\\\/09\\\/logo-2.png\",\"contentUrl\":\"https:\\\/\\\/www.accidentdutravail-idf.net\\\/blog\\\/wp-content\\\/uploads\\\/2022\\\/09\\\/logo-2.png\",\"width\":380,\"height\":291,\"caption\":\"accidentdutravail-idf\"},\"image\":{\"@id\":\"https:\\\/\\\/www.accidentdutravail-idf.net\\\/blog\\\/#\\\/schema\\\/logo\\\/image\\\/\"}},{\"@type\":\"Person\",\"@id\":\"https:\\\/\\\/www.accidentdutravail-idf.net\\\/blog\\\/#\\\/schema\\\/person\\\/3255d2f970de45e64bd9201f38e7b947\",\"name\":\"Carlos Poulain\",\"image\":{\"@type\":\"ImageObject\",\"inLanguage\":\"fr-FR\",\"@id\":\"https:\\\/\\\/secure.gravatar.com\\\/avatar\\\/b1c2f9d3588e34e91adb093635df64ef4b2381991216be7576466cfcdca4baf3?s=96&d=mm&r=g\",\"url\":\"https:\\\/\\\/secure.gravatar.com\\\/avatar\\\/b1c2f9d3588e34e91adb093635df64ef4b2381991216be7576466cfcdca4baf3?s=96&d=mm&r=g\",\"contentUrl\":\"https:\\\/\\\/secure.gravatar.com\\\/avatar\\\/b1c2f9d3588e34e91adb093635df64ef4b2381991216be7576466cfcdca4baf3?s=96&d=mm&r=g\",\"caption\":\"Carlos Poulain\"},\"url\":\"https:\\\/\\\/www.accidentdutravail-idf.net\\\/blog\\\/author\\\/idfcarlos\\\/\"}]}<\/script>\n<!-- \/ Yoast SEO plugin. -->","yoast_head_json":{"title":"\u201c\u00c7a s\u2019est pass\u00e9 en 5 secondes, on ne peut rien faire\u201d : une grue s\u2019effondre, un chef d'entreprise meurt sur un chantier du Jura - ACCIDENTDUTRAVAIL-IDF","description":"\u201c\u00c7a s\u2019est pass\u00e9 en 5 secondes, on ne peut rien faire\u201d : une grue s\u2019effondre, un chef d'entreprise meurt sur un chantier du Jura article de ACCIDENTDUTRAVAIL-IDF","robots":{"index":"index","follow":"follow","max-snippet":"max-snippet:-1","max-image-preview":"max-image-preview:large","max-video-preview":"max-video-preview:-1"},"canonical":"https:\/\/www.accidentdutravail-idf.net\/blog\/ca-sest-passe-en-5-secondes-on-ne-peut-rien-faire-une-grue-seffondre-un-chef-dentreprise-meurt-sur-un-chantier-du-jura\/","og_locale":"fr_FR","og_type":"article","og_title":"\u201c\u00c7a s\u2019est pass\u00e9 en 5 secondes, on ne peut rien faire\u201d : une grue s\u2019effondre, un chef d'entreprise meurt sur un chantier du Jura - ACCIDENTDUTRAVAIL-IDF","og_description":"\u201c\u00c7a s\u2019est pass\u00e9 en 5 secondes, on ne peut rien faire\u201d : une grue s\u2019effondre, un chef d'entreprise meurt sur un chantier du Jura article de ACCIDENTDUTRAVAIL-IDF","og_url":"https:\/\/www.accidentdutravail-idf.net\/blog\/ca-sest-passe-en-5-secondes-on-ne-peut-rien-faire-une-grue-seffondre-un-chef-dentreprise-meurt-sur-un-chantier-du-jura\/","og_site_name":"ACCIDENTDUTRAVAIL-IDF","article_published_time":"2024-06-18T03:22:00+00:00","og_image":[{"url":"https:\/\/www.accidentdutravail-idf.net\/blog\/wp-content\/uploads\/2024\/06\/ca-sest-passe-en-5-secondes-on-ne-peut-rien-faire-une-grue-seffondre-un-chef-dentreprise-meurt-sur-un-chantier-du-jura.webp","type":"","width":"","height":""}],"author":"Carlos Poulain","twitter_card":"summary_large_image","twitter_misc":{"\u00c9crit par":"Carlos Poulain","Dur\u00e9e de lecture estim\u00e9e":"3 minutes"},"schema":{"@context":"https:\/\/schema.org","@graph":[{"@type":"Article","@id":"https:\/\/www.accidentdutravail-idf.net\/blog\/ca-sest-passe-en-5-secondes-on-ne-peut-rien-faire-une-grue-seffondre-un-chef-dentreprise-meurt-sur-un-chantier-du-jura\/#article","isPartOf":{"@id":"https:\/\/www.accidentdutravail-idf.net\/blog\/ca-sest-passe-en-5-secondes-on-ne-peut-rien-faire-une-grue-seffondre-un-chef-dentreprise-meurt-sur-un-chantier-du-jura\/"},"author":{"name":"Carlos Poulain","@id":"https:\/\/www.accidentdutravail-idf.net\/blog\/#\/schema\/person\/3255d2f970de45e64bd9201f38e7b947"},"headline":"\u201c\u00c7a s\u2019est pass\u00e9 en 5 secondes, on ne peut rien faire\u201d : une grue s\u2019effondre, un chef d&rsquo;entreprise meurt sur un chantier du Jura","datePublished":"2024-06-18T03:22:00+00:00","mainEntityOfPage":{"@id":"https:\/\/www.accidentdutravail-idf.net\/blog\/ca-sest-passe-en-5-secondes-on-ne-peut-rien-faire-une-grue-seffondre-un-chef-dentreprise-meurt-sur-un-chantier-du-jura\/"},"wordCount":646,"publisher":{"@id":"https:\/\/www.accidentdutravail-idf.net\/blog\/#organization"},"image":{"@id":"https:\/\/www.accidentdutravail-idf.net\/blog\/ca-sest-passe-en-5-secondes-on-ne-peut-rien-faire-une-grue-seffondre-un-chef-dentreprise-meurt-sur-un-chantier-du-jura\/#primaryimage"},"thumbnailUrl":"https:\/\/www.accidentdutravail-idf.net\/blog\/wp-content\/uploads\/2024\/06\/ca-sest-passe-en-5-secondes-on-ne-peut-rien-faire-une-grue-seffondre-un-chef-dentreprise-meurt-sur-un-chantier-du-jura.webp","articleSection":["S\u00e9curit\u00e9 Du Travail En Ile-De-France Et Divers:"],"inLanguage":"fr-FR"},{"@type":"WebPage","@id":"https:\/\/www.accidentdutravail-idf.net\/blog\/ca-sest-passe-en-5-secondes-on-ne-peut-rien-faire-une-grue-seffondre-un-chef-dentreprise-meurt-sur-un-chantier-du-jura\/","url":"https:\/\/www.accidentdutravail-idf.net\/blog\/ca-sest-passe-en-5-secondes-on-ne-peut-rien-faire-une-grue-seffondre-un-chef-dentreprise-meurt-sur-un-chantier-du-jura\/","name":"\u201c\u00c7a s\u2019est pass\u00e9 en 5 secondes, on ne peut rien faire\u201d : une grue s\u2019effondre, un chef d'entreprise meurt sur un chantier du Jura - ACCIDENTDUTRAVAIL-IDF","isPartOf":{"@id":"https:\/\/www.accidentdutravail-idf.net\/blog\/#website"},"primaryImageOfPage":{"@id":"https:\/\/www.accidentdutravail-idf.net\/blog\/ca-sest-passe-en-5-secondes-on-ne-peut-rien-faire-une-grue-seffondre-un-chef-dentreprise-meurt-sur-un-chantier-du-jura\/#primaryimage"},"image":{"@id":"https:\/\/www.accidentdutravail-idf.net\/blog\/ca-sest-passe-en-5-secondes-on-ne-peut-rien-faire-une-grue-seffondre-un-chef-dentreprise-meurt-sur-un-chantier-du-jura\/#primaryimage"},"thumbnailUrl":"https:\/\/www.accidentdutravail-idf.net\/blog\/wp-content\/uploads\/2024\/06\/ca-sest-passe-en-5-secondes-on-ne-peut-rien-faire-une-grue-seffondre-un-chef-dentreprise-meurt-sur-un-chantier-du-jura.webp","datePublished":"2024-06-18T03:22:00+00:00","description":"\u201c\u00c7a s\u2019est pass\u00e9 en 5 secondes, on ne peut rien faire\u201d : une grue s\u2019effondre, un chef d'entreprise meurt sur un chantier du Jura article de ACCIDENTDUTRAVAIL-IDF","breadcrumb":{"@id":"https:\/\/www.accidentdutravail-idf.net\/blog\/ca-sest-passe-en-5-secondes-on-ne-peut-rien-faire-une-grue-seffondre-un-chef-dentreprise-meurt-sur-un-chantier-du-jura\/#breadcrumb"},"inLanguage":"fr-FR","potentialAction":[{"@type":"ReadAction","target":["https:\/\/www.accidentdutravail-idf.net\/blog\/ca-sest-passe-en-5-secondes-on-ne-peut-rien-faire-une-grue-seffondre-un-chef-dentreprise-meurt-sur-un-chantier-du-jura\/"]}]},{"@type":"ImageObject","inLanguage":"fr-FR","@id":"https:\/\/www.accidentdutravail-idf.net\/blog\/ca-sest-passe-en-5-secondes-on-ne-peut-rien-faire-une-grue-seffondre-un-chef-dentreprise-meurt-sur-un-chantier-du-jura\/#primaryimage","url":"https:\/\/www.accidentdutravail-idf.net\/blog\/wp-content\/uploads\/2024\/06\/ca-sest-passe-en-5-secondes-on-ne-peut-rien-faire-une-grue-seffondre-un-chef-dentreprise-meurt-sur-un-chantier-du-jura.webp","contentUrl":"https:\/\/www.accidentdutravail-idf.net\/blog\/wp-content\/uploads\/2024\/06\/ca-sest-passe-en-5-secondes-on-ne-peut-rien-faire-une-grue-seffondre-un-chef-dentreprise-meurt-sur-un-chantier-du-jura.webp"},{"@type":"BreadcrumbList","@id":"https:\/\/www.accidentdutravail-idf.net\/blog\/ca-sest-passe-en-5-secondes-on-ne-peut-rien-faire-une-grue-seffondre-un-chef-dentreprise-meurt-sur-un-chantier-du-jura\/#breadcrumb","itemListElement":[{"@type":"ListItem","position":1,"name":"Accueil","item":"https:\/\/www.accidentdutravail-idf.net\/blog\/"},{"@type":"ListItem","position":2,"name":"\u201c\u00c7a s\u2019est pass\u00e9 en 5 secondes, on ne peut rien faire\u201d : une grue s\u2019effondre, un chef d&rsquo;entreprise meurt sur un chantier du Jura"}]},{"@type":"WebSite","@id":"https:\/\/www.accidentdutravail-idf.net\/blog\/#website","url":"https:\/\/www.accidentdutravail-idf.net\/blog\/","name":"ACCIDENTDUTRAVAIL-IDF","description":"Portail accidents du travail-maladies professionnelles des entreprises d&#039;Ile-de-France","publisher":{"@id":"https:\/\/www.accidentdutravail-idf.net\/blog\/#organization"},"potentialAction":[{"@type":"SearchAction","target":{"@type":"EntryPoint","urlTemplate":"https:\/\/www.accidentdutravail-idf.net\/blog\/?s={search_term_string}"},"query-input":{"@type":"PropertyValueSpecification","valueRequired":true,"valueName":"search_term_string"}}],"inLanguage":"fr-FR"},{"@type":"Organization","@id":"https:\/\/www.accidentdutravail-idf.net\/blog\/#organization","name":"accidentdutravail-idf","url":"https:\/\/www.accidentdutravail-idf.net\/blog\/","logo":{"@type":"ImageObject","inLanguage":"fr-FR","@id":"https:\/\/www.accidentdutravail-idf.net\/blog\/#\/schema\/logo\/image\/","url":"https:\/\/www.accidentdutravail-idf.net\/blog\/wp-content\/uploads\/2022\/09\/logo-2.png","contentUrl":"https:\/\/www.accidentdutravail-idf.net\/blog\/wp-content\/uploads\/2022\/09\/logo-2.png","width":380,"height":291,"caption":"accidentdutravail-idf"},"image":{"@id":"https:\/\/www.accidentdutravail-idf.net\/blog\/#\/schema\/logo\/image\/"}},{"@type":"Person","@id":"https:\/\/www.accidentdutravail-idf.net\/blog\/#\/schema\/person\/3255d2f970de45e64bd9201f38e7b947","name":"Carlos Poulain","image":{"@type":"ImageObject","inLanguage":"fr-FR","@id":"https:\/\/secure.gravatar.com\/avatar\/b1c2f9d3588e34e91adb093635df64ef4b2381991216be7576466cfcdca4baf3?s=96&d=mm&r=g","url":"https:\/\/secure.gravatar.com\/avatar\/b1c2f9d3588e34e91adb093635df64ef4b2381991216be7576466cfcdca4baf3?s=96&d=mm&r=g","contentUrl":"https:\/\/secure.gravatar.com\/avatar\/b1c2f9d3588e34e91adb093635df64ef4b2381991216be7576466cfcdca4baf3?s=96&d=mm&r=g","caption":"Carlos Poulain"},"url":"https:\/\/www.accidentdutravail-idf.net\/blog\/author\/idfcarlos\/"}]}},"_links":{"self":[{"href":"https:\/\/www.accidentdutravail-idf.net\/blog\/wp-json\/wp\/v2\/posts\/469","targetHints":{"allow":["GET"]}}],"collection":[{"href":"https:\/\/www.accidentdutravail-idf.net\/blog\/wp-json\/wp\/v2\/posts"}],"about":[{"href":"https:\/\/www.accidentdutravail-idf.net\/blog\/wp-json\/wp\/v2\/types\/post"}],"author":[{"embeddable":true,"href":"https:\/\/www.accidentdutravail-idf.net\/blog\/wp-json\/wp\/v2\/users\/2"}],"replies":[{"embeddable":true,"href":"https:\/\/www.accidentdutravail-idf.net\/blog\/wp-json\/wp\/v2\/comments?post=469"}],"version-history":[{"count":0,"href":"https:\/\/www.accidentdutravail-idf.net\/blog\/wp-json\/wp\/v2\/posts\/469\/revisions"}],"wp:attachment":[{"href":"https:\/\/www.accidentdutravail-idf.net\/blog\/wp-json\/wp\/v2\/media?parent=469"}],"wp:term":[{"taxonomy":"category","embeddable":true,"href":"https:\/\/www.accidentdutravail-idf.net\/blog\/wp-json\/wp\/v2\/categories?post=469"},{"taxonomy":"post_tag","embeddable":true,"href":"https:\/\/www.accidentdutravail-idf.net\/blog\/wp-json\/wp\/v2\/tags?post=469"}],"curies":[{"name":"wp","href":"https:\/\/api.w.org\/{rel}","templated":true}]}}