{"id":468,"date":"2024-06-17T19:00:00","date_gmt":"2024-06-17T17:00:00","guid":{"rendered":"https:\/\/www.accidentdutravail-idf.net\/blog\/toulouse-accident-du-travail-un-ouvrier-chute-de-7-m-dans-une-cuve-sur-un-chantier\/"},"modified":"2024-06-17T19:00:00","modified_gmt":"2024-06-17T17:00:00","slug":"toulouse-accident-du-travail-un-ouvrier-chute-de-7-m-dans-une-cuve-sur-un-chantier","status":"publish","type":"post","link":"https:\/\/www.accidentdutravail-idf.net\/blog\/toulouse-accident-du-travail-un-ouvrier-chute-de-7-m-dans-une-cuve-sur-un-chantier\/","title":{"rendered":"Toulouse. Accident du travail : un ouvrier chute de 7 m dans une cuve sur un chantier"},"content":{"rendered":"<div><img decoding=\"async\" src=\"https:\/\/www.accidentdutravail-idf.net\/blog\/wp-content\/uploads\/2024\/06\/toulouse-accident-du-travail-un-ouvrier-chute-de-7-m-dans-une-cuve-sur-un-chantier.jpg\" class=\"ff-og-image-inserted\"><\/div>\n<div class=\"ac-article-date\"> Par <strong> <a href=\"https:\/\/actu.fr\/auteur\/melina-lecorre\" title=\"Consulter tous les articles de M\u00e9lina Le Corre\" rel=\"nofollow\" target=\"_blank\">M\u00e9lina Le Corre<\/a> <\/strong> <span> Publi\u00e9 le  18 juin 2024 \u00e0 12h16  ; mis \u00e0 jour le 18 juin 2024 \u00e0 12h17 <\/span>\n<\/div>\n<div class=\"ac-article-follow\"> <a href=\"https:\/\/actu.fr\/mon-actu\" class=\"ac-article-follow__link\" rel=\"nofollow\" data-trk=\"{&quot;cta&quot;:{&quot;action&quot;:&quot;https:\\\/\\\/actu.fr\\\/mon-actu&quot;,&quot;category&quot;:&quot;mon compte&quot;,&quot;from&quot;:&quot;article header&quot;,&quot;name&quot;:&quot;Voir mon actu&quot;,&quot;type&quot;:&quot;cta&quot;}}\" target=\"_blank\">Voir mon actu<\/a> <button type=\"button\" class=\"ac-btn ac-btn--mini ac-btn--blue ac-icon--star-empty\" data-follow=\"Suivre Actu Toulouse\" data-unfollow=\"Retirer\">Suivre Actu Toulouse<\/button>\n<\/div>\n<p>Dans la matin\u00e9e du <strong>mardi 18 juin 2024<\/strong>, les sapeurs-pompiers sont intervenus pour une op\u00e9ration p\u00e9rilleuse. Un homme est tomb\u00e9 dans une <strong>cuve en chantier<\/strong>, au 60 chemin des cotes de Pech David \u00e0 <a href=\"https:\/\/actu.fr\/toulouse\/\" target=\"_blank\" rel=\"nofollow\">Toulouse<\/a>, d\u2019apr\u00e8s les informations du SDIS 31 (Service d\u00e9partemental d\u2019incendie et secours).&nbsp;<\/p>\n<figure class=\"ac-embed ac-embed--google\" data-provider=\"google\" data-cmp-purpose=\"embedInfographie\">\n<\/figure>\n<h2>Une cuve de 7 m\u00e8tres de haut<\/h2>\n<p>La victime est \u00ab&nbsp;<strong>tomb\u00e9e dans une cuve<\/strong> d\u2019une hauteur de <strong>7 m\u00e8tres&nbsp;\u00bb,<\/strong> d\u00e9taillent les sapeurs-pompiers du SDIS 31. Il s\u2019agissait d\u2019un ouvrier qui travaillait sur le chantier.<\/p>\n<h2>\u00c9vacu\u00e9 \u00e0 l\u2019aide d\u2019une grue<\/h2>\n<p>\u00c2g\u00e9 de 40 ans, l\u2019homme a \u00e9t\u00e9 \u00e9vacu\u00e9 par les pompiers du SMPM (Secours en milieu p\u00e9rilleux et montagne) au moyen d\u2019une <strong>grue<\/strong>.<\/p>\n<p>Apr\u00e8s bilan m\u00e9dical, il a ensuite \u00e9t\u00e9 transport\u00e9 sur un centre hospitalier de la Ville rose \u00ab&nbsp;en urgence relative&nbsp;\u00bb, ajoutent les secours dans leur compte-rendu.&nbsp;<\/p>\n<p><em>Plus d\u2019informations \u00e0 suivre.<\/em><\/p>\n<p><i>Suivez toute l\u2019actualit\u00e9 de vos villes et m\u00e9dias favoris en vous inscrivant \u00e0 <a href=\"https:\/\/moncompte.actu.fr\" title=\"D\u00e9couvez Mon Actu\" rel=\"nofollow\" data-trk=\"{&quot;cta&quot;:{&quot;action&quot;:&quot;https:\\\/\\\/moncompte.actu.fr&quot;,&quot;category&quot;:&quot;mon compte&quot;,&quot;from&quot;:&quot;article footer&quot;,&quot;name&quot;:&quot;Mon actu&quot;,&quot;type&quot;:&quot;cta&quot;}}\" target=\"_blank\">Mon Actu<\/a>.<\/i><\/p>\n<p> accidentdutravail-idf.net vous a pr\u00e9par\u00e9 ce post qui informe du sujet \u00ab\u00a0Association Sportive Huisson-Longueville Essonne\u00a0\u00bb. La chronique se veut g\u00e9n\u00e9r\u00e9e du mieux possible. Vous pouvez utiliser les coordonn\u00e9es indiqu\u00e9es sur le site dans le but d\u2019apporter des explications sur ce post qui parle du th\u00e8me \u00ab\u00a0Association Sportive Huisson-Longueville Essonne\u00a0\u00bb. Le site accidentdutravail-idf.net a pour but de fournir diverses publications sur la th\u00e9matique Association Sportive Huisson-Longueville Essonne diffus\u00e9es sur le net. Il y aura plusieurs articles autour du sujet \u00ab\u00a0Association Sportive Huisson-Longueville Essonne\u00a0\u00bb dans quelques jours, nous vous invitons \u00e0 naviguer sur notre site web \u00e0 plusieurs reprises.<\/p>\n","protected":false},"excerpt":{"rendered":"<p>Par M\u00e9lina Le Corre Publi\u00e9 le 18 juin 2024 \u00e0 12h16 ; mis \u00e0 jour le 18 juin 2024 \u00e0 12h17 Voir mon actu Suivre Actu Toulouse Dans la matin\u00e9e du mardi 18 juin 2024, les sapeurs-pompiers sont intervenus pour une op\u00e9ration p\u00e9rilleuse. Un homme est tomb\u00e9 dans une cuve en chantier, au 60 chemin &hellip; <\/p>\n<p class=\"link-more\"><a href=\"https:\/\/www.accidentdutravail-idf.net\/blog\/toulouse-accident-du-travail-un-ouvrier-chute-de-7-m-dans-une-cuve-sur-un-chantier\/\" class=\"more-link\">Continuer la lecture <span class=\"screen-reader-text\"> \u00ab\u00a0Toulouse. Accident du travail : un ouvrier chute de 7 m dans une cuve sur un chantier\u00a0\u00bb<\/span><\/a><\/p>\n","protected":false},"author":2,"featured_media":0,"comment_status":"closed","ping_status":"closed","sticky":false,"template":"","format":"standard","meta":{"footnotes":""},"categories":[5],"tags":[],"class_list":["post-468","post","type-post","status-publish","format-standard","hentry","category-securite-du-travail-en-ile-de-france-et-divers","entry"],"yoast_head":"<!-- This site is optimized with the Yoast SEO plugin v27.5 - https:\/\/yoast.com\/product\/yoast-seo-wordpress\/ -->\n<title>Toulouse. Accident du travail : un ouvrier chute de 7 m dans une cuve sur un chantier - ACCIDENTDUTRAVAIL-IDF<\/title>\n<meta name=\"description\" content=\"Toulouse. Accident du travail : un ouvrier chute de 7 m dans une cuve sur un chantier article de ACCIDENTDUTRAVAIL-IDF\" \/>\n<meta name=\"robots\" content=\"index, follow, max-snippet:-1, max-image-preview:large, max-video-preview:-1\" \/>\n<link rel=\"canonical\" href=\"https:\/\/www.accidentdutravail-idf.net\/blog\/toulouse-accident-du-travail-un-ouvrier-chute-de-7-m-dans-une-cuve-sur-un-chantier\/\" \/>\n<meta property=\"og:locale\" content=\"fr_FR\" \/>\n<meta property=\"og:type\" content=\"article\" \/>\n<meta property=\"og:title\" content=\"Toulouse. Accident du travail : un ouvrier chute de 7 m dans une cuve sur un chantier - ACCIDENTDUTRAVAIL-IDF\" \/>\n<meta property=\"og:description\" content=\"Toulouse. Accident du travail : un ouvrier chute de 7 m dans une cuve sur un chantier article de ACCIDENTDUTRAVAIL-IDF\" \/>\n<meta property=\"og:url\" content=\"https:\/\/www.accidentdutravail-idf.net\/blog\/toulouse-accident-du-travail-un-ouvrier-chute-de-7-m-dans-une-cuve-sur-un-chantier\/\" \/>\n<meta property=\"og:site_name\" content=\"ACCIDENTDUTRAVAIL-IDF\" \/>\n<meta property=\"article:published_time\" content=\"2024-06-17T17:00:00+00:00\" \/>\n<meta property=\"og:image\" content=\"https:\/\/www.accidentdutravail-idf.net\/blog\/wp-content\/uploads\/2024\/06\/toulouse-accident-du-travail-un-ouvrier-chute-de-7-m-dans-une-cuve-sur-un-chantier.jpg\" \/>\n<meta name=\"author\" content=\"Carlos Poulain\" \/>\n<meta name=\"twitter:card\" content=\"summary_large_image\" \/>\n<meta name=\"twitter:label1\" content=\"\u00c9crit par\" \/>\n\t<meta name=\"twitter:data1\" content=\"Carlos Poulain\" \/>\n\t<meta name=\"twitter:label2\" content=\"Dur\u00e9e de lecture estim\u00e9e\" \/>\n\t<meta name=\"twitter:data2\" content=\"1 minute\" \/>\n<script type=\"application\/ld+json\" class=\"yoast-schema-graph\">{\"@context\":\"https:\\\/\\\/schema.org\",\"@graph\":[{\"@type\":\"Article\",\"@id\":\"https:\\\/\\\/www.accidentdutravail-idf.net\\\/blog\\\/toulouse-accident-du-travail-un-ouvrier-chute-de-7-m-dans-une-cuve-sur-un-chantier\\\/#article\",\"isPartOf\":{\"@id\":\"https:\\\/\\\/www.accidentdutravail-idf.net\\\/blog\\\/toulouse-accident-du-travail-un-ouvrier-chute-de-7-m-dans-une-cuve-sur-un-chantier\\\/\"},\"author\":{\"name\":\"Carlos Poulain\",\"@id\":\"https:\\\/\\\/www.accidentdutravail-idf.net\\\/blog\\\/#\\\/schema\\\/person\\\/3255d2f970de45e64bd9201f38e7b947\"},\"headline\":\"Toulouse. Accident du travail : un ouvrier chute de 7 m dans une cuve sur un chantier\",\"datePublished\":\"2024-06-17T17:00:00+00:00\",\"mainEntityOfPage\":{\"@id\":\"https:\\\/\\\/www.accidentdutravail-idf.net\\\/blog\\\/toulouse-accident-du-travail-un-ouvrier-chute-de-7-m-dans-une-cuve-sur-un-chantier\\\/\"},\"wordCount\":311,\"publisher\":{\"@id\":\"https:\\\/\\\/www.accidentdutravail-idf.net\\\/blog\\\/#organization\"},\"image\":{\"@id\":\"https:\\\/\\\/www.accidentdutravail-idf.net\\\/blog\\\/toulouse-accident-du-travail-un-ouvrier-chute-de-7-m-dans-une-cuve-sur-un-chantier\\\/#primaryimage\"},\"thumbnailUrl\":\"https:\\\/\\\/www.accidentdutravail-idf.net\\\/blog\\\/wp-content\\\/uploads\\\/2024\\\/06\\\/toulouse-accident-du-travail-un-ouvrier-chute-de-7-m-dans-une-cuve-sur-un-chantier.jpg\",\"articleSection\":[\"S\u00e9curit\u00e9 Du Travail En Ile-De-France Et Divers:\"],\"inLanguage\":\"fr-FR\"},{\"@type\":\"WebPage\",\"@id\":\"https:\\\/\\\/www.accidentdutravail-idf.net\\\/blog\\\/toulouse-accident-du-travail-un-ouvrier-chute-de-7-m-dans-une-cuve-sur-un-chantier\\\/\",\"url\":\"https:\\\/\\\/www.accidentdutravail-idf.net\\\/blog\\\/toulouse-accident-du-travail-un-ouvrier-chute-de-7-m-dans-une-cuve-sur-un-chantier\\\/\",\"name\":\"Toulouse. Accident du travail : un ouvrier chute de 7 m dans une cuve sur un chantier - ACCIDENTDUTRAVAIL-IDF\",\"isPartOf\":{\"@id\":\"https:\\\/\\\/www.accidentdutravail-idf.net\\\/blog\\\/#website\"},\"primaryImageOfPage\":{\"@id\":\"https:\\\/\\\/www.accidentdutravail-idf.net\\\/blog\\\/toulouse-accident-du-travail-un-ouvrier-chute-de-7-m-dans-une-cuve-sur-un-chantier\\\/#primaryimage\"},\"image\":{\"@id\":\"https:\\\/\\\/www.accidentdutravail-idf.net\\\/blog\\\/toulouse-accident-du-travail-un-ouvrier-chute-de-7-m-dans-une-cuve-sur-un-chantier\\\/#primaryimage\"},\"thumbnailUrl\":\"https:\\\/\\\/www.accidentdutravail-idf.net\\\/blog\\\/wp-content\\\/uploads\\\/2024\\\/06\\\/toulouse-accident-du-travail-un-ouvrier-chute-de-7-m-dans-une-cuve-sur-un-chantier.jpg\",\"datePublished\":\"2024-06-17T17:00:00+00:00\",\"description\":\"Toulouse. Accident du travail : un ouvrier chute de 7 m dans une cuve sur un chantier article de ACCIDENTDUTRAVAIL-IDF\",\"breadcrumb\":{\"@id\":\"https:\\\/\\\/www.accidentdutravail-idf.net\\\/blog\\\/toulouse-accident-du-travail-un-ouvrier-chute-de-7-m-dans-une-cuve-sur-un-chantier\\\/#breadcrumb\"},\"inLanguage\":\"fr-FR\",\"potentialAction\":[{\"@type\":\"ReadAction\",\"target\":[\"https:\\\/\\\/www.accidentdutravail-idf.net\\\/blog\\\/toulouse-accident-du-travail-un-ouvrier-chute-de-7-m-dans-une-cuve-sur-un-chantier\\\/\"]}]},{\"@type\":\"ImageObject\",\"inLanguage\":\"fr-FR\",\"@id\":\"https:\\\/\\\/www.accidentdutravail-idf.net\\\/blog\\\/toulouse-accident-du-travail-un-ouvrier-chute-de-7-m-dans-une-cuve-sur-un-chantier\\\/#primaryimage\",\"url\":\"https:\\\/\\\/www.accidentdutravail-idf.net\\\/blog\\\/wp-content\\\/uploads\\\/2024\\\/06\\\/toulouse-accident-du-travail-un-ouvrier-chute-de-7-m-dans-une-cuve-sur-un-chantier.jpg\",\"contentUrl\":\"https:\\\/\\\/www.accidentdutravail-idf.net\\\/blog\\\/wp-content\\\/uploads\\\/2024\\\/06\\\/toulouse-accident-du-travail-un-ouvrier-chute-de-7-m-dans-une-cuve-sur-un-chantier.jpg\"},{\"@type\":\"BreadcrumbList\",\"@id\":\"https:\\\/\\\/www.accidentdutravail-idf.net\\\/blog\\\/toulouse-accident-du-travail-un-ouvrier-chute-de-7-m-dans-une-cuve-sur-un-chantier\\\/#breadcrumb\",\"itemListElement\":[{\"@type\":\"ListItem\",\"position\":1,\"name\":\"Accueil\",\"item\":\"https:\\\/\\\/www.accidentdutravail-idf.net\\\/blog\\\/\"},{\"@type\":\"ListItem\",\"position\":2,\"name\":\"Toulouse. Accident du travail : un ouvrier chute de 7 m dans une cuve sur un chantier\"}]},{\"@type\":\"WebSite\",\"@id\":\"https:\\\/\\\/www.accidentdutravail-idf.net\\\/blog\\\/#website\",\"url\":\"https:\\\/\\\/www.accidentdutravail-idf.net\\\/blog\\\/\",\"name\":\"ACCIDENTDUTRAVAIL-IDF\",\"description\":\"Portail accidents du travail-maladies professionnelles des entreprises d&#039;Ile-de-France\",\"publisher\":{\"@id\":\"https:\\\/\\\/www.accidentdutravail-idf.net\\\/blog\\\/#organization\"},\"potentialAction\":[{\"@type\":\"SearchAction\",\"target\":{\"@type\":\"EntryPoint\",\"urlTemplate\":\"https:\\\/\\\/www.accidentdutravail-idf.net\\\/blog\\\/?s={search_term_string}\"},\"query-input\":{\"@type\":\"PropertyValueSpecification\",\"valueRequired\":true,\"valueName\":\"search_term_string\"}}],\"inLanguage\":\"fr-FR\"},{\"@type\":\"Organization\",\"@id\":\"https:\\\/\\\/www.accidentdutravail-idf.net\\\/blog\\\/#organization\",\"name\":\"accidentdutravail-idf\",\"url\":\"https:\\\/\\\/www.accidentdutravail-idf.net\\\/blog\\\/\",\"logo\":{\"@type\":\"ImageObject\",\"inLanguage\":\"fr-FR\",\"@id\":\"https:\\\/\\\/www.accidentdutravail-idf.net\\\/blog\\\/#\\\/schema\\\/logo\\\/image\\\/\",\"url\":\"https:\\\/\\\/www.accidentdutravail-idf.net\\\/blog\\\/wp-content\\\/uploads\\\/2022\\\/09\\\/logo-2.png\",\"contentUrl\":\"https:\\\/\\\/www.accidentdutravail-idf.net\\\/blog\\\/wp-content\\\/uploads\\\/2022\\\/09\\\/logo-2.png\",\"width\":380,\"height\":291,\"caption\":\"accidentdutravail-idf\"},\"image\":{\"@id\":\"https:\\\/\\\/www.accidentdutravail-idf.net\\\/blog\\\/#\\\/schema\\\/logo\\\/image\\\/\"}},{\"@type\":\"Person\",\"@id\":\"https:\\\/\\\/www.accidentdutravail-idf.net\\\/blog\\\/#\\\/schema\\\/person\\\/3255d2f970de45e64bd9201f38e7b947\",\"name\":\"Carlos Poulain\",\"image\":{\"@type\":\"ImageObject\",\"inLanguage\":\"fr-FR\",\"@id\":\"https:\\\/\\\/secure.gravatar.com\\\/avatar\\\/b1c2f9d3588e34e91adb093635df64ef4b2381991216be7576466cfcdca4baf3?s=96&d=mm&r=g\",\"url\":\"https:\\\/\\\/secure.gravatar.com\\\/avatar\\\/b1c2f9d3588e34e91adb093635df64ef4b2381991216be7576466cfcdca4baf3?s=96&d=mm&r=g\",\"contentUrl\":\"https:\\\/\\\/secure.gravatar.com\\\/avatar\\\/b1c2f9d3588e34e91adb093635df64ef4b2381991216be7576466cfcdca4baf3?s=96&d=mm&r=g\",\"caption\":\"Carlos Poulain\"},\"url\":\"https:\\\/\\\/www.accidentdutravail-idf.net\\\/blog\\\/author\\\/idfcarlos\\\/\"}]}<\/script>\n<!-- \/ Yoast SEO plugin. -->","yoast_head_json":{"title":"Toulouse. Accident du travail : un ouvrier chute de 7 m dans une cuve sur un chantier - ACCIDENTDUTRAVAIL-IDF","description":"Toulouse. Accident du travail : un ouvrier chute de 7 m dans une cuve sur un chantier article de ACCIDENTDUTRAVAIL-IDF","robots":{"index":"index","follow":"follow","max-snippet":"max-snippet:-1","max-image-preview":"max-image-preview:large","max-video-preview":"max-video-preview:-1"},"canonical":"https:\/\/www.accidentdutravail-idf.net\/blog\/toulouse-accident-du-travail-un-ouvrier-chute-de-7-m-dans-une-cuve-sur-un-chantier\/","og_locale":"fr_FR","og_type":"article","og_title":"Toulouse. Accident du travail : un ouvrier chute de 7 m dans une cuve sur un chantier - ACCIDENTDUTRAVAIL-IDF","og_description":"Toulouse. Accident du travail : un ouvrier chute de 7 m dans une cuve sur un chantier article de ACCIDENTDUTRAVAIL-IDF","og_url":"https:\/\/www.accidentdutravail-idf.net\/blog\/toulouse-accident-du-travail-un-ouvrier-chute-de-7-m-dans-une-cuve-sur-un-chantier\/","og_site_name":"ACCIDENTDUTRAVAIL-IDF","article_published_time":"2024-06-17T17:00:00+00:00","og_image":[{"url":"https:\/\/www.accidentdutravail-idf.net\/blog\/wp-content\/uploads\/2024\/06\/toulouse-accident-du-travail-un-ouvrier-chute-de-7-m-dans-une-cuve-sur-un-chantier.jpg","type":"","width":"","height":""}],"author":"Carlos Poulain","twitter_card":"summary_large_image","twitter_misc":{"\u00c9crit par":"Carlos Poulain","Dur\u00e9e de lecture estim\u00e9e":"1 minute"},"schema":{"@context":"https:\/\/schema.org","@graph":[{"@type":"Article","@id":"https:\/\/www.accidentdutravail-idf.net\/blog\/toulouse-accident-du-travail-un-ouvrier-chute-de-7-m-dans-une-cuve-sur-un-chantier\/#article","isPartOf":{"@id":"https:\/\/www.accidentdutravail-idf.net\/blog\/toulouse-accident-du-travail-un-ouvrier-chute-de-7-m-dans-une-cuve-sur-un-chantier\/"},"author":{"name":"Carlos Poulain","@id":"https:\/\/www.accidentdutravail-idf.net\/blog\/#\/schema\/person\/3255d2f970de45e64bd9201f38e7b947"},"headline":"Toulouse. Accident du travail : un ouvrier chute de 7 m dans une cuve sur un chantier","datePublished":"2024-06-17T17:00:00+00:00","mainEntityOfPage":{"@id":"https:\/\/www.accidentdutravail-idf.net\/blog\/toulouse-accident-du-travail-un-ouvrier-chute-de-7-m-dans-une-cuve-sur-un-chantier\/"},"wordCount":311,"publisher":{"@id":"https:\/\/www.accidentdutravail-idf.net\/blog\/#organization"},"image":{"@id":"https:\/\/www.accidentdutravail-idf.net\/blog\/toulouse-accident-du-travail-un-ouvrier-chute-de-7-m-dans-une-cuve-sur-un-chantier\/#primaryimage"},"thumbnailUrl":"https:\/\/www.accidentdutravail-idf.net\/blog\/wp-content\/uploads\/2024\/06\/toulouse-accident-du-travail-un-ouvrier-chute-de-7-m-dans-une-cuve-sur-un-chantier.jpg","articleSection":["S\u00e9curit\u00e9 Du Travail En Ile-De-France Et Divers:"],"inLanguage":"fr-FR"},{"@type":"WebPage","@id":"https:\/\/www.accidentdutravail-idf.net\/blog\/toulouse-accident-du-travail-un-ouvrier-chute-de-7-m-dans-une-cuve-sur-un-chantier\/","url":"https:\/\/www.accidentdutravail-idf.net\/blog\/toulouse-accident-du-travail-un-ouvrier-chute-de-7-m-dans-une-cuve-sur-un-chantier\/","name":"Toulouse. Accident du travail : un ouvrier chute de 7 m dans une cuve sur un chantier - ACCIDENTDUTRAVAIL-IDF","isPartOf":{"@id":"https:\/\/www.accidentdutravail-idf.net\/blog\/#website"},"primaryImageOfPage":{"@id":"https:\/\/www.accidentdutravail-idf.net\/blog\/toulouse-accident-du-travail-un-ouvrier-chute-de-7-m-dans-une-cuve-sur-un-chantier\/#primaryimage"},"image":{"@id":"https:\/\/www.accidentdutravail-idf.net\/blog\/toulouse-accident-du-travail-un-ouvrier-chute-de-7-m-dans-une-cuve-sur-un-chantier\/#primaryimage"},"thumbnailUrl":"https:\/\/www.accidentdutravail-idf.net\/blog\/wp-content\/uploads\/2024\/06\/toulouse-accident-du-travail-un-ouvrier-chute-de-7-m-dans-une-cuve-sur-un-chantier.jpg","datePublished":"2024-06-17T17:00:00+00:00","description":"Toulouse. Accident du travail : un ouvrier chute de 7 m dans une cuve sur un chantier article de ACCIDENTDUTRAVAIL-IDF","breadcrumb":{"@id":"https:\/\/www.accidentdutravail-idf.net\/blog\/toulouse-accident-du-travail-un-ouvrier-chute-de-7-m-dans-une-cuve-sur-un-chantier\/#breadcrumb"},"inLanguage":"fr-FR","potentialAction":[{"@type":"ReadAction","target":["https:\/\/www.accidentdutravail-idf.net\/blog\/toulouse-accident-du-travail-un-ouvrier-chute-de-7-m-dans-une-cuve-sur-un-chantier\/"]}]},{"@type":"ImageObject","inLanguage":"fr-FR","@id":"https:\/\/www.accidentdutravail-idf.net\/blog\/toulouse-accident-du-travail-un-ouvrier-chute-de-7-m-dans-une-cuve-sur-un-chantier\/#primaryimage","url":"https:\/\/www.accidentdutravail-idf.net\/blog\/wp-content\/uploads\/2024\/06\/toulouse-accident-du-travail-un-ouvrier-chute-de-7-m-dans-une-cuve-sur-un-chantier.jpg","contentUrl":"https:\/\/www.accidentdutravail-idf.net\/blog\/wp-content\/uploads\/2024\/06\/toulouse-accident-du-travail-un-ouvrier-chute-de-7-m-dans-une-cuve-sur-un-chantier.jpg"},{"@type":"BreadcrumbList","@id":"https:\/\/www.accidentdutravail-idf.net\/blog\/toulouse-accident-du-travail-un-ouvrier-chute-de-7-m-dans-une-cuve-sur-un-chantier\/#breadcrumb","itemListElement":[{"@type":"ListItem","position":1,"name":"Accueil","item":"https:\/\/www.accidentdutravail-idf.net\/blog\/"},{"@type":"ListItem","position":2,"name":"Toulouse. Accident du travail : un ouvrier chute de 7 m dans une cuve sur un chantier"}]},{"@type":"WebSite","@id":"https:\/\/www.accidentdutravail-idf.net\/blog\/#website","url":"https:\/\/www.accidentdutravail-idf.net\/blog\/","name":"ACCIDENTDUTRAVAIL-IDF","description":"Portail accidents du travail-maladies professionnelles des entreprises d&#039;Ile-de-France","publisher":{"@id":"https:\/\/www.accidentdutravail-idf.net\/blog\/#organization"},"potentialAction":[{"@type":"SearchAction","target":{"@type":"EntryPoint","urlTemplate":"https:\/\/www.accidentdutravail-idf.net\/blog\/?s={search_term_string}"},"query-input":{"@type":"PropertyValueSpecification","valueRequired":true,"valueName":"search_term_string"}}],"inLanguage":"fr-FR"},{"@type":"Organization","@id":"https:\/\/www.accidentdutravail-idf.net\/blog\/#organization","name":"accidentdutravail-idf","url":"https:\/\/www.accidentdutravail-idf.net\/blog\/","logo":{"@type":"ImageObject","inLanguage":"fr-FR","@id":"https:\/\/www.accidentdutravail-idf.net\/blog\/#\/schema\/logo\/image\/","url":"https:\/\/www.accidentdutravail-idf.net\/blog\/wp-content\/uploads\/2022\/09\/logo-2.png","contentUrl":"https:\/\/www.accidentdutravail-idf.net\/blog\/wp-content\/uploads\/2022\/09\/logo-2.png","width":380,"height":291,"caption":"accidentdutravail-idf"},"image":{"@id":"https:\/\/www.accidentdutravail-idf.net\/blog\/#\/schema\/logo\/image\/"}},{"@type":"Person","@id":"https:\/\/www.accidentdutravail-idf.net\/blog\/#\/schema\/person\/3255d2f970de45e64bd9201f38e7b947","name":"Carlos Poulain","image":{"@type":"ImageObject","inLanguage":"fr-FR","@id":"https:\/\/secure.gravatar.com\/avatar\/b1c2f9d3588e34e91adb093635df64ef4b2381991216be7576466cfcdca4baf3?s=96&d=mm&r=g","url":"https:\/\/secure.gravatar.com\/avatar\/b1c2f9d3588e34e91adb093635df64ef4b2381991216be7576466cfcdca4baf3?s=96&d=mm&r=g","contentUrl":"https:\/\/secure.gravatar.com\/avatar\/b1c2f9d3588e34e91adb093635df64ef4b2381991216be7576466cfcdca4baf3?s=96&d=mm&r=g","caption":"Carlos Poulain"},"url":"https:\/\/www.accidentdutravail-idf.net\/blog\/author\/idfcarlos\/"}]}},"_links":{"self":[{"href":"https:\/\/www.accidentdutravail-idf.net\/blog\/wp-json\/wp\/v2\/posts\/468","targetHints":{"allow":["GET"]}}],"collection":[{"href":"https:\/\/www.accidentdutravail-idf.net\/blog\/wp-json\/wp\/v2\/posts"}],"about":[{"href":"https:\/\/www.accidentdutravail-idf.net\/blog\/wp-json\/wp\/v2\/types\/post"}],"author":[{"embeddable":true,"href":"https:\/\/www.accidentdutravail-idf.net\/blog\/wp-json\/wp\/v2\/users\/2"}],"replies":[{"embeddable":true,"href":"https:\/\/www.accidentdutravail-idf.net\/blog\/wp-json\/wp\/v2\/comments?post=468"}],"version-history":[{"count":0,"href":"https:\/\/www.accidentdutravail-idf.net\/blog\/wp-json\/wp\/v2\/posts\/468\/revisions"}],"wp:attachment":[{"href":"https:\/\/www.accidentdutravail-idf.net\/blog\/wp-json\/wp\/v2\/media?parent=468"}],"wp:term":[{"taxonomy":"category","embeddable":true,"href":"https:\/\/www.accidentdutravail-idf.net\/blog\/wp-json\/wp\/v2\/categories?post=468"},{"taxonomy":"post_tag","embeddable":true,"href":"https:\/\/www.accidentdutravail-idf.net\/blog\/wp-json\/wp\/v2\/tags?post=468"}],"curies":[{"name":"wp","href":"https:\/\/api.w.org\/{rel}","templated":true}]}}