{"id":462,"date":"2024-06-16T19:00:00","date_gmt":"2024-06-16T17:00:00","guid":{"rendered":"https:\/\/www.accidentdutravail-idf.net\/blog\/manche-accident-du-travail-un-jeune-homme-grievement-blesse-heliporte-a-caen\/"},"modified":"2024-06-16T19:00:00","modified_gmt":"2024-06-16T17:00:00","slug":"manche-accident-du-travail-un-jeune-homme-grievement-blesse-heliporte-a-caen","status":"publish","type":"post","link":"https:\/\/www.accidentdutravail-idf.net\/blog\/manche-accident-du-travail-un-jeune-homme-grievement-blesse-heliporte-a-caen\/","title":{"rendered":"Manche. Accident du travail : un jeune homme gri\u00e8vement bless\u00e9, h\u00e9liport\u00e9 \u00e0 Caen"},"content":{"rendered":"<div><img decoding=\"async\" src=\"https:\/\/www.accidentdutravail-idf.net\/blog\/wp-content\/uploads\/2024\/06\/manche-accident-du-travail-un-jeune-homme-grievement-blesse-heliporte-a-caen.jpg\" class=\"ff-og-image-inserted\"><\/div>\n<div class=\"ac-article-date\"> Par <strong> <a href=\"https:\/\/actu.fr\/auteur\/redaction-pressemanche\" title=\"Consulter tous les articles de R\u00e9daction La Presse de la Manche\" rel=\"nofollow\" target=\"_blank\">R\u00e9daction La Presse de la Manche<\/a> <\/strong> <span> Publi\u00e9 le  17 juin 2024 \u00e0 17h07  <\/span>\n<\/div>\n<div class=\"ac-article-follow\"> <a href=\"https:\/\/actu.fr\/mon-actu\" class=\"ac-article-follow__link\" rel=\"nofollow\" data-trk=\"{&quot;cta&quot;:{&quot;action&quot;:&quot;https:\\\/\\\/actu.fr\\\/mon-actu&quot;,&quot;category&quot;:&quot;mon compte&quot;,&quot;from&quot;:&quot;article header&quot;,&quot;name&quot;:&quot;Voir mon actu&quot;,&quot;type&quot;:&quot;cta&quot;}}\" target=\"_blank\">Voir mon actu<\/a> <button type=\"button\" class=\"ac-btn ac-btn--mini ac-btn--blue ac-icon--star-empty\" data-follow=\"Suivre La Presse de la Manche\" data-unfollow=\"Retirer\">Suivre La Presse de la Manche<\/button>\n<\/div>\n<p>Un peu avant 9\u2009h\u200930, ce <b>lundi 17&nbsp;juin 2024<\/b>, un<b> jeune homme \u00e2g\u00e9 de 24&nbsp;ans<\/b> a \u00e9t\u00e9 <b>victime d\u2019un accident du travail<\/b> \u00e0 <a href=\"https:\/\/actu.fr\/normandie\/la-meauffe_50297\/\" target=\"_blank\" rel=\"nofollow\">La Meauffe<\/a> (Manche).<\/p>\n<h2>Dans un \u00e9tat grave<\/h2>\n<p>Il effectuait alors des <b>travaux de terrassement.<\/b> Les <b>sapeurs-pompiers<\/b> l\u2019ont retrouv\u00e9 partiellement enseveli dans une tranch\u00e9e, d\u2019o\u00f9 il a \u00e9t\u00e9 d\u00e9gag\u00e9.<\/p>\n<figure class=\"ac-embed ac-embed--google\" data-provider=\"google\" data-cmp-purpose=\"embedInfographie\">\n<\/figure>\n<p>La victime a \u00e9t\u00e9 h\u00e9liport\u00e9e \u00e0 bord du <a href=\"https:\/\/actu.fr\/societe\/dragon-50-un-maillon-essentiel-de-la-chaine-de-secours-dans-la-manche_36305611.html\" target=\"_blank\" rel=\"nofollow\">Dragon 50<\/a> de la S\u00e9curit\u00e9 civile, m\u00e9dicalis\u00e9e, vers le CHU (Centre hospitalier universitaire) de <a href=\"https:\/\/actu.fr\/normandie\/caen_14118\/\" target=\"_blank\" rel=\"nofollow\">Caen <\/a>(Calvados). L\u2019homme a \u00e9t\u00e9 <b>gri\u00e8vement bless\u00e9<\/b>.<\/p>\n<p><i>Suivez toute l\u2019actualit\u00e9 de vos villes et m\u00e9dias favoris en vous inscrivant \u00e0 <a href=\"https:\/\/moncompte.actu.fr\" title=\"D\u00e9couvez Mon Actu\" rel=\"nofollow\" data-trk=\"{&quot;cta&quot;:{&quot;action&quot;:&quot;https:\\\/\\\/moncompte.actu.fr&quot;,&quot;category&quot;:&quot;mon compte&quot;,&quot;from&quot;:&quot;article footer&quot;,&quot;name&quot;:&quot;Mon actu&quot;,&quot;type&quot;:&quot;cta&quot;}}\" target=\"_blank\">Mon Actu<\/a>.<\/i><\/p>\n<p> accidentdutravail-idf.net vous a pr\u00e9par\u00e9 ce post qui informe du sujet \u00ab\u00a0Association Sportive Huisson-Longueville Essonne\u00a0\u00bb. La chronique se veut g\u00e9n\u00e9r\u00e9e du mieux possible. Vous pouvez utiliser les coordonn\u00e9es indiqu\u00e9es sur le site dans le but d\u2019apporter des explications sur ce post qui parle du th\u00e8me \u00ab\u00a0Association Sportive Huisson-Longueville Essonne\u00a0\u00bb. Le site accidentdutravail-idf.net a pour but de fournir diverses publications sur la th\u00e9matique Association Sportive Huisson-Longueville Essonne diffus\u00e9es sur le net. Il y aura plusieurs articles autour du sujet \u00ab\u00a0Association Sportive Huisson-Longueville Essonne\u00a0\u00bb dans quelques jours, nous vous invitons \u00e0 naviguer sur notre site web \u00e0 plusieurs reprises.<\/p>\n","protected":false},"excerpt":{"rendered":"<p>Par R\u00e9daction La Presse de la Manche Publi\u00e9 le 17 juin 2024 \u00e0 17h07 Voir mon actu Suivre La Presse de la Manche Un peu avant 9\u2009h\u200930, ce lundi 17&nbsp;juin 2024, un jeune homme \u00e2g\u00e9 de 24&nbsp;ans a \u00e9t\u00e9 victime d\u2019un accident du travail \u00e0 La Meauffe (Manche). Dans un \u00e9tat grave Il effectuait alors &hellip; <\/p>\n<p class=\"link-more\"><a href=\"https:\/\/www.accidentdutravail-idf.net\/blog\/manche-accident-du-travail-un-jeune-homme-grievement-blesse-heliporte-a-caen\/\" class=\"more-link\">Continuer la lecture <span class=\"screen-reader-text\"> \u00ab\u00a0Manche. Accident du travail : un jeune homme gri\u00e8vement bless\u00e9, h\u00e9liport\u00e9 \u00e0 Caen\u00a0\u00bb<\/span><\/a><\/p>\n","protected":false},"author":2,"featured_media":0,"comment_status":"closed","ping_status":"closed","sticky":false,"template":"","format":"standard","meta":{"footnotes":""},"categories":[5],"tags":[],"class_list":["post-462","post","type-post","status-publish","format-standard","hentry","category-securite-du-travail-en-ile-de-france-et-divers","entry"],"yoast_head":"<!-- This site is optimized with the Yoast SEO plugin v27.5 - https:\/\/yoast.com\/product\/yoast-seo-wordpress\/ -->\n<title>Manche. Accident du travail : un jeune homme gri\u00e8vement bless\u00e9, h\u00e9liport\u00e9 \u00e0 Caen - ACCIDENTDUTRAVAIL-IDF<\/title>\n<meta name=\"description\" content=\"Manche. Accident du travail : un jeune homme gri\u00e8vement bless\u00e9, h\u00e9liport\u00e9 \u00e0 Caen article de ACCIDENTDUTRAVAIL-IDF\" \/>\n<meta name=\"robots\" content=\"index, follow, max-snippet:-1, max-image-preview:large, max-video-preview:-1\" \/>\n<link rel=\"canonical\" href=\"https:\/\/www.accidentdutravail-idf.net\/blog\/manche-accident-du-travail-un-jeune-homme-grievement-blesse-heliporte-a-caen\/\" \/>\n<meta property=\"og:locale\" content=\"fr_FR\" \/>\n<meta property=\"og:type\" content=\"article\" \/>\n<meta property=\"og:title\" content=\"Manche. Accident du travail : un jeune homme gri\u00e8vement bless\u00e9, h\u00e9liport\u00e9 \u00e0 Caen - ACCIDENTDUTRAVAIL-IDF\" \/>\n<meta property=\"og:description\" content=\"Manche. Accident du travail : un jeune homme gri\u00e8vement bless\u00e9, h\u00e9liport\u00e9 \u00e0 Caen article de ACCIDENTDUTRAVAIL-IDF\" \/>\n<meta property=\"og:url\" content=\"https:\/\/www.accidentdutravail-idf.net\/blog\/manche-accident-du-travail-un-jeune-homme-grievement-blesse-heliporte-a-caen\/\" \/>\n<meta property=\"og:site_name\" content=\"ACCIDENTDUTRAVAIL-IDF\" \/>\n<meta property=\"article:published_time\" content=\"2024-06-16T17:00:00+00:00\" \/>\n<meta property=\"og:image\" content=\"https:\/\/www.accidentdutravail-idf.net\/blog\/wp-content\/uploads\/2024\/06\/manche-accident-du-travail-un-jeune-homme-grievement-blesse-heliporte-a-caen.jpg\" \/>\n<meta name=\"author\" content=\"Carlos Poulain\" \/>\n<meta name=\"twitter:card\" content=\"summary_large_image\" \/>\n<meta name=\"twitter:label1\" content=\"\u00c9crit par\" \/>\n\t<meta name=\"twitter:data1\" content=\"Carlos Poulain\" \/>\n\t<meta name=\"twitter:label2\" content=\"Dur\u00e9e de lecture estim\u00e9e\" \/>\n\t<meta name=\"twitter:data2\" content=\"1 minute\" \/>\n<script type=\"application\/ld+json\" class=\"yoast-schema-graph\">{\"@context\":\"https:\\\/\\\/schema.org\",\"@graph\":[{\"@type\":\"Article\",\"@id\":\"https:\\\/\\\/www.accidentdutravail-idf.net\\\/blog\\\/manche-accident-du-travail-un-jeune-homme-grievement-blesse-heliporte-a-caen\\\/#article\",\"isPartOf\":{\"@id\":\"https:\\\/\\\/www.accidentdutravail-idf.net\\\/blog\\\/manche-accident-du-travail-un-jeune-homme-grievement-blesse-heliporte-a-caen\\\/\"},\"author\":{\"name\":\"Carlos Poulain\",\"@id\":\"https:\\\/\\\/www.accidentdutravail-idf.net\\\/blog\\\/#\\\/schema\\\/person\\\/3255d2f970de45e64bd9201f38e7b947\"},\"headline\":\"Manche. Accident du travail : un jeune homme gri\u00e8vement bless\u00e9, h\u00e9liport\u00e9 \u00e0 Caen\",\"datePublished\":\"2024-06-16T17:00:00+00:00\",\"mainEntityOfPage\":{\"@id\":\"https:\\\/\\\/www.accidentdutravail-idf.net\\\/blog\\\/manche-accident-du-travail-un-jeune-homme-grievement-blesse-heliporte-a-caen\\\/\"},\"wordCount\":245,\"publisher\":{\"@id\":\"https:\\\/\\\/www.accidentdutravail-idf.net\\\/blog\\\/#organization\"},\"image\":{\"@id\":\"https:\\\/\\\/www.accidentdutravail-idf.net\\\/blog\\\/manche-accident-du-travail-un-jeune-homme-grievement-blesse-heliporte-a-caen\\\/#primaryimage\"},\"thumbnailUrl\":\"https:\\\/\\\/www.accidentdutravail-idf.net\\\/blog\\\/wp-content\\\/uploads\\\/2024\\\/06\\\/manche-accident-du-travail-un-jeune-homme-grievement-blesse-heliporte-a-caen.jpg\",\"articleSection\":[\"S\u00e9curit\u00e9 Du Travail En Ile-De-France Et Divers:\"],\"inLanguage\":\"fr-FR\"},{\"@type\":\"WebPage\",\"@id\":\"https:\\\/\\\/www.accidentdutravail-idf.net\\\/blog\\\/manche-accident-du-travail-un-jeune-homme-grievement-blesse-heliporte-a-caen\\\/\",\"url\":\"https:\\\/\\\/www.accidentdutravail-idf.net\\\/blog\\\/manche-accident-du-travail-un-jeune-homme-grievement-blesse-heliporte-a-caen\\\/\",\"name\":\"Manche. Accident du travail : un jeune homme gri\u00e8vement bless\u00e9, h\u00e9liport\u00e9 \u00e0 Caen - ACCIDENTDUTRAVAIL-IDF\",\"isPartOf\":{\"@id\":\"https:\\\/\\\/www.accidentdutravail-idf.net\\\/blog\\\/#website\"},\"primaryImageOfPage\":{\"@id\":\"https:\\\/\\\/www.accidentdutravail-idf.net\\\/blog\\\/manche-accident-du-travail-un-jeune-homme-grievement-blesse-heliporte-a-caen\\\/#primaryimage\"},\"image\":{\"@id\":\"https:\\\/\\\/www.accidentdutravail-idf.net\\\/blog\\\/manche-accident-du-travail-un-jeune-homme-grievement-blesse-heliporte-a-caen\\\/#primaryimage\"},\"thumbnailUrl\":\"https:\\\/\\\/www.accidentdutravail-idf.net\\\/blog\\\/wp-content\\\/uploads\\\/2024\\\/06\\\/manche-accident-du-travail-un-jeune-homme-grievement-blesse-heliporte-a-caen.jpg\",\"datePublished\":\"2024-06-16T17:00:00+00:00\",\"description\":\"Manche. Accident du travail : un jeune homme gri\u00e8vement bless\u00e9, h\u00e9liport\u00e9 \u00e0 Caen article de ACCIDENTDUTRAVAIL-IDF\",\"breadcrumb\":{\"@id\":\"https:\\\/\\\/www.accidentdutravail-idf.net\\\/blog\\\/manche-accident-du-travail-un-jeune-homme-grievement-blesse-heliporte-a-caen\\\/#breadcrumb\"},\"inLanguage\":\"fr-FR\",\"potentialAction\":[{\"@type\":\"ReadAction\",\"target\":[\"https:\\\/\\\/www.accidentdutravail-idf.net\\\/blog\\\/manche-accident-du-travail-un-jeune-homme-grievement-blesse-heliporte-a-caen\\\/\"]}]},{\"@type\":\"ImageObject\",\"inLanguage\":\"fr-FR\",\"@id\":\"https:\\\/\\\/www.accidentdutravail-idf.net\\\/blog\\\/manche-accident-du-travail-un-jeune-homme-grievement-blesse-heliporte-a-caen\\\/#primaryimage\",\"url\":\"https:\\\/\\\/www.accidentdutravail-idf.net\\\/blog\\\/wp-content\\\/uploads\\\/2024\\\/06\\\/manche-accident-du-travail-un-jeune-homme-grievement-blesse-heliporte-a-caen.jpg\",\"contentUrl\":\"https:\\\/\\\/www.accidentdutravail-idf.net\\\/blog\\\/wp-content\\\/uploads\\\/2024\\\/06\\\/manche-accident-du-travail-un-jeune-homme-grievement-blesse-heliporte-a-caen.jpg\"},{\"@type\":\"BreadcrumbList\",\"@id\":\"https:\\\/\\\/www.accidentdutravail-idf.net\\\/blog\\\/manche-accident-du-travail-un-jeune-homme-grievement-blesse-heliporte-a-caen\\\/#breadcrumb\",\"itemListElement\":[{\"@type\":\"ListItem\",\"position\":1,\"name\":\"Accueil\",\"item\":\"https:\\\/\\\/www.accidentdutravail-idf.net\\\/blog\\\/\"},{\"@type\":\"ListItem\",\"position\":2,\"name\":\"Manche. Accident du travail : un jeune homme gri\u00e8vement bless\u00e9, h\u00e9liport\u00e9 \u00e0 Caen\"}]},{\"@type\":\"WebSite\",\"@id\":\"https:\\\/\\\/www.accidentdutravail-idf.net\\\/blog\\\/#website\",\"url\":\"https:\\\/\\\/www.accidentdutravail-idf.net\\\/blog\\\/\",\"name\":\"ACCIDENTDUTRAVAIL-IDF\",\"description\":\"Portail accidents du travail-maladies professionnelles des entreprises d&#039;Ile-de-France\",\"publisher\":{\"@id\":\"https:\\\/\\\/www.accidentdutravail-idf.net\\\/blog\\\/#organization\"},\"potentialAction\":[{\"@type\":\"SearchAction\",\"target\":{\"@type\":\"EntryPoint\",\"urlTemplate\":\"https:\\\/\\\/www.accidentdutravail-idf.net\\\/blog\\\/?s={search_term_string}\"},\"query-input\":{\"@type\":\"PropertyValueSpecification\",\"valueRequired\":true,\"valueName\":\"search_term_string\"}}],\"inLanguage\":\"fr-FR\"},{\"@type\":\"Organization\",\"@id\":\"https:\\\/\\\/www.accidentdutravail-idf.net\\\/blog\\\/#organization\",\"name\":\"accidentdutravail-idf\",\"url\":\"https:\\\/\\\/www.accidentdutravail-idf.net\\\/blog\\\/\",\"logo\":{\"@type\":\"ImageObject\",\"inLanguage\":\"fr-FR\",\"@id\":\"https:\\\/\\\/www.accidentdutravail-idf.net\\\/blog\\\/#\\\/schema\\\/logo\\\/image\\\/\",\"url\":\"https:\\\/\\\/www.accidentdutravail-idf.net\\\/blog\\\/wp-content\\\/uploads\\\/2022\\\/09\\\/logo-2.png\",\"contentUrl\":\"https:\\\/\\\/www.accidentdutravail-idf.net\\\/blog\\\/wp-content\\\/uploads\\\/2022\\\/09\\\/logo-2.png\",\"width\":380,\"height\":291,\"caption\":\"accidentdutravail-idf\"},\"image\":{\"@id\":\"https:\\\/\\\/www.accidentdutravail-idf.net\\\/blog\\\/#\\\/schema\\\/logo\\\/image\\\/\"}},{\"@type\":\"Person\",\"@id\":\"https:\\\/\\\/www.accidentdutravail-idf.net\\\/blog\\\/#\\\/schema\\\/person\\\/3255d2f970de45e64bd9201f38e7b947\",\"name\":\"Carlos Poulain\",\"image\":{\"@type\":\"ImageObject\",\"inLanguage\":\"fr-FR\",\"@id\":\"https:\\\/\\\/secure.gravatar.com\\\/avatar\\\/b1c2f9d3588e34e91adb093635df64ef4b2381991216be7576466cfcdca4baf3?s=96&d=mm&r=g\",\"url\":\"https:\\\/\\\/secure.gravatar.com\\\/avatar\\\/b1c2f9d3588e34e91adb093635df64ef4b2381991216be7576466cfcdca4baf3?s=96&d=mm&r=g\",\"contentUrl\":\"https:\\\/\\\/secure.gravatar.com\\\/avatar\\\/b1c2f9d3588e34e91adb093635df64ef4b2381991216be7576466cfcdca4baf3?s=96&d=mm&r=g\",\"caption\":\"Carlos Poulain\"},\"url\":\"https:\\\/\\\/www.accidentdutravail-idf.net\\\/blog\\\/author\\\/idfcarlos\\\/\"}]}<\/script>\n<!-- \/ Yoast SEO plugin. -->","yoast_head_json":{"title":"Manche. Accident du travail : un jeune homme gri\u00e8vement bless\u00e9, h\u00e9liport\u00e9 \u00e0 Caen - ACCIDENTDUTRAVAIL-IDF","description":"Manche. Accident du travail : un jeune homme gri\u00e8vement bless\u00e9, h\u00e9liport\u00e9 \u00e0 Caen article de ACCIDENTDUTRAVAIL-IDF","robots":{"index":"index","follow":"follow","max-snippet":"max-snippet:-1","max-image-preview":"max-image-preview:large","max-video-preview":"max-video-preview:-1"},"canonical":"https:\/\/www.accidentdutravail-idf.net\/blog\/manche-accident-du-travail-un-jeune-homme-grievement-blesse-heliporte-a-caen\/","og_locale":"fr_FR","og_type":"article","og_title":"Manche. Accident du travail : un jeune homme gri\u00e8vement bless\u00e9, h\u00e9liport\u00e9 \u00e0 Caen - ACCIDENTDUTRAVAIL-IDF","og_description":"Manche. Accident du travail : un jeune homme gri\u00e8vement bless\u00e9, h\u00e9liport\u00e9 \u00e0 Caen article de ACCIDENTDUTRAVAIL-IDF","og_url":"https:\/\/www.accidentdutravail-idf.net\/blog\/manche-accident-du-travail-un-jeune-homme-grievement-blesse-heliporte-a-caen\/","og_site_name":"ACCIDENTDUTRAVAIL-IDF","article_published_time":"2024-06-16T17:00:00+00:00","og_image":[{"url":"https:\/\/www.accidentdutravail-idf.net\/blog\/wp-content\/uploads\/2024\/06\/manche-accident-du-travail-un-jeune-homme-grievement-blesse-heliporte-a-caen.jpg","type":"","width":"","height":""}],"author":"Carlos Poulain","twitter_card":"summary_large_image","twitter_misc":{"\u00c9crit par":"Carlos Poulain","Dur\u00e9e de lecture estim\u00e9e":"1 minute"},"schema":{"@context":"https:\/\/schema.org","@graph":[{"@type":"Article","@id":"https:\/\/www.accidentdutravail-idf.net\/blog\/manche-accident-du-travail-un-jeune-homme-grievement-blesse-heliporte-a-caen\/#article","isPartOf":{"@id":"https:\/\/www.accidentdutravail-idf.net\/blog\/manche-accident-du-travail-un-jeune-homme-grievement-blesse-heliporte-a-caen\/"},"author":{"name":"Carlos Poulain","@id":"https:\/\/www.accidentdutravail-idf.net\/blog\/#\/schema\/person\/3255d2f970de45e64bd9201f38e7b947"},"headline":"Manche. Accident du travail : un jeune homme gri\u00e8vement bless\u00e9, h\u00e9liport\u00e9 \u00e0 Caen","datePublished":"2024-06-16T17:00:00+00:00","mainEntityOfPage":{"@id":"https:\/\/www.accidentdutravail-idf.net\/blog\/manche-accident-du-travail-un-jeune-homme-grievement-blesse-heliporte-a-caen\/"},"wordCount":245,"publisher":{"@id":"https:\/\/www.accidentdutravail-idf.net\/blog\/#organization"},"image":{"@id":"https:\/\/www.accidentdutravail-idf.net\/blog\/manche-accident-du-travail-un-jeune-homme-grievement-blesse-heliporte-a-caen\/#primaryimage"},"thumbnailUrl":"https:\/\/www.accidentdutravail-idf.net\/blog\/wp-content\/uploads\/2024\/06\/manche-accident-du-travail-un-jeune-homme-grievement-blesse-heliporte-a-caen.jpg","articleSection":["S\u00e9curit\u00e9 Du Travail En Ile-De-France Et Divers:"],"inLanguage":"fr-FR"},{"@type":"WebPage","@id":"https:\/\/www.accidentdutravail-idf.net\/blog\/manche-accident-du-travail-un-jeune-homme-grievement-blesse-heliporte-a-caen\/","url":"https:\/\/www.accidentdutravail-idf.net\/blog\/manche-accident-du-travail-un-jeune-homme-grievement-blesse-heliporte-a-caen\/","name":"Manche. Accident du travail : un jeune homme gri\u00e8vement bless\u00e9, h\u00e9liport\u00e9 \u00e0 Caen - ACCIDENTDUTRAVAIL-IDF","isPartOf":{"@id":"https:\/\/www.accidentdutravail-idf.net\/blog\/#website"},"primaryImageOfPage":{"@id":"https:\/\/www.accidentdutravail-idf.net\/blog\/manche-accident-du-travail-un-jeune-homme-grievement-blesse-heliporte-a-caen\/#primaryimage"},"image":{"@id":"https:\/\/www.accidentdutravail-idf.net\/blog\/manche-accident-du-travail-un-jeune-homme-grievement-blesse-heliporte-a-caen\/#primaryimage"},"thumbnailUrl":"https:\/\/www.accidentdutravail-idf.net\/blog\/wp-content\/uploads\/2024\/06\/manche-accident-du-travail-un-jeune-homme-grievement-blesse-heliporte-a-caen.jpg","datePublished":"2024-06-16T17:00:00+00:00","description":"Manche. Accident du travail : un jeune homme gri\u00e8vement bless\u00e9, h\u00e9liport\u00e9 \u00e0 Caen article de ACCIDENTDUTRAVAIL-IDF","breadcrumb":{"@id":"https:\/\/www.accidentdutravail-idf.net\/blog\/manche-accident-du-travail-un-jeune-homme-grievement-blesse-heliporte-a-caen\/#breadcrumb"},"inLanguage":"fr-FR","potentialAction":[{"@type":"ReadAction","target":["https:\/\/www.accidentdutravail-idf.net\/blog\/manche-accident-du-travail-un-jeune-homme-grievement-blesse-heliporte-a-caen\/"]}]},{"@type":"ImageObject","inLanguage":"fr-FR","@id":"https:\/\/www.accidentdutravail-idf.net\/blog\/manche-accident-du-travail-un-jeune-homme-grievement-blesse-heliporte-a-caen\/#primaryimage","url":"https:\/\/www.accidentdutravail-idf.net\/blog\/wp-content\/uploads\/2024\/06\/manche-accident-du-travail-un-jeune-homme-grievement-blesse-heliporte-a-caen.jpg","contentUrl":"https:\/\/www.accidentdutravail-idf.net\/blog\/wp-content\/uploads\/2024\/06\/manche-accident-du-travail-un-jeune-homme-grievement-blesse-heliporte-a-caen.jpg"},{"@type":"BreadcrumbList","@id":"https:\/\/www.accidentdutravail-idf.net\/blog\/manche-accident-du-travail-un-jeune-homme-grievement-blesse-heliporte-a-caen\/#breadcrumb","itemListElement":[{"@type":"ListItem","position":1,"name":"Accueil","item":"https:\/\/www.accidentdutravail-idf.net\/blog\/"},{"@type":"ListItem","position":2,"name":"Manche. Accident du travail : un jeune homme gri\u00e8vement bless\u00e9, h\u00e9liport\u00e9 \u00e0 Caen"}]},{"@type":"WebSite","@id":"https:\/\/www.accidentdutravail-idf.net\/blog\/#website","url":"https:\/\/www.accidentdutravail-idf.net\/blog\/","name":"ACCIDENTDUTRAVAIL-IDF","description":"Portail accidents du travail-maladies professionnelles des entreprises d&#039;Ile-de-France","publisher":{"@id":"https:\/\/www.accidentdutravail-idf.net\/blog\/#organization"},"potentialAction":[{"@type":"SearchAction","target":{"@type":"EntryPoint","urlTemplate":"https:\/\/www.accidentdutravail-idf.net\/blog\/?s={search_term_string}"},"query-input":{"@type":"PropertyValueSpecification","valueRequired":true,"valueName":"search_term_string"}}],"inLanguage":"fr-FR"},{"@type":"Organization","@id":"https:\/\/www.accidentdutravail-idf.net\/blog\/#organization","name":"accidentdutravail-idf","url":"https:\/\/www.accidentdutravail-idf.net\/blog\/","logo":{"@type":"ImageObject","inLanguage":"fr-FR","@id":"https:\/\/www.accidentdutravail-idf.net\/blog\/#\/schema\/logo\/image\/","url":"https:\/\/www.accidentdutravail-idf.net\/blog\/wp-content\/uploads\/2022\/09\/logo-2.png","contentUrl":"https:\/\/www.accidentdutravail-idf.net\/blog\/wp-content\/uploads\/2022\/09\/logo-2.png","width":380,"height":291,"caption":"accidentdutravail-idf"},"image":{"@id":"https:\/\/www.accidentdutravail-idf.net\/blog\/#\/schema\/logo\/image\/"}},{"@type":"Person","@id":"https:\/\/www.accidentdutravail-idf.net\/blog\/#\/schema\/person\/3255d2f970de45e64bd9201f38e7b947","name":"Carlos Poulain","image":{"@type":"ImageObject","inLanguage":"fr-FR","@id":"https:\/\/secure.gravatar.com\/avatar\/b1c2f9d3588e34e91adb093635df64ef4b2381991216be7576466cfcdca4baf3?s=96&d=mm&r=g","url":"https:\/\/secure.gravatar.com\/avatar\/b1c2f9d3588e34e91adb093635df64ef4b2381991216be7576466cfcdca4baf3?s=96&d=mm&r=g","contentUrl":"https:\/\/secure.gravatar.com\/avatar\/b1c2f9d3588e34e91adb093635df64ef4b2381991216be7576466cfcdca4baf3?s=96&d=mm&r=g","caption":"Carlos Poulain"},"url":"https:\/\/www.accidentdutravail-idf.net\/blog\/author\/idfcarlos\/"}]}},"_links":{"self":[{"href":"https:\/\/www.accidentdutravail-idf.net\/blog\/wp-json\/wp\/v2\/posts\/462","targetHints":{"allow":["GET"]}}],"collection":[{"href":"https:\/\/www.accidentdutravail-idf.net\/blog\/wp-json\/wp\/v2\/posts"}],"about":[{"href":"https:\/\/www.accidentdutravail-idf.net\/blog\/wp-json\/wp\/v2\/types\/post"}],"author":[{"embeddable":true,"href":"https:\/\/www.accidentdutravail-idf.net\/blog\/wp-json\/wp\/v2\/users\/2"}],"replies":[{"embeddable":true,"href":"https:\/\/www.accidentdutravail-idf.net\/blog\/wp-json\/wp\/v2\/comments?post=462"}],"version-history":[{"count":0,"href":"https:\/\/www.accidentdutravail-idf.net\/blog\/wp-json\/wp\/v2\/posts\/462\/revisions"}],"wp:attachment":[{"href":"https:\/\/www.accidentdutravail-idf.net\/blog\/wp-json\/wp\/v2\/media?parent=462"}],"wp:term":[{"taxonomy":"category","embeddable":true,"href":"https:\/\/www.accidentdutravail-idf.net\/blog\/wp-json\/wp\/v2\/categories?post=462"},{"taxonomy":"post_tag","embeddable":true,"href":"https:\/\/www.accidentdutravail-idf.net\/blog\/wp-json\/wp\/v2\/tags?post=462"}],"curies":[{"name":"wp","href":"https:\/\/api.w.org\/{rel}","templated":true}]}}