{"id":459,"date":"2024-06-16T03:32:00","date_gmt":"2024-06-16T01:32:00","guid":{"rendered":"https:\/\/www.accidentdutravail-idf.net\/blog\/terres-de-haute-charente-deux-accidents-et-deux-blesses-dont-un-grave-presque-dans-la-meme-journee-a-suaux-et-chasseneuil\/"},"modified":"2024-06-16T03:32:00","modified_gmt":"2024-06-16T01:32:00","slug":"terres-de-haute-charente-deux-accidents-et-deux-blesses-dont-un-grave-presque-dans-la-meme-journee-a-suaux-et-chasseneuil","status":"publish","type":"post","link":"https:\/\/www.accidentdutravail-idf.net\/blog\/terres-de-haute-charente-deux-accidents-et-deux-blesses-dont-un-grave-presque-dans-la-meme-journee-a-suaux-et-chasseneuil\/","title":{"rendered":"Terres-de-Haute-Charente : deux accidents et deux bless\u00e9s dont un grave presque dans la m\u00eame journ\u00e9e \u00e0 Suaux et Chasseneuil"},"content":{"rendered":"<div><img decoding=\"async\" src=\"https:\/\/www.accidentdutravail-idf.net\/blog\/wp-content\/uploads\/2024\/06\/terres-de-haute-charente-deux-accidents-et-deux-blesses-dont-un-grave-presque-dans-la-meme-journee-a-suaux-et-chasseneuil.jpg\" class=\"ff-og-image-inserted\"><\/div>\n<p>Apr\u00e8s l\u2019accident \u00e0 la sortie de Suaux, c\u00f4t\u00e9 Roumazi\u00e8res, sur la RN&nbsp;141, un face-\u00e0-face entre une voiture et un poids lourd qui a fait un bless\u00e9 grave, vendredi apr\u00e8s-midi, un autre accident s\u2019est produit sur cette m\u00eame RN&nbsp;141, dans les m\u00eames circonstances, dans la nuit de vendredi \u00e0 samedi, vers 3h du matin. Un v\u00e9hicule l\u00e9ger qui se dirigeait dans le sens Limoges \u2013 Angoul\u00eame a percut\u00e9 un poids lourd qui arrivait en sens inverse et se dirigeait vers Limoges, au lieu-dit Chantebuse, un peu apr\u00e8s le rond-point en bout de la d\u00e9viation de Chasseneuil. Heureusement, l\u2019automobiliste n\u2019est que l\u00e9g\u00e8rement bless\u00e9.<\/p>\n<p> accidentdutravail-idf.net vous a pr\u00e9par\u00e9 ce post qui informe du sujet \u00ab\u00a0Association Sportive Huisson-Longueville Essonne\u00a0\u00bb. La chronique se veut g\u00e9n\u00e9r\u00e9e du mieux possible. Vous pouvez utiliser les coordonn\u00e9es indiqu\u00e9es sur le site dans le but d\u2019apporter des explications sur ce post qui parle du th\u00e8me \u00ab\u00a0Association Sportive Huisson-Longueville Essonne\u00a0\u00bb. Le site accidentdutravail-idf.net a pour but de fournir diverses publications sur la th\u00e9matique Association Sportive Huisson-Longueville Essonne diffus\u00e9es sur le net. Il y aura plusieurs articles autour du sujet \u00ab\u00a0Association Sportive Huisson-Longueville Essonne\u00a0\u00bb dans quelques jours, nous vous invitons \u00e0 naviguer sur notre site web \u00e0 plusieurs reprises.<\/p>\n","protected":false},"excerpt":{"rendered":"<p>Apr\u00e8s l\u2019accident \u00e0 la sortie de Suaux, c\u00f4t\u00e9 Roumazi\u00e8res, sur la RN&nbsp;141, un face-\u00e0-face entre une voiture et un poids lourd qui a fait un bless\u00e9 grave, vendredi apr\u00e8s-midi, un autre accident s\u2019est produit sur cette m\u00eame RN&nbsp;141, dans les m\u00eames circonstances, dans la nuit de vendredi \u00e0 samedi, vers 3h du matin. Un v\u00e9hicule &hellip; <\/p>\n<p class=\"link-more\"><a href=\"https:\/\/www.accidentdutravail-idf.net\/blog\/terres-de-haute-charente-deux-accidents-et-deux-blesses-dont-un-grave-presque-dans-la-meme-journee-a-suaux-et-chasseneuil\/\" class=\"more-link\">Continuer la lecture <span class=\"screen-reader-text\"> \u00ab\u00a0Terres-de-Haute-Charente : deux accidents et deux bless\u00e9s dont un grave presque dans la m\u00eame journ\u00e9e \u00e0 Suaux et Chasseneuil\u00a0\u00bb<\/span><\/a><\/p>\n","protected":false},"author":2,"featured_media":0,"comment_status":"closed","ping_status":"closed","sticky":false,"template":"","format":"standard","meta":{"footnotes":""},"categories":[5],"tags":[],"class_list":["post-459","post","type-post","status-publish","format-standard","hentry","category-securite-du-travail-en-ile-de-france-et-divers","entry"],"yoast_head":"<!-- This site is optimized with the Yoast SEO plugin v27.5 - https:\/\/yoast.com\/product\/yoast-seo-wordpress\/ -->\n<title>Terres-de-Haute-Charente : deux accidents et deux bless\u00e9s dont un grave presque dans la m\u00eame journ\u00e9e \u00e0 Suaux et Chasseneuil - ACCIDENTDUTRAVAIL-IDF<\/title>\n<meta name=\"description\" content=\"Terres-de-Haute-Charente : deux accidents et deux bless\u00e9s dont un grave presque dans la m\u00eame journ\u00e9e \u00e0 Suaux et Chasseneuil article de ACCIDENTDUTRAVAIL-IDF\" \/>\n<meta name=\"robots\" content=\"index, follow, max-snippet:-1, max-image-preview:large, max-video-preview:-1\" \/>\n<link rel=\"canonical\" href=\"https:\/\/www.accidentdutravail-idf.net\/blog\/terres-de-haute-charente-deux-accidents-et-deux-blesses-dont-un-grave-presque-dans-la-meme-journee-a-suaux-et-chasseneuil\/\" \/>\n<meta property=\"og:locale\" content=\"fr_FR\" \/>\n<meta property=\"og:type\" content=\"article\" \/>\n<meta property=\"og:title\" content=\"Terres-de-Haute-Charente : deux accidents et deux bless\u00e9s dont un grave presque dans la m\u00eame journ\u00e9e \u00e0 Suaux et Chasseneuil - ACCIDENTDUTRAVAIL-IDF\" \/>\n<meta property=\"og:description\" content=\"Terres-de-Haute-Charente : deux accidents et deux bless\u00e9s dont un grave presque dans la m\u00eame journ\u00e9e \u00e0 Suaux et Chasseneuil article de ACCIDENTDUTRAVAIL-IDF\" \/>\n<meta property=\"og:url\" content=\"https:\/\/www.accidentdutravail-idf.net\/blog\/terres-de-haute-charente-deux-accidents-et-deux-blesses-dont-un-grave-presque-dans-la-meme-journee-a-suaux-et-chasseneuil\/\" \/>\n<meta property=\"og:site_name\" content=\"ACCIDENTDUTRAVAIL-IDF\" \/>\n<meta property=\"article:published_time\" content=\"2024-06-16T01:32:00+00:00\" \/>\n<meta property=\"og:image\" content=\"https:\/\/www.accidentdutravail-idf.net\/blog\/wp-content\/uploads\/2024\/06\/terres-de-haute-charente-deux-accidents-et-deux-blesses-dont-un-grave-presque-dans-la-meme-journee-a-suaux-et-chasseneuil.jpg\" \/>\n<meta name=\"author\" content=\"Carlos Poulain\" \/>\n<meta name=\"twitter:card\" content=\"summary_large_image\" \/>\n<meta name=\"twitter:label1\" content=\"\u00c9crit par\" \/>\n\t<meta name=\"twitter:data1\" content=\"Carlos Poulain\" \/>\n\t<meta name=\"twitter:label2\" content=\"Dur\u00e9e de lecture estim\u00e9e\" \/>\n\t<meta name=\"twitter:data2\" content=\"1 minute\" \/>\n<script type=\"application\/ld+json\" class=\"yoast-schema-graph\">{\"@context\":\"https:\\\/\\\/schema.org\",\"@graph\":[{\"@type\":\"Article\",\"@id\":\"https:\\\/\\\/www.accidentdutravail-idf.net\\\/blog\\\/terres-de-haute-charente-deux-accidents-et-deux-blesses-dont-un-grave-presque-dans-la-meme-journee-a-suaux-et-chasseneuil\\\/#article\",\"isPartOf\":{\"@id\":\"https:\\\/\\\/www.accidentdutravail-idf.net\\\/blog\\\/terres-de-haute-charente-deux-accidents-et-deux-blesses-dont-un-grave-presque-dans-la-meme-journee-a-suaux-et-chasseneuil\\\/\"},\"author\":{\"name\":\"Carlos Poulain\",\"@id\":\"https:\\\/\\\/www.accidentdutravail-idf.net\\\/blog\\\/#\\\/schema\\\/person\\\/3255d2f970de45e64bd9201f38e7b947\"},\"headline\":\"Terres-de-Haute-Charente : deux accidents et deux bless\u00e9s dont un grave presque dans la m\u00eame journ\u00e9e \u00e0 Suaux et Chasseneuil\",\"datePublished\":\"2024-06-16T01:32:00+00:00\",\"mainEntityOfPage\":{\"@id\":\"https:\\\/\\\/www.accidentdutravail-idf.net\\\/blog\\\/terres-de-haute-charente-deux-accidents-et-deux-blesses-dont-un-grave-presque-dans-la-meme-journee-a-suaux-et-chasseneuil\\\/\"},\"wordCount\":244,\"publisher\":{\"@id\":\"https:\\\/\\\/www.accidentdutravail-idf.net\\\/blog\\\/#organization\"},\"image\":{\"@id\":\"https:\\\/\\\/www.accidentdutravail-idf.net\\\/blog\\\/terres-de-haute-charente-deux-accidents-et-deux-blesses-dont-un-grave-presque-dans-la-meme-journee-a-suaux-et-chasseneuil\\\/#primaryimage\"},\"thumbnailUrl\":\"https:\\\/\\\/www.accidentdutravail-idf.net\\\/blog\\\/wp-content\\\/uploads\\\/2024\\\/06\\\/terres-de-haute-charente-deux-accidents-et-deux-blesses-dont-un-grave-presque-dans-la-meme-journee-a-suaux-et-chasseneuil.jpg\",\"articleSection\":[\"S\u00e9curit\u00e9 Du Travail En Ile-De-France Et Divers:\"],\"inLanguage\":\"fr-FR\"},{\"@type\":\"WebPage\",\"@id\":\"https:\\\/\\\/www.accidentdutravail-idf.net\\\/blog\\\/terres-de-haute-charente-deux-accidents-et-deux-blesses-dont-un-grave-presque-dans-la-meme-journee-a-suaux-et-chasseneuil\\\/\",\"url\":\"https:\\\/\\\/www.accidentdutravail-idf.net\\\/blog\\\/terres-de-haute-charente-deux-accidents-et-deux-blesses-dont-un-grave-presque-dans-la-meme-journee-a-suaux-et-chasseneuil\\\/\",\"name\":\"Terres-de-Haute-Charente : deux accidents et deux bless\u00e9s dont un grave presque dans la m\u00eame journ\u00e9e \u00e0 Suaux et Chasseneuil - ACCIDENTDUTRAVAIL-IDF\",\"isPartOf\":{\"@id\":\"https:\\\/\\\/www.accidentdutravail-idf.net\\\/blog\\\/#website\"},\"primaryImageOfPage\":{\"@id\":\"https:\\\/\\\/www.accidentdutravail-idf.net\\\/blog\\\/terres-de-haute-charente-deux-accidents-et-deux-blesses-dont-un-grave-presque-dans-la-meme-journee-a-suaux-et-chasseneuil\\\/#primaryimage\"},\"image\":{\"@id\":\"https:\\\/\\\/www.accidentdutravail-idf.net\\\/blog\\\/terres-de-haute-charente-deux-accidents-et-deux-blesses-dont-un-grave-presque-dans-la-meme-journee-a-suaux-et-chasseneuil\\\/#primaryimage\"},\"thumbnailUrl\":\"https:\\\/\\\/www.accidentdutravail-idf.net\\\/blog\\\/wp-content\\\/uploads\\\/2024\\\/06\\\/terres-de-haute-charente-deux-accidents-et-deux-blesses-dont-un-grave-presque-dans-la-meme-journee-a-suaux-et-chasseneuil.jpg\",\"datePublished\":\"2024-06-16T01:32:00+00:00\",\"description\":\"Terres-de-Haute-Charente : deux accidents et deux bless\u00e9s dont un grave presque dans la m\u00eame journ\u00e9e \u00e0 Suaux et Chasseneuil article de ACCIDENTDUTRAVAIL-IDF\",\"breadcrumb\":{\"@id\":\"https:\\\/\\\/www.accidentdutravail-idf.net\\\/blog\\\/terres-de-haute-charente-deux-accidents-et-deux-blesses-dont-un-grave-presque-dans-la-meme-journee-a-suaux-et-chasseneuil\\\/#breadcrumb\"},\"inLanguage\":\"fr-FR\",\"potentialAction\":[{\"@type\":\"ReadAction\",\"target\":[\"https:\\\/\\\/www.accidentdutravail-idf.net\\\/blog\\\/terres-de-haute-charente-deux-accidents-et-deux-blesses-dont-un-grave-presque-dans-la-meme-journee-a-suaux-et-chasseneuil\\\/\"]}]},{\"@type\":\"ImageObject\",\"inLanguage\":\"fr-FR\",\"@id\":\"https:\\\/\\\/www.accidentdutravail-idf.net\\\/blog\\\/terres-de-haute-charente-deux-accidents-et-deux-blesses-dont-un-grave-presque-dans-la-meme-journee-a-suaux-et-chasseneuil\\\/#primaryimage\",\"url\":\"https:\\\/\\\/www.accidentdutravail-idf.net\\\/blog\\\/wp-content\\\/uploads\\\/2024\\\/06\\\/terres-de-haute-charente-deux-accidents-et-deux-blesses-dont-un-grave-presque-dans-la-meme-journee-a-suaux-et-chasseneuil.jpg\",\"contentUrl\":\"https:\\\/\\\/www.accidentdutravail-idf.net\\\/blog\\\/wp-content\\\/uploads\\\/2024\\\/06\\\/terres-de-haute-charente-deux-accidents-et-deux-blesses-dont-un-grave-presque-dans-la-meme-journee-a-suaux-et-chasseneuil.jpg\"},{\"@type\":\"BreadcrumbList\",\"@id\":\"https:\\\/\\\/www.accidentdutravail-idf.net\\\/blog\\\/terres-de-haute-charente-deux-accidents-et-deux-blesses-dont-un-grave-presque-dans-la-meme-journee-a-suaux-et-chasseneuil\\\/#breadcrumb\",\"itemListElement\":[{\"@type\":\"ListItem\",\"position\":1,\"name\":\"Accueil\",\"item\":\"https:\\\/\\\/www.accidentdutravail-idf.net\\\/blog\\\/\"},{\"@type\":\"ListItem\",\"position\":2,\"name\":\"Terres-de-Haute-Charente : deux accidents et deux bless\u00e9s dont un grave presque dans la m\u00eame journ\u00e9e \u00e0 Suaux et Chasseneuil\"}]},{\"@type\":\"WebSite\",\"@id\":\"https:\\\/\\\/www.accidentdutravail-idf.net\\\/blog\\\/#website\",\"url\":\"https:\\\/\\\/www.accidentdutravail-idf.net\\\/blog\\\/\",\"name\":\"ACCIDENTDUTRAVAIL-IDF\",\"description\":\"Portail accidents du travail-maladies professionnelles des entreprises d&#039;Ile-de-France\",\"publisher\":{\"@id\":\"https:\\\/\\\/www.accidentdutravail-idf.net\\\/blog\\\/#organization\"},\"potentialAction\":[{\"@type\":\"SearchAction\",\"target\":{\"@type\":\"EntryPoint\",\"urlTemplate\":\"https:\\\/\\\/www.accidentdutravail-idf.net\\\/blog\\\/?s={search_term_string}\"},\"query-input\":{\"@type\":\"PropertyValueSpecification\",\"valueRequired\":true,\"valueName\":\"search_term_string\"}}],\"inLanguage\":\"fr-FR\"},{\"@type\":\"Organization\",\"@id\":\"https:\\\/\\\/www.accidentdutravail-idf.net\\\/blog\\\/#organization\",\"name\":\"accidentdutravail-idf\",\"url\":\"https:\\\/\\\/www.accidentdutravail-idf.net\\\/blog\\\/\",\"logo\":{\"@type\":\"ImageObject\",\"inLanguage\":\"fr-FR\",\"@id\":\"https:\\\/\\\/www.accidentdutravail-idf.net\\\/blog\\\/#\\\/schema\\\/logo\\\/image\\\/\",\"url\":\"https:\\\/\\\/www.accidentdutravail-idf.net\\\/blog\\\/wp-content\\\/uploads\\\/2022\\\/09\\\/logo-2.png\",\"contentUrl\":\"https:\\\/\\\/www.accidentdutravail-idf.net\\\/blog\\\/wp-content\\\/uploads\\\/2022\\\/09\\\/logo-2.png\",\"width\":380,\"height\":291,\"caption\":\"accidentdutravail-idf\"},\"image\":{\"@id\":\"https:\\\/\\\/www.accidentdutravail-idf.net\\\/blog\\\/#\\\/schema\\\/logo\\\/image\\\/\"}},{\"@type\":\"Person\",\"@id\":\"https:\\\/\\\/www.accidentdutravail-idf.net\\\/blog\\\/#\\\/schema\\\/person\\\/3255d2f970de45e64bd9201f38e7b947\",\"name\":\"Carlos Poulain\",\"image\":{\"@type\":\"ImageObject\",\"inLanguage\":\"fr-FR\",\"@id\":\"https:\\\/\\\/secure.gravatar.com\\\/avatar\\\/b1c2f9d3588e34e91adb093635df64ef4b2381991216be7576466cfcdca4baf3?s=96&d=mm&r=g\",\"url\":\"https:\\\/\\\/secure.gravatar.com\\\/avatar\\\/b1c2f9d3588e34e91adb093635df64ef4b2381991216be7576466cfcdca4baf3?s=96&d=mm&r=g\",\"contentUrl\":\"https:\\\/\\\/secure.gravatar.com\\\/avatar\\\/b1c2f9d3588e34e91adb093635df64ef4b2381991216be7576466cfcdca4baf3?s=96&d=mm&r=g\",\"caption\":\"Carlos Poulain\"},\"url\":\"https:\\\/\\\/www.accidentdutravail-idf.net\\\/blog\\\/author\\\/idfcarlos\\\/\"}]}<\/script>\n<!-- \/ Yoast SEO plugin. -->","yoast_head_json":{"title":"Terres-de-Haute-Charente : deux accidents et deux bless\u00e9s dont un grave presque dans la m\u00eame journ\u00e9e \u00e0 Suaux et Chasseneuil - ACCIDENTDUTRAVAIL-IDF","description":"Terres-de-Haute-Charente : deux accidents et deux bless\u00e9s dont un grave presque dans la m\u00eame journ\u00e9e \u00e0 Suaux et Chasseneuil article de ACCIDENTDUTRAVAIL-IDF","robots":{"index":"index","follow":"follow","max-snippet":"max-snippet:-1","max-image-preview":"max-image-preview:large","max-video-preview":"max-video-preview:-1"},"canonical":"https:\/\/www.accidentdutravail-idf.net\/blog\/terres-de-haute-charente-deux-accidents-et-deux-blesses-dont-un-grave-presque-dans-la-meme-journee-a-suaux-et-chasseneuil\/","og_locale":"fr_FR","og_type":"article","og_title":"Terres-de-Haute-Charente : deux accidents et deux bless\u00e9s dont un grave presque dans la m\u00eame journ\u00e9e \u00e0 Suaux et Chasseneuil - ACCIDENTDUTRAVAIL-IDF","og_description":"Terres-de-Haute-Charente : deux accidents et deux bless\u00e9s dont un grave presque dans la m\u00eame journ\u00e9e \u00e0 Suaux et Chasseneuil article de ACCIDENTDUTRAVAIL-IDF","og_url":"https:\/\/www.accidentdutravail-idf.net\/blog\/terres-de-haute-charente-deux-accidents-et-deux-blesses-dont-un-grave-presque-dans-la-meme-journee-a-suaux-et-chasseneuil\/","og_site_name":"ACCIDENTDUTRAVAIL-IDF","article_published_time":"2024-06-16T01:32:00+00:00","og_image":[{"url":"https:\/\/www.accidentdutravail-idf.net\/blog\/wp-content\/uploads\/2024\/06\/terres-de-haute-charente-deux-accidents-et-deux-blesses-dont-un-grave-presque-dans-la-meme-journee-a-suaux-et-chasseneuil.jpg","type":"","width":"","height":""}],"author":"Carlos Poulain","twitter_card":"summary_large_image","twitter_misc":{"\u00c9crit par":"Carlos Poulain","Dur\u00e9e de lecture estim\u00e9e":"1 minute"},"schema":{"@context":"https:\/\/schema.org","@graph":[{"@type":"Article","@id":"https:\/\/www.accidentdutravail-idf.net\/blog\/terres-de-haute-charente-deux-accidents-et-deux-blesses-dont-un-grave-presque-dans-la-meme-journee-a-suaux-et-chasseneuil\/#article","isPartOf":{"@id":"https:\/\/www.accidentdutravail-idf.net\/blog\/terres-de-haute-charente-deux-accidents-et-deux-blesses-dont-un-grave-presque-dans-la-meme-journee-a-suaux-et-chasseneuil\/"},"author":{"name":"Carlos Poulain","@id":"https:\/\/www.accidentdutravail-idf.net\/blog\/#\/schema\/person\/3255d2f970de45e64bd9201f38e7b947"},"headline":"Terres-de-Haute-Charente : deux accidents et deux bless\u00e9s dont un grave presque dans la m\u00eame journ\u00e9e \u00e0 Suaux et Chasseneuil","datePublished":"2024-06-16T01:32:00+00:00","mainEntityOfPage":{"@id":"https:\/\/www.accidentdutravail-idf.net\/blog\/terres-de-haute-charente-deux-accidents-et-deux-blesses-dont-un-grave-presque-dans-la-meme-journee-a-suaux-et-chasseneuil\/"},"wordCount":244,"publisher":{"@id":"https:\/\/www.accidentdutravail-idf.net\/blog\/#organization"},"image":{"@id":"https:\/\/www.accidentdutravail-idf.net\/blog\/terres-de-haute-charente-deux-accidents-et-deux-blesses-dont-un-grave-presque-dans-la-meme-journee-a-suaux-et-chasseneuil\/#primaryimage"},"thumbnailUrl":"https:\/\/www.accidentdutravail-idf.net\/blog\/wp-content\/uploads\/2024\/06\/terres-de-haute-charente-deux-accidents-et-deux-blesses-dont-un-grave-presque-dans-la-meme-journee-a-suaux-et-chasseneuil.jpg","articleSection":["S\u00e9curit\u00e9 Du Travail En Ile-De-France Et Divers:"],"inLanguage":"fr-FR"},{"@type":"WebPage","@id":"https:\/\/www.accidentdutravail-idf.net\/blog\/terres-de-haute-charente-deux-accidents-et-deux-blesses-dont-un-grave-presque-dans-la-meme-journee-a-suaux-et-chasseneuil\/","url":"https:\/\/www.accidentdutravail-idf.net\/blog\/terres-de-haute-charente-deux-accidents-et-deux-blesses-dont-un-grave-presque-dans-la-meme-journee-a-suaux-et-chasseneuil\/","name":"Terres-de-Haute-Charente : deux accidents et deux bless\u00e9s dont un grave presque dans la m\u00eame journ\u00e9e \u00e0 Suaux et Chasseneuil - ACCIDENTDUTRAVAIL-IDF","isPartOf":{"@id":"https:\/\/www.accidentdutravail-idf.net\/blog\/#website"},"primaryImageOfPage":{"@id":"https:\/\/www.accidentdutravail-idf.net\/blog\/terres-de-haute-charente-deux-accidents-et-deux-blesses-dont-un-grave-presque-dans-la-meme-journee-a-suaux-et-chasseneuil\/#primaryimage"},"image":{"@id":"https:\/\/www.accidentdutravail-idf.net\/blog\/terres-de-haute-charente-deux-accidents-et-deux-blesses-dont-un-grave-presque-dans-la-meme-journee-a-suaux-et-chasseneuil\/#primaryimage"},"thumbnailUrl":"https:\/\/www.accidentdutravail-idf.net\/blog\/wp-content\/uploads\/2024\/06\/terres-de-haute-charente-deux-accidents-et-deux-blesses-dont-un-grave-presque-dans-la-meme-journee-a-suaux-et-chasseneuil.jpg","datePublished":"2024-06-16T01:32:00+00:00","description":"Terres-de-Haute-Charente : deux accidents et deux bless\u00e9s dont un grave presque dans la m\u00eame journ\u00e9e \u00e0 Suaux et Chasseneuil article de ACCIDENTDUTRAVAIL-IDF","breadcrumb":{"@id":"https:\/\/www.accidentdutravail-idf.net\/blog\/terres-de-haute-charente-deux-accidents-et-deux-blesses-dont-un-grave-presque-dans-la-meme-journee-a-suaux-et-chasseneuil\/#breadcrumb"},"inLanguage":"fr-FR","potentialAction":[{"@type":"ReadAction","target":["https:\/\/www.accidentdutravail-idf.net\/blog\/terres-de-haute-charente-deux-accidents-et-deux-blesses-dont-un-grave-presque-dans-la-meme-journee-a-suaux-et-chasseneuil\/"]}]},{"@type":"ImageObject","inLanguage":"fr-FR","@id":"https:\/\/www.accidentdutravail-idf.net\/blog\/terres-de-haute-charente-deux-accidents-et-deux-blesses-dont-un-grave-presque-dans-la-meme-journee-a-suaux-et-chasseneuil\/#primaryimage","url":"https:\/\/www.accidentdutravail-idf.net\/blog\/wp-content\/uploads\/2024\/06\/terres-de-haute-charente-deux-accidents-et-deux-blesses-dont-un-grave-presque-dans-la-meme-journee-a-suaux-et-chasseneuil.jpg","contentUrl":"https:\/\/www.accidentdutravail-idf.net\/blog\/wp-content\/uploads\/2024\/06\/terres-de-haute-charente-deux-accidents-et-deux-blesses-dont-un-grave-presque-dans-la-meme-journee-a-suaux-et-chasseneuil.jpg"},{"@type":"BreadcrumbList","@id":"https:\/\/www.accidentdutravail-idf.net\/blog\/terres-de-haute-charente-deux-accidents-et-deux-blesses-dont-un-grave-presque-dans-la-meme-journee-a-suaux-et-chasseneuil\/#breadcrumb","itemListElement":[{"@type":"ListItem","position":1,"name":"Accueil","item":"https:\/\/www.accidentdutravail-idf.net\/blog\/"},{"@type":"ListItem","position":2,"name":"Terres-de-Haute-Charente : deux accidents et deux bless\u00e9s dont un grave presque dans la m\u00eame journ\u00e9e \u00e0 Suaux et Chasseneuil"}]},{"@type":"WebSite","@id":"https:\/\/www.accidentdutravail-idf.net\/blog\/#website","url":"https:\/\/www.accidentdutravail-idf.net\/blog\/","name":"ACCIDENTDUTRAVAIL-IDF","description":"Portail accidents du travail-maladies professionnelles des entreprises d&#039;Ile-de-France","publisher":{"@id":"https:\/\/www.accidentdutravail-idf.net\/blog\/#organization"},"potentialAction":[{"@type":"SearchAction","target":{"@type":"EntryPoint","urlTemplate":"https:\/\/www.accidentdutravail-idf.net\/blog\/?s={search_term_string}"},"query-input":{"@type":"PropertyValueSpecification","valueRequired":true,"valueName":"search_term_string"}}],"inLanguage":"fr-FR"},{"@type":"Organization","@id":"https:\/\/www.accidentdutravail-idf.net\/blog\/#organization","name":"accidentdutravail-idf","url":"https:\/\/www.accidentdutravail-idf.net\/blog\/","logo":{"@type":"ImageObject","inLanguage":"fr-FR","@id":"https:\/\/www.accidentdutravail-idf.net\/blog\/#\/schema\/logo\/image\/","url":"https:\/\/www.accidentdutravail-idf.net\/blog\/wp-content\/uploads\/2022\/09\/logo-2.png","contentUrl":"https:\/\/www.accidentdutravail-idf.net\/blog\/wp-content\/uploads\/2022\/09\/logo-2.png","width":380,"height":291,"caption":"accidentdutravail-idf"},"image":{"@id":"https:\/\/www.accidentdutravail-idf.net\/blog\/#\/schema\/logo\/image\/"}},{"@type":"Person","@id":"https:\/\/www.accidentdutravail-idf.net\/blog\/#\/schema\/person\/3255d2f970de45e64bd9201f38e7b947","name":"Carlos Poulain","image":{"@type":"ImageObject","inLanguage":"fr-FR","@id":"https:\/\/secure.gravatar.com\/avatar\/b1c2f9d3588e34e91adb093635df64ef4b2381991216be7576466cfcdca4baf3?s=96&d=mm&r=g","url":"https:\/\/secure.gravatar.com\/avatar\/b1c2f9d3588e34e91adb093635df64ef4b2381991216be7576466cfcdca4baf3?s=96&d=mm&r=g","contentUrl":"https:\/\/secure.gravatar.com\/avatar\/b1c2f9d3588e34e91adb093635df64ef4b2381991216be7576466cfcdca4baf3?s=96&d=mm&r=g","caption":"Carlos Poulain"},"url":"https:\/\/www.accidentdutravail-idf.net\/blog\/author\/idfcarlos\/"}]}},"_links":{"self":[{"href":"https:\/\/www.accidentdutravail-idf.net\/blog\/wp-json\/wp\/v2\/posts\/459","targetHints":{"allow":["GET"]}}],"collection":[{"href":"https:\/\/www.accidentdutravail-idf.net\/blog\/wp-json\/wp\/v2\/posts"}],"about":[{"href":"https:\/\/www.accidentdutravail-idf.net\/blog\/wp-json\/wp\/v2\/types\/post"}],"author":[{"embeddable":true,"href":"https:\/\/www.accidentdutravail-idf.net\/blog\/wp-json\/wp\/v2\/users\/2"}],"replies":[{"embeddable":true,"href":"https:\/\/www.accidentdutravail-idf.net\/blog\/wp-json\/wp\/v2\/comments?post=459"}],"version-history":[{"count":0,"href":"https:\/\/www.accidentdutravail-idf.net\/blog\/wp-json\/wp\/v2\/posts\/459\/revisions"}],"wp:attachment":[{"href":"https:\/\/www.accidentdutravail-idf.net\/blog\/wp-json\/wp\/v2\/media?parent=459"}],"wp:term":[{"taxonomy":"category","embeddable":true,"href":"https:\/\/www.accidentdutravail-idf.net\/blog\/wp-json\/wp\/v2\/categories?post=459"},{"taxonomy":"post_tag","embeddable":true,"href":"https:\/\/www.accidentdutravail-idf.net\/blog\/wp-json\/wp\/v2\/tags?post=459"}],"curies":[{"name":"wp","href":"https:\/\/api.w.org\/{rel}","templated":true}]}}