{"id":457,"date":"2024-06-13T19:00:00","date_gmt":"2024-06-13T17:00:00","guid":{"rendered":"https:\/\/www.accidentdutravail-idf.net\/blog\/un-agent-communal-de-56-ans-decede-dans-un-accident-de-tracteur-en-normandie\/"},"modified":"2024-06-13T19:00:00","modified_gmt":"2024-06-13T17:00:00","slug":"un-agent-communal-de-56-ans-decede-dans-un-accident-de-tracteur-en-normandie","status":"publish","type":"post","link":"https:\/\/www.accidentdutravail-idf.net\/blog\/un-agent-communal-de-56-ans-decede-dans-un-accident-de-tracteur-en-normandie\/","title":{"rendered":"Un agent communal de 56 ans d\u00e9c\u00e8de dans un accident de tracteur en Normandie"},"content":{"rendered":"<div><img decoding=\"async\" src=\"https:\/\/www.accidentdutravail-idf.net\/blog\/wp-content\/uploads\/2024\/06\/un-agent-communal-de-56-ans-decede-dans-un-accident-de-tracteur-en-normandie.jpg\" class=\"ff-og-image-inserted\"><\/div>\n<p>Un agent communal est d\u00e9c\u00e9d\u00e9 dans <a href=\"https:\/\/www.ouest-france.fr\/faits-divers\/accidents\/\" target=\"_self\" rel=\"noopener nofollow\">un accident<\/a> de tracteur ce vendredi 14&nbsp;juin 2024, \u00e0 Putanges-le-Lac, dans l\u2019Orne. Les secours et la gendarmerie ont \u00e9t\u00e9 alert\u00e9s aux alentours de 11&nbsp;h au chemin de Friche, par les agents du service espaces verts qui faisaient des travaux d\u2019entretien aux abords du complexe sportif.<\/p>\n<p><strong>Lire aussi&nbsp;:<\/strong> <a href=\"https:\/\/www.ouest-france.fr\/societe\/faits-divers\/un-homme-meurt-dans-un-accident-du-travail-dans-lusine-agroalimentaire-snv-en-normandie-7828b24a-1e7b-11ef-9302-e3fef0044a0c\" target=\"_self\" rel=\"noopener nofollow\">Un homme meurt apr\u00e8s un accident du travail dans l\u2019usine agroalimentaire SNV en Normandie<\/a><\/p>\n<h2 id=\"section-4-une-chute-dune-dizaine-de-metres\">Une chute d\u2019une dizaine de m\u00e8tres<\/h2>\n<p>Alors qu\u2019il \u00e9tait au volant d\u2019un tracteur tondeuse, l\u2019homme a fait une chute d\u2019une dizaine de m\u00e8tres sur une pente descendante, puis est tomb\u00e9 de l\u2019engin. <strong>\u00ab&nbsp;Malgr\u00e9 l\u2019intervention rapide des secours, il n\u2019a pas pu \u00eatre r\u00e9anim\u00e9. Il est d\u00e9c\u00e9d\u00e9 sur place&nbsp;\u00bb<\/strong> <strong>,<\/strong> pr\u00e9cise la gendarmerie.<\/p>\n<p>La victime, originaire de Briouze, \u00e9tait \u00e2g\u00e9e de 56&nbsp;ans. Il travaillait depuis de nombreuses ann\u00e9es au sein du service des espaces verts \u00e0 Putanges-le-Lac.<strong> \u00ab&nbsp;J\u2019ai une pens\u00e9e pour mon agent, ses coll\u00e8gues, sa famille et ses enfants. Il \u00e9tait connu de toute la population. Sa disparition dans de telles circonstances est terrible&nbsp;\u00bb, <\/strong>a exprim\u00e9 <a href=\"https:\/\/www.ouest-france.fr\/normandie\/putanges-le-lac-61210\/des-travaux-de-securisation-du-bourg-a-putanges-le-lac-9197bd46-b9e2-11ee-b9d9-64e72790227c\" target=\"_self\" rel=\"noopener nofollow\">S\u00e9bastien Leroux, le maire<\/a>.<\/p>\n<p>Une enqu\u00eate a \u00e9t\u00e9 ouverte par le parquet d\u2019Argentan pour d\u00e9terminer les causes de cet accident du travail. Elle est confi\u00e9e \u00e0 la communaut\u00e9 de brigade de gendarmerie d\u2019Argentan.<\/p>\n<footer class=\"liste-tags su-margin-bottom-m\" data-ofstats-scroll=\"tags pied article\">\n<div class=\"su-carrousel snap-migrate\"><button class=\"su-button-left su-inactif inactif\" data-suswipeprev><span class=\"su-icon\">gauche<\/span><\/button><button class=\"su-button-right\" data-suswipenext><span class=\"su-icon\">droite<\/span><\/button><\/div>\n<\/footer>\n<p> accidentdutravail-idf.net vous a pr\u00e9par\u00e9 ce post qui informe du sujet \u00ab\u00a0Association Sportive Huisson-Longueville Essonne\u00a0\u00bb. La chronique se veut g\u00e9n\u00e9r\u00e9e du mieux possible. Vous pouvez utiliser les coordonn\u00e9es indiqu\u00e9es sur le site dans le but d\u2019apporter des explications sur ce post qui parle du th\u00e8me \u00ab\u00a0Association Sportive Huisson-Longueville Essonne\u00a0\u00bb. Le site accidentdutravail-idf.net a pour but de fournir diverses publications sur la th\u00e9matique Association Sportive Huisson-Longueville Essonne diffus\u00e9es sur le net. Il y aura plusieurs articles autour du sujet \u00ab\u00a0Association Sportive Huisson-Longueville Essonne\u00a0\u00bb dans quelques jours, nous vous invitons \u00e0 naviguer sur notre site web \u00e0 plusieurs reprises.<\/p>\n","protected":false},"excerpt":{"rendered":"<p>Un agent communal est d\u00e9c\u00e9d\u00e9 dans un accident de tracteur ce vendredi 14&nbsp;juin 2024, \u00e0 Putanges-le-Lac, dans l\u2019Orne. Les secours et la gendarmerie ont \u00e9t\u00e9 alert\u00e9s aux alentours de 11&nbsp;h au chemin de Friche, par les agents du service espaces verts qui faisaient des travaux d\u2019entretien aux abords du complexe sportif. Lire aussi&nbsp;: Un homme &hellip; <\/p>\n<p class=\"link-more\"><a href=\"https:\/\/www.accidentdutravail-idf.net\/blog\/un-agent-communal-de-56-ans-decede-dans-un-accident-de-tracteur-en-normandie\/\" class=\"more-link\">Continuer la lecture <span class=\"screen-reader-text\"> \u00ab\u00a0Un agent communal de 56 ans d\u00e9c\u00e8de dans un accident de tracteur en Normandie\u00a0\u00bb<\/span><\/a><\/p>\n","protected":false},"author":2,"featured_media":0,"comment_status":"closed","ping_status":"closed","sticky":false,"template":"","format":"standard","meta":{"footnotes":""},"categories":[5],"tags":[],"class_list":["post-457","post","type-post","status-publish","format-standard","hentry","category-securite-du-travail-en-ile-de-france-et-divers","entry"],"yoast_head":"<!-- This site is optimized with the Yoast SEO plugin v27.5 - https:\/\/yoast.com\/product\/yoast-seo-wordpress\/ -->\n<title>Un agent communal de 56 ans d\u00e9c\u00e8de dans un accident de tracteur en Normandie - ACCIDENTDUTRAVAIL-IDF<\/title>\n<meta name=\"description\" content=\"Un agent communal de 56 ans d\u00e9c\u00e8de dans un accident de tracteur en Normandie article de ACCIDENTDUTRAVAIL-IDF\" \/>\n<meta name=\"robots\" content=\"index, follow, max-snippet:-1, max-image-preview:large, max-video-preview:-1\" \/>\n<link rel=\"canonical\" href=\"https:\/\/www.accidentdutravail-idf.net\/blog\/un-agent-communal-de-56-ans-decede-dans-un-accident-de-tracteur-en-normandie\/\" \/>\n<meta property=\"og:locale\" content=\"fr_FR\" \/>\n<meta property=\"og:type\" content=\"article\" \/>\n<meta property=\"og:title\" content=\"Un agent communal de 56 ans d\u00e9c\u00e8de dans un accident de tracteur en Normandie - ACCIDENTDUTRAVAIL-IDF\" \/>\n<meta property=\"og:description\" content=\"Un agent communal de 56 ans d\u00e9c\u00e8de dans un accident de tracteur en Normandie article de ACCIDENTDUTRAVAIL-IDF\" \/>\n<meta property=\"og:url\" content=\"https:\/\/www.accidentdutravail-idf.net\/blog\/un-agent-communal-de-56-ans-decede-dans-un-accident-de-tracteur-en-normandie\/\" \/>\n<meta property=\"og:site_name\" content=\"ACCIDENTDUTRAVAIL-IDF\" \/>\n<meta property=\"article:published_time\" content=\"2024-06-13T17:00:00+00:00\" \/>\n<meta property=\"og:image\" content=\"https:\/\/www.accidentdutravail-idf.net\/blog\/wp-content\/uploads\/2024\/06\/un-agent-communal-de-56-ans-decede-dans-un-accident-de-tracteur-en-normandie.jpg\" \/>\n<meta name=\"author\" content=\"Carlos Poulain\" \/>\n<meta name=\"twitter:card\" content=\"summary_large_image\" \/>\n<meta name=\"twitter:label1\" content=\"\u00c9crit par\" \/>\n\t<meta name=\"twitter:data1\" content=\"Carlos Poulain\" \/>\n\t<meta name=\"twitter:label2\" content=\"Dur\u00e9e de lecture estim\u00e9e\" \/>\n\t<meta name=\"twitter:data2\" content=\"2 minutes\" \/>\n<script type=\"application\/ld+json\" class=\"yoast-schema-graph\">{\"@context\":\"https:\\\/\\\/schema.org\",\"@graph\":[{\"@type\":\"Article\",\"@id\":\"https:\\\/\\\/www.accidentdutravail-idf.net\\\/blog\\\/un-agent-communal-de-56-ans-decede-dans-un-accident-de-tracteur-en-normandie\\\/#article\",\"isPartOf\":{\"@id\":\"https:\\\/\\\/www.accidentdutravail-idf.net\\\/blog\\\/un-agent-communal-de-56-ans-decede-dans-un-accident-de-tracteur-en-normandie\\\/\"},\"author\":{\"name\":\"Carlos Poulain\",\"@id\":\"https:\\\/\\\/www.accidentdutravail-idf.net\\\/blog\\\/#\\\/schema\\\/person\\\/3255d2f970de45e64bd9201f38e7b947\"},\"headline\":\"Un agent communal de 56 ans d\u00e9c\u00e8de dans un accident de tracteur en Normandie\",\"datePublished\":\"2024-06-13T17:00:00+00:00\",\"mainEntityOfPage\":{\"@id\":\"https:\\\/\\\/www.accidentdutravail-idf.net\\\/blog\\\/un-agent-communal-de-56-ans-decede-dans-un-accident-de-tracteur-en-normandie\\\/\"},\"wordCount\":364,\"publisher\":{\"@id\":\"https:\\\/\\\/www.accidentdutravail-idf.net\\\/blog\\\/#organization\"},\"image\":{\"@id\":\"https:\\\/\\\/www.accidentdutravail-idf.net\\\/blog\\\/un-agent-communal-de-56-ans-decede-dans-un-accident-de-tracteur-en-normandie\\\/#primaryimage\"},\"thumbnailUrl\":\"https:\\\/\\\/www.accidentdutravail-idf.net\\\/blog\\\/wp-content\\\/uploads\\\/2024\\\/06\\\/un-agent-communal-de-56-ans-decede-dans-un-accident-de-tracteur-en-normandie.jpg\",\"articleSection\":[\"S\u00e9curit\u00e9 Du Travail En Ile-De-France Et Divers:\"],\"inLanguage\":\"fr-FR\"},{\"@type\":\"WebPage\",\"@id\":\"https:\\\/\\\/www.accidentdutravail-idf.net\\\/blog\\\/un-agent-communal-de-56-ans-decede-dans-un-accident-de-tracteur-en-normandie\\\/\",\"url\":\"https:\\\/\\\/www.accidentdutravail-idf.net\\\/blog\\\/un-agent-communal-de-56-ans-decede-dans-un-accident-de-tracteur-en-normandie\\\/\",\"name\":\"Un agent communal de 56 ans d\u00e9c\u00e8de dans un accident de tracteur en Normandie - ACCIDENTDUTRAVAIL-IDF\",\"isPartOf\":{\"@id\":\"https:\\\/\\\/www.accidentdutravail-idf.net\\\/blog\\\/#website\"},\"primaryImageOfPage\":{\"@id\":\"https:\\\/\\\/www.accidentdutravail-idf.net\\\/blog\\\/un-agent-communal-de-56-ans-decede-dans-un-accident-de-tracteur-en-normandie\\\/#primaryimage\"},\"image\":{\"@id\":\"https:\\\/\\\/www.accidentdutravail-idf.net\\\/blog\\\/un-agent-communal-de-56-ans-decede-dans-un-accident-de-tracteur-en-normandie\\\/#primaryimage\"},\"thumbnailUrl\":\"https:\\\/\\\/www.accidentdutravail-idf.net\\\/blog\\\/wp-content\\\/uploads\\\/2024\\\/06\\\/un-agent-communal-de-56-ans-decede-dans-un-accident-de-tracteur-en-normandie.jpg\",\"datePublished\":\"2024-06-13T17:00:00+00:00\",\"description\":\"Un agent communal de 56 ans d\u00e9c\u00e8de dans un accident de tracteur en Normandie article de ACCIDENTDUTRAVAIL-IDF\",\"breadcrumb\":{\"@id\":\"https:\\\/\\\/www.accidentdutravail-idf.net\\\/blog\\\/un-agent-communal-de-56-ans-decede-dans-un-accident-de-tracteur-en-normandie\\\/#breadcrumb\"},\"inLanguage\":\"fr-FR\",\"potentialAction\":[{\"@type\":\"ReadAction\",\"target\":[\"https:\\\/\\\/www.accidentdutravail-idf.net\\\/blog\\\/un-agent-communal-de-56-ans-decede-dans-un-accident-de-tracteur-en-normandie\\\/\"]}]},{\"@type\":\"ImageObject\",\"inLanguage\":\"fr-FR\",\"@id\":\"https:\\\/\\\/www.accidentdutravail-idf.net\\\/blog\\\/un-agent-communal-de-56-ans-decede-dans-un-accident-de-tracteur-en-normandie\\\/#primaryimage\",\"url\":\"https:\\\/\\\/www.accidentdutravail-idf.net\\\/blog\\\/wp-content\\\/uploads\\\/2024\\\/06\\\/un-agent-communal-de-56-ans-decede-dans-un-accident-de-tracteur-en-normandie.jpg\",\"contentUrl\":\"https:\\\/\\\/www.accidentdutravail-idf.net\\\/blog\\\/wp-content\\\/uploads\\\/2024\\\/06\\\/un-agent-communal-de-56-ans-decede-dans-un-accident-de-tracteur-en-normandie.jpg\"},{\"@type\":\"BreadcrumbList\",\"@id\":\"https:\\\/\\\/www.accidentdutravail-idf.net\\\/blog\\\/un-agent-communal-de-56-ans-decede-dans-un-accident-de-tracteur-en-normandie\\\/#breadcrumb\",\"itemListElement\":[{\"@type\":\"ListItem\",\"position\":1,\"name\":\"Accueil\",\"item\":\"https:\\\/\\\/www.accidentdutravail-idf.net\\\/blog\\\/\"},{\"@type\":\"ListItem\",\"position\":2,\"name\":\"Un agent communal de 56 ans d\u00e9c\u00e8de dans un accident de tracteur en Normandie\"}]},{\"@type\":\"WebSite\",\"@id\":\"https:\\\/\\\/www.accidentdutravail-idf.net\\\/blog\\\/#website\",\"url\":\"https:\\\/\\\/www.accidentdutravail-idf.net\\\/blog\\\/\",\"name\":\"ACCIDENTDUTRAVAIL-IDF\",\"description\":\"Portail accidents du travail-maladies professionnelles des entreprises d&#039;Ile-de-France\",\"publisher\":{\"@id\":\"https:\\\/\\\/www.accidentdutravail-idf.net\\\/blog\\\/#organization\"},\"potentialAction\":[{\"@type\":\"SearchAction\",\"target\":{\"@type\":\"EntryPoint\",\"urlTemplate\":\"https:\\\/\\\/www.accidentdutravail-idf.net\\\/blog\\\/?s={search_term_string}\"},\"query-input\":{\"@type\":\"PropertyValueSpecification\",\"valueRequired\":true,\"valueName\":\"search_term_string\"}}],\"inLanguage\":\"fr-FR\"},{\"@type\":\"Organization\",\"@id\":\"https:\\\/\\\/www.accidentdutravail-idf.net\\\/blog\\\/#organization\",\"name\":\"accidentdutravail-idf\",\"url\":\"https:\\\/\\\/www.accidentdutravail-idf.net\\\/blog\\\/\",\"logo\":{\"@type\":\"ImageObject\",\"inLanguage\":\"fr-FR\",\"@id\":\"https:\\\/\\\/www.accidentdutravail-idf.net\\\/blog\\\/#\\\/schema\\\/logo\\\/image\\\/\",\"url\":\"https:\\\/\\\/www.accidentdutravail-idf.net\\\/blog\\\/wp-content\\\/uploads\\\/2022\\\/09\\\/logo-2.png\",\"contentUrl\":\"https:\\\/\\\/www.accidentdutravail-idf.net\\\/blog\\\/wp-content\\\/uploads\\\/2022\\\/09\\\/logo-2.png\",\"width\":380,\"height\":291,\"caption\":\"accidentdutravail-idf\"},\"image\":{\"@id\":\"https:\\\/\\\/www.accidentdutravail-idf.net\\\/blog\\\/#\\\/schema\\\/logo\\\/image\\\/\"}},{\"@type\":\"Person\",\"@id\":\"https:\\\/\\\/www.accidentdutravail-idf.net\\\/blog\\\/#\\\/schema\\\/person\\\/3255d2f970de45e64bd9201f38e7b947\",\"name\":\"Carlos Poulain\",\"image\":{\"@type\":\"ImageObject\",\"inLanguage\":\"fr-FR\",\"@id\":\"https:\\\/\\\/secure.gravatar.com\\\/avatar\\\/b1c2f9d3588e34e91adb093635df64ef4b2381991216be7576466cfcdca4baf3?s=96&d=mm&r=g\",\"url\":\"https:\\\/\\\/secure.gravatar.com\\\/avatar\\\/b1c2f9d3588e34e91adb093635df64ef4b2381991216be7576466cfcdca4baf3?s=96&d=mm&r=g\",\"contentUrl\":\"https:\\\/\\\/secure.gravatar.com\\\/avatar\\\/b1c2f9d3588e34e91adb093635df64ef4b2381991216be7576466cfcdca4baf3?s=96&d=mm&r=g\",\"caption\":\"Carlos Poulain\"},\"url\":\"https:\\\/\\\/www.accidentdutravail-idf.net\\\/blog\\\/author\\\/idfcarlos\\\/\"}]}<\/script>\n<!-- \/ Yoast SEO plugin. -->","yoast_head_json":{"title":"Un agent communal de 56 ans d\u00e9c\u00e8de dans un accident de tracteur en Normandie - ACCIDENTDUTRAVAIL-IDF","description":"Un agent communal de 56 ans d\u00e9c\u00e8de dans un accident de tracteur en Normandie article de ACCIDENTDUTRAVAIL-IDF","robots":{"index":"index","follow":"follow","max-snippet":"max-snippet:-1","max-image-preview":"max-image-preview:large","max-video-preview":"max-video-preview:-1"},"canonical":"https:\/\/www.accidentdutravail-idf.net\/blog\/un-agent-communal-de-56-ans-decede-dans-un-accident-de-tracteur-en-normandie\/","og_locale":"fr_FR","og_type":"article","og_title":"Un agent communal de 56 ans d\u00e9c\u00e8de dans un accident de tracteur en Normandie - ACCIDENTDUTRAVAIL-IDF","og_description":"Un agent communal de 56 ans d\u00e9c\u00e8de dans un accident de tracteur en Normandie article de ACCIDENTDUTRAVAIL-IDF","og_url":"https:\/\/www.accidentdutravail-idf.net\/blog\/un-agent-communal-de-56-ans-decede-dans-un-accident-de-tracteur-en-normandie\/","og_site_name":"ACCIDENTDUTRAVAIL-IDF","article_published_time":"2024-06-13T17:00:00+00:00","og_image":[{"url":"https:\/\/www.accidentdutravail-idf.net\/blog\/wp-content\/uploads\/2024\/06\/un-agent-communal-de-56-ans-decede-dans-un-accident-de-tracteur-en-normandie.jpg","type":"","width":"","height":""}],"author":"Carlos Poulain","twitter_card":"summary_large_image","twitter_misc":{"\u00c9crit par":"Carlos Poulain","Dur\u00e9e de lecture estim\u00e9e":"2 minutes"},"schema":{"@context":"https:\/\/schema.org","@graph":[{"@type":"Article","@id":"https:\/\/www.accidentdutravail-idf.net\/blog\/un-agent-communal-de-56-ans-decede-dans-un-accident-de-tracteur-en-normandie\/#article","isPartOf":{"@id":"https:\/\/www.accidentdutravail-idf.net\/blog\/un-agent-communal-de-56-ans-decede-dans-un-accident-de-tracteur-en-normandie\/"},"author":{"name":"Carlos Poulain","@id":"https:\/\/www.accidentdutravail-idf.net\/blog\/#\/schema\/person\/3255d2f970de45e64bd9201f38e7b947"},"headline":"Un agent communal de 56 ans d\u00e9c\u00e8de dans un accident de tracteur en Normandie","datePublished":"2024-06-13T17:00:00+00:00","mainEntityOfPage":{"@id":"https:\/\/www.accidentdutravail-idf.net\/blog\/un-agent-communal-de-56-ans-decede-dans-un-accident-de-tracteur-en-normandie\/"},"wordCount":364,"publisher":{"@id":"https:\/\/www.accidentdutravail-idf.net\/blog\/#organization"},"image":{"@id":"https:\/\/www.accidentdutravail-idf.net\/blog\/un-agent-communal-de-56-ans-decede-dans-un-accident-de-tracteur-en-normandie\/#primaryimage"},"thumbnailUrl":"https:\/\/www.accidentdutravail-idf.net\/blog\/wp-content\/uploads\/2024\/06\/un-agent-communal-de-56-ans-decede-dans-un-accident-de-tracteur-en-normandie.jpg","articleSection":["S\u00e9curit\u00e9 Du Travail En Ile-De-France Et Divers:"],"inLanguage":"fr-FR"},{"@type":"WebPage","@id":"https:\/\/www.accidentdutravail-idf.net\/blog\/un-agent-communal-de-56-ans-decede-dans-un-accident-de-tracteur-en-normandie\/","url":"https:\/\/www.accidentdutravail-idf.net\/blog\/un-agent-communal-de-56-ans-decede-dans-un-accident-de-tracteur-en-normandie\/","name":"Un agent communal de 56 ans d\u00e9c\u00e8de dans un accident de tracteur en Normandie - ACCIDENTDUTRAVAIL-IDF","isPartOf":{"@id":"https:\/\/www.accidentdutravail-idf.net\/blog\/#website"},"primaryImageOfPage":{"@id":"https:\/\/www.accidentdutravail-idf.net\/blog\/un-agent-communal-de-56-ans-decede-dans-un-accident-de-tracteur-en-normandie\/#primaryimage"},"image":{"@id":"https:\/\/www.accidentdutravail-idf.net\/blog\/un-agent-communal-de-56-ans-decede-dans-un-accident-de-tracteur-en-normandie\/#primaryimage"},"thumbnailUrl":"https:\/\/www.accidentdutravail-idf.net\/blog\/wp-content\/uploads\/2024\/06\/un-agent-communal-de-56-ans-decede-dans-un-accident-de-tracteur-en-normandie.jpg","datePublished":"2024-06-13T17:00:00+00:00","description":"Un agent communal de 56 ans d\u00e9c\u00e8de dans un accident de tracteur en Normandie article de ACCIDENTDUTRAVAIL-IDF","breadcrumb":{"@id":"https:\/\/www.accidentdutravail-idf.net\/blog\/un-agent-communal-de-56-ans-decede-dans-un-accident-de-tracteur-en-normandie\/#breadcrumb"},"inLanguage":"fr-FR","potentialAction":[{"@type":"ReadAction","target":["https:\/\/www.accidentdutravail-idf.net\/blog\/un-agent-communal-de-56-ans-decede-dans-un-accident-de-tracteur-en-normandie\/"]}]},{"@type":"ImageObject","inLanguage":"fr-FR","@id":"https:\/\/www.accidentdutravail-idf.net\/blog\/un-agent-communal-de-56-ans-decede-dans-un-accident-de-tracteur-en-normandie\/#primaryimage","url":"https:\/\/www.accidentdutravail-idf.net\/blog\/wp-content\/uploads\/2024\/06\/un-agent-communal-de-56-ans-decede-dans-un-accident-de-tracteur-en-normandie.jpg","contentUrl":"https:\/\/www.accidentdutravail-idf.net\/blog\/wp-content\/uploads\/2024\/06\/un-agent-communal-de-56-ans-decede-dans-un-accident-de-tracteur-en-normandie.jpg"},{"@type":"BreadcrumbList","@id":"https:\/\/www.accidentdutravail-idf.net\/blog\/un-agent-communal-de-56-ans-decede-dans-un-accident-de-tracteur-en-normandie\/#breadcrumb","itemListElement":[{"@type":"ListItem","position":1,"name":"Accueil","item":"https:\/\/www.accidentdutravail-idf.net\/blog\/"},{"@type":"ListItem","position":2,"name":"Un agent communal de 56 ans d\u00e9c\u00e8de dans un accident de tracteur en Normandie"}]},{"@type":"WebSite","@id":"https:\/\/www.accidentdutravail-idf.net\/blog\/#website","url":"https:\/\/www.accidentdutravail-idf.net\/blog\/","name":"ACCIDENTDUTRAVAIL-IDF","description":"Portail accidents du travail-maladies professionnelles des entreprises d&#039;Ile-de-France","publisher":{"@id":"https:\/\/www.accidentdutravail-idf.net\/blog\/#organization"},"potentialAction":[{"@type":"SearchAction","target":{"@type":"EntryPoint","urlTemplate":"https:\/\/www.accidentdutravail-idf.net\/blog\/?s={search_term_string}"},"query-input":{"@type":"PropertyValueSpecification","valueRequired":true,"valueName":"search_term_string"}}],"inLanguage":"fr-FR"},{"@type":"Organization","@id":"https:\/\/www.accidentdutravail-idf.net\/blog\/#organization","name":"accidentdutravail-idf","url":"https:\/\/www.accidentdutravail-idf.net\/blog\/","logo":{"@type":"ImageObject","inLanguage":"fr-FR","@id":"https:\/\/www.accidentdutravail-idf.net\/blog\/#\/schema\/logo\/image\/","url":"https:\/\/www.accidentdutravail-idf.net\/blog\/wp-content\/uploads\/2022\/09\/logo-2.png","contentUrl":"https:\/\/www.accidentdutravail-idf.net\/blog\/wp-content\/uploads\/2022\/09\/logo-2.png","width":380,"height":291,"caption":"accidentdutravail-idf"},"image":{"@id":"https:\/\/www.accidentdutravail-idf.net\/blog\/#\/schema\/logo\/image\/"}},{"@type":"Person","@id":"https:\/\/www.accidentdutravail-idf.net\/blog\/#\/schema\/person\/3255d2f970de45e64bd9201f38e7b947","name":"Carlos Poulain","image":{"@type":"ImageObject","inLanguage":"fr-FR","@id":"https:\/\/secure.gravatar.com\/avatar\/b1c2f9d3588e34e91adb093635df64ef4b2381991216be7576466cfcdca4baf3?s=96&d=mm&r=g","url":"https:\/\/secure.gravatar.com\/avatar\/b1c2f9d3588e34e91adb093635df64ef4b2381991216be7576466cfcdca4baf3?s=96&d=mm&r=g","contentUrl":"https:\/\/secure.gravatar.com\/avatar\/b1c2f9d3588e34e91adb093635df64ef4b2381991216be7576466cfcdca4baf3?s=96&d=mm&r=g","caption":"Carlos Poulain"},"url":"https:\/\/www.accidentdutravail-idf.net\/blog\/author\/idfcarlos\/"}]}},"_links":{"self":[{"href":"https:\/\/www.accidentdutravail-idf.net\/blog\/wp-json\/wp\/v2\/posts\/457","targetHints":{"allow":["GET"]}}],"collection":[{"href":"https:\/\/www.accidentdutravail-idf.net\/blog\/wp-json\/wp\/v2\/posts"}],"about":[{"href":"https:\/\/www.accidentdutravail-idf.net\/blog\/wp-json\/wp\/v2\/types\/post"}],"author":[{"embeddable":true,"href":"https:\/\/www.accidentdutravail-idf.net\/blog\/wp-json\/wp\/v2\/users\/2"}],"replies":[{"embeddable":true,"href":"https:\/\/www.accidentdutravail-idf.net\/blog\/wp-json\/wp\/v2\/comments?post=457"}],"version-history":[{"count":0,"href":"https:\/\/www.accidentdutravail-idf.net\/blog\/wp-json\/wp\/v2\/posts\/457\/revisions"}],"wp:attachment":[{"href":"https:\/\/www.accidentdutravail-idf.net\/blog\/wp-json\/wp\/v2\/media?parent=457"}],"wp:term":[{"taxonomy":"category","embeddable":true,"href":"https:\/\/www.accidentdutravail-idf.net\/blog\/wp-json\/wp\/v2\/categories?post=457"},{"taxonomy":"post_tag","embeddable":true,"href":"https:\/\/www.accidentdutravail-idf.net\/blog\/wp-json\/wp\/v2\/tags?post=457"}],"curies":[{"name":"wp","href":"https:\/\/api.w.org\/{rel}","templated":true}]}}