{"id":450,"date":"2024-06-11T19:00:00","date_gmt":"2024-06-11T17:00:00","guid":{"rendered":"https:\/\/www.accidentdutravail-idf.net\/blog\/temoignages-on-va-a-la-catastrophe-ces-retraites-inquiets-de-la-montee-du-rn\/"},"modified":"2024-06-11T19:00:00","modified_gmt":"2024-06-11T17:00:00","slug":"temoignages-on-va-a-la-catastrophe-ces-retraites-inquiets-de-la-montee-du-rn","status":"publish","type":"post","link":"https:\/\/www.accidentdutravail-idf.net\/blog\/temoignages-on-va-a-la-catastrophe-ces-retraites-inquiets-de-la-montee-du-rn\/","title":{"rendered":"T\u00e9moignages. \u00ab\u00a0On va \u00e0 la catastrophe\u00a0\u00bb : ces retrait\u00e9s inquiets de la mont\u00e9e du RN"},"content":{"rendered":"<div><img decoding=\"async\" src=\"https:\/\/www.accidentdutravail-idf.net\/blog\/wp-content\/uploads\/2024\/06\/temoignages-on-va-a-la-catastrophe-ces-retraites-inquiets-de-la-montee-du-rn.jpg\" class=\"ff-og-image-inserted\"><\/div>\n<div class=\"article__temoignage-info\"> <span class=\"article__temoignage-info__dates\"><span class=\"article__temoignage-info__dates__published\">Publi\u00e9 le 12\/06\/2024 \u00e0 06h00<\/span><\/span> <span class=\"article__temoignage-info__author\"> \u00c9crit par&nbsp;<a class=\"article__temoignage-info__author__link\" href=\"https:\/\/france3-regions.francetvinfo.fr\/redaction\/lisa-douard\" data-name=\"Lisa Douard\" data-region=\"https:\/\/france3-regions.francetvinfo.fr\/auvergne-rhone-alpes\/\" target=\"_blank\" rel=\"nofollow\"><span>Lisa Douard<\/span><\/a><\/span> <\/div>\n<p class=\"article__intro\">Sur ces march\u00e9s de l&rsquo;agglom\u00e9ration de Clermont-Ferrand, la perc\u00e9e du RN aux \u00e9lections europ\u00e9ennes est source d\u2019inqui\u00e9tude chez les retrait\u00e9s que nous avons rencontr\u00e9s. Ils esp\u00e8rent un sursaut contre la mont\u00e9e des extr\u00eames, avant les l\u00e9gislatives anticip\u00e9es du 30 juin.<\/p>\n<p>Sur la place du march\u00e9, les commer\u00e7ants sont les premiers \u00e0 \u00e9couter les dol\u00e9ances de la population. Ici, on parle des probl\u00e8mes de sant\u00e9, de la m\u00e9t\u00e9o et, en ce moment, surtout des \u00e9lections. Recroquevill\u00e9e sous son parapluie tremp\u00e9, Odile veut bien s\u2019arr\u00eater pour discuter quelques minutes. La vie d\u00e9mocratique du pays est un sujet important pour cette habitante de Chamali\u00e8res, dans le Puy-de-D\u00f4me. La retrait\u00e9e est encore abasourdie par l&rsquo;annonce de la dissolution de l\u2019Assembl\u00e9e nationale, prononc\u00e9e par le pr\u00e9sident de la R\u00e9publique, deux jours plus t\u00f4t. \u201c<em>Excusez-moi du terme mais, pour moi, Monsieur Macron est un vrai zozo\u201d<\/em>, l\u00e2che-t-elle.<\/p>\n<p>L&rsquo;ancienne enseignante n&rsquo;a jamais manqu\u00e9 une \u00e9lection. Elle se sent pourtant <em>\u00ab\u00a0compl\u00e8tement d\u00e9go\u00fbt\u00e9e par la politique fran\u00e7aise et internationale\u00a0\u00bb<\/em><span>. <\/span>Aux Europ\u00e9ennes, le week-end dernier, elle a donn\u00e9 sa voix aux Verts.<em> \u201cJe suis all\u00e9e au plus press\u00e9 : que l\u2019on arr\u00eate toute cette pagaille et ce que l\u2019on fait de honteux sur la plan\u00e8te. L\u2019urgence, c\u2019est la survie de l\u2019humanit\u00e9\u201d<\/em>, consid\u00e8re celle qui a<em> \u201ctoujours vot\u00e9 \u00e0 gauche\u201d.<\/em> \u00c0 Chamali\u00e8res, ville de 17 000 habitants voisine de Clermont-Ferrand, la liste men\u00e9e par Jordan Bardella est arriv\u00e9e troisi\u00e8me avec 18,6 % des voix, derri\u00e8re<em> \u201cR\u00e9veiller l&rsquo;Europe !\u201d <\/em>conduite par Rapha\u00ebl Glucksmann et <em>\u201cBesoin d\u2019Europe\u201d<\/em> par Val\u00e9rie Hayer.<\/p>\n<p>Les r\u00e9sultats du Rassemblement national n&rsquo;ont <em>\u00ab\u00a0rien d&rsquo;\u00e9tonnant\u00a0\u00bb<\/em>, selon Odile. <em>\u00ab\u00a0C\u2019\u00e9tait annonc\u00e9. Il n\u2019y avait qu\u2019\u00e0 voir les sondages et les scores des pr\u00e9c\u00e9dentes \u00e9lections\u00a0\u00bb<\/em>, continue-t-elle, l\u2019air grave. \u00c0 80 ans, elle pense \u00e0 ses trois enfants et huit petits-enfants lorsqu\u2019elle vote.&nbsp;<\/p>\n<blockquote class=\"ftvi_content_quote\">\n<p class=\"ftvi_citation_quote\">Je me fais du souci pour les g\u00e9n\u00e9rations futures. Le climat politique actuel est inqui\u00e9tant et on ne sait plus \u00e0 qui faire confiance&#8230; Ils sont tous \u00e0 c\u00f4t\u00e9 de la plaque.<\/p>\n<div><cite class=\"ftvi_citation_author\">Odile<\/cite><\/p>\n<p class=\"ftvi_citation_source\">80 ans<\/p>\n<\/div>\n<\/blockquote>\n<p>Jacques est aussi un de ces retrait\u00e9s pr\u00e9occup\u00e9s, depuis dimanche soir. Il cherche ses mots pour d\u00e9crire la situation. <em>\u00ab\u00a0Le r\u00e9sultat des Europ\u00e9ennes&#8230; On peut dire que cela a \u00e9t\u00e9 un raz-de-mar\u00e9e. Le Rassemblement national au gouvernement&#8230; On va droit \u00e0 la catastrophe\u00a0\u00bb<\/em>, d\u00e9plore celui qui se d\u00e9finit comme \u00ab\u00a0<em>un genre de centriste, proche de l&rsquo;ex-Modem\u00a0\u00bb<\/em>. Le septuag\u00e9naire suit de pr\u00e8s la campagne des l\u00e9gislatives, tout juste lanc\u00e9e. <em>\u00ab\u00a0J&rsquo;ai vu que Marion Mar\u00e9chal avait fil\u00e9 tout droit chez le RN. C&rsquo;est la famille ! Les extr\u00eames montent, partout, c&rsquo;est peu rassurant\u00a0\u00bb<\/em>, souffle-t-il.&nbsp;<\/p>\n<p>Pour Marc <em>(le pr\u00e9nom a \u00e9t\u00e9 modifi\u00e9, ndlr)<\/em>, crois\u00e9 \u00e0 Chamali\u00e8res, la dissolution \u00e9tait <em>\u201cindispensable\u201d<\/em>. <em>\u201cC\u2019\u00e9tait une assembl\u00e9e \u00e0 l\u2019ouest, comme l\u2019ensemble de la classe politique. Et le Rassemblement national ne fera pas mieux\u201d,<\/em> tranche-t-il. Cet ancien cadre Michelin dit <em>\u00ab\u00a0comprendre\u00a0\u00bb<\/em> les motivations des \u00e9lecteurs du RN.<em> \u201cLes citoyens de notre pays sont arriv\u00e9s \u00e0 un tel degr\u00e9 de ras-le-bol et d\u2019ins\u00e9curit\u00e9. Ce n\u2019est pas un sentiment, c\u2019est une r\u00e9alit\u00e9. Des gens se font agresser et tuer au quotidien<\/em>\u201d, d\u00e9fend ce fid\u00e8le des R\u00e9publicains, qui se refuse \u00e0 <em>\u201cvoter pour les extr\u00eames\u201d.&nbsp;<\/em><\/p>\n<p>Les inqui\u00e9tudes du Puyd\u00f4mois, qui a longtemps v\u00e9cu \u00e0 l\u2019\u00e9tranger, sont exacerb\u00e9es par les conflits sur le territoire europ\u00e9en.<em> \u201cJe suis n\u00e9 en 1945, j\u2019ai grandi dans la p\u00e9riode d\u2019apr\u00e8s-guerre. Je suis \u00e0 deux pas de la mort et quand je vois qu\u2019on en est revenu \u00e0 \u00e7a, je crois que c\u2019est ce qui me rend le plus malade\u201d<\/em>, confie-t-il. Avant de poursuivre son chemin, Marc ajoute :<em> \u201cJe ne suis pas content du monde que je laisse \u00e0 mes enfants et petits-enfants. Il est tellement diff\u00e9rent de celui que l\u2019on a connu : plus apais\u00e9, o\u00f9 il y avait du travail, o\u00f9 la famille avait de la valeur.\u201d&nbsp;<\/em><\/p>\n<p><span>Au sein de cette jeune g\u00e9n\u00e9ration, le Rassemblement national a gagn\u00e9 en popularit\u00e9. <em>\u00ab\u00a0Le parti a occup\u00e9 le champ des r\u00e9seaux sociaux et de Tiktok, des jeunes ont \u00e9t\u00e9 captifs\u201d<\/em>, commente Roger, qui regrette leur abstention. <em>\u00ab\u00a0Cela me d\u00e9sole de voir que la jeunesse ne se d\u00e9place pas forc\u00e9ment pour voter alors que c\u2019est son avenir. J&rsquo;esp\u00e8re qu&rsquo;il y aura un sursaut, que le peuple saura r\u00e9agir. <\/em><\/span><em><a href=\"https:\/\/france3-regions.francetvinfo.fr\/auvergne-rhone-alpes\/puy-de-dome\/clermont-ferrand\/on-a-une-chance-de-renverser-la-table-des-manifestants-contre-l-extreme-droite-a-clermont-ferrand-2984903.html\" target=\"_blank\" rel=\"noopener nofollow\">Hier soir, il y avait une manifestation place de Jaude<\/a>, la prise de conscience est un peu tardive\u00a0\u00bb<\/em>, estime le Puyd\u00f4mois. <span>Aux Europ\u00e9ennes 2024, <span>plus de 60% des moins de 35 ans n&rsquo;ont pas vot\u00e9, contre seulement 29% chez les plus de 70 ans, d&rsquo;apr\u00e8s l&rsquo;institut de sondages Ipsos.&nbsp;<\/span><\/span><\/p>\n<blockquote class=\"ftvi_content_quote\">\n<p class=\"ftvi_citation_quote\">Si l\u2019extr\u00eame droite arrive en t\u00eate des l\u00e9gislatives et prend le gouvernement, peut \u00eatre que cela ferait r\u00e9agir les Fran\u00e7ais. Si elle \u00e9choue, on risque de la retrouver en 2027.<\/p>\n<div><cite class=\"ftvi_citation_author\">Roger<\/cite><\/p>\n<p class=\"ftvi_citation_source\">77 ans<\/p>\n<\/div>\n<\/blockquote>\n<p>Au milieu des \u00e9tals du march\u00e9 Saint-Pierre, dans le centre historique de Clermont-Ferrand, les pr\u00e9occupations autour du pouvoir d\u2019achat sont bien pr\u00e9sentes. <em>\u201cMoi, je suis du c\u00f4t\u00e9\u2026 De mon portefeuille !\u201d<\/em>, r\u00e9pond avec malice Philippe. Dans son cabas, le retrait\u00e9 tra\u00eene des cuisses de lapin, des pommes de terre et un peu de fromage. Aujourd\u2019hui, il s\u2019est accord\u00e9 un tour au march\u00e9 pour des produits frais mais, souvent, il fait ses emplettes au supermarch\u00e9. <em>\u201cJe fais plusieurs enseignes pour trouver la moins ch\u00e8re. Tout augmente : le gazole, la nourriture, les v\u00eatements&#8230; M\u00eame quand ils nous disent que c\u2019est les soldes, on ne voit pas la diff\u00e9rence\u201d<\/em>, peste-t-il. \u00c0 66 ans, cet ancien ouvrier de la laiterie de Gerzat est \u00e0 la retraite depuis 2018. Son d\u00e9part a \u00e9t\u00e9 pr\u00e9cipit\u00e9 par un accident du travail.&nbsp;<\/p>\n<blockquote class=\"ftvi_content_quote\">\n<p class=\"ftvi_citation_quote\">Je touche 1 200 euros par mois, j\u2019ai une rente de 800 euros tous les trois mois. On ne s\u2019attend pas \u00e0 des miracles quand on part \u00e0 la retraite mais quand m\u00eame&#8230; La r\u00e9alit\u00e9 est compliqu\u00e9e.<\/p>\n<div><cite class=\"ftvi_citation_author\">Philippe<\/cite><\/p>\n<p class=\"ftvi_citation_source\">66 ans<\/p>\n<\/div>\n<\/blockquote>\n<p>Le retrait\u00e9 vote \u00e0 toutes les \u00e9lections, que ce soit pour favoriser un candidat ou pour glisser dans l\u2019urne un bulletin blanc. Il penche pour La France Insoumise, <em>\u201cM\u00e9lenchon, mais comme c\u2019est une grande gueule personne n\u2019en veut\u201d<\/em>, juge-t-il.<em> \u201cIl faut taxer les multinationales et mieux r\u00e9partir l\u2019argent. Vous savez, nous, les ouvriers connaissons la duret\u00e9 du travail. On en a bav\u00e9 toute notre vie pour se retrouver \u00e0 la retraite avec pas grand-chose\u201d<\/em>, ajoute le Clermontois, install\u00e9 dans le quartier populaire Saint-Jacques.&nbsp;<\/p>\n<p>\u00c0 ses c\u00f4t\u00e9s, sa compagne Fran\u00e7oise lorgne avec insistance un jeu \u00e0 gratter qu\u2019elle tient entre ses mains, impatiente de tenter sa chance. C\u2019est son <em>\u201cpetit plaisir\u201d <\/em>\u00e0 trois euros pour tenter d\u2019en gagner plusieurs dizaines ou centaines de plus.<em> \u201cOn va au casino de Royat pour No\u00ebl. On se dit qu\u2019en gagnant de l\u2019argent, on pourra s\u2019acheter un peu plus de nourriture ou partir en voyage. On r\u00eave d\u2019aller \u00e0 Saint-Barth\u00e9l\u00e9my sur la tombe de Johnny Hallyday\u201d<\/em>, racontent les deux, en montrant fi\u00e8rement leurs montres \u00e0 l\u2019effigie du rockeur.&nbsp;<\/p>\n<p>Fran\u00e7oise parle peu de politique, elle ne vote plus depuis des ann\u00e9es.<em> \u201cJe suis \u00e9c\u0153ur\u00e9e\u201d<\/em>, se justifie l\u2019ancienne serveuse de 73 ans qui dit <em>\u201cne plus s\u2019en sortir au quotidien\u201d<\/em> avec sa <em>\u201cretraite pas bien \u00e9lev\u00e9e\u201d<\/em>. Philippe attend de conna\u00eetre le nom des d\u00e9put\u00e9s qui se lanceront dans la course aux l\u00e9gislatives pour faire son choix. Ils ont jusqu&rsquo;au dimanche 16 juin pour se d\u00e9clarer. Le premier tour est programm\u00e9 le 30 juin, le second le 7 juillet. <em>\u00ab\u00a0Je ne sais pas trop ce qui va nous tomber dessus<\/em>, songe-t-il.<em> Mais le Rassemblement national au gouvernement, j&rsquo;ai bien peur que ce soit pire qu&rsquo;actuellement.\u00a0\u00bb<\/em><\/p>\n<p><span>D&rsquo;apr\u00e8s une <a href=\"https:\/\/www.ipsos.com\/fr-fr\/europeennes-2024\/sociologie-des-electorats-2024\" target=\"_blank\" rel=\"noopener nofollow\">enqu\u00eate de l\u2019institut de sondages Ipsos<\/a>, la liste du RN a gagn\u00e9 8 <\/span><span>points aux \u00e9lections europ\u00e9ennes 2024 par rapport \u00e0 2019 (31,36% contre 23,34%).&nbsp;<\/span><span>E<\/span><span>lle a notamment progress\u00e9 chez les moins de 25 ans (<span>15% en 2019 contre 26% en 2024). <em>\u00ab\u00a0La France revient !\u00a0\u00bb,&nbsp;<\/em>conduite par Jordan Bardella, est <\/span><\/span><span>arriv\u00e9e en t\u00eate dans la quasi-totalit\u00e9 des cat\u00e9gories sociod\u00e9mographiques. Ce choix a repr\u00e9sent\u00e9 29% des votes des professions interm\u00e9diaires et des titulaires du Bac +2.<\/span><\/p>\n<p><span>Le parti a \u00e9galement <em>\u201crenforc\u00e9 son socle traditionnel<\/em>\u201d, indique l\u2019institut, atteignant 40% des voix chez les employ\u00e9s et 54% chez les ouvriers. Pr\u00e8s de 29% des retrait\u00e9s interrog\u00e9s par Ipsos ont soutenu le RN en 2024, contre 22% en 2019.<\/span><\/p>\n<p> accidentdutravail-idf.net vous a pr\u00e9par\u00e9 ce post qui informe du sujet \u00ab\u00a0Association Sportive Huisson-Longueville Essonne\u00a0\u00bb. La chronique se veut g\u00e9n\u00e9r\u00e9e du mieux possible. Vous pouvez utiliser les coordonn\u00e9es indiqu\u00e9es sur le site dans le but d\u2019apporter des explications sur ce post qui parle du th\u00e8me \u00ab\u00a0Association Sportive Huisson-Longueville Essonne\u00a0\u00bb. Le site accidentdutravail-idf.net a pour but de fournir diverses publications sur la th\u00e9matique Association Sportive Huisson-Longueville Essonne diffus\u00e9es sur le net. Il y aura plusieurs articles autour du sujet \u00ab\u00a0Association Sportive Huisson-Longueville Essonne\u00a0\u00bb dans quelques jours, nous vous invitons \u00e0 naviguer sur notre site web \u00e0 plusieurs reprises.<\/p>\n","protected":false},"excerpt":{"rendered":"<p>Publi\u00e9 le 12\/06\/2024 \u00e0 06h00 \u00c9crit par&nbsp;Lisa Douard Sur ces march\u00e9s de l&rsquo;agglom\u00e9ration de Clermont-Ferrand, la perc\u00e9e du RN aux \u00e9lections europ\u00e9ennes est source d\u2019inqui\u00e9tude chez les retrait\u00e9s que nous avons rencontr\u00e9s. Ils esp\u00e8rent un sursaut contre la mont\u00e9e des extr\u00eames, avant les l\u00e9gislatives anticip\u00e9es du 30 juin. Sur la place du march\u00e9, les commer\u00e7ants &hellip; <\/p>\n<p class=\"link-more\"><a href=\"https:\/\/www.accidentdutravail-idf.net\/blog\/temoignages-on-va-a-la-catastrophe-ces-retraites-inquiets-de-la-montee-du-rn\/\" class=\"more-link\">Continuer la lecture <span class=\"screen-reader-text\"> \u00ab\u00a0T\u00e9moignages. \u00ab\u00a0On va \u00e0 la catastrophe\u00a0\u00bb : ces retrait\u00e9s inquiets de la mont\u00e9e du RN\u00a0\u00bb<\/span><\/a><\/p>\n","protected":false},"author":2,"featured_media":0,"comment_status":"closed","ping_status":"closed","sticky":false,"template":"","format":"standard","meta":{"footnotes":""},"categories":[5],"tags":[],"class_list":["post-450","post","type-post","status-publish","format-standard","hentry","category-securite-du-travail-en-ile-de-france-et-divers","entry"],"yoast_head":"<!-- This site is optimized with the Yoast SEO plugin v27.5 - https:\/\/yoast.com\/product\/yoast-seo-wordpress\/ -->\n<title>T\u00e9moignages. &quot;On va \u00e0 la catastrophe&quot; : ces retrait\u00e9s inquiets de la mont\u00e9e du RN - ACCIDENTDUTRAVAIL-IDF<\/title>\n<meta name=\"description\" content=\"T\u00e9moignages. &quot;On va \u00e0 la catastrophe&quot; : ces retrait\u00e9s inquiets de la mont\u00e9e du RN article de ACCIDENTDUTRAVAIL-IDF\" \/>\n<meta name=\"robots\" content=\"index, follow, max-snippet:-1, max-image-preview:large, max-video-preview:-1\" \/>\n<link rel=\"canonical\" href=\"https:\/\/www.accidentdutravail-idf.net\/blog\/temoignages-on-va-a-la-catastrophe-ces-retraites-inquiets-de-la-montee-du-rn\/\" \/>\n<meta property=\"og:locale\" content=\"fr_FR\" \/>\n<meta property=\"og:type\" content=\"article\" \/>\n<meta property=\"og:title\" content=\"T\u00e9moignages. &quot;On va \u00e0 la catastrophe&quot; : ces retrait\u00e9s inquiets de la mont\u00e9e du RN - ACCIDENTDUTRAVAIL-IDF\" \/>\n<meta property=\"og:description\" content=\"T\u00e9moignages. &quot;On va \u00e0 la catastrophe&quot; : ces retrait\u00e9s inquiets de la mont\u00e9e du RN article de ACCIDENTDUTRAVAIL-IDF\" \/>\n<meta property=\"og:url\" content=\"https:\/\/www.accidentdutravail-idf.net\/blog\/temoignages-on-va-a-la-catastrophe-ces-retraites-inquiets-de-la-montee-du-rn\/\" \/>\n<meta property=\"og:site_name\" content=\"ACCIDENTDUTRAVAIL-IDF\" \/>\n<meta property=\"article:published_time\" content=\"2024-06-11T17:00:00+00:00\" \/>\n<meta property=\"og:image\" content=\"https:\/\/www.accidentdutravail-idf.net\/blog\/wp-content\/uploads\/2024\/06\/temoignages-on-va-a-la-catastrophe-ces-retraites-inquiets-de-la-montee-du-rn.jpg\" \/>\n<meta name=\"author\" content=\"Carlos Poulain\" \/>\n<meta name=\"twitter:card\" content=\"summary_large_image\" \/>\n<meta name=\"twitter:label1\" content=\"\u00c9crit par\" \/>\n\t<meta name=\"twitter:data1\" content=\"Carlos Poulain\" \/>\n\t<meta name=\"twitter:label2\" content=\"Dur\u00e9e de lecture estim\u00e9e\" \/>\n\t<meta name=\"twitter:data2\" content=\"8 minutes\" \/>\n<script type=\"application\/ld+json\" class=\"yoast-schema-graph\">{\"@context\":\"https:\\\/\\\/schema.org\",\"@graph\":[{\"@type\":\"Article\",\"@id\":\"https:\\\/\\\/www.accidentdutravail-idf.net\\\/blog\\\/temoignages-on-va-a-la-catastrophe-ces-retraites-inquiets-de-la-montee-du-rn\\\/#article\",\"isPartOf\":{\"@id\":\"https:\\\/\\\/www.accidentdutravail-idf.net\\\/blog\\\/temoignages-on-va-a-la-catastrophe-ces-retraites-inquiets-de-la-montee-du-rn\\\/\"},\"author\":{\"name\":\"Carlos Poulain\",\"@id\":\"https:\\\/\\\/www.accidentdutravail-idf.net\\\/blog\\\/#\\\/schema\\\/person\\\/3255d2f970de45e64bd9201f38e7b947\"},\"headline\":\"T\u00e9moignages. \u00ab\u00a0On va \u00e0 la catastrophe\u00a0\u00bb : ces retrait\u00e9s inquiets de la mont\u00e9e du RN\",\"datePublished\":\"2024-06-11T17:00:00+00:00\",\"mainEntityOfPage\":{\"@id\":\"https:\\\/\\\/www.accidentdutravail-idf.net\\\/blog\\\/temoignages-on-va-a-la-catastrophe-ces-retraites-inquiets-de-la-montee-du-rn\\\/\"},\"wordCount\":1598,\"publisher\":{\"@id\":\"https:\\\/\\\/www.accidentdutravail-idf.net\\\/blog\\\/#organization\"},\"image\":{\"@id\":\"https:\\\/\\\/www.accidentdutravail-idf.net\\\/blog\\\/temoignages-on-va-a-la-catastrophe-ces-retraites-inquiets-de-la-montee-du-rn\\\/#primaryimage\"},\"thumbnailUrl\":\"https:\\\/\\\/www.accidentdutravail-idf.net\\\/blog\\\/wp-content\\\/uploads\\\/2024\\\/06\\\/temoignages-on-va-a-la-catastrophe-ces-retraites-inquiets-de-la-montee-du-rn.jpg\",\"articleSection\":[\"S\u00e9curit\u00e9 Du Travail En Ile-De-France Et Divers:\"],\"inLanguage\":\"fr-FR\"},{\"@type\":\"WebPage\",\"@id\":\"https:\\\/\\\/www.accidentdutravail-idf.net\\\/blog\\\/temoignages-on-va-a-la-catastrophe-ces-retraites-inquiets-de-la-montee-du-rn\\\/\",\"url\":\"https:\\\/\\\/www.accidentdutravail-idf.net\\\/blog\\\/temoignages-on-va-a-la-catastrophe-ces-retraites-inquiets-de-la-montee-du-rn\\\/\",\"name\":\"T\u00e9moignages. \\\"On va \u00e0 la catastrophe\\\" : ces retrait\u00e9s inquiets de la mont\u00e9e du RN - ACCIDENTDUTRAVAIL-IDF\",\"isPartOf\":{\"@id\":\"https:\\\/\\\/www.accidentdutravail-idf.net\\\/blog\\\/#website\"},\"primaryImageOfPage\":{\"@id\":\"https:\\\/\\\/www.accidentdutravail-idf.net\\\/blog\\\/temoignages-on-va-a-la-catastrophe-ces-retraites-inquiets-de-la-montee-du-rn\\\/#primaryimage\"},\"image\":{\"@id\":\"https:\\\/\\\/www.accidentdutravail-idf.net\\\/blog\\\/temoignages-on-va-a-la-catastrophe-ces-retraites-inquiets-de-la-montee-du-rn\\\/#primaryimage\"},\"thumbnailUrl\":\"https:\\\/\\\/www.accidentdutravail-idf.net\\\/blog\\\/wp-content\\\/uploads\\\/2024\\\/06\\\/temoignages-on-va-a-la-catastrophe-ces-retraites-inquiets-de-la-montee-du-rn.jpg\",\"datePublished\":\"2024-06-11T17:00:00+00:00\",\"description\":\"T\u00e9moignages. \\\"On va \u00e0 la catastrophe\\\" : ces retrait\u00e9s inquiets de la mont\u00e9e du RN article de ACCIDENTDUTRAVAIL-IDF\",\"breadcrumb\":{\"@id\":\"https:\\\/\\\/www.accidentdutravail-idf.net\\\/blog\\\/temoignages-on-va-a-la-catastrophe-ces-retraites-inquiets-de-la-montee-du-rn\\\/#breadcrumb\"},\"inLanguage\":\"fr-FR\",\"potentialAction\":[{\"@type\":\"ReadAction\",\"target\":[\"https:\\\/\\\/www.accidentdutravail-idf.net\\\/blog\\\/temoignages-on-va-a-la-catastrophe-ces-retraites-inquiets-de-la-montee-du-rn\\\/\"]}]},{\"@type\":\"ImageObject\",\"inLanguage\":\"fr-FR\",\"@id\":\"https:\\\/\\\/www.accidentdutravail-idf.net\\\/blog\\\/temoignages-on-va-a-la-catastrophe-ces-retraites-inquiets-de-la-montee-du-rn\\\/#primaryimage\",\"url\":\"https:\\\/\\\/www.accidentdutravail-idf.net\\\/blog\\\/wp-content\\\/uploads\\\/2024\\\/06\\\/temoignages-on-va-a-la-catastrophe-ces-retraites-inquiets-de-la-montee-du-rn.jpg\",\"contentUrl\":\"https:\\\/\\\/www.accidentdutravail-idf.net\\\/blog\\\/wp-content\\\/uploads\\\/2024\\\/06\\\/temoignages-on-va-a-la-catastrophe-ces-retraites-inquiets-de-la-montee-du-rn.jpg\"},{\"@type\":\"BreadcrumbList\",\"@id\":\"https:\\\/\\\/www.accidentdutravail-idf.net\\\/blog\\\/temoignages-on-va-a-la-catastrophe-ces-retraites-inquiets-de-la-montee-du-rn\\\/#breadcrumb\",\"itemListElement\":[{\"@type\":\"ListItem\",\"position\":1,\"name\":\"Accueil\",\"item\":\"https:\\\/\\\/www.accidentdutravail-idf.net\\\/blog\\\/\"},{\"@type\":\"ListItem\",\"position\":2,\"name\":\"T\u00e9moignages. \u00ab\u00a0On va \u00e0 la catastrophe\u00a0\u00bb : ces retrait\u00e9s inquiets de la mont\u00e9e du RN\"}]},{\"@type\":\"WebSite\",\"@id\":\"https:\\\/\\\/www.accidentdutravail-idf.net\\\/blog\\\/#website\",\"url\":\"https:\\\/\\\/www.accidentdutravail-idf.net\\\/blog\\\/\",\"name\":\"ACCIDENTDUTRAVAIL-IDF\",\"description\":\"Portail accidents du travail-maladies professionnelles des entreprises d&#039;Ile-de-France\",\"publisher\":{\"@id\":\"https:\\\/\\\/www.accidentdutravail-idf.net\\\/blog\\\/#organization\"},\"potentialAction\":[{\"@type\":\"SearchAction\",\"target\":{\"@type\":\"EntryPoint\",\"urlTemplate\":\"https:\\\/\\\/www.accidentdutravail-idf.net\\\/blog\\\/?s={search_term_string}\"},\"query-input\":{\"@type\":\"PropertyValueSpecification\",\"valueRequired\":true,\"valueName\":\"search_term_string\"}}],\"inLanguage\":\"fr-FR\"},{\"@type\":\"Organization\",\"@id\":\"https:\\\/\\\/www.accidentdutravail-idf.net\\\/blog\\\/#organization\",\"name\":\"accidentdutravail-idf\",\"url\":\"https:\\\/\\\/www.accidentdutravail-idf.net\\\/blog\\\/\",\"logo\":{\"@type\":\"ImageObject\",\"inLanguage\":\"fr-FR\",\"@id\":\"https:\\\/\\\/www.accidentdutravail-idf.net\\\/blog\\\/#\\\/schema\\\/logo\\\/image\\\/\",\"url\":\"https:\\\/\\\/www.accidentdutravail-idf.net\\\/blog\\\/wp-content\\\/uploads\\\/2022\\\/09\\\/logo-2.png\",\"contentUrl\":\"https:\\\/\\\/www.accidentdutravail-idf.net\\\/blog\\\/wp-content\\\/uploads\\\/2022\\\/09\\\/logo-2.png\",\"width\":380,\"height\":291,\"caption\":\"accidentdutravail-idf\"},\"image\":{\"@id\":\"https:\\\/\\\/www.accidentdutravail-idf.net\\\/blog\\\/#\\\/schema\\\/logo\\\/image\\\/\"}},{\"@type\":\"Person\",\"@id\":\"https:\\\/\\\/www.accidentdutravail-idf.net\\\/blog\\\/#\\\/schema\\\/person\\\/3255d2f970de45e64bd9201f38e7b947\",\"name\":\"Carlos Poulain\",\"image\":{\"@type\":\"ImageObject\",\"inLanguage\":\"fr-FR\",\"@id\":\"https:\\\/\\\/secure.gravatar.com\\\/avatar\\\/b1c2f9d3588e34e91adb093635df64ef4b2381991216be7576466cfcdca4baf3?s=96&d=mm&r=g\",\"url\":\"https:\\\/\\\/secure.gravatar.com\\\/avatar\\\/b1c2f9d3588e34e91adb093635df64ef4b2381991216be7576466cfcdca4baf3?s=96&d=mm&r=g\",\"contentUrl\":\"https:\\\/\\\/secure.gravatar.com\\\/avatar\\\/b1c2f9d3588e34e91adb093635df64ef4b2381991216be7576466cfcdca4baf3?s=96&d=mm&r=g\",\"caption\":\"Carlos Poulain\"},\"url\":\"https:\\\/\\\/www.accidentdutravail-idf.net\\\/blog\\\/author\\\/idfcarlos\\\/\"}]}<\/script>\n<!-- \/ Yoast SEO plugin. -->","yoast_head_json":{"title":"T\u00e9moignages. \"On va \u00e0 la catastrophe\" : ces retrait\u00e9s inquiets de la mont\u00e9e du RN - ACCIDENTDUTRAVAIL-IDF","description":"T\u00e9moignages. \"On va \u00e0 la catastrophe\" : ces retrait\u00e9s inquiets de la mont\u00e9e du RN article de ACCIDENTDUTRAVAIL-IDF","robots":{"index":"index","follow":"follow","max-snippet":"max-snippet:-1","max-image-preview":"max-image-preview:large","max-video-preview":"max-video-preview:-1"},"canonical":"https:\/\/www.accidentdutravail-idf.net\/blog\/temoignages-on-va-a-la-catastrophe-ces-retraites-inquiets-de-la-montee-du-rn\/","og_locale":"fr_FR","og_type":"article","og_title":"T\u00e9moignages. \"On va \u00e0 la catastrophe\" : ces retrait\u00e9s inquiets de la mont\u00e9e du RN - ACCIDENTDUTRAVAIL-IDF","og_description":"T\u00e9moignages. \"On va \u00e0 la catastrophe\" : ces retrait\u00e9s inquiets de la mont\u00e9e du RN article de ACCIDENTDUTRAVAIL-IDF","og_url":"https:\/\/www.accidentdutravail-idf.net\/blog\/temoignages-on-va-a-la-catastrophe-ces-retraites-inquiets-de-la-montee-du-rn\/","og_site_name":"ACCIDENTDUTRAVAIL-IDF","article_published_time":"2024-06-11T17:00:00+00:00","og_image":[{"url":"https:\/\/www.accidentdutravail-idf.net\/blog\/wp-content\/uploads\/2024\/06\/temoignages-on-va-a-la-catastrophe-ces-retraites-inquiets-de-la-montee-du-rn.jpg","type":"","width":"","height":""}],"author":"Carlos Poulain","twitter_card":"summary_large_image","twitter_misc":{"\u00c9crit par":"Carlos Poulain","Dur\u00e9e de lecture estim\u00e9e":"8 minutes"},"schema":{"@context":"https:\/\/schema.org","@graph":[{"@type":"Article","@id":"https:\/\/www.accidentdutravail-idf.net\/blog\/temoignages-on-va-a-la-catastrophe-ces-retraites-inquiets-de-la-montee-du-rn\/#article","isPartOf":{"@id":"https:\/\/www.accidentdutravail-idf.net\/blog\/temoignages-on-va-a-la-catastrophe-ces-retraites-inquiets-de-la-montee-du-rn\/"},"author":{"name":"Carlos Poulain","@id":"https:\/\/www.accidentdutravail-idf.net\/blog\/#\/schema\/person\/3255d2f970de45e64bd9201f38e7b947"},"headline":"T\u00e9moignages. \u00ab\u00a0On va \u00e0 la catastrophe\u00a0\u00bb : ces retrait\u00e9s inquiets de la mont\u00e9e du RN","datePublished":"2024-06-11T17:00:00+00:00","mainEntityOfPage":{"@id":"https:\/\/www.accidentdutravail-idf.net\/blog\/temoignages-on-va-a-la-catastrophe-ces-retraites-inquiets-de-la-montee-du-rn\/"},"wordCount":1598,"publisher":{"@id":"https:\/\/www.accidentdutravail-idf.net\/blog\/#organization"},"image":{"@id":"https:\/\/www.accidentdutravail-idf.net\/blog\/temoignages-on-va-a-la-catastrophe-ces-retraites-inquiets-de-la-montee-du-rn\/#primaryimage"},"thumbnailUrl":"https:\/\/www.accidentdutravail-idf.net\/blog\/wp-content\/uploads\/2024\/06\/temoignages-on-va-a-la-catastrophe-ces-retraites-inquiets-de-la-montee-du-rn.jpg","articleSection":["S\u00e9curit\u00e9 Du Travail En Ile-De-France Et Divers:"],"inLanguage":"fr-FR"},{"@type":"WebPage","@id":"https:\/\/www.accidentdutravail-idf.net\/blog\/temoignages-on-va-a-la-catastrophe-ces-retraites-inquiets-de-la-montee-du-rn\/","url":"https:\/\/www.accidentdutravail-idf.net\/blog\/temoignages-on-va-a-la-catastrophe-ces-retraites-inquiets-de-la-montee-du-rn\/","name":"T\u00e9moignages. \"On va \u00e0 la catastrophe\" : ces retrait\u00e9s inquiets de la mont\u00e9e du RN - ACCIDENTDUTRAVAIL-IDF","isPartOf":{"@id":"https:\/\/www.accidentdutravail-idf.net\/blog\/#website"},"primaryImageOfPage":{"@id":"https:\/\/www.accidentdutravail-idf.net\/blog\/temoignages-on-va-a-la-catastrophe-ces-retraites-inquiets-de-la-montee-du-rn\/#primaryimage"},"image":{"@id":"https:\/\/www.accidentdutravail-idf.net\/blog\/temoignages-on-va-a-la-catastrophe-ces-retraites-inquiets-de-la-montee-du-rn\/#primaryimage"},"thumbnailUrl":"https:\/\/www.accidentdutravail-idf.net\/blog\/wp-content\/uploads\/2024\/06\/temoignages-on-va-a-la-catastrophe-ces-retraites-inquiets-de-la-montee-du-rn.jpg","datePublished":"2024-06-11T17:00:00+00:00","description":"T\u00e9moignages. \"On va \u00e0 la catastrophe\" : ces retrait\u00e9s inquiets de la mont\u00e9e du RN article de ACCIDENTDUTRAVAIL-IDF","breadcrumb":{"@id":"https:\/\/www.accidentdutravail-idf.net\/blog\/temoignages-on-va-a-la-catastrophe-ces-retraites-inquiets-de-la-montee-du-rn\/#breadcrumb"},"inLanguage":"fr-FR","potentialAction":[{"@type":"ReadAction","target":["https:\/\/www.accidentdutravail-idf.net\/blog\/temoignages-on-va-a-la-catastrophe-ces-retraites-inquiets-de-la-montee-du-rn\/"]}]},{"@type":"ImageObject","inLanguage":"fr-FR","@id":"https:\/\/www.accidentdutravail-idf.net\/blog\/temoignages-on-va-a-la-catastrophe-ces-retraites-inquiets-de-la-montee-du-rn\/#primaryimage","url":"https:\/\/www.accidentdutravail-idf.net\/blog\/wp-content\/uploads\/2024\/06\/temoignages-on-va-a-la-catastrophe-ces-retraites-inquiets-de-la-montee-du-rn.jpg","contentUrl":"https:\/\/www.accidentdutravail-idf.net\/blog\/wp-content\/uploads\/2024\/06\/temoignages-on-va-a-la-catastrophe-ces-retraites-inquiets-de-la-montee-du-rn.jpg"},{"@type":"BreadcrumbList","@id":"https:\/\/www.accidentdutravail-idf.net\/blog\/temoignages-on-va-a-la-catastrophe-ces-retraites-inquiets-de-la-montee-du-rn\/#breadcrumb","itemListElement":[{"@type":"ListItem","position":1,"name":"Accueil","item":"https:\/\/www.accidentdutravail-idf.net\/blog\/"},{"@type":"ListItem","position":2,"name":"T\u00e9moignages. \u00ab\u00a0On va \u00e0 la catastrophe\u00a0\u00bb : ces retrait\u00e9s inquiets de la mont\u00e9e du RN"}]},{"@type":"WebSite","@id":"https:\/\/www.accidentdutravail-idf.net\/blog\/#website","url":"https:\/\/www.accidentdutravail-idf.net\/blog\/","name":"ACCIDENTDUTRAVAIL-IDF","description":"Portail accidents du travail-maladies professionnelles des entreprises d&#039;Ile-de-France","publisher":{"@id":"https:\/\/www.accidentdutravail-idf.net\/blog\/#organization"},"potentialAction":[{"@type":"SearchAction","target":{"@type":"EntryPoint","urlTemplate":"https:\/\/www.accidentdutravail-idf.net\/blog\/?s={search_term_string}"},"query-input":{"@type":"PropertyValueSpecification","valueRequired":true,"valueName":"search_term_string"}}],"inLanguage":"fr-FR"},{"@type":"Organization","@id":"https:\/\/www.accidentdutravail-idf.net\/blog\/#organization","name":"accidentdutravail-idf","url":"https:\/\/www.accidentdutravail-idf.net\/blog\/","logo":{"@type":"ImageObject","inLanguage":"fr-FR","@id":"https:\/\/www.accidentdutravail-idf.net\/blog\/#\/schema\/logo\/image\/","url":"https:\/\/www.accidentdutravail-idf.net\/blog\/wp-content\/uploads\/2022\/09\/logo-2.png","contentUrl":"https:\/\/www.accidentdutravail-idf.net\/blog\/wp-content\/uploads\/2022\/09\/logo-2.png","width":380,"height":291,"caption":"accidentdutravail-idf"},"image":{"@id":"https:\/\/www.accidentdutravail-idf.net\/blog\/#\/schema\/logo\/image\/"}},{"@type":"Person","@id":"https:\/\/www.accidentdutravail-idf.net\/blog\/#\/schema\/person\/3255d2f970de45e64bd9201f38e7b947","name":"Carlos Poulain","image":{"@type":"ImageObject","inLanguage":"fr-FR","@id":"https:\/\/secure.gravatar.com\/avatar\/b1c2f9d3588e34e91adb093635df64ef4b2381991216be7576466cfcdca4baf3?s=96&d=mm&r=g","url":"https:\/\/secure.gravatar.com\/avatar\/b1c2f9d3588e34e91adb093635df64ef4b2381991216be7576466cfcdca4baf3?s=96&d=mm&r=g","contentUrl":"https:\/\/secure.gravatar.com\/avatar\/b1c2f9d3588e34e91adb093635df64ef4b2381991216be7576466cfcdca4baf3?s=96&d=mm&r=g","caption":"Carlos Poulain"},"url":"https:\/\/www.accidentdutravail-idf.net\/blog\/author\/idfcarlos\/"}]}},"_links":{"self":[{"href":"https:\/\/www.accidentdutravail-idf.net\/blog\/wp-json\/wp\/v2\/posts\/450","targetHints":{"allow":["GET"]}}],"collection":[{"href":"https:\/\/www.accidentdutravail-idf.net\/blog\/wp-json\/wp\/v2\/posts"}],"about":[{"href":"https:\/\/www.accidentdutravail-idf.net\/blog\/wp-json\/wp\/v2\/types\/post"}],"author":[{"embeddable":true,"href":"https:\/\/www.accidentdutravail-idf.net\/blog\/wp-json\/wp\/v2\/users\/2"}],"replies":[{"embeddable":true,"href":"https:\/\/www.accidentdutravail-idf.net\/blog\/wp-json\/wp\/v2\/comments?post=450"}],"version-history":[{"count":0,"href":"https:\/\/www.accidentdutravail-idf.net\/blog\/wp-json\/wp\/v2\/posts\/450\/revisions"}],"wp:attachment":[{"href":"https:\/\/www.accidentdutravail-idf.net\/blog\/wp-json\/wp\/v2\/media?parent=450"}],"wp:term":[{"taxonomy":"category","embeddable":true,"href":"https:\/\/www.accidentdutravail-idf.net\/blog\/wp-json\/wp\/v2\/categories?post=450"},{"taxonomy":"post_tag","embeddable":true,"href":"https:\/\/www.accidentdutravail-idf.net\/blog\/wp-json\/wp\/v2\/tags?post=450"}],"curies":[{"name":"wp","href":"https:\/\/api.w.org\/{rel}","templated":true}]}}