{"id":447,"date":"2024-06-10T19:00:00","date_gmt":"2024-06-10T17:00:00","guid":{"rendered":"https:\/\/www.accidentdutravail-idf.net\/blog\/accident-du-travail-le-groupe-etchart-devant-le-tribunal-de-bayonne-apres-lamputation-dun-apprenti\/"},"modified":"2024-06-10T19:00:00","modified_gmt":"2024-06-10T17:00:00","slug":"accident-du-travail-le-groupe-etchart-devant-le-tribunal-de-bayonne-apres-lamputation-dun-apprenti","status":"publish","type":"post","link":"https:\/\/www.accidentdutravail-idf.net\/blog\/accident-du-travail-le-groupe-etchart-devant-le-tribunal-de-bayonne-apres-lamputation-dun-apprenti\/","title":{"rendered":"Accident du travail : le groupe Etchart devant le tribunal de Bayonne apr\u00e8s l\u2019amputation d\u2019un apprenti"},"content":{"rendered":"<div><img decoding=\"async\" src=\"https:\/\/www.accidentdutravail-idf.net\/blog\/wp-content\/uploads\/2024\/06\/accident-du-travail-le-groupe-etchart-devant-le-tribunal-de-bayonne-apres-lamputation-dun-apprenti.jpg\" class=\"ff-og-image-inserted\"><\/div>\n<div>\n<p>Une s\u00e9rie de manquements. Un accident du travail dramatique. Mais pas de ranc\u0153ur. Ce mardi 11&nbsp;juin, \u00e0 leur arriv\u00e9e au tribunal de Bayonne, les responsables de <a href=\"https:\/\/www.sudouest.fr\/societe\/logement\/logement-a-bayonne-l-enorme-chantier-derriere-les-facades-anciennes-de-la-rue-victor-hugo-18561377.php\" target=\"_blank\" rel=\"follow noopener nofollow\">la soci\u00e9t\u00e9 de BTP Etchart Construction<\/a> sont tomb\u00e9s dans les bras de Thomas. Le jeune apprenti de 20&nbsp;ans a d\u00fb \u00eatre amput\u00e9 de sa jambe gauche. Une poutre de 8 m\u00e8tres de long lui est tomb\u00e9e dessus.<\/p>\n<p>\u00ab&nbsp;La souffrance physique a \u00e9t\u00e9 terrible. Son hospitalisation a connu des&#8230;<\/p>\n<\/div>\n<div>\n<p>Une s\u00e9rie de manquements. Un accident du travail dramatique. Mais pas de ranc\u0153ur. Ce mardi 11&nbsp;juin, \u00e0 leur arriv\u00e9e au tribunal de Bayonne, les responsables de <a href=\"https:\/\/www.sudouest.fr\/societe\/logement\/logement-a-bayonne-l-enorme-chantier-derriere-les-facades-anciennes-de-la-rue-victor-hugo-18561377.php\" target=\"_blank\" rel=\"follow noopener nofollow\">la soci\u00e9t\u00e9 de BTP Etchart Construction<\/a> sont tomb\u00e9s dans les bras de Thomas. Le jeune apprenti de 20&nbsp;ans a d\u00fb \u00eatre amput\u00e9 de sa jambe gauche. Une poutre de 8 m\u00e8tres de long lui est tomb\u00e9e dessus.<\/p>\n<p>\u00ab&nbsp;La souffrance physique a \u00e9t\u00e9 terrible. Son hospitalisation a connu des complications. Mais il est jeune. Il positive. Et il marche. Ce qu\u2019il m\u2019a demand\u00e9 de vous dire, c\u2019est qu\u2019il n\u2019en veut pas aux pr\u00e9venus. Il en veut \u00e0 la situation&nbsp;\u00bb, explique son avocat. Me St\u00e9phane Ferry, du barreau de La&nbsp;Rochelle, souligne n\u00e9anmoins que l\u2019accident aurait pu \u00eatre \u00e9vit\u00e9.<\/p>\n<div class=\"related-article related-article-premium base-margin-bottom\"> <span class=\"badge\">Sur le m\u00eame sujet<\/span> <\/div>\n<h2 class=\"article-subtitle\">Imprudences en s\u00e9rie<\/h2>\n<p>Le 8&nbsp;f\u00e9vrier 2023, 14&nbsp;personnes dont neuf apprentis ont rendez-vous sur le site de formation d\u2019Etchart, \u00e0 Irissarry. Thomas n\u2019a pas pu assister \u00e0 la matin\u00e9e. Il rejoint le groupe dans l\u2019apr\u00e8s-midi. \u00ab&nbsp;Nous avions fait une premi\u00e8re manipulation avec un profil\u00e9 similaire. Ils sont partis en pause, puis je lui ai demand\u00e9 de refaire la man\u0153uvre&nbsp;\u00bb, explique son formateur. L\u2019apprenti doit attacher la poutre \u00e0 une grue. \u00ab&nbsp;Sauf que malheureusement, je n\u2019ai pas contr\u00f4l\u00e9 l\u2019anneau alors que je l\u2019avais fait pr\u00e9c\u00e9demment. Il y a eu un manque de vigilance&nbsp;\u00bb, reconna\u00eet le chef de chantier, aujourd\u2019hui \u00e0 la retraite.<\/p>\n<p>Thomas utilise un anneau d\u00e9fectueux. L\u2019objet a d\u00e9j\u00e0 \u00e9t\u00e9 la cause d\u2019un incident en 2020. Sans que la s\u00e9curit\u00e9 ne soit renforc\u00e9e. La poutre s\u2019\u00e9l\u00e8ve de plusieurs m\u00e8tres dans les airs. Puis se d\u00e9tache. \u00ab&nbsp;J\u2019ai donn\u00e9 l\u2019ordre \u00e0 trois reprises de s\u2019\u00e9carter du levage, mais je n\u2019ai pas v\u00e9rifi\u00e9&nbsp;\u00bb, d\u00e9plore le formateur. L\u2019encombrement des lieux aurait emp\u00each\u00e9 Thomas de s\u2019\u00e9carter suffisamment. La poutre lui tombe dessus. Pris en charge par les secours, il est h\u00e9liport\u00e9 en urgence absolue.<\/p>\n<p>\u00c0 cette succession d\u2019imprudences, l\u2019enqu\u00eate de l\u2019Inspection du travail ajoute plusieurs manquements dans la prise en charge des apprentis. Notamment un encadrement insuffisant. \u00ab&nbsp;Depuis, nous avons un encadrant pour deux alternants. Toutes leurs formations ont \u00e9t\u00e9 remises \u00e0 jour&nbsp;\u00bb, explique un responsable d\u2019Etchart. Les anneaux d\u00e9fectueux ont \u00e9t\u00e9 supprim\u00e9s. Les zones de man\u0153uvre ont \u00e9t\u00e9 nettoy\u00e9es.<\/p>\n<div class=\"related-article related-article-premium base-margin-bottom\"> <span class=\"badge\">Sur le m\u00eame sujet<\/span> <\/div>\n<h2 class=\"article-subtitle\">Poste adapt\u00e9<\/h2>\n<p>Reste \u00ab&nbsp;des erreurs manifestes&nbsp;\u00bb, selon Jean-Claude Belot. Le procureur n\u2019entend pas enfoncer une soci\u00e9t\u00e9 dont <a href=\"https:\/\/www.sudouest.fr\/landes\/tarnos\/pays-basque-le-groupe-etchart-accueille-deux-nouvelles-formations-1563868.php\" target=\"_blank\" rel=\"follow noopener nofollow\">\u00ab&nbsp;les efforts en termes de formation sont louables&nbsp;\u00bb<\/a>. Il requiert 8&nbsp;000&nbsp;euros d\u2019amende dont 6&nbsp;000 avec sursis et 500&nbsp;euros de contravention \u00e0 l\u2019encontre d\u2019Etchart Construction et d\u2019une de ses filiales, qui p\u00e8sent environ 65 et 9&nbsp;millions d\u2019euros de chiffres d\u2019affaires. 4&nbsp;000&nbsp;euros d\u2019amende avec sursis sont requis contre le formateur et la responsable du site.<\/p>\n<p>Pour l\u2019avocate de la d\u00e9fense, la n\u00e9gligence peut aussi \u00eatre vue comme un exc\u00e8s de confiance. \u00ab&nbsp;Thomas avait su arrimer la poutre une premi\u00e8re fois&nbsp;\u00bb, rappelle Me Florence Reau. Elle souligne \u00ab&nbsp;le grand sentiment de culpabilit\u00e9 de ses clients&nbsp;\u00bb. \u00ab&nbsp;Tout a \u00e9t\u00e9 mis en \u0153uvre pour que Thomas reste dans la soci\u00e9t\u00e9. Un poste adapt\u00e9 l\u2019attend, s\u2019il le souhaite, quand il pourra de nouveau travailler.&nbsp;\u00bb Le tribunal a mis sa d\u00e9cision en d\u00e9lib\u00e9r\u00e9 au 25&nbsp;juin.<\/p>\n<\/div>\n<p>accidentdutravail-idf.net vous a pr\u00e9par\u00e9 ce post qui informe du sujet \u00ab\u00a0Association Sportive Huisson-Longueville Essonne\u00a0\u00bb. La chronique se veut g\u00e9n\u00e9r\u00e9e du mieux possible. Vous pouvez utiliser les coordonn\u00e9es indiqu\u00e9es sur le site dans le but d\u2019apporter des explications sur ce post qui parle du th\u00e8me \u00ab\u00a0Association Sportive Huisson-Longueville Essonne\u00a0\u00bb. Le site accidentdutravail-idf.net a pour but de fournir diverses publications sur la th\u00e9matique Association Sportive Huisson-Longueville Essonne diffus\u00e9es sur le net. Il y aura plusieurs articles autour du sujet \u00ab\u00a0Association Sportive Huisson-Longueville Essonne\u00a0\u00bb dans quelques jours, nous vous invitons \u00e0 naviguer sur notre site web \u00e0 plusieurs reprises.<\/p>\n","protected":false},"excerpt":{"rendered":"<p>Une s\u00e9rie de manquements. Un accident du travail dramatique. Mais pas de ranc\u0153ur. Ce mardi 11&nbsp;juin, \u00e0 leur arriv\u00e9e au tribunal de Bayonne, les responsables de la soci\u00e9t\u00e9 de BTP Etchart Construction sont tomb\u00e9s dans les bras de Thomas. Le jeune apprenti de 20&nbsp;ans a d\u00fb \u00eatre amput\u00e9 de sa jambe gauche. Une poutre de &hellip; <\/p>\n<p class=\"link-more\"><a href=\"https:\/\/www.accidentdutravail-idf.net\/blog\/accident-du-travail-le-groupe-etchart-devant-le-tribunal-de-bayonne-apres-lamputation-dun-apprenti\/\" class=\"more-link\">Continuer la lecture <span class=\"screen-reader-text\"> \u00ab\u00a0Accident du travail : le groupe Etchart devant le tribunal de Bayonne apr\u00e8s l\u2019amputation d\u2019un apprenti\u00a0\u00bb<\/span><\/a><\/p>\n","protected":false},"author":2,"featured_media":0,"comment_status":"closed","ping_status":"closed","sticky":false,"template":"","format":"standard","meta":{"footnotes":""},"categories":[5],"tags":[],"class_list":["post-447","post","type-post","status-publish","format-standard","hentry","category-securite-du-travail-en-ile-de-france-et-divers","entry"],"yoast_head":"<!-- This site is optimized with the Yoast SEO plugin v27.5 - https:\/\/yoast.com\/product\/yoast-seo-wordpress\/ -->\n<title>Accident du travail : le groupe Etchart devant le tribunal de Bayonne apr\u00e8s l\u2019amputation d\u2019un apprenti - ACCIDENTDUTRAVAIL-IDF<\/title>\n<meta name=\"description\" content=\"Accident du travail : le groupe Etchart devant le tribunal de Bayonne apr\u00e8s l\u2019amputation d\u2019un apprenti article de ACCIDENTDUTRAVAIL-IDF\" \/>\n<meta name=\"robots\" content=\"index, follow, max-snippet:-1, max-image-preview:large, max-video-preview:-1\" \/>\n<link rel=\"canonical\" href=\"https:\/\/www.accidentdutravail-idf.net\/blog\/accident-du-travail-le-groupe-etchart-devant-le-tribunal-de-bayonne-apres-lamputation-dun-apprenti\/\" \/>\n<meta property=\"og:locale\" content=\"fr_FR\" \/>\n<meta property=\"og:type\" content=\"article\" \/>\n<meta property=\"og:title\" content=\"Accident du travail : le groupe Etchart devant le tribunal de Bayonne apr\u00e8s l\u2019amputation d\u2019un apprenti - ACCIDENTDUTRAVAIL-IDF\" \/>\n<meta property=\"og:description\" content=\"Accident du travail : le groupe Etchart devant le tribunal de Bayonne apr\u00e8s l\u2019amputation d\u2019un apprenti article de ACCIDENTDUTRAVAIL-IDF\" \/>\n<meta property=\"og:url\" content=\"https:\/\/www.accidentdutravail-idf.net\/blog\/accident-du-travail-le-groupe-etchart-devant-le-tribunal-de-bayonne-apres-lamputation-dun-apprenti\/\" \/>\n<meta property=\"og:site_name\" content=\"ACCIDENTDUTRAVAIL-IDF\" \/>\n<meta property=\"article:published_time\" content=\"2024-06-10T17:00:00+00:00\" \/>\n<meta property=\"og:image\" content=\"https:\/\/www.accidentdutravail-idf.net\/blog\/wp-content\/uploads\/2024\/06\/accident-du-travail-le-groupe-etchart-devant-le-tribunal-de-bayonne-apres-lamputation-dun-apprenti.jpg\" \/>\n<meta name=\"author\" content=\"Carlos Poulain\" \/>\n<meta name=\"twitter:card\" content=\"summary_large_image\" \/>\n<meta name=\"twitter:label1\" content=\"\u00c9crit par\" \/>\n\t<meta name=\"twitter:data1\" content=\"Carlos Poulain\" \/>\n\t<meta name=\"twitter:label2\" content=\"Dur\u00e9e de lecture estim\u00e9e\" \/>\n\t<meta name=\"twitter:data2\" content=\"4 minutes\" \/>\n<script type=\"application\/ld+json\" class=\"yoast-schema-graph\">{\"@context\":\"https:\\\/\\\/schema.org\",\"@graph\":[{\"@type\":\"Article\",\"@id\":\"https:\\\/\\\/www.accidentdutravail-idf.net\\\/blog\\\/accident-du-travail-le-groupe-etchart-devant-le-tribunal-de-bayonne-apres-lamputation-dun-apprenti\\\/#article\",\"isPartOf\":{\"@id\":\"https:\\\/\\\/www.accidentdutravail-idf.net\\\/blog\\\/accident-du-travail-le-groupe-etchart-devant-le-tribunal-de-bayonne-apres-lamputation-dun-apprenti\\\/\"},\"author\":{\"name\":\"Carlos Poulain\",\"@id\":\"https:\\\/\\\/www.accidentdutravail-idf.net\\\/blog\\\/#\\\/schema\\\/person\\\/3255d2f970de45e64bd9201f38e7b947\"},\"headline\":\"Accident du travail : le groupe Etchart devant le tribunal de Bayonne apr\u00e8s l\u2019amputation d\u2019un apprenti\",\"datePublished\":\"2024-06-10T17:00:00+00:00\",\"mainEntityOfPage\":{\"@id\":\"https:\\\/\\\/www.accidentdutravail-idf.net\\\/blog\\\/accident-du-travail-le-groupe-etchart-devant-le-tribunal-de-bayonne-apres-lamputation-dun-apprenti\\\/\"},\"wordCount\":820,\"publisher\":{\"@id\":\"https:\\\/\\\/www.accidentdutravail-idf.net\\\/blog\\\/#organization\"},\"image\":{\"@id\":\"https:\\\/\\\/www.accidentdutravail-idf.net\\\/blog\\\/accident-du-travail-le-groupe-etchart-devant-le-tribunal-de-bayonne-apres-lamputation-dun-apprenti\\\/#primaryimage\"},\"thumbnailUrl\":\"https:\\\/\\\/www.accidentdutravail-idf.net\\\/blog\\\/wp-content\\\/uploads\\\/2024\\\/06\\\/accident-du-travail-le-groupe-etchart-devant-le-tribunal-de-bayonne-apres-lamputation-dun-apprenti.jpg\",\"articleSection\":[\"S\u00e9curit\u00e9 Du Travail En Ile-De-France Et Divers:\"],\"inLanguage\":\"fr-FR\"},{\"@type\":\"WebPage\",\"@id\":\"https:\\\/\\\/www.accidentdutravail-idf.net\\\/blog\\\/accident-du-travail-le-groupe-etchart-devant-le-tribunal-de-bayonne-apres-lamputation-dun-apprenti\\\/\",\"url\":\"https:\\\/\\\/www.accidentdutravail-idf.net\\\/blog\\\/accident-du-travail-le-groupe-etchart-devant-le-tribunal-de-bayonne-apres-lamputation-dun-apprenti\\\/\",\"name\":\"Accident du travail : le groupe Etchart devant le tribunal de Bayonne apr\u00e8s l\u2019amputation d\u2019un apprenti - ACCIDENTDUTRAVAIL-IDF\",\"isPartOf\":{\"@id\":\"https:\\\/\\\/www.accidentdutravail-idf.net\\\/blog\\\/#website\"},\"primaryImageOfPage\":{\"@id\":\"https:\\\/\\\/www.accidentdutravail-idf.net\\\/blog\\\/accident-du-travail-le-groupe-etchart-devant-le-tribunal-de-bayonne-apres-lamputation-dun-apprenti\\\/#primaryimage\"},\"image\":{\"@id\":\"https:\\\/\\\/www.accidentdutravail-idf.net\\\/blog\\\/accident-du-travail-le-groupe-etchart-devant-le-tribunal-de-bayonne-apres-lamputation-dun-apprenti\\\/#primaryimage\"},\"thumbnailUrl\":\"https:\\\/\\\/www.accidentdutravail-idf.net\\\/blog\\\/wp-content\\\/uploads\\\/2024\\\/06\\\/accident-du-travail-le-groupe-etchart-devant-le-tribunal-de-bayonne-apres-lamputation-dun-apprenti.jpg\",\"datePublished\":\"2024-06-10T17:00:00+00:00\",\"description\":\"Accident du travail : le groupe Etchart devant le tribunal de Bayonne apr\u00e8s l\u2019amputation d\u2019un apprenti article de ACCIDENTDUTRAVAIL-IDF\",\"breadcrumb\":{\"@id\":\"https:\\\/\\\/www.accidentdutravail-idf.net\\\/blog\\\/accident-du-travail-le-groupe-etchart-devant-le-tribunal-de-bayonne-apres-lamputation-dun-apprenti\\\/#breadcrumb\"},\"inLanguage\":\"fr-FR\",\"potentialAction\":[{\"@type\":\"ReadAction\",\"target\":[\"https:\\\/\\\/www.accidentdutravail-idf.net\\\/blog\\\/accident-du-travail-le-groupe-etchart-devant-le-tribunal-de-bayonne-apres-lamputation-dun-apprenti\\\/\"]}]},{\"@type\":\"ImageObject\",\"inLanguage\":\"fr-FR\",\"@id\":\"https:\\\/\\\/www.accidentdutravail-idf.net\\\/blog\\\/accident-du-travail-le-groupe-etchart-devant-le-tribunal-de-bayonne-apres-lamputation-dun-apprenti\\\/#primaryimage\",\"url\":\"https:\\\/\\\/www.accidentdutravail-idf.net\\\/blog\\\/wp-content\\\/uploads\\\/2024\\\/06\\\/accident-du-travail-le-groupe-etchart-devant-le-tribunal-de-bayonne-apres-lamputation-dun-apprenti.jpg\",\"contentUrl\":\"https:\\\/\\\/www.accidentdutravail-idf.net\\\/blog\\\/wp-content\\\/uploads\\\/2024\\\/06\\\/accident-du-travail-le-groupe-etchart-devant-le-tribunal-de-bayonne-apres-lamputation-dun-apprenti.jpg\"},{\"@type\":\"BreadcrumbList\",\"@id\":\"https:\\\/\\\/www.accidentdutravail-idf.net\\\/blog\\\/accident-du-travail-le-groupe-etchart-devant-le-tribunal-de-bayonne-apres-lamputation-dun-apprenti\\\/#breadcrumb\",\"itemListElement\":[{\"@type\":\"ListItem\",\"position\":1,\"name\":\"Accueil\",\"item\":\"https:\\\/\\\/www.accidentdutravail-idf.net\\\/blog\\\/\"},{\"@type\":\"ListItem\",\"position\":2,\"name\":\"Accident du travail : le groupe Etchart devant le tribunal de Bayonne apr\u00e8s l\u2019amputation d\u2019un apprenti\"}]},{\"@type\":\"WebSite\",\"@id\":\"https:\\\/\\\/www.accidentdutravail-idf.net\\\/blog\\\/#website\",\"url\":\"https:\\\/\\\/www.accidentdutravail-idf.net\\\/blog\\\/\",\"name\":\"ACCIDENTDUTRAVAIL-IDF\",\"description\":\"Portail accidents du travail-maladies professionnelles des entreprises d&#039;Ile-de-France\",\"publisher\":{\"@id\":\"https:\\\/\\\/www.accidentdutravail-idf.net\\\/blog\\\/#organization\"},\"potentialAction\":[{\"@type\":\"SearchAction\",\"target\":{\"@type\":\"EntryPoint\",\"urlTemplate\":\"https:\\\/\\\/www.accidentdutravail-idf.net\\\/blog\\\/?s={search_term_string}\"},\"query-input\":{\"@type\":\"PropertyValueSpecification\",\"valueRequired\":true,\"valueName\":\"search_term_string\"}}],\"inLanguage\":\"fr-FR\"},{\"@type\":\"Organization\",\"@id\":\"https:\\\/\\\/www.accidentdutravail-idf.net\\\/blog\\\/#organization\",\"name\":\"accidentdutravail-idf\",\"url\":\"https:\\\/\\\/www.accidentdutravail-idf.net\\\/blog\\\/\",\"logo\":{\"@type\":\"ImageObject\",\"inLanguage\":\"fr-FR\",\"@id\":\"https:\\\/\\\/www.accidentdutravail-idf.net\\\/blog\\\/#\\\/schema\\\/logo\\\/image\\\/\",\"url\":\"https:\\\/\\\/www.accidentdutravail-idf.net\\\/blog\\\/wp-content\\\/uploads\\\/2022\\\/09\\\/logo-2.png\",\"contentUrl\":\"https:\\\/\\\/www.accidentdutravail-idf.net\\\/blog\\\/wp-content\\\/uploads\\\/2022\\\/09\\\/logo-2.png\",\"width\":380,\"height\":291,\"caption\":\"accidentdutravail-idf\"},\"image\":{\"@id\":\"https:\\\/\\\/www.accidentdutravail-idf.net\\\/blog\\\/#\\\/schema\\\/logo\\\/image\\\/\"}},{\"@type\":\"Person\",\"@id\":\"https:\\\/\\\/www.accidentdutravail-idf.net\\\/blog\\\/#\\\/schema\\\/person\\\/3255d2f970de45e64bd9201f38e7b947\",\"name\":\"Carlos Poulain\",\"image\":{\"@type\":\"ImageObject\",\"inLanguage\":\"fr-FR\",\"@id\":\"https:\\\/\\\/secure.gravatar.com\\\/avatar\\\/b1c2f9d3588e34e91adb093635df64ef4b2381991216be7576466cfcdca4baf3?s=96&d=mm&r=g\",\"url\":\"https:\\\/\\\/secure.gravatar.com\\\/avatar\\\/b1c2f9d3588e34e91adb093635df64ef4b2381991216be7576466cfcdca4baf3?s=96&d=mm&r=g\",\"contentUrl\":\"https:\\\/\\\/secure.gravatar.com\\\/avatar\\\/b1c2f9d3588e34e91adb093635df64ef4b2381991216be7576466cfcdca4baf3?s=96&d=mm&r=g\",\"caption\":\"Carlos Poulain\"},\"url\":\"https:\\\/\\\/www.accidentdutravail-idf.net\\\/blog\\\/author\\\/idfcarlos\\\/\"}]}<\/script>\n<!-- \/ Yoast SEO plugin. -->","yoast_head_json":{"title":"Accident du travail : le groupe Etchart devant le tribunal de Bayonne apr\u00e8s l\u2019amputation d\u2019un apprenti - ACCIDENTDUTRAVAIL-IDF","description":"Accident du travail : le groupe Etchart devant le tribunal de Bayonne apr\u00e8s l\u2019amputation d\u2019un apprenti article de ACCIDENTDUTRAVAIL-IDF","robots":{"index":"index","follow":"follow","max-snippet":"max-snippet:-1","max-image-preview":"max-image-preview:large","max-video-preview":"max-video-preview:-1"},"canonical":"https:\/\/www.accidentdutravail-idf.net\/blog\/accident-du-travail-le-groupe-etchart-devant-le-tribunal-de-bayonne-apres-lamputation-dun-apprenti\/","og_locale":"fr_FR","og_type":"article","og_title":"Accident du travail : le groupe Etchart devant le tribunal de Bayonne apr\u00e8s l\u2019amputation d\u2019un apprenti - ACCIDENTDUTRAVAIL-IDF","og_description":"Accident du travail : le groupe Etchart devant le tribunal de Bayonne apr\u00e8s l\u2019amputation d\u2019un apprenti article de ACCIDENTDUTRAVAIL-IDF","og_url":"https:\/\/www.accidentdutravail-idf.net\/blog\/accident-du-travail-le-groupe-etchart-devant-le-tribunal-de-bayonne-apres-lamputation-dun-apprenti\/","og_site_name":"ACCIDENTDUTRAVAIL-IDF","article_published_time":"2024-06-10T17:00:00+00:00","og_image":[{"url":"https:\/\/www.accidentdutravail-idf.net\/blog\/wp-content\/uploads\/2024\/06\/accident-du-travail-le-groupe-etchart-devant-le-tribunal-de-bayonne-apres-lamputation-dun-apprenti.jpg","type":"","width":"","height":""}],"author":"Carlos Poulain","twitter_card":"summary_large_image","twitter_misc":{"\u00c9crit par":"Carlos Poulain","Dur\u00e9e de lecture estim\u00e9e":"4 minutes"},"schema":{"@context":"https:\/\/schema.org","@graph":[{"@type":"Article","@id":"https:\/\/www.accidentdutravail-idf.net\/blog\/accident-du-travail-le-groupe-etchart-devant-le-tribunal-de-bayonne-apres-lamputation-dun-apprenti\/#article","isPartOf":{"@id":"https:\/\/www.accidentdutravail-idf.net\/blog\/accident-du-travail-le-groupe-etchart-devant-le-tribunal-de-bayonne-apres-lamputation-dun-apprenti\/"},"author":{"name":"Carlos Poulain","@id":"https:\/\/www.accidentdutravail-idf.net\/blog\/#\/schema\/person\/3255d2f970de45e64bd9201f38e7b947"},"headline":"Accident du travail : le groupe Etchart devant le tribunal de Bayonne apr\u00e8s l\u2019amputation d\u2019un apprenti","datePublished":"2024-06-10T17:00:00+00:00","mainEntityOfPage":{"@id":"https:\/\/www.accidentdutravail-idf.net\/blog\/accident-du-travail-le-groupe-etchart-devant-le-tribunal-de-bayonne-apres-lamputation-dun-apprenti\/"},"wordCount":820,"publisher":{"@id":"https:\/\/www.accidentdutravail-idf.net\/blog\/#organization"},"image":{"@id":"https:\/\/www.accidentdutravail-idf.net\/blog\/accident-du-travail-le-groupe-etchart-devant-le-tribunal-de-bayonne-apres-lamputation-dun-apprenti\/#primaryimage"},"thumbnailUrl":"https:\/\/www.accidentdutravail-idf.net\/blog\/wp-content\/uploads\/2024\/06\/accident-du-travail-le-groupe-etchart-devant-le-tribunal-de-bayonne-apres-lamputation-dun-apprenti.jpg","articleSection":["S\u00e9curit\u00e9 Du Travail En Ile-De-France Et Divers:"],"inLanguage":"fr-FR"},{"@type":"WebPage","@id":"https:\/\/www.accidentdutravail-idf.net\/blog\/accident-du-travail-le-groupe-etchart-devant-le-tribunal-de-bayonne-apres-lamputation-dun-apprenti\/","url":"https:\/\/www.accidentdutravail-idf.net\/blog\/accident-du-travail-le-groupe-etchart-devant-le-tribunal-de-bayonne-apres-lamputation-dun-apprenti\/","name":"Accident du travail : le groupe Etchart devant le tribunal de Bayonne apr\u00e8s l\u2019amputation d\u2019un apprenti - ACCIDENTDUTRAVAIL-IDF","isPartOf":{"@id":"https:\/\/www.accidentdutravail-idf.net\/blog\/#website"},"primaryImageOfPage":{"@id":"https:\/\/www.accidentdutravail-idf.net\/blog\/accident-du-travail-le-groupe-etchart-devant-le-tribunal-de-bayonne-apres-lamputation-dun-apprenti\/#primaryimage"},"image":{"@id":"https:\/\/www.accidentdutravail-idf.net\/blog\/accident-du-travail-le-groupe-etchart-devant-le-tribunal-de-bayonne-apres-lamputation-dun-apprenti\/#primaryimage"},"thumbnailUrl":"https:\/\/www.accidentdutravail-idf.net\/blog\/wp-content\/uploads\/2024\/06\/accident-du-travail-le-groupe-etchart-devant-le-tribunal-de-bayonne-apres-lamputation-dun-apprenti.jpg","datePublished":"2024-06-10T17:00:00+00:00","description":"Accident du travail : le groupe Etchart devant le tribunal de Bayonne apr\u00e8s l\u2019amputation d\u2019un apprenti article de ACCIDENTDUTRAVAIL-IDF","breadcrumb":{"@id":"https:\/\/www.accidentdutravail-idf.net\/blog\/accident-du-travail-le-groupe-etchart-devant-le-tribunal-de-bayonne-apres-lamputation-dun-apprenti\/#breadcrumb"},"inLanguage":"fr-FR","potentialAction":[{"@type":"ReadAction","target":["https:\/\/www.accidentdutravail-idf.net\/blog\/accident-du-travail-le-groupe-etchart-devant-le-tribunal-de-bayonne-apres-lamputation-dun-apprenti\/"]}]},{"@type":"ImageObject","inLanguage":"fr-FR","@id":"https:\/\/www.accidentdutravail-idf.net\/blog\/accident-du-travail-le-groupe-etchart-devant-le-tribunal-de-bayonne-apres-lamputation-dun-apprenti\/#primaryimage","url":"https:\/\/www.accidentdutravail-idf.net\/blog\/wp-content\/uploads\/2024\/06\/accident-du-travail-le-groupe-etchart-devant-le-tribunal-de-bayonne-apres-lamputation-dun-apprenti.jpg","contentUrl":"https:\/\/www.accidentdutravail-idf.net\/blog\/wp-content\/uploads\/2024\/06\/accident-du-travail-le-groupe-etchart-devant-le-tribunal-de-bayonne-apres-lamputation-dun-apprenti.jpg"},{"@type":"BreadcrumbList","@id":"https:\/\/www.accidentdutravail-idf.net\/blog\/accident-du-travail-le-groupe-etchart-devant-le-tribunal-de-bayonne-apres-lamputation-dun-apprenti\/#breadcrumb","itemListElement":[{"@type":"ListItem","position":1,"name":"Accueil","item":"https:\/\/www.accidentdutravail-idf.net\/blog\/"},{"@type":"ListItem","position":2,"name":"Accident du travail : le groupe Etchart devant le tribunal de Bayonne apr\u00e8s l\u2019amputation d\u2019un apprenti"}]},{"@type":"WebSite","@id":"https:\/\/www.accidentdutravail-idf.net\/blog\/#website","url":"https:\/\/www.accidentdutravail-idf.net\/blog\/","name":"ACCIDENTDUTRAVAIL-IDF","description":"Portail accidents du travail-maladies professionnelles des entreprises d&#039;Ile-de-France","publisher":{"@id":"https:\/\/www.accidentdutravail-idf.net\/blog\/#organization"},"potentialAction":[{"@type":"SearchAction","target":{"@type":"EntryPoint","urlTemplate":"https:\/\/www.accidentdutravail-idf.net\/blog\/?s={search_term_string}"},"query-input":{"@type":"PropertyValueSpecification","valueRequired":true,"valueName":"search_term_string"}}],"inLanguage":"fr-FR"},{"@type":"Organization","@id":"https:\/\/www.accidentdutravail-idf.net\/blog\/#organization","name":"accidentdutravail-idf","url":"https:\/\/www.accidentdutravail-idf.net\/blog\/","logo":{"@type":"ImageObject","inLanguage":"fr-FR","@id":"https:\/\/www.accidentdutravail-idf.net\/blog\/#\/schema\/logo\/image\/","url":"https:\/\/www.accidentdutravail-idf.net\/blog\/wp-content\/uploads\/2022\/09\/logo-2.png","contentUrl":"https:\/\/www.accidentdutravail-idf.net\/blog\/wp-content\/uploads\/2022\/09\/logo-2.png","width":380,"height":291,"caption":"accidentdutravail-idf"},"image":{"@id":"https:\/\/www.accidentdutravail-idf.net\/blog\/#\/schema\/logo\/image\/"}},{"@type":"Person","@id":"https:\/\/www.accidentdutravail-idf.net\/blog\/#\/schema\/person\/3255d2f970de45e64bd9201f38e7b947","name":"Carlos Poulain","image":{"@type":"ImageObject","inLanguage":"fr-FR","@id":"https:\/\/secure.gravatar.com\/avatar\/b1c2f9d3588e34e91adb093635df64ef4b2381991216be7576466cfcdca4baf3?s=96&d=mm&r=g","url":"https:\/\/secure.gravatar.com\/avatar\/b1c2f9d3588e34e91adb093635df64ef4b2381991216be7576466cfcdca4baf3?s=96&d=mm&r=g","contentUrl":"https:\/\/secure.gravatar.com\/avatar\/b1c2f9d3588e34e91adb093635df64ef4b2381991216be7576466cfcdca4baf3?s=96&d=mm&r=g","caption":"Carlos Poulain"},"url":"https:\/\/www.accidentdutravail-idf.net\/blog\/author\/idfcarlos\/"}]}},"_links":{"self":[{"href":"https:\/\/www.accidentdutravail-idf.net\/blog\/wp-json\/wp\/v2\/posts\/447","targetHints":{"allow":["GET"]}}],"collection":[{"href":"https:\/\/www.accidentdutravail-idf.net\/blog\/wp-json\/wp\/v2\/posts"}],"about":[{"href":"https:\/\/www.accidentdutravail-idf.net\/blog\/wp-json\/wp\/v2\/types\/post"}],"author":[{"embeddable":true,"href":"https:\/\/www.accidentdutravail-idf.net\/blog\/wp-json\/wp\/v2\/users\/2"}],"replies":[{"embeddable":true,"href":"https:\/\/www.accidentdutravail-idf.net\/blog\/wp-json\/wp\/v2\/comments?post=447"}],"version-history":[{"count":0,"href":"https:\/\/www.accidentdutravail-idf.net\/blog\/wp-json\/wp\/v2\/posts\/447\/revisions"}],"wp:attachment":[{"href":"https:\/\/www.accidentdutravail-idf.net\/blog\/wp-json\/wp\/v2\/media?parent=447"}],"wp:term":[{"taxonomy":"category","embeddable":true,"href":"https:\/\/www.accidentdutravail-idf.net\/blog\/wp-json\/wp\/v2\/categories?post=447"},{"taxonomy":"post_tag","embeddable":true,"href":"https:\/\/www.accidentdutravail-idf.net\/blog\/wp-json\/wp\/v2\/tags?post=447"}],"curies":[{"name":"wp","href":"https:\/\/api.w.org\/{rel}","templated":true}]}}