{"id":445,"date":"2024-06-11T07:00:00","date_gmt":"2024-06-11T05:00:00","guid":{"rendered":"https:\/\/www.accidentdutravail-idf.net\/blog\/la-reconnaissance-dun-accident-du-travail-le-nouveau-dossier-des-editions-tissot\/"},"modified":"2024-06-11T07:00:00","modified_gmt":"2024-06-11T05:00:00","slug":"la-reconnaissance-dun-accident-du-travail-le-nouveau-dossier-des-editions-tissot","status":"publish","type":"post","link":"https:\/\/www.accidentdutravail-idf.net\/blog\/la-reconnaissance-dun-accident-du-travail-le-nouveau-dossier-des-editions-tissot\/","title":{"rendered":"La reconnaissance d&rsquo;un accident du travail : le nouveau dossier des Editions Tissot"},"content":{"rendered":"<div><img decoding=\"async\" src=\"https:\/\/www.accidentdutravail-idf.net\/blog\/wp-content\/uploads\/2024\/06\/la-reconnaissance-dun-accident-du-travail-le-nouveau-dossier-des-editions-tissot.jpg\" class=\"ff-og-image-inserted\"><\/div>\n<div class=\"font-bold max-w-max mb-8 prose prose-lg text-color-default relative z-[3]\">\n<p>Selon le dernier rapport annuel de l\u2019Assurance maladie sur la sinistralit\u00e9, plus d\u2019un demi-million d\u2019accidents du travail ont \u00e9t\u00e9 d\u00e9clar\u00e9s, en France, au cours de l\u2019ann\u00e9e 2022. Cette donn\u00e9e, incontestablement alarmante, r\u00e9v\u00e8le que de nombreuses entreprises demeurent expos\u00e9es \u00e0 leur survenance. Pour aider ces derni\u00e8res \u00e0 mieux appr\u00e9hender la reconnaissance d\u2019un accident du travail, les Editions Tissot vous proposent un nouveau dossier th\u00e9matique. Retrouvez un extrait dans la suite de cet article.<\/p>\n<\/div>\n<h2 data-id=\"accidents-du-travail-limportance-de-maitriser-leur-procedure-de-reconnaissance\" data-title=\"Accidents du travail : l\u2019importance de ma\u00eetriser leur proc\u00e9dure de reconnaissance\" data-level=\"2\" class=\"font-bold text-color-default group text-lg sm:text-xl md:text-2xl lg:text-3xl leading-h4 lg:leading-h2 pt-0 mb-8\">Accidents du travail : l\u2019importance de ma\u00eetriser leur proc\u00e9dure de reconnaissance<\/h2>\n<div class=\"prose max-w-max text-color-3 mb-8 prose-lg\">\n<p dir=\"ltr\">Les accidents du travail ont un impact consid\u00e9rable sur la sant\u00e9 des salari\u00e9s et sur la sant\u00e9 financi\u00e8re des entreprises.<\/p>\n<p dir=\"ltr\">En effet, plus il y a d\u2019accidents, plus l\u2019entreprise, si elle compte au moins 20 salari\u00e9s, paie des cotisations \u00e9lev\u00e9es \u00e0 l\u2019URSSAF. <\/p>\n<p dir=\"ltr\">S\u2019il est crucial de mettre en place des politiques de s\u00e9curit\u00e9 efficaces et de fournir une formation ad\u00e9quate aux salari\u00e9s, il est \u00e9galement essentiel de ma\u00eetriser la proc\u00e9dure de reconnaissance des accidents de travail afin de collaborer activement avec la caisse primaire d\u2019assurance maladie (CPAM) et d\u2019\u00e9viter les reconnaissances d\u2019accident de travail non l\u00e9gitimes.<\/p>\n<\/div>\n<h2 data-id=\"reconnaissance-dun-accident-du-travail-extrait-relatif-aux-obligations-de-lemployeur-en-cas-daccident-du-travail-mortel\" data-title=\"Reconnaissance d'un accident du travail : extrait relatif aux obligations de l\u2019employeur en cas d\u2019accident du travail mortel\" data-level=\"2\" class=\"font-bold text-color-default group text-lg sm:text-xl md:text-2xl lg:text-3xl leading-h4 lg:leading-h2 pt-0 mb-8\">Reconnaissance d&rsquo;un accident du travail : extrait relatif aux obligations de l\u2019employeur en cas d\u2019accident du travail mortel<\/h2>\n<div class=\"prose max-w-max text-color-3 mb-8 prose-lg\">\n<p dir=\"ltr\">Lorsqu&rsquo;un salari\u00e9 est victime d&rsquo;un accident du travail ayant entra\u00een\u00e9 son d\u00e9c\u00e8s, l&#8217;employeur doit informer l&rsquo;agent de contr\u00f4le de l&rsquo;inspection du travail imm\u00e9diatement et au plus tard dans les 12 heures qui suivent le d\u00e9c\u00e8s.<\/p>\n<p dir=\"ltr\">Le point de d\u00e9part de ce d\u00e9lai peut \u00eatre d\u00e9cal\u00e9 et ne commencer \u00e0 courir qu\u2019\u00e0 compter du moment o\u00f9 l&#8217;employeur a eu connaissance du d\u00e9c\u00e8s du travailleur.<\/p>\n<p dir=\"ltr\">Cette information est communiqu\u00e9e par tout moyen permettant de conf\u00e9rer date certaine \u00e0 cet envoi, et doit comporter les \u00e9l\u00e9ments suivants :<\/p>\n<ul>\n<li>\n<p dir=\"ltr\">le nom ou la raison sociale ainsi que les adresses postale et \u00e9lectronique, les coordonn\u00e9es t\u00e9l\u00e9phoniques de l&rsquo;entreprise ou de l&rsquo;\u00e9tablissement qui emploie le travailleur au moment de l&rsquo;accident ;<\/p>\n<\/li>\n<li>\n<p dir=\"ltr\">le cas \u00e9ch\u00e9ant, le nom ou la raison sociale ainsi que les adresses postale et \u00e9lectronique, les coordonn\u00e9es t\u00e9l\u00e9phoniques de l&rsquo;entreprise ou de l&rsquo;\u00e9tablissement dans lequel l&rsquo;accident s&rsquo;est produit si celui-ci est diff\u00e9rent de l&rsquo;entreprise ou \u00e9tablissement employeur ;<\/p>\n<\/li>\n<li>\n<p dir=\"ltr\">les nom, pr\u00e9nom, date de naissance de la victime ;<\/p>\n<\/li>\n<li>\n<p dir=\"ltr\">les date, heure, lieu et circonstances de l&rsquo;accident ;<\/p>\n<\/li>\n<li>\n<p dir=\"ltr\">l&rsquo;identit\u00e9 et les coordonn\u00e9es des t\u00e9moins, le cas \u00e9ch\u00e9ant.<\/p>\n<\/li>\n<\/ul>\n<p dir=\"ltr\"> Cette obligation d\u2019information est assortie d\u2019une amende pr\u00e9vue pour les contraventions de 5\u00e8me classe. <\/p>\n<\/div>\n<div class=\"relative z-[3] flex flex-col items-start px-2 pb-9 lg:px-9\">\n<div class=\"before:bg-mea-advice before:absolute before:h-full before:left-0 before:top-0 before:w-[3px] relative shadow-custom-lg flex flex-row items-start overflow-hidden rounded-2xl bg-white\">\n<div class=\"flex w-full flex-col items-start p-6 lg:px-10 lg:py-6\">\n<h2 class=\"mb-2.5 flex flex-row items-center text-lg font-bold text-mea-advice\">Conseil<\/h2>\n<div class=\"mea-content prose max-w-max text-lg text-color-3\">\n<p>Eu \u00e9gard \u00e0 ce court d\u00e9lai, il convient de privil\u00e9gier l\u2019envoi d\u2019un courriel \u00e0 l\u2019inspection du travail en joignant une copie de la d\u00e9claration d\u2019accident du travail puisqu\u2019elle regroupe quasiment toutes les informations demand\u00e9es.<\/p>\n<\/div>\n<\/div>\n<\/div>\n<\/div>\n<p>accidentdutravail-idf.net vous a pr\u00e9par\u00e9 ce post qui informe du sujet \u00ab\u00a0Association Sportive Huisson-Longueville Essonne\u00a0\u00bb. La chronique se veut g\u00e9n\u00e9r\u00e9e du mieux possible. Vous pouvez utiliser les coordonn\u00e9es indiqu\u00e9es sur le site dans le but d\u2019apporter des explications sur ce post qui parle du th\u00e8me \u00ab\u00a0Association Sportive Huisson-Longueville Essonne\u00a0\u00bb. Le site accidentdutravail-idf.net a pour but de fournir diverses publications sur la th\u00e9matique Association Sportive Huisson-Longueville Essonne diffus\u00e9es sur le net. Il y aura plusieurs articles autour du sujet \u00ab\u00a0Association Sportive Huisson-Longueville Essonne\u00a0\u00bb dans quelques jours, nous vous invitons \u00e0 naviguer sur notre site web \u00e0 plusieurs reprises.<\/p>\n","protected":false},"excerpt":{"rendered":"<p>Selon le dernier rapport annuel de l\u2019Assurance maladie sur la sinistralit\u00e9, plus d\u2019un demi-million d\u2019accidents du travail ont \u00e9t\u00e9 d\u00e9clar\u00e9s, en France, au cours de l\u2019ann\u00e9e 2022. Cette donn\u00e9e, incontestablement alarmante, r\u00e9v\u00e8le que de nombreuses entreprises demeurent expos\u00e9es \u00e0 leur survenance. Pour aider ces derni\u00e8res \u00e0 mieux appr\u00e9hender la reconnaissance d\u2019un accident du travail, les &hellip; <\/p>\n<p class=\"link-more\"><a href=\"https:\/\/www.accidentdutravail-idf.net\/blog\/la-reconnaissance-dun-accident-du-travail-le-nouveau-dossier-des-editions-tissot\/\" class=\"more-link\">Continuer la lecture <span class=\"screen-reader-text\"> \u00ab\u00a0La reconnaissance d&rsquo;un accident du travail : le nouveau dossier des Editions Tissot\u00a0\u00bb<\/span><\/a><\/p>\n","protected":false},"author":2,"featured_media":0,"comment_status":"closed","ping_status":"closed","sticky":false,"template":"","format":"standard","meta":{"footnotes":""},"categories":[5],"tags":[],"class_list":["post-445","post","type-post","status-publish","format-standard","hentry","category-securite-du-travail-en-ile-de-france-et-divers","entry"],"yoast_head":"<!-- This site is optimized with the Yoast SEO plugin v27.5 - https:\/\/yoast.com\/product\/yoast-seo-wordpress\/ -->\n<title>La reconnaissance d&#039;un accident du travail : le nouveau dossier des Editions Tissot - ACCIDENTDUTRAVAIL-IDF<\/title>\n<meta name=\"description\" content=\"La reconnaissance d&#039;un accident du travail : le nouveau dossier des Editions Tissot article de ACCIDENTDUTRAVAIL-IDF\" \/>\n<meta name=\"robots\" content=\"index, follow, max-snippet:-1, max-image-preview:large, max-video-preview:-1\" \/>\n<link rel=\"canonical\" href=\"https:\/\/www.accidentdutravail-idf.net\/blog\/la-reconnaissance-dun-accident-du-travail-le-nouveau-dossier-des-editions-tissot\/\" \/>\n<meta property=\"og:locale\" content=\"fr_FR\" \/>\n<meta property=\"og:type\" content=\"article\" \/>\n<meta property=\"og:title\" content=\"La reconnaissance d&#039;un accident du travail : le nouveau dossier des Editions Tissot - ACCIDENTDUTRAVAIL-IDF\" \/>\n<meta property=\"og:description\" content=\"La reconnaissance d&#039;un accident du travail : le nouveau dossier des Editions Tissot article de ACCIDENTDUTRAVAIL-IDF\" \/>\n<meta property=\"og:url\" content=\"https:\/\/www.accidentdutravail-idf.net\/blog\/la-reconnaissance-dun-accident-du-travail-le-nouveau-dossier-des-editions-tissot\/\" \/>\n<meta property=\"og:site_name\" content=\"ACCIDENTDUTRAVAIL-IDF\" \/>\n<meta property=\"article:published_time\" content=\"2024-06-11T05:00:00+00:00\" \/>\n<meta property=\"og:image\" content=\"https:\/\/www.accidentdutravail-idf.net\/blog\/wp-content\/uploads\/2024\/06\/la-reconnaissance-dun-accident-du-travail-le-nouveau-dossier-des-editions-tissot.jpg\" \/>\n<meta name=\"author\" content=\"Carlos Poulain\" \/>\n<meta name=\"twitter:card\" content=\"summary_large_image\" \/>\n<meta name=\"twitter:label1\" content=\"\u00c9crit par\" \/>\n\t<meta name=\"twitter:data1\" content=\"Carlos Poulain\" \/>\n\t<meta name=\"twitter:label2\" content=\"Dur\u00e9e de lecture estim\u00e9e\" \/>\n\t<meta name=\"twitter:data2\" content=\"3 minutes\" \/>\n<script type=\"application\/ld+json\" class=\"yoast-schema-graph\">{\"@context\":\"https:\\\/\\\/schema.org\",\"@graph\":[{\"@type\":\"Article\",\"@id\":\"https:\\\/\\\/www.accidentdutravail-idf.net\\\/blog\\\/la-reconnaissance-dun-accident-du-travail-le-nouveau-dossier-des-editions-tissot\\\/#article\",\"isPartOf\":{\"@id\":\"https:\\\/\\\/www.accidentdutravail-idf.net\\\/blog\\\/la-reconnaissance-dun-accident-du-travail-le-nouveau-dossier-des-editions-tissot\\\/\"},\"author\":{\"name\":\"Carlos Poulain\",\"@id\":\"https:\\\/\\\/www.accidentdutravail-idf.net\\\/blog\\\/#\\\/schema\\\/person\\\/3255d2f970de45e64bd9201f38e7b947\"},\"headline\":\"La reconnaissance d&rsquo;un accident du travail : le nouveau dossier des Editions Tissot\",\"datePublished\":\"2024-06-11T05:00:00+00:00\",\"mainEntityOfPage\":{\"@id\":\"https:\\\/\\\/www.accidentdutravail-idf.net\\\/blog\\\/la-reconnaissance-dun-accident-du-travail-le-nouveau-dossier-des-editions-tissot\\\/\"},\"wordCount\":608,\"publisher\":{\"@id\":\"https:\\\/\\\/www.accidentdutravail-idf.net\\\/blog\\\/#organization\"},\"image\":{\"@id\":\"https:\\\/\\\/www.accidentdutravail-idf.net\\\/blog\\\/la-reconnaissance-dun-accident-du-travail-le-nouveau-dossier-des-editions-tissot\\\/#primaryimage\"},\"thumbnailUrl\":\"https:\\\/\\\/www.accidentdutravail-idf.net\\\/blog\\\/wp-content\\\/uploads\\\/2024\\\/06\\\/la-reconnaissance-dun-accident-du-travail-le-nouveau-dossier-des-editions-tissot.jpg\",\"articleSection\":[\"S\u00e9curit\u00e9 Du Travail En Ile-De-France Et Divers:\"],\"inLanguage\":\"fr-FR\"},{\"@type\":\"WebPage\",\"@id\":\"https:\\\/\\\/www.accidentdutravail-idf.net\\\/blog\\\/la-reconnaissance-dun-accident-du-travail-le-nouveau-dossier-des-editions-tissot\\\/\",\"url\":\"https:\\\/\\\/www.accidentdutravail-idf.net\\\/blog\\\/la-reconnaissance-dun-accident-du-travail-le-nouveau-dossier-des-editions-tissot\\\/\",\"name\":\"La reconnaissance d'un accident du travail : le nouveau dossier des Editions Tissot - ACCIDENTDUTRAVAIL-IDF\",\"isPartOf\":{\"@id\":\"https:\\\/\\\/www.accidentdutravail-idf.net\\\/blog\\\/#website\"},\"primaryImageOfPage\":{\"@id\":\"https:\\\/\\\/www.accidentdutravail-idf.net\\\/blog\\\/la-reconnaissance-dun-accident-du-travail-le-nouveau-dossier-des-editions-tissot\\\/#primaryimage\"},\"image\":{\"@id\":\"https:\\\/\\\/www.accidentdutravail-idf.net\\\/blog\\\/la-reconnaissance-dun-accident-du-travail-le-nouveau-dossier-des-editions-tissot\\\/#primaryimage\"},\"thumbnailUrl\":\"https:\\\/\\\/www.accidentdutravail-idf.net\\\/blog\\\/wp-content\\\/uploads\\\/2024\\\/06\\\/la-reconnaissance-dun-accident-du-travail-le-nouveau-dossier-des-editions-tissot.jpg\",\"datePublished\":\"2024-06-11T05:00:00+00:00\",\"description\":\"La reconnaissance d'un accident du travail : le nouveau dossier des Editions Tissot article de ACCIDENTDUTRAVAIL-IDF\",\"breadcrumb\":{\"@id\":\"https:\\\/\\\/www.accidentdutravail-idf.net\\\/blog\\\/la-reconnaissance-dun-accident-du-travail-le-nouveau-dossier-des-editions-tissot\\\/#breadcrumb\"},\"inLanguage\":\"fr-FR\",\"potentialAction\":[{\"@type\":\"ReadAction\",\"target\":[\"https:\\\/\\\/www.accidentdutravail-idf.net\\\/blog\\\/la-reconnaissance-dun-accident-du-travail-le-nouveau-dossier-des-editions-tissot\\\/\"]}]},{\"@type\":\"ImageObject\",\"inLanguage\":\"fr-FR\",\"@id\":\"https:\\\/\\\/www.accidentdutravail-idf.net\\\/blog\\\/la-reconnaissance-dun-accident-du-travail-le-nouveau-dossier-des-editions-tissot\\\/#primaryimage\",\"url\":\"https:\\\/\\\/www.accidentdutravail-idf.net\\\/blog\\\/wp-content\\\/uploads\\\/2024\\\/06\\\/la-reconnaissance-dun-accident-du-travail-le-nouveau-dossier-des-editions-tissot.jpg\",\"contentUrl\":\"https:\\\/\\\/www.accidentdutravail-idf.net\\\/blog\\\/wp-content\\\/uploads\\\/2024\\\/06\\\/la-reconnaissance-dun-accident-du-travail-le-nouveau-dossier-des-editions-tissot.jpg\"},{\"@type\":\"BreadcrumbList\",\"@id\":\"https:\\\/\\\/www.accidentdutravail-idf.net\\\/blog\\\/la-reconnaissance-dun-accident-du-travail-le-nouveau-dossier-des-editions-tissot\\\/#breadcrumb\",\"itemListElement\":[{\"@type\":\"ListItem\",\"position\":1,\"name\":\"Accueil\",\"item\":\"https:\\\/\\\/www.accidentdutravail-idf.net\\\/blog\\\/\"},{\"@type\":\"ListItem\",\"position\":2,\"name\":\"La reconnaissance d&rsquo;un accident du travail : le nouveau dossier des Editions Tissot\"}]},{\"@type\":\"WebSite\",\"@id\":\"https:\\\/\\\/www.accidentdutravail-idf.net\\\/blog\\\/#website\",\"url\":\"https:\\\/\\\/www.accidentdutravail-idf.net\\\/blog\\\/\",\"name\":\"ACCIDENTDUTRAVAIL-IDF\",\"description\":\"Portail accidents du travail-maladies professionnelles des entreprises d&#039;Ile-de-France\",\"publisher\":{\"@id\":\"https:\\\/\\\/www.accidentdutravail-idf.net\\\/blog\\\/#organization\"},\"potentialAction\":[{\"@type\":\"SearchAction\",\"target\":{\"@type\":\"EntryPoint\",\"urlTemplate\":\"https:\\\/\\\/www.accidentdutravail-idf.net\\\/blog\\\/?s={search_term_string}\"},\"query-input\":{\"@type\":\"PropertyValueSpecification\",\"valueRequired\":true,\"valueName\":\"search_term_string\"}}],\"inLanguage\":\"fr-FR\"},{\"@type\":\"Organization\",\"@id\":\"https:\\\/\\\/www.accidentdutravail-idf.net\\\/blog\\\/#organization\",\"name\":\"accidentdutravail-idf\",\"url\":\"https:\\\/\\\/www.accidentdutravail-idf.net\\\/blog\\\/\",\"logo\":{\"@type\":\"ImageObject\",\"inLanguage\":\"fr-FR\",\"@id\":\"https:\\\/\\\/www.accidentdutravail-idf.net\\\/blog\\\/#\\\/schema\\\/logo\\\/image\\\/\",\"url\":\"https:\\\/\\\/www.accidentdutravail-idf.net\\\/blog\\\/wp-content\\\/uploads\\\/2022\\\/09\\\/logo-2.png\",\"contentUrl\":\"https:\\\/\\\/www.accidentdutravail-idf.net\\\/blog\\\/wp-content\\\/uploads\\\/2022\\\/09\\\/logo-2.png\",\"width\":380,\"height\":291,\"caption\":\"accidentdutravail-idf\"},\"image\":{\"@id\":\"https:\\\/\\\/www.accidentdutravail-idf.net\\\/blog\\\/#\\\/schema\\\/logo\\\/image\\\/\"}},{\"@type\":\"Person\",\"@id\":\"https:\\\/\\\/www.accidentdutravail-idf.net\\\/blog\\\/#\\\/schema\\\/person\\\/3255d2f970de45e64bd9201f38e7b947\",\"name\":\"Carlos Poulain\",\"image\":{\"@type\":\"ImageObject\",\"inLanguage\":\"fr-FR\",\"@id\":\"https:\\\/\\\/secure.gravatar.com\\\/avatar\\\/b1c2f9d3588e34e91adb093635df64ef4b2381991216be7576466cfcdca4baf3?s=96&d=mm&r=g\",\"url\":\"https:\\\/\\\/secure.gravatar.com\\\/avatar\\\/b1c2f9d3588e34e91adb093635df64ef4b2381991216be7576466cfcdca4baf3?s=96&d=mm&r=g\",\"contentUrl\":\"https:\\\/\\\/secure.gravatar.com\\\/avatar\\\/b1c2f9d3588e34e91adb093635df64ef4b2381991216be7576466cfcdca4baf3?s=96&d=mm&r=g\",\"caption\":\"Carlos Poulain\"},\"url\":\"https:\\\/\\\/www.accidentdutravail-idf.net\\\/blog\\\/author\\\/idfcarlos\\\/\"}]}<\/script>\n<!-- \/ Yoast SEO plugin. -->","yoast_head_json":{"title":"La reconnaissance d'un accident du travail : le nouveau dossier des Editions Tissot - ACCIDENTDUTRAVAIL-IDF","description":"La reconnaissance d'un accident du travail : le nouveau dossier des Editions Tissot article de ACCIDENTDUTRAVAIL-IDF","robots":{"index":"index","follow":"follow","max-snippet":"max-snippet:-1","max-image-preview":"max-image-preview:large","max-video-preview":"max-video-preview:-1"},"canonical":"https:\/\/www.accidentdutravail-idf.net\/blog\/la-reconnaissance-dun-accident-du-travail-le-nouveau-dossier-des-editions-tissot\/","og_locale":"fr_FR","og_type":"article","og_title":"La reconnaissance d'un accident du travail : le nouveau dossier des Editions Tissot - ACCIDENTDUTRAVAIL-IDF","og_description":"La reconnaissance d'un accident du travail : le nouveau dossier des Editions Tissot article de ACCIDENTDUTRAVAIL-IDF","og_url":"https:\/\/www.accidentdutravail-idf.net\/blog\/la-reconnaissance-dun-accident-du-travail-le-nouveau-dossier-des-editions-tissot\/","og_site_name":"ACCIDENTDUTRAVAIL-IDF","article_published_time":"2024-06-11T05:00:00+00:00","og_image":[{"url":"https:\/\/www.accidentdutravail-idf.net\/blog\/wp-content\/uploads\/2024\/06\/la-reconnaissance-dun-accident-du-travail-le-nouveau-dossier-des-editions-tissot.jpg","type":"","width":"","height":""}],"author":"Carlos Poulain","twitter_card":"summary_large_image","twitter_misc":{"\u00c9crit par":"Carlos Poulain","Dur\u00e9e de lecture estim\u00e9e":"3 minutes"},"schema":{"@context":"https:\/\/schema.org","@graph":[{"@type":"Article","@id":"https:\/\/www.accidentdutravail-idf.net\/blog\/la-reconnaissance-dun-accident-du-travail-le-nouveau-dossier-des-editions-tissot\/#article","isPartOf":{"@id":"https:\/\/www.accidentdutravail-idf.net\/blog\/la-reconnaissance-dun-accident-du-travail-le-nouveau-dossier-des-editions-tissot\/"},"author":{"name":"Carlos Poulain","@id":"https:\/\/www.accidentdutravail-idf.net\/blog\/#\/schema\/person\/3255d2f970de45e64bd9201f38e7b947"},"headline":"La reconnaissance d&rsquo;un accident du travail : le nouveau dossier des Editions Tissot","datePublished":"2024-06-11T05:00:00+00:00","mainEntityOfPage":{"@id":"https:\/\/www.accidentdutravail-idf.net\/blog\/la-reconnaissance-dun-accident-du-travail-le-nouveau-dossier-des-editions-tissot\/"},"wordCount":608,"publisher":{"@id":"https:\/\/www.accidentdutravail-idf.net\/blog\/#organization"},"image":{"@id":"https:\/\/www.accidentdutravail-idf.net\/blog\/la-reconnaissance-dun-accident-du-travail-le-nouveau-dossier-des-editions-tissot\/#primaryimage"},"thumbnailUrl":"https:\/\/www.accidentdutravail-idf.net\/blog\/wp-content\/uploads\/2024\/06\/la-reconnaissance-dun-accident-du-travail-le-nouveau-dossier-des-editions-tissot.jpg","articleSection":["S\u00e9curit\u00e9 Du Travail En Ile-De-France Et Divers:"],"inLanguage":"fr-FR"},{"@type":"WebPage","@id":"https:\/\/www.accidentdutravail-idf.net\/blog\/la-reconnaissance-dun-accident-du-travail-le-nouveau-dossier-des-editions-tissot\/","url":"https:\/\/www.accidentdutravail-idf.net\/blog\/la-reconnaissance-dun-accident-du-travail-le-nouveau-dossier-des-editions-tissot\/","name":"La reconnaissance d'un accident du travail : le nouveau dossier des Editions Tissot - ACCIDENTDUTRAVAIL-IDF","isPartOf":{"@id":"https:\/\/www.accidentdutravail-idf.net\/blog\/#website"},"primaryImageOfPage":{"@id":"https:\/\/www.accidentdutravail-idf.net\/blog\/la-reconnaissance-dun-accident-du-travail-le-nouveau-dossier-des-editions-tissot\/#primaryimage"},"image":{"@id":"https:\/\/www.accidentdutravail-idf.net\/blog\/la-reconnaissance-dun-accident-du-travail-le-nouveau-dossier-des-editions-tissot\/#primaryimage"},"thumbnailUrl":"https:\/\/www.accidentdutravail-idf.net\/blog\/wp-content\/uploads\/2024\/06\/la-reconnaissance-dun-accident-du-travail-le-nouveau-dossier-des-editions-tissot.jpg","datePublished":"2024-06-11T05:00:00+00:00","description":"La reconnaissance d'un accident du travail : le nouveau dossier des Editions Tissot article de ACCIDENTDUTRAVAIL-IDF","breadcrumb":{"@id":"https:\/\/www.accidentdutravail-idf.net\/blog\/la-reconnaissance-dun-accident-du-travail-le-nouveau-dossier-des-editions-tissot\/#breadcrumb"},"inLanguage":"fr-FR","potentialAction":[{"@type":"ReadAction","target":["https:\/\/www.accidentdutravail-idf.net\/blog\/la-reconnaissance-dun-accident-du-travail-le-nouveau-dossier-des-editions-tissot\/"]}]},{"@type":"ImageObject","inLanguage":"fr-FR","@id":"https:\/\/www.accidentdutravail-idf.net\/blog\/la-reconnaissance-dun-accident-du-travail-le-nouveau-dossier-des-editions-tissot\/#primaryimage","url":"https:\/\/www.accidentdutravail-idf.net\/blog\/wp-content\/uploads\/2024\/06\/la-reconnaissance-dun-accident-du-travail-le-nouveau-dossier-des-editions-tissot.jpg","contentUrl":"https:\/\/www.accidentdutravail-idf.net\/blog\/wp-content\/uploads\/2024\/06\/la-reconnaissance-dun-accident-du-travail-le-nouveau-dossier-des-editions-tissot.jpg"},{"@type":"BreadcrumbList","@id":"https:\/\/www.accidentdutravail-idf.net\/blog\/la-reconnaissance-dun-accident-du-travail-le-nouveau-dossier-des-editions-tissot\/#breadcrumb","itemListElement":[{"@type":"ListItem","position":1,"name":"Accueil","item":"https:\/\/www.accidentdutravail-idf.net\/blog\/"},{"@type":"ListItem","position":2,"name":"La reconnaissance d&rsquo;un accident du travail : le nouveau dossier des Editions Tissot"}]},{"@type":"WebSite","@id":"https:\/\/www.accidentdutravail-idf.net\/blog\/#website","url":"https:\/\/www.accidentdutravail-idf.net\/blog\/","name":"ACCIDENTDUTRAVAIL-IDF","description":"Portail accidents du travail-maladies professionnelles des entreprises d&#039;Ile-de-France","publisher":{"@id":"https:\/\/www.accidentdutravail-idf.net\/blog\/#organization"},"potentialAction":[{"@type":"SearchAction","target":{"@type":"EntryPoint","urlTemplate":"https:\/\/www.accidentdutravail-idf.net\/blog\/?s={search_term_string}"},"query-input":{"@type":"PropertyValueSpecification","valueRequired":true,"valueName":"search_term_string"}}],"inLanguage":"fr-FR"},{"@type":"Organization","@id":"https:\/\/www.accidentdutravail-idf.net\/blog\/#organization","name":"accidentdutravail-idf","url":"https:\/\/www.accidentdutravail-idf.net\/blog\/","logo":{"@type":"ImageObject","inLanguage":"fr-FR","@id":"https:\/\/www.accidentdutravail-idf.net\/blog\/#\/schema\/logo\/image\/","url":"https:\/\/www.accidentdutravail-idf.net\/blog\/wp-content\/uploads\/2022\/09\/logo-2.png","contentUrl":"https:\/\/www.accidentdutravail-idf.net\/blog\/wp-content\/uploads\/2022\/09\/logo-2.png","width":380,"height":291,"caption":"accidentdutravail-idf"},"image":{"@id":"https:\/\/www.accidentdutravail-idf.net\/blog\/#\/schema\/logo\/image\/"}},{"@type":"Person","@id":"https:\/\/www.accidentdutravail-idf.net\/blog\/#\/schema\/person\/3255d2f970de45e64bd9201f38e7b947","name":"Carlos Poulain","image":{"@type":"ImageObject","inLanguage":"fr-FR","@id":"https:\/\/secure.gravatar.com\/avatar\/b1c2f9d3588e34e91adb093635df64ef4b2381991216be7576466cfcdca4baf3?s=96&d=mm&r=g","url":"https:\/\/secure.gravatar.com\/avatar\/b1c2f9d3588e34e91adb093635df64ef4b2381991216be7576466cfcdca4baf3?s=96&d=mm&r=g","contentUrl":"https:\/\/secure.gravatar.com\/avatar\/b1c2f9d3588e34e91adb093635df64ef4b2381991216be7576466cfcdca4baf3?s=96&d=mm&r=g","caption":"Carlos Poulain"},"url":"https:\/\/www.accidentdutravail-idf.net\/blog\/author\/idfcarlos\/"}]}},"_links":{"self":[{"href":"https:\/\/www.accidentdutravail-idf.net\/blog\/wp-json\/wp\/v2\/posts\/445","targetHints":{"allow":["GET"]}}],"collection":[{"href":"https:\/\/www.accidentdutravail-idf.net\/blog\/wp-json\/wp\/v2\/posts"}],"about":[{"href":"https:\/\/www.accidentdutravail-idf.net\/blog\/wp-json\/wp\/v2\/types\/post"}],"author":[{"embeddable":true,"href":"https:\/\/www.accidentdutravail-idf.net\/blog\/wp-json\/wp\/v2\/users\/2"}],"replies":[{"embeddable":true,"href":"https:\/\/www.accidentdutravail-idf.net\/blog\/wp-json\/wp\/v2\/comments?post=445"}],"version-history":[{"count":0,"href":"https:\/\/www.accidentdutravail-idf.net\/blog\/wp-json\/wp\/v2\/posts\/445\/revisions"}],"wp:attachment":[{"href":"https:\/\/www.accidentdutravail-idf.net\/blog\/wp-json\/wp\/v2\/media?parent=445"}],"wp:term":[{"taxonomy":"category","embeddable":true,"href":"https:\/\/www.accidentdutravail-idf.net\/blog\/wp-json\/wp\/v2\/categories?post=445"},{"taxonomy":"post_tag","embeddable":true,"href":"https:\/\/www.accidentdutravail-idf.net\/blog\/wp-json\/wp\/v2\/tags?post=445"}],"curies":[{"name":"wp","href":"https:\/\/api.w.org\/{rel}","templated":true}]}}